{"id":314870,"date":"2022-11-03T07:02:32","date_gmt":"2022-11-03T10:02:32","guid":{"rendered":"https:\/\/www.suno.com.br\/noticias\/?p=314870"},"modified":"2022-11-03T07:02:32","modified_gmt":"2022-11-03T10:02:32","slug":"desabastecimento-risco-gasolina","status":"publish","type":"post","link":"https:\/\/www.suno.com.br\/noticias\/desabastecimento-risco-gasolina\/","title":{"rendered":"Desabastecimento de gasolina \u00e9 &#8216;risco real&#8217;, mas liberar venda direta a postos \u00e9 errado, diz IBP"},"content":{"rendered":"<p>O Instituto Brasileiro de Petr\u00f3leo (IBP), que representa as tr\u00eas maiores distribuidoras de combust\u00edveis do pa\u00eds &#8211; <a class=\"suno-keyword\" href=\"https:\/\/www.suno.com.br\/acoes\/vbbr3\/\" target=\"_blank\" rel=\"noopener\" data-force=\"yes\" data-priority=\"2\">Vibra (VBBR3)<\/a>, <a href=\"https:\/\/www.suno.com.br\/acoes\/raiz4\/\">Ra\u00edzen (RAIZ4)<\/a> e Ipiranga &#8211; disse ter &#8220;grande preocupa\u00e7\u00e3o&#8221; diante do &#8220;risco real de <strong>desabastecimento<\/strong> de combust\u00edveis em alguns polos em todo o pa\u00eds&#8221;.<\/p><div class=\"videoFull \">\n\t\t\t<div class=\"videoWrapper yt-lazyload center\"\n\t\t\t\tdata-width=\"960\"\n\t\t\t\tdata-height=\"540\"\n\t\t\t\tdata-id=\"oJJN9YkfGYo\"\n\t\t\t\tdata-alt=\"V\u00eddeo do YouTube - clique para reproduzir\"\n\t\t\t\tdata-logo=\"3\"\n\t\t\t\tdata-imagequality=\"maxres\">\n\t\t\t<\/div>\n\t\t<\/div><script type=\"application\/ld+json\">{\"@context\":\"https:\/\/schema.org\",\"@type\":\"VideoObject\",\"name\":\"TRANSI\u00c7\u00c3O ENTRE GOVERNOS LULA E BOLSONARO | Bloqueios em rodovias diminuem | Fed eleva juros\",\"description\":\"\ud83d\udcda \ud83d\udcb8\ud83d\ude2e\u2600\ufe0f \ud835\uddd4 \ud835\uddd5\ud835\udddf\ud835\uddd4\ud835\uddd6\ud835\uddde \ud835\uddd9\ud835\udde5\ud835\udddc\ud835\uddd7\ud835\uddd4\ud835\uddec \ud835\uddf1\ud835\uddee \ud835\udde6\ud835\udde8\ud835\udde1\ud835\udde2 \ud835\uddf2\ud835\ude00\ud835\ude01\ud835\uddee\u0301 \ud835\uddf0\ud835\uddf5\ud835\uddf2\ud835\uddf4\ud835\uddee\ud835\uddfb\ud835\uddf1\ud835\uddfc! \ud835\uddd6\ud835\uddee\ud835\uddf1\ud835\uddee\ud835\ude00\ud835\ude01\ud835\uddff\ud835\uddf2-\ud835\ude00\ud835\uddf2 \ud835\uddf2 \ud835\uddff\ud835\uddf2\ud835\uddf0\ud835\uddf2\ud835\uddef\ud835\uddee \ud835\uddfc\ud835\ude00 \ud835\uddfa\ud835\uddee\ud835\uddf6\ud835\uddfc\ud835\uddff\ud835\uddf2\ud835\ude00 \ud835\uddf1\ud835\uddf2\ud835\ude00\ud835\uddf0\ud835\uddfc\ud835\uddfb\ud835\ude01\ud835\uddfc\ud835\ude00 \ud835\uddf2 \ud835\uddef\ud835\uddfc\u0302\ud835\uddfb\ud835\ude02\ud835\ude00 \ud835\uddf2\ud835\ude00\ud835\uddfd\ud835\uddf2\ud835\uddf0\ud835\uddf6\ud835\uddee\ud835\uddf6\ud835\ude00! #ASuaConquista \ud835\udc03\ud835\udc1e\ud835\udc2c\ud835\udc1c\ud835\udc2e\ud835\udc1b\ud835\udc2b\ud835\udc1a \ud835\udc28 \ud835\udc2c\ud835\udc1e\ud835\udc20\ud835\udc2b\ud835\udc1e\ud835\udc1d\ud835\udc28 \ud835\udc29\ud835\udc28\ud835\udc2b \ud835\udc2d\ud835\udc2b\u00e1\ud835\udc2c \ud835\udc1d\ud835\udc1a\ud835\udc2c \ud835\udc1c\ud835\udc1a\ud835\udc2b\ud835\udc2d\ud835\udc1e\ud835\udc22\ud835\udc2b\ud835\udc1a\ud835\udc2c \ud835\udc1d\ud835\udc28\ud835\udc2c \ud835\udc26\ud835\udc1a\ud835\udc22\ud835\udc28\ud835\udc2b\ud835\udc1e\ud835\udc2c \ud835\udc1a\ud835\udc27\ud835\udc1a\ud835\udc25\ud835\udc22\ud835\udc2c\ud835\udc2d\ud835\udc1a\ud835\udc2c \ud835\udc1d\ud835\udc28 \ud835\udc29\ud835\udc1a\u00ed\ud835\udc2c. \ud835\udc05\ud835\udc22\ud835\udc1c\ud835\udc28\ud835\udc2e \ud835\udc1c\ud835\udc2e\ud835\udc2b\ud835\udc22\ud835\udc28\ud835\udc2c\ud835\udc28? \ud835\udc00\ud835\udc1c\ud835\udc1e\ud835\udc2c\ud835\udc2c\ud835\udc1e \ud835\udc28 \ud835\udc25\ud835\udc22\ud835\udc27\ud835\udc24 \ud835\udc1e \ud835\udc2c\ud835\udc1a\ud835\udc22\ud835\udc1b\ud835\udc1a \ud835\udc1c\ud835\udc28\ud835\udc26\ud835\udc28 \ud835\udc1c\ud835\udc28\ud835\udc27\ud835\udc1c\ud835\udc28\ud835\udc2b\ud835\udc2b\ud835\udc1e\ud835\udc2b \ud835\udc1a \ud835\udc2e\ud835\udc26\ud835\udc1a \ud835\udc2f\ud835\udc1a\ud835\udc20\ud835\udc1a \ud835\udc29\ud835\udc1a\ud835\udc2b\ud835\udc1a \ud835\udc1a\ud835\udc2c\ud835\udc2c\ud835\udc22\ud835\udc2c\ud835\udc2d\ud835\udc22\ud835\udc2b \ud835\udc1a \ud835\udc2d\ud835\udc2b\ud835\udc1a\ud835\udc27\ud835\udc2c\ud835\udc26\ud835\udc22\ud835\udc2c\ud835\udc2c\u00e3\ud835\udc28 \ud835\udc1a\ud835\udc28 \ud835\udc2f\ud835\udc22\ud835\udc2f\ud835\udc28 \ud835\udc1d\ud835\udc22\ud835\udc2b\ud835\udc1e\ud835\udc2d\ud835\udc28 \ud835\udc1d\ud835\udc1a \ud835\udc2c\ud835\udc1e\ud835\udc1d\ud835\udc1e \ud835\udc1d\ud835\udc1a \ud835\udc12\ud835\udc2e\ud835\udc27\ud835\udc28. https:\/\/bit.ly\/3NfNeuD\u2026\",\"duration\":\"PT37M49S\",\"embedUrl\":\"https:\/\/www.youtube.com\/embed\/oJJN9YkfGYo\",\"regionsAllowed\":\"pt-BR\",\"interactionStatistic\":{\"@type\":\"InteractionCounter\",\"interactionType\":{\"@type\":\"WatchAction\"},\"userInteractionCount\":5907},\"thumbnailUrl\":\"https:\/\/i.ytimg.com\/vi\/oJJN9YkfGYo\/default.jpg\",\"uploadDate\":\"2022-11-03T12:43:02Z\"}<\/script>\n\n\t<p>\n\t\t<a href=\"https:\/\/lp2.suno.com.br\/cl\/black-friday-2025\/?utm_campaign=_SNCDF0E4858_\" target=\"_blank\" data-element=\"shortcode-suno-banner\" title=\"Banner SUNO, clique e saiba mais\">\n\t\t\t<picture>\n\t\t\t\t<source media=\"(max-width: 500px)\" srcset=\"https:\/\/files.sunoresearch.com.br\/n\/uploads\/2025\/10\/Artigos-e-Noticias-Banner-Home-artigos-01-Mobile_-400x300-1-png.webp\">\n\t\t\t\t<img class=\"newsContent__article__imgCapa newsContent__article__imgCapa--banner\"\n\t\t\t\t\tsrc=\"https:\/\/files.sunoresearch.com.br\/n\/uploads\/2025\/10\/Artigos-e-Noticias-Banner-Home-artigos-01-Desktop_-1420x240-1-png.webp\"\n\t\t\t\t\tdata-promo-id=\"311259\"\t\t\t\t\t\t\t\t\t\twidth='1420' height='240'\t\t\t\t\talt=\"https:\/\/files.sunoresearch.com.br\/n\/uploads\/2025\/10\/Artigos-e-Noticias-Banner-Home-artigos-01-Desktop_-1420x240-1-png.webp\"\n\t\t\t\t>\n\t\t\t<\/picture>\n\t\t<\/a>\n\t<\/p>\n\n\n<p>A entidade comentou as medidas tomadas pela<a href=\"https:\/\/www.gov.br\/anp\/pt-br\"><strong> Ag\u00eancia Nacional do Petr\u00f3leo, Biocombust\u00edveis e G\u00e1s Natural (ANP<\/strong>)<\/a> na noite desta ter\u00e7a (1\u00ba). O IBP elogia a suspens\u00e3o de estoques m\u00ednimos, mas critica pontos como a venda direta de combust\u00edvel das refinarias aos postos para evitar o <strong>desabastecimento de gasolina<\/strong>.<\/p>\n<p>Segundo a entidade, essa decis\u00e3o \u00e9 equivocada pois suprime o intermedi\u00e1rio (distribuidores), mas teria como principal efeito a desorganiza\u00e7\u00e3o da cadeia.<\/p>\n<p>O <strong>IBP<\/strong> cita a perman\u00eancia de centenas de bloqueios totais e parciais nas estradas, que impedem o transporte de combust\u00edveis como gasolina, diesel e GLP, das refinarias para postos ou unidades revendedoras, realizado majoritariamente por caminh\u00f5es.<\/p>\n<p>O mesmo acontece com biocombust\u00edveis, como etanol, que saem de usinas produtoras. Em nota, o IBP fala em &#8220;impacto inevit\u00e1vel na vida das pessoas e na atividade econ\u00f4mica&#8221;.<\/p>\n<p>Mais cedo, a <a href=\"https:\/\/www.federacaobrasilcom.org.br\/\">Federa\u00e7\u00e3o Nacional das Distribuidoras de Combust\u00edveis, Biocombust\u00edveis e G\u00e1s Natural (Brasilcom)<\/a>, que representa os distribuidores regionais, j\u00e1 havia apontado, em nota, o risco de desabastecimento de combust\u00edveis no Pa\u00eds.<\/p>\n<p>As regi\u00f5es mais afetadas s\u00e3o o Sul, Sudeste e Centro-Oeste. Inicialmente, o maior foco de aten\u00e7\u00e3o era o Sul, em especial Santa Catarina, onde os bloqueios come\u00e7aram antes e em maior intensidade. Mas, no terceiro dia de <a href=\"https:\/\/www.suno.com.br\/noticias\/bolsonaro-pede-manifestantes-liberem-rodovias\/\"><strong>protestos bolsonaristas contra o resultado das elei\u00e7\u00f5es<\/strong><\/a>, as a\u00e7\u00f5es no Sudeste, com destaque para o interior de S\u00e3o Paulo, tomaram as aten\u00e7\u00f5es do setor.<\/p>\n\t<p>\n\t\t<a href=\"https:\/\/lp.suno.com.br\/ebook-como-analisar-uma-acao\/\" target=\"_blank\" data-element=\"shortcode-suno-banner\" title=\"Banner SUNO, clique e saiba mais\">\n\t\t\t<picture>\n\t\t\t\t<source media=\"(max-width: 500px)\" srcset=\"https:\/\/files.sunoresearch.com.br\/n\/uploads\/2023\/12\/Ebook-Acoes-Mobile.jpg\">\n\t\t\t\t<img class=\"newsContent__article__imgCapa newsContent__article__imgCapa--banner\"\n\t\t\t\t\tsrc=\"https:\/\/files.sunoresearch.com.br\/n\/uploads\/2023\/12\/Ebook-Acoes-Desktop.webp\"\n\t\t\t\t\tdata-promo-id=\"311260\"\t\t\t\t\t\t\t\t\t\twidth='1420' height='286'\t\t\t\t\talt=\"https:\/\/files.sunoresearch.com.br\/n\/uploads\/2023\/12\/Ebook-Acoes-Desktop.webp\"\n\t\t\t\t>\n\t\t\t<\/picture>\n\t\t<\/a>\n\t<\/p>\n\n\n<h2>Atua\u00e7\u00e3o da ANP contra o desabastecimento<\/h2>\n<p>O instituto afirma que, em paralelo \u00e0 <a href=\"https:\/\/www.suno.com.br\/noticias\/caminhoneiros-bloqueios-estradas-eleicoes\/\"><strong>atua\u00e7\u00e3o de for\u00e7as policiais para o desbloqueio de estradas<\/strong><\/a>, vem subsidiando \u00f3rg\u00e3os de governo e entidades do setor com informa\u00e7\u00f5es de cada polo de abastecimento e sugest\u00f5es de medidas mitigat\u00f3rias.<\/p>\n<p>Segundo o IBP, parte das medidas tomadas pela <strong>ANP<\/strong> \u00e9 eficaz e outras t\u00eam o poder de desorganizar a cadeia em um momento cr\u00edtico, sem trazer benef\u00edcios.<\/p>\n<p>O IBP diz serem \u00fateis a libera\u00e7\u00e3o dos estoques m\u00ednimos e a <strong>flexibiliza\u00e7\u00e3o de espa\u00e7o entre distribuidores<\/strong>, de forma a agilizar e otimizar a gest\u00e3o dos estoques, mas questiona a libera\u00e7\u00e3o de marcas no GLP e flexibiliza\u00e7\u00e3o de venda direta de gasolina e diesel aos postos revendedores.<\/p>\n<p>Essas \u00faltimas medidas j\u00e1 teriam sido testadas e n\u00e3o funcionaram em situa\u00e7\u00f5es anteriores.<\/p>\n<p>&#8220;Ao contr\u00e1rio, geram inefici\u00eancia operacional, inseguran\u00e7a nas rela\u00e7\u00f5es entre os agentes da cadeia e criam espa\u00e7o para eventuais abusos e distor\u00e7\u00f5es dif\u00edceis de fiscalizar&#8221;, diz o IBP em nota.<\/p>\n<p>O IBP ainda apontou a necessidade de se avaliar &#8220;com urg\u00eancia e profundidade&#8221; a flexibiliza\u00e7\u00e3o do percentual de <a href=\"https:\/\/www.suno.com.br\/noticias\/governo-publica-resolucao-percentual-biodiesel-diesel\/\">biodiesel no diesel<\/a> a ser comercializado.<\/p>\n<p>Isso porque h\u00e1 dificuldade para fazer chegar esses produtos nas bases de mistura das distribuidoras, atrasando a comercializa\u00e7\u00e3o de combust\u00edvel, j\u00e1 em est\u00e1gio cr\u00edtico em partes do Pa\u00eds, como S\u00e3o Paulo, aumentando o risco de\u00a0<strong>desabastecimento<\/strong>.<\/p>\n<p class=\"newsProviderSignature\">Com Estad\u00e3o Conte\u00fado.<\/p>\n\t<p>\n\t\t<a href=\"https:\/\/lp.suno.com.br\/minicurso-investindo-fiis\/\" target=\"_blank\" data-element=\"shortcode-suno-banner\" title=\"Banner SUNO, clique e saiba mais\">\n\t\t\t<picture>\n\t\t\t\t<source media=\"(max-width: 500px)\" srcset=\"https:\/\/files.sunoresearch.com.br\/n\/uploads\/2023\/07\/400x300-Minicurso-FIIS.png\">\n\t\t\t\t<img class=\"newsContent__article__imgCapa newsContent__article__imgCapa--banner\"\n\t\t\t\t\tsrc=\"https:\/\/files.sunoresearch.com.br\/n\/uploads\/2023\/07\/1420x240-Minicurso-FIIS.png\"\n\t\t\t\t\tdata-promo-id=\"311935\"\t\t\t\t\t\t\t\t\t\twidth='1420' height='240'\t\t\t\t\talt=\"https:\/\/files.sunoresearch.com.br\/n\/uploads\/2023\/07\/1420x240-Minicurso-FIIS.png\"\n\t\t\t\t>\n\t\t\t<\/picture>\n\t\t<\/a>\n\t<\/p>\n\n\n","protected":false},"excerpt":{"rendered":"<p>O Instituto Brasileiro de Petr\u00f3leo (IBP), que representa as tr\u00eas maiores distribuidoras de combust\u00edveis do pa\u00eds &#8211; Vibra (VBBR3), Ra\u00edzen (RAIZ4) e Ipiranga &#8211; disse ter &#8220;grande preocupa\u00e7\u00e3o&#8221; diante do &#8220;risco real de desabastecimento de combust\u00edveis em alguns polos em todo o pa\u00eds&#8221;. A entidade comentou as medidas tomadas pela Ag\u00eancia Nacional do Petr\u00f3leo, Biocombust\u00edveis [&hellip;]<\/p>\n","protected":false},"author":73,"featured_media":301529,"comment_status":"closed","ping_status":"closed","sticky":false,"template":"","format":"standard","meta":[],"categories":[62],"tags":[106444],"suno_strategy":[],"class_list":["post-314870","post","type-post","status-publish","format-standard","has-post-thumbnail","hentry","category-economia","tag-agencias"],"yoast_head":"<!-- This site is optimized with the Yoast SEO plugin v24.4 - https:\/\/yoast.com\/wordpress\/plugins\/seo\/ -->\n<title>H\u00e1 risco real de desabastecimento de gasolina, diz IBP<\/title>\n<meta name=\"description\" content=\"Mais cedo, a Brasilcom, que representa distribuidores regionais, havia apontado sobre o risco de desabastecimento de combust\u00edveis. Confira!\" \/>\n<meta name=\"robots\" content=\"index, follow, max-snippet:-1, max-image-preview:large, max-video-preview:-1\" \/>\n<link rel=\"canonical\" href=\"https:\/\/www.suno.com.br\/noticias\/desabastecimento-risco-gasolina\/\" \/>\n<meta property=\"og:locale\" content=\"pt_BR\" \/>\n<meta property=\"og:type\" content=\"article\" \/>\n<meta property=\"og:title\" content=\"H\u00e1 risco real de desabastecimento de gasolina, diz IBP\" \/>\n<meta property=\"og:description\" content=\"Mais cedo, a Brasilcom, que representa distribuidores regionais, havia apontado sobre o risco de desabastecimento de combust\u00edveis. Confira!\" \/>\n<meta property=\"og:url\" content=\"https:\/\/www.suno.com.br\/noticias\/desabastecimento-risco-gasolina\/\" \/>\n<meta property=\"og:site_name\" content=\"Suno Not\u00edcias\" \/>\n<meta property=\"article:publisher\" content=\"https:\/\/facebook.com\/sunoresearch\" \/>\n<meta property=\"og:image\" content=\"https:\/\/files.sunoresearch.com.br\/n\/uploads\/2022\/09\/posto_de_combustivel_mcajr_abr_1609210447-scaled.jpg\" \/>\n\t<meta property=\"og:image:width\" content=\"2560\" \/>\n\t<meta property=\"og:image:height\" content=\"1707\" \/>\n\t<meta property=\"og:image:type\" content=\"image\/jpeg\" \/>\n<meta name=\"author\" content=\"Eduardo Vargas\" \/>\n<meta name=\"twitter:card\" content=\"summary_large_image\" \/>\n<meta name=\"twitter:creator\" content=\"@sunoresearch\" \/>\n<meta name=\"twitter:site\" content=\"@sunoresearch\" \/>\n<meta name=\"twitter:label1\" content=\"Escrito por\" \/>\n\t<meta name=\"twitter:data1\" content=\"Eduardo Vargas\" \/>\n\t<meta name=\"twitter:label2\" content=\"Est. tempo de leitura\" \/>\n\t<meta name=\"twitter:data2\" content=\"3 minutos\" \/>\n<script type=\"application\/ld+json\" class=\"yoast-schema-graph\">{\"@context\":\"https:\/\/schema.org\",\"@graph\":[{\"@type\":\"NewsArticle\",\"@id\":\"https:\/\/www.suno.com.br\/noticias\/desabastecimento-risco-gasolina\/#article\",\"isPartOf\":{\"@id\":\"https:\/\/www.suno.com.br\/noticias\/desabastecimento-risco-gasolina\/\"},\"author\":{\"name\":\"Eduardo Vargas\",\"@id\":\"https:\/\/www.suno.com.br\/noticias\/#\/schema\/person\/7f4d362bf3518e76090143ae77bb49a5\"},\"headline\":\"Desabastecimento de gasolina \u00e9 &#8216;risco real&#8217;, mas liberar venda direta a postos \u00e9 errado, diz IBP\",\"datePublished\":\"2022-11-03T10:02:32+00:00\",\"mainEntityOfPage\":{\"@id\":\"https:\/\/www.suno.com.br\/noticias\/desabastecimento-risco-gasolina\/\"},\"wordCount\":585,\"publisher\":{\"@id\":\"https:\/\/www.suno.com.br\/noticias\/#organization\"},\"image\":{\"@id\":\"https:\/\/www.suno.com.br\/noticias\/desabastecimento-risco-gasolina\/#primaryimage\"},\"thumbnailUrl\":\"https:\/\/files.sunoresearch.com.br\/n\/uploads\/2022\/09\/posto_de_combustivel_mcajr_abr_1609210447-scaled.jpg\",\"keywords\":[\"Ag\u00eancias\"],\"articleSection\":[\"Economia\"],\"inLanguage\":\"pt-BR\"},{\"@type\":\"WebPage\",\"@id\":\"https:\/\/www.suno.com.br\/noticias\/desabastecimento-risco-gasolina\/\",\"url\":\"https:\/\/www.suno.com.br\/noticias\/desabastecimento-risco-gasolina\/\",\"name\":\"H\u00e1 risco real de desabastecimento de gasolina, diz IBP\",\"isPartOf\":{\"@id\":\"https:\/\/www.suno.com.br\/noticias\/#website\"},\"primaryImageOfPage\":{\"@id\":\"https:\/\/www.suno.com.br\/noticias\/desabastecimento-risco-gasolina\/#primaryimage\"},\"image\":{\"@id\":\"https:\/\/www.suno.com.br\/noticias\/desabastecimento-risco-gasolina\/#primaryimage\"},\"thumbnailUrl\":\"https:\/\/files.sunoresearch.com.br\/n\/uploads\/2022\/09\/posto_de_combustivel_mcajr_abr_1609210447-scaled.jpg\",\"datePublished\":\"2022-11-03T10:02:32+00:00\",\"description\":\"Mais cedo, a Brasilcom, que representa distribuidores regionais, havia apontado sobre o risco de desabastecimento de combust\u00edveis. Confira!\",\"breadcrumb\":{\"@id\":\"https:\/\/www.suno.com.br\/noticias\/desabastecimento-risco-gasolina\/#breadcrumb\"},\"inLanguage\":\"pt-BR\",\"potentialAction\":[{\"@type\":\"ReadAction\",\"target\":[\"https:\/\/www.suno.com.br\/noticias\/desabastecimento-risco-gasolina\/\"]}]},{\"@type\":\"ImageObject\",\"inLanguage\":\"pt-BR\",\"@id\":\"https:\/\/www.suno.com.br\/noticias\/desabastecimento-risco-gasolina\/#primaryimage\",\"url\":\"https:\/\/files.sunoresearch.com.br\/n\/uploads\/2022\/09\/posto_de_combustivel_mcajr_abr_1609210447-scaled.jpg\",\"contentUrl\":\"https:\/\/files.sunoresearch.com.br\/n\/uploads\/2022\/09\/posto_de_combustivel_mcajr_abr_1609210447-scaled.jpg\",\"width\":2560,\"height\":1707,\"caption\":\"Gasolina sobe, diz ANP. Foto: Marcello Casal jr\/Ag\u00eancia Brasil\"},{\"@type\":\"BreadcrumbList\",\"@id\":\"https:\/\/www.suno.com.br\/noticias\/desabastecimento-risco-gasolina\/#breadcrumb\",\"itemListElement\":[{\"@type\":\"ListItem\",\"position\":1,\"name\":\"Not\u00edcias\",\"item\":\"https:\/\/www.suno.com.br\/noticias\/\"},{\"@type\":\"ListItem\",\"position\":2,\"name\":\"Economia\",\"item\":\"https:\/\/www.suno.com.br\/noticias\/economia\/\"},{\"@type\":\"ListItem\",\"position\":3,\"name\":\"Desabastecimento de gasolina \u00e9 &#8216;risco real&#8217;, mas liberar venda direta a postos \u00e9 errado, diz IBP\"}]},{\"@type\":\"WebSite\",\"@id\":\"https:\/\/www.suno.com.br\/noticias\/#website\",\"url\":\"https:\/\/www.suno.com.br\/noticias\/\",\"name\":\"Suno Not\u00edcias\",\"description\":\"Seu portal de informa\u00e7\u00e3o sobre o mundo dos investimentos\",\"publisher\":{\"@id\":\"https:\/\/www.suno.com.br\/noticias\/#organization\"},\"potentialAction\":[{\"@type\":\"SearchAction\",\"target\":{\"@type\":\"EntryPoint\",\"urlTemplate\":\"https:\/\/www.suno.com.br\/noticias\/?s={search_term_string}\"},\"query-input\":{\"@type\":\"PropertyValueSpecification\",\"valueRequired\":true,\"valueName\":\"search_term_string\"}}],\"inLanguage\":\"pt-BR\"},{\"@type\":\"Organization\",\"@id\":\"https:\/\/www.suno.com.br\/noticias\/#organization\",\"name\":\"Suno Not\u00edcias\",\"url\":\"https:\/\/www.suno.com.br\/noticias\/\",\"logo\":{\"@type\":\"ImageObject\",\"inLanguage\":\"pt-BR\",\"@id\":\"https:\/\/www.suno.com.br\/noticias\/#\/schema\/logo\/image\/\",\"url\":\"https:\/\/files.sunoresearch.com.br\/n\/uploads\/2021\/09\/suno-logo.png\",\"contentUrl\":\"https:\/\/files.sunoresearch.com.br\/n\/uploads\/2021\/09\/suno-logo.png\",\"width\":180,\"height\":180,\"caption\":\"Suno Not\u00edcias\"},\"image\":{\"@id\":\"https:\/\/www.suno.com.br\/noticias\/#\/schema\/logo\/image\/\"},\"sameAs\":[\"https:\/\/facebook.com\/sunoresearch\",\"https:\/\/x.com\/sunoresearch\",\"https:\/\/www.instagram.com\/suno\",\"https:\/\/www.linkedin.com\/company\/suno-research\/\",\"https:\/\/www.youtube.com\/c\/sunoresearch\"]},{\"@type\":\"Person\",\"@id\":\"https:\/\/www.suno.com.br\/noticias\/#\/schema\/person\/7f4d362bf3518e76090143ae77bb49a5\",\"name\":\"Eduardo Vargas\",\"image\":{\"@type\":\"ImageObject\",\"inLanguage\":\"pt-BR\",\"@id\":\"https:\/\/www.suno.com.br\/noticias\/#\/schema\/person\/image\/\",\"url\":\"https:\/\/secure.gravatar.com\/avatar\/dac340933427a22924c9f99d1eb2e3f2?s=96&r=g\",\"contentUrl\":\"https:\/\/secure.gravatar.com\/avatar\/dac340933427a22924c9f99d1eb2e3f2?s=96&r=g\",\"caption\":\"Eduardo Vargas\"},\"description\":\"Jornalista formado pela UFSC, cobre macroeconomia, neg\u00f3cios e startups para o Suno Not\u00edcias, escrevendo principalmente not\u00edcias sobre o mercado financeiro e a bolsa de valores. No YouTube e no Instagram, \u00e9 respons\u00e1vel pela produ\u00e7\u00e3o de Reels e Shorts do Suno Not\u00edcias. Anteriormente, trabalhou cobrindo economia e cotidiano no ND+ e para o ND, maior jornal impresso de Santa Catarina. Cursou um semestre letivo de Estudos de M\u00eddia na Universidad de Buenos Aires.\",\"url\":\"https:\/\/www.suno.com.br\/noticias\/author\/eduardo-vargas\/\"}]}<\/script>\n<!-- \/ Yoast SEO plugin. -->","yoast_head_json":{"title":"H\u00e1 risco real de desabastecimento de gasolina, diz IBP","description":"Mais cedo, a Brasilcom, que representa distribuidores regionais, havia apontado sobre o risco de desabastecimento de combust\u00edveis. Confira!","robots":{"index":"index","follow":"follow","max-snippet":"max-snippet:-1","max-image-preview":"max-image-preview:large","max-video-preview":"max-video-preview:-1"},"canonical":"https:\/\/www.suno.com.br\/noticias\/desabastecimento-risco-gasolina\/","og_locale":"pt_BR","og_type":"article","og_title":"H\u00e1 risco real de desabastecimento de gasolina, diz IBP","og_description":"Mais cedo, a Brasilcom, que representa distribuidores regionais, havia apontado sobre o risco de desabastecimento de combust\u00edveis. Confira!","og_url":"https:\/\/www.suno.com.br\/noticias\/desabastecimento-risco-gasolina\/","og_site_name":"Suno Not\u00edcias","article_publisher":"https:\/\/facebook.com\/sunoresearch","og_image":[{"width":2560,"height":1707,"url":"https:\/\/files.sunoresearch.com.br\/n\/uploads\/2022\/09\/posto_de_combustivel_mcajr_abr_1609210447-scaled.jpg","type":"image\/jpeg"}],"author":"Eduardo Vargas","twitter_card":"summary_large_image","twitter_creator":"@sunoresearch","twitter_site":"@sunoresearch","twitter_misc":{"Escrito por":"Eduardo Vargas","Est. tempo de leitura":"3 minutos"},"schema":{"@context":"https:\/\/schema.org","@graph":[{"@type":"NewsArticle","@id":"https:\/\/www.suno.com.br\/noticias\/desabastecimento-risco-gasolina\/#article","isPartOf":{"@id":"https:\/\/www.suno.com.br\/noticias\/desabastecimento-risco-gasolina\/"},"author":{"name":"Eduardo Vargas","@id":"https:\/\/www.suno.com.br\/noticias\/#\/schema\/person\/7f4d362bf3518e76090143ae77bb49a5"},"headline":"Desabastecimento de gasolina \u00e9 &#8216;risco real&#8217;, mas liberar venda direta a postos \u00e9 errado, diz IBP","datePublished":"2022-11-03T10:02:32+00:00","mainEntityOfPage":{"@id":"https:\/\/www.suno.com.br\/noticias\/desabastecimento-risco-gasolina\/"},"wordCount":585,"publisher":{"@id":"https:\/\/www.suno.com.br\/noticias\/#organization"},"image":{"@id":"https:\/\/www.suno.com.br\/noticias\/desabastecimento-risco-gasolina\/#primaryimage"},"thumbnailUrl":"https:\/\/files.sunoresearch.com.br\/n\/uploads\/2022\/09\/posto_de_combustivel_mcajr_abr_1609210447-scaled.jpg","keywords":["Ag\u00eancias"],"articleSection":["Economia"],"inLanguage":"pt-BR"},{"@type":"WebPage","@id":"https:\/\/www.suno.com.br\/noticias\/desabastecimento-risco-gasolina\/","url":"https:\/\/www.suno.com.br\/noticias\/desabastecimento-risco-gasolina\/","name":"H\u00e1 risco real de desabastecimento de gasolina, diz IBP","isPartOf":{"@id":"https:\/\/www.suno.com.br\/noticias\/#website"},"primaryImageOfPage":{"@id":"https:\/\/www.suno.com.br\/noticias\/desabastecimento-risco-gasolina\/#primaryimage"},"image":{"@id":"https:\/\/www.suno.com.br\/noticias\/desabastecimento-risco-gasolina\/#primaryimage"},"thumbnailUrl":"https:\/\/files.sunoresearch.com.br\/n\/uploads\/2022\/09\/posto_de_combustivel_mcajr_abr_1609210447-scaled.jpg","datePublished":"2022-11-03T10:02:32+00:00","description":"Mais cedo, a Brasilcom, que representa distribuidores regionais, havia apontado sobre o risco de desabastecimento de combust\u00edveis. Confira!","breadcrumb":{"@id":"https:\/\/www.suno.com.br\/noticias\/desabastecimento-risco-gasolina\/#breadcrumb"},"inLanguage":"pt-BR","potentialAction":[{"@type":"ReadAction","target":["https:\/\/www.suno.com.br\/noticias\/desabastecimento-risco-gasolina\/"]}]},{"@type":"ImageObject","inLanguage":"pt-BR","@id":"https:\/\/www.suno.com.br\/noticias\/desabastecimento-risco-gasolina\/#primaryimage","url":"https:\/\/files.sunoresearch.com.br\/n\/uploads\/2022\/09\/posto_de_combustivel_mcajr_abr_1609210447-scaled.jpg","contentUrl":"https:\/\/files.sunoresearch.com.br\/n\/uploads\/2022\/09\/posto_de_combustivel_mcajr_abr_1609210447-scaled.jpg","width":2560,"height":1707,"caption":"Gasolina sobe, diz ANP. Foto: Marcello Casal jr\/Ag\u00eancia Brasil"},{"@type":"BreadcrumbList","@id":"https:\/\/www.suno.com.br\/noticias\/desabastecimento-risco-gasolina\/#breadcrumb","itemListElement":[{"@type":"ListItem","position":1,"name":"Not\u00edcias","item":"https:\/\/www.suno.com.br\/noticias\/"},{"@type":"ListItem","position":2,"name":"Economia","item":"https:\/\/www.suno.com.br\/noticias\/economia\/"},{"@type":"ListItem","position":3,"name":"Desabastecimento de gasolina \u00e9 &#8216;risco real&#8217;, mas liberar venda direta a postos \u00e9 errado, diz IBP"}]},{"@type":"WebSite","@id":"https:\/\/www.suno.com.br\/noticias\/#website","url":"https:\/\/www.suno.com.br\/noticias\/","name":"Suno Not\u00edcias","description":"Seu portal de informa\u00e7\u00e3o sobre o mundo dos investimentos","publisher":{"@id":"https:\/\/www.suno.com.br\/noticias\/#organization"},"potentialAction":[{"@type":"SearchAction","target":{"@type":"EntryPoint","urlTemplate":"https:\/\/www.suno.com.br\/noticias\/?s={search_term_string}"},"query-input":{"@type":"PropertyValueSpecification","valueRequired":true,"valueName":"search_term_string"}}],"inLanguage":"pt-BR"},{"@type":"Organization","@id":"https:\/\/www.suno.com.br\/noticias\/#organization","name":"Suno Not\u00edcias","url":"https:\/\/www.suno.com.br\/noticias\/","logo":{"@type":"ImageObject","inLanguage":"pt-BR","@id":"https:\/\/www.suno.com.br\/noticias\/#\/schema\/logo\/image\/","url":"https:\/\/files.sunoresearch.com.br\/n\/uploads\/2021\/09\/suno-logo.png","contentUrl":"https:\/\/files.sunoresearch.com.br\/n\/uploads\/2021\/09\/suno-logo.png","width":180,"height":180,"caption":"Suno Not\u00edcias"},"image":{"@id":"https:\/\/www.suno.com.br\/noticias\/#\/schema\/logo\/image\/"},"sameAs":["https:\/\/facebook.com\/sunoresearch","https:\/\/x.com\/sunoresearch","https:\/\/www.instagram.com\/suno","https:\/\/www.linkedin.com\/company\/suno-research\/","https:\/\/www.youtube.com\/c\/sunoresearch"]},{"@type":"Person","@id":"https:\/\/www.suno.com.br\/noticias\/#\/schema\/person\/7f4d362bf3518e76090143ae77bb49a5","name":"Eduardo Vargas","image":{"@type":"ImageObject","inLanguage":"pt-BR","@id":"https:\/\/www.suno.com.br\/noticias\/#\/schema\/person\/image\/","url":"https:\/\/secure.gravatar.com\/avatar\/dac340933427a22924c9f99d1eb2e3f2?s=96&r=g","contentUrl":"https:\/\/secure.gravatar.com\/avatar\/dac340933427a22924c9f99d1eb2e3f2?s=96&r=g","caption":"Eduardo Vargas"},"description":"Jornalista formado pela UFSC, cobre macroeconomia, neg\u00f3cios e startups para o Suno Not\u00edcias, escrevendo principalmente not\u00edcias sobre o mercado financeiro e a bolsa de valores. No YouTube e no Instagram, \u00e9 respons\u00e1vel pela produ\u00e7\u00e3o de Reels e Shorts do Suno Not\u00edcias. Anteriormente, trabalhou cobrindo economia e cotidiano no ND+ e para o ND, maior jornal impresso de Santa Catarina. Cursou um semestre letivo de Estudos de M\u00eddia na Universidad de Buenos Aires.","url":"https:\/\/www.suno.com.br\/noticias\/author\/eduardo-vargas\/"}]}},"default_loop_html":"<div class=\"cardsPage__listCard__boxs\"><div class=\"cardsPage__listCard__boxs__img\"><a href=\"https:\/\/www.suno.com.br\/noticias\/desabastecimento-risco-gasolina\/\"><img class=\"mask\" src=\"https:\/\/www.suno.com.br\/noticias\/wp-content\/themes\/suno\/resources\/images\/spotlight\/spotlight1img\/bg-mask.png\" alt=\"Image Mask\"\/><img src=\"https:\/\/files.sunoresearch.com.br\/n\/uploads\/2022\/09\/posto_de_combustivel_mcajr_abr_1609210447-400x200.jpg\" alt=\"Desabastecimento de gasolina \u00e9 &#8216;risco real&#8217;, mas liberar venda direta a postos \u00e9 errado, diz IBP\"\/><\/a><span class=\"spotlightCategory\"><a href=\"https:\/\/www.suno.com.br\/noticias\/economia\/\">Economia<\/a><\/span><\/div><div class=\"cardsPage__listCard__boxs__content\"><a href=\"https:\/\/www.suno.com.br\/noticias\/desabastecimento-risco-gasolina\/\"><h2 class=\"content__title\">Desabastecimento de gasolina \u00e9 &#8216;risco real&#8217;, mas liberar venda direta a postos \u00e9 errado, diz IBP<\/h2><\/a><div class=\"newsContent__article__meta\"><div class=\"newsContent__article__meta__authorBox\"><a href=\"https:\/\/www.suno.com.br\/noticias\/author\/eduardo-vargas\/\" class=\"authorBox__avatar noMobi\"><img src=\"https:\/\/secure.gravatar.com\/avatar\/dac340933427a22924c9f99d1eb2e3f2?s=96&#038;r=g\" alt=\"Eduardo Vargas\"><\/a><div class=\"authorBox__name\"><span>por\n\t\t\t<a href=\"https:\/\/www.suno.com.br\/noticias\/author\/eduardo-vargas\/\"><span itemprop=\"author\">Eduardo Vargas<\/span><\/a><\/span><time datetime=\"2022-11-03T07:02:32-03:00\" itemprop=\"datePublished\">03\/11\/2022 07:02<\/time><\/div><\/div><\/div><\/div><\/div>","single_layout":"posts","amp_enabled":true,"_links":{"self":[{"href":"https:\/\/www.suno.com.br\/noticias\/wp-json\/wp\/v2\/posts\/314870"}],"collection":[{"href":"https:\/\/www.suno.com.br\/noticias\/wp-json\/wp\/v2\/posts"}],"about":[{"href":"https:\/\/www.suno.com.br\/noticias\/wp-json\/wp\/v2\/types\/post"}],"author":[{"embeddable":true,"href":"https:\/\/www.suno.com.br\/noticias\/wp-json\/wp\/v2\/users\/73"}],"replies":[{"embeddable":true,"href":"https:\/\/www.suno.com.br\/noticias\/wp-json\/wp\/v2\/comments?post=314870"}],"version-history":[{"count":3,"href":"https:\/\/www.suno.com.br\/noticias\/wp-json\/wp\/v2\/posts\/314870\/revisions"}],"predecessor-version":[{"id":315007,"href":"https:\/\/www.suno.com.br\/noticias\/wp-json\/wp\/v2\/posts\/314870\/revisions\/315007"}],"wp:featuredmedia":[{"embeddable":true,"href":"https:\/\/www.suno.com.br\/noticias\/wp-json\/wp\/v2\/media\/301529"}],"wp:attachment":[{"href":"https:\/\/www.suno.com.br\/noticias\/wp-json\/wp\/v2\/media?parent=314870"}],"wp:term":[{"taxonomy":"category","embeddable":true,"href":"https:\/\/www.suno.com.br\/noticias\/wp-json\/wp\/v2\/categories?post=314870"},{"taxonomy":"post_tag","embeddable":true,"href":"https:\/\/www.suno.com.br\/noticias\/wp-json\/wp\/v2\/tags?post=314870"},{"taxonomy":"suno_strategy","embeddable":true,"href":"https:\/\/www.suno.com.br\/noticias\/wp-json\/wp\/v2\/suno_strategy?post=314870"}],"curies":[{"name":"wp","href":"https:\/\/api.w.org\/{rel}","templated":true}]}}