{"id":31477,"date":"2019-07-18T20:55:51","date_gmt":"2019-07-18T23:55:51","guid":{"rendered":"https:\/\/www.suno.com.br\/noticias\/?p=31477"},"modified":"2019-07-18T20:57:00","modified_gmt":"2019-07-18T23:57:00","slug":"carlos-ghosn-entra-na-justica-contra-nissan-e-mitsubishi","status":"publish","type":"post","link":"https:\/\/www.suno.com.br\/noticias\/carlos-ghosn-entra-na-justica-contra-nissan-e-mitsubishi\/","title":{"rendered":"Carlos Ghosn entra na justi\u00e7a contra Nissan e Mitsubishi"},"content":{"rendered":"<p>O ex-presidente da alian\u00e7a\u00a0Renault-Nissan-Mitsubishi, <a href=\"https:\/\/www.suno.com.br\/tudo-sobre\/carlos-ghosn\/\">Carlos Ghosn<\/a>, est\u00e1 processando a <strong>Nissan<\/strong> e a <strong>Mitsubishi<\/strong> na Justi\u00e7a da Holanda.\u00a0A informa\u00e7\u00e3o foi divulgada nesta quinta-feira (18) por um porta-voz brasileiro.<\/p>\t<div class=\"wrapper-featured-image\">\n\t\t<figure class=\"spotlightImg\">\n\n\t\t\t<picture>\n\t\t\t\t<source media=\"(max-width: 768px)\" srcset=\"https:\/\/files.sunoresearch.com.br\/n\/uploads\/2018\/12\/81745417-carlos-ghosn-nissan2-400x200.webp\">\n\t\t\t\t<img loading=\"lazy\" decoding=\"async\" class=\"newsContent__article__imgCapa lazyloadDisabled newsContent__article__imgCapa--noCaption\" src=\"https:\/\/files.sunoresearch.com.br\/n\/uploads\/2018\/12\/81745417-carlos-ghosn-nissan2-jpg.webp\" width=\"800\" height=\"450\" alt=\"Carlos Ghosn entra na justi\u00e7a contra Nissan e Mitsubishi\" fetchpriority=high \/>\n\t\t\t<\/picture>\n\n\t\t\t<figcaption class=\"wp-caption-text wp-caption-text--hide\">Carlos Ghosn entra na justi\u00e7a contra Nissan e Mitsubishi<\/figcaption>\n\t\t<\/figure>\n\t<\/div>\n\n\n<p>Conforme as informa\u00e7\u00f5es divulgadas, <strong>Carlos<\/strong>\u00a0<strong>Ghosn\u00a0<\/strong>entrou com uma a\u00e7\u00e3o contra as montadoras\u00a0<span style=\"font-size: 1.21429rem;\">por conta das acusa\u00e7\u00f5es de m\u00e1 conduta financeira que sofreu. <\/span><\/p>\n<p><span style=\"font-size: 1.21429rem;\">A acusa\u00e7\u00e3o feita \u00e9 de que viola\u00e7\u00e3o abusiva de contrato por parte da Nissan e da Mitsubishi. Para o executivo,\u00a0as empresas n\u00e3o apresentaram nenhuma prova das acusa\u00e7\u00f5es realizadas contra ele.<\/span><\/p>\n\t<p>\n\t\t<a href=\"https:\/\/lp.suno.com.br\/planilha-controle-gastos\/\" target=\"_blank\" data-element=\"shortcode-suno-banner\" title=\"Banner SUNO, clique e saiba mais\">\n\t\t\t<picture>\n\t\t\t\t<source media=\"(max-width: 500px)\" srcset=\"https:\/\/files.sunoresearch.com.br\/n\/uploads\/2023\/03\/400x300-Planilha-controle-de-gastos.png\">\n\t\t\t\t<img class=\"newsContent__article__imgCapa newsContent__article__imgCapa--banner\"\n\t\t\t\t\tsrc=\"https:\/\/files.sunoresearch.com.br\/n\/uploads\/2023\/03\/1420x240-Planilha-controle-de-gastos.png\"\n\t\t\t\t\tdata-promo-id=\"102417\"\t\t\t\t\t\t\t\t\t\twidth='1420' height='240'\t\t\t\t\talt=\"https:\/\/files.sunoresearch.com.br\/n\/uploads\/2023\/03\/1420x240-Planilha-controle-de-gastos.png\"\n\t\t\t\t>\n\t\t\t<\/picture>\n\t\t<\/a>\n\t<\/p>\n\n\n<p>A indeniza\u00e7\u00e3o solicitada pelo ex-presidente \u00e9 de 15 milh\u00f5es de euros (cerca de R$ 62,8 milh\u00f5es).\u00a0A a\u00e7\u00e3o foi aberta na Holanda pois o pa\u00eds sedia a Nissan-Mitsubishi BV (NMBV).\u00a0Nenhuma das montadoras comentou o caso.<\/p>\n<p>\u201cA Nissan e a Mitsubishi violaram a lei holandesa no processo de demiss\u00e3o, ao recusar-se repetidamente a apresentar qualquer comprova\u00e7\u00e3o ou documenta\u00e7\u00e3o que comprovasse suas acusa\u00e7\u00f5es contra Carlos Ghosn, o que \u00e9 obrigat\u00f3rio pela lei holandesa\u201d, afirmaram os conselheiros do executivo.<\/p>\n<p>Em novembro do ano passado, Ghosn foi\u00a0preso por acusa\u00e7\u00f5es de m\u00e1 conduta financeira em T\u00f3quio. No entanto, ap\u00f3s pagar fian\u00e7a, ele foi solto e aguarda julgamento.<\/p>\n<h2>Denuncia da Renault<\/h2>\n<p>Em junho, a Renault tamb\u00e9m denunciou seu ex-presidente, Carlos Ghosn, por\u00a0ter identificado gastos suspeitos de 11 milh\u00f5es de euros.<\/p>\n<p><a href=\"https:\/\/www.suno.com.br\/noticias\/renault-carlos-ghosn-gastos\/\">Saiba mais: Carlos Ghosn ser\u00e1 denunciado pela Renault por gastos suspeitos<\/a><\/p>\n<p>O Estado franc\u00eas det\u00e9m 15% da montadora. Portanto, segundo o ministro da Economia da Fran\u00e7a, Bruno Le Maire,\u00a0o papel do governo \u00e9 assegurar que a governan\u00e7a da companhia funcione bem.<\/p>\n<p>A administra\u00e7\u00e3o da Renault alegou que\u00a0Ghosn n\u00e3o especificou algumas despesas e outras demonstraram superfaturamento, como viagens de avi\u00e3o.\u00a0Al\u00e9m disso, consta nas despesas doa\u00e7\u00f5es a organiza\u00e7\u00f5es sem fins lucrativos.<\/p>\n<h2>Investiga\u00e7\u00e3o no Brasil<\/h2>\n<p>A Nissan tamb\u00e9m realizou uma investiga\u00e7\u00e3o interna contra Ghosn no Brasil.\u00a0O foco da apura\u00e7\u00e3o \u00e9 extrair informa\u00e7\u00f5es arquivadas em computadores e celulares durante o per\u00edodo em que o executivo foi presidente da empresa.<\/p>\n\t<p>\n\t\t<a href=\"https:\/\/lp.suno.com.br\/minicurso-contabilidade\/\" target=\"_blank\" data-element=\"shortcode-suno-banner\" title=\"Banner SUNO, clique e saiba mais\">\n\t\t\t<picture>\n\t\t\t\t<source media=\"(max-width: 500px)\" srcset=\"https:\/\/files.sunoresearch.com.br\/n\/uploads\/2023\/03\/400x300-Minicurso-Contabilidade.png\">\n\t\t\t\t<img class=\"newsContent__article__imgCapa newsContent__article__imgCapa--banner\"\n\t\t\t\t\tsrc=\"https:\/\/files.sunoresearch.com.br\/n\/uploads\/2023\/03\/1420x240-Minicurso-Contabilidade.png\"\n\t\t\t\t\tdata-promo-id=\"383158\"\t\t\t\t\t\t\t\t\t\twidth='1420' height='240'\t\t\t\t\talt=\"https:\/\/files.sunoresearch.com.br\/n\/uploads\/2023\/03\/1420x240-Minicurso-Contabilidade.png\"\n\t\t\t\t>\n\t\t\t<\/picture>\n\t\t<\/a>\n\t<\/p>\n\n\n<p>A pedido de executivos da Nissan,\u00a0cientistas forenses buscar\u00e3o\u00a0evid\u00eancias virtuais que possam contribuir para o julgamento do executivo.<\/p>\n<p>Os investigadores tentar\u00e3o encontrar informa\u00e7\u00f5es sobre parceiros de neg\u00f3cios de <strong>Carlos<\/strong>\u00a0<strong>Ghosn<\/strong> na Am\u00e9rica Latina e no Oriente M\u00e9dio.<\/p>\n","protected":false},"excerpt":{"rendered":"<p>O ex-presidente da alian\u00e7a\u00a0Renault-Nissan-Mitsubishi, Carlos Ghosn, est\u00e1 processando a Nissan e a Mitsubishi na Justi\u00e7a da Holanda.\u00a0A informa\u00e7\u00e3o foi divulgada nesta quinta-feira (18) por um porta-voz brasileiro. Carlos Ghosn entra na justi\u00e7a contra Nissan e Mitsubishi Conforme as informa\u00e7\u00f5es divulgadas, Carlos\u00a0Ghosn\u00a0entrou com uma a\u00e7\u00e3o contra as montadoras\u00a0por conta das acusa\u00e7\u00f5es de m\u00e1 conduta financeira que [&hellip;]<\/p>\n","protected":false},"author":18,"featured_media":9582,"comment_status":"closed","ping_status":"closed","sticky":false,"template":"","format":"standard","meta":[],"categories":[64],"tags":[876,1012,877,929],"suno_strategy":[],"class_list":["post-31477","post","type-post","status-publish","format-standard","has-post-thumbnail","hentry","category-negocios","tag-carlos-ghosn","tag-mitsubishi","tag-nissan","tag-renault"],"yoast_head":"<!-- This site is optimized with the Yoast SEO plugin v24.4 - https:\/\/yoast.com\/wordpress\/plugins\/seo\/ -->\n<title>Carlos Ghosn entra na justi\u00e7a contra Nissan e Mitsubishi<\/title>\n<meta name=\"description\" content=\"O ex-presidente da Renault, Carlos Ghosn, est\u00e1 processando a Nissan e a Mitsubishi na Justi\u00e7a da Holanda.\u00a0Clique para saber mais.\" \/>\n<meta name=\"robots\" content=\"index, follow, max-snippet:-1, max-image-preview:large, max-video-preview:-1\" \/>\n<link rel=\"canonical\" href=\"https:\/\/www.suno.com.br\/noticias\/carlos-ghosn-entra-na-justica-contra-nissan-e-mitsubishi\/\" \/>\n<meta property=\"og:locale\" content=\"pt_BR\" \/>\n<meta property=\"og:type\" content=\"article\" \/>\n<meta property=\"og:title\" content=\"Carlos Ghosn entra na justi\u00e7a contra Nissan e Mitsubishi\" \/>\n<meta property=\"og:description\" content=\"O ex-presidente da Renault, Carlos Ghosn, est\u00e1 processando a Nissan e a Mitsubishi na Justi\u00e7a da Holanda.\u00a0Clique para saber mais.\" \/>\n<meta property=\"og:url\" content=\"https:\/\/www.suno.com.br\/noticias\/carlos-ghosn-entra-na-justica-contra-nissan-e-mitsubishi\/\" \/>\n<meta property=\"og:site_name\" content=\"Suno Not\u00edcias\" \/>\n<meta property=\"article:publisher\" content=\"https:\/\/facebook.com\/sunoresearch\" \/>\n<meta property=\"og:image\" content=\"https:\/\/files.sunoresearch.com.br\/n\/uploads\/2018\/12\/81745417-carlos-ghosn-nissan2.jpg\" \/>\n\t<meta property=\"og:image:width\" content=\"700\" \/>\n\t<meta property=\"og:image:height\" content=\"394\" \/>\n\t<meta property=\"og:image:type\" content=\"image\/jpeg\" \/>\n<meta name=\"author\" content=\"Giovanna Oliveira\" \/>\n<meta name=\"twitter:card\" content=\"summary_large_image\" \/>\n<meta name=\"twitter:creator\" content=\"@sunoresearch\" \/>\n<meta name=\"twitter:site\" content=\"@sunoresearch\" \/>\n<meta name=\"twitter:label1\" content=\"Escrito por\" \/>\n\t<meta name=\"twitter:data1\" content=\"Giovanna Oliveira\" \/>\n\t<meta name=\"twitter:label2\" content=\"Est. tempo de leitura\" \/>\n\t<meta name=\"twitter:data2\" content=\"2 minutos\" \/>\n<script type=\"application\/ld+json\" class=\"yoast-schema-graph\">{\"@context\":\"https:\/\/schema.org\",\"@graph\":[{\"@type\":\"NewsArticle\",\"@id\":\"https:\/\/www.suno.com.br\/noticias\/carlos-ghosn-entra-na-justica-contra-nissan-e-mitsubishi\/#article\",\"isPartOf\":{\"@id\":\"https:\/\/www.suno.com.br\/noticias\/carlos-ghosn-entra-na-justica-contra-nissan-e-mitsubishi\/\"},\"author\":{\"name\":\"Giovanna Oliveira\",\"@id\":\"https:\/\/www.suno.com.br\/noticias\/#\/schema\/person\/4e19e3d2575736e5283d58eb3199d120\"},\"headline\":\"Carlos Ghosn entra na justi\u00e7a contra Nissan e Mitsubishi\",\"datePublished\":\"2019-07-18T23:55:51+00:00\",\"dateModified\":\"2019-07-18T23:57:00+00:00\",\"mainEntityOfPage\":{\"@id\":\"https:\/\/www.suno.com.br\/noticias\/carlos-ghosn-entra-na-justica-contra-nissan-e-mitsubishi\/\"},\"wordCount\":412,\"publisher\":{\"@id\":\"https:\/\/www.suno.com.br\/noticias\/#organization\"},\"image\":{\"@id\":\"https:\/\/www.suno.com.br\/noticias\/carlos-ghosn-entra-na-justica-contra-nissan-e-mitsubishi\/#primaryimage\"},\"thumbnailUrl\":\"https:\/\/files.sunoresearch.com.br\/n\/uploads\/2018\/12\/81745417-carlos-ghosn-nissan2-jpg.webp\",\"keywords\":[\"Carlos Ghosn\",\"Mitsubishi\",\"Nissan\",\"Renault\"],\"articleSection\":[\"Neg\u00f3cios\"],\"inLanguage\":\"pt-BR\"},{\"@type\":\"WebPage\",\"@id\":\"https:\/\/www.suno.com.br\/noticias\/carlos-ghosn-entra-na-justica-contra-nissan-e-mitsubishi\/\",\"url\":\"https:\/\/www.suno.com.br\/noticias\/carlos-ghosn-entra-na-justica-contra-nissan-e-mitsubishi\/\",\"name\":\"Carlos Ghosn entra na justi\u00e7a contra Nissan e Mitsubishi\",\"isPartOf\":{\"@id\":\"https:\/\/www.suno.com.br\/noticias\/#website\"},\"primaryImageOfPage\":{\"@id\":\"https:\/\/www.suno.com.br\/noticias\/carlos-ghosn-entra-na-justica-contra-nissan-e-mitsubishi\/#primaryimage\"},\"image\":{\"@id\":\"https:\/\/www.suno.com.br\/noticias\/carlos-ghosn-entra-na-justica-contra-nissan-e-mitsubishi\/#primaryimage\"},\"thumbnailUrl\":\"https:\/\/files.sunoresearch.com.br\/n\/uploads\/2018\/12\/81745417-carlos-ghosn-nissan2-jpg.webp\",\"datePublished\":\"2019-07-18T23:55:51+00:00\",\"dateModified\":\"2019-07-18T23:57:00+00:00\",\"description\":\"O ex-presidente da Renault, Carlos Ghosn, est\u00e1 processando a Nissan e a Mitsubishi na Justi\u00e7a da Holanda.\u00a0Clique para saber mais.\",\"breadcrumb\":{\"@id\":\"https:\/\/www.suno.com.br\/noticias\/carlos-ghosn-entra-na-justica-contra-nissan-e-mitsubishi\/#breadcrumb\"},\"inLanguage\":\"pt-BR\",\"potentialAction\":[{\"@type\":\"ReadAction\",\"target\":[\"https:\/\/www.suno.com.br\/noticias\/carlos-ghosn-entra-na-justica-contra-nissan-e-mitsubishi\/\"]}]},{\"@type\":\"ImageObject\",\"inLanguage\":\"pt-BR\",\"@id\":\"https:\/\/www.suno.com.br\/noticias\/carlos-ghosn-entra-na-justica-contra-nissan-e-mitsubishi\/#primaryimage\",\"url\":\"https:\/\/files.sunoresearch.com.br\/n\/uploads\/2018\/12\/81745417-carlos-ghosn-nissan2-jpg.webp\",\"contentUrl\":\"https:\/\/files.sunoresearch.com.br\/n\/uploads\/2018\/12\/81745417-carlos-ghosn-nissan2-jpg.webp\",\"width\":700,\"height\":394,\"caption\":\"Carlos Ghosn entra na justi\u00e7a contra Nissan e Mitsubishi\"},{\"@type\":\"BreadcrumbList\",\"@id\":\"https:\/\/www.suno.com.br\/noticias\/carlos-ghosn-entra-na-justica-contra-nissan-e-mitsubishi\/#breadcrumb\",\"itemListElement\":[{\"@type\":\"ListItem\",\"position\":1,\"name\":\"Not\u00edcias\",\"item\":\"https:\/\/www.suno.com.br\/noticias\/\"},{\"@type\":\"ListItem\",\"position\":2,\"name\":\"Neg\u00f3cios\",\"item\":\"https:\/\/www.suno.com.br\/noticias\/negocios\/\"},{\"@type\":\"ListItem\",\"position\":3,\"name\":\"Carlos Ghosn entra na justi\u00e7a contra Nissan e Mitsubishi\"}]},{\"@type\":\"WebSite\",\"@id\":\"https:\/\/www.suno.com.br\/noticias\/#website\",\"url\":\"https:\/\/www.suno.com.br\/noticias\/\",\"name\":\"Suno Not\u00edcias\",\"description\":\"Seu portal de informa\u00e7\u00e3o sobre o mundo dos investimentos\",\"publisher\":{\"@id\":\"https:\/\/www.suno.com.br\/noticias\/#organization\"},\"potentialAction\":[{\"@type\":\"SearchAction\",\"target\":{\"@type\":\"EntryPoint\",\"urlTemplate\":\"https:\/\/www.suno.com.br\/noticias\/?s={search_term_string}\"},\"query-input\":{\"@type\":\"PropertyValueSpecification\",\"valueRequired\":true,\"valueName\":\"search_term_string\"}}],\"inLanguage\":\"pt-BR\"},{\"@type\":\"Organization\",\"@id\":\"https:\/\/www.suno.com.br\/noticias\/#organization\",\"name\":\"Suno Not\u00edcias\",\"url\":\"https:\/\/www.suno.com.br\/noticias\/\",\"logo\":{\"@type\":\"ImageObject\",\"inLanguage\":\"pt-BR\",\"@id\":\"https:\/\/www.suno.com.br\/noticias\/#\/schema\/logo\/image\/\",\"url\":\"https:\/\/files.sunoresearch.com.br\/n\/uploads\/2021\/09\/suno-logo.png\",\"contentUrl\":\"https:\/\/files.sunoresearch.com.br\/n\/uploads\/2021\/09\/suno-logo.png\",\"width\":180,\"height\":180,\"caption\":\"Suno Not\u00edcias\"},\"image\":{\"@id\":\"https:\/\/www.suno.com.br\/noticias\/#\/schema\/logo\/image\/\"},\"sameAs\":[\"https:\/\/facebook.com\/sunoresearch\",\"https:\/\/x.com\/sunoresearch\",\"https:\/\/www.instagram.com\/suno\",\"https:\/\/www.linkedin.com\/company\/suno-research\/\",\"https:\/\/www.youtube.com\/c\/sunoresearch\"]},{\"@type\":\"Person\",\"@id\":\"https:\/\/www.suno.com.br\/noticias\/#\/schema\/person\/4e19e3d2575736e5283d58eb3199d120\",\"name\":\"Giovanna Oliveira\",\"image\":{\"@type\":\"ImageObject\",\"inLanguage\":\"pt-BR\",\"@id\":\"https:\/\/www.suno.com.br\/noticias\/#\/schema\/person\/image\/\",\"url\":\"https:\/\/secure.gravatar.com\/avatar\/9a37b3ae208962ac568992d0ffdbc2eb?s=96&r=g\",\"contentUrl\":\"https:\/\/secure.gravatar.com\/avatar\/9a37b3ae208962ac568992d0ffdbc2eb?s=96&r=g\",\"caption\":\"Giovanna Oliveira\"},\"description\":\"Giovanna Oliveira escreve sobre economia e pol\u00edtica. Foi rep\u00f3rter do portal de jornalismo da ESPM-SP e produziu conte\u00fado para a Corinthians TV. \u00c9 estudante da ESPM.\",\"url\":\"https:\/\/www.suno.com.br\/noticias\/author\/giovanna\/\"}]}<\/script>\n<!-- \/ Yoast SEO plugin. -->","yoast_head_json":{"title":"Carlos Ghosn entra na justi\u00e7a contra Nissan e Mitsubishi","description":"O ex-presidente da Renault, Carlos Ghosn, est\u00e1 processando a Nissan e a Mitsubishi na Justi\u00e7a da Holanda.\u00a0Clique para saber mais.","robots":{"index":"index","follow":"follow","max-snippet":"max-snippet:-1","max-image-preview":"max-image-preview:large","max-video-preview":"max-video-preview:-1"},"canonical":"https:\/\/www.suno.com.br\/noticias\/carlos-ghosn-entra-na-justica-contra-nissan-e-mitsubishi\/","og_locale":"pt_BR","og_type":"article","og_title":"Carlos Ghosn entra na justi\u00e7a contra Nissan e Mitsubishi","og_description":"O ex-presidente da Renault, Carlos Ghosn, est\u00e1 processando a Nissan e a Mitsubishi na Justi\u00e7a da Holanda.\u00a0Clique para saber mais.","og_url":"https:\/\/www.suno.com.br\/noticias\/carlos-ghosn-entra-na-justica-contra-nissan-e-mitsubishi\/","og_site_name":"Suno Not\u00edcias","article_publisher":"https:\/\/facebook.com\/sunoresearch","og_image":[{"width":700,"height":394,"url":"https:\/\/files.sunoresearch.com.br\/n\/uploads\/2018\/12\/81745417-carlos-ghosn-nissan2.jpg","type":"image\/jpeg"}],"author":"Giovanna Oliveira","twitter_card":"summary_large_image","twitter_creator":"@sunoresearch","twitter_site":"@sunoresearch","twitter_misc":{"Escrito por":"Giovanna Oliveira","Est. tempo de leitura":"2 minutos"},"schema":{"@context":"https:\/\/schema.org","@graph":[{"@type":"NewsArticle","@id":"https:\/\/www.suno.com.br\/noticias\/carlos-ghosn-entra-na-justica-contra-nissan-e-mitsubishi\/#article","isPartOf":{"@id":"https:\/\/www.suno.com.br\/noticias\/carlos-ghosn-entra-na-justica-contra-nissan-e-mitsubishi\/"},"author":{"name":"Giovanna Oliveira","@id":"https:\/\/www.suno.com.br\/noticias\/#\/schema\/person\/4e19e3d2575736e5283d58eb3199d120"},"headline":"Carlos Ghosn entra na justi\u00e7a contra Nissan e Mitsubishi","datePublished":"2019-07-18T23:55:51+00:00","dateModified":"2019-07-18T23:57:00+00:00","mainEntityOfPage":{"@id":"https:\/\/www.suno.com.br\/noticias\/carlos-ghosn-entra-na-justica-contra-nissan-e-mitsubishi\/"},"wordCount":412,"publisher":{"@id":"https:\/\/www.suno.com.br\/noticias\/#organization"},"image":{"@id":"https:\/\/www.suno.com.br\/noticias\/carlos-ghosn-entra-na-justica-contra-nissan-e-mitsubishi\/#primaryimage"},"thumbnailUrl":"https:\/\/files.sunoresearch.com.br\/n\/uploads\/2018\/12\/81745417-carlos-ghosn-nissan2-jpg.webp","keywords":["Carlos Ghosn","Mitsubishi","Nissan","Renault"],"articleSection":["Neg\u00f3cios"],"inLanguage":"pt-BR"},{"@type":"WebPage","@id":"https:\/\/www.suno.com.br\/noticias\/carlos-ghosn-entra-na-justica-contra-nissan-e-mitsubishi\/","url":"https:\/\/www.suno.com.br\/noticias\/carlos-ghosn-entra-na-justica-contra-nissan-e-mitsubishi\/","name":"Carlos Ghosn entra na justi\u00e7a contra Nissan e Mitsubishi","isPartOf":{"@id":"https:\/\/www.suno.com.br\/noticias\/#website"},"primaryImageOfPage":{"@id":"https:\/\/www.suno.com.br\/noticias\/carlos-ghosn-entra-na-justica-contra-nissan-e-mitsubishi\/#primaryimage"},"image":{"@id":"https:\/\/www.suno.com.br\/noticias\/carlos-ghosn-entra-na-justica-contra-nissan-e-mitsubishi\/#primaryimage"},"thumbnailUrl":"https:\/\/files.sunoresearch.com.br\/n\/uploads\/2018\/12\/81745417-carlos-ghosn-nissan2-jpg.webp","datePublished":"2019-07-18T23:55:51+00:00","dateModified":"2019-07-18T23:57:00+00:00","description":"O ex-presidente da Renault, Carlos Ghosn, est\u00e1 processando a Nissan e a Mitsubishi na Justi\u00e7a da Holanda.\u00a0Clique para saber mais.","breadcrumb":{"@id":"https:\/\/www.suno.com.br\/noticias\/carlos-ghosn-entra-na-justica-contra-nissan-e-mitsubishi\/#breadcrumb"},"inLanguage":"pt-BR","potentialAction":[{"@type":"ReadAction","target":["https:\/\/www.suno.com.br\/noticias\/carlos-ghosn-entra-na-justica-contra-nissan-e-mitsubishi\/"]}]},{"@type":"ImageObject","inLanguage":"pt-BR","@id":"https:\/\/www.suno.com.br\/noticias\/carlos-ghosn-entra-na-justica-contra-nissan-e-mitsubishi\/#primaryimage","url":"https:\/\/files.sunoresearch.com.br\/n\/uploads\/2018\/12\/81745417-carlos-ghosn-nissan2-jpg.webp","contentUrl":"https:\/\/files.sunoresearch.com.br\/n\/uploads\/2018\/12\/81745417-carlos-ghosn-nissan2-jpg.webp","width":700,"height":394,"caption":"Carlos Ghosn entra na justi\u00e7a contra Nissan e Mitsubishi"},{"@type":"BreadcrumbList","@id":"https:\/\/www.suno.com.br\/noticias\/carlos-ghosn-entra-na-justica-contra-nissan-e-mitsubishi\/#breadcrumb","itemListElement":[{"@type":"ListItem","position":1,"name":"Not\u00edcias","item":"https:\/\/www.suno.com.br\/noticias\/"},{"@type":"ListItem","position":2,"name":"Neg\u00f3cios","item":"https:\/\/www.suno.com.br\/noticias\/negocios\/"},{"@type":"ListItem","position":3,"name":"Carlos Ghosn entra na justi\u00e7a contra Nissan e Mitsubishi"}]},{"@type":"WebSite","@id":"https:\/\/www.suno.com.br\/noticias\/#website","url":"https:\/\/www.suno.com.br\/noticias\/","name":"Suno Not\u00edcias","description":"Seu portal de informa\u00e7\u00e3o sobre o mundo dos investimentos","publisher":{"@id":"https:\/\/www.suno.com.br\/noticias\/#organization"},"potentialAction":[{"@type":"SearchAction","target":{"@type":"EntryPoint","urlTemplate":"https:\/\/www.suno.com.br\/noticias\/?s={search_term_string}"},"query-input":{"@type":"PropertyValueSpecification","valueRequired":true,"valueName":"search_term_string"}}],"inLanguage":"pt-BR"},{"@type":"Organization","@id":"https:\/\/www.suno.com.br\/noticias\/#organization","name":"Suno Not\u00edcias","url":"https:\/\/www.suno.com.br\/noticias\/","logo":{"@type":"ImageObject","inLanguage":"pt-BR","@id":"https:\/\/www.suno.com.br\/noticias\/#\/schema\/logo\/image\/","url":"https:\/\/files.sunoresearch.com.br\/n\/uploads\/2021\/09\/suno-logo.png","contentUrl":"https:\/\/files.sunoresearch.com.br\/n\/uploads\/2021\/09\/suno-logo.png","width":180,"height":180,"caption":"Suno Not\u00edcias"},"image":{"@id":"https:\/\/www.suno.com.br\/noticias\/#\/schema\/logo\/image\/"},"sameAs":["https:\/\/facebook.com\/sunoresearch","https:\/\/x.com\/sunoresearch","https:\/\/www.instagram.com\/suno","https:\/\/www.linkedin.com\/company\/suno-research\/","https:\/\/www.youtube.com\/c\/sunoresearch"]},{"@type":"Person","@id":"https:\/\/www.suno.com.br\/noticias\/#\/schema\/person\/4e19e3d2575736e5283d58eb3199d120","name":"Giovanna Oliveira","image":{"@type":"ImageObject","inLanguage":"pt-BR","@id":"https:\/\/www.suno.com.br\/noticias\/#\/schema\/person\/image\/","url":"https:\/\/secure.gravatar.com\/avatar\/9a37b3ae208962ac568992d0ffdbc2eb?s=96&r=g","contentUrl":"https:\/\/secure.gravatar.com\/avatar\/9a37b3ae208962ac568992d0ffdbc2eb?s=96&r=g","caption":"Giovanna Oliveira"},"description":"Giovanna Oliveira escreve sobre economia e pol\u00edtica. Foi rep\u00f3rter do portal de jornalismo da ESPM-SP e produziu conte\u00fado para a Corinthians TV. \u00c9 estudante da ESPM.","url":"https:\/\/www.suno.com.br\/noticias\/author\/giovanna\/"}]}},"default_loop_html":"<div class=\"cardsPage__listCard__boxs\"><div class=\"cardsPage__listCard__boxs__img\"><a href=\"https:\/\/www.suno.com.br\/noticias\/carlos-ghosn-entra-na-justica-contra-nissan-e-mitsubishi\/\"><img class=\"mask\" src=\"https:\/\/www.suno.com.br\/noticias\/wp-content\/themes\/suno\/resources\/images\/spotlight\/spotlight1img\/bg-mask.png\" alt=\"Image Mask\"\/><img src=\"https:\/\/files.sunoresearch.com.br\/n\/uploads\/2018\/12\/81745417-carlos-ghosn-nissan2-400x200.webp\" alt=\"Carlos Ghosn entra na justi\u00e7a contra Nissan e Mitsubishi\"\/><\/a><span class=\"spotlightCategory\"><a href=\"https:\/\/www.suno.com.br\/noticias\/negocios\/\">Neg\u00f3cios<\/a><\/span><\/div><div class=\"cardsPage__listCard__boxs__content\"><a href=\"https:\/\/www.suno.com.br\/noticias\/carlos-ghosn-entra-na-justica-contra-nissan-e-mitsubishi\/\"><h2 class=\"content__title\">Carlos Ghosn entra na justi\u00e7a contra Nissan e Mitsubishi<\/h2><\/a><div class=\"newsContent__article__meta\"><div class=\"newsContent__article__meta__authorBox\"><a href=\"https:\/\/www.suno.com.br\/noticias\/author\/giovanna\/\" class=\"authorBox__avatar noMobi\"><img src=\"https:\/\/files.sunoresearch.com.br\/n\/uploads\/2019\/06\/952a89ca-screenshot_20190608-171507-150x150.webp\" alt=\"Giovanna Oliveira\"><\/a><div class=\"authorBox__name\"><span>por\n\t\t\t<a href=\"https:\/\/www.suno.com.br\/noticias\/author\/giovanna\/\"><span itemprop=\"author\">Giovanna Oliveira<\/span><\/a><\/span><time datetime=\"2019-07-18T20:55:51-03:00\" itemprop=\"datePublished\">18\/07\/2019 20:55<\/time><\/div><\/div><\/div><\/div><\/div>","single_layout":"posts","amp_enabled":true,"_links":{"self":[{"href":"https:\/\/www.suno.com.br\/noticias\/wp-json\/wp\/v2\/posts\/31477"}],"collection":[{"href":"https:\/\/www.suno.com.br\/noticias\/wp-json\/wp\/v2\/posts"}],"about":[{"href":"https:\/\/www.suno.com.br\/noticias\/wp-json\/wp\/v2\/types\/post"}],"author":[{"embeddable":true,"href":"https:\/\/www.suno.com.br\/noticias\/wp-json\/wp\/v2\/users\/18"}],"replies":[{"embeddable":true,"href":"https:\/\/www.suno.com.br\/noticias\/wp-json\/wp\/v2\/comments?post=31477"}],"version-history":[{"count":0,"href":"https:\/\/www.suno.com.br\/noticias\/wp-json\/wp\/v2\/posts\/31477\/revisions"}],"wp:featuredmedia":[{"embeddable":true,"href":"https:\/\/www.suno.com.br\/noticias\/wp-json\/wp\/v2\/media\/9582"}],"wp:attachment":[{"href":"https:\/\/www.suno.com.br\/noticias\/wp-json\/wp\/v2\/media?parent=31477"}],"wp:term":[{"taxonomy":"category","embeddable":true,"href":"https:\/\/www.suno.com.br\/noticias\/wp-json\/wp\/v2\/categories?post=31477"},{"taxonomy":"post_tag","embeddable":true,"href":"https:\/\/www.suno.com.br\/noticias\/wp-json\/wp\/v2\/tags?post=31477"},{"taxonomy":"suno_strategy","embeddable":true,"href":"https:\/\/www.suno.com.br\/noticias\/wp-json\/wp\/v2\/suno_strategy?post=31477"}],"curies":[{"name":"wp","href":"https:\/\/api.w.org\/{rel}","templated":true}]}}