{"id":314722,"date":"2022-11-01T18:52:39","date_gmt":"2022-11-01T21:52:39","guid":{"rendered":"https:\/\/www.suno.com.br\/noticias\/?p=314722"},"modified":"2022-11-01T18:58:32","modified_gmt":"2022-11-01T21:58:32","slug":"prf-pede-reforco-aeronaves-pf-forca-nacional-rodovias-bloqueadas","status":"publish","type":"post","link":"https:\/\/www.suno.com.br\/noticias\/prf-pede-reforco-aeronaves-pf-forca-nacional-rodovias-bloqueadas\/","title":{"rendered":"PRF pede refor\u00e7o de aeronaves da PF e For\u00e7a Nacional para liberar rodovias bloqueadas"},"content":{"rendered":"<p>O diretor-geral da Pol\u00edcia Rodovi\u00e1ria Federal (<strong>PRF<\/strong>), Silvinei Vasques, pediu nesta ter\u00e7a-feira (1\u00ba) refor\u00e7o de aeronaves da Pol\u00edcia Federal e da For\u00e7a Nacional para desobstruir as rodovias bloqueadas ilegalmente por caminhoneiros desde a madrugada de domingo, ap\u00f3s o resultado final das Elei\u00e7\u00f5es ser divulgado pelo TSE (Tribunal Superior Eleitoral). Os caminhoneiros bloqueiam estradas por n\u00e3o aceitar a derrota do presidente Jair Bolsonaro.<\/p>\t<div class=\"wrapper-featured-image\">\n\t\t<figure class=\"spotlightImg\">\n\n\t\t\t<picture>\n\t\t\t\t<source media=\"(max-width: 768px)\" srcset=\"https:\/\/files.sunoresearch.com.br\/n\/uploads\/2022\/06\/caminhoneiros-400x200.jpg\">\n\t\t\t\t<img loading=\"lazy\" decoding=\"async\" class=\"newsContent__article__imgCapa lazyloadDisabled \" src=\"https:\/\/files.sunoresearch.com.br\/n\/uploads\/2022\/06\/caminhoneiros-800x450.jpg\" width=\"800\" height=\"450\" alt=\"PRF pede refor\u00e7o de aeronaves da PF e For\u00e7a Nacional para liberar rodovias bloqueadas\" fetchpriority=high \/>\n\t\t\t<\/picture>\n\n\t\t\t<figcaption class=\"wp-caption-text wp-caption-text--show\">Greve dos caminhoneiros. Foto: Ag\u00eancia Brasil<\/figcaption>\n\t\t<\/figure>\n\t<\/div>\n\n\n\t<p>\n\t\t<a href=\"https:\/\/lp2.suno.com.br\/cl\/black-friday-2025\/?utm_campaign=_SNCDF0E4858_\" target=\"_blank\" data-element=\"shortcode-suno-banner\" title=\"Banner SUNO, clique e saiba mais\">\n\t\t\t<picture>\n\t\t\t\t<source media=\"(max-width: 500px)\" srcset=\"https:\/\/files.sunoresearch.com.br\/n\/uploads\/2025\/10\/Artigos-e-Noticias-Banner-Home-artigos-01-Mobile_-400x300-1-png.webp\">\n\t\t\t\t<img class=\"newsContent__article__imgCapa newsContent__article__imgCapa--banner\"\n\t\t\t\t\tsrc=\"https:\/\/files.sunoresearch.com.br\/n\/uploads\/2025\/10\/Artigos-e-Noticias-Banner-Home-artigos-01-Desktop_-1420x240-1-png.webp\"\n\t\t\t\t\tdata-promo-id=\"311259\"\t\t\t\t\t\t\t\t\t\twidth='1420' height='240'\t\t\t\t\talt=\"https:\/\/files.sunoresearch.com.br\/n\/uploads\/2025\/10\/Artigos-e-Noticias-Banner-Home-artigos-01-Desktop_-1420x240-1-png.webp\"\n\t\t\t\t>\n\t\t\t<\/picture>\n\t\t<\/a>\n\t<\/p>\n\n\n<p>No of\u00edcio encaminhado ao Ministro da Justi\u00e7a e da Seguran\u00e7a P\u00fablica, Anderson Torres, e ao diretor da Pol\u00edcia Federal, M\u00e1rcio Nunes de Oliveira, Vasques argumenta que todo o <strong>efetivo da PRF<\/strong> e o amparo das pol\u00edcias militares n\u00e3o foram suficientes para desbloquear as vias e conter as paralisa\u00e7\u00f5es.<\/p>\n<p>&#8220;O acionamento de todo o efetivo dispon\u00edvel desta institui\u00e7\u00e3o e o amparo das pol\u00edcias militares n\u00e3o se mostraram suficientes para a completa desobstru\u00e7\u00e3o dos mais de 400 pontos de <strong>bloqueios dos caminhoneiros<\/strong>&#8220;, disse o diretor-geral da PRF.<\/p>\n<p>\u00c0 Pol\u00edcia Federal a PRF solicitou ainda a <strong>disponibiliza\u00e7\u00e3o de aeronaves<\/strong> para transporte de servidores e <strong>patrulhamento dos pontos de bloqueio<\/strong>. Os detalhes da a\u00e7\u00e3o conjunta ainda v\u00e3o ser definidos durante reuni\u00e3o entre a PRF e o Minist\u00e9rio da Justi\u00e7a, com data a ser definida.<\/p>\n\t<p>\n\t\t<a href=\"https:\/\/lp.suno.com.br\/ebook-como-analisar-uma-acao\/\" target=\"_blank\" data-element=\"shortcode-suno-banner\" title=\"Banner SUNO, clique e saiba mais\">\n\t\t\t<picture>\n\t\t\t\t<source media=\"(max-width: 500px)\" srcset=\"https:\/\/files.sunoresearch.com.br\/n\/uploads\/2023\/03\/Ebook-Acoes-Mobile-1.jpg\">\n\t\t\t\t<img class=\"newsContent__article__imgCapa newsContent__article__imgCapa--banner\"\n\t\t\t\t\tsrc=\"https:\/\/files.sunoresearch.com.br\/n\/uploads\/2023\/03\/Ebook-Acoes-Desktop-1.jpg\"\n\t\t\t\t\tdata-promo-id=\"171998\"\t\t\t\t\t\t\t\t\t\twidth='1420' height='286'\t\t\t\t\talt=\"https:\/\/files.sunoresearch.com.br\/n\/uploads\/2023\/03\/Ebook-Acoes-Desktop-1.jpg\"\n\t\t\t\t>\n\t\t\t<\/picture>\n\t\t<\/a>\n\t<\/p>\n\n\n<p>O pedido foi encaminhado por meio de of\u00edcio tamb\u00e9m ao Tribunal Superior Eleitoral (TSE), Supremo Tribunal Federal (STF) e ao Tribunal de Contas da Uni\u00e3o (TCU).<\/p>\n<p>No documento \u00e0 Corte Eleitoral, Vasques convida representantes das duas institui\u00e7\u00f5es para acompanhar as medidas que est\u00e3o sendo tomadas pela PRF.<\/p>\n<p>&#8220;Tendo em vista a possibilidade de agravamento da situa\u00e7\u00e3o, vislumbra-se a necessidade de atua\u00e7\u00e3o conjunta e integrada de diversas institui\u00e7\u00f5es p\u00fablicas para restabelecimento da normalidade no que tange \u00e0 circula\u00e7\u00e3o dos ve\u00edculos e, em \u00faltima medida, \u00e0 salvaguarda de direitos e garantias fundamentais&#8221;, afirmou.<\/p>\n<p>Nesta segunda-feira, 31, o ministro do STF Alexandre de Moraes determinou que a PRF e pol\u00edcias militares adotem todas as medidas necess\u00e1rias para liberar as estradas.<\/p>\n<p>At\u00e9 o momento, ainda h\u00e1 247 bloqueios em rodovias federais de todo o Brasil, segundo <strong>balan\u00e7o da PRF<\/strong>. Foram registrados bloqueios nos estados do Amazonas, Esp\u00edrito Santo, Minas Gerais, Paran\u00e1, Rio de Janeiro, Roraima, Rio Grande do Sul e S\u00e3o Paulo.<\/p>\n<h2>PRF nega que policiais tenham agido em apoio a manifestantes em SP<\/h2>\n<p>O superintendente da Pol\u00edcia Rodovi\u00e1ria Federal em S\u00e3o Paulo (PRF-SP), Fernando Miranda, negou hoje (1\u00ba) que policiais sob sua supervis\u00e3o tenham agido em apoio a manifestantes apoiadores do presidente da Rep\u00fablica Jair Bolsonaro que, desde as <strong>elei\u00e7\u00f5es presidenciais<\/strong> de domingo (30), protestam em rodovias de todo o pa\u00eds. Segundo ele, o v\u00eddeo que tem circulado em redes sociais e que mostram policiais rodovi\u00e1rios cortando um alambrado pr\u00f3ximo ao Aeroporto Internacional de Guarulhos (SP), na Rodovia Helio Smidt, n\u00e3o demonstra o que de fato ocorreu na situa\u00e7\u00e3o.<\/p>\n<p>&#8220;Tem um v\u00eddeo que foi muito divulgado, de um policial da PRF cortando uma telinha. Aquela tela, aquele alambrado pequenininho que aparece no v\u00eddeo \u00e9 um que fica entre as duas pistas da [Rodovia] H\u00e9lio Smith. A pista leste e oeste [da rodovia] tem um gramado, um colega precisou cortar aquele alambrado para que a viatura que fosse apagar o inc\u00eandio pudesse passar, isso, porque a pista do lado leste estava totalmente interditada&#8221;, disse Miranda, em entrevista a jornalistas concedida na sede do \u00f3rg\u00e3o em S\u00e3o Paulo, no in\u00edcio da tarde de hoje.<\/p>\n<p>&#8220;O pessoal do movimento pegou aquele momento em que o policial estava cortando o alambrado para a passagem e retorno da viatura e falou que a Pol\u00edcia Rodovi\u00e1ria Federal estava apoiando o movimento. N\u00e3o \u00e9 verdade que a Pol\u00edcia Federal esteja ao lado do movimento para colaborar com qualquer tipo de movimento que seja contra o que est\u00e1 na Constitui\u00e7\u00e3o&#8221;, continuou.<\/p>\n<p>Segundo Miranda, a <strong>PRF<\/strong> n\u00e3o tem, at\u00e9 o momento, constatado a participa\u00e7\u00e3o ou apoio de policiais em rela\u00e7\u00e3o \u00e0s manifesta\u00e7\u00f5es. Caso isso ocorra, disse ele, o policial ser\u00e1 investigado.<\/p>\n\t<p>\n\t\t<a href=\"https:\/\/lp.suno.com.br\/planilha-de-controle-de-investimentos\/\" target=\"_blank\" data-element=\"shortcode-suno-banner\" title=\"Banner SUNO, clique e saiba mais\">\n\t\t\t<picture>\n\t\t\t\t<source media=\"(max-width: 500px)\" srcset=\"https:\/\/files.sunoresearch.com.br\/n\/uploads\/2023\/03\/400x300-Controle-de-Investimentos.png\">\n\t\t\t\t<img class=\"newsContent__article__imgCapa newsContent__article__imgCapa--banner\"\n\t\t\t\t\tsrc=\"https:\/\/files.sunoresearch.com.br\/n\/uploads\/2023\/03\/1420x240-Controle-de-Investimentos.png\"\n\t\t\t\t\tdata-promo-id=\"75934\"\t\t\t\t\t\t\t\t\t\twidth='1420' height='240'\t\t\t\t\talt=\"https:\/\/files.sunoresearch.com.br\/n\/uploads\/2023\/03\/1420x240-Controle-de-Investimentos.png\"\n\t\t\t\t>\n\t\t\t<\/picture>\n\t\t<\/a>\n\t<\/p>\n\n\n<p><em>Com Ag\u00eancia Brasil<\/em><\/p>\n","protected":false},"excerpt":{"rendered":"<p>O diretor-geral da Pol\u00edcia Rodovi\u00e1ria Federal (PRF), Silvinei Vasques, pediu nesta ter\u00e7a-feira (1\u00ba) refor\u00e7o de aeronaves da Pol\u00edcia Federal e da For\u00e7a Nacional para desobstruir as rodovias bloqueadas ilegalmente por caminhoneiros desde a madrugada de domingo, ap\u00f3s o resultado final das Elei\u00e7\u00f5es ser divulgado pelo TSE (Tribunal Superior Eleitoral). Os caminhoneiros bloqueiam estradas por n\u00e3o [&hellip;]<\/p>\n","protected":false},"author":43,"featured_media":268877,"comment_status":"closed","ping_status":"closed","sticky":false,"template":"","format":"standard","meta":[],"categories":[61],"tags":[697],"suno_strategy":[],"class_list":["post-314722","post","type-post","status-publish","format-standard","has-post-thumbnail","hentry","category-politica","tag-eleicoes"],"yoast_head":"<!-- This site is optimized with the Yoast SEO plugin v24.4 - https:\/\/yoast.com\/wordpress\/plugins\/seo\/ -->\n<title>PRF pede refor\u00e7o de aeronaves e For\u00e7a Nacional para liberar rodovias<\/title>\n<meta name=\"description\" content=\"O diretor-geral da PRF, Silvinei Vasques, pediu refor\u00e7o de aeronaves da Pol\u00edcia Federal e da For\u00e7a Nacional contra bloqueio de rodovias\" \/>\n<meta name=\"robots\" content=\"index, follow, max-snippet:-1, max-image-preview:large, max-video-preview:-1\" \/>\n<link rel=\"canonical\" href=\"https:\/\/www.suno.com.br\/noticias\/prf-pede-reforco-aeronaves-pf-forca-nacional-rodovias-bloqueadas\/\" \/>\n<meta property=\"og:locale\" content=\"pt_BR\" \/>\n<meta property=\"og:type\" content=\"article\" \/>\n<meta property=\"og:title\" content=\"PRF pede refor\u00e7o de aeronaves e For\u00e7a Nacional para liberar rodovias\" \/>\n<meta property=\"og:description\" content=\"O diretor-geral da PRF, Silvinei Vasques, pediu refor\u00e7o de aeronaves da Pol\u00edcia Federal e da For\u00e7a Nacional contra bloqueio de rodovias\" \/>\n<meta property=\"og:url\" content=\"https:\/\/www.suno.com.br\/noticias\/prf-pede-reforco-aeronaves-pf-forca-nacional-rodovias-bloqueadas\/\" \/>\n<meta property=\"og:site_name\" content=\"Suno Not\u00edcias\" \/>\n<meta property=\"article:publisher\" content=\"https:\/\/facebook.com\/sunoresearch\" \/>\n<meta property=\"article:author\" content=\"https:\/\/www.facebook.com\/sunonoticias\/\" \/>\n<meta property=\"og:image\" content=\"https:\/\/files.sunoresearch.com.br\/n\/uploads\/2022\/06\/caminhoneiros.jpg\" \/>\n\t<meta property=\"og:image:width\" content=\"1396\" \/>\n\t<meta property=\"og:image:height\" content=\"834\" \/>\n\t<meta property=\"og:image:type\" content=\"image\/jpeg\" \/>\n<meta name=\"author\" content=\"Reda\u00e7\u00e3o Suno Not\u00edcias\" \/>\n<meta name=\"twitter:card\" content=\"summary_large_image\" \/>\n<meta name=\"twitter:creator\" content=\"@https:\/\/twitter.com\/sunoresearch\" \/>\n<meta name=\"twitter:site\" content=\"@sunoresearch\" \/>\n<meta name=\"twitter:label1\" content=\"Escrito por\" \/>\n\t<meta name=\"twitter:data1\" content=\"Reda\u00e7\u00e3o Suno Not\u00edcias\" \/>\n\t<meta name=\"twitter:label2\" content=\"Est. tempo de leitura\" \/>\n\t<meta name=\"twitter:data2\" content=\"4 minutos\" \/>\n<script type=\"application\/ld+json\" class=\"yoast-schema-graph\">{\"@context\":\"https:\/\/schema.org\",\"@graph\":[{\"@type\":\"NewsArticle\",\"@id\":\"https:\/\/www.suno.com.br\/noticias\/prf-pede-reforco-aeronaves-pf-forca-nacional-rodovias-bloqueadas\/#article\",\"isPartOf\":{\"@id\":\"https:\/\/www.suno.com.br\/noticias\/prf-pede-reforco-aeronaves-pf-forca-nacional-rodovias-bloqueadas\/\"},\"author\":{\"name\":\"Reda\u00e7\u00e3o Suno Not\u00edcias\",\"@id\":\"https:\/\/www.suno.com.br\/noticias\/#\/schema\/person\/c1b1bd3727fa852bd045e9dbff3673ea\"},\"headline\":\"PRF pede refor\u00e7o de aeronaves da PF e For\u00e7a Nacional para liberar rodovias bloqueadas\",\"datePublished\":\"2022-11-01T21:52:39+00:00\",\"dateModified\":\"2022-11-01T21:58:32+00:00\",\"mainEntityOfPage\":{\"@id\":\"https:\/\/www.suno.com.br\/noticias\/prf-pede-reforco-aeronaves-pf-forca-nacional-rodovias-bloqueadas\/\"},\"wordCount\":722,\"publisher\":{\"@id\":\"https:\/\/www.suno.com.br\/noticias\/#organization\"},\"image\":{\"@id\":\"https:\/\/www.suno.com.br\/noticias\/prf-pede-reforco-aeronaves-pf-forca-nacional-rodovias-bloqueadas\/#primaryimage\"},\"thumbnailUrl\":\"https:\/\/files.sunoresearch.com.br\/n\/uploads\/2022\/06\/caminhoneiros.jpg\",\"keywords\":[\"Elei\u00e7\u00f5es\"],\"articleSection\":[\"Pol\u00edtica\"],\"inLanguage\":\"pt-BR\"},{\"@type\":\"WebPage\",\"@id\":\"https:\/\/www.suno.com.br\/noticias\/prf-pede-reforco-aeronaves-pf-forca-nacional-rodovias-bloqueadas\/\",\"url\":\"https:\/\/www.suno.com.br\/noticias\/prf-pede-reforco-aeronaves-pf-forca-nacional-rodovias-bloqueadas\/\",\"name\":\"PRF pede refor\u00e7o de aeronaves e For\u00e7a Nacional para liberar rodovias\",\"isPartOf\":{\"@id\":\"https:\/\/www.suno.com.br\/noticias\/#website\"},\"primaryImageOfPage\":{\"@id\":\"https:\/\/www.suno.com.br\/noticias\/prf-pede-reforco-aeronaves-pf-forca-nacional-rodovias-bloqueadas\/#primaryimage\"},\"image\":{\"@id\":\"https:\/\/www.suno.com.br\/noticias\/prf-pede-reforco-aeronaves-pf-forca-nacional-rodovias-bloqueadas\/#primaryimage\"},\"thumbnailUrl\":\"https:\/\/files.sunoresearch.com.br\/n\/uploads\/2022\/06\/caminhoneiros.jpg\",\"datePublished\":\"2022-11-01T21:52:39+00:00\",\"dateModified\":\"2022-11-01T21:58:32+00:00\",\"description\":\"O diretor-geral da PRF, Silvinei Vasques, pediu refor\u00e7o de aeronaves da Pol\u00edcia Federal e da For\u00e7a Nacional contra bloqueio de rodovias\",\"breadcrumb\":{\"@id\":\"https:\/\/www.suno.com.br\/noticias\/prf-pede-reforco-aeronaves-pf-forca-nacional-rodovias-bloqueadas\/#breadcrumb\"},\"inLanguage\":\"pt-BR\",\"potentialAction\":[{\"@type\":\"ReadAction\",\"target\":[\"https:\/\/www.suno.com.br\/noticias\/prf-pede-reforco-aeronaves-pf-forca-nacional-rodovias-bloqueadas\/\"]}]},{\"@type\":\"ImageObject\",\"inLanguage\":\"pt-BR\",\"@id\":\"https:\/\/www.suno.com.br\/noticias\/prf-pede-reforco-aeronaves-pf-forca-nacional-rodovias-bloqueadas\/#primaryimage\",\"url\":\"https:\/\/files.sunoresearch.com.br\/n\/uploads\/2022\/06\/caminhoneiros.jpg\",\"contentUrl\":\"https:\/\/files.sunoresearch.com.br\/n\/uploads\/2022\/06\/caminhoneiros.jpg\",\"width\":1396,\"height\":834,\"caption\":\"Greve dos caminhoneiros. Foto: Ag\u00eancia Brasil\"},{\"@type\":\"BreadcrumbList\",\"@id\":\"https:\/\/www.suno.com.br\/noticias\/prf-pede-reforco-aeronaves-pf-forca-nacional-rodovias-bloqueadas\/#breadcrumb\",\"itemListElement\":[{\"@type\":\"ListItem\",\"position\":1,\"name\":\"Not\u00edcias\",\"item\":\"https:\/\/www.suno.com.br\/noticias\/\"},{\"@type\":\"ListItem\",\"position\":2,\"name\":\"Pol\u00edtica\",\"item\":\"https:\/\/www.suno.com.br\/noticias\/politica\/\"},{\"@type\":\"ListItem\",\"position\":3,\"name\":\"PRF pede refor\u00e7o de aeronaves da PF e For\u00e7a Nacional para liberar rodovias bloqueadas\"}]},{\"@type\":\"WebSite\",\"@id\":\"https:\/\/www.suno.com.br\/noticias\/#website\",\"url\":\"https:\/\/www.suno.com.br\/noticias\/\",\"name\":\"Suno Not\u00edcias\",\"description\":\"Seu portal de informa\u00e7\u00e3o sobre o mundo dos investimentos\",\"publisher\":{\"@id\":\"https:\/\/www.suno.com.br\/noticias\/#organization\"},\"potentialAction\":[{\"@type\":\"SearchAction\",\"target\":{\"@type\":\"EntryPoint\",\"urlTemplate\":\"https:\/\/www.suno.com.br\/noticias\/?s={search_term_string}\"},\"query-input\":{\"@type\":\"PropertyValueSpecification\",\"valueRequired\":true,\"valueName\":\"search_term_string\"}}],\"inLanguage\":\"pt-BR\"},{\"@type\":\"Organization\",\"@id\":\"https:\/\/www.suno.com.br\/noticias\/#organization\",\"name\":\"Suno Not\u00edcias\",\"url\":\"https:\/\/www.suno.com.br\/noticias\/\",\"logo\":{\"@type\":\"ImageObject\",\"inLanguage\":\"pt-BR\",\"@id\":\"https:\/\/www.suno.com.br\/noticias\/#\/schema\/logo\/image\/\",\"url\":\"https:\/\/files.sunoresearch.com.br\/n\/uploads\/2021\/09\/suno-logo.png\",\"contentUrl\":\"https:\/\/files.sunoresearch.com.br\/n\/uploads\/2021\/09\/suno-logo.png\",\"width\":180,\"height\":180,\"caption\":\"Suno Not\u00edcias\"},\"image\":{\"@id\":\"https:\/\/www.suno.com.br\/noticias\/#\/schema\/logo\/image\/\"},\"sameAs\":[\"https:\/\/facebook.com\/sunoresearch\",\"https:\/\/x.com\/sunoresearch\",\"https:\/\/www.instagram.com\/suno\",\"https:\/\/www.linkedin.com\/company\/suno-research\/\",\"https:\/\/www.youtube.com\/c\/sunoresearch\"]},{\"@type\":\"Person\",\"@id\":\"https:\/\/www.suno.com.br\/noticias\/#\/schema\/person\/c1b1bd3727fa852bd045e9dbff3673ea\",\"name\":\"Reda\u00e7\u00e3o Suno Not\u00edcias\",\"image\":{\"@type\":\"ImageObject\",\"inLanguage\":\"pt-BR\",\"@id\":\"https:\/\/www.suno.com.br\/noticias\/#\/schema\/person\/image\/\",\"url\":\"https:\/\/secure.gravatar.com\/avatar\/b8104b9b5a71985d5238ee59fbe418af?s=96&r=g\",\"contentUrl\":\"https:\/\/secure.gravatar.com\/avatar\/b8104b9b5a71985d5238ee59fbe418af?s=96&r=g\",\"caption\":\"Reda\u00e7\u00e3o Suno Not\u00edcias\"},\"description\":\"O Suno Not\u00edcias \u00e9 um portal de informa\u00e7\u00f5es sobre Mercado Financeiro, Pol\u00edtica, Neg\u00f3cios, Economia e Finan\u00e7as Pessoais.\",\"sameAs\":[\"https:\/\/www.suno.com.br\/noticias\",\"https:\/\/www.facebook.com\/sunonoticias\/\",\"https:\/\/www.instagram.com\/sunonoticias\/\",\"https:\/\/x.com\/https:\/\/twitter.com\/sunoresearch\",\"https:\/\/www.youtube.com\/sunonoticias\"],\"url\":\"https:\/\/www.suno.com.br\/noticias\/author\/redacao-suno\/\"}]}<\/script>\n<!-- \/ Yoast SEO plugin. -->","yoast_head_json":{"title":"PRF pede refor\u00e7o de aeronaves e For\u00e7a Nacional para liberar rodovias","description":"O diretor-geral da PRF, Silvinei Vasques, pediu refor\u00e7o de aeronaves da Pol\u00edcia Federal e da For\u00e7a Nacional contra bloqueio de rodovias","robots":{"index":"index","follow":"follow","max-snippet":"max-snippet:-1","max-image-preview":"max-image-preview:large","max-video-preview":"max-video-preview:-1"},"canonical":"https:\/\/www.suno.com.br\/noticias\/prf-pede-reforco-aeronaves-pf-forca-nacional-rodovias-bloqueadas\/","og_locale":"pt_BR","og_type":"article","og_title":"PRF pede refor\u00e7o de aeronaves e For\u00e7a Nacional para liberar rodovias","og_description":"O diretor-geral da PRF, Silvinei Vasques, pediu refor\u00e7o de aeronaves da Pol\u00edcia Federal e da For\u00e7a Nacional contra bloqueio de rodovias","og_url":"https:\/\/www.suno.com.br\/noticias\/prf-pede-reforco-aeronaves-pf-forca-nacional-rodovias-bloqueadas\/","og_site_name":"Suno Not\u00edcias","article_publisher":"https:\/\/facebook.com\/sunoresearch","article_author":"https:\/\/www.facebook.com\/sunonoticias\/","og_image":[{"width":1396,"height":834,"url":"https:\/\/files.sunoresearch.com.br\/n\/uploads\/2022\/06\/caminhoneiros.jpg","type":"image\/jpeg"}],"author":"Reda\u00e7\u00e3o Suno Not\u00edcias","twitter_card":"summary_large_image","twitter_creator":"@https:\/\/twitter.com\/sunoresearch","twitter_site":"@sunoresearch","twitter_misc":{"Escrito por":"Reda\u00e7\u00e3o Suno Not\u00edcias","Est. tempo de leitura":"4 minutos"},"schema":{"@context":"https:\/\/schema.org","@graph":[{"@type":"NewsArticle","@id":"https:\/\/www.suno.com.br\/noticias\/prf-pede-reforco-aeronaves-pf-forca-nacional-rodovias-bloqueadas\/#article","isPartOf":{"@id":"https:\/\/www.suno.com.br\/noticias\/prf-pede-reforco-aeronaves-pf-forca-nacional-rodovias-bloqueadas\/"},"author":{"name":"Reda\u00e7\u00e3o Suno Not\u00edcias","@id":"https:\/\/www.suno.com.br\/noticias\/#\/schema\/person\/c1b1bd3727fa852bd045e9dbff3673ea"},"headline":"PRF pede refor\u00e7o de aeronaves da PF e For\u00e7a Nacional para liberar rodovias bloqueadas","datePublished":"2022-11-01T21:52:39+00:00","dateModified":"2022-11-01T21:58:32+00:00","mainEntityOfPage":{"@id":"https:\/\/www.suno.com.br\/noticias\/prf-pede-reforco-aeronaves-pf-forca-nacional-rodovias-bloqueadas\/"},"wordCount":722,"publisher":{"@id":"https:\/\/www.suno.com.br\/noticias\/#organization"},"image":{"@id":"https:\/\/www.suno.com.br\/noticias\/prf-pede-reforco-aeronaves-pf-forca-nacional-rodovias-bloqueadas\/#primaryimage"},"thumbnailUrl":"https:\/\/files.sunoresearch.com.br\/n\/uploads\/2022\/06\/caminhoneiros.jpg","keywords":["Elei\u00e7\u00f5es"],"articleSection":["Pol\u00edtica"],"inLanguage":"pt-BR"},{"@type":"WebPage","@id":"https:\/\/www.suno.com.br\/noticias\/prf-pede-reforco-aeronaves-pf-forca-nacional-rodovias-bloqueadas\/","url":"https:\/\/www.suno.com.br\/noticias\/prf-pede-reforco-aeronaves-pf-forca-nacional-rodovias-bloqueadas\/","name":"PRF pede refor\u00e7o de aeronaves e For\u00e7a Nacional para liberar rodovias","isPartOf":{"@id":"https:\/\/www.suno.com.br\/noticias\/#website"},"primaryImageOfPage":{"@id":"https:\/\/www.suno.com.br\/noticias\/prf-pede-reforco-aeronaves-pf-forca-nacional-rodovias-bloqueadas\/#primaryimage"},"image":{"@id":"https:\/\/www.suno.com.br\/noticias\/prf-pede-reforco-aeronaves-pf-forca-nacional-rodovias-bloqueadas\/#primaryimage"},"thumbnailUrl":"https:\/\/files.sunoresearch.com.br\/n\/uploads\/2022\/06\/caminhoneiros.jpg","datePublished":"2022-11-01T21:52:39+00:00","dateModified":"2022-11-01T21:58:32+00:00","description":"O diretor-geral da PRF, Silvinei Vasques, pediu refor\u00e7o de aeronaves da Pol\u00edcia Federal e da For\u00e7a Nacional contra bloqueio de rodovias","breadcrumb":{"@id":"https:\/\/www.suno.com.br\/noticias\/prf-pede-reforco-aeronaves-pf-forca-nacional-rodovias-bloqueadas\/#breadcrumb"},"inLanguage":"pt-BR","potentialAction":[{"@type":"ReadAction","target":["https:\/\/www.suno.com.br\/noticias\/prf-pede-reforco-aeronaves-pf-forca-nacional-rodovias-bloqueadas\/"]}]},{"@type":"ImageObject","inLanguage":"pt-BR","@id":"https:\/\/www.suno.com.br\/noticias\/prf-pede-reforco-aeronaves-pf-forca-nacional-rodovias-bloqueadas\/#primaryimage","url":"https:\/\/files.sunoresearch.com.br\/n\/uploads\/2022\/06\/caminhoneiros.jpg","contentUrl":"https:\/\/files.sunoresearch.com.br\/n\/uploads\/2022\/06\/caminhoneiros.jpg","width":1396,"height":834,"caption":"Greve dos caminhoneiros. Foto: Ag\u00eancia Brasil"},{"@type":"BreadcrumbList","@id":"https:\/\/www.suno.com.br\/noticias\/prf-pede-reforco-aeronaves-pf-forca-nacional-rodovias-bloqueadas\/#breadcrumb","itemListElement":[{"@type":"ListItem","position":1,"name":"Not\u00edcias","item":"https:\/\/www.suno.com.br\/noticias\/"},{"@type":"ListItem","position":2,"name":"Pol\u00edtica","item":"https:\/\/www.suno.com.br\/noticias\/politica\/"},{"@type":"ListItem","position":3,"name":"PRF pede refor\u00e7o de aeronaves da PF e For\u00e7a Nacional para liberar rodovias bloqueadas"}]},{"@type":"WebSite","@id":"https:\/\/www.suno.com.br\/noticias\/#website","url":"https:\/\/www.suno.com.br\/noticias\/","name":"Suno Not\u00edcias","description":"Seu portal de informa\u00e7\u00e3o sobre o mundo dos investimentos","publisher":{"@id":"https:\/\/www.suno.com.br\/noticias\/#organization"},"potentialAction":[{"@type":"SearchAction","target":{"@type":"EntryPoint","urlTemplate":"https:\/\/www.suno.com.br\/noticias\/?s={search_term_string}"},"query-input":{"@type":"PropertyValueSpecification","valueRequired":true,"valueName":"search_term_string"}}],"inLanguage":"pt-BR"},{"@type":"Organization","@id":"https:\/\/www.suno.com.br\/noticias\/#organization","name":"Suno Not\u00edcias","url":"https:\/\/www.suno.com.br\/noticias\/","logo":{"@type":"ImageObject","inLanguage":"pt-BR","@id":"https:\/\/www.suno.com.br\/noticias\/#\/schema\/logo\/image\/","url":"https:\/\/files.sunoresearch.com.br\/n\/uploads\/2021\/09\/suno-logo.png","contentUrl":"https:\/\/files.sunoresearch.com.br\/n\/uploads\/2021\/09\/suno-logo.png","width":180,"height":180,"caption":"Suno Not\u00edcias"},"image":{"@id":"https:\/\/www.suno.com.br\/noticias\/#\/schema\/logo\/image\/"},"sameAs":["https:\/\/facebook.com\/sunoresearch","https:\/\/x.com\/sunoresearch","https:\/\/www.instagram.com\/suno","https:\/\/www.linkedin.com\/company\/suno-research\/","https:\/\/www.youtube.com\/c\/sunoresearch"]},{"@type":"Person","@id":"https:\/\/www.suno.com.br\/noticias\/#\/schema\/person\/c1b1bd3727fa852bd045e9dbff3673ea","name":"Reda\u00e7\u00e3o Suno Not\u00edcias","image":{"@type":"ImageObject","inLanguage":"pt-BR","@id":"https:\/\/www.suno.com.br\/noticias\/#\/schema\/person\/image\/","url":"https:\/\/secure.gravatar.com\/avatar\/b8104b9b5a71985d5238ee59fbe418af?s=96&r=g","contentUrl":"https:\/\/secure.gravatar.com\/avatar\/b8104b9b5a71985d5238ee59fbe418af?s=96&r=g","caption":"Reda\u00e7\u00e3o Suno Not\u00edcias"},"description":"O Suno Not\u00edcias \u00e9 um portal de informa\u00e7\u00f5es sobre Mercado Financeiro, Pol\u00edtica, Neg\u00f3cios, Economia e Finan\u00e7as Pessoais.","sameAs":["https:\/\/www.suno.com.br\/noticias","https:\/\/www.facebook.com\/sunonoticias\/","https:\/\/www.instagram.com\/sunonoticias\/","https:\/\/x.com\/https:\/\/twitter.com\/sunoresearch","https:\/\/www.youtube.com\/sunonoticias"],"url":"https:\/\/www.suno.com.br\/noticias\/author\/redacao-suno\/"}]}},"default_loop_html":"<div class=\"cardsPage__listCard__boxs\"><div class=\"cardsPage__listCard__boxs__img\"><a href=\"https:\/\/www.suno.com.br\/noticias\/prf-pede-reforco-aeronaves-pf-forca-nacional-rodovias-bloqueadas\/\"><img class=\"mask\" src=\"https:\/\/www.suno.com.br\/noticias\/wp-content\/themes\/suno\/resources\/images\/spotlight\/spotlight1img\/bg-mask.png\" alt=\"Image Mask\"\/><img src=\"https:\/\/files.sunoresearch.com.br\/n\/uploads\/2022\/06\/caminhoneiros-400x200.jpg\" alt=\"PRF pede refor\u00e7o de aeronaves da PF e For\u00e7a Nacional para liberar rodovias bloqueadas\"\/><\/a><span class=\"spotlightCategory\"><a href=\"https:\/\/www.suno.com.br\/noticias\/politica\/\">Pol\u00edtica<\/a><\/span><\/div><div class=\"cardsPage__listCard__boxs__content\"><a href=\"https:\/\/www.suno.com.br\/noticias\/prf-pede-reforco-aeronaves-pf-forca-nacional-rodovias-bloqueadas\/\"><h2 class=\"content__title\">PRF pede refor\u00e7o de aeronaves da PF e For\u00e7a Nacional para liberar rodovias bloqueadas<\/h2><\/a><div class=\"newsContent__article__meta\"><div class=\"newsContent__article__meta__authorBox\"><a href=\"https:\/\/www.suno.com.br\/noticias\/author\/redacao-suno\/\" class=\"authorBox__avatar noMobi\"><img src=\"https:\/\/files.sunoresearch.com.br\/n\/uploads\/2020\/08\/0ace682d-redacao-1-150x150.webp\" alt=\"Reda\u00e7\u00e3o Suno Not\u00edcias\"><\/a><div class=\"authorBox__name\"><span>por\n\t\t\t<a href=\"https:\/\/www.suno.com.br\/noticias\/author\/redacao-suno\/\"><span itemprop=\"author\">Reda\u00e7\u00e3o Suno Not\u00edcias<\/span><\/a><\/span><time datetime=\"2022-11-01T18:52:39-03:00\" itemprop=\"datePublished\">01\/11\/2022 18:52<\/time><\/div><\/div><\/div><\/div><\/div>","single_layout":"posts","amp_enabled":true,"_links":{"self":[{"href":"https:\/\/www.suno.com.br\/noticias\/wp-json\/wp\/v2\/posts\/314722"}],"collection":[{"href":"https:\/\/www.suno.com.br\/noticias\/wp-json\/wp\/v2\/posts"}],"about":[{"href":"https:\/\/www.suno.com.br\/noticias\/wp-json\/wp\/v2\/types\/post"}],"author":[{"embeddable":true,"href":"https:\/\/www.suno.com.br\/noticias\/wp-json\/wp\/v2\/users\/43"}],"replies":[{"embeddable":true,"href":"https:\/\/www.suno.com.br\/noticias\/wp-json\/wp\/v2\/comments?post=314722"}],"version-history":[{"count":3,"href":"https:\/\/www.suno.com.br\/noticias\/wp-json\/wp\/v2\/posts\/314722\/revisions"}],"predecessor-version":[{"id":314739,"href":"https:\/\/www.suno.com.br\/noticias\/wp-json\/wp\/v2\/posts\/314722\/revisions\/314739"}],"wp:featuredmedia":[{"embeddable":true,"href":"https:\/\/www.suno.com.br\/noticias\/wp-json\/wp\/v2\/media\/268877"}],"wp:attachment":[{"href":"https:\/\/www.suno.com.br\/noticias\/wp-json\/wp\/v2\/media?parent=314722"}],"wp:term":[{"taxonomy":"category","embeddable":true,"href":"https:\/\/www.suno.com.br\/noticias\/wp-json\/wp\/v2\/categories?post=314722"},{"taxonomy":"post_tag","embeddable":true,"href":"https:\/\/www.suno.com.br\/noticias\/wp-json\/wp\/v2\/tags?post=314722"},{"taxonomy":"suno_strategy","embeddable":true,"href":"https:\/\/www.suno.com.br\/noticias\/wp-json\/wp\/v2\/suno_strategy?post=314722"}],"curies":[{"name":"wp","href":"https:\/\/api.w.org\/{rel}","templated":true}]}}