{"id":314568,"date":"2022-11-01T20:46:37","date_gmt":"2022-11-01T23:46:37","guid":{"rendered":"https:\/\/www.suno.com.br\/noticias\/?p=314568"},"modified":"2022-11-01T21:12:37","modified_gmt":"2022-11-02T00:12:37","slug":"cielo-ciel3-acoes-caem-mesmo-apos-resultados-positivos","status":"publish","type":"post","link":"https:\/\/www.suno.com.br\/noticias\/cielo-ciel3-acoes-caem-mesmo-apos-resultados-positivos\/","title":{"rendered":"Cielo (CIEL3): a\u00e7\u00f5es caem 7,7% mesmo ap\u00f3s resultados positivos no 3T22. O que aconteceu?"},"content":{"rendered":"<p>A <strong><a class=\"suno-keyword\" href=\"https:\/\/www.suno.com.br\/acoes\/CIEL3\/\" target=\"_blank\" rel=\"noopener\" data-force=\"yes\" data-priority=\"2\">Cielo (CIEL3)<\/a><\/strong> apresentou ao mercado seus n\u00fameros do 3T22 na \u00faltima segunda-feira (31). O resultado foi bem recebido pelo mercado, que avaliou o desempenho como positivo. Apesar disso, as <a class=\"suno-keyword\" href=\"https:\/\/www.suno.com.br\/artigos\/o-que-sao-acoes-ordinarias-preferenciais-e-units\/\" target=\"_blank\" rel=\"noopener\" data-force=\"no\" data-priority=\"1\">a\u00e7\u00f5es ordin\u00e1rias<\/a> da empresa come\u00e7aram a cair nesta ter\u00e7a-feira (1\u00ba) e fecharam em queda de 7,73%, negociadas a R$ 5,49.<\/p>\t<div class=\"wrapper-featured-image\">\n\t\t<figure class=\"spotlightImg\">\n\n\t\t\t<picture>\n\t\t\t\t<source media=\"(max-width: 768px)\" srcset=\"https:\/\/files.sunoresearch.com.br\/n\/uploads\/2019\/09\/60fb7999-cielo-400x200.webp\">\n\t\t\t\t<img loading=\"lazy\" decoding=\"async\" class=\"newsContent__article__imgCapa lazyloadDisabled \" src=\"https:\/\/files.sunoresearch.com.br\/n\/uploads\/2019\/09\/60fb7999-cielo-800x450.webp\" width=\"800\" height=\"450\" alt=\"Cielo (CIEL3): a\u00e7\u00f5es caem 7,7% mesmo ap\u00f3s resultados positivos no 3T22. O que aconteceu?\" fetchpriority=high \/>\n\t\t\t<\/picture>\n\n\t\t\t<figcaption class=\"wp-caption-text wp-caption-text--show\">Cielo (CIEL3). - Foto: Divulga\u00e7\u00e3o<\/figcaption>\n\t\t<\/figure>\n\t<\/div>\n\n\n\t<p>\n\t\t<a href=\"https:\/\/lp.suno.com.br\/planilha-controle-gastos\/\" target=\"_blank\" data-element=\"shortcode-suno-banner\" title=\"Banner SUNO, clique e saiba mais\">\n\t\t\t<picture>\n\t\t\t\t<source media=\"(max-width: 500px)\" srcset=\"https:\/\/files.sunoresearch.com.br\/n\/uploads\/2023\/03\/400x300-Planilha-controle-de-gastos.png\">\n\t\t\t\t<img class=\"newsContent__article__imgCapa newsContent__article__imgCapa--banner\"\n\t\t\t\t\tsrc=\"https:\/\/files.sunoresearch.com.br\/n\/uploads\/2023\/03\/1420x240-Planilha-controle-de-gastos.png\"\n\t\t\t\t\tdata-promo-id=\"311945\"\t\t\t\t\t\t\t\t\t\twidth='1420' height='240'\t\t\t\t\talt=\"https:\/\/files.sunoresearch.com.br\/n\/uploads\/2023\/03\/1420x240-Planilha-controle-de-gastos.png\"\n\t\t\t\t>\n\t\t\t<\/picture>\n\t\t<\/a>\n\t<\/p>\n\n\n<p>Nos \u00faltimos tr\u00eas preg\u00f5es <strong>as a\u00e7\u00f5es da Cielo<\/strong> subiram 10% e, no acumulado do ano, a alta \u00e9 de 154%, a maior do Ibovespa. A queda de hoje pode ser explicada por uma poss\u00edvel realiza\u00e7\u00e3o dos investidores.<\/p>\n<h2>Genial: Cielo segue trajet\u00f3ria de recupera\u00e7\u00e3o<\/h2>\n<p>A Genial Investimentos avalia que a companhia &#8220;continua uma trajet\u00f3ria de recupera\u00e7\u00e3o, dada a situa\u00e7\u00e3o das concorrentes, o que foi parcialmente j\u00e1 precificado na bela performance das a\u00e7\u00f5es este ano&#8221;. Para o lucro do 3T22, a Genial estimava R$ 424 milh\u00f5es e a empresa reportou R$ 422 milh\u00f5es. Mas esse n\u00famero \u00e9 16,5% maior do que o esperado pelo mercado, de R$ 362 milh\u00f5es. &#8220;Nas despesas \u00e9 poss\u00edvel ver um controle maior dos gastos, o que resultou em um crescimento da \u00faltima linha (lucro) em 10% t\/t e 99% a\/a&#8221;, dizem os analistas.<\/p>\n<p>A casa de an\u00e1lise considera bons os <strong>resultados da Cielo<\/strong> e destaca o pagamento de JCP referente ao trimestre, de R$ 148 milh\u00f5es, representando um <a class=\"suno-keyword\" href=\"https:\/\/www.suno.com.br\/artigos\/dividend-yield-como-calcular\/\" target=\"_blank\" rel=\"noopener\" data-force=\"no\" data-priority=\"2\">dividend yield<\/a> de 0,92% e um <em>payout <\/em>de 35% em rela\u00e7\u00e3o ao lucro do trimestre.<\/p>\n\t<p>\n\t\t<a href=\"https:\/\/lp.suno.com.br\/ebook-como-analisar-uma-acao\/\" target=\"_blank\" data-element=\"shortcode-suno-banner\" title=\"Banner SUNO, clique e saiba mais\">\n\t\t\t<picture>\n\t\t\t\t<source media=\"(max-width: 500px)\" srcset=\"https:\/\/files.sunoresearch.com.br\/n\/uploads\/2023\/03\/Ebook-Acoes-Mobile.jpg\">\n\t\t\t\t<img class=\"newsContent__article__imgCapa newsContent__article__imgCapa--banner\"\n\t\t\t\t\tsrc=\"https:\/\/files.sunoresearch.com.br\/n\/uploads\/2023\/03\/Ebook-Acoes-Desktop.jpg\"\n\t\t\t\t\tdata-promo-id=\"311946\"\t\t\t\t\t\t\t\t\t\twidth='1420' height='286'\t\t\t\t\talt=\"https:\/\/files.sunoresearch.com.br\/n\/uploads\/2023\/03\/Ebook-Acoes-Desktop.jpg\"\n\t\t\t\t>\n\t\t\t<\/picture>\n\t\t<\/a>\n\t<\/p>\n\n\n<p>Os resultados financeiros, por outro lado, seguem pressionados com as despesas l\u00edquidas de R$ 653 milh\u00f5es no 3T22, piorando 14,9% t\/t e 147,9% a\/a. A Genial j\u00e1 esperava um aumento em fun\u00e7\u00e3o do maior custo de funding de produtos de prazo com o aumento da taxa Selic.<\/p>\n<p>Outo an\u00fancio que chamou a aten\u00e7\u00e3o foi a 6\u00aa emiss\u00e3o de deb\u00eantures, no valor de R$ 3 bilh\u00f5es, com uma taxa de CDI + 1,2% e vencimento em 2025. Segundo a Genial, &#8220;a d\u00edvida entrar\u00e1 em circula\u00e7\u00e3o no balan\u00e7o do 4T22, quando j\u00e1 veremos impactos tamb\u00e9m no resultado financeiro. A emiss\u00e3o tem a finalidade de gest\u00e3o de liquidez para os produtos de prazo&#8221;.<\/p>\n<h2>Ita\u00fa BBA: resultados em linha com as expectativas<\/h2>\n<p>O Ita\u00fa BBA tamb\u00e9m repercutiu os <strong>resultados da Cielo\u00a0<\/strong>e os considerou em linha com as expectativas. A an\u00e1lise destacou que as margens operacionais melhoraram, compensando a perda de volumes.<\/p>\n<p>Outro destaque foi o volume de cr\u00e9dito, que permaneceu praticamente inalterado. Enquanto a receita l\u00edquida de aquisi\u00e7\u00e3o cresceu 28% A\/A, os custos totais subiram 15% na compara\u00e7\u00e3o anual, O Ebitda (Lucros antes de juros, impostos, deprecia\u00e7\u00e3o e amortiza\u00e7\u00e3o) cresceu 70% anualmente, com margens de 33%. O lucro l\u00edquido da <strong>Cielo<\/strong> aumentou 94%, ante o 3T21, para R$ 246 milh\u00f5es.<\/p>\n\t<p>\n\t\t<a href=\"https:\/\/lp.suno.com.br\/ebook-investindo-em-fiis\/\" target=\"_blank\" data-element=\"shortcode-suno-banner\" title=\"Banner SUNO, clique e saiba mais\">\n\t\t\t<picture>\n\t\t\t\t<source media=\"(max-width: 500px)\" srcset=\"https:\/\/files.sunoresearch.com.br\/n\/uploads\/2023\/03\/Ebook-Fundos-Imobiliarios-Mobile-1.jpg\">\n\t\t\t\t<img class=\"newsContent__article__imgCapa newsContent__article__imgCapa--banner\"\n\t\t\t\t\tsrc=\"https:\/\/files.sunoresearch.com.br\/n\/uploads\/2023\/03\/Ebook-Fundos-Imobiliarios-Desktop-1.jpg\"\n\t\t\t\t\tdata-promo-id=\"313843\"\t\t\t\t\t\t\t\t\t\twidth='1420' height='286'\t\t\t\t\talt=\"https:\/\/files.sunoresearch.com.br\/n\/uploads\/2023\/03\/Ebook-Fundos-Imobiliarios-Desktop-1.jpg\"\n\t\t\t\t>\n\t\t\t<\/picture>\n\t\t<\/a>\n\t<\/p>\n\n\n","protected":false},"excerpt":{"rendered":"<p>A Cielo (CIEL3) apresentou ao mercado seus n\u00fameros do 3T22 na \u00faltima segunda-feira (31). O resultado foi bem recebido pelo mercado, que avaliou o desempenho como positivo. Apesar disso, as a\u00e7\u00f5es ordin\u00e1rias da empresa come\u00e7aram a cair nesta ter\u00e7a-feira (1\u00ba) e fecharam em queda de 7,73%, negociadas a R$ 5,49. Cielo (CIEL3). &#8211; Foto: Divulga\u00e7\u00e3o [&hellip;]<\/p>\n","protected":false},"author":194,"featured_media":38318,"comment_status":"closed","ping_status":"closed","sticky":false,"template":"","format":"standard","meta":[],"categories":[64],"tags":[423],"suno_strategy":[],"class_list":["post-314568","post","type-post","status-publish","format-standard","has-post-thumbnail","hentry","category-negocios","tag-cielo-ciel3"],"yoast_head":"<!-- This site is optimized with the Yoast SEO plugin v24.4 - https:\/\/yoast.com\/wordpress\/plugins\/seo\/ -->\n<title>Cielo (CIEL3): a\u00e7\u00f5es caem 7,7% mesmo ap\u00f3s 3T22 positivo. Por qu\u00ea?<\/title>\n<meta name=\"description\" content=\"A Cielo (CIEL3) apresentou ao mercado seus n\u00fameros do 3T22 na \u00faltima segunda-feira (31) e as a\u00e7\u00f5es ca\u00edram nesta tarde. Saiba mais.\" \/>\n<meta name=\"robots\" content=\"index, follow, max-snippet:-1, max-image-preview:large, max-video-preview:-1\" \/>\n<link rel=\"canonical\" href=\"https:\/\/www.suno.com.br\/noticias\/cielo-ciel3-acoes-caem-mesmo-apos-resultados-positivos\/\" \/>\n<meta property=\"og:locale\" content=\"pt_BR\" \/>\n<meta property=\"og:type\" content=\"article\" \/>\n<meta property=\"og:title\" content=\"Cielo (CIEL3): a\u00e7\u00f5es caem 7,7% mesmo ap\u00f3s 3T22 positivo. Por qu\u00ea?\" \/>\n<meta property=\"og:description\" content=\"A Cielo (CIEL3) apresentou ao mercado seus n\u00fameros do 3T22 na \u00faltima segunda-feira (31) e as a\u00e7\u00f5es ca\u00edram nesta tarde. Saiba mais.\" \/>\n<meta property=\"og:url\" content=\"https:\/\/www.suno.com.br\/noticias\/cielo-ciel3-acoes-caem-mesmo-apos-resultados-positivos\/\" \/>\n<meta property=\"og:site_name\" content=\"Suno Not\u00edcias\" \/>\n<meta property=\"article:publisher\" content=\"https:\/\/facebook.com\/sunoresearch\" \/>\n<meta property=\"og:image\" content=\"https:\/\/files.sunoresearch.com.br\/n\/uploads\/2019\/09\/60fb7999-cielo.jpg\" \/>\n\t<meta property=\"og:image:width\" content=\"1920\" \/>\n\t<meta property=\"og:image:height\" content=\"1280\" \/>\n\t<meta property=\"og:image:type\" content=\"image\/jpeg\" \/>\n<meta name=\"author\" content=\"Isabella Taglapietra\" \/>\n<meta name=\"twitter:card\" content=\"summary_large_image\" \/>\n<meta name=\"twitter:creator\" content=\"@sunoresearch\" \/>\n<meta name=\"twitter:site\" content=\"@sunoresearch\" \/>\n<meta name=\"twitter:label1\" content=\"Escrito por\" \/>\n\t<meta name=\"twitter:data1\" content=\"Isabella Taglapietra\" \/>\n\t<meta name=\"twitter:label2\" content=\"Est. tempo de leitura\" \/>\n\t<meta name=\"twitter:data2\" content=\"3 minutos\" \/>\n<script type=\"application\/ld+json\" class=\"yoast-schema-graph\">{\"@context\":\"https:\/\/schema.org\",\"@graph\":[{\"@type\":\"NewsArticle\",\"@id\":\"https:\/\/www.suno.com.br\/noticias\/cielo-ciel3-acoes-caem-mesmo-apos-resultados-positivos\/#article\",\"isPartOf\":{\"@id\":\"https:\/\/www.suno.com.br\/noticias\/cielo-ciel3-acoes-caem-mesmo-apos-resultados-positivos\/\"},\"author\":{\"name\":\"Isabella Taglapietra\",\"@id\":\"https:\/\/www.suno.com.br\/noticias\/#\/schema\/person\/a0be106724f6f5d705d70f04333cb249\"},\"headline\":\"Cielo (CIEL3): a\u00e7\u00f5es caem 7,7% mesmo ap\u00f3s resultados positivos no 3T22. O que aconteceu?\",\"datePublished\":\"2022-11-01T23:46:37+00:00\",\"dateModified\":\"2022-11-02T00:12:37+00:00\",\"mainEntityOfPage\":{\"@id\":\"https:\/\/www.suno.com.br\/noticias\/cielo-ciel3-acoes-caem-mesmo-apos-resultados-positivos\/\"},\"wordCount\":478,\"publisher\":{\"@id\":\"https:\/\/www.suno.com.br\/noticias\/#organization\"},\"image\":{\"@id\":\"https:\/\/www.suno.com.br\/noticias\/cielo-ciel3-acoes-caem-mesmo-apos-resultados-positivos\/#primaryimage\"},\"thumbnailUrl\":\"https:\/\/files.sunoresearch.com.br\/n\/uploads\/2019\/09\/60fb7999-cielo-jpg.webp\",\"keywords\":[\"Cielo (CIEL3)\"],\"articleSection\":[\"Neg\u00f3cios\"],\"inLanguage\":\"pt-BR\"},{\"@type\":\"WebPage\",\"@id\":\"https:\/\/www.suno.com.br\/noticias\/cielo-ciel3-acoes-caem-mesmo-apos-resultados-positivos\/\",\"url\":\"https:\/\/www.suno.com.br\/noticias\/cielo-ciel3-acoes-caem-mesmo-apos-resultados-positivos\/\",\"name\":\"Cielo (CIEL3): a\u00e7\u00f5es caem 7,7% mesmo ap\u00f3s 3T22 positivo. Por qu\u00ea?\",\"isPartOf\":{\"@id\":\"https:\/\/www.suno.com.br\/noticias\/#website\"},\"primaryImageOfPage\":{\"@id\":\"https:\/\/www.suno.com.br\/noticias\/cielo-ciel3-acoes-caem-mesmo-apos-resultados-positivos\/#primaryimage\"},\"image\":{\"@id\":\"https:\/\/www.suno.com.br\/noticias\/cielo-ciel3-acoes-caem-mesmo-apos-resultados-positivos\/#primaryimage\"},\"thumbnailUrl\":\"https:\/\/files.sunoresearch.com.br\/n\/uploads\/2019\/09\/60fb7999-cielo-jpg.webp\",\"datePublished\":\"2022-11-01T23:46:37+00:00\",\"dateModified\":\"2022-11-02T00:12:37+00:00\",\"description\":\"A Cielo (CIEL3) apresentou ao mercado seus n\u00fameros do 3T22 na \u00faltima segunda-feira (31) e as a\u00e7\u00f5es ca\u00edram nesta tarde. Saiba mais.\",\"breadcrumb\":{\"@id\":\"https:\/\/www.suno.com.br\/noticias\/cielo-ciel3-acoes-caem-mesmo-apos-resultados-positivos\/#breadcrumb\"},\"inLanguage\":\"pt-BR\",\"potentialAction\":[{\"@type\":\"ReadAction\",\"target\":[\"https:\/\/www.suno.com.br\/noticias\/cielo-ciel3-acoes-caem-mesmo-apos-resultados-positivos\/\"]}]},{\"@type\":\"ImageObject\",\"inLanguage\":\"pt-BR\",\"@id\":\"https:\/\/www.suno.com.br\/noticias\/cielo-ciel3-acoes-caem-mesmo-apos-resultados-positivos\/#primaryimage\",\"url\":\"https:\/\/files.sunoresearch.com.br\/n\/uploads\/2019\/09\/60fb7999-cielo-jpg.webp\",\"contentUrl\":\"https:\/\/files.sunoresearch.com.br\/n\/uploads\/2019\/09\/60fb7999-cielo-jpg.webp\",\"width\":1920,\"height\":1280,\"caption\":\"Cielo (CIEL3). - Foto: Divulga\u00e7\u00e3o\"},{\"@type\":\"BreadcrumbList\",\"@id\":\"https:\/\/www.suno.com.br\/noticias\/cielo-ciel3-acoes-caem-mesmo-apos-resultados-positivos\/#breadcrumb\",\"itemListElement\":[{\"@type\":\"ListItem\",\"position\":1,\"name\":\"Not\u00edcias\",\"item\":\"https:\/\/www.suno.com.br\/noticias\/\"},{\"@type\":\"ListItem\",\"position\":2,\"name\":\"Neg\u00f3cios\",\"item\":\"https:\/\/www.suno.com.br\/noticias\/negocios\/\"},{\"@type\":\"ListItem\",\"position\":3,\"name\":\"Cielo (CIEL3): a\u00e7\u00f5es caem 7,7% mesmo ap\u00f3s resultados positivos no 3T22. O que aconteceu?\"}]},{\"@type\":\"WebSite\",\"@id\":\"https:\/\/www.suno.com.br\/noticias\/#website\",\"url\":\"https:\/\/www.suno.com.br\/noticias\/\",\"name\":\"Suno Not\u00edcias\",\"description\":\"Seu portal de informa\u00e7\u00e3o sobre o mundo dos investimentos\",\"publisher\":{\"@id\":\"https:\/\/www.suno.com.br\/noticias\/#organization\"},\"potentialAction\":[{\"@type\":\"SearchAction\",\"target\":{\"@type\":\"EntryPoint\",\"urlTemplate\":\"https:\/\/www.suno.com.br\/noticias\/?s={search_term_string}\"},\"query-input\":{\"@type\":\"PropertyValueSpecification\",\"valueRequired\":true,\"valueName\":\"search_term_string\"}}],\"inLanguage\":\"pt-BR\"},{\"@type\":\"Organization\",\"@id\":\"https:\/\/www.suno.com.br\/noticias\/#organization\",\"name\":\"Suno Not\u00edcias\",\"url\":\"https:\/\/www.suno.com.br\/noticias\/\",\"logo\":{\"@type\":\"ImageObject\",\"inLanguage\":\"pt-BR\",\"@id\":\"https:\/\/www.suno.com.br\/noticias\/#\/schema\/logo\/image\/\",\"url\":\"https:\/\/files.sunoresearch.com.br\/n\/uploads\/2021\/09\/suno-logo.png\",\"contentUrl\":\"https:\/\/files.sunoresearch.com.br\/n\/uploads\/2021\/09\/suno-logo.png\",\"width\":180,\"height\":180,\"caption\":\"Suno Not\u00edcias\"},\"image\":{\"@id\":\"https:\/\/www.suno.com.br\/noticias\/#\/schema\/logo\/image\/\"},\"sameAs\":[\"https:\/\/facebook.com\/sunoresearch\",\"https:\/\/x.com\/sunoresearch\",\"https:\/\/www.instagram.com\/suno\",\"https:\/\/www.linkedin.com\/company\/suno-research\/\",\"https:\/\/www.youtube.com\/c\/sunoresearch\"]},{\"@type\":\"Person\",\"@id\":\"https:\/\/www.suno.com.br\/noticias\/#\/schema\/person\/a0be106724f6f5d705d70f04333cb249\",\"name\":\"Isabella Taglapietra\",\"image\":{\"@type\":\"ImageObject\",\"inLanguage\":\"pt-BR\",\"@id\":\"https:\/\/www.suno.com.br\/noticias\/#\/schema\/person\/image\/\",\"url\":\"https:\/\/secure.gravatar.com\/avatar\/089c9e06b71de293117116aaf339e22f?s=96&r=g\",\"contentUrl\":\"https:\/\/secure.gravatar.com\/avatar\/089c9e06b71de293117116aaf339e22f?s=96&r=g\",\"caption\":\"Isabella Taglapietra\"},\"description\":\"Rep\u00f3rter freelancer no Suno Not\u00edcias, cobre not\u00edcias di\u00e1rias sobre economia, balan\u00e7os trimestrais e pesquisas. Formada em jornalismo pela Faculdade C\u00e1sper L\u00edbero e p\u00f3s-graduanda em mercado de capitais pela Fecap, atuou como rep\u00f3rter de economia e finan\u00e7as no portal CRC!News e Elas que Lucrem, al\u00e9m de social media para empresas do mercado financeiro.\",\"url\":\"https:\/\/www.suno.com.br\/noticias\/author\/isabella-taglapietra\/\"}]}<\/script>\n<!-- \/ Yoast SEO plugin. -->","yoast_head_json":{"title":"Cielo (CIEL3): a\u00e7\u00f5es caem 7,7% mesmo ap\u00f3s 3T22 positivo. Por qu\u00ea?","description":"A Cielo (CIEL3) apresentou ao mercado seus n\u00fameros do 3T22 na \u00faltima segunda-feira (31) e as a\u00e7\u00f5es ca\u00edram nesta tarde. Saiba mais.","robots":{"index":"index","follow":"follow","max-snippet":"max-snippet:-1","max-image-preview":"max-image-preview:large","max-video-preview":"max-video-preview:-1"},"canonical":"https:\/\/www.suno.com.br\/noticias\/cielo-ciel3-acoes-caem-mesmo-apos-resultados-positivos\/","og_locale":"pt_BR","og_type":"article","og_title":"Cielo (CIEL3): a\u00e7\u00f5es caem 7,7% mesmo ap\u00f3s 3T22 positivo. Por qu\u00ea?","og_description":"A Cielo (CIEL3) apresentou ao mercado seus n\u00fameros do 3T22 na \u00faltima segunda-feira (31) e as a\u00e7\u00f5es ca\u00edram nesta tarde. Saiba mais.","og_url":"https:\/\/www.suno.com.br\/noticias\/cielo-ciel3-acoes-caem-mesmo-apos-resultados-positivos\/","og_site_name":"Suno Not\u00edcias","article_publisher":"https:\/\/facebook.com\/sunoresearch","og_image":[{"width":1920,"height":1280,"url":"https:\/\/files.sunoresearch.com.br\/n\/uploads\/2019\/09\/60fb7999-cielo.jpg","type":"image\/jpeg"}],"author":"Isabella Taglapietra","twitter_card":"summary_large_image","twitter_creator":"@sunoresearch","twitter_site":"@sunoresearch","twitter_misc":{"Escrito por":"Isabella Taglapietra","Est. tempo de leitura":"3 minutos"},"schema":{"@context":"https:\/\/schema.org","@graph":[{"@type":"NewsArticle","@id":"https:\/\/www.suno.com.br\/noticias\/cielo-ciel3-acoes-caem-mesmo-apos-resultados-positivos\/#article","isPartOf":{"@id":"https:\/\/www.suno.com.br\/noticias\/cielo-ciel3-acoes-caem-mesmo-apos-resultados-positivos\/"},"author":{"name":"Isabella Taglapietra","@id":"https:\/\/www.suno.com.br\/noticias\/#\/schema\/person\/a0be106724f6f5d705d70f04333cb249"},"headline":"Cielo (CIEL3): a\u00e7\u00f5es caem 7,7% mesmo ap\u00f3s resultados positivos no 3T22. O que aconteceu?","datePublished":"2022-11-01T23:46:37+00:00","dateModified":"2022-11-02T00:12:37+00:00","mainEntityOfPage":{"@id":"https:\/\/www.suno.com.br\/noticias\/cielo-ciel3-acoes-caem-mesmo-apos-resultados-positivos\/"},"wordCount":478,"publisher":{"@id":"https:\/\/www.suno.com.br\/noticias\/#organization"},"image":{"@id":"https:\/\/www.suno.com.br\/noticias\/cielo-ciel3-acoes-caem-mesmo-apos-resultados-positivos\/#primaryimage"},"thumbnailUrl":"https:\/\/files.sunoresearch.com.br\/n\/uploads\/2019\/09\/60fb7999-cielo-jpg.webp","keywords":["Cielo (CIEL3)"],"articleSection":["Neg\u00f3cios"],"inLanguage":"pt-BR"},{"@type":"WebPage","@id":"https:\/\/www.suno.com.br\/noticias\/cielo-ciel3-acoes-caem-mesmo-apos-resultados-positivos\/","url":"https:\/\/www.suno.com.br\/noticias\/cielo-ciel3-acoes-caem-mesmo-apos-resultados-positivos\/","name":"Cielo (CIEL3): a\u00e7\u00f5es caem 7,7% mesmo ap\u00f3s 3T22 positivo. Por qu\u00ea?","isPartOf":{"@id":"https:\/\/www.suno.com.br\/noticias\/#website"},"primaryImageOfPage":{"@id":"https:\/\/www.suno.com.br\/noticias\/cielo-ciel3-acoes-caem-mesmo-apos-resultados-positivos\/#primaryimage"},"image":{"@id":"https:\/\/www.suno.com.br\/noticias\/cielo-ciel3-acoes-caem-mesmo-apos-resultados-positivos\/#primaryimage"},"thumbnailUrl":"https:\/\/files.sunoresearch.com.br\/n\/uploads\/2019\/09\/60fb7999-cielo-jpg.webp","datePublished":"2022-11-01T23:46:37+00:00","dateModified":"2022-11-02T00:12:37+00:00","description":"A Cielo (CIEL3) apresentou ao mercado seus n\u00fameros do 3T22 na \u00faltima segunda-feira (31) e as a\u00e7\u00f5es ca\u00edram nesta tarde. Saiba mais.","breadcrumb":{"@id":"https:\/\/www.suno.com.br\/noticias\/cielo-ciel3-acoes-caem-mesmo-apos-resultados-positivos\/#breadcrumb"},"inLanguage":"pt-BR","potentialAction":[{"@type":"ReadAction","target":["https:\/\/www.suno.com.br\/noticias\/cielo-ciel3-acoes-caem-mesmo-apos-resultados-positivos\/"]}]},{"@type":"ImageObject","inLanguage":"pt-BR","@id":"https:\/\/www.suno.com.br\/noticias\/cielo-ciel3-acoes-caem-mesmo-apos-resultados-positivos\/#primaryimage","url":"https:\/\/files.sunoresearch.com.br\/n\/uploads\/2019\/09\/60fb7999-cielo-jpg.webp","contentUrl":"https:\/\/files.sunoresearch.com.br\/n\/uploads\/2019\/09\/60fb7999-cielo-jpg.webp","width":1920,"height":1280,"caption":"Cielo (CIEL3). - Foto: Divulga\u00e7\u00e3o"},{"@type":"BreadcrumbList","@id":"https:\/\/www.suno.com.br\/noticias\/cielo-ciel3-acoes-caem-mesmo-apos-resultados-positivos\/#breadcrumb","itemListElement":[{"@type":"ListItem","position":1,"name":"Not\u00edcias","item":"https:\/\/www.suno.com.br\/noticias\/"},{"@type":"ListItem","position":2,"name":"Neg\u00f3cios","item":"https:\/\/www.suno.com.br\/noticias\/negocios\/"},{"@type":"ListItem","position":3,"name":"Cielo (CIEL3): a\u00e7\u00f5es caem 7,7% mesmo ap\u00f3s resultados positivos no 3T22. O que aconteceu?"}]},{"@type":"WebSite","@id":"https:\/\/www.suno.com.br\/noticias\/#website","url":"https:\/\/www.suno.com.br\/noticias\/","name":"Suno Not\u00edcias","description":"Seu portal de informa\u00e7\u00e3o sobre o mundo dos investimentos","publisher":{"@id":"https:\/\/www.suno.com.br\/noticias\/#organization"},"potentialAction":[{"@type":"SearchAction","target":{"@type":"EntryPoint","urlTemplate":"https:\/\/www.suno.com.br\/noticias\/?s={search_term_string}"},"query-input":{"@type":"PropertyValueSpecification","valueRequired":true,"valueName":"search_term_string"}}],"inLanguage":"pt-BR"},{"@type":"Organization","@id":"https:\/\/www.suno.com.br\/noticias\/#organization","name":"Suno Not\u00edcias","url":"https:\/\/www.suno.com.br\/noticias\/","logo":{"@type":"ImageObject","inLanguage":"pt-BR","@id":"https:\/\/www.suno.com.br\/noticias\/#\/schema\/logo\/image\/","url":"https:\/\/files.sunoresearch.com.br\/n\/uploads\/2021\/09\/suno-logo.png","contentUrl":"https:\/\/files.sunoresearch.com.br\/n\/uploads\/2021\/09\/suno-logo.png","width":180,"height":180,"caption":"Suno Not\u00edcias"},"image":{"@id":"https:\/\/www.suno.com.br\/noticias\/#\/schema\/logo\/image\/"},"sameAs":["https:\/\/facebook.com\/sunoresearch","https:\/\/x.com\/sunoresearch","https:\/\/www.instagram.com\/suno","https:\/\/www.linkedin.com\/company\/suno-research\/","https:\/\/www.youtube.com\/c\/sunoresearch"]},{"@type":"Person","@id":"https:\/\/www.suno.com.br\/noticias\/#\/schema\/person\/a0be106724f6f5d705d70f04333cb249","name":"Isabella Taglapietra","image":{"@type":"ImageObject","inLanguage":"pt-BR","@id":"https:\/\/www.suno.com.br\/noticias\/#\/schema\/person\/image\/","url":"https:\/\/secure.gravatar.com\/avatar\/089c9e06b71de293117116aaf339e22f?s=96&r=g","contentUrl":"https:\/\/secure.gravatar.com\/avatar\/089c9e06b71de293117116aaf339e22f?s=96&r=g","caption":"Isabella Taglapietra"},"description":"Rep\u00f3rter freelancer no Suno Not\u00edcias, cobre not\u00edcias di\u00e1rias sobre economia, balan\u00e7os trimestrais e pesquisas. Formada em jornalismo pela Faculdade C\u00e1sper L\u00edbero e p\u00f3s-graduanda em mercado de capitais pela Fecap, atuou como rep\u00f3rter de economia e finan\u00e7as no portal CRC!News e Elas que Lucrem, al\u00e9m de social media para empresas do mercado financeiro.","url":"https:\/\/www.suno.com.br\/noticias\/author\/isabella-taglapietra\/"}]}},"default_loop_html":"<div class=\"cardsPage__listCard__boxs\"><div class=\"cardsPage__listCard__boxs__img\"><a href=\"https:\/\/www.suno.com.br\/noticias\/cielo-ciel3-acoes-caem-mesmo-apos-resultados-positivos\/\"><img class=\"mask\" src=\"https:\/\/www.suno.com.br\/noticias\/wp-content\/themes\/suno\/resources\/images\/spotlight\/spotlight1img\/bg-mask.png\" alt=\"Image Mask\"\/><img src=\"https:\/\/files.sunoresearch.com.br\/n\/uploads\/2019\/09\/60fb7999-cielo-400x200.webp\" alt=\"Cielo (CIEL3): a\u00e7\u00f5es caem 7,7% mesmo ap\u00f3s resultados positivos no 3T22. O que aconteceu?\"\/><\/a><span class=\"spotlightCategory\"><a href=\"https:\/\/www.suno.com.br\/noticias\/negocios\/\">Neg\u00f3cios<\/a><\/span><\/div><div class=\"cardsPage__listCard__boxs__content\"><a href=\"https:\/\/www.suno.com.br\/noticias\/cielo-ciel3-acoes-caem-mesmo-apos-resultados-positivos\/\"><h2 class=\"content__title\">Cielo (CIEL3): a\u00e7\u00f5es caem 7,7% mesmo ap\u00f3s resultados positivos no 3T22. O que aconteceu?<\/h2><\/a><div class=\"newsContent__article__meta\"><div class=\"newsContent__article__meta__authorBox\"><a href=\"https:\/\/www.suno.com.br\/noticias\/author\/isabella-taglapietra\/\" class=\"authorBox__avatar noMobi\"><img src=\"https:\/\/files.sunoresearch.com.br\/n\/uploads\/2022\/08\/WhatsApp-Image-2022-08-04-at-12.40.27-150x150.jpeg\" alt=\"Isabella Taglapietra\"><\/a><div class=\"authorBox__name\"><span>por\n\t\t\t<a href=\"https:\/\/www.suno.com.br\/noticias\/author\/isabella-taglapietra\/\"><span itemprop=\"author\">Isabella Taglapietra<\/span><\/a><\/span><time datetime=\"2022-11-01T20:46:37-03:00\" itemprop=\"datePublished\">01\/11\/2022 20:46<\/time><\/div><\/div><\/div><\/div><\/div>","single_layout":"posts","amp_enabled":true,"_links":{"self":[{"href":"https:\/\/www.suno.com.br\/noticias\/wp-json\/wp\/v2\/posts\/314568"}],"collection":[{"href":"https:\/\/www.suno.com.br\/noticias\/wp-json\/wp\/v2\/posts"}],"about":[{"href":"https:\/\/www.suno.com.br\/noticias\/wp-json\/wp\/v2\/types\/post"}],"author":[{"embeddable":true,"href":"https:\/\/www.suno.com.br\/noticias\/wp-json\/wp\/v2\/users\/194"}],"replies":[{"embeddable":true,"href":"https:\/\/www.suno.com.br\/noticias\/wp-json\/wp\/v2\/comments?post=314568"}],"version-history":[{"count":3,"href":"https:\/\/www.suno.com.br\/noticias\/wp-json\/wp\/v2\/posts\/314568\/revisions"}],"predecessor-version":[{"id":314777,"href":"https:\/\/www.suno.com.br\/noticias\/wp-json\/wp\/v2\/posts\/314568\/revisions\/314777"}],"wp:featuredmedia":[{"embeddable":true,"href":"https:\/\/www.suno.com.br\/noticias\/wp-json\/wp\/v2\/media\/38318"}],"wp:attachment":[{"href":"https:\/\/www.suno.com.br\/noticias\/wp-json\/wp\/v2\/media?parent=314568"}],"wp:term":[{"taxonomy":"category","embeddable":true,"href":"https:\/\/www.suno.com.br\/noticias\/wp-json\/wp\/v2\/categories?post=314568"},{"taxonomy":"post_tag","embeddable":true,"href":"https:\/\/www.suno.com.br\/noticias\/wp-json\/wp\/v2\/tags?post=314568"},{"taxonomy":"suno_strategy","embeddable":true,"href":"https:\/\/www.suno.com.br\/noticias\/wp-json\/wp\/v2\/suno_strategy?post=314568"}],"curies":[{"name":"wp","href":"https:\/\/api.w.org\/{rel}","templated":true}]}}