{"id":314551,"date":"2022-11-01T15:10:17","date_gmt":"2022-11-01T18:10:17","guid":{"rendered":"https:\/\/www.suno.com.br\/noticias\/?p=314551"},"modified":"2022-11-01T15:11:53","modified_gmt":"2022-11-01T18:11:53","slug":"geraldo-alckmin-governo-transicao-lula","status":"publish","type":"post","link":"https:\/\/www.suno.com.br\/noticias\/geraldo-alckmin-governo-transicao-lula\/","title":{"rendered":"Geraldo Alckmin \u00e9 escolhido para liderar transi\u00e7\u00e3o do governo Lula"},"content":{"rendered":"<p>O PT confirmou nesta ter\u00e7a (1\u00ba) que <a href=\"https:\/\/www.suno.com.br\/noticias\/alckmin-vice-chapa-lula-eleicoes\/\">Geraldo <strong>Alckmin<\/strong> (PSB)<\/a>, eleito vice-presidente da Rep\u00fablica no domingo (30), coordenar\u00e1 a transi\u00e7\u00e3o de governo.<\/p><div class=\"videoFull \">\n\t\t\t<div class=\"videoWrapper yt-lazyload center\"\n\t\t\t\tdata-width=\"960\"\n\t\t\t\tdata-height=\"540\"\n\t\t\t\tdata-id=\"GQMmDIHifz0\"\n\t\t\t\tdata-alt=\"V\u00eddeo do YouTube - clique para reproduzir\"\n\t\t\t\tdata-logo=\"3\"\n\t\t\t\tdata-imagequality=\"maxres\">\n\t\t\t<\/div>\n\t\t<\/div><script type=\"application\/ld+json\">{\"@context\":\"https:\/\/schema.org\",\"@type\":\"VideoObject\",\"name\":\"Lula escolhe Geraldo Alckmin para coordenar equipe de transi\u00e7\u00e3o de governos | BREAKING NEWS\",\"description\":\"\ud83d\udcda \ud83d\udcb8\ud83d\ude2e\u2600\ufe0f \ud835\uddd4 \ud835\uddd5\ud835\udddf\ud835\uddd4\ud835\uddd6\ud835\uddde \ud835\uddd9\ud835\udde5\ud835\udddc\ud835\uddd7\ud835\uddd4\ud835\uddec \ud835\uddf1\ud835\uddee \ud835\udde6\ud835\udde8\ud835\udde1\ud835\udde2 \ud835\uddf2\ud835\ude00\ud835\ude01\ud835\uddee\u0301 \ud835\uddf0\ud835\uddf5\ud835\uddf2\ud835\uddf4\ud835\uddee\ud835\uddfb\ud835\uddf1\ud835\uddfc! \ud835\uddd6\ud835\uddee\ud835\uddf1\ud835\uddee\ud835\ude00\ud835\ude01\ud835\uddff\ud835\uddf2-\ud835\ude00\ud835\uddf2 \ud835\uddf2 \ud835\uddff\ud835\uddf2\ud835\uddf0\ud835\uddf2\ud835\uddef\ud835\uddee \ud835\uddfc\ud835\ude00 \ud835\uddfa\ud835\uddee\ud835\uddf6\ud835\uddfc\ud835\uddff\ud835\uddf2\ud835\ude00 \ud835\uddf1\ud835\uddf2\ud835\ude00\ud835\uddf0\ud835\uddfc\ud835\uddfb\ud835\ude01\ud835\uddfc\ud835\ude00 \ud835\uddf2 \ud835\uddef\ud835\uddfc\u0302\ud835\uddfb\ud835\ude02\ud835\ude00 \ud835\uddf2\ud835\ude00\ud835\uddfd\ud835\uddf2\ud835\uddf0\ud835\uddf6\ud835\uddee\ud835\uddf6\ud835\ude00! #\ud835\uddd4\ud835\udde6\ud835\ude02\ud835\uddee\ud835\uddd6\ud835\uddfc\ud835\uddfb\ud835\uddfe\ud835\ude02\ud835\uddf6\ud835\ude00\ud835\ude01\ud835\uddee \ud835\udc03\ud835\udc1e\ud835\udc2c\ud835\udc1c\ud835\udc2e\ud835\udc1b\ud835\udc2b\ud835\udc1a \ud835\udc28 \ud835\udc2c\ud835\udc1e\ud835\udc20\ud835\udc2b\ud835\udc1e\ud835\udc1d\ud835\udc28 \ud835\udc29\ud835\udc28\ud835\udc2b \ud835\udc2d\ud835\udc2b\u00e1\ud835\udc2c \ud835\udc1d\ud835\udc1a\ud835\udc2c \ud835\udc1c\ud835\udc1a\ud835\udc2b\ud835\udc2d\ud835\udc1e\ud835\udc22\ud835\udc2b\ud835\udc1a\ud835\udc2c \ud835\udc1d\ud835\udc28\ud835\udc2c \ud835\udc26\ud835\udc1a\ud835\udc22\ud835\udc28\ud835\udc2b\ud835\udc1e\ud835\udc2c \ud835\udc1a\ud835\udc27\ud835\udc1a\ud835\udc25\ud835\udc22\ud835\udc2c\ud835\udc2d\ud835\udc1a\ud835\udc2c \ud835\udc1d\ud835\udc28 \ud835\udc29\ud835\udc1a\u00ed\ud835\udc2c. \ud835\udc05\ud835\udc22\ud835\udc1c\ud835\udc28\ud835\udc2e \ud835\udc1c\ud835\udc2e\ud835\udc2b\ud835\udc22\ud835\udc28\ud835\udc2c\ud835\udc28? \ud835\udc00\ud835\udc1c\ud835\udc1e\ud835\udc2c\ud835\udc2c\ud835\udc1e \ud835\udc28 \ud835\udc25\ud835\udc22\ud835\udc27\ud835\udc24 \ud835\udc1e \ud835\udc2c\ud835\udc1a\ud835\udc22\ud835\udc1b\ud835\udc1a \ud835\udc1c\ud835\udc28\ud835\udc26\ud835\udc28 \ud835\udc1c\ud835\udc28\ud835\udc27\ud835\udc1c\ud835\udc28\ud835\udc2b\ud835\udc2b\ud835\udc1e\ud835\udc2b \ud835\udc1a \ud835\udc2e\ud835\udc26\ud835\udc1a \ud835\udc2f\ud835\udc1a\ud835\udc20\ud835\udc1a \ud835\udc29\ud835\udc1a\ud835\udc2b\ud835\udc1a \ud835\udc1a\ud835\udc2c\ud835\udc2c\ud835\udc22\ud835\udc2c\ud835\udc2d\ud835\udc22\ud835\udc2b \ud835\udc1a \ud835\udc2d\ud835\udc2b\ud835\udc1a\ud835\udc27\ud835\udc2c\ud835\udc26\ud835\udc22\ud835\udc2c\ud835\udc2c\u00e3\ud835\udc28 \ud835\udc1a\ud835\udc28 \ud835\udc2f\ud835\udc22\ud835\udc2f\ud835\udc28 \ud835\udc1d\ud835\udc22\ud835\udc2b\ud835\udc1e\ud835\udc2d\ud835\udc28 \ud835\udc1d\ud835\udc1a \ud835\udc2c\ud835\udc1e\ud835\udc1d\ud835\udc1e \ud835\udc1d\ud835\udc1a \ud835\udc12\ud835\udc2e\ud835\udc27\ud835\udc28. https:\/\/bit.ly\/3NfNeuD\u2026\",\"duration\":\"PT8M54S\",\"embedUrl\":\"https:\/\/www.youtube.com\/embed\/GQMmDIHifz0\",\"regionsAllowed\":\"pt-BR\",\"interactionStatistic\":{\"@type\":\"InteractionCounter\",\"interactionType\":{\"@type\":\"WatchAction\"},\"userInteractionCount\":769},\"thumbnailUrl\":\"https:\/\/i.ytimg.com\/vi\/GQMmDIHifz0\/default.jpg\",\"uploadDate\":\"2022-11-01T17:09:00Z\"}<\/script>\n\n\t<p>\n\t\t<a href=\"https:\/\/lp2.suno.com.br\/cl\/black-friday-2025\/?utm_campaign=_SNCDF0E4858_\" target=\"_blank\" data-element=\"shortcode-suno-banner\" title=\"Banner SUNO, clique e saiba mais\">\n\t\t\t<picture>\n\t\t\t\t<source media=\"(max-width: 500px)\" srcset=\"https:\/\/files.sunoresearch.com.br\/n\/uploads\/2025\/10\/Artigos-e-Noticias-Banner-Home-artigos-01-Mobile_-400x300-1-png.webp\">\n\t\t\t\t<img class=\"newsContent__article__imgCapa newsContent__article__imgCapa--banner\"\n\t\t\t\t\tsrc=\"https:\/\/files.sunoresearch.com.br\/n\/uploads\/2025\/10\/Artigos-e-Noticias-Banner-Home-artigos-01-Desktop_-1420x240-1-png.webp\"\n\t\t\t\t\tdata-promo-id=\"311259\"\t\t\t\t\t\t\t\t\t\twidth='1420' height='240'\t\t\t\t\talt=\"https:\/\/files.sunoresearch.com.br\/n\/uploads\/2025\/10\/Artigos-e-Noticias-Banner-Home-artigos-01-Desktop_-1420x240-1-png.webp\"\n\t\t\t\t>\n\t\t\t<\/picture>\n\t\t<\/a>\n\t<\/p>\n\n\n<p>A decis\u00e3o sobre <strong>Alckmin coordenar a transi\u00e7\u00e3o<\/strong> foi tomada na manh\u00e3 desta ter\u00e7a-feira (1\u00ba) ap\u00f3s reuni\u00e3o com Gleisi Hoffmann, presidente do PT, <a href=\"https:\/\/www.suno.com.br\/noticias\/empresarios-cobram-compromissos-economicos-de-lula\/\">Aloizio Mercadante<\/a>, respons\u00e1vel por elaborar o seu plano de governo, e outros integrantes da c\u00fapula petista em um hotel na capital paulista.<\/p>\n<p>Alckmin coordenar\u00e1 uma equipe com cerca de 50 pessoas, incluindo nomes t\u00e9cnicos, para dialogar com o atual governante, Jair Bolsonaro (PL). A equipe de transi\u00e7\u00e3o despachar\u00e1 do pr\u00e9dio do <a href=\"https:\/\/www.suno.com.br\/noticias\/banco-do-brasil-bbas3-lula-acoes\/\">CCBB (Centro Cultural Banco do Brasil)<\/a>, em Bras\u00edlia.<\/p>\n<p>Em 2002, o grupo de transi\u00e7\u00e3o de Lula foi coordenado por Antonio Palocci, que foi posteriormente indicado para assumir o <a class=\"suno-keyword\" href=\"https:\/\/www.suno.com.br\/artigos\/ministerio-da-fazenda\/\" target=\"_blank\" rel=\"noopener\" data-force=\"no\" data-priority=\"2\">Minist\u00e9rio da Fazenda<\/a>.<\/p>\n<p>\u00c0 \u00e9poca, o ent\u00e3o presidente Fernando Henrique Cardoso havia se reunido com a c\u00fapula petista para coordenar a transi\u00e7\u00e3o.<\/p>\n<p>Contudo, o an\u00fancio da <strong>transi\u00e7\u00e3o de governo<\/strong> agora ocorre de forma unilateral, j\u00e1 que <a href=\"https:\/\/www.suno.com.br\/noticias\/votacao-eleicoes-2022-segundo-turno-2\/\">Bolsonaro segue em sil\u00eancio acerca de sua derrota nas urnas<\/a>.<\/p>\n<p>Mesmo assim, integrantes da equipe de Lula mant\u00eam contato com aliados do atual mandat\u00e1rio. A pr\u00f3pria Gleisi Hoffman, ainda nesta segunda (31), dialogou com o Ministro da Casa Civil, Ciro Nogueira (PP), enquanto Alckmin recebeu telefonema do vice-presidente e senador eleito Hamilton Mour\u00e3o (Republicanos-RS).<\/p>\n\t<p>\n\t\t<a href=\"https:\/\/lp.suno.com.br\/ebook-como-analisar-uma-acao\/\" target=\"_blank\" data-element=\"shortcode-suno-banner\" title=\"Banner SUNO, clique e saiba mais\">\n\t\t\t<picture>\n\t\t\t\t<source media=\"(max-width: 500px)\" srcset=\"https:\/\/files.sunoresearch.com.br\/n\/uploads\/2023\/12\/Ebook-Acoes-Mobile.jpg\">\n\t\t\t\t<img class=\"newsContent__article__imgCapa newsContent__article__imgCapa--banner\"\n\t\t\t\t\tsrc=\"https:\/\/files.sunoresearch.com.br\/n\/uploads\/2023\/12\/Ebook-Acoes-Desktop.webp\"\n\t\t\t\t\tdata-promo-id=\"311260\"\t\t\t\t\t\t\t\t\t\twidth='1420' height='286'\t\t\t\t\talt=\"https:\/\/files.sunoresearch.com.br\/n\/uploads\/2023\/12\/Ebook-Acoes-Desktop.webp\"\n\t\t\t\t>\n\t\t\t<\/picture>\n\t\t<\/a>\n\t<\/p>\n\n\n<h2>D\u00favidas pairam sobre Alckmin assumir minist\u00e9rio<\/h2>\n<p>O pedido de libera\u00e7\u00e3o do Centro Cultural Banco do Brasil para sediar o governo de transi\u00e7\u00e3o j\u00e1 chegou ao BB e deve ser aceito em breve.<\/p>\n<p><a href=\"https:\/\/www.suno.com.br\/noticias\/autonomia-banco-central-bc-ciro-nogueira\/\">Ciro Nogueira<\/a> afirmou em conversas reservadas com a c\u00fapula do PT que o Executivo ir\u00e1 disponibilizar o CCBB para a transi\u00e7\u00e3o.<\/p>\n<p>O local \u00e9 praxe para sediar o governo de transi\u00e7\u00e3o, mas o uso foi colocado em d\u00favida agora, com o <strong>sil\u00eancio de Bolsonaro sobre a vit\u00f3ria de Lula nas elei\u00e7\u00f5es presidenciais<\/strong>.<\/p>\n<p>Al\u00e9m disso, n\u00e3o se sabe se <strong>Alckmin<\/strong> ser\u00e1 escolhido para ocupar algum minist\u00e9rio da esplanada.<\/p>\n\t<p>\n\t\t<a href=\"https:\/\/lp.suno.com.br\/minicurso-investindo-fiis\/\" target=\"_blank\" data-element=\"shortcode-suno-banner\" title=\"Banner SUNO, clique e saiba mais\">\n\t\t\t<picture>\n\t\t\t\t<source media=\"(max-width: 500px)\" srcset=\"https:\/\/files.sunoresearch.com.br\/n\/uploads\/2023\/07\/400x300-Minicurso-FIIS.png\">\n\t\t\t\t<img class=\"newsContent__article__imgCapa newsContent__article__imgCapa--banner\"\n\t\t\t\t\tsrc=\"https:\/\/files.sunoresearch.com.br\/n\/uploads\/2023\/07\/1420x240-Minicurso-FIIS.png\"\n\t\t\t\t\tdata-promo-id=\"311935\"\t\t\t\t\t\t\t\t\t\twidth='1420' height='240'\t\t\t\t\talt=\"https:\/\/files.sunoresearch.com.br\/n\/uploads\/2023\/07\/1420x240-Minicurso-FIIS.png\"\n\t\t\t\t>\n\t\t\t<\/picture>\n\t\t<\/a>\n\t<\/p>\n\n\n","protected":false},"excerpt":{"rendered":"<p>O PT confirmou nesta ter\u00e7a (1\u00ba) que Geraldo Alckmin (PSB), eleito vice-presidente da Rep\u00fablica no domingo (30), coordenar\u00e1 a transi\u00e7\u00e3o de governo. A decis\u00e3o sobre Alckmin coordenar a transi\u00e7\u00e3o foi tomada na manh\u00e3 desta ter\u00e7a-feira (1\u00ba) ap\u00f3s reuni\u00e3o com Gleisi Hoffmann, presidente do PT, Aloizio Mercadante, respons\u00e1vel por elaborar o seu plano de governo, e [&hellip;]<\/p>\n","protected":false},"author":73,"featured_media":242208,"comment_status":"closed","ping_status":"closed","sticky":false,"template":"","format":"standard","meta":[],"categories":[61],"tags":[697,713,1556],"suno_strategy":[],"class_list":["post-314551","post","type-post","status-publish","format-standard","has-post-thumbnail","hentry","category-politica","tag-eleicoes","tag-geraldo-alckmin","tag-governo-federal"],"yoast_head":"<!-- This site is optimized with the Yoast SEO plugin v24.4 - https:\/\/yoast.com\/wordpress\/plugins\/seo\/ -->\n<title>Geraldo Alckmin \u00e9 escolhido para liderar transi\u00e7\u00e3o do governo Lula<\/title>\n<meta name=\"description\" content=\"Decis\u00e3o de colocar Alckmin como chefe da transi\u00e7\u00e3o se deu ap\u00f3s reuni\u00e3o com Gleisi Hoffman, presidente do PT. Clique e confira!\" \/>\n<meta name=\"robots\" content=\"index, follow, max-snippet:-1, max-image-preview:large, max-video-preview:-1\" \/>\n<link rel=\"canonical\" href=\"https:\/\/www.suno.com.br\/noticias\/geraldo-alckmin-governo-transicao-lula\/\" \/>\n<meta property=\"og:locale\" content=\"pt_BR\" \/>\n<meta property=\"og:type\" content=\"article\" \/>\n<meta property=\"og:title\" content=\"Geraldo Alckmin \u00e9 escolhido para liderar transi\u00e7\u00e3o do governo Lula\" \/>\n<meta property=\"og:description\" content=\"Decis\u00e3o de colocar Alckmin como chefe da transi\u00e7\u00e3o se deu ap\u00f3s reuni\u00e3o com Gleisi Hoffman, presidente do PT. Clique e confira!\" \/>\n<meta property=\"og:url\" content=\"https:\/\/www.suno.com.br\/noticias\/geraldo-alckmin-governo-transicao-lula\/\" \/>\n<meta property=\"og:site_name\" content=\"Suno Not\u00edcias\" \/>\n<meta property=\"article:publisher\" content=\"https:\/\/facebook.com\/sunoresearch\" \/>\n<meta property=\"og:image\" content=\"https:\/\/files.sunoresearch.com.br\/n\/uploads\/2022\/03\/Alckmin-scaled-e1647455502543.jpg\" \/>\n\t<meta property=\"og:image:width\" content=\"1753\" \/>\n\t<meta property=\"og:image:height\" content=\"1318\" \/>\n\t<meta property=\"og:image:type\" content=\"image\/jpeg\" \/>\n<meta name=\"author\" content=\"Eduardo Vargas\" \/>\n<meta name=\"twitter:card\" content=\"summary_large_image\" \/>\n<meta name=\"twitter:creator\" content=\"@sunoresearch\" \/>\n<meta name=\"twitter:site\" content=\"@sunoresearch\" \/>\n<meta name=\"twitter:label1\" content=\"Escrito por\" \/>\n\t<meta name=\"twitter:data1\" content=\"Eduardo Vargas\" \/>\n\t<meta name=\"twitter:label2\" content=\"Est. tempo de leitura\" \/>\n\t<meta name=\"twitter:data2\" content=\"2 minutos\" \/>\n<script type=\"application\/ld+json\" class=\"yoast-schema-graph\">{\"@context\":\"https:\/\/schema.org\",\"@graph\":[{\"@type\":\"NewsArticle\",\"@id\":\"https:\/\/www.suno.com.br\/noticias\/geraldo-alckmin-governo-transicao-lula\/#article\",\"isPartOf\":{\"@id\":\"https:\/\/www.suno.com.br\/noticias\/geraldo-alckmin-governo-transicao-lula\/\"},\"author\":{\"name\":\"Eduardo Vargas\",\"@id\":\"https:\/\/www.suno.com.br\/noticias\/#\/schema\/person\/7f4d362bf3518e76090143ae77bb49a5\"},\"headline\":\"Geraldo Alckmin \u00e9 escolhido para liderar transi\u00e7\u00e3o do governo Lula\",\"datePublished\":\"2022-11-01T18:10:17+00:00\",\"dateModified\":\"2022-11-01T18:11:53+00:00\",\"mainEntityOfPage\":{\"@id\":\"https:\/\/www.suno.com.br\/noticias\/geraldo-alckmin-governo-transicao-lula\/\"},\"wordCount\":363,\"publisher\":{\"@id\":\"https:\/\/www.suno.com.br\/noticias\/#organization\"},\"image\":{\"@id\":\"https:\/\/www.suno.com.br\/noticias\/geraldo-alckmin-governo-transicao-lula\/#primaryimage\"},\"thumbnailUrl\":\"https:\/\/files.sunoresearch.com.br\/n\/uploads\/2022\/03\/Alckmin-scaled.webp\",\"keywords\":[\"Elei\u00e7\u00f5es\",\"Geraldo Alckmin\",\"governo federal\"],\"articleSection\":[\"Pol\u00edtica\"],\"inLanguage\":\"pt-BR\"},{\"@type\":\"WebPage\",\"@id\":\"https:\/\/www.suno.com.br\/noticias\/geraldo-alckmin-governo-transicao-lula\/\",\"url\":\"https:\/\/www.suno.com.br\/noticias\/geraldo-alckmin-governo-transicao-lula\/\",\"name\":\"Geraldo Alckmin \u00e9 escolhido para liderar transi\u00e7\u00e3o do governo Lula\",\"isPartOf\":{\"@id\":\"https:\/\/www.suno.com.br\/noticias\/#website\"},\"primaryImageOfPage\":{\"@id\":\"https:\/\/www.suno.com.br\/noticias\/geraldo-alckmin-governo-transicao-lula\/#primaryimage\"},\"image\":{\"@id\":\"https:\/\/www.suno.com.br\/noticias\/geraldo-alckmin-governo-transicao-lula\/#primaryimage\"},\"thumbnailUrl\":\"https:\/\/files.sunoresearch.com.br\/n\/uploads\/2022\/03\/Alckmin-scaled.webp\",\"datePublished\":\"2022-11-01T18:10:17+00:00\",\"dateModified\":\"2022-11-01T18:11:53+00:00\",\"description\":\"Decis\u00e3o de colocar Alckmin como chefe da transi\u00e7\u00e3o se deu ap\u00f3s reuni\u00e3o com Gleisi Hoffman, presidente do PT. Clique e confira!\",\"breadcrumb\":{\"@id\":\"https:\/\/www.suno.com.br\/noticias\/geraldo-alckmin-governo-transicao-lula\/#breadcrumb\"},\"inLanguage\":\"pt-BR\",\"potentialAction\":[{\"@type\":\"ReadAction\",\"target\":[\"https:\/\/www.suno.com.br\/noticias\/geraldo-alckmin-governo-transicao-lula\/\"]}]},{\"@type\":\"ImageObject\",\"inLanguage\":\"pt-BR\",\"@id\":\"https:\/\/www.suno.com.br\/noticias\/geraldo-alckmin-governo-transicao-lula\/#primaryimage\",\"url\":\"https:\/\/files.sunoresearch.com.br\/n\/uploads\/2022\/03\/Alckmin-scaled.webp\",\"contentUrl\":\"https:\/\/files.sunoresearch.com.br\/n\/uploads\/2022\/03\/Alckmin-scaled.webp\",\"width\":2560,\"height\":1707,\"caption\":\"Geraldo Alckmin. Foto: Valter Campanato\/Ag\u00eancia Brasil\"},{\"@type\":\"BreadcrumbList\",\"@id\":\"https:\/\/www.suno.com.br\/noticias\/geraldo-alckmin-governo-transicao-lula\/#breadcrumb\",\"itemListElement\":[{\"@type\":\"ListItem\",\"position\":1,\"name\":\"Not\u00edcias\",\"item\":\"https:\/\/www.suno.com.br\/noticias\/\"},{\"@type\":\"ListItem\",\"position\":2,\"name\":\"Pol\u00edtica\",\"item\":\"https:\/\/www.suno.com.br\/noticias\/politica\/\"},{\"@type\":\"ListItem\",\"position\":3,\"name\":\"Geraldo Alckmin \u00e9 escolhido para liderar transi\u00e7\u00e3o do governo Lula\"}]},{\"@type\":\"WebSite\",\"@id\":\"https:\/\/www.suno.com.br\/noticias\/#website\",\"url\":\"https:\/\/www.suno.com.br\/noticias\/\",\"name\":\"Suno Not\u00edcias\",\"description\":\"Seu portal de informa\u00e7\u00e3o sobre o mundo dos investimentos\",\"publisher\":{\"@id\":\"https:\/\/www.suno.com.br\/noticias\/#organization\"},\"potentialAction\":[{\"@type\":\"SearchAction\",\"target\":{\"@type\":\"EntryPoint\",\"urlTemplate\":\"https:\/\/www.suno.com.br\/noticias\/?s={search_term_string}\"},\"query-input\":{\"@type\":\"PropertyValueSpecification\",\"valueRequired\":true,\"valueName\":\"search_term_string\"}}],\"inLanguage\":\"pt-BR\"},{\"@type\":\"Organization\",\"@id\":\"https:\/\/www.suno.com.br\/noticias\/#organization\",\"name\":\"Suno Not\u00edcias\",\"url\":\"https:\/\/www.suno.com.br\/noticias\/\",\"logo\":{\"@type\":\"ImageObject\",\"inLanguage\":\"pt-BR\",\"@id\":\"https:\/\/www.suno.com.br\/noticias\/#\/schema\/logo\/image\/\",\"url\":\"https:\/\/files.sunoresearch.com.br\/n\/uploads\/2021\/09\/suno-logo.png\",\"contentUrl\":\"https:\/\/files.sunoresearch.com.br\/n\/uploads\/2021\/09\/suno-logo.png\",\"width\":180,\"height\":180,\"caption\":\"Suno Not\u00edcias\"},\"image\":{\"@id\":\"https:\/\/www.suno.com.br\/noticias\/#\/schema\/logo\/image\/\"},\"sameAs\":[\"https:\/\/facebook.com\/sunoresearch\",\"https:\/\/x.com\/sunoresearch\",\"https:\/\/www.instagram.com\/suno\",\"https:\/\/www.linkedin.com\/company\/suno-research\/\",\"https:\/\/www.youtube.com\/c\/sunoresearch\"]},{\"@type\":\"Person\",\"@id\":\"https:\/\/www.suno.com.br\/noticias\/#\/schema\/person\/7f4d362bf3518e76090143ae77bb49a5\",\"name\":\"Eduardo Vargas\",\"image\":{\"@type\":\"ImageObject\",\"inLanguage\":\"pt-BR\",\"@id\":\"https:\/\/www.suno.com.br\/noticias\/#\/schema\/person\/image\/\",\"url\":\"https:\/\/secure.gravatar.com\/avatar\/dac340933427a22924c9f99d1eb2e3f2?s=96&r=g\",\"contentUrl\":\"https:\/\/secure.gravatar.com\/avatar\/dac340933427a22924c9f99d1eb2e3f2?s=96&r=g\",\"caption\":\"Eduardo Vargas\"},\"description\":\"Jornalista formado pela UFSC, cobre macroeconomia, neg\u00f3cios e startups para o Suno Not\u00edcias, escrevendo principalmente not\u00edcias sobre o mercado financeiro e a bolsa de valores. No YouTube e no Instagram, \u00e9 respons\u00e1vel pela produ\u00e7\u00e3o de Reels e Shorts do Suno Not\u00edcias. Anteriormente, trabalhou cobrindo economia e cotidiano no ND+ e para o ND, maior jornal impresso de Santa Catarina. Cursou um semestre letivo de Estudos de M\u00eddia na Universidad de Buenos Aires.\",\"url\":\"https:\/\/www.suno.com.br\/noticias\/author\/eduardo-vargas\/\"}]}<\/script>\n<!-- \/ Yoast SEO plugin. -->","yoast_head_json":{"title":"Geraldo Alckmin \u00e9 escolhido para liderar transi\u00e7\u00e3o do governo Lula","description":"Decis\u00e3o de colocar Alckmin como chefe da transi\u00e7\u00e3o se deu ap\u00f3s reuni\u00e3o com Gleisi Hoffman, presidente do PT. Clique e confira!","robots":{"index":"index","follow":"follow","max-snippet":"max-snippet:-1","max-image-preview":"max-image-preview:large","max-video-preview":"max-video-preview:-1"},"canonical":"https:\/\/www.suno.com.br\/noticias\/geraldo-alckmin-governo-transicao-lula\/","og_locale":"pt_BR","og_type":"article","og_title":"Geraldo Alckmin \u00e9 escolhido para liderar transi\u00e7\u00e3o do governo Lula","og_description":"Decis\u00e3o de colocar Alckmin como chefe da transi\u00e7\u00e3o se deu ap\u00f3s reuni\u00e3o com Gleisi Hoffman, presidente do PT. Clique e confira!","og_url":"https:\/\/www.suno.com.br\/noticias\/geraldo-alckmin-governo-transicao-lula\/","og_site_name":"Suno Not\u00edcias","article_publisher":"https:\/\/facebook.com\/sunoresearch","og_image":[{"width":1753,"height":1318,"url":"https:\/\/files.sunoresearch.com.br\/n\/uploads\/2022\/03\/Alckmin-scaled-e1647455502543.jpg","type":"image\/jpeg"}],"author":"Eduardo Vargas","twitter_card":"summary_large_image","twitter_creator":"@sunoresearch","twitter_site":"@sunoresearch","twitter_misc":{"Escrito por":"Eduardo Vargas","Est. tempo de leitura":"2 minutos"},"schema":{"@context":"https:\/\/schema.org","@graph":[{"@type":"NewsArticle","@id":"https:\/\/www.suno.com.br\/noticias\/geraldo-alckmin-governo-transicao-lula\/#article","isPartOf":{"@id":"https:\/\/www.suno.com.br\/noticias\/geraldo-alckmin-governo-transicao-lula\/"},"author":{"name":"Eduardo Vargas","@id":"https:\/\/www.suno.com.br\/noticias\/#\/schema\/person\/7f4d362bf3518e76090143ae77bb49a5"},"headline":"Geraldo Alckmin \u00e9 escolhido para liderar transi\u00e7\u00e3o do governo Lula","datePublished":"2022-11-01T18:10:17+00:00","dateModified":"2022-11-01T18:11:53+00:00","mainEntityOfPage":{"@id":"https:\/\/www.suno.com.br\/noticias\/geraldo-alckmin-governo-transicao-lula\/"},"wordCount":363,"publisher":{"@id":"https:\/\/www.suno.com.br\/noticias\/#organization"},"image":{"@id":"https:\/\/www.suno.com.br\/noticias\/geraldo-alckmin-governo-transicao-lula\/#primaryimage"},"thumbnailUrl":"https:\/\/files.sunoresearch.com.br\/n\/uploads\/2022\/03\/Alckmin-scaled.webp","keywords":["Elei\u00e7\u00f5es","Geraldo Alckmin","governo federal"],"articleSection":["Pol\u00edtica"],"inLanguage":"pt-BR"},{"@type":"WebPage","@id":"https:\/\/www.suno.com.br\/noticias\/geraldo-alckmin-governo-transicao-lula\/","url":"https:\/\/www.suno.com.br\/noticias\/geraldo-alckmin-governo-transicao-lula\/","name":"Geraldo Alckmin \u00e9 escolhido para liderar transi\u00e7\u00e3o do governo Lula","isPartOf":{"@id":"https:\/\/www.suno.com.br\/noticias\/#website"},"primaryImageOfPage":{"@id":"https:\/\/www.suno.com.br\/noticias\/geraldo-alckmin-governo-transicao-lula\/#primaryimage"},"image":{"@id":"https:\/\/www.suno.com.br\/noticias\/geraldo-alckmin-governo-transicao-lula\/#primaryimage"},"thumbnailUrl":"https:\/\/files.sunoresearch.com.br\/n\/uploads\/2022\/03\/Alckmin-scaled.webp","datePublished":"2022-11-01T18:10:17+00:00","dateModified":"2022-11-01T18:11:53+00:00","description":"Decis\u00e3o de colocar Alckmin como chefe da transi\u00e7\u00e3o se deu ap\u00f3s reuni\u00e3o com Gleisi Hoffman, presidente do PT. Clique e confira!","breadcrumb":{"@id":"https:\/\/www.suno.com.br\/noticias\/geraldo-alckmin-governo-transicao-lula\/#breadcrumb"},"inLanguage":"pt-BR","potentialAction":[{"@type":"ReadAction","target":["https:\/\/www.suno.com.br\/noticias\/geraldo-alckmin-governo-transicao-lula\/"]}]},{"@type":"ImageObject","inLanguage":"pt-BR","@id":"https:\/\/www.suno.com.br\/noticias\/geraldo-alckmin-governo-transicao-lula\/#primaryimage","url":"https:\/\/files.sunoresearch.com.br\/n\/uploads\/2022\/03\/Alckmin-scaled.webp","contentUrl":"https:\/\/files.sunoresearch.com.br\/n\/uploads\/2022\/03\/Alckmin-scaled.webp","width":2560,"height":1707,"caption":"Geraldo Alckmin. Foto: Valter Campanato\/Ag\u00eancia Brasil"},{"@type":"BreadcrumbList","@id":"https:\/\/www.suno.com.br\/noticias\/geraldo-alckmin-governo-transicao-lula\/#breadcrumb","itemListElement":[{"@type":"ListItem","position":1,"name":"Not\u00edcias","item":"https:\/\/www.suno.com.br\/noticias\/"},{"@type":"ListItem","position":2,"name":"Pol\u00edtica","item":"https:\/\/www.suno.com.br\/noticias\/politica\/"},{"@type":"ListItem","position":3,"name":"Geraldo Alckmin \u00e9 escolhido para liderar transi\u00e7\u00e3o do governo Lula"}]},{"@type":"WebSite","@id":"https:\/\/www.suno.com.br\/noticias\/#website","url":"https:\/\/www.suno.com.br\/noticias\/","name":"Suno Not\u00edcias","description":"Seu portal de informa\u00e7\u00e3o sobre o mundo dos investimentos","publisher":{"@id":"https:\/\/www.suno.com.br\/noticias\/#organization"},"potentialAction":[{"@type":"SearchAction","target":{"@type":"EntryPoint","urlTemplate":"https:\/\/www.suno.com.br\/noticias\/?s={search_term_string}"},"query-input":{"@type":"PropertyValueSpecification","valueRequired":true,"valueName":"search_term_string"}}],"inLanguage":"pt-BR"},{"@type":"Organization","@id":"https:\/\/www.suno.com.br\/noticias\/#organization","name":"Suno Not\u00edcias","url":"https:\/\/www.suno.com.br\/noticias\/","logo":{"@type":"ImageObject","inLanguage":"pt-BR","@id":"https:\/\/www.suno.com.br\/noticias\/#\/schema\/logo\/image\/","url":"https:\/\/files.sunoresearch.com.br\/n\/uploads\/2021\/09\/suno-logo.png","contentUrl":"https:\/\/files.sunoresearch.com.br\/n\/uploads\/2021\/09\/suno-logo.png","width":180,"height":180,"caption":"Suno Not\u00edcias"},"image":{"@id":"https:\/\/www.suno.com.br\/noticias\/#\/schema\/logo\/image\/"},"sameAs":["https:\/\/facebook.com\/sunoresearch","https:\/\/x.com\/sunoresearch","https:\/\/www.instagram.com\/suno","https:\/\/www.linkedin.com\/company\/suno-research\/","https:\/\/www.youtube.com\/c\/sunoresearch"]},{"@type":"Person","@id":"https:\/\/www.suno.com.br\/noticias\/#\/schema\/person\/7f4d362bf3518e76090143ae77bb49a5","name":"Eduardo Vargas","image":{"@type":"ImageObject","inLanguage":"pt-BR","@id":"https:\/\/www.suno.com.br\/noticias\/#\/schema\/person\/image\/","url":"https:\/\/secure.gravatar.com\/avatar\/dac340933427a22924c9f99d1eb2e3f2?s=96&r=g","contentUrl":"https:\/\/secure.gravatar.com\/avatar\/dac340933427a22924c9f99d1eb2e3f2?s=96&r=g","caption":"Eduardo Vargas"},"description":"Jornalista formado pela UFSC, cobre macroeconomia, neg\u00f3cios e startups para o Suno Not\u00edcias, escrevendo principalmente not\u00edcias sobre o mercado financeiro e a bolsa de valores. No YouTube e no Instagram, \u00e9 respons\u00e1vel pela produ\u00e7\u00e3o de Reels e Shorts do Suno Not\u00edcias. Anteriormente, trabalhou cobrindo economia e cotidiano no ND+ e para o ND, maior jornal impresso de Santa Catarina. Cursou um semestre letivo de Estudos de M\u00eddia na Universidad de Buenos Aires.","url":"https:\/\/www.suno.com.br\/noticias\/author\/eduardo-vargas\/"}]}},"default_loop_html":"<div class=\"cardsPage__listCard__boxs\"><div class=\"cardsPage__listCard__boxs__img\"><a href=\"https:\/\/www.suno.com.br\/noticias\/geraldo-alckmin-governo-transicao-lula\/\"><img class=\"mask\" src=\"https:\/\/www.suno.com.br\/noticias\/wp-content\/themes\/suno\/resources\/images\/spotlight\/spotlight1img\/bg-mask.png\" alt=\"Image Mask\"\/><img src=\"https:\/\/files.sunoresearch.com.br\/n\/uploads\/2022\/03\/Alckmin-400x200.webp\" alt=\"Geraldo Alckmin \u00e9 escolhido para liderar transi\u00e7\u00e3o do governo Lula\"\/><\/a><span class=\"spotlightCategory\"><a href=\"https:\/\/www.suno.com.br\/noticias\/politica\/\">Pol\u00edtica<\/a><\/span><\/div><div class=\"cardsPage__listCard__boxs__content\"><a href=\"https:\/\/www.suno.com.br\/noticias\/geraldo-alckmin-governo-transicao-lula\/\"><h2 class=\"content__title\">Geraldo Alckmin \u00e9 escolhido para liderar transi\u00e7\u00e3o do governo Lula<\/h2><\/a><div class=\"newsContent__article__meta\"><div class=\"newsContent__article__meta__authorBox\"><a href=\"https:\/\/www.suno.com.br\/noticias\/author\/eduardo-vargas\/\" class=\"authorBox__avatar noMobi\"><img src=\"https:\/\/secure.gravatar.com\/avatar\/dac340933427a22924c9f99d1eb2e3f2?s=96&#038;r=g\" alt=\"Eduardo Vargas\"><\/a><div class=\"authorBox__name\"><span>por\n\t\t\t<a href=\"https:\/\/www.suno.com.br\/noticias\/author\/eduardo-vargas\/\"><span itemprop=\"author\">Eduardo Vargas<\/span><\/a><\/span><time datetime=\"2022-11-01T15:10:17-03:00\" itemprop=\"datePublished\">01\/11\/2022 15:10<\/time><\/div><\/div><\/div><\/div><\/div>","single_layout":"posts","amp_enabled":true,"_links":{"self":[{"href":"https:\/\/www.suno.com.br\/noticias\/wp-json\/wp\/v2\/posts\/314551"}],"collection":[{"href":"https:\/\/www.suno.com.br\/noticias\/wp-json\/wp\/v2\/posts"}],"about":[{"href":"https:\/\/www.suno.com.br\/noticias\/wp-json\/wp\/v2\/types\/post"}],"author":[{"embeddable":true,"href":"https:\/\/www.suno.com.br\/noticias\/wp-json\/wp\/v2\/users\/73"}],"replies":[{"embeddable":true,"href":"https:\/\/www.suno.com.br\/noticias\/wp-json\/wp\/v2\/comments?post=314551"}],"version-history":[{"count":4,"href":"https:\/\/www.suno.com.br\/noticias\/wp-json\/wp\/v2\/posts\/314551\/revisions"}],"predecessor-version":[{"id":314579,"href":"https:\/\/www.suno.com.br\/noticias\/wp-json\/wp\/v2\/posts\/314551\/revisions\/314579"}],"wp:featuredmedia":[{"embeddable":true,"href":"https:\/\/www.suno.com.br\/noticias\/wp-json\/wp\/v2\/media\/242208"}],"wp:attachment":[{"href":"https:\/\/www.suno.com.br\/noticias\/wp-json\/wp\/v2\/media?parent=314551"}],"wp:term":[{"taxonomy":"category","embeddable":true,"href":"https:\/\/www.suno.com.br\/noticias\/wp-json\/wp\/v2\/categories?post=314551"},{"taxonomy":"post_tag","embeddable":true,"href":"https:\/\/www.suno.com.br\/noticias\/wp-json\/wp\/v2\/tags?post=314551"},{"taxonomy":"suno_strategy","embeddable":true,"href":"https:\/\/www.suno.com.br\/noticias\/wp-json\/wp\/v2\/suno_strategy?post=314551"}],"curies":[{"name":"wp","href":"https:\/\/api.w.org\/{rel}","templated":true}]}}