{"id":31446,"date":"2019-07-18T18:23:46","date_gmt":"2019-07-18T21:23:46","guid":{"rendered":"https:\/\/www.suno.com.br\/noticias\/?p=31446"},"modified":"2021-02-17T22:55:00","modified_gmt":"2021-02-18T01:55:00","slug":"fed-cortar-taxas-dificuldade-economica-williams","status":"publish","type":"post","link":"https:\/\/www.suno.com.br\/noticias\/fed-cortar-taxas-dificuldade-economica-williams\/","title":{"rendered":"Fed deve cortar taxas ao primeiro sinal de dificuldade econ\u00f4mica, diz Williams"},"content":{"rendered":"<p>O presidente do <strong>Federal Reserve<\/strong> de Nova York, John Williams, afirmou que a melhor coisa que o BC norte-americano pode fazer \u00e9 cortar as taxas de juros quando a <strong>economia<\/strong> der sinais negativos novamente. A declara\u00e7\u00e3o foi dada nesta quinta-feira (18).<\/p>\t<div class=\"wrapper-featured-image\">\n\t\t<figure class=\"spotlightImg\">\n\n\t\t\t<picture>\n\t\t\t\t<source media=\"(max-width: 768px)\" srcset=\"https:\/\/files.sunoresearch.com.br\/n\/uploads\/2019\/06\/f93137b9-fed-400x200.webp\">\n\t\t\t\t<img loading=\"lazy\" decoding=\"async\" class=\"newsContent__article__imgCapa lazyloadDisabled newsContent__article__imgCapa--noCaption\" src=\"https:\/\/files.sunoresearch.com.br\/n\/uploads\/2019\/06\/f93137b9-fed-800x450.webp\" width=\"800\" height=\"450\" alt=\"Fed deve cortar taxas ao primeiro sinal de dificuldade econ\u00f4mica, diz Williams\" fetchpriority=high \/>\n\t\t\t<\/picture>\n\n\t\t\t<figcaption class=\"wp-caption-text wp-caption-text--hide\">Bullard do Fed indica que economia ainda pode se recuperar em 2020<\/figcaption>\n\t\t<\/figure>\n\t<\/div>\n\n\n<p>&#8220;Quando voc\u00ea tem apenas est\u00edmulos \u00e0 sua disposi\u00e7\u00e3o, vale a pena agir rapidamente para reduzir as taxas ao primeiro sinal de dificuldade econ\u00f4mica&#8221;, afirmou o presidente do <strong>FED<\/strong> de Nova York, durante uma confer\u00eancia.<\/p>\n\t<p>\n\t\t<a href=\"https:\/\/lp.suno.com.br\/ebook-investindo-em-dividendos\/\" target=\"_blank\" data-element=\"shortcode-suno-banner\" title=\"Banner SUNO, clique e saiba mais\">\n\t\t\t<picture>\n\t\t\t\t<source media=\"(max-width: 500px)\" srcset=\"https:\/\/files.sunoresearch.com.br\/n\/uploads\/2023\/03\/400x300-Dividendos.png\">\n\t\t\t\t<img class=\"newsContent__article__imgCapa newsContent__article__imgCapa--banner\"\n\t\t\t\t\tsrc=\"https:\/\/files.sunoresearch.com.br\/n\/uploads\/2023\/03\/1420x240-Dividendos.png\"\n\t\t\t\t\tdata-promo-id=\"383163\"\t\t\t\t\t\t\t\t\t\twidth='1420' height='240'\t\t\t\t\talt=\"https:\/\/files.sunoresearch.com.br\/n\/uploads\/2023\/03\/1420x240-Dividendos.png\"\n\t\t\t\t>\n\t\t\t<\/picture>\n\t\t<\/a>\n\t<\/p>\n\n\n<p>A expectativa ap\u00f3s a declara\u00e7\u00e3o de Williams \u00e9 que aconte\u00e7a um poss\u00edvel corte na taxa de juros, que j\u00e1 era previsto por economistas.<\/p>\n<p>A pr\u00f3xima reuni\u00e3o do FED est\u00e1 prevista para os dias 30 e 31 de julho. O ritmo do corte poderia ser ainda maior do que os 0,25 pontos percentuais aguardados pelo mercado.<\/p>\n<p><a href=\"https:\/\/www.suno.com.br\/noticias\/fed-economia-eua-continua-crescendo\/\">Veja tamb\u00e9m:\u00a0Fed: Apesar de quest\u00f5es comerciais, economia dos EUA segue crescendo\u00a0<\/a><\/p>\n<p>Na \u00faltima semana <a href=\"https:\/\/www.suno.com.br\/tudo-sobre\/jerome-powell\/\">Jerome Powell<\/a>, presidente do Federal Reserve, deu sinais de que o BC poderia cortar as taxas, j\u00e1 que a desacelera\u00e7\u00e3o da economia e as tens\u00f5es comerciais estavam deixando os EUA em uma situa\u00e7\u00e3o desconfort\u00e1vel.<\/p>\n\t<p>\n\t\t<a href=\"https:\/\/lp.suno.com.br\/ebook-guia-ir\/\" target=\"_blank\" data-element=\"shortcode-suno-banner\" title=\"Banner SUNO, clique e saiba mais\">\n\t\t\t<picture>\n\t\t\t\t<source media=\"(max-width: 500px)\" srcset=\"https:\/\/files.sunoresearch.com.br\/n\/uploads\/2023\/03\/400x300-Ebook-IR.png\">\n\t\t\t\t<img class=\"newsContent__article__imgCapa newsContent__article__imgCapa--banner\"\n\t\t\t\t\tsrc=\"https:\/\/files.sunoresearch.com.br\/n\/uploads\/2023\/03\/1420x240-Ebook-IR.png\"\n\t\t\t\t\tdata-promo-id=\"383124\"\t\t\t\t\t\t\t\t\t\twidth='1420' height='240'\t\t\t\t\talt=\"https:\/\/files.sunoresearch.com.br\/n\/uploads\/2023\/03\/1420x240-Ebook-IR.png\"\n\t\t\t\t>\n\t\t\t<\/picture>\n\t\t<\/a>\n\t<\/p>\n\n\n<h2>Taxa de juros do FED<\/h2>\n<p>Autoridades do Federal Reserve (FED) afirmaram, em uma nova reuni\u00e3o, que novos incentivos ter\u00e3o que ser implantados \u00e0 economia global. Sendo assim, os EUA teme que, caso n\u00e3o corte as taxas de juros, sua economia fique estagnada. As informa\u00e7\u00f5es s\u00e3o da ata divulgada pelo BC no dia 10 de julho.<\/p>\n<p>No dia 19 de junho, o FED\u00a0resolveu manter inalteradas as taxas de juros. O intervalo ficou entre 2,25% a 2,50%. Dessa forma, a economia global ficou empolgada com uma poss\u00edvel baixa nos juros dos <strong>Estados<\/strong> <strong>Unidos<\/strong>, em um curto prazo.<\/p>\n<h2>Trump x Powell<\/h2>\n<p>Desde o in\u00edcio de 2019, o presidente dos EUA, <a href=\"https:\/\/www.suno.com.br\/tudo-sobre\/donald-trump\/\">Donald Trump<\/a>, tem criticado o mandat\u00e1rio do Banco Central norte-americano (<strong>FED<\/strong>). Trump defende que a redu\u00e7\u00e3o de juros tinha que ter sido feita h\u00e1 muito tempo.<\/p>\n","protected":false},"excerpt":{"rendered":"<p>O presidente do Federal Reserve de Nova York, John Williams, afirmou que a melhor coisa que o BC norte-americano pode fazer \u00e9 cortar as taxas de juros quando a economia der sinais negativos novamente. A declara\u00e7\u00e3o foi dada nesta quinta-feira (18). Bullard do Fed indica que economia ainda pode se recuperar em 2020 &#8220;Quando voc\u00ea [&hellip;]<\/p>\n","protected":false},"author":19,"featured_media":28614,"comment_status":"closed","ping_status":"closed","sticky":false,"template":"","format":"standard","meta":[],"categories":[63],"tags":[724,776],"suno_strategy":[],"class_list":["post-31446","post","type-post","status-publish","format-standard","has-post-thumbnail","hentry","category-internacional","tag-donald-trump","tag-federal-reseve-fed"],"yoast_head":"<!-- This site is optimized with the Yoast SEO plugin v24.4 - https:\/\/yoast.com\/wordpress\/plugins\/seo\/ -->\n<title>Williams: Fed deve cortar taxas ao primeiro sinal de dificuldade econ\u00f4mica<\/title>\n<meta name=\"description\" content=\"O presidente do FED de Nova York afirmou que a melhor coisa que o BC norte-americano pode fazer \u00e9 cortar as taxas de juros. Saiba mais.\" \/>\n<meta name=\"robots\" content=\"index, follow, max-snippet:-1, max-image-preview:large, max-video-preview:-1\" \/>\n<link rel=\"canonical\" href=\"https:\/\/www.suno.com.br\/noticias\/fed-cortar-taxas-dificuldade-economica-williams\/\" \/>\n<meta property=\"og:locale\" content=\"pt_BR\" \/>\n<meta property=\"og:type\" content=\"article\" \/>\n<meta property=\"og:title\" content=\"Williams: Fed deve cortar taxas ao primeiro sinal de dificuldade econ\u00f4mica\" \/>\n<meta property=\"og:description\" content=\"O presidente do FED de Nova York afirmou que a melhor coisa que o BC norte-americano pode fazer \u00e9 cortar as taxas de juros. Saiba mais.\" \/>\n<meta property=\"og:url\" content=\"https:\/\/www.suno.com.br\/noticias\/fed-cortar-taxas-dificuldade-economica-williams\/\" \/>\n<meta property=\"og:site_name\" content=\"Suno Not\u00edcias\" \/>\n<meta property=\"article:publisher\" content=\"https:\/\/facebook.com\/sunoresearch\" \/>\n<meta property=\"og:image\" content=\"https:\/\/files.sunoresearch.com.br\/n\/uploads\/2019\/06\/f93137b9-fed.jpg\" \/>\n\t<meta property=\"og:image:width\" content=\"1023\" \/>\n\t<meta property=\"og:image:height\" content=\"687\" \/>\n\t<meta property=\"og:image:type\" content=\"image\/jpeg\" \/>\n<meta name=\"author\" content=\"Juliano Passaro\" \/>\n<meta name=\"twitter:card\" content=\"summary_large_image\" \/>\n<meta name=\"twitter:creator\" content=\"@sunoresearch\" \/>\n<meta name=\"twitter:site\" content=\"@sunoresearch\" \/>\n<meta name=\"twitter:label1\" content=\"Escrito por\" \/>\n\t<meta name=\"twitter:data1\" content=\"Juliano Passaro\" \/>\n\t<meta name=\"twitter:label2\" content=\"Est. tempo de leitura\" \/>\n\t<meta name=\"twitter:data2\" content=\"2 minutos\" \/>\n<script type=\"application\/ld+json\" class=\"yoast-schema-graph\">{\"@context\":\"https:\/\/schema.org\",\"@graph\":[{\"@type\":\"NewsArticle\",\"@id\":\"https:\/\/www.suno.com.br\/noticias\/fed-cortar-taxas-dificuldade-economica-williams\/#article\",\"isPartOf\":{\"@id\":\"https:\/\/www.suno.com.br\/noticias\/fed-cortar-taxas-dificuldade-economica-williams\/\"},\"author\":{\"name\":\"Juliano Passaro\",\"@id\":\"https:\/\/www.suno.com.br\/noticias\/#\/schema\/person\/1db762f78ffd8919a648a63e425953e3\"},\"headline\":\"Fed deve cortar taxas ao primeiro sinal de dificuldade econ\u00f4mica, diz Williams\",\"datePublished\":\"2019-07-18T21:23:46+00:00\",\"dateModified\":\"2021-02-18T01:55:00+00:00\",\"mainEntityOfPage\":{\"@id\":\"https:\/\/www.suno.com.br\/noticias\/fed-cortar-taxas-dificuldade-economica-williams\/\"},\"wordCount\":345,\"publisher\":{\"@id\":\"https:\/\/www.suno.com.br\/noticias\/#organization\"},\"image\":{\"@id\":\"https:\/\/www.suno.com.br\/noticias\/fed-cortar-taxas-dificuldade-economica-williams\/#primaryimage\"},\"thumbnailUrl\":\"https:\/\/files.sunoresearch.com.br\/n\/uploads\/2019\/06\/f93137b9-fed-jpg.webp\",\"keywords\":[\"Donald Trump\",\"Federal Reserve (FED)\"],\"articleSection\":[\"Internacional\"],\"inLanguage\":\"pt-BR\"},{\"@type\":\"WebPage\",\"@id\":\"https:\/\/www.suno.com.br\/noticias\/fed-cortar-taxas-dificuldade-economica-williams\/\",\"url\":\"https:\/\/www.suno.com.br\/noticias\/fed-cortar-taxas-dificuldade-economica-williams\/\",\"name\":\"Williams: Fed deve cortar taxas ao primeiro sinal de dificuldade econ\u00f4mica\",\"isPartOf\":{\"@id\":\"https:\/\/www.suno.com.br\/noticias\/#website\"},\"primaryImageOfPage\":{\"@id\":\"https:\/\/www.suno.com.br\/noticias\/fed-cortar-taxas-dificuldade-economica-williams\/#primaryimage\"},\"image\":{\"@id\":\"https:\/\/www.suno.com.br\/noticias\/fed-cortar-taxas-dificuldade-economica-williams\/#primaryimage\"},\"thumbnailUrl\":\"https:\/\/files.sunoresearch.com.br\/n\/uploads\/2019\/06\/f93137b9-fed-jpg.webp\",\"datePublished\":\"2019-07-18T21:23:46+00:00\",\"dateModified\":\"2021-02-18T01:55:00+00:00\",\"description\":\"O presidente do FED de Nova York afirmou que a melhor coisa que o BC norte-americano pode fazer \u00e9 cortar as taxas de juros. Saiba mais.\",\"breadcrumb\":{\"@id\":\"https:\/\/www.suno.com.br\/noticias\/fed-cortar-taxas-dificuldade-economica-williams\/#breadcrumb\"},\"inLanguage\":\"pt-BR\",\"potentialAction\":[{\"@type\":\"ReadAction\",\"target\":[\"https:\/\/www.suno.com.br\/noticias\/fed-cortar-taxas-dificuldade-economica-williams\/\"]}]},{\"@type\":\"ImageObject\",\"inLanguage\":\"pt-BR\",\"@id\":\"https:\/\/www.suno.com.br\/noticias\/fed-cortar-taxas-dificuldade-economica-williams\/#primaryimage\",\"url\":\"https:\/\/files.sunoresearch.com.br\/n\/uploads\/2019\/06\/f93137b9-fed-jpg.webp\",\"contentUrl\":\"https:\/\/files.sunoresearch.com.br\/n\/uploads\/2019\/06\/f93137b9-fed-jpg.webp\",\"width\":1023,\"height\":687,\"caption\":\"Bullard do Fed indica que economia ainda pode se recuperar em 2020\"},{\"@type\":\"BreadcrumbList\",\"@id\":\"https:\/\/www.suno.com.br\/noticias\/fed-cortar-taxas-dificuldade-economica-williams\/#breadcrumb\",\"itemListElement\":[{\"@type\":\"ListItem\",\"position\":1,\"name\":\"Not\u00edcias\",\"item\":\"https:\/\/www.suno.com.br\/noticias\/\"},{\"@type\":\"ListItem\",\"position\":2,\"name\":\"Internacional\",\"item\":\"https:\/\/www.suno.com.br\/noticias\/internacional\/\"},{\"@type\":\"ListItem\",\"position\":3,\"name\":\"Fed deve cortar taxas ao primeiro sinal de dificuldade econ\u00f4mica, diz Williams\"}]},{\"@type\":\"WebSite\",\"@id\":\"https:\/\/www.suno.com.br\/noticias\/#website\",\"url\":\"https:\/\/www.suno.com.br\/noticias\/\",\"name\":\"Suno Not\u00edcias\",\"description\":\"Seu portal de informa\u00e7\u00e3o sobre o mundo dos investimentos\",\"publisher\":{\"@id\":\"https:\/\/www.suno.com.br\/noticias\/#organization\"},\"potentialAction\":[{\"@type\":\"SearchAction\",\"target\":{\"@type\":\"EntryPoint\",\"urlTemplate\":\"https:\/\/www.suno.com.br\/noticias\/?s={search_term_string}\"},\"query-input\":{\"@type\":\"PropertyValueSpecification\",\"valueRequired\":true,\"valueName\":\"search_term_string\"}}],\"inLanguage\":\"pt-BR\"},{\"@type\":\"Organization\",\"@id\":\"https:\/\/www.suno.com.br\/noticias\/#organization\",\"name\":\"Suno Not\u00edcias\",\"url\":\"https:\/\/www.suno.com.br\/noticias\/\",\"logo\":{\"@type\":\"ImageObject\",\"inLanguage\":\"pt-BR\",\"@id\":\"https:\/\/www.suno.com.br\/noticias\/#\/schema\/logo\/image\/\",\"url\":\"https:\/\/files.sunoresearch.com.br\/n\/uploads\/2021\/09\/suno-logo.png\",\"contentUrl\":\"https:\/\/files.sunoresearch.com.br\/n\/uploads\/2021\/09\/suno-logo.png\",\"width\":180,\"height\":180,\"caption\":\"Suno Not\u00edcias\"},\"image\":{\"@id\":\"https:\/\/www.suno.com.br\/noticias\/#\/schema\/logo\/image\/\"},\"sameAs\":[\"https:\/\/facebook.com\/sunoresearch\",\"https:\/\/x.com\/sunoresearch\",\"https:\/\/www.instagram.com\/suno\",\"https:\/\/www.linkedin.com\/company\/suno-research\/\",\"https:\/\/www.youtube.com\/c\/sunoresearch\"]},{\"@type\":\"Person\",\"@id\":\"https:\/\/www.suno.com.br\/noticias\/#\/schema\/person\/1db762f78ffd8919a648a63e425953e3\",\"name\":\"Juliano Passaro\",\"image\":{\"@type\":\"ImageObject\",\"inLanguage\":\"pt-BR\",\"@id\":\"https:\/\/www.suno.com.br\/noticias\/#\/schema\/person\/image\/\",\"url\":\"https:\/\/secure.gravatar.com\/avatar\/743d4df28eebf6dcc46b4ad03c319e92?s=96&r=g\",\"contentUrl\":\"https:\/\/secure.gravatar.com\/avatar\/743d4df28eebf6dcc46b4ad03c319e92?s=96&r=g\",\"caption\":\"Juliano Passaro\"},\"description\":\"Juliano Passaro escreve sobre pol\u00edtica, economia e neg\u00f3cios para o portal da Suno Research. Antes da Suno, trabalhou no Portal da Band. \u00c9 formado em jornalismo pela Universidade Presbiteriana Mackenzie.\",\"url\":\"https:\/\/www.suno.com.br\/noticias\/author\/juliano\/\"}]}<\/script>\n<!-- \/ Yoast SEO plugin. -->","yoast_head_json":{"title":"Williams: Fed deve cortar taxas ao primeiro sinal de dificuldade econ\u00f4mica","description":"O presidente do FED de Nova York afirmou que a melhor coisa que o BC norte-americano pode fazer \u00e9 cortar as taxas de juros. Saiba mais.","robots":{"index":"index","follow":"follow","max-snippet":"max-snippet:-1","max-image-preview":"max-image-preview:large","max-video-preview":"max-video-preview:-1"},"canonical":"https:\/\/www.suno.com.br\/noticias\/fed-cortar-taxas-dificuldade-economica-williams\/","og_locale":"pt_BR","og_type":"article","og_title":"Williams: Fed deve cortar taxas ao primeiro sinal de dificuldade econ\u00f4mica","og_description":"O presidente do FED de Nova York afirmou que a melhor coisa que o BC norte-americano pode fazer \u00e9 cortar as taxas de juros. Saiba mais.","og_url":"https:\/\/www.suno.com.br\/noticias\/fed-cortar-taxas-dificuldade-economica-williams\/","og_site_name":"Suno Not\u00edcias","article_publisher":"https:\/\/facebook.com\/sunoresearch","og_image":[{"width":1023,"height":687,"url":"https:\/\/files.sunoresearch.com.br\/n\/uploads\/2019\/06\/f93137b9-fed.jpg","type":"image\/jpeg"}],"author":"Juliano Passaro","twitter_card":"summary_large_image","twitter_creator":"@sunoresearch","twitter_site":"@sunoresearch","twitter_misc":{"Escrito por":"Juliano Passaro","Est. tempo de leitura":"2 minutos"},"schema":{"@context":"https:\/\/schema.org","@graph":[{"@type":"NewsArticle","@id":"https:\/\/www.suno.com.br\/noticias\/fed-cortar-taxas-dificuldade-economica-williams\/#article","isPartOf":{"@id":"https:\/\/www.suno.com.br\/noticias\/fed-cortar-taxas-dificuldade-economica-williams\/"},"author":{"name":"Juliano Passaro","@id":"https:\/\/www.suno.com.br\/noticias\/#\/schema\/person\/1db762f78ffd8919a648a63e425953e3"},"headline":"Fed deve cortar taxas ao primeiro sinal de dificuldade econ\u00f4mica, diz Williams","datePublished":"2019-07-18T21:23:46+00:00","dateModified":"2021-02-18T01:55:00+00:00","mainEntityOfPage":{"@id":"https:\/\/www.suno.com.br\/noticias\/fed-cortar-taxas-dificuldade-economica-williams\/"},"wordCount":345,"publisher":{"@id":"https:\/\/www.suno.com.br\/noticias\/#organization"},"image":{"@id":"https:\/\/www.suno.com.br\/noticias\/fed-cortar-taxas-dificuldade-economica-williams\/#primaryimage"},"thumbnailUrl":"https:\/\/files.sunoresearch.com.br\/n\/uploads\/2019\/06\/f93137b9-fed-jpg.webp","keywords":["Donald Trump","Federal Reserve (FED)"],"articleSection":["Internacional"],"inLanguage":"pt-BR"},{"@type":"WebPage","@id":"https:\/\/www.suno.com.br\/noticias\/fed-cortar-taxas-dificuldade-economica-williams\/","url":"https:\/\/www.suno.com.br\/noticias\/fed-cortar-taxas-dificuldade-economica-williams\/","name":"Williams: Fed deve cortar taxas ao primeiro sinal de dificuldade econ\u00f4mica","isPartOf":{"@id":"https:\/\/www.suno.com.br\/noticias\/#website"},"primaryImageOfPage":{"@id":"https:\/\/www.suno.com.br\/noticias\/fed-cortar-taxas-dificuldade-economica-williams\/#primaryimage"},"image":{"@id":"https:\/\/www.suno.com.br\/noticias\/fed-cortar-taxas-dificuldade-economica-williams\/#primaryimage"},"thumbnailUrl":"https:\/\/files.sunoresearch.com.br\/n\/uploads\/2019\/06\/f93137b9-fed-jpg.webp","datePublished":"2019-07-18T21:23:46+00:00","dateModified":"2021-02-18T01:55:00+00:00","description":"O presidente do FED de Nova York afirmou que a melhor coisa que o BC norte-americano pode fazer \u00e9 cortar as taxas de juros. Saiba mais.","breadcrumb":{"@id":"https:\/\/www.suno.com.br\/noticias\/fed-cortar-taxas-dificuldade-economica-williams\/#breadcrumb"},"inLanguage":"pt-BR","potentialAction":[{"@type":"ReadAction","target":["https:\/\/www.suno.com.br\/noticias\/fed-cortar-taxas-dificuldade-economica-williams\/"]}]},{"@type":"ImageObject","inLanguage":"pt-BR","@id":"https:\/\/www.suno.com.br\/noticias\/fed-cortar-taxas-dificuldade-economica-williams\/#primaryimage","url":"https:\/\/files.sunoresearch.com.br\/n\/uploads\/2019\/06\/f93137b9-fed-jpg.webp","contentUrl":"https:\/\/files.sunoresearch.com.br\/n\/uploads\/2019\/06\/f93137b9-fed-jpg.webp","width":1023,"height":687,"caption":"Bullard do Fed indica que economia ainda pode se recuperar em 2020"},{"@type":"BreadcrumbList","@id":"https:\/\/www.suno.com.br\/noticias\/fed-cortar-taxas-dificuldade-economica-williams\/#breadcrumb","itemListElement":[{"@type":"ListItem","position":1,"name":"Not\u00edcias","item":"https:\/\/www.suno.com.br\/noticias\/"},{"@type":"ListItem","position":2,"name":"Internacional","item":"https:\/\/www.suno.com.br\/noticias\/internacional\/"},{"@type":"ListItem","position":3,"name":"Fed deve cortar taxas ao primeiro sinal de dificuldade econ\u00f4mica, diz Williams"}]},{"@type":"WebSite","@id":"https:\/\/www.suno.com.br\/noticias\/#website","url":"https:\/\/www.suno.com.br\/noticias\/","name":"Suno Not\u00edcias","description":"Seu portal de informa\u00e7\u00e3o sobre o mundo dos investimentos","publisher":{"@id":"https:\/\/www.suno.com.br\/noticias\/#organization"},"potentialAction":[{"@type":"SearchAction","target":{"@type":"EntryPoint","urlTemplate":"https:\/\/www.suno.com.br\/noticias\/?s={search_term_string}"},"query-input":{"@type":"PropertyValueSpecification","valueRequired":true,"valueName":"search_term_string"}}],"inLanguage":"pt-BR"},{"@type":"Organization","@id":"https:\/\/www.suno.com.br\/noticias\/#organization","name":"Suno Not\u00edcias","url":"https:\/\/www.suno.com.br\/noticias\/","logo":{"@type":"ImageObject","inLanguage":"pt-BR","@id":"https:\/\/www.suno.com.br\/noticias\/#\/schema\/logo\/image\/","url":"https:\/\/files.sunoresearch.com.br\/n\/uploads\/2021\/09\/suno-logo.png","contentUrl":"https:\/\/files.sunoresearch.com.br\/n\/uploads\/2021\/09\/suno-logo.png","width":180,"height":180,"caption":"Suno Not\u00edcias"},"image":{"@id":"https:\/\/www.suno.com.br\/noticias\/#\/schema\/logo\/image\/"},"sameAs":["https:\/\/facebook.com\/sunoresearch","https:\/\/x.com\/sunoresearch","https:\/\/www.instagram.com\/suno","https:\/\/www.linkedin.com\/company\/suno-research\/","https:\/\/www.youtube.com\/c\/sunoresearch"]},{"@type":"Person","@id":"https:\/\/www.suno.com.br\/noticias\/#\/schema\/person\/1db762f78ffd8919a648a63e425953e3","name":"Juliano Passaro","image":{"@type":"ImageObject","inLanguage":"pt-BR","@id":"https:\/\/www.suno.com.br\/noticias\/#\/schema\/person\/image\/","url":"https:\/\/secure.gravatar.com\/avatar\/743d4df28eebf6dcc46b4ad03c319e92?s=96&r=g","contentUrl":"https:\/\/secure.gravatar.com\/avatar\/743d4df28eebf6dcc46b4ad03c319e92?s=96&r=g","caption":"Juliano Passaro"},"description":"Juliano Passaro escreve sobre pol\u00edtica, economia e neg\u00f3cios para o portal da Suno Research. Antes da Suno, trabalhou no Portal da Band. \u00c9 formado em jornalismo pela Universidade Presbiteriana Mackenzie.","url":"https:\/\/www.suno.com.br\/noticias\/author\/juliano\/"}]}},"default_loop_html":"<div class=\"cardsPage__listCard__boxs\"><div class=\"cardsPage__listCard__boxs__img\"><a href=\"https:\/\/www.suno.com.br\/noticias\/fed-cortar-taxas-dificuldade-economica-williams\/\"><img class=\"mask\" src=\"https:\/\/www.suno.com.br\/noticias\/wp-content\/themes\/suno\/resources\/images\/spotlight\/spotlight1img\/bg-mask.png\" alt=\"Image Mask\"\/><img src=\"https:\/\/files.sunoresearch.com.br\/n\/uploads\/2019\/06\/f93137b9-fed-400x200.webp\" alt=\"Fed deve cortar taxas ao primeiro sinal de dificuldade econ\u00f4mica, diz Williams\"\/><\/a><span class=\"spotlightCategory\"><a href=\"https:\/\/www.suno.com.br\/noticias\/internacional\/\">Internacional<\/a><\/span><\/div><div class=\"cardsPage__listCard__boxs__content\"><a href=\"https:\/\/www.suno.com.br\/noticias\/fed-cortar-taxas-dificuldade-economica-williams\/\"><h2 class=\"content__title\">Fed deve cortar taxas ao primeiro sinal de dificuldade econ\u00f4mica, diz Williams<\/h2><\/a><div class=\"newsContent__article__meta\"><div class=\"newsContent__article__meta__authorBox\"><a href=\"https:\/\/www.suno.com.br\/noticias\/author\/juliano\/\" class=\"authorBox__avatar noMobi\"><img src=\"https:\/\/files.sunoresearch.com.br\/n\/uploads\/2019\/06\/7cc3efea-whatsapp-image-2019-07-18-at-21.59.33-e1563499821209-150x150.webp\" alt=\"Juliano Passaro\"><\/a><div class=\"authorBox__name\"><span>por\n\t\t\t<a href=\"https:\/\/www.suno.com.br\/noticias\/author\/juliano\/\"><span itemprop=\"author\">Juliano Passaro<\/span><\/a><\/span><time datetime=\"2019-07-18T18:23:46-03:00\" itemprop=\"datePublished\">18\/07\/2019 18:23<\/time><\/div><\/div><\/div><\/div><\/div>","single_layout":"posts","amp_enabled":true,"_links":{"self":[{"href":"https:\/\/www.suno.com.br\/noticias\/wp-json\/wp\/v2\/posts\/31446"}],"collection":[{"href":"https:\/\/www.suno.com.br\/noticias\/wp-json\/wp\/v2\/posts"}],"about":[{"href":"https:\/\/www.suno.com.br\/noticias\/wp-json\/wp\/v2\/types\/post"}],"author":[{"embeddable":true,"href":"https:\/\/www.suno.com.br\/noticias\/wp-json\/wp\/v2\/users\/19"}],"replies":[{"embeddable":true,"href":"https:\/\/www.suno.com.br\/noticias\/wp-json\/wp\/v2\/comments?post=31446"}],"version-history":[{"count":0,"href":"https:\/\/www.suno.com.br\/noticias\/wp-json\/wp\/v2\/posts\/31446\/revisions"}],"wp:featuredmedia":[{"embeddable":true,"href":"https:\/\/www.suno.com.br\/noticias\/wp-json\/wp\/v2\/media\/28614"}],"wp:attachment":[{"href":"https:\/\/www.suno.com.br\/noticias\/wp-json\/wp\/v2\/media?parent=31446"}],"wp:term":[{"taxonomy":"category","embeddable":true,"href":"https:\/\/www.suno.com.br\/noticias\/wp-json\/wp\/v2\/categories?post=31446"},{"taxonomy":"post_tag","embeddable":true,"href":"https:\/\/www.suno.com.br\/noticias\/wp-json\/wp\/v2\/tags?post=31446"},{"taxonomy":"suno_strategy","embeddable":true,"href":"https:\/\/www.suno.com.br\/noticias\/wp-json\/wp\/v2\/suno_strategy?post=31446"}],"curies":[{"name":"wp","href":"https:\/\/api.w.org\/{rel}","templated":true}]}}