{"id":314456,"date":"2022-11-01T12:09:14","date_gmt":"2022-11-01T15:09:14","guid":{"rendered":"https:\/\/www.suno.com.br\/noticias\/?p=314456"},"modified":"2022-11-01T12:23:07","modified_gmt":"2022-11-01T15:23:07","slug":"paralisacoes-nas-rodovias-comecam-a-afetar-setores-pelo-pais","status":"publish","type":"post","link":"https:\/\/www.suno.com.br\/noticias\/paralisacoes-nas-rodovias-comecam-a-afetar-setores-pelo-pais\/","title":{"rendered":"Paralisa\u00e7\u00f5es nas rodovias come\u00e7am a afetar setores pelo pa\u00eds"},"content":{"rendered":"<p>Diante das paralisa\u00e7\u00f5es nas <strong>rodovias<\/strong> iniciadas neste domingo (30). por parte de apoiadores de Jair Bolsonaro, o pa\u00eds deve come\u00e7ar a sentir os impactos em diversos setores. O bloqueio aconteceu ap\u00f3s a elei\u00e7\u00e3o de Lula como novo presidente da Rep\u00fablica.<\/p><div class=\"videoFull \">\n\t\t\t<div class=\"videoWrapper yt-lazyload center\"\n\t\t\t\tdata-width=\"960\"\n\t\t\t\tdata-height=\"540\"\n\t\t\t\tdata-id=\"aJcS6zfgdxw\"\n\t\t\t\tdata-alt=\"V\u00eddeo do YouTube - clique para reproduzir\"\n\t\t\t\tdata-logo=\"3\"\n\t\t\t\tdata-imagequality=\"maxres\">\n\t\t\t<\/div>\n\t\t<\/div><script type=\"application\/ld+json\">{\"@context\":\"https:\/\/schema.org\",\"@type\":\"VideoObject\",\"name\":\"Caminhoneiros: paralisa\u00e7\u00e3o de rodovias pelo Brasil | PRF atua | BREAKING NEWS\",\"description\":\"#caminhoneiros #protestos #bloqueio #bolsonaro #lula #elei\u00e7\u00f5es2022 #not\u00edcias #bolsadevalores #breakingnews \ud83d\udcda \ud83d\udcb8\ud83d\ude2e\u2600\ufe0f \ud835\uddd4 \ud835\uddd5\ud835\udddf\ud835\uddd4\ud835\uddd6\ud835\uddde \ud835\uddd9\ud835\udde5\ud835\udddc\ud835\uddd7\ud835\uddd4\ud835\uddec \ud835\uddf1\ud835\uddee \ud835\udde6\ud835\udde8\ud835\udde1\ud835\udde2 \ud835\uddf2\ud835\ude00\ud835\ude01\ud835\uddee\u0301 \ud835\uddf0\ud835\uddf5\ud835\uddf2\ud835\uddf4\ud835\uddee\ud835\uddfb\ud835\uddf1\ud835\uddfc! \ud835\uddd6\ud835\uddee\ud835\uddf1\ud835\uddee\ud835\ude00\ud835\ude01\ud835\uddff\ud835\uddf2-\ud835\ude00\ud835\uddf2 \ud835\uddf2 \ud835\uddff\ud835\uddf2\ud835\uddf0\ud835\uddf2\ud835\uddef\ud835\uddee \ud835\uddfc\ud835\ude00 \ud835\uddfa\ud835\uddee\ud835\uddf6\ud835\uddfc\ud835\uddff\ud835\uddf2\ud835\ude00 \ud835\uddf1\ud835\uddf2\ud835\ude00\ud835\uddf0\ud835\uddfc\ud835\uddfb\ud835\ude01\ud835\uddfc\ud835\ude00 \ud835\uddf2 \ud835\uddef\ud835\uddfc\u0302\ud835\uddfb\ud835\ude02\ud835\ude00 \ud835\uddf2\ud835\ude00\ud835\uddfd\ud835\uddf2\ud835\uddf0\ud835\uddf6\ud835\uddee\ud835\uddf6\ud835\ude00! #\ud835\uddd4\ud835\udde6\ud835\ude02\ud835\uddee\ud835\uddd6\ud835\uddfc\ud835\uddfb\ud835\uddfe\ud835\ude02\ud835\uddf6\ud835\ude00\ud835\ude01\ud835\uddee \ud835\udc03\ud835\udc1e\ud835\udc2c\ud835\udc1c\ud835\udc2e\ud835\udc1b\ud835\udc2b\ud835\udc1a \ud835\udc28 \ud835\udc2c\ud835\udc1e\ud835\udc20\ud835\udc2b\ud835\udc1e\ud835\udc1d\ud835\udc28 \ud835\udc29\ud835\udc28\ud835\udc2b \ud835\udc2d\ud835\udc2b\u00e1\ud835\udc2c \ud835\udc1d\ud835\udc1a\ud835\udc2c \ud835\udc1c\ud835\udc1a\ud835\udc2b\ud835\udc2d\ud835\udc1e\ud835\udc22\ud835\udc2b\ud835\udc1a\ud835\udc2c \ud835\udc1d\ud835\udc28\ud835\udc2c \ud835\udc26\ud835\udc1a\ud835\udc22\ud835\udc28\ud835\udc2b\ud835\udc1e\ud835\udc2c \ud835\udc1a\ud835\udc27\ud835\udc1a\ud835\udc25\ud835\udc22\ud835\udc2c\ud835\udc2d\ud835\udc1a\ud835\udc2c \ud835\udc1d\ud835\udc28 \ud835\udc29\ud835\udc1a\u00ed\ud835\udc2c. \ud835\udc05\ud835\udc22\ud835\udc1c\ud835\udc28\ud835\udc2e \ud835\udc1c\ud835\udc2e\ud835\udc2b\ud835\udc22\ud835\udc28\ud835\udc2c\ud835\udc28? \ud835\udc00\ud835\udc1c\ud835\udc1e\ud835\udc2c\ud835\udc2c\ud835\udc1e \ud835\udc28 \ud835\udc25\ud835\udc22\ud835\udc27\ud835\udc24 \ud835\udc1e \ud835\udc2c\ud835\udc1a\ud835\udc22\ud835\udc1b\ud835\udc1a \ud835\udc1c\ud835\udc28\ud835\udc26\ud835\udc28 \ud835\udc1c\ud835\udc28\ud835\udc27\ud835\udc1c\ud835\udc28\ud835\udc2b\ud835\udc2b\ud835\udc1e\ud835\udc2b \ud835\udc1a \ud835\udc2e\ud835\udc26\ud835\udc1a \ud835\udc2f\ud835\udc1a\ud835\udc20\ud835\udc1a \ud835\udc29\ud835\udc1a\ud835\udc2b\ud835\udc1a \ud835\udc1a\ud835\udc2c\ud835\udc2c\ud835\udc22\ud835\udc2c\ud835\udc2d\ud835\udc22\ud835\udc2b \ud835\udc1a\u2026\",\"duration\":\"PT14M10S\",\"embedUrl\":\"https:\/\/www.youtube.com\/embed\/aJcS6zfgdxw\",\"regionsAllowed\":\"pt-BR\",\"interactionStatistic\":{\"@type\":\"InteractionCounter\",\"interactionType\":{\"@type\":\"WatchAction\"},\"userInteractionCount\":3028},\"thumbnailUrl\":\"https:\/\/i.ytimg.com\/vi\/aJcS6zfgdxw\/default.jpg\",\"uploadDate\":\"2022-11-01T14:40:03Z\"}<\/script>\n\n\t<p>\n\t\t<a href=\"https:\/\/lp2.suno.com.br\/cl\/black-friday-2025\/?utm_campaign=_SNCDF0E4858_\" target=\"_blank\" data-element=\"shortcode-suno-banner\" title=\"Banner SUNO, clique e saiba mais\">\n\t\t\t<picture>\n\t\t\t\t<source media=\"(max-width: 500px)\" srcset=\"https:\/\/files.sunoresearch.com.br\/n\/uploads\/2025\/10\/Artigos-e-Noticias-Banner-Home-artigos-01-Mobile_-400x300-1-png.webp\">\n\t\t\t\t<img class=\"newsContent__article__imgCapa newsContent__article__imgCapa--banner\"\n\t\t\t\t\tsrc=\"https:\/\/files.sunoresearch.com.br\/n\/uploads\/2025\/10\/Artigos-e-Noticias-Banner-Home-artigos-01-Desktop_-1420x240-1-png.webp\"\n\t\t\t\t\tdata-promo-id=\"311259\"\t\t\t\t\t\t\t\t\t\twidth='1420' height='240'\t\t\t\t\talt=\"https:\/\/files.sunoresearch.com.br\/n\/uploads\/2025\/10\/Artigos-e-Noticias-Banner-Home-artigos-01-Desktop_-1420x240-1-png.webp\"\n\t\t\t\t>\n\t\t\t<\/picture>\n\t\t<\/a>\n\t<\/p>\n\n\n<p>Desde a noite do \u00faltimo domingo, apoiadores de Bolsonaro bloquearam \u2014 parcialmente ou totalmente \u2014 rodovias pelo Brasil. Entre os manifestantes, est\u00e3o <strong>caminhoneiros<\/strong>.<\/p>\n<p>Segundo o presidente da Associa\u00e7\u00e3o Brasileira de Supermercados (Abras), Jo\u00e3o Galassi, nesta ter\u00e7a-feira (1\u00ba), os supermercados passaram a enfrentar dificuldades de <strong>abastecimento<\/strong>.<\/p>\n<p>Galassi solicitou apoio a Bolsonaro sobre as \u201c<strong>dificuldades de abastecimento<\/strong> que j\u00e1 come\u00e7am a enfrentar os supermercadistas em fun\u00e7\u00e3o da paralisa\u00e7\u00e3o dos caminhoneiros nas estradas do pa\u00eds\u201d.<\/p>\n<p>Os setores de combust\u00edveis, sa\u00fade e prote\u00edna animal devem sentir os impactos das <strong>paralisa\u00e7\u00f5es nas rodovias<\/strong>.<\/p>\n<p>De acordo com uma fonte do setor consultada pelo Estad\u00e3o\/Broadcast, poder\u00e1 haver redu\u00e7\u00e3o no ritmo de abates por conta da dificuldade da chegada de lotes de animais nas plantas frigor\u00edficas.<\/p>\n<p>Conforme indicado pela r\u00e1dio CBN, o Sindicato dos Postos de Combust\u00edveis do Distrito Federal alertou para os reflexos das manifesta\u00e7\u00f5es. A entidade cita que alguns postos de combust\u00edveis reajustaram os pre\u00e7os. Ainda h\u00e1 outros postos que podem enfrentar desabastecimento.<\/p>\n\t<p>\n\t\t<a href=\"https:\/\/lp.suno.com.br\/ebook-como-analisar-uma-acao\/\" target=\"_blank\" data-element=\"shortcode-suno-banner\" title=\"Banner SUNO, clique e saiba mais\">\n\t\t\t<picture>\n\t\t\t\t<source media=\"(max-width: 500px)\" srcset=\"https:\/\/files.sunoresearch.com.br\/n\/uploads\/2023\/12\/Ebook-Acoes-Mobile.jpg\">\n\t\t\t\t<img class=\"newsContent__article__imgCapa newsContent__article__imgCapa--banner\"\n\t\t\t\t\tsrc=\"https:\/\/files.sunoresearch.com.br\/n\/uploads\/2023\/12\/Ebook-Acoes-Desktop.webp\"\n\t\t\t\t\tdata-promo-id=\"311260\"\t\t\t\t\t\t\t\t\t\twidth='1420' height='286'\t\t\t\t\talt=\"https:\/\/files.sunoresearch.com.br\/n\/uploads\/2023\/12\/Ebook-Acoes-Desktop.webp\"\n\t\t\t\t>\n\t\t\t<\/picture>\n\t\t<\/a>\n\t<\/p>\n\n\n<p>Em meio a este cen\u00e1rio, existe a preocupa\u00e7\u00e3o de que as entregas de rem\u00e9dios sejam afetadas.<\/p>\n<h2>Ministro do STF chama as paralisa\u00e7\u00f5es nas rodovias de \u201cmovimento ilegal\u201d<\/h2>\n<p>Em despacho nesta ter\u00e7a-feira, o ministro do Supremo Tribunal Federal (STF), Alexandre de Moraes, refor\u00e7ou a autoriza\u00e7\u00e3o, pelos governadores de Estados, \u00e0 utiliza\u00e7\u00e3o de tropas militares.<\/p>\n<p>O objetivo \u00e9 de come\u00e7ar a \u201cimediata desobstru\u00e7\u00e3o de todas as vias p\u00fablicas que ilicitamente estejam com seu tr\u00e2nsito interrompido\u201d.<\/p>\n<p>Alexandre de Moraes denominou as paralisa\u00e7\u00f5es nas rodovias como \u201cmovimento ilegal\u201d. O ministro ainda citou que as informa\u00e7\u00f5es obtidas at\u00e9 o momento indicam a exist\u00eancia de \u201crisco \u00e0 seguran\u00e7a p\u00fablica em todo o territ\u00f3rio nacional\u201d.<\/p>\n<p>Em decis\u00e3o tomada nesta ter\u00e7a, o ministro autoriza a pris\u00e3o em flagrante de pessoas que tenham utilizado caminh\u00f5es para impedir o tr\u00e2nsito nas rodovias. Alexandre de Moraes ainda definiu a aplica\u00e7\u00e3o de uma multa de R$ 100 mil em caso de descumprimento.<\/p>\n<p>Em nota divulgada no come\u00e7o desta ter\u00e7a-feira (1\u00ba), a <strong>Pol\u00edcia Rodovi\u00e1ria Federal (PRF)<\/strong> informou que j\u00e1 foram desfeitas 288 manifesta\u00e7\u00f5es.<\/p>\n<p>Na manh\u00e3 desta ter\u00e7a, policiais rodovi\u00e1rios federais chegaram a usar spray de pimenta para que fosse liberado um sentido da BR-101, em Parnamirim (RN). Essa rodovia tinha sido interditada, nos dois sentidos, na noite desta segunda-feira (31).<\/p>\n\t<p>\n\t\t<a href=\"https:\/\/lp.suno.com.br\/minicurso-investindo-fiis\/\" target=\"_blank\" data-element=\"shortcode-suno-banner\" title=\"Banner SUNO, clique e saiba mais\">\n\t\t\t<picture>\n\t\t\t\t<source media=\"(max-width: 500px)\" srcset=\"https:\/\/files.sunoresearch.com.br\/n\/uploads\/2023\/07\/400x300-Minicurso-FIIS.png\">\n\t\t\t\t<img class=\"newsContent__article__imgCapa newsContent__article__imgCapa--banner\"\n\t\t\t\t\tsrc=\"https:\/\/files.sunoresearch.com.br\/n\/uploads\/2023\/07\/1420x240-Minicurso-FIIS.png\"\n\t\t\t\t\tdata-promo-id=\"311935\"\t\t\t\t\t\t\t\t\t\twidth='1420' height='240'\t\t\t\t\talt=\"https:\/\/files.sunoresearch.com.br\/n\/uploads\/2023\/07\/1420x240-Minicurso-FIIS.png\"\n\t\t\t\t>\n\t\t\t<\/picture>\n\t\t<\/a>\n\t<\/p>\n\n\n","protected":false},"excerpt":{"rendered":"<p>Diante das paralisa\u00e7\u00f5es nas rodovias iniciadas neste domingo (30). por parte de apoiadores de Jair Bolsonaro, o pa\u00eds deve come\u00e7ar a sentir os impactos em diversos setores. O bloqueio aconteceu ap\u00f3s a elei\u00e7\u00e3o de Lula como novo presidente da Rep\u00fablica. Desde a noite do \u00faltimo domingo, apoiadores de Bolsonaro bloquearam \u2014 parcialmente ou totalmente \u2014 [&hellip;]<\/p>\n","protected":false},"author":224,"featured_media":268877,"comment_status":"closed","ping_status":"closed","sticky":false,"template":"","format":"standard","meta":[],"categories":[62],"tags":[],"suno_strategy":[],"class_list":["post-314456","post","type-post","status-publish","format-standard","has-post-thumbnail","hentry","category-economia"],"yoast_head":"<!-- This site is optimized with the Yoast SEO plugin v24.4 - https:\/\/yoast.com\/wordpress\/plugins\/seo\/ -->\n<title>Paralisa\u00e7\u00f5es nas rodovias come\u00e7am a afetar setores pelo pa\u00eds<\/title>\n<meta name=\"description\" content=\"Diante das paralisa\u00e7\u00f5es nas rodovias iniciadas neste domingo (30)., o pa\u00eds deve come\u00e7ar a sentir os impactos em diversos setores. Saiba aqui\" \/>\n<meta name=\"robots\" content=\"index, follow, max-snippet:-1, max-image-preview:large, max-video-preview:-1\" \/>\n<link rel=\"canonical\" href=\"https:\/\/www.suno.com.br\/noticias\/paralisacoes-nas-rodovias-comecam-a-afetar-setores-pelo-pais\/\" \/>\n<meta property=\"og:locale\" content=\"pt_BR\" \/>\n<meta property=\"og:type\" content=\"article\" \/>\n<meta property=\"og:title\" content=\"Paralisa\u00e7\u00f5es nas rodovias come\u00e7am a afetar setores pelo pa\u00eds\" \/>\n<meta property=\"og:description\" content=\"Diante das paralisa\u00e7\u00f5es nas rodovias iniciadas neste domingo (30)., o pa\u00eds deve come\u00e7ar a sentir os impactos em diversos setores. Saiba aqui\" \/>\n<meta property=\"og:url\" content=\"https:\/\/www.suno.com.br\/noticias\/paralisacoes-nas-rodovias-comecam-a-afetar-setores-pelo-pais\/\" \/>\n<meta property=\"og:site_name\" content=\"Suno Not\u00edcias\" \/>\n<meta property=\"article:publisher\" content=\"https:\/\/facebook.com\/sunoresearch\" \/>\n<meta property=\"og:image\" content=\"https:\/\/files.sunoresearch.com.br\/n\/uploads\/2022\/06\/caminhoneiros.jpg\" \/>\n\t<meta property=\"og:image:width\" content=\"1396\" \/>\n\t<meta property=\"og:image:height\" content=\"834\" \/>\n\t<meta property=\"og:image:type\" content=\"image\/jpeg\" \/>\n<meta name=\"author\" content=\"Silvio Suehiro\" \/>\n<meta name=\"twitter:card\" content=\"summary_large_image\" \/>\n<meta name=\"twitter:creator\" content=\"@sunoresearch\" \/>\n<meta name=\"twitter:site\" content=\"@sunoresearch\" \/>\n<meta name=\"twitter:label1\" content=\"Escrito por\" \/>\n\t<meta name=\"twitter:data1\" content=\"Silvio Suehiro\" \/>\n\t<meta name=\"twitter:label2\" content=\"Est. tempo de leitura\" \/>\n\t<meta name=\"twitter:data2\" content=\"3 minutos\" \/>\n<script type=\"application\/ld+json\" class=\"yoast-schema-graph\">{\"@context\":\"https:\/\/schema.org\",\"@graph\":[{\"@type\":\"NewsArticle\",\"@id\":\"https:\/\/www.suno.com.br\/noticias\/paralisacoes-nas-rodovias-comecam-a-afetar-setores-pelo-pais\/#article\",\"isPartOf\":{\"@id\":\"https:\/\/www.suno.com.br\/noticias\/paralisacoes-nas-rodovias-comecam-a-afetar-setores-pelo-pais\/\"},\"author\":{\"name\":\"Silvio Suehiro\",\"@id\":\"https:\/\/www.suno.com.br\/noticias\/#\/schema\/person\/c94f387eeb0598ad381eac3e47a8686c\"},\"headline\":\"Paralisa\u00e7\u00f5es nas rodovias come\u00e7am a afetar setores pelo pa\u00eds\",\"datePublished\":\"2022-11-01T15:09:14+00:00\",\"dateModified\":\"2022-11-01T15:23:07+00:00\",\"mainEntityOfPage\":{\"@id\":\"https:\/\/www.suno.com.br\/noticias\/paralisacoes-nas-rodovias-comecam-a-afetar-setores-pelo-pais\/\"},\"wordCount\":472,\"publisher\":{\"@id\":\"https:\/\/www.suno.com.br\/noticias\/#organization\"},\"image\":{\"@id\":\"https:\/\/www.suno.com.br\/noticias\/paralisacoes-nas-rodovias-comecam-a-afetar-setores-pelo-pais\/#primaryimage\"},\"thumbnailUrl\":\"https:\/\/files.sunoresearch.com.br\/n\/uploads\/2022\/06\/caminhoneiros.jpg\",\"articleSection\":[\"Economia\"],\"inLanguage\":\"pt-BR\"},{\"@type\":\"WebPage\",\"@id\":\"https:\/\/www.suno.com.br\/noticias\/paralisacoes-nas-rodovias-comecam-a-afetar-setores-pelo-pais\/\",\"url\":\"https:\/\/www.suno.com.br\/noticias\/paralisacoes-nas-rodovias-comecam-a-afetar-setores-pelo-pais\/\",\"name\":\"Paralisa\u00e7\u00f5es nas rodovias come\u00e7am a afetar setores pelo pa\u00eds\",\"isPartOf\":{\"@id\":\"https:\/\/www.suno.com.br\/noticias\/#website\"},\"primaryImageOfPage\":{\"@id\":\"https:\/\/www.suno.com.br\/noticias\/paralisacoes-nas-rodovias-comecam-a-afetar-setores-pelo-pais\/#primaryimage\"},\"image\":{\"@id\":\"https:\/\/www.suno.com.br\/noticias\/paralisacoes-nas-rodovias-comecam-a-afetar-setores-pelo-pais\/#primaryimage\"},\"thumbnailUrl\":\"https:\/\/files.sunoresearch.com.br\/n\/uploads\/2022\/06\/caminhoneiros.jpg\",\"datePublished\":\"2022-11-01T15:09:14+00:00\",\"dateModified\":\"2022-11-01T15:23:07+00:00\",\"description\":\"Diante das paralisa\u00e7\u00f5es nas rodovias iniciadas neste domingo (30)., o pa\u00eds deve come\u00e7ar a sentir os impactos em diversos setores. Saiba aqui\",\"breadcrumb\":{\"@id\":\"https:\/\/www.suno.com.br\/noticias\/paralisacoes-nas-rodovias-comecam-a-afetar-setores-pelo-pais\/#breadcrumb\"},\"inLanguage\":\"pt-BR\",\"potentialAction\":[{\"@type\":\"ReadAction\",\"target\":[\"https:\/\/www.suno.com.br\/noticias\/paralisacoes-nas-rodovias-comecam-a-afetar-setores-pelo-pais\/\"]}]},{\"@type\":\"ImageObject\",\"inLanguage\":\"pt-BR\",\"@id\":\"https:\/\/www.suno.com.br\/noticias\/paralisacoes-nas-rodovias-comecam-a-afetar-setores-pelo-pais\/#primaryimage\",\"url\":\"https:\/\/files.sunoresearch.com.br\/n\/uploads\/2022\/06\/caminhoneiros.jpg\",\"contentUrl\":\"https:\/\/files.sunoresearch.com.br\/n\/uploads\/2022\/06\/caminhoneiros.jpg\",\"width\":1396,\"height\":834,\"caption\":\"Greve dos caminhoneiros. Foto: Ag\u00eancia Brasil\"},{\"@type\":\"BreadcrumbList\",\"@id\":\"https:\/\/www.suno.com.br\/noticias\/paralisacoes-nas-rodovias-comecam-a-afetar-setores-pelo-pais\/#breadcrumb\",\"itemListElement\":[{\"@type\":\"ListItem\",\"position\":1,\"name\":\"Not\u00edcias\",\"item\":\"https:\/\/www.suno.com.br\/noticias\/\"},{\"@type\":\"ListItem\",\"position\":2,\"name\":\"Economia\",\"item\":\"https:\/\/www.suno.com.br\/noticias\/economia\/\"},{\"@type\":\"ListItem\",\"position\":3,\"name\":\"Paralisa\u00e7\u00f5es nas rodovias come\u00e7am a afetar setores pelo pa\u00eds\"}]},{\"@type\":\"WebSite\",\"@id\":\"https:\/\/www.suno.com.br\/noticias\/#website\",\"url\":\"https:\/\/www.suno.com.br\/noticias\/\",\"name\":\"Suno Not\u00edcias\",\"description\":\"Seu portal de informa\u00e7\u00e3o sobre o mundo dos investimentos\",\"publisher\":{\"@id\":\"https:\/\/www.suno.com.br\/noticias\/#organization\"},\"potentialAction\":[{\"@type\":\"SearchAction\",\"target\":{\"@type\":\"EntryPoint\",\"urlTemplate\":\"https:\/\/www.suno.com.br\/noticias\/?s={search_term_string}\"},\"query-input\":{\"@type\":\"PropertyValueSpecification\",\"valueRequired\":true,\"valueName\":\"search_term_string\"}}],\"inLanguage\":\"pt-BR\"},{\"@type\":\"Organization\",\"@id\":\"https:\/\/www.suno.com.br\/noticias\/#organization\",\"name\":\"Suno Not\u00edcias\",\"url\":\"https:\/\/www.suno.com.br\/noticias\/\",\"logo\":{\"@type\":\"ImageObject\",\"inLanguage\":\"pt-BR\",\"@id\":\"https:\/\/www.suno.com.br\/noticias\/#\/schema\/logo\/image\/\",\"url\":\"https:\/\/files.sunoresearch.com.br\/n\/uploads\/2021\/09\/suno-logo.png\",\"contentUrl\":\"https:\/\/files.sunoresearch.com.br\/n\/uploads\/2021\/09\/suno-logo.png\",\"width\":180,\"height\":180,\"caption\":\"Suno Not\u00edcias\"},\"image\":{\"@id\":\"https:\/\/www.suno.com.br\/noticias\/#\/schema\/logo\/image\/\"},\"sameAs\":[\"https:\/\/facebook.com\/sunoresearch\",\"https:\/\/x.com\/sunoresearch\",\"https:\/\/www.instagram.com\/suno\",\"https:\/\/www.linkedin.com\/company\/suno-research\/\",\"https:\/\/www.youtube.com\/c\/sunoresearch\"]},{\"@type\":\"Person\",\"@id\":\"https:\/\/www.suno.com.br\/noticias\/#\/schema\/person\/c94f387eeb0598ad381eac3e47a8686c\",\"name\":\"Silvio Suehiro\",\"image\":{\"@type\":\"ImageObject\",\"inLanguage\":\"pt-BR\",\"@id\":\"https:\/\/www.suno.com.br\/noticias\/#\/schema\/person\/image\/\",\"url\":\"https:\/\/secure.gravatar.com\/avatar\/06585eb21140975c6be6bb79a07edac1?s=96&r=g\",\"contentUrl\":\"https:\/\/secure.gravatar.com\/avatar\/06585eb21140975c6be6bb79a07edac1?s=96&r=g\",\"caption\":\"Silvio Suehiro\"},\"description\":\"Redator freelancer, com experi\u00eancia na produ\u00e7\u00e3o de not\u00edcias e artigos para as \u00e1reas de economia, finan\u00e7as e investimentos. Graduado em Comunica\u00e7\u00e3o Social - Jornalismo pela Universidade de Mogi das Cruzes (UMC), e p\u00f3s-graduado em Produ\u00e7\u00e3o Audiovisual Multiplataforma pela Universidade Anhembi Morumbi (UAM).\",\"url\":\"https:\/\/www.suno.com.br\/noticias\/author\/silvio-suehiro\/\"}]}<\/script>\n<!-- \/ Yoast SEO plugin. -->","yoast_head_json":{"title":"Paralisa\u00e7\u00f5es nas rodovias come\u00e7am a afetar setores pelo pa\u00eds","description":"Diante das paralisa\u00e7\u00f5es nas rodovias iniciadas neste domingo (30)., o pa\u00eds deve come\u00e7ar a sentir os impactos em diversos setores. Saiba aqui","robots":{"index":"index","follow":"follow","max-snippet":"max-snippet:-1","max-image-preview":"max-image-preview:large","max-video-preview":"max-video-preview:-1"},"canonical":"https:\/\/www.suno.com.br\/noticias\/paralisacoes-nas-rodovias-comecam-a-afetar-setores-pelo-pais\/","og_locale":"pt_BR","og_type":"article","og_title":"Paralisa\u00e7\u00f5es nas rodovias come\u00e7am a afetar setores pelo pa\u00eds","og_description":"Diante das paralisa\u00e7\u00f5es nas rodovias iniciadas neste domingo (30)., o pa\u00eds deve come\u00e7ar a sentir os impactos em diversos setores. Saiba aqui","og_url":"https:\/\/www.suno.com.br\/noticias\/paralisacoes-nas-rodovias-comecam-a-afetar-setores-pelo-pais\/","og_site_name":"Suno Not\u00edcias","article_publisher":"https:\/\/facebook.com\/sunoresearch","og_image":[{"width":1396,"height":834,"url":"https:\/\/files.sunoresearch.com.br\/n\/uploads\/2022\/06\/caminhoneiros.jpg","type":"image\/jpeg"}],"author":"Silvio Suehiro","twitter_card":"summary_large_image","twitter_creator":"@sunoresearch","twitter_site":"@sunoresearch","twitter_misc":{"Escrito por":"Silvio Suehiro","Est. tempo de leitura":"3 minutos"},"schema":{"@context":"https:\/\/schema.org","@graph":[{"@type":"NewsArticle","@id":"https:\/\/www.suno.com.br\/noticias\/paralisacoes-nas-rodovias-comecam-a-afetar-setores-pelo-pais\/#article","isPartOf":{"@id":"https:\/\/www.suno.com.br\/noticias\/paralisacoes-nas-rodovias-comecam-a-afetar-setores-pelo-pais\/"},"author":{"name":"Silvio Suehiro","@id":"https:\/\/www.suno.com.br\/noticias\/#\/schema\/person\/c94f387eeb0598ad381eac3e47a8686c"},"headline":"Paralisa\u00e7\u00f5es nas rodovias come\u00e7am a afetar setores pelo pa\u00eds","datePublished":"2022-11-01T15:09:14+00:00","dateModified":"2022-11-01T15:23:07+00:00","mainEntityOfPage":{"@id":"https:\/\/www.suno.com.br\/noticias\/paralisacoes-nas-rodovias-comecam-a-afetar-setores-pelo-pais\/"},"wordCount":472,"publisher":{"@id":"https:\/\/www.suno.com.br\/noticias\/#organization"},"image":{"@id":"https:\/\/www.suno.com.br\/noticias\/paralisacoes-nas-rodovias-comecam-a-afetar-setores-pelo-pais\/#primaryimage"},"thumbnailUrl":"https:\/\/files.sunoresearch.com.br\/n\/uploads\/2022\/06\/caminhoneiros.jpg","articleSection":["Economia"],"inLanguage":"pt-BR"},{"@type":"WebPage","@id":"https:\/\/www.suno.com.br\/noticias\/paralisacoes-nas-rodovias-comecam-a-afetar-setores-pelo-pais\/","url":"https:\/\/www.suno.com.br\/noticias\/paralisacoes-nas-rodovias-comecam-a-afetar-setores-pelo-pais\/","name":"Paralisa\u00e7\u00f5es nas rodovias come\u00e7am a afetar setores pelo pa\u00eds","isPartOf":{"@id":"https:\/\/www.suno.com.br\/noticias\/#website"},"primaryImageOfPage":{"@id":"https:\/\/www.suno.com.br\/noticias\/paralisacoes-nas-rodovias-comecam-a-afetar-setores-pelo-pais\/#primaryimage"},"image":{"@id":"https:\/\/www.suno.com.br\/noticias\/paralisacoes-nas-rodovias-comecam-a-afetar-setores-pelo-pais\/#primaryimage"},"thumbnailUrl":"https:\/\/files.sunoresearch.com.br\/n\/uploads\/2022\/06\/caminhoneiros.jpg","datePublished":"2022-11-01T15:09:14+00:00","dateModified":"2022-11-01T15:23:07+00:00","description":"Diante das paralisa\u00e7\u00f5es nas rodovias iniciadas neste domingo (30)., o pa\u00eds deve come\u00e7ar a sentir os impactos em diversos setores. Saiba aqui","breadcrumb":{"@id":"https:\/\/www.suno.com.br\/noticias\/paralisacoes-nas-rodovias-comecam-a-afetar-setores-pelo-pais\/#breadcrumb"},"inLanguage":"pt-BR","potentialAction":[{"@type":"ReadAction","target":["https:\/\/www.suno.com.br\/noticias\/paralisacoes-nas-rodovias-comecam-a-afetar-setores-pelo-pais\/"]}]},{"@type":"ImageObject","inLanguage":"pt-BR","@id":"https:\/\/www.suno.com.br\/noticias\/paralisacoes-nas-rodovias-comecam-a-afetar-setores-pelo-pais\/#primaryimage","url":"https:\/\/files.sunoresearch.com.br\/n\/uploads\/2022\/06\/caminhoneiros.jpg","contentUrl":"https:\/\/files.sunoresearch.com.br\/n\/uploads\/2022\/06\/caminhoneiros.jpg","width":1396,"height":834,"caption":"Greve dos caminhoneiros. Foto: Ag\u00eancia Brasil"},{"@type":"BreadcrumbList","@id":"https:\/\/www.suno.com.br\/noticias\/paralisacoes-nas-rodovias-comecam-a-afetar-setores-pelo-pais\/#breadcrumb","itemListElement":[{"@type":"ListItem","position":1,"name":"Not\u00edcias","item":"https:\/\/www.suno.com.br\/noticias\/"},{"@type":"ListItem","position":2,"name":"Economia","item":"https:\/\/www.suno.com.br\/noticias\/economia\/"},{"@type":"ListItem","position":3,"name":"Paralisa\u00e7\u00f5es nas rodovias come\u00e7am a afetar setores pelo pa\u00eds"}]},{"@type":"WebSite","@id":"https:\/\/www.suno.com.br\/noticias\/#website","url":"https:\/\/www.suno.com.br\/noticias\/","name":"Suno Not\u00edcias","description":"Seu portal de informa\u00e7\u00e3o sobre o mundo dos investimentos","publisher":{"@id":"https:\/\/www.suno.com.br\/noticias\/#organization"},"potentialAction":[{"@type":"SearchAction","target":{"@type":"EntryPoint","urlTemplate":"https:\/\/www.suno.com.br\/noticias\/?s={search_term_string}"},"query-input":{"@type":"PropertyValueSpecification","valueRequired":true,"valueName":"search_term_string"}}],"inLanguage":"pt-BR"},{"@type":"Organization","@id":"https:\/\/www.suno.com.br\/noticias\/#organization","name":"Suno Not\u00edcias","url":"https:\/\/www.suno.com.br\/noticias\/","logo":{"@type":"ImageObject","inLanguage":"pt-BR","@id":"https:\/\/www.suno.com.br\/noticias\/#\/schema\/logo\/image\/","url":"https:\/\/files.sunoresearch.com.br\/n\/uploads\/2021\/09\/suno-logo.png","contentUrl":"https:\/\/files.sunoresearch.com.br\/n\/uploads\/2021\/09\/suno-logo.png","width":180,"height":180,"caption":"Suno Not\u00edcias"},"image":{"@id":"https:\/\/www.suno.com.br\/noticias\/#\/schema\/logo\/image\/"},"sameAs":["https:\/\/facebook.com\/sunoresearch","https:\/\/x.com\/sunoresearch","https:\/\/www.instagram.com\/suno","https:\/\/www.linkedin.com\/company\/suno-research\/","https:\/\/www.youtube.com\/c\/sunoresearch"]},{"@type":"Person","@id":"https:\/\/www.suno.com.br\/noticias\/#\/schema\/person\/c94f387eeb0598ad381eac3e47a8686c","name":"Silvio Suehiro","image":{"@type":"ImageObject","inLanguage":"pt-BR","@id":"https:\/\/www.suno.com.br\/noticias\/#\/schema\/person\/image\/","url":"https:\/\/secure.gravatar.com\/avatar\/06585eb21140975c6be6bb79a07edac1?s=96&r=g","contentUrl":"https:\/\/secure.gravatar.com\/avatar\/06585eb21140975c6be6bb79a07edac1?s=96&r=g","caption":"Silvio Suehiro"},"description":"Redator freelancer, com experi\u00eancia na produ\u00e7\u00e3o de not\u00edcias e artigos para as \u00e1reas de economia, finan\u00e7as e investimentos. Graduado em Comunica\u00e7\u00e3o Social - Jornalismo pela Universidade de Mogi das Cruzes (UMC), e p\u00f3s-graduado em Produ\u00e7\u00e3o Audiovisual Multiplataforma pela Universidade Anhembi Morumbi (UAM).","url":"https:\/\/www.suno.com.br\/noticias\/author\/silvio-suehiro\/"}]}},"default_loop_html":"<div class=\"cardsPage__listCard__boxs\"><div class=\"cardsPage__listCard__boxs__img\"><a href=\"https:\/\/www.suno.com.br\/noticias\/paralisacoes-nas-rodovias-comecam-a-afetar-setores-pelo-pais\/\"><img class=\"mask\" src=\"https:\/\/www.suno.com.br\/noticias\/wp-content\/themes\/suno\/resources\/images\/spotlight\/spotlight1img\/bg-mask.png\" alt=\"Image Mask\"\/><img src=\"https:\/\/files.sunoresearch.com.br\/n\/uploads\/2022\/06\/caminhoneiros-400x200.jpg\" alt=\"Paralisa\u00e7\u00f5es nas rodovias come\u00e7am a afetar setores pelo pa\u00eds\"\/><\/a><span class=\"spotlightCategory\"><a href=\"https:\/\/www.suno.com.br\/noticias\/economia\/\">Economia<\/a><\/span><\/div><div class=\"cardsPage__listCard__boxs__content\"><a href=\"https:\/\/www.suno.com.br\/noticias\/paralisacoes-nas-rodovias-comecam-a-afetar-setores-pelo-pais\/\"><h2 class=\"content__title\">Paralisa\u00e7\u00f5es nas rodovias come\u00e7am a afetar setores pelo pa\u00eds<\/h2><\/a><div class=\"newsContent__article__meta\"><div class=\"newsContent__article__meta__authorBox\"><a href=\"https:\/\/www.suno.com.br\/noticias\/author\/silvio-suehiro\/\" class=\"authorBox__avatar noMobi\"><img src=\"https:\/\/secure.gravatar.com\/avatar\/06585eb21140975c6be6bb79a07edac1?s=96&#038;r=g\" alt=\"Silvio Suehiro\"><\/a><div class=\"authorBox__name\"><span>por\n\t\t\t<a href=\"https:\/\/www.suno.com.br\/noticias\/author\/silvio-suehiro\/\"><span itemprop=\"author\">Silvio Suehiro<\/span><\/a><\/span><time datetime=\"2022-11-01T12:09:14-03:00\" itemprop=\"datePublished\">01\/11\/2022 12:09<\/time><\/div><\/div><\/div><\/div><\/div>","single_layout":"posts","amp_enabled":true,"_links":{"self":[{"href":"https:\/\/www.suno.com.br\/noticias\/wp-json\/wp\/v2\/posts\/314456"}],"collection":[{"href":"https:\/\/www.suno.com.br\/noticias\/wp-json\/wp\/v2\/posts"}],"about":[{"href":"https:\/\/www.suno.com.br\/noticias\/wp-json\/wp\/v2\/types\/post"}],"author":[{"embeddable":true,"href":"https:\/\/www.suno.com.br\/noticias\/wp-json\/wp\/v2\/users\/224"}],"replies":[{"embeddable":true,"href":"https:\/\/www.suno.com.br\/noticias\/wp-json\/wp\/v2\/comments?post=314456"}],"version-history":[{"count":4,"href":"https:\/\/www.suno.com.br\/noticias\/wp-json\/wp\/v2\/posts\/314456\/revisions"}],"predecessor-version":[{"id":315278,"href":"https:\/\/www.suno.com.br\/noticias\/wp-json\/wp\/v2\/posts\/314456\/revisions\/315278"}],"wp:featuredmedia":[{"embeddable":true,"href":"https:\/\/www.suno.com.br\/noticias\/wp-json\/wp\/v2\/media\/268877"}],"wp:attachment":[{"href":"https:\/\/www.suno.com.br\/noticias\/wp-json\/wp\/v2\/media?parent=314456"}],"wp:term":[{"taxonomy":"category","embeddable":true,"href":"https:\/\/www.suno.com.br\/noticias\/wp-json\/wp\/v2\/categories?post=314456"},{"taxonomy":"post_tag","embeddable":true,"href":"https:\/\/www.suno.com.br\/noticias\/wp-json\/wp\/v2\/tags?post=314456"},{"taxonomy":"suno_strategy","embeddable":true,"href":"https:\/\/www.suno.com.br\/noticias\/wp-json\/wp\/v2\/suno_strategy?post=314456"}],"curies":[{"name":"wp","href":"https:\/\/api.w.org\/{rel}","templated":true}]}}