{"id":314420,"date":"2022-11-01T11:00:57","date_gmt":"2022-11-01T14:00:57","guid":{"rendered":"https:\/\/www.suno.com.br\/noticias\/?p=314420"},"modified":"2022-11-01T11:00:57","modified_gmt":"2022-11-01T14:00:57","slug":"copel-cple6-privatizacao-acoes-disparam","status":"publish","type":"post","link":"https:\/\/www.suno.com.br\/noticias\/copel-cple6-privatizacao-acoes-disparam\/","title":{"rendered":"Copel (CPLE6) pode ser privatizada; a\u00e7\u00f5es disparam 7%"},"content":{"rendered":"<p>O governo do Paran\u00e1 se movimentou em dire\u00e7\u00e3o a uma poss\u00edvel privatiza\u00e7\u00e3o da <a class=\"suno-keyword\" href=\"https:\/\/www.suno.com.br\/acoes\/CPLE6\/\" target=\"_blank\" rel=\"noopener\" data-force=\"yes\" data-priority=\"2\"><strong>Copel<\/strong> (CPLE6)<\/a> ao pedir para o Conselho de Controle das Empresas Estaduais (CCEE) informa\u00e7\u00f5es t\u00e9cnicas a fim de subsidiar modelo para opera\u00e7\u00e3o no <a class=\"suno-keyword\" href=\"https:\/\/www.suno.com.br\/artigos\/mercado-de-capitais-conceito\/\" target=\"_blank\" rel=\"noopener\" data-force=\"no\" data-priority=\"1\">mercado de capitais<\/a>.<\/p><div class=\"videoFull \">\n\t\t\t<div class=\"videoWrapper yt-lazyload center\"\n\t\t\t\tdata-width=\"960\"\n\t\t\t\tdata-height=\"540\"\n\t\t\t\tdata-id=\"8K3cOSslXxQ\"\n\t\t\t\tdata-alt=\"V\u00eddeo do YouTube - clique para reproduzir\"\n\t\t\t\tdata-logo=\"3\"\n\t\t\t\tdata-imagequality=\"maxres\">\n\t\t\t<\/div>\n\t\t<\/div><script type=\"application\/ld+json\">{\"@context\":\"https:\/\/schema.org\",\"@type\":\"VideoObject\",\"name\":\"CAMINHONEIROS BLOQUEIAM RODOVIAS: faz pre\u00e7o? | Pronunciamento de Bolsonaro \u00e9 esperado | Ata do Copom\",\"description\":\"#morningcall #caminhoneiros #elei\u00e7\u00f5es2022 #elei\u00e7\u00f5es #jairbolsonaro #lula #pol\u00edtica #bolsadevalores #bbas3 #petr4 #not\u00edcias #copom #bancocentral \ud83d\udcda \ud83d\udcb8\ud83d\ude2e\u2600\ufe0f \ud835\uddd4 \ud835\uddd5\ud835\udddf\ud835\uddd4\ud835\uddd6\ud835\uddde \ud835\uddd9\ud835\udde5\ud835\udddc\ud835\uddd7\ud835\uddd4\ud835\uddec \ud835\uddf1\ud835\uddee \ud835\udde6\ud835\udde8\ud835\udde1\ud835\udde2 \ud835\uddf2\ud835\ude00\ud835\ude01\ud835\uddee\u0301 \ud835\uddf0\ud835\uddf5\ud835\uddf2\ud835\uddf4\ud835\uddee\ud835\uddfb\ud835\uddf1\ud835\uddfc! \ud835\uddd6\ud835\uddee\ud835\uddf1\ud835\uddee\ud835\ude00\ud835\ude01\ud835\uddff\ud835\uddf2-\ud835\ude00\ud835\uddf2 \ud835\uddf2 \ud835\uddff\ud835\uddf2\ud835\uddf0\ud835\uddf2\ud835\uddef\ud835\uddee \ud835\uddfc\ud835\ude00 \ud835\uddfa\ud835\uddee\ud835\uddf6\ud835\uddfc\ud835\uddff\ud835\uddf2\ud835\ude00 \ud835\uddf1\ud835\uddf2\ud835\ude00\ud835\uddf0\ud835\uddfc\ud835\uddfb\ud835\ude01\ud835\uddfc\ud835\ude00 \ud835\uddf2 \ud835\uddef\ud835\uddfc\u0302\ud835\uddfb\ud835\ude02\ud835\ude00 \ud835\uddf2\ud835\ude00\ud835\uddfd\ud835\uddf2\ud835\uddf0\ud835\uddf6\ud835\uddee\ud835\uddf6\ud835\ude00! #ASuaConquista \ud835\udc03\ud835\udc1e\ud835\udc2c\ud835\udc1c\ud835\udc2e\ud835\udc1b\ud835\udc2b\ud835\udc1a \ud835\udc28 \ud835\udc2c\ud835\udc1e\ud835\udc20\ud835\udc2b\ud835\udc1e\ud835\udc1d\ud835\udc28 \ud835\udc29\ud835\udc28\ud835\udc2b \ud835\udc2d\ud835\udc2b\u00e1\ud835\udc2c \ud835\udc1d\ud835\udc1a\ud835\udc2c \ud835\udc1c\ud835\udc1a\ud835\udc2b\ud835\udc2d\ud835\udc1e\ud835\udc22\ud835\udc2b\ud835\udc1a\ud835\udc2c \ud835\udc1d\ud835\udc28\ud835\udc2c \ud835\udc26\ud835\udc1a\ud835\udc22\ud835\udc28\ud835\udc2b\ud835\udc1e\ud835\udc2c \ud835\udc1a\ud835\udc27\ud835\udc1a\ud835\udc25\ud835\udc22\ud835\udc2c\ud835\udc2d\ud835\udc1a\ud835\udc2c \ud835\udc1d\ud835\udc28 \ud835\udc29\ud835\udc1a\u00ed\ud835\udc2c. \ud835\udc05\ud835\udc22\ud835\udc1c\ud835\udc28\ud835\udc2e \ud835\udc1c\ud835\udc2e\ud835\udc2b\ud835\udc22\ud835\udc28\ud835\udc2c\ud835\udc28? \ud835\udc00\ud835\udc1c\ud835\udc1e\ud835\udc2c\ud835\udc2c\ud835\udc1e \ud835\udc28 \ud835\udc25\ud835\udc22\ud835\udc27\ud835\udc24 \ud835\udc1e \ud835\udc2c\ud835\udc1a\ud835\udc22\ud835\udc1b\ud835\udc1a \ud835\udc1c\ud835\udc28\ud835\udc26\ud835\udc28 \ud835\udc1c\ud835\udc28\ud835\udc27\ud835\udc1c\ud835\udc28\ud835\udc2b\ud835\udc2b\ud835\udc1e\ud835\udc2b \ud835\udc1a \ud835\udc2e\ud835\udc26\ud835\udc1a\u2026\",\"duration\":\"PT51M48S\",\"embedUrl\":\"https:\/\/www.youtube.com\/embed\/8K3cOSslXxQ\",\"regionsAllowed\":\"pt-BR\",\"interactionStatistic\":{\"@type\":\"InteractionCounter\",\"interactionType\":{\"@type\":\"WatchAction\"},\"userInteractionCount\":5029},\"thumbnailUrl\":\"https:\/\/i.ytimg.com\/vi\/8K3cOSslXxQ\/default.jpg\",\"uploadDate\":\"2022-11-01T12:57:10Z\"}<\/script>\n\n\t<p>\n\t\t<a href=\"https:\/\/lp.suno.com.br\/planilha-controle-gastos\/\" target=\"_blank\" data-element=\"shortcode-suno-banner\" title=\"Banner SUNO, clique e saiba mais\">\n\t\t\t<picture>\n\t\t\t\t<source media=\"(max-width: 500px)\" srcset=\"https:\/\/files.sunoresearch.com.br\/n\/uploads\/2023\/03\/400x300-Planilha-controle-de-gastos.png\">\n\t\t\t\t<img class=\"newsContent__article__imgCapa newsContent__article__imgCapa--banner\"\n\t\t\t\t\tsrc=\"https:\/\/files.sunoresearch.com.br\/n\/uploads\/2023\/03\/1420x240-Planilha-controle-de-gastos.png\"\n\t\t\t\t\tdata-promo-id=\"311945\"\t\t\t\t\t\t\t\t\t\twidth='1420' height='240'\t\t\t\t\talt=\"https:\/\/files.sunoresearch.com.br\/n\/uploads\/2023\/03\/1420x240-Planilha-controle-de-gastos.png\"\n\t\t\t\t>\n\t\t\t<\/picture>\n\t\t<\/a>\n\t<\/p>\n\n\n<p>Ap\u00f3s a not\u00edcia vir \u00e0 tona, as\u00a0<strong><a href=\"https:\/\/statusinvest.com.br\/acoes\/cple6\">a\u00e7\u00f5es da Copel<\/a>\u00a0<\/strong>sobem mais de 7% no intradia do <a href=\"https:\/\/www.suno.com.br\/noticias\/ibovespa-hoje-01112022\/\">Ibovespa<\/a>, sendo a maior alta da bolsa.<\/p>\n<p>N\u00e3o h\u00e1 detalhes sobre como seria uma eventual\u00a0<strong>privatiza\u00e7\u00e3o da Copel<\/strong>, <a href=\"https:\/\/www.suno.com.br\/noticias\/copel-cple6-aprova-jcp-970-milhoes\/\">mas agora o mercado enxerga a hip\u00f3tese como mais prov\u00e1vel<\/a>.<\/p>\n<p>\u201cEsse movimento pode ser interpretado como, pela primeira vez, o Paran\u00e1 olhando para a possibilidade de privatizar a Copel, ou pelo menos vender partes da empresa (geradoras, por exemplo)&#8221;, dizem os analistas do Bradesco BBI.<\/p>\n<p>A ideia do governo do Paran\u00e1 \u00e9 de &#8216;otimizar o investimento do Estado na companhia&#8217;, mas preservando participa\u00e7\u00e3o societ\u00e1ria relevante.<\/p>\n<p>Contudo, esse modelo deve exigir aprova\u00e7\u00e3o dos acionistas, possivelmente em Assembleia, dada a legisla\u00e7\u00e3o atual e os regulamentos em voga.<\/p>\n\t<p>\n\t\t<a href=\"https:\/\/lp.suno.com.br\/ebook-como-analisar-uma-acao\/\" target=\"_blank\" data-element=\"shortcode-suno-banner\" title=\"Banner SUNO, clique e saiba mais\">\n\t\t\t<picture>\n\t\t\t\t<source media=\"(max-width: 500px)\" srcset=\"https:\/\/files.sunoresearch.com.br\/n\/uploads\/2023\/03\/Ebook-Acoes-Mobile.jpg\">\n\t\t\t\t<img class=\"newsContent__article__imgCapa newsContent__article__imgCapa--banner\"\n\t\t\t\t\tsrc=\"https:\/\/files.sunoresearch.com.br\/n\/uploads\/2023\/03\/Ebook-Acoes-Desktop.jpg\"\n\t\t\t\t\tdata-promo-id=\"311946\"\t\t\t\t\t\t\t\t\t\twidth='1420' height='286'\t\t\t\t\talt=\"https:\/\/files.sunoresearch.com.br\/n\/uploads\/2023\/03\/Ebook-Acoes-Desktop.jpg\"\n\t\t\t\t>\n\t\t\t<\/picture>\n\t\t<\/a>\n\t<\/p>\n\n\n<p>\u201cA ado\u00e7\u00e3o de eventual modelo, a depender dos estudos que ser\u00e3o realizados para este fim, estar\u00e1 sujeita a determinadas aprova\u00e7\u00f5es, de acordo com a lei e os regulamentos aplic\u00e1veis\u201d, diz o comunicado do governo paranaense divulgado pela Copel.<\/p>\n<p>Recentemente o governador do Paran\u00e1, Carlos Massa Ratinho Jr., disse ao Valor Econ\u00f4mico que, apesar de n\u00e3o ter planos de levar a Copel \u00e0 privatiza\u00e7\u00e3o, pode rever a posi\u00e7\u00e3o numa eventual mudan\u00e7a de cen\u00e1rio.<\/p>\n<h2>Governador tem menos restri\u00e7\u00f5es para privatizar a Copel<\/h2>\n<p>Segundo os analistas do BBI, embora o estudo deva contemplar todas as op\u00e7\u00f5es poss\u00edveis, em 2021 o <strong>Estado do Paran\u00e1<\/strong> tentou vender parte de suas a\u00e7\u00f5es na empresa, mas ainda manter o controle. A casa, contudo, destaca que a medida &#8220;n\u00e3o foi bem recebida pelo mercado brasileiro&#8221;.<\/p>\n<p>O Bradesco BBI, por\u00e9m, aponta que o <strong>governador Ratinho Junior<\/strong> tem menos restri\u00e7\u00f5es para dar cabo \u00e0 privatiza\u00e7\u00e3o, dados os altos \u00edndices de governabilidade com o apoio no legislativo estadual.<\/p>\n<p>\u201cObviamente, a privatiza\u00e7\u00e3o da <strong>Copel<\/strong> poderia trazer recursos significativos para o estado que poderiam ser investidos em outras \u00e1reas de interesse p\u00fablico, alavancando a plataforma pol\u00edtica do governador. Por fim, o Paran\u00e1, como outros estados do Brasil, perdeu receita tribut\u00e1ria significativa, pois o ICMS VAD aplicado nas contas de energia el\u00e9trica foi reduzido, provavelmente tornando a venda de ativos uma op\u00e7\u00e3o atraente\u201d, diz o BBI.<\/p>\n\t<p>\n\t\t<a href=\"https:\/\/lp.suno.com.br\/ebook-investindo-em-fiis\/\" target=\"_blank\" data-element=\"shortcode-suno-banner\" title=\"Banner SUNO, clique e saiba mais\">\n\t\t\t<picture>\n\t\t\t\t<source media=\"(max-width: 500px)\" srcset=\"https:\/\/files.sunoresearch.com.br\/n\/uploads\/2023\/03\/Ebook-Fundos-Imobiliarios-Mobile-1.jpg\">\n\t\t\t\t<img class=\"newsContent__article__imgCapa newsContent__article__imgCapa--banner\"\n\t\t\t\t\tsrc=\"https:\/\/files.sunoresearch.com.br\/n\/uploads\/2023\/03\/Ebook-Fundos-Imobiliarios-Desktop-1.jpg\"\n\t\t\t\t\tdata-promo-id=\"313843\"\t\t\t\t\t\t\t\t\t\twidth='1420' height='286'\t\t\t\t\talt=\"https:\/\/files.sunoresearch.com.br\/n\/uploads\/2023\/03\/Ebook-Fundos-Imobiliarios-Desktop-1.jpg\"\n\t\t\t\t>\n\t\t\t<\/picture>\n\t\t<\/a>\n\t<\/p>\n\n\n","protected":false},"excerpt":{"rendered":"<p>O governo do Paran\u00e1 se movimentou em dire\u00e7\u00e3o a uma poss\u00edvel privatiza\u00e7\u00e3o da Copel (CPLE6) ao pedir para o Conselho de Controle das Empresas Estaduais (CCEE) informa\u00e7\u00f5es t\u00e9cnicas a fim de subsidiar modelo para opera\u00e7\u00e3o no mercado de capitais. Ap\u00f3s a not\u00edcia vir \u00e0 tona, as\u00a0a\u00e7\u00f5es da Copel\u00a0sobem mais de 7% no intradia do Ibovespa, [&hellip;]<\/p>\n","protected":false},"author":73,"featured_media":193965,"comment_status":"closed","ping_status":"closed","sticky":false,"template":"","format":"standard","meta":[],"categories":[64],"tags":[431,105816,945],"suno_strategy":[],"class_list":["post-314420","post","type-post","status-publish","format-standard","has-post-thumbnail","hentry","category-negocios","tag-copel-cple3-cple5-cple6","tag-especialistas","tag-privatizacoes"],"yoast_head":"<!-- This site is optimized with the Yoast SEO plugin v24.4 - https:\/\/yoast.com\/wordpress\/plugins\/seo\/ -->\n<title>Copel (CPLE6) pode ser privatizada; a\u00e7\u00f5es disparam 7%<\/title>\n<meta name=\"description\" content=\"Analistas apontam que o governador Ratinho Junior tem menos restri\u00e7\u00f5es para uma opera\u00e7\u00e3o de privatiza\u00e7\u00e3o da Copel. Confira!\" \/>\n<meta name=\"robots\" content=\"index, follow, max-snippet:-1, max-image-preview:large, max-video-preview:-1\" \/>\n<link rel=\"canonical\" href=\"https:\/\/www.suno.com.br\/noticias\/copel-cple6-privatizacao-acoes-disparam\/\" \/>\n<meta property=\"og:locale\" content=\"pt_BR\" \/>\n<meta property=\"og:type\" content=\"article\" \/>\n<meta property=\"og:title\" content=\"Copel (CPLE6) pode ser privatizada; a\u00e7\u00f5es disparam 7%\" \/>\n<meta property=\"og:description\" content=\"Analistas apontam que o governador Ratinho Junior tem menos restri\u00e7\u00f5es para uma opera\u00e7\u00e3o de privatiza\u00e7\u00e3o da Copel. Confira!\" \/>\n<meta property=\"og:url\" content=\"https:\/\/www.suno.com.br\/noticias\/copel-cple6-privatizacao-acoes-disparam\/\" \/>\n<meta property=\"og:site_name\" content=\"Suno Not\u00edcias\" \/>\n<meta property=\"article:publisher\" content=\"https:\/\/facebook.com\/sunoresearch\" \/>\n<meta property=\"og:image\" content=\"https:\/\/files.sunoresearch.com.br\/n\/uploads\/2021\/10\/Copel-Distribuicao2-scaled-1.jpg\" \/>\n\t<meta property=\"og:image:width\" content=\"2560\" \/>\n\t<meta property=\"og:image:height\" content=\"1707\" \/>\n\t<meta property=\"og:image:type\" content=\"image\/jpeg\" \/>\n<meta name=\"author\" content=\"Eduardo Vargas\" \/>\n<meta name=\"twitter:card\" content=\"summary_large_image\" \/>\n<meta name=\"twitter:creator\" content=\"@sunoresearch\" \/>\n<meta name=\"twitter:site\" content=\"@sunoresearch\" \/>\n<meta name=\"twitter:label1\" content=\"Escrito por\" \/>\n\t<meta name=\"twitter:data1\" content=\"Eduardo Vargas\" \/>\n\t<meta name=\"twitter:label2\" content=\"Est. tempo de leitura\" \/>\n\t<meta name=\"twitter:data2\" content=\"2 minutos\" \/>\n<script type=\"application\/ld+json\" class=\"yoast-schema-graph\">{\"@context\":\"https:\/\/schema.org\",\"@graph\":[{\"@type\":\"NewsArticle\",\"@id\":\"https:\/\/www.suno.com.br\/noticias\/copel-cple6-privatizacao-acoes-disparam\/#article\",\"isPartOf\":{\"@id\":\"https:\/\/www.suno.com.br\/noticias\/copel-cple6-privatizacao-acoes-disparam\/\"},\"author\":{\"name\":\"Eduardo Vargas\",\"@id\":\"https:\/\/www.suno.com.br\/noticias\/#\/schema\/person\/7f4d362bf3518e76090143ae77bb49a5\"},\"headline\":\"Copel (CPLE6) pode ser privatizada; a\u00e7\u00f5es disparam 7%\",\"datePublished\":\"2022-11-01T14:00:57+00:00\",\"mainEntityOfPage\":{\"@id\":\"https:\/\/www.suno.com.br\/noticias\/copel-cple6-privatizacao-acoes-disparam\/\"},\"wordCount\":433,\"publisher\":{\"@id\":\"https:\/\/www.suno.com.br\/noticias\/#organization\"},\"image\":{\"@id\":\"https:\/\/www.suno.com.br\/noticias\/copel-cple6-privatizacao-acoes-disparam\/#primaryimage\"},\"thumbnailUrl\":\"https:\/\/files.sunoresearch.com.br\/n\/uploads\/2021\/10\/Copel-Distribuicao2-scaled-1.jpg\",\"keywords\":[\"Copel (CPLE3\/CPLE5\/CPLE6)\",\"Especialistas\",\"privatiza\u00e7\u00f5es\"],\"articleSection\":[\"Neg\u00f3cios\"],\"inLanguage\":\"pt-BR\"},{\"@type\":\"WebPage\",\"@id\":\"https:\/\/www.suno.com.br\/noticias\/copel-cple6-privatizacao-acoes-disparam\/\",\"url\":\"https:\/\/www.suno.com.br\/noticias\/copel-cple6-privatizacao-acoes-disparam\/\",\"name\":\"Copel (CPLE6) pode ser privatizada; a\u00e7\u00f5es disparam 7%\",\"isPartOf\":{\"@id\":\"https:\/\/www.suno.com.br\/noticias\/#website\"},\"primaryImageOfPage\":{\"@id\":\"https:\/\/www.suno.com.br\/noticias\/copel-cple6-privatizacao-acoes-disparam\/#primaryimage\"},\"image\":{\"@id\":\"https:\/\/www.suno.com.br\/noticias\/copel-cple6-privatizacao-acoes-disparam\/#primaryimage\"},\"thumbnailUrl\":\"https:\/\/files.sunoresearch.com.br\/n\/uploads\/2021\/10\/Copel-Distribuicao2-scaled-1.jpg\",\"datePublished\":\"2022-11-01T14:00:57+00:00\",\"description\":\"Analistas apontam que o governador Ratinho Junior tem menos restri\u00e7\u00f5es para uma opera\u00e7\u00e3o de privatiza\u00e7\u00e3o da Copel. Confira!\",\"breadcrumb\":{\"@id\":\"https:\/\/www.suno.com.br\/noticias\/copel-cple6-privatizacao-acoes-disparam\/#breadcrumb\"},\"inLanguage\":\"pt-BR\",\"potentialAction\":[{\"@type\":\"ReadAction\",\"target\":[\"https:\/\/www.suno.com.br\/noticias\/copel-cple6-privatizacao-acoes-disparam\/\"]}]},{\"@type\":\"ImageObject\",\"inLanguage\":\"pt-BR\",\"@id\":\"https:\/\/www.suno.com.br\/noticias\/copel-cple6-privatizacao-acoes-disparam\/#primaryimage\",\"url\":\"https:\/\/files.sunoresearch.com.br\/n\/uploads\/2021\/10\/Copel-Distribuicao2-scaled-1.jpg\",\"contentUrl\":\"https:\/\/files.sunoresearch.com.br\/n\/uploads\/2021\/10\/Copel-Distribuicao2-scaled-1.jpg\",\"width\":2560,\"height\":1707,\"caption\":\"Copel- Foto: Reprodu\u00e7\u00e3o\/Site\/Copel\"},{\"@type\":\"BreadcrumbList\",\"@id\":\"https:\/\/www.suno.com.br\/noticias\/copel-cple6-privatizacao-acoes-disparam\/#breadcrumb\",\"itemListElement\":[{\"@type\":\"ListItem\",\"position\":1,\"name\":\"Not\u00edcias\",\"item\":\"https:\/\/www.suno.com.br\/noticias\/\"},{\"@type\":\"ListItem\",\"position\":2,\"name\":\"Neg\u00f3cios\",\"item\":\"https:\/\/www.suno.com.br\/noticias\/negocios\/\"},{\"@type\":\"ListItem\",\"position\":3,\"name\":\"Copel (CPLE6) pode ser privatizada; a\u00e7\u00f5es disparam 7%\"}]},{\"@type\":\"WebSite\",\"@id\":\"https:\/\/www.suno.com.br\/noticias\/#website\",\"url\":\"https:\/\/www.suno.com.br\/noticias\/\",\"name\":\"Suno Not\u00edcias\",\"description\":\"Seu portal de informa\u00e7\u00e3o sobre o mundo dos investimentos\",\"publisher\":{\"@id\":\"https:\/\/www.suno.com.br\/noticias\/#organization\"},\"potentialAction\":[{\"@type\":\"SearchAction\",\"target\":{\"@type\":\"EntryPoint\",\"urlTemplate\":\"https:\/\/www.suno.com.br\/noticias\/?s={search_term_string}\"},\"query-input\":{\"@type\":\"PropertyValueSpecification\",\"valueRequired\":true,\"valueName\":\"search_term_string\"}}],\"inLanguage\":\"pt-BR\"},{\"@type\":\"Organization\",\"@id\":\"https:\/\/www.suno.com.br\/noticias\/#organization\",\"name\":\"Suno Not\u00edcias\",\"url\":\"https:\/\/www.suno.com.br\/noticias\/\",\"logo\":{\"@type\":\"ImageObject\",\"inLanguage\":\"pt-BR\",\"@id\":\"https:\/\/www.suno.com.br\/noticias\/#\/schema\/logo\/image\/\",\"url\":\"https:\/\/files.sunoresearch.com.br\/n\/uploads\/2021\/09\/suno-logo.png\",\"contentUrl\":\"https:\/\/files.sunoresearch.com.br\/n\/uploads\/2021\/09\/suno-logo.png\",\"width\":180,\"height\":180,\"caption\":\"Suno Not\u00edcias\"},\"image\":{\"@id\":\"https:\/\/www.suno.com.br\/noticias\/#\/schema\/logo\/image\/\"},\"sameAs\":[\"https:\/\/facebook.com\/sunoresearch\",\"https:\/\/x.com\/sunoresearch\",\"https:\/\/www.instagram.com\/suno\",\"https:\/\/www.linkedin.com\/company\/suno-research\/\",\"https:\/\/www.youtube.com\/c\/sunoresearch\"]},{\"@type\":\"Person\",\"@id\":\"https:\/\/www.suno.com.br\/noticias\/#\/schema\/person\/7f4d362bf3518e76090143ae77bb49a5\",\"name\":\"Eduardo Vargas\",\"image\":{\"@type\":\"ImageObject\",\"inLanguage\":\"pt-BR\",\"@id\":\"https:\/\/www.suno.com.br\/noticias\/#\/schema\/person\/image\/\",\"url\":\"https:\/\/secure.gravatar.com\/avatar\/dac340933427a22924c9f99d1eb2e3f2?s=96&r=g\",\"contentUrl\":\"https:\/\/secure.gravatar.com\/avatar\/dac340933427a22924c9f99d1eb2e3f2?s=96&r=g\",\"caption\":\"Eduardo Vargas\"},\"description\":\"Jornalista formado pela UFSC, cobre macroeconomia, neg\u00f3cios e startups para o Suno Not\u00edcias, escrevendo principalmente not\u00edcias sobre o mercado financeiro e a bolsa de valores. No YouTube e no Instagram, \u00e9 respons\u00e1vel pela produ\u00e7\u00e3o de Reels e Shorts do Suno Not\u00edcias. Anteriormente, trabalhou cobrindo economia e cotidiano no ND+ e para o ND, maior jornal impresso de Santa Catarina. Cursou um semestre letivo de Estudos de M\u00eddia na Universidad de Buenos Aires.\",\"url\":\"https:\/\/www.suno.com.br\/noticias\/author\/eduardo-vargas\/\"}]}<\/script>\n<!-- \/ Yoast SEO plugin. -->","yoast_head_json":{"title":"Copel (CPLE6) pode ser privatizada; a\u00e7\u00f5es disparam 7%","description":"Analistas apontam que o governador Ratinho Junior tem menos restri\u00e7\u00f5es para uma opera\u00e7\u00e3o de privatiza\u00e7\u00e3o da Copel. Confira!","robots":{"index":"index","follow":"follow","max-snippet":"max-snippet:-1","max-image-preview":"max-image-preview:large","max-video-preview":"max-video-preview:-1"},"canonical":"https:\/\/www.suno.com.br\/noticias\/copel-cple6-privatizacao-acoes-disparam\/","og_locale":"pt_BR","og_type":"article","og_title":"Copel (CPLE6) pode ser privatizada; a\u00e7\u00f5es disparam 7%","og_description":"Analistas apontam que o governador Ratinho Junior tem menos restri\u00e7\u00f5es para uma opera\u00e7\u00e3o de privatiza\u00e7\u00e3o da Copel. Confira!","og_url":"https:\/\/www.suno.com.br\/noticias\/copel-cple6-privatizacao-acoes-disparam\/","og_site_name":"Suno Not\u00edcias","article_publisher":"https:\/\/facebook.com\/sunoresearch","og_image":[{"width":2560,"height":1707,"url":"https:\/\/files.sunoresearch.com.br\/n\/uploads\/2021\/10\/Copel-Distribuicao2-scaled-1.jpg","type":"image\/jpeg"}],"author":"Eduardo Vargas","twitter_card":"summary_large_image","twitter_creator":"@sunoresearch","twitter_site":"@sunoresearch","twitter_misc":{"Escrito por":"Eduardo Vargas","Est. tempo de leitura":"2 minutos"},"schema":{"@context":"https:\/\/schema.org","@graph":[{"@type":"NewsArticle","@id":"https:\/\/www.suno.com.br\/noticias\/copel-cple6-privatizacao-acoes-disparam\/#article","isPartOf":{"@id":"https:\/\/www.suno.com.br\/noticias\/copel-cple6-privatizacao-acoes-disparam\/"},"author":{"name":"Eduardo Vargas","@id":"https:\/\/www.suno.com.br\/noticias\/#\/schema\/person\/7f4d362bf3518e76090143ae77bb49a5"},"headline":"Copel (CPLE6) pode ser privatizada; a\u00e7\u00f5es disparam 7%","datePublished":"2022-11-01T14:00:57+00:00","mainEntityOfPage":{"@id":"https:\/\/www.suno.com.br\/noticias\/copel-cple6-privatizacao-acoes-disparam\/"},"wordCount":433,"publisher":{"@id":"https:\/\/www.suno.com.br\/noticias\/#organization"},"image":{"@id":"https:\/\/www.suno.com.br\/noticias\/copel-cple6-privatizacao-acoes-disparam\/#primaryimage"},"thumbnailUrl":"https:\/\/files.sunoresearch.com.br\/n\/uploads\/2021\/10\/Copel-Distribuicao2-scaled-1.jpg","keywords":["Copel (CPLE3\/CPLE5\/CPLE6)","Especialistas","privatiza\u00e7\u00f5es"],"articleSection":["Neg\u00f3cios"],"inLanguage":"pt-BR"},{"@type":"WebPage","@id":"https:\/\/www.suno.com.br\/noticias\/copel-cple6-privatizacao-acoes-disparam\/","url":"https:\/\/www.suno.com.br\/noticias\/copel-cple6-privatizacao-acoes-disparam\/","name":"Copel (CPLE6) pode ser privatizada; a\u00e7\u00f5es disparam 7%","isPartOf":{"@id":"https:\/\/www.suno.com.br\/noticias\/#website"},"primaryImageOfPage":{"@id":"https:\/\/www.suno.com.br\/noticias\/copel-cple6-privatizacao-acoes-disparam\/#primaryimage"},"image":{"@id":"https:\/\/www.suno.com.br\/noticias\/copel-cple6-privatizacao-acoes-disparam\/#primaryimage"},"thumbnailUrl":"https:\/\/files.sunoresearch.com.br\/n\/uploads\/2021\/10\/Copel-Distribuicao2-scaled-1.jpg","datePublished":"2022-11-01T14:00:57+00:00","description":"Analistas apontam que o governador Ratinho Junior tem menos restri\u00e7\u00f5es para uma opera\u00e7\u00e3o de privatiza\u00e7\u00e3o da Copel. Confira!","breadcrumb":{"@id":"https:\/\/www.suno.com.br\/noticias\/copel-cple6-privatizacao-acoes-disparam\/#breadcrumb"},"inLanguage":"pt-BR","potentialAction":[{"@type":"ReadAction","target":["https:\/\/www.suno.com.br\/noticias\/copel-cple6-privatizacao-acoes-disparam\/"]}]},{"@type":"ImageObject","inLanguage":"pt-BR","@id":"https:\/\/www.suno.com.br\/noticias\/copel-cple6-privatizacao-acoes-disparam\/#primaryimage","url":"https:\/\/files.sunoresearch.com.br\/n\/uploads\/2021\/10\/Copel-Distribuicao2-scaled-1.jpg","contentUrl":"https:\/\/files.sunoresearch.com.br\/n\/uploads\/2021\/10\/Copel-Distribuicao2-scaled-1.jpg","width":2560,"height":1707,"caption":"Copel- Foto: Reprodu\u00e7\u00e3o\/Site\/Copel"},{"@type":"BreadcrumbList","@id":"https:\/\/www.suno.com.br\/noticias\/copel-cple6-privatizacao-acoes-disparam\/#breadcrumb","itemListElement":[{"@type":"ListItem","position":1,"name":"Not\u00edcias","item":"https:\/\/www.suno.com.br\/noticias\/"},{"@type":"ListItem","position":2,"name":"Neg\u00f3cios","item":"https:\/\/www.suno.com.br\/noticias\/negocios\/"},{"@type":"ListItem","position":3,"name":"Copel (CPLE6) pode ser privatizada; a\u00e7\u00f5es disparam 7%"}]},{"@type":"WebSite","@id":"https:\/\/www.suno.com.br\/noticias\/#website","url":"https:\/\/www.suno.com.br\/noticias\/","name":"Suno Not\u00edcias","description":"Seu portal de informa\u00e7\u00e3o sobre o mundo dos investimentos","publisher":{"@id":"https:\/\/www.suno.com.br\/noticias\/#organization"},"potentialAction":[{"@type":"SearchAction","target":{"@type":"EntryPoint","urlTemplate":"https:\/\/www.suno.com.br\/noticias\/?s={search_term_string}"},"query-input":{"@type":"PropertyValueSpecification","valueRequired":true,"valueName":"search_term_string"}}],"inLanguage":"pt-BR"},{"@type":"Organization","@id":"https:\/\/www.suno.com.br\/noticias\/#organization","name":"Suno Not\u00edcias","url":"https:\/\/www.suno.com.br\/noticias\/","logo":{"@type":"ImageObject","inLanguage":"pt-BR","@id":"https:\/\/www.suno.com.br\/noticias\/#\/schema\/logo\/image\/","url":"https:\/\/files.sunoresearch.com.br\/n\/uploads\/2021\/09\/suno-logo.png","contentUrl":"https:\/\/files.sunoresearch.com.br\/n\/uploads\/2021\/09\/suno-logo.png","width":180,"height":180,"caption":"Suno Not\u00edcias"},"image":{"@id":"https:\/\/www.suno.com.br\/noticias\/#\/schema\/logo\/image\/"},"sameAs":["https:\/\/facebook.com\/sunoresearch","https:\/\/x.com\/sunoresearch","https:\/\/www.instagram.com\/suno","https:\/\/www.linkedin.com\/company\/suno-research\/","https:\/\/www.youtube.com\/c\/sunoresearch"]},{"@type":"Person","@id":"https:\/\/www.suno.com.br\/noticias\/#\/schema\/person\/7f4d362bf3518e76090143ae77bb49a5","name":"Eduardo Vargas","image":{"@type":"ImageObject","inLanguage":"pt-BR","@id":"https:\/\/www.suno.com.br\/noticias\/#\/schema\/person\/image\/","url":"https:\/\/secure.gravatar.com\/avatar\/dac340933427a22924c9f99d1eb2e3f2?s=96&r=g","contentUrl":"https:\/\/secure.gravatar.com\/avatar\/dac340933427a22924c9f99d1eb2e3f2?s=96&r=g","caption":"Eduardo Vargas"},"description":"Jornalista formado pela UFSC, cobre macroeconomia, neg\u00f3cios e startups para o Suno Not\u00edcias, escrevendo principalmente not\u00edcias sobre o mercado financeiro e a bolsa de valores. No YouTube e no Instagram, \u00e9 respons\u00e1vel pela produ\u00e7\u00e3o de Reels e Shorts do Suno Not\u00edcias. Anteriormente, trabalhou cobrindo economia e cotidiano no ND+ e para o ND, maior jornal impresso de Santa Catarina. Cursou um semestre letivo de Estudos de M\u00eddia na Universidad de Buenos Aires.","url":"https:\/\/www.suno.com.br\/noticias\/author\/eduardo-vargas\/"}]}},"default_loop_html":"<div class=\"cardsPage__listCard__boxs\"><div class=\"cardsPage__listCard__boxs__img\"><a href=\"https:\/\/www.suno.com.br\/noticias\/copel-cple6-privatizacao-acoes-disparam\/\"><img class=\"mask\" src=\"https:\/\/www.suno.com.br\/noticias\/wp-content\/themes\/suno\/resources\/images\/spotlight\/spotlight1img\/bg-mask.png\" alt=\"Image Mask\"\/><img src=\"https:\/\/files.sunoresearch.com.br\/n\/uploads\/2021\/10\/Copel-Distribuicao2-scaled-1-400x200.jpg\" alt=\"Copel (CPLE6) pode ser privatizada; a\u00e7\u00f5es disparam 7%\"\/><\/a><span class=\"spotlightCategory\"><a href=\"https:\/\/www.suno.com.br\/noticias\/negocios\/\">Neg\u00f3cios<\/a><\/span><\/div><div class=\"cardsPage__listCard__boxs__content\"><a href=\"https:\/\/www.suno.com.br\/noticias\/copel-cple6-privatizacao-acoes-disparam\/\"><h2 class=\"content__title\">Copel (CPLE6) pode ser privatizada; a\u00e7\u00f5es disparam 7%<\/h2><\/a><div class=\"newsContent__article__meta\"><div class=\"newsContent__article__meta__authorBox\"><a href=\"https:\/\/www.suno.com.br\/noticias\/author\/eduardo-vargas\/\" class=\"authorBox__avatar noMobi\"><img src=\"https:\/\/secure.gravatar.com\/avatar\/dac340933427a22924c9f99d1eb2e3f2?s=96&#038;r=g\" alt=\"Eduardo Vargas\"><\/a><div class=\"authorBox__name\"><span>por\n\t\t\t<a href=\"https:\/\/www.suno.com.br\/noticias\/author\/eduardo-vargas\/\"><span itemprop=\"author\">Eduardo Vargas<\/span><\/a><\/span><time datetime=\"2022-11-01T11:00:57-03:00\" itemprop=\"datePublished\">01\/11\/2022 11:00<\/time><\/div><\/div><\/div><\/div><\/div>","single_layout":"posts","amp_enabled":true,"_links":{"self":[{"href":"https:\/\/www.suno.com.br\/noticias\/wp-json\/wp\/v2\/posts\/314420"}],"collection":[{"href":"https:\/\/www.suno.com.br\/noticias\/wp-json\/wp\/v2\/posts"}],"about":[{"href":"https:\/\/www.suno.com.br\/noticias\/wp-json\/wp\/v2\/types\/post"}],"author":[{"embeddable":true,"href":"https:\/\/www.suno.com.br\/noticias\/wp-json\/wp\/v2\/users\/73"}],"replies":[{"embeddable":true,"href":"https:\/\/www.suno.com.br\/noticias\/wp-json\/wp\/v2\/comments?post=314420"}],"version-history":[{"count":1,"href":"https:\/\/www.suno.com.br\/noticias\/wp-json\/wp\/v2\/posts\/314420\/revisions"}],"predecessor-version":[{"id":314439,"href":"https:\/\/www.suno.com.br\/noticias\/wp-json\/wp\/v2\/posts\/314420\/revisions\/314439"}],"wp:featuredmedia":[{"embeddable":true,"href":"https:\/\/www.suno.com.br\/noticias\/wp-json\/wp\/v2\/media\/193965"}],"wp:attachment":[{"href":"https:\/\/www.suno.com.br\/noticias\/wp-json\/wp\/v2\/media?parent=314420"}],"wp:term":[{"taxonomy":"category","embeddable":true,"href":"https:\/\/www.suno.com.br\/noticias\/wp-json\/wp\/v2\/categories?post=314420"},{"taxonomy":"post_tag","embeddable":true,"href":"https:\/\/www.suno.com.br\/noticias\/wp-json\/wp\/v2\/tags?post=314420"},{"taxonomy":"suno_strategy","embeddable":true,"href":"https:\/\/www.suno.com.br\/noticias\/wp-json\/wp\/v2\/suno_strategy?post=314420"}],"curies":[{"name":"wp","href":"https:\/\/api.w.org\/{rel}","templated":true}]}}