{"id":314393,"date":"2022-11-01T09:29:56","date_gmt":"2022-11-01T12:29:56","guid":{"rendered":"https:\/\/www.suno.com.br\/noticias\/?p=314393"},"modified":"2022-11-01T15:45:41","modified_gmt":"2022-11-01T18:45:41","slug":"petrobras-petr4-senador-lula-presidencia","status":"publish","type":"post","link":"https:\/\/www.suno.com.br\/noticias\/petrobras-petr4-senador-lula-presidencia\/","title":{"rendered":"Petrobras (PETR4) pode ter Senador na presid\u00eancia; entenda"},"content":{"rendered":"<p>O Senador Jean-Paul Prates (PT-RN) \u00e9 um dos nomes mais cotados para assumir a presid\u00eancia da <a class=\"suno-keyword\" href=\"https:\/\/www.suno.com.br\/acoes\/PETR4\/\" target=\"_blank\" rel=\"noopener\" data-force=\"yes\" data-priority=\"2\"><strong>Petrobras<\/strong> (PETR4)<\/a> em 2023.<\/p><div class=\"videoFull \">\n\t\t\t<div class=\"videoWrapper yt-lazyload center\"\n\t\t\t\tdata-width=\"960\"\n\t\t\t\tdata-height=\"540\"\n\t\t\t\tdata-id=\"8K3cOSslXxQ\"\n\t\t\t\tdata-alt=\"V\u00eddeo do YouTube - clique para reproduzir\"\n\t\t\t\tdata-logo=\"3\"\n\t\t\t\tdata-imagequality=\"maxres\">\n\t\t\t<\/div>\n\t\t<\/div><script type=\"application\/ld+json\">{\"@context\":\"https:\/\/schema.org\",\"@type\":\"VideoObject\",\"name\":\"CAMINHONEIROS BLOQUEIAM RODOVIAS: faz pre\u00e7o? | Pronunciamento de Bolsonaro \u00e9 esperado | Ata do Copom\",\"description\":\"#morningcall #caminhoneiros #elei\u00e7\u00f5es2022 #elei\u00e7\u00f5es #jairbolsonaro #lula #pol\u00edtica #bolsadevalores #bbas3 #petr4 #not\u00edcias #copom #bancocentral \ud83d\udcda \ud83d\udcb8\ud83d\ude2e\u2600\ufe0f \ud835\uddd4 \ud835\uddd5\ud835\udddf\ud835\uddd4\ud835\uddd6\ud835\uddde \ud835\uddd9\ud835\udde5\ud835\udddc\ud835\uddd7\ud835\uddd4\ud835\uddec \ud835\uddf1\ud835\uddee \ud835\udde6\ud835\udde8\ud835\udde1\ud835\udde2 \ud835\uddf2\ud835\ude00\ud835\ude01\ud835\uddee\u0301 \ud835\uddf0\ud835\uddf5\ud835\uddf2\ud835\uddf4\ud835\uddee\ud835\uddfb\ud835\uddf1\ud835\uddfc! \ud835\uddd6\ud835\uddee\ud835\uddf1\ud835\uddee\ud835\ude00\ud835\ude01\ud835\uddff\ud835\uddf2-\ud835\ude00\ud835\uddf2 \ud835\uddf2 \ud835\uddff\ud835\uddf2\ud835\uddf0\ud835\uddf2\ud835\uddef\ud835\uddee \ud835\uddfc\ud835\ude00 \ud835\uddfa\ud835\uddee\ud835\uddf6\ud835\uddfc\ud835\uddff\ud835\uddf2\ud835\ude00 \ud835\uddf1\ud835\uddf2\ud835\ude00\ud835\uddf0\ud835\uddfc\ud835\uddfb\ud835\ude01\ud835\uddfc\ud835\ude00 \ud835\uddf2 \ud835\uddef\ud835\uddfc\u0302\ud835\uddfb\ud835\ude02\ud835\ude00 \ud835\uddf2\ud835\ude00\ud835\uddfd\ud835\uddf2\ud835\uddf0\ud835\uddf6\ud835\uddee\ud835\uddf6\ud835\ude00! #ASuaConquista \ud835\udc03\ud835\udc1e\ud835\udc2c\ud835\udc1c\ud835\udc2e\ud835\udc1b\ud835\udc2b\ud835\udc1a \ud835\udc28 \ud835\udc2c\ud835\udc1e\ud835\udc20\ud835\udc2b\ud835\udc1e\ud835\udc1d\ud835\udc28 \ud835\udc29\ud835\udc28\ud835\udc2b \ud835\udc2d\ud835\udc2b\u00e1\ud835\udc2c \ud835\udc1d\ud835\udc1a\ud835\udc2c \ud835\udc1c\ud835\udc1a\ud835\udc2b\ud835\udc2d\ud835\udc1e\ud835\udc22\ud835\udc2b\ud835\udc1a\ud835\udc2c \ud835\udc1d\ud835\udc28\ud835\udc2c \ud835\udc26\ud835\udc1a\ud835\udc22\ud835\udc28\ud835\udc2b\ud835\udc1e\ud835\udc2c \ud835\udc1a\ud835\udc27\ud835\udc1a\ud835\udc25\ud835\udc22\ud835\udc2c\ud835\udc2d\ud835\udc1a\ud835\udc2c \ud835\udc1d\ud835\udc28 \ud835\udc29\ud835\udc1a\u00ed\ud835\udc2c. \ud835\udc05\ud835\udc22\ud835\udc1c\ud835\udc28\ud835\udc2e \ud835\udc1c\ud835\udc2e\ud835\udc2b\ud835\udc22\ud835\udc28\ud835\udc2c\ud835\udc28? \ud835\udc00\ud835\udc1c\ud835\udc1e\ud835\udc2c\ud835\udc2c\ud835\udc1e \ud835\udc28 \ud835\udc25\ud835\udc22\ud835\udc27\ud835\udc24 \ud835\udc1e \ud835\udc2c\ud835\udc1a\ud835\udc22\ud835\udc1b\ud835\udc1a \ud835\udc1c\ud835\udc28\ud835\udc26\ud835\udc28 \ud835\udc1c\ud835\udc28\ud835\udc27\ud835\udc1c\ud835\udc28\ud835\udc2b\ud835\udc2b\ud835\udc1e\ud835\udc2b \ud835\udc1a \ud835\udc2e\ud835\udc26\ud835\udc1a\u2026\",\"duration\":\"PT51M48S\",\"embedUrl\":\"https:\/\/www.youtube.com\/embed\/8K3cOSslXxQ\",\"regionsAllowed\":\"pt-BR\",\"interactionStatistic\":{\"@type\":\"InteractionCounter\",\"interactionType\":{\"@type\":\"WatchAction\"},\"userInteractionCount\":5029},\"thumbnailUrl\":\"https:\/\/i.ytimg.com\/vi\/8K3cOSslXxQ\/default.jpg\",\"uploadDate\":\"2022-11-01T12:57:10Z\"}<\/script>\n\n\t<p>\n\t\t<a href=\"https:\/\/lp2.suno.com.br\/cl\/black-friday-2025\/?utm_campaign=_SNCDF0E4858_\" target=\"_blank\" data-element=\"shortcode-suno-banner\" title=\"Banner SUNO, clique e saiba mais\">\n\t\t\t<picture>\n\t\t\t\t<source media=\"(max-width: 500px)\" srcset=\"https:\/\/files.sunoresearch.com.br\/n\/uploads\/2025\/10\/Artigos-e-Noticias-Banner-Home-artigos-01-Mobile_-400x300-1-png.webp\">\n\t\t\t\t<img class=\"newsContent__article__imgCapa newsContent__article__imgCapa--banner\"\n\t\t\t\t\tsrc=\"https:\/\/files.sunoresearch.com.br\/n\/uploads\/2025\/10\/Artigos-e-Noticias-Banner-Home-artigos-01-Desktop_-1420x240-1-png.webp\"\n\t\t\t\t\tdata-promo-id=\"311259\"\t\t\t\t\t\t\t\t\t\twidth='1420' height='240'\t\t\t\t\talt=\"https:\/\/files.sunoresearch.com.br\/n\/uploads\/2025\/10\/Artigos-e-Noticias-Banner-Home-artigos-01-Desktop_-1420x240-1-png.webp\"\n\t\t\t\t>\n\t\t\t<\/picture>\n\t\t<\/a>\n\t<\/p>\n\n\n<p>O plano da gest\u00e3o de Lula (PT), eleito no domingo (30), \u00e9 de inserir a empresa de forma mais intensa no universo de energias renov\u00e1veis. O Senador Prates \u00e9 cotado para a\u00a0<strong>presid\u00eancia da Petrobras<\/strong> por ter sido um dos parlamentares que protagonizou o marco regulat\u00f3rio da gera\u00e7\u00e3o de energia e\u00f3lica offshore.<\/p>\n<p>Al\u00e9m disso, ele poderia vir a assumir o <a href=\"https:\/\/www.gov.br\/mme\/pt-br\">Minist\u00e9rio de Minas e Energia (MME)<\/a>.<\/p>\n<p>Prates \u00e9 economista e advogado, e trabalhou com consultoria e trabalhou por tr\u00eas d\u00e9cadas no segmento de \u00f3leo e g\u00e1s antes de entrar para a pol\u00edtica.<\/p>\n<p>Ele integrou a antiga Petrobras Internacional (Braspetro), nos anos 1980, e participou da elabora\u00e7\u00e3o da Lei Petr\u00f3leo, em 1997.<\/p>\n<p>Na\u00a0<strong>campanha de Lula<\/strong>, assessorou o petista nos temas relativos ao petr\u00f3leo e a energia. Al\u00e9m disso, integraram esse grupo\u00a0o ex-presidente da Petrobras Jos\u00e9 S\u00e9rgio Gabrielli e Magda Chambriard ex-diretora-geral da Ag\u00eancia Nacional do Petr\u00f3leo (ANP), al\u00e9m de especialistas de universidades e do Instituto de Estudos Estrat\u00e9gicos de Petr\u00f3leo, G\u00e1s Natural e Biocombust\u00edveis (Ineep), ligado \u00e0 Federa\u00e7\u00e3o Nacional dos Petroleiros (FUP).<\/p>\n\t<p>\n\t\t<a href=\"https:\/\/lp.suno.com.br\/ebook-como-analisar-uma-acao\/\" target=\"_blank\" data-element=\"shortcode-suno-banner\" title=\"Banner SUNO, clique e saiba mais\">\n\t\t\t<picture>\n\t\t\t\t<source media=\"(max-width: 500px)\" srcset=\"https:\/\/files.sunoresearch.com.br\/n\/uploads\/2023\/12\/Ebook-Acoes-Mobile.jpg\">\n\t\t\t\t<img class=\"newsContent__article__imgCapa newsContent__article__imgCapa--banner\"\n\t\t\t\t\tsrc=\"https:\/\/files.sunoresearch.com.br\/n\/uploads\/2023\/12\/Ebook-Acoes-Desktop.webp\"\n\t\t\t\t\tdata-promo-id=\"311260\"\t\t\t\t\t\t\t\t\t\twidth='1420' height='286'\t\t\t\t\talt=\"https:\/\/files.sunoresearch.com.br\/n\/uploads\/2023\/12\/Ebook-Acoes-Desktop.webp\"\n\t\t\t\t>\n\t\t\t<\/picture>\n\t\t<\/a>\n\t<\/p>\n\n\n<p>A FUP, vale destacar, disse que espera que Lula coloque um &#8216;freio na privatiza\u00e7\u00e3o da Petrobras&#8217;.<\/p>\n<p>A expectativa \u00e9 de que a Petrobras aumente sua <strong>produ\u00e7\u00e3o de g\u00e1s natural<\/strong> como uma &#8216;ponte&#8217; para a transa\u00e7\u00e3o energ\u00e9tica que visa o Hidrog\u00eanio.\u00a0Enquanto isso, as refinarias seriam convertidas para produtoras de biocombust\u00edveis.<\/p>\n<h2>Lei das Estatais n\u00e3o deve barrar Senador na Petrobras<\/h2>\n<p>Apesar das especula\u00e7\u00f5es, a\u00a0<strong>Lei das Estatais<\/strong> n\u00e3o deve barrar a indica\u00e7\u00e3o de Prates \u00e0 Petrobras. Isso, pois seu mandato no Senado Federal finda ainda neste ano.<\/p>\n<p>Ou seja, em 2023 ele n\u00e3o estaria enquadrado como uma indica\u00e7\u00e3o pol\u00edtica segundo a legisla\u00e7\u00e3o, podendo assumir a estatal.<\/p>\n<p>A ideia da gest\u00e3o Lula \u00e9 de encampar a Uni\u00e3o, o governo, como o novo acionista que d\u00e1 a diretriz da empresa.\u00a0\u201cHoje a <strong>Petrobras<\/strong> \u00e9 a ordenhadeira do pr\u00e9-sal, \u00e9 preciso ter uma vis\u00e3o mais ampla e de <a class=\"suno-keyword\" href=\"https:\/\/www.suno.com.br\/artigos\/longo-prazo\/\" target=\"_blank\" rel=\"noopener\" data-force=\"no\" data-priority=\"1\">longo prazo<\/a>\u201d, disse uma fonte da campanha de Lula ao Valor Econ\u00f4mico.<\/p>\n\t<p>\n\t\t<a href=\"https:\/\/lp.suno.com.br\/minicurso-investindo-fiis\/\" target=\"_blank\" data-element=\"shortcode-suno-banner\" title=\"Banner SUNO, clique e saiba mais\">\n\t\t\t<picture>\n\t\t\t\t<source media=\"(max-width: 500px)\" srcset=\"https:\/\/files.sunoresearch.com.br\/n\/uploads\/2023\/07\/400x300-Minicurso-FIIS.png\">\n\t\t\t\t<img class=\"newsContent__article__imgCapa newsContent__article__imgCapa--banner\"\n\t\t\t\t\tsrc=\"https:\/\/files.sunoresearch.com.br\/n\/uploads\/2023\/07\/1420x240-Minicurso-FIIS.png\"\n\t\t\t\t\tdata-promo-id=\"311935\"\t\t\t\t\t\t\t\t\t\twidth='1420' height='240'\t\t\t\t\talt=\"https:\/\/files.sunoresearch.com.br\/n\/uploads\/2023\/07\/1420x240-Minicurso-FIIS.png\"\n\t\t\t\t>\n\t\t\t<\/picture>\n\t\t<\/a>\n\t<\/p>\n\n\n","protected":false},"excerpt":{"rendered":"<p>O Senador Jean-Paul Prates (PT-RN) \u00e9 um dos nomes mais cotados para assumir a presid\u00eancia da Petrobras (PETR4) em 2023. O plano da gest\u00e3o de Lula (PT), eleito no domingo (30), \u00e9 de inserir a empresa de forma mais intensa no universo de energias renov\u00e1veis. O Senador Prates \u00e9 cotado para a\u00a0presid\u00eancia da Petrobras por [&hellip;]<\/p>\n","protected":false},"author":73,"featured_media":314396,"comment_status":"closed","ping_status":"closed","sticky":false,"template":"","format":"standard","meta":[],"categories":[64],"tags":[2426,595],"suno_strategy":[],"class_list":["post-314393","post","type-post","status-publish","format-standard","has-post-thumbnail","hentry","category-negocios","tag-petr3","tag-petrobras-petr4"],"yoast_head":"<!-- This site is optimized with the Yoast SEO plugin v24.4 - https:\/\/yoast.com\/wordpress\/plugins\/seo\/ -->\n<title>Petrobras (PETR4) pode ter Senador na presid\u00eancia; entenda<\/title>\n<meta name=\"description\" content=\"O Senador Jean-Paul Prates (PT-RN) \u00e9 um dos nomes mais cotados para assumir a presid\u00eancia da Petrobras. Clique e confira!\" \/>\n<meta name=\"robots\" content=\"index, follow, max-snippet:-1, max-image-preview:large, max-video-preview:-1\" \/>\n<link rel=\"canonical\" href=\"https:\/\/www.suno.com.br\/noticias\/petrobras-petr4-senador-lula-presidencia\/\" \/>\n<meta property=\"og:locale\" content=\"pt_BR\" \/>\n<meta property=\"og:type\" content=\"article\" \/>\n<meta property=\"og:title\" content=\"Petrobras (PETR4) pode ter Senador na presid\u00eancia; entenda\" \/>\n<meta property=\"og:description\" content=\"O Senador Jean-Paul Prates (PT-RN) \u00e9 um dos nomes mais cotados para assumir a presid\u00eancia da Petrobras. Clique e confira!\" \/>\n<meta property=\"og:url\" content=\"https:\/\/www.suno.com.br\/noticias\/petrobras-petr4-senador-lula-presidencia\/\" \/>\n<meta property=\"og:site_name\" content=\"Suno Not\u00edcias\" \/>\n<meta property=\"article:publisher\" content=\"https:\/\/facebook.com\/sunoresearch\" \/>\n<meta property=\"og:image\" content=\"https:\/\/files.sunoresearch.com.br\/n\/uploads\/2022\/11\/52456812153_34ac111611_k.jpg\" \/>\n\t<meta property=\"og:image:width\" content=\"2048\" \/>\n\t<meta property=\"og:image:height\" content=\"1365\" \/>\n\t<meta property=\"og:image:type\" content=\"image\/jpeg\" \/>\n<meta name=\"author\" content=\"Eduardo Vargas\" \/>\n<meta name=\"twitter:card\" content=\"summary_large_image\" \/>\n<meta name=\"twitter:creator\" content=\"@sunoresearch\" \/>\n<meta name=\"twitter:site\" content=\"@sunoresearch\" \/>\n<meta name=\"twitter:label1\" content=\"Escrito por\" \/>\n\t<meta name=\"twitter:data1\" content=\"Eduardo Vargas\" \/>\n\t<meta name=\"twitter:label2\" content=\"Est. tempo de leitura\" \/>\n\t<meta name=\"twitter:data2\" content=\"2 minutos\" \/>\n<script type=\"application\/ld+json\" class=\"yoast-schema-graph\">{\"@context\":\"https:\/\/schema.org\",\"@graph\":[{\"@type\":\"NewsArticle\",\"@id\":\"https:\/\/www.suno.com.br\/noticias\/petrobras-petr4-senador-lula-presidencia\/#article\",\"isPartOf\":{\"@id\":\"https:\/\/www.suno.com.br\/noticias\/petrobras-petr4-senador-lula-presidencia\/\"},\"author\":{\"name\":\"Eduardo Vargas\",\"@id\":\"https:\/\/www.suno.com.br\/noticias\/#\/schema\/person\/7f4d362bf3518e76090143ae77bb49a5\"},\"headline\":\"Petrobras (PETR4) pode ter Senador na presid\u00eancia; entenda\",\"datePublished\":\"2022-11-01T12:29:56+00:00\",\"dateModified\":\"2022-11-01T18:45:41+00:00\",\"mainEntityOfPage\":{\"@id\":\"https:\/\/www.suno.com.br\/noticias\/petrobras-petr4-senador-lula-presidencia\/\"},\"wordCount\":398,\"publisher\":{\"@id\":\"https:\/\/www.suno.com.br\/noticias\/#organization\"},\"image\":{\"@id\":\"https:\/\/www.suno.com.br\/noticias\/petrobras-petr4-senador-lula-presidencia\/#primaryimage\"},\"thumbnailUrl\":\"https:\/\/files.sunoresearch.com.br\/n\/uploads\/2022\/11\/52456812153_34ac111611_k.jpg\",\"keywords\":[\"PETR3\",\"Petrobras (PETR4)\"],\"articleSection\":[\"Neg\u00f3cios\"],\"inLanguage\":\"pt-BR\"},{\"@type\":\"WebPage\",\"@id\":\"https:\/\/www.suno.com.br\/noticias\/petrobras-petr4-senador-lula-presidencia\/\",\"url\":\"https:\/\/www.suno.com.br\/noticias\/petrobras-petr4-senador-lula-presidencia\/\",\"name\":\"Petrobras (PETR4) pode ter Senador na presid\u00eancia; entenda\",\"isPartOf\":{\"@id\":\"https:\/\/www.suno.com.br\/noticias\/#website\"},\"primaryImageOfPage\":{\"@id\":\"https:\/\/www.suno.com.br\/noticias\/petrobras-petr4-senador-lula-presidencia\/#primaryimage\"},\"image\":{\"@id\":\"https:\/\/www.suno.com.br\/noticias\/petrobras-petr4-senador-lula-presidencia\/#primaryimage\"},\"thumbnailUrl\":\"https:\/\/files.sunoresearch.com.br\/n\/uploads\/2022\/11\/52456812153_34ac111611_k.jpg\",\"datePublished\":\"2022-11-01T12:29:56+00:00\",\"dateModified\":\"2022-11-01T18:45:41+00:00\",\"description\":\"O Senador Jean-Paul Prates (PT-RN) \u00e9 um dos nomes mais cotados para assumir a presid\u00eancia da Petrobras. Clique e confira!\",\"breadcrumb\":{\"@id\":\"https:\/\/www.suno.com.br\/noticias\/petrobras-petr4-senador-lula-presidencia\/#breadcrumb\"},\"inLanguage\":\"pt-BR\",\"potentialAction\":[{\"@type\":\"ReadAction\",\"target\":[\"https:\/\/www.suno.com.br\/noticias\/petrobras-petr4-senador-lula-presidencia\/\"]}]},{\"@type\":\"ImageObject\",\"inLanguage\":\"pt-BR\",\"@id\":\"https:\/\/www.suno.com.br\/noticias\/petrobras-petr4-senador-lula-presidencia\/#primaryimage\",\"url\":\"https:\/\/files.sunoresearch.com.br\/n\/uploads\/2022\/11\/52456812153_34ac111611_k.jpg\",\"contentUrl\":\"https:\/\/files.sunoresearch.com.br\/n\/uploads\/2022\/11\/52456812153_34ac111611_k.jpg\",\"width\":2048,\"height\":1365,\"caption\":\"O Senador Jean Paul Prates poderia tranquilamente assumir a Petrobras pela Lei das Estatais\"},{\"@type\":\"BreadcrumbList\",\"@id\":\"https:\/\/www.suno.com.br\/noticias\/petrobras-petr4-senador-lula-presidencia\/#breadcrumb\",\"itemListElement\":[{\"@type\":\"ListItem\",\"position\":1,\"name\":\"Not\u00edcias\",\"item\":\"https:\/\/www.suno.com.br\/noticias\/\"},{\"@type\":\"ListItem\",\"position\":2,\"name\":\"Neg\u00f3cios\",\"item\":\"https:\/\/www.suno.com.br\/noticias\/negocios\/\"},{\"@type\":\"ListItem\",\"position\":3,\"name\":\"Petrobras (PETR4) pode ter Senador na presid\u00eancia; entenda\"}]},{\"@type\":\"WebSite\",\"@id\":\"https:\/\/www.suno.com.br\/noticias\/#website\",\"url\":\"https:\/\/www.suno.com.br\/noticias\/\",\"name\":\"Suno Not\u00edcias\",\"description\":\"Seu portal de informa\u00e7\u00e3o sobre o mundo dos investimentos\",\"publisher\":{\"@id\":\"https:\/\/www.suno.com.br\/noticias\/#organization\"},\"potentialAction\":[{\"@type\":\"SearchAction\",\"target\":{\"@type\":\"EntryPoint\",\"urlTemplate\":\"https:\/\/www.suno.com.br\/noticias\/?s={search_term_string}\"},\"query-input\":{\"@type\":\"PropertyValueSpecification\",\"valueRequired\":true,\"valueName\":\"search_term_string\"}}],\"inLanguage\":\"pt-BR\"},{\"@type\":\"Organization\",\"@id\":\"https:\/\/www.suno.com.br\/noticias\/#organization\",\"name\":\"Suno Not\u00edcias\",\"url\":\"https:\/\/www.suno.com.br\/noticias\/\",\"logo\":{\"@type\":\"ImageObject\",\"inLanguage\":\"pt-BR\",\"@id\":\"https:\/\/www.suno.com.br\/noticias\/#\/schema\/logo\/image\/\",\"url\":\"https:\/\/files.sunoresearch.com.br\/n\/uploads\/2021\/09\/suno-logo.png\",\"contentUrl\":\"https:\/\/files.sunoresearch.com.br\/n\/uploads\/2021\/09\/suno-logo.png\",\"width\":180,\"height\":180,\"caption\":\"Suno Not\u00edcias\"},\"image\":{\"@id\":\"https:\/\/www.suno.com.br\/noticias\/#\/schema\/logo\/image\/\"},\"sameAs\":[\"https:\/\/facebook.com\/sunoresearch\",\"https:\/\/x.com\/sunoresearch\",\"https:\/\/www.instagram.com\/suno\",\"https:\/\/www.linkedin.com\/company\/suno-research\/\",\"https:\/\/www.youtube.com\/c\/sunoresearch\"]},{\"@type\":\"Person\",\"@id\":\"https:\/\/www.suno.com.br\/noticias\/#\/schema\/person\/7f4d362bf3518e76090143ae77bb49a5\",\"name\":\"Eduardo Vargas\",\"image\":{\"@type\":\"ImageObject\",\"inLanguage\":\"pt-BR\",\"@id\":\"https:\/\/www.suno.com.br\/noticias\/#\/schema\/person\/image\/\",\"url\":\"https:\/\/secure.gravatar.com\/avatar\/dac340933427a22924c9f99d1eb2e3f2?s=96&r=g\",\"contentUrl\":\"https:\/\/secure.gravatar.com\/avatar\/dac340933427a22924c9f99d1eb2e3f2?s=96&r=g\",\"caption\":\"Eduardo Vargas\"},\"description\":\"Jornalista formado pela UFSC, cobre macroeconomia, neg\u00f3cios e startups para o Suno Not\u00edcias, escrevendo principalmente not\u00edcias sobre o mercado financeiro e a bolsa de valores. No YouTube e no Instagram, \u00e9 respons\u00e1vel pela produ\u00e7\u00e3o de Reels e Shorts do Suno Not\u00edcias. Anteriormente, trabalhou cobrindo economia e cotidiano no ND+ e para o ND, maior jornal impresso de Santa Catarina. Cursou um semestre letivo de Estudos de M\u00eddia na Universidad de Buenos Aires.\",\"url\":\"https:\/\/www.suno.com.br\/noticias\/author\/eduardo-vargas\/\"}]}<\/script>\n<!-- \/ Yoast SEO plugin. -->","yoast_head_json":{"title":"Petrobras (PETR4) pode ter Senador na presid\u00eancia; entenda","description":"O Senador Jean-Paul Prates (PT-RN) \u00e9 um dos nomes mais cotados para assumir a presid\u00eancia da Petrobras. Clique e confira!","robots":{"index":"index","follow":"follow","max-snippet":"max-snippet:-1","max-image-preview":"max-image-preview:large","max-video-preview":"max-video-preview:-1"},"canonical":"https:\/\/www.suno.com.br\/noticias\/petrobras-petr4-senador-lula-presidencia\/","og_locale":"pt_BR","og_type":"article","og_title":"Petrobras (PETR4) pode ter Senador na presid\u00eancia; entenda","og_description":"O Senador Jean-Paul Prates (PT-RN) \u00e9 um dos nomes mais cotados para assumir a presid\u00eancia da Petrobras. Clique e confira!","og_url":"https:\/\/www.suno.com.br\/noticias\/petrobras-petr4-senador-lula-presidencia\/","og_site_name":"Suno Not\u00edcias","article_publisher":"https:\/\/facebook.com\/sunoresearch","og_image":[{"width":2048,"height":1365,"url":"https:\/\/files.sunoresearch.com.br\/n\/uploads\/2022\/11\/52456812153_34ac111611_k.jpg","type":"image\/jpeg"}],"author":"Eduardo Vargas","twitter_card":"summary_large_image","twitter_creator":"@sunoresearch","twitter_site":"@sunoresearch","twitter_misc":{"Escrito por":"Eduardo Vargas","Est. tempo de leitura":"2 minutos"},"schema":{"@context":"https:\/\/schema.org","@graph":[{"@type":"NewsArticle","@id":"https:\/\/www.suno.com.br\/noticias\/petrobras-petr4-senador-lula-presidencia\/#article","isPartOf":{"@id":"https:\/\/www.suno.com.br\/noticias\/petrobras-petr4-senador-lula-presidencia\/"},"author":{"name":"Eduardo Vargas","@id":"https:\/\/www.suno.com.br\/noticias\/#\/schema\/person\/7f4d362bf3518e76090143ae77bb49a5"},"headline":"Petrobras (PETR4) pode ter Senador na presid\u00eancia; entenda","datePublished":"2022-11-01T12:29:56+00:00","dateModified":"2022-11-01T18:45:41+00:00","mainEntityOfPage":{"@id":"https:\/\/www.suno.com.br\/noticias\/petrobras-petr4-senador-lula-presidencia\/"},"wordCount":398,"publisher":{"@id":"https:\/\/www.suno.com.br\/noticias\/#organization"},"image":{"@id":"https:\/\/www.suno.com.br\/noticias\/petrobras-petr4-senador-lula-presidencia\/#primaryimage"},"thumbnailUrl":"https:\/\/files.sunoresearch.com.br\/n\/uploads\/2022\/11\/52456812153_34ac111611_k.jpg","keywords":["PETR3","Petrobras (PETR4)"],"articleSection":["Neg\u00f3cios"],"inLanguage":"pt-BR"},{"@type":"WebPage","@id":"https:\/\/www.suno.com.br\/noticias\/petrobras-petr4-senador-lula-presidencia\/","url":"https:\/\/www.suno.com.br\/noticias\/petrobras-petr4-senador-lula-presidencia\/","name":"Petrobras (PETR4) pode ter Senador na presid\u00eancia; entenda","isPartOf":{"@id":"https:\/\/www.suno.com.br\/noticias\/#website"},"primaryImageOfPage":{"@id":"https:\/\/www.suno.com.br\/noticias\/petrobras-petr4-senador-lula-presidencia\/#primaryimage"},"image":{"@id":"https:\/\/www.suno.com.br\/noticias\/petrobras-petr4-senador-lula-presidencia\/#primaryimage"},"thumbnailUrl":"https:\/\/files.sunoresearch.com.br\/n\/uploads\/2022\/11\/52456812153_34ac111611_k.jpg","datePublished":"2022-11-01T12:29:56+00:00","dateModified":"2022-11-01T18:45:41+00:00","description":"O Senador Jean-Paul Prates (PT-RN) \u00e9 um dos nomes mais cotados para assumir a presid\u00eancia da Petrobras. Clique e confira!","breadcrumb":{"@id":"https:\/\/www.suno.com.br\/noticias\/petrobras-petr4-senador-lula-presidencia\/#breadcrumb"},"inLanguage":"pt-BR","potentialAction":[{"@type":"ReadAction","target":["https:\/\/www.suno.com.br\/noticias\/petrobras-petr4-senador-lula-presidencia\/"]}]},{"@type":"ImageObject","inLanguage":"pt-BR","@id":"https:\/\/www.suno.com.br\/noticias\/petrobras-petr4-senador-lula-presidencia\/#primaryimage","url":"https:\/\/files.sunoresearch.com.br\/n\/uploads\/2022\/11\/52456812153_34ac111611_k.jpg","contentUrl":"https:\/\/files.sunoresearch.com.br\/n\/uploads\/2022\/11\/52456812153_34ac111611_k.jpg","width":2048,"height":1365,"caption":"O Senador Jean Paul Prates poderia tranquilamente assumir a Petrobras pela Lei das Estatais"},{"@type":"BreadcrumbList","@id":"https:\/\/www.suno.com.br\/noticias\/petrobras-petr4-senador-lula-presidencia\/#breadcrumb","itemListElement":[{"@type":"ListItem","position":1,"name":"Not\u00edcias","item":"https:\/\/www.suno.com.br\/noticias\/"},{"@type":"ListItem","position":2,"name":"Neg\u00f3cios","item":"https:\/\/www.suno.com.br\/noticias\/negocios\/"},{"@type":"ListItem","position":3,"name":"Petrobras (PETR4) pode ter Senador na presid\u00eancia; entenda"}]},{"@type":"WebSite","@id":"https:\/\/www.suno.com.br\/noticias\/#website","url":"https:\/\/www.suno.com.br\/noticias\/","name":"Suno Not\u00edcias","description":"Seu portal de informa\u00e7\u00e3o sobre o mundo dos investimentos","publisher":{"@id":"https:\/\/www.suno.com.br\/noticias\/#organization"},"potentialAction":[{"@type":"SearchAction","target":{"@type":"EntryPoint","urlTemplate":"https:\/\/www.suno.com.br\/noticias\/?s={search_term_string}"},"query-input":{"@type":"PropertyValueSpecification","valueRequired":true,"valueName":"search_term_string"}}],"inLanguage":"pt-BR"},{"@type":"Organization","@id":"https:\/\/www.suno.com.br\/noticias\/#organization","name":"Suno Not\u00edcias","url":"https:\/\/www.suno.com.br\/noticias\/","logo":{"@type":"ImageObject","inLanguage":"pt-BR","@id":"https:\/\/www.suno.com.br\/noticias\/#\/schema\/logo\/image\/","url":"https:\/\/files.sunoresearch.com.br\/n\/uploads\/2021\/09\/suno-logo.png","contentUrl":"https:\/\/files.sunoresearch.com.br\/n\/uploads\/2021\/09\/suno-logo.png","width":180,"height":180,"caption":"Suno Not\u00edcias"},"image":{"@id":"https:\/\/www.suno.com.br\/noticias\/#\/schema\/logo\/image\/"},"sameAs":["https:\/\/facebook.com\/sunoresearch","https:\/\/x.com\/sunoresearch","https:\/\/www.instagram.com\/suno","https:\/\/www.linkedin.com\/company\/suno-research\/","https:\/\/www.youtube.com\/c\/sunoresearch"]},{"@type":"Person","@id":"https:\/\/www.suno.com.br\/noticias\/#\/schema\/person\/7f4d362bf3518e76090143ae77bb49a5","name":"Eduardo Vargas","image":{"@type":"ImageObject","inLanguage":"pt-BR","@id":"https:\/\/www.suno.com.br\/noticias\/#\/schema\/person\/image\/","url":"https:\/\/secure.gravatar.com\/avatar\/dac340933427a22924c9f99d1eb2e3f2?s=96&r=g","contentUrl":"https:\/\/secure.gravatar.com\/avatar\/dac340933427a22924c9f99d1eb2e3f2?s=96&r=g","caption":"Eduardo Vargas"},"description":"Jornalista formado pela UFSC, cobre macroeconomia, neg\u00f3cios e startups para o Suno Not\u00edcias, escrevendo principalmente not\u00edcias sobre o mercado financeiro e a bolsa de valores. No YouTube e no Instagram, \u00e9 respons\u00e1vel pela produ\u00e7\u00e3o de Reels e Shorts do Suno Not\u00edcias. Anteriormente, trabalhou cobrindo economia e cotidiano no ND+ e para o ND, maior jornal impresso de Santa Catarina. Cursou um semestre letivo de Estudos de M\u00eddia na Universidad de Buenos Aires.","url":"https:\/\/www.suno.com.br\/noticias\/author\/eduardo-vargas\/"}]}},"default_loop_html":"<div class=\"cardsPage__listCard__boxs\"><div class=\"cardsPage__listCard__boxs__img\"><a href=\"https:\/\/www.suno.com.br\/noticias\/petrobras-petr4-senador-lula-presidencia\/\"><img class=\"mask\" src=\"https:\/\/www.suno.com.br\/noticias\/wp-content\/themes\/suno\/resources\/images\/spotlight\/spotlight1img\/bg-mask.png\" alt=\"Image Mask\"\/><img src=\"https:\/\/files.sunoresearch.com.br\/n\/uploads\/2022\/11\/52456812153_34ac111611_k-400x200.jpg\" alt=\"Petrobras (PETR4) pode ter Senador na presid\u00eancia; entenda\"\/><\/a><span class=\"spotlightCategory\"><a href=\"https:\/\/www.suno.com.br\/noticias\/negocios\/\">Neg\u00f3cios<\/a><\/span><\/div><div class=\"cardsPage__listCard__boxs__content\"><a href=\"https:\/\/www.suno.com.br\/noticias\/petrobras-petr4-senador-lula-presidencia\/\"><h2 class=\"content__title\">Petrobras (PETR4) pode ter Senador na presid\u00eancia; entenda<\/h2><\/a><div class=\"newsContent__article__meta\"><div class=\"newsContent__article__meta__authorBox\"><a href=\"https:\/\/www.suno.com.br\/noticias\/author\/eduardo-vargas\/\" class=\"authorBox__avatar noMobi\"><img src=\"https:\/\/secure.gravatar.com\/avatar\/dac340933427a22924c9f99d1eb2e3f2?s=96&#038;r=g\" alt=\"Eduardo Vargas\"><\/a><div class=\"authorBox__name\"><span>por\n\t\t\t<a href=\"https:\/\/www.suno.com.br\/noticias\/author\/eduardo-vargas\/\"><span itemprop=\"author\">Eduardo Vargas<\/span><\/a><\/span><time datetime=\"2022-11-01T09:29:56-03:00\" itemprop=\"datePublished\">01\/11\/2022 09:29<\/time><\/div><\/div><\/div><\/div><\/div>","single_layout":"posts","amp_enabled":true,"_links":{"self":[{"href":"https:\/\/www.suno.com.br\/noticias\/wp-json\/wp\/v2\/posts\/314393"}],"collection":[{"href":"https:\/\/www.suno.com.br\/noticias\/wp-json\/wp\/v2\/posts"}],"about":[{"href":"https:\/\/www.suno.com.br\/noticias\/wp-json\/wp\/v2\/types\/post"}],"author":[{"embeddable":true,"href":"https:\/\/www.suno.com.br\/noticias\/wp-json\/wp\/v2\/users\/73"}],"replies":[{"embeddable":true,"href":"https:\/\/www.suno.com.br\/noticias\/wp-json\/wp\/v2\/comments?post=314393"}],"version-history":[{"count":2,"href":"https:\/\/www.suno.com.br\/noticias\/wp-json\/wp\/v2\/posts\/314393\/revisions"}],"predecessor-version":[{"id":314615,"href":"https:\/\/www.suno.com.br\/noticias\/wp-json\/wp\/v2\/posts\/314393\/revisions\/314615"}],"wp:featuredmedia":[{"embeddable":true,"href":"https:\/\/www.suno.com.br\/noticias\/wp-json\/wp\/v2\/media\/314396"}],"wp:attachment":[{"href":"https:\/\/www.suno.com.br\/noticias\/wp-json\/wp\/v2\/media?parent=314393"}],"wp:term":[{"taxonomy":"category","embeddable":true,"href":"https:\/\/www.suno.com.br\/noticias\/wp-json\/wp\/v2\/categories?post=314393"},{"taxonomy":"post_tag","embeddable":true,"href":"https:\/\/www.suno.com.br\/noticias\/wp-json\/wp\/v2\/tags?post=314393"},{"taxonomy":"suno_strategy","embeddable":true,"href":"https:\/\/www.suno.com.br\/noticias\/wp-json\/wp\/v2\/suno_strategy?post=314393"}],"curies":[{"name":"wp","href":"https:\/\/api.w.org\/{rel}","templated":true}]}}