{"id":314284,"date":"2022-10-31T23:17:13","date_gmt":"2022-11-01T02:17:13","guid":{"rendered":"https:\/\/www.suno.com.br\/noticias\/?p=314284"},"modified":"2022-10-31T23:17:13","modified_gmt":"2022-11-01T02:17:13","slug":"radar-banco-do-brasil-bbas3-cielo-ciel3-mxrf11","status":"publish","type":"post","link":"https:\/\/www.suno.com.br\/noticias\/radar-banco-do-brasil-bbas3-cielo-ciel3-mxrf11\/","title":{"rendered":"Radar: analistas veem &#8220;riscos potenciais&#8221; no Banco do Brasil (BBAS3), lucro da Cielo (CIEL3) dispara no 3T22 e MXRF11 anuncia dividendoss"},"content":{"rendered":"<p>Nesta segunda-feira (31), ap\u00f3s as elei\u00e7\u00f5es do segundo turno de 2022 no domingo (30), o Goldman Sachs atualizou suas estimativas para o <a class=\"suno-keyword\" href=\"https:\/\/www.suno.com.br\/acoes\/BBAS3\/\" target=\"_blank\" rel=\"noopener\" data-force=\"yes\" data-priority=\"2\"><strong>Banco do Brasil<\/strong> (BBAS3)<\/a>.<\/p>\t<div class=\"wrapper-featured-image\">\n\t\t<figure class=\"spotlightImg\">\n\n\t\t\t<picture>\n\t\t\t\t<source media=\"(max-width: 768px)\" srcset=\"https:\/\/files.sunoresearch.com.br\/n\/uploads\/2022\/07\/Banco-do-Brasil-400x200.jpg\">\n\t\t\t\t<img loading=\"lazy\" decoding=\"async\" class=\"newsContent__article__imgCapa lazyloadDisabled \" src=\"https:\/\/files.sunoresearch.com.br\/n\/uploads\/2022\/07\/Banco-do-Brasil-800x450.jpg\" width=\"800\" height=\"450\" alt=\"Radar: analistas veem &#8220;riscos potenciais&#8221; no Banco do Brasil (BBAS3), lucro da Cielo (CIEL3) dispara no 3T22 e MXRF11 anuncia dividendoss\" fetchpriority=high \/>\n\t\t\t<\/picture>\n\n\t\t\t<figcaption class=\"wp-caption-text wp-caption-text--show\">Banco do Brasil. Foto: Banco do Brasil\/Divulga\u00e7\u00e3o<\/figcaption>\n\t\t<\/figure>\n\t<\/div>\n\n\n\t<p>\n\t\t<a href=\"https:\/\/lp.suno.com.br\/planilha-controle-gastos\/\" target=\"_blank\" data-element=\"shortcode-suno-banner\" title=\"Banner SUNO, clique e saiba mais\">\n\t\t\t<picture>\n\t\t\t\t<source media=\"(max-width: 500px)\" srcset=\"https:\/\/files.sunoresearch.com.br\/n\/uploads\/2023\/03\/400x300-Planilha-controle-de-gastos.png\">\n\t\t\t\t<img class=\"newsContent__article__imgCapa newsContent__article__imgCapa--banner\"\n\t\t\t\t\tsrc=\"https:\/\/files.sunoresearch.com.br\/n\/uploads\/2023\/03\/1420x240-Planilha-controle-de-gastos.png\"\n\t\t\t\t\tdata-promo-id=\"311945\"\t\t\t\t\t\t\t\t\t\twidth='1420' height='240'\t\t\t\t\talt=\"https:\/\/files.sunoresearch.com.br\/n\/uploads\/2023\/03\/1420x240-Planilha-controle-de-gastos.png\"\n\t\t\t\t>\n\t\t\t<\/picture>\n\t\t<\/a>\n\t<\/p>\n\n\n<p>Os analistas do Goldman Sachs mantiveram recomenda\u00e7\u00e3o de &#8220;compra&#8221; para as <strong>a\u00e7\u00f5es do Banco do Brasil<\/strong>, com o pre\u00e7o-alvo de R$ 46. N\u00e3o esperam impacto do resultado da <strong>Elei\u00e7\u00e3o de Lula<\/strong> para presidente no curto prazo. Mas j\u00e1 veem o ativo descontado em rela\u00e7\u00e3o aos seus pares no setor privado.<\/p>\n<p>O Goldman Sachs avalia que pode haver maior incerteza para o BB at\u00e9 que haja defini\u00e7\u00e3o sobre o futuro das pol\u00edticas p\u00fablicas.<\/p>\n<p>Al\u00e9m disso, o banco destacou a melhora na <strong>lucratividade do Banco do Brasil<\/strong> para o m\u00e1ximo de 10 anos.<\/p>\n<p>Entretanto, os <strong>riscos<\/strong> <strong>potenciais<\/strong> para a<strong> rentabilidade do Banco do Brasil<\/strong> incluem as renegocia\u00e7\u00f5es de cr\u00e9dito e aumento de empr\u00e9stimos, j\u00e1 mencionados por Lula em campanha, disseram os analistas.<\/p>\n<p>Segundo o Goldman, ainda que o Banco do Brasil tenha uma <a class=\"suno-keyword\" href=\"https:\/\/www.suno.com.br\/artigos\/governanca-corporativa\/\" target=\"_blank\" rel=\"noopener\" data-force=\"no\" data-priority=\"2\">governan\u00e7a corporativa<\/a> como defesa, o CEO \u00e9 nomeado a crit\u00e9rio do Governo Federal e poderia mudar a estrat\u00e9gia da companhia.<\/p>\n<p>&#8220;Embora n\u00e3o tenhamos opini\u00e3o sobre o poss\u00edvel curso de a\u00e7\u00e3o do presidente eleito, os bancos do setor p\u00fablico historicamente tiveram rentabilidade menor em per\u00edodos de expans\u00e3o de market share&#8221;, destacaram os analistas.<\/p>\n<p>Na <a class=\"suno-keyword\" href=\"https:\/\/www.suno.com.br\/artigos\/analise-de-sensibilidade\/\" target=\"_blank\" rel=\"noopener\" data-force=\"no\" data-priority=\"1\">an\u00e1lise de sensibilidade<\/a> do Goldman Sachs, a cada 1% de aumento no <a class=\"suno-keyword\" href=\"https:\/\/www.suno.com.br\/artigos\/custo-de-capital\/\" target=\"_blank\" rel=\"noopener\" data-force=\"no\" data-priority=\"1\">custo de capital<\/a> do BB o pre\u00e7o-alvo cai em 9%, enquanto um decl\u00ednio de 1% no ROE (Retorno sobre patrim\u00f4nio) sustent\u00e1vel reduziria sua meta de pre\u00e7o em 14%.<\/p>\n<p>Al\u00e9m disso, o Banco do Brasil deve atingir ROE de 19,2% este ano, na expectativa do Goldman Sachs, no n\u00edvel mais alto desde 2012. Enquanto isso, esperam o ROE normalizar para 16 a 17% nos pr\u00f3ximos anos.<\/p>\n<h2>Banco diz que ir\u00e1 prestar todas informa\u00e7\u00f5es solicitadas pelo governo de transi\u00e7\u00e3o<\/h2>\n<p>O Banco do Brasil informou, por meio de nota, que ir\u00e1 prestar todas as informa\u00e7\u00f5es que forem solicitadas no processo de transi\u00e7\u00e3o do atual governo para a gest\u00e3o do presidente eleito Luiz In\u00e1cio Lula da Silva. &#8220;Como integrante da administra\u00e7\u00e3o p\u00fablica, o BB sempre cumpriu com a legisla\u00e7\u00e3o que estabelece as regras de transi\u00e7\u00e3o entre governos. O BB mant\u00e9m sua postura de prestar neste momento todas as informa\u00e7\u00f5es que forem solicitadas.&#8221;<\/p>\n<p>Conforme noticiado mais cedo, a equipe econ\u00f4mica tamb\u00e9m se prepara para participar de forma &#8220;transparente&#8221; do governo de transi\u00e7\u00e3o. Conforme fontes consultadas pelo <i>Broadcast<\/i>, os projetos e medidas que est\u00e3o em estudo na pasta hoje ser\u00e3o repassados ao novo governo.<\/p>\n<p>Pela lei que regula o governo de transi\u00e7\u00e3o, o presidente eleito conta com uma equipe de 50 membros para participar do processo de atualiza\u00e7\u00e3o sobre os principais pontos da administra\u00e7\u00e3o p\u00fablica federal pelos pr\u00f3ximos dois meses.<\/p>\n<h2><strong>Petrobras \u00e9 rebaixada por analistas ap\u00f3s resultado das elei\u00e7\u00f5es<\/strong><\/h2>\n<p>As a\u00e7\u00f5es da Petrobras (PETR4) s\u00e3o alvo de uma revis\u00e3o de cen\u00e1rio em massa desde a noite de domingo (30), quando Lula (PT) ganhou a disputa eleitoral.<\/p>\n<p>Apesar da recomenda\u00e7\u00e3o de compra para as a\u00e7\u00f5es da Petrobras, a XP cortou o pre\u00e7o-alvo para os pap\u00e9is, de R$ 47,30 para R$ 35,50. Para a casa, a percep\u00e7\u00e3o de risco pol\u00edtico aumentou, apesar da Lei das Estatais ainda blindar a empresa.<\/p>\n<p>Ainda assim, entendem PETR4 como um papel relativamente descontado e n\u00e3o estimam grandes mudan\u00e7as na pol\u00edtica financeira da empresa.<\/p>\n<p>\u201cVemos os patamares de pre\u00e7os das a\u00e7\u00f5es da Petrobras reduzidos, especialmente considerando o rendimento dos dividendos (30% em 2023 e 65% entre 2024 e 2027)\u201d, comentam.<\/p>\n<h2><strong>Cota\u00e7\u00e3o do Banco do Brasil<\/strong><\/h2>\n<p>As a\u00e7\u00f5es do <strong>Banco do Brasil<\/strong> fecharam em queda de 4,64% nesta segunda-feira (31), cotadas a R$ 37,02.<\/p>\n<p><em>Com Estad\u00e3o Conte\u00fado<\/em><\/p>\n<p><em>Al\u00e9m do Banco do Brasil, confira outros destaques desta segunda-feira:<\/em><\/p>\n<h2>Cielo (CIEL3): lucro l\u00edquido quase dobra no 3T22, para R$ 422 milh\u00f5es<\/h2>\n<ul>\n<li>A <a href=\"https:\/\/www.suno.com.br\/acoes\/ciel3\/\" target=\"_blank\" rel=\"noopener\"><strong>Cielo<\/strong> (CIEL3)<\/a>, empresa de maquininhas de cart\u00f5es, anunciou nesta segunda-feira (31) um <a class=\"suno-keyword\" href=\"https:\/\/www.suno.com.br\/artigos\/lucro-liquido\/\" target=\"_blank\" rel=\"noopener\" data-force=\"no\" data-priority=\"1\">lucro l\u00edquido<\/a> recorrente de R$ 422 milh\u00f5es no terceiro trimestre de 2022.<\/li>\n<li>Com isso, o <strong>lucro l\u00edquido recorrente da Cielo<\/strong> aumentou 99% na compara\u00e7\u00e3o com o mesmo per\u00edodo de 2021, considerando os resultados consolidados com a Cateno, neg\u00f3cio de gest\u00e3o de cart\u00f5es da companhia.<\/li>\n<li>O <strong>resultado da Cielo no 3T22<\/strong> mostra o quinto trimestre consecutivo de crescimento dos ganhos sobre o mesmo per\u00edodo do ano anterior, segundo informa\u00e7\u00f5es da empresa, que est\u00e1 em \u201clua de mel\u201d com o mercado devido \u00e0 melhora dos resultados.<\/li>\n<li>O <strong>lucro l\u00edquido da Cielo<\/strong> no 3T22 \u00e9 o maior registrado desde o segundo trimestre de 2019. Al\u00e9m disso, a companhia fechou o terceiro trimestre de 2022 com ROE de 16%.<\/li>\n<li>Nesse contexto, as <strong>a\u00e7\u00f5es da Cielo<\/strong>, com ticker <strong>CIEL3<\/strong>, est\u00e3o entre as que mais subiram no Ibovespa em 2022.<\/li>\n<li>O forte crescimento do <strong>lucro da Cielo<\/strong> foi impulsionado pela expans\u00e3o do volume capturado nas maquininhas da empresa, controle de gastos e recupera\u00e7\u00e3o da Cateno, segundo o balan\u00e7o do 3T22.<\/li>\n<li>Nessa \u00faltima divulga\u00e7\u00e3o de <strong>resultados da Cielo<\/strong>, a empresa lucrou R$ 181,7 milh\u00f5es no terceiro trimestre. Al\u00e9m disso, n\u00e3o foram registrados efeitos extraordin\u00e1rios no per\u00edodo.<\/li>\n<li>Com as milhares de leitoras de cart\u00f5es da Cielo foram transacionados R$ 221 bilh\u00f5es entre julho e setembro, o chamado TPV, expans\u00e3o de 23% em 12 meses. A base ativa do varejo apresentou um crescimento em rela\u00e7\u00e3o ao m\u00eas de junho.<\/li>\n<li>O volume antecipado (ARV e RR) atingiu um novo recorde hist\u00f3rico, de R$ 30 bilh\u00f5es, com expans\u00e3o de 35% na compara\u00e7\u00e3o com o 3T21.<\/li>\n<li>J\u00e1 a receita de aquisi\u00e7\u00e3o de receb\u00edveis (ARV) cresceu 20% frente ao 2T22, e 170% em rela\u00e7\u00e3o ao terceiro trimestre de 2022.<\/li>\n<li>O Ebitda recorrente da Cielo (Lucros antes de juros, impostos, deprecia\u00e7\u00e3o e amortiza\u00e7\u00e3o) ficou em R$ 1,006 bilh\u00e3o no terceiro trimestre, com alta de 45% na compara\u00e7\u00e3o com o mesmo per\u00edodo de 2021. Com isso, a <a class=\"suno-keyword\" href=\"https:\/\/www.suno.com.br\/artigos\/margem-ebitda\/\" target=\"_blank\" rel=\"noopener\" data-force=\"no\" data-priority=\"1\">margem Ebitda<\/a> supera 38% no fechamento de setembro.<\/li>\n<li>J\u00e1 a receita consolidada caiu 12%, para R$ 2,6 bilh\u00f5es, com a venda da americana MerchantE, realizada no primeiro semestre.<\/li>\n<li>Apesar disso, a<strong> receita da Cielo<\/strong>, do ponto de vista operacional, vem apresentando um crescimento sequencial, subindo 4% em 3T22 em rela\u00e7\u00e3o ao 2T22, e 24% na compara\u00e7\u00e3o com o terceiro trimestre do ano passado, totalizando R$ 2,6 bilh\u00f5es.<\/li>\n<li>O gerenciamento dos <strong>gastos da Cielo<\/strong> tamb\u00e9m se mostrou mais eficiente, j\u00e1 que decresceram 3,7% em rela\u00e7\u00e3o ao segundo trimestre de 2022. A empresa tamb\u00e9m registrou o menor ratio de gastos de sua hist\u00f3rica, de 0,55%.<\/li>\n<li>Desse modo, os resultados mais otimistas da Cielo vieram de acordo com uma \u201cforte recupera\u00e7\u00e3o do resultado de adquir\u00eancia, por meio de desempenho operacional e efici\u00eancia em gastos\u201d, diz o relat\u00f3rio.<\/li>\n<li>A Cielo afirma que pretende otimizar a gera\u00e7\u00e3o de valor para seus os acionistas e que &#8220;segue monitorando mercado e poss\u00edveis oportunidades&#8221;.<\/li>\n<li>As a\u00e7\u00f5es da <strong>Cielo<\/strong> encerraram a sess\u00e3o de hoje (31) em alta de 5,50%, acumulando um desempenho de +10,19% em outubro.<\/li>\n<\/ul>\n\t<p>\n\t\t<a href=\"https:\/\/lp.suno.com.br\/ebook-como-analisar-uma-acao\/\" target=\"_blank\" data-element=\"shortcode-suno-banner\" title=\"Banner SUNO, clique e saiba mais\">\n\t\t\t<picture>\n\t\t\t\t<source media=\"(max-width: 500px)\" srcset=\"https:\/\/files.sunoresearch.com.br\/n\/uploads\/2023\/03\/Ebook-Acoes-Mobile.jpg\">\n\t\t\t\t<img class=\"newsContent__article__imgCapa newsContent__article__imgCapa--banner\"\n\t\t\t\t\tsrc=\"https:\/\/files.sunoresearch.com.br\/n\/uploads\/2023\/03\/Ebook-Acoes-Desktop.jpg\"\n\t\t\t\t\tdata-promo-id=\"311946\"\t\t\t\t\t\t\t\t\t\twidth='1420' height='286'\t\t\t\t\talt=\"https:\/\/files.sunoresearch.com.br\/n\/uploads\/2023\/03\/Ebook-Acoes-Desktop.jpg\"\n\t\t\t\t>\n\t\t\t<\/picture>\n\t\t<\/a>\n\t<\/p>\n\n\n<h2>Privatiza\u00e7\u00e3o no radar: analistas recomendam a\u00e7\u00f5es da Sabesp (SBSP3) com vit\u00f3ria de Tarc\u00edsio<\/h2>\n<ul>\n<li>A Ativa Investimentos, o BTG Pactual e o Credit Suisse t\u00eam recomenda\u00e7\u00e3o de &#8220;compra&#8221; para as a\u00e7\u00f5es da <a class=\"suno-keyword\" href=\"https:\/\/www.suno.com.br\/acoes\/SBSP3\/\" target=\"_blank\" rel=\"noopener\" data-force=\"yes\" data-priority=\"2\"><strong>Sabesp<\/strong> (SBSP3)<\/a>, um dia ap\u00f3s Tarc\u00edsio de Freitas (Republicanos) vencer as elei\u00e7\u00f5es para governador de S\u00e3o Paulo.<\/li>\n<li>Um dos motivos \u00e9 que o <strong>governo do ex-ministro da Infraestrutura<\/strong> tende a facilitar a <strong>privatiza\u00e7\u00e3o da Sabesp<\/strong>. O BTG afirma que as a\u00e7\u00f5es da estatal devem se beneficiar com a elei\u00e7\u00e3o, reduzindo o risco para os pap\u00e9is, segundo informa\u00e7\u00f5es do Valor Econ\u00f4mico.<\/li>\n<li>Os analistas do BTG avaliam que o mercado j\u00e1 havia precificado a <strong>elei\u00e7\u00e3o de<\/strong> <strong>Tarc\u00edsio<\/strong>, a 0,8x o valor sobre a base de ativos regulat\u00f3rios.<\/li>\n<li>Assim, consideram que a Sabesp est\u00e1 negociada a um <a class=\"suno-keyword\" href=\"https:\/\/www.suno.com.br\/artigos\/valor-justo\/\" target=\"_blank\" rel=\"noopener\" data-force=\"no\" data-priority=\"1\">valor justo<\/a>, por ser &#8220;uma estatal bem gerenciada e com pouca precifica\u00e7\u00e3o de avan\u00e7os no processo de desestatiza\u00e7\u00e3o&#8221;, diz o jornal.<\/li>\n<li>O BTG tem o pre\u00e7o-alvo de R$ 51 para os<strong> pap\u00e9is da Sabesp<\/strong>.<\/li>\n<li>Caso a Sabesp seja privatizada, o BTG projeta que as <strong>a\u00e7\u00f5es da Sabesp<\/strong> podem ser negociadas a 1 vez o valor sobre a base de ativos regulat\u00f3rios, levando o pre\u00e7o-alvo das a\u00e7\u00f5es para ainda mais alto: R$ 81.<\/li>\n<li>A Ativa Investimentos tem o pre\u00e7o-alvo das a\u00e7\u00f5es em R$ 72, acreditando que Sabesp possa evoluir com a\u00e7\u00f5es de melhoria gerencial, avan\u00e7os regulat\u00f3rios e financeiros nos pr\u00f3ximos meses com a <strong>elei\u00e7\u00e3o de Tarc\u00edsio<\/strong>.<\/li>\n<li>O cen\u00e1rio de <strong>privatiza\u00e7\u00e3o da Sabesp<\/strong> ainda \u00e9 uma opcionalidade na tese de investimentos: \u00e9 fundamental para estimular o crescimento da companhia e &#8220;daria um salto na <a class=\"suno-keyword\" href=\"https:\/\/www.suno.com.br\/artigos\/eficiencia-operacional\/\" target=\"_blank\" rel=\"noopener\" data-force=\"no\" data-priority=\"1\">efici\u00eancia operacional<\/a>&#8220;, destaca a Ativa.<\/li>\n<li>Entretanto, o processo n\u00e3o dever\u00e1 ser acelerado e deve encontrar resist\u00eancias.<\/li>\n<li>Para a Ativa, ter as a\u00e7\u00f5es da Sabesp \u00e9 uma aposta com retorno atrativo o suficiente para n\u00e3o ser ignorado.<\/li>\n<li>O Credit Suisse v\u00ea que a elei\u00e7\u00e3o de Tarc\u00edsio deve trazer uma nova estrutura de tarifas na Sabesp, aumento de efici\u00eancia de custos e retomada de estudos sobre a poss\u00edvel privatiza\u00e7\u00e3o.<\/li>\n<li>Caso um programa de redu\u00e7\u00e3o de custos substancial seja implementado, o Credit Suisse v\u00ea um grande potencial de upside para o ativo.\u00a0 O banco su\u00ed\u00e7o tem o pre\u00e7o-alvo de R$ 56,60 para a empresa.<\/li>\n<li>Entretanto, se a Sabesp chegar a 1 vez o valor sobre a base de ativos regulat\u00f3rios, o banco acredita que o pre\u00e7o das a\u00e7\u00f5es pode atingir R$ 77 e at\u00e9 R$ 98, em linha com o setor.<\/li>\n<li>Com a elei\u00e7\u00e3o de Tarc\u00edsio de Freitas (Republicanos) para governador de S\u00e3o Paulo, a eventual privatiza\u00e7\u00e3o da Sabesp ganha for\u00e7a no mercado. Apesar do otimismo, analistas apontam desafios como formato, tempo para conclus\u00e3o do processo e rela\u00e7\u00f5es com o Legislativo.<\/li>\n<li>Segundo um analista que cobre o setor de saneamento, a Sabesp \u00e9 um case &#8220;\u00f3bvio&#8221; de sucesso, &#8220;AAA&#8221;. &#8220;Os ativos t\u00eam um bom desempenho, com poucos desafios. Talvez d\u00ea para aumentar um pouco a efici\u00eancia, mas j\u00e1 \u00e9 uma companhia bastante saud\u00e1vel&#8221;, avalia.<\/li>\n<li>Apesar do otimismo generalizado no mercado acerca do potencial de ganhos de efici\u00eancia com uma eventual privatiza\u00e7\u00e3o, o analista da Mirae Asset Pedro Galdi aponta que, por ora, s\u00f3 h\u00e1 especula\u00e7\u00f5es sobre o processo. &#8220;Tarc\u00edsio citou que ir\u00e1 avaliar se a privatiza\u00e7\u00e3o \u00e9 fact\u00edvel, mas, por enquanto, \u00e9 s\u00f3 uma especula\u00e7\u00e3o. O processo n\u00e3o \u00e9 simples&#8221;, avalia.<\/li>\n<li>O analista de research da Ativa Investimentos, Ilan Arbetman, salienta que a rela\u00e7\u00e3o de Freitas com a assembleia legislativa de S\u00e3o Paulo ser\u00e1 crucial neste processo. &#8220;Precisamos entender qual ser\u00e1 o trato do Tarc\u00edsio com a assembleia, isso tamb\u00e9m vai mostrar como o processo pode ser feito&#8221;, analisa.<\/li>\n<li>Ele lembra que o pr\u00f3prio governo do estado j\u00e1 havia anunciado a contrata\u00e7\u00e3o de uma consultoria para avaliar qual seria o melhor modelo para a privatiza\u00e7\u00e3o. &#8220;Esse processo vai come\u00e7ar de dentro para fora, seja a partir desses estudos ou da contrata\u00e7\u00e3o de novos estudos.&#8221;<\/li>\n<li>Arbetman acredita que o processo n\u00e3o ser\u00e1 r\u00e1pido. &#8220;Vemos complexidade, isso faz com que a privatiza\u00e7\u00e3o possa ficar para a segunda metade do mandato. As vias para que o processo seja feito n\u00e3o est\u00e3o claras e n\u00e3o devem ser definidas no come\u00e7o do governo, esperamos que ganhe musculatura s\u00f3 com o tempo.&#8221;<\/li>\n<li>Os analistas Francisco Navarrete, Jo\u00e3o Fagundes e Andr\u00e9 Silveira escreveram em <strong>relat\u00f3rio do Bradesco BBI<\/strong> que o resultado da elei\u00e7\u00e3o &#8220;favorece muito as chances de a Sabesp ser privatizada&#8221;, mas ponderam que o tempo, a complexidade e as negocia\u00e7\u00f5es pol\u00edticas necess\u00e1rias provavelmente levar\u00e3o a uma conclus\u00e3o do processo para meados de 2024 a 2025.<\/li>\n<li>Na vis\u00e3o dos analistas, a privatiza\u00e7\u00e3o da Sabesp pode ser positiva, assim como foi a da Eletrobras (ELET3), processo que mostrou &#8220;que benef\u00edcios econ\u00f4micos\/sociais substanciais podem ser extra\u00eddos para a popula\u00e7\u00e3o e acionistas em geral&#8221;. Eles apontam que, para vender a Sabesp, entre os principais desafios est\u00e1 a decis\u00e3o sobre o formato. &#8220;Provavelmente, poder\u00e1 ser via aumento de capital, diluindo a participa\u00e7\u00e3o de 50,3% do governo de S\u00e3o Paulo&#8221;, estimam. &#8220;S\u00e3o Paulo poderia manter a atual regulamenta\u00e7\u00e3o estadual de teto de pre\u00e7os e tamb\u00e9m manter inalterada a dura\u00e7\u00e3o das concess\u00f5es da Sabesp.&#8221;<\/li>\n<li>Os analistas Antonio Junqueira e Guilherme Bosso apontam em relat\u00f3rio do Citi que o estudo de privatiza\u00e7\u00e3o da empresa de saneamento pelo novo governo de S\u00e3o Paulo deve buscar maior investimento, rapidez na universaliza\u00e7\u00e3o dos servi\u00e7os e redu\u00e7\u00e3o das tarifas. &#8220;H\u00e1 anos, a Sabesp \u00e9 uma empresa dif\u00edcil de carregar. Dividendos e ROIC (retorno sobre o investimento) baixos e ROE (retorno sobre equity) abaixo do custo de oportunidade.&#8221;<\/li>\n<li>Em relat\u00f3rio do Credit Suisse, os analistas Carolina Carneiro e Rafael Nagano disseram que, com a elei\u00e7\u00e3o de Freitas, o cen\u00e1rio \u00e9 de oportunidades na Sabesp. &#8220;Esperamos mais efici\u00eancia de custos, implementa\u00e7\u00e3o da nova estrutura tarif\u00e1ria proposta em 2021 e que provavelmente os estudos de privatiza\u00e7\u00e3o avancem&#8221;.<\/li>\n<li>As a\u00e7\u00f5es da <strong>Sabesp<\/strong> subiram 0,95% nesta segunda-feira (31), cotadas a R$ 60,10.<\/li>\n<\/ul>\n<h2>Prio (PRIO3): lucro no 3T22 sobe mais do que seis vezes e chega a US$ 154 milh\u00f5es<\/h2>\n<ul>\n<li>A <strong>Prio<\/strong>\u00a0(<a href=\"https:\/\/www.suno.com.br\/acoes\/PRIO3\/\">PRIO3<\/a>), antiga PetroRio, reportou um lucro de US$ 154 milh\u00f5es no terceiro trimestre deste ano, alta de 542% na compara\u00e7\u00e3o com os US$ 23,9 milh\u00f5es registrados de julho a setembro de 2021 (ex-IFRS 16). At\u00e9 o momento, a companhia s\u00f3 divulgou \u00e0 <a class=\"suno-keyword\" href=\"https:\/\/www.suno.com.br\/artigos\/cvm\/\" target=\"_blank\" rel=\"noopener\" data-force=\"no\" data-priority=\"2\">Comiss\u00e3o de Valores Mobili\u00e1rios (CVM)<\/a> resultados financeiros em d\u00f3lar.<\/li>\n<li>O <strong>Ebitda da Prio<\/strong> (lucro antes de juros, impostos, <a class=\"suno-keyword\" href=\"https:\/\/www.suno.com.br\/artigos\/depreciacao-amortizacao\/\" target=\"_blank\" rel=\"noopener\" data-force=\"no\" data-priority=\"1\">deprecia\u00e7\u00e3o e amortiza\u00e7\u00e3o<\/a>) no per\u00edodo foi de US$ 285,3 mi, alta de 16% na compara\u00e7\u00e3o anual. J\u00e1 o indicador ajustado foi recorde e ficou em US$ 286 milh\u00f5es no per\u00edodo, ante US$ 104,6 milh\u00f5es h\u00e1 um ano, um aumento de 174%.<\/li>\n<li>A <strong><a class=\"suno-keyword\" href=\"https:\/\/www.suno.com.br\/artigos\/o-que-receita-liquida\/\" target=\"_blank\" rel=\"noopener\" data-force=\"no\" data-priority=\"1\">receita l\u00edquida<\/a><\/strong> <strong>da Prio<\/strong> foi recorde novamente, segundo a companhia, e atingiu US$ 378 milh\u00f5es no terceiro trimestre, avan\u00e7o de 110% com rela\u00e7\u00e3o \u00e0 registrada em igual per\u00edodo de 2021.<\/li>\n<li>Segundo release divulgado h\u00e1 pouco ao mercado, a companhia aponta que &#8220;o desempenho financeiro do per\u00edodo foi impactado, principalmente, por aumento da receita, reflexo do aumento de produ\u00e7\u00e3o e nas vendas, e a alta do pre\u00e7o do brent ano contra ano, que cresceu 33% no trimestre&#8221;.<\/li>\n<li>De julho a setembro, a petroleira vendeu aproximadamente 3,8 milh\u00f5es de barris, uma alta de 54,8% frente ao terceiro trimestre de 2021. A produ\u00e7\u00e3o m\u00e9dia foi de 45,8 mil barris de \u00f3leo equivalente por dia, um avan\u00e7o de 44,7% em compara\u00e7\u00e3o com a produ\u00e7\u00e3o m\u00e9dia de um ano atr\u00e1s, de 31,6 mil barris por dia.<\/li>\n<li>A\u00a0<b>Prio <\/b>divulgou no in\u00edcio de outubro os dados operacionais da empresa em setembro. A companhia afirmava que a produ\u00e7\u00e3o m\u00e9dia de seus campos tinha totalizado 49,6 mil barris de \u00f3leo por dia no m\u00eas de refer\u00eancia.<\/li>\n<li>No total do\u00a0<strong>terceiro trimestre de 2022<\/strong>\u00a0(3T22), a Prio teve 45,7 mil barris de petr\u00f3leo equivalente (BOE) por dia, crescimento de 37% sobre o segundo trimestre deste ano.<\/li>\n<li>Os dados s\u00e3o preliminares e n\u00e3o auditados e incluem o campo de Frade, 95% do cluster Polvo + TBMT e 10% de Manati.<\/li>\n<li>De acordo com os\u00a0<strong>dados operacionais da Prio<\/strong>, o volume de produ\u00e7\u00e3o aumentou 21,57% em rela\u00e7\u00e3o ao m\u00eas imediatamente anterior, quando teve produ\u00e7\u00e3o di\u00e1ria de 40,8 mil barris.<\/li>\n<li>A equipe de analistas do Ita\u00fa BBA fez alguns apontamentos sobre os n\u00fameros anunciados.<\/li>\n<li>O Ita\u00fa BBA manteve recomenda\u00e7\u00e3o de compra para as <strong>a\u00e7\u00f5es da Prio<\/strong>, no pre\u00e7o-alvo de 45,14.<\/li>\n<li>A companhia afirma que a produ\u00e7\u00e3o m\u00e9dia de seus campos em setembro totalizou 49,6 mil barris de \u00f3leo por dia no m\u00eas de refer\u00eancia, alta de 21,5% sobre agosto.<\/li>\n<li>De acordo com a an\u00e1lise mais aprofundada do banco sobre os n\u00fameros di\u00e1rios para cada campo, a Prio mostra que:<\/li>\n<li>A produ\u00e7\u00e3o do\u00a0<strong>Frade<\/strong>\u00a0aumentou 41% no m\u00eas a m\u00eas, para 32,5 mil barris ao dia;<\/li>\n<li>A produ\u00e7\u00e3o no Polvo &amp; cluster de Tubar\u00e3o Martelo ficou est\u00e1vel em 16,2 mil barris ao dia; e<\/li>\n<li>A produ\u00e7\u00e3o de Manati totalizou 0,9 mil barris ao dia, queda de 41% mensalmente.<\/li>\n<li>Os analistas destacam quest\u00f5es operacionais, como a produ\u00e7\u00e3o do po\u00e7o MUP3A de Frade, que foi temporariamente interrompida devido a uma falha no equipamento de completa\u00e7\u00e3o e que a Prio afirmou que seria reparado durante o quarto trimestre de 2022 (4T22).<\/li>\n<li>\u201cEm Manati, a produ\u00e7\u00e3o m\u00e9dia foi afetada por uma interrup\u00e7\u00e3o da produ\u00e7\u00e3o devido \u00e0 redu\u00e7\u00e3o de demanda de g\u00e1s. Apesar do retorno da produ\u00e7\u00e3o, a demanda pode permanecer baixa em outubro, segundo a\u00a0Petrobras\u00a0(PETR4)\u201c, diz o relat\u00f3rio.<\/li>\n<li>A equipe de analistas viu positivamente o aumento da produ\u00e7\u00e3o no campo de Frade ap\u00f3s a parada em agosto, \u201cpois sugere uma estabiliza\u00e7\u00e3o da produ\u00e7\u00e3o di\u00e1ria no po\u00e7o ODP4 em n\u00edveis elevados.\u201d<\/li>\n<li>A <strong>Prio<\/strong> fechou em em alta de 4,03%, cotada a R$ 35,39,<\/li>\n<\/ul>\n<h2>MXRF11 anuncia novo pagamento de dividendos; veja o valor por cota<\/h2>\n<ul>\n<li>O fundo imobili\u00e1rio <strong><a class=\"suno-keyword\" href=\"https:\/\/www.suno.com.br\/fundos-imobiliarios\/mxrf11\/\" target=\"_blank\" rel=\"noopener\" data-force=\"yes\" data-priority=\"2\">MXRF11<\/a><\/strong> divulgou a nova data de pagamento dos seus <a class=\"suno-keyword\" href=\"https:\/\/www.suno.com.br\/guias\/dividendos\/\" target=\"_blank\" rel=\"noopener\" data-force=\"no\" data-priority=\"1\">dividendos<\/a>, referente ao exerc\u00edcio de setembro. Os proventos do FII ser\u00e3o pagos em 16 de novembro de 2022.<\/li>\n<li>Os proventos do Maxi Renda do m\u00eas de setembro s\u00e3o de R$ 0,10 por cota, distribu\u00eddos aos investidores at\u00e9 o final da sess\u00e3o de 31 de outubro. A <strong>data de pagamento dos dividendos do MXRF11<\/strong> vai ser em 16 de novembro de 2022.<\/li>\n<li>Os proventos do MXRF11 s\u00e3o isentos de Imposto de Renda (IR), assim como acontece com os demais rendimentos de FII.<\/li>\n<li>Os <strong>rendimentos do MXRF11<\/strong> permaneceram est\u00e1veis na compara\u00e7\u00e3o com o m\u00eas anterior, quando tamb\u00e9m se distribuiu R$ 0,10 por cota no dia 7 de outubro.<\/li>\n<li>Apesar disso, esse valor \u00e9 9,1% mais baixo que o dividendo referente ao exerc\u00edcio do m\u00eas de agosto, pago em setembro, que foi de R$ 0,10 por cota.<\/li>\n<li>No ano de 2022, os <strong>dividendos do MXRF11<\/strong> acumulam R$ 1,03 por cota, montante 32,05% maior que os proventos de 2021, de R$ 0,78 por cota, considerando o mesmo per\u00edodo de compara\u00e7\u00e3o, ou seja, os dez primeiros meses de cada ano.<\/li>\n<li>Em dois anos, o dividendo do Maxi Renda tem uma m\u00e9dia de R$ 0,0868 por cota. Sendo assim, o fundo vem conseguindo manter seus dividendos acima da m\u00e9dia dos \u00faltimos 24 meses, apenas de tr\u00eas meses seguidos de defla\u00e7\u00e3o.<\/li>\n<li>O<strong> fundo imobili\u00e1rio MXRF11<\/strong> anunciou um resultado de R$ 22,45 milh\u00f5es em setembro, registrando um aumento de 0,98% na compara\u00e7\u00e3o com o m\u00eas de agosto, que foi de R$ 22,45 milh\u00f5es, segundo relat\u00f3rio divulgado na \u00faltima quinta-feira (27).<\/li>\n<li>A gest\u00e3o do <strong>FII MXRF11<\/strong> havia antecipado sua prepara\u00e7\u00e3o para a baixa do \u00edndice IPCA, tendo uma reserva acumulada de <a class=\"suno-keyword\" href=\"https:\/\/www.suno.com.br\/artigos\/correcao-monetaria\/\" target=\"_blank\" rel=\"noopener\" data-force=\"no\" data-priority=\"2\">corre\u00e7\u00e3o monet\u00e1ria<\/a> de cerca de R$ 45,92 milh\u00f5es, de R$ 0,20 por cota.<\/li>\n<li>Ao final do m\u00eas de setembro, o <strong>fundo MXRF11<\/strong> terminou com uma reserva menor, com montante de R$ 38,08 milh\u00f5es, de R$ 0,172 por cota.<\/li>\n<li>Apesar da reserva acumulada ter ca\u00eddo em setembro, o valor atual deixa a gest\u00e3o \u201cconfort\u00e1vel para atravessar esse per\u00edodo de defla\u00e7\u00e3o sem impacto significativo sobre as distribui\u00e7\u00f5es\u201d, de acordo com o relat\u00f3rio.<\/li>\n<li>O <strong>Maxi Renda<\/strong> \u00e9 um fundo imobili\u00e1rio cujo objetivo \u00e9 alcan\u00e7ar ganhos com a aplica\u00e7\u00e3o de recursos em ativos financeiros com lastro imobili\u00e1rio, como CRI, Deb\u00eanture, LCI, LH e cotas de FIIs. Al\u00e9m disso, \u00e9 um FII que pode investir em im\u00f3veis comerciais e tamb\u00e9m em projetos imobili\u00e1rios residenciais.<\/li>\n<li>Segundo a gest\u00e3o do MXRF11, com o n\u00edvel atual de juros e infla\u00e7\u00e3o no Brasil, assim como a maior volatilidade local e global, as carteiras de FIIs com risco menor se encontram melhor posicionadas para atravessar esse per\u00edodo com um retorno ainda interessante aos cotistas.<\/li>\n<li>O foco atual do fundo imobili\u00e1rio<strong> MXRF11<\/strong> s\u00e3o as empresas com balan\u00e7os s\u00f3lidos ou com estruturas de securitiza\u00e7\u00e3o que possuam ampla sobrecolateriza\u00e7\u00e3o, al\u00e9m de instrumentos que reduzam os riscos.<\/li>\n<\/ul>\n<p>Do <strong>Banco do Brasil<\/strong>\u00a0\u00e0 MXRF11, essas foram as empresas que se destacaram hoje. Para ler todas as mat\u00e9rias <a href=\"https:\/\/www.suno.com.br\/noticias\/todos\/\"><strong>clique aqui<\/strong><\/a>.<\/p>\n\t<p>\n\t\t<a href=\"https:\/\/lp.suno.com.br\/ebook-investindo-em-fiis\/\" target=\"_blank\" data-element=\"shortcode-suno-banner\" title=\"Banner SUNO, clique e saiba mais\">\n\t\t\t<picture>\n\t\t\t\t<source media=\"(max-width: 500px)\" srcset=\"https:\/\/files.sunoresearch.com.br\/n\/uploads\/2023\/03\/Ebook-Fundos-Imobiliarios-Mobile-1.jpg\">\n\t\t\t\t<img class=\"newsContent__article__imgCapa newsContent__article__imgCapa--banner\"\n\t\t\t\t\tsrc=\"https:\/\/files.sunoresearch.com.br\/n\/uploads\/2023\/03\/Ebook-Fundos-Imobiliarios-Desktop-1.jpg\"\n\t\t\t\t\tdata-promo-id=\"313843\"\t\t\t\t\t\t\t\t\t\twidth='1420' height='286'\t\t\t\t\talt=\"https:\/\/files.sunoresearch.com.br\/n\/uploads\/2023\/03\/Ebook-Fundos-Imobiliarios-Desktop-1.jpg\"\n\t\t\t\t>\n\t\t\t<\/picture>\n\t\t<\/a>\n\t<\/p>\n\n\n","protected":false},"excerpt":{"rendered":"<p>Nesta segunda-feira (31), ap\u00f3s as elei\u00e7\u00f5es do segundo turno de 2022 no domingo (30), o Goldman Sachs atualizou suas estimativas para o Banco do Brasil (BBAS3). Banco do Brasil. Foto: Banco do Brasil\/Divulga\u00e7\u00e3o Os analistas do Goldman Sachs mantiveram recomenda\u00e7\u00e3o de &#8220;compra&#8221; para as a\u00e7\u00f5es do Banco do Brasil, com o pre\u00e7o-alvo de R$ 46. [&hellip;]<\/p>\n","protected":false},"author":194,"featured_media":278885,"comment_status":"closed","ping_status":"closed","sticky":false,"template":"","format":"standard","meta":[],"categories":[64],"tags":[732],"suno_strategy":[],"class_list":["post-314284","post","type-post","status-publish","format-standard","has-post-thumbnail","hentry","category-negocios","tag-banco-do-brasil-bbas3"],"yoast_head":"<!-- This site is optimized with the Yoast SEO plugin v24.4 - https:\/\/yoast.com\/wordpress\/plugins\/seo\/ -->\n<title>Radar: analistas veem &quot;riscos potenciais&quot; no Banco do Brasil (BBAS3), lucro da Cielo (CIEL3) dispara no 3T22 e MXRF11 anuncia dividendos<\/title>\n<meta name=\"description\" content=\"Ap\u00f3s elei\u00e7\u00e3o de ex-presidente Lula, analistas enxergam riscos na rentabilidade do Banco do Brasil. Saiba mais not\u00edcias desta segunda-feira.\" \/>\n<meta name=\"robots\" content=\"index, follow, max-snippet:-1, max-image-preview:large, max-video-preview:-1\" \/>\n<link rel=\"canonical\" href=\"https:\/\/www.suno.com.br\/noticias\/radar-banco-do-brasil-bbas3-cielo-ciel3-mxrf11\/\" \/>\n<meta property=\"og:locale\" content=\"pt_BR\" \/>\n<meta property=\"og:type\" content=\"article\" \/>\n<meta property=\"og:title\" content=\"Radar: analistas veem &quot;riscos potenciais&quot; no Banco do Brasil (BBAS3), lucro da Cielo (CIEL3) dispara no 3T22 e MXRF11 anuncia dividendos\" \/>\n<meta property=\"og:description\" content=\"Ap\u00f3s elei\u00e7\u00e3o de ex-presidente Lula, analistas enxergam riscos na rentabilidade do Banco do Brasil. Saiba mais not\u00edcias desta segunda-feira.\" \/>\n<meta property=\"og:url\" content=\"https:\/\/www.suno.com.br\/noticias\/radar-banco-do-brasil-bbas3-cielo-ciel3-mxrf11\/\" \/>\n<meta property=\"og:site_name\" content=\"Suno Not\u00edcias\" \/>\n<meta property=\"article:publisher\" content=\"https:\/\/facebook.com\/sunoresearch\" \/>\n<meta property=\"og:image\" content=\"https:\/\/files.sunoresearch.com.br\/n\/uploads\/2022\/07\/Banco-do-Brasil.jpg\" \/>\n\t<meta property=\"og:image:width\" content=\"1450\" \/>\n\t<meta property=\"og:image:height\" content=\"816\" \/>\n\t<meta property=\"og:image:type\" content=\"image\/jpeg\" \/>\n<meta name=\"author\" content=\"Isabella Taglapietra\" \/>\n<meta name=\"twitter:card\" content=\"summary_large_image\" \/>\n<meta name=\"twitter:creator\" content=\"@sunoresearch\" \/>\n<meta name=\"twitter:site\" content=\"@sunoresearch\" \/>\n<meta name=\"twitter:label1\" content=\"Escrito por\" \/>\n\t<meta name=\"twitter:data1\" content=\"Isabella Taglapietra\" \/>\n\t<meta name=\"twitter:label2\" content=\"Est. tempo de leitura\" \/>\n\t<meta name=\"twitter:data2\" content=\"18 minutos\" \/>\n<script type=\"application\/ld+json\" class=\"yoast-schema-graph\">{\"@context\":\"https:\/\/schema.org\",\"@graph\":[{\"@type\":\"NewsArticle\",\"@id\":\"https:\/\/www.suno.com.br\/noticias\/radar-banco-do-brasil-bbas3-cielo-ciel3-mxrf11\/#article\",\"isPartOf\":{\"@id\":\"https:\/\/www.suno.com.br\/noticias\/radar-banco-do-brasil-bbas3-cielo-ciel3-mxrf11\/\"},\"author\":{\"name\":\"Isabella Taglapietra\",\"@id\":\"https:\/\/www.suno.com.br\/noticias\/#\/schema\/person\/a0be106724f6f5d705d70f04333cb249\"},\"headline\":\"Radar: analistas veem &#8220;riscos potenciais&#8221; no Banco do Brasil (BBAS3), lucro da Cielo (CIEL3) dispara no 3T22 e MXRF11 anuncia dividendoss\",\"datePublished\":\"2022-11-01T02:17:13+00:00\",\"mainEntityOfPage\":{\"@id\":\"https:\/\/www.suno.com.br\/noticias\/radar-banco-do-brasil-bbas3-cielo-ciel3-mxrf11\/\"},\"wordCount\":3475,\"publisher\":{\"@id\":\"https:\/\/www.suno.com.br\/noticias\/#organization\"},\"image\":{\"@id\":\"https:\/\/www.suno.com.br\/noticias\/radar-banco-do-brasil-bbas3-cielo-ciel3-mxrf11\/#primaryimage\"},\"thumbnailUrl\":\"https:\/\/files.sunoresearch.com.br\/n\/uploads\/2022\/07\/Banco-do-Brasil.jpg\",\"keywords\":[\"Banco do Brasil (BBAS3)\"],\"articleSection\":[\"Neg\u00f3cios\"],\"inLanguage\":\"pt-BR\"},{\"@type\":\"WebPage\",\"@id\":\"https:\/\/www.suno.com.br\/noticias\/radar-banco-do-brasil-bbas3-cielo-ciel3-mxrf11\/\",\"url\":\"https:\/\/www.suno.com.br\/noticias\/radar-banco-do-brasil-bbas3-cielo-ciel3-mxrf11\/\",\"name\":\"Radar: analistas veem \\\"riscos potenciais\\\" no Banco do Brasil (BBAS3), lucro da Cielo (CIEL3) dispara no 3T22 e MXRF11 anuncia dividendos\",\"isPartOf\":{\"@id\":\"https:\/\/www.suno.com.br\/noticias\/#website\"},\"primaryImageOfPage\":{\"@id\":\"https:\/\/www.suno.com.br\/noticias\/radar-banco-do-brasil-bbas3-cielo-ciel3-mxrf11\/#primaryimage\"},\"image\":{\"@id\":\"https:\/\/www.suno.com.br\/noticias\/radar-banco-do-brasil-bbas3-cielo-ciel3-mxrf11\/#primaryimage\"},\"thumbnailUrl\":\"https:\/\/files.sunoresearch.com.br\/n\/uploads\/2022\/07\/Banco-do-Brasil.jpg\",\"datePublished\":\"2022-11-01T02:17:13+00:00\",\"description\":\"Ap\u00f3s elei\u00e7\u00e3o de ex-presidente Lula, analistas enxergam riscos na rentabilidade do Banco do Brasil. Saiba mais not\u00edcias desta segunda-feira.\",\"breadcrumb\":{\"@id\":\"https:\/\/www.suno.com.br\/noticias\/radar-banco-do-brasil-bbas3-cielo-ciel3-mxrf11\/#breadcrumb\"},\"inLanguage\":\"pt-BR\",\"potentialAction\":[{\"@type\":\"ReadAction\",\"target\":[\"https:\/\/www.suno.com.br\/noticias\/radar-banco-do-brasil-bbas3-cielo-ciel3-mxrf11\/\"]}]},{\"@type\":\"ImageObject\",\"inLanguage\":\"pt-BR\",\"@id\":\"https:\/\/www.suno.com.br\/noticias\/radar-banco-do-brasil-bbas3-cielo-ciel3-mxrf11\/#primaryimage\",\"url\":\"https:\/\/files.sunoresearch.com.br\/n\/uploads\/2022\/07\/Banco-do-Brasil.jpg\",\"contentUrl\":\"https:\/\/files.sunoresearch.com.br\/n\/uploads\/2022\/07\/Banco-do-Brasil.jpg\",\"width\":1450,\"height\":816,\"caption\":\"Banco do Brasil. Foto: Banco do Brasil\/Divulga\u00e7\u00e3o\"},{\"@type\":\"BreadcrumbList\",\"@id\":\"https:\/\/www.suno.com.br\/noticias\/radar-banco-do-brasil-bbas3-cielo-ciel3-mxrf11\/#breadcrumb\",\"itemListElement\":[{\"@type\":\"ListItem\",\"position\":1,\"name\":\"Not\u00edcias\",\"item\":\"https:\/\/www.suno.com.br\/noticias\/\"},{\"@type\":\"ListItem\",\"position\":2,\"name\":\"Neg\u00f3cios\",\"item\":\"https:\/\/www.suno.com.br\/noticias\/negocios\/\"},{\"@type\":\"ListItem\",\"position\":3,\"name\":\"Radar: analistas veem &#8220;riscos potenciais&#8221; no Banco do Brasil (BBAS3), lucro da Cielo (CIEL3) dispara no 3T22 e MXRF11 anuncia dividendoss\"}]},{\"@type\":\"WebSite\",\"@id\":\"https:\/\/www.suno.com.br\/noticias\/#website\",\"url\":\"https:\/\/www.suno.com.br\/noticias\/\",\"name\":\"Suno Not\u00edcias\",\"description\":\"Seu portal de informa\u00e7\u00e3o sobre o mundo dos investimentos\",\"publisher\":{\"@id\":\"https:\/\/www.suno.com.br\/noticias\/#organization\"},\"potentialAction\":[{\"@type\":\"SearchAction\",\"target\":{\"@type\":\"EntryPoint\",\"urlTemplate\":\"https:\/\/www.suno.com.br\/noticias\/?s={search_term_string}\"},\"query-input\":{\"@type\":\"PropertyValueSpecification\",\"valueRequired\":true,\"valueName\":\"search_term_string\"}}],\"inLanguage\":\"pt-BR\"},{\"@type\":\"Organization\",\"@id\":\"https:\/\/www.suno.com.br\/noticias\/#organization\",\"name\":\"Suno Not\u00edcias\",\"url\":\"https:\/\/www.suno.com.br\/noticias\/\",\"logo\":{\"@type\":\"ImageObject\",\"inLanguage\":\"pt-BR\",\"@id\":\"https:\/\/www.suno.com.br\/noticias\/#\/schema\/logo\/image\/\",\"url\":\"https:\/\/files.sunoresearch.com.br\/n\/uploads\/2021\/09\/suno-logo.png\",\"contentUrl\":\"https:\/\/files.sunoresearch.com.br\/n\/uploads\/2021\/09\/suno-logo.png\",\"width\":180,\"height\":180,\"caption\":\"Suno Not\u00edcias\"},\"image\":{\"@id\":\"https:\/\/www.suno.com.br\/noticias\/#\/schema\/logo\/image\/\"},\"sameAs\":[\"https:\/\/facebook.com\/sunoresearch\",\"https:\/\/x.com\/sunoresearch\",\"https:\/\/www.instagram.com\/suno\",\"https:\/\/www.linkedin.com\/company\/suno-research\/\",\"https:\/\/www.youtube.com\/c\/sunoresearch\"]},{\"@type\":\"Person\",\"@id\":\"https:\/\/www.suno.com.br\/noticias\/#\/schema\/person\/a0be106724f6f5d705d70f04333cb249\",\"name\":\"Isabella Taglapietra\",\"image\":{\"@type\":\"ImageObject\",\"inLanguage\":\"pt-BR\",\"@id\":\"https:\/\/www.suno.com.br\/noticias\/#\/schema\/person\/image\/\",\"url\":\"https:\/\/secure.gravatar.com\/avatar\/089c9e06b71de293117116aaf339e22f?s=96&r=g\",\"contentUrl\":\"https:\/\/secure.gravatar.com\/avatar\/089c9e06b71de293117116aaf339e22f?s=96&r=g\",\"caption\":\"Isabella Taglapietra\"},\"description\":\"Rep\u00f3rter freelancer no Suno Not\u00edcias, cobre not\u00edcias di\u00e1rias sobre economia, balan\u00e7os trimestrais e pesquisas. Formada em jornalismo pela Faculdade C\u00e1sper L\u00edbero e p\u00f3s-graduanda em mercado de capitais pela Fecap, atuou como rep\u00f3rter de economia e finan\u00e7as no portal CRC!News e Elas que Lucrem, al\u00e9m de social media para empresas do mercado financeiro.\",\"url\":\"https:\/\/www.suno.com.br\/noticias\/author\/isabella-taglapietra\/\"}]}<\/script>\n<!-- \/ Yoast SEO plugin. -->","yoast_head_json":{"title":"Radar: analistas veem \"riscos potenciais\" no Banco do Brasil (BBAS3), lucro da Cielo (CIEL3) dispara no 3T22 e MXRF11 anuncia dividendos","description":"Ap\u00f3s elei\u00e7\u00e3o de ex-presidente Lula, analistas enxergam riscos na rentabilidade do Banco do Brasil. Saiba mais not\u00edcias desta segunda-feira.","robots":{"index":"index","follow":"follow","max-snippet":"max-snippet:-1","max-image-preview":"max-image-preview:large","max-video-preview":"max-video-preview:-1"},"canonical":"https:\/\/www.suno.com.br\/noticias\/radar-banco-do-brasil-bbas3-cielo-ciel3-mxrf11\/","og_locale":"pt_BR","og_type":"article","og_title":"Radar: analistas veem \"riscos potenciais\" no Banco do Brasil (BBAS3), lucro da Cielo (CIEL3) dispara no 3T22 e MXRF11 anuncia dividendos","og_description":"Ap\u00f3s elei\u00e7\u00e3o de ex-presidente Lula, analistas enxergam riscos na rentabilidade do Banco do Brasil. Saiba mais not\u00edcias desta segunda-feira.","og_url":"https:\/\/www.suno.com.br\/noticias\/radar-banco-do-brasil-bbas3-cielo-ciel3-mxrf11\/","og_site_name":"Suno Not\u00edcias","article_publisher":"https:\/\/facebook.com\/sunoresearch","og_image":[{"width":1450,"height":816,"url":"https:\/\/files.sunoresearch.com.br\/n\/uploads\/2022\/07\/Banco-do-Brasil.jpg","type":"image\/jpeg"}],"author":"Isabella Taglapietra","twitter_card":"summary_large_image","twitter_creator":"@sunoresearch","twitter_site":"@sunoresearch","twitter_misc":{"Escrito por":"Isabella Taglapietra","Est. tempo de leitura":"18 minutos"},"schema":{"@context":"https:\/\/schema.org","@graph":[{"@type":"NewsArticle","@id":"https:\/\/www.suno.com.br\/noticias\/radar-banco-do-brasil-bbas3-cielo-ciel3-mxrf11\/#article","isPartOf":{"@id":"https:\/\/www.suno.com.br\/noticias\/radar-banco-do-brasil-bbas3-cielo-ciel3-mxrf11\/"},"author":{"name":"Isabella Taglapietra","@id":"https:\/\/www.suno.com.br\/noticias\/#\/schema\/person\/a0be106724f6f5d705d70f04333cb249"},"headline":"Radar: analistas veem &#8220;riscos potenciais&#8221; no Banco do Brasil (BBAS3), lucro da Cielo (CIEL3) dispara no 3T22 e MXRF11 anuncia dividendoss","datePublished":"2022-11-01T02:17:13+00:00","mainEntityOfPage":{"@id":"https:\/\/www.suno.com.br\/noticias\/radar-banco-do-brasil-bbas3-cielo-ciel3-mxrf11\/"},"wordCount":3475,"publisher":{"@id":"https:\/\/www.suno.com.br\/noticias\/#organization"},"image":{"@id":"https:\/\/www.suno.com.br\/noticias\/radar-banco-do-brasil-bbas3-cielo-ciel3-mxrf11\/#primaryimage"},"thumbnailUrl":"https:\/\/files.sunoresearch.com.br\/n\/uploads\/2022\/07\/Banco-do-Brasil.jpg","keywords":["Banco do Brasil (BBAS3)"],"articleSection":["Neg\u00f3cios"],"inLanguage":"pt-BR"},{"@type":"WebPage","@id":"https:\/\/www.suno.com.br\/noticias\/radar-banco-do-brasil-bbas3-cielo-ciel3-mxrf11\/","url":"https:\/\/www.suno.com.br\/noticias\/radar-banco-do-brasil-bbas3-cielo-ciel3-mxrf11\/","name":"Radar: analistas veem \"riscos potenciais\" no Banco do Brasil (BBAS3), lucro da Cielo (CIEL3) dispara no 3T22 e MXRF11 anuncia dividendos","isPartOf":{"@id":"https:\/\/www.suno.com.br\/noticias\/#website"},"primaryImageOfPage":{"@id":"https:\/\/www.suno.com.br\/noticias\/radar-banco-do-brasil-bbas3-cielo-ciel3-mxrf11\/#primaryimage"},"image":{"@id":"https:\/\/www.suno.com.br\/noticias\/radar-banco-do-brasil-bbas3-cielo-ciel3-mxrf11\/#primaryimage"},"thumbnailUrl":"https:\/\/files.sunoresearch.com.br\/n\/uploads\/2022\/07\/Banco-do-Brasil.jpg","datePublished":"2022-11-01T02:17:13+00:00","description":"Ap\u00f3s elei\u00e7\u00e3o de ex-presidente Lula, analistas enxergam riscos na rentabilidade do Banco do Brasil. Saiba mais not\u00edcias desta segunda-feira.","breadcrumb":{"@id":"https:\/\/www.suno.com.br\/noticias\/radar-banco-do-brasil-bbas3-cielo-ciel3-mxrf11\/#breadcrumb"},"inLanguage":"pt-BR","potentialAction":[{"@type":"ReadAction","target":["https:\/\/www.suno.com.br\/noticias\/radar-banco-do-brasil-bbas3-cielo-ciel3-mxrf11\/"]}]},{"@type":"ImageObject","inLanguage":"pt-BR","@id":"https:\/\/www.suno.com.br\/noticias\/radar-banco-do-brasil-bbas3-cielo-ciel3-mxrf11\/#primaryimage","url":"https:\/\/files.sunoresearch.com.br\/n\/uploads\/2022\/07\/Banco-do-Brasil.jpg","contentUrl":"https:\/\/files.sunoresearch.com.br\/n\/uploads\/2022\/07\/Banco-do-Brasil.jpg","width":1450,"height":816,"caption":"Banco do Brasil. Foto: Banco do Brasil\/Divulga\u00e7\u00e3o"},{"@type":"BreadcrumbList","@id":"https:\/\/www.suno.com.br\/noticias\/radar-banco-do-brasil-bbas3-cielo-ciel3-mxrf11\/#breadcrumb","itemListElement":[{"@type":"ListItem","position":1,"name":"Not\u00edcias","item":"https:\/\/www.suno.com.br\/noticias\/"},{"@type":"ListItem","position":2,"name":"Neg\u00f3cios","item":"https:\/\/www.suno.com.br\/noticias\/negocios\/"},{"@type":"ListItem","position":3,"name":"Radar: analistas veem &#8220;riscos potenciais&#8221; no Banco do Brasil (BBAS3), lucro da Cielo (CIEL3) dispara no 3T22 e MXRF11 anuncia dividendoss"}]},{"@type":"WebSite","@id":"https:\/\/www.suno.com.br\/noticias\/#website","url":"https:\/\/www.suno.com.br\/noticias\/","name":"Suno Not\u00edcias","description":"Seu portal de informa\u00e7\u00e3o sobre o mundo dos investimentos","publisher":{"@id":"https:\/\/www.suno.com.br\/noticias\/#organization"},"potentialAction":[{"@type":"SearchAction","target":{"@type":"EntryPoint","urlTemplate":"https:\/\/www.suno.com.br\/noticias\/?s={search_term_string}"},"query-input":{"@type":"PropertyValueSpecification","valueRequired":true,"valueName":"search_term_string"}}],"inLanguage":"pt-BR"},{"@type":"Organization","@id":"https:\/\/www.suno.com.br\/noticias\/#organization","name":"Suno Not\u00edcias","url":"https:\/\/www.suno.com.br\/noticias\/","logo":{"@type":"ImageObject","inLanguage":"pt-BR","@id":"https:\/\/www.suno.com.br\/noticias\/#\/schema\/logo\/image\/","url":"https:\/\/files.sunoresearch.com.br\/n\/uploads\/2021\/09\/suno-logo.png","contentUrl":"https:\/\/files.sunoresearch.com.br\/n\/uploads\/2021\/09\/suno-logo.png","width":180,"height":180,"caption":"Suno Not\u00edcias"},"image":{"@id":"https:\/\/www.suno.com.br\/noticias\/#\/schema\/logo\/image\/"},"sameAs":["https:\/\/facebook.com\/sunoresearch","https:\/\/x.com\/sunoresearch","https:\/\/www.instagram.com\/suno","https:\/\/www.linkedin.com\/company\/suno-research\/","https:\/\/www.youtube.com\/c\/sunoresearch"]},{"@type":"Person","@id":"https:\/\/www.suno.com.br\/noticias\/#\/schema\/person\/a0be106724f6f5d705d70f04333cb249","name":"Isabella Taglapietra","image":{"@type":"ImageObject","inLanguage":"pt-BR","@id":"https:\/\/www.suno.com.br\/noticias\/#\/schema\/person\/image\/","url":"https:\/\/secure.gravatar.com\/avatar\/089c9e06b71de293117116aaf339e22f?s=96&r=g","contentUrl":"https:\/\/secure.gravatar.com\/avatar\/089c9e06b71de293117116aaf339e22f?s=96&r=g","caption":"Isabella Taglapietra"},"description":"Rep\u00f3rter freelancer no Suno Not\u00edcias, cobre not\u00edcias di\u00e1rias sobre economia, balan\u00e7os trimestrais e pesquisas. Formada em jornalismo pela Faculdade C\u00e1sper L\u00edbero e p\u00f3s-graduanda em mercado de capitais pela Fecap, atuou como rep\u00f3rter de economia e finan\u00e7as no portal CRC!News e Elas que Lucrem, al\u00e9m de social media para empresas do mercado financeiro.","url":"https:\/\/www.suno.com.br\/noticias\/author\/isabella-taglapietra\/"}]}},"default_loop_html":"<div class=\"cardsPage__listCard__boxs\"><div class=\"cardsPage__listCard__boxs__img\"><a href=\"https:\/\/www.suno.com.br\/noticias\/radar-banco-do-brasil-bbas3-cielo-ciel3-mxrf11\/\"><img class=\"mask\" src=\"https:\/\/www.suno.com.br\/noticias\/wp-content\/themes\/suno\/resources\/images\/spotlight\/spotlight1img\/bg-mask.png\" alt=\"Image Mask\"\/><img src=\"https:\/\/files.sunoresearch.com.br\/n\/uploads\/2022\/07\/Banco-do-Brasil-400x200.jpg\" alt=\"Radar: analistas veem &#8220;riscos potenciais&#8221; no Banco do Brasil (BBAS3), lucro da Cielo (CIEL3) dispara no 3T22 e MXRF11 anuncia dividendoss\"\/><\/a><span class=\"spotlightCategory\"><a href=\"https:\/\/www.suno.com.br\/noticias\/negocios\/\">Neg\u00f3cios<\/a><\/span><\/div><div class=\"cardsPage__listCard__boxs__content\"><a href=\"https:\/\/www.suno.com.br\/noticias\/radar-banco-do-brasil-bbas3-cielo-ciel3-mxrf11\/\"><h2 class=\"content__title\">Radar: analistas veem &#8220;riscos potenciais&#8221; no Banco do Brasil (BBAS3), lucro da Cielo (CIEL3) dispara no 3T22 e MXRF11 anuncia dividendoss<\/h2><\/a><div class=\"newsContent__article__meta\"><div class=\"newsContent__article__meta__authorBox\"><a href=\"https:\/\/www.suno.com.br\/noticias\/author\/isabella-taglapietra\/\" class=\"authorBox__avatar noMobi\"><img src=\"https:\/\/files.sunoresearch.com.br\/n\/uploads\/2022\/08\/WhatsApp-Image-2022-08-04-at-12.40.27-150x150.jpeg\" alt=\"Isabella Taglapietra\"><\/a><div class=\"authorBox__name\"><span>por\n\t\t\t<a href=\"https:\/\/www.suno.com.br\/noticias\/author\/isabella-taglapietra\/\"><span itemprop=\"author\">Isabella Taglapietra<\/span><\/a><\/span><time datetime=\"2022-10-31T23:17:13-03:00\" itemprop=\"datePublished\">31\/10\/2022 23:17<\/time><\/div><\/div><\/div><\/div><\/div>","single_layout":"posts","amp_enabled":true,"_links":{"self":[{"href":"https:\/\/www.suno.com.br\/noticias\/wp-json\/wp\/v2\/posts\/314284"}],"collection":[{"href":"https:\/\/www.suno.com.br\/noticias\/wp-json\/wp\/v2\/posts"}],"about":[{"href":"https:\/\/www.suno.com.br\/noticias\/wp-json\/wp\/v2\/types\/post"}],"author":[{"embeddable":true,"href":"https:\/\/www.suno.com.br\/noticias\/wp-json\/wp\/v2\/users\/194"}],"replies":[{"embeddable":true,"href":"https:\/\/www.suno.com.br\/noticias\/wp-json\/wp\/v2\/comments?post=314284"}],"version-history":[{"count":3,"href":"https:\/\/www.suno.com.br\/noticias\/wp-json\/wp\/v2\/posts\/314284\/revisions"}],"predecessor-version":[{"id":314312,"href":"https:\/\/www.suno.com.br\/noticias\/wp-json\/wp\/v2\/posts\/314284\/revisions\/314312"}],"wp:featuredmedia":[{"embeddable":true,"href":"https:\/\/www.suno.com.br\/noticias\/wp-json\/wp\/v2\/media\/278885"}],"wp:attachment":[{"href":"https:\/\/www.suno.com.br\/noticias\/wp-json\/wp\/v2\/media?parent=314284"}],"wp:term":[{"taxonomy":"category","embeddable":true,"href":"https:\/\/www.suno.com.br\/noticias\/wp-json\/wp\/v2\/categories?post=314284"},{"taxonomy":"post_tag","embeddable":true,"href":"https:\/\/www.suno.com.br\/noticias\/wp-json\/wp\/v2\/tags?post=314284"},{"taxonomy":"suno_strategy","embeddable":true,"href":"https:\/\/www.suno.com.br\/noticias\/wp-json\/wp\/v2\/suno_strategy?post=314284"}],"curies":[{"name":"wp","href":"https:\/\/api.w.org\/{rel}","templated":true}]}}