{"id":314141,"date":"2022-10-31T17:23:15","date_gmt":"2022-10-31T20:23:15","guid":{"rendered":"https:\/\/www.suno.com.br\/noticias\/?p=314141"},"modified":"2022-10-31T17:23:15","modified_gmt":"2022-10-31T20:23:15","slug":"lula-auxilio-brasil-reajuste","status":"publish","type":"post","link":"https:\/\/www.suno.com.br\/noticias\/lula-auxilio-brasil-reajuste\/","title":{"rendered":"Lula: Equipe foca em pacote por Aux\u00edlio em R$ 600 e reajuste real ao m\u00ednimo"},"content":{"rendered":"<p>Passada a euforia com a vit\u00f3ria nas urnas, as negocia\u00e7\u00f5es de um pacote fiscal v\u00e3o concentrar a partir desta segunda-feira (31)\u00a0 as aten\u00e7\u00f5es na transi\u00e7\u00e3o de governo do presidente eleito Luiz In\u00e1cio <strong>Lula<\/strong> da Silva (PT).<\/p>\t<div class=\"wrapper-featured-image\">\n\t\t<figure class=\"spotlightImg\">\n\n\t\t\t<picture>\n\t\t\t\t<source media=\"(max-width: 768px)\" srcset=\"https:\/\/files.sunoresearch.com.br\/n\/uploads\/2022\/10\/Lula-vence-eleicao-1-400x200.jpg\">\n\t\t\t\t<img loading=\"lazy\" decoding=\"async\" class=\"newsContent__article__imgCapa lazyloadDisabled \" src=\"https:\/\/files.sunoresearch.com.br\/n\/uploads\/2022\/10\/Lula-vence-eleicao-1-800x450.jpg\" width=\"800\" height=\"450\" alt=\"Lula: Equipe foca em pacote por Aux\u00edlio em R$ 600 e reajuste real ao m\u00ednimo\" fetchpriority=high \/>\n\t\t\t<\/picture>\n\n\t\t\t<figcaption class=\"wp-caption-text wp-caption-text--show\">Lula vence elei\u00e7\u00e3o. Foto: Flicker\/Instituto Lula<\/figcaption>\n\t\t<\/figure>\n\t<\/div>\n\n\n\t<p>\n\t\t<a href=\"https:\/\/lp.suno.com.br\/planilha-controle-gastos\/\" target=\"_blank\" data-element=\"shortcode-suno-banner\" title=\"Banner SUNO, clique e saiba mais\">\n\t\t\t<picture>\n\t\t\t\t<source media=\"(max-width: 500px)\" srcset=\"https:\/\/files.sunoresearch.com.br\/n\/uploads\/2023\/03\/400x300-Planilha-controle-de-gastos.png\">\n\t\t\t\t<img class=\"newsContent__article__imgCapa newsContent__article__imgCapa--banner\"\n\t\t\t\t\tsrc=\"https:\/\/files.sunoresearch.com.br\/n\/uploads\/2023\/03\/1420x240-Planilha-controle-de-gastos.png\"\n\t\t\t\t\tdata-promo-id=\"311945\"\t\t\t\t\t\t\t\t\t\twidth='1420' height='240'\t\t\t\t\talt=\"https:\/\/files.sunoresearch.com.br\/n\/uploads\/2023\/03\/1420x240-Planilha-controle-de-gastos.png\"\n\t\t\t\t>\n\t\t\t<\/picture>\n\t\t<\/a>\n\t<\/p>\n\n\n<p>O <strong>PT<\/strong> trata o projeto de or\u00e7amento de 2023 como um problema deixado pelo presidente Jair Bolsonaro que precisar\u00e1 ser consertado. O foco central inicial na agenda econ\u00f4mica \u00e9 refazer o or\u00e7amento e acomodar os principais compromissos assumidos por Lula durante a campanha.<\/p>\n<p>O relator do or\u00e7amento de 2023, senador Marcelo Castro (MDB-PI), chega, no in\u00edcio desta semana em Bras\u00edlia, para iniciar as discuss\u00f5es t\u00e9cnicas antes de se reunir com parlamentares. Uma primeira reuni\u00e3o j\u00e1 est\u00e1 marcada com os consultores do Congresso antes do feriado de quarta-feira.<\/p>\n<p>O pacote para as contas p\u00fablicas envolve um acordo pol\u00edtico para a aprova\u00e7\u00e3o do projeto de or\u00e7amento de 2023 e depender\u00e1 tamb\u00e9m da defini\u00e7\u00e3o do tamanho de uma licen\u00e7a para gastar (chamada no mercado de &#8220;waiver&#8221;) at\u00e9 a aprova\u00e7\u00e3o de uma nova \u00e2ncora fiscal para substituir o <strong><a class=\"suno-keyword\" href=\"https:\/\/www.suno.com.br\/artigos\/teto-de-gastos\/\" target=\"_blank\" rel=\"noopener\" data-force=\"no\" data-priority=\"1\">teto de gastos<\/a><\/strong>.<\/p>\n<p>Aliado de Lula, o relator do or\u00e7amento \u00e9 pr\u00f3ximo do ex-governador do Piau\u00ed e senador eleito, Wellington Dias (PT), que est\u00e1 na lista da bolsa de apostas dos candidatos a comandar o minist\u00e9rio da Fazenda no terceiro governo Lula.<\/p>\n<p>Entre o primeiro e o segundo turnos da elei\u00e7\u00e3o, Castro preferiu ter uma atua\u00e7\u00e3o discreta, evitando se posicionar sobre temas que marcaram o debate, como os cortes do or\u00e7amento, como a tesourada de 60% da verba para o programa Farm\u00e1cia Popular e sa\u00fade, reveladas pelo <b>Estad\u00e3o<\/b>, o destino das emendas de relator que sustentam o or\u00e7amento secreto, e o financiamento do piso salarial dos enfermeiros.<\/p>\n<p>Emiss\u00e1rios do PT v\u00eam conversando com o relator e assessores no Senado de forma informal. Castro sinalizou que est\u00e1 \u00e0 disposi\u00e7\u00e3o para fazer um parecer em linha com as novas demandas que surgiram com as promessas de campanha, como a manuten\u00e7\u00e3o do <strong>Aux\u00edlio Brasil<\/strong> de R$ 600.<\/p>\n<p>Mas o relator tem ponderado que n\u00e3o d\u00e1 para fechar o parecer sem saber quanto a mais de espa\u00e7o ele vai contar. Ou seja, o tamanho do &#8220;waiver&#8221;, que s\u00f3 poder\u00e1 ser fechado de fato quando os novos ministros da Fazenda e do Planejamento forem escolhidos.<\/p>\n<p>Investidores e <a class=\"suno-keyword\" href=\"https:\/\/www.suno.com.br\/artigos\/agentes-do-mercado\/\" target=\"_blank\" rel=\"noopener\" data-force=\"no\" data-priority=\"1\">agentes do mercado<\/a> financeiro t\u00eam sinalizado que essa licen\u00e7a para a expans\u00e3o do gasto n\u00e3o pode passar de R$ 100 bilh\u00f5es (1% do PIB) em 2023.<\/p>\n<p>As principais promessas de campanha, que incluem aumento de investimentos, demandam um espa\u00e7o maior de R$ 150 bilh\u00f5es, como mostrou o <b>Estad\u00e3o<\/b>. Um meio termo entre os que defendem uma necessidade de gasto de R$ 200 bilh\u00f5es.<\/p>\n\t<p>\n\t\t<a href=\"https:\/\/lp.suno.com.br\/ebook-como-analisar-uma-acao\/\" target=\"_blank\" data-element=\"shortcode-suno-banner\" title=\"Banner SUNO, clique e saiba mais\">\n\t\t\t<picture>\n\t\t\t\t<source media=\"(max-width: 500px)\" srcset=\"https:\/\/files.sunoresearch.com.br\/n\/uploads\/2023\/03\/Ebook-Acoes-Mobile.jpg\">\n\t\t\t\t<img class=\"newsContent__article__imgCapa newsContent__article__imgCapa--banner\"\n\t\t\t\t\tsrc=\"https:\/\/files.sunoresearch.com.br\/n\/uploads\/2023\/03\/Ebook-Acoes-Desktop.jpg\"\n\t\t\t\t\tdata-promo-id=\"311946\"\t\t\t\t\t\t\t\t\t\twidth='1420' height='286'\t\t\t\t\talt=\"https:\/\/files.sunoresearch.com.br\/n\/uploads\/2023\/03\/Ebook-Acoes-Desktop.jpg\"\n\t\t\t\t>\n\t\t\t<\/picture>\n\t\t<\/a>\n\t<\/p>\n\n\n<p><b>Plano de 4 anos<\/b><\/p>\n<p>A &#8220;Carta para o Brasil do Amanh\u00e3&#8221;, assinada por Lula na semana passada, d\u00e1 a senha daquilo que o novo governo pretende encaminhar o cumprimento dos compromissos assumidos na campanha.<\/p>\n<p>&#8220;A <a class=\"suno-keyword\" href=\"https:\/\/www.suno.com.br\/artigos\/politica-fiscal\/\" target=\"_blank\" rel=\"noopener\" data-force=\"no\" data-priority=\"1\">pol\u00edtica fiscal<\/a> respons\u00e1vel deve seguir regras claras e realistas, com compromissos plurianuais, compat\u00edveis com o enfrentamento da emerg\u00eancia social que vivemos e com a necessidade de reativar o investimento p\u00fablico e privado para arrancar o pa\u00eds da estagna\u00e7\u00e3o&#8221;, destaca o documento.<\/p>\n<p>Promessas como reajustar a faixa de isen\u00e7\u00e3o da tabela do Imposto de Renda da <a class=\"suno-keyword\" href=\"https:\/\/www.suno.com.br\/artigos\/pessoa-fisica\/\" target=\"_blank\" rel=\"noopener\" data-force=\"no\" data-priority=\"1\">Pessoa F\u00edsica<\/a> (IRPF) para R$ 5 mil e a pol\u00edtica de recupera\u00e7\u00e3o do poder de renda do sal\u00e1rio m\u00ednimo e dos sal\u00e1rios dos servidores v\u00e3o demorar quatro anos at\u00e9 o final do mandato para serem implementadas. Isso significa, na pr\u00e1tica, que nem tudo ser\u00e1 feito em 2023, mas um pouco a cada ano.<\/p>\n<p>O diagn\u00f3stico dos auxiliares de Lula no campo econ\u00f4mico \u00e9 que o projeto de or\u00e7amento, como encaminhado por Bolsonaro, \u00e9 insustent\u00e1vel e demanda a aten\u00e7\u00e3o urgente.<\/p>\n<p>A discuss\u00e3o precisa ocorrer paralelamente \u00e0 defini\u00e7\u00e3o sobre o tamanho do &#8220;waiver&#8221;, permitindo incluir os valores adicionais na lei ou prevendo cr\u00e9ditos extraordin\u00e1rios fora das regras fiscais para ampliar as dota\u00e7\u00f5es or\u00e7ament\u00e1rias.<\/p>\n<p>Dois caminhos podem acontecer a depender do espa\u00e7o pol\u00edtico que o Lula conseguir\u00e1 negociar com o Congresso atual. Um deles \u00e9 aprovar o or\u00e7amento com ajustes que j\u00e1 podem ser feitos e deixar para aprovar o &#8220;waiver&#8221; no in\u00edcio de 2023.<\/p>\n<p>Nesse caso, as despesas extraordin\u00e1rias mais urgentes como garantir os R$ 200 adicionais para completar o Aux\u00edlio Brasil de R$ 600 seria feito inicialmente com recursos do or\u00e7amento j\u00e1 dispon\u00edvel.<\/p>\n<p>No or\u00e7amento de 2021, a PEC emergencial que permitiu a retomada do pagamento do aux\u00edlio emergencial foi aprovada depois da lei or\u00e7ament\u00e1ria.<\/p>\n<p>J\u00e1 no or\u00e7amento de 2022, o modelo foi o contr\u00e1rio, a PEC dos precat\u00f3rios, que mudou a forma de pagamento das senten\u00e7as judiciais para abrir espa\u00e7o a novas despesas, foi aprovada antes do projeto de or\u00e7amento.<\/p>\n<p>O coordenador da transi\u00e7\u00e3o, que \u00e9 nomeado ministro extraordin\u00e1rio, poder\u00e1 fazer consultas ao Tribunal de Contas da Uni\u00e3o sobre a possibilidade de pagar o benef\u00edcio de R$ 600 com os recursos j\u00e1 dispon\u00edveis no or\u00e7amento, enquanto o Congresso n\u00e3o aprovar o &#8220;waiver&#8221;, o que exigir\u00e1 uma PEC.<\/p>\n<p>A avalia\u00e7\u00e3o do ex-presidente e do seu entorno pol\u00edtico \u00e9 a de que a &#8220;pol\u00edtica precisa dar uma resposta r\u00e1pida para a economia&#8221;, principalmente diante do Congresso que emergiu das urnas, com os partidos do Centr\u00e3o fortalecidos e querendo ainda mais protagonismo no comando da pauta.<\/p>\n<p>&#8220;Tem que ter o pacote fiscal para restabelecer o arcabou\u00e7o fiscal. Qual vai ser a regra do jogo&#8221;, diz o economista Felipe Salto, atual secret\u00e1rio de Fazenda de S\u00e3o Paulo. Para Salto, no <a class=\"suno-keyword\" href=\"https:\/\/www.suno.com.br\/artigos\/curto-prazo\/\" target=\"_blank\" rel=\"noopener\" data-force=\"no\" data-priority=\"1\">curto prazo<\/a>, com uma boa articula\u00e7\u00e3o com o Congresso, Lula tem condi\u00e7\u00f5es de fazer &#8220;as coisas certas&#8221;. &#8220;N\u00e3o d\u00e1 para imaginar que no primeiro ano vai sair cortando tudo quanto \u00e9 gasto&#8221;, ressalta.<\/p>\n<p>O secret\u00e1rio considera que o principal ponto de partida da transi\u00e7\u00e3o \u00e9 fazer um plano coeso para o reequil\u00edbrio das contas.<\/p>\n<p>Salto defende um novo arcabou\u00e7o fiscal com tr\u00eas pernas: limite tendencial para a d\u00edvida definido por resolu\u00e7\u00e3o do Senado, meta de resultado prim\u00e1rio vinculada a esse limite, e uma meta de gastos combinada com um fundo de estabiliza\u00e7\u00e3o fiscal.<\/p>\n<p class=\"newsProviderSignature\"><em>(Com informa\u00e7\u00f5es do Estad\u00e3o Conte\u00fado)<\/em><\/p>\n\t<p>\n\t\t<a href=\"https:\/\/lp.suno.com.br\/ebook-investindo-em-fiis\/\" target=\"_blank\" data-element=\"shortcode-suno-banner\" title=\"Banner SUNO, clique e saiba mais\">\n\t\t\t<picture>\n\t\t\t\t<source media=\"(max-width: 500px)\" srcset=\"https:\/\/files.sunoresearch.com.br\/n\/uploads\/2023\/03\/Ebook-Fundos-Imobiliarios-Mobile-1.jpg\">\n\t\t\t\t<img class=\"newsContent__article__imgCapa newsContent__article__imgCapa--banner\"\n\t\t\t\t\tsrc=\"https:\/\/files.sunoresearch.com.br\/n\/uploads\/2023\/03\/Ebook-Fundos-Imobiliarios-Desktop-1.jpg\"\n\t\t\t\t\tdata-promo-id=\"313843\"\t\t\t\t\t\t\t\t\t\twidth='1420' height='286'\t\t\t\t\talt=\"https:\/\/files.sunoresearch.com.br\/n\/uploads\/2023\/03\/Ebook-Fundos-Imobiliarios-Desktop-1.jpg\"\n\t\t\t\t>\n\t\t\t<\/picture>\n\t\t<\/a>\n\t<\/p>\n\n\n","protected":false},"excerpt":{"rendered":"<p>Passada a euforia com a vit\u00f3ria nas urnas, as negocia\u00e7\u00f5es de um pacote fiscal v\u00e3o concentrar a partir desta segunda-feira (31)\u00a0 as aten\u00e7\u00f5es na transi\u00e7\u00e3o de governo do presidente eleito Luiz In\u00e1cio Lula da Silva (PT). Lula vence elei\u00e7\u00e3o. Foto: Flicker\/Instituto Lula O PT trata o projeto de or\u00e7amento de 2023 como um problema deixado [&hellip;]<\/p>\n","protected":false},"author":195,"featured_media":313763,"comment_status":"closed","ping_status":"closed","sticky":false,"template":"","format":"standard","meta":[],"categories":[61],"tags":[697,709],"suno_strategy":[],"class_list":["post-314141","post","type-post","status-publish","format-standard","has-post-thumbnail","hentry","category-politica","tag-eleicoes","tag-lula"],"yoast_head":"<!-- This site is optimized with the Yoast SEO plugin v24.4 - https:\/\/yoast.com\/wordpress\/plugins\/seo\/ -->\n<title>Lula: Equipe foca em pacote por Aux\u00edlio em R$ 600 e reajuste real ao m\u00ednimo<\/title>\n<meta name=\"description\" content=\"As negocia\u00e7\u00f5es de um pacote fiscal v\u00e3o concentrar a partir desta segunda (31) as aten\u00e7\u00f5es na transi\u00e7\u00e3o de governo do presidente eleito Lula.\" \/>\n<meta name=\"robots\" content=\"index, follow, max-snippet:-1, max-image-preview:large, max-video-preview:-1\" \/>\n<link rel=\"canonical\" href=\"https:\/\/www.suno.com.br\/noticias\/lula-auxilio-brasil-reajuste\/\" \/>\n<meta property=\"og:locale\" content=\"pt_BR\" \/>\n<meta property=\"og:type\" content=\"article\" \/>\n<meta property=\"og:title\" content=\"Lula: Equipe foca em pacote por Aux\u00edlio em R$ 600 e reajuste real ao m\u00ednimo\" \/>\n<meta property=\"og:description\" content=\"As negocia\u00e7\u00f5es de um pacote fiscal v\u00e3o concentrar a partir desta segunda (31) as aten\u00e7\u00f5es na transi\u00e7\u00e3o de governo do presidente eleito Lula.\" \/>\n<meta property=\"og:url\" content=\"https:\/\/www.suno.com.br\/noticias\/lula-auxilio-brasil-reajuste\/\" \/>\n<meta property=\"og:site_name\" content=\"Suno Not\u00edcias\" \/>\n<meta property=\"article:publisher\" content=\"https:\/\/facebook.com\/sunoresearch\" \/>\n<meta property=\"og:image\" content=\"https:\/\/files.sunoresearch.com.br\/n\/uploads\/2022\/10\/Lula-vence-eleicao-1.jpg\" \/>\n\t<meta property=\"og:image:width\" content=\"1500\" \/>\n\t<meta property=\"og:image:height\" content=\"842\" \/>\n\t<meta property=\"og:image:type\" content=\"image\/jpeg\" \/>\n<meta name=\"author\" content=\"Ana Clara Macedo\" \/>\n<meta name=\"twitter:card\" content=\"summary_large_image\" \/>\n<meta name=\"twitter:creator\" content=\"@sunoresearch\" \/>\n<meta name=\"twitter:site\" content=\"@sunoresearch\" \/>\n<meta name=\"twitter:label1\" content=\"Escrito por\" \/>\n\t<meta name=\"twitter:data1\" content=\"Ana Clara Macedo\" \/>\n\t<meta name=\"twitter:label2\" content=\"Est. tempo de leitura\" \/>\n\t<meta name=\"twitter:data2\" content=\"6 minutos\" \/>\n<script type=\"application\/ld+json\" class=\"yoast-schema-graph\">{\"@context\":\"https:\/\/schema.org\",\"@graph\":[{\"@type\":\"NewsArticle\",\"@id\":\"https:\/\/www.suno.com.br\/noticias\/lula-auxilio-brasil-reajuste\/#article\",\"isPartOf\":{\"@id\":\"https:\/\/www.suno.com.br\/noticias\/lula-auxilio-brasil-reajuste\/\"},\"author\":{\"name\":\"Ana Clara Macedo\",\"@id\":\"https:\/\/www.suno.com.br\/noticias\/#\/schema\/person\/a70f3c52ef8c814d62ed63b30bb30176\"},\"headline\":\"Lula: Equipe foca em pacote por Aux\u00edlio em R$ 600 e reajuste real ao m\u00ednimo\",\"datePublished\":\"2022-10-31T20:23:15+00:00\",\"mainEntityOfPage\":{\"@id\":\"https:\/\/www.suno.com.br\/noticias\/lula-auxilio-brasil-reajuste\/\"},\"wordCount\":1108,\"publisher\":{\"@id\":\"https:\/\/www.suno.com.br\/noticias\/#organization\"},\"image\":{\"@id\":\"https:\/\/www.suno.com.br\/noticias\/lula-auxilio-brasil-reajuste\/#primaryimage\"},\"thumbnailUrl\":\"https:\/\/files.sunoresearch.com.br\/n\/uploads\/2022\/10\/Lula-vence-eleicao-1.jpg\",\"keywords\":[\"Elei\u00e7\u00f5es\",\"Lula\"],\"articleSection\":[\"Pol\u00edtica\"],\"inLanguage\":\"pt-BR\"},{\"@type\":\"WebPage\",\"@id\":\"https:\/\/www.suno.com.br\/noticias\/lula-auxilio-brasil-reajuste\/\",\"url\":\"https:\/\/www.suno.com.br\/noticias\/lula-auxilio-brasil-reajuste\/\",\"name\":\"Lula: Equipe foca em pacote por Aux\u00edlio em R$ 600 e reajuste real ao m\u00ednimo\",\"isPartOf\":{\"@id\":\"https:\/\/www.suno.com.br\/noticias\/#website\"},\"primaryImageOfPage\":{\"@id\":\"https:\/\/www.suno.com.br\/noticias\/lula-auxilio-brasil-reajuste\/#primaryimage\"},\"image\":{\"@id\":\"https:\/\/www.suno.com.br\/noticias\/lula-auxilio-brasil-reajuste\/#primaryimage\"},\"thumbnailUrl\":\"https:\/\/files.sunoresearch.com.br\/n\/uploads\/2022\/10\/Lula-vence-eleicao-1.jpg\",\"datePublished\":\"2022-10-31T20:23:15+00:00\",\"description\":\"As negocia\u00e7\u00f5es de um pacote fiscal v\u00e3o concentrar a partir desta segunda (31) as aten\u00e7\u00f5es na transi\u00e7\u00e3o de governo do presidente eleito Lula.\",\"breadcrumb\":{\"@id\":\"https:\/\/www.suno.com.br\/noticias\/lula-auxilio-brasil-reajuste\/#breadcrumb\"},\"inLanguage\":\"pt-BR\",\"potentialAction\":[{\"@type\":\"ReadAction\",\"target\":[\"https:\/\/www.suno.com.br\/noticias\/lula-auxilio-brasil-reajuste\/\"]}]},{\"@type\":\"ImageObject\",\"inLanguage\":\"pt-BR\",\"@id\":\"https:\/\/www.suno.com.br\/noticias\/lula-auxilio-brasil-reajuste\/#primaryimage\",\"url\":\"https:\/\/files.sunoresearch.com.br\/n\/uploads\/2022\/10\/Lula-vence-eleicao-1.jpg\",\"contentUrl\":\"https:\/\/files.sunoresearch.com.br\/n\/uploads\/2022\/10\/Lula-vence-eleicao-1.jpg\",\"width\":1500,\"height\":842,\"caption\":\"Lula vence elei\u00e7\u00e3o. Foto: Flicker\/Instituto Lula\"},{\"@type\":\"BreadcrumbList\",\"@id\":\"https:\/\/www.suno.com.br\/noticias\/lula-auxilio-brasil-reajuste\/#breadcrumb\",\"itemListElement\":[{\"@type\":\"ListItem\",\"position\":1,\"name\":\"Not\u00edcias\",\"item\":\"https:\/\/www.suno.com.br\/noticias\/\"},{\"@type\":\"ListItem\",\"position\":2,\"name\":\"Pol\u00edtica\",\"item\":\"https:\/\/www.suno.com.br\/noticias\/politica\/\"},{\"@type\":\"ListItem\",\"position\":3,\"name\":\"Lula: Equipe foca em pacote por Aux\u00edlio em R$ 600 e reajuste real ao m\u00ednimo\"}]},{\"@type\":\"WebSite\",\"@id\":\"https:\/\/www.suno.com.br\/noticias\/#website\",\"url\":\"https:\/\/www.suno.com.br\/noticias\/\",\"name\":\"Suno Not\u00edcias\",\"description\":\"Seu portal de informa\u00e7\u00e3o sobre o mundo dos investimentos\",\"publisher\":{\"@id\":\"https:\/\/www.suno.com.br\/noticias\/#organization\"},\"potentialAction\":[{\"@type\":\"SearchAction\",\"target\":{\"@type\":\"EntryPoint\",\"urlTemplate\":\"https:\/\/www.suno.com.br\/noticias\/?s={search_term_string}\"},\"query-input\":{\"@type\":\"PropertyValueSpecification\",\"valueRequired\":true,\"valueName\":\"search_term_string\"}}],\"inLanguage\":\"pt-BR\"},{\"@type\":\"Organization\",\"@id\":\"https:\/\/www.suno.com.br\/noticias\/#organization\",\"name\":\"Suno Not\u00edcias\",\"url\":\"https:\/\/www.suno.com.br\/noticias\/\",\"logo\":{\"@type\":\"ImageObject\",\"inLanguage\":\"pt-BR\",\"@id\":\"https:\/\/www.suno.com.br\/noticias\/#\/schema\/logo\/image\/\",\"url\":\"https:\/\/files.sunoresearch.com.br\/n\/uploads\/2021\/09\/suno-logo.png\",\"contentUrl\":\"https:\/\/files.sunoresearch.com.br\/n\/uploads\/2021\/09\/suno-logo.png\",\"width\":180,\"height\":180,\"caption\":\"Suno Not\u00edcias\"},\"image\":{\"@id\":\"https:\/\/www.suno.com.br\/noticias\/#\/schema\/logo\/image\/\"},\"sameAs\":[\"https:\/\/facebook.com\/sunoresearch\",\"https:\/\/x.com\/sunoresearch\",\"https:\/\/www.instagram.com\/suno\",\"https:\/\/www.linkedin.com\/company\/suno-research\/\",\"https:\/\/www.youtube.com\/c\/sunoresearch\"]},{\"@type\":\"Person\",\"@id\":\"https:\/\/www.suno.com.br\/noticias\/#\/schema\/person\/a70f3c52ef8c814d62ed63b30bb30176\",\"name\":\"Ana Clara Macedo\",\"image\":{\"@type\":\"ImageObject\",\"inLanguage\":\"pt-BR\",\"@id\":\"https:\/\/www.suno.com.br\/noticias\/#\/schema\/person\/image\/\",\"url\":\"https:\/\/secure.gravatar.com\/avatar\/40810da86786bd5619f8cd594b0f44ef?s=96&r=g\",\"contentUrl\":\"https:\/\/secure.gravatar.com\/avatar\/40810da86786bd5619f8cd594b0f44ef?s=96&r=g\",\"caption\":\"Ana Clara Macedo\"},\"description\":\"Rep\u00f3rter no Suno Not\u00edcias, cobrindo acontecimentos sobre neg\u00f3cios, mercado financeiro e economia. Anteriormente trabalhou como Rep\u00f3rter no Mercado News e produziu relat\u00f3rios e artigos sobre empresas de capital aberto.\",\"url\":\"https:\/\/www.suno.com.br\/noticias\/author\/ana-clara-macedo\/\"}]}<\/script>\n<!-- \/ Yoast SEO plugin. -->","yoast_head_json":{"title":"Lula: Equipe foca em pacote por Aux\u00edlio em R$ 600 e reajuste real ao m\u00ednimo","description":"As negocia\u00e7\u00f5es de um pacote fiscal v\u00e3o concentrar a partir desta segunda (31) as aten\u00e7\u00f5es na transi\u00e7\u00e3o de governo do presidente eleito Lula.","robots":{"index":"index","follow":"follow","max-snippet":"max-snippet:-1","max-image-preview":"max-image-preview:large","max-video-preview":"max-video-preview:-1"},"canonical":"https:\/\/www.suno.com.br\/noticias\/lula-auxilio-brasil-reajuste\/","og_locale":"pt_BR","og_type":"article","og_title":"Lula: Equipe foca em pacote por Aux\u00edlio em R$ 600 e reajuste real ao m\u00ednimo","og_description":"As negocia\u00e7\u00f5es de um pacote fiscal v\u00e3o concentrar a partir desta segunda (31) as aten\u00e7\u00f5es na transi\u00e7\u00e3o de governo do presidente eleito Lula.","og_url":"https:\/\/www.suno.com.br\/noticias\/lula-auxilio-brasil-reajuste\/","og_site_name":"Suno Not\u00edcias","article_publisher":"https:\/\/facebook.com\/sunoresearch","og_image":[{"width":1500,"height":842,"url":"https:\/\/files.sunoresearch.com.br\/n\/uploads\/2022\/10\/Lula-vence-eleicao-1.jpg","type":"image\/jpeg"}],"author":"Ana Clara Macedo","twitter_card":"summary_large_image","twitter_creator":"@sunoresearch","twitter_site":"@sunoresearch","twitter_misc":{"Escrito por":"Ana Clara Macedo","Est. tempo de leitura":"6 minutos"},"schema":{"@context":"https:\/\/schema.org","@graph":[{"@type":"NewsArticle","@id":"https:\/\/www.suno.com.br\/noticias\/lula-auxilio-brasil-reajuste\/#article","isPartOf":{"@id":"https:\/\/www.suno.com.br\/noticias\/lula-auxilio-brasil-reajuste\/"},"author":{"name":"Ana Clara Macedo","@id":"https:\/\/www.suno.com.br\/noticias\/#\/schema\/person\/a70f3c52ef8c814d62ed63b30bb30176"},"headline":"Lula: Equipe foca em pacote por Aux\u00edlio em R$ 600 e reajuste real ao m\u00ednimo","datePublished":"2022-10-31T20:23:15+00:00","mainEntityOfPage":{"@id":"https:\/\/www.suno.com.br\/noticias\/lula-auxilio-brasil-reajuste\/"},"wordCount":1108,"publisher":{"@id":"https:\/\/www.suno.com.br\/noticias\/#organization"},"image":{"@id":"https:\/\/www.suno.com.br\/noticias\/lula-auxilio-brasil-reajuste\/#primaryimage"},"thumbnailUrl":"https:\/\/files.sunoresearch.com.br\/n\/uploads\/2022\/10\/Lula-vence-eleicao-1.jpg","keywords":["Elei\u00e7\u00f5es","Lula"],"articleSection":["Pol\u00edtica"],"inLanguage":"pt-BR"},{"@type":"WebPage","@id":"https:\/\/www.suno.com.br\/noticias\/lula-auxilio-brasil-reajuste\/","url":"https:\/\/www.suno.com.br\/noticias\/lula-auxilio-brasil-reajuste\/","name":"Lula: Equipe foca em pacote por Aux\u00edlio em R$ 600 e reajuste real ao m\u00ednimo","isPartOf":{"@id":"https:\/\/www.suno.com.br\/noticias\/#website"},"primaryImageOfPage":{"@id":"https:\/\/www.suno.com.br\/noticias\/lula-auxilio-brasil-reajuste\/#primaryimage"},"image":{"@id":"https:\/\/www.suno.com.br\/noticias\/lula-auxilio-brasil-reajuste\/#primaryimage"},"thumbnailUrl":"https:\/\/files.sunoresearch.com.br\/n\/uploads\/2022\/10\/Lula-vence-eleicao-1.jpg","datePublished":"2022-10-31T20:23:15+00:00","description":"As negocia\u00e7\u00f5es de um pacote fiscal v\u00e3o concentrar a partir desta segunda (31) as aten\u00e7\u00f5es na transi\u00e7\u00e3o de governo do presidente eleito Lula.","breadcrumb":{"@id":"https:\/\/www.suno.com.br\/noticias\/lula-auxilio-brasil-reajuste\/#breadcrumb"},"inLanguage":"pt-BR","potentialAction":[{"@type":"ReadAction","target":["https:\/\/www.suno.com.br\/noticias\/lula-auxilio-brasil-reajuste\/"]}]},{"@type":"ImageObject","inLanguage":"pt-BR","@id":"https:\/\/www.suno.com.br\/noticias\/lula-auxilio-brasil-reajuste\/#primaryimage","url":"https:\/\/files.sunoresearch.com.br\/n\/uploads\/2022\/10\/Lula-vence-eleicao-1.jpg","contentUrl":"https:\/\/files.sunoresearch.com.br\/n\/uploads\/2022\/10\/Lula-vence-eleicao-1.jpg","width":1500,"height":842,"caption":"Lula vence elei\u00e7\u00e3o. Foto: Flicker\/Instituto Lula"},{"@type":"BreadcrumbList","@id":"https:\/\/www.suno.com.br\/noticias\/lula-auxilio-brasil-reajuste\/#breadcrumb","itemListElement":[{"@type":"ListItem","position":1,"name":"Not\u00edcias","item":"https:\/\/www.suno.com.br\/noticias\/"},{"@type":"ListItem","position":2,"name":"Pol\u00edtica","item":"https:\/\/www.suno.com.br\/noticias\/politica\/"},{"@type":"ListItem","position":3,"name":"Lula: Equipe foca em pacote por Aux\u00edlio em R$ 600 e reajuste real ao m\u00ednimo"}]},{"@type":"WebSite","@id":"https:\/\/www.suno.com.br\/noticias\/#website","url":"https:\/\/www.suno.com.br\/noticias\/","name":"Suno Not\u00edcias","description":"Seu portal de informa\u00e7\u00e3o sobre o mundo dos investimentos","publisher":{"@id":"https:\/\/www.suno.com.br\/noticias\/#organization"},"potentialAction":[{"@type":"SearchAction","target":{"@type":"EntryPoint","urlTemplate":"https:\/\/www.suno.com.br\/noticias\/?s={search_term_string}"},"query-input":{"@type":"PropertyValueSpecification","valueRequired":true,"valueName":"search_term_string"}}],"inLanguage":"pt-BR"},{"@type":"Organization","@id":"https:\/\/www.suno.com.br\/noticias\/#organization","name":"Suno Not\u00edcias","url":"https:\/\/www.suno.com.br\/noticias\/","logo":{"@type":"ImageObject","inLanguage":"pt-BR","@id":"https:\/\/www.suno.com.br\/noticias\/#\/schema\/logo\/image\/","url":"https:\/\/files.sunoresearch.com.br\/n\/uploads\/2021\/09\/suno-logo.png","contentUrl":"https:\/\/files.sunoresearch.com.br\/n\/uploads\/2021\/09\/suno-logo.png","width":180,"height":180,"caption":"Suno Not\u00edcias"},"image":{"@id":"https:\/\/www.suno.com.br\/noticias\/#\/schema\/logo\/image\/"},"sameAs":["https:\/\/facebook.com\/sunoresearch","https:\/\/x.com\/sunoresearch","https:\/\/www.instagram.com\/suno","https:\/\/www.linkedin.com\/company\/suno-research\/","https:\/\/www.youtube.com\/c\/sunoresearch"]},{"@type":"Person","@id":"https:\/\/www.suno.com.br\/noticias\/#\/schema\/person\/a70f3c52ef8c814d62ed63b30bb30176","name":"Ana Clara Macedo","image":{"@type":"ImageObject","inLanguage":"pt-BR","@id":"https:\/\/www.suno.com.br\/noticias\/#\/schema\/person\/image\/","url":"https:\/\/secure.gravatar.com\/avatar\/40810da86786bd5619f8cd594b0f44ef?s=96&r=g","contentUrl":"https:\/\/secure.gravatar.com\/avatar\/40810da86786bd5619f8cd594b0f44ef?s=96&r=g","caption":"Ana Clara Macedo"},"description":"Rep\u00f3rter no Suno Not\u00edcias, cobrindo acontecimentos sobre neg\u00f3cios, mercado financeiro e economia. Anteriormente trabalhou como Rep\u00f3rter no Mercado News e produziu relat\u00f3rios e artigos sobre empresas de capital aberto.","url":"https:\/\/www.suno.com.br\/noticias\/author\/ana-clara-macedo\/"}]}},"default_loop_html":"<div class=\"cardsPage__listCard__boxs\"><div class=\"cardsPage__listCard__boxs__img\"><a href=\"https:\/\/www.suno.com.br\/noticias\/lula-auxilio-brasil-reajuste\/\"><img class=\"mask\" src=\"https:\/\/www.suno.com.br\/noticias\/wp-content\/themes\/suno\/resources\/images\/spotlight\/spotlight1img\/bg-mask.png\" alt=\"Image Mask\"\/><img src=\"https:\/\/files.sunoresearch.com.br\/n\/uploads\/2022\/10\/Lula-vence-eleicao-1-400x200.jpg\" alt=\"Lula: Equipe foca em pacote por Aux\u00edlio em R$ 600 e reajuste real ao m\u00ednimo\"\/><\/a><span class=\"spotlightCategory\"><a href=\"https:\/\/www.suno.com.br\/noticias\/politica\/\">Pol\u00edtica<\/a><\/span><\/div><div class=\"cardsPage__listCard__boxs__content\"><a href=\"https:\/\/www.suno.com.br\/noticias\/lula-auxilio-brasil-reajuste\/\"><h2 class=\"content__title\">Lula: Equipe foca em pacote por Aux\u00edlio em R$ 600 e reajuste real ao m\u00ednimo<\/h2><\/a><div class=\"newsContent__article__meta\"><div class=\"newsContent__article__meta__authorBox\"><a href=\"https:\/\/www.suno.com.br\/noticias\/author\/ana-clara-macedo\/\" class=\"authorBox__avatar noMobi\"><img src=\"https:\/\/secure.gravatar.com\/avatar\/40810da86786bd5619f8cd594b0f44ef?s=96&#038;r=g\" alt=\"Ana Clara Macedo\"><\/a><div class=\"authorBox__name\"><span>por\n\t\t\t<a href=\"https:\/\/www.suno.com.br\/noticias\/author\/ana-clara-macedo\/\"><span itemprop=\"author\">Ana Clara Macedo<\/span><\/a><\/span><time datetime=\"2022-10-31T17:23:15-03:00\" itemprop=\"datePublished\">31\/10\/2022 17:23<\/time><\/div><\/div><\/div><\/div><\/div>","single_layout":"posts","amp_enabled":true,"_links":{"self":[{"href":"https:\/\/www.suno.com.br\/noticias\/wp-json\/wp\/v2\/posts\/314141"}],"collection":[{"href":"https:\/\/www.suno.com.br\/noticias\/wp-json\/wp\/v2\/posts"}],"about":[{"href":"https:\/\/www.suno.com.br\/noticias\/wp-json\/wp\/v2\/types\/post"}],"author":[{"embeddable":true,"href":"https:\/\/www.suno.com.br\/noticias\/wp-json\/wp\/v2\/users\/195"}],"replies":[{"embeddable":true,"href":"https:\/\/www.suno.com.br\/noticias\/wp-json\/wp\/v2\/comments?post=314141"}],"version-history":[{"count":2,"href":"https:\/\/www.suno.com.br\/noticias\/wp-json\/wp\/v2\/posts\/314141\/revisions"}],"predecessor-version":[{"id":314180,"href":"https:\/\/www.suno.com.br\/noticias\/wp-json\/wp\/v2\/posts\/314141\/revisions\/314180"}],"wp:featuredmedia":[{"embeddable":true,"href":"https:\/\/www.suno.com.br\/noticias\/wp-json\/wp\/v2\/media\/313763"}],"wp:attachment":[{"href":"https:\/\/www.suno.com.br\/noticias\/wp-json\/wp\/v2\/media?parent=314141"}],"wp:term":[{"taxonomy":"category","embeddable":true,"href":"https:\/\/www.suno.com.br\/noticias\/wp-json\/wp\/v2\/categories?post=314141"},{"taxonomy":"post_tag","embeddable":true,"href":"https:\/\/www.suno.com.br\/noticias\/wp-json\/wp\/v2\/tags?post=314141"},{"taxonomy":"suno_strategy","embeddable":true,"href":"https:\/\/www.suno.com.br\/noticias\/wp-json\/wp\/v2\/suno_strategy?post=314141"}],"curies":[{"name":"wp","href":"https:\/\/api.w.org\/{rel}","templated":true}]}}