{"id":31407,"date":"2019-07-18T14:49:18","date_gmt":"2019-07-18T17:49:18","guid":{"rendered":"https:\/\/www.suno.com.br\/noticias\/?p=31407"},"modified":"2019-07-18T19:13:19","modified_gmt":"2019-07-18T22:13:19","slug":"economia-reforma-previdencia-acima-r-800-bi-marinho","status":"publish","type":"post","link":"https:\/\/www.suno.com.br\/noticias\/economia-reforma-previdencia-acima-r-800-bi-marinho\/","title":{"rendered":"Economia com reforma da Previd\u00eancia ficar\u00e1 acima de R$ 933,5 bi, diz Marinho"},"content":{"rendered":"<p>De acordo com o secret\u00e1rio especial de Previd\u00eancia e Trabalho, <strong>Rog\u00e9rio Marinho<\/strong>, a <strong>economia<\/strong> dever\u00e1 ficar em R$ 914,3 bilh\u00f5es em um per\u00edodo de dez anos com a reforma da Previd\u00eancia. A declara\u00e7\u00e3o foi dada nesta quinta-feira (18).<\/p>\t<div class=\"wrapper-featured-image\">\n\t\t<figure class=\"spotlightImg\">\n\n\t\t\t<picture>\n\t\t\t\t<source media=\"(max-width: 768px)\" srcset=\"https:\/\/files.sunoresearch.com.br\/n\/uploads\/2019\/07\/07fe2b1c-rogerio-marinho-400x200.webp\">\n\t\t\t\t<img loading=\"lazy\" decoding=\"async\" class=\"newsContent__article__imgCapa lazyloadDisabled newsContent__article__imgCapa--noCaption\" src=\"https:\/\/files.sunoresearch.com.br\/n\/uploads\/2019\/07\/07fe2b1c-rogerio-marinho-800x450.webp\" width=\"800\" height=\"450\" alt=\"Economia com reforma da Previd\u00eancia ficar\u00e1 acima de R$ 933,5 bi, diz Marinho\" fetchpriority=high \/>\n\t\t\t<\/picture>\n\n\t\t\t<figcaption class=\"wp-caption-text wp-caption-text--hide\">O secret\u00e1rio especial de Trabalho e Previd\u00eancia do Minist\u00e9rio da Economia, Rog\u00e9rio Marinho, participa de audi\u00eancia p\u00fablica na Comiss\u00e3o de Assuntos Sociais do Senado.<\/figcaption>\n\t\t<\/figure>\n\t<\/div>\n\n\n<p>Segundo o secret\u00e1rio, al\u00e9m da economia com a <strong>reforma da Previd\u00eancia<\/strong>, h\u00e1 tamb\u00e9m o acr\u00e9scimo de R$ 19,2 bilh\u00f5es do CSLL (Contribui\u00e7\u00e3o Social sobre o Lucro L\u00edquido). Dessa forma,\u00a0a economia total em dez anos deve atingir R$ 933,5 bilh\u00f5es.<\/p>\n<p><iframe loading=\"lazy\" title=\"?FGTS na pr\u00f3xima semana; Previd\u00eancia economizar\u00e1 R$ 933,5 bi; Ab Imbev pode vender ativos na \u00c1sia\" width=\"200\" height=\"113\" src=\"https:\/\/www.youtube.com\/embed\/ZxY5h9rr9V8?feature=oembed\" frameborder=\"0\" allow=\"accelerometer; autoplay; encrypted-media; gyroscope; picture-in-picture\" allowfullscreen><\/iframe><\/p>\n<p>Para o secret\u00e1rio, a reforma \u00e9 a maior e mais abrangente reestrutura\u00e7\u00e3o da Previd\u00eancia.\u00a0\u201cN\u00e3o tenho d\u00favidas de que a vota\u00e7\u00e3o do primeiro turno impactou todos n\u00f3s, Pa\u00eds amadureceu o tema&#8221;, disse Marinho.<\/p>\n<p>O novo valor divulgado tem como base o texto da Previd\u00eancia aprovado na C\u00e2mara dos Deputados na \u00faltima quarta-feira (10).<\/p>\n<p>No texto feito pela equipe de economia do <strong>Governo<\/strong>, o valor previsto em dez anos com a <strong>reforma<\/strong> <strong>previdenci\u00e1ria<\/strong> era de R$ 1,1 trilh\u00e3o, no per\u00edodo de uma d\u00e9cada.<\/p>\n<p>Contudo, na semana passada, o secret\u00e1rio especial de Previd\u00eancia e Trabalho estipulou que a reforma poderia fornecer uma economia de RS 900 bi em dez anos. A fala foi dita ap\u00f3s a aprova\u00e7\u00e3o de destaques, da reforma da Previd\u00eancia, na <strong>C\u00e2mara<\/strong>.<\/p>\n<p><a href=\"https:\/\/www.suno.com.br\/noticias\/reforma-tributaria-sera-apresentada-ao-congresso-neste-mes-diz-cintra\/\">Veja tamb\u00e9m:\u00a0Reforma tribut\u00e1ria ser\u00e1 apresentada ao Congresso neste m\u00eas, diz Cintra\u00a0<\/a><\/p>\n<h2>Reforma da Previd\u00eancia<\/h2>\n<p>O secret\u00e1rio especial de Previd\u00eancia e Trabalho, Rog\u00e9rio Marinho, disse que espera que a vota\u00e7\u00e3o da reforma da Previd\u00eancia termine e seja aprovada no <strong>Senado<\/strong> at\u00e9 o m\u00eas de setembro.<\/p>\n<p>No dia 12 de julho, a C\u00e2mara dos Deputados concluiu a vota\u00e7\u00e3o da reforma da Previd\u00eancia analisando todos os destaques. Entretanto, o segundo turno de vota\u00e7\u00e3o para aprova\u00e7\u00e3o do texto na C\u00e2mara acontecer\u00e1 apenas no segundo semestre deste ano.<\/p>\n\t<p>\n\t\t<a href=\"https:\/\/lp.suno.com.br\/ebook-gratuito-investindo-no-exterior\/\" target=\"_blank\" data-element=\"shortcode-suno-banner\" title=\"Banner SUNO, clique e saiba mais\">\n\t\t\t<picture>\n\t\t\t\t<source media=\"(max-width: 500px)\" srcset=\"https:\/\/files.sunoresearch.com.br\/n\/uploads\/2023\/03\/400x300-Investindo-no-exterior.png\">\n\t\t\t\t<img class=\"newsContent__article__imgCapa newsContent__article__imgCapa--banner\"\n\t\t\t\t\tsrc=\"https:\/\/files.sunoresearch.com.br\/n\/uploads\/2023\/03\/1420x240-Investindo-no-exterior.png\"\n\t\t\t\t\tdata-promo-id=\"383161\"\t\t\t\t\t\t\t\t\t\twidth='1420' height='240'\t\t\t\t\talt=\"https:\/\/files.sunoresearch.com.br\/n\/uploads\/2023\/03\/1420x240-Investindo-no-exterior.png\"\n\t\t\t\t>\n\t\t\t<\/picture>\n\t\t<\/a>\n\t<\/p>\n\n\n<p>Segundo\u00a0Onyx Lorenzoni, ministro-chefe da Casa Civil, o segundo turno da vota\u00e7\u00e3o da\u00a0reforma da Previd\u00eancia\u00a0ter\u00e1 in\u00edcio no dia\u00a06 de agosto \u00e0s 16h.<\/p>\n<h2>Texto-base da reforma \u00e9 aprovado<\/h2>\n<p>O texto-base da reforma da<strong> Previd\u00eancia<\/strong> foi aprovado no plen\u00e1rio da <strong>C\u00e2mara dos Deputados<\/strong> no dia 10 de julho. Dessa forma, a vota\u00e7\u00e3o foi conclu\u00edda com 379 votos favor\u00e1veis a 131 votos contr\u00e1rios. O minimo de votos necess\u00e1rios para a aprova\u00e7\u00e3o da reforma era de\u00a0308.<\/p>\n","protected":false},"excerpt":{"rendered":"<p>De acordo com o secret\u00e1rio especial de Previd\u00eancia e Trabalho, Rog\u00e9rio Marinho, a economia dever\u00e1 ficar em R$ 914,3 bilh\u00f5es em um per\u00edodo de dez anos com a reforma da Previd\u00eancia. A declara\u00e7\u00e3o foi dada nesta quinta-feira (18). O secret\u00e1rio especial de Trabalho e Previd\u00eancia do Minist\u00e9rio da Economia, Rog\u00e9rio Marinho, participa de audi\u00eancia p\u00fablica [&hellip;]<\/p>\n","protected":false},"author":19,"featured_media":31408,"comment_status":"closed","ping_status":"closed","sticky":false,"template":"","format":"standard","meta":[],"categories":[62],"tags":[740,940,1464],"suno_strategy":[],"class_list":["post-31407","post","type-post","status-publish","format-standard","has-post-thumbnail","hentry","category-economia","tag-economia","tag-reforma-da-previdencia","tag-rogerio-marinho"],"yoast_head":"<!-- This site is optimized with the Yoast SEO plugin v24.4 - https:\/\/yoast.com\/wordpress\/plugins\/seo\/ -->\n<title>Economia com nova Previd\u00eancia ficar\u00e1 acima de R$800 bi, diz Marinho<\/title>\n<meta name=\"description\" content=\"De acordo com o secret\u00e1rio especial de Previd\u00eancia e Trabalho, Rog\u00e9rio Marinho, a economia dever\u00e1 ficar acima de R$ 800 bilh\u00f5es. Saiba mais.\" \/>\n<meta name=\"robots\" content=\"index, follow, max-snippet:-1, max-image-preview:large, max-video-preview:-1\" \/>\n<link rel=\"canonical\" href=\"https:\/\/www.suno.com.br\/noticias\/economia-reforma-previdencia-acima-r-800-bi-marinho\/\" \/>\n<meta property=\"og:locale\" content=\"pt_BR\" \/>\n<meta property=\"og:type\" content=\"article\" \/>\n<meta property=\"og:title\" content=\"Economia com nova Previd\u00eancia ficar\u00e1 acima de R$800 bi, diz Marinho\" \/>\n<meta property=\"og:description\" content=\"De acordo com o secret\u00e1rio especial de Previd\u00eancia e Trabalho, Rog\u00e9rio Marinho, a economia dever\u00e1 ficar acima de R$ 800 bilh\u00f5es. Saiba mais.\" \/>\n<meta property=\"og:url\" content=\"https:\/\/www.suno.com.br\/noticias\/economia-reforma-previdencia-acima-r-800-bi-marinho\/\" \/>\n<meta property=\"og:site_name\" content=\"Suno Not\u00edcias\" \/>\n<meta property=\"article:publisher\" content=\"https:\/\/facebook.com\/sunoresearch\" \/>\n<meta property=\"og:image\" content=\"https:\/\/files.sunoresearch.com.br\/n\/uploads\/2019\/07\/07fe2b1c-rogerio-marinho.jpg\" \/>\n\t<meta property=\"og:image:width\" content=\"1140\" \/>\n\t<meta property=\"og:image:height\" content=\"760\" \/>\n\t<meta property=\"og:image:type\" content=\"image\/jpeg\" \/>\n<meta name=\"author\" content=\"Juliano Passaro\" \/>\n<meta name=\"twitter:card\" content=\"summary_large_image\" \/>\n<meta name=\"twitter:creator\" content=\"@sunoresearch\" \/>\n<meta name=\"twitter:site\" content=\"@sunoresearch\" \/>\n<meta name=\"twitter:label1\" content=\"Escrito por\" \/>\n\t<meta name=\"twitter:data1\" content=\"Juliano Passaro\" \/>\n\t<meta name=\"twitter:label2\" content=\"Est. tempo de leitura\" \/>\n\t<meta name=\"twitter:data2\" content=\"2 minutos\" \/>\n<script type=\"application\/ld+json\" class=\"yoast-schema-graph\">{\"@context\":\"https:\/\/schema.org\",\"@graph\":[{\"@type\":\"NewsArticle\",\"@id\":\"https:\/\/www.suno.com.br\/noticias\/economia-reforma-previdencia-acima-r-800-bi-marinho\/#article\",\"isPartOf\":{\"@id\":\"https:\/\/www.suno.com.br\/noticias\/economia-reforma-previdencia-acima-r-800-bi-marinho\/\"},\"author\":{\"name\":\"Juliano Passaro\",\"@id\":\"https:\/\/www.suno.com.br\/noticias\/#\/schema\/person\/1db762f78ffd8919a648a63e425953e3\"},\"headline\":\"Economia com reforma da Previd\u00eancia ficar\u00e1 acima de R$ 933,5 bi, diz Marinho\",\"datePublished\":\"2019-07-18T17:49:18+00:00\",\"dateModified\":\"2019-07-18T22:13:19+00:00\",\"mainEntityOfPage\":{\"@id\":\"https:\/\/www.suno.com.br\/noticias\/economia-reforma-previdencia-acima-r-800-bi-marinho\/\"},\"wordCount\":439,\"publisher\":{\"@id\":\"https:\/\/www.suno.com.br\/noticias\/#organization\"},\"image\":{\"@id\":\"https:\/\/www.suno.com.br\/noticias\/economia-reforma-previdencia-acima-r-800-bi-marinho\/#primaryimage\"},\"thumbnailUrl\":\"https:\/\/files.sunoresearch.com.br\/n\/uploads\/2019\/07\/07fe2b1c-rogerio-marinho-jpg.webp\",\"keywords\":[\"Economia\",\"Reforma da Previd\u00eancia\",\"Rog\u00e9rio Marinho\"],\"articleSection\":[\"Economia\"],\"inLanguage\":\"pt-BR\"},{\"@type\":\"WebPage\",\"@id\":\"https:\/\/www.suno.com.br\/noticias\/economia-reforma-previdencia-acima-r-800-bi-marinho\/\",\"url\":\"https:\/\/www.suno.com.br\/noticias\/economia-reforma-previdencia-acima-r-800-bi-marinho\/\",\"name\":\"Economia com nova Previd\u00eancia ficar\u00e1 acima de R$800 bi, diz Marinho\",\"isPartOf\":{\"@id\":\"https:\/\/www.suno.com.br\/noticias\/#website\"},\"primaryImageOfPage\":{\"@id\":\"https:\/\/www.suno.com.br\/noticias\/economia-reforma-previdencia-acima-r-800-bi-marinho\/#primaryimage\"},\"image\":{\"@id\":\"https:\/\/www.suno.com.br\/noticias\/economia-reforma-previdencia-acima-r-800-bi-marinho\/#primaryimage\"},\"thumbnailUrl\":\"https:\/\/files.sunoresearch.com.br\/n\/uploads\/2019\/07\/07fe2b1c-rogerio-marinho-jpg.webp\",\"datePublished\":\"2019-07-18T17:49:18+00:00\",\"dateModified\":\"2019-07-18T22:13:19+00:00\",\"description\":\"De acordo com o secret\u00e1rio especial de Previd\u00eancia e Trabalho, Rog\u00e9rio Marinho, a economia dever\u00e1 ficar acima de R$ 800 bilh\u00f5es. Saiba mais.\",\"breadcrumb\":{\"@id\":\"https:\/\/www.suno.com.br\/noticias\/economia-reforma-previdencia-acima-r-800-bi-marinho\/#breadcrumb\"},\"inLanguage\":\"pt-BR\",\"potentialAction\":[{\"@type\":\"ReadAction\",\"target\":[\"https:\/\/www.suno.com.br\/noticias\/economia-reforma-previdencia-acima-r-800-bi-marinho\/\"]}]},{\"@type\":\"ImageObject\",\"inLanguage\":\"pt-BR\",\"@id\":\"https:\/\/www.suno.com.br\/noticias\/economia-reforma-previdencia-acima-r-800-bi-marinho\/#primaryimage\",\"url\":\"https:\/\/files.sunoresearch.com.br\/n\/uploads\/2019\/07\/07fe2b1c-rogerio-marinho-jpg.webp\",\"contentUrl\":\"https:\/\/files.sunoresearch.com.br\/n\/uploads\/2019\/07\/07fe2b1c-rogerio-marinho-jpg.webp\",\"width\":1140,\"height\":760,\"caption\":\"O secret\u00e1rio especial de Trabalho e Previd\u00eancia do Minist\u00e9rio da Economia, Rog\u00e9rio Marinho, participa de audi\u00eancia p\u00fablica na Comiss\u00e3o de Assuntos Sociais do Senado.\"},{\"@type\":\"BreadcrumbList\",\"@id\":\"https:\/\/www.suno.com.br\/noticias\/economia-reforma-previdencia-acima-r-800-bi-marinho\/#breadcrumb\",\"itemListElement\":[{\"@type\":\"ListItem\",\"position\":1,\"name\":\"Not\u00edcias\",\"item\":\"https:\/\/www.suno.com.br\/noticias\/\"},{\"@type\":\"ListItem\",\"position\":2,\"name\":\"Economia\",\"item\":\"https:\/\/www.suno.com.br\/noticias\/economia\/\"},{\"@type\":\"ListItem\",\"position\":3,\"name\":\"Economia com reforma da Previd\u00eancia ficar\u00e1 acima de R$ 933,5 bi, diz Marinho\"}]},{\"@type\":\"WebSite\",\"@id\":\"https:\/\/www.suno.com.br\/noticias\/#website\",\"url\":\"https:\/\/www.suno.com.br\/noticias\/\",\"name\":\"Suno Not\u00edcias\",\"description\":\"Seu portal de informa\u00e7\u00e3o sobre o mundo dos investimentos\",\"publisher\":{\"@id\":\"https:\/\/www.suno.com.br\/noticias\/#organization\"},\"potentialAction\":[{\"@type\":\"SearchAction\",\"target\":{\"@type\":\"EntryPoint\",\"urlTemplate\":\"https:\/\/www.suno.com.br\/noticias\/?s={search_term_string}\"},\"query-input\":{\"@type\":\"PropertyValueSpecification\",\"valueRequired\":true,\"valueName\":\"search_term_string\"}}],\"inLanguage\":\"pt-BR\"},{\"@type\":\"Organization\",\"@id\":\"https:\/\/www.suno.com.br\/noticias\/#organization\",\"name\":\"Suno Not\u00edcias\",\"url\":\"https:\/\/www.suno.com.br\/noticias\/\",\"logo\":{\"@type\":\"ImageObject\",\"inLanguage\":\"pt-BR\",\"@id\":\"https:\/\/www.suno.com.br\/noticias\/#\/schema\/logo\/image\/\",\"url\":\"https:\/\/files.sunoresearch.com.br\/n\/uploads\/2021\/09\/suno-logo.png\",\"contentUrl\":\"https:\/\/files.sunoresearch.com.br\/n\/uploads\/2021\/09\/suno-logo.png\",\"width\":180,\"height\":180,\"caption\":\"Suno Not\u00edcias\"},\"image\":{\"@id\":\"https:\/\/www.suno.com.br\/noticias\/#\/schema\/logo\/image\/\"},\"sameAs\":[\"https:\/\/facebook.com\/sunoresearch\",\"https:\/\/x.com\/sunoresearch\",\"https:\/\/www.instagram.com\/suno\",\"https:\/\/www.linkedin.com\/company\/suno-research\/\",\"https:\/\/www.youtube.com\/c\/sunoresearch\"]},{\"@type\":\"Person\",\"@id\":\"https:\/\/www.suno.com.br\/noticias\/#\/schema\/person\/1db762f78ffd8919a648a63e425953e3\",\"name\":\"Juliano Passaro\",\"image\":{\"@type\":\"ImageObject\",\"inLanguage\":\"pt-BR\",\"@id\":\"https:\/\/www.suno.com.br\/noticias\/#\/schema\/person\/image\/\",\"url\":\"https:\/\/secure.gravatar.com\/avatar\/743d4df28eebf6dcc46b4ad03c319e92?s=96&r=g\",\"contentUrl\":\"https:\/\/secure.gravatar.com\/avatar\/743d4df28eebf6dcc46b4ad03c319e92?s=96&r=g\",\"caption\":\"Juliano Passaro\"},\"description\":\"Juliano Passaro escreve sobre pol\u00edtica, economia e neg\u00f3cios para o portal da Suno Research. Antes da Suno, trabalhou no Portal da Band. \u00c9 formado em jornalismo pela Universidade Presbiteriana Mackenzie.\",\"url\":\"https:\/\/www.suno.com.br\/noticias\/author\/juliano\/\"}]}<\/script>\n<!-- \/ Yoast SEO plugin. -->","yoast_head_json":{"title":"Economia com nova Previd\u00eancia ficar\u00e1 acima de R$800 bi, diz Marinho","description":"De acordo com o secret\u00e1rio especial de Previd\u00eancia e Trabalho, Rog\u00e9rio Marinho, a economia dever\u00e1 ficar acima de R$ 800 bilh\u00f5es. Saiba mais.","robots":{"index":"index","follow":"follow","max-snippet":"max-snippet:-1","max-image-preview":"max-image-preview:large","max-video-preview":"max-video-preview:-1"},"canonical":"https:\/\/www.suno.com.br\/noticias\/economia-reforma-previdencia-acima-r-800-bi-marinho\/","og_locale":"pt_BR","og_type":"article","og_title":"Economia com nova Previd\u00eancia ficar\u00e1 acima de R$800 bi, diz Marinho","og_description":"De acordo com o secret\u00e1rio especial de Previd\u00eancia e Trabalho, Rog\u00e9rio Marinho, a economia dever\u00e1 ficar acima de R$ 800 bilh\u00f5es. Saiba mais.","og_url":"https:\/\/www.suno.com.br\/noticias\/economia-reforma-previdencia-acima-r-800-bi-marinho\/","og_site_name":"Suno Not\u00edcias","article_publisher":"https:\/\/facebook.com\/sunoresearch","og_image":[{"width":1140,"height":760,"url":"https:\/\/files.sunoresearch.com.br\/n\/uploads\/2019\/07\/07fe2b1c-rogerio-marinho.jpg","type":"image\/jpeg"}],"author":"Juliano Passaro","twitter_card":"summary_large_image","twitter_creator":"@sunoresearch","twitter_site":"@sunoresearch","twitter_misc":{"Escrito por":"Juliano Passaro","Est. tempo de leitura":"2 minutos"},"schema":{"@context":"https:\/\/schema.org","@graph":[{"@type":"NewsArticle","@id":"https:\/\/www.suno.com.br\/noticias\/economia-reforma-previdencia-acima-r-800-bi-marinho\/#article","isPartOf":{"@id":"https:\/\/www.suno.com.br\/noticias\/economia-reforma-previdencia-acima-r-800-bi-marinho\/"},"author":{"name":"Juliano Passaro","@id":"https:\/\/www.suno.com.br\/noticias\/#\/schema\/person\/1db762f78ffd8919a648a63e425953e3"},"headline":"Economia com reforma da Previd\u00eancia ficar\u00e1 acima de R$ 933,5 bi, diz Marinho","datePublished":"2019-07-18T17:49:18+00:00","dateModified":"2019-07-18T22:13:19+00:00","mainEntityOfPage":{"@id":"https:\/\/www.suno.com.br\/noticias\/economia-reforma-previdencia-acima-r-800-bi-marinho\/"},"wordCount":439,"publisher":{"@id":"https:\/\/www.suno.com.br\/noticias\/#organization"},"image":{"@id":"https:\/\/www.suno.com.br\/noticias\/economia-reforma-previdencia-acima-r-800-bi-marinho\/#primaryimage"},"thumbnailUrl":"https:\/\/files.sunoresearch.com.br\/n\/uploads\/2019\/07\/07fe2b1c-rogerio-marinho-jpg.webp","keywords":["Economia","Reforma da Previd\u00eancia","Rog\u00e9rio Marinho"],"articleSection":["Economia"],"inLanguage":"pt-BR"},{"@type":"WebPage","@id":"https:\/\/www.suno.com.br\/noticias\/economia-reforma-previdencia-acima-r-800-bi-marinho\/","url":"https:\/\/www.suno.com.br\/noticias\/economia-reforma-previdencia-acima-r-800-bi-marinho\/","name":"Economia com nova Previd\u00eancia ficar\u00e1 acima de R$800 bi, diz Marinho","isPartOf":{"@id":"https:\/\/www.suno.com.br\/noticias\/#website"},"primaryImageOfPage":{"@id":"https:\/\/www.suno.com.br\/noticias\/economia-reforma-previdencia-acima-r-800-bi-marinho\/#primaryimage"},"image":{"@id":"https:\/\/www.suno.com.br\/noticias\/economia-reforma-previdencia-acima-r-800-bi-marinho\/#primaryimage"},"thumbnailUrl":"https:\/\/files.sunoresearch.com.br\/n\/uploads\/2019\/07\/07fe2b1c-rogerio-marinho-jpg.webp","datePublished":"2019-07-18T17:49:18+00:00","dateModified":"2019-07-18T22:13:19+00:00","description":"De acordo com o secret\u00e1rio especial de Previd\u00eancia e Trabalho, Rog\u00e9rio Marinho, a economia dever\u00e1 ficar acima de R$ 800 bilh\u00f5es. Saiba mais.","breadcrumb":{"@id":"https:\/\/www.suno.com.br\/noticias\/economia-reforma-previdencia-acima-r-800-bi-marinho\/#breadcrumb"},"inLanguage":"pt-BR","potentialAction":[{"@type":"ReadAction","target":["https:\/\/www.suno.com.br\/noticias\/economia-reforma-previdencia-acima-r-800-bi-marinho\/"]}]},{"@type":"ImageObject","inLanguage":"pt-BR","@id":"https:\/\/www.suno.com.br\/noticias\/economia-reforma-previdencia-acima-r-800-bi-marinho\/#primaryimage","url":"https:\/\/files.sunoresearch.com.br\/n\/uploads\/2019\/07\/07fe2b1c-rogerio-marinho-jpg.webp","contentUrl":"https:\/\/files.sunoresearch.com.br\/n\/uploads\/2019\/07\/07fe2b1c-rogerio-marinho-jpg.webp","width":1140,"height":760,"caption":"O secret\u00e1rio especial de Trabalho e Previd\u00eancia do Minist\u00e9rio da Economia, Rog\u00e9rio Marinho, participa de audi\u00eancia p\u00fablica na Comiss\u00e3o de Assuntos Sociais do Senado."},{"@type":"BreadcrumbList","@id":"https:\/\/www.suno.com.br\/noticias\/economia-reforma-previdencia-acima-r-800-bi-marinho\/#breadcrumb","itemListElement":[{"@type":"ListItem","position":1,"name":"Not\u00edcias","item":"https:\/\/www.suno.com.br\/noticias\/"},{"@type":"ListItem","position":2,"name":"Economia","item":"https:\/\/www.suno.com.br\/noticias\/economia\/"},{"@type":"ListItem","position":3,"name":"Economia com reforma da Previd\u00eancia ficar\u00e1 acima de R$ 933,5 bi, diz Marinho"}]},{"@type":"WebSite","@id":"https:\/\/www.suno.com.br\/noticias\/#website","url":"https:\/\/www.suno.com.br\/noticias\/","name":"Suno Not\u00edcias","description":"Seu portal de informa\u00e7\u00e3o sobre o mundo dos investimentos","publisher":{"@id":"https:\/\/www.suno.com.br\/noticias\/#organization"},"potentialAction":[{"@type":"SearchAction","target":{"@type":"EntryPoint","urlTemplate":"https:\/\/www.suno.com.br\/noticias\/?s={search_term_string}"},"query-input":{"@type":"PropertyValueSpecification","valueRequired":true,"valueName":"search_term_string"}}],"inLanguage":"pt-BR"},{"@type":"Organization","@id":"https:\/\/www.suno.com.br\/noticias\/#organization","name":"Suno Not\u00edcias","url":"https:\/\/www.suno.com.br\/noticias\/","logo":{"@type":"ImageObject","inLanguage":"pt-BR","@id":"https:\/\/www.suno.com.br\/noticias\/#\/schema\/logo\/image\/","url":"https:\/\/files.sunoresearch.com.br\/n\/uploads\/2021\/09\/suno-logo.png","contentUrl":"https:\/\/files.sunoresearch.com.br\/n\/uploads\/2021\/09\/suno-logo.png","width":180,"height":180,"caption":"Suno Not\u00edcias"},"image":{"@id":"https:\/\/www.suno.com.br\/noticias\/#\/schema\/logo\/image\/"},"sameAs":["https:\/\/facebook.com\/sunoresearch","https:\/\/x.com\/sunoresearch","https:\/\/www.instagram.com\/suno","https:\/\/www.linkedin.com\/company\/suno-research\/","https:\/\/www.youtube.com\/c\/sunoresearch"]},{"@type":"Person","@id":"https:\/\/www.suno.com.br\/noticias\/#\/schema\/person\/1db762f78ffd8919a648a63e425953e3","name":"Juliano Passaro","image":{"@type":"ImageObject","inLanguage":"pt-BR","@id":"https:\/\/www.suno.com.br\/noticias\/#\/schema\/person\/image\/","url":"https:\/\/secure.gravatar.com\/avatar\/743d4df28eebf6dcc46b4ad03c319e92?s=96&r=g","contentUrl":"https:\/\/secure.gravatar.com\/avatar\/743d4df28eebf6dcc46b4ad03c319e92?s=96&r=g","caption":"Juliano Passaro"},"description":"Juliano Passaro escreve sobre pol\u00edtica, economia e neg\u00f3cios para o portal da Suno Research. Antes da Suno, trabalhou no Portal da Band. \u00c9 formado em jornalismo pela Universidade Presbiteriana Mackenzie.","url":"https:\/\/www.suno.com.br\/noticias\/author\/juliano\/"}]}},"default_loop_html":"<div class=\"cardsPage__listCard__boxs\"><div class=\"cardsPage__listCard__boxs__img\"><a href=\"https:\/\/www.suno.com.br\/noticias\/economia-reforma-previdencia-acima-r-800-bi-marinho\/\"><img class=\"mask\" src=\"https:\/\/www.suno.com.br\/noticias\/wp-content\/themes\/suno\/resources\/images\/spotlight\/spotlight1img\/bg-mask.png\" alt=\"Image Mask\"\/><img src=\"https:\/\/files.sunoresearch.com.br\/n\/uploads\/2019\/07\/07fe2b1c-rogerio-marinho-400x200.webp\" alt=\"Economia com reforma da Previd\u00eancia ficar\u00e1 acima de R$ 933,5 bi, diz Marinho\"\/><\/a><span class=\"spotlightCategory\"><a href=\"https:\/\/www.suno.com.br\/noticias\/economia\/\">Economia<\/a><\/span><\/div><div class=\"cardsPage__listCard__boxs__content\"><a href=\"https:\/\/www.suno.com.br\/noticias\/economia-reforma-previdencia-acima-r-800-bi-marinho\/\"><h2 class=\"content__title\">Economia com reforma da Previd\u00eancia ficar\u00e1 acima de R$ 933,5 bi, diz Marinho<\/h2><\/a><div class=\"newsContent__article__meta\"><div class=\"newsContent__article__meta__authorBox\"><a href=\"https:\/\/www.suno.com.br\/noticias\/author\/juliano\/\" class=\"authorBox__avatar noMobi\"><img src=\"https:\/\/files.sunoresearch.com.br\/n\/uploads\/2019\/06\/7cc3efea-whatsapp-image-2019-07-18-at-21.59.33-e1563499821209-150x150.webp\" alt=\"Juliano Passaro\"><\/a><div class=\"authorBox__name\"><span>por\n\t\t\t<a href=\"https:\/\/www.suno.com.br\/noticias\/author\/juliano\/\"><span itemprop=\"author\">Juliano Passaro<\/span><\/a><\/span><time datetime=\"2019-07-18T14:49:18-03:00\" itemprop=\"datePublished\">18\/07\/2019 14:49<\/time><\/div><\/div><\/div><\/div><\/div>","single_layout":"posts","amp_enabled":true,"_links":{"self":[{"href":"https:\/\/www.suno.com.br\/noticias\/wp-json\/wp\/v2\/posts\/31407"}],"collection":[{"href":"https:\/\/www.suno.com.br\/noticias\/wp-json\/wp\/v2\/posts"}],"about":[{"href":"https:\/\/www.suno.com.br\/noticias\/wp-json\/wp\/v2\/types\/post"}],"author":[{"embeddable":true,"href":"https:\/\/www.suno.com.br\/noticias\/wp-json\/wp\/v2\/users\/19"}],"replies":[{"embeddable":true,"href":"https:\/\/www.suno.com.br\/noticias\/wp-json\/wp\/v2\/comments?post=31407"}],"version-history":[{"count":0,"href":"https:\/\/www.suno.com.br\/noticias\/wp-json\/wp\/v2\/posts\/31407\/revisions"}],"wp:featuredmedia":[{"embeddable":true,"href":"https:\/\/www.suno.com.br\/noticias\/wp-json\/wp\/v2\/media\/31408"}],"wp:attachment":[{"href":"https:\/\/www.suno.com.br\/noticias\/wp-json\/wp\/v2\/media?parent=31407"}],"wp:term":[{"taxonomy":"category","embeddable":true,"href":"https:\/\/www.suno.com.br\/noticias\/wp-json\/wp\/v2\/categories?post=31407"},{"taxonomy":"post_tag","embeddable":true,"href":"https:\/\/www.suno.com.br\/noticias\/wp-json\/wp\/v2\/tags?post=31407"},{"taxonomy":"suno_strategy","embeddable":true,"href":"https:\/\/www.suno.com.br\/noticias\/wp-json\/wp\/v2\/suno_strategy?post=31407"}],"curies":[{"name":"wp","href":"https:\/\/api.w.org\/{rel}","templated":true}]}}