{"id":313898,"date":"2022-10-31T10:55:41","date_gmt":"2022-10-31T13:55:41","guid":{"rendered":"https:\/\/www.suno.com.br\/noticias\/?p=313898"},"modified":"2022-10-31T10:55:41","modified_gmt":"2022-10-31T13:55:41","slug":"caminhoneiros-bloqueios-estradas-eleicoes","status":"publish","type":"post","link":"https:\/\/www.suno.com.br\/noticias\/caminhoneiros-bloqueios-estradas-eleicoes\/","title":{"rendered":"Caminhoneiros bloqueiam estradas em ao menos 11 estados ap\u00f3s elei\u00e7\u00f5es"},"content":{"rendered":"<p>Desde a noite de domingo (30), dia das elei\u00e7\u00f5es presidenciais,\u00a0<strong>caminhoneiros<\/strong> t\u00eam bloqueado estradas, conforme comunicado pela <a href=\"https:\/\/www.gov.br\/prf\/pt-br\">PRF (Pol\u00edcia Rodovi\u00e1ria Federal)<\/a>.<\/p><div class=\"videoFull \">\n\t\t\t<div class=\"videoWrapper yt-lazyload center\"\n\t\t\t\tdata-width=\"960\"\n\t\t\t\tdata-height=\"540\"\n\t\t\t\tdata-id=\"XIiDZdCeCVs\"\n\t\t\t\tdata-alt=\"V\u00eddeo do YouTube - clique para reproduzir\"\n\t\t\t\tdata-logo=\"3\"\n\t\t\t\tdata-imagequality=\"maxres\">\n\t\t\t<\/div>\n\t\t<\/div><script type=\"application\/ld+json\">{\"@context\":\"https:\/\/schema.org\",\"@type\":\"VideoObject\",\"name\":\"LULA \u00c9 ELEITO PRESIDENTE PARA 3\u00b0 MANDATO: Como o mercado vai reagir? | PETR4, BBAS3, SBSP3\",\"description\":\"\ud83d\udcda \ud83d\udcb8\ud83d\ude2e\u2600\ufe0f \ud835\uddd4 \ud835\uddd5\ud835\udddf\ud835\uddd4\ud835\uddd6\ud835\uddde \ud835\uddd9\ud835\udde5\ud835\udddc\ud835\uddd7\ud835\uddd4\ud835\uddec \ud835\uddf1\ud835\uddee \ud835\udde6\ud835\udde8\ud835\udde1\ud835\udde2 \ud835\uddf2\ud835\ude00\ud835\ude01\ud835\uddee\u0301 \ud835\uddf0\ud835\uddf5\ud835\uddf2\ud835\uddf4\ud835\uddee\ud835\uddfb\ud835\uddf1\ud835\uddfc! \ud835\uddd6\ud835\uddee\ud835\uddf1\ud835\uddee\ud835\ude00\ud835\ude01\ud835\uddff\ud835\uddf2-\ud835\ude00\ud835\uddf2 \ud835\uddf2 \ud835\uddff\ud835\uddf2\ud835\uddf0\ud835\uddf2\ud835\uddef\ud835\uddee \ud835\uddfc\ud835\ude00 \ud835\uddfa\ud835\uddee\ud835\uddf6\ud835\uddfc\ud835\uddff\ud835\uddf2\ud835\ude00 \ud835\uddf1\ud835\uddf2\ud835\ude00\ud835\uddf0\ud835\uddfc\ud835\uddfb\ud835\ude01\ud835\uddfc\ud835\ude00 \ud835\uddf2 \ud835\uddef\ud835\uddfc\u0302\ud835\uddfb\ud835\ude02\ud835\ude00 \ud835\uddf2\ud835\ude00\ud835\uddfd\ud835\uddf2\ud835\uddf0\ud835\uddf6\ud835\uddee\ud835\uddf6\ud835\ude00! #ASuaConquista \ud835\udc03\ud835\udc1e\ud835\udc2c\ud835\udc1c\ud835\udc2e\ud835\udc1b\ud835\udc2b\ud835\udc1a \ud835\udc28 \ud835\udc2c\ud835\udc1e\ud835\udc20\ud835\udc2b\ud835\udc1e\ud835\udc1d\ud835\udc28 \ud835\udc29\ud835\udc28\ud835\udc2b \ud835\udc2d\ud835\udc2b\u00e1\ud835\udc2c \ud835\udc1d\ud835\udc1a\ud835\udc2c \ud835\udc1c\ud835\udc1a\ud835\udc2b\ud835\udc2d\ud835\udc1e\ud835\udc22\ud835\udc2b\ud835\udc1a\ud835\udc2c \ud835\udc1d\ud835\udc28\ud835\udc2c \ud835\udc26\ud835\udc1a\ud835\udc22\ud835\udc28\ud835\udc2b\ud835\udc1e\ud835\udc2c \ud835\udc1a\ud835\udc27\ud835\udc1a\ud835\udc25\ud835\udc22\ud835\udc2c\ud835\udc2d\ud835\udc1a\ud835\udc2c \ud835\udc1d\ud835\udc28 \ud835\udc29\ud835\udc1a\u00ed\ud835\udc2c. \ud835\udc05\ud835\udc22\ud835\udc1c\ud835\udc28\ud835\udc2e \ud835\udc1c\ud835\udc2e\ud835\udc2b\ud835\udc22\ud835\udc28\ud835\udc2c\ud835\udc28? \ud835\udc00\ud835\udc1c\ud835\udc1e\ud835\udc2c\ud835\udc2c\ud835\udc1e \ud835\udc28 \ud835\udc25\ud835\udc22\ud835\udc27\ud835\udc24 \ud835\udc1e \ud835\udc2c\ud835\udc1a\ud835\udc22\ud835\udc1b\ud835\udc1a \ud835\udc1c\ud835\udc28\ud835\udc26\ud835\udc28 \ud835\udc1c\ud835\udc28\ud835\udc27\ud835\udc1c\ud835\udc28\ud835\udc2b\ud835\udc2b\ud835\udc1e\ud835\udc2b \ud835\udc1a \ud835\udc2e\ud835\udc26\ud835\udc1a \ud835\udc2f\ud835\udc1a\ud835\udc20\ud835\udc1a \ud835\udc29\ud835\udc1a\ud835\udc2b\ud835\udc1a \ud835\udc1a\ud835\udc2c\ud835\udc2c\ud835\udc22\ud835\udc2c\ud835\udc2d\ud835\udc22\ud835\udc2b \ud835\udc1a \ud835\udc2d\ud835\udc2b\ud835\udc1a\ud835\udc27\ud835\udc2c\ud835\udc26\ud835\udc22\ud835\udc2c\ud835\udc2c\u00e3\ud835\udc28 \ud835\udc1a\ud835\udc28 \ud835\udc2f\ud835\udc22\ud835\udc2f\ud835\udc28 \ud835\udc1d\ud835\udc22\ud835\udc2b\ud835\udc1e\ud835\udc2d\ud835\udc28 \ud835\udc1d\ud835\udc1a \ud835\udc2c\ud835\udc1e\ud835\udc1d\ud835\udc1e \ud835\udc1d\ud835\udc1a \ud835\udc12\ud835\udc2e\ud835\udc27\ud835\udc28. https:\/\/bit.ly\/3NfNeuD\u2026\",\"duration\":\"PT1H4M29S\",\"embedUrl\":\"https:\/\/www.youtube.com\/embed\/XIiDZdCeCVs\",\"regionsAllowed\":\"pt-BR\",\"interactionStatistic\":{\"@type\":\"InteractionCounter\",\"interactionType\":{\"@type\":\"WatchAction\"},\"userInteractionCount\":7229},\"thumbnailUrl\":\"https:\/\/i.ytimg.com\/vi\/XIiDZdCeCVs\/default.jpg\",\"uploadDate\":\"2022-10-31T13:13:42Z\"}<\/script>\n\n\t<p>\n\t\t<a href=\"https:\/\/lp2.suno.com.br\/cl\/black-friday-2025\/?utm_campaign=_SNCDF0E4858_\" target=\"_blank\" data-element=\"shortcode-suno-banner\" title=\"Banner SUNO, clique e saiba mais\">\n\t\t\t<picture>\n\t\t\t\t<source media=\"(max-width: 500px)\" srcset=\"https:\/\/files.sunoresearch.com.br\/n\/uploads\/2025\/10\/Artigos-e-Noticias-Banner-Home-artigos-01-Mobile_-400x300-1-png.webp\">\n\t\t\t\t<img class=\"newsContent__article__imgCapa newsContent__article__imgCapa--banner\"\n\t\t\t\t\tsrc=\"https:\/\/files.sunoresearch.com.br\/n\/uploads\/2025\/10\/Artigos-e-Noticias-Banner-Home-artigos-01-Desktop_-1420x240-1-png.webp\"\n\t\t\t\t\tdata-promo-id=\"311259\"\t\t\t\t\t\t\t\t\t\twidth='1420' height='240'\t\t\t\t\talt=\"https:\/\/files.sunoresearch.com.br\/n\/uploads\/2025\/10\/Artigos-e-Noticias-Banner-Home-artigos-01-Desktop_-1420x240-1-png.webp\"\n\t\t\t\t>\n\t\t\t<\/picture>\n\t\t<\/a>\n\t<\/p>\n\n\n<p>A PRF relata 11 estados e o Distrito Federal com <strong>bloqueio nas estradas por caminhoneiros<\/strong>. A pol\u00edcia, contudo, n\u00e3o detalha quantas paralisa\u00e7\u00f5es s\u00e3o em cada estado.<\/p>\n<p>Houve ou est\u00e3o em andamento protestos no Rio Grande do Sul, Santa Catarina, Paran\u00e1, Minas Gerais, S\u00e3o Paulo, Rio de Janeiro, Mato Grosso, Mato Grosso do Sul, Goi\u00e1s, Rond\u00f4nia, Par\u00e1 e no Distrito Federal.<\/p>\n<p>Em Santa Catarina, por exemplo, a administradora das rodovias tem feito atualiza\u00e7\u00f5es com sobre os <strong>bloqueios<\/strong> nas redes sociais. No Twitter, aponta mais de 14km de fila em algumas regi\u00f5es &#8220;devido \u00e0 manifesta\u00e7\u00e3o popular&#8221;.<\/p>\n<p><a href=\"https:\/\/twitter.com\/LogicaAuto\/status\/1586882685976330244\">V\u00eddeos que circulam na internet mostram pneus pegando fogo na via<\/a>. Em um deles, \u00e9 poss\u00edvel ouvir o hino nacional ao fundo.<\/p>\n<p>O deputado Nereu Crispim (PSD-RS), presidente da Frente Parlamentar Mista em Defesa dos Caminhoneiros Aut\u00f4nomos e Celetistas, disse em nota que a categoria n\u00e3o deve paralisar oficialmente.<\/p>\n<p>Segundo o parlamentar, o caminhoneiro &#8220;n\u00e3o participa e nem participar\u00e1 de nenhum movimento de paralisa\u00e7\u00e3o ou bloqueio de rodovias para protestar e questionar o resultado das elei\u00e7\u00f5es que elegeu o candidato Luiz In\u00e1cio Lula da Silva como novo Presidente do Brasil&#8221;.<\/p>\n<blockquote class=\"twitter-tweet\">\n<p dir=\"ltr\" lang=\"pt\">Caminhoneiros falando que s\u00f3 sair\u00e3o das estradas se as FFAA tomarem o pa\u00eds. Brasil parado. <a href=\"https:\/\/t.co\/hpJCRxRJKO\">pic.twitter.com\/hpJCRxRJKO<\/a><\/p>\n<p>\u2014 Fernanda \u2727*\u2022 \ud83e\udd86\ud83e\udd86 (@FernandaCid__) <a href=\"https:\/\/twitter.com\/FernandaCid__\/status\/1586882555097354242?ref_src=twsrc%5Etfw\">October 31, 2022<\/a><\/p><\/blockquote>\n<p><script async src=\"https:\/\/platform.twitter.com\/widgets.js\" charset=\"utf-8\"><\/script><\/p>\n<blockquote class=\"twitter-tweet\">\n<p dir=\"ltr\" lang=\"pt\">Caminhoneiros est\u00e3o provocando as FFAA para as ruas, em socorro do povo de bem! <a href=\"https:\/\/t.co\/NdVWbvM0gA\">pic.twitter.com\/NdVWbvM0gA<\/a><\/p>\n<p>\u2014 JORNAL BRASIL DE DIREITA (@JORNALBRASILDE1) <a href=\"https:\/\/twitter.com\/JORNALBRASILDE1\/status\/1586880587117248513?ref_src=twsrc%5Etfw\">October 31, 2022<\/a><\/p><\/blockquote>\n<p><script async src=\"https:\/\/platform.twitter.com\/widgets.js\" charset=\"utf-8\"><\/script><\/p>\n<blockquote class=\"twitter-tweet\">\n<p dir=\"ltr\" lang=\"pt\">Os caminhoneiros j\u00e1 come\u00e7aram a rebeli\u00e3o <a href=\"https:\/\/t.co\/Aa4yIp8TxZ\">pic.twitter.com\/Aa4yIp8TxZ<\/a><\/p>\n<p>\u2014 O Cand\u00e9 \ud83c\udde7\ud83c\uddf7\ud83c\udde7\ud83c\uddf7 (@LogicaAuto) <a href=\"https:\/\/twitter.com\/LogicaAuto\/status\/1586882685976330244?ref_src=twsrc%5Etfw\">October 31, 2022<\/a><\/p><\/blockquote>\n<p><script async src=\"https:\/\/platform.twitter.com\/widgets.js\" charset=\"utf-8\"><\/script><\/p>\n<blockquote class=\"twitter-tweet\">\n<p dir=\"ltr\" lang=\"pt\">Caminhoneiros se organizando pra fechar a Dutra sp.. <a href=\"https:\/\/t.co\/AXHMQtKkOh\">pic.twitter.com\/AXHMQtKkOh<\/a><\/p>\n<p>\u2014 Jo\u00e3o (@Joo17980656) <a href=\"https:\/\/twitter.com\/Joo17980656\/status\/1586895609688104960?ref_src=twsrc%5Etfw\">October 31, 2022<\/a><\/p><\/blockquote>\n<p><script async src=\"https:\/\/platform.twitter.com\/widgets.js\" charset=\"utf-8\"><\/script><\/p>\n<blockquote class=\"twitter-tweet\">\n<p dir=\"ltr\" lang=\"pt\">\ud83c\udde7\ud83c\uddf7\ud83d\ude9b\ud83d\ude9b\ud83d\ude9b\ud83e\udd9a<br \/>\nPav\u00e3o caminhoneiros. <a href=\"https:\/\/t.co\/ZPF8o86jGa\">pic.twitter.com\/ZPF8o86jGa<\/a><\/p>\n<p>\u2014 Pav\u00e3o Misterious \uea00\ud83c\udde7\ud83c\uddf7 (@pavao911) <a href=\"https:\/\/twitter.com\/pavao911\/status\/1587051515566592003?ref_src=twsrc%5Etfw\">October 31, 2022<\/a><\/p><\/blockquote>\n<p><script async src=\"https:\/\/platform.twitter.com\/widgets.js\" charset=\"utf-8\"><\/script><\/p>\n\t<p>\n\t\t<a href=\"https:\/\/lp.suno.com.br\/ebook-como-analisar-uma-acao\/\" target=\"_blank\" data-element=\"shortcode-suno-banner\" title=\"Banner SUNO, clique e saiba mais\">\n\t\t\t<picture>\n\t\t\t\t<source media=\"(max-width: 500px)\" srcset=\"https:\/\/files.sunoresearch.com.br\/n\/uploads\/2023\/12\/Ebook-Acoes-Mobile.jpg\">\n\t\t\t\t<img class=\"newsContent__article__imgCapa newsContent__article__imgCapa--banner\"\n\t\t\t\t\tsrc=\"https:\/\/files.sunoresearch.com.br\/n\/uploads\/2023\/12\/Ebook-Acoes-Desktop.webp\"\n\t\t\t\t\tdata-promo-id=\"311260\"\t\t\t\t\t\t\t\t\t\twidth='1420' height='286'\t\t\t\t\talt=\"https:\/\/files.sunoresearch.com.br\/n\/uploads\/2023\/12\/Ebook-Acoes-Desktop.webp\"\n\t\t\t\t>\n\t\t\t<\/picture>\n\t\t<\/a>\n\t<\/p>\n\n\n<h2>L\u00edderes de entidades de caminhoneiros negam &#8216;movimento organizado&#8217;<\/h2>\n<p>Outros l\u00edderes de entidades tamb\u00e9m apontam que as\u00a0<strong>manifesta\u00e7\u00f5es dos caminhoneiros\u00a0<\/strong>s\u00e3o espont\u00e2neas e n\u00e3o foram encabe\u00e7adas por associa\u00e7\u00f5es.<\/p>\n<p>\u00c0 Folha de S. Paulo, o diretor da <a href=\"https:\/\/www.suno.com.br\/noticias\/caminhoneiros-voucher-combustivel-desaforo\/\">CNTTL (Confedera\u00e7\u00e3o Nacional dos Trabalhadores em Transportes e Log\u00edstica)<\/a>, Carlos Alberto Litti Dahmer, disse que &#8220;A pauta que est\u00e1 sendo discutida agora n\u00e3o \u00e9 uma pauta dos trabalhadores do transporte, n\u00e3o \u00e9 uma pauta econ\u00f4mica. A pauta econ\u00f4mica que deve ser mantida e levada, independente do governo&#8221;.<\/p>\n<p>O Presidente da ANTB (Associa\u00e7\u00e3o Nacional de Transportes do Brasil), Jos\u00e9 Roberto Stringasci, por sua vez, disse que n\u00e3o se trata de um movimento organizado.<\/p>\n<p>&#8220;N\u00e3o necessariamente \u00e9 o caminheiro que est\u00e1 parando. Eles est\u00e3o parados por causa dos bloqueios. Existe alguns caminhoneiros que est\u00e3o apoiando. Mas n\u00e3o \u00e9 a categoria no geral que est\u00e1 fazendo. \u00c9 um ou outro motorista que est\u00e1 participando&#8221;, disse Stringasci, que \u00e9\u00a0vinculado aos <strong>caminhoneiros<\/strong>.<\/p>\n\t<p>\n\t\t<a href=\"https:\/\/lp.suno.com.br\/minicurso-investindo-fiis\/\" target=\"_blank\" data-element=\"shortcode-suno-banner\" title=\"Banner SUNO, clique e saiba mais\">\n\t\t\t<picture>\n\t\t\t\t<source media=\"(max-width: 500px)\" srcset=\"https:\/\/files.sunoresearch.com.br\/n\/uploads\/2023\/07\/400x300-Minicurso-FIIS.png\">\n\t\t\t\t<img class=\"newsContent__article__imgCapa newsContent__article__imgCapa--banner\"\n\t\t\t\t\tsrc=\"https:\/\/files.sunoresearch.com.br\/n\/uploads\/2023\/07\/1420x240-Minicurso-FIIS.png\"\n\t\t\t\t\tdata-promo-id=\"311935\"\t\t\t\t\t\t\t\t\t\twidth='1420' height='240'\t\t\t\t\talt=\"https:\/\/files.sunoresearch.com.br\/n\/uploads\/2023\/07\/1420x240-Minicurso-FIIS.png\"\n\t\t\t\t>\n\t\t\t<\/picture>\n\t\t<\/a>\n\t<\/p>\n\n\n","protected":false},"excerpt":{"rendered":"<p>Desde a noite de domingo (30), dia das elei\u00e7\u00f5es presidenciais,\u00a0caminhoneiros t\u00eam bloqueado estradas, conforme comunicado pela PRF (Pol\u00edcia Rodovi\u00e1ria Federal). A PRF relata 11 estados e o Distrito Federal com bloqueio nas estradas por caminhoneiros. A pol\u00edcia, contudo, n\u00e3o detalha quantas paralisa\u00e7\u00f5es s\u00e3o em cada estado. Houve ou est\u00e3o em andamento protestos no Rio Grande [&hellip;]<\/p>\n","protected":false},"author":73,"featured_media":313938,"comment_status":"closed","ping_status":"closed","sticky":false,"template":"","format":"standard","meta":[],"categories":[61],"tags":[697,833],"suno_strategy":[],"class_list":["post-313898","post","type-post","status-publish","format-standard","has-post-thumbnail","hentry","category-politica","tag-eleicoes","tag-greve-dos-caminhoneiros"],"yoast_head":"<!-- This site is optimized with the Yoast SEO plugin v24.4 - https:\/\/yoast.com\/wordpress\/plugins\/seo\/ -->\n<title>Caminhoneiros bloqueiam estradas em ao menos 11 estados<\/title>\n<meta name=\"description\" content=\"Levantamento da PRF n\u00e3o detalha bloqueios de caminhoneiros, mas administradoras de rodovias reportam filas acima de 10km. Confira!\" \/>\n<meta name=\"robots\" content=\"index, follow, max-snippet:-1, max-image-preview:large, max-video-preview:-1\" \/>\n<link rel=\"canonical\" href=\"https:\/\/www.suno.com.br\/noticias\/caminhoneiros-bloqueios-estradas-eleicoes\/\" \/>\n<meta property=\"og:locale\" content=\"pt_BR\" \/>\n<meta property=\"og:type\" content=\"article\" \/>\n<meta property=\"og:title\" content=\"Caminhoneiros bloqueiam estradas em ao menos 11 estados\" \/>\n<meta property=\"og:description\" content=\"Levantamento da PRF n\u00e3o detalha bloqueios de caminhoneiros, mas administradoras de rodovias reportam filas acima de 10km. Confira!\" \/>\n<meta property=\"og:url\" content=\"https:\/\/www.suno.com.br\/noticias\/caminhoneiros-bloqueios-estradas-eleicoes\/\" \/>\n<meta property=\"og:site_name\" content=\"Suno Not\u00edcias\" \/>\n<meta property=\"article:publisher\" content=\"https:\/\/facebook.com\/sunoresearch\" \/>\n<meta property=\"og:image\" content=\"https:\/\/files.sunoresearch.com.br\/n\/uploads\/2022\/10\/caminhoneiros1.jpg\" \/>\n\t<meta property=\"og:image:width\" content=\"1398\" \/>\n\t<meta property=\"og:image:height\" content=\"762\" \/>\n\t<meta property=\"og:image:type\" content=\"image\/jpeg\" \/>\n<meta name=\"author\" content=\"Eduardo Vargas\" \/>\n<meta name=\"twitter:card\" content=\"summary_large_image\" \/>\n<meta name=\"twitter:creator\" content=\"@sunoresearch\" \/>\n<meta name=\"twitter:site\" content=\"@sunoresearch\" \/>\n<meta name=\"twitter:label1\" content=\"Escrito por\" \/>\n\t<meta name=\"twitter:data1\" content=\"Eduardo Vargas\" \/>\n\t<meta name=\"twitter:label2\" content=\"Est. tempo de leitura\" \/>\n\t<meta name=\"twitter:data2\" content=\"2 minutos\" \/>\n<script type=\"application\/ld+json\" class=\"yoast-schema-graph\">{\"@context\":\"https:\/\/schema.org\",\"@graph\":[{\"@type\":\"NewsArticle\",\"@id\":\"https:\/\/www.suno.com.br\/noticias\/caminhoneiros-bloqueios-estradas-eleicoes\/#article\",\"isPartOf\":{\"@id\":\"https:\/\/www.suno.com.br\/noticias\/caminhoneiros-bloqueios-estradas-eleicoes\/\"},\"author\":{\"name\":\"Eduardo Vargas\",\"@id\":\"https:\/\/www.suno.com.br\/noticias\/#\/schema\/person\/7f4d362bf3518e76090143ae77bb49a5\"},\"headline\":\"Caminhoneiros bloqueiam estradas em ao menos 11 estados ap\u00f3s elei\u00e7\u00f5es\",\"datePublished\":\"2022-10-31T13:55:41+00:00\",\"mainEntityOfPage\":{\"@id\":\"https:\/\/www.suno.com.br\/noticias\/caminhoneiros-bloqueios-estradas-eleicoes\/\"},\"wordCount\":509,\"publisher\":{\"@id\":\"https:\/\/www.suno.com.br\/noticias\/#organization\"},\"image\":{\"@id\":\"https:\/\/www.suno.com.br\/noticias\/caminhoneiros-bloqueios-estradas-eleicoes\/#primaryimage\"},\"thumbnailUrl\":\"https:\/\/files.sunoresearch.com.br\/n\/uploads\/2022\/10\/caminhoneiros1.jpg\",\"keywords\":[\"Elei\u00e7\u00f5es\",\"greve dos caminhoneiros\"],\"articleSection\":[\"Pol\u00edtica\"],\"inLanguage\":\"pt-BR\"},{\"@type\":\"WebPage\",\"@id\":\"https:\/\/www.suno.com.br\/noticias\/caminhoneiros-bloqueios-estradas-eleicoes\/\",\"url\":\"https:\/\/www.suno.com.br\/noticias\/caminhoneiros-bloqueios-estradas-eleicoes\/\",\"name\":\"Caminhoneiros bloqueiam estradas em ao menos 11 estados\",\"isPartOf\":{\"@id\":\"https:\/\/www.suno.com.br\/noticias\/#website\"},\"primaryImageOfPage\":{\"@id\":\"https:\/\/www.suno.com.br\/noticias\/caminhoneiros-bloqueios-estradas-eleicoes\/#primaryimage\"},\"image\":{\"@id\":\"https:\/\/www.suno.com.br\/noticias\/caminhoneiros-bloqueios-estradas-eleicoes\/#primaryimage\"},\"thumbnailUrl\":\"https:\/\/files.sunoresearch.com.br\/n\/uploads\/2022\/10\/caminhoneiros1.jpg\",\"datePublished\":\"2022-10-31T13:55:41+00:00\",\"description\":\"Levantamento da PRF n\u00e3o detalha bloqueios de caminhoneiros, mas administradoras de rodovias reportam filas acima de 10km. Confira!\",\"breadcrumb\":{\"@id\":\"https:\/\/www.suno.com.br\/noticias\/caminhoneiros-bloqueios-estradas-eleicoes\/#breadcrumb\"},\"inLanguage\":\"pt-BR\",\"potentialAction\":[{\"@type\":\"ReadAction\",\"target\":[\"https:\/\/www.suno.com.br\/noticias\/caminhoneiros-bloqueios-estradas-eleicoes\/\"]}]},{\"@type\":\"ImageObject\",\"inLanguage\":\"pt-BR\",\"@id\":\"https:\/\/www.suno.com.br\/noticias\/caminhoneiros-bloqueios-estradas-eleicoes\/#primaryimage\",\"url\":\"https:\/\/files.sunoresearch.com.br\/n\/uploads\/2022\/10\/caminhoneiros1.jpg\",\"contentUrl\":\"https:\/\/files.sunoresearch.com.br\/n\/uploads\/2022\/10\/caminhoneiros1.jpg\",\"width\":1398,\"height\":762,\"caption\":\"PRF reporta paralisa\u00e7\u00f5es de caminhoneiros em mais de 11 estados - Foto: Reprodu\u00e7\u00e3o\/Twitter\"},{\"@type\":\"BreadcrumbList\",\"@id\":\"https:\/\/www.suno.com.br\/noticias\/caminhoneiros-bloqueios-estradas-eleicoes\/#breadcrumb\",\"itemListElement\":[{\"@type\":\"ListItem\",\"position\":1,\"name\":\"Not\u00edcias\",\"item\":\"https:\/\/www.suno.com.br\/noticias\/\"},{\"@type\":\"ListItem\",\"position\":2,\"name\":\"Pol\u00edtica\",\"item\":\"https:\/\/www.suno.com.br\/noticias\/politica\/\"},{\"@type\":\"ListItem\",\"position\":3,\"name\":\"Caminhoneiros bloqueiam estradas em ao menos 11 estados ap\u00f3s elei\u00e7\u00f5es\"}]},{\"@type\":\"WebSite\",\"@id\":\"https:\/\/www.suno.com.br\/noticias\/#website\",\"url\":\"https:\/\/www.suno.com.br\/noticias\/\",\"name\":\"Suno Not\u00edcias\",\"description\":\"Seu portal de informa\u00e7\u00e3o sobre o mundo dos investimentos\",\"publisher\":{\"@id\":\"https:\/\/www.suno.com.br\/noticias\/#organization\"},\"potentialAction\":[{\"@type\":\"SearchAction\",\"target\":{\"@type\":\"EntryPoint\",\"urlTemplate\":\"https:\/\/www.suno.com.br\/noticias\/?s={search_term_string}\"},\"query-input\":{\"@type\":\"PropertyValueSpecification\",\"valueRequired\":true,\"valueName\":\"search_term_string\"}}],\"inLanguage\":\"pt-BR\"},{\"@type\":\"Organization\",\"@id\":\"https:\/\/www.suno.com.br\/noticias\/#organization\",\"name\":\"Suno Not\u00edcias\",\"url\":\"https:\/\/www.suno.com.br\/noticias\/\",\"logo\":{\"@type\":\"ImageObject\",\"inLanguage\":\"pt-BR\",\"@id\":\"https:\/\/www.suno.com.br\/noticias\/#\/schema\/logo\/image\/\",\"url\":\"https:\/\/files.sunoresearch.com.br\/n\/uploads\/2021\/09\/suno-logo.png\",\"contentUrl\":\"https:\/\/files.sunoresearch.com.br\/n\/uploads\/2021\/09\/suno-logo.png\",\"width\":180,\"height\":180,\"caption\":\"Suno Not\u00edcias\"},\"image\":{\"@id\":\"https:\/\/www.suno.com.br\/noticias\/#\/schema\/logo\/image\/\"},\"sameAs\":[\"https:\/\/facebook.com\/sunoresearch\",\"https:\/\/x.com\/sunoresearch\",\"https:\/\/www.instagram.com\/suno\",\"https:\/\/www.linkedin.com\/company\/suno-research\/\",\"https:\/\/www.youtube.com\/c\/sunoresearch\"]},{\"@type\":\"Person\",\"@id\":\"https:\/\/www.suno.com.br\/noticias\/#\/schema\/person\/7f4d362bf3518e76090143ae77bb49a5\",\"name\":\"Eduardo Vargas\",\"image\":{\"@type\":\"ImageObject\",\"inLanguage\":\"pt-BR\",\"@id\":\"https:\/\/www.suno.com.br\/noticias\/#\/schema\/person\/image\/\",\"url\":\"https:\/\/secure.gravatar.com\/avatar\/dac340933427a22924c9f99d1eb2e3f2?s=96&r=g\",\"contentUrl\":\"https:\/\/secure.gravatar.com\/avatar\/dac340933427a22924c9f99d1eb2e3f2?s=96&r=g\",\"caption\":\"Eduardo Vargas\"},\"description\":\"Jornalista formado pela UFSC, cobre macroeconomia, neg\u00f3cios e startups para o Suno Not\u00edcias, escrevendo principalmente not\u00edcias sobre o mercado financeiro e a bolsa de valores. No YouTube e no Instagram, \u00e9 respons\u00e1vel pela produ\u00e7\u00e3o de Reels e Shorts do Suno Not\u00edcias. Anteriormente, trabalhou cobrindo economia e cotidiano no ND+ e para o ND, maior jornal impresso de Santa Catarina. Cursou um semestre letivo de Estudos de M\u00eddia na Universidad de Buenos Aires.\",\"url\":\"https:\/\/www.suno.com.br\/noticias\/author\/eduardo-vargas\/\"}]}<\/script>\n<!-- \/ Yoast SEO plugin. -->","yoast_head_json":{"title":"Caminhoneiros bloqueiam estradas em ao menos 11 estados","description":"Levantamento da PRF n\u00e3o detalha bloqueios de caminhoneiros, mas administradoras de rodovias reportam filas acima de 10km. Confira!","robots":{"index":"index","follow":"follow","max-snippet":"max-snippet:-1","max-image-preview":"max-image-preview:large","max-video-preview":"max-video-preview:-1"},"canonical":"https:\/\/www.suno.com.br\/noticias\/caminhoneiros-bloqueios-estradas-eleicoes\/","og_locale":"pt_BR","og_type":"article","og_title":"Caminhoneiros bloqueiam estradas em ao menos 11 estados","og_description":"Levantamento da PRF n\u00e3o detalha bloqueios de caminhoneiros, mas administradoras de rodovias reportam filas acima de 10km. Confira!","og_url":"https:\/\/www.suno.com.br\/noticias\/caminhoneiros-bloqueios-estradas-eleicoes\/","og_site_name":"Suno Not\u00edcias","article_publisher":"https:\/\/facebook.com\/sunoresearch","og_image":[{"width":1398,"height":762,"url":"https:\/\/files.sunoresearch.com.br\/n\/uploads\/2022\/10\/caminhoneiros1.jpg","type":"image\/jpeg"}],"author":"Eduardo Vargas","twitter_card":"summary_large_image","twitter_creator":"@sunoresearch","twitter_site":"@sunoresearch","twitter_misc":{"Escrito por":"Eduardo Vargas","Est. tempo de leitura":"2 minutos"},"schema":{"@context":"https:\/\/schema.org","@graph":[{"@type":"NewsArticle","@id":"https:\/\/www.suno.com.br\/noticias\/caminhoneiros-bloqueios-estradas-eleicoes\/#article","isPartOf":{"@id":"https:\/\/www.suno.com.br\/noticias\/caminhoneiros-bloqueios-estradas-eleicoes\/"},"author":{"name":"Eduardo Vargas","@id":"https:\/\/www.suno.com.br\/noticias\/#\/schema\/person\/7f4d362bf3518e76090143ae77bb49a5"},"headline":"Caminhoneiros bloqueiam estradas em ao menos 11 estados ap\u00f3s elei\u00e7\u00f5es","datePublished":"2022-10-31T13:55:41+00:00","mainEntityOfPage":{"@id":"https:\/\/www.suno.com.br\/noticias\/caminhoneiros-bloqueios-estradas-eleicoes\/"},"wordCount":509,"publisher":{"@id":"https:\/\/www.suno.com.br\/noticias\/#organization"},"image":{"@id":"https:\/\/www.suno.com.br\/noticias\/caminhoneiros-bloqueios-estradas-eleicoes\/#primaryimage"},"thumbnailUrl":"https:\/\/files.sunoresearch.com.br\/n\/uploads\/2022\/10\/caminhoneiros1.jpg","keywords":["Elei\u00e7\u00f5es","greve dos caminhoneiros"],"articleSection":["Pol\u00edtica"],"inLanguage":"pt-BR"},{"@type":"WebPage","@id":"https:\/\/www.suno.com.br\/noticias\/caminhoneiros-bloqueios-estradas-eleicoes\/","url":"https:\/\/www.suno.com.br\/noticias\/caminhoneiros-bloqueios-estradas-eleicoes\/","name":"Caminhoneiros bloqueiam estradas em ao menos 11 estados","isPartOf":{"@id":"https:\/\/www.suno.com.br\/noticias\/#website"},"primaryImageOfPage":{"@id":"https:\/\/www.suno.com.br\/noticias\/caminhoneiros-bloqueios-estradas-eleicoes\/#primaryimage"},"image":{"@id":"https:\/\/www.suno.com.br\/noticias\/caminhoneiros-bloqueios-estradas-eleicoes\/#primaryimage"},"thumbnailUrl":"https:\/\/files.sunoresearch.com.br\/n\/uploads\/2022\/10\/caminhoneiros1.jpg","datePublished":"2022-10-31T13:55:41+00:00","description":"Levantamento da PRF n\u00e3o detalha bloqueios de caminhoneiros, mas administradoras de rodovias reportam filas acima de 10km. Confira!","breadcrumb":{"@id":"https:\/\/www.suno.com.br\/noticias\/caminhoneiros-bloqueios-estradas-eleicoes\/#breadcrumb"},"inLanguage":"pt-BR","potentialAction":[{"@type":"ReadAction","target":["https:\/\/www.suno.com.br\/noticias\/caminhoneiros-bloqueios-estradas-eleicoes\/"]}]},{"@type":"ImageObject","inLanguage":"pt-BR","@id":"https:\/\/www.suno.com.br\/noticias\/caminhoneiros-bloqueios-estradas-eleicoes\/#primaryimage","url":"https:\/\/files.sunoresearch.com.br\/n\/uploads\/2022\/10\/caminhoneiros1.jpg","contentUrl":"https:\/\/files.sunoresearch.com.br\/n\/uploads\/2022\/10\/caminhoneiros1.jpg","width":1398,"height":762,"caption":"PRF reporta paralisa\u00e7\u00f5es de caminhoneiros em mais de 11 estados - Foto: Reprodu\u00e7\u00e3o\/Twitter"},{"@type":"BreadcrumbList","@id":"https:\/\/www.suno.com.br\/noticias\/caminhoneiros-bloqueios-estradas-eleicoes\/#breadcrumb","itemListElement":[{"@type":"ListItem","position":1,"name":"Not\u00edcias","item":"https:\/\/www.suno.com.br\/noticias\/"},{"@type":"ListItem","position":2,"name":"Pol\u00edtica","item":"https:\/\/www.suno.com.br\/noticias\/politica\/"},{"@type":"ListItem","position":3,"name":"Caminhoneiros bloqueiam estradas em ao menos 11 estados ap\u00f3s elei\u00e7\u00f5es"}]},{"@type":"WebSite","@id":"https:\/\/www.suno.com.br\/noticias\/#website","url":"https:\/\/www.suno.com.br\/noticias\/","name":"Suno Not\u00edcias","description":"Seu portal de informa\u00e7\u00e3o sobre o mundo dos investimentos","publisher":{"@id":"https:\/\/www.suno.com.br\/noticias\/#organization"},"potentialAction":[{"@type":"SearchAction","target":{"@type":"EntryPoint","urlTemplate":"https:\/\/www.suno.com.br\/noticias\/?s={search_term_string}"},"query-input":{"@type":"PropertyValueSpecification","valueRequired":true,"valueName":"search_term_string"}}],"inLanguage":"pt-BR"},{"@type":"Organization","@id":"https:\/\/www.suno.com.br\/noticias\/#organization","name":"Suno Not\u00edcias","url":"https:\/\/www.suno.com.br\/noticias\/","logo":{"@type":"ImageObject","inLanguage":"pt-BR","@id":"https:\/\/www.suno.com.br\/noticias\/#\/schema\/logo\/image\/","url":"https:\/\/files.sunoresearch.com.br\/n\/uploads\/2021\/09\/suno-logo.png","contentUrl":"https:\/\/files.sunoresearch.com.br\/n\/uploads\/2021\/09\/suno-logo.png","width":180,"height":180,"caption":"Suno Not\u00edcias"},"image":{"@id":"https:\/\/www.suno.com.br\/noticias\/#\/schema\/logo\/image\/"},"sameAs":["https:\/\/facebook.com\/sunoresearch","https:\/\/x.com\/sunoresearch","https:\/\/www.instagram.com\/suno","https:\/\/www.linkedin.com\/company\/suno-research\/","https:\/\/www.youtube.com\/c\/sunoresearch"]},{"@type":"Person","@id":"https:\/\/www.suno.com.br\/noticias\/#\/schema\/person\/7f4d362bf3518e76090143ae77bb49a5","name":"Eduardo Vargas","image":{"@type":"ImageObject","inLanguage":"pt-BR","@id":"https:\/\/www.suno.com.br\/noticias\/#\/schema\/person\/image\/","url":"https:\/\/secure.gravatar.com\/avatar\/dac340933427a22924c9f99d1eb2e3f2?s=96&r=g","contentUrl":"https:\/\/secure.gravatar.com\/avatar\/dac340933427a22924c9f99d1eb2e3f2?s=96&r=g","caption":"Eduardo Vargas"},"description":"Jornalista formado pela UFSC, cobre macroeconomia, neg\u00f3cios e startups para o Suno Not\u00edcias, escrevendo principalmente not\u00edcias sobre o mercado financeiro e a bolsa de valores. No YouTube e no Instagram, \u00e9 respons\u00e1vel pela produ\u00e7\u00e3o de Reels e Shorts do Suno Not\u00edcias. Anteriormente, trabalhou cobrindo economia e cotidiano no ND+ e para o ND, maior jornal impresso de Santa Catarina. Cursou um semestre letivo de Estudos de M\u00eddia na Universidad de Buenos Aires.","url":"https:\/\/www.suno.com.br\/noticias\/author\/eduardo-vargas\/"}]}},"default_loop_html":"<div class=\"cardsPage__listCard__boxs\"><div class=\"cardsPage__listCard__boxs__img\"><a href=\"https:\/\/www.suno.com.br\/noticias\/caminhoneiros-bloqueios-estradas-eleicoes\/\"><img class=\"mask\" src=\"https:\/\/www.suno.com.br\/noticias\/wp-content\/themes\/suno\/resources\/images\/spotlight\/spotlight1img\/bg-mask.png\" alt=\"Image Mask\"\/><img src=\"https:\/\/files.sunoresearch.com.br\/n\/uploads\/2022\/10\/caminhoneiros1-400x200.jpg\" alt=\"Caminhoneiros bloqueiam estradas em ao menos 11 estados ap\u00f3s elei\u00e7\u00f5es\"\/><\/a><span class=\"spotlightCategory\"><a href=\"https:\/\/www.suno.com.br\/noticias\/politica\/\">Pol\u00edtica<\/a><\/span><\/div><div class=\"cardsPage__listCard__boxs__content\"><a href=\"https:\/\/www.suno.com.br\/noticias\/caminhoneiros-bloqueios-estradas-eleicoes\/\"><h2 class=\"content__title\">Caminhoneiros bloqueiam estradas em ao menos 11 estados ap\u00f3s elei\u00e7\u00f5es<\/h2><\/a><div class=\"newsContent__article__meta\"><div class=\"newsContent__article__meta__authorBox\"><a href=\"https:\/\/www.suno.com.br\/noticias\/author\/eduardo-vargas\/\" class=\"authorBox__avatar noMobi\"><img src=\"https:\/\/secure.gravatar.com\/avatar\/dac340933427a22924c9f99d1eb2e3f2?s=96&#038;r=g\" alt=\"Eduardo Vargas\"><\/a><div class=\"authorBox__name\"><span>por\n\t\t\t<a href=\"https:\/\/www.suno.com.br\/noticias\/author\/eduardo-vargas\/\"><span itemprop=\"author\">Eduardo Vargas<\/span><\/a><\/span><time datetime=\"2022-10-31T10:55:41-03:00\" itemprop=\"datePublished\">31\/10\/2022 10:55<\/time><\/div><\/div><\/div><\/div><\/div>","single_layout":"posts","amp_enabled":true,"_links":{"self":[{"href":"https:\/\/www.suno.com.br\/noticias\/wp-json\/wp\/v2\/posts\/313898"}],"collection":[{"href":"https:\/\/www.suno.com.br\/noticias\/wp-json\/wp\/v2\/posts"}],"about":[{"href":"https:\/\/www.suno.com.br\/noticias\/wp-json\/wp\/v2\/types\/post"}],"author":[{"embeddable":true,"href":"https:\/\/www.suno.com.br\/noticias\/wp-json\/wp\/v2\/users\/73"}],"replies":[{"embeddable":true,"href":"https:\/\/www.suno.com.br\/noticias\/wp-json\/wp\/v2\/comments?post=313898"}],"version-history":[{"count":2,"href":"https:\/\/www.suno.com.br\/noticias\/wp-json\/wp\/v2\/posts\/313898\/revisions"}],"predecessor-version":[{"id":313941,"href":"https:\/\/www.suno.com.br\/noticias\/wp-json\/wp\/v2\/posts\/313898\/revisions\/313941"}],"wp:featuredmedia":[{"embeddable":true,"href":"https:\/\/www.suno.com.br\/noticias\/wp-json\/wp\/v2\/media\/313938"}],"wp:attachment":[{"href":"https:\/\/www.suno.com.br\/noticias\/wp-json\/wp\/v2\/media?parent=313898"}],"wp:term":[{"taxonomy":"category","embeddable":true,"href":"https:\/\/www.suno.com.br\/noticias\/wp-json\/wp\/v2\/categories?post=313898"},{"taxonomy":"post_tag","embeddable":true,"href":"https:\/\/www.suno.com.br\/noticias\/wp-json\/wp\/v2\/tags?post=313898"},{"taxonomy":"suno_strategy","embeddable":true,"href":"https:\/\/www.suno.com.br\/noticias\/wp-json\/wp\/v2\/suno_strategy?post=313898"}],"curies":[{"name":"wp","href":"https:\/\/api.w.org\/{rel}","templated":true}]}}