{"id":313869,"date":"2022-10-31T11:32:40","date_gmt":"2022-10-31T14:32:40","guid":{"rendered":"https:\/\/www.suno.com.br\/noticias\/?p=313869"},"modified":"2022-10-31T11:32:40","modified_gmt":"2022-10-31T14:32:40","slug":"empresarios-vitoria-lula-pt-eleicoes","status":"publish","type":"post","link":"https:\/\/www.suno.com.br\/noticias\/empresarios-vitoria-lula-pt-eleicoes\/","title":{"rendered":"Veja como empres\u00e1rios repercutiram vit\u00f3ria de Lula (PT) na presid\u00eancia"},"content":{"rendered":"<p>Ap\u00f3s uma vit\u00f3ria de Lula (PT) no segundo turno das elei\u00e7\u00f5es de 2022, <strong>empres\u00e1rios<\/strong> divergem sobre o cen\u00e1rio, mas adotam um tom relativamente otimista.<\/p><div class=\"videoFull \">\n\t\t\t<div class=\"videoWrapper yt-lazyload center\"\n\t\t\t\tdata-width=\"960\"\n\t\t\t\tdata-height=\"540\"\n\t\t\t\tdata-id=\"XIiDZdCeCVs\"\n\t\t\t\tdata-alt=\"V\u00eddeo do YouTube - clique para reproduzir\"\n\t\t\t\tdata-logo=\"3\"\n\t\t\t\tdata-imagequality=\"maxres\">\n\t\t\t<\/div>\n\t\t<\/div><script type=\"application\/ld+json\">{\"@context\":\"https:\/\/schema.org\",\"@type\":\"VideoObject\",\"name\":\"LULA \u00c9 ELEITO PRESIDENTE PARA 3\u00b0 MANDATO: Como o mercado vai reagir? | PETR4, BBAS3, SBSP3\",\"description\":\"\ud83d\udcda \ud83d\udcb8\ud83d\ude2e\u2600\ufe0f \ud835\uddd4 \ud835\uddd5\ud835\udddf\ud835\uddd4\ud835\uddd6\ud835\uddde \ud835\uddd9\ud835\udde5\ud835\udddc\ud835\uddd7\ud835\uddd4\ud835\uddec \ud835\uddf1\ud835\uddee \ud835\udde6\ud835\udde8\ud835\udde1\ud835\udde2 \ud835\uddf2\ud835\ude00\ud835\ude01\ud835\uddee\u0301 \ud835\uddf0\ud835\uddf5\ud835\uddf2\ud835\uddf4\ud835\uddee\ud835\uddfb\ud835\uddf1\ud835\uddfc! \ud835\uddd6\ud835\uddee\ud835\uddf1\ud835\uddee\ud835\ude00\ud835\ude01\ud835\uddff\ud835\uddf2-\ud835\ude00\ud835\uddf2 \ud835\uddf2 \ud835\uddff\ud835\uddf2\ud835\uddf0\ud835\uddf2\ud835\uddef\ud835\uddee \ud835\uddfc\ud835\ude00 \ud835\uddfa\ud835\uddee\ud835\uddf6\ud835\uddfc\ud835\uddff\ud835\uddf2\ud835\ude00 \ud835\uddf1\ud835\uddf2\ud835\ude00\ud835\uddf0\ud835\uddfc\ud835\uddfb\ud835\ude01\ud835\uddfc\ud835\ude00 \ud835\uddf2 \ud835\uddef\ud835\uddfc\u0302\ud835\uddfb\ud835\ude02\ud835\ude00 \ud835\uddf2\ud835\ude00\ud835\uddfd\ud835\uddf2\ud835\uddf0\ud835\uddf6\ud835\uddee\ud835\uddf6\ud835\ude00! #ASuaConquista \ud835\udc03\ud835\udc1e\ud835\udc2c\ud835\udc1c\ud835\udc2e\ud835\udc1b\ud835\udc2b\ud835\udc1a \ud835\udc28 \ud835\udc2c\ud835\udc1e\ud835\udc20\ud835\udc2b\ud835\udc1e\ud835\udc1d\ud835\udc28 \ud835\udc29\ud835\udc28\ud835\udc2b \ud835\udc2d\ud835\udc2b\u00e1\ud835\udc2c \ud835\udc1d\ud835\udc1a\ud835\udc2c \ud835\udc1c\ud835\udc1a\ud835\udc2b\ud835\udc2d\ud835\udc1e\ud835\udc22\ud835\udc2b\ud835\udc1a\ud835\udc2c \ud835\udc1d\ud835\udc28\ud835\udc2c \ud835\udc26\ud835\udc1a\ud835\udc22\ud835\udc28\ud835\udc2b\ud835\udc1e\ud835\udc2c \ud835\udc1a\ud835\udc27\ud835\udc1a\ud835\udc25\ud835\udc22\ud835\udc2c\ud835\udc2d\ud835\udc1a\ud835\udc2c \ud835\udc1d\ud835\udc28 \ud835\udc29\ud835\udc1a\u00ed\ud835\udc2c. \ud835\udc05\ud835\udc22\ud835\udc1c\ud835\udc28\ud835\udc2e \ud835\udc1c\ud835\udc2e\ud835\udc2b\ud835\udc22\ud835\udc28\ud835\udc2c\ud835\udc28? \ud835\udc00\ud835\udc1c\ud835\udc1e\ud835\udc2c\ud835\udc2c\ud835\udc1e \ud835\udc28 \ud835\udc25\ud835\udc22\ud835\udc27\ud835\udc24 \ud835\udc1e \ud835\udc2c\ud835\udc1a\ud835\udc22\ud835\udc1b\ud835\udc1a \ud835\udc1c\ud835\udc28\ud835\udc26\ud835\udc28 \ud835\udc1c\ud835\udc28\ud835\udc27\ud835\udc1c\ud835\udc28\ud835\udc2b\ud835\udc2b\ud835\udc1e\ud835\udc2b \ud835\udc1a \ud835\udc2e\ud835\udc26\ud835\udc1a \ud835\udc2f\ud835\udc1a\ud835\udc20\ud835\udc1a \ud835\udc29\ud835\udc1a\ud835\udc2b\ud835\udc1a \ud835\udc1a\ud835\udc2c\ud835\udc2c\ud835\udc22\ud835\udc2c\ud835\udc2d\ud835\udc22\ud835\udc2b \ud835\udc1a \ud835\udc2d\ud835\udc2b\ud835\udc1a\ud835\udc27\ud835\udc2c\ud835\udc26\ud835\udc22\ud835\udc2c\ud835\udc2c\u00e3\ud835\udc28 \ud835\udc1a\ud835\udc28 \ud835\udc2f\ud835\udc22\ud835\udc2f\ud835\udc28 \ud835\udc1d\ud835\udc22\ud835\udc2b\ud835\udc1e\ud835\udc2d\ud835\udc28 \ud835\udc1d\ud835\udc1a \ud835\udc2c\ud835\udc1e\ud835\udc1d\ud835\udc1e \ud835\udc1d\ud835\udc1a \ud835\udc12\ud835\udc2e\ud835\udc27\ud835\udc28. https:\/\/bit.ly\/3NfNeuD\u2026\",\"duration\":\"PT1H4M29S\",\"embedUrl\":\"https:\/\/www.youtube.com\/embed\/XIiDZdCeCVs\",\"regionsAllowed\":\"pt-BR\",\"interactionStatistic\":{\"@type\":\"InteractionCounter\",\"interactionType\":{\"@type\":\"WatchAction\"},\"userInteractionCount\":7229},\"thumbnailUrl\":\"https:\/\/i.ytimg.com\/vi\/XIiDZdCeCVs\/default.jpg\",\"uploadDate\":\"2022-10-31T13:13:42Z\"}<\/script>\n\n\t<p>\n\t\t<a href=\"https:\/\/lp2.suno.com.br\/cl\/black-friday-2025\/?utm_campaign=_SNCDF0E4858_\" target=\"_blank\" data-element=\"shortcode-suno-banner\" title=\"Banner SUNO, clique e saiba mais\">\n\t\t\t<picture>\n\t\t\t\t<source media=\"(max-width: 500px)\" srcset=\"https:\/\/files.sunoresearch.com.br\/n\/uploads\/2025\/10\/Artigos-e-Noticias-Banner-Home-artigos-01-Mobile_-400x300-1-png.webp\">\n\t\t\t\t<img class=\"newsContent__article__imgCapa newsContent__article__imgCapa--banner\"\n\t\t\t\t\tsrc=\"https:\/\/files.sunoresearch.com.br\/n\/uploads\/2025\/10\/Artigos-e-Noticias-Banner-Home-artigos-01-Desktop_-1420x240-1-png.webp\"\n\t\t\t\t\tdata-promo-id=\"311259\"\t\t\t\t\t\t\t\t\t\twidth='1420' height='240'\t\t\t\t\talt=\"https:\/\/files.sunoresearch.com.br\/n\/uploads\/2025\/10\/Artigos-e-Noticias-Banner-Home-artigos-01-Desktop_-1420x240-1-png.webp\"\n\t\t\t\t>\n\t\t\t<\/picture>\n\t\t<\/a>\n\t<\/p>\n\n\n<p>Alguns empres\u00e1rios, <strong>que j\u00e1 apoiavam Lula<\/strong> previamente, reiteraram seu otimismo.\u00a0&#8220;O Lula fez um \u00f3timo discurso, de acolhimento, de abertura, de reinser\u00e7\u00e3o do Brasil na agenda mundial, tamb\u00e9m do ponto de vista ambiental&#8221;, disse \u00e0 Folha de S. Paulo o empres\u00e1rio Fabio Barbosa, presidente da multinacional brasileira <a href=\"https:\/\/www.suno.com.br\/acoes\/ntco3\/\">Natura&amp;Co (NTCO3)<\/a>.<\/p>\n<p>Semanas antes, j\u00e1 havia declarado o seu voto no petista no segundo turno. No primeiro, havia votado na senadora Simone Tebet (MDB).<\/p>\n<p>A <a href=\"https:\/\/www.febraban.org.br\/\">Federa\u00e7\u00e3o Brasileira de Bancos (FEBRABAN)<\/a> fez um aceno institucional e &#8216;saudou o processo democr\u00e1tico brasileiro com a conclus\u00e3o de mais um ciclo eleitoral&#8217;.<\/p>\n<p>&#8220;O setor banc\u00e1rio, que tradicionalmente se posiciona com pautas voltadas para o desenvolvimento do pa\u00eds, est\u00e1 \u00e0 disposi\u00e7\u00e3o para colaborar com o novo governo&#8221;, disse a federa\u00e7\u00e3o.<\/p>\n<p>&#8220;Ao longo dos \u00faltimos meses, a FEBRABAN promoveu e participou de encontros com candidatos e suas equipes, expondo temas importantes para o crescimento sustent\u00e1vel da economia, maior justi\u00e7a social e a melhoria do ambiente de neg\u00f3cios.\u00a0Entre os temas discutidos, tratamos de controle da infla\u00e7\u00e3o, responsabilidade fiscal, manuten\u00e7\u00e3o da autonomia do Banco Central, prioriza\u00e7\u00e3o das reformas tribut\u00e1ria e administrativa, atra\u00e7\u00e3o de investimentos e medidas voltadas \u00e0 redu\u00e7\u00e3o do custo de cr\u00e9dito para os consumidores&#8221;, seguiu.<\/p>\n<p>Sendo o maior doador da campanha eleitoral, com R$ 8,9 milh\u00f5es &#8211; distribu\u00eddos entre PL, PT, Republicanos, PP, PSD, MDB e outros &#8211; Rubens Ometto, da <a class=\"suno-keyword\" href=\"https:\/\/www.suno.com.br\/acoes\/CSAN3\/\" target=\"_blank\" rel=\"noopener\" data-force=\"yes\" data-priority=\"2\">Cosan (CSAN3)<\/a>, espera que Lula &#8216;alinhe rapidamente&#8217; uma equipe econ\u00f4mica.<\/p>\n<p>Nas cifras doadas, a maior parte ficou com o Republicanos, de Tarc\u00edsio &#8211; que foi eleito governador de S\u00e3o Paulo no pleito de ontem.<\/p>\n<p>Ricardo Lacerda, do BR Partners, disse ao Valor que &#8216;nenhum dos cen\u00e1rios desastrosos temidos por analistas se materializou&#8217;.<\/p>\n<p>&#8220;Isso mostra o amadurecimento das nossas institui\u00e7\u00f5es. N\u00e3o h\u00e1 qualquer espa\u00e7o para questionamento ou terceiro turno&#8221;, disse. Ele era filiado ao novo e, na ocasi\u00e3o do segundo turno, declarou voto em Bolsonaro (PL).<\/p>\n\t<p>\n\t\t<a href=\"https:\/\/lp.suno.com.br\/ebook-como-analisar-uma-acao\/\" target=\"_blank\" data-element=\"shortcode-suno-banner\" title=\"Banner SUNO, clique e saiba mais\">\n\t\t\t<picture>\n\t\t\t\t<source media=\"(max-width: 500px)\" srcset=\"https:\/\/files.sunoresearch.com.br\/n\/uploads\/2023\/12\/Ebook-Acoes-Mobile.jpg\">\n\t\t\t\t<img class=\"newsContent__article__imgCapa newsContent__article__imgCapa--banner\"\n\t\t\t\t\tsrc=\"https:\/\/files.sunoresearch.com.br\/n\/uploads\/2023\/12\/Ebook-Acoes-Desktop.webp\"\n\t\t\t\t\tdata-promo-id=\"311260\"\t\t\t\t\t\t\t\t\t\twidth='1420' height='286'\t\t\t\t\talt=\"https:\/\/files.sunoresearch.com.br\/n\/uploads\/2023\/12\/Ebook-Acoes-Desktop.webp\"\n\t\t\t\t>\n\t\t\t<\/picture>\n\t\t<\/a>\n\t<\/p>\n\n\n<p>Roberto Klabin, da <a class=\"suno-keyword\" href=\"https:\/\/www.suno.com.br\/acoes\/KLBN11\/\" target=\"_blank\" rel=\"noopener\" data-force=\"yes\" data-priority=\"2\">Klabin (KLBN11)<\/a>, disse que &#8216;foi importante Lula n\u00e3o ter vencido no primeiro turno&#8217;. Ele havia declarado voto em Tebet no primeiro turno e disse que &#8216;foi a primeira vez votou em Lula e no PT&#8217; nestas elei\u00e7\u00f5es.<\/p>\n<p>&#8220;Votei para garantir que o Brasil continue sendo uma democracia e consiga reverter a devasta\u00e7\u00e3o do meio ambiente&#8221;, afirma.<\/p>\n<p>Em elei\u00e7\u00f5es anteriores, o empres\u00e1rio vinculado \u00e0 Klabin o PSDB, antigo partido do vice de Lula, Geraldo Alckmin.<\/p>\n<h2>Empres\u00e1rios ainda esperam nomes da equipe econ\u00f4mica<\/h2>\n<p>Sendo palco de uma apresenta\u00e7\u00e3o de diretrizes, a Federa\u00e7\u00e3o das Ind\u00fastrias de S\u00e3o Paulo (FIESP) ainda n\u00e3o emitiu um posicionamento oficial. Um ex-presidente, contudo, disse \u00e0 Folha que o desafio de Lula \u00e9 de &#8220;reposicionar seu projeto ainda t\u00e3o vago&#8221;.<\/p>\n<p>Hor\u00e1cio Lafer Piva, que comandou a <strong>FIESP<\/strong> de 1998 at\u00e9 2004, disse que espera &#8216;um crescimento sustent\u00e1vel&#8217; do Brasil.\u00a0&#8220;Temos um pa\u00eds rachado. Desafios na economia, mas enormes na pacifica\u00e7\u00e3o, em um novo pa\u00eds que jogue junto para ganhar e n\u00e3o dividir para perder&#8221;.<\/p>\n<p><a class=\"suno-keyword\" href=\"https:\/\/www.suno.com.br\/tudo-sobre\/luiz-fernando-figueiredo\/\" target=\"_blank\" rel=\"noopener\" data-force=\"no\" data-priority=\"2\">Luiz Fernando Figueiredo<\/a>, presidente do conselho da Jive\/Mau\u00e1 e ex-diretor do Banco Central, disse que &#8216;h\u00e1 uma incerteza no ar&#8217;.<\/p>\n<p>&#8220;Vamos ver se, nos pr\u00f3ximos dias, essa incerteza diminui. O grande problema \u00e9 que n\u00f3s temos uma vulnerabilidade, porque temos uma d\u00edvida muito grande. N\u00e3o d\u00e1 para brincar com isso. Essa \u00e9 a grande preocupa\u00e7\u00e3o. Foram feitas muitas promessas dos dois lados. At\u00e9 se imagina algum gasto adicional no ano que vem, mas o importante \u00e9 entender qual arcabou\u00e7o vir\u00e1 daqui para a frente&#8221;.<\/p>\n<p>Com a vit\u00f3ria do ex-presidente\u00a0<a href=\"https:\/\/tudo-sobre.estadao.com.br\/lula\" target=\"_blank\" rel=\"noopener\"><strong>Lula<\/strong><\/a>, o\u00a0<a href=\"https:\/\/tudo-sobre.estadao.com.br\/mercado-financeiro\" target=\"_blank\" rel=\"noopener\"><strong>mercado financeiro<\/strong><\/a>\u00a0agora espera a indica\u00e7\u00e3o da pessoa que ser\u00e1 respons\u00e1vel por comandar a economia a partir de 2023.<\/p>\n<p>\u201cO ideal \u00e9 que um an\u00fancio seja dado no <a class=\"suno-keyword\" href=\"https:\/\/www.suno.com.br\/artigos\/curto-prazo\/\" target=\"_blank\" rel=\"noopener\" data-force=\"no\" data-priority=\"1\">curto prazo<\/a>, para que a incerteza seja resolvida o quanto antes e para que o mercado possa tomar decis\u00f5es com base em um cen\u00e1rio mais definido\u201d, diz o economista\u00a0<strong>Silvio Campos Neto<\/strong>, s\u00f3cio da\u00a0<strong>Tend\u00eancias Consultoria<\/strong>.<\/p>\n\t<p>\n\t\t<a href=\"https:\/\/lp.suno.com.br\/minicurso-investindo-fiis\/\" target=\"_blank\" data-element=\"shortcode-suno-banner\" title=\"Banner SUNO, clique e saiba mais\">\n\t\t\t<picture>\n\t\t\t\t<source media=\"(max-width: 500px)\" srcset=\"https:\/\/files.sunoresearch.com.br\/n\/uploads\/2023\/07\/400x300-Minicurso-FIIS.png\">\n\t\t\t\t<img class=\"newsContent__article__imgCapa newsContent__article__imgCapa--banner\"\n\t\t\t\t\tsrc=\"https:\/\/files.sunoresearch.com.br\/n\/uploads\/2023\/07\/1420x240-Minicurso-FIIS.png\"\n\t\t\t\t\tdata-promo-id=\"311935\"\t\t\t\t\t\t\t\t\t\twidth='1420' height='240'\t\t\t\t\talt=\"https:\/\/files.sunoresearch.com.br\/n\/uploads\/2023\/07\/1420x240-Minicurso-FIIS.png\"\n\t\t\t\t>\n\t\t\t<\/picture>\n\t\t<\/a>\n\t<\/p>\n\n\n","protected":false},"excerpt":{"rendered":"<p>Ap\u00f3s uma vit\u00f3ria de Lula (PT) no segundo turno das elei\u00e7\u00f5es de 2022, empres\u00e1rios divergem sobre o cen\u00e1rio, mas adotam um tom relativamente otimista. Alguns empres\u00e1rios, que j\u00e1 apoiavam Lula previamente, reiteraram seu otimismo.\u00a0&#8220;O Lula fez um \u00f3timo discurso, de acolhimento, de abertura, de reinser\u00e7\u00e3o do Brasil na agenda mundial, tamb\u00e9m do ponto de vista [&hellip;]<\/p>\n","protected":false},"author":73,"featured_media":313819,"comment_status":"closed","ping_status":"closed","sticky":false,"template":"","format":"standard","meta":[],"categories":[61],"tags":[697,709],"suno_strategy":[],"class_list":["post-313869","post","type-post","status-publish","format-standard","has-post-thumbnail","hentry","category-politica","tag-eleicoes","tag-lula"],"yoast_head":"<!-- This site is optimized with the Yoast SEO plugin v24.4 - https:\/\/yoast.com\/wordpress\/plugins\/seo\/ -->\n<title>Veja como empres\u00e1rios repercutiram vit\u00f3ria de Lula (PT) na presid\u00eancia<\/title>\n<meta name=\"description\" content=\"Empres\u00e1rios ainda aguardam nomes da equipe econ\u00f4mica para maiores posicionamentos, mas sa\u00fadam Lula como presidente. Confira!\" \/>\n<meta name=\"robots\" content=\"index, follow, max-snippet:-1, max-image-preview:large, max-video-preview:-1\" \/>\n<link rel=\"canonical\" href=\"https:\/\/www.suno.com.br\/noticias\/empresarios-vitoria-lula-pt-eleicoes\/\" \/>\n<meta property=\"og:locale\" content=\"pt_BR\" \/>\n<meta property=\"og:type\" content=\"article\" \/>\n<meta property=\"og:title\" content=\"Veja como empres\u00e1rios repercutiram vit\u00f3ria de Lula (PT) na presid\u00eancia\" \/>\n<meta property=\"og:description\" content=\"Empres\u00e1rios ainda aguardam nomes da equipe econ\u00f4mica para maiores posicionamentos, mas sa\u00fadam Lula como presidente. Confira!\" \/>\n<meta property=\"og:url\" content=\"https:\/\/www.suno.com.br\/noticias\/empresarios-vitoria-lula-pt-eleicoes\/\" \/>\n<meta property=\"og:site_name\" content=\"Suno Not\u00edcias\" \/>\n<meta property=\"article:publisher\" content=\"https:\/\/facebook.com\/sunoresearch\" \/>\n<meta property=\"og:image\" content=\"https:\/\/files.sunoresearch.com.br\/n\/uploads\/2022\/10\/Lula-apos-discurso-scaled.jpg\" \/>\n\t<meta property=\"og:image:width\" content=\"2560\" \/>\n\t<meta property=\"og:image:height\" content=\"1707\" \/>\n\t<meta property=\"og:image:type\" content=\"image\/jpeg\" \/>\n<meta name=\"author\" content=\"Eduardo Vargas\" \/>\n<meta name=\"twitter:card\" content=\"summary_large_image\" \/>\n<meta name=\"twitter:creator\" content=\"@sunoresearch\" \/>\n<meta name=\"twitter:site\" content=\"@sunoresearch\" \/>\n<meta name=\"twitter:label1\" content=\"Escrito por\" \/>\n\t<meta name=\"twitter:data1\" content=\"Eduardo Vargas\" \/>\n\t<meta name=\"twitter:label2\" content=\"Est. tempo de leitura\" \/>\n\t<meta name=\"twitter:data2\" content=\"4 minutos\" \/>\n<script type=\"application\/ld+json\" class=\"yoast-schema-graph\">{\"@context\":\"https:\/\/schema.org\",\"@graph\":[{\"@type\":\"NewsArticle\",\"@id\":\"https:\/\/www.suno.com.br\/noticias\/empresarios-vitoria-lula-pt-eleicoes\/#article\",\"isPartOf\":{\"@id\":\"https:\/\/www.suno.com.br\/noticias\/empresarios-vitoria-lula-pt-eleicoes\/\"},\"author\":{\"name\":\"Eduardo Vargas\",\"@id\":\"https:\/\/www.suno.com.br\/noticias\/#\/schema\/person\/7f4d362bf3518e76090143ae77bb49a5\"},\"headline\":\"Veja como empres\u00e1rios repercutiram vit\u00f3ria de Lula (PT) na presid\u00eancia\",\"datePublished\":\"2022-10-31T14:32:40+00:00\",\"mainEntityOfPage\":{\"@id\":\"https:\/\/www.suno.com.br\/noticias\/empresarios-vitoria-lula-pt-eleicoes\/\"},\"wordCount\":734,\"publisher\":{\"@id\":\"https:\/\/www.suno.com.br\/noticias\/#organization\"},\"image\":{\"@id\":\"https:\/\/www.suno.com.br\/noticias\/empresarios-vitoria-lula-pt-eleicoes\/#primaryimage\"},\"thumbnailUrl\":\"https:\/\/files.sunoresearch.com.br\/n\/uploads\/2022\/10\/Lula-apos-discurso-scaled.jpg\",\"keywords\":[\"Elei\u00e7\u00f5es\",\"Lula\"],\"articleSection\":[\"Pol\u00edtica\"],\"inLanguage\":\"pt-BR\"},{\"@type\":\"WebPage\",\"@id\":\"https:\/\/www.suno.com.br\/noticias\/empresarios-vitoria-lula-pt-eleicoes\/\",\"url\":\"https:\/\/www.suno.com.br\/noticias\/empresarios-vitoria-lula-pt-eleicoes\/\",\"name\":\"Veja como empres\u00e1rios repercutiram vit\u00f3ria de Lula (PT) na presid\u00eancia\",\"isPartOf\":{\"@id\":\"https:\/\/www.suno.com.br\/noticias\/#website\"},\"primaryImageOfPage\":{\"@id\":\"https:\/\/www.suno.com.br\/noticias\/empresarios-vitoria-lula-pt-eleicoes\/#primaryimage\"},\"image\":{\"@id\":\"https:\/\/www.suno.com.br\/noticias\/empresarios-vitoria-lula-pt-eleicoes\/#primaryimage\"},\"thumbnailUrl\":\"https:\/\/files.sunoresearch.com.br\/n\/uploads\/2022\/10\/Lula-apos-discurso-scaled.jpg\",\"datePublished\":\"2022-10-31T14:32:40+00:00\",\"description\":\"Empres\u00e1rios ainda aguardam nomes da equipe econ\u00f4mica para maiores posicionamentos, mas sa\u00fadam Lula como presidente. Confira!\",\"breadcrumb\":{\"@id\":\"https:\/\/www.suno.com.br\/noticias\/empresarios-vitoria-lula-pt-eleicoes\/#breadcrumb\"},\"inLanguage\":\"pt-BR\",\"potentialAction\":[{\"@type\":\"ReadAction\",\"target\":[\"https:\/\/www.suno.com.br\/noticias\/empresarios-vitoria-lula-pt-eleicoes\/\"]}]},{\"@type\":\"ImageObject\",\"inLanguage\":\"pt-BR\",\"@id\":\"https:\/\/www.suno.com.br\/noticias\/empresarios-vitoria-lula-pt-eleicoes\/#primaryimage\",\"url\":\"https:\/\/files.sunoresearch.com.br\/n\/uploads\/2022\/10\/Lula-apos-discurso-scaled.jpg\",\"contentUrl\":\"https:\/\/files.sunoresearch.com.br\/n\/uploads\/2022\/10\/Lula-apos-discurso-scaled.jpg\",\"width\":2560,\"height\":1707,\"caption\":\"Lula festeja ap\u00f3s discursar pela vit\u00f3ria nas Elei\u00e7\u00f5es 2022 no Hotel Intercontinental (SP). Foto: Rovena Rosa\/Ag\u00eancia Brasil\"},{\"@type\":\"BreadcrumbList\",\"@id\":\"https:\/\/www.suno.com.br\/noticias\/empresarios-vitoria-lula-pt-eleicoes\/#breadcrumb\",\"itemListElement\":[{\"@type\":\"ListItem\",\"position\":1,\"name\":\"Not\u00edcias\",\"item\":\"https:\/\/www.suno.com.br\/noticias\/\"},{\"@type\":\"ListItem\",\"position\":2,\"name\":\"Pol\u00edtica\",\"item\":\"https:\/\/www.suno.com.br\/noticias\/politica\/\"},{\"@type\":\"ListItem\",\"position\":3,\"name\":\"Veja como empres\u00e1rios repercutiram vit\u00f3ria de Lula (PT) na presid\u00eancia\"}]},{\"@type\":\"WebSite\",\"@id\":\"https:\/\/www.suno.com.br\/noticias\/#website\",\"url\":\"https:\/\/www.suno.com.br\/noticias\/\",\"name\":\"Suno Not\u00edcias\",\"description\":\"Seu portal de informa\u00e7\u00e3o sobre o mundo dos investimentos\",\"publisher\":{\"@id\":\"https:\/\/www.suno.com.br\/noticias\/#organization\"},\"potentialAction\":[{\"@type\":\"SearchAction\",\"target\":{\"@type\":\"EntryPoint\",\"urlTemplate\":\"https:\/\/www.suno.com.br\/noticias\/?s={search_term_string}\"},\"query-input\":{\"@type\":\"PropertyValueSpecification\",\"valueRequired\":true,\"valueName\":\"search_term_string\"}}],\"inLanguage\":\"pt-BR\"},{\"@type\":\"Organization\",\"@id\":\"https:\/\/www.suno.com.br\/noticias\/#organization\",\"name\":\"Suno Not\u00edcias\",\"url\":\"https:\/\/www.suno.com.br\/noticias\/\",\"logo\":{\"@type\":\"ImageObject\",\"inLanguage\":\"pt-BR\",\"@id\":\"https:\/\/www.suno.com.br\/noticias\/#\/schema\/logo\/image\/\",\"url\":\"https:\/\/files.sunoresearch.com.br\/n\/uploads\/2021\/09\/suno-logo.png\",\"contentUrl\":\"https:\/\/files.sunoresearch.com.br\/n\/uploads\/2021\/09\/suno-logo.png\",\"width\":180,\"height\":180,\"caption\":\"Suno Not\u00edcias\"},\"image\":{\"@id\":\"https:\/\/www.suno.com.br\/noticias\/#\/schema\/logo\/image\/\"},\"sameAs\":[\"https:\/\/facebook.com\/sunoresearch\",\"https:\/\/x.com\/sunoresearch\",\"https:\/\/www.instagram.com\/suno\",\"https:\/\/www.linkedin.com\/company\/suno-research\/\",\"https:\/\/www.youtube.com\/c\/sunoresearch\"]},{\"@type\":\"Person\",\"@id\":\"https:\/\/www.suno.com.br\/noticias\/#\/schema\/person\/7f4d362bf3518e76090143ae77bb49a5\",\"name\":\"Eduardo Vargas\",\"image\":{\"@type\":\"ImageObject\",\"inLanguage\":\"pt-BR\",\"@id\":\"https:\/\/www.suno.com.br\/noticias\/#\/schema\/person\/image\/\",\"url\":\"https:\/\/secure.gravatar.com\/avatar\/dac340933427a22924c9f99d1eb2e3f2?s=96&r=g\",\"contentUrl\":\"https:\/\/secure.gravatar.com\/avatar\/dac340933427a22924c9f99d1eb2e3f2?s=96&r=g\",\"caption\":\"Eduardo Vargas\"},\"description\":\"Jornalista formado pela UFSC, cobre macroeconomia, neg\u00f3cios e startups para o Suno Not\u00edcias, escrevendo principalmente not\u00edcias sobre o mercado financeiro e a bolsa de valores. No YouTube e no Instagram, \u00e9 respons\u00e1vel pela produ\u00e7\u00e3o de Reels e Shorts do Suno Not\u00edcias. Anteriormente, trabalhou cobrindo economia e cotidiano no ND+ e para o ND, maior jornal impresso de Santa Catarina. Cursou um semestre letivo de Estudos de M\u00eddia na Universidad de Buenos Aires.\",\"url\":\"https:\/\/www.suno.com.br\/noticias\/author\/eduardo-vargas\/\"}]}<\/script>\n<!-- \/ Yoast SEO plugin. -->","yoast_head_json":{"title":"Veja como empres\u00e1rios repercutiram vit\u00f3ria de Lula (PT) na presid\u00eancia","description":"Empres\u00e1rios ainda aguardam nomes da equipe econ\u00f4mica para maiores posicionamentos, mas sa\u00fadam Lula como presidente. Confira!","robots":{"index":"index","follow":"follow","max-snippet":"max-snippet:-1","max-image-preview":"max-image-preview:large","max-video-preview":"max-video-preview:-1"},"canonical":"https:\/\/www.suno.com.br\/noticias\/empresarios-vitoria-lula-pt-eleicoes\/","og_locale":"pt_BR","og_type":"article","og_title":"Veja como empres\u00e1rios repercutiram vit\u00f3ria de Lula (PT) na presid\u00eancia","og_description":"Empres\u00e1rios ainda aguardam nomes da equipe econ\u00f4mica para maiores posicionamentos, mas sa\u00fadam Lula como presidente. Confira!","og_url":"https:\/\/www.suno.com.br\/noticias\/empresarios-vitoria-lula-pt-eleicoes\/","og_site_name":"Suno Not\u00edcias","article_publisher":"https:\/\/facebook.com\/sunoresearch","og_image":[{"width":2560,"height":1707,"url":"https:\/\/files.sunoresearch.com.br\/n\/uploads\/2022\/10\/Lula-apos-discurso-scaled.jpg","type":"image\/jpeg"}],"author":"Eduardo Vargas","twitter_card":"summary_large_image","twitter_creator":"@sunoresearch","twitter_site":"@sunoresearch","twitter_misc":{"Escrito por":"Eduardo Vargas","Est. tempo de leitura":"4 minutos"},"schema":{"@context":"https:\/\/schema.org","@graph":[{"@type":"NewsArticle","@id":"https:\/\/www.suno.com.br\/noticias\/empresarios-vitoria-lula-pt-eleicoes\/#article","isPartOf":{"@id":"https:\/\/www.suno.com.br\/noticias\/empresarios-vitoria-lula-pt-eleicoes\/"},"author":{"name":"Eduardo Vargas","@id":"https:\/\/www.suno.com.br\/noticias\/#\/schema\/person\/7f4d362bf3518e76090143ae77bb49a5"},"headline":"Veja como empres\u00e1rios repercutiram vit\u00f3ria de Lula (PT) na presid\u00eancia","datePublished":"2022-10-31T14:32:40+00:00","mainEntityOfPage":{"@id":"https:\/\/www.suno.com.br\/noticias\/empresarios-vitoria-lula-pt-eleicoes\/"},"wordCount":734,"publisher":{"@id":"https:\/\/www.suno.com.br\/noticias\/#organization"},"image":{"@id":"https:\/\/www.suno.com.br\/noticias\/empresarios-vitoria-lula-pt-eleicoes\/#primaryimage"},"thumbnailUrl":"https:\/\/files.sunoresearch.com.br\/n\/uploads\/2022\/10\/Lula-apos-discurso-scaled.jpg","keywords":["Elei\u00e7\u00f5es","Lula"],"articleSection":["Pol\u00edtica"],"inLanguage":"pt-BR"},{"@type":"WebPage","@id":"https:\/\/www.suno.com.br\/noticias\/empresarios-vitoria-lula-pt-eleicoes\/","url":"https:\/\/www.suno.com.br\/noticias\/empresarios-vitoria-lula-pt-eleicoes\/","name":"Veja como empres\u00e1rios repercutiram vit\u00f3ria de Lula (PT) na presid\u00eancia","isPartOf":{"@id":"https:\/\/www.suno.com.br\/noticias\/#website"},"primaryImageOfPage":{"@id":"https:\/\/www.suno.com.br\/noticias\/empresarios-vitoria-lula-pt-eleicoes\/#primaryimage"},"image":{"@id":"https:\/\/www.suno.com.br\/noticias\/empresarios-vitoria-lula-pt-eleicoes\/#primaryimage"},"thumbnailUrl":"https:\/\/files.sunoresearch.com.br\/n\/uploads\/2022\/10\/Lula-apos-discurso-scaled.jpg","datePublished":"2022-10-31T14:32:40+00:00","description":"Empres\u00e1rios ainda aguardam nomes da equipe econ\u00f4mica para maiores posicionamentos, mas sa\u00fadam Lula como presidente. Confira!","breadcrumb":{"@id":"https:\/\/www.suno.com.br\/noticias\/empresarios-vitoria-lula-pt-eleicoes\/#breadcrumb"},"inLanguage":"pt-BR","potentialAction":[{"@type":"ReadAction","target":["https:\/\/www.suno.com.br\/noticias\/empresarios-vitoria-lula-pt-eleicoes\/"]}]},{"@type":"ImageObject","inLanguage":"pt-BR","@id":"https:\/\/www.suno.com.br\/noticias\/empresarios-vitoria-lula-pt-eleicoes\/#primaryimage","url":"https:\/\/files.sunoresearch.com.br\/n\/uploads\/2022\/10\/Lula-apos-discurso-scaled.jpg","contentUrl":"https:\/\/files.sunoresearch.com.br\/n\/uploads\/2022\/10\/Lula-apos-discurso-scaled.jpg","width":2560,"height":1707,"caption":"Lula festeja ap\u00f3s discursar pela vit\u00f3ria nas Elei\u00e7\u00f5es 2022 no Hotel Intercontinental (SP). Foto: Rovena Rosa\/Ag\u00eancia Brasil"},{"@type":"BreadcrumbList","@id":"https:\/\/www.suno.com.br\/noticias\/empresarios-vitoria-lula-pt-eleicoes\/#breadcrumb","itemListElement":[{"@type":"ListItem","position":1,"name":"Not\u00edcias","item":"https:\/\/www.suno.com.br\/noticias\/"},{"@type":"ListItem","position":2,"name":"Pol\u00edtica","item":"https:\/\/www.suno.com.br\/noticias\/politica\/"},{"@type":"ListItem","position":3,"name":"Veja como empres\u00e1rios repercutiram vit\u00f3ria de Lula (PT) na presid\u00eancia"}]},{"@type":"WebSite","@id":"https:\/\/www.suno.com.br\/noticias\/#website","url":"https:\/\/www.suno.com.br\/noticias\/","name":"Suno Not\u00edcias","description":"Seu portal de informa\u00e7\u00e3o sobre o mundo dos investimentos","publisher":{"@id":"https:\/\/www.suno.com.br\/noticias\/#organization"},"potentialAction":[{"@type":"SearchAction","target":{"@type":"EntryPoint","urlTemplate":"https:\/\/www.suno.com.br\/noticias\/?s={search_term_string}"},"query-input":{"@type":"PropertyValueSpecification","valueRequired":true,"valueName":"search_term_string"}}],"inLanguage":"pt-BR"},{"@type":"Organization","@id":"https:\/\/www.suno.com.br\/noticias\/#organization","name":"Suno Not\u00edcias","url":"https:\/\/www.suno.com.br\/noticias\/","logo":{"@type":"ImageObject","inLanguage":"pt-BR","@id":"https:\/\/www.suno.com.br\/noticias\/#\/schema\/logo\/image\/","url":"https:\/\/files.sunoresearch.com.br\/n\/uploads\/2021\/09\/suno-logo.png","contentUrl":"https:\/\/files.sunoresearch.com.br\/n\/uploads\/2021\/09\/suno-logo.png","width":180,"height":180,"caption":"Suno Not\u00edcias"},"image":{"@id":"https:\/\/www.suno.com.br\/noticias\/#\/schema\/logo\/image\/"},"sameAs":["https:\/\/facebook.com\/sunoresearch","https:\/\/x.com\/sunoresearch","https:\/\/www.instagram.com\/suno","https:\/\/www.linkedin.com\/company\/suno-research\/","https:\/\/www.youtube.com\/c\/sunoresearch"]},{"@type":"Person","@id":"https:\/\/www.suno.com.br\/noticias\/#\/schema\/person\/7f4d362bf3518e76090143ae77bb49a5","name":"Eduardo Vargas","image":{"@type":"ImageObject","inLanguage":"pt-BR","@id":"https:\/\/www.suno.com.br\/noticias\/#\/schema\/person\/image\/","url":"https:\/\/secure.gravatar.com\/avatar\/dac340933427a22924c9f99d1eb2e3f2?s=96&r=g","contentUrl":"https:\/\/secure.gravatar.com\/avatar\/dac340933427a22924c9f99d1eb2e3f2?s=96&r=g","caption":"Eduardo Vargas"},"description":"Jornalista formado pela UFSC, cobre macroeconomia, neg\u00f3cios e startups para o Suno Not\u00edcias, escrevendo principalmente not\u00edcias sobre o mercado financeiro e a bolsa de valores. No YouTube e no Instagram, \u00e9 respons\u00e1vel pela produ\u00e7\u00e3o de Reels e Shorts do Suno Not\u00edcias. Anteriormente, trabalhou cobrindo economia e cotidiano no ND+ e para o ND, maior jornal impresso de Santa Catarina. Cursou um semestre letivo de Estudos de M\u00eddia na Universidad de Buenos Aires.","url":"https:\/\/www.suno.com.br\/noticias\/author\/eduardo-vargas\/"}]}},"default_loop_html":"<div class=\"cardsPage__listCard__boxs\"><div class=\"cardsPage__listCard__boxs__img\"><a href=\"https:\/\/www.suno.com.br\/noticias\/empresarios-vitoria-lula-pt-eleicoes\/\"><img class=\"mask\" src=\"https:\/\/www.suno.com.br\/noticias\/wp-content\/themes\/suno\/resources\/images\/spotlight\/spotlight1img\/bg-mask.png\" alt=\"Image Mask\"\/><img src=\"https:\/\/files.sunoresearch.com.br\/n\/uploads\/2022\/10\/Lula-apos-discurso-400x200.jpg\" alt=\"Veja como empres\u00e1rios repercutiram vit\u00f3ria de Lula (PT) na presid\u00eancia\"\/><\/a><span class=\"spotlightCategory\"><a href=\"https:\/\/www.suno.com.br\/noticias\/politica\/\">Pol\u00edtica<\/a><\/span><\/div><div class=\"cardsPage__listCard__boxs__content\"><a href=\"https:\/\/www.suno.com.br\/noticias\/empresarios-vitoria-lula-pt-eleicoes\/\"><h2 class=\"content__title\">Veja como empres\u00e1rios repercutiram vit\u00f3ria de Lula (PT) na presid\u00eancia<\/h2><\/a><div class=\"newsContent__article__meta\"><div class=\"newsContent__article__meta__authorBox\"><a href=\"https:\/\/www.suno.com.br\/noticias\/author\/eduardo-vargas\/\" class=\"authorBox__avatar noMobi\"><img src=\"https:\/\/secure.gravatar.com\/avatar\/dac340933427a22924c9f99d1eb2e3f2?s=96&#038;r=g\" alt=\"Eduardo Vargas\"><\/a><div class=\"authorBox__name\"><span>por\n\t\t\t<a href=\"https:\/\/www.suno.com.br\/noticias\/author\/eduardo-vargas\/\"><span itemprop=\"author\">Eduardo Vargas<\/span><\/a><\/span><time datetime=\"2022-10-31T11:32:40-03:00\" itemprop=\"datePublished\">31\/10\/2022 11:32<\/time><\/div><\/div><\/div><\/div><\/div>","single_layout":"posts","amp_enabled":true,"_links":{"self":[{"href":"https:\/\/www.suno.com.br\/noticias\/wp-json\/wp\/v2\/posts\/313869"}],"collection":[{"href":"https:\/\/www.suno.com.br\/noticias\/wp-json\/wp\/v2\/posts"}],"about":[{"href":"https:\/\/www.suno.com.br\/noticias\/wp-json\/wp\/v2\/types\/post"}],"author":[{"embeddable":true,"href":"https:\/\/www.suno.com.br\/noticias\/wp-json\/wp\/v2\/users\/73"}],"replies":[{"embeddable":true,"href":"https:\/\/www.suno.com.br\/noticias\/wp-json\/wp\/v2\/comments?post=313869"}],"version-history":[{"count":3,"href":"https:\/\/www.suno.com.br\/noticias\/wp-json\/wp\/v2\/posts\/313869\/revisions"}],"predecessor-version":[{"id":313969,"href":"https:\/\/www.suno.com.br\/noticias\/wp-json\/wp\/v2\/posts\/313869\/revisions\/313969"}],"wp:featuredmedia":[{"embeddable":true,"href":"https:\/\/www.suno.com.br\/noticias\/wp-json\/wp\/v2\/media\/313819"}],"wp:attachment":[{"href":"https:\/\/www.suno.com.br\/noticias\/wp-json\/wp\/v2\/media?parent=313869"}],"wp:term":[{"taxonomy":"category","embeddable":true,"href":"https:\/\/www.suno.com.br\/noticias\/wp-json\/wp\/v2\/categories?post=313869"},{"taxonomy":"post_tag","embeddable":true,"href":"https:\/\/www.suno.com.br\/noticias\/wp-json\/wp\/v2\/tags?post=313869"},{"taxonomy":"suno_strategy","embeddable":true,"href":"https:\/\/www.suno.com.br\/noticias\/wp-json\/wp\/v2\/suno_strategy?post=313869"}],"curies":[{"name":"wp","href":"https:\/\/api.w.org\/{rel}","templated":true}]}}