{"id":313706,"date":"2022-10-30T19:48:35","date_gmt":"2022-10-30T22:48:35","guid":{"rendered":"https:\/\/www.suno.com.br\/noticias\/?p=313706"},"modified":"2022-10-30T19:48:35","modified_gmt":"2022-10-30T22:48:35","slug":"tarcisio-de-freitas-eleito-sp-governador","status":"publish","type":"post","link":"https:\/\/www.suno.com.br\/noticias\/tarcisio-de-freitas-eleito-sp-governador\/","title":{"rendered":"Tarc\u00edsio de Freitas (Republicanos) ganha disputa pelo governo de S\u00e3o Paulo; saiba o que esperar"},"content":{"rendered":"<p>Neste domingo (30),<strong> Tarc\u00edsio de Freitas <\/strong>(Republicanos) venceu as elei\u00e7\u00f5es para governador do Estado de S\u00e3o Paulo com 55,32%% do eleitorado paulista, com mais de 12 milh\u00f5es de votos, enquanto Haddad (PT) ficou com 44,68% dos votos, com 97,47% das urnas foram apuradas.<\/p>\t<div class=\"wrapper-featured-image\">\n\t\t<figure class=\"spotlightImg\">\n\n\t\t\t<picture>\n\t\t\t\t<source media=\"(max-width: 768px)\" srcset=\"https:\/\/files.sunoresearch.com.br\/n\/uploads\/2022\/10\/tarcisio-400x200.jpg\">\n\t\t\t\t<img loading=\"lazy\" decoding=\"async\" class=\"newsContent__article__imgCapa lazyloadDisabled \" src=\"https:\/\/files.sunoresearch.com.br\/n\/uploads\/2022\/10\/tarcisio-800x450.jpg\" width=\"800\" height=\"450\" alt=\"Tarc\u00edsio de Freitas (Republicanos) ganha disputa pelo governo de S\u00e3o Paulo; saiba o que esperar\" fetchpriority=high \/>\n\t\t\t<\/picture>\n\n\t\t\t<figcaption class=\"wp-caption-text wp-caption-text--show\">Tarc\u00edsio Gomes de Freitas \u00e9 eleito governador de S\u00e3o Paulo  Foto: Ag\u00eancia Brasil.<\/figcaption>\n\t\t<\/figure>\n\t<\/div>\n\n\n\t<p>\n\t\t<a href=\"https:\/\/lp2.suno.com.br\/cl\/black-friday-2025\/?utm_campaign=_SNCDF0E4858_\" target=\"_blank\" data-element=\"shortcode-suno-banner\" title=\"Banner SUNO, clique e saiba mais\">\n\t\t\t<picture>\n\t\t\t\t<source media=\"(max-width: 500px)\" srcset=\"https:\/\/files.sunoresearch.com.br\/n\/uploads\/2025\/10\/Artigos-e-Noticias-Banner-Home-artigos-01-Mobile_-400x300-1-png.webp\">\n\t\t\t\t<img class=\"newsContent__article__imgCapa newsContent__article__imgCapa--banner\"\n\t\t\t\t\tsrc=\"https:\/\/files.sunoresearch.com.br\/n\/uploads\/2025\/10\/Artigos-e-Noticias-Banner-Home-artigos-01-Desktop_-1420x240-1-png.webp\"\n\t\t\t\t\tdata-promo-id=\"311259\"\t\t\t\t\t\t\t\t\t\twidth='1420' height='240'\t\t\t\t\talt=\"https:\/\/files.sunoresearch.com.br\/n\/uploads\/2025\/10\/Artigos-e-Noticias-Banner-Home-artigos-01-Desktop_-1420x240-1-png.webp\"\n\t\t\t\t>\n\t\t\t<\/picture>\n\t\t<\/a>\n\t<\/p>\n\n\n<p>O Suno Not\u00edcias apurou quais as principais propostas de Haddad e Tarc\u00edsio para a \u00e1rea econ\u00f4mica, com base nos planos de governo dos candidatos protocolados junto ao Tribunal Superior Eleitoral (TSE).<\/p>\n<div id=\"39b081c2d0f9019ef8e8116efa48eec8\" class=\"liveNews__updates__list__item\">\n<h2><strong>Propostas de Tarc\u00edsio<\/strong><\/h2>\n<p>O <strong>plano de governo de Tarc\u00edsio<\/strong>, de 43 p\u00e1ginas, est\u00e1 dividido em tr\u00eas eixos: desenvolvimento social, desenvolvimento urbano e meio ambiente e <a class=\"suno-keyword\" href=\"https:\/\/www.suno.com.br\/artigos\/desenvolvimento-economico\/\" target=\"_blank\" rel=\"noopener\" data-force=\"no\" data-priority=\"1\">desenvolvimento econ\u00f4mico<\/a> e inova\u00e7\u00e3o. Ao todos, s\u00e3o 142 propostas.<\/p>\n<p>Na \u00e1rea econ\u00f4mica, o candidato promete reduzir as al\u00edquotas do ICMS (Imposto sobre Circula\u00e7\u00e3o de Mercadorias e Servi\u00e7os) e do IPVA (Imposto Sobre Propriedade de Ve\u00edculo Automotor), al\u00e9m da taxa de licenciamento de ve\u00edculos.<\/p>\n<p>O <strong>novo governador de S\u00e3o Paulo<\/strong> tamb\u00e9m defende ampliar projetos de seguran\u00e7a alimentar e de transfer\u00eancia de renda, intensificar a cria\u00e7\u00e3o de emprego em regi\u00f5es vulner\u00e1veis.<\/p>\n<p>Em seu plano de governo, o candidato fala em estimular a formaliza\u00e7\u00e3o de atividades econ\u00f4micas dentro das favelas, ampliar e facilitar o acesso a cr\u00e9dito pelo Banco do Povo.<\/p>\n<p>Al\u00e9m disso, cita ampliar a coopera\u00e7\u00e3o com Sebrae e outras entidades junto \u00e0s MPE e MEIs para estimular projetos vi\u00e1veis economicamente, com foco em inova\u00e7\u00e3o.<\/p>\n<p>\u201cVamos ampliar linhas de microcr\u00e9dito espec\u00edficas para o empreendedorismo feminino, atreladas a programas de capacita\u00e7\u00e3o t\u00e9cnica e de gest\u00e3o\u201d, diz.<\/p>\n<p>O aumento da competitividade no setor produtivo tamb\u00e9m est\u00e1 entre as <strong>propostas de Tarc\u00edsio<\/strong>.<\/p>\n<p>\u201cAlgumas alavancas de transforma\u00e7\u00e3o devem ser acionadas, como a disponibilidade de energia com custo competitivo, infraestrutura para implanta\u00e7\u00e3o e distribui\u00e7\u00e3o da produ\u00e7\u00e3o, disponibilidade de cr\u00e9dito justo e acess\u00edvel, <a class=\"suno-keyword\" href=\"https:\/\/www.suno.com.br\/artigos\/capital-humano\/\" target=\"_blank\" rel=\"noopener\" data-force=\"no\" data-priority=\"1\">capital humano<\/a>, ambiente inovador, redu\u00e7\u00e3o do custo SP, al\u00e9m da revis\u00e3o do <a class=\"suno-keyword\" href=\"https:\/\/www.suno.com.br\/artigos\/sistema-tributario\/\" target=\"_blank\" rel=\"noopener\" data-force=\"no\" data-priority=\"1\">sistema tribut\u00e1rio<\/a> atual\u201d, pontua.<\/p>\n<p>Tarc\u00edsio fala em economia criativa como uma forma de aproveitar a cultura como um desenvolvedor econ\u00f4mico para o estado. Seu plano de governo fala em abrir novas unidades do Programa F\u00e1bricas de Cultura no interior do estado, preserva\u00e7\u00e3o do patrim\u00f4mio museol\u00f3gico, al\u00e9m de fomentar a circula\u00e7\u00e3o de espet\u00e1culos culturais, como teatro, m\u00fasica e dan\u00e7a.<\/p>\n<p>Na \u00e1rea de infraestrutura, defende fomentar aeroportos e voos regionais, concluir obras do Rodoanel Norte, ampliar linhas de metr\u00f4 em S\u00e3o Paulo, implementar o trem Intercidades, contratando a opera\u00e7\u00e3o da linha entre Americana e S\u00e3o Paulo e iniciar estudos e projetos para segunda linha, ligando Sorocaba a S\u00e3o Jos\u00e9 dos Campos.<\/p>\n<p>Tarc\u00edsio se compromete a fazer uma pol\u00edtica setorial de transportes de <a class=\"suno-keyword\" href=\"https:\/\/www.suno.com.br\/artigos\/longo-prazo\/\" target=\"_blank\" rel=\"noopener\" data-force=\"no\" data-priority=\"1\">longo prazo<\/a> para ampliar a participa\u00e7\u00e3o dos modais ferrovi\u00e1rio e aquavi\u00e1rio. Al\u00e9m disso, diz apoiar a concess\u00e3o de privatiza\u00e7\u00e3o dos aeroportos de Congonhas, Campo de Marte e dos Portos de Santos e S\u00e3o Sebasti\u00e3o.<\/p>\n<p>O candidato fala em aumentar oferta de habita\u00e7\u00e3o com fomento do Estado e parcerias com a <a class=\"suno-keyword\" href=\"https:\/\/www.suno.com.br\/artigos\/iniciativa-privada\/\" target=\"_blank\" rel=\"noopener\" data-force=\"no\" data-priority=\"1\">iniciativa privada<\/a> e aprimorar e intensificar programas estaduais de habita\u00e7\u00e3o.<\/p>\n<p><strong>Tarc\u00edsio Freitas<\/strong> tamb\u00e9m pretende adotar <a class=\"suno-keyword\" href=\"https:\/\/www.suno.com.br\/artigos\/meios-de-pagamento\/\" target=\"_blank\" rel=\"noopener\" data-force=\"no\" data-priority=\"1\">meios de pagamento<\/a> digital (Pix, cart\u00e3o de cr\u00e9dito e cart\u00e3o de d\u00e9bito) para todas as custas, tarifas e tributos que o cidad\u00e3o tiver que pagar ao Poder P\u00fablico.<\/p>\n\t<p>\n\t\t<a href=\"https:\/\/lp.suno.com.br\/ebook-como-analisar-uma-acao\/\" target=\"_blank\" data-element=\"shortcode-suno-banner\" title=\"Banner SUNO, clique e saiba mais\">\n\t\t\t<picture>\n\t\t\t\t<source media=\"(max-width: 500px)\" srcset=\"https:\/\/files.sunoresearch.com.br\/n\/uploads\/2023\/12\/Ebook-Acoes-Mobile.jpg\">\n\t\t\t\t<img class=\"newsContent__article__imgCapa newsContent__article__imgCapa--banner\"\n\t\t\t\t\tsrc=\"https:\/\/files.sunoresearch.com.br\/n\/uploads\/2023\/12\/Ebook-Acoes-Desktop.webp\"\n\t\t\t\t\tdata-promo-id=\"311260\"\t\t\t\t\t\t\t\t\t\twidth='1420' height='286'\t\t\t\t\talt=\"https:\/\/files.sunoresearch.com.br\/n\/uploads\/2023\/12\/Ebook-Acoes-Desktop.webp\"\n\t\t\t\t>\n\t\t\t<\/picture>\n\t\t<\/a>\n\t<\/p>\n\n\n<\/div>\n","protected":false},"excerpt":{"rendered":"<p>Neste domingo (30), Tarc\u00edsio de Freitas (Republicanos) venceu as elei\u00e7\u00f5es para governador do Estado de S\u00e3o Paulo com 55,32%% do eleitorado paulista, com mais de 12 milh\u00f5es de votos, enquanto Haddad (PT) ficou com 44,68% dos votos, com 97,47% das urnas foram apuradas. Tarc\u00edsio Gomes de Freitas \u00e9 eleito governador de S\u00e3o Paulo Foto: Ag\u00eancia [&hellip;]<\/p>\n","protected":false},"author":195,"featured_media":304305,"comment_status":"closed","ping_status":"closed","sticky":false,"template":"","format":"standard","meta":[],"categories":[61],"tags":[697],"suno_strategy":[],"class_list":["post-313706","post","type-post","status-publish","format-standard","has-post-thumbnail","hentry","category-politica","tag-eleicoes"],"yoast_head":"<!-- This site is optimized with the Yoast SEO plugin v24.4 - https:\/\/yoast.com\/wordpress\/plugins\/seo\/ -->\n<title>Tarc\u00edsio de Freitas (Republicanos) ganha disputa pelo governo de S\u00e3o Paulo; saiba o que esperar<\/title>\n<meta name=\"description\" content=\"Neste domingo (30), Tarc\u00edsio de Freitas (Republicanos) venceu as elei\u00e7\u00f5es para governador do Estado de S\u00e3o Paulo com 55,32%% dos votos.\" \/>\n<meta name=\"robots\" content=\"index, follow, max-snippet:-1, max-image-preview:large, max-video-preview:-1\" \/>\n<link rel=\"canonical\" href=\"https:\/\/www.suno.com.br\/noticias\/tarcisio-de-freitas-eleito-sp-governador\/\" \/>\n<meta property=\"og:locale\" content=\"pt_BR\" \/>\n<meta property=\"og:type\" content=\"article\" \/>\n<meta property=\"og:title\" content=\"Tarc\u00edsio de Freitas (Republicanos) ganha disputa pelo governo de S\u00e3o Paulo; saiba o que esperar\" \/>\n<meta property=\"og:description\" content=\"Neste domingo (30), Tarc\u00edsio de Freitas (Republicanos) venceu as elei\u00e7\u00f5es para governador do Estado de S\u00e3o Paulo com 55,32%% dos votos.\" \/>\n<meta property=\"og:url\" content=\"https:\/\/www.suno.com.br\/noticias\/tarcisio-de-freitas-eleito-sp-governador\/\" \/>\n<meta property=\"og:site_name\" content=\"Suno Not\u00edcias\" \/>\n<meta property=\"article:publisher\" content=\"https:\/\/facebook.com\/sunoresearch\" \/>\n<meta property=\"og:image\" content=\"https:\/\/files.sunoresearch.com.br\/n\/uploads\/2022\/10\/tarcisio-scaled.jpg\" \/>\n\t<meta property=\"og:image:width\" content=\"2560\" \/>\n\t<meta property=\"og:image:height\" content=\"1707\" \/>\n\t<meta property=\"og:image:type\" content=\"image\/jpeg\" \/>\n<meta name=\"author\" content=\"Ana Clara Macedo\" \/>\n<meta name=\"twitter:card\" content=\"summary_large_image\" \/>\n<meta name=\"twitter:creator\" content=\"@sunoresearch\" \/>\n<meta name=\"twitter:site\" content=\"@sunoresearch\" \/>\n<meta name=\"twitter:label1\" content=\"Escrito por\" \/>\n\t<meta name=\"twitter:data1\" content=\"Ana Clara Macedo\" \/>\n\t<meta name=\"twitter:label2\" content=\"Est. tempo de leitura\" \/>\n\t<meta name=\"twitter:data2\" content=\"3 minutos\" \/>\n<script type=\"application\/ld+json\" class=\"yoast-schema-graph\">{\"@context\":\"https:\/\/schema.org\",\"@graph\":[{\"@type\":\"NewsArticle\",\"@id\":\"https:\/\/www.suno.com.br\/noticias\/tarcisio-de-freitas-eleito-sp-governador\/#article\",\"isPartOf\":{\"@id\":\"https:\/\/www.suno.com.br\/noticias\/tarcisio-de-freitas-eleito-sp-governador\/\"},\"author\":{\"name\":\"Ana Clara Macedo\",\"@id\":\"https:\/\/www.suno.com.br\/noticias\/#\/schema\/person\/a70f3c52ef8c814d62ed63b30bb30176\"},\"headline\":\"Tarc\u00edsio de Freitas (Republicanos) ganha disputa pelo governo de S\u00e3o Paulo; saiba o que esperar\",\"datePublished\":\"2022-10-30T22:48:35+00:00\",\"mainEntityOfPage\":{\"@id\":\"https:\/\/www.suno.com.br\/noticias\/tarcisio-de-freitas-eleito-sp-governador\/\"},\"wordCount\":612,\"publisher\":{\"@id\":\"https:\/\/www.suno.com.br\/noticias\/#organization\"},\"image\":{\"@id\":\"https:\/\/www.suno.com.br\/noticias\/tarcisio-de-freitas-eleito-sp-governador\/#primaryimage\"},\"thumbnailUrl\":\"https:\/\/files.sunoresearch.com.br\/n\/uploads\/2022\/10\/tarcisio-scaled.jpg\",\"keywords\":[\"Elei\u00e7\u00f5es\"],\"articleSection\":[\"Pol\u00edtica\"],\"inLanguage\":\"pt-BR\"},{\"@type\":\"WebPage\",\"@id\":\"https:\/\/www.suno.com.br\/noticias\/tarcisio-de-freitas-eleito-sp-governador\/\",\"url\":\"https:\/\/www.suno.com.br\/noticias\/tarcisio-de-freitas-eleito-sp-governador\/\",\"name\":\"Tarc\u00edsio de Freitas (Republicanos) ganha disputa pelo governo de S\u00e3o Paulo; saiba o que esperar\",\"isPartOf\":{\"@id\":\"https:\/\/www.suno.com.br\/noticias\/#website\"},\"primaryImageOfPage\":{\"@id\":\"https:\/\/www.suno.com.br\/noticias\/tarcisio-de-freitas-eleito-sp-governador\/#primaryimage\"},\"image\":{\"@id\":\"https:\/\/www.suno.com.br\/noticias\/tarcisio-de-freitas-eleito-sp-governador\/#primaryimage\"},\"thumbnailUrl\":\"https:\/\/files.sunoresearch.com.br\/n\/uploads\/2022\/10\/tarcisio-scaled.jpg\",\"datePublished\":\"2022-10-30T22:48:35+00:00\",\"description\":\"Neste domingo (30), Tarc\u00edsio de Freitas (Republicanos) venceu as elei\u00e7\u00f5es para governador do Estado de S\u00e3o Paulo com 55,32%% dos votos.\",\"breadcrumb\":{\"@id\":\"https:\/\/www.suno.com.br\/noticias\/tarcisio-de-freitas-eleito-sp-governador\/#breadcrumb\"},\"inLanguage\":\"pt-BR\",\"potentialAction\":[{\"@type\":\"ReadAction\",\"target\":[\"https:\/\/www.suno.com.br\/noticias\/tarcisio-de-freitas-eleito-sp-governador\/\"]}]},{\"@type\":\"ImageObject\",\"inLanguage\":\"pt-BR\",\"@id\":\"https:\/\/www.suno.com.br\/noticias\/tarcisio-de-freitas-eleito-sp-governador\/#primaryimage\",\"url\":\"https:\/\/files.sunoresearch.com.br\/n\/uploads\/2022\/10\/tarcisio-scaled.jpg\",\"contentUrl\":\"https:\/\/files.sunoresearch.com.br\/n\/uploads\/2022\/10\/tarcisio-scaled.jpg\",\"width\":2560,\"height\":1707,\"caption\":\"Tarc\u00edsio Gomes de Freitas \u00e9 eleito governador de S\u00e3o Paulo Foto: Ag\u00eancia Brasil.\"},{\"@type\":\"BreadcrumbList\",\"@id\":\"https:\/\/www.suno.com.br\/noticias\/tarcisio-de-freitas-eleito-sp-governador\/#breadcrumb\",\"itemListElement\":[{\"@type\":\"ListItem\",\"position\":1,\"name\":\"Not\u00edcias\",\"item\":\"https:\/\/www.suno.com.br\/noticias\/\"},{\"@type\":\"ListItem\",\"position\":2,\"name\":\"Pol\u00edtica\",\"item\":\"https:\/\/www.suno.com.br\/noticias\/politica\/\"},{\"@type\":\"ListItem\",\"position\":3,\"name\":\"Tarc\u00edsio de Freitas (Republicanos) ganha disputa pelo governo de S\u00e3o Paulo; saiba o que esperar\"}]},{\"@type\":\"WebSite\",\"@id\":\"https:\/\/www.suno.com.br\/noticias\/#website\",\"url\":\"https:\/\/www.suno.com.br\/noticias\/\",\"name\":\"Suno Not\u00edcias\",\"description\":\"Seu portal de informa\u00e7\u00e3o sobre o mundo dos investimentos\",\"publisher\":{\"@id\":\"https:\/\/www.suno.com.br\/noticias\/#organization\"},\"potentialAction\":[{\"@type\":\"SearchAction\",\"target\":{\"@type\":\"EntryPoint\",\"urlTemplate\":\"https:\/\/www.suno.com.br\/noticias\/?s={search_term_string}\"},\"query-input\":{\"@type\":\"PropertyValueSpecification\",\"valueRequired\":true,\"valueName\":\"search_term_string\"}}],\"inLanguage\":\"pt-BR\"},{\"@type\":\"Organization\",\"@id\":\"https:\/\/www.suno.com.br\/noticias\/#organization\",\"name\":\"Suno Not\u00edcias\",\"url\":\"https:\/\/www.suno.com.br\/noticias\/\",\"logo\":{\"@type\":\"ImageObject\",\"inLanguage\":\"pt-BR\",\"@id\":\"https:\/\/www.suno.com.br\/noticias\/#\/schema\/logo\/image\/\",\"url\":\"https:\/\/files.sunoresearch.com.br\/n\/uploads\/2021\/09\/suno-logo.png\",\"contentUrl\":\"https:\/\/files.sunoresearch.com.br\/n\/uploads\/2021\/09\/suno-logo.png\",\"width\":180,\"height\":180,\"caption\":\"Suno Not\u00edcias\"},\"image\":{\"@id\":\"https:\/\/www.suno.com.br\/noticias\/#\/schema\/logo\/image\/\"},\"sameAs\":[\"https:\/\/facebook.com\/sunoresearch\",\"https:\/\/x.com\/sunoresearch\",\"https:\/\/www.instagram.com\/suno\",\"https:\/\/www.linkedin.com\/company\/suno-research\/\",\"https:\/\/www.youtube.com\/c\/sunoresearch\"]},{\"@type\":\"Person\",\"@id\":\"https:\/\/www.suno.com.br\/noticias\/#\/schema\/person\/a70f3c52ef8c814d62ed63b30bb30176\",\"name\":\"Ana Clara Macedo\",\"image\":{\"@type\":\"ImageObject\",\"inLanguage\":\"pt-BR\",\"@id\":\"https:\/\/www.suno.com.br\/noticias\/#\/schema\/person\/image\/\",\"url\":\"https:\/\/secure.gravatar.com\/avatar\/40810da86786bd5619f8cd594b0f44ef?s=96&r=g\",\"contentUrl\":\"https:\/\/secure.gravatar.com\/avatar\/40810da86786bd5619f8cd594b0f44ef?s=96&r=g\",\"caption\":\"Ana Clara Macedo\"},\"description\":\"Rep\u00f3rter no Suno Not\u00edcias, cobrindo acontecimentos sobre neg\u00f3cios, mercado financeiro e economia. Anteriormente trabalhou como Rep\u00f3rter no Mercado News e produziu relat\u00f3rios e artigos sobre empresas de capital aberto.\",\"url\":\"https:\/\/www.suno.com.br\/noticias\/author\/ana-clara-macedo\/\"}]}<\/script>\n<!-- \/ Yoast SEO plugin. -->","yoast_head_json":{"title":"Tarc\u00edsio de Freitas (Republicanos) ganha disputa pelo governo de S\u00e3o Paulo; saiba o que esperar","description":"Neste domingo (30), Tarc\u00edsio de Freitas (Republicanos) venceu as elei\u00e7\u00f5es para governador do Estado de S\u00e3o Paulo com 55,32%% dos votos.","robots":{"index":"index","follow":"follow","max-snippet":"max-snippet:-1","max-image-preview":"max-image-preview:large","max-video-preview":"max-video-preview:-1"},"canonical":"https:\/\/www.suno.com.br\/noticias\/tarcisio-de-freitas-eleito-sp-governador\/","og_locale":"pt_BR","og_type":"article","og_title":"Tarc\u00edsio de Freitas (Republicanos) ganha disputa pelo governo de S\u00e3o Paulo; saiba o que esperar","og_description":"Neste domingo (30), Tarc\u00edsio de Freitas (Republicanos) venceu as elei\u00e7\u00f5es para governador do Estado de S\u00e3o Paulo com 55,32%% dos votos.","og_url":"https:\/\/www.suno.com.br\/noticias\/tarcisio-de-freitas-eleito-sp-governador\/","og_site_name":"Suno Not\u00edcias","article_publisher":"https:\/\/facebook.com\/sunoresearch","og_image":[{"width":2560,"height":1707,"url":"https:\/\/files.sunoresearch.com.br\/n\/uploads\/2022\/10\/tarcisio-scaled.jpg","type":"image\/jpeg"}],"author":"Ana Clara Macedo","twitter_card":"summary_large_image","twitter_creator":"@sunoresearch","twitter_site":"@sunoresearch","twitter_misc":{"Escrito por":"Ana Clara Macedo","Est. tempo de leitura":"3 minutos"},"schema":{"@context":"https:\/\/schema.org","@graph":[{"@type":"NewsArticle","@id":"https:\/\/www.suno.com.br\/noticias\/tarcisio-de-freitas-eleito-sp-governador\/#article","isPartOf":{"@id":"https:\/\/www.suno.com.br\/noticias\/tarcisio-de-freitas-eleito-sp-governador\/"},"author":{"name":"Ana Clara Macedo","@id":"https:\/\/www.suno.com.br\/noticias\/#\/schema\/person\/a70f3c52ef8c814d62ed63b30bb30176"},"headline":"Tarc\u00edsio de Freitas (Republicanos) ganha disputa pelo governo de S\u00e3o Paulo; saiba o que esperar","datePublished":"2022-10-30T22:48:35+00:00","mainEntityOfPage":{"@id":"https:\/\/www.suno.com.br\/noticias\/tarcisio-de-freitas-eleito-sp-governador\/"},"wordCount":612,"publisher":{"@id":"https:\/\/www.suno.com.br\/noticias\/#organization"},"image":{"@id":"https:\/\/www.suno.com.br\/noticias\/tarcisio-de-freitas-eleito-sp-governador\/#primaryimage"},"thumbnailUrl":"https:\/\/files.sunoresearch.com.br\/n\/uploads\/2022\/10\/tarcisio-scaled.jpg","keywords":["Elei\u00e7\u00f5es"],"articleSection":["Pol\u00edtica"],"inLanguage":"pt-BR"},{"@type":"WebPage","@id":"https:\/\/www.suno.com.br\/noticias\/tarcisio-de-freitas-eleito-sp-governador\/","url":"https:\/\/www.suno.com.br\/noticias\/tarcisio-de-freitas-eleito-sp-governador\/","name":"Tarc\u00edsio de Freitas (Republicanos) ganha disputa pelo governo de S\u00e3o Paulo; saiba o que esperar","isPartOf":{"@id":"https:\/\/www.suno.com.br\/noticias\/#website"},"primaryImageOfPage":{"@id":"https:\/\/www.suno.com.br\/noticias\/tarcisio-de-freitas-eleito-sp-governador\/#primaryimage"},"image":{"@id":"https:\/\/www.suno.com.br\/noticias\/tarcisio-de-freitas-eleito-sp-governador\/#primaryimage"},"thumbnailUrl":"https:\/\/files.sunoresearch.com.br\/n\/uploads\/2022\/10\/tarcisio-scaled.jpg","datePublished":"2022-10-30T22:48:35+00:00","description":"Neste domingo (30), Tarc\u00edsio de Freitas (Republicanos) venceu as elei\u00e7\u00f5es para governador do Estado de S\u00e3o Paulo com 55,32%% dos votos.","breadcrumb":{"@id":"https:\/\/www.suno.com.br\/noticias\/tarcisio-de-freitas-eleito-sp-governador\/#breadcrumb"},"inLanguage":"pt-BR","potentialAction":[{"@type":"ReadAction","target":["https:\/\/www.suno.com.br\/noticias\/tarcisio-de-freitas-eleito-sp-governador\/"]}]},{"@type":"ImageObject","inLanguage":"pt-BR","@id":"https:\/\/www.suno.com.br\/noticias\/tarcisio-de-freitas-eleito-sp-governador\/#primaryimage","url":"https:\/\/files.sunoresearch.com.br\/n\/uploads\/2022\/10\/tarcisio-scaled.jpg","contentUrl":"https:\/\/files.sunoresearch.com.br\/n\/uploads\/2022\/10\/tarcisio-scaled.jpg","width":2560,"height":1707,"caption":"Tarc\u00edsio Gomes de Freitas \u00e9 eleito governador de S\u00e3o Paulo Foto: Ag\u00eancia Brasil."},{"@type":"BreadcrumbList","@id":"https:\/\/www.suno.com.br\/noticias\/tarcisio-de-freitas-eleito-sp-governador\/#breadcrumb","itemListElement":[{"@type":"ListItem","position":1,"name":"Not\u00edcias","item":"https:\/\/www.suno.com.br\/noticias\/"},{"@type":"ListItem","position":2,"name":"Pol\u00edtica","item":"https:\/\/www.suno.com.br\/noticias\/politica\/"},{"@type":"ListItem","position":3,"name":"Tarc\u00edsio de Freitas (Republicanos) ganha disputa pelo governo de S\u00e3o Paulo; saiba o que esperar"}]},{"@type":"WebSite","@id":"https:\/\/www.suno.com.br\/noticias\/#website","url":"https:\/\/www.suno.com.br\/noticias\/","name":"Suno Not\u00edcias","description":"Seu portal de informa\u00e7\u00e3o sobre o mundo dos investimentos","publisher":{"@id":"https:\/\/www.suno.com.br\/noticias\/#organization"},"potentialAction":[{"@type":"SearchAction","target":{"@type":"EntryPoint","urlTemplate":"https:\/\/www.suno.com.br\/noticias\/?s={search_term_string}"},"query-input":{"@type":"PropertyValueSpecification","valueRequired":true,"valueName":"search_term_string"}}],"inLanguage":"pt-BR"},{"@type":"Organization","@id":"https:\/\/www.suno.com.br\/noticias\/#organization","name":"Suno Not\u00edcias","url":"https:\/\/www.suno.com.br\/noticias\/","logo":{"@type":"ImageObject","inLanguage":"pt-BR","@id":"https:\/\/www.suno.com.br\/noticias\/#\/schema\/logo\/image\/","url":"https:\/\/files.sunoresearch.com.br\/n\/uploads\/2021\/09\/suno-logo.png","contentUrl":"https:\/\/files.sunoresearch.com.br\/n\/uploads\/2021\/09\/suno-logo.png","width":180,"height":180,"caption":"Suno Not\u00edcias"},"image":{"@id":"https:\/\/www.suno.com.br\/noticias\/#\/schema\/logo\/image\/"},"sameAs":["https:\/\/facebook.com\/sunoresearch","https:\/\/x.com\/sunoresearch","https:\/\/www.instagram.com\/suno","https:\/\/www.linkedin.com\/company\/suno-research\/","https:\/\/www.youtube.com\/c\/sunoresearch"]},{"@type":"Person","@id":"https:\/\/www.suno.com.br\/noticias\/#\/schema\/person\/a70f3c52ef8c814d62ed63b30bb30176","name":"Ana Clara Macedo","image":{"@type":"ImageObject","inLanguage":"pt-BR","@id":"https:\/\/www.suno.com.br\/noticias\/#\/schema\/person\/image\/","url":"https:\/\/secure.gravatar.com\/avatar\/40810da86786bd5619f8cd594b0f44ef?s=96&r=g","contentUrl":"https:\/\/secure.gravatar.com\/avatar\/40810da86786bd5619f8cd594b0f44ef?s=96&r=g","caption":"Ana Clara Macedo"},"description":"Rep\u00f3rter no Suno Not\u00edcias, cobrindo acontecimentos sobre neg\u00f3cios, mercado financeiro e economia. Anteriormente trabalhou como Rep\u00f3rter no Mercado News e produziu relat\u00f3rios e artigos sobre empresas de capital aberto.","url":"https:\/\/www.suno.com.br\/noticias\/author\/ana-clara-macedo\/"}]}},"default_loop_html":"<div class=\"cardsPage__listCard__boxs\"><div class=\"cardsPage__listCard__boxs__img\"><a href=\"https:\/\/www.suno.com.br\/noticias\/tarcisio-de-freitas-eleito-sp-governador\/\"><img class=\"mask\" src=\"https:\/\/www.suno.com.br\/noticias\/wp-content\/themes\/suno\/resources\/images\/spotlight\/spotlight1img\/bg-mask.png\" alt=\"Image Mask\"\/><img src=\"https:\/\/files.sunoresearch.com.br\/n\/uploads\/2022\/10\/tarcisio-400x200.jpg\" alt=\"Tarc\u00edsio de Freitas (Republicanos) ganha disputa pelo governo de S\u00e3o Paulo; saiba o que esperar\"\/><\/a><span class=\"spotlightCategory\"><a href=\"https:\/\/www.suno.com.br\/noticias\/politica\/\">Pol\u00edtica<\/a><\/span><\/div><div class=\"cardsPage__listCard__boxs__content\"><a href=\"https:\/\/www.suno.com.br\/noticias\/tarcisio-de-freitas-eleito-sp-governador\/\"><h2 class=\"content__title\">Tarc\u00edsio de Freitas (Republicanos) ganha disputa pelo governo de S\u00e3o Paulo; saiba o que esperar<\/h2><\/a><div class=\"newsContent__article__meta\"><div class=\"newsContent__article__meta__authorBox\"><a href=\"https:\/\/www.suno.com.br\/noticias\/author\/ana-clara-macedo\/\" class=\"authorBox__avatar noMobi\"><img src=\"https:\/\/secure.gravatar.com\/avatar\/40810da86786bd5619f8cd594b0f44ef?s=96&#038;r=g\" alt=\"Ana Clara Macedo\"><\/a><div class=\"authorBox__name\"><span>por\n\t\t\t<a href=\"https:\/\/www.suno.com.br\/noticias\/author\/ana-clara-macedo\/\"><span itemprop=\"author\">Ana Clara Macedo<\/span><\/a><\/span><time datetime=\"2022-10-30T19:48:35-03:00\" itemprop=\"datePublished\">30\/10\/2022 19:48<\/time><\/div><\/div><\/div><\/div><\/div>","single_layout":"posts","amp_enabled":true,"_links":{"self":[{"href":"https:\/\/www.suno.com.br\/noticias\/wp-json\/wp\/v2\/posts\/313706"}],"collection":[{"href":"https:\/\/www.suno.com.br\/noticias\/wp-json\/wp\/v2\/posts"}],"about":[{"href":"https:\/\/www.suno.com.br\/noticias\/wp-json\/wp\/v2\/types\/post"}],"author":[{"embeddable":true,"href":"https:\/\/www.suno.com.br\/noticias\/wp-json\/wp\/v2\/users\/195"}],"replies":[{"embeddable":true,"href":"https:\/\/www.suno.com.br\/noticias\/wp-json\/wp\/v2\/comments?post=313706"}],"version-history":[{"count":3,"href":"https:\/\/www.suno.com.br\/noticias\/wp-json\/wp\/v2\/posts\/313706\/revisions"}],"predecessor-version":[{"id":313721,"href":"https:\/\/www.suno.com.br\/noticias\/wp-json\/wp\/v2\/posts\/313706\/revisions\/313721"}],"wp:featuredmedia":[{"embeddable":true,"href":"https:\/\/www.suno.com.br\/noticias\/wp-json\/wp\/v2\/media\/304305"}],"wp:attachment":[{"href":"https:\/\/www.suno.com.br\/noticias\/wp-json\/wp\/v2\/media?parent=313706"}],"wp:term":[{"taxonomy":"category","embeddable":true,"href":"https:\/\/www.suno.com.br\/noticias\/wp-json\/wp\/v2\/categories?post=313706"},{"taxonomy":"post_tag","embeddable":true,"href":"https:\/\/www.suno.com.br\/noticias\/wp-json\/wp\/v2\/tags?post=313706"},{"taxonomy":"suno_strategy","embeddable":true,"href":"https:\/\/www.suno.com.br\/noticias\/wp-json\/wp\/v2\/suno_strategy?post=313706"}],"curies":[{"name":"wp","href":"https:\/\/api.w.org\/{rel}","templated":true}]}}