{"id":313494,"date":"2022-10-30T16:46:27","date_gmt":"2022-10-30T19:46:27","guid":{"rendered":"https:\/\/www.suno.com.br\/noticias\/?p=313494"},"modified":"2022-10-30T16:46:27","modified_gmt":"2022-10-30T19:46:27","slug":"prf-alexandre-de-moraes-presidente-tse","status":"publish","type":"post","link":"https:\/\/www.suno.com.br\/noticias\/prf-alexandre-de-moraes-presidente-tse\/","title":{"rendered":"\u2018PRF n\u00e3o impediu eleitores de votar\u2019, diz Alexandre de Moraes, presidente do TSE"},"content":{"rendered":"<p>Segundo o ministro Alexandre de Moraes, presidente do Tribunal Superior Eleitoral (TSE), a Pol\u00edcia Rodovi\u00e1ria Federal (<strong>PRF<\/strong>) n\u00e3o impediu nenhum eleitor de votar, mas somente atrasou alguns eleitores. A declara\u00e7\u00e3o foi dada em coletiva de imprensa neste domingo (30), dia do segundo turno das elei\u00e7\u00f5es.<\/p><div class=\"videoFull \">\n\t\t\t<div class=\"videoWrapper yt-lazyload center\"\n\t\t\t\tdata-width=\"960\"\n\t\t\t\tdata-height=\"540\"\n\t\t\t\tdata-id=\"T9xQ_qyrmCY\"\n\t\t\t\tdata-alt=\"V\u00eddeo do YouTube - clique para reproduzir\"\n\t\t\t\tdata-logo=\"3\"\n\t\t\t\tdata-imagequality=\"maxres\">\n\t\t\t<\/div>\n\t\t<\/div><script type=\"application\/ld+json\">{\"@context\":\"https:\/\/schema.org\",\"@type\":\"VideoObject\",\"name\":\"TUDO SOBRE O 2\u00ba TURNO DAS ELEI\u00c7\u00d5ES\",\"description\":\"Acompanhe, ao vivo, as informa\u00e7\u00f5es sobre o dia da elei\u00e7\u00e3o, direto do Tribunal Superior Eleitoral. A transmiss\u00e3o come\u00e7a ao meio-dia e vai at\u00e9 a divulga\u00e7\u00e3o dos resultados (por volta de 21h). Na programa\u00e7\u00e3o, teremos entrevistas, dicas de servi\u00e7o para o dia da vota\u00e7\u00e3o, a movimenta\u00e7\u00e3o nas se\u00e7\u00f5es eleitorais em todo o pa\u00eds e os detalhes\u2026\",\"duration\":\"PT9H59M12S\",\"embedUrl\":\"https:\/\/www.youtube.com\/embed\/T9xQ_qyrmCY\",\"regionsAllowed\":\"pt-BR\",\"interactionStatistic\":{\"@type\":\"InteractionCounter\",\"interactionType\":{\"@type\":\"WatchAction\"},\"userInteractionCount\":103948},\"thumbnailUrl\":\"https:\/\/i.ytimg.com\/vi\/T9xQ_qyrmCY\/default.jpg\",\"uploadDate\":\"2022-10-31T01:38:27Z\"}<\/script>\n\n\t<p>\n\t\t<a href=\"https:\/\/lp2.suno.com.br\/cl\/black-friday-2025\/?utm_campaign=_SNCDF0E4858_\" target=\"_blank\" data-element=\"shortcode-suno-banner\" title=\"Banner SUNO, clique e saiba mais\">\n\t\t\t<picture>\n\t\t\t\t<source media=\"(max-width: 500px)\" srcset=\"https:\/\/files.sunoresearch.com.br\/n\/uploads\/2025\/10\/Artigos-e-Noticias-Banner-Home-artigos-01-Mobile_-400x300-1-png.webp\">\n\t\t\t\t<img class=\"newsContent__article__imgCapa newsContent__article__imgCapa--banner\"\n\t\t\t\t\tsrc=\"https:\/\/files.sunoresearch.com.br\/n\/uploads\/2025\/10\/Artigos-e-Noticias-Banner-Home-artigos-01-Desktop_-1420x240-1-png.webp\"\n\t\t\t\t\tdata-promo-id=\"311259\"\t\t\t\t\t\t\t\t\t\twidth='1420' height='240'\t\t\t\t\talt=\"https:\/\/files.sunoresearch.com.br\/n\/uploads\/2025\/10\/Artigos-e-Noticias-Banner-Home-artigos-01-Desktop_-1420x240-1-png.webp\"\n\t\t\t\t>\n\t\t\t<\/picture>\n\t\t<\/a>\n\t<\/p>\n\n\n<p>\u201cFoi determinado \u00e0 PRF que n\u00e3o fizesse opera\u00e7\u00f5es que prejudicassem o transporte p\u00fablico dos eleitores, exatamente para evitar atraso e permitindo que esses eleitores chegassem ao local. O diretor geral da PRF disse que n\u00e3o era conflitante com base no c\u00f3digo de tr\u00e2nsito. Onde houve aqui, e isso ser\u00e1 detalhado, as opera\u00e7\u00f5es, e foram in\u00fameras, segundo o diretor-geral, foram realizadas com base no c\u00f3digo de tr\u00e2nsito\u201d, disse <strong>Alexandre de Moraes<\/strong>, do <strong>TSE<\/strong>.<\/p>\n<p>\u201cIsso retardou a chegada dos eleitores, mas n\u00e3o impediu os eleitores de chegarem \u00e0s suas respectivas se\u00e7\u00f5es. Segundo o diretor-geral, foi essa quest\u00e3o de interpreta\u00e7\u00e3o. As vistorias foram feitas em \u00f4nibus sem condi\u00e7\u00f5es transitar, mas que n\u00e3o voltaram \u00e0 sua origem. Os eleitores seguiram e votaram. Foi determinado que todas as opera\u00e7\u00f5es cessassem em reuni\u00e3o\u201d, acrescentou.<\/p>\n<p>O ministro disse que o &#8216;preju\u00edzo foi o atraso&#8217;, mas que o transporte p\u00fablico n\u00e3o retornou ou foi interditado em nenhum local, somente teve atraso por conta das inspe\u00e7\u00f5es.<\/p>\n<p>Na v\u00e9spera, o ministro\u00a0<a href=\"https:\/\/www.suno.com.br\/noticias\/web-stories\/alexandre-moraes-bloqueio-telegram-brasil\/\"><strong>Alexandre de Moraes<\/strong><\/a>\u00a0havia decidido que qualquer opera\u00e7\u00e3o pela Pol\u00edcia Rodovi\u00e1ria Federal contra ve\u00edculos utilizados no transporte p\u00fablico de eleitores ficaria suspensa.<\/p>\n<p>Segundo levantamento da Folha de S. Paulo, foram cerca de 560 fiscaliza\u00e7\u00f5es somente at\u00e9 o meio da tarde deste domingo (30), quando ocorre o\u00a0<strong>segundo turno das elei\u00e7\u00f5es de 2022<\/strong>.<\/p>\n\t<p>\n\t\t<a href=\"https:\/\/lp.suno.com.br\/ebook-como-analisar-uma-acao\/\" target=\"_blank\" data-element=\"shortcode-suno-banner\" title=\"Banner SUNO, clique e saiba mais\">\n\t\t\t<picture>\n\t\t\t\t<source media=\"(max-width: 500px)\" srcset=\"https:\/\/files.sunoresearch.com.br\/n\/uploads\/2023\/12\/Ebook-Acoes-Mobile.jpg\">\n\t\t\t\t<img class=\"newsContent__article__imgCapa newsContent__article__imgCapa--banner\"\n\t\t\t\t\tsrc=\"https:\/\/files.sunoresearch.com.br\/n\/uploads\/2023\/12\/Ebook-Acoes-Desktop.webp\"\n\t\t\t\t\tdata-promo-id=\"311260\"\t\t\t\t\t\t\t\t\t\twidth='1420' height='286'\t\t\t\t\talt=\"https:\/\/files.sunoresearch.com.br\/n\/uploads\/2023\/12\/Ebook-Acoes-Desktop.webp\"\n\t\t\t\t>\n\t\t\t<\/picture>\n\t\t<\/a>\n\t<\/p>\n\n\n<p>Em meio a esse contexto, o magistrado determinou que o <strong>diretor da PRF<\/strong>, Silvinei Vasques, interrompa \u201cimediatamente\u201d opera\u00e7\u00f5es da corpora\u00e7\u00e3o sobre transporte p\u00fablico. A decis\u00e3o foi tomada ainda antes da coletiva, e posteriormente a um encontro entre o magistrado e o diretor da pol\u00edcia.<\/p>\n<p>Caso ele n\u00e3o cumpra a ordem, receber\u00e1 multa pessoal e hor\u00e1ria de R$ 100 mil e sofrer\u00e1 imediato afastamento das fun\u00e7\u00f5es e pris\u00e3o em flagrante por desobedi\u00eancia e crime eleitoral.<\/p>\n<p>Moraes, na ocasi\u00e3o, respondeu a uma a\u00e7\u00e3o da Coliga\u00e7\u00e3o Brasil da Esperan\u00e7a.\u00a0<a href=\"https:\/\/files.sunoresearch.com.br\/n\/uploads\/2022\/10\/PETICAO-MORAES.pdf?__hstc=189907700.683be205053588a6a8174edf3b3f781a.1622644341353.1666984643309.1667149283562.2116&amp;__hssc=189907700.32.1667149283562&amp;__hsfp=1838470136\">Veja a decis\u00e3o do ministro da \u00edntegra aqui<\/a>.<\/p>\n<h2>Diretor da PRF alegou que a\u00e7\u00f5es &#8216;n\u00e3o s\u00e3o conflitantes&#8217;<\/h2>\n<p>Al\u00e9m disso, o\u00a0<strong>diretor-geral da\u00a0PRF<\/strong> disse que as opera\u00e7\u00f5es realizadas pela pol\u00edcia \u2018n\u00e3o s\u00e3o conflitantes\u2019 e seguir\u00e3o \u2018em curso normal\u2019 at\u00e9 o dia 1\u00ba de novembro. As afirma\u00e7\u00f5es foram reiteradas por Moraes durante a coletiva.<\/p>\n<p>Vasques tamb\u00e9m, por meio de of\u00edcio circular, prometeu o \u201cfiel cumprimento\u201d das decis\u00f5es de <strong>Moraes<\/strong>, mas n\u00e3o deu demais detalhes.<\/p>\n<p><a href=\"https:\/\/sei.prf.gov.br\/sei\/controlador_externo.php?acao=documento_conferir&amp;codigo_verificador=44689281&amp;codigo_crc=62907208&amp;hash_download=7ca8998244380a75545427237bc32c6264e9b3a5a1f6d3889c2f9b1ed332052d65639d4e18da6a1846b94b4e5fbd0d25ff18fe7233dac41aab995f4379f913dd&amp;visualizacao=1&amp;id_orgao_acesso_externo=0\">Leia o documento do diretor-geral da <strong>PRF<\/strong> na \u00edntegra aqui.<\/a><\/p>\n\t<p>\n\t\t<a href=\"https:\/\/lp.suno.com.br\/minicurso-investindo-fiis\/\" target=\"_blank\" data-element=\"shortcode-suno-banner\" title=\"Banner SUNO, clique e saiba mais\">\n\t\t\t<picture>\n\t\t\t\t<source media=\"(max-width: 500px)\" srcset=\"https:\/\/files.sunoresearch.com.br\/n\/uploads\/2023\/07\/400x300-Minicurso-FIIS.png\">\n\t\t\t\t<img class=\"newsContent__article__imgCapa newsContent__article__imgCapa--banner\"\n\t\t\t\t\tsrc=\"https:\/\/files.sunoresearch.com.br\/n\/uploads\/2023\/07\/1420x240-Minicurso-FIIS.png\"\n\t\t\t\t\tdata-promo-id=\"311935\"\t\t\t\t\t\t\t\t\t\twidth='1420' height='240'\t\t\t\t\talt=\"https:\/\/files.sunoresearch.com.br\/n\/uploads\/2023\/07\/1420x240-Minicurso-FIIS.png\"\n\t\t\t\t>\n\t\t\t<\/picture>\n\t\t<\/a>\n\t<\/p>\n\n\n","protected":false},"excerpt":{"rendered":"<p>Segundo o ministro Alexandre de Moraes, presidente do Tribunal Superior Eleitoral (TSE), a Pol\u00edcia Rodovi\u00e1ria Federal (PRF) n\u00e3o impediu nenhum eleitor de votar, mas somente atrasou alguns eleitores. A declara\u00e7\u00e3o foi dada em coletiva de imprensa neste domingo (30), dia do segundo turno das elei\u00e7\u00f5es. \u201cFoi determinado \u00e0 PRF que n\u00e3o fizesse opera\u00e7\u00f5es que prejudicassem [&hellip;]<\/p>\n","protected":false},"author":73,"featured_media":313497,"comment_status":"closed","ping_status":"closed","sticky":false,"template":"","format":"standard","meta":[],"categories":[61],"tags":[697,845,785,741],"suno_strategy":[],"class_list":["post-313494","post","type-post","status-publish","format-standard","has-post-thumbnail","hentry","category-politica","tag-eleicoes","tag-policia-federal","tag-supremo-tribunal-federal-stf","tag-tribunal-superior-eleitoral-tse"],"yoast_head":"<!-- This site is optimized with the Yoast SEO plugin v24.4 - https:\/\/yoast.com\/wordpress\/plugins\/seo\/ -->\n<title>\u2018PRF n\u00e3o impediu eleitores de votar\u2019, diz Alexandre de Moraes, do TSE<\/title>\n<meta name=\"description\" content=\"Em coletiva, Moraes, que presidente o TSE, alegou que as a\u00e7\u00f5es da PRF n\u00e3o impediram eleitores de votar, mas os atrasaram. Clique e confira!\" \/>\n<meta name=\"robots\" content=\"index, follow, max-snippet:-1, max-image-preview:large, max-video-preview:-1\" \/>\n<link rel=\"canonical\" href=\"https:\/\/www.suno.com.br\/noticias\/prf-alexandre-de-moraes-presidente-tse\/\" \/>\n<meta property=\"og:locale\" content=\"pt_BR\" \/>\n<meta property=\"og:type\" content=\"article\" \/>\n<meta property=\"og:title\" content=\"\u2018PRF n\u00e3o impediu eleitores de votar\u2019, diz Alexandre de Moraes, do TSE\" \/>\n<meta property=\"og:description\" content=\"Em coletiva, Moraes, que presidente o TSE, alegou que as a\u00e7\u00f5es da PRF n\u00e3o impediram eleitores de votar, mas os atrasaram. Clique e confira!\" \/>\n<meta property=\"og:url\" content=\"https:\/\/www.suno.com.br\/noticias\/prf-alexandre-de-moraes-presidente-tse\/\" \/>\n<meta property=\"og:site_name\" content=\"Suno Not\u00edcias\" \/>\n<meta property=\"article:publisher\" content=\"https:\/\/facebook.com\/sunoresearch\" \/>\n<meta property=\"og:image\" content=\"https:\/\/files.sunoresearch.com.br\/n\/uploads\/2022\/10\/PRF-TSE-ALEXANDRE-DE-MORAES.jpg\" \/>\n\t<meta property=\"og:image:width\" content=\"1366\" \/>\n\t<meta property=\"og:image:height\" content=\"768\" \/>\n\t<meta property=\"og:image:type\" content=\"image\/jpeg\" \/>\n<meta name=\"author\" content=\"Eduardo Vargas\" \/>\n<meta name=\"twitter:card\" content=\"summary_large_image\" \/>\n<meta name=\"twitter:creator\" content=\"@sunoresearch\" \/>\n<meta name=\"twitter:site\" content=\"@sunoresearch\" \/>\n<meta name=\"twitter:label1\" content=\"Escrito por\" \/>\n\t<meta name=\"twitter:data1\" content=\"Eduardo Vargas\" \/>\n\t<meta name=\"twitter:label2\" content=\"Est. tempo de leitura\" \/>\n\t<meta name=\"twitter:data2\" content=\"2 minutos\" \/>\n<script type=\"application\/ld+json\" class=\"yoast-schema-graph\">{\"@context\":\"https:\/\/schema.org\",\"@graph\":[{\"@type\":\"NewsArticle\",\"@id\":\"https:\/\/www.suno.com.br\/noticias\/prf-alexandre-de-moraes-presidente-tse\/#article\",\"isPartOf\":{\"@id\":\"https:\/\/www.suno.com.br\/noticias\/prf-alexandre-de-moraes-presidente-tse\/\"},\"author\":{\"name\":\"Eduardo Vargas\",\"@id\":\"https:\/\/www.suno.com.br\/noticias\/#\/schema\/person\/7f4d362bf3518e76090143ae77bb49a5\"},\"headline\":\"\u2018PRF n\u00e3o impediu eleitores de votar\u2019, diz Alexandre de Moraes, presidente do TSE\",\"datePublished\":\"2022-10-30T19:46:27+00:00\",\"mainEntityOfPage\":{\"@id\":\"https:\/\/www.suno.com.br\/noticias\/prf-alexandre-de-moraes-presidente-tse\/\"},\"wordCount\":506,\"publisher\":{\"@id\":\"https:\/\/www.suno.com.br\/noticias\/#organization\"},\"image\":{\"@id\":\"https:\/\/www.suno.com.br\/noticias\/prf-alexandre-de-moraes-presidente-tse\/#primaryimage\"},\"thumbnailUrl\":\"https:\/\/files.sunoresearch.com.br\/n\/uploads\/2022\/10\/PRF-TSE-ALEXANDRE-DE-MORAES.jpg\",\"keywords\":[\"Elei\u00e7\u00f5es\",\"Pol\u00edcia Federal\",\"Supremo Tribunal Federal (STF)\",\"Tribunal Superior Eleitoral (TSE)\"],\"articleSection\":[\"Pol\u00edtica\"],\"inLanguage\":\"pt-BR\"},{\"@type\":\"WebPage\",\"@id\":\"https:\/\/www.suno.com.br\/noticias\/prf-alexandre-de-moraes-presidente-tse\/\",\"url\":\"https:\/\/www.suno.com.br\/noticias\/prf-alexandre-de-moraes-presidente-tse\/\",\"name\":\"\u2018PRF n\u00e3o impediu eleitores de votar\u2019, diz Alexandre de Moraes, do TSE\",\"isPartOf\":{\"@id\":\"https:\/\/www.suno.com.br\/noticias\/#website\"},\"primaryImageOfPage\":{\"@id\":\"https:\/\/www.suno.com.br\/noticias\/prf-alexandre-de-moraes-presidente-tse\/#primaryimage\"},\"image\":{\"@id\":\"https:\/\/www.suno.com.br\/noticias\/prf-alexandre-de-moraes-presidente-tse\/#primaryimage\"},\"thumbnailUrl\":\"https:\/\/files.sunoresearch.com.br\/n\/uploads\/2022\/10\/PRF-TSE-ALEXANDRE-DE-MORAES.jpg\",\"datePublished\":\"2022-10-30T19:46:27+00:00\",\"description\":\"Em coletiva, Moraes, que presidente o TSE, alegou que as a\u00e7\u00f5es da PRF n\u00e3o impediram eleitores de votar, mas os atrasaram. Clique e confira!\",\"breadcrumb\":{\"@id\":\"https:\/\/www.suno.com.br\/noticias\/prf-alexandre-de-moraes-presidente-tse\/#breadcrumb\"},\"inLanguage\":\"pt-BR\",\"potentialAction\":[{\"@type\":\"ReadAction\",\"target\":[\"https:\/\/www.suno.com.br\/noticias\/prf-alexandre-de-moraes-presidente-tse\/\"]}]},{\"@type\":\"ImageObject\",\"inLanguage\":\"pt-BR\",\"@id\":\"https:\/\/www.suno.com.br\/noticias\/prf-alexandre-de-moraes-presidente-tse\/#primaryimage\",\"url\":\"https:\/\/files.sunoresearch.com.br\/n\/uploads\/2022\/10\/PRF-TSE-ALEXANDRE-DE-MORAES.jpg\",\"contentUrl\":\"https:\/\/files.sunoresearch.com.br\/n\/uploads\/2022\/10\/PRF-TSE-ALEXANDRE-DE-MORAES.jpg\",\"width\":1366,\"height\":768,\"caption\":\"Alexandre de Moraes - Reprodu\u00e7\u00e3o\/TSE\"},{\"@type\":\"BreadcrumbList\",\"@id\":\"https:\/\/www.suno.com.br\/noticias\/prf-alexandre-de-moraes-presidente-tse\/#breadcrumb\",\"itemListElement\":[{\"@type\":\"ListItem\",\"position\":1,\"name\":\"Not\u00edcias\",\"item\":\"https:\/\/www.suno.com.br\/noticias\/\"},{\"@type\":\"ListItem\",\"position\":2,\"name\":\"Pol\u00edtica\",\"item\":\"https:\/\/www.suno.com.br\/noticias\/politica\/\"},{\"@type\":\"ListItem\",\"position\":3,\"name\":\"\u2018PRF n\u00e3o impediu eleitores de votar\u2019, diz Alexandre de Moraes, presidente do TSE\"}]},{\"@type\":\"WebSite\",\"@id\":\"https:\/\/www.suno.com.br\/noticias\/#website\",\"url\":\"https:\/\/www.suno.com.br\/noticias\/\",\"name\":\"Suno Not\u00edcias\",\"description\":\"Seu portal de informa\u00e7\u00e3o sobre o mundo dos investimentos\",\"publisher\":{\"@id\":\"https:\/\/www.suno.com.br\/noticias\/#organization\"},\"potentialAction\":[{\"@type\":\"SearchAction\",\"target\":{\"@type\":\"EntryPoint\",\"urlTemplate\":\"https:\/\/www.suno.com.br\/noticias\/?s={search_term_string}\"},\"query-input\":{\"@type\":\"PropertyValueSpecification\",\"valueRequired\":true,\"valueName\":\"search_term_string\"}}],\"inLanguage\":\"pt-BR\"},{\"@type\":\"Organization\",\"@id\":\"https:\/\/www.suno.com.br\/noticias\/#organization\",\"name\":\"Suno Not\u00edcias\",\"url\":\"https:\/\/www.suno.com.br\/noticias\/\",\"logo\":{\"@type\":\"ImageObject\",\"inLanguage\":\"pt-BR\",\"@id\":\"https:\/\/www.suno.com.br\/noticias\/#\/schema\/logo\/image\/\",\"url\":\"https:\/\/files.sunoresearch.com.br\/n\/uploads\/2021\/09\/suno-logo.png\",\"contentUrl\":\"https:\/\/files.sunoresearch.com.br\/n\/uploads\/2021\/09\/suno-logo.png\",\"width\":180,\"height\":180,\"caption\":\"Suno Not\u00edcias\"},\"image\":{\"@id\":\"https:\/\/www.suno.com.br\/noticias\/#\/schema\/logo\/image\/\"},\"sameAs\":[\"https:\/\/facebook.com\/sunoresearch\",\"https:\/\/x.com\/sunoresearch\",\"https:\/\/www.instagram.com\/suno\",\"https:\/\/www.linkedin.com\/company\/suno-research\/\",\"https:\/\/www.youtube.com\/c\/sunoresearch\"]},{\"@type\":\"Person\",\"@id\":\"https:\/\/www.suno.com.br\/noticias\/#\/schema\/person\/7f4d362bf3518e76090143ae77bb49a5\",\"name\":\"Eduardo Vargas\",\"image\":{\"@type\":\"ImageObject\",\"inLanguage\":\"pt-BR\",\"@id\":\"https:\/\/www.suno.com.br\/noticias\/#\/schema\/person\/image\/\",\"url\":\"https:\/\/secure.gravatar.com\/avatar\/dac340933427a22924c9f99d1eb2e3f2?s=96&r=g\",\"contentUrl\":\"https:\/\/secure.gravatar.com\/avatar\/dac340933427a22924c9f99d1eb2e3f2?s=96&r=g\",\"caption\":\"Eduardo Vargas\"},\"description\":\"Jornalista formado pela UFSC, cobre macroeconomia, neg\u00f3cios e startups para o Suno Not\u00edcias, escrevendo principalmente not\u00edcias sobre o mercado financeiro e a bolsa de valores. No YouTube e no Instagram, \u00e9 respons\u00e1vel pela produ\u00e7\u00e3o de Reels e Shorts do Suno Not\u00edcias. Anteriormente, trabalhou cobrindo economia e cotidiano no ND+ e para o ND, maior jornal impresso de Santa Catarina. Cursou um semestre letivo de Estudos de M\u00eddia na Universidad de Buenos Aires.\",\"url\":\"https:\/\/www.suno.com.br\/noticias\/author\/eduardo-vargas\/\"}]}<\/script>\n<!-- \/ Yoast SEO plugin. -->","yoast_head_json":{"title":"\u2018PRF n\u00e3o impediu eleitores de votar\u2019, diz Alexandre de Moraes, do TSE","description":"Em coletiva, Moraes, que presidente o TSE, alegou que as a\u00e7\u00f5es da PRF n\u00e3o impediram eleitores de votar, mas os atrasaram. Clique e confira!","robots":{"index":"index","follow":"follow","max-snippet":"max-snippet:-1","max-image-preview":"max-image-preview:large","max-video-preview":"max-video-preview:-1"},"canonical":"https:\/\/www.suno.com.br\/noticias\/prf-alexandre-de-moraes-presidente-tse\/","og_locale":"pt_BR","og_type":"article","og_title":"\u2018PRF n\u00e3o impediu eleitores de votar\u2019, diz Alexandre de Moraes, do TSE","og_description":"Em coletiva, Moraes, que presidente o TSE, alegou que as a\u00e7\u00f5es da PRF n\u00e3o impediram eleitores de votar, mas os atrasaram. Clique e confira!","og_url":"https:\/\/www.suno.com.br\/noticias\/prf-alexandre-de-moraes-presidente-tse\/","og_site_name":"Suno Not\u00edcias","article_publisher":"https:\/\/facebook.com\/sunoresearch","og_image":[{"width":1366,"height":768,"url":"https:\/\/files.sunoresearch.com.br\/n\/uploads\/2022\/10\/PRF-TSE-ALEXANDRE-DE-MORAES.jpg","type":"image\/jpeg"}],"author":"Eduardo Vargas","twitter_card":"summary_large_image","twitter_creator":"@sunoresearch","twitter_site":"@sunoresearch","twitter_misc":{"Escrito por":"Eduardo Vargas","Est. tempo de leitura":"2 minutos"},"schema":{"@context":"https:\/\/schema.org","@graph":[{"@type":"NewsArticle","@id":"https:\/\/www.suno.com.br\/noticias\/prf-alexandre-de-moraes-presidente-tse\/#article","isPartOf":{"@id":"https:\/\/www.suno.com.br\/noticias\/prf-alexandre-de-moraes-presidente-tse\/"},"author":{"name":"Eduardo Vargas","@id":"https:\/\/www.suno.com.br\/noticias\/#\/schema\/person\/7f4d362bf3518e76090143ae77bb49a5"},"headline":"\u2018PRF n\u00e3o impediu eleitores de votar\u2019, diz Alexandre de Moraes, presidente do TSE","datePublished":"2022-10-30T19:46:27+00:00","mainEntityOfPage":{"@id":"https:\/\/www.suno.com.br\/noticias\/prf-alexandre-de-moraes-presidente-tse\/"},"wordCount":506,"publisher":{"@id":"https:\/\/www.suno.com.br\/noticias\/#organization"},"image":{"@id":"https:\/\/www.suno.com.br\/noticias\/prf-alexandre-de-moraes-presidente-tse\/#primaryimage"},"thumbnailUrl":"https:\/\/files.sunoresearch.com.br\/n\/uploads\/2022\/10\/PRF-TSE-ALEXANDRE-DE-MORAES.jpg","keywords":["Elei\u00e7\u00f5es","Pol\u00edcia Federal","Supremo Tribunal Federal (STF)","Tribunal Superior Eleitoral (TSE)"],"articleSection":["Pol\u00edtica"],"inLanguage":"pt-BR"},{"@type":"WebPage","@id":"https:\/\/www.suno.com.br\/noticias\/prf-alexandre-de-moraes-presidente-tse\/","url":"https:\/\/www.suno.com.br\/noticias\/prf-alexandre-de-moraes-presidente-tse\/","name":"\u2018PRF n\u00e3o impediu eleitores de votar\u2019, diz Alexandre de Moraes, do TSE","isPartOf":{"@id":"https:\/\/www.suno.com.br\/noticias\/#website"},"primaryImageOfPage":{"@id":"https:\/\/www.suno.com.br\/noticias\/prf-alexandre-de-moraes-presidente-tse\/#primaryimage"},"image":{"@id":"https:\/\/www.suno.com.br\/noticias\/prf-alexandre-de-moraes-presidente-tse\/#primaryimage"},"thumbnailUrl":"https:\/\/files.sunoresearch.com.br\/n\/uploads\/2022\/10\/PRF-TSE-ALEXANDRE-DE-MORAES.jpg","datePublished":"2022-10-30T19:46:27+00:00","description":"Em coletiva, Moraes, que presidente o TSE, alegou que as a\u00e7\u00f5es da PRF n\u00e3o impediram eleitores de votar, mas os atrasaram. Clique e confira!","breadcrumb":{"@id":"https:\/\/www.suno.com.br\/noticias\/prf-alexandre-de-moraes-presidente-tse\/#breadcrumb"},"inLanguage":"pt-BR","potentialAction":[{"@type":"ReadAction","target":["https:\/\/www.suno.com.br\/noticias\/prf-alexandre-de-moraes-presidente-tse\/"]}]},{"@type":"ImageObject","inLanguage":"pt-BR","@id":"https:\/\/www.suno.com.br\/noticias\/prf-alexandre-de-moraes-presidente-tse\/#primaryimage","url":"https:\/\/files.sunoresearch.com.br\/n\/uploads\/2022\/10\/PRF-TSE-ALEXANDRE-DE-MORAES.jpg","contentUrl":"https:\/\/files.sunoresearch.com.br\/n\/uploads\/2022\/10\/PRF-TSE-ALEXANDRE-DE-MORAES.jpg","width":1366,"height":768,"caption":"Alexandre de Moraes - Reprodu\u00e7\u00e3o\/TSE"},{"@type":"BreadcrumbList","@id":"https:\/\/www.suno.com.br\/noticias\/prf-alexandre-de-moraes-presidente-tse\/#breadcrumb","itemListElement":[{"@type":"ListItem","position":1,"name":"Not\u00edcias","item":"https:\/\/www.suno.com.br\/noticias\/"},{"@type":"ListItem","position":2,"name":"Pol\u00edtica","item":"https:\/\/www.suno.com.br\/noticias\/politica\/"},{"@type":"ListItem","position":3,"name":"\u2018PRF n\u00e3o impediu eleitores de votar\u2019, diz Alexandre de Moraes, presidente do TSE"}]},{"@type":"WebSite","@id":"https:\/\/www.suno.com.br\/noticias\/#website","url":"https:\/\/www.suno.com.br\/noticias\/","name":"Suno Not\u00edcias","description":"Seu portal de informa\u00e7\u00e3o sobre o mundo dos investimentos","publisher":{"@id":"https:\/\/www.suno.com.br\/noticias\/#organization"},"potentialAction":[{"@type":"SearchAction","target":{"@type":"EntryPoint","urlTemplate":"https:\/\/www.suno.com.br\/noticias\/?s={search_term_string}"},"query-input":{"@type":"PropertyValueSpecification","valueRequired":true,"valueName":"search_term_string"}}],"inLanguage":"pt-BR"},{"@type":"Organization","@id":"https:\/\/www.suno.com.br\/noticias\/#organization","name":"Suno Not\u00edcias","url":"https:\/\/www.suno.com.br\/noticias\/","logo":{"@type":"ImageObject","inLanguage":"pt-BR","@id":"https:\/\/www.suno.com.br\/noticias\/#\/schema\/logo\/image\/","url":"https:\/\/files.sunoresearch.com.br\/n\/uploads\/2021\/09\/suno-logo.png","contentUrl":"https:\/\/files.sunoresearch.com.br\/n\/uploads\/2021\/09\/suno-logo.png","width":180,"height":180,"caption":"Suno Not\u00edcias"},"image":{"@id":"https:\/\/www.suno.com.br\/noticias\/#\/schema\/logo\/image\/"},"sameAs":["https:\/\/facebook.com\/sunoresearch","https:\/\/x.com\/sunoresearch","https:\/\/www.instagram.com\/suno","https:\/\/www.linkedin.com\/company\/suno-research\/","https:\/\/www.youtube.com\/c\/sunoresearch"]},{"@type":"Person","@id":"https:\/\/www.suno.com.br\/noticias\/#\/schema\/person\/7f4d362bf3518e76090143ae77bb49a5","name":"Eduardo Vargas","image":{"@type":"ImageObject","inLanguage":"pt-BR","@id":"https:\/\/www.suno.com.br\/noticias\/#\/schema\/person\/image\/","url":"https:\/\/secure.gravatar.com\/avatar\/dac340933427a22924c9f99d1eb2e3f2?s=96&r=g","contentUrl":"https:\/\/secure.gravatar.com\/avatar\/dac340933427a22924c9f99d1eb2e3f2?s=96&r=g","caption":"Eduardo Vargas"},"description":"Jornalista formado pela UFSC, cobre macroeconomia, neg\u00f3cios e startups para o Suno Not\u00edcias, escrevendo principalmente not\u00edcias sobre o mercado financeiro e a bolsa de valores. No YouTube e no Instagram, \u00e9 respons\u00e1vel pela produ\u00e7\u00e3o de Reels e Shorts do Suno Not\u00edcias. Anteriormente, trabalhou cobrindo economia e cotidiano no ND+ e para o ND, maior jornal impresso de Santa Catarina. Cursou um semestre letivo de Estudos de M\u00eddia na Universidad de Buenos Aires.","url":"https:\/\/www.suno.com.br\/noticias\/author\/eduardo-vargas\/"}]}},"default_loop_html":"<div class=\"cardsPage__listCard__boxs\"><div class=\"cardsPage__listCard__boxs__img\"><a href=\"https:\/\/www.suno.com.br\/noticias\/prf-alexandre-de-moraes-presidente-tse\/\"><img class=\"mask\" src=\"https:\/\/www.suno.com.br\/noticias\/wp-content\/themes\/suno\/resources\/images\/spotlight\/spotlight1img\/bg-mask.png\" alt=\"Image Mask\"\/><img src=\"https:\/\/files.sunoresearch.com.br\/n\/uploads\/2022\/10\/PRF-TSE-ALEXANDRE-DE-MORAES-400x200.jpg\" alt=\"\u2018PRF n\u00e3o impediu eleitores de votar\u2019, diz Alexandre de Moraes, presidente do TSE\"\/><\/a><span class=\"spotlightCategory\"><a href=\"https:\/\/www.suno.com.br\/noticias\/politica\/\">Pol\u00edtica<\/a><\/span><\/div><div class=\"cardsPage__listCard__boxs__content\"><a href=\"https:\/\/www.suno.com.br\/noticias\/prf-alexandre-de-moraes-presidente-tse\/\"><h2 class=\"content__title\">\u2018PRF n\u00e3o impediu eleitores de votar\u2019, diz Alexandre de Moraes, presidente do TSE<\/h2><\/a><div class=\"newsContent__article__meta\"><div class=\"newsContent__article__meta__authorBox\"><a href=\"https:\/\/www.suno.com.br\/noticias\/author\/eduardo-vargas\/\" class=\"authorBox__avatar noMobi\"><img src=\"https:\/\/secure.gravatar.com\/avatar\/dac340933427a22924c9f99d1eb2e3f2?s=96&#038;r=g\" alt=\"Eduardo Vargas\"><\/a><div class=\"authorBox__name\"><span>por\n\t\t\t<a href=\"https:\/\/www.suno.com.br\/noticias\/author\/eduardo-vargas\/\"><span itemprop=\"author\">Eduardo Vargas<\/span><\/a><\/span><time datetime=\"2022-10-30T16:46:27-03:00\" itemprop=\"datePublished\">30\/10\/2022 16:46<\/time><\/div><\/div><\/div><\/div><\/div>","single_layout":"posts","amp_enabled":true,"_links":{"self":[{"href":"https:\/\/www.suno.com.br\/noticias\/wp-json\/wp\/v2\/posts\/313494"}],"collection":[{"href":"https:\/\/www.suno.com.br\/noticias\/wp-json\/wp\/v2\/posts"}],"about":[{"href":"https:\/\/www.suno.com.br\/noticias\/wp-json\/wp\/v2\/types\/post"}],"author":[{"embeddable":true,"href":"https:\/\/www.suno.com.br\/noticias\/wp-json\/wp\/v2\/users\/73"}],"replies":[{"embeddable":true,"href":"https:\/\/www.suno.com.br\/noticias\/wp-json\/wp\/v2\/comments?post=313494"}],"version-history":[{"count":1,"href":"https:\/\/www.suno.com.br\/noticias\/wp-json\/wp\/v2\/posts\/313494\/revisions"}],"predecessor-version":[{"id":313498,"href":"https:\/\/www.suno.com.br\/noticias\/wp-json\/wp\/v2\/posts\/313494\/revisions\/313498"}],"wp:featuredmedia":[{"embeddable":true,"href":"https:\/\/www.suno.com.br\/noticias\/wp-json\/wp\/v2\/media\/313497"}],"wp:attachment":[{"href":"https:\/\/www.suno.com.br\/noticias\/wp-json\/wp\/v2\/media?parent=313494"}],"wp:term":[{"taxonomy":"category","embeddable":true,"href":"https:\/\/www.suno.com.br\/noticias\/wp-json\/wp\/v2\/categories?post=313494"},{"taxonomy":"post_tag","embeddable":true,"href":"https:\/\/www.suno.com.br\/noticias\/wp-json\/wp\/v2\/tags?post=313494"},{"taxonomy":"suno_strategy","embeddable":true,"href":"https:\/\/www.suno.com.br\/noticias\/wp-json\/wp\/v2\/suno_strategy?post=313494"}],"curies":[{"name":"wp","href":"https:\/\/api.w.org\/{rel}","templated":true}]}}