{"id":31343,"date":"2019-07-18T10:16:38","date_gmt":"2019-07-18T13:16:38","guid":{"rendered":"https:\/\/www.suno.com.br\/noticias\/?p=31343"},"modified":"2019-07-18T10:16:38","modified_gmt":"2019-07-18T13:16:38","slug":"ibovespa-18072019","status":"publish","type":"post","link":"https:\/\/www.suno.com.br\/noticias\/ibovespa-18072019\/","title":{"rendered":"Ibovespa sobe com mercado de olho no balan\u00e7o de 200 dias do governo"},"content":{"rendered":"<p>O Ibovespa opera em alta nesta quinta-feira (18). Por volta das 10h10, o \u00edndice registrava uma varia\u00e7\u00e3o positivo de 0,32% sendo cotado a 104.183,05 pontos.<\/p>\t<div class=\"wrapper-featured-image\">\n\t\t<figure class=\"spotlightImg\">\n\n\t\t\t<picture>\n\t\t\t\t<source media=\"(max-width: 768px)\" srcset=\"https:\/\/files.sunoresearch.com.br\/n\/uploads\/2018\/09\/de4d6372-dolar-ibovespa-400x200.webp\">\n\t\t\t\t<img loading=\"lazy\" decoding=\"async\" class=\"newsContent__article__imgCapa lazyloadDisabled newsContent__article__imgCapa--noCaption\" src=\"https:\/\/files.sunoresearch.com.br\/n\/uploads\/2018\/09\/de4d6372-dolar-ibovespa-800x450.webp\" width=\"800\" height=\"450\" alt=\"Ibovespa sobe com mercado de olho no balan\u00e7o de 200 dias do governo\" fetchpriority=high \/>\n\t\t\t<\/picture>\n\n\t\t\t<figcaption class=\"wp-caption-text wp-caption-text--hide\">Ibovespa<\/figcaption>\n\t\t<\/figure>\n\t<\/div>\n\n\n<p>O <strong>Ibovespa<\/strong> aguarda um novo est\u00edmulo para ter alta, uma vez que a <strong>reforma<\/strong> <strong>da<\/strong> <strong>Previd\u00eancia<\/strong> est\u00e1 estagnada devido ao recesso parlamentar. Enquanto os deputados n\u00e3o voltam \u00e0s suas cadeiras para realizar a vota\u00e7\u00e3o em segundo turno da proposta, o mercado analisa atentamente o cen\u00e1rio externo e as novas a\u00e7\u00f5es do governo <strong>Bolsonaro<\/strong>.<\/p>\n\t<p>\n\t\t<a href=\"https:\/\/lp.suno.com.br\/minicurso-investindo-fiis\/\" target=\"_blank\" data-element=\"shortcode-suno-banner\" title=\"Banner SUNO, clique e saiba mais\">\n\t\t\t<picture>\n\t\t\t\t<source media=\"(max-width: 500px)\" srcset=\"https:\/\/files.sunoresearch.com.br\/n\/uploads\/2023\/03\/400x300-Minicurso-FIIS.png\">\n\t\t\t\t<img class=\"newsContent__article__imgCapa newsContent__article__imgCapa--banner\"\n\t\t\t\t\tsrc=\"https:\/\/files.sunoresearch.com.br\/n\/uploads\/2023\/03\/1420x240-Minicurso-FIIS.png\"\n\t\t\t\t\tdata-promo-id=\"383125\"\t\t\t\t\t\t\t\t\t\twidth='1420' height='240'\t\t\t\t\talt=\"https:\/\/files.sunoresearch.com.br\/n\/uploads\/2023\/03\/1420x240-Minicurso-FIIS.png\"\n\t\t\t\t>\n\t\t\t<\/picture>\n\t\t<\/a>\n\t<\/p>\n\n\n<h2>FGTS pode movimentar a economia<\/h2>\n<p>Na \u00faltima quarta-feira (18), o presidente Jair Bolsonaro confirmou que o governo pode anunciar nesta semana uma proposta para que seja liberado saques das contas ativas do <a href=\"https:\/\/www.suno.com.br\/artigos\/fgts\/\">Fundo de Garantia do Tempo de Servi\u00e7o (FGTS)<\/a> e do PIS-Pasep.<\/p>\n<p>O governo deve anunciar ainda nesta quinta-feira, em evento do balan\u00e7o de 200 dias de Bolsonaro na presid\u00eancia, a proposta de saque. O presidente\u00a0dever\u00e1 decidir entre duas op\u00e7\u00f5es de medidas para saques do FGTS.<\/p>\n<p><a href=\"https:\/\/www.suno.com.br\/noticias\/fgts-saque-bolsonaro-pis-pasep\/\">Saiba mais:\u00a0Presidente Bolsonaro tem duas alternativas para liberar saque do FGTS<\/a><\/p>\n<p>A primeira medida seria sacar o <strong>FGTS<\/strong> de <strong>contas ativas<\/strong> e <strong>inativas<\/strong> no m\u00eas de seu anivers\u00e1rio, no entanto, haveria percentual limite. A segunda op\u00e7\u00e3o \u00e9 similar a opera\u00e7\u00e3o do ex-presidente Michel Temer de liberar saques apenas a contas inativas.<\/p>\n<p>Conforme os t\u00e9cnicos da equipe econ\u00f4mica, qualquer uma das medidas que ser\u00e3o escolhidas pelo presidente, injetar\u00e3o R$ 42 bilh\u00f5es na economia nacional.\u00a0Al\u00e9m disso, os t\u00e9cnicos reiteram que &#8220;os percentuais ser\u00e3o escalonados. Quem tiver menos na conta sacar\u00e1 mais, e quem tiver mais dinheiro ter\u00e1 direito a um percentual menor&#8221;.<\/p>\n<h2>Economia norte-americana em crescimento<\/h2>\n<p>Na \u00faltima quarta-feira (17), por meio de seu &#8220;Livro Bege&#8221;, o\u00a0<strong><a href=\"https:\/\/www.suno.com.br\/artigos\/fed\/\">Federal Reserve (Fed)<\/a><\/strong>, banco central norte-americano, informou que a <strong>economia<\/strong> dos Estados Unidos continua crescendo de forma moderada.<\/p>\n<p><a href=\"https:\/\/www.suno.com.br\/noticias\/fed-economia-eua-continua-crescendo\/\">Saiba mais:\u00a0Fed: Apesar de quest\u00f5es comerciais, economia dos EUA segue crescendo<\/a><\/p>\n<p>Conforme divulgado pelo Fed, as quest\u00f5es comerciais vivenciadas pelos <strong>Estados Unidos<\/strong> nos \u00faltimos meses n\u00e3o prejudicaram a economia do pa\u00eds. O banco informou que\u00a0o consumo no territ\u00f3rio norte-americano continua apresentando bons resultados.<\/p>\n<h2>Tens\u00e3o comercial amea\u00e7a economia mundial<\/h2>\n<p>Na \u00faltima quarta, a economista do <strong>Fundo Monet\u00e1rio Internacional<\/strong> (FMI), Gita Gopinath, disse que, gra\u00e7as as tens\u00f5es entre <strong>EUA<\/strong> e <strong>China<\/strong>, o desenvolvimento do com\u00e9rcio mundial est\u00e1 desacelerando.<\/p>\n<p>Al\u00e9m disso, Gopinath tamb\u00e9m disse que outras tens\u00f5es causam esse efeito da diminui\u00e7\u00e3o do movimento comercial. A economista-chefe do <strong>FMI<\/strong> acredita que as taxas alfandeg\u00e1rias, que podem ser impostas, tamb\u00e9m t\u00eam um certo peso sobre a confian\u00e7a das empresas.<\/p>\n<p>Segundo Gopinath, os conflitos que envolvem com\u00e9rcio e tecnologia est\u00e3o evidentemente impactando o com\u00e9rcio global. &#8220;Tem havido uma queda no crescimento do com\u00e9rcio mundial&#8221;, assegurou. A economista do FMI ainda fez quest\u00e3o de salientar a estimativa do Fundo. Para o FMI, as tarifas que China e EUA est\u00e3o impondo entre si, na guerra comercial, podem reduzir 0,5% do crescimento econ\u00f4mico global no ano que vem.<\/p>\n<p><a href=\"https:\/\/www.suno.com.br\/noticias\/disputas-comerciais-desaceleram-comercio-global-segundo-fmi\/\">Saiba mais:\u00a0Disputas comerciais desaceleram com\u00e9rcio global, segundo FMI\u00a0<\/a><\/p>\n<p>Dessa forma, a falta de investimentos em tecnologia pode aumentar. A briga entre os Estados Unidos e o gigante da tecnologia chines Huawei pode ser um dos agravantes para que isso ocorra.<\/p>\n\t<p>\n\t\t<a href=\"https:\/\/www.suno.com.br\/asset\/fundos\/suno-acoes-xp-seg-prev\/\" target=\"_blank\" data-element=\"shortcode-suno-banner\" title=\"Banner SUNO, clique e saiba mais\">\n\t\t\t<picture>\n\t\t\t\t<source media=\"(max-width: 500px)\" srcset=\"https:\/\/files.sunoresearch.com.br\/n\/uploads\/2023\/10\/SUNOPREV-v2-400x300-Mobile-Artigos-3.png\">\n\t\t\t\t<img class=\"newsContent__article__imgCapa newsContent__article__imgCapa--banner\"\n\t\t\t\t\tsrc=\"https:\/\/files.sunoresearch.com.br\/n\/uploads\/2023\/10\/SUNOPREV-v2-1420x240-Banner-Artigos-1-_-Banner-Materias-1.png\"\n\t\t\t\t\tdata-promo-id=\"476311\"\t\t\t\t\t\t\t\t\t\twidth='1420' height='240'\t\t\t\t\talt=\"https:\/\/files.sunoresearch.com.br\/n\/uploads\/2023\/10\/SUNOPREV-v2-1420x240-Banner-Artigos-1-_-Banner-Materias-1.png\"\n\t\t\t\t>\n\t\t\t<\/picture>\n\t\t<\/a>\n\t<\/p>\n\n\n<h2>\u00daltima cota\u00e7\u00e3o<\/h2>\n<p>Na \u00faltima quarta-feira (17), o <strong>Ibovespa<\/strong> registrou uma alta de 0,08% somando 103.855 pontos.<\/p>\n","protected":false},"excerpt":{"rendered":"<p>O Ibovespa opera em alta nesta quinta-feira (18). Por volta das 10h10, o \u00edndice registrava uma varia\u00e7\u00e3o positivo de 0,32% sendo cotado a 104.183,05 pontos. Ibovespa O Ibovespa aguarda um novo est\u00edmulo para ter alta, uma vez que a reforma da Previd\u00eancia est\u00e1 estagnada devido ao recesso parlamentar. Enquanto os deputados n\u00e3o voltam \u00e0s suas [&hellip;]<\/p>\n","protected":false},"author":11,"featured_media":3936,"comment_status":"closed","ping_status":"closed","sticky":false,"template":"","format":"standard","meta":[],"categories":[60],"tags":[721],"suno_strategy":[],"class_list":["post-31343","post","type-post","status-publish","format-standard","has-post-thumbnail","hentry","category-mercado","tag-ibovespa"],"yoast_head":"<!-- This site is optimized with the Yoast SEO plugin v24.4 - https:\/\/yoast.com\/wordpress\/plugins\/seo\/ -->\n<title>Ibovespa sobe com mercado de olho no balan\u00e7o de 200 dias do governo<\/title>\n<meta name=\"description\" content=\"Na \u00faltima sess\u00e3o, quarta-feira (17), o Ibovespa registrou uma alta de 0,08% somando 103.855 pontos. Clique para saber mais.\" \/>\n<meta name=\"robots\" content=\"index, follow, max-snippet:-1, max-image-preview:large, max-video-preview:-1\" \/>\n<link rel=\"canonical\" href=\"https:\/\/www.suno.com.br\/noticias\/ibovespa-18072019\/\" \/>\n<meta property=\"og:locale\" content=\"pt_BR\" \/>\n<meta property=\"og:type\" content=\"article\" \/>\n<meta property=\"og:title\" content=\"Ibovespa sobe com mercado de olho no balan\u00e7o de 200 dias do governo\" \/>\n<meta property=\"og:description\" content=\"Na \u00faltima sess\u00e3o, quarta-feira (17), o Ibovespa registrou uma alta de 0,08% somando 103.855 pontos. Clique para saber mais.\" \/>\n<meta property=\"og:url\" content=\"https:\/\/www.suno.com.br\/noticias\/ibovespa-18072019\/\" \/>\n<meta property=\"og:site_name\" content=\"Suno Not\u00edcias\" \/>\n<meta property=\"article:publisher\" content=\"https:\/\/facebook.com\/sunoresearch\" \/>\n<meta property=\"og:image\" content=\"https:\/\/files.sunoresearch.com.br\/n\/uploads\/2018\/09\/de4d6372-dolar-ibovespa.jpg\" \/>\n\t<meta property=\"og:image:width\" content=\"2560\" \/>\n\t<meta property=\"og:image:height\" content=\"1359\" \/>\n\t<meta property=\"og:image:type\" content=\"image\/jpeg\" \/>\n<meta name=\"author\" content=\"Renan Bandeira\" \/>\n<meta name=\"twitter:card\" content=\"summary_large_image\" \/>\n<meta name=\"twitter:creator\" content=\"@sunoresearch\" \/>\n<meta name=\"twitter:site\" content=\"@sunoresearch\" \/>\n<meta name=\"twitter:label1\" content=\"Escrito por\" \/>\n\t<meta name=\"twitter:data1\" content=\"Renan Bandeira\" \/>\n\t<meta name=\"twitter:label2\" content=\"Est. tempo de leitura\" \/>\n\t<meta name=\"twitter:data2\" content=\"3 minutos\" \/>\n<script type=\"application\/ld+json\" class=\"yoast-schema-graph\">{\"@context\":\"https:\/\/schema.org\",\"@graph\":[{\"@type\":\"NewsArticle\",\"@id\":\"https:\/\/www.suno.com.br\/noticias\/ibovespa-18072019\/#article\",\"isPartOf\":{\"@id\":\"https:\/\/www.suno.com.br\/noticias\/ibovespa-18072019\/\"},\"author\":{\"name\":\"Renan Bandeira\",\"@id\":\"https:\/\/www.suno.com.br\/noticias\/#\/schema\/person\/fc144a1c6108bd1dcd43784e88a3c138\"},\"headline\":\"Ibovespa sobe com mercado de olho no balan\u00e7o de 200 dias do governo\",\"datePublished\":\"2019-07-18T13:16:38+00:00\",\"mainEntityOfPage\":{\"@id\":\"https:\/\/www.suno.com.br\/noticias\/ibovespa-18072019\/\"},\"wordCount\":588,\"publisher\":{\"@id\":\"https:\/\/www.suno.com.br\/noticias\/#organization\"},\"image\":{\"@id\":\"https:\/\/www.suno.com.br\/noticias\/ibovespa-18072019\/#primaryimage\"},\"thumbnailUrl\":\"https:\/\/files.sunoresearch.com.br\/n\/uploads\/2018\/09\/de4d6372-dolar-ibovespa-jpg.webp\",\"keywords\":[\"Ibovespa\"],\"articleSection\":[\"Mercado\"],\"inLanguage\":\"pt-BR\"},{\"@type\":\"WebPage\",\"@id\":\"https:\/\/www.suno.com.br\/noticias\/ibovespa-18072019\/\",\"url\":\"https:\/\/www.suno.com.br\/noticias\/ibovespa-18072019\/\",\"name\":\"Ibovespa sobe com mercado de olho no balan\u00e7o de 200 dias do governo\",\"isPartOf\":{\"@id\":\"https:\/\/www.suno.com.br\/noticias\/#website\"},\"primaryImageOfPage\":{\"@id\":\"https:\/\/www.suno.com.br\/noticias\/ibovespa-18072019\/#primaryimage\"},\"image\":{\"@id\":\"https:\/\/www.suno.com.br\/noticias\/ibovespa-18072019\/#primaryimage\"},\"thumbnailUrl\":\"https:\/\/files.sunoresearch.com.br\/n\/uploads\/2018\/09\/de4d6372-dolar-ibovespa-jpg.webp\",\"datePublished\":\"2019-07-18T13:16:38+00:00\",\"description\":\"Na \u00faltima sess\u00e3o, quarta-feira (17), o Ibovespa registrou uma alta de 0,08% somando 103.855 pontos. Clique para saber mais.\",\"breadcrumb\":{\"@id\":\"https:\/\/www.suno.com.br\/noticias\/ibovespa-18072019\/#breadcrumb\"},\"inLanguage\":\"pt-BR\",\"potentialAction\":[{\"@type\":\"ReadAction\",\"target\":[\"https:\/\/www.suno.com.br\/noticias\/ibovespa-18072019\/\"]}]},{\"@type\":\"ImageObject\",\"inLanguage\":\"pt-BR\",\"@id\":\"https:\/\/www.suno.com.br\/noticias\/ibovespa-18072019\/#primaryimage\",\"url\":\"https:\/\/files.sunoresearch.com.br\/n\/uploads\/2018\/09\/de4d6372-dolar-ibovespa-jpg.webp\",\"contentUrl\":\"https:\/\/files.sunoresearch.com.br\/n\/uploads\/2018\/09\/de4d6372-dolar-ibovespa-jpg.webp\",\"width\":2560,\"height\":1359,\"caption\":\"Ibovespa\"},{\"@type\":\"BreadcrumbList\",\"@id\":\"https:\/\/www.suno.com.br\/noticias\/ibovespa-18072019\/#breadcrumb\",\"itemListElement\":[{\"@type\":\"ListItem\",\"position\":1,\"name\":\"Not\u00edcias\",\"item\":\"https:\/\/www.suno.com.br\/noticias\/\"},{\"@type\":\"ListItem\",\"position\":2,\"name\":\"Mercado\",\"item\":\"https:\/\/www.suno.com.br\/noticias\/mercado\/\"},{\"@type\":\"ListItem\",\"position\":3,\"name\":\"Ibovespa sobe com mercado de olho no balan\u00e7o de 200 dias do governo\"}]},{\"@type\":\"WebSite\",\"@id\":\"https:\/\/www.suno.com.br\/noticias\/#website\",\"url\":\"https:\/\/www.suno.com.br\/noticias\/\",\"name\":\"Suno Not\u00edcias\",\"description\":\"Seu portal de informa\u00e7\u00e3o sobre o mundo dos investimentos\",\"publisher\":{\"@id\":\"https:\/\/www.suno.com.br\/noticias\/#organization\"},\"potentialAction\":[{\"@type\":\"SearchAction\",\"target\":{\"@type\":\"EntryPoint\",\"urlTemplate\":\"https:\/\/www.suno.com.br\/noticias\/?s={search_term_string}\"},\"query-input\":{\"@type\":\"PropertyValueSpecification\",\"valueRequired\":true,\"valueName\":\"search_term_string\"}}],\"inLanguage\":\"pt-BR\"},{\"@type\":\"Organization\",\"@id\":\"https:\/\/www.suno.com.br\/noticias\/#organization\",\"name\":\"Suno Not\u00edcias\",\"url\":\"https:\/\/www.suno.com.br\/noticias\/\",\"logo\":{\"@type\":\"ImageObject\",\"inLanguage\":\"pt-BR\",\"@id\":\"https:\/\/www.suno.com.br\/noticias\/#\/schema\/logo\/image\/\",\"url\":\"https:\/\/files.sunoresearch.com.br\/n\/uploads\/2021\/09\/suno-logo.png\",\"contentUrl\":\"https:\/\/files.sunoresearch.com.br\/n\/uploads\/2021\/09\/suno-logo.png\",\"width\":180,\"height\":180,\"caption\":\"Suno Not\u00edcias\"},\"image\":{\"@id\":\"https:\/\/www.suno.com.br\/noticias\/#\/schema\/logo\/image\/\"},\"sameAs\":[\"https:\/\/facebook.com\/sunoresearch\",\"https:\/\/x.com\/sunoresearch\",\"https:\/\/www.instagram.com\/suno\",\"https:\/\/www.linkedin.com\/company\/suno-research\/\",\"https:\/\/www.youtube.com\/c\/sunoresearch\"]},{\"@type\":\"Person\",\"@id\":\"https:\/\/www.suno.com.br\/noticias\/#\/schema\/person\/fc144a1c6108bd1dcd43784e88a3c138\",\"name\":\"Renan Bandeira\",\"image\":{\"@type\":\"ImageObject\",\"inLanguage\":\"pt-BR\",\"@id\":\"https:\/\/www.suno.com.br\/noticias\/#\/schema\/person\/image\/\",\"url\":\"https:\/\/secure.gravatar.com\/avatar\/68359cdb608f14f11bbefcb78f3fc747?s=96&r=g\",\"contentUrl\":\"https:\/\/secure.gravatar.com\/avatar\/68359cdb608f14f11bbefcb78f3fc747?s=96&r=g\",\"caption\":\"Renan Bandeira\"},\"description\":\"Renan Bandeira escreve sobre pol\u00edtica e economia para o portal da Suno Research. Antes da Suno, trabalhou em uma rede de televis\u00e3o, onde fazia reportagens sobre os mesmos temas. Estuda na Universidade Metodista de S\u00e3o Paulo.\",\"url\":\"https:\/\/www.suno.com.br\/noticias\/author\/renan-bandeira\/\"}]}<\/script>\n<!-- \/ Yoast SEO plugin. -->","yoast_head_json":{"title":"Ibovespa sobe com mercado de olho no balan\u00e7o de 200 dias do governo","description":"Na \u00faltima sess\u00e3o, quarta-feira (17), o Ibovespa registrou uma alta de 0,08% somando 103.855 pontos. Clique para saber mais.","robots":{"index":"index","follow":"follow","max-snippet":"max-snippet:-1","max-image-preview":"max-image-preview:large","max-video-preview":"max-video-preview:-1"},"canonical":"https:\/\/www.suno.com.br\/noticias\/ibovespa-18072019\/","og_locale":"pt_BR","og_type":"article","og_title":"Ibovespa sobe com mercado de olho no balan\u00e7o de 200 dias do governo","og_description":"Na \u00faltima sess\u00e3o, quarta-feira (17), o Ibovespa registrou uma alta de 0,08% somando 103.855 pontos. Clique para saber mais.","og_url":"https:\/\/www.suno.com.br\/noticias\/ibovespa-18072019\/","og_site_name":"Suno Not\u00edcias","article_publisher":"https:\/\/facebook.com\/sunoresearch","og_image":[{"width":2560,"height":1359,"url":"https:\/\/files.sunoresearch.com.br\/n\/uploads\/2018\/09\/de4d6372-dolar-ibovespa.jpg","type":"image\/jpeg"}],"author":"Renan Bandeira","twitter_card":"summary_large_image","twitter_creator":"@sunoresearch","twitter_site":"@sunoresearch","twitter_misc":{"Escrito por":"Renan Bandeira","Est. tempo de leitura":"3 minutos"},"schema":{"@context":"https:\/\/schema.org","@graph":[{"@type":"NewsArticle","@id":"https:\/\/www.suno.com.br\/noticias\/ibovespa-18072019\/#article","isPartOf":{"@id":"https:\/\/www.suno.com.br\/noticias\/ibovespa-18072019\/"},"author":{"name":"Renan Bandeira","@id":"https:\/\/www.suno.com.br\/noticias\/#\/schema\/person\/fc144a1c6108bd1dcd43784e88a3c138"},"headline":"Ibovespa sobe com mercado de olho no balan\u00e7o de 200 dias do governo","datePublished":"2019-07-18T13:16:38+00:00","mainEntityOfPage":{"@id":"https:\/\/www.suno.com.br\/noticias\/ibovespa-18072019\/"},"wordCount":588,"publisher":{"@id":"https:\/\/www.suno.com.br\/noticias\/#organization"},"image":{"@id":"https:\/\/www.suno.com.br\/noticias\/ibovespa-18072019\/#primaryimage"},"thumbnailUrl":"https:\/\/files.sunoresearch.com.br\/n\/uploads\/2018\/09\/de4d6372-dolar-ibovespa-jpg.webp","keywords":["Ibovespa"],"articleSection":["Mercado"],"inLanguage":"pt-BR"},{"@type":"WebPage","@id":"https:\/\/www.suno.com.br\/noticias\/ibovespa-18072019\/","url":"https:\/\/www.suno.com.br\/noticias\/ibovespa-18072019\/","name":"Ibovespa sobe com mercado de olho no balan\u00e7o de 200 dias do governo","isPartOf":{"@id":"https:\/\/www.suno.com.br\/noticias\/#website"},"primaryImageOfPage":{"@id":"https:\/\/www.suno.com.br\/noticias\/ibovespa-18072019\/#primaryimage"},"image":{"@id":"https:\/\/www.suno.com.br\/noticias\/ibovespa-18072019\/#primaryimage"},"thumbnailUrl":"https:\/\/files.sunoresearch.com.br\/n\/uploads\/2018\/09\/de4d6372-dolar-ibovespa-jpg.webp","datePublished":"2019-07-18T13:16:38+00:00","description":"Na \u00faltima sess\u00e3o, quarta-feira (17), o Ibovespa registrou uma alta de 0,08% somando 103.855 pontos. Clique para saber mais.","breadcrumb":{"@id":"https:\/\/www.suno.com.br\/noticias\/ibovespa-18072019\/#breadcrumb"},"inLanguage":"pt-BR","potentialAction":[{"@type":"ReadAction","target":["https:\/\/www.suno.com.br\/noticias\/ibovespa-18072019\/"]}]},{"@type":"ImageObject","inLanguage":"pt-BR","@id":"https:\/\/www.suno.com.br\/noticias\/ibovespa-18072019\/#primaryimage","url":"https:\/\/files.sunoresearch.com.br\/n\/uploads\/2018\/09\/de4d6372-dolar-ibovespa-jpg.webp","contentUrl":"https:\/\/files.sunoresearch.com.br\/n\/uploads\/2018\/09\/de4d6372-dolar-ibovespa-jpg.webp","width":2560,"height":1359,"caption":"Ibovespa"},{"@type":"BreadcrumbList","@id":"https:\/\/www.suno.com.br\/noticias\/ibovespa-18072019\/#breadcrumb","itemListElement":[{"@type":"ListItem","position":1,"name":"Not\u00edcias","item":"https:\/\/www.suno.com.br\/noticias\/"},{"@type":"ListItem","position":2,"name":"Mercado","item":"https:\/\/www.suno.com.br\/noticias\/mercado\/"},{"@type":"ListItem","position":3,"name":"Ibovespa sobe com mercado de olho no balan\u00e7o de 200 dias do governo"}]},{"@type":"WebSite","@id":"https:\/\/www.suno.com.br\/noticias\/#website","url":"https:\/\/www.suno.com.br\/noticias\/","name":"Suno Not\u00edcias","description":"Seu portal de informa\u00e7\u00e3o sobre o mundo dos investimentos","publisher":{"@id":"https:\/\/www.suno.com.br\/noticias\/#organization"},"potentialAction":[{"@type":"SearchAction","target":{"@type":"EntryPoint","urlTemplate":"https:\/\/www.suno.com.br\/noticias\/?s={search_term_string}"},"query-input":{"@type":"PropertyValueSpecification","valueRequired":true,"valueName":"search_term_string"}}],"inLanguage":"pt-BR"},{"@type":"Organization","@id":"https:\/\/www.suno.com.br\/noticias\/#organization","name":"Suno Not\u00edcias","url":"https:\/\/www.suno.com.br\/noticias\/","logo":{"@type":"ImageObject","inLanguage":"pt-BR","@id":"https:\/\/www.suno.com.br\/noticias\/#\/schema\/logo\/image\/","url":"https:\/\/files.sunoresearch.com.br\/n\/uploads\/2021\/09\/suno-logo.png","contentUrl":"https:\/\/files.sunoresearch.com.br\/n\/uploads\/2021\/09\/suno-logo.png","width":180,"height":180,"caption":"Suno Not\u00edcias"},"image":{"@id":"https:\/\/www.suno.com.br\/noticias\/#\/schema\/logo\/image\/"},"sameAs":["https:\/\/facebook.com\/sunoresearch","https:\/\/x.com\/sunoresearch","https:\/\/www.instagram.com\/suno","https:\/\/www.linkedin.com\/company\/suno-research\/","https:\/\/www.youtube.com\/c\/sunoresearch"]},{"@type":"Person","@id":"https:\/\/www.suno.com.br\/noticias\/#\/schema\/person\/fc144a1c6108bd1dcd43784e88a3c138","name":"Renan Bandeira","image":{"@type":"ImageObject","inLanguage":"pt-BR","@id":"https:\/\/www.suno.com.br\/noticias\/#\/schema\/person\/image\/","url":"https:\/\/secure.gravatar.com\/avatar\/68359cdb608f14f11bbefcb78f3fc747?s=96&r=g","contentUrl":"https:\/\/secure.gravatar.com\/avatar\/68359cdb608f14f11bbefcb78f3fc747?s=96&r=g","caption":"Renan Bandeira"},"description":"Renan Bandeira escreve sobre pol\u00edtica e economia para o portal da Suno Research. Antes da Suno, trabalhou em uma rede de televis\u00e3o, onde fazia reportagens sobre os mesmos temas. Estuda na Universidade Metodista de S\u00e3o Paulo.","url":"https:\/\/www.suno.com.br\/noticias\/author\/renan-bandeira\/"}]}},"default_loop_html":"<div class=\"cardsPage__listCard__boxs\"><div class=\"cardsPage__listCard__boxs__img\"><a href=\"https:\/\/www.suno.com.br\/noticias\/ibovespa-18072019\/\"><img class=\"mask\" src=\"https:\/\/www.suno.com.br\/noticias\/wp-content\/themes\/suno\/resources\/images\/spotlight\/spotlight1img\/bg-mask.png\" alt=\"Image Mask\"\/><img src=\"https:\/\/files.sunoresearch.com.br\/n\/uploads\/2018\/09\/de4d6372-dolar-ibovespa-400x200.webp\" alt=\"Ibovespa sobe com mercado de olho no balan\u00e7o de 200 dias do governo\"\/><\/a><span class=\"spotlightCategory\"><a href=\"https:\/\/www.suno.com.br\/noticias\/mercado\/\">Mercado<\/a><\/span><\/div><div class=\"cardsPage__listCard__boxs__content\"><a href=\"https:\/\/www.suno.com.br\/noticias\/ibovespa-18072019\/\"><h2 class=\"content__title\">Ibovespa sobe com mercado de olho no balan\u00e7o de 200 dias do governo<\/h2><\/a><div class=\"newsContent__article__meta\"><div class=\"newsContent__article__meta__authorBox\"><a href=\"https:\/\/www.suno.com.br\/noticias\/author\/renan-bandeira\/\" class=\"authorBox__avatar noMobi\"><img src=\"https:\/\/secure.gravatar.com\/avatar\/68359cdb608f14f11bbefcb78f3fc747?s=96&#038;r=g\" alt=\"Renan Bandeira\"><\/a><div class=\"authorBox__name\"><span>por\n\t\t\t<a href=\"https:\/\/www.suno.com.br\/noticias\/author\/renan-bandeira\/\"><span itemprop=\"author\">Renan Bandeira<\/span><\/a><\/span><time datetime=\"2019-07-18T10:16:38-03:00\" itemprop=\"datePublished\">18\/07\/2019 10:16<\/time><\/div><\/div><\/div><\/div><\/div>","single_layout":"posts","amp_enabled":true,"_links":{"self":[{"href":"https:\/\/www.suno.com.br\/noticias\/wp-json\/wp\/v2\/posts\/31343"}],"collection":[{"href":"https:\/\/www.suno.com.br\/noticias\/wp-json\/wp\/v2\/posts"}],"about":[{"href":"https:\/\/www.suno.com.br\/noticias\/wp-json\/wp\/v2\/types\/post"}],"author":[{"embeddable":true,"href":"https:\/\/www.suno.com.br\/noticias\/wp-json\/wp\/v2\/users\/11"}],"replies":[{"embeddable":true,"href":"https:\/\/www.suno.com.br\/noticias\/wp-json\/wp\/v2\/comments?post=31343"}],"version-history":[{"count":0,"href":"https:\/\/www.suno.com.br\/noticias\/wp-json\/wp\/v2\/posts\/31343\/revisions"}],"wp:featuredmedia":[{"embeddable":true,"href":"https:\/\/www.suno.com.br\/noticias\/wp-json\/wp\/v2\/media\/3936"}],"wp:attachment":[{"href":"https:\/\/www.suno.com.br\/noticias\/wp-json\/wp\/v2\/media?parent=31343"}],"wp:term":[{"taxonomy":"category","embeddable":true,"href":"https:\/\/www.suno.com.br\/noticias\/wp-json\/wp\/v2\/categories?post=31343"},{"taxonomy":"post_tag","embeddable":true,"href":"https:\/\/www.suno.com.br\/noticias\/wp-json\/wp\/v2\/tags?post=31343"},{"taxonomy":"suno_strategy","embeddable":true,"href":"https:\/\/www.suno.com.br\/noticias\/wp-json\/wp\/v2\/suno_strategy?post=31343"}],"curies":[{"name":"wp","href":"https:\/\/api.w.org\/{rel}","templated":true}]}}