{"id":31334,"date":"2019-07-18T08:41:13","date_gmt":"2019-07-18T11:41:13","guid":{"rendered":"https:\/\/www.suno.com.br\/noticias\/?p=31334"},"modified":"2019-07-18T08:41:13","modified_gmt":"2019-07-18T11:41:13","slug":"alpargatas-vende-argentina","status":"publish","type":"post","link":"https:\/\/www.suno.com.br\/noticias\/alpargatas-vende-argentina\/","title":{"rendered":"Alpargatas vende filiais na Argentina e deixa segmento t\u00eaxtil"},"content":{"rendered":"<p>A Alpargatas saiu do segmento t\u00eaxtil na Argentina, segundo o comunicado da empresa, divulgado na \u00faltima ter\u00e7a-feira (16).<\/p>\t<div class=\"wrapper-featured-image\">\n\t\t<figure class=\"spotlightImg\">\n\n\t\t\t<picture>\n\t\t\t\t<source media=\"(max-width: 768px)\" srcset=\"https:\/\/files.sunoresearch.com.br\/n\/uploads\/2019\/07\/a0812fc0-alpargatas-400x200.webp\">\n\t\t\t\t<img loading=\"lazy\" decoding=\"async\" class=\"newsContent__article__imgCapa lazyloadDisabled newsContent__article__imgCapa--noCaption\" src=\"https:\/\/files.sunoresearch.com.br\/n\/uploads\/2019\/07\/a0812fc0-alpargatas-jpg.webp\" width=\"800\" height=\"450\" alt=\"Alpargatas vende filiais na Argentina e deixa segmento t\u00eaxtil\" fetchpriority=high \/>\n\t\t\t<\/picture>\n\n\t\t\t<figcaption class=\"wp-caption-text wp-caption-text--hide\">A Alpargatas tinha planos de criar uma linha da marca Osklen de cal\u00e7ados sustent\u00e1veis<\/figcaption>\n\t\t<\/figure>\n\t<\/div>\n\n\n<p>&#8220;Com as efetivas transfer\u00eancias desses ativos a seus respectivos compradores, a serem efetivadas at\u00e9 1\u00ba de outubro de 2019, a <strong>Alpargatas<\/strong>, por meio da Alpargatas Argentina, deixa de atuar no segmento t\u00eaxtil&#8221;, disse a empresa.<\/p>\n<p>A empresa decidiu negociar suas quatro filiais para sair do ramo. A venda foi feita por US$ 14,4 milh\u00f5es e as filias foram negociadas com as seguintes empresas:<\/p>\n<ul>\n<li><strong>Marfra<\/strong>: Filial de Corrientes e Filial Chaco<\/li>\n<li><strong>Cladd<\/strong>: Filial de Flor\u00eancio Varela<\/li>\n<li><strong>Fibran<\/strong>: Filial de Catamarca.<\/li>\n<\/ul>\n\t<p>\n\t\t<a href=\"https:\/\/lp.suno.com.br\/lm\/simulador-de-renda-passiva\/\" target=\"_blank\" data-element=\"shortcode-suno-banner\" title=\"Banner SUNO, clique e saiba mais\">\n\t\t\t<picture>\n\t\t\t\t<source media=\"(max-width: 500px)\" srcset=\"https:\/\/files.sunoresearch.com.br\/n\/uploads\/2024\/04\/Lead-Magnet-400x300-1.png\">\n\t\t\t\t<img class=\"newsContent__article__imgCapa newsContent__article__imgCapa--banner\"\n\t\t\t\t\tsrc=\"https:\/\/files.sunoresearch.com.br\/n\/uploads\/2024\/04\/Lead-Magnet-1420x240-1.png\"\n\t\t\t\t\tdata-promo-id=\"543552\"\t\t\t\t\t\t\t\t\t\twidth='1420' height='240'\t\t\t\t\talt=\"https:\/\/files.sunoresearch.com.br\/n\/uploads\/2024\/04\/Lead-Magnet-1420x240-1.png\"\n\t\t\t\t>\n\t\t\t<\/picture>\n\t\t<\/a>\n\t<\/p>\n\n\n<p>Segundo a Alpargatas, o desinvestimento segue alinhado ao acordo firmado em setembro \u00faltimo para que 22,5% de seus neg\u00f3cios na marca <strong>Topper<\/strong> seja vendidos.<\/p>\n<h2>Resultados financeiros da empresa<\/h2>\n<p>A Alpargatas registrou um <strong>lucro l\u00edquido<\/strong> em queda de 8,5% em 2018 em compara\u00e7\u00e3o com 2017. A empresa de cal\u00e7ados obteve um lucro de\u00a0R$ 331,6 milh\u00f5es.<\/p>\n<p>Entretanto, do ponto de vista do\u00a0lucro bruto<strong>,<\/strong> a Alpargatas registrou um crescimento de 4,5%, chegando a R$ 1,71 bilh\u00e3o. Mas margem bruta de lucro diminuiu de 0,2 ponto percentual, alcan\u00e7ando 43,9%.<\/p>\n<p>Do outro lado, o lucro antes de juros, impostos, deprecia\u00e7\u00e3o e amortiza\u00e7\u00e3o (EBITDA, na sigla em ingl\u00eas) subiu 16,1%, totalizando R$ 564,7 milh\u00f5es. Um resultado positivo obtido gra\u00e7as a um maior controle das despesas e ganhos com varia\u00e7\u00e3o cambial nas vendas para pa\u00edses do Hemisf\u00e9rio Norte.<\/p>\n<p><a href=\"https:\/\/www.suno.com.br\/noticias\/alpargatas-registra-lucro-queda-2018\/\">Saiba mais:\u00a0Alpargatas registra lucro em queda de 8,5% em 2018<\/a><\/p>\n<p>A receita l\u00edquida de Alpargatas cresceu cresceu 4,9% no mesmo ano, chegando a R$ 3,90 bilh\u00f5es. Participou desse resultado um\u00a0ganho n\u00e3o recorrente de R$ 9,4 milh\u00f5es em 2018, em compara\u00e7\u00e3o com uma perda de R$ 17,8 milh\u00f5es no ano anterior.<\/p>\n<h3>Topper afeta negativamente<\/h3>\n<p>Entre os itens n\u00e3o recorrentes destacados pela Alpargatas no balan\u00e7o do \u00faltimo trimestre do ano passado est\u00e1 o efeito negativo da venda da participa\u00e7\u00e3o na <strong>Topper Argentina<\/strong> (ASAIC). Al\u00e9m disso, tamb\u00e9m houveram perdas de estoque e rescis\u00f5es trabalhistas, mesmo com contrapartidas positivas de cr\u00e9ditos tribut\u00e1rios e baixa cont\u00e1bil de ativos. Um resultado afetado negativamente por R$ 41,2 milh\u00f5es.<\/p>\n\t<p>\n\t\t<a href=\"https:\/\/lp2.suno.com.br\/onde-investir-2026?utm_campaign=_SNC094D2575_rs.ein26&#038;utm_source=suno.com.br&#038;utm_medium=banner.noticias\" target=\"_blank\" data-element=\"shortcode-suno-banner\" title=\"Banner SUNO, clique e saiba mais\">\n\t\t\t<picture>\n\t\t\t\t<source media=\"(max-width: 500px)\" srcset=\"https:\/\/files.sunoresearch.com.br\/n\/uploads\/2026\/01\/Banner-Materias-01-Mbl_-400x300-1-png.webp\">\n\t\t\t\t<img class=\"newsContent__article__imgCapa newsContent__article__imgCapa--banner\"\n\t\t\t\t\tsrc=\"https:\/\/files.sunoresearch.com.br\/n\/uploads\/2026\/01\/Banner-Materias-01-Dkp_-1420x240-1-png.webp\"\n\t\t\t\t\tdata-promo-id=\"638391\"\t\t\t\t\t\t\t\t\t\twidth='1420' height='240'\t\t\t\t\talt=\"https:\/\/files.sunoresearch.com.br\/n\/uploads\/2026\/01\/Banner-Materias-01-Dkp_-1420x240-1-png.webp\"\n\t\t\t\t>\n\t\t\t<\/picture>\n\t\t<\/a>\n\t<\/p>\n\n\n<p>Na Argentina foi registrado um impacto negativo de R$ 40,3 milh\u00f5es. Desses, R$ 27,8 milh\u00f5es eram oriundos de ajuste de infla\u00e7\u00e3o e R$ 12,5 milh\u00f5es relativos \u00e0 reestrutura\u00e7\u00e3o das opera\u00e7\u00f5es. Por sua vez, a Alpargatas registrou um impacto negativo de R$ 15,2 milh\u00f5es nos Estados Unidos. Um resultado provocado pela provis\u00e3o de conting\u00eancia c\u00edvel na <strong>Alpa USA.<\/strong><\/p>\n<p>Na \u00faltima sess\u00e3o, as a\u00e7\u00f5es da <strong>Alpargatas<\/strong> (ALPA3) registraram uma queda de 0,98% sendo negociadas a R$\u00a020,30.<\/p>\n","protected":false},"excerpt":{"rendered":"<p>A Alpargatas saiu do segmento t\u00eaxtil na Argentina, segundo o comunicado da empresa, divulgado na \u00faltima ter\u00e7a-feira (16). A Alpargatas tinha planos de criar uma linha da marca Osklen de cal\u00e7ados sustent\u00e1veis &#8220;Com as efetivas transfer\u00eancias desses ativos a seus respectivos compradores, a serem efetivadas at\u00e9 1\u00ba de outubro de 2019, a Alpargatas, por meio [&hellip;]<\/p>\n","protected":false},"author":11,"featured_media":31340,"comment_status":"closed","ping_status":"closed","sticky":false,"template":"","format":"standard","meta":[],"categories":[64],"tags":[356],"suno_strategy":[],"class_list":["post-31334","post","type-post","status-publish","format-standard","has-post-thumbnail","hentry","category-negocios","tag-alpargatas-alpa3-alpa4"],"yoast_head":"<!-- This site is optimized with the Yoast SEO plugin v24.4 - https:\/\/yoast.com\/wordpress\/plugins\/seo\/ -->\n<title>Alpargatas vende filiais na Argentina e deixa segmento t\u00eaxtil<\/title>\n<meta name=\"description\" content=\"Na \u00faltima sess\u00e3o, as a\u00e7\u00f5es da Alpargatas (ALPA3) registraram uma queda de 0,98% sendo negociadas a R$\u00a020,30. Clique e saiba mais.\" \/>\n<meta name=\"robots\" content=\"index, follow, max-snippet:-1, max-image-preview:large, max-video-preview:-1\" \/>\n<link rel=\"canonical\" href=\"https:\/\/www.suno.com.br\/noticias\/alpargatas-vende-argentina\/\" \/>\n<meta property=\"og:locale\" content=\"pt_BR\" \/>\n<meta property=\"og:type\" content=\"article\" \/>\n<meta property=\"og:title\" content=\"Alpargatas vende filiais na Argentina e deixa segmento t\u00eaxtil\" \/>\n<meta property=\"og:description\" content=\"Na \u00faltima sess\u00e3o, as a\u00e7\u00f5es da Alpargatas (ALPA3) registraram uma queda de 0,98% sendo negociadas a R$\u00a020,30. Clique e saiba mais.\" \/>\n<meta property=\"og:url\" content=\"https:\/\/www.suno.com.br\/noticias\/alpargatas-vende-argentina\/\" \/>\n<meta property=\"og:site_name\" content=\"Suno Not\u00edcias\" \/>\n<meta property=\"article:publisher\" content=\"https:\/\/facebook.com\/sunoresearch\" \/>\n<meta property=\"og:image\" content=\"https:\/\/files.sunoresearch.com.br\/n\/uploads\/2019\/07\/a0812fc0-alpargatas.jpg\" \/>\n\t<meta property=\"og:image:width\" content=\"640\" \/>\n\t<meta property=\"og:image:height\" content=\"340\" \/>\n\t<meta property=\"og:image:type\" content=\"image\/jpeg\" \/>\n<meta name=\"author\" content=\"Renan Bandeira\" \/>\n<meta name=\"twitter:card\" content=\"summary_large_image\" \/>\n<meta name=\"twitter:creator\" content=\"@sunoresearch\" \/>\n<meta name=\"twitter:site\" content=\"@sunoresearch\" \/>\n<meta name=\"twitter:label1\" content=\"Escrito por\" \/>\n\t<meta name=\"twitter:data1\" content=\"Renan Bandeira\" \/>\n\t<meta name=\"twitter:label2\" content=\"Est. tempo de leitura\" \/>\n\t<meta name=\"twitter:data2\" content=\"2 minutos\" \/>\n<script type=\"application\/ld+json\" class=\"yoast-schema-graph\">{\"@context\":\"https:\/\/schema.org\",\"@graph\":[{\"@type\":\"NewsArticle\",\"@id\":\"https:\/\/www.suno.com.br\/noticias\/alpargatas-vende-argentina\/#article\",\"isPartOf\":{\"@id\":\"https:\/\/www.suno.com.br\/noticias\/alpargatas-vende-argentina\/\"},\"author\":{\"name\":\"Renan Bandeira\",\"@id\":\"https:\/\/www.suno.com.br\/noticias\/#\/schema\/person\/fc144a1c6108bd1dcd43784e88a3c138\"},\"headline\":\"Alpargatas vende filiais na Argentina e deixa segmento t\u00eaxtil\",\"datePublished\":\"2019-07-18T11:41:13+00:00\",\"mainEntityOfPage\":{\"@id\":\"https:\/\/www.suno.com.br\/noticias\/alpargatas-vende-argentina\/\"},\"wordCount\":453,\"publisher\":{\"@id\":\"https:\/\/www.suno.com.br\/noticias\/#organization\"},\"image\":{\"@id\":\"https:\/\/www.suno.com.br\/noticias\/alpargatas-vende-argentina\/#primaryimage\"},\"thumbnailUrl\":\"https:\/\/files.sunoresearch.com.br\/n\/uploads\/2019\/07\/a0812fc0-alpargatas-jpg.webp\",\"keywords\":[\"Alpargatas (ALPA3\/ALPA4)\"],\"articleSection\":[\"Neg\u00f3cios\"],\"inLanguage\":\"pt-BR\"},{\"@type\":\"WebPage\",\"@id\":\"https:\/\/www.suno.com.br\/noticias\/alpargatas-vende-argentina\/\",\"url\":\"https:\/\/www.suno.com.br\/noticias\/alpargatas-vende-argentina\/\",\"name\":\"Alpargatas vende filiais na Argentina e deixa segmento t\u00eaxtil\",\"isPartOf\":{\"@id\":\"https:\/\/www.suno.com.br\/noticias\/#website\"},\"primaryImageOfPage\":{\"@id\":\"https:\/\/www.suno.com.br\/noticias\/alpargatas-vende-argentina\/#primaryimage\"},\"image\":{\"@id\":\"https:\/\/www.suno.com.br\/noticias\/alpargatas-vende-argentina\/#primaryimage\"},\"thumbnailUrl\":\"https:\/\/files.sunoresearch.com.br\/n\/uploads\/2019\/07\/a0812fc0-alpargatas-jpg.webp\",\"datePublished\":\"2019-07-18T11:41:13+00:00\",\"description\":\"Na \u00faltima sess\u00e3o, as a\u00e7\u00f5es da Alpargatas (ALPA3) registraram uma queda de 0,98% sendo negociadas a R$\u00a020,30. Clique e saiba mais.\",\"breadcrumb\":{\"@id\":\"https:\/\/www.suno.com.br\/noticias\/alpargatas-vende-argentina\/#breadcrumb\"},\"inLanguage\":\"pt-BR\",\"potentialAction\":[{\"@type\":\"ReadAction\",\"target\":[\"https:\/\/www.suno.com.br\/noticias\/alpargatas-vende-argentina\/\"]}]},{\"@type\":\"ImageObject\",\"inLanguage\":\"pt-BR\",\"@id\":\"https:\/\/www.suno.com.br\/noticias\/alpargatas-vende-argentina\/#primaryimage\",\"url\":\"https:\/\/files.sunoresearch.com.br\/n\/uploads\/2019\/07\/a0812fc0-alpargatas-jpg.webp\",\"contentUrl\":\"https:\/\/files.sunoresearch.com.br\/n\/uploads\/2019\/07\/a0812fc0-alpargatas-jpg.webp\",\"width\":640,\"height\":340,\"caption\":\"A Alpargatas tinha planos de criar uma linha da marca Osklen de cal\u00e7ados sustent\u00e1veis\"},{\"@type\":\"BreadcrumbList\",\"@id\":\"https:\/\/www.suno.com.br\/noticias\/alpargatas-vende-argentina\/#breadcrumb\",\"itemListElement\":[{\"@type\":\"ListItem\",\"position\":1,\"name\":\"Not\u00edcias\",\"item\":\"https:\/\/www.suno.com.br\/noticias\/\"},{\"@type\":\"ListItem\",\"position\":2,\"name\":\"Neg\u00f3cios\",\"item\":\"https:\/\/www.suno.com.br\/noticias\/negocios\/\"},{\"@type\":\"ListItem\",\"position\":3,\"name\":\"Alpargatas vende filiais na Argentina e deixa segmento t\u00eaxtil\"}]},{\"@type\":\"WebSite\",\"@id\":\"https:\/\/www.suno.com.br\/noticias\/#website\",\"url\":\"https:\/\/www.suno.com.br\/noticias\/\",\"name\":\"Suno Not\u00edcias\",\"description\":\"Seu portal de informa\u00e7\u00e3o sobre o mundo dos investimentos\",\"publisher\":{\"@id\":\"https:\/\/www.suno.com.br\/noticias\/#organization\"},\"potentialAction\":[{\"@type\":\"SearchAction\",\"target\":{\"@type\":\"EntryPoint\",\"urlTemplate\":\"https:\/\/www.suno.com.br\/noticias\/?s={search_term_string}\"},\"query-input\":{\"@type\":\"PropertyValueSpecification\",\"valueRequired\":true,\"valueName\":\"search_term_string\"}}],\"inLanguage\":\"pt-BR\"},{\"@type\":\"Organization\",\"@id\":\"https:\/\/www.suno.com.br\/noticias\/#organization\",\"name\":\"Suno Not\u00edcias\",\"url\":\"https:\/\/www.suno.com.br\/noticias\/\",\"logo\":{\"@type\":\"ImageObject\",\"inLanguage\":\"pt-BR\",\"@id\":\"https:\/\/www.suno.com.br\/noticias\/#\/schema\/logo\/image\/\",\"url\":\"https:\/\/files.sunoresearch.com.br\/n\/uploads\/2021\/09\/suno-logo.png\",\"contentUrl\":\"https:\/\/files.sunoresearch.com.br\/n\/uploads\/2021\/09\/suno-logo.png\",\"width\":180,\"height\":180,\"caption\":\"Suno Not\u00edcias\"},\"image\":{\"@id\":\"https:\/\/www.suno.com.br\/noticias\/#\/schema\/logo\/image\/\"},\"sameAs\":[\"https:\/\/facebook.com\/sunoresearch\",\"https:\/\/x.com\/sunoresearch\",\"https:\/\/www.instagram.com\/suno\",\"https:\/\/www.linkedin.com\/company\/suno-research\/\",\"https:\/\/www.youtube.com\/c\/sunoresearch\"]},{\"@type\":\"Person\",\"@id\":\"https:\/\/www.suno.com.br\/noticias\/#\/schema\/person\/fc144a1c6108bd1dcd43784e88a3c138\",\"name\":\"Renan Bandeira\",\"image\":{\"@type\":\"ImageObject\",\"inLanguage\":\"pt-BR\",\"@id\":\"https:\/\/www.suno.com.br\/noticias\/#\/schema\/person\/image\/\",\"url\":\"https:\/\/secure.gravatar.com\/avatar\/68359cdb608f14f11bbefcb78f3fc747?s=96&r=g\",\"contentUrl\":\"https:\/\/secure.gravatar.com\/avatar\/68359cdb608f14f11bbefcb78f3fc747?s=96&r=g\",\"caption\":\"Renan Bandeira\"},\"description\":\"Renan Bandeira escreve sobre pol\u00edtica e economia para o portal da Suno Research. Antes da Suno, trabalhou em uma rede de televis\u00e3o, onde fazia reportagens sobre os mesmos temas. Estuda na Universidade Metodista de S\u00e3o Paulo.\",\"url\":\"https:\/\/www.suno.com.br\/noticias\/author\/renan-bandeira\/\"}]}<\/script>\n<!-- \/ Yoast SEO plugin. -->","yoast_head_json":{"title":"Alpargatas vende filiais na Argentina e deixa segmento t\u00eaxtil","description":"Na \u00faltima sess\u00e3o, as a\u00e7\u00f5es da Alpargatas (ALPA3) registraram uma queda de 0,98% sendo negociadas a R$\u00a020,30. Clique e saiba mais.","robots":{"index":"index","follow":"follow","max-snippet":"max-snippet:-1","max-image-preview":"max-image-preview:large","max-video-preview":"max-video-preview:-1"},"canonical":"https:\/\/www.suno.com.br\/noticias\/alpargatas-vende-argentina\/","og_locale":"pt_BR","og_type":"article","og_title":"Alpargatas vende filiais na Argentina e deixa segmento t\u00eaxtil","og_description":"Na \u00faltima sess\u00e3o, as a\u00e7\u00f5es da Alpargatas (ALPA3) registraram uma queda de 0,98% sendo negociadas a R$\u00a020,30. Clique e saiba mais.","og_url":"https:\/\/www.suno.com.br\/noticias\/alpargatas-vende-argentina\/","og_site_name":"Suno Not\u00edcias","article_publisher":"https:\/\/facebook.com\/sunoresearch","og_image":[{"width":640,"height":340,"url":"https:\/\/files.sunoresearch.com.br\/n\/uploads\/2019\/07\/a0812fc0-alpargatas.jpg","type":"image\/jpeg"}],"author":"Renan Bandeira","twitter_card":"summary_large_image","twitter_creator":"@sunoresearch","twitter_site":"@sunoresearch","twitter_misc":{"Escrito por":"Renan Bandeira","Est. tempo de leitura":"2 minutos"},"schema":{"@context":"https:\/\/schema.org","@graph":[{"@type":"NewsArticle","@id":"https:\/\/www.suno.com.br\/noticias\/alpargatas-vende-argentina\/#article","isPartOf":{"@id":"https:\/\/www.suno.com.br\/noticias\/alpargatas-vende-argentina\/"},"author":{"name":"Renan Bandeira","@id":"https:\/\/www.suno.com.br\/noticias\/#\/schema\/person\/fc144a1c6108bd1dcd43784e88a3c138"},"headline":"Alpargatas vende filiais na Argentina e deixa segmento t\u00eaxtil","datePublished":"2019-07-18T11:41:13+00:00","mainEntityOfPage":{"@id":"https:\/\/www.suno.com.br\/noticias\/alpargatas-vende-argentina\/"},"wordCount":453,"publisher":{"@id":"https:\/\/www.suno.com.br\/noticias\/#organization"},"image":{"@id":"https:\/\/www.suno.com.br\/noticias\/alpargatas-vende-argentina\/#primaryimage"},"thumbnailUrl":"https:\/\/files.sunoresearch.com.br\/n\/uploads\/2019\/07\/a0812fc0-alpargatas-jpg.webp","keywords":["Alpargatas (ALPA3\/ALPA4)"],"articleSection":["Neg\u00f3cios"],"inLanguage":"pt-BR"},{"@type":"WebPage","@id":"https:\/\/www.suno.com.br\/noticias\/alpargatas-vende-argentina\/","url":"https:\/\/www.suno.com.br\/noticias\/alpargatas-vende-argentina\/","name":"Alpargatas vende filiais na Argentina e deixa segmento t\u00eaxtil","isPartOf":{"@id":"https:\/\/www.suno.com.br\/noticias\/#website"},"primaryImageOfPage":{"@id":"https:\/\/www.suno.com.br\/noticias\/alpargatas-vende-argentina\/#primaryimage"},"image":{"@id":"https:\/\/www.suno.com.br\/noticias\/alpargatas-vende-argentina\/#primaryimage"},"thumbnailUrl":"https:\/\/files.sunoresearch.com.br\/n\/uploads\/2019\/07\/a0812fc0-alpargatas-jpg.webp","datePublished":"2019-07-18T11:41:13+00:00","description":"Na \u00faltima sess\u00e3o, as a\u00e7\u00f5es da Alpargatas (ALPA3) registraram uma queda de 0,98% sendo negociadas a R$\u00a020,30. Clique e saiba mais.","breadcrumb":{"@id":"https:\/\/www.suno.com.br\/noticias\/alpargatas-vende-argentina\/#breadcrumb"},"inLanguage":"pt-BR","potentialAction":[{"@type":"ReadAction","target":["https:\/\/www.suno.com.br\/noticias\/alpargatas-vende-argentina\/"]}]},{"@type":"ImageObject","inLanguage":"pt-BR","@id":"https:\/\/www.suno.com.br\/noticias\/alpargatas-vende-argentina\/#primaryimage","url":"https:\/\/files.sunoresearch.com.br\/n\/uploads\/2019\/07\/a0812fc0-alpargatas-jpg.webp","contentUrl":"https:\/\/files.sunoresearch.com.br\/n\/uploads\/2019\/07\/a0812fc0-alpargatas-jpg.webp","width":640,"height":340,"caption":"A Alpargatas tinha planos de criar uma linha da marca Osklen de cal\u00e7ados sustent\u00e1veis"},{"@type":"BreadcrumbList","@id":"https:\/\/www.suno.com.br\/noticias\/alpargatas-vende-argentina\/#breadcrumb","itemListElement":[{"@type":"ListItem","position":1,"name":"Not\u00edcias","item":"https:\/\/www.suno.com.br\/noticias\/"},{"@type":"ListItem","position":2,"name":"Neg\u00f3cios","item":"https:\/\/www.suno.com.br\/noticias\/negocios\/"},{"@type":"ListItem","position":3,"name":"Alpargatas vende filiais na Argentina e deixa segmento t\u00eaxtil"}]},{"@type":"WebSite","@id":"https:\/\/www.suno.com.br\/noticias\/#website","url":"https:\/\/www.suno.com.br\/noticias\/","name":"Suno Not\u00edcias","description":"Seu portal de informa\u00e7\u00e3o sobre o mundo dos investimentos","publisher":{"@id":"https:\/\/www.suno.com.br\/noticias\/#organization"},"potentialAction":[{"@type":"SearchAction","target":{"@type":"EntryPoint","urlTemplate":"https:\/\/www.suno.com.br\/noticias\/?s={search_term_string}"},"query-input":{"@type":"PropertyValueSpecification","valueRequired":true,"valueName":"search_term_string"}}],"inLanguage":"pt-BR"},{"@type":"Organization","@id":"https:\/\/www.suno.com.br\/noticias\/#organization","name":"Suno Not\u00edcias","url":"https:\/\/www.suno.com.br\/noticias\/","logo":{"@type":"ImageObject","inLanguage":"pt-BR","@id":"https:\/\/www.suno.com.br\/noticias\/#\/schema\/logo\/image\/","url":"https:\/\/files.sunoresearch.com.br\/n\/uploads\/2021\/09\/suno-logo.png","contentUrl":"https:\/\/files.sunoresearch.com.br\/n\/uploads\/2021\/09\/suno-logo.png","width":180,"height":180,"caption":"Suno Not\u00edcias"},"image":{"@id":"https:\/\/www.suno.com.br\/noticias\/#\/schema\/logo\/image\/"},"sameAs":["https:\/\/facebook.com\/sunoresearch","https:\/\/x.com\/sunoresearch","https:\/\/www.instagram.com\/suno","https:\/\/www.linkedin.com\/company\/suno-research\/","https:\/\/www.youtube.com\/c\/sunoresearch"]},{"@type":"Person","@id":"https:\/\/www.suno.com.br\/noticias\/#\/schema\/person\/fc144a1c6108bd1dcd43784e88a3c138","name":"Renan Bandeira","image":{"@type":"ImageObject","inLanguage":"pt-BR","@id":"https:\/\/www.suno.com.br\/noticias\/#\/schema\/person\/image\/","url":"https:\/\/secure.gravatar.com\/avatar\/68359cdb608f14f11bbefcb78f3fc747?s=96&r=g","contentUrl":"https:\/\/secure.gravatar.com\/avatar\/68359cdb608f14f11bbefcb78f3fc747?s=96&r=g","caption":"Renan Bandeira"},"description":"Renan Bandeira escreve sobre pol\u00edtica e economia para o portal da Suno Research. Antes da Suno, trabalhou em uma rede de televis\u00e3o, onde fazia reportagens sobre os mesmos temas. Estuda na Universidade Metodista de S\u00e3o Paulo.","url":"https:\/\/www.suno.com.br\/noticias\/author\/renan-bandeira\/"}]}},"default_loop_html":"<div class=\"cardsPage__listCard__boxs\"><div class=\"cardsPage__listCard__boxs__img\"><a href=\"https:\/\/www.suno.com.br\/noticias\/alpargatas-vende-argentina\/\"><img class=\"mask\" src=\"https:\/\/www.suno.com.br\/noticias\/wp-content\/themes\/suno\/resources\/images\/spotlight\/spotlight1img\/bg-mask.png\" alt=\"Image Mask\"\/><img src=\"https:\/\/files.sunoresearch.com.br\/n\/uploads\/2019\/07\/a0812fc0-alpargatas-400x200.webp\" alt=\"Alpargatas vende filiais na Argentina e deixa segmento t\u00eaxtil\"\/><\/a><span class=\"spotlightCategory\"><a href=\"https:\/\/www.suno.com.br\/noticias\/negocios\/\">Neg\u00f3cios<\/a><\/span><\/div><div class=\"cardsPage__listCard__boxs__content\"><a href=\"https:\/\/www.suno.com.br\/noticias\/alpargatas-vende-argentina\/\"><h2 class=\"content__title\">Alpargatas vende filiais na Argentina e deixa segmento t\u00eaxtil<\/h2><\/a><div class=\"newsContent__article__meta\"><div class=\"newsContent__article__meta__authorBox\"><a href=\"https:\/\/www.suno.com.br\/noticias\/author\/renan-bandeira\/\" class=\"authorBox__avatar noMobi\"><img src=\"https:\/\/secure.gravatar.com\/avatar\/68359cdb608f14f11bbefcb78f3fc747?s=96&#038;r=g\" alt=\"Renan Bandeira\"><\/a><div class=\"authorBox__name\"><span>por\n\t\t\t<a href=\"https:\/\/www.suno.com.br\/noticias\/author\/renan-bandeira\/\"><span itemprop=\"author\">Renan Bandeira<\/span><\/a><\/span><time datetime=\"2019-07-18T08:41:13-03:00\" itemprop=\"datePublished\">18\/07\/2019 08:41<\/time><\/div><\/div><\/div><\/div><\/div>","single_layout":"posts","amp_enabled":true,"_links":{"self":[{"href":"https:\/\/www.suno.com.br\/noticias\/wp-json\/wp\/v2\/posts\/31334"}],"collection":[{"href":"https:\/\/www.suno.com.br\/noticias\/wp-json\/wp\/v2\/posts"}],"about":[{"href":"https:\/\/www.suno.com.br\/noticias\/wp-json\/wp\/v2\/types\/post"}],"author":[{"embeddable":true,"href":"https:\/\/www.suno.com.br\/noticias\/wp-json\/wp\/v2\/users\/11"}],"replies":[{"embeddable":true,"href":"https:\/\/www.suno.com.br\/noticias\/wp-json\/wp\/v2\/comments?post=31334"}],"version-history":[{"count":0,"href":"https:\/\/www.suno.com.br\/noticias\/wp-json\/wp\/v2\/posts\/31334\/revisions"}],"wp:featuredmedia":[{"embeddable":true,"href":"https:\/\/www.suno.com.br\/noticias\/wp-json\/wp\/v2\/media\/31340"}],"wp:attachment":[{"href":"https:\/\/www.suno.com.br\/noticias\/wp-json\/wp\/v2\/media?parent=31334"}],"wp:term":[{"taxonomy":"category","embeddable":true,"href":"https:\/\/www.suno.com.br\/noticias\/wp-json\/wp\/v2\/categories?post=31334"},{"taxonomy":"post_tag","embeddable":true,"href":"https:\/\/www.suno.com.br\/noticias\/wp-json\/wp\/v2\/tags?post=31334"},{"taxonomy":"suno_strategy","embeddable":true,"href":"https:\/\/www.suno.com.br\/noticias\/wp-json\/wp\/v2\/suno_strategy?post=31334"}],"curies":[{"name":"wp","href":"https:\/\/api.w.org\/{rel}","templated":true}]}}