{"id":31333,"date":"2019-07-18T08:23:32","date_gmt":"2019-07-18T11:23:32","guid":{"rendered":"https:\/\/www.suno.com.br\/noticias\/?p=31333"},"modified":"2019-07-18T08:40:39","modified_gmt":"2019-07-18T11:40:39","slug":"fgts-saque-bolsonaro-pis-pasep","status":"publish","type":"post","link":"https:\/\/www.suno.com.br\/noticias\/fgts-saque-bolsonaro-pis-pasep\/","title":{"rendered":"Presidente Bolsonaro tem duas alternativas para liberar saque do FGTS"},"content":{"rendered":"<p>O presidente da Rep\u00fablica,<strong><a href=\"https:\/\/www.suno.com.br\/noticias\/bolsonaro-governo-liberar-42-bi-fgts\/\"> Jair Bolsonaro<\/a><\/strong>, dever\u00e1 decidir nesta quinta-feira (18) entre duas op\u00e7\u00f5es de medidas para saques do <a href=\"https:\/\/www.suno.com.br\/artigos\/fgts\/\">Fundo de Garantia do Tempo de Servi\u00e7o (FGTS)<\/a>.<\/p>\t<div class=\"wrapper-featured-image\">\n\t\t<figure class=\"spotlightImg\">\n\n\t\t\t<picture>\n\t\t\t\t<source media=\"(max-width: 768px)\" srcset=\"https:\/\/files.sunoresearch.com.br\/n\/uploads\/2019\/07\/2bea0464-fgts-saques-pis-pasep-400x200.webp\">\n\t\t\t\t<img loading=\"lazy\" decoding=\"async\" class=\"newsContent__article__imgCapa lazyloadDisabled newsContent__article__imgCapa--noCaption\" src=\"https:\/\/files.sunoresearch.com.br\/n\/uploads\/2019\/07\/2bea0464-fgts-saques-pis-pasep-jpg.webp\" width=\"800\" height=\"450\" alt=\"Presidente Bolsonaro tem duas alternativas para liberar saque do FGTS\" fetchpriority=high \/>\n\t\t\t<\/picture>\n\n\t\t\t<figcaption class=\"wp-caption-text wp-caption-text--hide\">Conselho aprova investimento de R$ 10 milh\u00f5es em FGTS Digital<\/figcaption>\n\t\t<\/figure>\n\t<\/div>\n\n\n<p>A primeira medida seria sacar o <strong>FGTS<\/strong> de <strong>contas ativas<\/strong> e <strong>inativas<\/strong> no m\u00eas de seu anivers\u00e1rio, no entanto, haveria percentual limite. A segunda op\u00e7\u00e3o \u00e9 similar a opera\u00e7\u00e3o do ex-presidente Michel Temer de liberar saques apenas a contas inativas.<\/p>\n<p>Conforme os t\u00e9cnicos da equipe econ\u00f4mica, qualquer uma das medidas que ser\u00e3o escolhidas pelo presidente, injetar\u00e3o R$ 42 bilh\u00f5es na economia nacional.\u00a0Al\u00e9m disso, os t\u00e9cnicos reiteram que &#8220;os percentuais ser\u00e3o escalonados. Quem tiver menos na conta sacar\u00e1 mais, e quem tiver mais dinheiro ter\u00e1 direito a um percentual menor&#8221;.<\/p>\n<p>As contas ativas s\u00e3o as que recebem regularmente dep\u00f3sitos mensais efetuados pelo empregador. Por sua vez, contas inativas s\u00e3o as que n\u00e3o recebem mais os dep\u00f3sitos devido \u00e0 rescis\u00e3o do contrato de trabalho.<\/p>\n<p><a href=\"\/\/www.suno.com.br\/noticias\/fgts-pis-pasep-saque\/\">Saiba Mais:\u00a0Governo Federal vai liberar R$ 42 bilh\u00f5es do FGTS<\/a><\/p>\n<p>Ademais, o ministro da Economia, Paulo Guedes, afirmou na \u00faltima quarta-feira (17), que as regras de libera\u00e7\u00e3o do <a href=\"https:\/\/www.suno.com.br\/artigos\/abono-salarial\/\">PIS\/Pasep<\/a> tamb\u00e9m ser\u00e3o divulgados nesta quinta e estima-se cerca de R$21 bilh\u00f5es. Dessa forma, a somat\u00f3ria entre a libera\u00e7\u00e3o do FGTS e do PIS\/Pasep \u00e9 equivalente a R$ 63 bilh\u00f5es impulsionando a economia.<\/p>\n<p>&#8220;\u00c9 uma pequena inje\u00e7\u00e3o na economia e \u00e9 bem-vindo, porque a economia, segundo especialistas, d\u00e1 sinal de recupera\u00e7\u00e3o pelos sinais positivos, em especial porque est\u00e1 vindo do Parlamento&#8221;, disse Bolsonaro.<\/p>\n\t<p>\n\t\t<a href=\"https:\/\/lp2.suno.com.br\/pv\/bolsa-para-iniciantes?utm_campaign=_SNC757A2733_rs.mpr26---meu-primeiro-rendimento---venda---not\u00edcias&#038;utm_source=suno-not\u00edcias&#038;utm_medium=banner.noticias\" target=\"_blank\" data-element=\"shortcode-suno-banner\" title=\"Banner SUNO, clique e saiba mais\">\n\t\t\t<picture>\n\t\t\t\t<source media=\"(max-width: 500px)\" srcset=\"https:\/\/files.sunoresearch.com.br\/n\/uploads\/2026\/04\/400x300-Banner-Materias-01-png.webp\">\n\t\t\t\t<img class=\"newsContent__article__imgCapa newsContent__article__imgCapa--banner\"\n\t\t\t\t\tsrc=\"https:\/\/files.sunoresearch.com.br\/n\/uploads\/2026\/04\/1420x240-Banner-Materias-01-png.webp\"\n\t\t\t\t\tdata-promo-id=\"647482\"\t\t\t\t\t\t\t\t\t\twidth='1420' height='240'\t\t\t\t\talt=\"https:\/\/files.sunoresearch.com.br\/n\/uploads\/2026\/04\/1420x240-Banner-Materias-01-png.webp\"\n\t\t\t\t>\n\t\t\t<\/picture>\n\t\t<\/a>\n\t<\/p>\n\n\n<h2>Saques do FGTS<\/h2>\n<p>Conforme as informa\u00e7\u00f5es divulgadas pelo jornal Estado de S. Paulo, os saques devem ocorrer na seguinte propor\u00e7\u00e3o:<\/p>\n<ul>\n<li>R$ 5 mil no FGTS, sacar\u00e1 35% do saldo;<\/li>\n<li>at\u00e9 R$10 no fundo, sacar\u00e1\u00a0 30% do total;<\/li>\n<li>acima de R$ 50 mil, sacar\u00e1 10%.<\/li>\n<\/ul>\n<p>Os valores entre\u00a0R$10 mil e R$ 50 mil ainda n\u00e3o possuem percentual de saque definido.\u00a0O calend\u00e1rio da libera\u00e7\u00e3o para saque ser\u00e1 feito a partir da data de anivers\u00e1rio dos trabalhadores.<\/p>\n<p>\u00c9 poss\u00edvel consultar o saldo do <a href=\"http:\/\/www.fgts.gov.br\/Pages\/sou-trabalhador\/acompanhe-fgts.aspx\">FGTS<\/a> por meio do site da Caixa Econ\u00f4mica Federal atrav\u00e9s do n\u00famero NIS\/PIS, localizado na Carteira de Trabalho.<\/p>\n","protected":false},"excerpt":{"rendered":"<p>O presidente da Rep\u00fablica, Jair Bolsonaro, dever\u00e1 decidir nesta quinta-feira (18) entre duas op\u00e7\u00f5es de medidas para saques do Fundo de Garantia do Tempo de Servi\u00e7o (FGTS). Conselho aprova investimento de R$ 10 milh\u00f5es em FGTS Digital A primeira medida seria sacar o FGTS de contas ativas e inativas no m\u00eas de seu anivers\u00e1rio, no [&hellip;]<\/p>\n","protected":false},"author":15,"featured_media":31335,"comment_status":"closed","ping_status":"closed","sticky":false,"template":"","format":"standard","meta":[],"categories":[62],"tags":[910,1520],"suno_strategy":[],"class_list":["post-31333","post","type-post","status-publish","format-standard","has-post-thumbnail","hentry","category-economia","tag-fgts","tag-pis-pasep"],"yoast_head":"<!-- This site is optimized with the Yoast SEO plugin v24.4 - https:\/\/yoast.com\/wordpress\/plugins\/seo\/ -->\n<title>Presidente Bolsonaro tem duas alternativas para liberar saque do FGTS<\/title>\n<meta name=\"description\" content=\"A primeira medida seria liberar saque do FGTS apenas a contas inativas e a segunda liberar parte das ativas. Para saber mais clique aqui\" \/>\n<meta name=\"robots\" content=\"index, follow, max-snippet:-1, max-image-preview:large, max-video-preview:-1\" \/>\n<link rel=\"canonical\" href=\"https:\/\/www.suno.com.br\/noticias\/fgts-saque-bolsonaro-pis-pasep\/\" \/>\n<meta property=\"og:locale\" content=\"pt_BR\" \/>\n<meta property=\"og:type\" content=\"article\" \/>\n<meta property=\"og:title\" content=\"Presidente Bolsonaro tem duas alternativas para liberar saque do FGTS\" \/>\n<meta property=\"og:description\" content=\"A primeira medida seria liberar saque do FGTS apenas a contas inativas e a segunda liberar parte das ativas. Para saber mais clique aqui\" \/>\n<meta property=\"og:url\" content=\"https:\/\/www.suno.com.br\/noticias\/fgts-saque-bolsonaro-pis-pasep\/\" \/>\n<meta property=\"og:site_name\" content=\"Suno Not\u00edcias\" \/>\n<meta property=\"article:publisher\" content=\"https:\/\/facebook.com\/sunoresearch\" \/>\n<meta property=\"og:image\" content=\"https:\/\/files.sunoresearch.com.br\/n\/uploads\/2019\/07\/2bea0464-fgts-saques-pis-pasep.jpg\" \/>\n\t<meta property=\"og:image:width\" content=\"754\" \/>\n\t<meta property=\"og:image:height\" content=\"503\" \/>\n\t<meta property=\"og:image:type\" content=\"image\/jpeg\" \/>\n<meta name=\"author\" content=\"Poliana Santos\" \/>\n<meta name=\"twitter:card\" content=\"summary_large_image\" \/>\n<meta name=\"twitter:creator\" content=\"@sunoresearch\" \/>\n<meta name=\"twitter:site\" content=\"@sunoresearch\" \/>\n<meta name=\"twitter:label1\" content=\"Escrito por\" \/>\n\t<meta name=\"twitter:data1\" content=\"Poliana Santos\" \/>\n\t<meta name=\"twitter:label2\" content=\"Est. tempo de leitura\" \/>\n\t<meta name=\"twitter:data2\" content=\"2 minutos\" \/>\n<script type=\"application\/ld+json\" class=\"yoast-schema-graph\">{\"@context\":\"https:\/\/schema.org\",\"@graph\":[{\"@type\":\"NewsArticle\",\"@id\":\"https:\/\/www.suno.com.br\/noticias\/fgts-saque-bolsonaro-pis-pasep\/#article\",\"isPartOf\":{\"@id\":\"https:\/\/www.suno.com.br\/noticias\/fgts-saque-bolsonaro-pis-pasep\/\"},\"author\":{\"name\":\"Poliana Santos\",\"@id\":\"https:\/\/www.suno.com.br\/noticias\/#\/schema\/person\/02ec1f752758247878a2bf4abee1aeda\"},\"headline\":\"Presidente Bolsonaro tem duas alternativas para liberar saque do FGTS\",\"datePublished\":\"2019-07-18T11:23:32+00:00\",\"dateModified\":\"2019-07-18T11:40:39+00:00\",\"mainEntityOfPage\":{\"@id\":\"https:\/\/www.suno.com.br\/noticias\/fgts-saque-bolsonaro-pis-pasep\/\"},\"wordCount\":382,\"publisher\":{\"@id\":\"https:\/\/www.suno.com.br\/noticias\/#organization\"},\"image\":{\"@id\":\"https:\/\/www.suno.com.br\/noticias\/fgts-saque-bolsonaro-pis-pasep\/#primaryimage\"},\"thumbnailUrl\":\"https:\/\/files.sunoresearch.com.br\/n\/uploads\/2019\/07\/2bea0464-fgts-saques-pis-pasep-jpg.webp\",\"keywords\":[\"FGTS\",\"PIS\/Pasep\"],\"articleSection\":[\"Economia\"],\"inLanguage\":\"pt-BR\"},{\"@type\":\"WebPage\",\"@id\":\"https:\/\/www.suno.com.br\/noticias\/fgts-saque-bolsonaro-pis-pasep\/\",\"url\":\"https:\/\/www.suno.com.br\/noticias\/fgts-saque-bolsonaro-pis-pasep\/\",\"name\":\"Presidente Bolsonaro tem duas alternativas para liberar saque do FGTS\",\"isPartOf\":{\"@id\":\"https:\/\/www.suno.com.br\/noticias\/#website\"},\"primaryImageOfPage\":{\"@id\":\"https:\/\/www.suno.com.br\/noticias\/fgts-saque-bolsonaro-pis-pasep\/#primaryimage\"},\"image\":{\"@id\":\"https:\/\/www.suno.com.br\/noticias\/fgts-saque-bolsonaro-pis-pasep\/#primaryimage\"},\"thumbnailUrl\":\"https:\/\/files.sunoresearch.com.br\/n\/uploads\/2019\/07\/2bea0464-fgts-saques-pis-pasep-jpg.webp\",\"datePublished\":\"2019-07-18T11:23:32+00:00\",\"dateModified\":\"2019-07-18T11:40:39+00:00\",\"description\":\"A primeira medida seria liberar saque do FGTS apenas a contas inativas e a segunda liberar parte das ativas. Para saber mais clique aqui\",\"breadcrumb\":{\"@id\":\"https:\/\/www.suno.com.br\/noticias\/fgts-saque-bolsonaro-pis-pasep\/#breadcrumb\"},\"inLanguage\":\"pt-BR\",\"potentialAction\":[{\"@type\":\"ReadAction\",\"target\":[\"https:\/\/www.suno.com.br\/noticias\/fgts-saque-bolsonaro-pis-pasep\/\"]}]},{\"@type\":\"ImageObject\",\"inLanguage\":\"pt-BR\",\"@id\":\"https:\/\/www.suno.com.br\/noticias\/fgts-saque-bolsonaro-pis-pasep\/#primaryimage\",\"url\":\"https:\/\/files.sunoresearch.com.br\/n\/uploads\/2019\/07\/2bea0464-fgts-saques-pis-pasep-jpg.webp\",\"contentUrl\":\"https:\/\/files.sunoresearch.com.br\/n\/uploads\/2019\/07\/2bea0464-fgts-saques-pis-pasep-jpg.webp\",\"width\":754,\"height\":503,\"caption\":\"Conselho aprova investimento de R$ 10 milh\u00f5es em FGTS Digital\"},{\"@type\":\"BreadcrumbList\",\"@id\":\"https:\/\/www.suno.com.br\/noticias\/fgts-saque-bolsonaro-pis-pasep\/#breadcrumb\",\"itemListElement\":[{\"@type\":\"ListItem\",\"position\":1,\"name\":\"Not\u00edcias\",\"item\":\"https:\/\/www.suno.com.br\/noticias\/\"},{\"@type\":\"ListItem\",\"position\":2,\"name\":\"Economia\",\"item\":\"https:\/\/www.suno.com.br\/noticias\/economia\/\"},{\"@type\":\"ListItem\",\"position\":3,\"name\":\"Presidente Bolsonaro tem duas alternativas para liberar saque do FGTS\"}]},{\"@type\":\"WebSite\",\"@id\":\"https:\/\/www.suno.com.br\/noticias\/#website\",\"url\":\"https:\/\/www.suno.com.br\/noticias\/\",\"name\":\"Suno Not\u00edcias\",\"description\":\"Seu portal de informa\u00e7\u00e3o sobre o mundo dos investimentos\",\"publisher\":{\"@id\":\"https:\/\/www.suno.com.br\/noticias\/#organization\"},\"potentialAction\":[{\"@type\":\"SearchAction\",\"target\":{\"@type\":\"EntryPoint\",\"urlTemplate\":\"https:\/\/www.suno.com.br\/noticias\/?s={search_term_string}\"},\"query-input\":{\"@type\":\"PropertyValueSpecification\",\"valueRequired\":true,\"valueName\":\"search_term_string\"}}],\"inLanguage\":\"pt-BR\"},{\"@type\":\"Organization\",\"@id\":\"https:\/\/www.suno.com.br\/noticias\/#organization\",\"name\":\"Suno Not\u00edcias\",\"url\":\"https:\/\/www.suno.com.br\/noticias\/\",\"logo\":{\"@type\":\"ImageObject\",\"inLanguage\":\"pt-BR\",\"@id\":\"https:\/\/www.suno.com.br\/noticias\/#\/schema\/logo\/image\/\",\"url\":\"https:\/\/files.sunoresearch.com.br\/n\/uploads\/2021\/09\/suno-logo.png\",\"contentUrl\":\"https:\/\/files.sunoresearch.com.br\/n\/uploads\/2021\/09\/suno-logo.png\",\"width\":180,\"height\":180,\"caption\":\"Suno Not\u00edcias\"},\"image\":{\"@id\":\"https:\/\/www.suno.com.br\/noticias\/#\/schema\/logo\/image\/\"},\"sameAs\":[\"https:\/\/facebook.com\/sunoresearch\",\"https:\/\/x.com\/sunoresearch\",\"https:\/\/www.instagram.com\/suno\",\"https:\/\/www.linkedin.com\/company\/suno-research\/\",\"https:\/\/www.youtube.com\/c\/sunoresearch\"]},{\"@type\":\"Person\",\"@id\":\"https:\/\/www.suno.com.br\/noticias\/#\/schema\/person\/02ec1f752758247878a2bf4abee1aeda\",\"name\":\"Poliana Santos\",\"image\":{\"@type\":\"ImageObject\",\"inLanguage\":\"pt-BR\",\"@id\":\"https:\/\/www.suno.com.br\/noticias\/#\/schema\/person\/image\/\",\"url\":\"https:\/\/secure.gravatar.com\/avatar\/0645bd32f23d87b2130f2b2dff1d3f8d?s=96&r=g\",\"contentUrl\":\"https:\/\/secure.gravatar.com\/avatar\/0645bd32f23d87b2130f2b2dff1d3f8d?s=96&r=g\",\"caption\":\"Poliana Santos\"},\"description\":\"Rep\u00f3rter no Suno Not\u00edcias, com cobertura em mercado financeiro, economia, finan\u00e7as pessoais, renda fixa e varejo. Jornalista formada pela Faculdade C\u00e1sper L\u00edbero e possui passagem na R\u00e1dio Gazeta AM com a produ\u00e7\u00e3o de conte\u00fado sobre economia, pol\u00edtica, sa\u00fade, moda e m\u00fasica. Possui certificado de conclus\u00e3o do curso de An\u00e1lise de Balan\u00e7os pela Funda\u00e7\u00e3o Bradesco, Agenda Brasil pela FAAP, Educa\u00e7\u00e3o Pol\u00edtica por Alexandre Garcia e do Tesouro Direto e Mercado de A\u00e7\u00f5es pela B3.\",\"url\":\"https:\/\/www.suno.com.br\/noticias\/author\/poliana-santos\/\"}]}<\/script>\n<!-- \/ Yoast SEO plugin. -->","yoast_head_json":{"title":"Presidente Bolsonaro tem duas alternativas para liberar saque do FGTS","description":"A primeira medida seria liberar saque do FGTS apenas a contas inativas e a segunda liberar parte das ativas. Para saber mais clique aqui","robots":{"index":"index","follow":"follow","max-snippet":"max-snippet:-1","max-image-preview":"max-image-preview:large","max-video-preview":"max-video-preview:-1"},"canonical":"https:\/\/www.suno.com.br\/noticias\/fgts-saque-bolsonaro-pis-pasep\/","og_locale":"pt_BR","og_type":"article","og_title":"Presidente Bolsonaro tem duas alternativas para liberar saque do FGTS","og_description":"A primeira medida seria liberar saque do FGTS apenas a contas inativas e a segunda liberar parte das ativas. Para saber mais clique aqui","og_url":"https:\/\/www.suno.com.br\/noticias\/fgts-saque-bolsonaro-pis-pasep\/","og_site_name":"Suno Not\u00edcias","article_publisher":"https:\/\/facebook.com\/sunoresearch","og_image":[{"width":754,"height":503,"url":"https:\/\/files.sunoresearch.com.br\/n\/uploads\/2019\/07\/2bea0464-fgts-saques-pis-pasep.jpg","type":"image\/jpeg"}],"author":"Poliana Santos","twitter_card":"summary_large_image","twitter_creator":"@sunoresearch","twitter_site":"@sunoresearch","twitter_misc":{"Escrito por":"Poliana Santos","Est. tempo de leitura":"2 minutos"},"schema":{"@context":"https:\/\/schema.org","@graph":[{"@type":"NewsArticle","@id":"https:\/\/www.suno.com.br\/noticias\/fgts-saque-bolsonaro-pis-pasep\/#article","isPartOf":{"@id":"https:\/\/www.suno.com.br\/noticias\/fgts-saque-bolsonaro-pis-pasep\/"},"author":{"name":"Poliana Santos","@id":"https:\/\/www.suno.com.br\/noticias\/#\/schema\/person\/02ec1f752758247878a2bf4abee1aeda"},"headline":"Presidente Bolsonaro tem duas alternativas para liberar saque do FGTS","datePublished":"2019-07-18T11:23:32+00:00","dateModified":"2019-07-18T11:40:39+00:00","mainEntityOfPage":{"@id":"https:\/\/www.suno.com.br\/noticias\/fgts-saque-bolsonaro-pis-pasep\/"},"wordCount":382,"publisher":{"@id":"https:\/\/www.suno.com.br\/noticias\/#organization"},"image":{"@id":"https:\/\/www.suno.com.br\/noticias\/fgts-saque-bolsonaro-pis-pasep\/#primaryimage"},"thumbnailUrl":"https:\/\/files.sunoresearch.com.br\/n\/uploads\/2019\/07\/2bea0464-fgts-saques-pis-pasep-jpg.webp","keywords":["FGTS","PIS\/Pasep"],"articleSection":["Economia"],"inLanguage":"pt-BR"},{"@type":"WebPage","@id":"https:\/\/www.suno.com.br\/noticias\/fgts-saque-bolsonaro-pis-pasep\/","url":"https:\/\/www.suno.com.br\/noticias\/fgts-saque-bolsonaro-pis-pasep\/","name":"Presidente Bolsonaro tem duas alternativas para liberar saque do FGTS","isPartOf":{"@id":"https:\/\/www.suno.com.br\/noticias\/#website"},"primaryImageOfPage":{"@id":"https:\/\/www.suno.com.br\/noticias\/fgts-saque-bolsonaro-pis-pasep\/#primaryimage"},"image":{"@id":"https:\/\/www.suno.com.br\/noticias\/fgts-saque-bolsonaro-pis-pasep\/#primaryimage"},"thumbnailUrl":"https:\/\/files.sunoresearch.com.br\/n\/uploads\/2019\/07\/2bea0464-fgts-saques-pis-pasep-jpg.webp","datePublished":"2019-07-18T11:23:32+00:00","dateModified":"2019-07-18T11:40:39+00:00","description":"A primeira medida seria liberar saque do FGTS apenas a contas inativas e a segunda liberar parte das ativas. Para saber mais clique aqui","breadcrumb":{"@id":"https:\/\/www.suno.com.br\/noticias\/fgts-saque-bolsonaro-pis-pasep\/#breadcrumb"},"inLanguage":"pt-BR","potentialAction":[{"@type":"ReadAction","target":["https:\/\/www.suno.com.br\/noticias\/fgts-saque-bolsonaro-pis-pasep\/"]}]},{"@type":"ImageObject","inLanguage":"pt-BR","@id":"https:\/\/www.suno.com.br\/noticias\/fgts-saque-bolsonaro-pis-pasep\/#primaryimage","url":"https:\/\/files.sunoresearch.com.br\/n\/uploads\/2019\/07\/2bea0464-fgts-saques-pis-pasep-jpg.webp","contentUrl":"https:\/\/files.sunoresearch.com.br\/n\/uploads\/2019\/07\/2bea0464-fgts-saques-pis-pasep-jpg.webp","width":754,"height":503,"caption":"Conselho aprova investimento de R$ 10 milh\u00f5es em FGTS Digital"},{"@type":"BreadcrumbList","@id":"https:\/\/www.suno.com.br\/noticias\/fgts-saque-bolsonaro-pis-pasep\/#breadcrumb","itemListElement":[{"@type":"ListItem","position":1,"name":"Not\u00edcias","item":"https:\/\/www.suno.com.br\/noticias\/"},{"@type":"ListItem","position":2,"name":"Economia","item":"https:\/\/www.suno.com.br\/noticias\/economia\/"},{"@type":"ListItem","position":3,"name":"Presidente Bolsonaro tem duas alternativas para liberar saque do FGTS"}]},{"@type":"WebSite","@id":"https:\/\/www.suno.com.br\/noticias\/#website","url":"https:\/\/www.suno.com.br\/noticias\/","name":"Suno Not\u00edcias","description":"Seu portal de informa\u00e7\u00e3o sobre o mundo dos investimentos","publisher":{"@id":"https:\/\/www.suno.com.br\/noticias\/#organization"},"potentialAction":[{"@type":"SearchAction","target":{"@type":"EntryPoint","urlTemplate":"https:\/\/www.suno.com.br\/noticias\/?s={search_term_string}"},"query-input":{"@type":"PropertyValueSpecification","valueRequired":true,"valueName":"search_term_string"}}],"inLanguage":"pt-BR"},{"@type":"Organization","@id":"https:\/\/www.suno.com.br\/noticias\/#organization","name":"Suno Not\u00edcias","url":"https:\/\/www.suno.com.br\/noticias\/","logo":{"@type":"ImageObject","inLanguage":"pt-BR","@id":"https:\/\/www.suno.com.br\/noticias\/#\/schema\/logo\/image\/","url":"https:\/\/files.sunoresearch.com.br\/n\/uploads\/2021\/09\/suno-logo.png","contentUrl":"https:\/\/files.sunoresearch.com.br\/n\/uploads\/2021\/09\/suno-logo.png","width":180,"height":180,"caption":"Suno Not\u00edcias"},"image":{"@id":"https:\/\/www.suno.com.br\/noticias\/#\/schema\/logo\/image\/"},"sameAs":["https:\/\/facebook.com\/sunoresearch","https:\/\/x.com\/sunoresearch","https:\/\/www.instagram.com\/suno","https:\/\/www.linkedin.com\/company\/suno-research\/","https:\/\/www.youtube.com\/c\/sunoresearch"]},{"@type":"Person","@id":"https:\/\/www.suno.com.br\/noticias\/#\/schema\/person\/02ec1f752758247878a2bf4abee1aeda","name":"Poliana Santos","image":{"@type":"ImageObject","inLanguage":"pt-BR","@id":"https:\/\/www.suno.com.br\/noticias\/#\/schema\/person\/image\/","url":"https:\/\/secure.gravatar.com\/avatar\/0645bd32f23d87b2130f2b2dff1d3f8d?s=96&r=g","contentUrl":"https:\/\/secure.gravatar.com\/avatar\/0645bd32f23d87b2130f2b2dff1d3f8d?s=96&r=g","caption":"Poliana Santos"},"description":"Rep\u00f3rter no Suno Not\u00edcias, com cobertura em mercado financeiro, economia, finan\u00e7as pessoais, renda fixa e varejo. Jornalista formada pela Faculdade C\u00e1sper L\u00edbero e possui passagem na R\u00e1dio Gazeta AM com a produ\u00e7\u00e3o de conte\u00fado sobre economia, pol\u00edtica, sa\u00fade, moda e m\u00fasica. Possui certificado de conclus\u00e3o do curso de An\u00e1lise de Balan\u00e7os pela Funda\u00e7\u00e3o Bradesco, Agenda Brasil pela FAAP, Educa\u00e7\u00e3o Pol\u00edtica por Alexandre Garcia e do Tesouro Direto e Mercado de A\u00e7\u00f5es pela B3.","url":"https:\/\/www.suno.com.br\/noticias\/author\/poliana-santos\/"}]}},"default_loop_html":"<div class=\"cardsPage__listCard__boxs\"><div class=\"cardsPage__listCard__boxs__img\"><a href=\"https:\/\/www.suno.com.br\/noticias\/fgts-saque-bolsonaro-pis-pasep\/\"><img class=\"mask\" src=\"https:\/\/www.suno.com.br\/noticias\/wp-content\/themes\/suno\/resources\/images\/spotlight\/spotlight1img\/bg-mask.png\" alt=\"Image Mask\"\/><img src=\"https:\/\/files.sunoresearch.com.br\/n\/uploads\/2019\/07\/2bea0464-fgts-saques-pis-pasep-400x200.webp\" alt=\"Presidente Bolsonaro tem duas alternativas para liberar saque do FGTS\"\/><\/a><span class=\"spotlightCategory\"><a href=\"https:\/\/www.suno.com.br\/noticias\/economia\/\">Economia<\/a><\/span><\/div><div class=\"cardsPage__listCard__boxs__content\"><a href=\"https:\/\/www.suno.com.br\/noticias\/fgts-saque-bolsonaro-pis-pasep\/\"><h2 class=\"content__title\">Presidente Bolsonaro tem duas alternativas para liberar saque do FGTS<\/h2><\/a><div class=\"newsContent__article__meta\"><div class=\"newsContent__article__meta__authorBox\"><a href=\"https:\/\/www.suno.com.br\/noticias\/author\/poliana-santos\/\" class=\"authorBox__avatar noMobi\"><img src=\"https:\/\/files.sunoresearch.com.br\/n\/uploads\/2020\/08\/7ef34026-whatsapp-image-2020-08-03-at-12.37.57-150x150.webp\" alt=\"Poliana Santos\"><\/a><div class=\"authorBox__name\"><span>por\n\t\t\t<a href=\"https:\/\/www.suno.com.br\/noticias\/author\/poliana-santos\/\"><span itemprop=\"author\">Poliana Santos<\/span><\/a><\/span><time datetime=\"2019-07-18T08:23:32-03:00\" itemprop=\"datePublished\">18\/07\/2019 08:23<\/time><\/div><\/div><\/div><\/div><\/div>","single_layout":"posts","amp_enabled":true,"_links":{"self":[{"href":"https:\/\/www.suno.com.br\/noticias\/wp-json\/wp\/v2\/posts\/31333"}],"collection":[{"href":"https:\/\/www.suno.com.br\/noticias\/wp-json\/wp\/v2\/posts"}],"about":[{"href":"https:\/\/www.suno.com.br\/noticias\/wp-json\/wp\/v2\/types\/post"}],"author":[{"embeddable":true,"href":"https:\/\/www.suno.com.br\/noticias\/wp-json\/wp\/v2\/users\/15"}],"replies":[{"embeddable":true,"href":"https:\/\/www.suno.com.br\/noticias\/wp-json\/wp\/v2\/comments?post=31333"}],"version-history":[{"count":0,"href":"https:\/\/www.suno.com.br\/noticias\/wp-json\/wp\/v2\/posts\/31333\/revisions"}],"wp:featuredmedia":[{"embeddable":true,"href":"https:\/\/www.suno.com.br\/noticias\/wp-json\/wp\/v2\/media\/31335"}],"wp:attachment":[{"href":"https:\/\/www.suno.com.br\/noticias\/wp-json\/wp\/v2\/media?parent=31333"}],"wp:term":[{"taxonomy":"category","embeddable":true,"href":"https:\/\/www.suno.com.br\/noticias\/wp-json\/wp\/v2\/categories?post=31333"},{"taxonomy":"post_tag","embeddable":true,"href":"https:\/\/www.suno.com.br\/noticias\/wp-json\/wp\/v2\/tags?post=31333"},{"taxonomy":"suno_strategy","embeddable":true,"href":"https:\/\/www.suno.com.br\/noticias\/wp-json\/wp\/v2\/suno_strategy?post=31333"}],"curies":[{"name":"wp","href":"https:\/\/api.w.org\/{rel}","templated":true}]}}