{"id":313320,"date":"2022-10-29T17:22:32","date_gmt":"2022-10-29T20:22:32","guid":{"rendered":"https:\/\/www.suno.com.br\/noticias\/?p=313320"},"modified":"2022-11-13T09:54:46","modified_gmt":"2022-11-13T12:54:46","slug":"hidreletricas-novembro-capacidade","status":"publish","type":"post","link":"https:\/\/www.suno.com.br\/noticias\/hidreletricas-novembro-capacidade\/","title":{"rendered":"Hidrel\u00e9tricas terminar\u00e3o novembro com 49,9% da capacidade"},"content":{"rendered":"<p>As usinas <strong>hidrel\u00e9tricas<\/strong> do Sudeste e do Centro-Oeste dever\u00e3o encerrar novembro com os reservat\u00f3rios com 49,9% da capacidade, divulgou\u00a0<span id=\"OBJ_PREFIX_DWT2231_com_zimbra_date\" role=\"link\">hoje<\/span>\u00a0(28) o Operador Nacional do Sistema El\u00e9trico (ONS).<\/p>\t<div class=\"wrapper-featured-image\">\n\t\t<figure class=\"spotlightImg\">\n\n\t\t\t<picture>\n\t\t\t\t<source media=\"(max-width: 768px)\" srcset=\"https:\/\/files.sunoresearch.com.br\/n\/uploads\/2021\/09\/belo_monte090920214080-400x200.jpg\">\n\t\t\t\t<img loading=\"lazy\" decoding=\"async\" class=\"newsContent__article__imgCapa lazyloadDisabled \" src=\"https:\/\/files.sunoresearch.com.br\/n\/uploads\/2021\/09\/belo_monte090920214080-800x450.jpg\" width=\"800\" height=\"450\" alt=\"Hidrel\u00e9tricas terminar\u00e3o novembro com 49,9% da capacidade\" fetchpriority=high \/>\n\t\t\t<\/picture>\n\n\t\t\t<figcaption class=\"wp-caption-text wp-caption-text--show\">Hidrel\u00e9tricas terminar\u00e3o novembro com 49,9% da capacidade. Foto: Ag\u00eancia Brasil<\/figcaption>\n\t\t<\/figure>\n\t<\/div>\n\n\n\t<p>\n\t\t<a href=\"https:\/\/lp2.suno.com.br\/cl\/black-friday-2025\/?utm_campaign=_SNCDF0E4858_\" target=\"_blank\" data-element=\"shortcode-suno-banner\" title=\"Banner SUNO, clique e saiba mais\">\n\t\t\t<picture>\n\t\t\t\t<source media=\"(max-width: 500px)\" srcset=\"https:\/\/files.sunoresearch.com.br\/n\/uploads\/2025\/10\/Artigos-e-Noticias-Banner-Home-artigos-01-Mobile_-400x300-1-png.webp\">\n\t\t\t\t<img class=\"newsContent__article__imgCapa newsContent__article__imgCapa--banner\"\n\t\t\t\t\tsrc=\"https:\/\/files.sunoresearch.com.br\/n\/uploads\/2025\/10\/Artigos-e-Noticias-Banner-Home-artigos-01-Desktop_-1420x240-1-png.webp\"\n\t\t\t\t\tdata-promo-id=\"311259\"\t\t\t\t\t\t\t\t\t\twidth='1420' height='240'\t\t\t\t\talt=\"https:\/\/files.sunoresearch.com.br\/n\/uploads\/2025\/10\/Artigos-e-Noticias-Banner-Home-artigos-01-Desktop_-1420x240-1-png.webp\"\n\t\t\t\t>\n\t\t\t<\/picture>\n\t\t<\/a>\n\t<\/p>\n\n\n<p>A proje\u00e7\u00e3o para as <strong>usinas hidrel\u00e9tricas<\/strong> representa alta de mais de 30 pontos percentuais em rela\u00e7\u00e3o a novembro de 2021, quando havia amea\u00e7a de racionamento de <a href=\"https:\/\/www.suno.com.br\/artigos\/iee\/\" target=\"_blank\" rel=\"noopener\">energia el\u00e9trica<\/a>.<img decoding=\"async\" src=\"https:\/\/agenciabrasil.ebc.com.br\/ebc.png?id=1490899&amp;o=node\" \/><img decoding=\"async\" src=\"https:\/\/agenciabrasil.ebc.com.br\/ebc.gif?id=1490899&amp;o=node\" \/><\/p>\n<p>O Sudeste e o Centro-Oeste concentram os principais reservat\u00f3rios das <strong>hidrel\u00e9tricas no Brasil<\/strong>. Em outubro, a capacidade ocupada est\u00e1 nos mesmos 49,9%. No mesmo per\u00edodo de 2021, os lagos das usinas das duas regi\u00f5es estavam em torno de 19% da capacidade.<\/p>\n\t<div data-element=\"shortcode-read-more\" class=\"knowMore\">\n\t\t\t\t<span class=\"knowMore__title\">Leia mais:<\/span>\n\t\t\t\t<a class=\"knowMore__link\" href=\"https:\/\/www.suno.com.br\/noticias\/aneel-bandeira-tarifaria-novembro-conta-de-luz\/\">\n\t\t\tAneel mant\u00e9m bandeira tarif\u00e1ria para novembro e conta de luz fica sem cobran\u00e7a extra\t\t<\/a>\n\t<\/div>\n\n\n<p>Beneficiado com fortes chuvas neste m\u00eas, as usinas da Regi\u00e3o Sul est\u00e3o quase cheias. Os reservat\u00f3rios da regi\u00e3o encerram outubro com 91,7% da capacidade, recuando para 83,8% no fim<span id=\"OBJ_PREFIX_DWT2232_com_zimbra_date\" role=\"link\">\u00a0de novembro<\/span>.<\/p>\n<p>Nos sistemas Norte e Nordeste, os <strong>reservat\u00f3rios das hidrel\u00e9tricas<\/strong> est\u00e3o, respectivamente, com 60,1% e 60,7% da capacidade. Para o fim<span id=\"OBJ_PREFIX_DWT2233_com_zimbra_date\" role=\"link\">\u00a0de novembro<\/span>, o ONS estima queda nos n\u00edveis: 50,3% no Norte e 56,6% no Nordeste.<\/p>\n<h2>M\u00e9dia de chuvas e as hidrel\u00e9tricas<\/h2>\n<p>O ONS tamb\u00e9m divulgou as estimativas de chuvas para novembro. No Sudeste, no Centro-Oeste e no Sul, as hidrel\u00e9tricas dever\u00e3o receber 96% da m\u00e9dia hist\u00f3rica das chuvas previstas para o m\u00eas.<\/p>\n<p>Apesar da proje\u00e7\u00e3o de queda nos reservat\u00f3rios das hidrel\u00e9tricas, o Norte dever\u00e1 ter excesso de chuvas no m\u00eas que vem, com 173% da m\u00e9dia. Somente o Nordeste est\u00e1 em situa\u00e7\u00e3o mais delicada, com previs\u00e3o de apenas 45% da m\u00e9dia em novembro.<\/p>\n<p>Em rela\u00e7\u00e3o \u00e0 carga de energia el\u00e9trica, o ONS prev\u00ea redu\u00e7\u00e3o de 0,6% em novembro na compara\u00e7\u00e3o com o mesmo m\u00eas do ano passado. Na estimativa por regi\u00f5es, a carga n\u00e3o dever\u00e1 variar no Sudeste e no Centro-Oeste e registrar queda de 5,7% no Sul, 2,7% no Nordeste e alta de 10,1% no Norte.<\/p>\n<p>As usinas <strong>hidrel\u00e9tricas<\/strong> tamb\u00e9m s\u00e3o conhecidas como centrais hidroel\u00e9tricas, sendo uma importante obra de engenharia que se utiliza da for\u00e7a das \u00e1guas visando gerar <strong>energia el\u00e9trica<\/strong>.<\/p>\n\t<p>\n\t\t<a href=\"https:\/\/lp.suno.com.br\/ebook-como-analisar-uma-acao\/\" target=\"_blank\" data-element=\"shortcode-suno-banner\" title=\"Banner SUNO, clique e saiba mais\">\n\t\t\t<picture>\n\t\t\t\t<source media=\"(max-width: 500px)\" srcset=\"https:\/\/files.sunoresearch.com.br\/n\/uploads\/2023\/12\/Ebook-Acoes-Mobile.jpg\">\n\t\t\t\t<img class=\"newsContent__article__imgCapa newsContent__article__imgCapa--banner\"\n\t\t\t\t\tsrc=\"https:\/\/files.sunoresearch.com.br\/n\/uploads\/2023\/12\/Ebook-Acoes-Desktop.webp\"\n\t\t\t\t\tdata-promo-id=\"311260\"\t\t\t\t\t\t\t\t\t\twidth='1420' height='286'\t\t\t\t\talt=\"https:\/\/files.sunoresearch.com.br\/n\/uploads\/2023\/12\/Ebook-Acoes-Desktop.webp\"\n\t\t\t\t>\n\t\t\t<\/picture>\n\t\t<\/a>\n\t<\/p>\n\n\n<p>(Com informa\u00e7\u00f5es de Ag\u00eancia Brasil)<\/p>\n","protected":false},"excerpt":{"rendered":"<p>As usinas hidrel\u00e9tricas do Sudeste e do Centro-Oeste dever\u00e3o encerrar novembro com os reservat\u00f3rios com 49,9% da capacidade, divulgou\u00a0hoje\u00a0(28) o Operador Nacional do Sistema El\u00e9trico (ONS). Hidrel\u00e9tricas terminar\u00e3o novembro com 49,9% da capacidade. Foto: Ag\u00eancia Brasil A proje\u00e7\u00e3o para as usinas hidrel\u00e9tricas representa alta de mais de 30 pontos percentuais em rela\u00e7\u00e3o a novembro de [&hellip;]<\/p>\n","protected":false},"author":43,"featured_media":187866,"comment_status":"closed","ping_status":"closed","sticky":false,"template":"","format":"standard","meta":[],"categories":[62],"tags":[2153],"suno_strategy":[],"class_list":["post-313320","post","type-post","status-publish","format-standard","has-post-thumbnail","hentry","category-economia","tag-energia-eletrica"],"yoast_head":"<!-- This site is optimized with the Yoast SEO plugin v24.4 - https:\/\/yoast.com\/wordpress\/plugins\/seo\/ -->\n<title>Hidrel\u00e9tricas terminar\u00e3o novembro com 49,9% da capacidade<\/title>\n<meta name=\"description\" content=\"As hidrel\u00e9tricas terminar\u00e3o novembro com 49,9% da capacidade. Veja os fatores que podem impactar na capacidade das hidrel\u00e9tricas.\" \/>\n<meta name=\"robots\" content=\"index, follow, max-snippet:-1, max-image-preview:large, max-video-preview:-1\" \/>\n<link rel=\"canonical\" href=\"https:\/\/www.suno.com.br\/noticias\/hidreletricas-novembro-capacidade\/\" \/>\n<meta property=\"og:locale\" content=\"pt_BR\" \/>\n<meta property=\"og:type\" content=\"article\" \/>\n<meta property=\"og:title\" content=\"Hidrel\u00e9tricas terminar\u00e3o novembro com 49,9% da capacidade\" \/>\n<meta property=\"og:description\" content=\"As hidrel\u00e9tricas terminar\u00e3o novembro com 49,9% da capacidade. Veja os fatores que podem impactar na capacidade das hidrel\u00e9tricas.\" \/>\n<meta property=\"og:url\" content=\"https:\/\/www.suno.com.br\/noticias\/hidreletricas-novembro-capacidade\/\" \/>\n<meta property=\"og:site_name\" content=\"Suno Not\u00edcias\" \/>\n<meta property=\"article:publisher\" content=\"https:\/\/facebook.com\/sunoresearch\" \/>\n<meta property=\"article:author\" content=\"https:\/\/www.facebook.com\/sunonoticias\/\" \/>\n<meta property=\"og:image\" content=\"https:\/\/files.sunoresearch.com.br\/n\/uploads\/2021\/09\/belo_monte090920214080-scaled.jpg\" \/>\n\t<meta property=\"og:image:width\" content=\"2560\" \/>\n\t<meta property=\"og:image:height\" content=\"1440\" \/>\n\t<meta property=\"og:image:type\" content=\"image\/jpeg\" \/>\n<meta name=\"author\" content=\"Reda\u00e7\u00e3o Suno Not\u00edcias\" \/>\n<meta name=\"twitter:card\" content=\"summary_large_image\" \/>\n<meta name=\"twitter:creator\" content=\"@https:\/\/twitter.com\/sunoresearch\" \/>\n<meta name=\"twitter:site\" content=\"@sunoresearch\" \/>\n<meta name=\"twitter:label1\" content=\"Escrito por\" \/>\n\t<meta name=\"twitter:data1\" content=\"Reda\u00e7\u00e3o Suno Not\u00edcias\" \/>\n\t<meta name=\"twitter:label2\" content=\"Est. tempo de leitura\" \/>\n\t<meta name=\"twitter:data2\" content=\"3 minutos\" \/>\n<script type=\"application\/ld+json\" class=\"yoast-schema-graph\">{\"@context\":\"https:\/\/schema.org\",\"@graph\":[{\"@type\":\"NewsArticle\",\"@id\":\"https:\/\/www.suno.com.br\/noticias\/hidreletricas-novembro-capacidade\/#article\",\"isPartOf\":{\"@id\":\"https:\/\/www.suno.com.br\/noticias\/hidreletricas-novembro-capacidade\/\"},\"author\":{\"name\":\"Reda\u00e7\u00e3o Suno Not\u00edcias\",\"@id\":\"https:\/\/www.suno.com.br\/noticias\/#\/schema\/person\/c1b1bd3727fa852bd045e9dbff3673ea\"},\"headline\":\"Hidrel\u00e9tricas terminar\u00e3o novembro com 49,9% da capacidade\",\"datePublished\":\"2022-10-29T20:22:32+00:00\",\"dateModified\":\"2022-11-13T12:54:46+00:00\",\"mainEntityOfPage\":{\"@id\":\"https:\/\/www.suno.com.br\/noticias\/hidreletricas-novembro-capacidade\/\"},\"wordCount\":379,\"publisher\":{\"@id\":\"https:\/\/www.suno.com.br\/noticias\/#organization\"},\"image\":{\"@id\":\"https:\/\/www.suno.com.br\/noticias\/hidreletricas-novembro-capacidade\/#primaryimage\"},\"thumbnailUrl\":\"https:\/\/files.sunoresearch.com.br\/n\/uploads\/2021\/09\/belo_monte090920214080-scaled.jpg\",\"keywords\":[\"energia el\u00e9trica\"],\"articleSection\":[\"Economia\"],\"inLanguage\":\"pt-BR\"},{\"@type\":\"WebPage\",\"@id\":\"https:\/\/www.suno.com.br\/noticias\/hidreletricas-novembro-capacidade\/\",\"url\":\"https:\/\/www.suno.com.br\/noticias\/hidreletricas-novembro-capacidade\/\",\"name\":\"Hidrel\u00e9tricas terminar\u00e3o novembro com 49,9% da capacidade\",\"isPartOf\":{\"@id\":\"https:\/\/www.suno.com.br\/noticias\/#website\"},\"primaryImageOfPage\":{\"@id\":\"https:\/\/www.suno.com.br\/noticias\/hidreletricas-novembro-capacidade\/#primaryimage\"},\"image\":{\"@id\":\"https:\/\/www.suno.com.br\/noticias\/hidreletricas-novembro-capacidade\/#primaryimage\"},\"thumbnailUrl\":\"https:\/\/files.sunoresearch.com.br\/n\/uploads\/2021\/09\/belo_monte090920214080-scaled.jpg\",\"datePublished\":\"2022-10-29T20:22:32+00:00\",\"dateModified\":\"2022-11-13T12:54:46+00:00\",\"description\":\"As hidrel\u00e9tricas terminar\u00e3o novembro com 49,9% da capacidade. Veja os fatores que podem impactar na capacidade das hidrel\u00e9tricas.\",\"breadcrumb\":{\"@id\":\"https:\/\/www.suno.com.br\/noticias\/hidreletricas-novembro-capacidade\/#breadcrumb\"},\"inLanguage\":\"pt-BR\",\"potentialAction\":[{\"@type\":\"ReadAction\",\"target\":[\"https:\/\/www.suno.com.br\/noticias\/hidreletricas-novembro-capacidade\/\"]}]},{\"@type\":\"ImageObject\",\"inLanguage\":\"pt-BR\",\"@id\":\"https:\/\/www.suno.com.br\/noticias\/hidreletricas-novembro-capacidade\/#primaryimage\",\"url\":\"https:\/\/files.sunoresearch.com.br\/n\/uploads\/2021\/09\/belo_monte090920214080-scaled.jpg\",\"contentUrl\":\"https:\/\/files.sunoresearch.com.br\/n\/uploads\/2021\/09\/belo_monte090920214080-scaled.jpg\",\"width\":2560,\"height\":1440,\"caption\":\"Hidrel\u00e9tricas terminar\u00e3o novembro com 49,9% da capacidade. Foto: Ag\u00eancia Brasil\"},{\"@type\":\"BreadcrumbList\",\"@id\":\"https:\/\/www.suno.com.br\/noticias\/hidreletricas-novembro-capacidade\/#breadcrumb\",\"itemListElement\":[{\"@type\":\"ListItem\",\"position\":1,\"name\":\"Not\u00edcias\",\"item\":\"https:\/\/www.suno.com.br\/noticias\/\"},{\"@type\":\"ListItem\",\"position\":2,\"name\":\"Economia\",\"item\":\"https:\/\/www.suno.com.br\/noticias\/economia\/\"},{\"@type\":\"ListItem\",\"position\":3,\"name\":\"Hidrel\u00e9tricas terminar\u00e3o novembro com 49,9% da capacidade\"}]},{\"@type\":\"WebSite\",\"@id\":\"https:\/\/www.suno.com.br\/noticias\/#website\",\"url\":\"https:\/\/www.suno.com.br\/noticias\/\",\"name\":\"Suno Not\u00edcias\",\"description\":\"Seu portal de informa\u00e7\u00e3o sobre o mundo dos investimentos\",\"publisher\":{\"@id\":\"https:\/\/www.suno.com.br\/noticias\/#organization\"},\"potentialAction\":[{\"@type\":\"SearchAction\",\"target\":{\"@type\":\"EntryPoint\",\"urlTemplate\":\"https:\/\/www.suno.com.br\/noticias\/?s={search_term_string}\"},\"query-input\":{\"@type\":\"PropertyValueSpecification\",\"valueRequired\":true,\"valueName\":\"search_term_string\"}}],\"inLanguage\":\"pt-BR\"},{\"@type\":\"Organization\",\"@id\":\"https:\/\/www.suno.com.br\/noticias\/#organization\",\"name\":\"Suno Not\u00edcias\",\"url\":\"https:\/\/www.suno.com.br\/noticias\/\",\"logo\":{\"@type\":\"ImageObject\",\"inLanguage\":\"pt-BR\",\"@id\":\"https:\/\/www.suno.com.br\/noticias\/#\/schema\/logo\/image\/\",\"url\":\"https:\/\/files.sunoresearch.com.br\/n\/uploads\/2021\/09\/suno-logo.png\",\"contentUrl\":\"https:\/\/files.sunoresearch.com.br\/n\/uploads\/2021\/09\/suno-logo.png\",\"width\":180,\"height\":180,\"caption\":\"Suno Not\u00edcias\"},\"image\":{\"@id\":\"https:\/\/www.suno.com.br\/noticias\/#\/schema\/logo\/image\/\"},\"sameAs\":[\"https:\/\/facebook.com\/sunoresearch\",\"https:\/\/x.com\/sunoresearch\",\"https:\/\/www.instagram.com\/suno\",\"https:\/\/www.linkedin.com\/company\/suno-research\/\",\"https:\/\/www.youtube.com\/c\/sunoresearch\"]},{\"@type\":\"Person\",\"@id\":\"https:\/\/www.suno.com.br\/noticias\/#\/schema\/person\/c1b1bd3727fa852bd045e9dbff3673ea\",\"name\":\"Reda\u00e7\u00e3o Suno Not\u00edcias\",\"image\":{\"@type\":\"ImageObject\",\"inLanguage\":\"pt-BR\",\"@id\":\"https:\/\/www.suno.com.br\/noticias\/#\/schema\/person\/image\/\",\"url\":\"https:\/\/secure.gravatar.com\/avatar\/b8104b9b5a71985d5238ee59fbe418af?s=96&r=g\",\"contentUrl\":\"https:\/\/secure.gravatar.com\/avatar\/b8104b9b5a71985d5238ee59fbe418af?s=96&r=g\",\"caption\":\"Reda\u00e7\u00e3o Suno Not\u00edcias\"},\"description\":\"O Suno Not\u00edcias \u00e9 um portal de informa\u00e7\u00f5es sobre Mercado Financeiro, Pol\u00edtica, Neg\u00f3cios, Economia e Finan\u00e7as Pessoais.\",\"sameAs\":[\"https:\/\/www.suno.com.br\/noticias\",\"https:\/\/www.facebook.com\/sunonoticias\/\",\"https:\/\/www.instagram.com\/sunonoticias\/\",\"https:\/\/x.com\/https:\/\/twitter.com\/sunoresearch\",\"https:\/\/www.youtube.com\/sunonoticias\"],\"url\":\"https:\/\/www.suno.com.br\/noticias\/author\/redacao-suno\/\"}]}<\/script>\n<!-- \/ Yoast SEO plugin. -->","yoast_head_json":{"title":"Hidrel\u00e9tricas terminar\u00e3o novembro com 49,9% da capacidade","description":"As hidrel\u00e9tricas terminar\u00e3o novembro com 49,9% da capacidade. Veja os fatores que podem impactar na capacidade das hidrel\u00e9tricas.","robots":{"index":"index","follow":"follow","max-snippet":"max-snippet:-1","max-image-preview":"max-image-preview:large","max-video-preview":"max-video-preview:-1"},"canonical":"https:\/\/www.suno.com.br\/noticias\/hidreletricas-novembro-capacidade\/","og_locale":"pt_BR","og_type":"article","og_title":"Hidrel\u00e9tricas terminar\u00e3o novembro com 49,9% da capacidade","og_description":"As hidrel\u00e9tricas terminar\u00e3o novembro com 49,9% da capacidade. Veja os fatores que podem impactar na capacidade das hidrel\u00e9tricas.","og_url":"https:\/\/www.suno.com.br\/noticias\/hidreletricas-novembro-capacidade\/","og_site_name":"Suno Not\u00edcias","article_publisher":"https:\/\/facebook.com\/sunoresearch","article_author":"https:\/\/www.facebook.com\/sunonoticias\/","og_image":[{"width":2560,"height":1440,"url":"https:\/\/files.sunoresearch.com.br\/n\/uploads\/2021\/09\/belo_monte090920214080-scaled.jpg","type":"image\/jpeg"}],"author":"Reda\u00e7\u00e3o Suno Not\u00edcias","twitter_card":"summary_large_image","twitter_creator":"@https:\/\/twitter.com\/sunoresearch","twitter_site":"@sunoresearch","twitter_misc":{"Escrito por":"Reda\u00e7\u00e3o Suno Not\u00edcias","Est. tempo de leitura":"3 minutos"},"schema":{"@context":"https:\/\/schema.org","@graph":[{"@type":"NewsArticle","@id":"https:\/\/www.suno.com.br\/noticias\/hidreletricas-novembro-capacidade\/#article","isPartOf":{"@id":"https:\/\/www.suno.com.br\/noticias\/hidreletricas-novembro-capacidade\/"},"author":{"name":"Reda\u00e7\u00e3o Suno Not\u00edcias","@id":"https:\/\/www.suno.com.br\/noticias\/#\/schema\/person\/c1b1bd3727fa852bd045e9dbff3673ea"},"headline":"Hidrel\u00e9tricas terminar\u00e3o novembro com 49,9% da capacidade","datePublished":"2022-10-29T20:22:32+00:00","dateModified":"2022-11-13T12:54:46+00:00","mainEntityOfPage":{"@id":"https:\/\/www.suno.com.br\/noticias\/hidreletricas-novembro-capacidade\/"},"wordCount":379,"publisher":{"@id":"https:\/\/www.suno.com.br\/noticias\/#organization"},"image":{"@id":"https:\/\/www.suno.com.br\/noticias\/hidreletricas-novembro-capacidade\/#primaryimage"},"thumbnailUrl":"https:\/\/files.sunoresearch.com.br\/n\/uploads\/2021\/09\/belo_monte090920214080-scaled.jpg","keywords":["energia el\u00e9trica"],"articleSection":["Economia"],"inLanguage":"pt-BR"},{"@type":"WebPage","@id":"https:\/\/www.suno.com.br\/noticias\/hidreletricas-novembro-capacidade\/","url":"https:\/\/www.suno.com.br\/noticias\/hidreletricas-novembro-capacidade\/","name":"Hidrel\u00e9tricas terminar\u00e3o novembro com 49,9% da capacidade","isPartOf":{"@id":"https:\/\/www.suno.com.br\/noticias\/#website"},"primaryImageOfPage":{"@id":"https:\/\/www.suno.com.br\/noticias\/hidreletricas-novembro-capacidade\/#primaryimage"},"image":{"@id":"https:\/\/www.suno.com.br\/noticias\/hidreletricas-novembro-capacidade\/#primaryimage"},"thumbnailUrl":"https:\/\/files.sunoresearch.com.br\/n\/uploads\/2021\/09\/belo_monte090920214080-scaled.jpg","datePublished":"2022-10-29T20:22:32+00:00","dateModified":"2022-11-13T12:54:46+00:00","description":"As hidrel\u00e9tricas terminar\u00e3o novembro com 49,9% da capacidade. Veja os fatores que podem impactar na capacidade das hidrel\u00e9tricas.","breadcrumb":{"@id":"https:\/\/www.suno.com.br\/noticias\/hidreletricas-novembro-capacidade\/#breadcrumb"},"inLanguage":"pt-BR","potentialAction":[{"@type":"ReadAction","target":["https:\/\/www.suno.com.br\/noticias\/hidreletricas-novembro-capacidade\/"]}]},{"@type":"ImageObject","inLanguage":"pt-BR","@id":"https:\/\/www.suno.com.br\/noticias\/hidreletricas-novembro-capacidade\/#primaryimage","url":"https:\/\/files.sunoresearch.com.br\/n\/uploads\/2021\/09\/belo_monte090920214080-scaled.jpg","contentUrl":"https:\/\/files.sunoresearch.com.br\/n\/uploads\/2021\/09\/belo_monte090920214080-scaled.jpg","width":2560,"height":1440,"caption":"Hidrel\u00e9tricas terminar\u00e3o novembro com 49,9% da capacidade. Foto: Ag\u00eancia Brasil"},{"@type":"BreadcrumbList","@id":"https:\/\/www.suno.com.br\/noticias\/hidreletricas-novembro-capacidade\/#breadcrumb","itemListElement":[{"@type":"ListItem","position":1,"name":"Not\u00edcias","item":"https:\/\/www.suno.com.br\/noticias\/"},{"@type":"ListItem","position":2,"name":"Economia","item":"https:\/\/www.suno.com.br\/noticias\/economia\/"},{"@type":"ListItem","position":3,"name":"Hidrel\u00e9tricas terminar\u00e3o novembro com 49,9% da capacidade"}]},{"@type":"WebSite","@id":"https:\/\/www.suno.com.br\/noticias\/#website","url":"https:\/\/www.suno.com.br\/noticias\/","name":"Suno Not\u00edcias","description":"Seu portal de informa\u00e7\u00e3o sobre o mundo dos investimentos","publisher":{"@id":"https:\/\/www.suno.com.br\/noticias\/#organization"},"potentialAction":[{"@type":"SearchAction","target":{"@type":"EntryPoint","urlTemplate":"https:\/\/www.suno.com.br\/noticias\/?s={search_term_string}"},"query-input":{"@type":"PropertyValueSpecification","valueRequired":true,"valueName":"search_term_string"}}],"inLanguage":"pt-BR"},{"@type":"Organization","@id":"https:\/\/www.suno.com.br\/noticias\/#organization","name":"Suno Not\u00edcias","url":"https:\/\/www.suno.com.br\/noticias\/","logo":{"@type":"ImageObject","inLanguage":"pt-BR","@id":"https:\/\/www.suno.com.br\/noticias\/#\/schema\/logo\/image\/","url":"https:\/\/files.sunoresearch.com.br\/n\/uploads\/2021\/09\/suno-logo.png","contentUrl":"https:\/\/files.sunoresearch.com.br\/n\/uploads\/2021\/09\/suno-logo.png","width":180,"height":180,"caption":"Suno Not\u00edcias"},"image":{"@id":"https:\/\/www.suno.com.br\/noticias\/#\/schema\/logo\/image\/"},"sameAs":["https:\/\/facebook.com\/sunoresearch","https:\/\/x.com\/sunoresearch","https:\/\/www.instagram.com\/suno","https:\/\/www.linkedin.com\/company\/suno-research\/","https:\/\/www.youtube.com\/c\/sunoresearch"]},{"@type":"Person","@id":"https:\/\/www.suno.com.br\/noticias\/#\/schema\/person\/c1b1bd3727fa852bd045e9dbff3673ea","name":"Reda\u00e7\u00e3o Suno Not\u00edcias","image":{"@type":"ImageObject","inLanguage":"pt-BR","@id":"https:\/\/www.suno.com.br\/noticias\/#\/schema\/person\/image\/","url":"https:\/\/secure.gravatar.com\/avatar\/b8104b9b5a71985d5238ee59fbe418af?s=96&r=g","contentUrl":"https:\/\/secure.gravatar.com\/avatar\/b8104b9b5a71985d5238ee59fbe418af?s=96&r=g","caption":"Reda\u00e7\u00e3o Suno Not\u00edcias"},"description":"O Suno Not\u00edcias \u00e9 um portal de informa\u00e7\u00f5es sobre Mercado Financeiro, Pol\u00edtica, Neg\u00f3cios, Economia e Finan\u00e7as Pessoais.","sameAs":["https:\/\/www.suno.com.br\/noticias","https:\/\/www.facebook.com\/sunonoticias\/","https:\/\/www.instagram.com\/sunonoticias\/","https:\/\/x.com\/https:\/\/twitter.com\/sunoresearch","https:\/\/www.youtube.com\/sunonoticias"],"url":"https:\/\/www.suno.com.br\/noticias\/author\/redacao-suno\/"}]}},"default_loop_html":"<div class=\"cardsPage__listCard__boxs\"><div class=\"cardsPage__listCard__boxs__img\"><a href=\"https:\/\/www.suno.com.br\/noticias\/hidreletricas-novembro-capacidade\/\"><img class=\"mask\" src=\"https:\/\/www.suno.com.br\/noticias\/wp-content\/themes\/suno\/resources\/images\/spotlight\/spotlight1img\/bg-mask.png\" alt=\"Image Mask\"\/><img src=\"https:\/\/files.sunoresearch.com.br\/n\/uploads\/2021\/09\/belo_monte090920214080-400x200.jpg\" alt=\"Hidrel\u00e9tricas terminar\u00e3o novembro com 49,9% da capacidade\"\/><\/a><span class=\"spotlightCategory\"><a href=\"https:\/\/www.suno.com.br\/noticias\/economia\/\">Economia<\/a><\/span><\/div><div class=\"cardsPage__listCard__boxs__content\"><a href=\"https:\/\/www.suno.com.br\/noticias\/hidreletricas-novembro-capacidade\/\"><h2 class=\"content__title\">Hidrel\u00e9tricas terminar\u00e3o novembro com 49,9% da capacidade<\/h2><\/a><div class=\"newsContent__article__meta\"><div class=\"newsContent__article__meta__authorBox\"><a href=\"https:\/\/www.suno.com.br\/noticias\/author\/redacao-suno\/\" class=\"authorBox__avatar noMobi\"><img src=\"https:\/\/files.sunoresearch.com.br\/n\/uploads\/2020\/08\/0ace682d-redacao-1-150x150.webp\" alt=\"Reda\u00e7\u00e3o Suno Not\u00edcias\"><\/a><div class=\"authorBox__name\"><span>por\n\t\t\t<a href=\"https:\/\/www.suno.com.br\/noticias\/author\/redacao-suno\/\"><span itemprop=\"author\">Reda\u00e7\u00e3o Suno Not\u00edcias<\/span><\/a><\/span><time datetime=\"2022-10-29T17:22:32-03:00\" itemprop=\"datePublished\">29\/10\/2022 17:22<\/time><\/div><\/div><\/div><\/div><\/div>","single_layout":"posts","amp_enabled":true,"_links":{"self":[{"href":"https:\/\/www.suno.com.br\/noticias\/wp-json\/wp\/v2\/posts\/313320"}],"collection":[{"href":"https:\/\/www.suno.com.br\/noticias\/wp-json\/wp\/v2\/posts"}],"about":[{"href":"https:\/\/www.suno.com.br\/noticias\/wp-json\/wp\/v2\/types\/post"}],"author":[{"embeddable":true,"href":"https:\/\/www.suno.com.br\/noticias\/wp-json\/wp\/v2\/users\/43"}],"replies":[{"embeddable":true,"href":"https:\/\/www.suno.com.br\/noticias\/wp-json\/wp\/v2\/comments?post=313320"}],"version-history":[{"count":1,"href":"https:\/\/www.suno.com.br\/noticias\/wp-json\/wp\/v2\/posts\/313320\/revisions"}],"predecessor-version":[{"id":313321,"href":"https:\/\/www.suno.com.br\/noticias\/wp-json\/wp\/v2\/posts\/313320\/revisions\/313321"}],"wp:featuredmedia":[{"embeddable":true,"href":"https:\/\/www.suno.com.br\/noticias\/wp-json\/wp\/v2\/media\/187866"}],"wp:attachment":[{"href":"https:\/\/www.suno.com.br\/noticias\/wp-json\/wp\/v2\/media?parent=313320"}],"wp:term":[{"taxonomy":"category","embeddable":true,"href":"https:\/\/www.suno.com.br\/noticias\/wp-json\/wp\/v2\/categories?post=313320"},{"taxonomy":"post_tag","embeddable":true,"href":"https:\/\/www.suno.com.br\/noticias\/wp-json\/wp\/v2\/tags?post=313320"},{"taxonomy":"suno_strategy","embeddable":true,"href":"https:\/\/www.suno.com.br\/noticias\/wp-json\/wp\/v2\/suno_strategy?post=313320"}],"curies":[{"name":"wp","href":"https:\/\/api.w.org\/{rel}","templated":true}]}}