{"id":313126,"date":"2022-10-29T17:06:34","date_gmt":"2022-10-29T20:06:34","guid":{"rendered":"https:\/\/www.suno.com.br\/noticias\/?p=313126"},"modified":"2022-10-29T17:06:34","modified_gmt":"2022-10-29T20:06:34","slug":"aneel-bandeira-tarifaria-novembro-conta-de-luz","status":"publish","type":"post","link":"https:\/\/www.suno.com.br\/noticias\/aneel-bandeira-tarifaria-novembro-conta-de-luz\/","title":{"rendered":"Aneel mant\u00e9m bandeira tarif\u00e1ria para novembro e conta de luz fica sem cobran\u00e7a extra"},"content":{"rendered":"<p>A Ag\u00eancia Nacional de Energia El\u00e9trica (Aneel) manteve a <strong>bandeira tarif\u00e1ria<\/strong> verde em novembro para todos os consumidores conectados ao Sistema Interligado Nacional (SIN). Com a decis\u00e3o, n\u00e3o haver\u00e1 cobran\u00e7a extra na conta de luz pelo s\u00e9timo m\u00eas seguido.<img decoding=\"async\" style=\"width: 1px; height: 1px;\" src=\"https:\/\/agenciabrasil.ebc.com.br\/ebc.png?id=1490897&amp;o=rss\" \/><\/p>\t<div class=\"wrapper-featured-image\">\n\t\t<figure class=\"spotlightImg\">\n\n\t\t\t<picture>\n\t\t\t\t<source media=\"(max-width: 768px)\" srcset=\"https:\/\/files.sunoresearch.com.br\/n\/uploads\/2021\/06\/09da3fb7-leilao-de-energia-400x200.webp\">\n\t\t\t\t<img loading=\"lazy\" decoding=\"async\" class=\"newsContent__article__imgCapa lazyloadDisabled \" src=\"https:\/\/files.sunoresearch.com.br\/n\/uploads\/2021\/06\/09da3fb7-leilao-de-energia-800x450.webp\" width=\"800\" height=\"450\" alt=\"Aneel mant\u00e9m bandeira tarif\u00e1ria para novembro e conta de luz fica sem cobran\u00e7a extra\" fetchpriority=high \/>\n\t\t\t<\/picture>\n\n\t\t\t<figcaption class=\"wp-caption-text wp-caption-text--show\">Conta de luz. Foto: Pixabay.<\/figcaption>\n\t\t<\/figure>\n\t<\/div>\n\n\n\t<p>\n\t\t<a href=\"https:\/\/lp2.suno.com.br\/cl\/black-friday-2025\/?utm_campaign=_SNCDF0E4858_\" target=\"_blank\" data-element=\"shortcode-suno-banner\" title=\"Banner SUNO, clique e saiba mais\">\n\t\t\t<picture>\n\t\t\t\t<source media=\"(max-width: 500px)\" srcset=\"https:\/\/files.sunoresearch.com.br\/n\/uploads\/2025\/10\/Artigos-e-Noticias-Banner-Home-artigos-01-Mobile_-400x300-1-png.webp\">\n\t\t\t\t<img class=\"newsContent__article__imgCapa newsContent__article__imgCapa--banner\"\n\t\t\t\t\tsrc=\"https:\/\/files.sunoresearch.com.br\/n\/uploads\/2025\/10\/Artigos-e-Noticias-Banner-Home-artigos-01-Desktop_-1420x240-1-png.webp\"\n\t\t\t\t\tdata-promo-id=\"311259\"\t\t\t\t\t\t\t\t\t\twidth='1420' height='240'\t\t\t\t\talt=\"https:\/\/files.sunoresearch.com.br\/n\/uploads\/2025\/10\/Artigos-e-Noticias-Banner-Home-artigos-01-Desktop_-1420x240-1-png.webp\"\n\t\t\t\t>\n\t\t\t<\/picture>\n\t\t<\/a>\n\t<\/p>\n\n\n<p>A conta de luz est\u00e1 sem essas taxas desde o fim da <a href=\"https:\/\/www.suno.com.br\/artigos\/bandeiras-tarifarias\/\" target=\"_blank\" rel=\"noopener\">bandeira tarif\u00e1ria<\/a> de escassez h\u00eddrica, que durou de setembro de 2021 at\u00e9 meados de abril deste ano. Segundo a Aneel, na ocasi\u00e3o, a <strong>bandeira verde<\/strong> foi escolhida devido \u00e0s condi\u00e7\u00f5es favor\u00e1veis de gera\u00e7\u00e3o de energia.<\/p>\n<p>Caso houvesse a institui\u00e7\u00e3o das outras bandeiras, a conta de luz refletiria o reajuste de at\u00e9 64% das <strong>bandeiras tarif\u00e1rias<\/strong> aprovado no fim de junho pela Aneel.<\/p>\n\t<div data-element=\"shortcode-read-more\" class=\"knowMore\">\n\t\t\t\t<span class=\"knowMore__title\">Leia mais:<\/span>\n\t\t\t\t<a class=\"knowMore__link\" href=\"https:\/\/www.suno.com.br\/noticias\/eletrobras-elet3-plano-demissao-voluntaria-privatizacao\/\">\n\t\t\tEletrobras (ELET3) anuncia 1\u00ba plano de demiss\u00e3o volunt\u00e1ria depois da privatiza\u00e7\u00e3o; Custo ser\u00e1 de R$ 1 bilh\u00e3o\t\t<\/a>\n\t<\/div>\n\n\n<p>Segundo a ag\u00eancia, os aumentos refletiram a <a href=\"https:\/\/www.suno.com.br\/artigos\/inflacao\/\" target=\"_blank\" rel=\"noopener\">infla\u00e7\u00e3o<\/a> e o maior custo das usinas termel\u00e9tricas neste ano, decorrente do encarecimento do petr\u00f3leo e do g\u00e1s natural nos \u00faltimos meses.<\/p>\n<h2>O que \u00e9 bandeira tarif\u00e1ria?<\/h2>\n<p>Criadas em 2015 pela Aneel, as bandeiras tarif\u00e1rias\u00a0refletem os custos vari\u00e1veis da gera\u00e7\u00e3o de <strong>energia el\u00e9trica<\/strong>. Divididas em n\u00edveis, as bandeiras indicam quanto est\u00e1 custando para o SIN gerar a energia usada nas casas, em estabelecimentos comerciais e nas ind\u00fastrias.<\/p>\n<p>Quando a <strong>conta de luz<\/strong> \u00e9 calculada pela bandeira verde, significa que a conta n\u00e3o sofre qualquer acr\u00e9scimo. Quando s\u00e3o aplicadas as bandeiras vermelha ou amarela, a conta sofre acr\u00e9scimos, que variam de R$ 2,989 (bandeira amarela) a R$ 9,795 (bandeira vermelha patamar 2) a cada 100 quilowatts-hora (kWh) consumidos.<\/p>\n<p>Quando a bandeira tarif\u00e1ria de escassez h\u00eddrica vigorou, de setembro de 2021 a 15 de abril deste ano, o consumidor pagava R$ 14,20 extras a cada 100 kWh.<\/p>\n<p>O Sistema Interligado Nacional \u00e9 dividido em quatro subsistemas: Sudeste\/Centro-Oeste, Sul, Nordeste e Norte. Praticamente todo o pa\u00eds \u00e9 coberto pelo SIN.<\/p>\n<p>A exce\u00e7\u00e3o s\u00e3o algumas partes de estados da Regi\u00e3o Norte e de Mato Grosso, al\u00e9m de todo o estado de Roraima. Atualmente, h\u00e1 212 localidades isoladas do SIN, nas quais o consumo \u00e9 baixo e representa menos de 1% da carga total do pa\u00eds. A <a href=\"https:\/\/www.suno.com.br\/artigos\/oferta-demanda\/\" target=\"_blank\" rel=\"noopener\">demanda<\/a> por energia nessas regi\u00f5es \u00e9 suprida, principalmente, por t\u00e9rmicas a \u00f3leo diesel.<\/p>\n<p>Desse modo, entender o que \u00e9 <strong>bandeira tarif\u00e1ria<\/strong> ajuda os consumidores a entender os eventuais custos adicionais que podem ser considerados no <strong>pagamento da conta de luz<\/strong>.<\/p>\n\t<p>\n\t\t<a href=\"https:\/\/lp.suno.com.br\/ebook-como-analisar-uma-acao\/\" target=\"_blank\" data-element=\"shortcode-suno-banner\" title=\"Banner SUNO, clique e saiba mais\">\n\t\t\t<picture>\n\t\t\t\t<source media=\"(max-width: 500px)\" srcset=\"https:\/\/files.sunoresearch.com.br\/n\/uploads\/2023\/12\/Ebook-Acoes-Mobile.jpg\">\n\t\t\t\t<img class=\"newsContent__article__imgCapa newsContent__article__imgCapa--banner\"\n\t\t\t\t\tsrc=\"https:\/\/files.sunoresearch.com.br\/n\/uploads\/2023\/12\/Ebook-Acoes-Desktop.webp\"\n\t\t\t\t\tdata-promo-id=\"311260\"\t\t\t\t\t\t\t\t\t\twidth='1420' height='286'\t\t\t\t\talt=\"https:\/\/files.sunoresearch.com.br\/n\/uploads\/2023\/12\/Ebook-Acoes-Desktop.webp\"\n\t\t\t\t>\n\t\t\t<\/picture>\n\t\t<\/a>\n\t<\/p>\n\n\n<p class=\"newsProviderSignature\">(Com informa\u00e7\u00f5es de Ag\u00eancia Brasil)<\/p>\n","protected":false},"excerpt":{"rendered":"<p>A Ag\u00eancia Nacional de Energia El\u00e9trica (Aneel) manteve a bandeira tarif\u00e1ria verde em novembro para todos os consumidores conectados ao Sistema Interligado Nacional (SIN). Com a decis\u00e3o, n\u00e3o haver\u00e1 cobran\u00e7a extra na conta de luz pelo s\u00e9timo m\u00eas seguido. Conta de luz. Foto: Pixabay. A conta de luz est\u00e1 sem essas taxas desde o fim [&hellip;]<\/p>\n","protected":false},"author":43,"featured_media":155242,"comment_status":"closed","ping_status":"closed","sticky":false,"template":"","format":"standard","meta":[],"categories":[62],"tags":[2153],"suno_strategy":[],"class_list":["post-313126","post","type-post","status-publish","format-standard","has-post-thumbnail","hentry","category-economia","tag-energia-eletrica"],"yoast_head":"<!-- This site is optimized with the Yoast SEO plugin v24.4 - https:\/\/yoast.com\/wordpress\/plugins\/seo\/ -->\n<title>Aneel mant\u00e9m bandeira tarif\u00e1ria para novembro e conta de luz fica sem cobran\u00e7a extra<\/title>\n<meta name=\"description\" content=\"A Aneel manteve a bandeira tarif\u00e1ria para novembro e conta de luz ficar\u00e1 sem cobran\u00e7a extra. Entenda o que \u00e9 bandeira tarif\u00e1ria.\" \/>\n<meta name=\"robots\" content=\"index, follow, max-snippet:-1, max-image-preview:large, max-video-preview:-1\" \/>\n<link rel=\"canonical\" href=\"https:\/\/www.suno.com.br\/noticias\/aneel-bandeira-tarifaria-novembro-conta-de-luz\/\" \/>\n<meta property=\"og:locale\" content=\"pt_BR\" \/>\n<meta property=\"og:type\" content=\"article\" \/>\n<meta property=\"og:title\" content=\"Aneel mant\u00e9m bandeira tarif\u00e1ria para novembro e conta de luz fica sem cobran\u00e7a extra\" \/>\n<meta property=\"og:description\" content=\"A Aneel manteve a bandeira tarif\u00e1ria para novembro e conta de luz ficar\u00e1 sem cobran\u00e7a extra. Entenda o que \u00e9 bandeira tarif\u00e1ria.\" \/>\n<meta property=\"og:url\" content=\"https:\/\/www.suno.com.br\/noticias\/aneel-bandeira-tarifaria-novembro-conta-de-luz\/\" \/>\n<meta property=\"og:site_name\" content=\"Suno Not\u00edcias\" \/>\n<meta property=\"article:publisher\" content=\"https:\/\/facebook.com\/sunoresearch\" \/>\n<meta property=\"article:author\" content=\"https:\/\/www.facebook.com\/sunonoticias\/\" \/>\n<meta property=\"og:image\" content=\"https:\/\/files.sunoresearch.com.br\/n\/uploads\/2021\/06\/09da3fb7-leilao-de-energia.jpg\" \/>\n\t<meta property=\"og:image:width\" content=\"1920\" \/>\n\t<meta property=\"og:image:height\" content=\"1280\" \/>\n\t<meta property=\"og:image:type\" content=\"image\/jpeg\" \/>\n<meta name=\"author\" content=\"Reda\u00e7\u00e3o Suno Not\u00edcias\" \/>\n<meta name=\"twitter:card\" content=\"summary_large_image\" \/>\n<meta name=\"twitter:creator\" content=\"@https:\/\/twitter.com\/sunoresearch\" \/>\n<meta name=\"twitter:site\" content=\"@sunoresearch\" \/>\n<meta name=\"twitter:label1\" content=\"Escrito por\" \/>\n\t<meta name=\"twitter:data1\" content=\"Reda\u00e7\u00e3o Suno Not\u00edcias\" \/>\n\t<meta name=\"twitter:label2\" content=\"Est. tempo de leitura\" \/>\n\t<meta name=\"twitter:data2\" content=\"2 minutos\" \/>\n<script type=\"application\/ld+json\" class=\"yoast-schema-graph\">{\"@context\":\"https:\/\/schema.org\",\"@graph\":[{\"@type\":\"NewsArticle\",\"@id\":\"https:\/\/www.suno.com.br\/noticias\/aneel-bandeira-tarifaria-novembro-conta-de-luz\/#article\",\"isPartOf\":{\"@id\":\"https:\/\/www.suno.com.br\/noticias\/aneel-bandeira-tarifaria-novembro-conta-de-luz\/\"},\"author\":{\"name\":\"Reda\u00e7\u00e3o Suno Not\u00edcias\",\"@id\":\"https:\/\/www.suno.com.br\/noticias\/#\/schema\/person\/c1b1bd3727fa852bd045e9dbff3673ea\"},\"headline\":\"Aneel mant\u00e9m bandeira tarif\u00e1ria para novembro e conta de luz fica sem cobran\u00e7a extra\",\"datePublished\":\"2022-10-29T20:06:34+00:00\",\"mainEntityOfPage\":{\"@id\":\"https:\/\/www.suno.com.br\/noticias\/aneel-bandeira-tarifaria-novembro-conta-de-luz\/\"},\"wordCount\":434,\"publisher\":{\"@id\":\"https:\/\/www.suno.com.br\/noticias\/#organization\"},\"image\":{\"@id\":\"https:\/\/www.suno.com.br\/noticias\/aneel-bandeira-tarifaria-novembro-conta-de-luz\/#primaryimage\"},\"thumbnailUrl\":\"https:\/\/files.sunoresearch.com.br\/n\/uploads\/2021\/06\/09da3fb7-leilao-de-energia-jpg.webp\",\"keywords\":[\"energia el\u00e9trica\"],\"articleSection\":[\"Economia\"],\"inLanguage\":\"pt-BR\"},{\"@type\":\"WebPage\",\"@id\":\"https:\/\/www.suno.com.br\/noticias\/aneel-bandeira-tarifaria-novembro-conta-de-luz\/\",\"url\":\"https:\/\/www.suno.com.br\/noticias\/aneel-bandeira-tarifaria-novembro-conta-de-luz\/\",\"name\":\"Aneel mant\u00e9m bandeira tarif\u00e1ria para novembro e conta de luz fica sem cobran\u00e7a extra\",\"isPartOf\":{\"@id\":\"https:\/\/www.suno.com.br\/noticias\/#website\"},\"primaryImageOfPage\":{\"@id\":\"https:\/\/www.suno.com.br\/noticias\/aneel-bandeira-tarifaria-novembro-conta-de-luz\/#primaryimage\"},\"image\":{\"@id\":\"https:\/\/www.suno.com.br\/noticias\/aneel-bandeira-tarifaria-novembro-conta-de-luz\/#primaryimage\"},\"thumbnailUrl\":\"https:\/\/files.sunoresearch.com.br\/n\/uploads\/2021\/06\/09da3fb7-leilao-de-energia-jpg.webp\",\"datePublished\":\"2022-10-29T20:06:34+00:00\",\"description\":\"A Aneel manteve a bandeira tarif\u00e1ria para novembro e conta de luz ficar\u00e1 sem cobran\u00e7a extra. Entenda o que \u00e9 bandeira tarif\u00e1ria.\",\"breadcrumb\":{\"@id\":\"https:\/\/www.suno.com.br\/noticias\/aneel-bandeira-tarifaria-novembro-conta-de-luz\/#breadcrumb\"},\"inLanguage\":\"pt-BR\",\"potentialAction\":[{\"@type\":\"ReadAction\",\"target\":[\"https:\/\/www.suno.com.br\/noticias\/aneel-bandeira-tarifaria-novembro-conta-de-luz\/\"]}]},{\"@type\":\"ImageObject\",\"inLanguage\":\"pt-BR\",\"@id\":\"https:\/\/www.suno.com.br\/noticias\/aneel-bandeira-tarifaria-novembro-conta-de-luz\/#primaryimage\",\"url\":\"https:\/\/files.sunoresearch.com.br\/n\/uploads\/2021\/06\/09da3fb7-leilao-de-energia-jpg.webp\",\"contentUrl\":\"https:\/\/files.sunoresearch.com.br\/n\/uploads\/2021\/06\/09da3fb7-leilao-de-energia-jpg.webp\",\"width\":1920,\"height\":1280,\"caption\":\"Conta de luz. Foto: Pixabay.\"},{\"@type\":\"BreadcrumbList\",\"@id\":\"https:\/\/www.suno.com.br\/noticias\/aneel-bandeira-tarifaria-novembro-conta-de-luz\/#breadcrumb\",\"itemListElement\":[{\"@type\":\"ListItem\",\"position\":1,\"name\":\"Not\u00edcias\",\"item\":\"https:\/\/www.suno.com.br\/noticias\/\"},{\"@type\":\"ListItem\",\"position\":2,\"name\":\"Economia\",\"item\":\"https:\/\/www.suno.com.br\/noticias\/economia\/\"},{\"@type\":\"ListItem\",\"position\":3,\"name\":\"Aneel mant\u00e9m bandeira tarif\u00e1ria para novembro e conta de luz fica sem cobran\u00e7a extra\"}]},{\"@type\":\"WebSite\",\"@id\":\"https:\/\/www.suno.com.br\/noticias\/#website\",\"url\":\"https:\/\/www.suno.com.br\/noticias\/\",\"name\":\"Suno Not\u00edcias\",\"description\":\"Seu portal de informa\u00e7\u00e3o sobre o mundo dos investimentos\",\"publisher\":{\"@id\":\"https:\/\/www.suno.com.br\/noticias\/#organization\"},\"potentialAction\":[{\"@type\":\"SearchAction\",\"target\":{\"@type\":\"EntryPoint\",\"urlTemplate\":\"https:\/\/www.suno.com.br\/noticias\/?s={search_term_string}\"},\"query-input\":{\"@type\":\"PropertyValueSpecification\",\"valueRequired\":true,\"valueName\":\"search_term_string\"}}],\"inLanguage\":\"pt-BR\"},{\"@type\":\"Organization\",\"@id\":\"https:\/\/www.suno.com.br\/noticias\/#organization\",\"name\":\"Suno Not\u00edcias\",\"url\":\"https:\/\/www.suno.com.br\/noticias\/\",\"logo\":{\"@type\":\"ImageObject\",\"inLanguage\":\"pt-BR\",\"@id\":\"https:\/\/www.suno.com.br\/noticias\/#\/schema\/logo\/image\/\",\"url\":\"https:\/\/files.sunoresearch.com.br\/n\/uploads\/2021\/09\/suno-logo.png\",\"contentUrl\":\"https:\/\/files.sunoresearch.com.br\/n\/uploads\/2021\/09\/suno-logo.png\",\"width\":180,\"height\":180,\"caption\":\"Suno Not\u00edcias\"},\"image\":{\"@id\":\"https:\/\/www.suno.com.br\/noticias\/#\/schema\/logo\/image\/\"},\"sameAs\":[\"https:\/\/facebook.com\/sunoresearch\",\"https:\/\/x.com\/sunoresearch\",\"https:\/\/www.instagram.com\/suno\",\"https:\/\/www.linkedin.com\/company\/suno-research\/\",\"https:\/\/www.youtube.com\/c\/sunoresearch\"]},{\"@type\":\"Person\",\"@id\":\"https:\/\/www.suno.com.br\/noticias\/#\/schema\/person\/c1b1bd3727fa852bd045e9dbff3673ea\",\"name\":\"Reda\u00e7\u00e3o Suno Not\u00edcias\",\"image\":{\"@type\":\"ImageObject\",\"inLanguage\":\"pt-BR\",\"@id\":\"https:\/\/www.suno.com.br\/noticias\/#\/schema\/person\/image\/\",\"url\":\"https:\/\/secure.gravatar.com\/avatar\/b8104b9b5a71985d5238ee59fbe418af?s=96&r=g\",\"contentUrl\":\"https:\/\/secure.gravatar.com\/avatar\/b8104b9b5a71985d5238ee59fbe418af?s=96&r=g\",\"caption\":\"Reda\u00e7\u00e3o Suno Not\u00edcias\"},\"description\":\"O Suno Not\u00edcias \u00e9 um portal de informa\u00e7\u00f5es sobre Mercado Financeiro, Pol\u00edtica, Neg\u00f3cios, Economia e Finan\u00e7as Pessoais.\",\"sameAs\":[\"https:\/\/www.suno.com.br\/noticias\",\"https:\/\/www.facebook.com\/sunonoticias\/\",\"https:\/\/www.instagram.com\/sunonoticias\/\",\"https:\/\/x.com\/https:\/\/twitter.com\/sunoresearch\",\"https:\/\/www.youtube.com\/sunonoticias\"],\"url\":\"https:\/\/www.suno.com.br\/noticias\/author\/redacao-suno\/\"}]}<\/script>\n<!-- \/ Yoast SEO plugin. -->","yoast_head_json":{"title":"Aneel mant\u00e9m bandeira tarif\u00e1ria para novembro e conta de luz fica sem cobran\u00e7a extra","description":"A Aneel manteve a bandeira tarif\u00e1ria para novembro e conta de luz ficar\u00e1 sem cobran\u00e7a extra. Entenda o que \u00e9 bandeira tarif\u00e1ria.","robots":{"index":"index","follow":"follow","max-snippet":"max-snippet:-1","max-image-preview":"max-image-preview:large","max-video-preview":"max-video-preview:-1"},"canonical":"https:\/\/www.suno.com.br\/noticias\/aneel-bandeira-tarifaria-novembro-conta-de-luz\/","og_locale":"pt_BR","og_type":"article","og_title":"Aneel mant\u00e9m bandeira tarif\u00e1ria para novembro e conta de luz fica sem cobran\u00e7a extra","og_description":"A Aneel manteve a bandeira tarif\u00e1ria para novembro e conta de luz ficar\u00e1 sem cobran\u00e7a extra. Entenda o que \u00e9 bandeira tarif\u00e1ria.","og_url":"https:\/\/www.suno.com.br\/noticias\/aneel-bandeira-tarifaria-novembro-conta-de-luz\/","og_site_name":"Suno Not\u00edcias","article_publisher":"https:\/\/facebook.com\/sunoresearch","article_author":"https:\/\/www.facebook.com\/sunonoticias\/","og_image":[{"width":1920,"height":1280,"url":"https:\/\/files.sunoresearch.com.br\/n\/uploads\/2021\/06\/09da3fb7-leilao-de-energia.jpg","type":"image\/jpeg"}],"author":"Reda\u00e7\u00e3o Suno Not\u00edcias","twitter_card":"summary_large_image","twitter_creator":"@https:\/\/twitter.com\/sunoresearch","twitter_site":"@sunoresearch","twitter_misc":{"Escrito por":"Reda\u00e7\u00e3o Suno Not\u00edcias","Est. tempo de leitura":"2 minutos"},"schema":{"@context":"https:\/\/schema.org","@graph":[{"@type":"NewsArticle","@id":"https:\/\/www.suno.com.br\/noticias\/aneel-bandeira-tarifaria-novembro-conta-de-luz\/#article","isPartOf":{"@id":"https:\/\/www.suno.com.br\/noticias\/aneel-bandeira-tarifaria-novembro-conta-de-luz\/"},"author":{"name":"Reda\u00e7\u00e3o Suno Not\u00edcias","@id":"https:\/\/www.suno.com.br\/noticias\/#\/schema\/person\/c1b1bd3727fa852bd045e9dbff3673ea"},"headline":"Aneel mant\u00e9m bandeira tarif\u00e1ria para novembro e conta de luz fica sem cobran\u00e7a extra","datePublished":"2022-10-29T20:06:34+00:00","mainEntityOfPage":{"@id":"https:\/\/www.suno.com.br\/noticias\/aneel-bandeira-tarifaria-novembro-conta-de-luz\/"},"wordCount":434,"publisher":{"@id":"https:\/\/www.suno.com.br\/noticias\/#organization"},"image":{"@id":"https:\/\/www.suno.com.br\/noticias\/aneel-bandeira-tarifaria-novembro-conta-de-luz\/#primaryimage"},"thumbnailUrl":"https:\/\/files.sunoresearch.com.br\/n\/uploads\/2021\/06\/09da3fb7-leilao-de-energia-jpg.webp","keywords":["energia el\u00e9trica"],"articleSection":["Economia"],"inLanguage":"pt-BR"},{"@type":"WebPage","@id":"https:\/\/www.suno.com.br\/noticias\/aneel-bandeira-tarifaria-novembro-conta-de-luz\/","url":"https:\/\/www.suno.com.br\/noticias\/aneel-bandeira-tarifaria-novembro-conta-de-luz\/","name":"Aneel mant\u00e9m bandeira tarif\u00e1ria para novembro e conta de luz fica sem cobran\u00e7a extra","isPartOf":{"@id":"https:\/\/www.suno.com.br\/noticias\/#website"},"primaryImageOfPage":{"@id":"https:\/\/www.suno.com.br\/noticias\/aneel-bandeira-tarifaria-novembro-conta-de-luz\/#primaryimage"},"image":{"@id":"https:\/\/www.suno.com.br\/noticias\/aneel-bandeira-tarifaria-novembro-conta-de-luz\/#primaryimage"},"thumbnailUrl":"https:\/\/files.sunoresearch.com.br\/n\/uploads\/2021\/06\/09da3fb7-leilao-de-energia-jpg.webp","datePublished":"2022-10-29T20:06:34+00:00","description":"A Aneel manteve a bandeira tarif\u00e1ria para novembro e conta de luz ficar\u00e1 sem cobran\u00e7a extra. Entenda o que \u00e9 bandeira tarif\u00e1ria.","breadcrumb":{"@id":"https:\/\/www.suno.com.br\/noticias\/aneel-bandeira-tarifaria-novembro-conta-de-luz\/#breadcrumb"},"inLanguage":"pt-BR","potentialAction":[{"@type":"ReadAction","target":["https:\/\/www.suno.com.br\/noticias\/aneel-bandeira-tarifaria-novembro-conta-de-luz\/"]}]},{"@type":"ImageObject","inLanguage":"pt-BR","@id":"https:\/\/www.suno.com.br\/noticias\/aneel-bandeira-tarifaria-novembro-conta-de-luz\/#primaryimage","url":"https:\/\/files.sunoresearch.com.br\/n\/uploads\/2021\/06\/09da3fb7-leilao-de-energia-jpg.webp","contentUrl":"https:\/\/files.sunoresearch.com.br\/n\/uploads\/2021\/06\/09da3fb7-leilao-de-energia-jpg.webp","width":1920,"height":1280,"caption":"Conta de luz. Foto: Pixabay."},{"@type":"BreadcrumbList","@id":"https:\/\/www.suno.com.br\/noticias\/aneel-bandeira-tarifaria-novembro-conta-de-luz\/#breadcrumb","itemListElement":[{"@type":"ListItem","position":1,"name":"Not\u00edcias","item":"https:\/\/www.suno.com.br\/noticias\/"},{"@type":"ListItem","position":2,"name":"Economia","item":"https:\/\/www.suno.com.br\/noticias\/economia\/"},{"@type":"ListItem","position":3,"name":"Aneel mant\u00e9m bandeira tarif\u00e1ria para novembro e conta de luz fica sem cobran\u00e7a extra"}]},{"@type":"WebSite","@id":"https:\/\/www.suno.com.br\/noticias\/#website","url":"https:\/\/www.suno.com.br\/noticias\/","name":"Suno Not\u00edcias","description":"Seu portal de informa\u00e7\u00e3o sobre o mundo dos investimentos","publisher":{"@id":"https:\/\/www.suno.com.br\/noticias\/#organization"},"potentialAction":[{"@type":"SearchAction","target":{"@type":"EntryPoint","urlTemplate":"https:\/\/www.suno.com.br\/noticias\/?s={search_term_string}"},"query-input":{"@type":"PropertyValueSpecification","valueRequired":true,"valueName":"search_term_string"}}],"inLanguage":"pt-BR"},{"@type":"Organization","@id":"https:\/\/www.suno.com.br\/noticias\/#organization","name":"Suno Not\u00edcias","url":"https:\/\/www.suno.com.br\/noticias\/","logo":{"@type":"ImageObject","inLanguage":"pt-BR","@id":"https:\/\/www.suno.com.br\/noticias\/#\/schema\/logo\/image\/","url":"https:\/\/files.sunoresearch.com.br\/n\/uploads\/2021\/09\/suno-logo.png","contentUrl":"https:\/\/files.sunoresearch.com.br\/n\/uploads\/2021\/09\/suno-logo.png","width":180,"height":180,"caption":"Suno Not\u00edcias"},"image":{"@id":"https:\/\/www.suno.com.br\/noticias\/#\/schema\/logo\/image\/"},"sameAs":["https:\/\/facebook.com\/sunoresearch","https:\/\/x.com\/sunoresearch","https:\/\/www.instagram.com\/suno","https:\/\/www.linkedin.com\/company\/suno-research\/","https:\/\/www.youtube.com\/c\/sunoresearch"]},{"@type":"Person","@id":"https:\/\/www.suno.com.br\/noticias\/#\/schema\/person\/c1b1bd3727fa852bd045e9dbff3673ea","name":"Reda\u00e7\u00e3o Suno Not\u00edcias","image":{"@type":"ImageObject","inLanguage":"pt-BR","@id":"https:\/\/www.suno.com.br\/noticias\/#\/schema\/person\/image\/","url":"https:\/\/secure.gravatar.com\/avatar\/b8104b9b5a71985d5238ee59fbe418af?s=96&r=g","contentUrl":"https:\/\/secure.gravatar.com\/avatar\/b8104b9b5a71985d5238ee59fbe418af?s=96&r=g","caption":"Reda\u00e7\u00e3o Suno Not\u00edcias"},"description":"O Suno Not\u00edcias \u00e9 um portal de informa\u00e7\u00f5es sobre Mercado Financeiro, Pol\u00edtica, Neg\u00f3cios, Economia e Finan\u00e7as Pessoais.","sameAs":["https:\/\/www.suno.com.br\/noticias","https:\/\/www.facebook.com\/sunonoticias\/","https:\/\/www.instagram.com\/sunonoticias\/","https:\/\/x.com\/https:\/\/twitter.com\/sunoresearch","https:\/\/www.youtube.com\/sunonoticias"],"url":"https:\/\/www.suno.com.br\/noticias\/author\/redacao-suno\/"}]}},"default_loop_html":"<div class=\"cardsPage__listCard__boxs\"><div class=\"cardsPage__listCard__boxs__img\"><a href=\"https:\/\/www.suno.com.br\/noticias\/aneel-bandeira-tarifaria-novembro-conta-de-luz\/\"><img class=\"mask\" src=\"https:\/\/www.suno.com.br\/noticias\/wp-content\/themes\/suno\/resources\/images\/spotlight\/spotlight1img\/bg-mask.png\" alt=\"Image Mask\"\/><img src=\"https:\/\/files.sunoresearch.com.br\/n\/uploads\/2021\/06\/09da3fb7-leilao-de-energia-400x200.webp\" alt=\"Aneel mant\u00e9m bandeira tarif\u00e1ria para novembro e conta de luz fica sem cobran\u00e7a extra\"\/><\/a><span class=\"spotlightCategory\"><a href=\"https:\/\/www.suno.com.br\/noticias\/economia\/\">Economia<\/a><\/span><\/div><div class=\"cardsPage__listCard__boxs__content\"><a href=\"https:\/\/www.suno.com.br\/noticias\/aneel-bandeira-tarifaria-novembro-conta-de-luz\/\"><h2 class=\"content__title\">Aneel mant\u00e9m bandeira tarif\u00e1ria para novembro e conta de luz fica sem cobran\u00e7a extra<\/h2><\/a><div class=\"newsContent__article__meta\"><div class=\"newsContent__article__meta__authorBox\"><a href=\"https:\/\/www.suno.com.br\/noticias\/author\/redacao-suno\/\" class=\"authorBox__avatar noMobi\"><img src=\"https:\/\/files.sunoresearch.com.br\/n\/uploads\/2020\/08\/0ace682d-redacao-1-150x150.webp\" alt=\"Reda\u00e7\u00e3o Suno Not\u00edcias\"><\/a><div class=\"authorBox__name\"><span>por\n\t\t\t<a href=\"https:\/\/www.suno.com.br\/noticias\/author\/redacao-suno\/\"><span itemprop=\"author\">Reda\u00e7\u00e3o Suno Not\u00edcias<\/span><\/a><\/span><time datetime=\"2022-10-29T17:06:34-03:00\" itemprop=\"datePublished\">29\/10\/2022 17:06<\/time><\/div><\/div><\/div><\/div><\/div>","single_layout":"posts","amp_enabled":true,"_links":{"self":[{"href":"https:\/\/www.suno.com.br\/noticias\/wp-json\/wp\/v2\/posts\/313126"}],"collection":[{"href":"https:\/\/www.suno.com.br\/noticias\/wp-json\/wp\/v2\/posts"}],"about":[{"href":"https:\/\/www.suno.com.br\/noticias\/wp-json\/wp\/v2\/types\/post"}],"author":[{"embeddable":true,"href":"https:\/\/www.suno.com.br\/noticias\/wp-json\/wp\/v2\/users\/43"}],"replies":[{"embeddable":true,"href":"https:\/\/www.suno.com.br\/noticias\/wp-json\/wp\/v2\/comments?post=313126"}],"version-history":[{"count":2,"href":"https:\/\/www.suno.com.br\/noticias\/wp-json\/wp\/v2\/posts\/313126\/revisions"}],"predecessor-version":[{"id":313318,"href":"https:\/\/www.suno.com.br\/noticias\/wp-json\/wp\/v2\/posts\/313126\/revisions\/313318"}],"wp:featuredmedia":[{"embeddable":true,"href":"https:\/\/www.suno.com.br\/noticias\/wp-json\/wp\/v2\/media\/155242"}],"wp:attachment":[{"href":"https:\/\/www.suno.com.br\/noticias\/wp-json\/wp\/v2\/media?parent=313126"}],"wp:term":[{"taxonomy":"category","embeddable":true,"href":"https:\/\/www.suno.com.br\/noticias\/wp-json\/wp\/v2\/categories?post=313126"},{"taxonomy":"post_tag","embeddable":true,"href":"https:\/\/www.suno.com.br\/noticias\/wp-json\/wp\/v2\/tags?post=313126"},{"taxonomy":"suno_strategy","embeddable":true,"href":"https:\/\/www.suno.com.br\/noticias\/wp-json\/wp\/v2\/suno_strategy?post=313126"}],"curies":[{"name":"wp","href":"https:\/\/api.w.org\/{rel}","templated":true}]}}