{"id":312672,"date":"2022-10-27T23:13:27","date_gmt":"2022-10-28T02:13:27","guid":{"rendered":"https:\/\/www.suno.com.br\/noticias\/?p=312672"},"modified":"2022-10-27T23:17:43","modified_gmt":"2022-10-28T02:17:43","slug":"elon-musk-conclui-compra-twitter-twtr34-demite-executivos","status":"publish","type":"post","link":"https:\/\/www.suno.com.br\/noticias\/elon-musk-conclui-compra-twitter-twtr34-demite-executivos\/","title":{"rendered":"Elon Musk conclui compra do Twitter (TWTR34) e demite executivos do alto escal\u00e3o"},"content":{"rendered":"<p>O bilion\u00e1rio <a class=\"suno-keyword\" href=\"https:\/\/www.suno.com.br\/tudo-sobre\/elon-musk\/\" target=\"_blank\" rel=\"noopener\" data-force=\"no\" data-priority=\"2\">Elon Musk<\/a> concluiu na noite desta quinta-feira, 27, a compra do <strong>Twitter (<a class=\"suno-keyword\" href=\"https:\/\/www.suno.com.br\/bdrs\/twtr34\/\" target=\"_blank\" rel=\"noopener\" data-force=\"yes\" data-priority=\"2\">TWTR34<\/a>)<\/strong> ap\u00f3s seis meses de negocia\u00e7\u00f5es com a rede social. A compra foi finalizada por US$ 44 bilh\u00f5es, informam os ve\u00edculos <i>Washington Post<\/i>, <i>Insider<\/i> e <i>CNBC<\/i>.<\/p>\t<div class=\"wrapper-featured-image\">\n\t\t<figure class=\"spotlightImg\">\n\n\t\t\t<picture>\n\t\t\t\t<source media=\"(max-width: 768px)\" srcset=\"https:\/\/files.sunoresearch.com.br\/n\/uploads\/2021\/04\/0ecdc79d-cell-phone-1245663_1280-400x200.webp\">\n\t\t\t\t<img loading=\"lazy\" decoding=\"async\" class=\"newsContent__article__imgCapa lazyloadDisabled \" src=\"https:\/\/files.sunoresearch.com.br\/n\/uploads\/2021\/04\/0ecdc79d-cell-phone-1245663_1280-800x450.webp\" width=\"800\" height=\"450\" alt=\"Elon Musk conclui compra do Twitter (TWTR34) e demite executivos do alto escal\u00e3o\" fetchpriority=high \/>\n\t\t\t<\/picture>\n\n\t\t\t<figcaption class=\"wp-caption-text wp-caption-text--show\">Twitter: alta no lucro. Foto: Pixabay<\/figcaption>\n\t\t<\/figure>\n\t<\/div>\n\n\n\t<p>\n\t\t<a href=\"https:\/\/lp2.suno.com.br\/cl\/black-friday-2025\/?utm_campaign=_SNCDF0E4858_\" target=\"_blank\" data-element=\"shortcode-suno-banner\" title=\"Banner SUNO, clique e saiba mais\">\n\t\t\t<picture>\n\t\t\t\t<source media=\"(max-width: 500px)\" srcset=\"https:\/\/files.sunoresearch.com.br\/n\/uploads\/2025\/10\/Artigos-e-Noticias-Banner-Home-artigos-01-Mobile_-400x300-1-png.webp\">\n\t\t\t\t<img class=\"newsContent__article__imgCapa newsContent__article__imgCapa--banner\"\n\t\t\t\t\tsrc=\"https:\/\/files.sunoresearch.com.br\/n\/uploads\/2025\/10\/Artigos-e-Noticias-Banner-Home-artigos-01-Desktop_-1420x240-1-png.webp\"\n\t\t\t\t\tdata-promo-id=\"311259\"\t\t\t\t\t\t\t\t\t\twidth='1420' height='240'\t\t\t\t\talt=\"https:\/\/files.sunoresearch.com.br\/n\/uploads\/2025\/10\/Artigos-e-Noticias-Banner-Home-artigos-01-Desktop_-1420x240-1-png.webp\"\n\t\t\t\t>\n\t\t\t<\/picture>\n\t\t<\/a>\n\t<\/p>\n\n\n<p>O primeiro ato de <strong>Musk como propriet\u00e1rio do Twitter<\/strong> foi demitir os principais executivos do alto escal\u00e3o da companhia: o ent\u00e3o presidente executivo, Parag Agrawal; o chefe financeiro, Ned Segal; e Vijaya Gadde, chefe do Departamento Jur\u00eddico, Pol\u00edticas e Confiabilidade.<\/p>\n<p>Sean Edgett, conselheiro geral do Twitter tamb\u00e9m entrou na leva de demiss\u00f5es de alto escal\u00e3o da rede social, segundo apura\u00e7\u00e3o do New York Times. A executiva Sarah Personette, respons\u00e1vel por cuidar da divis\u00e3o de clientes, tamb\u00e9m foi demitida, segundo a Insider. Na semana passada, a imprensa americana noticiou que o homem mais rico do mundo planeja demitir 75% dos funcion\u00e1rios da companhia.<\/p>\n<p>De acordo com a <a class=\"suno-keyword\" href=\"https:\/\/www.suno.com.br\/artigos\/nyse\/\" target=\"_blank\" rel=\"noopener\" data-force=\"no\" data-priority=\"1\">Bolsa de Nova York (NYSE)<\/a>, a negocia\u00e7\u00e3o de <strong>a\u00e7\u00f5es do Twitter<\/strong> j\u00e1 est\u00e1 suspensa e n\u00e3o vai mais aparecer no preg\u00e3o. A inten\u00e7\u00e3o de Musk \u00e9 tornar o Twitter uma companhia privada, movimento incentivado pelo fundador da companhia, Jack Dorsey.<\/p>\n<p>&#8220;A raz\u00e3o pela qual adquiri o Twitter \u00e9 porque \u00e9 importante para o futuro da civiliza\u00e7\u00e3o ter uma &#8216;pra\u00e7a p\u00fablica digital&#8217;, onde uma ampla gama de cren\u00e7as possa ser debatida de maneira saud\u00e1vel, sem recorrer \u00e0 viol\u00eancia&#8221;, explicou o Musk, em carta para o mercado publicit\u00e1rio publicada no Twitter na manh\u00e3 desta quinta.<\/p>\n<p>A marca de US$ 44 bilh\u00f5es coloca a compra como a segunda mais alta da hist\u00f3ria da tecnologia, ficando atr\u00e1s da aquisi\u00e7\u00e3o da Blizzard pela Microsoft (MSFT34) no ano passado(US$ 68,7) e ficou acima da compra do LinkedIn pela Microsoft (US$ 26,2 bilh\u00f5es) em 2016.<\/p>\n<p>&#8220;A raz\u00e3o pela qual adquiri o Twitter \u00e9 porque \u00e9 importante para o futuro da civiliza\u00e7\u00e3o ter uma &#8216;pra\u00e7a p\u00fablica digital&#8217;, onde uma ampla gama de cren\u00e7as possa ser debatida de maneira saud\u00e1vel, sem recorrer \u00e0 viol\u00eancia&#8221;, explicou o Musk, em carta para o mercado publicit\u00e1rio publicada no Twitter na manh\u00e3 desta quinta.<\/p>\n<p>As inten\u00e7\u00f5es de Musk, que prega liberdade absoluta, levantam quest\u00f5es sobre a modera\u00e7\u00e3o de conte\u00fado. &#8220;A pergunta que fica \u00e9 o quanto uma vis\u00e3o de liberdade de express\u00e3o absolutista do Elon Musk se corporifica na rede social em que ele se torna o CEO. Porque essa pergunta, na verdade, se liga com uma quest\u00e3o muito \u00edntima das empresas do Vale do Sil\u00edcio. De certa maneira, isso faz com que o grau de personalismo na tomada de algumas decis\u00f5es passe por uma quest\u00e3o de vis\u00e3o de mundo&#8221;, argumenta Carlos Affonso Souza, diretor do ITS-Rio.<\/p>\n<h2><b>Novela<\/b><\/h2>\n<p>A novela da <strong>compra do Twitter<\/strong>, come\u00e7ou no dia 4 de abril com Musk oficializando a compra de 9,2% das a\u00e7\u00f5es da companhia. Dez dias depois, em 14 de abril, o bilion\u00e1rio fez uma oferta para adquirir a plataforma por US$ 44 bilh\u00f5es, com pre\u00e7o de a\u00e7\u00e3o a US$ 54,20. No dia 25 de abril, foi anunciado o fechamento do acordo.<\/p>\n<p>Em maio, Musk solicitou uma investiga\u00e7\u00e3o para averiguar os n\u00fameros da plataforma, afirmando que poderiam chegar a 20% do total de contas existentes. A equipe respons\u00e1vel pela investiga\u00e7\u00e3o, por\u00e9m, afirmou que n\u00e3o era poss\u00edvel verificar os dados fornecidos pelo Twitter, mas a empresa continuou defendendo que o c\u00e1lculo feito \u00e9 auditado.<\/p>\n<p>Em 8 de julho, o bilion\u00e1rio oficializou a desist\u00eancia da compra do Twitter, ap\u00f3s enviar uma carta para a empresa, assinada por seus advogados, explicando que a quebra de contrato n\u00e3o possibilitou que o neg\u00f3cio fosse adiante. Em 12 de julho, o Twitter entrou com uma a\u00e7\u00e3o na Corte de Delaware para processar o empres\u00e1rio pelo abandono da compra.<\/p>\n<p>&#8220;Este \u00e9 um claro sinal de que Musk reconhece que a chance de ganhar o processo contra o Twitter na Corte de Delaware \u00e9 pouco prov\u00e1vel e que o acordo de US$ 44 bilh\u00f5es deve acontecer de uma forma ou de outra&#8221;, explica Dan Ives, analista da empresa americana Wedbush. &#8220;Ser for\u00e7ado a fechar o neg\u00f3cio depois de uma longa e feia batalha na Corte n\u00e3o \u00e9 um cen\u00e1rio ideal e aceitar o acordo e seguir em frente com o neg\u00f3cio deve evitar uma dor de cabe\u00e7a maior&#8221;.<\/p>\n<p>Em audi\u00eancia, a Corte de Delaware deu at\u00e9 a data de 28 de outubro para Musk concluir o neg\u00f3cio.<\/p>\n<h2 class=\"newsContent__article__title\">Elon Musk tinha dado mais cedo sinais de que compra do Twitter (TWTR34) seria fechada<\/h2>\n<p>Mais cedo nesta quinta, ap\u00f3s ir presencialmente \u00e0 sede do Twitter (TWTR34), o bilion\u00e1rio e CEO da Tesla (<a class=\"suno-keyword\" href=\"https:\/\/www.suno.com.br\/bdrs\/tsla34\/\" target=\"_blank\" rel=\"noopener\" data-force=\"yes\" data-priority=\"2\">TSLA34<\/a>),\u00a0<strong>Elon Musk<\/strong>, mudou sua bio na rede social para \u2018Chief<\/p>\n<p>Musk negociou a <strong>compra do Twitter<\/strong>\u00a0por US$ 44 bilh\u00f5es ap\u00f3s uma posterga\u00e7\u00e3o judicial.<\/p>\n<p>Segundo informa\u00e7\u00f5es da Bloomberg, o executivo garantiu em uma videochamada com banqueiros que concluiria a compra at\u00e9 as 17h de sexta (28).<\/p>\n<p>O Morgan Stanley teria montado o contrato de cr\u00e9dito final para prover o financiamento necess\u00e1rio para a aquisi\u00e7\u00e3o da <strong>rede social<\/strong>. Seriam cerca de US$ 13 bilh\u00f5es em financiamento.<\/p>\n<p>Se at\u00e9 novembro o acordo n\u00e3o fosse fechado, a administra\u00e7\u00e3o da rede social poderia \u2018for\u00e7ar\u2019 Musk a cumprir o acordo inicial em um tribunal em Delaware.<\/p>\n<p>A diretora de marketing do Twitter, Leslie Berland, disse em comunicado interno que o executivo j\u00e1 estava se atualizando sobre os processos da empresa.<\/p>\n<p>\u201cElon est\u00e1 no escrit\u00f3rio se reunindo com o pessoal, continuando a mergulhar no importante trabalho que todos voc\u00eas fazem\u201d, escreveu aos colaboradores.<\/p>\n<h2>Musk: valor \u2018muito caro\u2019 pelo Twitter no curto prazo<\/h2>\n<p>O empres\u00e1rio, dizia estar\u00a0\u2018pagando demais\u2019 pela companhia de m\u00eddias sociais.<\/p>\n<p>A\u00a0<strong>compra do Twitter<\/strong> por Elon Musk por US$ 44 bilh\u00f5es \u00e9 um pr\u00eamio pela aquisi\u00e7\u00e3o da totalidade da empresa, dado que a cota\u00e7\u00e3o atual das a\u00e7\u00f5es fica abaixo disso.<\/p>\n<p>\u201cObviamente, eu e os outros investidores estamos pagando demais pelo Twitter agora\u201d, disse Musk em uma\u00a0<strong>teleconfer\u00eancia de resultados da Tesla<\/strong>, que divulgou seus resultados financeiros nesta semana.<\/p>\n<p>Ele acrescentou, no entanto, que \u201co potencial de\u00a0longo prazo\u00a0para o Twitter, \u00e9 uma ordem de magnitude maior do que seu valor atual\u201d.<\/p>\n<p>Musk concordou em comprar o Twitter em abril, depois tentou abandonar o acordo, antes de reverter o curso novamente em outubro e dizer que prosseguiria com a transa\u00e7\u00e3o.<\/p>\n<p>\u201cEstou animado com a situa\u00e7\u00e3o do <strong>Twitter<\/strong> porque, obviamente, conhe\u00e7o o produto incrivelmente bem e acho que \u00e9 um ativo que definhou por muito tempo, mas tem um potencial incr\u00edvel\u201d, defendeu\u00a0<strong>Elon Musk<\/strong>\u00a0na teleconfer\u00eancia da Tesla.<\/p>\n<p>Ap\u00f3s seis meses de idas e vindas, Musk compra Twitter por US$ 44 bi<\/p>\n<p>&nbsp;<\/p>\n<p class=\"newsProviderSignature\"><em>Com informa\u00e7\u00f5es do Estad\u00e3o Conte\u00fado<\/em><\/p>\n","protected":false},"excerpt":{"rendered":"<p>O bilion\u00e1rio Elon Musk concluiu na noite desta quinta-feira, 27, a compra do Twitter (TWTR34) ap\u00f3s seis meses de negocia\u00e7\u00f5es com a rede social. A compra foi finalizada por US$ 44 bilh\u00f5es, informam os ve\u00edculos Washington Post, Insider e CNBC. Twitter: alta no lucro. Foto: Pixabay O primeiro ato de Musk como propriet\u00e1rio do Twitter [&hellip;]<\/p>\n","protected":false},"author":43,"featured_media":136409,"comment_status":"closed","ping_status":"closed","sticky":false,"template":"","format":"standard","meta":[],"categories":[64],"tags":[726,1110],"suno_strategy":[],"class_list":["post-312672","post","type-post","status-publish","format-standard","has-post-thumbnail","hentry","category-negocios","tag-elon-musk","tag-twitter-twtr34"],"yoast_head":"<!-- This site is optimized with the Yoast SEO plugin v24.4 - https:\/\/yoast.com\/wordpress\/plugins\/seo\/ -->\n<title>Elon Musk conclui compra do Twitter (TWTR34) e demite executivos<\/title>\n<meta name=\"description\" content=\"O bilion\u00e1rio Elon Musk concluiu na noite desta quinta-feira, 27, a compra do Twitter (TWTR34) ap\u00f3s 6 meses de negocia\u00e7\u00f5es com a rede social.\" \/>\n<meta name=\"robots\" content=\"index, follow, max-snippet:-1, max-image-preview:large, max-video-preview:-1\" \/>\n<link rel=\"canonical\" href=\"https:\/\/www.suno.com.br\/noticias\/elon-musk-conclui-compra-twitter-twtr34-demite-executivos\/\" \/>\n<meta property=\"og:locale\" content=\"pt_BR\" \/>\n<meta property=\"og:type\" content=\"article\" \/>\n<meta property=\"og:title\" content=\"Elon Musk conclui compra do Twitter (TWTR34) e demite executivos\" \/>\n<meta property=\"og:description\" content=\"O bilion\u00e1rio Elon Musk concluiu na noite desta quinta-feira, 27, a compra do Twitter (TWTR34) ap\u00f3s 6 meses de negocia\u00e7\u00f5es com a rede social.\" \/>\n<meta property=\"og:url\" content=\"https:\/\/www.suno.com.br\/noticias\/elon-musk-conclui-compra-twitter-twtr34-demite-executivos\/\" \/>\n<meta property=\"og:site_name\" content=\"Suno Not\u00edcias\" \/>\n<meta property=\"article:publisher\" content=\"https:\/\/facebook.com\/sunoresearch\" \/>\n<meta property=\"article:author\" content=\"https:\/\/www.facebook.com\/sunonoticias\/\" \/>\n<meta property=\"og:image\" content=\"https:\/\/files.sunoresearch.com.br\/n\/uploads\/2021\/04\/0ecdc79d-cell-phone-1245663_1280.jpg\" \/>\n\t<meta property=\"og:image:width\" content=\"1280\" \/>\n\t<meta property=\"og:image:height\" content=\"853\" \/>\n\t<meta property=\"og:image:type\" content=\"image\/jpeg\" \/>\n<meta name=\"author\" content=\"Reda\u00e7\u00e3o Suno Not\u00edcias\" \/>\n<meta name=\"twitter:card\" content=\"summary_large_image\" \/>\n<meta name=\"twitter:creator\" content=\"@https:\/\/twitter.com\/sunoresearch\" \/>\n<meta name=\"twitter:site\" content=\"@sunoresearch\" \/>\n<meta name=\"twitter:label1\" content=\"Escrito por\" \/>\n\t<meta name=\"twitter:data1\" content=\"Reda\u00e7\u00e3o Suno Not\u00edcias\" \/>\n\t<meta name=\"twitter:label2\" content=\"Est. tempo de leitura\" \/>\n\t<meta name=\"twitter:data2\" content=\"6 minutos\" \/>\n<script type=\"application\/ld+json\" class=\"yoast-schema-graph\">{\"@context\":\"https:\/\/schema.org\",\"@graph\":[{\"@type\":\"NewsArticle\",\"@id\":\"https:\/\/www.suno.com.br\/noticias\/elon-musk-conclui-compra-twitter-twtr34-demite-executivos\/#article\",\"isPartOf\":{\"@id\":\"https:\/\/www.suno.com.br\/noticias\/elon-musk-conclui-compra-twitter-twtr34-demite-executivos\/\"},\"author\":{\"name\":\"Reda\u00e7\u00e3o Suno Not\u00edcias\",\"@id\":\"https:\/\/www.suno.com.br\/noticias\/#\/schema\/person\/c1b1bd3727fa852bd045e9dbff3673ea\"},\"headline\":\"Elon Musk conclui compra do Twitter (TWTR34) e demite executivos do alto escal\u00e3o\",\"datePublished\":\"2022-10-28T02:13:27+00:00\",\"dateModified\":\"2022-10-28T02:17:43+00:00\",\"mainEntityOfPage\":{\"@id\":\"https:\/\/www.suno.com.br\/noticias\/elon-musk-conclui-compra-twitter-twtr34-demite-executivos\/\"},\"wordCount\":1174,\"publisher\":{\"@id\":\"https:\/\/www.suno.com.br\/noticias\/#organization\"},\"image\":{\"@id\":\"https:\/\/www.suno.com.br\/noticias\/elon-musk-conclui-compra-twitter-twtr34-demite-executivos\/#primaryimage\"},\"thumbnailUrl\":\"https:\/\/files.sunoresearch.com.br\/n\/uploads\/2021\/04\/0ecdc79d-cell-phone-1245663_1280-jpg.webp\",\"keywords\":[\"Elon Musk\",\"Twitter (TWTR34)\"],\"articleSection\":[\"Neg\u00f3cios\"],\"inLanguage\":\"pt-BR\"},{\"@type\":\"WebPage\",\"@id\":\"https:\/\/www.suno.com.br\/noticias\/elon-musk-conclui-compra-twitter-twtr34-demite-executivos\/\",\"url\":\"https:\/\/www.suno.com.br\/noticias\/elon-musk-conclui-compra-twitter-twtr34-demite-executivos\/\",\"name\":\"Elon Musk conclui compra do Twitter (TWTR34) e demite executivos\",\"isPartOf\":{\"@id\":\"https:\/\/www.suno.com.br\/noticias\/#website\"},\"primaryImageOfPage\":{\"@id\":\"https:\/\/www.suno.com.br\/noticias\/elon-musk-conclui-compra-twitter-twtr34-demite-executivos\/#primaryimage\"},\"image\":{\"@id\":\"https:\/\/www.suno.com.br\/noticias\/elon-musk-conclui-compra-twitter-twtr34-demite-executivos\/#primaryimage\"},\"thumbnailUrl\":\"https:\/\/files.sunoresearch.com.br\/n\/uploads\/2021\/04\/0ecdc79d-cell-phone-1245663_1280-jpg.webp\",\"datePublished\":\"2022-10-28T02:13:27+00:00\",\"dateModified\":\"2022-10-28T02:17:43+00:00\",\"description\":\"O bilion\u00e1rio Elon Musk concluiu na noite desta quinta-feira, 27, a compra do Twitter (TWTR34) ap\u00f3s 6 meses de negocia\u00e7\u00f5es com a rede social.\",\"breadcrumb\":{\"@id\":\"https:\/\/www.suno.com.br\/noticias\/elon-musk-conclui-compra-twitter-twtr34-demite-executivos\/#breadcrumb\"},\"inLanguage\":\"pt-BR\",\"potentialAction\":[{\"@type\":\"ReadAction\",\"target\":[\"https:\/\/www.suno.com.br\/noticias\/elon-musk-conclui-compra-twitter-twtr34-demite-executivos\/\"]}]},{\"@type\":\"ImageObject\",\"inLanguage\":\"pt-BR\",\"@id\":\"https:\/\/www.suno.com.br\/noticias\/elon-musk-conclui-compra-twitter-twtr34-demite-executivos\/#primaryimage\",\"url\":\"https:\/\/files.sunoresearch.com.br\/n\/uploads\/2021\/04\/0ecdc79d-cell-phone-1245663_1280-jpg.webp\",\"contentUrl\":\"https:\/\/files.sunoresearch.com.br\/n\/uploads\/2021\/04\/0ecdc79d-cell-phone-1245663_1280-jpg.webp\",\"width\":1280,\"height\":853,\"caption\":\"Twitter: alta no lucro. Foto: Pixabay\"},{\"@type\":\"BreadcrumbList\",\"@id\":\"https:\/\/www.suno.com.br\/noticias\/elon-musk-conclui-compra-twitter-twtr34-demite-executivos\/#breadcrumb\",\"itemListElement\":[{\"@type\":\"ListItem\",\"position\":1,\"name\":\"Not\u00edcias\",\"item\":\"https:\/\/www.suno.com.br\/noticias\/\"},{\"@type\":\"ListItem\",\"position\":2,\"name\":\"Neg\u00f3cios\",\"item\":\"https:\/\/www.suno.com.br\/noticias\/negocios\/\"},{\"@type\":\"ListItem\",\"position\":3,\"name\":\"Elon Musk conclui compra do Twitter (TWTR34) e demite executivos do alto escal\u00e3o\"}]},{\"@type\":\"WebSite\",\"@id\":\"https:\/\/www.suno.com.br\/noticias\/#website\",\"url\":\"https:\/\/www.suno.com.br\/noticias\/\",\"name\":\"Suno Not\u00edcias\",\"description\":\"Seu portal de informa\u00e7\u00e3o sobre o mundo dos investimentos\",\"publisher\":{\"@id\":\"https:\/\/www.suno.com.br\/noticias\/#organization\"},\"potentialAction\":[{\"@type\":\"SearchAction\",\"target\":{\"@type\":\"EntryPoint\",\"urlTemplate\":\"https:\/\/www.suno.com.br\/noticias\/?s={search_term_string}\"},\"query-input\":{\"@type\":\"PropertyValueSpecification\",\"valueRequired\":true,\"valueName\":\"search_term_string\"}}],\"inLanguage\":\"pt-BR\"},{\"@type\":\"Organization\",\"@id\":\"https:\/\/www.suno.com.br\/noticias\/#organization\",\"name\":\"Suno Not\u00edcias\",\"url\":\"https:\/\/www.suno.com.br\/noticias\/\",\"logo\":{\"@type\":\"ImageObject\",\"inLanguage\":\"pt-BR\",\"@id\":\"https:\/\/www.suno.com.br\/noticias\/#\/schema\/logo\/image\/\",\"url\":\"https:\/\/files.sunoresearch.com.br\/n\/uploads\/2021\/09\/suno-logo.png\",\"contentUrl\":\"https:\/\/files.sunoresearch.com.br\/n\/uploads\/2021\/09\/suno-logo.png\",\"width\":180,\"height\":180,\"caption\":\"Suno Not\u00edcias\"},\"image\":{\"@id\":\"https:\/\/www.suno.com.br\/noticias\/#\/schema\/logo\/image\/\"},\"sameAs\":[\"https:\/\/facebook.com\/sunoresearch\",\"https:\/\/x.com\/sunoresearch\",\"https:\/\/www.instagram.com\/suno\",\"https:\/\/www.linkedin.com\/company\/suno-research\/\",\"https:\/\/www.youtube.com\/c\/sunoresearch\"]},{\"@type\":\"Person\",\"@id\":\"https:\/\/www.suno.com.br\/noticias\/#\/schema\/person\/c1b1bd3727fa852bd045e9dbff3673ea\",\"name\":\"Reda\u00e7\u00e3o Suno Not\u00edcias\",\"image\":{\"@type\":\"ImageObject\",\"inLanguage\":\"pt-BR\",\"@id\":\"https:\/\/www.suno.com.br\/noticias\/#\/schema\/person\/image\/\",\"url\":\"https:\/\/secure.gravatar.com\/avatar\/b8104b9b5a71985d5238ee59fbe418af?s=96&r=g\",\"contentUrl\":\"https:\/\/secure.gravatar.com\/avatar\/b8104b9b5a71985d5238ee59fbe418af?s=96&r=g\",\"caption\":\"Reda\u00e7\u00e3o Suno Not\u00edcias\"},\"description\":\"O Suno Not\u00edcias \u00e9 um portal de informa\u00e7\u00f5es sobre Mercado Financeiro, Pol\u00edtica, Neg\u00f3cios, Economia e Finan\u00e7as Pessoais.\",\"sameAs\":[\"https:\/\/www.suno.com.br\/noticias\",\"https:\/\/www.facebook.com\/sunonoticias\/\",\"https:\/\/www.instagram.com\/sunonoticias\/\",\"https:\/\/x.com\/https:\/\/twitter.com\/sunoresearch\",\"https:\/\/www.youtube.com\/sunonoticias\"],\"url\":\"https:\/\/www.suno.com.br\/noticias\/author\/redacao-suno\/\"}]}<\/script>\n<!-- \/ Yoast SEO plugin. -->","yoast_head_json":{"title":"Elon Musk conclui compra do Twitter (TWTR34) e demite executivos","description":"O bilion\u00e1rio Elon Musk concluiu na noite desta quinta-feira, 27, a compra do Twitter (TWTR34) ap\u00f3s 6 meses de negocia\u00e7\u00f5es com a rede social.","robots":{"index":"index","follow":"follow","max-snippet":"max-snippet:-1","max-image-preview":"max-image-preview:large","max-video-preview":"max-video-preview:-1"},"canonical":"https:\/\/www.suno.com.br\/noticias\/elon-musk-conclui-compra-twitter-twtr34-demite-executivos\/","og_locale":"pt_BR","og_type":"article","og_title":"Elon Musk conclui compra do Twitter (TWTR34) e demite executivos","og_description":"O bilion\u00e1rio Elon Musk concluiu na noite desta quinta-feira, 27, a compra do Twitter (TWTR34) ap\u00f3s 6 meses de negocia\u00e7\u00f5es com a rede social.","og_url":"https:\/\/www.suno.com.br\/noticias\/elon-musk-conclui-compra-twitter-twtr34-demite-executivos\/","og_site_name":"Suno Not\u00edcias","article_publisher":"https:\/\/facebook.com\/sunoresearch","article_author":"https:\/\/www.facebook.com\/sunonoticias\/","og_image":[{"width":1280,"height":853,"url":"https:\/\/files.sunoresearch.com.br\/n\/uploads\/2021\/04\/0ecdc79d-cell-phone-1245663_1280.jpg","type":"image\/jpeg"}],"author":"Reda\u00e7\u00e3o Suno Not\u00edcias","twitter_card":"summary_large_image","twitter_creator":"@https:\/\/twitter.com\/sunoresearch","twitter_site":"@sunoresearch","twitter_misc":{"Escrito por":"Reda\u00e7\u00e3o Suno Not\u00edcias","Est. tempo de leitura":"6 minutos"},"schema":{"@context":"https:\/\/schema.org","@graph":[{"@type":"NewsArticle","@id":"https:\/\/www.suno.com.br\/noticias\/elon-musk-conclui-compra-twitter-twtr34-demite-executivos\/#article","isPartOf":{"@id":"https:\/\/www.suno.com.br\/noticias\/elon-musk-conclui-compra-twitter-twtr34-demite-executivos\/"},"author":{"name":"Reda\u00e7\u00e3o Suno Not\u00edcias","@id":"https:\/\/www.suno.com.br\/noticias\/#\/schema\/person\/c1b1bd3727fa852bd045e9dbff3673ea"},"headline":"Elon Musk conclui compra do Twitter (TWTR34) e demite executivos do alto escal\u00e3o","datePublished":"2022-10-28T02:13:27+00:00","dateModified":"2022-10-28T02:17:43+00:00","mainEntityOfPage":{"@id":"https:\/\/www.suno.com.br\/noticias\/elon-musk-conclui-compra-twitter-twtr34-demite-executivos\/"},"wordCount":1174,"publisher":{"@id":"https:\/\/www.suno.com.br\/noticias\/#organization"},"image":{"@id":"https:\/\/www.suno.com.br\/noticias\/elon-musk-conclui-compra-twitter-twtr34-demite-executivos\/#primaryimage"},"thumbnailUrl":"https:\/\/files.sunoresearch.com.br\/n\/uploads\/2021\/04\/0ecdc79d-cell-phone-1245663_1280-jpg.webp","keywords":["Elon Musk","Twitter (TWTR34)"],"articleSection":["Neg\u00f3cios"],"inLanguage":"pt-BR"},{"@type":"WebPage","@id":"https:\/\/www.suno.com.br\/noticias\/elon-musk-conclui-compra-twitter-twtr34-demite-executivos\/","url":"https:\/\/www.suno.com.br\/noticias\/elon-musk-conclui-compra-twitter-twtr34-demite-executivos\/","name":"Elon Musk conclui compra do Twitter (TWTR34) e demite executivos","isPartOf":{"@id":"https:\/\/www.suno.com.br\/noticias\/#website"},"primaryImageOfPage":{"@id":"https:\/\/www.suno.com.br\/noticias\/elon-musk-conclui-compra-twitter-twtr34-demite-executivos\/#primaryimage"},"image":{"@id":"https:\/\/www.suno.com.br\/noticias\/elon-musk-conclui-compra-twitter-twtr34-demite-executivos\/#primaryimage"},"thumbnailUrl":"https:\/\/files.sunoresearch.com.br\/n\/uploads\/2021\/04\/0ecdc79d-cell-phone-1245663_1280-jpg.webp","datePublished":"2022-10-28T02:13:27+00:00","dateModified":"2022-10-28T02:17:43+00:00","description":"O bilion\u00e1rio Elon Musk concluiu na noite desta quinta-feira, 27, a compra do Twitter (TWTR34) ap\u00f3s 6 meses de negocia\u00e7\u00f5es com a rede social.","breadcrumb":{"@id":"https:\/\/www.suno.com.br\/noticias\/elon-musk-conclui-compra-twitter-twtr34-demite-executivos\/#breadcrumb"},"inLanguage":"pt-BR","potentialAction":[{"@type":"ReadAction","target":["https:\/\/www.suno.com.br\/noticias\/elon-musk-conclui-compra-twitter-twtr34-demite-executivos\/"]}]},{"@type":"ImageObject","inLanguage":"pt-BR","@id":"https:\/\/www.suno.com.br\/noticias\/elon-musk-conclui-compra-twitter-twtr34-demite-executivos\/#primaryimage","url":"https:\/\/files.sunoresearch.com.br\/n\/uploads\/2021\/04\/0ecdc79d-cell-phone-1245663_1280-jpg.webp","contentUrl":"https:\/\/files.sunoresearch.com.br\/n\/uploads\/2021\/04\/0ecdc79d-cell-phone-1245663_1280-jpg.webp","width":1280,"height":853,"caption":"Twitter: alta no lucro. Foto: Pixabay"},{"@type":"BreadcrumbList","@id":"https:\/\/www.suno.com.br\/noticias\/elon-musk-conclui-compra-twitter-twtr34-demite-executivos\/#breadcrumb","itemListElement":[{"@type":"ListItem","position":1,"name":"Not\u00edcias","item":"https:\/\/www.suno.com.br\/noticias\/"},{"@type":"ListItem","position":2,"name":"Neg\u00f3cios","item":"https:\/\/www.suno.com.br\/noticias\/negocios\/"},{"@type":"ListItem","position":3,"name":"Elon Musk conclui compra do Twitter (TWTR34) e demite executivos do alto escal\u00e3o"}]},{"@type":"WebSite","@id":"https:\/\/www.suno.com.br\/noticias\/#website","url":"https:\/\/www.suno.com.br\/noticias\/","name":"Suno Not\u00edcias","description":"Seu portal de informa\u00e7\u00e3o sobre o mundo dos investimentos","publisher":{"@id":"https:\/\/www.suno.com.br\/noticias\/#organization"},"potentialAction":[{"@type":"SearchAction","target":{"@type":"EntryPoint","urlTemplate":"https:\/\/www.suno.com.br\/noticias\/?s={search_term_string}"},"query-input":{"@type":"PropertyValueSpecification","valueRequired":true,"valueName":"search_term_string"}}],"inLanguage":"pt-BR"},{"@type":"Organization","@id":"https:\/\/www.suno.com.br\/noticias\/#organization","name":"Suno Not\u00edcias","url":"https:\/\/www.suno.com.br\/noticias\/","logo":{"@type":"ImageObject","inLanguage":"pt-BR","@id":"https:\/\/www.suno.com.br\/noticias\/#\/schema\/logo\/image\/","url":"https:\/\/files.sunoresearch.com.br\/n\/uploads\/2021\/09\/suno-logo.png","contentUrl":"https:\/\/files.sunoresearch.com.br\/n\/uploads\/2021\/09\/suno-logo.png","width":180,"height":180,"caption":"Suno Not\u00edcias"},"image":{"@id":"https:\/\/www.suno.com.br\/noticias\/#\/schema\/logo\/image\/"},"sameAs":["https:\/\/facebook.com\/sunoresearch","https:\/\/x.com\/sunoresearch","https:\/\/www.instagram.com\/suno","https:\/\/www.linkedin.com\/company\/suno-research\/","https:\/\/www.youtube.com\/c\/sunoresearch"]},{"@type":"Person","@id":"https:\/\/www.suno.com.br\/noticias\/#\/schema\/person\/c1b1bd3727fa852bd045e9dbff3673ea","name":"Reda\u00e7\u00e3o Suno Not\u00edcias","image":{"@type":"ImageObject","inLanguage":"pt-BR","@id":"https:\/\/www.suno.com.br\/noticias\/#\/schema\/person\/image\/","url":"https:\/\/secure.gravatar.com\/avatar\/b8104b9b5a71985d5238ee59fbe418af?s=96&r=g","contentUrl":"https:\/\/secure.gravatar.com\/avatar\/b8104b9b5a71985d5238ee59fbe418af?s=96&r=g","caption":"Reda\u00e7\u00e3o Suno Not\u00edcias"},"description":"O Suno Not\u00edcias \u00e9 um portal de informa\u00e7\u00f5es sobre Mercado Financeiro, Pol\u00edtica, Neg\u00f3cios, Economia e Finan\u00e7as Pessoais.","sameAs":["https:\/\/www.suno.com.br\/noticias","https:\/\/www.facebook.com\/sunonoticias\/","https:\/\/www.instagram.com\/sunonoticias\/","https:\/\/x.com\/https:\/\/twitter.com\/sunoresearch","https:\/\/www.youtube.com\/sunonoticias"],"url":"https:\/\/www.suno.com.br\/noticias\/author\/redacao-suno\/"}]}},"default_loop_html":"<div class=\"cardsPage__listCard__boxs\"><div class=\"cardsPage__listCard__boxs__img\"><a href=\"https:\/\/www.suno.com.br\/noticias\/elon-musk-conclui-compra-twitter-twtr34-demite-executivos\/\"><img class=\"mask\" src=\"https:\/\/www.suno.com.br\/noticias\/wp-content\/themes\/suno\/resources\/images\/spotlight\/spotlight1img\/bg-mask.png\" alt=\"Image Mask\"\/><img src=\"https:\/\/files.sunoresearch.com.br\/n\/uploads\/2021\/04\/0ecdc79d-cell-phone-1245663_1280-400x200.webp\" alt=\"Elon Musk conclui compra do Twitter (TWTR34) e demite executivos do alto escal\u00e3o\"\/><\/a><span class=\"spotlightCategory\"><a href=\"https:\/\/www.suno.com.br\/noticias\/negocios\/\">Neg\u00f3cios<\/a><\/span><\/div><div class=\"cardsPage__listCard__boxs__content\"><a href=\"https:\/\/www.suno.com.br\/noticias\/elon-musk-conclui-compra-twitter-twtr34-demite-executivos\/\"><h2 class=\"content__title\">Elon Musk conclui compra do Twitter (TWTR34) e demite executivos do alto escal\u00e3o<\/h2><\/a><div class=\"newsContent__article__meta\"><div class=\"newsContent__article__meta__authorBox\"><a href=\"https:\/\/www.suno.com.br\/noticias\/author\/redacao-suno\/\" class=\"authorBox__avatar noMobi\"><img src=\"https:\/\/files.sunoresearch.com.br\/n\/uploads\/2020\/08\/0ace682d-redacao-1-150x150.webp\" alt=\"Reda\u00e7\u00e3o Suno Not\u00edcias\"><\/a><div class=\"authorBox__name\"><span>por\n\t\t\t<a href=\"https:\/\/www.suno.com.br\/noticias\/author\/redacao-suno\/\"><span itemprop=\"author\">Reda\u00e7\u00e3o Suno Not\u00edcias<\/span><\/a><\/span><time datetime=\"2022-10-27T23:13:27-03:00\" itemprop=\"datePublished\">27\/10\/2022 23:13<\/time><\/div><\/div><\/div><\/div><\/div>","single_layout":"posts","amp_enabled":true,"_links":{"self":[{"href":"https:\/\/www.suno.com.br\/noticias\/wp-json\/wp\/v2\/posts\/312672"}],"collection":[{"href":"https:\/\/www.suno.com.br\/noticias\/wp-json\/wp\/v2\/posts"}],"about":[{"href":"https:\/\/www.suno.com.br\/noticias\/wp-json\/wp\/v2\/types\/post"}],"author":[{"embeddable":true,"href":"https:\/\/www.suno.com.br\/noticias\/wp-json\/wp\/v2\/users\/43"}],"replies":[{"embeddable":true,"href":"https:\/\/www.suno.com.br\/noticias\/wp-json\/wp\/v2\/comments?post=312672"}],"version-history":[{"count":3,"href":"https:\/\/www.suno.com.br\/noticias\/wp-json\/wp\/v2\/posts\/312672\/revisions"}],"predecessor-version":[{"id":312680,"href":"https:\/\/www.suno.com.br\/noticias\/wp-json\/wp\/v2\/posts\/312672\/revisions\/312680"}],"wp:featuredmedia":[{"embeddable":true,"href":"https:\/\/www.suno.com.br\/noticias\/wp-json\/wp\/v2\/media\/136409"}],"wp:attachment":[{"href":"https:\/\/www.suno.com.br\/noticias\/wp-json\/wp\/v2\/media?parent=312672"}],"wp:term":[{"taxonomy":"category","embeddable":true,"href":"https:\/\/www.suno.com.br\/noticias\/wp-json\/wp\/v2\/categories?post=312672"},{"taxonomy":"post_tag","embeddable":true,"href":"https:\/\/www.suno.com.br\/noticias\/wp-json\/wp\/v2\/tags?post=312672"},{"taxonomy":"suno_strategy","embeddable":true,"href":"https:\/\/www.suno.com.br\/noticias\/wp-json\/wp\/v2\/suno_strategy?post=312672"}],"curies":[{"name":"wp","href":"https:\/\/api.w.org\/{rel}","templated":true}]}}