{"id":312338,"date":"2022-10-27T12:46:40","date_gmt":"2022-10-27T15:46:40","guid":{"rendered":"https:\/\/www.suno.com.br\/noticias\/?p=312338"},"modified":"2022-10-27T12:46:40","modified_gmt":"2022-10-27T15:46:40","slug":"paulo-guedes-suno-research-tiago-reis","status":"publish","type":"post","link":"https:\/\/www.suno.com.br\/noticias\/paulo-guedes-suno-research-tiago-reis\/","title":{"rendered":"Paulo Guedes na Suno: Veja destaques da conversa com Tiago Reis"},"content":{"rendered":"<p>O ministro da economia, <strong><a class=\"suno-keyword\" href=\"https:\/\/www.suno.com.br\/tudo-sobre\/paulo-guedes\/\" target=\"_blank\" rel=\"noopener\" data-force=\"no\" data-priority=\"2\">Paulo Guedes<\/a><\/strong>, foi entrevistado pelo chairman e fundador do Grupo Suno, Tiago Reis, na manh\u00e3 desta quinta-feira (27).<\/p><div class=\"videoFull \">\n\t\t\t<div class=\"videoWrapper yt-lazyload center\"\n\t\t\t\tdata-width=\"960\"\n\t\t\t\tdata-height=\"540\"\n\t\t\t\tdata-id=\"XJdG6MNHlrY\"\n\t\t\t\tdata-alt=\"V\u00eddeo do YouTube - clique para reproduzir\"\n\t\t\t\tdata-logo=\"3\"\n\t\t\t\tdata-imagequality=\"maxres\">\n\t\t\t<\/div>\n\t\t<\/div><script type=\"application\/ld+json\">{\"@context\":\"https:\/\/schema.org\",\"@type\":\"VideoObject\",\"name\":\"PERSPECTIVAS PARA 2023: Tiago Reis entrevista Paulo Guedes\",\"description\":\"\u2600\ufe0f \ud835\uddd4 \ud835\uddd5\ud835\udddf\ud835\uddd4\ud835\uddd6\ud835\uddde \ud835\uddd9\ud835\udde5\ud835\udddc\ud835\uddd7\ud835\uddd4\ud835\uddec \ud835\uddf1\ud835\uddee \ud835\udde6\ud835\udde8\ud835\udde1\ud835\udde2 \ud835\uddf2\ud835\ude00\ud835\ude01\ud835\uddee\u0301 \ud835\uddf0\ud835\uddf5\ud835\uddf2\ud835\uddf4\ud835\uddee\ud835\uddfb\ud835\uddf1\ud835\uddfc! \ud835\uddd6\ud835\uddee\ud835\uddf1\ud835\uddee\ud835\ude00\ud835\ude01\ud835\uddff\ud835\uddf2-\ud835\ude00\ud835\uddf2 \ud835\uddf2 \ud835\uddff\ud835\uddf2\ud835\uddf0\ud835\uddf2\ud835\uddef\ud835\uddee \ud835\uddfc\ud835\ude00 \ud835\uddfa\ud835\uddee\ud835\uddf6\ud835\uddfc\ud835\uddff\ud835\uddf2\ud835\ude00 \ud835\uddf1\ud835\uddf2\ud835\ude00\ud835\uddf0\ud835\uddfc\ud835\uddfb\ud835\ude01\ud835\uddfc\ud835\ude00 \ud835\uddf2 \ud835\uddef\ud835\uddfc\u0302\ud835\uddfb\ud835\ude02\ud835\ude00 \ud835\uddf2\ud835\ude00\ud835\uddfd\ud835\uddf2\ud835\uddf0\ud835\uddf6\ud835\uddee\ud835\uddf6\ud835\ude00! #\ud835\uddd4\ud835\udde6\ud835\ude02\ud835\uddee\ud835\uddd6\ud835\uddfc\ud835\uddfb\ud835\uddfe\ud835\ude02\ud835\uddf6\ud835\ude00\ud835\ude01\ud835\uddee \ud83d\udc49 https:\/\/lp.suno.com.br\/cl\/black-friday-suno\/?utm_source=youtube.suno&utm_medium=live&utm_campaign=RS.BKF22.ns.20221027&utm_content=suno.pauloguedes.1000.20221027 PERSPECTIVAS PARA 2023: Tiago Reis entrevista Paulo Guedes Quinta-feira \u00e0s 10h, eu vou conversar ao vivo com o ministro Paulo Guedes. Como contei para voc\u00eas, eu convidei as duas campanhas para ouvir as d\u00favidas dos\u2026\",\"duration\":\"PT1H17M6S\",\"embedUrl\":\"https:\/\/www.youtube.com\/embed\/XJdG6MNHlrY\",\"regionsAllowed\":\"pt-BR\",\"interactionStatistic\":{\"@type\":\"InteractionCounter\",\"interactionType\":{\"@type\":\"WatchAction\"},\"userInteractionCount\":31569},\"thumbnailUrl\":\"https:\/\/i.ytimg.com\/vi\/XJdG6MNHlrY\/default.jpg\",\"uploadDate\":\"2022-10-27T14:28:36Z\"}<\/script>\n\n\t<p>\n\t\t<a href=\"https:\/\/lp2.suno.com.br\/cl\/black-friday-2025\/?utm_campaign=_SNCDF0E4858_\" target=\"_blank\" data-element=\"shortcode-suno-banner\" title=\"Banner SUNO, clique e saiba mais\">\n\t\t\t<picture>\n\t\t\t\t<source media=\"(max-width: 500px)\" srcset=\"https:\/\/files.sunoresearch.com.br\/n\/uploads\/2025\/10\/Artigos-e-Noticias-Banner-Home-artigos-01-Mobile_-400x300-1-png.webp\">\n\t\t\t\t<img class=\"newsContent__article__imgCapa newsContent__article__imgCapa--banner\"\n\t\t\t\t\tsrc=\"https:\/\/files.sunoresearch.com.br\/n\/uploads\/2025\/10\/Artigos-e-Noticias-Banner-Home-artigos-01-Desktop_-1420x240-1-png.webp\"\n\t\t\t\t\tdata-promo-id=\"311259\"\t\t\t\t\t\t\t\t\t\twidth='1420' height='240'\t\t\t\t\talt=\"https:\/\/files.sunoresearch.com.br\/n\/uploads\/2025\/10\/Artigos-e-Noticias-Banner-Home-artigos-01-Desktop_-1420x240-1-png.webp\"\n\t\t\t\t>\n\t\t\t<\/picture>\n\t\t<\/a>\n\t<\/p>\n\n\n<p>A <strong>entrevista com o ministro Paulo Guedes<\/strong> abordou temas como as d\u00favidas dos investidores, pautas gerais do <a class=\"suno-keyword\" href=\"https:\/\/www.suno.com.br\/artigos\/mercado-de-capitais-conceito\/\" target=\"_blank\" rel=\"noopener\" data-force=\"no\" data-priority=\"1\">mercado de capitais<\/a>, crescimento econ\u00f4mico, privatiza\u00e7\u00f5es, al\u00e9m do planejamento econ\u00f4mico para um eventual segundo mandato do presidente Jair Bolsonaro (PL).<\/p>\n<p>Confira abaixo os principais destaques da entrevista:<\/p>\n<h2>Prioridade deve ser Aux\u00edlio Brasil<\/h2>\n<p>Segundo o ministro, a\u00a0<strong>prioridade n\u00famero um do Governo \u00e9 o Aux\u00edlio Brasil<\/strong>.<\/p>\n<p>&#8220;A prioridade absoluta \u00e9 a garantia do Aux\u00edlio Brasil. Mais que triplicamos o programa e queremos garantir esse programa. A primeira coisa que temos que fazer \u00e9 a tributa\u00e7\u00e3o de lucros e <a class=\"suno-keyword\" href=\"https:\/\/www.suno.com.br\/guias\/dividendos\/\" target=\"_blank\" rel=\"noopener\" data-force=\"no\" data-priority=\"1\">dividendos<\/a> para financiar esse aux\u00edlio. Isso j\u00e1 estava na Reforma Tribut\u00e1ria&#8221;, disse durante a entrevista.<\/p>\n<p>O ministro acusou a campanha de Luiz In\u00e1cio Lula da Silva (PT) de querer &#8220;acabar com o Aux\u00edlio Brasil&#8221;. A campanha de Lula, no entanto, n\u00e3o pretende acabar com o programa, mas realizar mudan\u00e7as e voltar ao nome anterior de &#8220;Bolsa Fam\u00edlia&#8221;.<\/p>\n<p>&#8221; Voc\u00ea est\u00e1 numa democracia em que as pessoas ficam inventando mentiras. Voc\u00ea tem que explicar para a sociedade que eles v\u00e3o acabar com o Aux\u00edlio Brasil&#8221;.<\/p>\n<h2>Taxa\u00e7\u00e3o de Lucros e Dividendos<\/h2>\n<p>Na ocasi\u00e3o, o ministro tamb\u00e9m classificou a <strong>n\u00e3o taxa\u00e7\u00e3o de dividendos<\/strong> como algo que &#8216;n\u00e3o \u00e9 socialmente justo&#8217;. A medida est\u00e1 no enfoque de ambas as campanhas presidenciais e, em alguma medida, assusta o mercado de capitais, dada a atratividade dos proventos de diversas empresas e tamb\u00e9m dos Fundo Imobili\u00e1rios (FIIs). Alguns especialistas tamb\u00e9m consideram uma eventual al\u00edquota como &#8216;bi tributa\u00e7\u00e3o&#8217;.<\/p>\n<p>&#8220;Os Lucros e dividendos n\u00e3o pagam impostos. S\u00e3o mais de R$ 300 bilh\u00f5es por ano auferidos em lucros e dividendos e pagam zero. Isso n\u00e3o \u00e9 socialmente justo. N\u00e3o acho que seja&#8221;.<\/p>\n<p>O ministro estimou que a arrecada\u00e7\u00e3o do novo tributo ser\u00e1 de R$ 69 bilh\u00f5es ao ano, sendo suficiente para bancar o programa do <strong>Aux\u00edlio Brasil<\/strong>.<\/p>\n<p>\u201cA primeira coisa que temos de fazer \u00e9 a tributa\u00e7\u00e3o de lucros e dividendos para financiar esse aux\u00edlio. Quando voc\u00ea cria o beneficio, tem de dizer de onde vem a fonte permanente. Queremos avan\u00e7ar tamb\u00e9m na reforma tribut\u00e1ria&#8221;, disse.<\/p>\n\t<p>\n\t\t<a href=\"https:\/\/lp.suno.com.br\/ebook-como-analisar-uma-acao\/\" target=\"_blank\" data-element=\"shortcode-suno-banner\" title=\"Banner SUNO, clique e saiba mais\">\n\t\t\t<picture>\n\t\t\t\t<source media=\"(max-width: 500px)\" srcset=\"https:\/\/files.sunoresearch.com.br\/n\/uploads\/2023\/12\/Ebook-Acoes-Mobile.jpg\">\n\t\t\t\t<img class=\"newsContent__article__imgCapa newsContent__article__imgCapa--banner\"\n\t\t\t\t\tsrc=\"https:\/\/files.sunoresearch.com.br\/n\/uploads\/2023\/12\/Ebook-Acoes-Desktop.webp\"\n\t\t\t\t\tdata-promo-id=\"311260\"\t\t\t\t\t\t\t\t\t\twidth='1420' height='286'\t\t\t\t\talt=\"https:\/\/files.sunoresearch.com.br\/n\/uploads\/2023\/12\/Ebook-Acoes-Desktop.webp\"\n\t\t\t\t>\n\t\t\t<\/picture>\n\t\t<\/a>\n\t<\/p>\n\n\n<h2>Pipeline de investimentos no Brasil beira R$ 1 trilh\u00e3o, diz Paulo Guedes<\/h2>\n<p>Segundo o ministro, o Governo Federal tem um pipeline de R$ 900 bilh\u00f5es em <a href=\"https:\/\/www.suno.com.br\/artigos\/investimentos-no-brasil\/\">investimentos diretos<\/a>. &#8220;S\u00e3o grandes empresas, na maior parte brasileiras&#8221;, relatou.<\/p>\n<p>As companhias pagaram um b\u00f4nus de assinatura de R$ 170 bilh\u00f5es, segundo Paulo Guedes.<\/p>\n<p>&#8220;Como fizemos as reformas dos marcos regulat\u00f3rios, eles est\u00e3o em toda a parte. 5G, telecomunica\u00e7\u00f5es, energia renov\u00e1vel, saneamento, eletricidade, ferrovias, rodovias, privatiza\u00e7\u00f5es de portos. Est\u00e3o contratados, s\u00e3o compromissos. N\u00e3o s\u00e3o ideias. Eles perde R$ 178 bilh\u00f5es se n\u00e3o investir os R$ 900 bilh\u00f5es&#8221;<\/p>\n<h2>&#8216;Por mim, privatizava tudo&#8217;<\/h2>\n<p>Segundo o ministro Paulo Guedes, os entraves pol\u00edticos s\u00e3o os \u00fanicos que impedem uma <strong>privatiza\u00e7\u00e3o generalizada de estatais<\/strong>.<\/p>\n<p>&#8220;Houve pre\u00e7os manipulados no passado, houve desvio de recursos, s\u00e3o esc\u00e2ndalos conhecidos. O Brasil estava com corrup\u00e7\u00e3o sist\u00eamica. Era a velha pol\u00edtica. Quando voc\u00ea consolidava, dava R$ 30 a R$ 40 bilh\u00f5es de preju\u00edzo. Agora d\u00e1 um lucro de R$ 180 bilh\u00f5es ao ano&#8221;, comentou.<\/p>\n<p>&#8220;Tem que seguir e tem que privatizar. O Presidente sabe politicamente at\u00e9 onde tem que ir. O ministro da Fazenda [Paulo Guedes] tem sempre a mesma resposta: Privatizar todas. Vamos continuar privatizando. Mas obviamente, na pol\u00edtica, n\u00e3o \u00e9 o que acontece&#8221;, disse.<\/p>\n<p>&#8220;N\u00f3s tivemos dificuldades, e tinha um acordo do antigo presidente com a esquerda de n\u00e3o passar privatiza\u00e7\u00f5es. Vendemos subsidi\u00e1rias, ent\u00e3o. O Brasil \u00e9 prisioneiro de um modelo obsoleto, com monopolizado no petr\u00f3leo e na energia el\u00e9trica, com <a class=\"suno-keyword\" href=\"https:\/\/www.suno.com.br\/acoes\/PETR4\/\" target=\"_blank\" rel=\"noopener\" data-force=\"yes\" data-priority=\"2\">Petrobras (PETR4)<\/a> e <a class=\"suno-keyword\" href=\"https:\/\/www.suno.com.br\/acoes\/ELET3\/\" target=\"_blank\" rel=\"noopener\" data-force=\"yes\" data-priority=\"2\">Eletrobras (ELET3)<\/a>&#8220;, concluiu.<\/p>\n<h2>Crescimento de investidores \u00e9 &#8216;caminho da prosperidade&#8217;, diz Paulo Guedes<\/h2>\n<p>Sobre a crescente de investidores na bolsa brasileira, o ministro disse que se trata &#8220;de um exemplo caro que estamos no caminho certo&#8221;<\/p>\n<p>&#8220;Isso \u00e9 o caminho da prosperidade. O que chamamos de penetra\u00e7\u00e3o financeira. O capitalismo t\u00e1 ganhando ra\u00edzes profundas, para criar inova\u00e7\u00f5es, empregos, maiores sal\u00e1rios. Riqueza e renda&#8221;, afirma.<\/p>\n<p>&#8220;Agora as empresas n\u00e3o dependem do BNDES, fazem IPO. Com o cr\u00e9dito mudou tamb\u00e9m, antes 60% era dirigido, agora \u00e9 s\u00f3 40%. Voc\u00eas todos fazem um bel\u00edssimo trabalho de dar perspectiva de prosperidade. Os americanos fizeram esse aprofundamento de forma radical, passando 30 anos resistindo \u00e0 competi\u00e7\u00e3o com a \u00c1sia, e a classe m\u00e9dia americana tem a\u00e7\u00f5es. A bolsa subiu, e os americanos estavam enriquecendo apesar da evolu\u00e7\u00e3o dos novos capitalistas&#8221;, concluiu <strong>Paulo Guedes.<\/strong><\/p>\n\t<p>\n\t\t<a href=\"https:\/\/lp.suno.com.br\/minicurso-investindo-fiis\/\" target=\"_blank\" data-element=\"shortcode-suno-banner\" title=\"Banner SUNO, clique e saiba mais\">\n\t\t\t<picture>\n\t\t\t\t<source media=\"(max-width: 500px)\" srcset=\"https:\/\/files.sunoresearch.com.br\/n\/uploads\/2023\/07\/400x300-Minicurso-FIIS.png\">\n\t\t\t\t<img class=\"newsContent__article__imgCapa newsContent__article__imgCapa--banner\"\n\t\t\t\t\tsrc=\"https:\/\/files.sunoresearch.com.br\/n\/uploads\/2023\/07\/1420x240-Minicurso-FIIS.png\"\n\t\t\t\t\tdata-promo-id=\"311935\"\t\t\t\t\t\t\t\t\t\twidth='1420' height='240'\t\t\t\t\talt=\"https:\/\/files.sunoresearch.com.br\/n\/uploads\/2023\/07\/1420x240-Minicurso-FIIS.png\"\n\t\t\t\t>\n\t\t\t<\/picture>\n\t\t<\/a>\n\t<\/p>\n\n\n","protected":false},"excerpt":{"rendered":"<p>O ministro da economia, Paulo Guedes, foi entrevistado pelo chairman e fundador do Grupo Suno, Tiago Reis, na manh\u00e3 desta quinta-feira (27). A entrevista com o ministro Paulo Guedes abordou temas como as d\u00favidas dos investidores, pautas gerais do mercado de capitais, crescimento econ\u00f4mico, privatiza\u00e7\u00f5es, al\u00e9m do planejamento econ\u00f4mico para um eventual segundo mandato do [&hellip;]<\/p>\n","protected":false},"author":73,"featured_media":312363,"comment_status":"closed","ping_status":"closed","sticky":false,"template":"","format":"standard","meta":[],"categories":[62],"tags":[796,2157],"suno_strategy":[],"class_list":["post-312338","post","type-post","status-publish","format-standard","has-post-thumbnail","hentry","category-economia","tag-paulo-guedes","tag-tiago-reis"],"yoast_head":"<!-- This site is optimized with the Yoast SEO plugin v24.4 - https:\/\/yoast.com\/wordpress\/plugins\/seo\/ -->\n<title>Paulo Guedes na Suno: Veja destaques da conversa com Tiago Reis<\/title>\n<meta name=\"description\" content=\"Em live com Tiago Reis, da Suno, o Ministro da Economia Paulo Guedes falou sobre taxa\u00e7\u00e3o de dividendos, privatiza\u00e7\u00f5es e 2023. Confira!\" \/>\n<meta name=\"robots\" content=\"index, follow, max-snippet:-1, max-image-preview:large, max-video-preview:-1\" \/>\n<link rel=\"canonical\" href=\"https:\/\/www.suno.com.br\/noticias\/paulo-guedes-suno-research-tiago-reis\/\" \/>\n<meta property=\"og:locale\" content=\"pt_BR\" \/>\n<meta property=\"og:type\" content=\"article\" \/>\n<meta property=\"og:title\" content=\"Paulo Guedes na Suno: Veja destaques da conversa com Tiago Reis\" \/>\n<meta property=\"og:description\" content=\"Em live com Tiago Reis, da Suno, o Ministro da Economia Paulo Guedes falou sobre taxa\u00e7\u00e3o de dividendos, privatiza\u00e7\u00f5es e 2023. Confira!\" \/>\n<meta property=\"og:url\" content=\"https:\/\/www.suno.com.br\/noticias\/paulo-guedes-suno-research-tiago-reis\/\" \/>\n<meta property=\"og:site_name\" content=\"Suno Not\u00edcias\" \/>\n<meta property=\"article:publisher\" content=\"https:\/\/facebook.com\/sunoresearch\" \/>\n<meta property=\"og:image\" content=\"https:\/\/files.sunoresearch.com.br\/n\/uploads\/2022\/10\/PAULO-GUEDES-SUNO.jpg\" \/>\n\t<meta property=\"og:image:width\" content=\"1366\" \/>\n\t<meta property=\"og:image:height\" content=\"768\" \/>\n\t<meta property=\"og:image:type\" content=\"image\/jpeg\" \/>\n<meta name=\"author\" content=\"Eduardo Vargas\" \/>\n<meta name=\"twitter:card\" content=\"summary_large_image\" \/>\n<meta name=\"twitter:creator\" content=\"@sunoresearch\" \/>\n<meta name=\"twitter:site\" content=\"@sunoresearch\" \/>\n<meta name=\"twitter:label1\" content=\"Escrito por\" \/>\n\t<meta name=\"twitter:data1\" content=\"Eduardo Vargas\" \/>\n\t<meta name=\"twitter:label2\" content=\"Est. tempo de leitura\" \/>\n\t<meta name=\"twitter:data2\" content=\"5 minutos\" \/>\n<script type=\"application\/ld+json\" class=\"yoast-schema-graph\">{\"@context\":\"https:\/\/schema.org\",\"@graph\":[{\"@type\":\"NewsArticle\",\"@id\":\"https:\/\/www.suno.com.br\/noticias\/paulo-guedes-suno-research-tiago-reis\/#article\",\"isPartOf\":{\"@id\":\"https:\/\/www.suno.com.br\/noticias\/paulo-guedes-suno-research-tiago-reis\/\"},\"author\":{\"name\":\"Eduardo Vargas\",\"@id\":\"https:\/\/www.suno.com.br\/noticias\/#\/schema\/person\/7f4d362bf3518e76090143ae77bb49a5\"},\"headline\":\"Paulo Guedes na Suno: Veja destaques da conversa com Tiago Reis\",\"datePublished\":\"2022-10-27T15:46:40+00:00\",\"mainEntityOfPage\":{\"@id\":\"https:\/\/www.suno.com.br\/noticias\/paulo-guedes-suno-research-tiago-reis\/\"},\"wordCount\":829,\"publisher\":{\"@id\":\"https:\/\/www.suno.com.br\/noticias\/#organization\"},\"image\":{\"@id\":\"https:\/\/www.suno.com.br\/noticias\/paulo-guedes-suno-research-tiago-reis\/#primaryimage\"},\"thumbnailUrl\":\"https:\/\/files.sunoresearch.com.br\/n\/uploads\/2022\/10\/PAULO-GUEDES-SUNO.jpg\",\"keywords\":[\"Paulo Guedes\",\"Tiago Reis\"],\"articleSection\":[\"Economia\"],\"inLanguage\":\"pt-BR\"},{\"@type\":\"WebPage\",\"@id\":\"https:\/\/www.suno.com.br\/noticias\/paulo-guedes-suno-research-tiago-reis\/\",\"url\":\"https:\/\/www.suno.com.br\/noticias\/paulo-guedes-suno-research-tiago-reis\/\",\"name\":\"Paulo Guedes na Suno: Veja destaques da conversa com Tiago Reis\",\"isPartOf\":{\"@id\":\"https:\/\/www.suno.com.br\/noticias\/#website\"},\"primaryImageOfPage\":{\"@id\":\"https:\/\/www.suno.com.br\/noticias\/paulo-guedes-suno-research-tiago-reis\/#primaryimage\"},\"image\":{\"@id\":\"https:\/\/www.suno.com.br\/noticias\/paulo-guedes-suno-research-tiago-reis\/#primaryimage\"},\"thumbnailUrl\":\"https:\/\/files.sunoresearch.com.br\/n\/uploads\/2022\/10\/PAULO-GUEDES-SUNO.jpg\",\"datePublished\":\"2022-10-27T15:46:40+00:00\",\"description\":\"Em live com Tiago Reis, da Suno, o Ministro da Economia Paulo Guedes falou sobre taxa\u00e7\u00e3o de dividendos, privatiza\u00e7\u00f5es e 2023. Confira!\",\"breadcrumb\":{\"@id\":\"https:\/\/www.suno.com.br\/noticias\/paulo-guedes-suno-research-tiago-reis\/#breadcrumb\"},\"inLanguage\":\"pt-BR\",\"potentialAction\":[{\"@type\":\"ReadAction\",\"target\":[\"https:\/\/www.suno.com.br\/noticias\/paulo-guedes-suno-research-tiago-reis\/\"]}]},{\"@type\":\"ImageObject\",\"inLanguage\":\"pt-BR\",\"@id\":\"https:\/\/www.suno.com.br\/noticias\/paulo-guedes-suno-research-tiago-reis\/#primaryimage\",\"url\":\"https:\/\/files.sunoresearch.com.br\/n\/uploads\/2022\/10\/PAULO-GUEDES-SUNO.jpg\",\"contentUrl\":\"https:\/\/files.sunoresearch.com.br\/n\/uploads\/2022\/10\/PAULO-GUEDES-SUNO.jpg\",\"width\":1366,\"height\":768,\"caption\":\"Paulo Guedes concede entrevista ao fundador da Suno, Tiago Reis\"},{\"@type\":\"BreadcrumbList\",\"@id\":\"https:\/\/www.suno.com.br\/noticias\/paulo-guedes-suno-research-tiago-reis\/#breadcrumb\",\"itemListElement\":[{\"@type\":\"ListItem\",\"position\":1,\"name\":\"Not\u00edcias\",\"item\":\"https:\/\/www.suno.com.br\/noticias\/\"},{\"@type\":\"ListItem\",\"position\":2,\"name\":\"Economia\",\"item\":\"https:\/\/www.suno.com.br\/noticias\/economia\/\"},{\"@type\":\"ListItem\",\"position\":3,\"name\":\"Paulo Guedes na Suno: Veja destaques da conversa com Tiago Reis\"}]},{\"@type\":\"WebSite\",\"@id\":\"https:\/\/www.suno.com.br\/noticias\/#website\",\"url\":\"https:\/\/www.suno.com.br\/noticias\/\",\"name\":\"Suno Not\u00edcias\",\"description\":\"Seu portal de informa\u00e7\u00e3o sobre o mundo dos investimentos\",\"publisher\":{\"@id\":\"https:\/\/www.suno.com.br\/noticias\/#organization\"},\"potentialAction\":[{\"@type\":\"SearchAction\",\"target\":{\"@type\":\"EntryPoint\",\"urlTemplate\":\"https:\/\/www.suno.com.br\/noticias\/?s={search_term_string}\"},\"query-input\":{\"@type\":\"PropertyValueSpecification\",\"valueRequired\":true,\"valueName\":\"search_term_string\"}}],\"inLanguage\":\"pt-BR\"},{\"@type\":\"Organization\",\"@id\":\"https:\/\/www.suno.com.br\/noticias\/#organization\",\"name\":\"Suno Not\u00edcias\",\"url\":\"https:\/\/www.suno.com.br\/noticias\/\",\"logo\":{\"@type\":\"ImageObject\",\"inLanguage\":\"pt-BR\",\"@id\":\"https:\/\/www.suno.com.br\/noticias\/#\/schema\/logo\/image\/\",\"url\":\"https:\/\/files.sunoresearch.com.br\/n\/uploads\/2021\/09\/suno-logo.png\",\"contentUrl\":\"https:\/\/files.sunoresearch.com.br\/n\/uploads\/2021\/09\/suno-logo.png\",\"width\":180,\"height\":180,\"caption\":\"Suno Not\u00edcias\"},\"image\":{\"@id\":\"https:\/\/www.suno.com.br\/noticias\/#\/schema\/logo\/image\/\"},\"sameAs\":[\"https:\/\/facebook.com\/sunoresearch\",\"https:\/\/x.com\/sunoresearch\",\"https:\/\/www.instagram.com\/suno\",\"https:\/\/www.linkedin.com\/company\/suno-research\/\",\"https:\/\/www.youtube.com\/c\/sunoresearch\"]},{\"@type\":\"Person\",\"@id\":\"https:\/\/www.suno.com.br\/noticias\/#\/schema\/person\/7f4d362bf3518e76090143ae77bb49a5\",\"name\":\"Eduardo Vargas\",\"image\":{\"@type\":\"ImageObject\",\"inLanguage\":\"pt-BR\",\"@id\":\"https:\/\/www.suno.com.br\/noticias\/#\/schema\/person\/image\/\",\"url\":\"https:\/\/secure.gravatar.com\/avatar\/dac340933427a22924c9f99d1eb2e3f2?s=96&r=g\",\"contentUrl\":\"https:\/\/secure.gravatar.com\/avatar\/dac340933427a22924c9f99d1eb2e3f2?s=96&r=g\",\"caption\":\"Eduardo Vargas\"},\"description\":\"Jornalista formado pela UFSC, cobre macroeconomia, neg\u00f3cios e startups para o Suno Not\u00edcias, escrevendo principalmente not\u00edcias sobre o mercado financeiro e a bolsa de valores. No YouTube e no Instagram, \u00e9 respons\u00e1vel pela produ\u00e7\u00e3o de Reels e Shorts do Suno Not\u00edcias. Anteriormente, trabalhou cobrindo economia e cotidiano no ND+ e para o ND, maior jornal impresso de Santa Catarina. Cursou um semestre letivo de Estudos de M\u00eddia na Universidad de Buenos Aires.\",\"url\":\"https:\/\/www.suno.com.br\/noticias\/author\/eduardo-vargas\/\"}]}<\/script>\n<!-- \/ Yoast SEO plugin. -->","yoast_head_json":{"title":"Paulo Guedes na Suno: Veja destaques da conversa com Tiago Reis","description":"Em live com Tiago Reis, da Suno, o Ministro da Economia Paulo Guedes falou sobre taxa\u00e7\u00e3o de dividendos, privatiza\u00e7\u00f5es e 2023. Confira!","robots":{"index":"index","follow":"follow","max-snippet":"max-snippet:-1","max-image-preview":"max-image-preview:large","max-video-preview":"max-video-preview:-1"},"canonical":"https:\/\/www.suno.com.br\/noticias\/paulo-guedes-suno-research-tiago-reis\/","og_locale":"pt_BR","og_type":"article","og_title":"Paulo Guedes na Suno: Veja destaques da conversa com Tiago Reis","og_description":"Em live com Tiago Reis, da Suno, o Ministro da Economia Paulo Guedes falou sobre taxa\u00e7\u00e3o de dividendos, privatiza\u00e7\u00f5es e 2023. Confira!","og_url":"https:\/\/www.suno.com.br\/noticias\/paulo-guedes-suno-research-tiago-reis\/","og_site_name":"Suno Not\u00edcias","article_publisher":"https:\/\/facebook.com\/sunoresearch","og_image":[{"width":1366,"height":768,"url":"https:\/\/files.sunoresearch.com.br\/n\/uploads\/2022\/10\/PAULO-GUEDES-SUNO.jpg","type":"image\/jpeg"}],"author":"Eduardo Vargas","twitter_card":"summary_large_image","twitter_creator":"@sunoresearch","twitter_site":"@sunoresearch","twitter_misc":{"Escrito por":"Eduardo Vargas","Est. tempo de leitura":"5 minutos"},"schema":{"@context":"https:\/\/schema.org","@graph":[{"@type":"NewsArticle","@id":"https:\/\/www.suno.com.br\/noticias\/paulo-guedes-suno-research-tiago-reis\/#article","isPartOf":{"@id":"https:\/\/www.suno.com.br\/noticias\/paulo-guedes-suno-research-tiago-reis\/"},"author":{"name":"Eduardo Vargas","@id":"https:\/\/www.suno.com.br\/noticias\/#\/schema\/person\/7f4d362bf3518e76090143ae77bb49a5"},"headline":"Paulo Guedes na Suno: Veja destaques da conversa com Tiago Reis","datePublished":"2022-10-27T15:46:40+00:00","mainEntityOfPage":{"@id":"https:\/\/www.suno.com.br\/noticias\/paulo-guedes-suno-research-tiago-reis\/"},"wordCount":829,"publisher":{"@id":"https:\/\/www.suno.com.br\/noticias\/#organization"},"image":{"@id":"https:\/\/www.suno.com.br\/noticias\/paulo-guedes-suno-research-tiago-reis\/#primaryimage"},"thumbnailUrl":"https:\/\/files.sunoresearch.com.br\/n\/uploads\/2022\/10\/PAULO-GUEDES-SUNO.jpg","keywords":["Paulo Guedes","Tiago Reis"],"articleSection":["Economia"],"inLanguage":"pt-BR"},{"@type":"WebPage","@id":"https:\/\/www.suno.com.br\/noticias\/paulo-guedes-suno-research-tiago-reis\/","url":"https:\/\/www.suno.com.br\/noticias\/paulo-guedes-suno-research-tiago-reis\/","name":"Paulo Guedes na Suno: Veja destaques da conversa com Tiago Reis","isPartOf":{"@id":"https:\/\/www.suno.com.br\/noticias\/#website"},"primaryImageOfPage":{"@id":"https:\/\/www.suno.com.br\/noticias\/paulo-guedes-suno-research-tiago-reis\/#primaryimage"},"image":{"@id":"https:\/\/www.suno.com.br\/noticias\/paulo-guedes-suno-research-tiago-reis\/#primaryimage"},"thumbnailUrl":"https:\/\/files.sunoresearch.com.br\/n\/uploads\/2022\/10\/PAULO-GUEDES-SUNO.jpg","datePublished":"2022-10-27T15:46:40+00:00","description":"Em live com Tiago Reis, da Suno, o Ministro da Economia Paulo Guedes falou sobre taxa\u00e7\u00e3o de dividendos, privatiza\u00e7\u00f5es e 2023. Confira!","breadcrumb":{"@id":"https:\/\/www.suno.com.br\/noticias\/paulo-guedes-suno-research-tiago-reis\/#breadcrumb"},"inLanguage":"pt-BR","potentialAction":[{"@type":"ReadAction","target":["https:\/\/www.suno.com.br\/noticias\/paulo-guedes-suno-research-tiago-reis\/"]}]},{"@type":"ImageObject","inLanguage":"pt-BR","@id":"https:\/\/www.suno.com.br\/noticias\/paulo-guedes-suno-research-tiago-reis\/#primaryimage","url":"https:\/\/files.sunoresearch.com.br\/n\/uploads\/2022\/10\/PAULO-GUEDES-SUNO.jpg","contentUrl":"https:\/\/files.sunoresearch.com.br\/n\/uploads\/2022\/10\/PAULO-GUEDES-SUNO.jpg","width":1366,"height":768,"caption":"Paulo Guedes concede entrevista ao fundador da Suno, Tiago Reis"},{"@type":"BreadcrumbList","@id":"https:\/\/www.suno.com.br\/noticias\/paulo-guedes-suno-research-tiago-reis\/#breadcrumb","itemListElement":[{"@type":"ListItem","position":1,"name":"Not\u00edcias","item":"https:\/\/www.suno.com.br\/noticias\/"},{"@type":"ListItem","position":2,"name":"Economia","item":"https:\/\/www.suno.com.br\/noticias\/economia\/"},{"@type":"ListItem","position":3,"name":"Paulo Guedes na Suno: Veja destaques da conversa com Tiago Reis"}]},{"@type":"WebSite","@id":"https:\/\/www.suno.com.br\/noticias\/#website","url":"https:\/\/www.suno.com.br\/noticias\/","name":"Suno Not\u00edcias","description":"Seu portal de informa\u00e7\u00e3o sobre o mundo dos investimentos","publisher":{"@id":"https:\/\/www.suno.com.br\/noticias\/#organization"},"potentialAction":[{"@type":"SearchAction","target":{"@type":"EntryPoint","urlTemplate":"https:\/\/www.suno.com.br\/noticias\/?s={search_term_string}"},"query-input":{"@type":"PropertyValueSpecification","valueRequired":true,"valueName":"search_term_string"}}],"inLanguage":"pt-BR"},{"@type":"Organization","@id":"https:\/\/www.suno.com.br\/noticias\/#organization","name":"Suno Not\u00edcias","url":"https:\/\/www.suno.com.br\/noticias\/","logo":{"@type":"ImageObject","inLanguage":"pt-BR","@id":"https:\/\/www.suno.com.br\/noticias\/#\/schema\/logo\/image\/","url":"https:\/\/files.sunoresearch.com.br\/n\/uploads\/2021\/09\/suno-logo.png","contentUrl":"https:\/\/files.sunoresearch.com.br\/n\/uploads\/2021\/09\/suno-logo.png","width":180,"height":180,"caption":"Suno Not\u00edcias"},"image":{"@id":"https:\/\/www.suno.com.br\/noticias\/#\/schema\/logo\/image\/"},"sameAs":["https:\/\/facebook.com\/sunoresearch","https:\/\/x.com\/sunoresearch","https:\/\/www.instagram.com\/suno","https:\/\/www.linkedin.com\/company\/suno-research\/","https:\/\/www.youtube.com\/c\/sunoresearch"]},{"@type":"Person","@id":"https:\/\/www.suno.com.br\/noticias\/#\/schema\/person\/7f4d362bf3518e76090143ae77bb49a5","name":"Eduardo Vargas","image":{"@type":"ImageObject","inLanguage":"pt-BR","@id":"https:\/\/www.suno.com.br\/noticias\/#\/schema\/person\/image\/","url":"https:\/\/secure.gravatar.com\/avatar\/dac340933427a22924c9f99d1eb2e3f2?s=96&r=g","contentUrl":"https:\/\/secure.gravatar.com\/avatar\/dac340933427a22924c9f99d1eb2e3f2?s=96&r=g","caption":"Eduardo Vargas"},"description":"Jornalista formado pela UFSC, cobre macroeconomia, neg\u00f3cios e startups para o Suno Not\u00edcias, escrevendo principalmente not\u00edcias sobre o mercado financeiro e a bolsa de valores. No YouTube e no Instagram, \u00e9 respons\u00e1vel pela produ\u00e7\u00e3o de Reels e Shorts do Suno Not\u00edcias. Anteriormente, trabalhou cobrindo economia e cotidiano no ND+ e para o ND, maior jornal impresso de Santa Catarina. Cursou um semestre letivo de Estudos de M\u00eddia na Universidad de Buenos Aires.","url":"https:\/\/www.suno.com.br\/noticias\/author\/eduardo-vargas\/"}]}},"default_loop_html":"<div class=\"cardsPage__listCard__boxs\"><div class=\"cardsPage__listCard__boxs__img\"><a href=\"https:\/\/www.suno.com.br\/noticias\/paulo-guedes-suno-research-tiago-reis\/\"><img class=\"mask\" src=\"https:\/\/www.suno.com.br\/noticias\/wp-content\/themes\/suno\/resources\/images\/spotlight\/spotlight1img\/bg-mask.png\" alt=\"Image Mask\"\/><img src=\"https:\/\/files.sunoresearch.com.br\/n\/uploads\/2022\/10\/PAULO-GUEDES-SUNO-400x200.jpg\" alt=\"Paulo Guedes na Suno: Veja destaques da conversa com Tiago Reis\"\/><\/a><span class=\"spotlightCategory\"><a href=\"https:\/\/www.suno.com.br\/noticias\/economia\/\">Economia<\/a><\/span><\/div><div class=\"cardsPage__listCard__boxs__content\"><a href=\"https:\/\/www.suno.com.br\/noticias\/paulo-guedes-suno-research-tiago-reis\/\"><h2 class=\"content__title\">Paulo Guedes na Suno: Veja destaques da conversa com Tiago Reis<\/h2><\/a><div class=\"newsContent__article__meta\"><div class=\"newsContent__article__meta__authorBox\"><a href=\"https:\/\/www.suno.com.br\/noticias\/author\/eduardo-vargas\/\" class=\"authorBox__avatar noMobi\"><img src=\"https:\/\/secure.gravatar.com\/avatar\/dac340933427a22924c9f99d1eb2e3f2?s=96&#038;r=g\" alt=\"Eduardo Vargas\"><\/a><div class=\"authorBox__name\"><span>por\n\t\t\t<a href=\"https:\/\/www.suno.com.br\/noticias\/author\/eduardo-vargas\/\"><span itemprop=\"author\">Eduardo Vargas<\/span><\/a><\/span><time datetime=\"2022-10-27T12:46:40-03:00\" itemprop=\"datePublished\">27\/10\/2022 12:46<\/time><\/div><\/div><\/div><\/div><\/div>","single_layout":"posts","amp_enabled":true,"_links":{"self":[{"href":"https:\/\/www.suno.com.br\/noticias\/wp-json\/wp\/v2\/posts\/312338"}],"collection":[{"href":"https:\/\/www.suno.com.br\/noticias\/wp-json\/wp\/v2\/posts"}],"about":[{"href":"https:\/\/www.suno.com.br\/noticias\/wp-json\/wp\/v2\/types\/post"}],"author":[{"embeddable":true,"href":"https:\/\/www.suno.com.br\/noticias\/wp-json\/wp\/v2\/users\/73"}],"replies":[{"embeddable":true,"href":"https:\/\/www.suno.com.br\/noticias\/wp-json\/wp\/v2\/comments?post=312338"}],"version-history":[{"count":3,"href":"https:\/\/www.suno.com.br\/noticias\/wp-json\/wp\/v2\/posts\/312338\/revisions"}],"predecessor-version":[{"id":312367,"href":"https:\/\/www.suno.com.br\/noticias\/wp-json\/wp\/v2\/posts\/312338\/revisions\/312367"}],"wp:featuredmedia":[{"embeddable":true,"href":"https:\/\/www.suno.com.br\/noticias\/wp-json\/wp\/v2\/media\/312363"}],"wp:attachment":[{"href":"https:\/\/www.suno.com.br\/noticias\/wp-json\/wp\/v2\/media?parent=312338"}],"wp:term":[{"taxonomy":"category","embeddable":true,"href":"https:\/\/www.suno.com.br\/noticias\/wp-json\/wp\/v2\/categories?post=312338"},{"taxonomy":"post_tag","embeddable":true,"href":"https:\/\/www.suno.com.br\/noticias\/wp-json\/wp\/v2\/tags?post=312338"},{"taxonomy":"suno_strategy","embeddable":true,"href":"https:\/\/www.suno.com.br\/noticias\/wp-json\/wp\/v2\/suno_strategy?post=312338"}],"curies":[{"name":"wp","href":"https:\/\/api.w.org\/{rel}","templated":true}]}}