{"id":312040,"date":"2022-10-26T18:36:51","date_gmt":"2022-10-26T21:36:51","guid":{"rendered":"https:\/\/www.suno.com.br\/noticias\/?p=312040"},"modified":"2022-10-26T20:06:24","modified_gmt":"2022-10-26T23:06:24","slug":"copom-selic-decisao-juros-outubro-2022","status":"publish","type":"post","link":"https:\/\/www.suno.com.br\/noticias\/copom-selic-decisao-juros-outubro-2022\/","title":{"rendered":"Copom decide manter Selic em 13,75% ao ano; veja os motivos"},"content":{"rendered":"<p>O\u00a0<a class=\"suno-keyword\" href=\"https:\/\/www.suno.com.br\/artigos\/copom\/\" target=\"_blank\" rel=\"noopener\" data-force=\"no\" data-priority=\"2\">Comit\u00ea de Pol\u00edtica Monet\u00e1ria (<strong>Copom<\/strong>)<\/a>, do Banco Central, decidiu nesta quarta (26) manter a taxa Selic em 13,75%. O an\u00fancio, no s\u00e9timo encontro do comit\u00ea do Banco Central em 2022, era aguardado pelo mercado. A decis\u00e3o foi un\u00e2nime. Retomando o consenso entre seus membros &#8212; na \u00faltima reuni\u00f5es houve discord\u00e2ncias -, o comit\u00ea do BC manteve a taxa b\u00e1sica de juros nesse patamar pela segunda vez seguida, conforme era amplamente esperado.<\/p>\t<div class=\"wrapper-featured-image\">\n\t\t<figure class=\"spotlightImg\">\n\n\t\t\t<picture>\n\t\t\t\t<source media=\"(max-width: 768px)\" srcset=\"https:\/\/files.sunoresearch.com.br\/n\/uploads\/2022\/10\/Banco-Central-400x200.jpg\">\n\t\t\t\t<img loading=\"lazy\" decoding=\"async\" class=\"newsContent__article__imgCapa lazyloadDisabled \" src=\"https:\/\/files.sunoresearch.com.br\/n\/uploads\/2022\/10\/Banco-Central-800x450.jpg\" width=\"800\" height=\"450\" alt=\"Copom decide manter Selic em 13,75% ao ano; veja os motivos\" fetchpriority=high \/>\n\t\t\t<\/picture>\n\n\t\t\t<figcaption class=\"wp-caption-text wp-caption-text--show\">Banco Central. Foto: Marcello Casal Jr.\/Ag\u00eancia Brasil<\/figcaption>\n\t\t<\/figure>\n\t<\/div>\n\n\n\t<p>\n\t\t<a href=\"https:\/\/lp2.suno.com.br\/cl\/black-friday-2025\/?utm_campaign=_SNCDF0E4858_\" target=\"_blank\" data-element=\"shortcode-suno-banner\" title=\"Banner SUNO, clique e saiba mais\">\n\t\t\t<picture>\n\t\t\t\t<source media=\"(max-width: 500px)\" srcset=\"https:\/\/files.sunoresearch.com.br\/n\/uploads\/2025\/10\/Artigos-e-Noticias-Banner-Home-artigos-01-Mobile_-400x300-1-png.webp\">\n\t\t\t\t<img class=\"newsContent__article__imgCapa newsContent__article__imgCapa--banner\"\n\t\t\t\t\tsrc=\"https:\/\/files.sunoresearch.com.br\/n\/uploads\/2025\/10\/Artigos-e-Noticias-Banner-Home-artigos-01-Desktop_-1420x240-1-png.webp\"\n\t\t\t\t\tdata-promo-id=\"311259\"\t\t\t\t\t\t\t\t\t\twidth='1420' height='240'\t\t\t\t\talt=\"https:\/\/files.sunoresearch.com.br\/n\/uploads\/2025\/10\/Artigos-e-Noticias-Banner-Home-artigos-01-Desktop_-1420x240-1-png.webp\"\n\t\t\t\t>\n\t\t\t<\/picture>\n\t\t<\/a>\n\t<\/p>\n\n\n<p>A taxa est\u00e1 no mesmo patamar que vigorou entre dezembro de 2016 e janeiro de 2017, depois do mais longo ciclo de alta de juros da hist\u00f3ria do Copom, iniciado em mar\u00e7o de 2021. Nesse processo de aperto monet\u00e1rio, foram 12 altas consecutivas, com um aumento acumulado de 11,75 pontos porcentuais, o maior choque de juros desde 1999.<\/p>\n<p>A decis\u00e3o de manuten\u00e7\u00e3o da Selic em 13,75% era uma expectativa un\u00e2nime entre as 59 institui\u00e7\u00f5es financeiras consultadas pelo <i>Proje\u00e7\u00f5es Broadcast<\/i>.<\/p>\n<p>O Copom indicou a estabilidade da taxa por &#8220;per\u00edodo suficientemente prolongado&#8221; ap\u00f3s ter decretado o fim do ciclo de alta no encontro de setembro, com a decis\u00e3o por 7 votos a 2 de manter os juros b\u00e1sicos em 13,75%. O comit\u00ea alertou, por\u00e9m, que pode retomar o aperto monet\u00e1rio caso a desinfla\u00e7\u00e3o n\u00e3o ocorra como o planejado.<\/p>\n<p>Desde ent\u00e3o, os <strong>dados de infla\u00e7\u00e3o<\/strong> continuaram a mostrar modera\u00e7\u00e3o, assim como as expectativas de 2022 e 2023, embora n\u00e3o o suficiente para dar a &#8220;batalha&#8221; contra a infla\u00e7\u00e3o como ganha. A atividade, por sua vez, deu sinais de enfraquecimento, mas tamb\u00e9m marginais, enquanto o cen\u00e1rio internacional e o fiscal seguiram nebulosos.<\/p>\n<p>A decis\u00e3o de hoje, justificou o Comit\u00ea, &#8220;reflete a incerteza ao redor de seus cen\u00e1rios e um balan\u00e7o de riscos com vari\u00e2ncia ainda maior do que a usual para a infla\u00e7\u00e3o prospectiva, e \u00e9 compat\u00edvel com a estrat\u00e9gia de converg\u00eancia da infla\u00e7\u00e3o para o redor da meta ao longo do horizonte relevante, que inclui os anos de 2023 e de 2024. Sem preju\u00edzo de seu objetivo fundamental de assegurar a estabilidade de pre\u00e7os, essa decis\u00e3o tamb\u00e9m implica suaviza\u00e7\u00e3o das flutua\u00e7\u00f5es do n\u00edvel de atividade econ\u00f4mica e fomento do pleno emprego&#8221;.<\/p>\n<p>Na reuni\u00e3o de hoje o <strong>comit\u00ea do BC<\/strong> disse que avaliar\u00e1 se manuten\u00e7\u00e3o por per\u00edodo prolongado ser\u00e1 capaz de assegurar converg\u00eancia com os <a class=\"suno-keyword\" href=\"https:\/\/www.suno.com.br\/artigos\/indices-de-inflacao\/\" target=\"_blank\" rel=\"noopener\" data-force=\"no\" data-priority=\"1\">\u00edndices de infla\u00e7\u00e3o<\/a>: &#8220;O Comit\u00ea se manter\u00e1 vigilante, avaliando se a estrat\u00e9gia de manuten\u00e7\u00e3o da <a class=\"suno-keyword\" href=\"https:\/\/www.suno.com.br\/artigos\/taxa-de-juros\/\" target=\"_blank\" rel=\"noopener\" data-force=\"no\" data-priority=\"1\">taxa b\u00e1sica de juros<\/a> por per\u00edodo suficientemente prolongado ser\u00e1 capaz de assegurar a converg\u00eancia da infla\u00e7\u00e3o. O Comit\u00ea refor\u00e7a que ir\u00e1 perseverar at\u00e9 que se consolide n\u00e3o apenas o processo de desinfla\u00e7\u00e3o como tamb\u00e9m a ancoragem das expectativas em torno de suas metas. Enfatiza que os passos futuros da <strong><a class=\"suno-keyword\" href=\"https:\/\/www.suno.com.br\/artigos\/politica-monetaria\/\" target=\"_blank\" rel=\"noopener\" data-force=\"no\" data-priority=\"1\">pol\u00edtica monet\u00e1ria<\/a><\/strong> poder\u00e3o ser ajustados e n\u00e3o hesitar\u00e1 em retomar o ciclo de ajuste caso o processo de desinfla\u00e7\u00e3o n\u00e3o transcorra como esperado<em>.&#8221;<\/em><\/p>\n<p>O <strong>comunicado do Copom<\/strong> diz que a manuten\u00e7\u00e3o da Selic &#8220;reflete incerteza de cen\u00e1rios e balan\u00e7os de riscos com vari\u00e2ncia ainda maior&#8221;. E informa que n\u00e3o hesitar\u00e1 em retomar ajuste se desinfla\u00e7\u00e3o n\u00e3o transcorrer como esperado.<\/p>\n<p>Explica ainda que a manuten\u00e7\u00e3o do patamar de 13,75% &#8220;\u00e9 compat\u00edvel com estrat\u00e9gia de converg\u00eancia para o redor da meta no horizonte relevante&#8221;. Esse horizonte, acrescenta o comunicado, inclui 2023 e 2024.<\/p>\n<p>Embora as proje\u00e7\u00f5es do mercado apontem quedas no IPCA para os anos seguintes, a expectativa de infla\u00e7\u00e3o segue superior ao limite da meta para 2023 e est\u00e1 acima do centro da meta para o ano de 2024.<\/p>\n<p>As expectativas de infla\u00e7\u00e3o para 2022, 2023 e 2024 apuradas pela pesquisa Focus est\u00e3o em torno de 5,6%, 4,9% e 3,5%, mais alta do que o alvo central de 3,00%, mas aqu\u00e9m do limite superior de 4,50%, lembra o comit\u00ea do BC: &#8220;As diversas medidas de infla\u00e7\u00e3o subjacente apresentam-se acima do intervalo compat\u00edvel com o cumprimento da meta para a infla\u00e7\u00e3o.&#8221;<\/p>\n<p>Nesse cen\u00e1rio, o BC considera ainda que o pre\u00e7o do petr\u00f3leo deve seguir aproximadamente a curva futura pelos pr\u00f3ximos seis meses e passar a aumentar 2% ao ano na sequ\u00eancia. Tamb\u00e9m adota a hip\u00f3tese de bandeira tarif\u00e1ria &#8220;verde&#8221; em dezembro de 2022 e &#8220;amarela&#8221; em dezembro de 2023 e de 2024.<\/p>\n<p>O Copom argumenta que a &#8220;incerteza em torno de suas premissas e proje\u00e7\u00f5es \u00e9 maior que o usual.&#8221;<\/p>\n<p>O colegiado explica que, entre riscos do cen\u00e1rio est\u00e3o a &#8220;queda adicional do <a class=\"suno-keyword\" href=\"https:\/\/www.suno.com.br\/artigos\/o-que-commodities\/\" target=\"_blank\" rel=\"noopener\" data-force=\"no\" data-priority=\"2\">pre\u00e7o das commodities<\/a> e desacelera\u00e7\u00e3o global mais acentuada que o esperado, al\u00e9m<br \/>\nda manuten\u00e7\u00e3o dos cortes de impostos em 2023.<\/p>\n<p>O texto do comunicado assinala tamb\u00e9m que &#8220;indicadores da economia no Brasil indicam um ritmo mais moderado de crescimento&#8221;. Repete que a infla\u00e7\u00e3o segue elevada, apesar de desonera\u00e7\u00f5es e queda de pre\u00e7os de pre\u00e7os em alguns produtos.<\/p>\n<h2>&#8220;Infla\u00e7\u00e3o segue pressionada&#8221;<\/h2>\n<p>Diz ainda o Copom: &#8220;A infla\u00e7\u00e3o segue pressionada e alta dos juros em pa\u00edses desenvolvidos vai na dire\u00e7\u00e3o de taxas restritivas. Alta dos juros e preocupa\u00e7\u00f5es fiscais inspiram maior aten\u00e7\u00e3o para emergentes.&#8221;<\/p>\n<p>No \u00faltimo encontro, em setembro, o colegiado tinha mantido a <strong>taxa Selic<\/strong> em 13,75% ao ano, decretando o fim do mais longo ciclo de <strong>alta de juros<\/strong> de sua hist\u00f3ria. Era un\u00e2nime a proje\u00e7\u00e3o de estabilidade dos juros b\u00e1sicos da economia em 13,75% entre os 59 participantes da pesquisa do Proje\u00e7\u00f5es Broadcast e por analistas de bancos como o Goldman Sachs, <a class=\"suno-keyword\" href=\"https:\/\/www.suno.com.br\/acoes\/SANB11\/\" target=\"_blank\" rel=\"noopener\" data-force=\"yes\" data-priority=\"2\">Santander (SANB11)<\/a> e UBS, consultados pelo SUNO Not\u00edcias. Esse patamar \u00e9 o n\u00edvel mais alto desde o in\u00edcio de 2017.<\/p>\n<p>No Copom de setembro, o BC indicou a manuten\u00e7\u00e3o da Selic por \u201cper\u00edodo suficientemente prolongado\u201d para alcan\u00e7ar a converg\u00eancia da infla\u00e7\u00e3o para a meta, mas alertou que, caso a desinfla\u00e7\u00e3o n\u00e3o ocorra como o esperado, pode voltar a subir os juros.<\/p>\n<p>Depois, os membros do Copom sinalizaram que o BC estava confort\u00e1vel com o cen\u00e1rio que a Focus exibe para a Selic, que prev\u00ea in\u00edcio de cortes em junho.<\/p>\n<p>As proje\u00e7\u00f5es do Relat\u00f3rio de Mercado Focus para o IPCA \u2013 \u00edndice de infla\u00e7\u00e3o oficial \u2013 s\u00e3o de 5,60% em 2022 e 4,94% em 2023, ambas acima do teto da meta. Para 2024, est\u00e1 em 3,50%, superando o alvo central (3,00%), mas aqu\u00e9m do limite m\u00e1ximo de 4,50%.<\/p>\n<p><img loading=\"lazy\" decoding=\"async\" class=\"alignnone size-full wp-image-312177\" src=\"https:\/\/files.sunoresearch.com.br\/n\/uploads\/2022\/10\/IPCA.jpg\" alt=\"\" width=\"670\" height=\"384\" srcset=\"https:\/\/files.sunoresearch.com.br\/n\/uploads\/2022\/10\/IPCA.jpg 670w, https:\/\/files.sunoresearch.com.br\/n\/uploads\/2022\/10\/IPCA-300x172.jpg 300w, https:\/\/files.sunoresearch.com.br\/n\/uploads\/2022\/10\/IPCA-150x86.jpg 150w\" sizes=\"(max-width: 670px) 100vw, 670px\" \/><\/p>\n<p><img loading=\"lazy\" decoding=\"async\" class=\"alignnone wp-image-312178 size-large\" src=\"https:\/\/files.sunoresearch.com.br\/n\/uploads\/2022\/10\/chart-2-1024x358.jpeg\" alt=\"\" width=\"1024\" height=\"358\" srcset=\"https:\/\/files.sunoresearch.com.br\/n\/uploads\/2022\/10\/chart-2-1024x358.jpeg 1024w, https:\/\/files.sunoresearch.com.br\/n\/uploads\/2022\/10\/chart-2-300x105.jpeg 300w, https:\/\/files.sunoresearch.com.br\/n\/uploads\/2022\/10\/chart-2-768x269.jpeg 768w, https:\/\/files.sunoresearch.com.br\/n\/uploads\/2022\/10\/chart-2-150x53.jpeg 150w, https:\/\/files.sunoresearch.com.br\/n\/uploads\/2022\/10\/chart-2.jpeg 1200w\" sizes=\"(max-width: 1024px) 100vw, 1024px\" \/><\/p>\n<p>Horas antes da decis\u00e3o do Comit\u00ea de Pol\u00edtica Monet\u00e1ria (Copom) desta quarta-feira, o ministro da Economia, <a class=\"suno-keyword\" href=\"https:\/\/www.suno.com.br\/tudo-sobre\/paulo-guedes\/\" target=\"_blank\" rel=\"noopener\" data-force=\"no\" data-priority=\"2\">Paulo Guedes<\/a>, afirmou que a taxa Selic deve come\u00e7ar a cair em 2023. &#8220;A infla\u00e7\u00e3o est\u00e1 caindo, ent\u00e3o o juro vai come\u00e7ar a descer no ano que vem e vai empurrar o crescimento mais para cima&#8221;, disse, em participa\u00e7\u00e3o de evento da Fucape Business School, em Vit\u00f3ria (ES).<\/p>\n<p>Os<strong> juros b\u00e1sicos<\/strong> atualmente est\u00e3o no mesmo n\u00edvel da taxa que vigorou de dezembro de 2016 a janeiro de 2017. O ciclo de alta encerrado em setembro teve 12 aumentos consecutivos a partir da m\u00ednima hist\u00f3rica de 2%, alcan\u00e7ada em meio aos efeitos dr\u00e1sticos da pandemia de covid-19.<\/p>\n<p><iframe loading=\"lazy\" title=\"SELIC MANTIDA EM 13,75% | Bancos caem em bloco (SANB11, ITUB4, BBAS3, BBDC4) | Petrobras tombando\" width=\"1080\" height=\"608\" src=\"https:\/\/www.youtube.com\/embed\/maSX_qlNYEc?feature=oembed&#038;enablejsapi=1&#038;origin=https:\/\/www.suno.com.br\" frameborder=\"0\" allow=\"accelerometer; autoplay; clipboard-write; encrypted-media; gyroscope; picture-in-picture; web-share\" allowfullscreen><\/iframe><\/p>\n<h2>BC: Indicadores de atividade mostraram ritmo mais moderado de crescimento<\/h2>\n<p>Ap\u00f3s a surpresa positiva na atividade econ\u00f4mica no segundo trimestre do ano, o Banco Central admitiu pela primeira vez que o ritmo de crescimento do Produto Interno Bruto (PIB) tem sido &#8220;mais moderado&#8221;. A avalia\u00e7\u00e3o est\u00e1 no comunicado da decis\u00e3o do Copom que manteve a Selic (taxa b\u00e1sica de juros) em 13,75% ao ano pela segunda vez seguida.<\/p>\n<p>Segundo o colegiado, a infla\u00e7\u00e3o ao consumidor segue elevada, apesar da queda recente concentrada em itens vol\u00e1teis e afetados por desonera\u00e7\u00f5es &#8211; como combust\u00edveis e contas de luz. &#8220;As diversas medidas de infla\u00e7\u00e3o subjacente apresentam-se acima do intervalo compat\u00edvel com o cumprimento da meta para a infla\u00e7\u00e3o&#8221;, repetiu o Copom.<\/p>\n<p>O colegiado destacou ainda que o ambiente externo segue &#8220;adverso e vol\u00e1til&#8221;, com revis\u00f5es negativas para o crescimento global e aumento da volatilidade nos ativos financeiros.<\/p>\n<p>&#8220;O ambiente inflacion\u00e1rio segue pressionado, enquanto o processo de normaliza\u00e7\u00e3o da pol\u00edtica monet\u00e1ria nos pa\u00edses avan\u00e7ados prossegue na dire\u00e7\u00e3o de taxas restritivas, tornando as condi\u00e7\u00f5es financeiras mais apertadas. O Comit\u00ea notou tamb\u00e9m a maior sensibilidade dos mercados a fundamentos fiscais, inclusive em pa\u00edses avan\u00e7ados. O Comit\u00ea avalia que ambos os desenvolvimentos inspiram maior aten\u00e7\u00e3o para pa\u00edses emergentes&#8221;, completou o comunicado.<\/p>\n<h2>Veja a \u00edntegra do comunicado do <strong>Copom<\/strong><\/h2>\n<p><em>Em sua 250\u00aa reuni\u00e3o, o Comit\u00ea de Pol\u00edtica Monet\u00e1ria (Copom) decidiu manter a taxa Selic em 13,75% a.a.<\/em><\/p>\n<p><em>A atualiza\u00e7\u00e3o do cen\u00e1rio do Copom pode ser descrita com as seguintes observa\u00e7\u00f5es:<\/em><\/p>\n<p><em>O ambiente externo mant\u00e9m-se adverso e vol\u00e1til, com revis\u00f5es negativas para o crescimento global e aumento da volatilidade nos ativos financeiros. O ambiente inflacion\u00e1rio segue pressionado, enquanto o processo de normaliza\u00e7\u00e3o da pol\u00edtica monet\u00e1ria nos pa\u00edses avan\u00e7ados prossegue na dire\u00e7\u00e3o de taxas restritivas, tornando as condi\u00e7\u00f5es financeiras mais apertadas. O Comit\u00ea notou tamb\u00e9m a maior sensibilidade dos mercados a fundamentos fiscais, inclusive em pa\u00edses avan\u00e7ados. O Comit\u00ea avalia que ambos os desenvolvimentos inspiram maior aten\u00e7\u00e3o para <a class=\"suno-keyword\" href=\"https:\/\/www.suno.com.br\/artigos\/paises-emergentes\/\" target=\"_blank\" rel=\"noopener\" data-force=\"no\" data-priority=\"2\">pa\u00edses emergentes<\/a>;<\/em><\/p>\n<p><em>Em rela\u00e7\u00e3o \u00e0 atividade econ\u00f4mica brasileira, o conjunto dos indicadores divulgado desde a \u00faltima reuni\u00e3o do Copom sinalizou ritmo mais moderado de crescimento;<\/em><\/p>\n<p><em>Apesar da queda recente concentrada nos itens vol\u00e1teis e afetados por medidas tribut\u00e1rias, a infla\u00e7\u00e3o ao consumidor continua elevada;<\/em><\/p>\n<p><em>As diversas medidas de infla\u00e7\u00e3o subjacente apresentam-se acima do intervalo compat\u00edvel com o cumprimento da meta para a infla\u00e7\u00e3o;<\/em><\/p>\n<p><em>As expectativas de infla\u00e7\u00e3o para 2022, 2023 e 2024 apuradas pela pesquisa Focus encontram-se em torno de 5,6%, 4,9% e 3,5%, respectivamente; e<\/em><\/p>\n<p><em>No cen\u00e1rio de refer\u00eancia, a trajet\u00f3ria para a taxa de juros \u00e9 extra\u00edda da pesquisa Focus e a taxa de c\u00e2mbio parte de USD\/BRL 5,25*, evoluindo segundo a <a class=\"suno-keyword\" href=\"https:\/\/www.suno.com.br\/artigos\/paridade-de-poder-de-compra-ppc\/\" target=\"_blank\" rel=\"noopener\" data-force=\"no\" data-priority=\"1\">paridade do poder de compra<\/a> (PPC). O <a class=\"suno-keyword\" href=\"https:\/\/www.suno.com.br\/artigos\/preco-do-petroleo\/\" target=\"_blank\" rel=\"noopener\" data-force=\"no\" data-priority=\"1\">pre\u00e7o do petr\u00f3leo<\/a> segue aproximadamente a curva futura pelos pr\u00f3ximos seis meses e passa a aumentar 2% ao ano posteriormente. Al\u00e9m disso, adota-se a hip\u00f3tese de bandeira tarif\u00e1ria &#8220;verde&#8221; em dezembro de 2022 e &#8220;amarela&#8221; em dezembro de 2023 e de 2024. Nesse cen\u00e1rio, as proje\u00e7\u00f5es de infla\u00e7\u00e3o do Copom situam-se em 5,8% para 2022, 4,8% para 2023 e 2,9% para 2024. As proje\u00e7\u00f5es para a infla\u00e7\u00e3o de <a class=\"suno-keyword\" href=\"https:\/\/www.suno.com.br\/artigos\/precos-administrados\/\" target=\"_blank\" rel=\"noopener\" data-force=\"no\" data-priority=\"1\">pre\u00e7os administrados<\/a> s\u00e3o de -3,9% para 2022, 9,4% para 2023 e 3,8% para 2024. <\/em><\/p>\n<p><em>O Comit\u00ea optou novamente por dar \u00eanfase ao horizonte de seis trimestres \u00e0 frente, que reflete o horizonte relevante, suaviza os efeitos diretos decorrentes das mudan\u00e7as tribut\u00e1rias, mas incorpora os seus impactos secund\u00e1rios. Nesse horizonte, referente ao segundo trimestre de 2024, a proje\u00e7\u00e3o de <a class=\"suno-keyword\" href=\"https:\/\/www.suno.com.br\/artigos\/inflacao-acumulada\/\" target=\"_blank\" rel=\"noopener\" data-force=\"no\" data-priority=\"1\">infla\u00e7\u00e3o acumulada<\/a> em doze meses situa-se em 3,2%. O Comit\u00ea julga que a incerteza em torno das suas premissas e proje\u00e7\u00f5es atualmente \u00e9 maior do que o usual.<\/em><\/p>\n<p><em>O Comit\u00ea ressalta que, em seus cen\u00e1rios para a infla\u00e7\u00e3o, permanecem fatores de risco em ambas as dire\u00e7\u00f5es. Entre os riscos de alta para o cen\u00e1rio inflacion\u00e1rio e as expectativas de infla\u00e7\u00e3o, destacam-se (i) uma maior persist\u00eancia das press\u00f5es inflacion\u00e1rias globais; (ii) a incerteza sobre o futuro do arcabou\u00e7o fiscal do pa\u00eds e est\u00edmulos fiscais adicionais que impliquem sustenta\u00e7\u00e3o da <a class=\"suno-keyword\" href=\"https:\/\/www.suno.com.br\/artigos\/demanda-agregada\/\" target=\"_blank\" rel=\"noopener\" data-force=\"no\" data-priority=\"1\">demanda agregada<\/a>, parcialmente incorporados nas expectativas de infla\u00e7\u00e3o e nos pre\u00e7os de ativos; e (iii) um hiato do produto mais estreito que o utilizado atualmente pelo Comit\u00ea em seu cen\u00e1rio de refer\u00eancia, em particular no mercado de trabalho. Entre os riscos de baixa, ressaltam-se (i) uma queda adicional dos pre\u00e7os das commodities internacionais em moeda local; (ii) uma desacelera\u00e7\u00e3o da atividade econ\u00f4mica global mais acentuada do que a projetada; e (iii) a manuten\u00e7\u00e3o dos cortes de impostos projetados para serem revertidos em 2023. O Comit\u00ea avalia que a conjuntura, ainda particularmente incerta e vol\u00e1til, requer serenidade na avalia\u00e7\u00e3o dos riscos.<\/em><\/p>\n<p><em>Considerando os cen\u00e1rios avaliados, o balan\u00e7o de riscos e o amplo conjunto de informa\u00e7\u00f5es dispon\u00edveis, o Copom decidiu manter a taxa b\u00e1sica de juros em 13,75% a.a. O Comit\u00ea entende que essa decis\u00e3o reflete a incerteza ao redor de seus cen\u00e1rios e um balan\u00e7o de riscos com vari\u00e2ncia ainda maior do que a usual para a infla\u00e7\u00e3o prospectiva, e \u00e9 compat\u00edvel com a estrat\u00e9gia de converg\u00eancia da infla\u00e7\u00e3o para o redor da meta ao longo do horizonte relevante, que inclui os anos de 2023 e de 2024. Sem preju\u00edzo de seu objetivo fundamental de assegurar a estabilidade de pre\u00e7os, essa decis\u00e3o tamb\u00e9m implica suaviza\u00e7\u00e3o das flutua\u00e7\u00f5es do n\u00edvel de atividade econ\u00f4mica e fomento do <a class=\"suno-keyword\" href=\"https:\/\/www.suno.com.br\/artigos\/pleno-emprego\/\" target=\"_blank\" rel=\"noopener\" data-force=\"no\" data-priority=\"1\">pleno emprego<\/a>.<\/em><\/p>\n<p><em>O Comit\u00ea se manter\u00e1 vigilante, avaliando se a estrat\u00e9gia de manuten\u00e7\u00e3o da taxa b\u00e1sica de juros por per\u00edodo suficientemente prolongado ser\u00e1 capaz de assegurar a converg\u00eancia da infla\u00e7\u00e3o. O Comit\u00ea refor\u00e7a que ir\u00e1 perseverar at\u00e9 que se consolide n\u00e3o apenas o processo de desinfla\u00e7\u00e3o como tamb\u00e9m a ancoragem das expectativas em torno de suas metas. O Comit\u00ea enfatiza que os passos futuros da pol\u00edtica monet\u00e1ria poder\u00e3o ser ajustados e n\u00e3o hesitar\u00e1 em retomar o ciclo de ajuste caso o processo de desinfla\u00e7\u00e3o n\u00e3o transcorra como esperado.<\/em><\/p>\n<p><em>Votaram por essa decis\u00e3o os seguintes membros do Comit\u00ea: Roberto de Oliveira Campos Neto (presidente), Bruno Serra Fernandes, Carolina de Assis Barros, Diogo Abry Guillen, Fernanda Magalh\u00e3es Rumenos Guardado, Maur\u00edcio Costa de Moura, Ot\u00e1vio Ribeiro Damaso, Paulo S\u00e9rgio Neves de Souza e Renato Dias de Brito Gomes.<\/em><\/p>\n<p><em>*Valor obtido pelo procedimento usual de arredondar a cota\u00e7\u00e3o m\u00e9dia da taxa de c\u00e2mbio USD\/BRL observada nos cinco dias \u00fateis encerrados no \u00faltimo dia da semana anterior \u00e0 da reuni\u00e3o do Copom.<\/em><\/p>\n<h2><b>Juro real nas alturas<\/b><\/h2>\n<p>Mesmo com a estabilidade da taxa Selic, o Brasil continua a ter a maior taxa de juro real (descontada a infla\u00e7\u00e3o) do mundo, em uma lista com 40 economias. C\u00e1lculos do site MoneYou e da Infinity Asset Management indicam que o juro real brasileiro est\u00e1 agora em 7,80% ao ano.<\/p>\n<p>Em segundo lugar na lista que considera economias mais relevantes, aparece o M\u00e9xico (5,37%), seguido da Col\u00f4mbia (5,16%). A m\u00e9dia dos 40 pa\u00edses avaliados \u00e9 de -2,11%.<\/p>\n<h2>&#8220;Copom ainda avalia riscos&#8221;<\/h2>\n<p>Antonio van Moorsel, diretor do Advisory da Acqua Vero Investimentos: \u201cConforme esperado pelo mercado, o Copom manteve a taxa Selic em 13,75%, mas o tom do comunicado neutro para agressivo pondera que continuar\u00e1 avaliando os riscos altistas e baixistas. Al\u00e9m disso, reafirmou que seguir\u00e1 vigilante com as expectativas da infla\u00e7\u00e3o relacionando-a com a atividade ainda forte em 2023 em fun\u00e7\u00e3o de medidas fiscais e est\u00edmulos a demanda. Como esse movimento j\u00e1 vinha sendo precificado pelo mercado, os impactos na bolsa ser\u00e3o poucos na abertura e ao longo do dia. Al\u00e9m disso, possivelmente a curva de juros nos v\u00e9rtices mais curtos n\u00e3o sofrer\u00e3o quaisquer ajustes, visto que continuar\u00e3o precificando a Selic em 13,75%. J\u00e1 os v\u00e9rtices intermedi\u00e1rios devem continuar ainda precificando um corte prematuro da taxa no come\u00e7o do segundo trimestre de 2023\u201d.<\/p>\n<p>O economista-chefe da Messem Gustavo Bertotti diz que a continuidade da taxa em 13,75% \u00e9 um sinal de que o BC est\u00e1 atento a eventuais press\u00f5es inflacion\u00e1rias: &#8220;O Comit\u00ea de Pol\u00edtica Monet\u00e1ria (Copom) do Banco Central manteve a taxa Selic em 13,75% ao ano ap\u00f3s a reuni\u00e3o que terminou nesta ter\u00e7a-feira (26 de outubro). O BC mostrou cautela e vigil\u00e2ncia, apesar dos recentes n\u00fameros positivos sobre a infla\u00e7\u00e3o. Anda existem alguns pontos de aten\u00e7\u00e3o que podem causar press\u00f5es inflacion\u00e1rias, como o aquecimento do mercado de trabalho no Brasil.\u201d<\/p>\n<p>De acordo com os dados do Cadastro Geral de Empregados e Desempregados (Caged) divulgados nesta quarta-feira, o mercado de trabalho formal brasileiro registrou um saldo positivo de 278.085 carteiras assinadas em setembro. Em agosto, foram abertas 285,3 mil vagas, dado revisado para cima.<\/p>\n<p>O dado de setembro ficou acima das proje\u00e7\u00f5es de mercado. O consenso Refinitiv apontava para saldo de 260 mil postos de trabalho. O resultado do m\u00eas passado decorreu de 1,926 milh\u00e3o de admiss\u00f5es e de 1,648 milh\u00e3o de desligamentos. O total de v\u00ednculos de CLT ativos em setembro de 2022 alcan\u00e7ou 42,825 milh\u00f5es, o que representa uma varia\u00e7\u00e3o de +0,65% em rela\u00e7\u00e3o ao estoque do m\u00eas anterior.<\/p>\n<p>O economista-chefe ressaltou ainda que o Copom ainda leva em conta o cen\u00e1rio externo, com um aperto monet\u00e1rio nos EUA e da Europa, em raz\u00e3o da alta infla\u00e7\u00e3o, a continuidade do conflito R\u00fassia\/Ucr\u00e2nia, al\u00e9m do risco de a China manter e adotar novos lockdowns, por conta da pol\u00edtica da \u201cCovid 0\u201d e o conflito com Taiwan.<\/p>\n<p>Bertotti lenbra que ata do <strong>Copom<\/strong> ainda deve mostrar cautela, mas h\u00e1 perspectivas de quedas da Selic para 2023. \u201cO Copom vai deixar as portas abertas para um futuro aumento residual da Selic, se for necess\u00e1rio. Mas acredito que os juros devem voltar a cair no segundo trimestre do ano que vem, se o cen\u00e1rio de controle da infla\u00e7\u00e3o permanecer nos atuais n\u00edveis\u201d encerrou.<\/p>\n<p>Idean Alves, s\u00f3cio e chefe da mesa de opera\u00e7\u00f5es da A\u00e7\u00e3o Brasil, comenta: &#8220;O comunicado veio em tom mais dovish, que privilegiou crescimento, gera\u00e7\u00e3o de emprego e manuten\u00e7\u00e3o do controle da infla\u00e7\u00e3o. O tom veio em linha com a expectativa do mercado e sinaliza uma postura mais cautelosa do Comit\u00ea, em especial pelas incertezas do cen\u00e1rio externo, que pode caminhar para um cen\u00e1rio de recess\u00e3o, levando a uma menor demanda por commodities, e tamb\u00e9m pressionando os pre\u00e7os via importa\u00e7\u00e3o, que seguir\u00e1 onerosa com um d\u00f3lar projetado de R$ 5,25, o que acaba por puxar a infla\u00e7\u00e3o local.&#8221;<\/p>\n<p>Alves sublinha: &#8220;O Copom seguiu a expectativa do mercado e trabalha com um cen\u00e1rio base que engloba muitas incertezas no radar, dentre as quais a desacelera\u00e7\u00e3o da atividade econ\u00f4mica global, a queda dos pre\u00e7os das commodities internacionais em real, e o risco de &#8216;efeito rebote&#8217; dos impostos &#8216;represados&#8217; em 2022, em especial nos combust\u00edveis, que podem fazer press\u00e3o sobre os pre\u00e7os no come\u00e7o de 2023, o que poderia obrigar o Comit\u00ea a ter uma postura mais forte caso j\u00e1 cortasse agora, e pela preserva\u00e7\u00e3o dos fundamentos estabelecidos desde a \u00faltima reuni\u00e3o. Se mostrou o mais prudente manter a taxa b\u00e1sica de juros e seguir acompanhando a trajet\u00f3ria da infla\u00e7\u00e3o.&#8221;<\/p>\n<p>E acrescenta: &#8220;Vigil\u00e2ncia \u00e9 a palavra de ordem para o <strong>Copom<\/strong>, de que o a taxa mantida n\u00e3o exclui a possibilidade de novas altas caso o processo de desinfla\u00e7\u00e3o n\u00e3o caminhe como o esperado, e essa mensagem \u00e9 fundamental para o mercado, pois mostra que novas altas podem acontecer, ainda que n\u00e3o seja o cen\u00e1rio base, e obrigando a constru\u00e7\u00e3o de proje\u00e7\u00f5es mais realistas e n\u00e3o t\u00e3o direcionais, de que o \u00fanico caminho \u00e9 o corte de juros nas pr\u00f3ximas reuni\u00f5es. Isso sem d\u00favida ajuda a dar seguran\u00e7a para os investidores de que a miss\u00e3o est\u00e1 sendo bem cumprida no Brasil, diferentemente dos pa\u00edses desenvolvidos que consideravam os efeitos da infla\u00e7\u00e3o meramente transit\u00f3rios.&#8221;<\/p>\n<p>Matheus Pizzani, economista da CM Capital, analisa: &#8220;O comunicado emitido pela institui\u00e7\u00e3o n\u00e3o trouxe grandes surpresas em termos anal\u00edticos, podendo ser lido como uma atualiza\u00e7\u00e3o do cen\u00e1rio de conjuntura da institui\u00e7\u00e3o no intervalo entre as reuni\u00f5es. Fatores como o ritmo de crescimento da economia brasileira, considerado mais moderado pelo comit\u00ea, bem como a queda da infla\u00e7\u00e3o proporcionada especialmente por modifica\u00e7\u00f5es legislativas feitas na metade deste ano seguiram como pilares da an\u00e1lise da institui\u00e7\u00e3o, sinalizando que apesar das contribui\u00e7\u00f5es positivas que vem sendo observadas, a institui\u00e7\u00e3o seguir\u00e1 vigilante ao comportamento dos pre\u00e7os menos vol\u00e1teis, e como estes responder\u00e3o ao efeito da pol\u00edtica monet\u00e1ria.&#8221;<\/p>\n<p>E complementa: &#8220;O destaque, no entanto, foi a men\u00e7\u00e3o aos fatores externos levados em considera\u00e7\u00e3o pela autoridade monet\u00e1ria em sua an\u00e1lise, onde n\u00e3o s\u00f3 foi apontado o papel do desenvolvimento da infla\u00e7\u00e3o nas economias avan\u00e7adas, algo recorrente nas \u00faltimas comunica\u00e7\u00f5es, mas tamb\u00e9m a maior sensibilidade do mercado \u00e0 condu\u00e7\u00e3o da pol\u00edtica fiscal nas economias ao redor do mundo, o que inclui os pa\u00edses desenvolvidos.&#8221;<\/p>\n<h2>XP: queda da Selic depende crucialmente da nova \u00e2ncora fiscal<\/h2>\n<p>O Banco Central (BC) vai se manter em modo &#8220;esperar para ver&#8221; at\u00e9 as incertezas tanto no Brasil quanto no exterior se dissiparem, avalia a economista da XP Tatiana Nogueira, economista da XP, ap\u00f3s a leitura do comunicado em que o Comit\u00ea de Pol\u00edtica Monet\u00e1ria (Copom) confirma a manuten\u00e7\u00e3o dos juros em 13,75% ao ano.<\/p>\n<p>A XP manteve a previs\u00e3o de manuten\u00e7\u00e3o dos 13,75% at\u00e9 junho. Depois disso, a expectativa \u00e9 que a Selic caia para 10% at\u00e9 o fim do ano que vem. Tudo vai depender, por\u00e9m, da nova \u00e2ncora fiscal, destaca Nogueira.<\/p>\n<p>A economista lembra que tanto o ex-presidente Luiz In\u00e1cio Lula da Silva (PT) quanto o atual chefe do Executivo, Jair Bolsonaro (PL), advers\u00e1rios no segundo turno da elei\u00e7\u00e3o presidencial, j\u00e1 disseram que v\u00e3o mexer na regra de teto dos gastos. &#8220;Dado que a d\u00edvida e o servi\u00e7o da d\u00edvida brasileiros continuam elevados, consideramos uma nova \u00e2ncora fiscal (cr\u00edvel) como condi\u00e7\u00e3o essencial para que as expectativas de infla\u00e7\u00e3o convirjam para a trajet\u00f3ria da meta&#8221;, escreveu a economista da XP em coment\u00e1rio sobre a decis\u00e3o de hoje do Copom.<\/p>\n<p>A leitura \u00e9 de que o texto mant\u00e9m, em grande medida, a sinaliza\u00e7\u00e3o da reuni\u00e3o de setembro. Isto \u00e9, de que o comit\u00ea deve sustentar a taxa no n\u00edvel atual durante longo per\u00edodo para assegurar a converg\u00eancia da infla\u00e7\u00e3o at\u00e9 a meta.<\/p>\n<p>Nogueira observa ainda que as proje\u00e7\u00f5es de infla\u00e7\u00e3o do <strong>Copom<\/strong> aumentaram um pouco tanto para 2023 (de 4,6% para 4,8%) quanto para 2024 (de 2,8% para 2,9%). &#8220;Este movimento marginal refor\u00e7a a necessidade de o comit\u00ea se manter vigilante nos pr\u00f3ximos meses&#8221;, comenta a economista.<\/p>\n\t<p>\n\t\t<a href=\"https:\/\/lp.suno.com.br\/ebook-como-analisar-uma-acao\/\" target=\"_blank\" data-element=\"shortcode-suno-banner\" title=\"Banner SUNO, clique e saiba mais\">\n\t\t\t<picture>\n\t\t\t\t<source media=\"(max-width: 500px)\" srcset=\"https:\/\/files.sunoresearch.com.br\/n\/uploads\/2023\/12\/Ebook-Acoes-Mobile.jpg\">\n\t\t\t\t<img class=\"newsContent__article__imgCapa newsContent__article__imgCapa--banner\"\n\t\t\t\t\tsrc=\"https:\/\/files.sunoresearch.com.br\/n\/uploads\/2023\/12\/Ebook-Acoes-Desktop.webp\"\n\t\t\t\t\tdata-promo-id=\"311260\"\t\t\t\t\t\t\t\t\t\twidth='1420' height='286'\t\t\t\t\talt=\"https:\/\/files.sunoresearch.com.br\/n\/uploads\/2023\/12\/Ebook-Acoes-Desktop.webp\"\n\t\t\t\t>\n\t\t\t<\/picture>\n\t\t<\/a>\n\t<\/p>\n\n\n<p><em>Com informa\u00e7\u00f5es do Estad\u00e3o Conte\u00fado<\/em><\/p>\n","protected":false},"excerpt":{"rendered":"<p>O\u00a0Comit\u00ea de Pol\u00edtica Monet\u00e1ria (Copom), do Banco Central, decidiu nesta quarta (26) manter a taxa Selic em 13,75%. O an\u00fancio, no s\u00e9timo encontro do comit\u00ea do Banco Central em 2022, era aguardado pelo mercado. A decis\u00e3o foi un\u00e2nime. Retomando o consenso entre seus membros &#8212; na \u00faltima reuni\u00f5es houve discord\u00e2ncias -, o comit\u00ea do BC [&hellip;]<\/p>\n","protected":false},"author":98,"featured_media":312091,"comment_status":"closed","ping_status":"closed","sticky":false,"template":"","format":"standard","meta":[],"categories":[62],"tags":[1842,1104,105816,290],"suno_strategy":[],"class_list":["post-312040","post","type-post","status-publish","format-standard","has-post-thumbnail","hentry","category-economia","tag-banco-central-bc","tag-copom","tag-especialistas","tag-taxa-selic"],"yoast_head":"<!-- This site is optimized with the Yoast SEO plugin v24.4 - https:\/\/yoast.com\/wordpress\/plugins\/seo\/ -->\n<title>Copom decide manter Selic em 13,75% ao ano; veja os motivos<\/title>\n<meta name=\"description\" content=\"O\u00a0Comit\u00ea de Pol\u00edtica Monet\u00e1ria (Copom), do Banco Central, decidiu nesta quarta (26) manter a taxa Selic em 13,75%. Entenda por qu\u00ea\" \/>\n<meta name=\"robots\" content=\"index, follow, max-snippet:-1, max-image-preview:large, max-video-preview:-1\" \/>\n<link rel=\"canonical\" href=\"https:\/\/www.suno.com.br\/noticias\/copom-selic-decisao-juros-outubro-2022\/\" \/>\n<meta property=\"og:locale\" content=\"pt_BR\" \/>\n<meta property=\"og:type\" content=\"article\" \/>\n<meta property=\"og:title\" content=\"Copom decide manter Selic em 13,75% ao ano; veja os motivos\" \/>\n<meta property=\"og:description\" content=\"O\u00a0Comit\u00ea de Pol\u00edtica Monet\u00e1ria (Copom), do Banco Central, decidiu nesta quarta (26) manter a taxa Selic em 13,75%. Entenda por qu\u00ea\" \/>\n<meta property=\"og:url\" content=\"https:\/\/www.suno.com.br\/noticias\/copom-selic-decisao-juros-outubro-2022\/\" \/>\n<meta property=\"og:site_name\" content=\"Suno Not\u00edcias\" \/>\n<meta property=\"article:publisher\" content=\"https:\/\/facebook.com\/sunoresearch\" \/>\n<meta property=\"og:image\" content=\"https:\/\/files.sunoresearch.com.br\/n\/uploads\/2022\/10\/Banco-Central.jpg\" \/>\n\t<meta property=\"og:image:width\" content=\"1280\" \/>\n\t<meta property=\"og:image:height\" content=\"853\" \/>\n\t<meta property=\"og:image:type\" content=\"image\/jpeg\" \/>\n<meta name=\"author\" content=\"Marco Ant\u00f4nio Lopes\" \/>\n<meta name=\"twitter:card\" content=\"summary_large_image\" \/>\n<meta name=\"twitter:creator\" content=\"@sunoresearch\" \/>\n<meta name=\"twitter:site\" content=\"@sunoresearch\" \/>\n<meta name=\"twitter:label1\" content=\"Escrito por\" \/>\n\t<meta name=\"twitter:data1\" content=\"Marco Ant\u00f4nio Lopes\" \/>\n\t<meta name=\"twitter:label2\" content=\"Est. tempo de leitura\" \/>\n\t<meta name=\"twitter:data2\" content=\"20 minutos\" \/>\n<script type=\"application\/ld+json\" class=\"yoast-schema-graph\">{\"@context\":\"https:\/\/schema.org\",\"@graph\":[{\"@type\":\"NewsArticle\",\"@id\":\"https:\/\/www.suno.com.br\/noticias\/copom-selic-decisao-juros-outubro-2022\/#article\",\"isPartOf\":{\"@id\":\"https:\/\/www.suno.com.br\/noticias\/copom-selic-decisao-juros-outubro-2022\/\"},\"author\":{\"name\":\"Marco Ant\u00f4nio Lopes\",\"@id\":\"https:\/\/www.suno.com.br\/noticias\/#\/schema\/person\/829bbe8d57f84333b966b96229c6bf5f\"},\"headline\":\"Copom decide manter Selic em 13,75% ao ano; veja os motivos\",\"datePublished\":\"2022-10-26T21:36:51+00:00\",\"dateModified\":\"2022-10-26T23:06:24+00:00\",\"mainEntityOfPage\":{\"@id\":\"https:\/\/www.suno.com.br\/noticias\/copom-selic-decisao-juros-outubro-2022\/\"},\"wordCount\":3811,\"publisher\":{\"@id\":\"https:\/\/www.suno.com.br\/noticias\/#organization\"},\"image\":{\"@id\":\"https:\/\/www.suno.com.br\/noticias\/copom-selic-decisao-juros-outubro-2022\/#primaryimage\"},\"thumbnailUrl\":\"https:\/\/files.sunoresearch.com.br\/n\/uploads\/2022\/10\/Banco-Central.jpg\",\"keywords\":[\"Banco Central (BC)\",\"Copom\",\"Especialistas\",\"Taxa Selic\"],\"articleSection\":[\"Economia\"],\"inLanguage\":\"pt-BR\"},{\"@type\":\"WebPage\",\"@id\":\"https:\/\/www.suno.com.br\/noticias\/copom-selic-decisao-juros-outubro-2022\/\",\"url\":\"https:\/\/www.suno.com.br\/noticias\/copom-selic-decisao-juros-outubro-2022\/\",\"name\":\"Copom decide manter Selic em 13,75% ao ano; veja os motivos\",\"isPartOf\":{\"@id\":\"https:\/\/www.suno.com.br\/noticias\/#website\"},\"primaryImageOfPage\":{\"@id\":\"https:\/\/www.suno.com.br\/noticias\/copom-selic-decisao-juros-outubro-2022\/#primaryimage\"},\"image\":{\"@id\":\"https:\/\/www.suno.com.br\/noticias\/copom-selic-decisao-juros-outubro-2022\/#primaryimage\"},\"thumbnailUrl\":\"https:\/\/files.sunoresearch.com.br\/n\/uploads\/2022\/10\/Banco-Central.jpg\",\"datePublished\":\"2022-10-26T21:36:51+00:00\",\"dateModified\":\"2022-10-26T23:06:24+00:00\",\"description\":\"O\u00a0Comit\u00ea de Pol\u00edtica Monet\u00e1ria (Copom), do Banco Central, decidiu nesta quarta (26) manter a taxa Selic em 13,75%. Entenda por qu\u00ea\",\"breadcrumb\":{\"@id\":\"https:\/\/www.suno.com.br\/noticias\/copom-selic-decisao-juros-outubro-2022\/#breadcrumb\"},\"inLanguage\":\"pt-BR\",\"potentialAction\":[{\"@type\":\"ReadAction\",\"target\":[\"https:\/\/www.suno.com.br\/noticias\/copom-selic-decisao-juros-outubro-2022\/\"]}]},{\"@type\":\"ImageObject\",\"inLanguage\":\"pt-BR\",\"@id\":\"https:\/\/www.suno.com.br\/noticias\/copom-selic-decisao-juros-outubro-2022\/#primaryimage\",\"url\":\"https:\/\/files.sunoresearch.com.br\/n\/uploads\/2022\/10\/Banco-Central.jpg\",\"contentUrl\":\"https:\/\/files.sunoresearch.com.br\/n\/uploads\/2022\/10\/Banco-Central.jpg\",\"width\":1280,\"height\":853,\"caption\":\"Banco Central. Foto: Marcello Casal Jr.\/Ag\u00eancia Brasil\"},{\"@type\":\"BreadcrumbList\",\"@id\":\"https:\/\/www.suno.com.br\/noticias\/copom-selic-decisao-juros-outubro-2022\/#breadcrumb\",\"itemListElement\":[{\"@type\":\"ListItem\",\"position\":1,\"name\":\"Not\u00edcias\",\"item\":\"https:\/\/www.suno.com.br\/noticias\/\"},{\"@type\":\"ListItem\",\"position\":2,\"name\":\"Economia\",\"item\":\"https:\/\/www.suno.com.br\/noticias\/economia\/\"},{\"@type\":\"ListItem\",\"position\":3,\"name\":\"Copom decide manter Selic em 13,75% ao ano; veja os motivos\"}]},{\"@type\":\"WebSite\",\"@id\":\"https:\/\/www.suno.com.br\/noticias\/#website\",\"url\":\"https:\/\/www.suno.com.br\/noticias\/\",\"name\":\"Suno Not\u00edcias\",\"description\":\"Seu portal de informa\u00e7\u00e3o sobre o mundo dos investimentos\",\"publisher\":{\"@id\":\"https:\/\/www.suno.com.br\/noticias\/#organization\"},\"potentialAction\":[{\"@type\":\"SearchAction\",\"target\":{\"@type\":\"EntryPoint\",\"urlTemplate\":\"https:\/\/www.suno.com.br\/noticias\/?s={search_term_string}\"},\"query-input\":{\"@type\":\"PropertyValueSpecification\",\"valueRequired\":true,\"valueName\":\"search_term_string\"}}],\"inLanguage\":\"pt-BR\"},{\"@type\":\"Organization\",\"@id\":\"https:\/\/www.suno.com.br\/noticias\/#organization\",\"name\":\"Suno Not\u00edcias\",\"url\":\"https:\/\/www.suno.com.br\/noticias\/\",\"logo\":{\"@type\":\"ImageObject\",\"inLanguage\":\"pt-BR\",\"@id\":\"https:\/\/www.suno.com.br\/noticias\/#\/schema\/logo\/image\/\",\"url\":\"https:\/\/files.sunoresearch.com.br\/n\/uploads\/2021\/09\/suno-logo.png\",\"contentUrl\":\"https:\/\/files.sunoresearch.com.br\/n\/uploads\/2021\/09\/suno-logo.png\",\"width\":180,\"height\":180,\"caption\":\"Suno Not\u00edcias\"},\"image\":{\"@id\":\"https:\/\/www.suno.com.br\/noticias\/#\/schema\/logo\/image\/\"},\"sameAs\":[\"https:\/\/facebook.com\/sunoresearch\",\"https:\/\/x.com\/sunoresearch\",\"https:\/\/www.instagram.com\/suno\",\"https:\/\/www.linkedin.com\/company\/suno-research\/\",\"https:\/\/www.youtube.com\/c\/sunoresearch\"]},{\"@type\":\"Person\",\"@id\":\"https:\/\/www.suno.com.br\/noticias\/#\/schema\/person\/829bbe8d57f84333b966b96229c6bf5f\",\"name\":\"Marco Ant\u00f4nio Lopes\",\"image\":{\"@type\":\"ImageObject\",\"inLanguage\":\"pt-BR\",\"@id\":\"https:\/\/www.suno.com.br\/noticias\/#\/schema\/person\/image\/\",\"url\":\"https:\/\/secure.gravatar.com\/avatar\/385167b012fbc1cde32c5446ee253313?s=96&r=g\",\"contentUrl\":\"https:\/\/secure.gravatar.com\/avatar\/385167b012fbc1cde32c5446ee253313?s=96&r=g\",\"caption\":\"Marco Ant\u00f4nio Lopes\"},\"description\":\"Jornalista, \u00e9 editor no Suno Not\u00edcias. Trabalhou nas revistas Playboy, Super, Veja Comer &amp; Beber, Homem Vogue e Universo Masculino, al\u00e9m dos portais Abril.com, R7, nas editorias de Home, Esportes, Hora 7, Entretenimento e Geral, e Eu Quero Investir. Autor do livro Bruce Lee: Definitivo (Editora Conrad). Colaborou nas revistas Nova, Veja SP, Grandes Guerras, Placar, Bizz, Casa Claudia e Quatro Rodas.\",\"url\":\"https:\/\/www.suno.com.br\/noticias\/author\/marco-lopes\/\"}]}<\/script>\n<!-- \/ Yoast SEO plugin. -->","yoast_head_json":{"title":"Copom decide manter Selic em 13,75% ao ano; veja os motivos","description":"O\u00a0Comit\u00ea de Pol\u00edtica Monet\u00e1ria (Copom), do Banco Central, decidiu nesta quarta (26) manter a taxa Selic em 13,75%. Entenda por qu\u00ea","robots":{"index":"index","follow":"follow","max-snippet":"max-snippet:-1","max-image-preview":"max-image-preview:large","max-video-preview":"max-video-preview:-1"},"canonical":"https:\/\/www.suno.com.br\/noticias\/copom-selic-decisao-juros-outubro-2022\/","og_locale":"pt_BR","og_type":"article","og_title":"Copom decide manter Selic em 13,75% ao ano; veja os motivos","og_description":"O\u00a0Comit\u00ea de Pol\u00edtica Monet\u00e1ria (Copom), do Banco Central, decidiu nesta quarta (26) manter a taxa Selic em 13,75%. Entenda por qu\u00ea","og_url":"https:\/\/www.suno.com.br\/noticias\/copom-selic-decisao-juros-outubro-2022\/","og_site_name":"Suno Not\u00edcias","article_publisher":"https:\/\/facebook.com\/sunoresearch","og_image":[{"width":1280,"height":853,"url":"https:\/\/files.sunoresearch.com.br\/n\/uploads\/2022\/10\/Banco-Central.jpg","type":"image\/jpeg"}],"author":"Marco Ant\u00f4nio Lopes","twitter_card":"summary_large_image","twitter_creator":"@sunoresearch","twitter_site":"@sunoresearch","twitter_misc":{"Escrito por":"Marco Ant\u00f4nio Lopes","Est. tempo de leitura":"20 minutos"},"schema":{"@context":"https:\/\/schema.org","@graph":[{"@type":"NewsArticle","@id":"https:\/\/www.suno.com.br\/noticias\/copom-selic-decisao-juros-outubro-2022\/#article","isPartOf":{"@id":"https:\/\/www.suno.com.br\/noticias\/copom-selic-decisao-juros-outubro-2022\/"},"author":{"name":"Marco Ant\u00f4nio Lopes","@id":"https:\/\/www.suno.com.br\/noticias\/#\/schema\/person\/829bbe8d57f84333b966b96229c6bf5f"},"headline":"Copom decide manter Selic em 13,75% ao ano; veja os motivos","datePublished":"2022-10-26T21:36:51+00:00","dateModified":"2022-10-26T23:06:24+00:00","mainEntityOfPage":{"@id":"https:\/\/www.suno.com.br\/noticias\/copom-selic-decisao-juros-outubro-2022\/"},"wordCount":3811,"publisher":{"@id":"https:\/\/www.suno.com.br\/noticias\/#organization"},"image":{"@id":"https:\/\/www.suno.com.br\/noticias\/copom-selic-decisao-juros-outubro-2022\/#primaryimage"},"thumbnailUrl":"https:\/\/files.sunoresearch.com.br\/n\/uploads\/2022\/10\/Banco-Central.jpg","keywords":["Banco Central (BC)","Copom","Especialistas","Taxa Selic"],"articleSection":["Economia"],"inLanguage":"pt-BR"},{"@type":"WebPage","@id":"https:\/\/www.suno.com.br\/noticias\/copom-selic-decisao-juros-outubro-2022\/","url":"https:\/\/www.suno.com.br\/noticias\/copom-selic-decisao-juros-outubro-2022\/","name":"Copom decide manter Selic em 13,75% ao ano; veja os motivos","isPartOf":{"@id":"https:\/\/www.suno.com.br\/noticias\/#website"},"primaryImageOfPage":{"@id":"https:\/\/www.suno.com.br\/noticias\/copom-selic-decisao-juros-outubro-2022\/#primaryimage"},"image":{"@id":"https:\/\/www.suno.com.br\/noticias\/copom-selic-decisao-juros-outubro-2022\/#primaryimage"},"thumbnailUrl":"https:\/\/files.sunoresearch.com.br\/n\/uploads\/2022\/10\/Banco-Central.jpg","datePublished":"2022-10-26T21:36:51+00:00","dateModified":"2022-10-26T23:06:24+00:00","description":"O\u00a0Comit\u00ea de Pol\u00edtica Monet\u00e1ria (Copom), do Banco Central, decidiu nesta quarta (26) manter a taxa Selic em 13,75%. Entenda por qu\u00ea","breadcrumb":{"@id":"https:\/\/www.suno.com.br\/noticias\/copom-selic-decisao-juros-outubro-2022\/#breadcrumb"},"inLanguage":"pt-BR","potentialAction":[{"@type":"ReadAction","target":["https:\/\/www.suno.com.br\/noticias\/copom-selic-decisao-juros-outubro-2022\/"]}]},{"@type":"ImageObject","inLanguage":"pt-BR","@id":"https:\/\/www.suno.com.br\/noticias\/copom-selic-decisao-juros-outubro-2022\/#primaryimage","url":"https:\/\/files.sunoresearch.com.br\/n\/uploads\/2022\/10\/Banco-Central.jpg","contentUrl":"https:\/\/files.sunoresearch.com.br\/n\/uploads\/2022\/10\/Banco-Central.jpg","width":1280,"height":853,"caption":"Banco Central. Foto: Marcello Casal Jr.\/Ag\u00eancia Brasil"},{"@type":"BreadcrumbList","@id":"https:\/\/www.suno.com.br\/noticias\/copom-selic-decisao-juros-outubro-2022\/#breadcrumb","itemListElement":[{"@type":"ListItem","position":1,"name":"Not\u00edcias","item":"https:\/\/www.suno.com.br\/noticias\/"},{"@type":"ListItem","position":2,"name":"Economia","item":"https:\/\/www.suno.com.br\/noticias\/economia\/"},{"@type":"ListItem","position":3,"name":"Copom decide manter Selic em 13,75% ao ano; veja os motivos"}]},{"@type":"WebSite","@id":"https:\/\/www.suno.com.br\/noticias\/#website","url":"https:\/\/www.suno.com.br\/noticias\/","name":"Suno Not\u00edcias","description":"Seu portal de informa\u00e7\u00e3o sobre o mundo dos investimentos","publisher":{"@id":"https:\/\/www.suno.com.br\/noticias\/#organization"},"potentialAction":[{"@type":"SearchAction","target":{"@type":"EntryPoint","urlTemplate":"https:\/\/www.suno.com.br\/noticias\/?s={search_term_string}"},"query-input":{"@type":"PropertyValueSpecification","valueRequired":true,"valueName":"search_term_string"}}],"inLanguage":"pt-BR"},{"@type":"Organization","@id":"https:\/\/www.suno.com.br\/noticias\/#organization","name":"Suno Not\u00edcias","url":"https:\/\/www.suno.com.br\/noticias\/","logo":{"@type":"ImageObject","inLanguage":"pt-BR","@id":"https:\/\/www.suno.com.br\/noticias\/#\/schema\/logo\/image\/","url":"https:\/\/files.sunoresearch.com.br\/n\/uploads\/2021\/09\/suno-logo.png","contentUrl":"https:\/\/files.sunoresearch.com.br\/n\/uploads\/2021\/09\/suno-logo.png","width":180,"height":180,"caption":"Suno Not\u00edcias"},"image":{"@id":"https:\/\/www.suno.com.br\/noticias\/#\/schema\/logo\/image\/"},"sameAs":["https:\/\/facebook.com\/sunoresearch","https:\/\/x.com\/sunoresearch","https:\/\/www.instagram.com\/suno","https:\/\/www.linkedin.com\/company\/suno-research\/","https:\/\/www.youtube.com\/c\/sunoresearch"]},{"@type":"Person","@id":"https:\/\/www.suno.com.br\/noticias\/#\/schema\/person\/829bbe8d57f84333b966b96229c6bf5f","name":"Marco Ant\u00f4nio Lopes","image":{"@type":"ImageObject","inLanguage":"pt-BR","@id":"https:\/\/www.suno.com.br\/noticias\/#\/schema\/person\/image\/","url":"https:\/\/secure.gravatar.com\/avatar\/385167b012fbc1cde32c5446ee253313?s=96&r=g","contentUrl":"https:\/\/secure.gravatar.com\/avatar\/385167b012fbc1cde32c5446ee253313?s=96&r=g","caption":"Marco Ant\u00f4nio Lopes"},"description":"Jornalista, \u00e9 editor no Suno Not\u00edcias. Trabalhou nas revistas Playboy, Super, Veja Comer &amp; Beber, Homem Vogue e Universo Masculino, al\u00e9m dos portais Abril.com, R7, nas editorias de Home, Esportes, Hora 7, Entretenimento e Geral, e Eu Quero Investir. Autor do livro Bruce Lee: Definitivo (Editora Conrad). Colaborou nas revistas Nova, Veja SP, Grandes Guerras, Placar, Bizz, Casa Claudia e Quatro Rodas.","url":"https:\/\/www.suno.com.br\/noticias\/author\/marco-lopes\/"}]}},"default_loop_html":"<div class=\"cardsPage__listCard__boxs\"><div class=\"cardsPage__listCard__boxs__img\"><a href=\"https:\/\/www.suno.com.br\/noticias\/copom-selic-decisao-juros-outubro-2022\/\"><img class=\"mask\" src=\"https:\/\/www.suno.com.br\/noticias\/wp-content\/themes\/suno\/resources\/images\/spotlight\/spotlight1img\/bg-mask.png\" alt=\"Image Mask\"\/><img src=\"https:\/\/files.sunoresearch.com.br\/n\/uploads\/2022\/10\/Banco-Central-400x200.jpg\" alt=\"Copom decide manter Selic em 13,75% ao ano; veja os motivos\"\/><\/a><span class=\"spotlightCategory\"><a href=\"https:\/\/www.suno.com.br\/noticias\/economia\/\">Economia<\/a><\/span><\/div><div class=\"cardsPage__listCard__boxs__content\"><a href=\"https:\/\/www.suno.com.br\/noticias\/copom-selic-decisao-juros-outubro-2022\/\"><h2 class=\"content__title\">Copom decide manter Selic em 13,75% ao ano; veja os motivos<\/h2><\/a><div class=\"newsContent__article__meta\"><div class=\"newsContent__article__meta__authorBox\"><a href=\"https:\/\/www.suno.com.br\/noticias\/author\/marco-lopes\/\" class=\"authorBox__avatar noMobi\"><img src=\"https:\/\/secure.gravatar.com\/avatar\/385167b012fbc1cde32c5446ee253313?s=96&#038;r=g\" alt=\"Marco Ant\u00f4nio Lopes\"><\/a><div class=\"authorBox__name\"><span>por\n\t\t\t<a href=\"https:\/\/www.suno.com.br\/noticias\/author\/marco-lopes\/\"><span itemprop=\"author\">Marco Ant\u00f4nio Lopes<\/span><\/a><\/span><time datetime=\"2022-10-26T18:36:51-03:00\" itemprop=\"datePublished\">26\/10\/2022 18:36<\/time><\/div><\/div><\/div><\/div><\/div>","single_layout":"posts","amp_enabled":true,"_links":{"self":[{"href":"https:\/\/www.suno.com.br\/noticias\/wp-json\/wp\/v2\/posts\/312040"}],"collection":[{"href":"https:\/\/www.suno.com.br\/noticias\/wp-json\/wp\/v2\/posts"}],"about":[{"href":"https:\/\/www.suno.com.br\/noticias\/wp-json\/wp\/v2\/types\/post"}],"author":[{"embeddable":true,"href":"https:\/\/www.suno.com.br\/noticias\/wp-json\/wp\/v2\/users\/98"}],"replies":[{"embeddable":true,"href":"https:\/\/www.suno.com.br\/noticias\/wp-json\/wp\/v2\/comments?post=312040"}],"version-history":[{"count":2,"href":"https:\/\/www.suno.com.br\/noticias\/wp-json\/wp\/v2\/posts\/312040\/revisions"}],"predecessor-version":[{"id":312200,"href":"https:\/\/www.suno.com.br\/noticias\/wp-json\/wp\/v2\/posts\/312040\/revisions\/312200"}],"wp:featuredmedia":[{"embeddable":true,"href":"https:\/\/www.suno.com.br\/noticias\/wp-json\/wp\/v2\/media\/312091"}],"wp:attachment":[{"href":"https:\/\/www.suno.com.br\/noticias\/wp-json\/wp\/v2\/media?parent=312040"}],"wp:term":[{"taxonomy":"category","embeddable":true,"href":"https:\/\/www.suno.com.br\/noticias\/wp-json\/wp\/v2\/categories?post=312040"},{"taxonomy":"post_tag","embeddable":true,"href":"https:\/\/www.suno.com.br\/noticias\/wp-json\/wp\/v2\/tags?post=312040"},{"taxonomy":"suno_strategy","embeddable":true,"href":"https:\/\/www.suno.com.br\/noticias\/wp-json\/wp\/v2\/suno_strategy?post=312040"}],"curies":[{"name":"wp","href":"https:\/\/api.w.org\/{rel}","templated":true}]}}