{"id":312037,"date":"2022-10-27T00:09:03","date_gmt":"2022-10-27T03:09:03","guid":{"rendered":"https:\/\/www.suno.com.br\/noticias\/?p=312037"},"modified":"2022-10-27T03:47:46","modified_gmt":"2022-10-27T06:47:46","slug":"paulo-guedes-entrevista-suno","status":"publish","type":"post","link":"https:\/\/www.suno.com.br\/noticias\/paulo-guedes-entrevista-suno\/","title":{"rendered":"Suno entrevista Paulo Guedes nesta quinta (27) de manh\u00e3, com transmiss\u00e3o ao vivo"},"content":{"rendered":"<p>O ministro da economia, <strong><a class=\"suno-keyword\" href=\"https:\/\/www.suno.com.br\/tudo-sobre\/paulo-guedes\/\" target=\"_blank\" rel=\"noopener\" data-force=\"no\" data-priority=\"2\">Paulo Guedes<\/a><\/strong>, ser\u00e1 entrevistado pelo chairman e fundador do Grupo Suno, Tiago Reis, na manh\u00e3 desta quinta-feira (27).<\/p><div class=\"videoFull \">\n\t\t\t<div class=\"videoWrapper yt-lazyload center\"\n\t\t\t\tdata-width=\"960\"\n\t\t\t\tdata-height=\"540\"\n\t\t\t\tdata-id=\"Vx1B33-IIHo\"\n\t\t\t\tdata-alt=\"V\u00eddeo do YouTube - clique para reproduzir\"\n\t\t\t\tdata-logo=\"3\"\n\t\t\t\tdata-imagequality=\"maxres\">\n\t\t\t<\/div>\n\t\t<\/div><script type=\"application\/ld+json\">{\"@context\":\"https:\/\/schema.org\",\"@type\":\"VideoObject\",\"name\":\"PERSPECTIVAS PARA 2023: Tiago Reis entrevista Paulo Guedes\",\"description\":\"00:00 - Abertura 01:46 - Economia no Governo Bolsonaro 15:47 - Investimentos do Governo 20:45 - Crescimento do Brasil 21:58 - Empresas Estatais 24:22 - Dificuldade nas Privatiza\u00e7\u00f5es 25:29 - Privatiza\u00e7\u00e3o da Eletrobras 26:20 - A import\u00e2ncia das privatiza\u00e7\u00e3o 27:20 - Prioridades Econ\u00f4micas do Governo 29:12 Tributa\u00e7\u00e3o de Lucros e Dividendos 29:26 Aux\u00edlio Brasil 32:19\u2026\",\"duration\":\"PT1H17M6S\",\"embedUrl\":\"https:\/\/www.youtube.com\/embed\/Vx1B33-IIHo\",\"regionsAllowed\":\"pt-BR\",\"interactionStatistic\":{\"@type\":\"InteractionCounter\",\"interactionType\":{\"@type\":\"WatchAction\"},\"userInteractionCount\":75675},\"thumbnailUrl\":\"https:\/\/i.ytimg.com\/vi\/Vx1B33-IIHo\/default.jpg\",\"uploadDate\":\"2022-10-27T14:23:06Z\"}<\/script>\n\n\t<p>\n\t\t<a href=\"https:\/\/lp2.suno.com.br\/cl\/black-friday-2025\/?utm_campaign=_SNCDF0E4858_\" target=\"_blank\" data-element=\"shortcode-suno-banner\" title=\"Banner SUNO, clique e saiba mais\">\n\t\t\t<picture>\n\t\t\t\t<source media=\"(max-width: 500px)\" srcset=\"https:\/\/files.sunoresearch.com.br\/n\/uploads\/2025\/10\/Artigos-e-Noticias-Banner-Home-artigos-01-Mobile_-400x300-1-png.webp\">\n\t\t\t\t<img class=\"newsContent__article__imgCapa newsContent__article__imgCapa--banner\"\n\t\t\t\t\tsrc=\"https:\/\/files.sunoresearch.com.br\/n\/uploads\/2025\/10\/Artigos-e-Noticias-Banner-Home-artigos-01-Desktop_-1420x240-1-png.webp\"\n\t\t\t\t\tdata-promo-id=\"311259\"\t\t\t\t\t\t\t\t\t\twidth='1420' height='240'\t\t\t\t\talt=\"https:\/\/files.sunoresearch.com.br\/n\/uploads\/2025\/10\/Artigos-e-Noticias-Banner-Home-artigos-01-Desktop_-1420x240-1-png.webp\"\n\t\t\t\t>\n\t\t\t<\/picture>\n\t\t<\/a>\n\t<\/p>\n\n\n<p>A <strong>entrevista com o ministro Paulo Guedes<\/strong> come\u00e7ar\u00e1 \u00e0s 10h e ser\u00e1 transmitida ao vivo pelo canal oficial de <a href=\"https:\/\/www.youtube.com\/channel\/UCwONybZQdULFV_ts2911Rqg\">Tiago Reis no YouTube<\/a>.<\/p>\n<p>Os temas abordados devem ter enfoque nas d\u00favidas dos investidores e em pautas do <a class=\"suno-keyword\" href=\"https:\/\/www.suno.com.br\/artigos\/mercado-de-capitais-conceito\/\" target=\"_blank\" rel=\"noopener\" data-force=\"no\" data-priority=\"1\">mercado de capitais<\/a>, al\u00e9m do planejamento econ\u00f4mico para um eventual segundo mandato do presidente Jair Bolsonaro (PL).<\/p>\n<p>As duas campanhas do segundo turno foram convidadas para a entrevista &#8211; mas a do ex-presidente Luiz In\u00e1cio Lula da Silva, do Partido dos Trabalhadores (PT), n\u00e3o respondeu.<\/p>\n<p>&#8220;Vou fazer as perguntas que todo investidor quer saber para o ministro. Vamos conversar sobre os planos para 2023 para a economia, caso Bolsonaro seja reeleito&#8221;, afirma <strong>Tiago Reis<\/strong>, em suas redes sociais.<\/p>\n<p>Em sua conta no Twitter, o\u00a0<strong>fundador da Suno<\/strong> comenta que selecionar\u00e1 dois coment\u00e1rios de sua postagem para servirem como perguntas do p\u00fablico ao ministro durante a entrevista.<\/p>\n<p>Durante a campanha eleitoral deste ano, diversas quest\u00f5es econ\u00f4micas foram debatidas, incluindo <strong>tributa\u00e7\u00e3o de <a class=\"suno-keyword\" href=\"https:\/\/www.suno.com.br\/guias\/dividendos\/\" target=\"_blank\" rel=\"noopener\" data-force=\"no\" data-priority=\"1\">dividendos<\/a><\/strong>, indexa\u00e7\u00e3o do sal\u00e1rio m\u00ednimo e privatiza\u00e7\u00f5es.<\/p>\n<p><iframe loading=\"lazy\" title=\"PAULO GUEDES FEZ O QUE PROMETEU? #shorts\" src=\"https:\/\/www.youtube.com\/embed\/U_0lXvFEWME\" width=\"320\" height=\"558\" frameborder=\"0\" allowfullscreen=\"allowfullscreen\"><\/iframe><\/p>\n\t<p>\n\t\t<a href=\"https:\/\/lp.suno.com.br\/ebook-como-analisar-uma-acao\/\" target=\"_blank\" data-element=\"shortcode-suno-banner\" title=\"Banner SUNO, clique e saiba mais\">\n\t\t\t<picture>\n\t\t\t\t<source media=\"(max-width: 500px)\" srcset=\"https:\/\/files.sunoresearch.com.br\/n\/uploads\/2023\/12\/Ebook-Acoes-Mobile.jpg\">\n\t\t\t\t<img class=\"newsContent__article__imgCapa newsContent__article__imgCapa--banner\"\n\t\t\t\t\tsrc=\"https:\/\/files.sunoresearch.com.br\/n\/uploads\/2023\/12\/Ebook-Acoes-Desktop.webp\"\n\t\t\t\t\tdata-promo-id=\"311260\"\t\t\t\t\t\t\t\t\t\twidth='1420' height='286'\t\t\t\t\talt=\"https:\/\/files.sunoresearch.com.br\/n\/uploads\/2023\/12\/Ebook-Acoes-Desktop.webp\"\n\t\t\t\t>\n\t\t\t<\/picture>\n\t\t<\/a>\n\t<\/p>\n\n\n<h2>Paulo Guedes: \u2018Economia do Brasil pode crescer ainda mais do que a da China\u2019<\/h2>\n<p>O ministro da Economia <a href=\"https:\/\/www.suno.com.br\/noticias\/para-guedes-crescimento-brasil-maior-china\/\">disse recentemente<\/a> que se o crescimento da\u00a0<a class=\"suno-keyword\" href=\"https:\/\/www.suno.com.br\/artigos\/economia-domestica\/\" target=\"_blank\" rel=\"noopener\" data-force=\"no\" data-priority=\"1\">economia dom\u00e9stica<\/a>\u00a0continuar pelo pr\u00f3ximo bimestre, a expans\u00e3o do Pa\u00eds ser\u00e1 superior \u00e0 da China.<\/p>\n<p>De acordo com Paulo Guedes, que acabou de voltar de encontros do Banco Mundial (Bird) e do Fundo Monet\u00e1rio Internacional (FMI) em Washington, h\u00e1 um reconhecimento do bom desempenho do pa\u00eds.<\/p>\n<p>\u201cNossa infla\u00e7\u00e3o caiu de 12,5% para 5,5% este ano. H\u00e1 desorganiza\u00e7\u00e3o no mercado na Inglaterra, greve na Fran\u00e7a, estagfla\u00e7\u00e3o nos EUA. O <strong>Brasil<\/strong> possivelmente est\u00e1 crescendo mais do que a China. Se crescermos nos pr\u00f3ximos dois meses, passamos a China tamb\u00e9m\u201d, disse durante o F\u00f3rum Nacional de Log\u00edstica e Infraestrutura Portu\u00e1ria \u201cBrasil Export\u201d, realizado em Bras\u00edlia.<\/p>\n<p>\u201cPrecisamos ter confian\u00e7a no Brasil. \u00c9 um grande Pa\u00eds, uma grande na\u00e7\u00e3o, com uma democracia que est\u00e1 funcionando\u201d, acrescentou o <strong>ministro da Economia<\/strong>.<\/p>\n<p>Guedes disse que o Brasil ter\u00e1 crescimento da economia de 3% num per\u00edodo de dez anos se continuar na plataforma de atua\u00e7\u00e3o do atual governo. \u201cEsta mensagem \u00e9 muito clara. \u00c9 at\u00e9 singela porque est\u00e1 acontecendo repetidamente\u201d, disse.<\/p>\n<p>Na sequ\u00eancia da apresenta\u00e7\u00e3o, o ministro ainda aumentou sua proje\u00e7\u00e3o: \u201cO Brasil pode crescer 3%, 3,5%, 4% por dez anos.\u201d<\/p>\n<p><strong>Paulo Guedes<\/strong> afirma que a economia no Brasil est\u00e1 em tend\u00eancia de crescimento, enquanto o &#8220;exterior passa por um per\u00edodo de grande turbul\u00eancia&#8221;.<\/p>\n\t<p>\n\t\t<a href=\"https:\/\/lp.suno.com.br\/minicurso-investindo-fiis\/\" target=\"_blank\" data-element=\"shortcode-suno-banner\" title=\"Banner SUNO, clique e saiba mais\">\n\t\t\t<picture>\n\t\t\t\t<source media=\"(max-width: 500px)\" srcset=\"https:\/\/files.sunoresearch.com.br\/n\/uploads\/2023\/07\/400x300-Minicurso-FIIS.png\">\n\t\t\t\t<img class=\"newsContent__article__imgCapa newsContent__article__imgCapa--banner\"\n\t\t\t\t\tsrc=\"https:\/\/files.sunoresearch.com.br\/n\/uploads\/2023\/07\/1420x240-Minicurso-FIIS.png\"\n\t\t\t\t\tdata-promo-id=\"311935\"\t\t\t\t\t\t\t\t\t\twidth='1420' height='240'\t\t\t\t\talt=\"https:\/\/files.sunoresearch.com.br\/n\/uploads\/2023\/07\/1420x240-Minicurso-FIIS.png\"\n\t\t\t\t>\n\t\t\t<\/picture>\n\t\t<\/a>\n\t<\/p>\n\n\n","protected":false},"excerpt":{"rendered":"<p>O ministro da economia, Paulo Guedes, ser\u00e1 entrevistado pelo chairman e fundador do Grupo Suno, Tiago Reis, na manh\u00e3 desta quinta-feira (27). A entrevista com o ministro Paulo Guedes come\u00e7ar\u00e1 \u00e0s 10h e ser\u00e1 transmitida ao vivo pelo canal oficial de Tiago Reis no YouTube. Os temas abordados devem ter enfoque nas d\u00favidas dos investidores [&hellip;]<\/p>\n","protected":false},"author":73,"featured_media":191218,"comment_status":"closed","ping_status":"closed","sticky":false,"template":"","format":"standard","meta":[],"categories":[61],"tags":[796],"suno_strategy":[],"class_list":["post-312037","post","type-post","status-publish","format-standard","has-post-thumbnail","hentry","category-politica","tag-paulo-guedes"],"yoast_head":"<!-- This site is optimized with the Yoast SEO plugin v24.4 - https:\/\/yoast.com\/wordpress\/plugins\/seo\/ -->\n<title>Suno entrevista Paulo Guedes nesta quinta (27) de manh\u00e3<\/title>\n<meta name=\"description\" content=\"Entrevista com Paulo Guedes ser\u00e1 transmitida ao vivo nesta quinta-feira (27) \u00e0s 10h da manh\u00e3. Clique e confira!\" \/>\n<meta name=\"robots\" content=\"index, follow, max-snippet:-1, max-image-preview:large, max-video-preview:-1\" \/>\n<link rel=\"canonical\" href=\"https:\/\/www.suno.com.br\/noticias\/paulo-guedes-entrevista-suno\/\" \/>\n<meta property=\"og:locale\" content=\"pt_BR\" \/>\n<meta property=\"og:type\" content=\"article\" \/>\n<meta property=\"og:title\" content=\"Suno entrevista Paulo Guedes nesta quinta (27) de manh\u00e3\" \/>\n<meta property=\"og:description\" content=\"Entrevista com Paulo Guedes ser\u00e1 transmitida ao vivo nesta quinta-feira (27) \u00e0s 10h da manh\u00e3. Clique e confira!\" \/>\n<meta property=\"og:url\" content=\"https:\/\/www.suno.com.br\/noticias\/paulo-guedes-entrevista-suno\/\" \/>\n<meta property=\"og:site_name\" content=\"Suno Not\u00edcias\" \/>\n<meta property=\"article:publisher\" content=\"https:\/\/facebook.com\/sunoresearch\" \/>\n<meta property=\"og:image\" content=\"https:\/\/files.sunoresearch.com.br\/n\/uploads\/2021\/10\/paulo-guedes_mcamgo_abr_220720211818-6-scaled.jpg\" \/>\n\t<meta property=\"og:image:width\" content=\"2560\" \/>\n\t<meta property=\"og:image:height\" content=\"1707\" \/>\n\t<meta property=\"og:image:type\" content=\"image\/jpeg\" \/>\n<meta name=\"author\" content=\"Eduardo Vargas\" \/>\n<meta name=\"twitter:card\" content=\"summary_large_image\" \/>\n<meta name=\"twitter:creator\" content=\"@sunoresearch\" \/>\n<meta name=\"twitter:site\" content=\"@sunoresearch\" \/>\n<meta name=\"twitter:label1\" content=\"Escrito por\" \/>\n\t<meta name=\"twitter:data1\" content=\"Eduardo Vargas\" \/>\n\t<meta name=\"twitter:label2\" content=\"Est. tempo de leitura\" \/>\n\t<meta name=\"twitter:data2\" content=\"3 minutos\" \/>\n<script type=\"application\/ld+json\" class=\"yoast-schema-graph\">{\"@context\":\"https:\/\/schema.org\",\"@graph\":[{\"@type\":\"NewsArticle\",\"@id\":\"https:\/\/www.suno.com.br\/noticias\/paulo-guedes-entrevista-suno\/#article\",\"isPartOf\":{\"@id\":\"https:\/\/www.suno.com.br\/noticias\/paulo-guedes-entrevista-suno\/\"},\"author\":{\"name\":\"Eduardo Vargas\",\"@id\":\"https:\/\/www.suno.com.br\/noticias\/#\/schema\/person\/7f4d362bf3518e76090143ae77bb49a5\"},\"headline\":\"Suno entrevista Paulo Guedes nesta quinta (27) de manh\u00e3, com transmiss\u00e3o ao vivo\",\"datePublished\":\"2022-10-27T03:09:03+00:00\",\"dateModified\":\"2022-10-27T06:47:46+00:00\",\"mainEntityOfPage\":{\"@id\":\"https:\/\/www.suno.com.br\/noticias\/paulo-guedes-entrevista-suno\/\"},\"wordCount\":469,\"publisher\":{\"@id\":\"https:\/\/www.suno.com.br\/noticias\/#organization\"},\"image\":{\"@id\":\"https:\/\/www.suno.com.br\/noticias\/paulo-guedes-entrevista-suno\/#primaryimage\"},\"thumbnailUrl\":\"https:\/\/files.sunoresearch.com.br\/n\/uploads\/2021\/10\/paulo-guedes_mcamgo_abr_220720211818-6-scaled.jpg\",\"keywords\":[\"Paulo Guedes\"],\"articleSection\":[\"Pol\u00edtica\"],\"inLanguage\":\"pt-BR\"},{\"@type\":\"WebPage\",\"@id\":\"https:\/\/www.suno.com.br\/noticias\/paulo-guedes-entrevista-suno\/\",\"url\":\"https:\/\/www.suno.com.br\/noticias\/paulo-guedes-entrevista-suno\/\",\"name\":\"Suno entrevista Paulo Guedes nesta quinta (27) de manh\u00e3\",\"isPartOf\":{\"@id\":\"https:\/\/www.suno.com.br\/noticias\/#website\"},\"primaryImageOfPage\":{\"@id\":\"https:\/\/www.suno.com.br\/noticias\/paulo-guedes-entrevista-suno\/#primaryimage\"},\"image\":{\"@id\":\"https:\/\/www.suno.com.br\/noticias\/paulo-guedes-entrevista-suno\/#primaryimage\"},\"thumbnailUrl\":\"https:\/\/files.sunoresearch.com.br\/n\/uploads\/2021\/10\/paulo-guedes_mcamgo_abr_220720211818-6-scaled.jpg\",\"datePublished\":\"2022-10-27T03:09:03+00:00\",\"dateModified\":\"2022-10-27T06:47:46+00:00\",\"description\":\"Entrevista com Paulo Guedes ser\u00e1 transmitida ao vivo nesta quinta-feira (27) \u00e0s 10h da manh\u00e3. Clique e confira!\",\"breadcrumb\":{\"@id\":\"https:\/\/www.suno.com.br\/noticias\/paulo-guedes-entrevista-suno\/#breadcrumb\"},\"inLanguage\":\"pt-BR\",\"potentialAction\":[{\"@type\":\"ReadAction\",\"target\":[\"https:\/\/www.suno.com.br\/noticias\/paulo-guedes-entrevista-suno\/\"]}]},{\"@type\":\"ImageObject\",\"inLanguage\":\"pt-BR\",\"@id\":\"https:\/\/www.suno.com.br\/noticias\/paulo-guedes-entrevista-suno\/#primaryimage\",\"url\":\"https:\/\/files.sunoresearch.com.br\/n\/uploads\/2021\/10\/paulo-guedes_mcamgo_abr_220720211818-6-scaled.jpg\",\"contentUrl\":\"https:\/\/files.sunoresearch.com.br\/n\/uploads\/2021\/10\/paulo-guedes_mcamgo_abr_220720211818-6-scaled.jpg\",\"width\":2560,\"height\":1707,\"caption\":\"Paulo Guedes Foto: Marcelo Camargo\/Ag\u00eancia Brasil\"},{\"@type\":\"BreadcrumbList\",\"@id\":\"https:\/\/www.suno.com.br\/noticias\/paulo-guedes-entrevista-suno\/#breadcrumb\",\"itemListElement\":[{\"@type\":\"ListItem\",\"position\":1,\"name\":\"Not\u00edcias\",\"item\":\"https:\/\/www.suno.com.br\/noticias\/\"},{\"@type\":\"ListItem\",\"position\":2,\"name\":\"Pol\u00edtica\",\"item\":\"https:\/\/www.suno.com.br\/noticias\/politica\/\"},{\"@type\":\"ListItem\",\"position\":3,\"name\":\"Suno entrevista Paulo Guedes nesta quinta (27) de manh\u00e3, com transmiss\u00e3o ao vivo\"}]},{\"@type\":\"WebSite\",\"@id\":\"https:\/\/www.suno.com.br\/noticias\/#website\",\"url\":\"https:\/\/www.suno.com.br\/noticias\/\",\"name\":\"Suno Not\u00edcias\",\"description\":\"Seu portal de informa\u00e7\u00e3o sobre o mundo dos investimentos\",\"publisher\":{\"@id\":\"https:\/\/www.suno.com.br\/noticias\/#organization\"},\"potentialAction\":[{\"@type\":\"SearchAction\",\"target\":{\"@type\":\"EntryPoint\",\"urlTemplate\":\"https:\/\/www.suno.com.br\/noticias\/?s={search_term_string}\"},\"query-input\":{\"@type\":\"PropertyValueSpecification\",\"valueRequired\":true,\"valueName\":\"search_term_string\"}}],\"inLanguage\":\"pt-BR\"},{\"@type\":\"Organization\",\"@id\":\"https:\/\/www.suno.com.br\/noticias\/#organization\",\"name\":\"Suno Not\u00edcias\",\"url\":\"https:\/\/www.suno.com.br\/noticias\/\",\"logo\":{\"@type\":\"ImageObject\",\"inLanguage\":\"pt-BR\",\"@id\":\"https:\/\/www.suno.com.br\/noticias\/#\/schema\/logo\/image\/\",\"url\":\"https:\/\/files.sunoresearch.com.br\/n\/uploads\/2021\/09\/suno-logo.png\",\"contentUrl\":\"https:\/\/files.sunoresearch.com.br\/n\/uploads\/2021\/09\/suno-logo.png\",\"width\":180,\"height\":180,\"caption\":\"Suno Not\u00edcias\"},\"image\":{\"@id\":\"https:\/\/www.suno.com.br\/noticias\/#\/schema\/logo\/image\/\"},\"sameAs\":[\"https:\/\/facebook.com\/sunoresearch\",\"https:\/\/x.com\/sunoresearch\",\"https:\/\/www.instagram.com\/suno\",\"https:\/\/www.linkedin.com\/company\/suno-research\/\",\"https:\/\/www.youtube.com\/c\/sunoresearch\"]},{\"@type\":\"Person\",\"@id\":\"https:\/\/www.suno.com.br\/noticias\/#\/schema\/person\/7f4d362bf3518e76090143ae77bb49a5\",\"name\":\"Eduardo Vargas\",\"image\":{\"@type\":\"ImageObject\",\"inLanguage\":\"pt-BR\",\"@id\":\"https:\/\/www.suno.com.br\/noticias\/#\/schema\/person\/image\/\",\"url\":\"https:\/\/secure.gravatar.com\/avatar\/dac340933427a22924c9f99d1eb2e3f2?s=96&r=g\",\"contentUrl\":\"https:\/\/secure.gravatar.com\/avatar\/dac340933427a22924c9f99d1eb2e3f2?s=96&r=g\",\"caption\":\"Eduardo Vargas\"},\"description\":\"Jornalista formado pela UFSC, cobre macroeconomia, neg\u00f3cios e startups para o Suno Not\u00edcias, escrevendo principalmente not\u00edcias sobre o mercado financeiro e a bolsa de valores. No YouTube e no Instagram, \u00e9 respons\u00e1vel pela produ\u00e7\u00e3o de Reels e Shorts do Suno Not\u00edcias. Anteriormente, trabalhou cobrindo economia e cotidiano no ND+ e para o ND, maior jornal impresso de Santa Catarina. Cursou um semestre letivo de Estudos de M\u00eddia na Universidad de Buenos Aires.\",\"url\":\"https:\/\/www.suno.com.br\/noticias\/author\/eduardo-vargas\/\"}]}<\/script>\n<!-- \/ Yoast SEO plugin. -->","yoast_head_json":{"title":"Suno entrevista Paulo Guedes nesta quinta (27) de manh\u00e3","description":"Entrevista com Paulo Guedes ser\u00e1 transmitida ao vivo nesta quinta-feira (27) \u00e0s 10h da manh\u00e3. Clique e confira!","robots":{"index":"index","follow":"follow","max-snippet":"max-snippet:-1","max-image-preview":"max-image-preview:large","max-video-preview":"max-video-preview:-1"},"canonical":"https:\/\/www.suno.com.br\/noticias\/paulo-guedes-entrevista-suno\/","og_locale":"pt_BR","og_type":"article","og_title":"Suno entrevista Paulo Guedes nesta quinta (27) de manh\u00e3","og_description":"Entrevista com Paulo Guedes ser\u00e1 transmitida ao vivo nesta quinta-feira (27) \u00e0s 10h da manh\u00e3. Clique e confira!","og_url":"https:\/\/www.suno.com.br\/noticias\/paulo-guedes-entrevista-suno\/","og_site_name":"Suno Not\u00edcias","article_publisher":"https:\/\/facebook.com\/sunoresearch","og_image":[{"width":2560,"height":1707,"url":"https:\/\/files.sunoresearch.com.br\/n\/uploads\/2021\/10\/paulo-guedes_mcamgo_abr_220720211818-6-scaled.jpg","type":"image\/jpeg"}],"author":"Eduardo Vargas","twitter_card":"summary_large_image","twitter_creator":"@sunoresearch","twitter_site":"@sunoresearch","twitter_misc":{"Escrito por":"Eduardo Vargas","Est. tempo de leitura":"3 minutos"},"schema":{"@context":"https:\/\/schema.org","@graph":[{"@type":"NewsArticle","@id":"https:\/\/www.suno.com.br\/noticias\/paulo-guedes-entrevista-suno\/#article","isPartOf":{"@id":"https:\/\/www.suno.com.br\/noticias\/paulo-guedes-entrevista-suno\/"},"author":{"name":"Eduardo Vargas","@id":"https:\/\/www.suno.com.br\/noticias\/#\/schema\/person\/7f4d362bf3518e76090143ae77bb49a5"},"headline":"Suno entrevista Paulo Guedes nesta quinta (27) de manh\u00e3, com transmiss\u00e3o ao vivo","datePublished":"2022-10-27T03:09:03+00:00","dateModified":"2022-10-27T06:47:46+00:00","mainEntityOfPage":{"@id":"https:\/\/www.suno.com.br\/noticias\/paulo-guedes-entrevista-suno\/"},"wordCount":469,"publisher":{"@id":"https:\/\/www.suno.com.br\/noticias\/#organization"},"image":{"@id":"https:\/\/www.suno.com.br\/noticias\/paulo-guedes-entrevista-suno\/#primaryimage"},"thumbnailUrl":"https:\/\/files.sunoresearch.com.br\/n\/uploads\/2021\/10\/paulo-guedes_mcamgo_abr_220720211818-6-scaled.jpg","keywords":["Paulo Guedes"],"articleSection":["Pol\u00edtica"],"inLanguage":"pt-BR"},{"@type":"WebPage","@id":"https:\/\/www.suno.com.br\/noticias\/paulo-guedes-entrevista-suno\/","url":"https:\/\/www.suno.com.br\/noticias\/paulo-guedes-entrevista-suno\/","name":"Suno entrevista Paulo Guedes nesta quinta (27) de manh\u00e3","isPartOf":{"@id":"https:\/\/www.suno.com.br\/noticias\/#website"},"primaryImageOfPage":{"@id":"https:\/\/www.suno.com.br\/noticias\/paulo-guedes-entrevista-suno\/#primaryimage"},"image":{"@id":"https:\/\/www.suno.com.br\/noticias\/paulo-guedes-entrevista-suno\/#primaryimage"},"thumbnailUrl":"https:\/\/files.sunoresearch.com.br\/n\/uploads\/2021\/10\/paulo-guedes_mcamgo_abr_220720211818-6-scaled.jpg","datePublished":"2022-10-27T03:09:03+00:00","dateModified":"2022-10-27T06:47:46+00:00","description":"Entrevista com Paulo Guedes ser\u00e1 transmitida ao vivo nesta quinta-feira (27) \u00e0s 10h da manh\u00e3. Clique e confira!","breadcrumb":{"@id":"https:\/\/www.suno.com.br\/noticias\/paulo-guedes-entrevista-suno\/#breadcrumb"},"inLanguage":"pt-BR","potentialAction":[{"@type":"ReadAction","target":["https:\/\/www.suno.com.br\/noticias\/paulo-guedes-entrevista-suno\/"]}]},{"@type":"ImageObject","inLanguage":"pt-BR","@id":"https:\/\/www.suno.com.br\/noticias\/paulo-guedes-entrevista-suno\/#primaryimage","url":"https:\/\/files.sunoresearch.com.br\/n\/uploads\/2021\/10\/paulo-guedes_mcamgo_abr_220720211818-6-scaled.jpg","contentUrl":"https:\/\/files.sunoresearch.com.br\/n\/uploads\/2021\/10\/paulo-guedes_mcamgo_abr_220720211818-6-scaled.jpg","width":2560,"height":1707,"caption":"Paulo Guedes Foto: Marcelo Camargo\/Ag\u00eancia Brasil"},{"@type":"BreadcrumbList","@id":"https:\/\/www.suno.com.br\/noticias\/paulo-guedes-entrevista-suno\/#breadcrumb","itemListElement":[{"@type":"ListItem","position":1,"name":"Not\u00edcias","item":"https:\/\/www.suno.com.br\/noticias\/"},{"@type":"ListItem","position":2,"name":"Pol\u00edtica","item":"https:\/\/www.suno.com.br\/noticias\/politica\/"},{"@type":"ListItem","position":3,"name":"Suno entrevista Paulo Guedes nesta quinta (27) de manh\u00e3, com transmiss\u00e3o ao vivo"}]},{"@type":"WebSite","@id":"https:\/\/www.suno.com.br\/noticias\/#website","url":"https:\/\/www.suno.com.br\/noticias\/","name":"Suno Not\u00edcias","description":"Seu portal de informa\u00e7\u00e3o sobre o mundo dos investimentos","publisher":{"@id":"https:\/\/www.suno.com.br\/noticias\/#organization"},"potentialAction":[{"@type":"SearchAction","target":{"@type":"EntryPoint","urlTemplate":"https:\/\/www.suno.com.br\/noticias\/?s={search_term_string}"},"query-input":{"@type":"PropertyValueSpecification","valueRequired":true,"valueName":"search_term_string"}}],"inLanguage":"pt-BR"},{"@type":"Organization","@id":"https:\/\/www.suno.com.br\/noticias\/#organization","name":"Suno Not\u00edcias","url":"https:\/\/www.suno.com.br\/noticias\/","logo":{"@type":"ImageObject","inLanguage":"pt-BR","@id":"https:\/\/www.suno.com.br\/noticias\/#\/schema\/logo\/image\/","url":"https:\/\/files.sunoresearch.com.br\/n\/uploads\/2021\/09\/suno-logo.png","contentUrl":"https:\/\/files.sunoresearch.com.br\/n\/uploads\/2021\/09\/suno-logo.png","width":180,"height":180,"caption":"Suno Not\u00edcias"},"image":{"@id":"https:\/\/www.suno.com.br\/noticias\/#\/schema\/logo\/image\/"},"sameAs":["https:\/\/facebook.com\/sunoresearch","https:\/\/x.com\/sunoresearch","https:\/\/www.instagram.com\/suno","https:\/\/www.linkedin.com\/company\/suno-research\/","https:\/\/www.youtube.com\/c\/sunoresearch"]},{"@type":"Person","@id":"https:\/\/www.suno.com.br\/noticias\/#\/schema\/person\/7f4d362bf3518e76090143ae77bb49a5","name":"Eduardo Vargas","image":{"@type":"ImageObject","inLanguage":"pt-BR","@id":"https:\/\/www.suno.com.br\/noticias\/#\/schema\/person\/image\/","url":"https:\/\/secure.gravatar.com\/avatar\/dac340933427a22924c9f99d1eb2e3f2?s=96&r=g","contentUrl":"https:\/\/secure.gravatar.com\/avatar\/dac340933427a22924c9f99d1eb2e3f2?s=96&r=g","caption":"Eduardo Vargas"},"description":"Jornalista formado pela UFSC, cobre macroeconomia, neg\u00f3cios e startups para o Suno Not\u00edcias, escrevendo principalmente not\u00edcias sobre o mercado financeiro e a bolsa de valores. No YouTube e no Instagram, \u00e9 respons\u00e1vel pela produ\u00e7\u00e3o de Reels e Shorts do Suno Not\u00edcias. Anteriormente, trabalhou cobrindo economia e cotidiano no ND+ e para o ND, maior jornal impresso de Santa Catarina. Cursou um semestre letivo de Estudos de M\u00eddia na Universidad de Buenos Aires.","url":"https:\/\/www.suno.com.br\/noticias\/author\/eduardo-vargas\/"}]}},"default_loop_html":"<div class=\"cardsPage__listCard__boxs\"><div class=\"cardsPage__listCard__boxs__img\"><a href=\"https:\/\/www.suno.com.br\/noticias\/paulo-guedes-entrevista-suno\/\"><img class=\"mask\" src=\"https:\/\/www.suno.com.br\/noticias\/wp-content\/themes\/suno\/resources\/images\/spotlight\/spotlight1img\/bg-mask.png\" alt=\"Image Mask\"\/><img src=\"https:\/\/files.sunoresearch.com.br\/n\/uploads\/2021\/10\/paulo-guedes_mcamgo_abr_220720211818-6-400x200.jpg\" alt=\"Suno entrevista Paulo Guedes nesta quinta (27) de manh\u00e3, com transmiss\u00e3o ao vivo\"\/><\/a><span class=\"spotlightCategory\"><a href=\"https:\/\/www.suno.com.br\/noticias\/politica\/\">Pol\u00edtica<\/a><\/span><\/div><div class=\"cardsPage__listCard__boxs__content\"><a href=\"https:\/\/www.suno.com.br\/noticias\/paulo-guedes-entrevista-suno\/\"><h2 class=\"content__title\">Suno entrevista Paulo Guedes nesta quinta (27) de manh\u00e3, com transmiss\u00e3o ao vivo<\/h2><\/a><div class=\"newsContent__article__meta\"><div class=\"newsContent__article__meta__authorBox\"><a href=\"https:\/\/www.suno.com.br\/noticias\/author\/eduardo-vargas\/\" class=\"authorBox__avatar noMobi\"><img src=\"https:\/\/secure.gravatar.com\/avatar\/dac340933427a22924c9f99d1eb2e3f2?s=96&#038;r=g\" alt=\"Eduardo Vargas\"><\/a><div class=\"authorBox__name\"><span>por\n\t\t\t<a href=\"https:\/\/www.suno.com.br\/noticias\/author\/eduardo-vargas\/\"><span itemprop=\"author\">Eduardo Vargas<\/span><\/a><\/span><time datetime=\"2022-10-27T00:09:03-03:00\" itemprop=\"datePublished\">27\/10\/2022 00:09<\/time><\/div><\/div><\/div><\/div><\/div>","single_layout":"posts","amp_enabled":true,"_links":{"self":[{"href":"https:\/\/www.suno.com.br\/noticias\/wp-json\/wp\/v2\/posts\/312037"}],"collection":[{"href":"https:\/\/www.suno.com.br\/noticias\/wp-json\/wp\/v2\/posts"}],"about":[{"href":"https:\/\/www.suno.com.br\/noticias\/wp-json\/wp\/v2\/types\/post"}],"author":[{"embeddable":true,"href":"https:\/\/www.suno.com.br\/noticias\/wp-json\/wp\/v2\/users\/73"}],"replies":[{"embeddable":true,"href":"https:\/\/www.suno.com.br\/noticias\/wp-json\/wp\/v2\/comments?post=312037"}],"version-history":[{"count":3,"href":"https:\/\/www.suno.com.br\/noticias\/wp-json\/wp\/v2\/posts\/312037\/revisions"}],"predecessor-version":[{"id":312259,"href":"https:\/\/www.suno.com.br\/noticias\/wp-json\/wp\/v2\/posts\/312037\/revisions\/312259"}],"wp:featuredmedia":[{"embeddable":true,"href":"https:\/\/www.suno.com.br\/noticias\/wp-json\/wp\/v2\/media\/191218"}],"wp:attachment":[{"href":"https:\/\/www.suno.com.br\/noticias\/wp-json\/wp\/v2\/media?parent=312037"}],"wp:term":[{"taxonomy":"category","embeddable":true,"href":"https:\/\/www.suno.com.br\/noticias\/wp-json\/wp\/v2\/categories?post=312037"},{"taxonomy":"post_tag","embeddable":true,"href":"https:\/\/www.suno.com.br\/noticias\/wp-json\/wp\/v2\/tags?post=312037"},{"taxonomy":"suno_strategy","embeddable":true,"href":"https:\/\/www.suno.com.br\/noticias\/wp-json\/wp\/v2\/suno_strategy?post=312037"}],"curies":[{"name":"wp","href":"https:\/\/api.w.org\/{rel}","templated":true}]}}