{"id":311966,"date":"2022-10-26T16:18:43","date_gmt":"2022-10-26T19:18:43","guid":{"rendered":"https:\/\/www.suno.com.br\/noticias\/?p=311966"},"modified":"2022-10-26T16:18:43","modified_gmt":"2022-10-26T19:18:43","slug":"alliar-aalr3-novo-cfo","status":"publish","type":"post","link":"https:\/\/www.suno.com.br\/noticias\/alliar-aalr3-novo-cfo\/","title":{"rendered":"Alliar (AALR3): novo CFO pretende focar em crescimento com fus\u00f5es e aquisi\u00e7\u00f5es, diz site"},"content":{"rendered":"<p>Na ter\u00e7a-feira (25) a <a class=\"suno-keyword\" href=\"https:\/\/www.suno.com.br\/acoes\/AALR3\/\" target=\"_blank\" rel=\"noopener\" data-force=\"yes\" data-priority=\"2\"><strong>Alliar<\/strong> (AALR3)<\/a> anunciou a contrata\u00e7\u00e3o de Pedro Apar\u00edcio como novo CFO, ou diretor financeiro da companhia. As informa\u00e7\u00f5es s\u00e3o do Brazil Journal.<\/p>\t<div class=\"wrapper-featured-image\">\n\t\t<figure class=\"spotlightImg\">\n\n\t\t\t<picture>\n\t\t\t\t<source media=\"(max-width: 768px)\" srcset=\"https:\/\/files.sunoresearch.com.br\/n\/uploads\/2022\/03\/alliar-foto-divulgacao-400x200.jpg\">\n\t\t\t\t<img loading=\"lazy\" decoding=\"async\" class=\"newsContent__article__imgCapa lazyloadDisabled \" src=\"https:\/\/files.sunoresearch.com.br\/n\/uploads\/2022\/03\/alliar-foto-divulgacao-800x450.jpg\" width=\"800\" height=\"450\" alt=\"Alliar (AALR3): novo CFO pretende focar em crescimento com fus\u00f5es e aquisi\u00e7\u00f5es, diz site\" fetchpriority=high \/>\n\t\t\t<\/picture>\n\n\t\t\t<figcaption class=\"wp-caption-text wp-caption-text--show\">Alliar. Foto: Divulga\u00e7\u00e3o<\/figcaption>\n\t\t<\/figure>\n\t<\/div>\n\n\n\t<p>\n\t\t<a href=\"https:\/\/lp.suno.com.br\/planilha-controle-gastos\/\" target=\"_blank\" data-element=\"shortcode-suno-banner\" title=\"Banner SUNO, clique e saiba mais\">\n\t\t\t<picture>\n\t\t\t\t<source media=\"(max-width: 500px)\" srcset=\"https:\/\/files.sunoresearch.com.br\/n\/uploads\/2023\/03\/400x300-Planilha-controle-de-gastos.png\">\n\t\t\t\t<img class=\"newsContent__article__imgCapa newsContent__article__imgCapa--banner\"\n\t\t\t\t\tsrc=\"https:\/\/files.sunoresearch.com.br\/n\/uploads\/2023\/03\/1420x240-Planilha-controle-de-gastos.png\"\n\t\t\t\t\tdata-promo-id=\"311945\"\t\t\t\t\t\t\t\t\t\twidth='1420' height='240'\t\t\t\t\talt=\"https:\/\/files.sunoresearch.com.br\/n\/uploads\/2023\/03\/1420x240-Planilha-controle-de-gastos.png\"\n\t\t\t\t>\n\t\t\t<\/picture>\n\t\t<\/a>\n\t<\/p>\n\n\n<p><strong>Pedro Apar\u00edcio<\/strong> vai substituir Karla Maciel Dolabella, que renunciou ao cargo recentemente ap\u00f3s dois anos no Grupo Alliar, diz o jornal.<\/p>\n<p>O novo <strong>CFO da Alliar<\/strong>, empresa agora sob o <a href=\"https:\/\/www.suno.com.br\/noticias\/alliar-aalr3-novo-ceo-mira-fusoes-aquisicoes\/\">controle do empres\u00e1rio Nelson Tanure<\/a>,\u00a0trabalhou na <a class=\"suno-keyword\" href=\"https:\/\/www.suno.com.br\/acoes\/raiz4\/\" target=\"_blank\" rel=\"noopener\" data-force=\"yes\" data-priority=\"1\">Ra\u00edzen (RAIZ4)<\/a> por cinco anos como gerente financeiro e na <a class=\"suno-keyword\" href=\"https:\/\/www.suno.com.br\/acoes\/CVCB3\/\" target=\"_blank\" rel=\"noopener\" data-force=\"yes\" data-priority=\"2\">CVC (CVCB3)<\/a> como diretor financeiro, RI e M&amp;As (<a class=\"suno-keyword\" href=\"https:\/\/www.suno.com.br\/artigos\/fusoes-aquisicoes\/\" target=\"_blank\" rel=\"noopener\" data-force=\"no\" data-priority=\"1\">fus\u00f5es e aquisi\u00e7\u00f5es<\/a>) por 4 anos.<\/p>\n<p>Ap\u00f3s sair da CVC, desde 2020 Apar\u00edcio vinha trabalhando na Gramado Park, companhia privada que opera hot\u00e9is, parques, restaurantes e empreendimentos residenciais.<\/p>\n<p>Ao jornal, Apar\u00edcio disse que seu objetivo \u00e9 montar um time novo, com bagagens dentro e fora do setor de sa\u00fade, para construir novos modelos de neg\u00f3cio na Alliar.<\/p>\n<p>Na Ra\u00edzen e na CVC, Apar\u00edcio auxiliou na capta\u00e7\u00e3o de d\u00edvidas por meio da emiss\u00e3o de deb\u00eantures, reperfilamento de d\u00edvidas e desenvolvimento de novos neg\u00f3cios, por exemplo.<\/p>\n<p>Na semana passada, a Alliar emitiu deb\u00eantures de R$ 400 milh\u00f5es.<\/p>\n<p>Apar\u00edcio disse ao Brazil Journal que a &#8220;companhia est\u00e1 olhando de maneira bem mais profunda para a quest\u00e3o do endividamento, e que tamb\u00e9m ir\u00e1 focar no crescimento org\u00e2nico por fus\u00f5es e aquisi\u00e7\u00f5es e na melhoria da experi\u00eancia do cliente e do servi\u00e7o.&#8221;<\/p>\n<p>Em julho deste ano, Pedro Thompson foi recrutado para ser o novo CEO da Alliar.<\/p>\n<p>O curr\u00edculo de Pedro Thompson inclui quatro anos no <a class=\"suno-keyword\" href=\"https:\/\/www.suno.com.br\/artigos\/private-equity\/\" target=\"_blank\" rel=\"noopener\" data-force=\"no\" data-priority=\"1\">private equity<\/a> da <a class=\"suno-keyword\" href=\"https:\/\/www.suno.com.br\/acoes\/BPAC11\/\" target=\"_blank\" rel=\"noopener\" data-force=\"yes\" data-priority=\"2\">BTG Pactual (BPAC11)<\/a>, al\u00e9m do comando da Est\u00e1cio, da Exame e da ag\u00eancia online de viagens Hurb.<\/p>\n<p>Fontes do Brazil Journal afirmam que o novo CEO pretende buscar crescimento tanto de forma org\u00e2nica quanto com uma agenda mais agressiva de fus\u00f5es e aquisi\u00e7\u00f5es, o que deve envolver tanto laborat\u00f3rios menores quanto empresas de tecnologia e novos neg\u00f3cios.<\/p>\n<h2><strong>Cota\u00e7\u00e3o da Alliar<\/strong><\/h2>\n<p>As a\u00e7\u00f5es da <strong>Alliar<\/strong> ca\u00edam 1,39% \u00e0s 16h15 desta quarta-feira (26), cotadas a R$ 20,57.<\/p>\n\t<p>\n\t\t<a href=\"https:\/\/lp.suno.com.br\/ebook-como-analisar-uma-acao\/\" target=\"_blank\" data-element=\"shortcode-suno-banner\" title=\"Banner SUNO, clique e saiba mais\">\n\t\t\t<picture>\n\t\t\t\t<source media=\"(max-width: 500px)\" srcset=\"https:\/\/files.sunoresearch.com.br\/n\/uploads\/2023\/03\/Ebook-Acoes-Mobile.jpg\">\n\t\t\t\t<img class=\"newsContent__article__imgCapa newsContent__article__imgCapa--banner\"\n\t\t\t\t\tsrc=\"https:\/\/files.sunoresearch.com.br\/n\/uploads\/2023\/03\/Ebook-Acoes-Desktop.jpg\"\n\t\t\t\t\tdata-promo-id=\"311946\"\t\t\t\t\t\t\t\t\t\twidth='1420' height='286'\t\t\t\t\talt=\"https:\/\/files.sunoresearch.com.br\/n\/uploads\/2023\/03\/Ebook-Acoes-Desktop.jpg\"\n\t\t\t\t>\n\t\t\t<\/picture>\n\t\t<\/a>\n\t<\/p>\n\n\n","protected":false},"excerpt":{"rendered":"<p>Na ter\u00e7a-feira (25) a Alliar (AALR3) anunciou a contrata\u00e7\u00e3o de Pedro Apar\u00edcio como novo CFO, ou diretor financeiro da companhia. As informa\u00e7\u00f5es s\u00e3o do Brazil Journal. Alliar. Foto: Divulga\u00e7\u00e3o Pedro Apar\u00edcio vai substituir Karla Maciel Dolabella, que renunciou ao cargo recentemente ap\u00f3s dois anos no Grupo Alliar, diz o jornal. O novo CFO da Alliar, [&hellip;]<\/p>\n","protected":false},"author":195,"featured_media":246526,"comment_status":"closed","ping_status":"closed","sticky":false,"template":"","format":"standard","meta":[],"categories":[64],"tags":[92617],"suno_strategy":[],"class_list":["post-311966","post","type-post","status-publish","format-standard","has-post-thumbnail","hentry","category-negocios","tag-alliar-aalr3"],"yoast_head":"<!-- This site is optimized with the Yoast SEO plugin v24.4 - https:\/\/yoast.com\/wordpress\/plugins\/seo\/ -->\n<title>Alliar (AALR3): novo CFO pretende focar em fus\u00f5es e aquisi\u00e7\u00f5es<\/title>\n<meta name=\"description\" content=\"Na ter\u00e7a-feira (25) foi divulgado que a Alliar (AALR3) contratou Pedro Apar\u00edcio como novo CFO, ou diretor financeiro da companhia.\" \/>\n<meta name=\"robots\" content=\"index, follow, max-snippet:-1, max-image-preview:large, max-video-preview:-1\" \/>\n<link rel=\"canonical\" href=\"https:\/\/www.suno.com.br\/noticias\/alliar-aalr3-novo-cfo\/\" \/>\n<meta property=\"og:locale\" content=\"pt_BR\" \/>\n<meta property=\"og:type\" content=\"article\" \/>\n<meta property=\"og:title\" content=\"Alliar (AALR3): novo CFO pretende focar em fus\u00f5es e aquisi\u00e7\u00f5es\" \/>\n<meta property=\"og:description\" content=\"Na ter\u00e7a-feira (25) foi divulgado que a Alliar (AALR3) contratou Pedro Apar\u00edcio como novo CFO, ou diretor financeiro da companhia.\" \/>\n<meta property=\"og:url\" content=\"https:\/\/www.suno.com.br\/noticias\/alliar-aalr3-novo-cfo\/\" \/>\n<meta property=\"og:site_name\" content=\"Suno Not\u00edcias\" \/>\n<meta property=\"article:publisher\" content=\"https:\/\/facebook.com\/sunoresearch\" \/>\n<meta property=\"og:image\" content=\"https:\/\/files.sunoresearch.com.br\/n\/uploads\/2022\/03\/alliar-foto-divulgacao.jpg\" \/>\n\t<meta property=\"og:image:width\" content=\"1200\" \/>\n\t<meta property=\"og:image:height\" content=\"851\" \/>\n\t<meta property=\"og:image:type\" content=\"image\/jpeg\" \/>\n<meta name=\"author\" content=\"Ana Clara Macedo\" \/>\n<meta name=\"twitter:card\" content=\"summary_large_image\" \/>\n<meta name=\"twitter:creator\" content=\"@sunoresearch\" \/>\n<meta name=\"twitter:site\" content=\"@sunoresearch\" \/>\n<meta name=\"twitter:label1\" content=\"Escrito por\" \/>\n\t<meta name=\"twitter:data1\" content=\"Ana Clara Macedo\" \/>\n\t<meta name=\"twitter:label2\" content=\"Est. tempo de leitura\" \/>\n\t<meta name=\"twitter:data2\" content=\"2 minutos\" \/>\n<script type=\"application\/ld+json\" class=\"yoast-schema-graph\">{\"@context\":\"https:\/\/schema.org\",\"@graph\":[{\"@type\":\"NewsArticle\",\"@id\":\"https:\/\/www.suno.com.br\/noticias\/alliar-aalr3-novo-cfo\/#article\",\"isPartOf\":{\"@id\":\"https:\/\/www.suno.com.br\/noticias\/alliar-aalr3-novo-cfo\/\"},\"author\":{\"name\":\"Ana Clara Macedo\",\"@id\":\"https:\/\/www.suno.com.br\/noticias\/#\/schema\/person\/a70f3c52ef8c814d62ed63b30bb30176\"},\"headline\":\"Alliar (AALR3): novo CFO pretende focar em crescimento com fus\u00f5es e aquisi\u00e7\u00f5es, diz site\",\"datePublished\":\"2022-10-26T19:18:43+00:00\",\"mainEntityOfPage\":{\"@id\":\"https:\/\/www.suno.com.br\/noticias\/alliar-aalr3-novo-cfo\/\"},\"wordCount\":383,\"publisher\":{\"@id\":\"https:\/\/www.suno.com.br\/noticias\/#organization\"},\"image\":{\"@id\":\"https:\/\/www.suno.com.br\/noticias\/alliar-aalr3-novo-cfo\/#primaryimage\"},\"thumbnailUrl\":\"https:\/\/files.sunoresearch.com.br\/n\/uploads\/2022\/03\/alliar-foto-divulgacao.jpg\",\"keywords\":[\"Alliar (AALR3)\"],\"articleSection\":[\"Neg\u00f3cios\"],\"inLanguage\":\"pt-BR\"},{\"@type\":\"WebPage\",\"@id\":\"https:\/\/www.suno.com.br\/noticias\/alliar-aalr3-novo-cfo\/\",\"url\":\"https:\/\/www.suno.com.br\/noticias\/alliar-aalr3-novo-cfo\/\",\"name\":\"Alliar (AALR3): novo CFO pretende focar em fus\u00f5es e aquisi\u00e7\u00f5es\",\"isPartOf\":{\"@id\":\"https:\/\/www.suno.com.br\/noticias\/#website\"},\"primaryImageOfPage\":{\"@id\":\"https:\/\/www.suno.com.br\/noticias\/alliar-aalr3-novo-cfo\/#primaryimage\"},\"image\":{\"@id\":\"https:\/\/www.suno.com.br\/noticias\/alliar-aalr3-novo-cfo\/#primaryimage\"},\"thumbnailUrl\":\"https:\/\/files.sunoresearch.com.br\/n\/uploads\/2022\/03\/alliar-foto-divulgacao.jpg\",\"datePublished\":\"2022-10-26T19:18:43+00:00\",\"description\":\"Na ter\u00e7a-feira (25) foi divulgado que a Alliar (AALR3) contratou Pedro Apar\u00edcio como novo CFO, ou diretor financeiro da companhia.\",\"breadcrumb\":{\"@id\":\"https:\/\/www.suno.com.br\/noticias\/alliar-aalr3-novo-cfo\/#breadcrumb\"},\"inLanguage\":\"pt-BR\",\"potentialAction\":[{\"@type\":\"ReadAction\",\"target\":[\"https:\/\/www.suno.com.br\/noticias\/alliar-aalr3-novo-cfo\/\"]}]},{\"@type\":\"ImageObject\",\"inLanguage\":\"pt-BR\",\"@id\":\"https:\/\/www.suno.com.br\/noticias\/alliar-aalr3-novo-cfo\/#primaryimage\",\"url\":\"https:\/\/files.sunoresearch.com.br\/n\/uploads\/2022\/03\/alliar-foto-divulgacao.jpg\",\"contentUrl\":\"https:\/\/files.sunoresearch.com.br\/n\/uploads\/2022\/03\/alliar-foto-divulgacao.jpg\",\"width\":1200,\"height\":851,\"caption\":\"Alliar. Foto: Divulga\u00e7\u00e3o\"},{\"@type\":\"BreadcrumbList\",\"@id\":\"https:\/\/www.suno.com.br\/noticias\/alliar-aalr3-novo-cfo\/#breadcrumb\",\"itemListElement\":[{\"@type\":\"ListItem\",\"position\":1,\"name\":\"Not\u00edcias\",\"item\":\"https:\/\/www.suno.com.br\/noticias\/\"},{\"@type\":\"ListItem\",\"position\":2,\"name\":\"Neg\u00f3cios\",\"item\":\"https:\/\/www.suno.com.br\/noticias\/negocios\/\"},{\"@type\":\"ListItem\",\"position\":3,\"name\":\"Alliar (AALR3): novo CFO pretende focar em crescimento com fus\u00f5es e aquisi\u00e7\u00f5es, diz site\"}]},{\"@type\":\"WebSite\",\"@id\":\"https:\/\/www.suno.com.br\/noticias\/#website\",\"url\":\"https:\/\/www.suno.com.br\/noticias\/\",\"name\":\"Suno Not\u00edcias\",\"description\":\"Seu portal de informa\u00e7\u00e3o sobre o mundo dos investimentos\",\"publisher\":{\"@id\":\"https:\/\/www.suno.com.br\/noticias\/#organization\"},\"potentialAction\":[{\"@type\":\"SearchAction\",\"target\":{\"@type\":\"EntryPoint\",\"urlTemplate\":\"https:\/\/www.suno.com.br\/noticias\/?s={search_term_string}\"},\"query-input\":{\"@type\":\"PropertyValueSpecification\",\"valueRequired\":true,\"valueName\":\"search_term_string\"}}],\"inLanguage\":\"pt-BR\"},{\"@type\":\"Organization\",\"@id\":\"https:\/\/www.suno.com.br\/noticias\/#organization\",\"name\":\"Suno Not\u00edcias\",\"url\":\"https:\/\/www.suno.com.br\/noticias\/\",\"logo\":{\"@type\":\"ImageObject\",\"inLanguage\":\"pt-BR\",\"@id\":\"https:\/\/www.suno.com.br\/noticias\/#\/schema\/logo\/image\/\",\"url\":\"https:\/\/files.sunoresearch.com.br\/n\/uploads\/2021\/09\/suno-logo.png\",\"contentUrl\":\"https:\/\/files.sunoresearch.com.br\/n\/uploads\/2021\/09\/suno-logo.png\",\"width\":180,\"height\":180,\"caption\":\"Suno Not\u00edcias\"},\"image\":{\"@id\":\"https:\/\/www.suno.com.br\/noticias\/#\/schema\/logo\/image\/\"},\"sameAs\":[\"https:\/\/facebook.com\/sunoresearch\",\"https:\/\/x.com\/sunoresearch\",\"https:\/\/www.instagram.com\/suno\",\"https:\/\/www.linkedin.com\/company\/suno-research\/\",\"https:\/\/www.youtube.com\/c\/sunoresearch\"]},{\"@type\":\"Person\",\"@id\":\"https:\/\/www.suno.com.br\/noticias\/#\/schema\/person\/a70f3c52ef8c814d62ed63b30bb30176\",\"name\":\"Ana Clara Macedo\",\"image\":{\"@type\":\"ImageObject\",\"inLanguage\":\"pt-BR\",\"@id\":\"https:\/\/www.suno.com.br\/noticias\/#\/schema\/person\/image\/\",\"url\":\"https:\/\/secure.gravatar.com\/avatar\/40810da86786bd5619f8cd594b0f44ef?s=96&r=g\",\"contentUrl\":\"https:\/\/secure.gravatar.com\/avatar\/40810da86786bd5619f8cd594b0f44ef?s=96&r=g\",\"caption\":\"Ana Clara Macedo\"},\"description\":\"Rep\u00f3rter no Suno Not\u00edcias, cobrindo acontecimentos sobre neg\u00f3cios, mercado financeiro e economia. Anteriormente trabalhou como Rep\u00f3rter no Mercado News e produziu relat\u00f3rios e artigos sobre empresas de capital aberto.\",\"url\":\"https:\/\/www.suno.com.br\/noticias\/author\/ana-clara-macedo\/\"}]}<\/script>\n<!-- \/ Yoast SEO plugin. -->","yoast_head_json":{"title":"Alliar (AALR3): novo CFO pretende focar em fus\u00f5es e aquisi\u00e7\u00f5es","description":"Na ter\u00e7a-feira (25) foi divulgado que a Alliar (AALR3) contratou Pedro Apar\u00edcio como novo CFO, ou diretor financeiro da companhia.","robots":{"index":"index","follow":"follow","max-snippet":"max-snippet:-1","max-image-preview":"max-image-preview:large","max-video-preview":"max-video-preview:-1"},"canonical":"https:\/\/www.suno.com.br\/noticias\/alliar-aalr3-novo-cfo\/","og_locale":"pt_BR","og_type":"article","og_title":"Alliar (AALR3): novo CFO pretende focar em fus\u00f5es e aquisi\u00e7\u00f5es","og_description":"Na ter\u00e7a-feira (25) foi divulgado que a Alliar (AALR3) contratou Pedro Apar\u00edcio como novo CFO, ou diretor financeiro da companhia.","og_url":"https:\/\/www.suno.com.br\/noticias\/alliar-aalr3-novo-cfo\/","og_site_name":"Suno Not\u00edcias","article_publisher":"https:\/\/facebook.com\/sunoresearch","og_image":[{"width":1200,"height":851,"url":"https:\/\/files.sunoresearch.com.br\/n\/uploads\/2022\/03\/alliar-foto-divulgacao.jpg","type":"image\/jpeg"}],"author":"Ana Clara Macedo","twitter_card":"summary_large_image","twitter_creator":"@sunoresearch","twitter_site":"@sunoresearch","twitter_misc":{"Escrito por":"Ana Clara Macedo","Est. tempo de leitura":"2 minutos"},"schema":{"@context":"https:\/\/schema.org","@graph":[{"@type":"NewsArticle","@id":"https:\/\/www.suno.com.br\/noticias\/alliar-aalr3-novo-cfo\/#article","isPartOf":{"@id":"https:\/\/www.suno.com.br\/noticias\/alliar-aalr3-novo-cfo\/"},"author":{"name":"Ana Clara Macedo","@id":"https:\/\/www.suno.com.br\/noticias\/#\/schema\/person\/a70f3c52ef8c814d62ed63b30bb30176"},"headline":"Alliar (AALR3): novo CFO pretende focar em crescimento com fus\u00f5es e aquisi\u00e7\u00f5es, diz site","datePublished":"2022-10-26T19:18:43+00:00","mainEntityOfPage":{"@id":"https:\/\/www.suno.com.br\/noticias\/alliar-aalr3-novo-cfo\/"},"wordCount":383,"publisher":{"@id":"https:\/\/www.suno.com.br\/noticias\/#organization"},"image":{"@id":"https:\/\/www.suno.com.br\/noticias\/alliar-aalr3-novo-cfo\/#primaryimage"},"thumbnailUrl":"https:\/\/files.sunoresearch.com.br\/n\/uploads\/2022\/03\/alliar-foto-divulgacao.jpg","keywords":["Alliar (AALR3)"],"articleSection":["Neg\u00f3cios"],"inLanguage":"pt-BR"},{"@type":"WebPage","@id":"https:\/\/www.suno.com.br\/noticias\/alliar-aalr3-novo-cfo\/","url":"https:\/\/www.suno.com.br\/noticias\/alliar-aalr3-novo-cfo\/","name":"Alliar (AALR3): novo CFO pretende focar em fus\u00f5es e aquisi\u00e7\u00f5es","isPartOf":{"@id":"https:\/\/www.suno.com.br\/noticias\/#website"},"primaryImageOfPage":{"@id":"https:\/\/www.suno.com.br\/noticias\/alliar-aalr3-novo-cfo\/#primaryimage"},"image":{"@id":"https:\/\/www.suno.com.br\/noticias\/alliar-aalr3-novo-cfo\/#primaryimage"},"thumbnailUrl":"https:\/\/files.sunoresearch.com.br\/n\/uploads\/2022\/03\/alliar-foto-divulgacao.jpg","datePublished":"2022-10-26T19:18:43+00:00","description":"Na ter\u00e7a-feira (25) foi divulgado que a Alliar (AALR3) contratou Pedro Apar\u00edcio como novo CFO, ou diretor financeiro da companhia.","breadcrumb":{"@id":"https:\/\/www.suno.com.br\/noticias\/alliar-aalr3-novo-cfo\/#breadcrumb"},"inLanguage":"pt-BR","potentialAction":[{"@type":"ReadAction","target":["https:\/\/www.suno.com.br\/noticias\/alliar-aalr3-novo-cfo\/"]}]},{"@type":"ImageObject","inLanguage":"pt-BR","@id":"https:\/\/www.suno.com.br\/noticias\/alliar-aalr3-novo-cfo\/#primaryimage","url":"https:\/\/files.sunoresearch.com.br\/n\/uploads\/2022\/03\/alliar-foto-divulgacao.jpg","contentUrl":"https:\/\/files.sunoresearch.com.br\/n\/uploads\/2022\/03\/alliar-foto-divulgacao.jpg","width":1200,"height":851,"caption":"Alliar. Foto: Divulga\u00e7\u00e3o"},{"@type":"BreadcrumbList","@id":"https:\/\/www.suno.com.br\/noticias\/alliar-aalr3-novo-cfo\/#breadcrumb","itemListElement":[{"@type":"ListItem","position":1,"name":"Not\u00edcias","item":"https:\/\/www.suno.com.br\/noticias\/"},{"@type":"ListItem","position":2,"name":"Neg\u00f3cios","item":"https:\/\/www.suno.com.br\/noticias\/negocios\/"},{"@type":"ListItem","position":3,"name":"Alliar (AALR3): novo CFO pretende focar em crescimento com fus\u00f5es e aquisi\u00e7\u00f5es, diz site"}]},{"@type":"WebSite","@id":"https:\/\/www.suno.com.br\/noticias\/#website","url":"https:\/\/www.suno.com.br\/noticias\/","name":"Suno Not\u00edcias","description":"Seu portal de informa\u00e7\u00e3o sobre o mundo dos investimentos","publisher":{"@id":"https:\/\/www.suno.com.br\/noticias\/#organization"},"potentialAction":[{"@type":"SearchAction","target":{"@type":"EntryPoint","urlTemplate":"https:\/\/www.suno.com.br\/noticias\/?s={search_term_string}"},"query-input":{"@type":"PropertyValueSpecification","valueRequired":true,"valueName":"search_term_string"}}],"inLanguage":"pt-BR"},{"@type":"Organization","@id":"https:\/\/www.suno.com.br\/noticias\/#organization","name":"Suno Not\u00edcias","url":"https:\/\/www.suno.com.br\/noticias\/","logo":{"@type":"ImageObject","inLanguage":"pt-BR","@id":"https:\/\/www.suno.com.br\/noticias\/#\/schema\/logo\/image\/","url":"https:\/\/files.sunoresearch.com.br\/n\/uploads\/2021\/09\/suno-logo.png","contentUrl":"https:\/\/files.sunoresearch.com.br\/n\/uploads\/2021\/09\/suno-logo.png","width":180,"height":180,"caption":"Suno Not\u00edcias"},"image":{"@id":"https:\/\/www.suno.com.br\/noticias\/#\/schema\/logo\/image\/"},"sameAs":["https:\/\/facebook.com\/sunoresearch","https:\/\/x.com\/sunoresearch","https:\/\/www.instagram.com\/suno","https:\/\/www.linkedin.com\/company\/suno-research\/","https:\/\/www.youtube.com\/c\/sunoresearch"]},{"@type":"Person","@id":"https:\/\/www.suno.com.br\/noticias\/#\/schema\/person\/a70f3c52ef8c814d62ed63b30bb30176","name":"Ana Clara Macedo","image":{"@type":"ImageObject","inLanguage":"pt-BR","@id":"https:\/\/www.suno.com.br\/noticias\/#\/schema\/person\/image\/","url":"https:\/\/secure.gravatar.com\/avatar\/40810da86786bd5619f8cd594b0f44ef?s=96&r=g","contentUrl":"https:\/\/secure.gravatar.com\/avatar\/40810da86786bd5619f8cd594b0f44ef?s=96&r=g","caption":"Ana Clara Macedo"},"description":"Rep\u00f3rter no Suno Not\u00edcias, cobrindo acontecimentos sobre neg\u00f3cios, mercado financeiro e economia. Anteriormente trabalhou como Rep\u00f3rter no Mercado News e produziu relat\u00f3rios e artigos sobre empresas de capital aberto.","url":"https:\/\/www.suno.com.br\/noticias\/author\/ana-clara-macedo\/"}]}},"default_loop_html":"<div class=\"cardsPage__listCard__boxs\"><div class=\"cardsPage__listCard__boxs__img\"><a href=\"https:\/\/www.suno.com.br\/noticias\/alliar-aalr3-novo-cfo\/\"><img class=\"mask\" src=\"https:\/\/www.suno.com.br\/noticias\/wp-content\/themes\/suno\/resources\/images\/spotlight\/spotlight1img\/bg-mask.png\" alt=\"Image Mask\"\/><img src=\"https:\/\/files.sunoresearch.com.br\/n\/uploads\/2022\/03\/alliar-foto-divulgacao-400x200.jpg\" alt=\"Alliar (AALR3): novo CFO pretende focar em crescimento com fus\u00f5es e aquisi\u00e7\u00f5es, diz site\"\/><\/a><span class=\"spotlightCategory\"><a href=\"https:\/\/www.suno.com.br\/noticias\/negocios\/\">Neg\u00f3cios<\/a><\/span><\/div><div class=\"cardsPage__listCard__boxs__content\"><a href=\"https:\/\/www.suno.com.br\/noticias\/alliar-aalr3-novo-cfo\/\"><h2 class=\"content__title\">Alliar (AALR3): novo CFO pretende focar em crescimento com fus\u00f5es e aquisi\u00e7\u00f5es, diz site<\/h2><\/a><div class=\"newsContent__article__meta\"><div class=\"newsContent__article__meta__authorBox\"><a href=\"https:\/\/www.suno.com.br\/noticias\/author\/ana-clara-macedo\/\" class=\"authorBox__avatar noMobi\"><img src=\"https:\/\/secure.gravatar.com\/avatar\/40810da86786bd5619f8cd594b0f44ef?s=96&#038;r=g\" alt=\"Ana Clara Macedo\"><\/a><div class=\"authorBox__name\"><span>por\n\t\t\t<a href=\"https:\/\/www.suno.com.br\/noticias\/author\/ana-clara-macedo\/\"><span itemprop=\"author\">Ana Clara Macedo<\/span><\/a><\/span><time datetime=\"2022-10-26T16:18:43-03:00\" itemprop=\"datePublished\">26\/10\/2022 16:18<\/time><\/div><\/div><\/div><\/div><\/div>","single_layout":"posts","amp_enabled":true,"_links":{"self":[{"href":"https:\/\/www.suno.com.br\/noticias\/wp-json\/wp\/v2\/posts\/311966"}],"collection":[{"href":"https:\/\/www.suno.com.br\/noticias\/wp-json\/wp\/v2\/posts"}],"about":[{"href":"https:\/\/www.suno.com.br\/noticias\/wp-json\/wp\/v2\/types\/post"}],"author":[{"embeddable":true,"href":"https:\/\/www.suno.com.br\/noticias\/wp-json\/wp\/v2\/users\/195"}],"replies":[{"embeddable":true,"href":"https:\/\/www.suno.com.br\/noticias\/wp-json\/wp\/v2\/comments?post=311966"}],"version-history":[{"count":3,"href":"https:\/\/www.suno.com.br\/noticias\/wp-json\/wp\/v2\/posts\/311966\/revisions"}],"predecessor-version":[{"id":312043,"href":"https:\/\/www.suno.com.br\/noticias\/wp-json\/wp\/v2\/posts\/311966\/revisions\/312043"}],"wp:featuredmedia":[{"embeddable":true,"href":"https:\/\/www.suno.com.br\/noticias\/wp-json\/wp\/v2\/media\/246526"}],"wp:attachment":[{"href":"https:\/\/www.suno.com.br\/noticias\/wp-json\/wp\/v2\/media?parent=311966"}],"wp:term":[{"taxonomy":"category","embeddable":true,"href":"https:\/\/www.suno.com.br\/noticias\/wp-json\/wp\/v2\/categories?post=311966"},{"taxonomy":"post_tag","embeddable":true,"href":"https:\/\/www.suno.com.br\/noticias\/wp-json\/wp\/v2\/tags?post=311966"},{"taxonomy":"suno_strategy","embeddable":true,"href":"https:\/\/www.suno.com.br\/noticias\/wp-json\/wp\/v2\/suno_strategy?post=311966"}],"curies":[{"name":"wp","href":"https:\/\/api.w.org\/{rel}","templated":true}]}}