{"id":31195,"date":"2019-07-17T09:54:23","date_gmt":"2019-07-17T12:54:23","guid":{"rendered":"https:\/\/www.suno.com.br\/noticias\/?p=31195"},"modified":"2019-07-17T09:54:23","modified_gmt":"2019-07-17T12:54:23","slug":"bolsonaro-mercosul-presidencia-bloco","status":"publish","type":"post","link":"https:\/\/www.suno.com.br\/noticias\/bolsonaro-mercosul-presidencia-bloco\/","title":{"rendered":"Bolsonaro vai \u00e0 c\u00fapula do Mercosul para assumir a presid\u00eancia do bloco"},"content":{"rendered":"<p>O presidente Jair Bolsonaro vai a Santa F\u00e9, na Argentina, nesta quarta-feira (17), para participar da 54\u00aa C\u00fapula de Chefes de Estado do <strong>Mercosul<\/strong>, onde Bolsonaro se tornar\u00e1 presidente do bloco em um mandato de seis meses.<\/p>\t<div class=\"wrapper-featured-image\">\n\t\t<figure class=\"spotlightImg\">\n\n\t\t\t<picture>\n\t\t\t\t<source media=\"(max-width: 768px)\" srcset=\"https:\/\/files.sunoresearch.com.br\/n\/uploads\/2019\/07\/1ecb2fe0-bolsonaro-400x200.webp\">\n\t\t\t\t<img loading=\"lazy\" decoding=\"async\" class=\"newsContent__article__imgCapa lazyloadDisabled newsContent__article__imgCapa--noCaption\" src=\"https:\/\/files.sunoresearch.com.br\/n\/uploads\/2019\/07\/1ecb2fe0-bolsonaro-800x450.webp\" width=\"800\" height=\"450\" alt=\"Bolsonaro vai \u00e0 c\u00fapula do Mercosul para assumir a presid\u00eancia do bloco\" fetchpriority=high \/>\n\t\t\t<\/picture>\n\n\t\t\t<figcaption class=\"wp-caption-text wp-caption-text--hide\">MP da Liberdade Econ\u00f4mica \u00e9 sancionada com quatro vetos<\/figcaption>\n\t\t<\/figure>\n\t<\/div>\n\n\n<p>Essa \u00e9 a primeira vez que o presidente vai participar da c\u00fapula. No mandato, <strong>Bolsonaro<\/strong> dever\u00e1 seguir as diretrizes do mandato anterior, que estava nas m\u00e3os do presidente argentino, <strong>Maur\u00edcio<\/strong> <strong>Macri<\/strong>, abrindo mercados com acordos comerciais e revisando tarifas externas comuns.<\/p>\n\t<p>\n\t\t<a href=\"https:\/\/lp.suno.com.br\/asset\/suno-fundo-infra-estrutura-snid11\/\" target=\"_blank\" data-element=\"shortcode-suno-banner\" title=\"Banner SUNO, clique e saiba mais\">\n\t\t\t<picture>\n\t\t\t\t<source media=\"(max-width: 500px)\" srcset=\"https:\/\/files.sunoresearch.com.br\/n\/uploads\/2024\/01\/400x300-Banner-Home-1-SNID-AO.png\">\n\t\t\t\t<img class=\"newsContent__article__imgCapa newsContent__article__imgCapa--banner\"\n\t\t\t\t\tsrc=\"https:\/\/files.sunoresearch.com.br\/n\/uploads\/2024\/01\/1420x240-Banner-Home-1-SNID-AO.png\"\n\t\t\t\t\tdata-promo-id=\"364419\"\t\t\t\t\t\t\t\t\t\twidth='1420' height='240'\t\t\t\t\talt=\"https:\/\/files.sunoresearch.com.br\/n\/uploads\/2024\/01\/1420x240-Banner-Home-1-SNID-AO.png\"\n\t\t\t\t>\n\t\t\t<\/picture>\n\t\t<\/a>\n\t<\/p>\n\n\n<p>A reuni\u00e3o tamb\u00e9m marca o primeiro encontro entre os presidentes desde o acordo comercial com a <strong>Uni\u00e3o<\/strong> <strong>Europeia<\/strong>. O acordo entre os blocos era discutido h\u00e1 20 anos e est\u00e1 sob revis\u00e3o t\u00e9cnica e jur\u00eddica, no entanto, para que passe a funcionar, dever\u00e1 ser aprovado pelos parlamentos dos pa\u00edses envolvidos.<\/p>\n<h2>Atividades do presidente<\/h2>\n<ul>\n<li>8h &#8211; Partida de Bras\u00edlia;<\/li>\n<li>11h30 &#8211; Chegada a Santa F\u00e9;<\/li>\n<li>12h05 &#8211; Chegada ao centro de conven\u00e7\u00f5es de Santa F\u00e9;<\/li>\n<li>12h25 &#8211; Assinatura do acordo para elimina\u00e7\u00e3o da cobran\u00e7a de &#8216;roaming&#8217; internacional no Mercosul;<\/li>\n<li>12h30 &#8211; Sess\u00e3o plen\u00e1ria dos chefes de Estado do Mercosul;<\/li>\n<li>13h30 &#8211; Foto oficial;<\/li>\n<li>13h45 &#8211; Almo\u00e7o dos chefes de Estado;<\/li>\n<li>15h30 &#8211; Retorno ao Brasil;<\/li>\n<li>18h30 &#8211; Chegada a Bras\u00edlia.<\/li>\n<\/ul>\n<p><a href=\"https:\/\/www.suno.com.br\/noticias\/eric-trump-pode-ser-embaixador-dos-eua-no-brasil-segundo-governo-brasileiro\/\">Leia mais:\u00a0Eric Trump pode ser embaixador dos EUA no Brasil, segundo governo brasileiro<\/a><\/p>\n<h2>Reuni\u00e3o do Mercosul<\/h2>\n<p>Al\u00e9m de empossar Bolsonaro como presidente do bloco econ\u00f4mico pelos pr\u00f3ximos seis meses, a reuni\u00e3o do Mercosul ainda deve tratar de alguns temas, sendo eles:<\/p>\n<ol>\n<li>Acordo com a Uni\u00e3o Europeia<\/li>\n<li>Convoca\u00e7\u00e3o para Outras Negocia\u00e7\u00f5es Comerciais<\/li>\n<li>Moderniza\u00e7\u00e3o do Mercosul<\/li>\n<li>Telecomunica\u00e7\u00f5es<\/li>\n<li>Tarifa Externa Comum<\/li>\n<li>Crise na Venezuela<\/li>\n<\/ol>\n<h2>Mercado comum<\/h2>\n<p>O Mercado Comum do Sul, ou Mercosul como \u00e9 conhecido, foi criado em 1991 por Brasil, Argentina, Paraguai e Uruguai para alinhar o desenvolvimento econ\u00f4mico com a democracia nos pa\u00edses da Am\u00e9rica do Sul.<\/p>\n\t<p>\n\t\t<a href=\"https:\/\/www.suno.com.br\/asset\/fundos\/suno-acoes-xp-seg-prev\/\" target=\"_blank\" data-element=\"shortcode-suno-banner\" title=\"Banner SUNO, clique e saiba mais\">\n\t\t\t<picture>\n\t\t\t\t<source media=\"(max-width: 500px)\" srcset=\"https:\/\/files.sunoresearch.com.br\/n\/uploads\/2023\/10\/SUNOPREV-400x300-Mobile-Artigos-3.png\">\n\t\t\t\t<img class=\"newsContent__article__imgCapa newsContent__article__imgCapa--banner\"\n\t\t\t\t\tsrc=\"https:\/\/files.sunoresearch.com.br\/n\/uploads\/2023\/10\/SUNOPREV-1420x240-Banner-Artigos-1-_-Banner-Materias-1.png\"\n\t\t\t\t\tdata-promo-id=\"476310\"\t\t\t\t\t\t\t\t\t\twidth='1420' height='240'\t\t\t\t\talt=\"https:\/\/files.sunoresearch.com.br\/n\/uploads\/2023\/10\/SUNOPREV-1420x240-Banner-Artigos-1-_-Banner-Materias-1.png\"\n\t\t\t\t>\n\t\t\t<\/picture>\n\t\t<\/a>\n\t<\/p>\n\n\n<p>Al\u00e9m dos pa\u00edses criadores, o bloco econ\u00f4mico conta com Chile e Peru. O <strong>Mercosul<\/strong> era liderado pelo presidente da Argentina, <strong>Maur\u00edcio<\/strong> <strong>Macri<\/strong>, no entanto, passar\u00e1 a ser comandado por <strong>Bolsonaro<\/strong>, que ficar\u00e1 \u00e0 frente do bloco at\u00e9 o final do ano.<\/p>\n","protected":false},"excerpt":{"rendered":"<p>O presidente Jair Bolsonaro vai a Santa F\u00e9, na Argentina, nesta quarta-feira (17), para participar da 54\u00aa C\u00fapula de Chefes de Estado do Mercosul, onde Bolsonaro se tornar\u00e1 presidente do bloco em um mandato de seis meses. MP da Liberdade Econ\u00f4mica \u00e9 sancionada com quatro vetos Essa \u00e9 a primeira vez que o presidente vai [&hellip;]<\/p>\n","protected":false},"author":11,"featured_media":31204,"comment_status":"closed","ping_status":"closed","sticky":false,"template":"","format":"standard","meta":[],"categories":[61],"tags":[719],"suno_strategy":[],"class_list":["post-31195","post","type-post","status-publish","format-standard","has-post-thumbnail","hentry","category-politica","tag-jair-bolsonaro"],"yoast_head":"<!-- This site is optimized with the Yoast SEO plugin v24.4 - https:\/\/yoast.com\/wordpress\/plugins\/seo\/ -->\n<title>Bolsonaro vai \u00e0 c\u00fapula do Mercosul para assumir a presid\u00eancia do bloco<\/title>\n<meta name=\"description\" content=\"Bolsonaro ser\u00e1 o sucessor do presidente da Argentina, Maur\u00edcio Macri; O mandato do presidente ser\u00e1 de 6 meses. Clique para saber mais.\" \/>\n<meta name=\"robots\" content=\"index, follow, max-snippet:-1, max-image-preview:large, max-video-preview:-1\" \/>\n<link rel=\"canonical\" href=\"https:\/\/www.suno.com.br\/noticias\/bolsonaro-mercosul-presidencia-bloco\/\" \/>\n<meta property=\"og:locale\" content=\"pt_BR\" \/>\n<meta property=\"og:type\" content=\"article\" \/>\n<meta property=\"og:title\" content=\"Bolsonaro vai \u00e0 c\u00fapula do Mercosul para assumir a presid\u00eancia do bloco\" \/>\n<meta property=\"og:description\" content=\"Bolsonaro ser\u00e1 o sucessor do presidente da Argentina, Maur\u00edcio Macri; O mandato do presidente ser\u00e1 de 6 meses. Clique para saber mais.\" \/>\n<meta property=\"og:url\" content=\"https:\/\/www.suno.com.br\/noticias\/bolsonaro-mercosul-presidencia-bloco\/\" \/>\n<meta property=\"og:site_name\" content=\"Suno Not\u00edcias\" \/>\n<meta property=\"article:publisher\" content=\"https:\/\/facebook.com\/sunoresearch\" \/>\n<meta property=\"og:image\" content=\"https:\/\/files.sunoresearch.com.br\/n\/uploads\/2019\/07\/1ecb2fe0-bolsonaro.jpg\" \/>\n\t<meta property=\"og:image:width\" content=\"1140\" \/>\n\t<meta property=\"og:image:height\" content=\"760\" \/>\n\t<meta property=\"og:image:type\" content=\"image\/jpeg\" \/>\n<meta name=\"author\" content=\"Renan Bandeira\" \/>\n<meta name=\"twitter:card\" content=\"summary_large_image\" \/>\n<meta name=\"twitter:creator\" content=\"@sunoresearch\" \/>\n<meta name=\"twitter:site\" content=\"@sunoresearch\" \/>\n<meta name=\"twitter:label1\" content=\"Escrito por\" \/>\n\t<meta name=\"twitter:data1\" content=\"Renan Bandeira\" \/>\n\t<meta name=\"twitter:label2\" content=\"Est. tempo de leitura\" \/>\n\t<meta name=\"twitter:data2\" content=\"2 minutos\" \/>\n<script type=\"application\/ld+json\" class=\"yoast-schema-graph\">{\"@context\":\"https:\/\/schema.org\",\"@graph\":[{\"@type\":\"NewsArticle\",\"@id\":\"https:\/\/www.suno.com.br\/noticias\/bolsonaro-mercosul-presidencia-bloco\/#article\",\"isPartOf\":{\"@id\":\"https:\/\/www.suno.com.br\/noticias\/bolsonaro-mercosul-presidencia-bloco\/\"},\"author\":{\"name\":\"Renan Bandeira\",\"@id\":\"https:\/\/www.suno.com.br\/noticias\/#\/schema\/person\/fc144a1c6108bd1dcd43784e88a3c138\"},\"headline\":\"Bolsonaro vai \u00e0 c\u00fapula do Mercosul para assumir a presid\u00eancia do bloco\",\"datePublished\":\"2019-07-17T12:54:23+00:00\",\"mainEntityOfPage\":{\"@id\":\"https:\/\/www.suno.com.br\/noticias\/bolsonaro-mercosul-presidencia-bloco\/\"},\"wordCount\":384,\"publisher\":{\"@id\":\"https:\/\/www.suno.com.br\/noticias\/#organization\"},\"image\":{\"@id\":\"https:\/\/www.suno.com.br\/noticias\/bolsonaro-mercosul-presidencia-bloco\/#primaryimage\"},\"thumbnailUrl\":\"https:\/\/files.sunoresearch.com.br\/n\/uploads\/2019\/07\/1ecb2fe0-bolsonaro-jpg.webp\",\"keywords\":[\"Jair Bolsonaro\"],\"articleSection\":[\"Pol\u00edtica\"],\"inLanguage\":\"pt-BR\"},{\"@type\":\"WebPage\",\"@id\":\"https:\/\/www.suno.com.br\/noticias\/bolsonaro-mercosul-presidencia-bloco\/\",\"url\":\"https:\/\/www.suno.com.br\/noticias\/bolsonaro-mercosul-presidencia-bloco\/\",\"name\":\"Bolsonaro vai \u00e0 c\u00fapula do Mercosul para assumir a presid\u00eancia do bloco\",\"isPartOf\":{\"@id\":\"https:\/\/www.suno.com.br\/noticias\/#website\"},\"primaryImageOfPage\":{\"@id\":\"https:\/\/www.suno.com.br\/noticias\/bolsonaro-mercosul-presidencia-bloco\/#primaryimage\"},\"image\":{\"@id\":\"https:\/\/www.suno.com.br\/noticias\/bolsonaro-mercosul-presidencia-bloco\/#primaryimage\"},\"thumbnailUrl\":\"https:\/\/files.sunoresearch.com.br\/n\/uploads\/2019\/07\/1ecb2fe0-bolsonaro-jpg.webp\",\"datePublished\":\"2019-07-17T12:54:23+00:00\",\"description\":\"Bolsonaro ser\u00e1 o sucessor do presidente da Argentina, Maur\u00edcio Macri; O mandato do presidente ser\u00e1 de 6 meses. Clique para saber mais.\",\"breadcrumb\":{\"@id\":\"https:\/\/www.suno.com.br\/noticias\/bolsonaro-mercosul-presidencia-bloco\/#breadcrumb\"},\"inLanguage\":\"pt-BR\",\"potentialAction\":[{\"@type\":\"ReadAction\",\"target\":[\"https:\/\/www.suno.com.br\/noticias\/bolsonaro-mercosul-presidencia-bloco\/\"]}]},{\"@type\":\"ImageObject\",\"inLanguage\":\"pt-BR\",\"@id\":\"https:\/\/www.suno.com.br\/noticias\/bolsonaro-mercosul-presidencia-bloco\/#primaryimage\",\"url\":\"https:\/\/files.sunoresearch.com.br\/n\/uploads\/2019\/07\/1ecb2fe0-bolsonaro-jpg.webp\",\"contentUrl\":\"https:\/\/files.sunoresearch.com.br\/n\/uploads\/2019\/07\/1ecb2fe0-bolsonaro-jpg.webp\",\"width\":1140,\"height\":760,\"caption\":\"MP da Liberdade Econ\u00f4mica \u00e9 sancionada com quatro vetos\"},{\"@type\":\"BreadcrumbList\",\"@id\":\"https:\/\/www.suno.com.br\/noticias\/bolsonaro-mercosul-presidencia-bloco\/#breadcrumb\",\"itemListElement\":[{\"@type\":\"ListItem\",\"position\":1,\"name\":\"Not\u00edcias\",\"item\":\"https:\/\/www.suno.com.br\/noticias\/\"},{\"@type\":\"ListItem\",\"position\":2,\"name\":\"Pol\u00edtica\",\"item\":\"https:\/\/www.suno.com.br\/noticias\/politica\/\"},{\"@type\":\"ListItem\",\"position\":3,\"name\":\"Bolsonaro vai \u00e0 c\u00fapula do Mercosul para assumir a presid\u00eancia do bloco\"}]},{\"@type\":\"WebSite\",\"@id\":\"https:\/\/www.suno.com.br\/noticias\/#website\",\"url\":\"https:\/\/www.suno.com.br\/noticias\/\",\"name\":\"Suno Not\u00edcias\",\"description\":\"Seu portal de informa\u00e7\u00e3o sobre o mundo dos investimentos\",\"publisher\":{\"@id\":\"https:\/\/www.suno.com.br\/noticias\/#organization\"},\"potentialAction\":[{\"@type\":\"SearchAction\",\"target\":{\"@type\":\"EntryPoint\",\"urlTemplate\":\"https:\/\/www.suno.com.br\/noticias\/?s={search_term_string}\"},\"query-input\":{\"@type\":\"PropertyValueSpecification\",\"valueRequired\":true,\"valueName\":\"search_term_string\"}}],\"inLanguage\":\"pt-BR\"},{\"@type\":\"Organization\",\"@id\":\"https:\/\/www.suno.com.br\/noticias\/#organization\",\"name\":\"Suno Not\u00edcias\",\"url\":\"https:\/\/www.suno.com.br\/noticias\/\",\"logo\":{\"@type\":\"ImageObject\",\"inLanguage\":\"pt-BR\",\"@id\":\"https:\/\/www.suno.com.br\/noticias\/#\/schema\/logo\/image\/\",\"url\":\"https:\/\/files.sunoresearch.com.br\/n\/uploads\/2021\/09\/suno-logo.png\",\"contentUrl\":\"https:\/\/files.sunoresearch.com.br\/n\/uploads\/2021\/09\/suno-logo.png\",\"width\":180,\"height\":180,\"caption\":\"Suno Not\u00edcias\"},\"image\":{\"@id\":\"https:\/\/www.suno.com.br\/noticias\/#\/schema\/logo\/image\/\"},\"sameAs\":[\"https:\/\/facebook.com\/sunoresearch\",\"https:\/\/x.com\/sunoresearch\",\"https:\/\/www.instagram.com\/suno\",\"https:\/\/www.linkedin.com\/company\/suno-research\/\",\"https:\/\/www.youtube.com\/c\/sunoresearch\"]},{\"@type\":\"Person\",\"@id\":\"https:\/\/www.suno.com.br\/noticias\/#\/schema\/person\/fc144a1c6108bd1dcd43784e88a3c138\",\"name\":\"Renan Bandeira\",\"image\":{\"@type\":\"ImageObject\",\"inLanguage\":\"pt-BR\",\"@id\":\"https:\/\/www.suno.com.br\/noticias\/#\/schema\/person\/image\/\",\"url\":\"https:\/\/secure.gravatar.com\/avatar\/68359cdb608f14f11bbefcb78f3fc747?s=96&r=g\",\"contentUrl\":\"https:\/\/secure.gravatar.com\/avatar\/68359cdb608f14f11bbefcb78f3fc747?s=96&r=g\",\"caption\":\"Renan Bandeira\"},\"description\":\"Renan Bandeira escreve sobre pol\u00edtica e economia para o portal da Suno Research. Antes da Suno, trabalhou em uma rede de televis\u00e3o, onde fazia reportagens sobre os mesmos temas. Estuda na Universidade Metodista de S\u00e3o Paulo.\",\"url\":\"https:\/\/www.suno.com.br\/noticias\/author\/renan-bandeira\/\"}]}<\/script>\n<!-- \/ Yoast SEO plugin. -->","yoast_head_json":{"title":"Bolsonaro vai \u00e0 c\u00fapula do Mercosul para assumir a presid\u00eancia do bloco","description":"Bolsonaro ser\u00e1 o sucessor do presidente da Argentina, Maur\u00edcio Macri; O mandato do presidente ser\u00e1 de 6 meses. Clique para saber mais.","robots":{"index":"index","follow":"follow","max-snippet":"max-snippet:-1","max-image-preview":"max-image-preview:large","max-video-preview":"max-video-preview:-1"},"canonical":"https:\/\/www.suno.com.br\/noticias\/bolsonaro-mercosul-presidencia-bloco\/","og_locale":"pt_BR","og_type":"article","og_title":"Bolsonaro vai \u00e0 c\u00fapula do Mercosul para assumir a presid\u00eancia do bloco","og_description":"Bolsonaro ser\u00e1 o sucessor do presidente da Argentina, Maur\u00edcio Macri; O mandato do presidente ser\u00e1 de 6 meses. Clique para saber mais.","og_url":"https:\/\/www.suno.com.br\/noticias\/bolsonaro-mercosul-presidencia-bloco\/","og_site_name":"Suno Not\u00edcias","article_publisher":"https:\/\/facebook.com\/sunoresearch","og_image":[{"width":1140,"height":760,"url":"https:\/\/files.sunoresearch.com.br\/n\/uploads\/2019\/07\/1ecb2fe0-bolsonaro.jpg","type":"image\/jpeg"}],"author":"Renan Bandeira","twitter_card":"summary_large_image","twitter_creator":"@sunoresearch","twitter_site":"@sunoresearch","twitter_misc":{"Escrito por":"Renan Bandeira","Est. tempo de leitura":"2 minutos"},"schema":{"@context":"https:\/\/schema.org","@graph":[{"@type":"NewsArticle","@id":"https:\/\/www.suno.com.br\/noticias\/bolsonaro-mercosul-presidencia-bloco\/#article","isPartOf":{"@id":"https:\/\/www.suno.com.br\/noticias\/bolsonaro-mercosul-presidencia-bloco\/"},"author":{"name":"Renan Bandeira","@id":"https:\/\/www.suno.com.br\/noticias\/#\/schema\/person\/fc144a1c6108bd1dcd43784e88a3c138"},"headline":"Bolsonaro vai \u00e0 c\u00fapula do Mercosul para assumir a presid\u00eancia do bloco","datePublished":"2019-07-17T12:54:23+00:00","mainEntityOfPage":{"@id":"https:\/\/www.suno.com.br\/noticias\/bolsonaro-mercosul-presidencia-bloco\/"},"wordCount":384,"publisher":{"@id":"https:\/\/www.suno.com.br\/noticias\/#organization"},"image":{"@id":"https:\/\/www.suno.com.br\/noticias\/bolsonaro-mercosul-presidencia-bloco\/#primaryimage"},"thumbnailUrl":"https:\/\/files.sunoresearch.com.br\/n\/uploads\/2019\/07\/1ecb2fe0-bolsonaro-jpg.webp","keywords":["Jair Bolsonaro"],"articleSection":["Pol\u00edtica"],"inLanguage":"pt-BR"},{"@type":"WebPage","@id":"https:\/\/www.suno.com.br\/noticias\/bolsonaro-mercosul-presidencia-bloco\/","url":"https:\/\/www.suno.com.br\/noticias\/bolsonaro-mercosul-presidencia-bloco\/","name":"Bolsonaro vai \u00e0 c\u00fapula do Mercosul para assumir a presid\u00eancia do bloco","isPartOf":{"@id":"https:\/\/www.suno.com.br\/noticias\/#website"},"primaryImageOfPage":{"@id":"https:\/\/www.suno.com.br\/noticias\/bolsonaro-mercosul-presidencia-bloco\/#primaryimage"},"image":{"@id":"https:\/\/www.suno.com.br\/noticias\/bolsonaro-mercosul-presidencia-bloco\/#primaryimage"},"thumbnailUrl":"https:\/\/files.sunoresearch.com.br\/n\/uploads\/2019\/07\/1ecb2fe0-bolsonaro-jpg.webp","datePublished":"2019-07-17T12:54:23+00:00","description":"Bolsonaro ser\u00e1 o sucessor do presidente da Argentina, Maur\u00edcio Macri; O mandato do presidente ser\u00e1 de 6 meses. Clique para saber mais.","breadcrumb":{"@id":"https:\/\/www.suno.com.br\/noticias\/bolsonaro-mercosul-presidencia-bloco\/#breadcrumb"},"inLanguage":"pt-BR","potentialAction":[{"@type":"ReadAction","target":["https:\/\/www.suno.com.br\/noticias\/bolsonaro-mercosul-presidencia-bloco\/"]}]},{"@type":"ImageObject","inLanguage":"pt-BR","@id":"https:\/\/www.suno.com.br\/noticias\/bolsonaro-mercosul-presidencia-bloco\/#primaryimage","url":"https:\/\/files.sunoresearch.com.br\/n\/uploads\/2019\/07\/1ecb2fe0-bolsonaro-jpg.webp","contentUrl":"https:\/\/files.sunoresearch.com.br\/n\/uploads\/2019\/07\/1ecb2fe0-bolsonaro-jpg.webp","width":1140,"height":760,"caption":"MP da Liberdade Econ\u00f4mica \u00e9 sancionada com quatro vetos"},{"@type":"BreadcrumbList","@id":"https:\/\/www.suno.com.br\/noticias\/bolsonaro-mercosul-presidencia-bloco\/#breadcrumb","itemListElement":[{"@type":"ListItem","position":1,"name":"Not\u00edcias","item":"https:\/\/www.suno.com.br\/noticias\/"},{"@type":"ListItem","position":2,"name":"Pol\u00edtica","item":"https:\/\/www.suno.com.br\/noticias\/politica\/"},{"@type":"ListItem","position":3,"name":"Bolsonaro vai \u00e0 c\u00fapula do Mercosul para assumir a presid\u00eancia do bloco"}]},{"@type":"WebSite","@id":"https:\/\/www.suno.com.br\/noticias\/#website","url":"https:\/\/www.suno.com.br\/noticias\/","name":"Suno Not\u00edcias","description":"Seu portal de informa\u00e7\u00e3o sobre o mundo dos investimentos","publisher":{"@id":"https:\/\/www.suno.com.br\/noticias\/#organization"},"potentialAction":[{"@type":"SearchAction","target":{"@type":"EntryPoint","urlTemplate":"https:\/\/www.suno.com.br\/noticias\/?s={search_term_string}"},"query-input":{"@type":"PropertyValueSpecification","valueRequired":true,"valueName":"search_term_string"}}],"inLanguage":"pt-BR"},{"@type":"Organization","@id":"https:\/\/www.suno.com.br\/noticias\/#organization","name":"Suno Not\u00edcias","url":"https:\/\/www.suno.com.br\/noticias\/","logo":{"@type":"ImageObject","inLanguage":"pt-BR","@id":"https:\/\/www.suno.com.br\/noticias\/#\/schema\/logo\/image\/","url":"https:\/\/files.sunoresearch.com.br\/n\/uploads\/2021\/09\/suno-logo.png","contentUrl":"https:\/\/files.sunoresearch.com.br\/n\/uploads\/2021\/09\/suno-logo.png","width":180,"height":180,"caption":"Suno Not\u00edcias"},"image":{"@id":"https:\/\/www.suno.com.br\/noticias\/#\/schema\/logo\/image\/"},"sameAs":["https:\/\/facebook.com\/sunoresearch","https:\/\/x.com\/sunoresearch","https:\/\/www.instagram.com\/suno","https:\/\/www.linkedin.com\/company\/suno-research\/","https:\/\/www.youtube.com\/c\/sunoresearch"]},{"@type":"Person","@id":"https:\/\/www.suno.com.br\/noticias\/#\/schema\/person\/fc144a1c6108bd1dcd43784e88a3c138","name":"Renan Bandeira","image":{"@type":"ImageObject","inLanguage":"pt-BR","@id":"https:\/\/www.suno.com.br\/noticias\/#\/schema\/person\/image\/","url":"https:\/\/secure.gravatar.com\/avatar\/68359cdb608f14f11bbefcb78f3fc747?s=96&r=g","contentUrl":"https:\/\/secure.gravatar.com\/avatar\/68359cdb608f14f11bbefcb78f3fc747?s=96&r=g","caption":"Renan Bandeira"},"description":"Renan Bandeira escreve sobre pol\u00edtica e economia para o portal da Suno Research. Antes da Suno, trabalhou em uma rede de televis\u00e3o, onde fazia reportagens sobre os mesmos temas. Estuda na Universidade Metodista de S\u00e3o Paulo.","url":"https:\/\/www.suno.com.br\/noticias\/author\/renan-bandeira\/"}]}},"default_loop_html":"<div class=\"cardsPage__listCard__boxs\"><div class=\"cardsPage__listCard__boxs__img\"><a href=\"https:\/\/www.suno.com.br\/noticias\/bolsonaro-mercosul-presidencia-bloco\/\"><img class=\"mask\" src=\"https:\/\/www.suno.com.br\/noticias\/wp-content\/themes\/suno\/resources\/images\/spotlight\/spotlight1img\/bg-mask.png\" alt=\"Image Mask\"\/><img src=\"https:\/\/files.sunoresearch.com.br\/n\/uploads\/2019\/07\/1ecb2fe0-bolsonaro-400x200.webp\" alt=\"Bolsonaro vai \u00e0 c\u00fapula do Mercosul para assumir a presid\u00eancia do bloco\"\/><\/a><span class=\"spotlightCategory\"><a href=\"https:\/\/www.suno.com.br\/noticias\/politica\/\">Pol\u00edtica<\/a><\/span><\/div><div class=\"cardsPage__listCard__boxs__content\"><a href=\"https:\/\/www.suno.com.br\/noticias\/bolsonaro-mercosul-presidencia-bloco\/\"><h2 class=\"content__title\">Bolsonaro vai \u00e0 c\u00fapula do Mercosul para assumir a presid\u00eancia do bloco<\/h2><\/a><div class=\"newsContent__article__meta\"><div class=\"newsContent__article__meta__authorBox\"><a href=\"https:\/\/www.suno.com.br\/noticias\/author\/renan-bandeira\/\" class=\"authorBox__avatar noMobi\"><img src=\"https:\/\/secure.gravatar.com\/avatar\/68359cdb608f14f11bbefcb78f3fc747?s=96&#038;r=g\" alt=\"Renan Bandeira\"><\/a><div class=\"authorBox__name\"><span>por\n\t\t\t<a href=\"https:\/\/www.suno.com.br\/noticias\/author\/renan-bandeira\/\"><span itemprop=\"author\">Renan Bandeira<\/span><\/a><\/span><time datetime=\"2019-07-17T09:54:23-03:00\" itemprop=\"datePublished\">17\/07\/2019 09:54<\/time><\/div><\/div><\/div><\/div><\/div>","single_layout":"posts","amp_enabled":true,"_links":{"self":[{"href":"https:\/\/www.suno.com.br\/noticias\/wp-json\/wp\/v2\/posts\/31195"}],"collection":[{"href":"https:\/\/www.suno.com.br\/noticias\/wp-json\/wp\/v2\/posts"}],"about":[{"href":"https:\/\/www.suno.com.br\/noticias\/wp-json\/wp\/v2\/types\/post"}],"author":[{"embeddable":true,"href":"https:\/\/www.suno.com.br\/noticias\/wp-json\/wp\/v2\/users\/11"}],"replies":[{"embeddable":true,"href":"https:\/\/www.suno.com.br\/noticias\/wp-json\/wp\/v2\/comments?post=31195"}],"version-history":[{"count":0,"href":"https:\/\/www.suno.com.br\/noticias\/wp-json\/wp\/v2\/posts\/31195\/revisions"}],"wp:featuredmedia":[{"embeddable":true,"href":"https:\/\/www.suno.com.br\/noticias\/wp-json\/wp\/v2\/media\/31204"}],"wp:attachment":[{"href":"https:\/\/www.suno.com.br\/noticias\/wp-json\/wp\/v2\/media?parent=31195"}],"wp:term":[{"taxonomy":"category","embeddable":true,"href":"https:\/\/www.suno.com.br\/noticias\/wp-json\/wp\/v2\/categories?post=31195"},{"taxonomy":"post_tag","embeddable":true,"href":"https:\/\/www.suno.com.br\/noticias\/wp-json\/wp\/v2\/tags?post=31195"},{"taxonomy":"suno_strategy","embeddable":true,"href":"https:\/\/www.suno.com.br\/noticias\/wp-json\/wp\/v2\/suno_strategy?post=31195"}],"curies":[{"name":"wp","href":"https:\/\/api.w.org\/{rel}","templated":true}]}}