{"id":31194,"date":"2019-07-17T09:32:04","date_gmt":"2019-07-17T12:32:04","guid":{"rendered":"https:\/\/www.suno.com.br\/noticias\/?p=31194"},"modified":"2019-07-17T16:37:00","modified_gmt":"2019-07-17T19:37:00","slug":"fgts-pis-pasep-saque","status":"publish","type":"post","link":"https:\/\/www.suno.com.br\/noticias\/fgts-pis-pasep-saque\/","title":{"rendered":"Governo Federal vai liberar R$ 42 bilh\u00f5es do FGTS"},"content":{"rendered":"<p>De acordo com o ministro da Economia, <a href=\"https:\/\/www.suno.com.br\/tudo-sobre\/paulo-guedes\/\">Paulo Guedes<\/a>, o governo poder\u00e1 divulgar na pr\u00f3xima quinta-feira (18), as regras de <strong>libera\u00e7\u00e3o<\/strong> do<strong> PIS\/Pasep<\/strong> e de contas do <a href=\"https:\/\/www.suno.com.br\/artigos\/fgts\/\">Fundo de Garantia do Tempo de Servi\u00e7o<\/a> (FGTS). A medida tem como objetivo estimular a <strong>economia nacional<\/strong>.<\/p>\t<div class=\"wrapper-featured-image\">\n\t\t<figure class=\"spotlightImg\">\n\n\t\t\t<picture>\n\t\t\t\t<source media=\"(max-width: 768px)\" srcset=\"https:\/\/files.sunoresearch.com.br\/n\/uploads\/2019\/05\/f0e11e85-fgts-pis-pasep-400x200.webp\">\n\t\t\t\t<img loading=\"lazy\" decoding=\"async\" class=\"newsContent__article__imgCapa lazyloadDisabled newsContent__article__imgCapa--noCaption\" src=\"https:\/\/files.sunoresearch.com.br\/n\/uploads\/2019\/05\/f0e11e85-fgts-pis-pasep-800x450.webp\" width=\"800\" height=\"450\" alt=\"Governo Federal vai liberar R$ 42 bilh\u00f5es do FGTS\" fetchpriority=high \/>\n\t\t\t<\/picture>\n\n\t\t\t<figcaption class=\"wp-caption-text wp-caption-text--hide\">Os benefici\u00e1rios poder\u00e3o ter o dep\u00f3sito de at\u00e9 R$ 1.045 do FGTS, contabilizando a soma de todas as contas ativas ou inativas com saldo.<\/figcaption>\n\t\t<\/figure>\n\t<\/div>\n\n\n<p>Segundo o ministro, est\u00e1 prevista a libera\u00e7\u00e3o de R$42 bilh\u00f5es do <strong>FGTS<\/strong>. Para o PIS\/Pasep estima-se cerca de R$ 21 bilh\u00f5es. Paulo Guedes afirmou em entrevista ao jornal &#8220;Valor Econ\u00f4mico&#8221; que &#8220;agora, com o avan\u00e7o na tramita\u00e7\u00e3o da Previd\u00eancia, podemos levar essas medidas adiantes&#8221;.<\/p>\n\t<p>\n\t\t<a href=\"https:\/\/lp.suno.com.br\/ebook-investindo-em-fiis\/\" target=\"_blank\" data-element=\"shortcode-suno-banner\" title=\"Banner SUNO, clique e saiba mais\">\n\t\t\t<picture>\n\t\t\t\t<source media=\"(max-width: 500px)\" srcset=\"https:\/\/files.sunoresearch.com.br\/n\/uploads\/2023\/03\/Ebook-Fundos-Imobiliarios-Mobile-1.jpg\">\n\t\t\t\t<img class=\"newsContent__article__imgCapa newsContent__article__imgCapa--banner\"\n\t\t\t\t\tsrc=\"https:\/\/files.sunoresearch.com.br\/n\/uploads\/2023\/03\/Ebook-Fundos-Imobiliarios-Desktop-1.jpg\"\n\t\t\t\t\tdata-promo-id=\"313843\"\t\t\t\t\t\t\t\t\t\twidth='1420' height='286'\t\t\t\t\talt=\"https:\/\/files.sunoresearch.com.br\/n\/uploads\/2023\/03\/Ebook-Fundos-Imobiliarios-Desktop-1.jpg\"\n\t\t\t\t>\n\t\t\t<\/picture>\n\t\t<\/a>\n\t<\/p>\n\n\n<h2>Libera\u00e7\u00e3o do FGTS<\/h2>\n<p>Os saques dever\u00e3o ocorrer na seguinte propor\u00e7\u00e3o:<\/p>\n<ul>\n<li>R$ 5 mil no FGTS, sacar\u00e1 35% do saldo;<\/li>\n<li>at\u00e9 R$10 no fundo, sacar\u00e1\u00a0 30% do total;<\/li>\n<li>acima de R$ 50 mil, sacar\u00e1 10%.<\/li>\n<\/ul>\n<p>Os valores entre R$10 mil e R$ 50 mil no FGTS n\u00e3o tiveram o percentual definido. O calend\u00e1rio das datas de libera\u00e7\u00e3o seriam feito com base na data de anivers\u00e1rio. As informa\u00e7\u00f5es foram apontadas pelo jornal &#8220;Estado de S.Paulo&#8221;.<\/p>\n<p>Estava previsto pelo ministro da Economia a libera\u00e7\u00e3o do fundo ap\u00f3s a aprova\u00e7\u00e3o das reformas. &#8220;Vamos liberar PIS\/Pasep, FGTS, assim que sa\u00edrem as reformas. N\u00f3s n\u00e3o batemos o martelo ainda, mas todas as equipes est\u00e3o examinando isso&#8221;, disse Guedes.<\/p>\n<p>No entanto, a vota\u00e7\u00e3o do segundo turno da reforma da Previd\u00eancia ficou para agosto e o Senado dever\u00e1 encerrar em setembro. Dessa forma, as medidas dever\u00e3o ser conclu\u00eddas antes da aprova\u00e7\u00e3o da reforma.<\/p>\n<p><a href=\"\/\/www.suno.com.br\/noticias\/caixa-prepara-liberacao-do-fgts-para-um-valor-de-ate-r-30-bi\/\">Saiba Mais:\u00a0Caixa prepara libera\u00e7\u00e3o do FGTS para um valor de at\u00e9 R$ 30 bi<\/a><\/p>\n<p>De acordo com a Caixa Econ\u00f4mica Federal o valor disponibilizado poderia alcan\u00e7ar R$ 30 bilh\u00f5es em tr\u00eas meses. Esse valor representa cerca de 0,5% do <a href=\"https:\/\/www.suno.com.br\/artigos\/o-produto-interno-bruto-pib\/\">Produto Interno Bruto<\/a> (PIB).<\/p>\n<p>A medida de impulsionar a economia por meio da libera\u00e7\u00e3o do fundo tem como objetivo repetir a opera\u00e7\u00e3o do ex-presidente Michel Temer. Em 2017 o governo havia liberado recursos do FGTS alcan\u00e7ando valor total de R$ 44 bilh\u00f5es, garantindo recursos extra para os titulares de contas inativas.<\/p>\n<p>No entanto, naquela ocasi\u00e3o boa parte do montante do <strong><a href=\"http:\/\/www.fgts.gov.br\/Pages\/sou-trabalhador\/acompanhe-fgts.aspx\">FGTS<\/a><\/strong> j\u00e1 tinha sido utilizada. Por isso, para liberar os R$ 30 bilh\u00f5es previstos, o governo dever\u00e1 utilizar quase o total do resto do montante.<\/p>\n","protected":false},"excerpt":{"rendered":"<p>De acordo com o ministro da Economia, Paulo Guedes, o governo poder\u00e1 divulgar na pr\u00f3xima quinta-feira (18), as regras de libera\u00e7\u00e3o do PIS\/Pasep e de contas do Fundo de Garantia do Tempo de Servi\u00e7o (FGTS). A medida tem como objetivo estimular a economia nacional. Os benefici\u00e1rios poder\u00e3o ter o dep\u00f3sito de at\u00e9 R$ 1.045 do [&hellip;]<\/p>\n","protected":false},"author":15,"featured_media":26749,"comment_status":"closed","ping_status":"closed","sticky":false,"template":"","format":"standard","meta":[],"categories":[62],"tags":[910,1520],"suno_strategy":[],"class_list":["post-31194","post","type-post","status-publish","format-standard","has-post-thumbnail","hentry","category-economia","tag-fgts","tag-pis-pasep"],"yoast_head":"<!-- This site is optimized with the Yoast SEO plugin v24.4 - https:\/\/yoast.com\/wordpress\/plugins\/seo\/ -->\n<title>Governo Federal vai liberar R$ 42 bilh\u00f5es do FGTS<\/title>\n<meta name=\"robots\" content=\"index, follow, max-snippet:-1, max-image-preview:large, max-video-preview:-1\" \/>\n<link rel=\"canonical\" href=\"https:\/\/www.suno.com.br\/noticias\/fgts-pis-pasep-saque\/\" \/>\n<meta property=\"og:locale\" content=\"pt_BR\" \/>\n<meta property=\"og:type\" content=\"article\" \/>\n<meta property=\"og:title\" content=\"Governo Federal vai liberar R$ 42 bilh\u00f5es do FGTS\" \/>\n<meta property=\"og:description\" content=\"De acordo com o ministro da Economia, Paulo Guedes, o governo poder\u00e1 divulgar na pr\u00f3xima quinta-feira (18), as regras de libera\u00e7\u00e3o do PIS\/Pasep e de contas do Fundo de Garantia do Tempo de Servi\u00e7o (FGTS). A medida tem como objetivo estimular a economia nacional. Os benefici\u00e1rios poder\u00e3o ter o dep\u00f3sito de at\u00e9 R$ 1.045 do [&hellip;]\" \/>\n<meta property=\"og:url\" content=\"https:\/\/www.suno.com.br\/noticias\/fgts-pis-pasep-saque\/\" \/>\n<meta property=\"og:site_name\" content=\"Suno Not\u00edcias\" \/>\n<meta property=\"article:publisher\" content=\"https:\/\/facebook.com\/sunoresearch\" \/>\n<meta property=\"og:image\" content=\"https:\/\/files.sunoresearch.com.br\/n\/uploads\/2019\/05\/f0e11e85-fgts-pis-pasep.jpg\" \/>\n\t<meta property=\"og:image:width\" content=\"3993\" \/>\n\t<meta property=\"og:image:height\" content=\"2004\" \/>\n\t<meta property=\"og:image:type\" content=\"image\/jpeg\" \/>\n<meta name=\"author\" content=\"Poliana Santos\" \/>\n<meta name=\"twitter:card\" content=\"summary_large_image\" \/>\n<meta name=\"twitter:creator\" content=\"@sunoresearch\" \/>\n<meta name=\"twitter:site\" content=\"@sunoresearch\" \/>\n<meta name=\"twitter:label1\" content=\"Escrito por\" \/>\n\t<meta name=\"twitter:data1\" content=\"Poliana Santos\" \/>\n\t<meta name=\"twitter:label2\" content=\"Est. tempo de leitura\" \/>\n\t<meta name=\"twitter:data2\" content=\"2 minutos\" \/>\n<script type=\"application\/ld+json\" class=\"yoast-schema-graph\">{\"@context\":\"https:\/\/schema.org\",\"@graph\":[{\"@type\":\"NewsArticle\",\"@id\":\"https:\/\/www.suno.com.br\/noticias\/fgts-pis-pasep-saque\/#article\",\"isPartOf\":{\"@id\":\"https:\/\/www.suno.com.br\/noticias\/fgts-pis-pasep-saque\/\"},\"author\":{\"name\":\"Poliana Santos\",\"@id\":\"https:\/\/www.suno.com.br\/noticias\/#\/schema\/person\/02ec1f752758247878a2bf4abee1aeda\"},\"headline\":\"Governo Federal vai liberar R$ 42 bilh\u00f5es do FGTS\",\"datePublished\":\"2019-07-17T12:32:04+00:00\",\"dateModified\":\"2019-07-17T19:37:00+00:00\",\"mainEntityOfPage\":{\"@id\":\"https:\/\/www.suno.com.br\/noticias\/fgts-pis-pasep-saque\/\"},\"wordCount\":401,\"publisher\":{\"@id\":\"https:\/\/www.suno.com.br\/noticias\/#organization\"},\"image\":{\"@id\":\"https:\/\/www.suno.com.br\/noticias\/fgts-pis-pasep-saque\/#primaryimage\"},\"thumbnailUrl\":\"https:\/\/files.sunoresearch.com.br\/n\/uploads\/2019\/05\/f0e11e85-fgts-pis-pasep-scaled.webp\",\"keywords\":[\"FGTS\",\"PIS\/Pasep\"],\"articleSection\":[\"Economia\"],\"inLanguage\":\"pt-BR\"},{\"@type\":\"WebPage\",\"@id\":\"https:\/\/www.suno.com.br\/noticias\/fgts-pis-pasep-saque\/\",\"url\":\"https:\/\/www.suno.com.br\/noticias\/fgts-pis-pasep-saque\/\",\"name\":\"Governo Federal vai liberar R$ 42 bilh\u00f5es do FGTS\",\"isPartOf\":{\"@id\":\"https:\/\/www.suno.com.br\/noticias\/#website\"},\"primaryImageOfPage\":{\"@id\":\"https:\/\/www.suno.com.br\/noticias\/fgts-pis-pasep-saque\/#primaryimage\"},\"image\":{\"@id\":\"https:\/\/www.suno.com.br\/noticias\/fgts-pis-pasep-saque\/#primaryimage\"},\"thumbnailUrl\":\"https:\/\/files.sunoresearch.com.br\/n\/uploads\/2019\/05\/f0e11e85-fgts-pis-pasep-scaled.webp\",\"datePublished\":\"2019-07-17T12:32:04+00:00\",\"dateModified\":\"2019-07-17T19:37:00+00:00\",\"breadcrumb\":{\"@id\":\"https:\/\/www.suno.com.br\/noticias\/fgts-pis-pasep-saque\/#breadcrumb\"},\"inLanguage\":\"pt-BR\",\"potentialAction\":[{\"@type\":\"ReadAction\",\"target\":[\"https:\/\/www.suno.com.br\/noticias\/fgts-pis-pasep-saque\/\"]}]},{\"@type\":\"ImageObject\",\"inLanguage\":\"pt-BR\",\"@id\":\"https:\/\/www.suno.com.br\/noticias\/fgts-pis-pasep-saque\/#primaryimage\",\"url\":\"https:\/\/files.sunoresearch.com.br\/n\/uploads\/2019\/05\/f0e11e85-fgts-pis-pasep-scaled.webp\",\"contentUrl\":\"https:\/\/files.sunoresearch.com.br\/n\/uploads\/2019\/05\/f0e11e85-fgts-pis-pasep-scaled.webp\",\"width\":2560,\"height\":1285,\"caption\":\"Os benefici\u00e1rios poder\u00e3o ter o dep\u00f3sito de at\u00e9 R$ 1.045 do FGTS, contabilizando a soma de todas as contas ativas ou inativas com saldo.\"},{\"@type\":\"BreadcrumbList\",\"@id\":\"https:\/\/www.suno.com.br\/noticias\/fgts-pis-pasep-saque\/#breadcrumb\",\"itemListElement\":[{\"@type\":\"ListItem\",\"position\":1,\"name\":\"Not\u00edcias\",\"item\":\"https:\/\/www.suno.com.br\/noticias\/\"},{\"@type\":\"ListItem\",\"position\":2,\"name\":\"Economia\",\"item\":\"https:\/\/www.suno.com.br\/noticias\/economia\/\"},{\"@type\":\"ListItem\",\"position\":3,\"name\":\"Governo Federal vai liberar R$ 42 bilh\u00f5es do FGTS\"}]},{\"@type\":\"WebSite\",\"@id\":\"https:\/\/www.suno.com.br\/noticias\/#website\",\"url\":\"https:\/\/www.suno.com.br\/noticias\/\",\"name\":\"Suno Not\u00edcias\",\"description\":\"Seu portal de informa\u00e7\u00e3o sobre o mundo dos investimentos\",\"publisher\":{\"@id\":\"https:\/\/www.suno.com.br\/noticias\/#organization\"},\"potentialAction\":[{\"@type\":\"SearchAction\",\"target\":{\"@type\":\"EntryPoint\",\"urlTemplate\":\"https:\/\/www.suno.com.br\/noticias\/?s={search_term_string}\"},\"query-input\":{\"@type\":\"PropertyValueSpecification\",\"valueRequired\":true,\"valueName\":\"search_term_string\"}}],\"inLanguage\":\"pt-BR\"},{\"@type\":\"Organization\",\"@id\":\"https:\/\/www.suno.com.br\/noticias\/#organization\",\"name\":\"Suno Not\u00edcias\",\"url\":\"https:\/\/www.suno.com.br\/noticias\/\",\"logo\":{\"@type\":\"ImageObject\",\"inLanguage\":\"pt-BR\",\"@id\":\"https:\/\/www.suno.com.br\/noticias\/#\/schema\/logo\/image\/\",\"url\":\"https:\/\/files.sunoresearch.com.br\/n\/uploads\/2021\/09\/suno-logo.png\",\"contentUrl\":\"https:\/\/files.sunoresearch.com.br\/n\/uploads\/2021\/09\/suno-logo.png\",\"width\":180,\"height\":180,\"caption\":\"Suno Not\u00edcias\"},\"image\":{\"@id\":\"https:\/\/www.suno.com.br\/noticias\/#\/schema\/logo\/image\/\"},\"sameAs\":[\"https:\/\/facebook.com\/sunoresearch\",\"https:\/\/x.com\/sunoresearch\",\"https:\/\/www.instagram.com\/suno\",\"https:\/\/www.linkedin.com\/company\/suno-research\/\",\"https:\/\/www.youtube.com\/c\/sunoresearch\"]},{\"@type\":\"Person\",\"@id\":\"https:\/\/www.suno.com.br\/noticias\/#\/schema\/person\/02ec1f752758247878a2bf4abee1aeda\",\"name\":\"Poliana Santos\",\"image\":{\"@type\":\"ImageObject\",\"inLanguage\":\"pt-BR\",\"@id\":\"https:\/\/www.suno.com.br\/noticias\/#\/schema\/person\/image\/\",\"url\":\"https:\/\/secure.gravatar.com\/avatar\/0645bd32f23d87b2130f2b2dff1d3f8d?s=96&r=g\",\"contentUrl\":\"https:\/\/secure.gravatar.com\/avatar\/0645bd32f23d87b2130f2b2dff1d3f8d?s=96&r=g\",\"caption\":\"Poliana Santos\"},\"description\":\"Rep\u00f3rter no Suno Not\u00edcias, com cobertura em mercado financeiro, economia, finan\u00e7as pessoais, renda fixa e varejo. Jornalista formada pela Faculdade C\u00e1sper L\u00edbero e possui passagem na R\u00e1dio Gazeta AM com a produ\u00e7\u00e3o de conte\u00fado sobre economia, pol\u00edtica, sa\u00fade, moda e m\u00fasica. Possui certificado de conclus\u00e3o do curso de An\u00e1lise de Balan\u00e7os pela Funda\u00e7\u00e3o Bradesco, Agenda Brasil pela FAAP, Educa\u00e7\u00e3o Pol\u00edtica por Alexandre Garcia e do Tesouro Direto e Mercado de A\u00e7\u00f5es pela B3.\",\"url\":\"https:\/\/www.suno.com.br\/noticias\/author\/poliana-santos\/\"}]}<\/script>\n<!-- \/ Yoast SEO plugin. -->","yoast_head_json":{"title":"Governo Federal vai liberar R$ 42 bilh\u00f5es do FGTS","robots":{"index":"index","follow":"follow","max-snippet":"max-snippet:-1","max-image-preview":"max-image-preview:large","max-video-preview":"max-video-preview:-1"},"canonical":"https:\/\/www.suno.com.br\/noticias\/fgts-pis-pasep-saque\/","og_locale":"pt_BR","og_type":"article","og_title":"Governo Federal vai liberar R$ 42 bilh\u00f5es do FGTS","og_description":"De acordo com o ministro da Economia, Paulo Guedes, o governo poder\u00e1 divulgar na pr\u00f3xima quinta-feira (18), as regras de libera\u00e7\u00e3o do PIS\/Pasep e de contas do Fundo de Garantia do Tempo de Servi\u00e7o (FGTS). A medida tem como objetivo estimular a economia nacional. Os benefici\u00e1rios poder\u00e3o ter o dep\u00f3sito de at\u00e9 R$ 1.045 do [&hellip;]","og_url":"https:\/\/www.suno.com.br\/noticias\/fgts-pis-pasep-saque\/","og_site_name":"Suno Not\u00edcias","article_publisher":"https:\/\/facebook.com\/sunoresearch","og_image":[{"width":3993,"height":2004,"url":"https:\/\/files.sunoresearch.com.br\/n\/uploads\/2019\/05\/f0e11e85-fgts-pis-pasep.jpg","type":"image\/jpeg"}],"author":"Poliana Santos","twitter_card":"summary_large_image","twitter_creator":"@sunoresearch","twitter_site":"@sunoresearch","twitter_misc":{"Escrito por":"Poliana Santos","Est. tempo de leitura":"2 minutos"},"schema":{"@context":"https:\/\/schema.org","@graph":[{"@type":"NewsArticle","@id":"https:\/\/www.suno.com.br\/noticias\/fgts-pis-pasep-saque\/#article","isPartOf":{"@id":"https:\/\/www.suno.com.br\/noticias\/fgts-pis-pasep-saque\/"},"author":{"name":"Poliana Santos","@id":"https:\/\/www.suno.com.br\/noticias\/#\/schema\/person\/02ec1f752758247878a2bf4abee1aeda"},"headline":"Governo Federal vai liberar R$ 42 bilh\u00f5es do FGTS","datePublished":"2019-07-17T12:32:04+00:00","dateModified":"2019-07-17T19:37:00+00:00","mainEntityOfPage":{"@id":"https:\/\/www.suno.com.br\/noticias\/fgts-pis-pasep-saque\/"},"wordCount":401,"publisher":{"@id":"https:\/\/www.suno.com.br\/noticias\/#organization"},"image":{"@id":"https:\/\/www.suno.com.br\/noticias\/fgts-pis-pasep-saque\/#primaryimage"},"thumbnailUrl":"https:\/\/files.sunoresearch.com.br\/n\/uploads\/2019\/05\/f0e11e85-fgts-pis-pasep-scaled.webp","keywords":["FGTS","PIS\/Pasep"],"articleSection":["Economia"],"inLanguage":"pt-BR"},{"@type":"WebPage","@id":"https:\/\/www.suno.com.br\/noticias\/fgts-pis-pasep-saque\/","url":"https:\/\/www.suno.com.br\/noticias\/fgts-pis-pasep-saque\/","name":"Governo Federal vai liberar R$ 42 bilh\u00f5es do FGTS","isPartOf":{"@id":"https:\/\/www.suno.com.br\/noticias\/#website"},"primaryImageOfPage":{"@id":"https:\/\/www.suno.com.br\/noticias\/fgts-pis-pasep-saque\/#primaryimage"},"image":{"@id":"https:\/\/www.suno.com.br\/noticias\/fgts-pis-pasep-saque\/#primaryimage"},"thumbnailUrl":"https:\/\/files.sunoresearch.com.br\/n\/uploads\/2019\/05\/f0e11e85-fgts-pis-pasep-scaled.webp","datePublished":"2019-07-17T12:32:04+00:00","dateModified":"2019-07-17T19:37:00+00:00","breadcrumb":{"@id":"https:\/\/www.suno.com.br\/noticias\/fgts-pis-pasep-saque\/#breadcrumb"},"inLanguage":"pt-BR","potentialAction":[{"@type":"ReadAction","target":["https:\/\/www.suno.com.br\/noticias\/fgts-pis-pasep-saque\/"]}]},{"@type":"ImageObject","inLanguage":"pt-BR","@id":"https:\/\/www.suno.com.br\/noticias\/fgts-pis-pasep-saque\/#primaryimage","url":"https:\/\/files.sunoresearch.com.br\/n\/uploads\/2019\/05\/f0e11e85-fgts-pis-pasep-scaled.webp","contentUrl":"https:\/\/files.sunoresearch.com.br\/n\/uploads\/2019\/05\/f0e11e85-fgts-pis-pasep-scaled.webp","width":2560,"height":1285,"caption":"Os benefici\u00e1rios poder\u00e3o ter o dep\u00f3sito de at\u00e9 R$ 1.045 do FGTS, contabilizando a soma de todas as contas ativas ou inativas com saldo."},{"@type":"BreadcrumbList","@id":"https:\/\/www.suno.com.br\/noticias\/fgts-pis-pasep-saque\/#breadcrumb","itemListElement":[{"@type":"ListItem","position":1,"name":"Not\u00edcias","item":"https:\/\/www.suno.com.br\/noticias\/"},{"@type":"ListItem","position":2,"name":"Economia","item":"https:\/\/www.suno.com.br\/noticias\/economia\/"},{"@type":"ListItem","position":3,"name":"Governo Federal vai liberar R$ 42 bilh\u00f5es do FGTS"}]},{"@type":"WebSite","@id":"https:\/\/www.suno.com.br\/noticias\/#website","url":"https:\/\/www.suno.com.br\/noticias\/","name":"Suno Not\u00edcias","description":"Seu portal de informa\u00e7\u00e3o sobre o mundo dos investimentos","publisher":{"@id":"https:\/\/www.suno.com.br\/noticias\/#organization"},"potentialAction":[{"@type":"SearchAction","target":{"@type":"EntryPoint","urlTemplate":"https:\/\/www.suno.com.br\/noticias\/?s={search_term_string}"},"query-input":{"@type":"PropertyValueSpecification","valueRequired":true,"valueName":"search_term_string"}}],"inLanguage":"pt-BR"},{"@type":"Organization","@id":"https:\/\/www.suno.com.br\/noticias\/#organization","name":"Suno Not\u00edcias","url":"https:\/\/www.suno.com.br\/noticias\/","logo":{"@type":"ImageObject","inLanguage":"pt-BR","@id":"https:\/\/www.suno.com.br\/noticias\/#\/schema\/logo\/image\/","url":"https:\/\/files.sunoresearch.com.br\/n\/uploads\/2021\/09\/suno-logo.png","contentUrl":"https:\/\/files.sunoresearch.com.br\/n\/uploads\/2021\/09\/suno-logo.png","width":180,"height":180,"caption":"Suno Not\u00edcias"},"image":{"@id":"https:\/\/www.suno.com.br\/noticias\/#\/schema\/logo\/image\/"},"sameAs":["https:\/\/facebook.com\/sunoresearch","https:\/\/x.com\/sunoresearch","https:\/\/www.instagram.com\/suno","https:\/\/www.linkedin.com\/company\/suno-research\/","https:\/\/www.youtube.com\/c\/sunoresearch"]},{"@type":"Person","@id":"https:\/\/www.suno.com.br\/noticias\/#\/schema\/person\/02ec1f752758247878a2bf4abee1aeda","name":"Poliana Santos","image":{"@type":"ImageObject","inLanguage":"pt-BR","@id":"https:\/\/www.suno.com.br\/noticias\/#\/schema\/person\/image\/","url":"https:\/\/secure.gravatar.com\/avatar\/0645bd32f23d87b2130f2b2dff1d3f8d?s=96&r=g","contentUrl":"https:\/\/secure.gravatar.com\/avatar\/0645bd32f23d87b2130f2b2dff1d3f8d?s=96&r=g","caption":"Poliana Santos"},"description":"Rep\u00f3rter no Suno Not\u00edcias, com cobertura em mercado financeiro, economia, finan\u00e7as pessoais, renda fixa e varejo. Jornalista formada pela Faculdade C\u00e1sper L\u00edbero e possui passagem na R\u00e1dio Gazeta AM com a produ\u00e7\u00e3o de conte\u00fado sobre economia, pol\u00edtica, sa\u00fade, moda e m\u00fasica. Possui certificado de conclus\u00e3o do curso de An\u00e1lise de Balan\u00e7os pela Funda\u00e7\u00e3o Bradesco, Agenda Brasil pela FAAP, Educa\u00e7\u00e3o Pol\u00edtica por Alexandre Garcia e do Tesouro Direto e Mercado de A\u00e7\u00f5es pela B3.","url":"https:\/\/www.suno.com.br\/noticias\/author\/poliana-santos\/"}]}},"default_loop_html":"<div class=\"cardsPage__listCard__boxs\"><div class=\"cardsPage__listCard__boxs__img\"><a href=\"https:\/\/www.suno.com.br\/noticias\/fgts-pis-pasep-saque\/\"><img class=\"mask\" src=\"https:\/\/www.suno.com.br\/noticias\/wp-content\/themes\/suno\/resources\/images\/spotlight\/spotlight1img\/bg-mask.png\" alt=\"Image Mask\"\/><img src=\"https:\/\/files.sunoresearch.com.br\/n\/uploads\/2019\/05\/f0e11e85-fgts-pis-pasep-400x200.webp\" alt=\"Governo Federal vai liberar R$ 42 bilh\u00f5es do FGTS\"\/><\/a><span class=\"spotlightCategory\"><a href=\"https:\/\/www.suno.com.br\/noticias\/economia\/\">Economia<\/a><\/span><\/div><div class=\"cardsPage__listCard__boxs__content\"><a href=\"https:\/\/www.suno.com.br\/noticias\/fgts-pis-pasep-saque\/\"><h2 class=\"content__title\">Governo Federal vai liberar R$ 42 bilh\u00f5es do FGTS<\/h2><\/a><div class=\"newsContent__article__meta\"><div class=\"newsContent__article__meta__authorBox\"><a href=\"https:\/\/www.suno.com.br\/noticias\/author\/poliana-santos\/\" class=\"authorBox__avatar noMobi\"><img src=\"https:\/\/files.sunoresearch.com.br\/n\/uploads\/2020\/08\/7ef34026-whatsapp-image-2020-08-03-at-12.37.57-150x150.webp\" alt=\"Poliana Santos\"><\/a><div class=\"authorBox__name\"><span>por\n\t\t\t<a href=\"https:\/\/www.suno.com.br\/noticias\/author\/poliana-santos\/\"><span itemprop=\"author\">Poliana Santos<\/span><\/a><\/span><time datetime=\"2019-07-17T09:32:04-03:00\" itemprop=\"datePublished\">17\/07\/2019 09:32<\/time><\/div><\/div><\/div><\/div><\/div>","single_layout":"posts","amp_enabled":true,"_links":{"self":[{"href":"https:\/\/www.suno.com.br\/noticias\/wp-json\/wp\/v2\/posts\/31194"}],"collection":[{"href":"https:\/\/www.suno.com.br\/noticias\/wp-json\/wp\/v2\/posts"}],"about":[{"href":"https:\/\/www.suno.com.br\/noticias\/wp-json\/wp\/v2\/types\/post"}],"author":[{"embeddable":true,"href":"https:\/\/www.suno.com.br\/noticias\/wp-json\/wp\/v2\/users\/15"}],"replies":[{"embeddable":true,"href":"https:\/\/www.suno.com.br\/noticias\/wp-json\/wp\/v2\/comments?post=31194"}],"version-history":[{"count":0,"href":"https:\/\/www.suno.com.br\/noticias\/wp-json\/wp\/v2\/posts\/31194\/revisions"}],"wp:featuredmedia":[{"embeddable":true,"href":"https:\/\/www.suno.com.br\/noticias\/wp-json\/wp\/v2\/media\/26749"}],"wp:attachment":[{"href":"https:\/\/www.suno.com.br\/noticias\/wp-json\/wp\/v2\/media?parent=31194"}],"wp:term":[{"taxonomy":"category","embeddable":true,"href":"https:\/\/www.suno.com.br\/noticias\/wp-json\/wp\/v2\/categories?post=31194"},{"taxonomy":"post_tag","embeddable":true,"href":"https:\/\/www.suno.com.br\/noticias\/wp-json\/wp\/v2\/tags?post=31194"},{"taxonomy":"suno_strategy","embeddable":true,"href":"https:\/\/www.suno.com.br\/noticias\/wp-json\/wp\/v2\/suno_strategy?post=31194"}],"curies":[{"name":"wp","href":"https:\/\/api.w.org\/{rel}","templated":true}]}}