{"id":311929,"date":"2022-10-26T12:12:36","date_gmt":"2022-10-26T15:12:36","guid":{"rendered":"https:\/\/www.suno.com.br\/noticias\/?p=311929"},"modified":"2022-10-26T12:13:53","modified_gmt":"2022-10-26T15:13:53","slug":"acoes-weg-wege3-disparam-balanco-3t22","status":"publish","type":"post","link":"https:\/\/www.suno.com.br\/noticias\/acoes-weg-wege3-disparam-balanco-3t22\/","title":{"rendered":"A\u00e7\u00f5es da Weg (WEGE3) disparam na bolsa ap\u00f3s balan\u00e7o; entenda por qu\u00ea"},"content":{"rendered":"<p>As a\u00e7\u00f5es da <strong>Weg<\/strong> (WEGE3) dispararam na <a class=\"suno-keyword\" href=\"https:\/\/www.suno.com.br\/guias\/bolsa-de-valores\/\" target=\"_blank\" rel=\"noopener\" data-force=\"no\" data-priority=\"3\">bolsa de valores<\/a> hoje (26) ap\u00f3s a divulga\u00e7\u00e3o do balan\u00e7o do 3T22.\u00a0 Por volta das 11h20, os pap\u00e9is da multinacional brasileira se valorizavam 6,08%, a R$ 37,18.<\/p>\t<div class=\"wrapper-featured-image\">\n\t\t<figure class=\"spotlightImg\">\n\n\t\t\t<picture>\n\t\t\t\t<source media=\"(max-width: 768px)\" srcset=\"https:\/\/files.sunoresearch.com.br\/n\/uploads\/2022\/07\/weg-400x200.jpg\">\n\t\t\t\t<img loading=\"lazy\" decoding=\"async\" class=\"newsContent__article__imgCapa lazyloadDisabled \" src=\"https:\/\/files.sunoresearch.com.br\/n\/uploads\/2022\/07\/weg-800x450.jpg\" width=\"800\" height=\"450\" alt=\"A\u00e7\u00f5es da Weg (WEGE3) disparam na bolsa ap\u00f3s balan\u00e7o; entenda por qu\u00ea\" fetchpriority=high \/>\n\t\t\t<\/picture>\n\n\t\t\t<figcaption class=\"wp-caption-text wp-caption-text--show\">Weg (WEGE3). Foto: Divulga\u00e7\u00e3o<\/figcaption>\n\t\t<\/figure>\n\t<\/div>\n\n\n\t<p>\n\t\t<a href=\"\" target=\"_blank\" data-element=\"shortcode-suno-banner\" title=\"Banner SUNO, clique e saiba mais\">\n\t\t\t<picture>\n\t\t\t\t<source media=\"(max-width: 500px)\" srcset=\"\">\n\t\t\t\t<img class=\"newsContent__article__imgCapa newsContent__article__imgCapa--banner\"\n\t\t\t\t\tsrc=\"\"\n\t\t\t\t\tdata-promo-id=\"138420\"\t\t\t\t\t\t\t\t\t\t\t\t\t\t\talt=\"\"\n\t\t\t\t>\n\t\t\t<\/picture>\n\t\t<\/a>\n\t<\/p>\n\n\n<p>Na primeira hora de preg\u00e3o, o <strong>pre\u00e7o das a\u00e7\u00f5es da Weg<\/strong> chegou a registrar a m\u00e1xima de R$ 38,96, o que representaria uma alta di\u00e1ria de 11,16%.<\/p>\n<p>Esse foi o maior <strong>valor das a\u00e7\u00f5es da Weg<\/strong> desde o final de outubro de 2021. A disparada dos pap\u00e9is da companhia aconteceu ap\u00f3s a divulga\u00e7\u00e3o de seus resultados do 3T22, que registrou uma alta de 40% no lucro em rela\u00e7\u00e3o ao mesmo trimestre do ano passado e superou as estimativas do mercado financeiro.<\/p>\n\t<div data-element=\"shortcode-read-more\" class=\"knowMore\">\n\t\t\t\t<span class=\"knowMore__title\">Leia mais:<\/span>\n\t\t\t\t<a class=\"knowMore__link\" href=\"https:\/\/www.suno.com.br\/noticias\/oi-oibr3-meliuz-cash3-telefonica-vivt3-destaques\/\">\n\t\t\tOi (OIBR3), M\u00e9liuz (CASH3) e Telef\u00f4nica (VIVT3) chamam a aten\u00e7\u00e3o do mercado financeiro\t\t<\/a>\n\t<\/div>\n\n\n<p>Ap\u00f3s o an\u00fancio do <strong>resultado da Weg<\/strong>, os analistas do banco Citi reiteraram sua recomenda\u00e7\u00e3o de \u201ccompra\u201d para os pap\u00e9is da empresa, com pre\u00e7o-alvo de R$ 44.<\/p>\n<p>Entre os destaques do balan\u00e7o, os analistas observaram como pontos positivos o bom crescimento da empresa nos mercados internacionais. Al\u00e9m disso, a demanda no mercado dom\u00e9stico tamb\u00e9m chamou a aten\u00e7\u00e3o.<\/p>\n<p>J\u00e1 a recomenda\u00e7\u00e3o dos analistas do Bradesco BBI continuou como \u201cneutra\u201d para as a\u00e7\u00f5es da fabricante de motores el\u00e9tricos e tintas industriais, embora tenham aumentado o pre\u00e7o-alvo, que passou de R$ 35 para R$ 36 depois da divulga\u00e7\u00e3o do <strong>balan\u00e7o da Weg<\/strong>.<\/p>\n<p>Analistas do Bradesco BBI mantiveram a recomenda\u00e7\u00e3o \u201cneutra\u201d para as a\u00e7\u00f5es, mas elevaram o pre\u00e7o-alvo de 35 para 36 reais ap\u00f3s o resultado, chamando a aten\u00e7\u00e3o tamb\u00e9m para o desempenho das margens da empresa.<\/p>\n<p>Enquanto isso, os analistas da Guide Investimentos destacaram o \u201cexcelente patamar de resultados no in\u00edcio deste \u00faltimo semestre do ano\u201d. Al\u00e9m disso, chamaram a aten\u00e7\u00e3o para a sinaliza\u00e7\u00e3o da Weg de que a carteira de pedidos continua forte.<\/p>\n<p>No entanto, os especialistas dizem que ainda \u00e9 necess\u00e1rio avaliar eventuais impactos decorrentes da desacelera\u00e7\u00e3o da economia europeia nos pr\u00f3ximos <strong>resultados da Weg<\/strong>.<\/p>\n\t<p>\n\t\t<a href=\"https:\/\/lp.suno.com.br\/planilha-controle-gastos\/\" target=\"_blank\" data-element=\"shortcode-suno-banner\" title=\"Banner SUNO, clique e saiba mais\">\n\t\t\t<picture>\n\t\t\t\t<source media=\"(max-width: 500px)\" srcset=\"https:\/\/files.sunoresearch.com.br\/n\/uploads\/2023\/03\/400x300-Planilha-controle-de-gastos.png\">\n\t\t\t\t<img class=\"newsContent__article__imgCapa newsContent__article__imgCapa--banner\"\n\t\t\t\t\tsrc=\"https:\/\/files.sunoresearch.com.br\/n\/uploads\/2023\/03\/1420x240-Planilha-controle-de-gastos.png\"\n\t\t\t\t\tdata-promo-id=\"101751\"\t\t\t\t\t\t\t\t\t\twidth='1420' height='240'\t\t\t\t\talt=\"https:\/\/files.sunoresearch.com.br\/n\/uploads\/2023\/03\/1420x240-Planilha-controle-de-gastos.png\"\n\t\t\t\t>\n\t\t\t<\/picture>\n\t\t<\/a>\n\t<\/p>\n\n\n<h2>Lucro l\u00edquido da Weg supera expectativas do mercado no 3T22<\/h2>\n<p>O <strong>lucro l\u00edquido da Weg<\/strong> foi de R$ 1,158 bilh\u00e3o no 3T22, representando uma alta de 42,5%, na compara\u00e7\u00e3o com o mesmo trimestre do ano passado, quando registrou R$ 812,92 milh\u00f5es.<\/p>\n<p>O <strong>lucro da Weg<\/strong> reportado no terceiro trimestre deste ano superou as expectativas do mercado. A proje\u00e7\u00e3o do consenso Refinitiv era de um crescimento anual de 18,5%, com um lucro estimado de R$ 977,6 milh\u00f5es.<\/p>\n<p>J\u00e1 a <a class=\"suno-keyword\" href=\"https:\/\/www.suno.com.br\/artigos\/margem-liquida\/\" target=\"_blank\" rel=\"noopener\" data-force=\"no\" data-priority=\"1\">margem l\u00edquida<\/a> da empresa foi de 14,6% no 3T22, 1,5 ponto percentual acima do mesmo per\u00edodo de 2021, assim como 1,9 ponto percentual a mais que o registrado no trimestre passado.<\/p>\n<p>O lucro antes de juros, impostos, deprecia\u00e7\u00f5es e amortiza\u00e7\u00f5es (Ebitda) da Weg foi de R$ 1,568 bilh\u00e3o, com crescimento anual de 37,1%, ficando em linha com as expectativas do Refinitiv, que era de R$ 1,57 bilh\u00e3o.<\/p>\n<p>A soma da <a class=\"suno-keyword\" href=\"https:\/\/www.suno.com.br\/artigos\/receita-liquida-operacional\/\" target=\"_blank\" rel=\"noopener\" data-force=\"no\" data-priority=\"1\">receita operacional l\u00edquida<\/a> foi de R$ 7,91 bilh\u00f5es no 3T22, com avan\u00e7o de 27,6%, ficando 7% acima das estimativas do mercado, de R$ 7,39 bilh\u00f5es.<\/p>\n<p>A receita no <a class=\"suno-keyword\" href=\"https:\/\/www.suno.com.br\/artigos\/mercado-externo\/\" target=\"_blank\" rel=\"noopener\" data-force=\"no\" data-priority=\"1\">mercado externo<\/a> da <strong>Weg<\/strong>, calculada em d\u00f3lar, teve uma alta de 21,3% no terceiro trimestre deste ano, quando comparado ao 3T21. Em rela\u00e7\u00e3o ao trimestre passado (2T22), essa alta foi de 5,3%.<\/p>\n\t<p>\n\t\t<a href=\"https:\/\/lp.suno.com.br\/planilha-da-vida-financeira\/\" target=\"_blank\" data-element=\"shortcode-suno-banner\" title=\"Banner SUNO, clique e saiba mais\">\n\t\t\t<picture>\n\t\t\t\t<source media=\"(max-width: 500px)\" srcset=\"https:\/\/files.sunoresearch.com.br\/n\/uploads\/2023\/04\/400x300-Planilha-vida-financeira-true.png\">\n\t\t\t\t<img class=\"newsContent__article__imgCapa newsContent__article__imgCapa--banner\"\n\t\t\t\t\tsrc=\"https:\/\/files.sunoresearch.com.br\/n\/uploads\/2023\/04\/1420x240-Planilha-vida-financeira-true.png\"\n\t\t\t\t\tdata-promo-id=\"106682\"\t\t\t\t\t\t\t\t\t\twidth='1420' height='240'\t\t\t\t\talt=\"https:\/\/files.sunoresearch.com.br\/n\/uploads\/2023\/04\/1420x240-Planilha-vida-financeira-true.png\"\n\t\t\t\t>\n\t\t\t<\/picture>\n\t\t<\/a>\n\t<\/p>\n\n\n","protected":false},"excerpt":{"rendered":"<p>As a\u00e7\u00f5es da Weg (WEGE3) dispararam na bolsa de valores hoje (26) ap\u00f3s a divulga\u00e7\u00e3o do balan\u00e7o do 3T22.\u00a0 Por volta das 11h20, os pap\u00e9is da multinacional brasileira se valorizavam 6,08%, a R$ 37,18. Weg (WEGE3). Foto: Divulga\u00e7\u00e3o Na primeira hora de preg\u00e3o, o pre\u00e7o das a\u00e7\u00f5es da Weg chegou a registrar a m\u00e1xima de [&hellip;]<\/p>\n","protected":false},"author":173,"featured_media":277335,"comment_status":"closed","ping_status":"closed","sticky":false,"template":"","format":"standard","meta":[],"categories":[60],"tags":[681],"suno_strategy":[],"class_list":["post-311929","post","type-post","status-publish","format-standard","has-post-thumbnail","hentry","category-mercado","tag-weg-wege3"],"yoast_head":"<!-- This site is optimized with the Yoast SEO plugin v24.4 - https:\/\/yoast.com\/wordpress\/plugins\/seo\/ -->\n<title>A\u00e7\u00f5es da Weg (WEGE3) disparam na bolsa ap\u00f3s balan\u00e7o; entenda<\/title>\n<meta name=\"description\" content=\"As a\u00e7\u00f5es da Weg (WEGE3) dispararam na bolsa de valores ap\u00f3s a divulga\u00e7\u00e3o de balan\u00e7o do 3T22. Veja por que os pap\u00e9is da Weg subiram hoje (26).\" \/>\n<meta name=\"robots\" content=\"index, follow, max-snippet:-1, max-image-preview:large, max-video-preview:-1\" \/>\n<link rel=\"canonical\" href=\"https:\/\/www.suno.com.br\/noticias\/acoes-weg-wege3-disparam-balanco-3t22\/\" \/>\n<meta property=\"og:locale\" content=\"pt_BR\" \/>\n<meta property=\"og:type\" content=\"article\" \/>\n<meta property=\"og:title\" content=\"A\u00e7\u00f5es da Weg (WEGE3) disparam na bolsa ap\u00f3s balan\u00e7o; entenda\" \/>\n<meta property=\"og:description\" content=\"As a\u00e7\u00f5es da Weg (WEGE3) dispararam na bolsa de valores ap\u00f3s a divulga\u00e7\u00e3o de balan\u00e7o do 3T22. Veja por que os pap\u00e9is da Weg subiram hoje (26).\" \/>\n<meta property=\"og:url\" content=\"https:\/\/www.suno.com.br\/noticias\/acoes-weg-wege3-disparam-balanco-3t22\/\" \/>\n<meta property=\"og:site_name\" content=\"Suno Not\u00edcias\" \/>\n<meta property=\"article:publisher\" content=\"https:\/\/facebook.com\/sunoresearch\" \/>\n<meta property=\"og:image\" content=\"https:\/\/files.sunoresearch.com.br\/n\/uploads\/2022\/07\/weg.jpg\" \/>\n\t<meta property=\"og:image:width\" content=\"1400\" \/>\n\t<meta property=\"og:image:height\" content=\"824\" \/>\n\t<meta property=\"og:image:type\" content=\"image\/jpeg\" \/>\n<meta name=\"author\" content=\"Jo\u00e3o Vitor\" \/>\n<meta name=\"twitter:card\" content=\"summary_large_image\" \/>\n<meta name=\"twitter:creator\" content=\"@sunoresearch\" \/>\n<meta name=\"twitter:site\" content=\"@sunoresearch\" \/>\n<meta name=\"twitter:label1\" content=\"Escrito por\" \/>\n\t<meta name=\"twitter:data1\" content=\"Jo\u00e3o Vitor\" \/>\n\t<meta name=\"twitter:label2\" content=\"Est. tempo de leitura\" \/>\n\t<meta name=\"twitter:data2\" content=\"3 minutos\" \/>\n<script type=\"application\/ld+json\" class=\"yoast-schema-graph\">{\"@context\":\"https:\/\/schema.org\",\"@graph\":[{\"@type\":\"NewsArticle\",\"@id\":\"https:\/\/www.suno.com.br\/noticias\/acoes-weg-wege3-disparam-balanco-3t22\/#article\",\"isPartOf\":{\"@id\":\"https:\/\/www.suno.com.br\/noticias\/acoes-weg-wege3-disparam-balanco-3t22\/\"},\"author\":{\"name\":\"Jo\u00e3o Vitor\",\"@id\":\"https:\/\/www.suno.com.br\/noticias\/#\/schema\/person\/87fc6973867c52dd884811905c43afba\"},\"headline\":\"A\u00e7\u00f5es da Weg (WEGE3) disparam na bolsa ap\u00f3s balan\u00e7o; entenda por qu\u00ea\",\"datePublished\":\"2022-10-26T15:12:36+00:00\",\"dateModified\":\"2022-10-26T15:13:53+00:00\",\"mainEntityOfPage\":{\"@id\":\"https:\/\/www.suno.com.br\/noticias\/acoes-weg-wege3-disparam-balanco-3t22\/\"},\"wordCount\":580,\"publisher\":{\"@id\":\"https:\/\/www.suno.com.br\/noticias\/#organization\"},\"image\":{\"@id\":\"https:\/\/www.suno.com.br\/noticias\/acoes-weg-wege3-disparam-balanco-3t22\/#primaryimage\"},\"thumbnailUrl\":\"https:\/\/files.sunoresearch.com.br\/n\/uploads\/2022\/07\/weg.jpg\",\"keywords\":[\"Weg (WEGE3)\"],\"articleSection\":[\"Mercado\"],\"inLanguage\":\"pt-BR\"},{\"@type\":\"WebPage\",\"@id\":\"https:\/\/www.suno.com.br\/noticias\/acoes-weg-wege3-disparam-balanco-3t22\/\",\"url\":\"https:\/\/www.suno.com.br\/noticias\/acoes-weg-wege3-disparam-balanco-3t22\/\",\"name\":\"A\u00e7\u00f5es da Weg (WEGE3) disparam na bolsa ap\u00f3s balan\u00e7o; entenda\",\"isPartOf\":{\"@id\":\"https:\/\/www.suno.com.br\/noticias\/#website\"},\"primaryImageOfPage\":{\"@id\":\"https:\/\/www.suno.com.br\/noticias\/acoes-weg-wege3-disparam-balanco-3t22\/#primaryimage\"},\"image\":{\"@id\":\"https:\/\/www.suno.com.br\/noticias\/acoes-weg-wege3-disparam-balanco-3t22\/#primaryimage\"},\"thumbnailUrl\":\"https:\/\/files.sunoresearch.com.br\/n\/uploads\/2022\/07\/weg.jpg\",\"datePublished\":\"2022-10-26T15:12:36+00:00\",\"dateModified\":\"2022-10-26T15:13:53+00:00\",\"description\":\"As a\u00e7\u00f5es da Weg (WEGE3) dispararam na bolsa de valores ap\u00f3s a divulga\u00e7\u00e3o de balan\u00e7o do 3T22. Veja por que os pap\u00e9is da Weg subiram hoje (26).\",\"breadcrumb\":{\"@id\":\"https:\/\/www.suno.com.br\/noticias\/acoes-weg-wege3-disparam-balanco-3t22\/#breadcrumb\"},\"inLanguage\":\"pt-BR\",\"potentialAction\":[{\"@type\":\"ReadAction\",\"target\":[\"https:\/\/www.suno.com.br\/noticias\/acoes-weg-wege3-disparam-balanco-3t22\/\"]}]},{\"@type\":\"ImageObject\",\"inLanguage\":\"pt-BR\",\"@id\":\"https:\/\/www.suno.com.br\/noticias\/acoes-weg-wege3-disparam-balanco-3t22\/#primaryimage\",\"url\":\"https:\/\/files.sunoresearch.com.br\/n\/uploads\/2022\/07\/weg.jpg\",\"contentUrl\":\"https:\/\/files.sunoresearch.com.br\/n\/uploads\/2022\/07\/weg.jpg\",\"width\":1400,\"height\":824,\"caption\":\"Weg (WEGE3). Foto: Divulga\u00e7\u00e3o\"},{\"@type\":\"BreadcrumbList\",\"@id\":\"https:\/\/www.suno.com.br\/noticias\/acoes-weg-wege3-disparam-balanco-3t22\/#breadcrumb\",\"itemListElement\":[{\"@type\":\"ListItem\",\"position\":1,\"name\":\"Not\u00edcias\",\"item\":\"https:\/\/www.suno.com.br\/noticias\/\"},{\"@type\":\"ListItem\",\"position\":2,\"name\":\"Mercado\",\"item\":\"https:\/\/www.suno.com.br\/noticias\/mercado\/\"},{\"@type\":\"ListItem\",\"position\":3,\"name\":\"A\u00e7\u00f5es da Weg (WEGE3) disparam na bolsa ap\u00f3s balan\u00e7o; entenda por qu\u00ea\"}]},{\"@type\":\"WebSite\",\"@id\":\"https:\/\/www.suno.com.br\/noticias\/#website\",\"url\":\"https:\/\/www.suno.com.br\/noticias\/\",\"name\":\"Suno Not\u00edcias\",\"description\":\"Seu portal de informa\u00e7\u00e3o sobre o mundo dos investimentos\",\"publisher\":{\"@id\":\"https:\/\/www.suno.com.br\/noticias\/#organization\"},\"potentialAction\":[{\"@type\":\"SearchAction\",\"target\":{\"@type\":\"EntryPoint\",\"urlTemplate\":\"https:\/\/www.suno.com.br\/noticias\/?s={search_term_string}\"},\"query-input\":{\"@type\":\"PropertyValueSpecification\",\"valueRequired\":true,\"valueName\":\"search_term_string\"}}],\"inLanguage\":\"pt-BR\"},{\"@type\":\"Organization\",\"@id\":\"https:\/\/www.suno.com.br\/noticias\/#organization\",\"name\":\"Suno Not\u00edcias\",\"url\":\"https:\/\/www.suno.com.br\/noticias\/\",\"logo\":{\"@type\":\"ImageObject\",\"inLanguage\":\"pt-BR\",\"@id\":\"https:\/\/www.suno.com.br\/noticias\/#\/schema\/logo\/image\/\",\"url\":\"https:\/\/files.sunoresearch.com.br\/n\/uploads\/2021\/09\/suno-logo.png\",\"contentUrl\":\"https:\/\/files.sunoresearch.com.br\/n\/uploads\/2021\/09\/suno-logo.png\",\"width\":180,\"height\":180,\"caption\":\"Suno Not\u00edcias\"},\"image\":{\"@id\":\"https:\/\/www.suno.com.br\/noticias\/#\/schema\/logo\/image\/\"},\"sameAs\":[\"https:\/\/facebook.com\/sunoresearch\",\"https:\/\/x.com\/sunoresearch\",\"https:\/\/www.instagram.com\/suno\",\"https:\/\/www.linkedin.com\/company\/suno-research\/\",\"https:\/\/www.youtube.com\/c\/sunoresearch\"]},{\"@type\":\"Person\",\"@id\":\"https:\/\/www.suno.com.br\/noticias\/#\/schema\/person\/87fc6973867c52dd884811905c43afba\",\"name\":\"Jo\u00e3o Vitor\",\"image\":{\"@type\":\"ImageObject\",\"inLanguage\":\"pt-BR\",\"@id\":\"https:\/\/www.suno.com.br\/noticias\/#\/schema\/person\/image\/\",\"url\":\"https:\/\/secure.gravatar.com\/avatar\/2843227ca03ccf8cc7ccca45204c127e?s=96&r=g\",\"contentUrl\":\"https:\/\/secure.gravatar.com\/avatar\/2843227ca03ccf8cc7ccca45204c127e?s=96&r=g\",\"caption\":\"Jo\u00e3o Vitor\"},\"description\":\"Redator profissional, com atua\u00e7\u00e3o no mercado editorial na produ\u00e7\u00e3o de not\u00edcias e conte\u00fados sobre o mercado de a\u00e7\u00f5es, fundos imobili\u00e1rios e economia popular. Graduando em Engenharia Qu\u00edmica pela Unesp, tamb\u00e9m j\u00e1 atuou como consultor financeiro.\",\"url\":\"https:\/\/www.suno.com.br\/noticias\/author\/joao-vitor-jacintho\/\"}]}<\/script>\n<!-- \/ Yoast SEO plugin. -->","yoast_head_json":{"title":"A\u00e7\u00f5es da Weg (WEGE3) disparam na bolsa ap\u00f3s balan\u00e7o; entenda","description":"As a\u00e7\u00f5es da Weg (WEGE3) dispararam na bolsa de valores ap\u00f3s a divulga\u00e7\u00e3o de balan\u00e7o do 3T22. Veja por que os pap\u00e9is da Weg subiram hoje (26).","robots":{"index":"index","follow":"follow","max-snippet":"max-snippet:-1","max-image-preview":"max-image-preview:large","max-video-preview":"max-video-preview:-1"},"canonical":"https:\/\/www.suno.com.br\/noticias\/acoes-weg-wege3-disparam-balanco-3t22\/","og_locale":"pt_BR","og_type":"article","og_title":"A\u00e7\u00f5es da Weg (WEGE3) disparam na bolsa ap\u00f3s balan\u00e7o; entenda","og_description":"As a\u00e7\u00f5es da Weg (WEGE3) dispararam na bolsa de valores ap\u00f3s a divulga\u00e7\u00e3o de balan\u00e7o do 3T22. Veja por que os pap\u00e9is da Weg subiram hoje (26).","og_url":"https:\/\/www.suno.com.br\/noticias\/acoes-weg-wege3-disparam-balanco-3t22\/","og_site_name":"Suno Not\u00edcias","article_publisher":"https:\/\/facebook.com\/sunoresearch","og_image":[{"width":1400,"height":824,"url":"https:\/\/files.sunoresearch.com.br\/n\/uploads\/2022\/07\/weg.jpg","type":"image\/jpeg"}],"author":"Jo\u00e3o Vitor","twitter_card":"summary_large_image","twitter_creator":"@sunoresearch","twitter_site":"@sunoresearch","twitter_misc":{"Escrito por":"Jo\u00e3o Vitor","Est. tempo de leitura":"3 minutos"},"schema":{"@context":"https:\/\/schema.org","@graph":[{"@type":"NewsArticle","@id":"https:\/\/www.suno.com.br\/noticias\/acoes-weg-wege3-disparam-balanco-3t22\/#article","isPartOf":{"@id":"https:\/\/www.suno.com.br\/noticias\/acoes-weg-wege3-disparam-balanco-3t22\/"},"author":{"name":"Jo\u00e3o Vitor","@id":"https:\/\/www.suno.com.br\/noticias\/#\/schema\/person\/87fc6973867c52dd884811905c43afba"},"headline":"A\u00e7\u00f5es da Weg (WEGE3) disparam na bolsa ap\u00f3s balan\u00e7o; entenda por qu\u00ea","datePublished":"2022-10-26T15:12:36+00:00","dateModified":"2022-10-26T15:13:53+00:00","mainEntityOfPage":{"@id":"https:\/\/www.suno.com.br\/noticias\/acoes-weg-wege3-disparam-balanco-3t22\/"},"wordCount":580,"publisher":{"@id":"https:\/\/www.suno.com.br\/noticias\/#organization"},"image":{"@id":"https:\/\/www.suno.com.br\/noticias\/acoes-weg-wege3-disparam-balanco-3t22\/#primaryimage"},"thumbnailUrl":"https:\/\/files.sunoresearch.com.br\/n\/uploads\/2022\/07\/weg.jpg","keywords":["Weg (WEGE3)"],"articleSection":["Mercado"],"inLanguage":"pt-BR"},{"@type":"WebPage","@id":"https:\/\/www.suno.com.br\/noticias\/acoes-weg-wege3-disparam-balanco-3t22\/","url":"https:\/\/www.suno.com.br\/noticias\/acoes-weg-wege3-disparam-balanco-3t22\/","name":"A\u00e7\u00f5es da Weg (WEGE3) disparam na bolsa ap\u00f3s balan\u00e7o; entenda","isPartOf":{"@id":"https:\/\/www.suno.com.br\/noticias\/#website"},"primaryImageOfPage":{"@id":"https:\/\/www.suno.com.br\/noticias\/acoes-weg-wege3-disparam-balanco-3t22\/#primaryimage"},"image":{"@id":"https:\/\/www.suno.com.br\/noticias\/acoes-weg-wege3-disparam-balanco-3t22\/#primaryimage"},"thumbnailUrl":"https:\/\/files.sunoresearch.com.br\/n\/uploads\/2022\/07\/weg.jpg","datePublished":"2022-10-26T15:12:36+00:00","dateModified":"2022-10-26T15:13:53+00:00","description":"As a\u00e7\u00f5es da Weg (WEGE3) dispararam na bolsa de valores ap\u00f3s a divulga\u00e7\u00e3o de balan\u00e7o do 3T22. Veja por que os pap\u00e9is da Weg subiram hoje (26).","breadcrumb":{"@id":"https:\/\/www.suno.com.br\/noticias\/acoes-weg-wege3-disparam-balanco-3t22\/#breadcrumb"},"inLanguage":"pt-BR","potentialAction":[{"@type":"ReadAction","target":["https:\/\/www.suno.com.br\/noticias\/acoes-weg-wege3-disparam-balanco-3t22\/"]}]},{"@type":"ImageObject","inLanguage":"pt-BR","@id":"https:\/\/www.suno.com.br\/noticias\/acoes-weg-wege3-disparam-balanco-3t22\/#primaryimage","url":"https:\/\/files.sunoresearch.com.br\/n\/uploads\/2022\/07\/weg.jpg","contentUrl":"https:\/\/files.sunoresearch.com.br\/n\/uploads\/2022\/07\/weg.jpg","width":1400,"height":824,"caption":"Weg (WEGE3). Foto: Divulga\u00e7\u00e3o"},{"@type":"BreadcrumbList","@id":"https:\/\/www.suno.com.br\/noticias\/acoes-weg-wege3-disparam-balanco-3t22\/#breadcrumb","itemListElement":[{"@type":"ListItem","position":1,"name":"Not\u00edcias","item":"https:\/\/www.suno.com.br\/noticias\/"},{"@type":"ListItem","position":2,"name":"Mercado","item":"https:\/\/www.suno.com.br\/noticias\/mercado\/"},{"@type":"ListItem","position":3,"name":"A\u00e7\u00f5es da Weg (WEGE3) disparam na bolsa ap\u00f3s balan\u00e7o; entenda por qu\u00ea"}]},{"@type":"WebSite","@id":"https:\/\/www.suno.com.br\/noticias\/#website","url":"https:\/\/www.suno.com.br\/noticias\/","name":"Suno Not\u00edcias","description":"Seu portal de informa\u00e7\u00e3o sobre o mundo dos investimentos","publisher":{"@id":"https:\/\/www.suno.com.br\/noticias\/#organization"},"potentialAction":[{"@type":"SearchAction","target":{"@type":"EntryPoint","urlTemplate":"https:\/\/www.suno.com.br\/noticias\/?s={search_term_string}"},"query-input":{"@type":"PropertyValueSpecification","valueRequired":true,"valueName":"search_term_string"}}],"inLanguage":"pt-BR"},{"@type":"Organization","@id":"https:\/\/www.suno.com.br\/noticias\/#organization","name":"Suno Not\u00edcias","url":"https:\/\/www.suno.com.br\/noticias\/","logo":{"@type":"ImageObject","inLanguage":"pt-BR","@id":"https:\/\/www.suno.com.br\/noticias\/#\/schema\/logo\/image\/","url":"https:\/\/files.sunoresearch.com.br\/n\/uploads\/2021\/09\/suno-logo.png","contentUrl":"https:\/\/files.sunoresearch.com.br\/n\/uploads\/2021\/09\/suno-logo.png","width":180,"height":180,"caption":"Suno Not\u00edcias"},"image":{"@id":"https:\/\/www.suno.com.br\/noticias\/#\/schema\/logo\/image\/"},"sameAs":["https:\/\/facebook.com\/sunoresearch","https:\/\/x.com\/sunoresearch","https:\/\/www.instagram.com\/suno","https:\/\/www.linkedin.com\/company\/suno-research\/","https:\/\/www.youtube.com\/c\/sunoresearch"]},{"@type":"Person","@id":"https:\/\/www.suno.com.br\/noticias\/#\/schema\/person\/87fc6973867c52dd884811905c43afba","name":"Jo\u00e3o Vitor","image":{"@type":"ImageObject","inLanguage":"pt-BR","@id":"https:\/\/www.suno.com.br\/noticias\/#\/schema\/person\/image\/","url":"https:\/\/secure.gravatar.com\/avatar\/2843227ca03ccf8cc7ccca45204c127e?s=96&r=g","contentUrl":"https:\/\/secure.gravatar.com\/avatar\/2843227ca03ccf8cc7ccca45204c127e?s=96&r=g","caption":"Jo\u00e3o Vitor"},"description":"Redator profissional, com atua\u00e7\u00e3o no mercado editorial na produ\u00e7\u00e3o de not\u00edcias e conte\u00fados sobre o mercado de a\u00e7\u00f5es, fundos imobili\u00e1rios e economia popular. Graduando em Engenharia Qu\u00edmica pela Unesp, tamb\u00e9m j\u00e1 atuou como consultor financeiro.","url":"https:\/\/www.suno.com.br\/noticias\/author\/joao-vitor-jacintho\/"}]}},"default_loop_html":"<div class=\"cardsPage__listCard__boxs\"><div class=\"cardsPage__listCard__boxs__img\"><a href=\"https:\/\/www.suno.com.br\/noticias\/acoes-weg-wege3-disparam-balanco-3t22\/\"><img class=\"mask\" src=\"https:\/\/www.suno.com.br\/noticias\/wp-content\/themes\/suno\/resources\/images\/spotlight\/spotlight1img\/bg-mask.png\" alt=\"Image Mask\"\/><img src=\"https:\/\/files.sunoresearch.com.br\/n\/uploads\/2022\/07\/weg-400x200.jpg\" alt=\"A\u00e7\u00f5es da Weg (WEGE3) disparam na bolsa ap\u00f3s balan\u00e7o; entenda por qu\u00ea\"\/><\/a><span class=\"spotlightCategory\"><a href=\"https:\/\/www.suno.com.br\/noticias\/mercado\/\">Mercado<\/a><\/span><\/div><div class=\"cardsPage__listCard__boxs__content\"><a href=\"https:\/\/www.suno.com.br\/noticias\/acoes-weg-wege3-disparam-balanco-3t22\/\"><h2 class=\"content__title\">A\u00e7\u00f5es da Weg (WEGE3) disparam na bolsa ap\u00f3s balan\u00e7o; entenda por qu\u00ea<\/h2><\/a><div class=\"newsContent__article__meta\"><div class=\"newsContent__article__meta__authorBox\"><a href=\"https:\/\/www.suno.com.br\/noticias\/author\/joao-vitor-jacintho\/\" class=\"authorBox__avatar noMobi\"><img src=\"https:\/\/secure.gravatar.com\/avatar\/2843227ca03ccf8cc7ccca45204c127e?s=96&#038;r=g\" alt=\"Jo\u00e3o Vitor Jacintho\"><\/a><div class=\"authorBox__name\"><span>por\n\t\t\t<a href=\"https:\/\/www.suno.com.br\/noticias\/author\/joao-vitor-jacintho\/\"><span itemprop=\"author\">Jo\u00e3o Vitor Jacintho<\/span><\/a><\/span><time datetime=\"2022-10-26T12:12:36-03:00\" itemprop=\"datePublished\">26\/10\/2022 12:12<\/time><\/div><\/div><\/div><\/div><\/div>","single_layout":"posts","amp_enabled":true,"_links":{"self":[{"href":"https:\/\/www.suno.com.br\/noticias\/wp-json\/wp\/v2\/posts\/311929"}],"collection":[{"href":"https:\/\/www.suno.com.br\/noticias\/wp-json\/wp\/v2\/posts"}],"about":[{"href":"https:\/\/www.suno.com.br\/noticias\/wp-json\/wp\/v2\/types\/post"}],"author":[{"embeddable":true,"href":"https:\/\/www.suno.com.br\/noticias\/wp-json\/wp\/v2\/users\/173"}],"replies":[{"embeddable":true,"href":"https:\/\/www.suno.com.br\/noticias\/wp-json\/wp\/v2\/comments?post=311929"}],"version-history":[{"count":3,"href":"https:\/\/www.suno.com.br\/noticias\/wp-json\/wp\/v2\/posts\/311929\/revisions"}],"predecessor-version":[{"id":311932,"href":"https:\/\/www.suno.com.br\/noticias\/wp-json\/wp\/v2\/posts\/311929\/revisions\/311932"}],"wp:featuredmedia":[{"embeddable":true,"href":"https:\/\/www.suno.com.br\/noticias\/wp-json\/wp\/v2\/media\/277335"}],"wp:attachment":[{"href":"https:\/\/www.suno.com.br\/noticias\/wp-json\/wp\/v2\/media?parent=311929"}],"wp:term":[{"taxonomy":"category","embeddable":true,"href":"https:\/\/www.suno.com.br\/noticias\/wp-json\/wp\/v2\/categories?post=311929"},{"taxonomy":"post_tag","embeddable":true,"href":"https:\/\/www.suno.com.br\/noticias\/wp-json\/wp\/v2\/tags?post=311929"},{"taxonomy":"suno_strategy","embeddable":true,"href":"https:\/\/www.suno.com.br\/noticias\/wp-json\/wp\/v2\/suno_strategy?post=311929"}],"curies":[{"name":"wp","href":"https:\/\/api.w.org\/{rel}","templated":true}]}}