{"id":31183,"date":"2019-07-16T20:16:00","date_gmt":"2019-07-16T23:16:00","guid":{"rendered":"https:\/\/www.suno.com.br\/noticias\/?p=31183"},"modified":"2019-07-16T20:58:29","modified_gmt":"2019-07-16T23:58:29","slug":"oi-encerra-em-queda","status":"publish","type":"post","link":"https:\/\/www.suno.com.br\/noticias\/oi-encerra-em-queda\/","title":{"rendered":"Oi oscila e encerra em queda ap\u00f3s divulga\u00e7\u00e3o de plano de reestrutura\u00e7\u00e3o"},"content":{"rendered":"<p>As a\u00e7\u00f5es da\u00a0Oi (OIBR3; OIBR4) oscilaram e encerraram em queda ap\u00f3s anuncio do plano de desinvestimentos da operadora nesta ter\u00e7a-feira (16).<\/p>\t<div class=\"wrapper-featured-image\">\n\t\t<figure class=\"spotlightImg\">\n\n\t\t\t<picture>\n\t\t\t\t<source media=\"(max-width: 768px)\" srcset=\"https:\/\/files.sunoresearch.com.br\/n\/uploads\/2019\/07\/9c6b39a1-oi-400x200.webp\">\n\t\t\t\t<img loading=\"lazy\" decoding=\"async\" class=\"newsContent__article__imgCapa lazyloadDisabled newsContent__article__imgCapa--noCaption\" src=\"https:\/\/files.sunoresearch.com.br\/n\/uploads\/2019\/07\/9c6b39a1-oi-jpg.webp\" width=\"800\" height=\"450\" alt=\"Oi oscila e encerra em queda ap\u00f3s divulga\u00e7\u00e3o de plano de reestrutura\u00e7\u00e3o\" fetchpriority=high \/>\n\t\t\t<\/picture>\n\n\t\t\t<figcaption class=\"wp-caption-text wp-caption-text--hide\">BTG faz proposta por 51% da rede de fibra \u00f3ptica da Oi (OIBR3)<\/figcaption>\n\t\t<\/figure>\n\t<\/div>\n\n\n<p>Os <a href=\"https:\/\/www.suno.com.br\/artigos\/o-que-sao-acoes-ordinarias-preferenciais-e-units\/\">pap\u00e9is ordin\u00e1rios<\/a> (OIBR3) iniciaram o dia registrando alta de\u00a03,70%. Por volta das 10h30, os t\u00edtulos da\u00a0<strong>Oi<\/strong> eram negociados a\u00a0R$ 1,67. No entanto, as <strong>a\u00e7\u00f5es ordin\u00e1rias<\/strong>\u00a0fecharam em queda de 3,09%, cotadas em R$ 1,57.<\/p>\n<p>As <strong><a href=\"https:\/\/www.suno.com.br\/artigos\/acoes-preferenciais\/\">a\u00e7\u00f5es preferenciais<\/a><\/strong>\u00a0(OIBR4) tamb\u00e9m apresentaram queda. Por volta das 10h30, os t\u00edtulos atingiram a m\u00e1xima do dia e estavam negociando a R$ 1,88. Contudo, as a\u00e7\u00f5es encerraram cotadas em R$ 1,77 com queda de 0,56%.<\/p>\n<h2>Plano de desinvestimentos<\/h2>\n<p>A operadora\u00a0anunciou a venda de ativos que n\u00e3o s\u00e3o essenciais para o seu funcionamento. Dessa forma, o processo de desinvestimentos deve continuar at\u00e9 2021.<\/p>\n<p>Conforme a empresa de telefonia, os objetivos do plano incluem\u00a0aprimorar a performance operacional e\u00a0melhorias na situa\u00e7\u00e3o financeira.<\/p>\n<p>A companhia espera arrecadar\u00a0cerca de R$ 7,5 bilh\u00f5es. O montante corresponde a 70% do valor atual de mercado da empresa de telecomunica\u00e7\u00f5es.<\/p>\n\t<p>\n\t\t<a href=\"https:\/\/lp.suno.com.br\/ao\/cadastro-whatsapp\/?utm_source=sunoresearch&#038;utm_medium=banner.sidebar&#038;utm_campaign=_SNC1787C4C9_\" target=\"_blank\" data-element=\"shortcode-suno-banner\" title=\"Banner SUNO, clique e saiba mais\">\n\t\t\t<picture>\n\t\t\t\t<source media=\"(max-width: 500px)\" srcset=\"https:\/\/files.sunoresearch.com.br\/n\/uploads\/2024\/09\/wpp-suno.png\">\n\t\t\t\t<img class=\"newsContent__article__imgCapa newsContent__article__imgCapa--banner\"\n\t\t\t\t\tsrc=\"https:\/\/files.sunoresearch.com.br\/n\/uploads\/2024\/09\/wpp-suno.png\"\n\t\t\t\t\tdata-promo-id=\"574195\"\t\t\t\t\t\t\t\t\t\twidth='360' height='98'\t\t\t\t\talt=\"https:\/\/files.sunoresearch.com.br\/n\/uploads\/2024\/09\/wpp-suno.png\"\n\t\t\t\t>\n\t\t\t<\/picture>\n\t\t<\/a>\n\t<\/p>\n\n\n<p>Em 2016, a Oi apresentou um pedido de <a href=\"https:\/\/www.suno.com.br\/artigos\/recuperacao-judicial\/\">recupera\u00e7\u00e3o judicial<\/a>. Assim, o plano apresentado nesta ter\u00e7a-feira faz parte de um processo de reestrutura\u00e7\u00e3o da empresa.<\/p>\n<h2>Proposta de venda de a\u00e7\u00f5es<\/h2>\n<p>No \u00faltimo m\u00eas, a\u00a0Oi recebeu duas propostas para vender sua participa\u00e7\u00e3o de 25% no capital na empresa angolana Unitel.\u00a0As propostas de compra da participa\u00e7\u00e3o na maior operadora de telefonia m\u00f3vel de Angola\u00a0vieram dos demais acionistas da empresa.<\/p>\n<p><a href=\"https:\/\/www.suno.com.br\/noticias\/oi-recebe-propostas-unitel\/\">Saiba mais: Oi recebe duas propostas para vender a\u00e7\u00e3o em tele angolana Unitel<\/a><\/p>\n<p>A venda de ativos foi considerada\u00a0um passo fundamental no processo de <a href=\"https:\/\/www.suno.com.br\/artigos\/recuperacao-judicial\/\">recupera\u00e7\u00e3o judicial<\/a> da operadora.<\/p>\n<p>Dessa forma, a primeira oferta foi apresentada\u00a0por Isabel dos Santos, filha do ex-presidente angolano, Jos\u00e9 Eduardo dos Santos.\u00a0Isabel, que \u00e9 uma das mulheres mais ricas do pa\u00eds africano, apresentou uma proposta de US$ 850 milh\u00f5es.<\/p>\n<p>A segunda oferta apresentada foi da\u00a0Sonangol,\u00a0estatal petrol\u00edfera de Angola, tamb\u00e9m dona de 25% da operadora. A petrol\u00edfera prop\u00f4s US$ 1 bilh\u00e3o \u00e0 vista para a participa\u00e7\u00e3o da Oi na telef\u00f4nica.<\/p>\n<p>As duas propostas foram teriam sido apresentadas ao conselho de administra\u00e7\u00e3o da <strong>Oi<\/strong> no dia 29 de maio deste ano. O respons\u00e1vel por veicular as ofertas foi o diretor financeiro e de rela\u00e7\u00f5es com investidores, Carlos Brand\u00e3o.<\/p>\n","protected":false},"excerpt":{"rendered":"<p>As a\u00e7\u00f5es da\u00a0Oi (OIBR3; OIBR4) oscilaram e encerraram em queda ap\u00f3s anuncio do plano de desinvestimentos da operadora nesta ter\u00e7a-feira (16). BTG faz proposta por 51% da rede de fibra \u00f3ptica da Oi (OIBR3) Os pap\u00e9is ordin\u00e1rios (OIBR3) iniciaram o dia registrando alta de\u00a03,70%. Por volta das 10h30, os t\u00edtulos da\u00a0Oi eram negociados a\u00a0R$ 1,67. [&hellip;]<\/p>\n","protected":false},"author":18,"featured_media":31185,"comment_status":"closed","ping_status":"closed","sticky":false,"template":"","format":"standard","meta":[],"categories":[64],"tags":[1595,1596,584],"suno_strategy":[],"class_list":["post-31183","post","type-post","status-publish","format-standard","has-post-thumbnail","hentry","category-negocios","tag-acoes-ordinarias","tag-acoes-preferenciais","tag-oi-oibr3-oibr4"],"yoast_head":"<!-- This site is optimized with the Yoast SEO plugin v24.4 - https:\/\/yoast.com\/wordpress\/plugins\/seo\/ -->\n<title>Oi oscila e encerra em queda ap\u00f3s divulga\u00e7\u00e3o de plano de reestrutura\u00e7\u00e3o<\/title>\n<meta name=\"description\" content=\"As a\u00e7\u00f5es da\u00a0Oi (OIBR3; OIBR4) oscilaram e encerraram em queda ap\u00f3s anuncio do plano de desinvestimentos da operadora.\u00a0Clique para saber mais.\" \/>\n<meta name=\"robots\" content=\"index, follow, max-snippet:-1, max-image-preview:large, max-video-preview:-1\" \/>\n<link rel=\"canonical\" href=\"https:\/\/www.suno.com.br\/noticias\/oi-encerra-em-queda\/\" \/>\n<meta property=\"og:locale\" content=\"pt_BR\" \/>\n<meta property=\"og:type\" content=\"article\" \/>\n<meta property=\"og:title\" content=\"Oi oscila e encerra em queda ap\u00f3s divulga\u00e7\u00e3o de plano de reestrutura\u00e7\u00e3o\" \/>\n<meta property=\"og:description\" content=\"As a\u00e7\u00f5es da\u00a0Oi (OIBR3; OIBR4) oscilaram e encerraram em queda ap\u00f3s anuncio do plano de desinvestimentos da operadora.\u00a0Clique para saber mais.\" \/>\n<meta property=\"og:url\" content=\"https:\/\/www.suno.com.br\/noticias\/oi-encerra-em-queda\/\" \/>\n<meta property=\"og:site_name\" content=\"Suno Not\u00edcias\" \/>\n<meta property=\"article:publisher\" content=\"https:\/\/facebook.com\/sunoresearch\" \/>\n<meta property=\"og:image\" content=\"https:\/\/files.sunoresearch.com.br\/n\/uploads\/2019\/07\/9c6b39a1-oi.jpg\" \/>\n\t<meta property=\"og:image:width\" content=\"620\" \/>\n\t<meta property=\"og:image:height\" content=\"400\" \/>\n\t<meta property=\"og:image:type\" content=\"image\/jpeg\" \/>\n<meta name=\"author\" content=\"Giovanna Oliveira\" \/>\n<meta name=\"twitter:card\" content=\"summary_large_image\" \/>\n<meta name=\"twitter:creator\" content=\"@sunoresearch\" \/>\n<meta name=\"twitter:site\" content=\"@sunoresearch\" \/>\n<meta name=\"twitter:label1\" content=\"Escrito por\" \/>\n\t<meta name=\"twitter:data1\" content=\"Giovanna Oliveira\" \/>\n\t<meta name=\"twitter:label2\" content=\"Est. tempo de leitura\" \/>\n\t<meta name=\"twitter:data2\" content=\"2 minutos\" \/>\n<script type=\"application\/ld+json\" class=\"yoast-schema-graph\">{\"@context\":\"https:\/\/schema.org\",\"@graph\":[{\"@type\":\"NewsArticle\",\"@id\":\"https:\/\/www.suno.com.br\/noticias\/oi-encerra-em-queda\/#article\",\"isPartOf\":{\"@id\":\"https:\/\/www.suno.com.br\/noticias\/oi-encerra-em-queda\/\"},\"author\":{\"name\":\"Giovanna Oliveira\",\"@id\":\"https:\/\/www.suno.com.br\/noticias\/#\/schema\/person\/4e19e3d2575736e5283d58eb3199d120\"},\"headline\":\"Oi oscila e encerra em queda ap\u00f3s divulga\u00e7\u00e3o de plano de reestrutura\u00e7\u00e3o\",\"datePublished\":\"2019-07-16T23:16:00+00:00\",\"dateModified\":\"2019-07-16T23:58:29+00:00\",\"mainEntityOfPage\":{\"@id\":\"https:\/\/www.suno.com.br\/noticias\/oi-encerra-em-queda\/\"},\"wordCount\":411,\"publisher\":{\"@id\":\"https:\/\/www.suno.com.br\/noticias\/#organization\"},\"image\":{\"@id\":\"https:\/\/www.suno.com.br\/noticias\/oi-encerra-em-queda\/#primaryimage\"},\"thumbnailUrl\":\"https:\/\/files.sunoresearch.com.br\/n\/uploads\/2019\/07\/9c6b39a1-oi-jpg.webp\",\"keywords\":[\"a\u00e7\u00f5es ordin\u00e1rias\",\"a\u00e7\u00f5es preferenciais\",\"Oi (OIBR3\/OIBR4)\"],\"articleSection\":[\"Neg\u00f3cios\"],\"inLanguage\":\"pt-BR\"},{\"@type\":\"WebPage\",\"@id\":\"https:\/\/www.suno.com.br\/noticias\/oi-encerra-em-queda\/\",\"url\":\"https:\/\/www.suno.com.br\/noticias\/oi-encerra-em-queda\/\",\"name\":\"Oi oscila e encerra em queda ap\u00f3s divulga\u00e7\u00e3o de plano de reestrutura\u00e7\u00e3o\",\"isPartOf\":{\"@id\":\"https:\/\/www.suno.com.br\/noticias\/#website\"},\"primaryImageOfPage\":{\"@id\":\"https:\/\/www.suno.com.br\/noticias\/oi-encerra-em-queda\/#primaryimage\"},\"image\":{\"@id\":\"https:\/\/www.suno.com.br\/noticias\/oi-encerra-em-queda\/#primaryimage\"},\"thumbnailUrl\":\"https:\/\/files.sunoresearch.com.br\/n\/uploads\/2019\/07\/9c6b39a1-oi-jpg.webp\",\"datePublished\":\"2019-07-16T23:16:00+00:00\",\"dateModified\":\"2019-07-16T23:58:29+00:00\",\"description\":\"As a\u00e7\u00f5es da\u00a0Oi (OIBR3; OIBR4) oscilaram e encerraram em queda ap\u00f3s anuncio do plano de desinvestimentos da operadora.\u00a0Clique para saber mais.\",\"breadcrumb\":{\"@id\":\"https:\/\/www.suno.com.br\/noticias\/oi-encerra-em-queda\/#breadcrumb\"},\"inLanguage\":\"pt-BR\",\"potentialAction\":[{\"@type\":\"ReadAction\",\"target\":[\"https:\/\/www.suno.com.br\/noticias\/oi-encerra-em-queda\/\"]}]},{\"@type\":\"ImageObject\",\"inLanguage\":\"pt-BR\",\"@id\":\"https:\/\/www.suno.com.br\/noticias\/oi-encerra-em-queda\/#primaryimage\",\"url\":\"https:\/\/files.sunoresearch.com.br\/n\/uploads\/2019\/07\/9c6b39a1-oi-jpg.webp\",\"contentUrl\":\"https:\/\/files.sunoresearch.com.br\/n\/uploads\/2019\/07\/9c6b39a1-oi-jpg.webp\",\"width\":620,\"height\":400,\"caption\":\"BTG faz proposta por 51% da rede de fibra \u00f3ptica da Oi (OIBR3)\"},{\"@type\":\"BreadcrumbList\",\"@id\":\"https:\/\/www.suno.com.br\/noticias\/oi-encerra-em-queda\/#breadcrumb\",\"itemListElement\":[{\"@type\":\"ListItem\",\"position\":1,\"name\":\"Not\u00edcias\",\"item\":\"https:\/\/www.suno.com.br\/noticias\/\"},{\"@type\":\"ListItem\",\"position\":2,\"name\":\"Neg\u00f3cios\",\"item\":\"https:\/\/www.suno.com.br\/noticias\/negocios\/\"},{\"@type\":\"ListItem\",\"position\":3,\"name\":\"Oi oscila e encerra em queda ap\u00f3s divulga\u00e7\u00e3o de plano de reestrutura\u00e7\u00e3o\"}]},{\"@type\":\"WebSite\",\"@id\":\"https:\/\/www.suno.com.br\/noticias\/#website\",\"url\":\"https:\/\/www.suno.com.br\/noticias\/\",\"name\":\"Suno Not\u00edcias\",\"description\":\"Seu portal de informa\u00e7\u00e3o sobre o mundo dos investimentos\",\"publisher\":{\"@id\":\"https:\/\/www.suno.com.br\/noticias\/#organization\"},\"potentialAction\":[{\"@type\":\"SearchAction\",\"target\":{\"@type\":\"EntryPoint\",\"urlTemplate\":\"https:\/\/www.suno.com.br\/noticias\/?s={search_term_string}\"},\"query-input\":{\"@type\":\"PropertyValueSpecification\",\"valueRequired\":true,\"valueName\":\"search_term_string\"}}],\"inLanguage\":\"pt-BR\"},{\"@type\":\"Organization\",\"@id\":\"https:\/\/www.suno.com.br\/noticias\/#organization\",\"name\":\"Suno Not\u00edcias\",\"url\":\"https:\/\/www.suno.com.br\/noticias\/\",\"logo\":{\"@type\":\"ImageObject\",\"inLanguage\":\"pt-BR\",\"@id\":\"https:\/\/www.suno.com.br\/noticias\/#\/schema\/logo\/image\/\",\"url\":\"https:\/\/files.sunoresearch.com.br\/n\/uploads\/2021\/09\/suno-logo.png\",\"contentUrl\":\"https:\/\/files.sunoresearch.com.br\/n\/uploads\/2021\/09\/suno-logo.png\",\"width\":180,\"height\":180,\"caption\":\"Suno Not\u00edcias\"},\"image\":{\"@id\":\"https:\/\/www.suno.com.br\/noticias\/#\/schema\/logo\/image\/\"},\"sameAs\":[\"https:\/\/facebook.com\/sunoresearch\",\"https:\/\/x.com\/sunoresearch\",\"https:\/\/www.instagram.com\/suno\",\"https:\/\/www.linkedin.com\/company\/suno-research\/\",\"https:\/\/www.youtube.com\/c\/sunoresearch\"]},{\"@type\":\"Person\",\"@id\":\"https:\/\/www.suno.com.br\/noticias\/#\/schema\/person\/4e19e3d2575736e5283d58eb3199d120\",\"name\":\"Giovanna Oliveira\",\"image\":{\"@type\":\"ImageObject\",\"inLanguage\":\"pt-BR\",\"@id\":\"https:\/\/www.suno.com.br\/noticias\/#\/schema\/person\/image\/\",\"url\":\"https:\/\/secure.gravatar.com\/avatar\/9a37b3ae208962ac568992d0ffdbc2eb?s=96&r=g\",\"contentUrl\":\"https:\/\/secure.gravatar.com\/avatar\/9a37b3ae208962ac568992d0ffdbc2eb?s=96&r=g\",\"caption\":\"Giovanna Oliveira\"},\"description\":\"Giovanna Oliveira escreve sobre economia e pol\u00edtica. Foi rep\u00f3rter do portal de jornalismo da ESPM-SP e produziu conte\u00fado para a Corinthians TV. \u00c9 estudante da ESPM.\",\"url\":\"https:\/\/www.suno.com.br\/noticias\/author\/giovanna\/\"}]}<\/script>\n<!-- \/ Yoast SEO plugin. -->","yoast_head_json":{"title":"Oi oscila e encerra em queda ap\u00f3s divulga\u00e7\u00e3o de plano de reestrutura\u00e7\u00e3o","description":"As a\u00e7\u00f5es da\u00a0Oi (OIBR3; OIBR4) oscilaram e encerraram em queda ap\u00f3s anuncio do plano de desinvestimentos da operadora.\u00a0Clique para saber mais.","robots":{"index":"index","follow":"follow","max-snippet":"max-snippet:-1","max-image-preview":"max-image-preview:large","max-video-preview":"max-video-preview:-1"},"canonical":"https:\/\/www.suno.com.br\/noticias\/oi-encerra-em-queda\/","og_locale":"pt_BR","og_type":"article","og_title":"Oi oscila e encerra em queda ap\u00f3s divulga\u00e7\u00e3o de plano de reestrutura\u00e7\u00e3o","og_description":"As a\u00e7\u00f5es da\u00a0Oi (OIBR3; OIBR4) oscilaram e encerraram em queda ap\u00f3s anuncio do plano de desinvestimentos da operadora.\u00a0Clique para saber mais.","og_url":"https:\/\/www.suno.com.br\/noticias\/oi-encerra-em-queda\/","og_site_name":"Suno Not\u00edcias","article_publisher":"https:\/\/facebook.com\/sunoresearch","og_image":[{"width":620,"height":400,"url":"https:\/\/files.sunoresearch.com.br\/n\/uploads\/2019\/07\/9c6b39a1-oi.jpg","type":"image\/jpeg"}],"author":"Giovanna Oliveira","twitter_card":"summary_large_image","twitter_creator":"@sunoresearch","twitter_site":"@sunoresearch","twitter_misc":{"Escrito por":"Giovanna Oliveira","Est. tempo de leitura":"2 minutos"},"schema":{"@context":"https:\/\/schema.org","@graph":[{"@type":"NewsArticle","@id":"https:\/\/www.suno.com.br\/noticias\/oi-encerra-em-queda\/#article","isPartOf":{"@id":"https:\/\/www.suno.com.br\/noticias\/oi-encerra-em-queda\/"},"author":{"name":"Giovanna Oliveira","@id":"https:\/\/www.suno.com.br\/noticias\/#\/schema\/person\/4e19e3d2575736e5283d58eb3199d120"},"headline":"Oi oscila e encerra em queda ap\u00f3s divulga\u00e7\u00e3o de plano de reestrutura\u00e7\u00e3o","datePublished":"2019-07-16T23:16:00+00:00","dateModified":"2019-07-16T23:58:29+00:00","mainEntityOfPage":{"@id":"https:\/\/www.suno.com.br\/noticias\/oi-encerra-em-queda\/"},"wordCount":411,"publisher":{"@id":"https:\/\/www.suno.com.br\/noticias\/#organization"},"image":{"@id":"https:\/\/www.suno.com.br\/noticias\/oi-encerra-em-queda\/#primaryimage"},"thumbnailUrl":"https:\/\/files.sunoresearch.com.br\/n\/uploads\/2019\/07\/9c6b39a1-oi-jpg.webp","keywords":["a\u00e7\u00f5es ordin\u00e1rias","a\u00e7\u00f5es preferenciais","Oi (OIBR3\/OIBR4)"],"articleSection":["Neg\u00f3cios"],"inLanguage":"pt-BR"},{"@type":"WebPage","@id":"https:\/\/www.suno.com.br\/noticias\/oi-encerra-em-queda\/","url":"https:\/\/www.suno.com.br\/noticias\/oi-encerra-em-queda\/","name":"Oi oscila e encerra em queda ap\u00f3s divulga\u00e7\u00e3o de plano de reestrutura\u00e7\u00e3o","isPartOf":{"@id":"https:\/\/www.suno.com.br\/noticias\/#website"},"primaryImageOfPage":{"@id":"https:\/\/www.suno.com.br\/noticias\/oi-encerra-em-queda\/#primaryimage"},"image":{"@id":"https:\/\/www.suno.com.br\/noticias\/oi-encerra-em-queda\/#primaryimage"},"thumbnailUrl":"https:\/\/files.sunoresearch.com.br\/n\/uploads\/2019\/07\/9c6b39a1-oi-jpg.webp","datePublished":"2019-07-16T23:16:00+00:00","dateModified":"2019-07-16T23:58:29+00:00","description":"As a\u00e7\u00f5es da\u00a0Oi (OIBR3; OIBR4) oscilaram e encerraram em queda ap\u00f3s anuncio do plano de desinvestimentos da operadora.\u00a0Clique para saber mais.","breadcrumb":{"@id":"https:\/\/www.suno.com.br\/noticias\/oi-encerra-em-queda\/#breadcrumb"},"inLanguage":"pt-BR","potentialAction":[{"@type":"ReadAction","target":["https:\/\/www.suno.com.br\/noticias\/oi-encerra-em-queda\/"]}]},{"@type":"ImageObject","inLanguage":"pt-BR","@id":"https:\/\/www.suno.com.br\/noticias\/oi-encerra-em-queda\/#primaryimage","url":"https:\/\/files.sunoresearch.com.br\/n\/uploads\/2019\/07\/9c6b39a1-oi-jpg.webp","contentUrl":"https:\/\/files.sunoresearch.com.br\/n\/uploads\/2019\/07\/9c6b39a1-oi-jpg.webp","width":620,"height":400,"caption":"BTG faz proposta por 51% da rede de fibra \u00f3ptica da Oi (OIBR3)"},{"@type":"BreadcrumbList","@id":"https:\/\/www.suno.com.br\/noticias\/oi-encerra-em-queda\/#breadcrumb","itemListElement":[{"@type":"ListItem","position":1,"name":"Not\u00edcias","item":"https:\/\/www.suno.com.br\/noticias\/"},{"@type":"ListItem","position":2,"name":"Neg\u00f3cios","item":"https:\/\/www.suno.com.br\/noticias\/negocios\/"},{"@type":"ListItem","position":3,"name":"Oi oscila e encerra em queda ap\u00f3s divulga\u00e7\u00e3o de plano de reestrutura\u00e7\u00e3o"}]},{"@type":"WebSite","@id":"https:\/\/www.suno.com.br\/noticias\/#website","url":"https:\/\/www.suno.com.br\/noticias\/","name":"Suno Not\u00edcias","description":"Seu portal de informa\u00e7\u00e3o sobre o mundo dos investimentos","publisher":{"@id":"https:\/\/www.suno.com.br\/noticias\/#organization"},"potentialAction":[{"@type":"SearchAction","target":{"@type":"EntryPoint","urlTemplate":"https:\/\/www.suno.com.br\/noticias\/?s={search_term_string}"},"query-input":{"@type":"PropertyValueSpecification","valueRequired":true,"valueName":"search_term_string"}}],"inLanguage":"pt-BR"},{"@type":"Organization","@id":"https:\/\/www.suno.com.br\/noticias\/#organization","name":"Suno Not\u00edcias","url":"https:\/\/www.suno.com.br\/noticias\/","logo":{"@type":"ImageObject","inLanguage":"pt-BR","@id":"https:\/\/www.suno.com.br\/noticias\/#\/schema\/logo\/image\/","url":"https:\/\/files.sunoresearch.com.br\/n\/uploads\/2021\/09\/suno-logo.png","contentUrl":"https:\/\/files.sunoresearch.com.br\/n\/uploads\/2021\/09\/suno-logo.png","width":180,"height":180,"caption":"Suno Not\u00edcias"},"image":{"@id":"https:\/\/www.suno.com.br\/noticias\/#\/schema\/logo\/image\/"},"sameAs":["https:\/\/facebook.com\/sunoresearch","https:\/\/x.com\/sunoresearch","https:\/\/www.instagram.com\/suno","https:\/\/www.linkedin.com\/company\/suno-research\/","https:\/\/www.youtube.com\/c\/sunoresearch"]},{"@type":"Person","@id":"https:\/\/www.suno.com.br\/noticias\/#\/schema\/person\/4e19e3d2575736e5283d58eb3199d120","name":"Giovanna Oliveira","image":{"@type":"ImageObject","inLanguage":"pt-BR","@id":"https:\/\/www.suno.com.br\/noticias\/#\/schema\/person\/image\/","url":"https:\/\/secure.gravatar.com\/avatar\/9a37b3ae208962ac568992d0ffdbc2eb?s=96&r=g","contentUrl":"https:\/\/secure.gravatar.com\/avatar\/9a37b3ae208962ac568992d0ffdbc2eb?s=96&r=g","caption":"Giovanna Oliveira"},"description":"Giovanna Oliveira escreve sobre economia e pol\u00edtica. Foi rep\u00f3rter do portal de jornalismo da ESPM-SP e produziu conte\u00fado para a Corinthians TV. \u00c9 estudante da ESPM.","url":"https:\/\/www.suno.com.br\/noticias\/author\/giovanna\/"}]}},"default_loop_html":"<div class=\"cardsPage__listCard__boxs\"><div class=\"cardsPage__listCard__boxs__img\"><a href=\"https:\/\/www.suno.com.br\/noticias\/oi-encerra-em-queda\/\"><img class=\"mask\" src=\"https:\/\/www.suno.com.br\/noticias\/wp-content\/themes\/suno\/resources\/images\/spotlight\/spotlight1img\/bg-mask.png\" alt=\"Image Mask\"\/><img src=\"https:\/\/files.sunoresearch.com.br\/n\/uploads\/2019\/07\/9c6b39a1-oi-400x200.webp\" alt=\"Oi oscila e encerra em queda ap\u00f3s divulga\u00e7\u00e3o de plano de reestrutura\u00e7\u00e3o\"\/><\/a><span class=\"spotlightCategory\"><a href=\"https:\/\/www.suno.com.br\/noticias\/negocios\/\">Neg\u00f3cios<\/a><\/span><\/div><div class=\"cardsPage__listCard__boxs__content\"><a href=\"https:\/\/www.suno.com.br\/noticias\/oi-encerra-em-queda\/\"><h2 class=\"content__title\">Oi oscila e encerra em queda ap\u00f3s divulga\u00e7\u00e3o de plano de reestrutura\u00e7\u00e3o<\/h2><\/a><div class=\"newsContent__article__meta\"><div class=\"newsContent__article__meta__authorBox\"><a href=\"https:\/\/www.suno.com.br\/noticias\/author\/giovanna\/\" class=\"authorBox__avatar noMobi\"><img src=\"https:\/\/files.sunoresearch.com.br\/n\/uploads\/2019\/06\/952a89ca-screenshot_20190608-171507-150x150.webp\" alt=\"Giovanna Oliveira\"><\/a><div class=\"authorBox__name\"><span>por\n\t\t\t<a href=\"https:\/\/www.suno.com.br\/noticias\/author\/giovanna\/\"><span itemprop=\"author\">Giovanna Oliveira<\/span><\/a><\/span><time datetime=\"2019-07-16T20:16:00-03:00\" itemprop=\"datePublished\">16\/07\/2019 20:16<\/time><\/div><\/div><\/div><\/div><\/div>","single_layout":"posts","amp_enabled":true,"_links":{"self":[{"href":"https:\/\/www.suno.com.br\/noticias\/wp-json\/wp\/v2\/posts\/31183"}],"collection":[{"href":"https:\/\/www.suno.com.br\/noticias\/wp-json\/wp\/v2\/posts"}],"about":[{"href":"https:\/\/www.suno.com.br\/noticias\/wp-json\/wp\/v2\/types\/post"}],"author":[{"embeddable":true,"href":"https:\/\/www.suno.com.br\/noticias\/wp-json\/wp\/v2\/users\/18"}],"replies":[{"embeddable":true,"href":"https:\/\/www.suno.com.br\/noticias\/wp-json\/wp\/v2\/comments?post=31183"}],"version-history":[{"count":0,"href":"https:\/\/www.suno.com.br\/noticias\/wp-json\/wp\/v2\/posts\/31183\/revisions"}],"wp:featuredmedia":[{"embeddable":true,"href":"https:\/\/www.suno.com.br\/noticias\/wp-json\/wp\/v2\/media\/31185"}],"wp:attachment":[{"href":"https:\/\/www.suno.com.br\/noticias\/wp-json\/wp\/v2\/media?parent=31183"}],"wp:term":[{"taxonomy":"category","embeddable":true,"href":"https:\/\/www.suno.com.br\/noticias\/wp-json\/wp\/v2\/categories?post=31183"},{"taxonomy":"post_tag","embeddable":true,"href":"https:\/\/www.suno.com.br\/noticias\/wp-json\/wp\/v2\/tags?post=31183"},{"taxonomy":"suno_strategy","embeddable":true,"href":"https:\/\/www.suno.com.br\/noticias\/wp-json\/wp\/v2\/suno_strategy?post=31183"}],"curies":[{"name":"wp","href":"https:\/\/api.w.org\/{rel}","templated":true}]}}