{"id":31159,"date":"2019-07-16T17:34:09","date_gmt":"2019-07-16T20:34:09","guid":{"rendered":"https:\/\/www.suno.com.br\/noticias\/?p=31159"},"modified":"2021-02-17T22:48:04","modified_gmt":"2021-02-18T01:48:04","slug":"banco-pan-banco-central-reclamacoes","status":"publish","type":"post","link":"https:\/\/www.suno.com.br\/noticias\/banco-pan-banco-central-reclamacoes\/","title":{"rendered":"Banco Pan \u00e9 l\u00edder das reclama\u00e7\u00f5es no BC no 2\u00ba trimestre de 2019"},"content":{"rendered":"<p>A institui\u00e7\u00e3o financeira que mais recebeu reclama\u00e7\u00f5es de clientes no segundo trimestre de 2019 foi o Banco Pan (BPAN4). As informa\u00e7\u00f5es foram divulgadas nesta ter\u00e7a-feira (16) o <a href=\"https:\/\/www.suno.com.br\/artigos\/bacen\/\"><strong>Banco Central (BC)<\/strong>.<\/a><\/p>\t<div class=\"wrapper-featured-image\">\n\t\t<figure class=\"spotlightImg\">\n\n\t\t\t<picture>\n\t\t\t\t<source media=\"(max-width: 768px)\" srcset=\"https:\/\/files.sunoresearch.com.br\/n\/uploads\/2019\/07\/3457f294-banco-pan-400x200.webp\">\n\t\t\t\t<img loading=\"lazy\" decoding=\"async\" class=\"newsContent__article__imgCapa lazyloadDisabled newsContent__article__imgCapa--noCaption\" src=\"https:\/\/files.sunoresearch.com.br\/n\/uploads\/2019\/07\/3457f294-banco-pan-jpg.webp\" width=\"800\" height=\"450\" alt=\"Banco Pan \u00e9 l\u00edder das reclama\u00e7\u00f5es no BC no 2\u00ba trimestre de 2019\" fetchpriority=high \/>\n\t\t\t<\/picture>\n\n\t\t\t<figcaption class=\"wp-caption-text wp-caption-text--hide\">Banco Pan (BPAN4) lidera ranking de reclama\u00e7\u00f5es do Banco Central <\/figcaption>\n\t\t<\/figure>\n\t<\/div>\n\n\n<p>Em total, o <strong>BC<\/strong> considerou procedentes 701 reclama\u00e7\u00f5es de clientes apresentadas contra o <strong>Banco Pan<\/strong> entre abril e junho deste ano. O banco, controlado pelo <strong>BTG Pactual<\/strong> e pela <strong>Caixa Econ\u00f4mica Federal,<\/strong> tem 4,1 milh\u00f5es de clientes.<\/p>\n<p>O elenco de reclama\u00e7\u00f5es considera as queixas apresentadas contra institui\u00e7\u00f5es financeiras com mais de 4 mil clientes. Para realizar seu ranking, o <strong>BC<\/strong> dividiu o n\u00famero de reclama\u00e7\u00f5es pela quantidade de clientes de cada institui\u00e7\u00e3o, multiplicando o valor por 1 milh\u00e3o. A institui\u00e7\u00e3o monet\u00e1ria central brasileira criou a f\u00f3rmula para equilibrar a propor\u00e7\u00e3o de queixas em rela\u00e7\u00e3o ao tamanho da institui\u00e7\u00e3o financeira.<\/p>\n\t<p>\n\t\t<a href=\"https:\/\/lp.suno.com.br\/ebook-como-analisar-uma-acao\/\" target=\"_blank\" data-element=\"shortcode-suno-banner\" title=\"Banner SUNO, clique e saiba mais\">\n\t\t\t<picture>\n\t\t\t\t<source media=\"(max-width: 500px)\" srcset=\"https:\/\/files.sunoresearch.com.br\/n\/uploads\/2023\/12\/Ebook-Acoes-Mobile.jpg\">\n\t\t\t\t<img class=\"newsContent__article__imgCapa newsContent__article__imgCapa--banner\"\n\t\t\t\t\tsrc=\"https:\/\/files.sunoresearch.com.br\/n\/uploads\/2023\/12\/Ebook-Acoes-Mobile.jpg\"\n\t\t\t\t\tdata-promo-id=\"101750\"\t\t\t\t\t\t\t\t\t\twidth='400' height='300'\t\t\t\t\talt=\"https:\/\/files.sunoresearch.com.br\/n\/uploads\/2023\/12\/Ebook-Acoes-Mobile.jpg\"\n\t\t\t\t>\n\t\t\t<\/picture>\n\t\t<\/a>\n\t<\/p>\n\n\n<h2>Bradesco e Santader em segunda posi\u00e7\u00e3o<\/h2>\n<p>Segundo o levantamento do <strong>BC,<\/strong> os bancos <strong>Bradesco<\/strong> e <strong>Santander<\/strong> ficaram, respectivamente, na segunda e na terceira posi\u00e7\u00e3o entre os bancos com mais reclama\u00e7\u00f5es no segundo trimestre de 2019.<\/p>\n<p><a href=\"https:\/\/www.suno.com.br\/noticias\/btg-analisa-comprar-participacao-da-caixa-no-banco-pan\/\">Saiba mais: BTG analisa comprar participa\u00e7\u00e3o da Caixa no banco Pan\u00a0<\/a><\/p>\n<p>O <strong>Bradesco,<\/strong> que tem\u00a099,8 milh\u00f5es de clientes, teve 2.448 reclama\u00e7\u00f5es aceitas pelo\u00a0<strong>Banco Central<\/strong> nesse per\u00edodo de tr\u00eas meses. Por sua vez, o\u00a0Santander, que conta com 45,45 milh\u00f5es de clientes, teve 1.080 reclama\u00e7\u00f5es apresentadas para a autoridade monet\u00e1ria.<\/p>\n<p>Em resposta, o Santander informou que &#8220;permanece com total empenho para prestar o melhor atendimento aos clientes e trabalha continuamente na melhoria dos seus processos, ofertas e atendimento, tornando-os mais simples e \u00e1geis para garantir a satisfa\u00e7\u00e3o dos consumidores com o banco.&#8221;<\/p>\n<h2>Novo Inter?<\/h2>\n<p>O <strong>Banco Pan<\/strong> se apresentou ao mercado como o &#8220;novo <strong>Banco Inter<\/strong>&#8220;. No come\u00e7o do ano, o banco apresentou um plano para criar, ainda em 2019, uma conta digital completa dedicada para os clientes das classes C, D e E.<\/p>\n<p>Ap\u00f3s o anuncio desse plano, as a\u00e7\u00f5es do <strong>Banco Pan<\/strong> dispararam na <strong><a href=\"https:\/\/www.suno.com.br\/artigos\/ibovespa\/\">Bolsa de Valores de S\u00e3o Paulo<\/a>.<\/strong><\/p>\n\t<p>\n\t\t<a href=\"https:\/\/lp2.suno.com.br\/lm\/minicurso-construindo-um-portfolio-milionario?utm_campaign=_SNCEBB048DA_sc.mcpm26&#038;utm_source=suno.com.br&#038;utm_medium=banner.noticias\" target=\"_blank\" data-element=\"shortcode-suno-banner\" title=\"Banner SUNO, clique e saiba mais\">\n\t\t\t<picture>\n\t\t\t\t<source media=\"(max-width: 500px)\" srcset=\"https:\/\/files.sunoresearch.com.br\/n\/uploads\/2026\/01\/MB-PS-HOME-DE-ARTIGOS-400x300-ID_01_x1-jpg.webp\">\n\t\t\t\t<img class=\"newsContent__article__imgCapa newsContent__article__imgCapa--banner\"\n\t\t\t\t\tsrc=\"https:\/\/files.sunoresearch.com.br\/n\/uploads\/2026\/01\/DT-PS-HOME-DE-ARTIGOS-1420x240-ID_01_x1-jpg.webp\"\n\t\t\t\t\tdata-promo-id=\"638432\"\t\t\t\t\t\t\t\t\t\twidth='1420' height='240'\t\t\t\t\talt=\"https:\/\/files.sunoresearch.com.br\/n\/uploads\/2026\/01\/DT-PS-HOME-DE-ARTIGOS-1420x240-ID_01_x1-jpg.webp\"\n\t\t\t\t>\n\t\t\t<\/picture>\n\t\t<\/a>\n\t<\/p>\n\n\n<p>O <strong>Banco Pan<\/strong> \u00e9 novo nome do antigo <strong>Banco Panamericano.<\/strong> A institui\u00e7\u00e3o pertencia ao grupo Silvio Santos. Em 2009 a <strong>Caixa Econ\u00f4mica Federal<\/strong> comprou uma participa\u00e7\u00e3o na institui\u00e7\u00e3o. No ano seguinte, o Banco Central detectou uma fraude cont\u00e1bil no banco que provocou um rombo de R$ 4,3 bilh\u00f5es.<\/p>\n<p>Somente um empr\u00e9stimo do <a href=\"https:\/\/www.suno.com.br\/artigos\/fgc\/\"><strong>Fundo Garantidor de Cr\u00e9ditos (FGC)<\/strong><\/a> e a venda da participa\u00e7\u00e3o de Silvio Santos para o <strong>BTG Pactual<\/strong> salvaram o banco. A institui\u00e7\u00e3o continuou dando preju\u00edzo por muitos anos.<\/p>\n<p><a href=\"https:\/\/www.suno.com.br\/noticias\/caixa-acoes-pan-wiz\/\">Saiba mais: Caixa pretende vender suas a\u00e7\u00f5es no Banco Pan e na corretora Wiz\u00a0<\/a><\/p>\n<p>Entretanto, no \u00faltimo per\u00edodo o Banco aparece se recuperando. No primeiro trimestre, o <strong>Banco Pan<\/strong> registrou um lucro de R$ 96,1 milh\u00f5es. Uma alta de 70% em rela\u00e7\u00e3o ao mesmo per\u00edodo de 2018. Entretanto, a rentabilidade continua baixa em compara\u00e7\u00e3o com os grandes de capital aberto, e atingiu 9,3% nos tr\u00eas primeiros meses do ano.<\/p>\n<p>Esses resultados s\u00e3o provocados, principalmente, pelos passivos que o <strong>Banco Pan<\/strong> ainda carrega em seu balan\u00e7o. Entre eles, est\u00e1 o elevado custo de capta\u00e7\u00e3o, gra\u00e7as a <strong>CDBs<\/strong> pr\u00e9-fixados de longu\u00edssimo prazo. Esses t\u00edtulos teriam sido emitidos antes da descoberta da fraude cont\u00e1bil, e iniciar\u00e3o a vencer a partir do pr\u00f3ximo ano.<\/p>\n","protected":false},"excerpt":{"rendered":"<p>A institui\u00e7\u00e3o financeira que mais recebeu reclama\u00e7\u00f5es de clientes no segundo trimestre de 2019 foi o Banco Pan (BPAN4). As informa\u00e7\u00f5es foram divulgadas nesta ter\u00e7a-feira (16) o Banco Central (BC). Banco Pan (BPAN4) lidera ranking de reclama\u00e7\u00f5es do Banco Central Em total, o BC considerou procedentes 701 reclama\u00e7\u00f5es de clientes apresentadas contra o Banco Pan [&hellip;]<\/p>\n","protected":false},"author":9,"featured_media":31164,"comment_status":"closed","ping_status":"closed","sticky":false,"template":"","format":"standard","meta":[],"categories":[64],"tags":[1842,370,1199],"suno_strategy":[],"class_list":["post-31159","post","type-post","status-publish","format-standard","has-post-thumbnail","hentry","category-negocios","tag-banco-central-bc","tag-banco-pan-bpan4","tag-caixa-economica-federal-cef"],"yoast_head":"<!-- This site is optimized with the Yoast SEO plugin v24.4 - https:\/\/yoast.com\/wordpress\/plugins\/seo\/ -->\n<title>Banco Pan \u00e9 l\u00edder das reclama\u00e7\u00f5es no BC no 2\u00ba trimestre de 2019<\/title>\n<meta name=\"description\" content=\"A institui\u00e7\u00e3o financeira que mais recebeu reclama\u00e7\u00f5es de clientes no segundo trimestre de 2019 foi o Banco Pan. Clique aqui para saber mais.\" \/>\n<meta name=\"robots\" content=\"index, follow, max-snippet:-1, max-image-preview:large, max-video-preview:-1\" \/>\n<link rel=\"canonical\" href=\"https:\/\/www.suno.com.br\/noticias\/banco-pan-banco-central-reclamacoes\/\" \/>\n<meta property=\"og:locale\" content=\"pt_BR\" \/>\n<meta property=\"og:type\" content=\"article\" \/>\n<meta property=\"og:title\" content=\"Banco Pan \u00e9 l\u00edder das reclama\u00e7\u00f5es no BC no 2\u00ba trimestre de 2019\" \/>\n<meta property=\"og:description\" content=\"A institui\u00e7\u00e3o financeira que mais recebeu reclama\u00e7\u00f5es de clientes no segundo trimestre de 2019 foi o Banco Pan. Clique aqui para saber mais.\" \/>\n<meta property=\"og:url\" content=\"https:\/\/www.suno.com.br\/noticias\/banco-pan-banco-central-reclamacoes\/\" \/>\n<meta property=\"og:site_name\" content=\"Suno Not\u00edcias\" \/>\n<meta property=\"article:publisher\" content=\"https:\/\/facebook.com\/sunoresearch\" \/>\n<meta property=\"og:image\" content=\"https:\/\/files.sunoresearch.com.br\/n\/uploads\/2019\/07\/3457f294-banco-pan.jpg\" \/>\n\t<meta property=\"og:image:width\" content=\"600\" \/>\n\t<meta property=\"og:image:height\" content=\"400\" \/>\n\t<meta property=\"og:image:type\" content=\"image\/jpeg\" \/>\n<meta name=\"author\" content=\"Carlo Cauti\" \/>\n<meta name=\"twitter:card\" content=\"summary_large_image\" \/>\n<meta name=\"twitter:creator\" content=\"@sunoresearch\" \/>\n<meta name=\"twitter:site\" content=\"@sunoresearch\" \/>\n<meta name=\"twitter:label1\" content=\"Escrito por\" \/>\n\t<meta name=\"twitter:data1\" content=\"Carlo Cauti\" \/>\n\t<meta name=\"twitter:label2\" content=\"Est. tempo de leitura\" \/>\n\t<meta name=\"twitter:data2\" content=\"3 minutos\" \/>\n<script type=\"application\/ld+json\" class=\"yoast-schema-graph\">{\"@context\":\"https:\/\/schema.org\",\"@graph\":[{\"@type\":\"NewsArticle\",\"@id\":\"https:\/\/www.suno.com.br\/noticias\/banco-pan-banco-central-reclamacoes\/#article\",\"isPartOf\":{\"@id\":\"https:\/\/www.suno.com.br\/noticias\/banco-pan-banco-central-reclamacoes\/\"},\"author\":{\"name\":\"Carlo Cauti\",\"@id\":\"https:\/\/www.suno.com.br\/noticias\/#\/schema\/person\/e6e0f723cc177805027f4566c1d5e0c8\"},\"headline\":\"Banco Pan \u00e9 l\u00edder das reclama\u00e7\u00f5es no BC no 2\u00ba trimestre de 2019\",\"datePublished\":\"2019-07-16T20:34:09+00:00\",\"dateModified\":\"2021-02-18T01:48:04+00:00\",\"mainEntityOfPage\":{\"@id\":\"https:\/\/www.suno.com.br\/noticias\/banco-pan-banco-central-reclamacoes\/\"},\"wordCount\":579,\"publisher\":{\"@id\":\"https:\/\/www.suno.com.br\/noticias\/#organization\"},\"image\":{\"@id\":\"https:\/\/www.suno.com.br\/noticias\/banco-pan-banco-central-reclamacoes\/#primaryimage\"},\"thumbnailUrl\":\"https:\/\/files.sunoresearch.com.br\/n\/uploads\/2019\/07\/3457f294-banco-pan-jpg.webp\",\"keywords\":[\"Banco Central (BC)\",\"Banco Pan (BPAN4)\",\"Caixa Econ\u00f4mica Federal (CEF)\"],\"articleSection\":[\"Neg\u00f3cios\"],\"inLanguage\":\"pt-BR\"},{\"@type\":\"WebPage\",\"@id\":\"https:\/\/www.suno.com.br\/noticias\/banco-pan-banco-central-reclamacoes\/\",\"url\":\"https:\/\/www.suno.com.br\/noticias\/banco-pan-banco-central-reclamacoes\/\",\"name\":\"Banco Pan \u00e9 l\u00edder das reclama\u00e7\u00f5es no BC no 2\u00ba trimestre de 2019\",\"isPartOf\":{\"@id\":\"https:\/\/www.suno.com.br\/noticias\/#website\"},\"primaryImageOfPage\":{\"@id\":\"https:\/\/www.suno.com.br\/noticias\/banco-pan-banco-central-reclamacoes\/#primaryimage\"},\"image\":{\"@id\":\"https:\/\/www.suno.com.br\/noticias\/banco-pan-banco-central-reclamacoes\/#primaryimage\"},\"thumbnailUrl\":\"https:\/\/files.sunoresearch.com.br\/n\/uploads\/2019\/07\/3457f294-banco-pan-jpg.webp\",\"datePublished\":\"2019-07-16T20:34:09+00:00\",\"dateModified\":\"2021-02-18T01:48:04+00:00\",\"description\":\"A institui\u00e7\u00e3o financeira que mais recebeu reclama\u00e7\u00f5es de clientes no segundo trimestre de 2019 foi o Banco Pan. Clique aqui para saber mais.\",\"breadcrumb\":{\"@id\":\"https:\/\/www.suno.com.br\/noticias\/banco-pan-banco-central-reclamacoes\/#breadcrumb\"},\"inLanguage\":\"pt-BR\",\"potentialAction\":[{\"@type\":\"ReadAction\",\"target\":[\"https:\/\/www.suno.com.br\/noticias\/banco-pan-banco-central-reclamacoes\/\"]}]},{\"@type\":\"ImageObject\",\"inLanguage\":\"pt-BR\",\"@id\":\"https:\/\/www.suno.com.br\/noticias\/banco-pan-banco-central-reclamacoes\/#primaryimage\",\"url\":\"https:\/\/files.sunoresearch.com.br\/n\/uploads\/2019\/07\/3457f294-banco-pan-jpg.webp\",\"contentUrl\":\"https:\/\/files.sunoresearch.com.br\/n\/uploads\/2019\/07\/3457f294-banco-pan-jpg.webp\",\"width\":600,\"height\":400,\"caption\":\"Banco Pan (BPAN4) lidera ranking de reclama\u00e7\u00f5es do Banco Central\"},{\"@type\":\"BreadcrumbList\",\"@id\":\"https:\/\/www.suno.com.br\/noticias\/banco-pan-banco-central-reclamacoes\/#breadcrumb\",\"itemListElement\":[{\"@type\":\"ListItem\",\"position\":1,\"name\":\"Not\u00edcias\",\"item\":\"https:\/\/www.suno.com.br\/noticias\/\"},{\"@type\":\"ListItem\",\"position\":2,\"name\":\"Neg\u00f3cios\",\"item\":\"https:\/\/www.suno.com.br\/noticias\/negocios\/\"},{\"@type\":\"ListItem\",\"position\":3,\"name\":\"Banco Pan \u00e9 l\u00edder das reclama\u00e7\u00f5es no BC no 2\u00ba trimestre de 2019\"}]},{\"@type\":\"WebSite\",\"@id\":\"https:\/\/www.suno.com.br\/noticias\/#website\",\"url\":\"https:\/\/www.suno.com.br\/noticias\/\",\"name\":\"Suno Not\u00edcias\",\"description\":\"Seu portal de informa\u00e7\u00e3o sobre o mundo dos investimentos\",\"publisher\":{\"@id\":\"https:\/\/www.suno.com.br\/noticias\/#organization\"},\"potentialAction\":[{\"@type\":\"SearchAction\",\"target\":{\"@type\":\"EntryPoint\",\"urlTemplate\":\"https:\/\/www.suno.com.br\/noticias\/?s={search_term_string}\"},\"query-input\":{\"@type\":\"PropertyValueSpecification\",\"valueRequired\":true,\"valueName\":\"search_term_string\"}}],\"inLanguage\":\"pt-BR\"},{\"@type\":\"Organization\",\"@id\":\"https:\/\/www.suno.com.br\/noticias\/#organization\",\"name\":\"Suno Not\u00edcias\",\"url\":\"https:\/\/www.suno.com.br\/noticias\/\",\"logo\":{\"@type\":\"ImageObject\",\"inLanguage\":\"pt-BR\",\"@id\":\"https:\/\/www.suno.com.br\/noticias\/#\/schema\/logo\/image\/\",\"url\":\"https:\/\/files.sunoresearch.com.br\/n\/uploads\/2021\/09\/suno-logo.png\",\"contentUrl\":\"https:\/\/files.sunoresearch.com.br\/n\/uploads\/2021\/09\/suno-logo.png\",\"width\":180,\"height\":180,\"caption\":\"Suno Not\u00edcias\"},\"image\":{\"@id\":\"https:\/\/www.suno.com.br\/noticias\/#\/schema\/logo\/image\/\"},\"sameAs\":[\"https:\/\/facebook.com\/sunoresearch\",\"https:\/\/x.com\/sunoresearch\",\"https:\/\/www.instagram.com\/suno\",\"https:\/\/www.linkedin.com\/company\/suno-research\/\",\"https:\/\/www.youtube.com\/c\/sunoresearch\"]},{\"@type\":\"Person\",\"@id\":\"https:\/\/www.suno.com.br\/noticias\/#\/schema\/person\/e6e0f723cc177805027f4566c1d5e0c8\",\"name\":\"Carlo Cauti\",\"image\":{\"@type\":\"ImageObject\",\"inLanguage\":\"pt-BR\",\"@id\":\"https:\/\/www.suno.com.br\/noticias\/#\/schema\/person\/image\/\",\"url\":\"https:\/\/secure.gravatar.com\/avatar\/3ada9e0bd164c23abd4792a9606d583c?s=96&r=g\",\"contentUrl\":\"https:\/\/secure.gravatar.com\/avatar\/3ada9e0bd164c23abd4792a9606d583c?s=96&r=g\",\"caption\":\"Carlo Cauti\"},\"description\":\"Editor multim\u00eddia do SUNO Not\u00edcias. Italiano, formado em Ci\u00eancias Pol\u00edticas pela universidade LUISS G. Carli de Roma e mestre cum laude em Rela\u00e7\u00f5es Internacionais, Jornalismo Internacional e de Guerra e em Economia Internacional. Concluiu tamb\u00e9m um MBA em Finan\u00e7as na B3. No Brasil, teve passagem por ve\u00edculos como Estad\u00e3o, Globo, Veja e EXAME. e nas ag\u00eancias de not\u00edcias italianas ANSA e NOVA.\",\"url\":\"https:\/\/www.suno.com.br\/noticias\/author\/carlo-cauti\/\"}]}<\/script>\n<!-- \/ Yoast SEO plugin. -->","yoast_head_json":{"title":"Banco Pan \u00e9 l\u00edder das reclama\u00e7\u00f5es no BC no 2\u00ba trimestre de 2019","description":"A institui\u00e7\u00e3o financeira que mais recebeu reclama\u00e7\u00f5es de clientes no segundo trimestre de 2019 foi o Banco Pan. Clique aqui para saber mais.","robots":{"index":"index","follow":"follow","max-snippet":"max-snippet:-1","max-image-preview":"max-image-preview:large","max-video-preview":"max-video-preview:-1"},"canonical":"https:\/\/www.suno.com.br\/noticias\/banco-pan-banco-central-reclamacoes\/","og_locale":"pt_BR","og_type":"article","og_title":"Banco Pan \u00e9 l\u00edder das reclama\u00e7\u00f5es no BC no 2\u00ba trimestre de 2019","og_description":"A institui\u00e7\u00e3o financeira que mais recebeu reclama\u00e7\u00f5es de clientes no segundo trimestre de 2019 foi o Banco Pan. Clique aqui para saber mais.","og_url":"https:\/\/www.suno.com.br\/noticias\/banco-pan-banco-central-reclamacoes\/","og_site_name":"Suno Not\u00edcias","article_publisher":"https:\/\/facebook.com\/sunoresearch","og_image":[{"width":600,"height":400,"url":"https:\/\/files.sunoresearch.com.br\/n\/uploads\/2019\/07\/3457f294-banco-pan.jpg","type":"image\/jpeg"}],"author":"Carlo Cauti","twitter_card":"summary_large_image","twitter_creator":"@sunoresearch","twitter_site":"@sunoresearch","twitter_misc":{"Escrito por":"Carlo Cauti","Est. tempo de leitura":"3 minutos"},"schema":{"@context":"https:\/\/schema.org","@graph":[{"@type":"NewsArticle","@id":"https:\/\/www.suno.com.br\/noticias\/banco-pan-banco-central-reclamacoes\/#article","isPartOf":{"@id":"https:\/\/www.suno.com.br\/noticias\/banco-pan-banco-central-reclamacoes\/"},"author":{"name":"Carlo Cauti","@id":"https:\/\/www.suno.com.br\/noticias\/#\/schema\/person\/e6e0f723cc177805027f4566c1d5e0c8"},"headline":"Banco Pan \u00e9 l\u00edder das reclama\u00e7\u00f5es no BC no 2\u00ba trimestre de 2019","datePublished":"2019-07-16T20:34:09+00:00","dateModified":"2021-02-18T01:48:04+00:00","mainEntityOfPage":{"@id":"https:\/\/www.suno.com.br\/noticias\/banco-pan-banco-central-reclamacoes\/"},"wordCount":579,"publisher":{"@id":"https:\/\/www.suno.com.br\/noticias\/#organization"},"image":{"@id":"https:\/\/www.suno.com.br\/noticias\/banco-pan-banco-central-reclamacoes\/#primaryimage"},"thumbnailUrl":"https:\/\/files.sunoresearch.com.br\/n\/uploads\/2019\/07\/3457f294-banco-pan-jpg.webp","keywords":["Banco Central (BC)","Banco Pan (BPAN4)","Caixa Econ\u00f4mica Federal (CEF)"],"articleSection":["Neg\u00f3cios"],"inLanguage":"pt-BR"},{"@type":"WebPage","@id":"https:\/\/www.suno.com.br\/noticias\/banco-pan-banco-central-reclamacoes\/","url":"https:\/\/www.suno.com.br\/noticias\/banco-pan-banco-central-reclamacoes\/","name":"Banco Pan \u00e9 l\u00edder das reclama\u00e7\u00f5es no BC no 2\u00ba trimestre de 2019","isPartOf":{"@id":"https:\/\/www.suno.com.br\/noticias\/#website"},"primaryImageOfPage":{"@id":"https:\/\/www.suno.com.br\/noticias\/banco-pan-banco-central-reclamacoes\/#primaryimage"},"image":{"@id":"https:\/\/www.suno.com.br\/noticias\/banco-pan-banco-central-reclamacoes\/#primaryimage"},"thumbnailUrl":"https:\/\/files.sunoresearch.com.br\/n\/uploads\/2019\/07\/3457f294-banco-pan-jpg.webp","datePublished":"2019-07-16T20:34:09+00:00","dateModified":"2021-02-18T01:48:04+00:00","description":"A institui\u00e7\u00e3o financeira que mais recebeu reclama\u00e7\u00f5es de clientes no segundo trimestre de 2019 foi o Banco Pan. Clique aqui para saber mais.","breadcrumb":{"@id":"https:\/\/www.suno.com.br\/noticias\/banco-pan-banco-central-reclamacoes\/#breadcrumb"},"inLanguage":"pt-BR","potentialAction":[{"@type":"ReadAction","target":["https:\/\/www.suno.com.br\/noticias\/banco-pan-banco-central-reclamacoes\/"]}]},{"@type":"ImageObject","inLanguage":"pt-BR","@id":"https:\/\/www.suno.com.br\/noticias\/banco-pan-banco-central-reclamacoes\/#primaryimage","url":"https:\/\/files.sunoresearch.com.br\/n\/uploads\/2019\/07\/3457f294-banco-pan-jpg.webp","contentUrl":"https:\/\/files.sunoresearch.com.br\/n\/uploads\/2019\/07\/3457f294-banco-pan-jpg.webp","width":600,"height":400,"caption":"Banco Pan (BPAN4) lidera ranking de reclama\u00e7\u00f5es do Banco Central"},{"@type":"BreadcrumbList","@id":"https:\/\/www.suno.com.br\/noticias\/banco-pan-banco-central-reclamacoes\/#breadcrumb","itemListElement":[{"@type":"ListItem","position":1,"name":"Not\u00edcias","item":"https:\/\/www.suno.com.br\/noticias\/"},{"@type":"ListItem","position":2,"name":"Neg\u00f3cios","item":"https:\/\/www.suno.com.br\/noticias\/negocios\/"},{"@type":"ListItem","position":3,"name":"Banco Pan \u00e9 l\u00edder das reclama\u00e7\u00f5es no BC no 2\u00ba trimestre de 2019"}]},{"@type":"WebSite","@id":"https:\/\/www.suno.com.br\/noticias\/#website","url":"https:\/\/www.suno.com.br\/noticias\/","name":"Suno Not\u00edcias","description":"Seu portal de informa\u00e7\u00e3o sobre o mundo dos investimentos","publisher":{"@id":"https:\/\/www.suno.com.br\/noticias\/#organization"},"potentialAction":[{"@type":"SearchAction","target":{"@type":"EntryPoint","urlTemplate":"https:\/\/www.suno.com.br\/noticias\/?s={search_term_string}"},"query-input":{"@type":"PropertyValueSpecification","valueRequired":true,"valueName":"search_term_string"}}],"inLanguage":"pt-BR"},{"@type":"Organization","@id":"https:\/\/www.suno.com.br\/noticias\/#organization","name":"Suno Not\u00edcias","url":"https:\/\/www.suno.com.br\/noticias\/","logo":{"@type":"ImageObject","inLanguage":"pt-BR","@id":"https:\/\/www.suno.com.br\/noticias\/#\/schema\/logo\/image\/","url":"https:\/\/files.sunoresearch.com.br\/n\/uploads\/2021\/09\/suno-logo.png","contentUrl":"https:\/\/files.sunoresearch.com.br\/n\/uploads\/2021\/09\/suno-logo.png","width":180,"height":180,"caption":"Suno Not\u00edcias"},"image":{"@id":"https:\/\/www.suno.com.br\/noticias\/#\/schema\/logo\/image\/"},"sameAs":["https:\/\/facebook.com\/sunoresearch","https:\/\/x.com\/sunoresearch","https:\/\/www.instagram.com\/suno","https:\/\/www.linkedin.com\/company\/suno-research\/","https:\/\/www.youtube.com\/c\/sunoresearch"]},{"@type":"Person","@id":"https:\/\/www.suno.com.br\/noticias\/#\/schema\/person\/e6e0f723cc177805027f4566c1d5e0c8","name":"Carlo Cauti","image":{"@type":"ImageObject","inLanguage":"pt-BR","@id":"https:\/\/www.suno.com.br\/noticias\/#\/schema\/person\/image\/","url":"https:\/\/secure.gravatar.com\/avatar\/3ada9e0bd164c23abd4792a9606d583c?s=96&r=g","contentUrl":"https:\/\/secure.gravatar.com\/avatar\/3ada9e0bd164c23abd4792a9606d583c?s=96&r=g","caption":"Carlo Cauti"},"description":"Editor multim\u00eddia do SUNO Not\u00edcias. Italiano, formado em Ci\u00eancias Pol\u00edticas pela universidade LUISS G. Carli de Roma e mestre cum laude em Rela\u00e7\u00f5es Internacionais, Jornalismo Internacional e de Guerra e em Economia Internacional. Concluiu tamb\u00e9m um MBA em Finan\u00e7as na B3. No Brasil, teve passagem por ve\u00edculos como Estad\u00e3o, Globo, Veja e EXAME. e nas ag\u00eancias de not\u00edcias italianas ANSA e NOVA.","url":"https:\/\/www.suno.com.br\/noticias\/author\/carlo-cauti\/"}]}},"default_loop_html":"<div class=\"cardsPage__listCard__boxs\"><div class=\"cardsPage__listCard__boxs__img\"><a href=\"https:\/\/www.suno.com.br\/noticias\/banco-pan-banco-central-reclamacoes\/\"><img class=\"mask\" src=\"https:\/\/www.suno.com.br\/noticias\/wp-content\/themes\/suno\/resources\/images\/spotlight\/spotlight1img\/bg-mask.png\" alt=\"Image Mask\"\/><img src=\"https:\/\/files.sunoresearch.com.br\/n\/uploads\/2019\/07\/3457f294-banco-pan-400x200.webp\" alt=\"Banco Pan \u00e9 l\u00edder das reclama\u00e7\u00f5es no BC no 2\u00ba trimestre de 2019\"\/><\/a><span class=\"spotlightCategory\"><a href=\"https:\/\/www.suno.com.br\/noticias\/negocios\/\">Neg\u00f3cios<\/a><\/span><\/div><div class=\"cardsPage__listCard__boxs__content\"><a href=\"https:\/\/www.suno.com.br\/noticias\/banco-pan-banco-central-reclamacoes\/\"><h2 class=\"content__title\">Banco Pan \u00e9 l\u00edder das reclama\u00e7\u00f5es no BC no 2\u00ba trimestre de 2019<\/h2><\/a><div class=\"newsContent__article__meta\"><div class=\"newsContent__article__meta__authorBox\"><a href=\"https:\/\/www.suno.com.br\/noticias\/author\/carlo-cauti\/\" class=\"authorBox__avatar noMobi\"><img src=\"https:\/\/files.sunoresearch.com.br\/n\/uploads\/2020\/08\/e3745f9a-perfil-carlo-cauti-150x150.webp\" alt=\"Carlo Cauti\"><\/a><div class=\"authorBox__name\"><span>por\n\t\t\t<a href=\"https:\/\/www.suno.com.br\/noticias\/author\/carlo-cauti\/\"><span itemprop=\"author\">Carlo Cauti<\/span><\/a><\/span><time datetime=\"2019-07-16T17:34:09-03:00\" itemprop=\"datePublished\">16\/07\/2019 17:34<\/time><\/div><\/div><\/div><\/div><\/div>","single_layout":"posts","amp_enabled":true,"_links":{"self":[{"href":"https:\/\/www.suno.com.br\/noticias\/wp-json\/wp\/v2\/posts\/31159"}],"collection":[{"href":"https:\/\/www.suno.com.br\/noticias\/wp-json\/wp\/v2\/posts"}],"about":[{"href":"https:\/\/www.suno.com.br\/noticias\/wp-json\/wp\/v2\/types\/post"}],"author":[{"embeddable":true,"href":"https:\/\/www.suno.com.br\/noticias\/wp-json\/wp\/v2\/users\/9"}],"replies":[{"embeddable":true,"href":"https:\/\/www.suno.com.br\/noticias\/wp-json\/wp\/v2\/comments?post=31159"}],"version-history":[{"count":0,"href":"https:\/\/www.suno.com.br\/noticias\/wp-json\/wp\/v2\/posts\/31159\/revisions"}],"wp:featuredmedia":[{"embeddable":true,"href":"https:\/\/www.suno.com.br\/noticias\/wp-json\/wp\/v2\/media\/31164"}],"wp:attachment":[{"href":"https:\/\/www.suno.com.br\/noticias\/wp-json\/wp\/v2\/media?parent=31159"}],"wp:term":[{"taxonomy":"category","embeddable":true,"href":"https:\/\/www.suno.com.br\/noticias\/wp-json\/wp\/v2\/categories?post=31159"},{"taxonomy":"post_tag","embeddable":true,"href":"https:\/\/www.suno.com.br\/noticias\/wp-json\/wp\/v2\/tags?post=31159"},{"taxonomy":"suno_strategy","embeddable":true,"href":"https:\/\/www.suno.com.br\/noticias\/wp-json\/wp\/v2\/suno_strategy?post=31159"}],"curies":[{"name":"wp","href":"https:\/\/api.w.org\/{rel}","templated":true}]}}