{"id":311199,"date":"2022-10-24T16:56:15","date_gmt":"2022-10-24T19:56:15","guid":{"rendered":"https:\/\/www.suno.com.br\/noticias\/?p=311199"},"modified":"2022-10-24T17:02:34","modified_gmt":"2022-10-24T20:02:34","slug":"rishi-sunak-primeiro-ministro-reino-unido","status":"publish","type":"post","link":"https:\/\/www.suno.com.br\/noticias\/rishi-sunak-primeiro-ministro-reino-unido\/","title":{"rendered":"Rishi Sunak: Quem \u00e9 o novo primeiro-ministro do Reino Unido?"},"content":{"rendered":"<p><strong>Rishi Sunak<\/strong> \u00e9 o novo <a href=\"https:\/\/www.gov.uk\/government\/organisations\/prime-ministers-office-10-downing-street\">primeiro-ministro do Reino Unido<\/a> e l\u00edder do Partido Conservador, ap\u00f3s a ren\u00fancia de Liz Truss, na semana anterior.<\/p><div class=\"videoFull \">\n\t\t\t<div class=\"videoWrapper yt-lazyload center\"\n\t\t\t\tdata-width=\"960\"\n\t\t\t\tdata-height=\"540\"\n\t\t\t\tdata-id=\"BYlEvz4eQDI\"\n\t\t\t\tdata-alt=\"V\u00eddeo do YouTube - clique para reproduzir\"\n\t\t\t\tdata-logo=\"3\"\n\t\t\t\tdata-imagequality=\"maxres\">\n\t\t\t<\/div>\n\t\t<\/div><script type=\"application\/ld+json\">{\"@context\":\"https:\/\/schema.org\",\"@type\":\"VideoObject\",\"name\":\"SEGUNDO TURNO DAS ELEI\u00c7\u00d5ES, COPOM, BALAN\u00c7OS, ESTATAIS (PETR4, BBAS3) NO RADAR | Boletim Focus\",\"description\":\"#morningcall #Not\u00edcias #elei\u00e7\u00f5es2022 #elei\u00e7\u00f5es2022 #elei\u00e7\u00f5es #mercadofinanceiro #petr4 #nubr33 #nubank #copom #vale3 \ud835\udc08\ud835\udc0d\ud835\udc12\ud835\udc02\ud835\udc11\ud835\udc04\ud835\udc15\ud835\udc00-\ud835\udc12\ud835\udc04 \ud835\udc0d\ud835\udc0e \ud835\udc02\ud835\udc00\ud835\udc0d\ud835\udc00\ud835\udc0b \ud835\udc04 \ud835\udc00\ud835\udc13\ud835\udc08\ud835\udc15\ud835\udc04 \ud835\udc0e \ud835\udc12\ud835\udc08\ud835\udc0d\ud835\udc0e \ud83d\udc47 https:\/\/bit.ly\/INSCREVA-SEATIVEOSINO \ud83d\udcda \ud83d\udcb8\ud835\udc02\ud835\udc28\ud835\udc27\ud835\udc2c\ud835\udc2d\ud835\udc2b\ud835\udc2e\ud835\udc1a \ud835\udc2e\ud835\udc26\ud835\udc1a \ud835\udc1c\ud835\udc1a\ud835\udc2b\ud835\udc2d\ud835\udc1e\ud835\udc22\ud835\udc2b\ud835\udc1a \ud835\udc1c\ud835\udc1a\ud835\udc26\ud835\udc29\ud835\udc1e\u00e3 \ud835\udc2e\ud835\udc2c\ud835\udc1a\ud835\udc27\ud835\udc1d\ud835\udc28 \ud835\udc1a\ud835\udc2c \ud835\udc2d\u00e1\ud835\udc2d\ud835\udc22\ud835\udc1c\ud835\udc1a\ud835\udc2c \ud835\udc1d\ud835\udc1a \ud835\udc12\ud835\udc2e\ud835\udc27\ud835\udc28 \ud835\udc1e \ud835\udc2d\ud835\udc1e\ud835\udc27\ud835\udc21\ud835\udc1a \ud835\udc2b\ud835\udc1e\ud835\udc2c\ud835\udc2e\ud835\udc25\ud835\udc2d\ud835\udc1a\ud835\udc1d\ud835\udc28\ud835\udc2c \ud835\udc1a\ud835\udc1c\ud835\udc22\ud835\udc26\ud835\udc1a \ud835\udc1d\ud835\udc1a \ud835\udc26\u00e9\ud835\udc1d\ud835\udc22\ud835\udc1a. \ud835\udc00 \ud835\udc01\ud835\udc25\ud835\udc1a\ud835\udc1c\ud835\udc24 \ud835\udc05\ud835\udc2b\ud835\udc22\ud835\udc1d\ud835\udc1a\ud835\udc32 \ud835\udc1e\ud835\udc2c\ud835\udc2d\u00e1 \ud835\udc1c\ud835\udc21\ud835\udc1e\ud835\udc20\ud835\udc1a\ud835\udc27\ud835\udc1d\ud835\udc28 \ud835\udc1e \ud835\udc2f\ud835\udc28\ud835\udc1c\u00ea \ud835\udc29\ud835\udc2b\ud835\udc1e\ud835\udc1c\ud835\udc22\ud835\udc2c\ud835\udc1a \ud835\udc1e\ud835\udc2c\ud835\udc2d\ud835\udc1a\ud835\udc2b \ud835\udc29\ud835\udc2b\ud835\udc1e\ud835\udc29\ud835\udc1a\ud835\udc2b\ud835\udc1a\ud835\udc1d\ud835\udc28 \ud835\udc29\ud835\udc1a\ud835\udc2b\ud835\udc1a \ud835\udc1a\ud835\udc29\ud835\udc2b\ud835\udc28\ud835\udc2f\ud835\udc1e\ud835\udc22\ud835\udc2d\ud835\udc1a\ud835\udc2b \ud835\udc1a\ud835\udc2c \ud835\udc26\ud835\udc1e\ud835\udc25\ud835\udc21\ud835\udc28\ud835\udc2b\ud835\udc1e\ud835\udc2c \ud835\udc28\ud835\udc1f\ud835\udc1e\ud835\udc2b\ud835\udc2d\ud835\udc1a\ud835\udc2c \ud835\udc1d\ud835\udc1a \ud835\udc12\ud835\udc2e\ud835\udc27\ud835\udc28 \ud835\udc27\ud835\udc28 \ud835\udc1a\ud835\udc27\ud835\udc28.\u2026\",\"duration\":\"PT35M23S\",\"embedUrl\":\"https:\/\/www.youtube.com\/embed\/BYlEvz4eQDI\",\"regionsAllowed\":\"pt-BR\",\"interactionStatistic\":{\"@type\":\"InteractionCounter\",\"interactionType\":{\"@type\":\"WatchAction\"},\"userInteractionCount\":2538},\"thumbnailUrl\":\"https:\/\/i.ytimg.com\/vi\/BYlEvz4eQDI\/default.jpg\",\"uploadDate\":\"2022-10-24T12:39:06Z\"}<\/script>\n\n\t<p>\n\t\t<a href=\"\" target=\"_blank\" data-element=\"shortcode-suno-banner\" title=\"Banner SUNO, clique e saiba mais\">\n\t\t\t<picture>\n\t\t\t\t<source media=\"(max-width: 500px)\" srcset=\"\">\n\t\t\t\t<img class=\"newsContent__article__imgCapa newsContent__article__imgCapa--banner\"\n\t\t\t\t\tsrc=\"\"\n\t\t\t\t\tdata-promo-id=\"240038\"\t\t\t\t\t\t\t\t\t\t\t\t\t\t\talt=\"\"\n\t\t\t\t>\n\t\t\t<\/picture>\n\t\t<\/a>\n\t<\/p>\n\n\n<p>Ele ir\u00e1 assumir ap\u00f3s a sua \u00fanica advers\u00e1ria, Penny Mordaunt, desistir da corrida pelo cargo de chefia do <strong>Reino Unido<\/strong> e declarar apoio a Rishi Sunak &#8211; o \u00fanico que reuniu as 100 assinaturas necess\u00e1rias.<\/p>\n<p>&#8220;Esta decis\u00e3o \u00e9 hist\u00f3rica e mostra, uma vez mais, a diversidade e o talento do nosso partido. O Rishi tem todo o meu apoio\u201d, disse <a href=\"https:\/\/twitter.com\/PennyMordaunt?ref_src=twsrc%5Egoogle%7Ctwcamp%5Eserp%7Ctwgr%5Eauthor\">Mordaunt, em comunicado<\/a>.<\/p>\n<p>O <strong>primeiro-ministro<\/strong>, assim, assume o cargo em meio a uma crise pol\u00edtica, dada a sa\u00edda conturbada de Boris Johson e a ren\u00fancia de Liz Truss ap\u00f3s 44 dias no cargo &#8211; o menor tempo da hist\u00f3ria.<\/p>\n\n\t<div data-element=\"shortcode-read-more\" class=\"readToo\">\n\t\t\t\t<span class=\"readToo__title\">Leia mais<\/span>\n\t\t\t\t<ul class=\"readToo__list\">\n\t\t\t<li><a href=\"https:\/\/www.suno.com.br\/noticias\/primeira-ministra-britanica-liz-truss-renuncia\/\">Liz Truss renuncia ao cargo de primeira-ministra do Reino Unido<\/a><\/li><li><a href=\"https:\/\/www.suno.com.br\/noticias\/reino-unido-alta-imposto-liz-truss\/\">Reino Unido seguir\u00e1 com alta no imposto corporativo, diz primeira-ministra Liz Truss<\/a><\/li>\t\t<\/ul>\n\t<\/div>\n\n\n<p>Truss, vale lembrar, teve problemas por conta de um pacote fiscal aprovado que lhe custou popularidade e capital pol\u00edtico.<\/p>\n<p>Agora, Sunak deve se reunir com o <a href=\"https:\/\/www.suno.com.br\/noticias\/fortuna-rei-charles-3o\/\"><strong>Rei Charles III<\/strong><\/a> para formalizar a forma\u00e7\u00e3o de um novo governo. Al\u00e9m disso, deve cumprir agenda com outros ministros e organizar as pol\u00edticas de governo.<\/p>\n<p>Ainda na quarta (26), deve ir ao Parlamento do Reino Unido para responder aos questionamentos do seu pr\u00f3prio partido e dos demais parlamentares.<\/p>\n<h2>Quem \u00e9\u00a0Rishi Sunak<\/h2>\n<p>O novo primeiro-ministro atuou como Ministro das Finan\u00e7as de Boris Johson e \u00e9 o primeiro da hist\u00f3ria a assumir o cargo sendo afro-hindu.<\/p>\n<p>Com 42 anos, \u00e9 filho de imigrantes indianos e casado com Akshata Murthy, uma fashion designer que tem o patrim\u00f4nio avaliado em \u00a3500 milh\u00f5es.<\/p>\n<p>Antes de ser o Chanceler do Tesouro de Boris Johnson, Rishi Sunak atuou como Membro do Parlamento Brit\u00e2nico por Richmond, de maio de 2015 at\u00e9 o momento.<\/p>\n\t<p>\n\t\t<a href=\"\" target=\"_blank\" data-element=\"shortcode-suno-banner\" title=\"Banner SUNO, clique e saiba mais\">\n\t\t\t<picture>\n\t\t\t\t<source media=\"(max-width: 500px)\" srcset=\"\">\n\t\t\t\t<img class=\"newsContent__article__imgCapa newsContent__article__imgCapa--banner\"\n\t\t\t\t\tsrc=\"\"\n\t\t\t\t\tdata-promo-id=\"274968\"\t\t\t\t\t\t\t\t\t\t\t\t\t\t\talt=\"\"\n\t\t\t\t>\n\t\t\t<\/picture>\n\t\t<\/a>\n\t<\/p>\n\n\n<h2>Entenda a ren\u00fancia de Liz Truss<\/h2>\n<p>O Partido Conservador vive uma crise desde o governo de Boris Johnson, que renunciou depois de uma debandada de ministros.<\/p>\n<p><a href=\"https:\/\/www.suno.com.br\/artigos\/planos-economicos\/\">A proposta econ\u00f4mica da ex-premi\u00ea, de corte de impostos<\/a>, foi mal recebida no pa\u00eds, em um momento no qual a<a href=\"https:\/\/www.suno.com.br\/noticias\/inflacao-cpi-reino-unido-recorde\/\"> infla\u00e7\u00e3o do Reino Unido ultrapassou os 10%<\/a>, em sua maior taxa nos \u00faltimos 40 anos. Como parte da rea\u00e7\u00e3o ao planejamento, a libra caiu para o menor valor da hist\u00f3ria em rela\u00e7\u00e3o ao d\u00f3lar.<\/p>\n<p>O novo ministro das Finan\u00e7as, Jeremy Hunt, reverteu as mudan\u00e7as anunciadas pela primeira-ministra, aprofundando a crise no governo. Kwasi Kwarteng, o antigo respons\u00e1vel pela pasta, havia sido demitido do cargo na \u00faltima sexta-feira (14). A carta divulgada por Kwarteng endere\u00e7ada \u00e0 chanceler dizia que ela pediu para que ele \u201cficasse de lado\u201d.<\/p>\n<p>Segundo a BBC, antes de Liz Truss &#8211; que renunciou e passou o cargo a <strong>Rishi Sunak<\/strong> -, o mandato mais curto de um primeiro-ministro havia sido de George Canning, que ficou no cargo por 119 dias, antes de morrer, em 1827.<\/p>\n\t<p>\n\t\t<a href=\"https:\/\/lp.suno.com.br\/planilha-controle-gastos\/\" target=\"_blank\" data-element=\"shortcode-suno-banner\" title=\"Banner SUNO, clique e saiba mais\">\n\t\t\t<picture>\n\t\t\t\t<source media=\"(max-width: 500px)\" srcset=\"https:\/\/files.sunoresearch.com.br\/n\/uploads\/2023\/03\/400x300-Planilha-controle-de-gastos.png\">\n\t\t\t\t<img class=\"newsContent__article__imgCapa newsContent__article__imgCapa--banner\"\n\t\t\t\t\tsrc=\"https:\/\/files.sunoresearch.com.br\/n\/uploads\/2023\/03\/1420x240-Planilha-controle-de-gastos.png\"\n\t\t\t\t\tdata-promo-id=\"101751\"\t\t\t\t\t\t\t\t\t\twidth='1420' height='240'\t\t\t\t\talt=\"https:\/\/files.sunoresearch.com.br\/n\/uploads\/2023\/03\/1420x240-Planilha-controle-de-gastos.png\"\n\t\t\t\t>\n\t\t\t<\/picture>\n\t\t<\/a>\n\t<\/p>\n\n\n","protected":false},"excerpt":{"rendered":"<p>Rishi Sunak \u00e9 o novo primeiro-ministro do Reino Unido e l\u00edder do Partido Conservador, ap\u00f3s a ren\u00fancia de Liz Truss, na semana anterior. Ele ir\u00e1 assumir ap\u00f3s a sua \u00fanica advers\u00e1ria, Penny Mordaunt, desistir da corrida pelo cargo de chefia do Reino Unido e declarar apoio a Rishi Sunak &#8211; o \u00fanico que reuniu as [&hellip;]<\/p>\n","protected":false},"author":73,"featured_media":311205,"comment_status":"closed","ping_status":"closed","sticky":false,"template":"","format":"standard","meta":[],"categories":[63],"tags":[730],"suno_strategy":[],"class_list":["post-311199","post","type-post","status-publish","format-standard","has-post-thumbnail","hentry","category-internacional","tag-reino-unido"],"yoast_head":"<!-- This site is optimized with the Yoast SEO plugin v24.4 - https:\/\/yoast.com\/wordpress\/plugins\/seo\/ -->\n<title>Rishi Sunak: Quem \u00e9 o novo primeiro-ministro do Reino Unido?<\/title>\n<meta name=\"description\" content=\"O novo primeiro-ministro, Rishi Sunak, j\u00e1 atuou no governo de Boris Johson e soma um patrim\u00f4nio de milh\u00f5es de d\u00f3lares. Clique e confira!\" \/>\n<meta name=\"robots\" content=\"index, follow, max-snippet:-1, max-image-preview:large, max-video-preview:-1\" \/>\n<link rel=\"canonical\" href=\"https:\/\/www.suno.com.br\/noticias\/rishi-sunak-primeiro-ministro-reino-unido\/\" \/>\n<meta property=\"og:locale\" content=\"pt_BR\" \/>\n<meta property=\"og:type\" content=\"article\" \/>\n<meta property=\"og:title\" content=\"Rishi Sunak: Quem \u00e9 o novo primeiro-ministro do Reino Unido?\" \/>\n<meta property=\"og:description\" content=\"O novo primeiro-ministro, Rishi Sunak, j\u00e1 atuou no governo de Boris Johson e soma um patrim\u00f4nio de milh\u00f5es de d\u00f3lares. Clique e confira!\" \/>\n<meta property=\"og:url\" content=\"https:\/\/www.suno.com.br\/noticias\/rishi-sunak-primeiro-ministro-reino-unido\/\" \/>\n<meta property=\"og:site_name\" content=\"Suno Not\u00edcias\" \/>\n<meta property=\"article:publisher\" content=\"https:\/\/facebook.com\/sunoresearch\" \/>\n<meta property=\"og:image\" content=\"https:\/\/files.sunoresearch.com.br\/n\/uploads\/2022\/10\/Rishi_Sunak_2020.jpg\" \/>\n\t<meta property=\"og:image:width\" content=\"2560\" \/>\n\t<meta property=\"og:image:height\" content=\"1707\" \/>\n\t<meta property=\"og:image:type\" content=\"image\/jpeg\" \/>\n<meta name=\"author\" content=\"Eduardo Vargas\" \/>\n<meta name=\"twitter:card\" content=\"summary_large_image\" \/>\n<meta name=\"twitter:creator\" content=\"@sunoresearch\" \/>\n<meta name=\"twitter:site\" content=\"@sunoresearch\" \/>\n<meta name=\"twitter:label1\" content=\"Escrito por\" \/>\n\t<meta name=\"twitter:data1\" content=\"Eduardo Vargas\" \/>\n\t<meta name=\"twitter:label2\" content=\"Est. tempo de leitura\" \/>\n\t<meta name=\"twitter:data2\" content=\"3 minutos\" \/>\n<script type=\"application\/ld+json\" class=\"yoast-schema-graph\">{\"@context\":\"https:\/\/schema.org\",\"@graph\":[{\"@type\":\"NewsArticle\",\"@id\":\"https:\/\/www.suno.com.br\/noticias\/rishi-sunak-primeiro-ministro-reino-unido\/#article\",\"isPartOf\":{\"@id\":\"https:\/\/www.suno.com.br\/noticias\/rishi-sunak-primeiro-ministro-reino-unido\/\"},\"author\":{\"name\":\"Eduardo Vargas\",\"@id\":\"https:\/\/www.suno.com.br\/noticias\/#\/schema\/person\/7f4d362bf3518e76090143ae77bb49a5\"},\"headline\":\"Rishi Sunak: Quem \u00e9 o novo primeiro-ministro do Reino Unido?\",\"datePublished\":\"2022-10-24T19:56:15+00:00\",\"dateModified\":\"2022-10-24T20:02:34+00:00\",\"mainEntityOfPage\":{\"@id\":\"https:\/\/www.suno.com.br\/noticias\/rishi-sunak-primeiro-ministro-reino-unido\/\"},\"wordCount\":491,\"publisher\":{\"@id\":\"https:\/\/www.suno.com.br\/noticias\/#organization\"},\"image\":{\"@id\":\"https:\/\/www.suno.com.br\/noticias\/rishi-sunak-primeiro-ministro-reino-unido\/#primaryimage\"},\"thumbnailUrl\":\"https:\/\/files.sunoresearch.com.br\/n\/uploads\/2022\/10\/Rishi_Sunak_2020.jpg\",\"keywords\":[\"Reino Unido\"],\"articleSection\":[\"Internacional\"],\"inLanguage\":\"pt-BR\"},{\"@type\":\"WebPage\",\"@id\":\"https:\/\/www.suno.com.br\/noticias\/rishi-sunak-primeiro-ministro-reino-unido\/\",\"url\":\"https:\/\/www.suno.com.br\/noticias\/rishi-sunak-primeiro-ministro-reino-unido\/\",\"name\":\"Rishi Sunak: Quem \u00e9 o novo primeiro-ministro do Reino Unido?\",\"isPartOf\":{\"@id\":\"https:\/\/www.suno.com.br\/noticias\/#website\"},\"primaryImageOfPage\":{\"@id\":\"https:\/\/www.suno.com.br\/noticias\/rishi-sunak-primeiro-ministro-reino-unido\/#primaryimage\"},\"image\":{\"@id\":\"https:\/\/www.suno.com.br\/noticias\/rishi-sunak-primeiro-ministro-reino-unido\/#primaryimage\"},\"thumbnailUrl\":\"https:\/\/files.sunoresearch.com.br\/n\/uploads\/2022\/10\/Rishi_Sunak_2020.jpg\",\"datePublished\":\"2022-10-24T19:56:15+00:00\",\"dateModified\":\"2022-10-24T20:02:34+00:00\",\"description\":\"O novo primeiro-ministro, Rishi Sunak, j\u00e1 atuou no governo de Boris Johson e soma um patrim\u00f4nio de milh\u00f5es de d\u00f3lares. Clique e confira!\",\"breadcrumb\":{\"@id\":\"https:\/\/www.suno.com.br\/noticias\/rishi-sunak-primeiro-ministro-reino-unido\/#breadcrumb\"},\"inLanguage\":\"pt-BR\",\"potentialAction\":[{\"@type\":\"ReadAction\",\"target\":[\"https:\/\/www.suno.com.br\/noticias\/rishi-sunak-primeiro-ministro-reino-unido\/\"]}]},{\"@type\":\"ImageObject\",\"inLanguage\":\"pt-BR\",\"@id\":\"https:\/\/www.suno.com.br\/noticias\/rishi-sunak-primeiro-ministro-reino-unido\/#primaryimage\",\"url\":\"https:\/\/files.sunoresearch.com.br\/n\/uploads\/2022\/10\/Rishi_Sunak_2020.jpg\",\"contentUrl\":\"https:\/\/files.sunoresearch.com.br\/n\/uploads\/2022\/10\/Rishi_Sunak_2020.jpg\",\"width\":2560,\"height\":1707,\"caption\":\"Rishi Sunak, no passado, atuou no governo Boris Johnson - Foto: HM Treasury\"},{\"@type\":\"BreadcrumbList\",\"@id\":\"https:\/\/www.suno.com.br\/noticias\/rishi-sunak-primeiro-ministro-reino-unido\/#breadcrumb\",\"itemListElement\":[{\"@type\":\"ListItem\",\"position\":1,\"name\":\"Not\u00edcias\",\"item\":\"https:\/\/www.suno.com.br\/noticias\/\"},{\"@type\":\"ListItem\",\"position\":2,\"name\":\"Internacional\",\"item\":\"https:\/\/www.suno.com.br\/noticias\/internacional\/\"},{\"@type\":\"ListItem\",\"position\":3,\"name\":\"Rishi Sunak: Quem \u00e9 o novo primeiro-ministro do Reino Unido?\"}]},{\"@type\":\"WebSite\",\"@id\":\"https:\/\/www.suno.com.br\/noticias\/#website\",\"url\":\"https:\/\/www.suno.com.br\/noticias\/\",\"name\":\"Suno Not\u00edcias\",\"description\":\"Seu portal de informa\u00e7\u00e3o sobre o mundo dos investimentos\",\"publisher\":{\"@id\":\"https:\/\/www.suno.com.br\/noticias\/#organization\"},\"potentialAction\":[{\"@type\":\"SearchAction\",\"target\":{\"@type\":\"EntryPoint\",\"urlTemplate\":\"https:\/\/www.suno.com.br\/noticias\/?s={search_term_string}\"},\"query-input\":{\"@type\":\"PropertyValueSpecification\",\"valueRequired\":true,\"valueName\":\"search_term_string\"}}],\"inLanguage\":\"pt-BR\"},{\"@type\":\"Organization\",\"@id\":\"https:\/\/www.suno.com.br\/noticias\/#organization\",\"name\":\"Suno Not\u00edcias\",\"url\":\"https:\/\/www.suno.com.br\/noticias\/\",\"logo\":{\"@type\":\"ImageObject\",\"inLanguage\":\"pt-BR\",\"@id\":\"https:\/\/www.suno.com.br\/noticias\/#\/schema\/logo\/image\/\",\"url\":\"https:\/\/files.sunoresearch.com.br\/n\/uploads\/2021\/09\/suno-logo.png\",\"contentUrl\":\"https:\/\/files.sunoresearch.com.br\/n\/uploads\/2021\/09\/suno-logo.png\",\"width\":180,\"height\":180,\"caption\":\"Suno Not\u00edcias\"},\"image\":{\"@id\":\"https:\/\/www.suno.com.br\/noticias\/#\/schema\/logo\/image\/\"},\"sameAs\":[\"https:\/\/facebook.com\/sunoresearch\",\"https:\/\/x.com\/sunoresearch\",\"https:\/\/www.instagram.com\/suno\",\"https:\/\/www.linkedin.com\/company\/suno-research\/\",\"https:\/\/www.youtube.com\/c\/sunoresearch\"]},{\"@type\":\"Person\",\"@id\":\"https:\/\/www.suno.com.br\/noticias\/#\/schema\/person\/7f4d362bf3518e76090143ae77bb49a5\",\"name\":\"Eduardo Vargas\",\"image\":{\"@type\":\"ImageObject\",\"inLanguage\":\"pt-BR\",\"@id\":\"https:\/\/www.suno.com.br\/noticias\/#\/schema\/person\/image\/\",\"url\":\"https:\/\/secure.gravatar.com\/avatar\/dac340933427a22924c9f99d1eb2e3f2?s=96&r=g\",\"contentUrl\":\"https:\/\/secure.gravatar.com\/avatar\/dac340933427a22924c9f99d1eb2e3f2?s=96&r=g\",\"caption\":\"Eduardo Vargas\"},\"description\":\"Jornalista formado pela UFSC, cobre macroeconomia, neg\u00f3cios e startups para o Suno Not\u00edcias, escrevendo principalmente not\u00edcias sobre o mercado financeiro e a bolsa de valores. No YouTube e no Instagram, \u00e9 respons\u00e1vel pela produ\u00e7\u00e3o de Reels e Shorts do Suno Not\u00edcias. Anteriormente, trabalhou cobrindo economia e cotidiano no ND+ e para o ND, maior jornal impresso de Santa Catarina. Cursou um semestre letivo de Estudos de M\u00eddia na Universidad de Buenos Aires.\",\"url\":\"https:\/\/www.suno.com.br\/noticias\/author\/eduardo-vargas\/\"}]}<\/script>\n<!-- \/ Yoast SEO plugin. -->","yoast_head_json":{"title":"Rishi Sunak: Quem \u00e9 o novo primeiro-ministro do Reino Unido?","description":"O novo primeiro-ministro, Rishi Sunak, j\u00e1 atuou no governo de Boris Johson e soma um patrim\u00f4nio de milh\u00f5es de d\u00f3lares. Clique e confira!","robots":{"index":"index","follow":"follow","max-snippet":"max-snippet:-1","max-image-preview":"max-image-preview:large","max-video-preview":"max-video-preview:-1"},"canonical":"https:\/\/www.suno.com.br\/noticias\/rishi-sunak-primeiro-ministro-reino-unido\/","og_locale":"pt_BR","og_type":"article","og_title":"Rishi Sunak: Quem \u00e9 o novo primeiro-ministro do Reino Unido?","og_description":"O novo primeiro-ministro, Rishi Sunak, j\u00e1 atuou no governo de Boris Johson e soma um patrim\u00f4nio de milh\u00f5es de d\u00f3lares. Clique e confira!","og_url":"https:\/\/www.suno.com.br\/noticias\/rishi-sunak-primeiro-ministro-reino-unido\/","og_site_name":"Suno Not\u00edcias","article_publisher":"https:\/\/facebook.com\/sunoresearch","og_image":[{"width":2560,"height":1707,"url":"https:\/\/files.sunoresearch.com.br\/n\/uploads\/2022\/10\/Rishi_Sunak_2020.jpg","type":"image\/jpeg"}],"author":"Eduardo Vargas","twitter_card":"summary_large_image","twitter_creator":"@sunoresearch","twitter_site":"@sunoresearch","twitter_misc":{"Escrito por":"Eduardo Vargas","Est. tempo de leitura":"3 minutos"},"schema":{"@context":"https:\/\/schema.org","@graph":[{"@type":"NewsArticle","@id":"https:\/\/www.suno.com.br\/noticias\/rishi-sunak-primeiro-ministro-reino-unido\/#article","isPartOf":{"@id":"https:\/\/www.suno.com.br\/noticias\/rishi-sunak-primeiro-ministro-reino-unido\/"},"author":{"name":"Eduardo Vargas","@id":"https:\/\/www.suno.com.br\/noticias\/#\/schema\/person\/7f4d362bf3518e76090143ae77bb49a5"},"headline":"Rishi Sunak: Quem \u00e9 o novo primeiro-ministro do Reino Unido?","datePublished":"2022-10-24T19:56:15+00:00","dateModified":"2022-10-24T20:02:34+00:00","mainEntityOfPage":{"@id":"https:\/\/www.suno.com.br\/noticias\/rishi-sunak-primeiro-ministro-reino-unido\/"},"wordCount":491,"publisher":{"@id":"https:\/\/www.suno.com.br\/noticias\/#organization"},"image":{"@id":"https:\/\/www.suno.com.br\/noticias\/rishi-sunak-primeiro-ministro-reino-unido\/#primaryimage"},"thumbnailUrl":"https:\/\/files.sunoresearch.com.br\/n\/uploads\/2022\/10\/Rishi_Sunak_2020.jpg","keywords":["Reino Unido"],"articleSection":["Internacional"],"inLanguage":"pt-BR"},{"@type":"WebPage","@id":"https:\/\/www.suno.com.br\/noticias\/rishi-sunak-primeiro-ministro-reino-unido\/","url":"https:\/\/www.suno.com.br\/noticias\/rishi-sunak-primeiro-ministro-reino-unido\/","name":"Rishi Sunak: Quem \u00e9 o novo primeiro-ministro do Reino Unido?","isPartOf":{"@id":"https:\/\/www.suno.com.br\/noticias\/#website"},"primaryImageOfPage":{"@id":"https:\/\/www.suno.com.br\/noticias\/rishi-sunak-primeiro-ministro-reino-unido\/#primaryimage"},"image":{"@id":"https:\/\/www.suno.com.br\/noticias\/rishi-sunak-primeiro-ministro-reino-unido\/#primaryimage"},"thumbnailUrl":"https:\/\/files.sunoresearch.com.br\/n\/uploads\/2022\/10\/Rishi_Sunak_2020.jpg","datePublished":"2022-10-24T19:56:15+00:00","dateModified":"2022-10-24T20:02:34+00:00","description":"O novo primeiro-ministro, Rishi Sunak, j\u00e1 atuou no governo de Boris Johson e soma um patrim\u00f4nio de milh\u00f5es de d\u00f3lares. Clique e confira!","breadcrumb":{"@id":"https:\/\/www.suno.com.br\/noticias\/rishi-sunak-primeiro-ministro-reino-unido\/#breadcrumb"},"inLanguage":"pt-BR","potentialAction":[{"@type":"ReadAction","target":["https:\/\/www.suno.com.br\/noticias\/rishi-sunak-primeiro-ministro-reino-unido\/"]}]},{"@type":"ImageObject","inLanguage":"pt-BR","@id":"https:\/\/www.suno.com.br\/noticias\/rishi-sunak-primeiro-ministro-reino-unido\/#primaryimage","url":"https:\/\/files.sunoresearch.com.br\/n\/uploads\/2022\/10\/Rishi_Sunak_2020.jpg","contentUrl":"https:\/\/files.sunoresearch.com.br\/n\/uploads\/2022\/10\/Rishi_Sunak_2020.jpg","width":2560,"height":1707,"caption":"Rishi Sunak, no passado, atuou no governo Boris Johnson - Foto: HM Treasury"},{"@type":"BreadcrumbList","@id":"https:\/\/www.suno.com.br\/noticias\/rishi-sunak-primeiro-ministro-reino-unido\/#breadcrumb","itemListElement":[{"@type":"ListItem","position":1,"name":"Not\u00edcias","item":"https:\/\/www.suno.com.br\/noticias\/"},{"@type":"ListItem","position":2,"name":"Internacional","item":"https:\/\/www.suno.com.br\/noticias\/internacional\/"},{"@type":"ListItem","position":3,"name":"Rishi Sunak: Quem \u00e9 o novo primeiro-ministro do Reino Unido?"}]},{"@type":"WebSite","@id":"https:\/\/www.suno.com.br\/noticias\/#website","url":"https:\/\/www.suno.com.br\/noticias\/","name":"Suno Not\u00edcias","description":"Seu portal de informa\u00e7\u00e3o sobre o mundo dos investimentos","publisher":{"@id":"https:\/\/www.suno.com.br\/noticias\/#organization"},"potentialAction":[{"@type":"SearchAction","target":{"@type":"EntryPoint","urlTemplate":"https:\/\/www.suno.com.br\/noticias\/?s={search_term_string}"},"query-input":{"@type":"PropertyValueSpecification","valueRequired":true,"valueName":"search_term_string"}}],"inLanguage":"pt-BR"},{"@type":"Organization","@id":"https:\/\/www.suno.com.br\/noticias\/#organization","name":"Suno Not\u00edcias","url":"https:\/\/www.suno.com.br\/noticias\/","logo":{"@type":"ImageObject","inLanguage":"pt-BR","@id":"https:\/\/www.suno.com.br\/noticias\/#\/schema\/logo\/image\/","url":"https:\/\/files.sunoresearch.com.br\/n\/uploads\/2021\/09\/suno-logo.png","contentUrl":"https:\/\/files.sunoresearch.com.br\/n\/uploads\/2021\/09\/suno-logo.png","width":180,"height":180,"caption":"Suno Not\u00edcias"},"image":{"@id":"https:\/\/www.suno.com.br\/noticias\/#\/schema\/logo\/image\/"},"sameAs":["https:\/\/facebook.com\/sunoresearch","https:\/\/x.com\/sunoresearch","https:\/\/www.instagram.com\/suno","https:\/\/www.linkedin.com\/company\/suno-research\/","https:\/\/www.youtube.com\/c\/sunoresearch"]},{"@type":"Person","@id":"https:\/\/www.suno.com.br\/noticias\/#\/schema\/person\/7f4d362bf3518e76090143ae77bb49a5","name":"Eduardo Vargas","image":{"@type":"ImageObject","inLanguage":"pt-BR","@id":"https:\/\/www.suno.com.br\/noticias\/#\/schema\/person\/image\/","url":"https:\/\/secure.gravatar.com\/avatar\/dac340933427a22924c9f99d1eb2e3f2?s=96&r=g","contentUrl":"https:\/\/secure.gravatar.com\/avatar\/dac340933427a22924c9f99d1eb2e3f2?s=96&r=g","caption":"Eduardo Vargas"},"description":"Jornalista formado pela UFSC, cobre macroeconomia, neg\u00f3cios e startups para o Suno Not\u00edcias, escrevendo principalmente not\u00edcias sobre o mercado financeiro e a bolsa de valores. No YouTube e no Instagram, \u00e9 respons\u00e1vel pela produ\u00e7\u00e3o de Reels e Shorts do Suno Not\u00edcias. Anteriormente, trabalhou cobrindo economia e cotidiano no ND+ e para o ND, maior jornal impresso de Santa Catarina. Cursou um semestre letivo de Estudos de M\u00eddia na Universidad de Buenos Aires.","url":"https:\/\/www.suno.com.br\/noticias\/author\/eduardo-vargas\/"}]}},"default_loop_html":"<div class=\"cardsPage__listCard__boxs\"><div class=\"cardsPage__listCard__boxs__img\"><a href=\"https:\/\/www.suno.com.br\/noticias\/reino-unido-alta-imposto-liz-truss\/\"><img class=\"mask\" src=\"https:\/\/www.suno.com.br\/noticias\/wp-content\/themes\/suno\/resources\/images\/spotlight\/spotlight1img\/bg-mask.png\" alt=\"Image Mask\"\/><img src=\"https:\/\/files.sunoresearch.com.br\/n\/uploads\/2022\/10\/Official_portrait_of_Prime_Minister_Liz_Truss-400x200.jpg\" alt=\"Reino Unido seguir\u00e1 com alta no imposto corporativo, diz primeira-ministra Liz Truss\"\/><\/a><span class=\"spotlightCategory\"><a href=\"https:\/\/www.suno.com.br\/noticias\/internacional\/\">Internacional<\/a><\/span><\/div><div class=\"cardsPage__listCard__boxs__content\"><a href=\"https:\/\/www.suno.com.br\/noticias\/reino-unido-alta-imposto-liz-truss\/\"><h2 class=\"content__title\">Reino Unido seguir\u00e1 com alta no imposto corporativo, diz primeira-ministra Liz Truss<\/h2><\/a><div class=\"newsContent__article__meta\"><div class=\"newsContent__article__meta__authorBox\"><a href=\"https:\/\/www.suno.com.br\/noticias\/author\/eduardo-vargas\/\" class=\"authorBox__avatar noMobi\"><img src=\"https:\/\/secure.gravatar.com\/avatar\/dac340933427a22924c9f99d1eb2e3f2?s=96&#038;r=g\" alt=\"Eduardo Vargas\"><\/a><div class=\"authorBox__name\"><span>por\n\t\t\t<a href=\"https:\/\/www.suno.com.br\/noticias\/author\/eduardo-vargas\/\"><span itemprop=\"author\">Eduardo Vargas<\/span><\/a><\/span><time datetime=\"2022-10-14T16:52:09-03:00\" itemprop=\"datePublished\">14\/10\/2022 16:52<\/time><\/div><\/div><\/div><\/div><\/div>","single_layout":"posts","amp_enabled":true,"_links":{"self":[{"href":"https:\/\/www.suno.com.br\/noticias\/wp-json\/wp\/v2\/posts\/311199"}],"collection":[{"href":"https:\/\/www.suno.com.br\/noticias\/wp-json\/wp\/v2\/posts"}],"about":[{"href":"https:\/\/www.suno.com.br\/noticias\/wp-json\/wp\/v2\/types\/post"}],"author":[{"embeddable":true,"href":"https:\/\/www.suno.com.br\/noticias\/wp-json\/wp\/v2\/users\/73"}],"replies":[{"embeddable":true,"href":"https:\/\/www.suno.com.br\/noticias\/wp-json\/wp\/v2\/comments?post=311199"}],"version-history":[{"count":3,"href":"https:\/\/www.suno.com.br\/noticias\/wp-json\/wp\/v2\/posts\/311199\/revisions"}],"predecessor-version":[{"id":311218,"href":"https:\/\/www.suno.com.br\/noticias\/wp-json\/wp\/v2\/posts\/311199\/revisions\/311218"}],"wp:featuredmedia":[{"embeddable":true,"href":"https:\/\/www.suno.com.br\/noticias\/wp-json\/wp\/v2\/media\/311205"}],"wp:attachment":[{"href":"https:\/\/www.suno.com.br\/noticias\/wp-json\/wp\/v2\/media?parent=311199"}],"wp:term":[{"taxonomy":"category","embeddable":true,"href":"https:\/\/www.suno.com.br\/noticias\/wp-json\/wp\/v2\/categories?post=311199"},{"taxonomy":"post_tag","embeddable":true,"href":"https:\/\/www.suno.com.br\/noticias\/wp-json\/wp\/v2\/tags?post=311199"},{"taxonomy":"suno_strategy","embeddable":true,"href":"https:\/\/www.suno.com.br\/noticias\/wp-json\/wp\/v2\/suno_strategy?post=311199"}],"curies":[{"name":"wp","href":"https:\/\/api.w.org\/{rel}","templated":true}]}}