{"id":31090,"date":"2019-07-16T10:18:43","date_gmt":"2019-07-16T13:18:43","guid":{"rendered":"https:\/\/www.suno.com.br\/noticias\/?p=31090"},"modified":"2019-07-16T17:53:01","modified_gmt":"2019-07-16T20:53:01","slug":"ibovespa-16072019","status":"publish","type":"post","link":"https:\/\/www.suno.com.br\/noticias\/ibovespa-16072019\/","title":{"rendered":"Ibovespa abre em queda; Mercosul e cen\u00e1rio externo no radar do mercado"},"content":{"rendered":"<p>O Ibovespa iniciou a manh\u00e3 desta ter\u00e7a-feira (16) em queda. Assim como o d\u00f3lar, o \u00edndice opera, principalmente, sobre a movimenta\u00e7\u00e3o do exterior, uma vez que a reforma da Previd\u00eancia voltar\u00e1 a ser discutida em agosto.<\/p>\t<div class=\"wrapper-featured-image\">\n\t\t<figure class=\"spotlightImg\">\n\n\t\t\t<picture>\n\t\t\t\t<source media=\"(max-width: 768px)\" srcset=\"https:\/\/files.sunoresearch.com.br\/n\/uploads\/2019\/01\/202c40f8-bolsa-valores-na-china2-400x200.webp\">\n\t\t\t\t<img loading=\"lazy\" decoding=\"async\" class=\"newsContent__article__imgCapa lazyloadDisabled newsContent__article__imgCapa--noCaption\" src=\"https:\/\/files.sunoresearch.com.br\/n\/uploads\/2019\/01\/202c40f8-bolsa-valores-na-china2-800x450.webp\" width=\"800\" height=\"450\" alt=\"Ibovespa abre em queda; Mercosul e cen\u00e1rio externo no radar do mercado\" fetchpriority=high \/>\n\t\t\t<\/picture>\n\n\t\t\t<figcaption class=\"wp-caption-text wp-caption-text--hide\">Investimentos na \u00c1sia podem ser op\u00e7\u00e3o de diversifica\u00e7\u00e3o na pandemia<\/figcaption>\n\t\t<\/figure>\n\t<\/div>\n\n\n\t<p>\n\t\t<a href=\"https:\/\/lps.suno.com.br\/asset\/newsletter\/\" target=\"_blank\" data-element=\"shortcode-suno-banner\" title=\"Banner SUNO, clique e saiba mais\">\n\t\t\t<picture>\n\t\t\t\t<source media=\"(max-width: 500px)\" srcset=\"https:\/\/files.sunoresearch.com.br\/n\/uploads\/2023\/04\/400x300-Mobile-Artigos-4.jpg\">\n\t\t\t\t<img class=\"newsContent__article__imgCapa newsContent__article__imgCapa--banner\"\n\t\t\t\t\tsrc=\"https:\/\/files.sunoresearch.com.br\/n\/uploads\/2023\/04\/1420x240-Banner-Artigos-1-_-Banner-Materias-1.jpg\"\n\t\t\t\t\tdata-promo-id=\"386700\"\t\t\t\t\t\t\t\t\t\twidth='1420' height='240'\t\t\t\t\talt=\"https:\/\/files.sunoresearch.com.br\/n\/uploads\/2023\/04\/1420x240-Banner-Artigos-1-_-Banner-Materias-1.jpg\"\n\t\t\t\t>\n\t\t\t<\/picture>\n\t\t<\/a>\n\t<\/p>\n\n\n<p>Por volta das 10h15, o <strong>Ibovespa<\/strong> registrava uma leve queda de 0,25% sendo cotado a 104.061,53 pontos. O mercado ainda opera sobre os acontecimentos do dia anterior, aguardando o discurso do presidente do Federal Reserve (Fed, banco central norte-americano), Jerome Powell, que deve acontecer nesta tarde.<\/p>\n<p><a href=\"https:\/\/www.suno.com.br\/noticias\/dolar-16072019\/\">Confira tamb\u00e9m:\u00a0D\u00f3lar sobe com reforma parada e otimismo externo<\/a><\/p>\n<h2>Mercosul<\/h2>\n<p>Na \u00faltima segunda-feira (15), a coordenadora das negocia\u00e7\u00f5es do Uruguai, Valeria Csukasi, afirmou que o Mercosul quer uma aplica\u00e7\u00e3o provis\u00f3ria do tratado de livre-com\u00e9rcio feito com a Uni\u00e3o Europeia.<\/p>\n<p>Em Santa F\u00e9, na Argentina, Csukasi deu certeza de que o <a href=\"https:\/\/www.suno.com.br\/artigos\/mercosul\/\"><strong>Mercosul<\/strong> <\/a>ir\u00e1 atr\u00e1s de fechar um acordo &#8220;teste&#8221; com a UE. \u201cEsta \u00e9 uma das claras decis\u00f5es que o Mercosul vai tomar\u201d, disse a coordenadora. Nesta quarta-feira (17), os presidentes dos pa\u00edses que comp\u00f5em o Mercosul se encontrar\u00e3o para debater os temas atuais que podem mudar o rumo do bloco.<\/p>\n<p><a href=\"https:\/\/www.suno.com.br\/noticias\/mercosul-pretende-aplicar-provisoriamente-acordo-com-ue-segundo-uruguai\/\">Saiba mais:\u00a0Mercosul pretende aplicar provisoriamente acordo com UE, segundo Uruguai<\/a><\/p>\n<h2>Reforma da Previd\u00eancia<\/h2>\n<p>A presidente da Comiss\u00e3o de Constitui\u00e7\u00e3o e Justi\u00e7a (CCJ) do <strong>Senado,<\/strong> Simone Tebet (MDB-MS), declarou que a reforma da Previd\u00eancia demorar\u00e1 dois meses para ser votada pelo colegiado.<\/p>\n<p>Segundo Tabet, somente a <strong>CCJ<\/strong> precisar\u00e1 de um m\u00eas para votar a <strong>Proposta de Emenda Constitucional (PEC)<\/strong> da <strong>reforma<\/strong> <strong>da<\/strong>\u00a0<strong>Previd\u00eancia.<\/strong> Para que o Senado tamb\u00e9m aprove a reforma ser\u00e3o necess\u00e1rios 60 dias.<\/p>\n<p><a href=\"https:\/\/www.suno.com.br\/noticias\/previdencia-dois-meses-senado\/\">Saiba mais:\u00a0Previd\u00eancia demorar\u00e1 dois meses no Senado, diz presidente da CCJ<\/a><\/p>\n<h2>Discurso de Jerome Powell<\/h2>\n<p>Com a reforma pausada at\u00e9 agosto, os investidores voltaram seus olhos para outras pautas do governo e tamb\u00e9m o exterior.<\/p>\n<p>O mercado ainda aposta que o <strong>Federal Reserve<\/strong> (Fed, banco central dos Estados Unidos) corte os juros. Nesta ter\u00e7a, o presidente do Fed, Jerome Powell, far\u00e1 um discurso por volta das 14h, no G7, em Paris.<\/p>\n\t<p>\n\t\t<a href=\"https:\/\/www.suno.com.br\/wealth\/\" target=\"_blank\" data-element=\"shortcode-suno-banner\" title=\"Banner SUNO, clique e saiba mais\">\n\t\t\t<picture>\n\t\t\t\t<source media=\"(max-width: 500px)\" srcset=\"https:\/\/files.sunoresearch.com.br\/n\/uploads\/2024\/01\/400x300-Mobile-WEALTH.png\">\n\t\t\t\t<img class=\"newsContent__article__imgCapa newsContent__article__imgCapa--banner\"\n\t\t\t\t\tsrc=\"https:\/\/files.sunoresearch.com.br\/n\/uploads\/2024\/01\/1420x240-Banner-Artigos-1-_-Banner-Materias-1-6.png\"\n\t\t\t\t\tdata-promo-id=\"512147\"\t\t\t\t\t\t\t\t\t\twidth='1420' height='240'\t\t\t\t\talt=\"https:\/\/files.sunoresearch.com.br\/n\/uploads\/2024\/01\/1420x240-Banner-Artigos-1-_-Banner-Materias-1-6.png\"\n\t\t\t\t>\n\t\t\t<\/picture>\n\t\t<\/a>\n\t<\/p>\n\n\n<h2>Maiores altas da \u00faltima sess\u00e3o<\/h2>\n<ul>\n<li><strong>VVAR3<\/strong> alta de 8,59% (R$ 7,08)<\/li>\n<li><strong>VIVT4<\/strong> alta\u00a0de 3,28% (R$ 53,80)<\/li>\n<li><strong>SUZB3<\/strong> alta\u00a0de 2,88% (R$ 32,92)<\/li>\n<li><strong>JBBS3<\/strong> alta\u00a0de 2,77% (R$ 24,51)<\/li>\n<li><strong>TIMP3<\/strong> alta\u00a0de 2,40% (R$ 12,39)<\/li>\n<\/ul>\n<h2>Maiores quedas da \u00faltima sess\u00e3o<\/h2>\n<ul>\n<li><strong>SMLS3<\/strong> queda de 4,56% (R$ 38,55)<\/li>\n<li><strong>CVCB3<\/strong> queda de 3,72% (R$ 51,00)<\/li>\n<li><strong>ELET3<\/strong> queda de 3,60% (R$ 37,98)<\/li>\n<li><strong>ELET6<\/strong> queda de 3,48% (R$ 38,61)<\/li>\n<li><strong>CCRO3<\/strong> queda de 2,92% (R$ 14,61)<\/li>\n<\/ul>\n<h2>\u00daltima cota\u00e7\u00e3o<\/h2>\n<p>Na \u00faltima sess\u00e3o, na segunda-feira (15), o <strong>Ibovespa<\/strong> registrou uma leve queda de 0,1% ficando com\u00a0103.802 pontos.<\/p>\n","protected":false},"excerpt":{"rendered":"<p>O Ibovespa iniciou a manh\u00e3 desta ter\u00e7a-feira (16) em queda. Assim como o d\u00f3lar, o \u00edndice opera, principalmente, sobre a movimenta\u00e7\u00e3o do exterior, uma vez que a reforma da Previd\u00eancia voltar\u00e1 a ser discutida em agosto. Investimentos na \u00c1sia podem ser op\u00e7\u00e3o de diversifica\u00e7\u00e3o na pandemia Por volta das 10h15, o Ibovespa registrava uma leve [&hellip;]<\/p>\n","protected":false},"author":11,"featured_media":10084,"comment_status":"closed","ping_status":"closed","sticky":false,"template":"","format":"standard","meta":[],"categories":[60],"tags":[721],"suno_strategy":[],"class_list":["post-31090","post","type-post","status-publish","format-standard","has-post-thumbnail","hentry","category-mercado","tag-ibovespa"],"yoast_head":"<!-- This site is optimized with the Yoast SEO plugin v24.4 - https:\/\/yoast.com\/wordpress\/plugins\/seo\/ -->\n<title>Ibovespa em alta; Mercosul e cen\u00e1rio externo no radar do mercado<\/title>\n<meta name=\"description\" content=\"Por volta das 10h15, o Ibovespa registrava uma leve queda de 0,25% sendo cotado a 104.061,53 pontos. Clique para saber mais.\" \/>\n<meta name=\"robots\" content=\"index, follow, max-snippet:-1, max-image-preview:large, max-video-preview:-1\" \/>\n<link rel=\"canonical\" href=\"https:\/\/www.suno.com.br\/noticias\/ibovespa-16072019\/\" \/>\n<meta property=\"og:locale\" content=\"pt_BR\" \/>\n<meta property=\"og:type\" content=\"article\" \/>\n<meta property=\"og:title\" content=\"Ibovespa em alta; Mercosul e cen\u00e1rio externo no radar do mercado\" \/>\n<meta property=\"og:description\" content=\"Por volta das 10h15, o Ibovespa registrava uma leve queda de 0,25% sendo cotado a 104.061,53 pontos. Clique para saber mais.\" \/>\n<meta property=\"og:url\" content=\"https:\/\/www.suno.com.br\/noticias\/ibovespa-16072019\/\" \/>\n<meta property=\"og:site_name\" content=\"Suno Not\u00edcias\" \/>\n<meta property=\"article:publisher\" content=\"https:\/\/facebook.com\/sunoresearch\" \/>\n<meta property=\"og:image\" content=\"https:\/\/files.sunoresearch.com.br\/n\/uploads\/2019\/01\/202c40f8-bolsa-valores-na-china2.jpg\" \/>\n\t<meta property=\"og:image:width\" content=\"800\" \/>\n\t<meta property=\"og:image:height\" content=\"533\" \/>\n\t<meta property=\"og:image:type\" content=\"image\/jpeg\" \/>\n<meta name=\"author\" content=\"Renan Bandeira\" \/>\n<meta name=\"twitter:card\" content=\"summary_large_image\" \/>\n<meta name=\"twitter:creator\" content=\"@sunoresearch\" \/>\n<meta name=\"twitter:site\" content=\"@sunoresearch\" \/>\n<meta name=\"twitter:label1\" content=\"Escrito por\" \/>\n\t<meta name=\"twitter:data1\" content=\"Renan Bandeira\" \/>\n\t<meta name=\"twitter:label2\" content=\"Est. tempo de leitura\" \/>\n\t<meta name=\"twitter:data2\" content=\"2 minutos\" \/>\n<script type=\"application\/ld+json\" class=\"yoast-schema-graph\">{\"@context\":\"https:\/\/schema.org\",\"@graph\":[{\"@type\":\"NewsArticle\",\"@id\":\"https:\/\/www.suno.com.br\/noticias\/ibovespa-16072019\/#article\",\"isPartOf\":{\"@id\":\"https:\/\/www.suno.com.br\/noticias\/ibovespa-16072019\/\"},\"author\":{\"name\":\"Renan Bandeira\",\"@id\":\"https:\/\/www.suno.com.br\/noticias\/#\/schema\/person\/fc144a1c6108bd1dcd43784e88a3c138\"},\"headline\":\"Ibovespa abre em queda; Mercosul e cen\u00e1rio externo no radar do mercado\",\"datePublished\":\"2019-07-16T13:18:43+00:00\",\"dateModified\":\"2019-07-16T20:53:01+00:00\",\"mainEntityOfPage\":{\"@id\":\"https:\/\/www.suno.com.br\/noticias\/ibovespa-16072019\/\"},\"wordCount\":442,\"publisher\":{\"@id\":\"https:\/\/www.suno.com.br\/noticias\/#organization\"},\"image\":{\"@id\":\"https:\/\/www.suno.com.br\/noticias\/ibovespa-16072019\/#primaryimage\"},\"thumbnailUrl\":\"https:\/\/files.sunoresearch.com.br\/n\/uploads\/2019\/01\/202c40f8-bolsa-valores-na-china2-jpg.webp\",\"keywords\":[\"Ibovespa\"],\"articleSection\":[\"Mercado\"],\"inLanguage\":\"pt-BR\"},{\"@type\":\"WebPage\",\"@id\":\"https:\/\/www.suno.com.br\/noticias\/ibovespa-16072019\/\",\"url\":\"https:\/\/www.suno.com.br\/noticias\/ibovespa-16072019\/\",\"name\":\"Ibovespa em alta; Mercosul e cen\u00e1rio externo no radar do mercado\",\"isPartOf\":{\"@id\":\"https:\/\/www.suno.com.br\/noticias\/#website\"},\"primaryImageOfPage\":{\"@id\":\"https:\/\/www.suno.com.br\/noticias\/ibovespa-16072019\/#primaryimage\"},\"image\":{\"@id\":\"https:\/\/www.suno.com.br\/noticias\/ibovespa-16072019\/#primaryimage\"},\"thumbnailUrl\":\"https:\/\/files.sunoresearch.com.br\/n\/uploads\/2019\/01\/202c40f8-bolsa-valores-na-china2-jpg.webp\",\"datePublished\":\"2019-07-16T13:18:43+00:00\",\"dateModified\":\"2019-07-16T20:53:01+00:00\",\"description\":\"Por volta das 10h15, o Ibovespa registrava uma leve queda de 0,25% sendo cotado a 104.061,53 pontos. Clique para saber mais.\",\"breadcrumb\":{\"@id\":\"https:\/\/www.suno.com.br\/noticias\/ibovespa-16072019\/#breadcrumb\"},\"inLanguage\":\"pt-BR\",\"potentialAction\":[{\"@type\":\"ReadAction\",\"target\":[\"https:\/\/www.suno.com.br\/noticias\/ibovespa-16072019\/\"]}]},{\"@type\":\"ImageObject\",\"inLanguage\":\"pt-BR\",\"@id\":\"https:\/\/www.suno.com.br\/noticias\/ibovespa-16072019\/#primaryimage\",\"url\":\"https:\/\/files.sunoresearch.com.br\/n\/uploads\/2019\/01\/202c40f8-bolsa-valores-na-china2-jpg.webp\",\"contentUrl\":\"https:\/\/files.sunoresearch.com.br\/n\/uploads\/2019\/01\/202c40f8-bolsa-valores-na-china2-jpg.webp\",\"width\":800,\"height\":533,\"caption\":\"Investimentos na \u00c1sia podem ser op\u00e7\u00e3o de diversifica\u00e7\u00e3o na pandemia\"},{\"@type\":\"BreadcrumbList\",\"@id\":\"https:\/\/www.suno.com.br\/noticias\/ibovespa-16072019\/#breadcrumb\",\"itemListElement\":[{\"@type\":\"ListItem\",\"position\":1,\"name\":\"Not\u00edcias\",\"item\":\"https:\/\/www.suno.com.br\/noticias\/\"},{\"@type\":\"ListItem\",\"position\":2,\"name\":\"Mercado\",\"item\":\"https:\/\/www.suno.com.br\/noticias\/mercado\/\"},{\"@type\":\"ListItem\",\"position\":3,\"name\":\"Ibovespa abre em queda; Mercosul e cen\u00e1rio externo no radar do mercado\"}]},{\"@type\":\"WebSite\",\"@id\":\"https:\/\/www.suno.com.br\/noticias\/#website\",\"url\":\"https:\/\/www.suno.com.br\/noticias\/\",\"name\":\"Suno Not\u00edcias\",\"description\":\"Seu portal de informa\u00e7\u00e3o sobre o mundo dos investimentos\",\"publisher\":{\"@id\":\"https:\/\/www.suno.com.br\/noticias\/#organization\"},\"potentialAction\":[{\"@type\":\"SearchAction\",\"target\":{\"@type\":\"EntryPoint\",\"urlTemplate\":\"https:\/\/www.suno.com.br\/noticias\/?s={search_term_string}\"},\"query-input\":{\"@type\":\"PropertyValueSpecification\",\"valueRequired\":true,\"valueName\":\"search_term_string\"}}],\"inLanguage\":\"pt-BR\"},{\"@type\":\"Organization\",\"@id\":\"https:\/\/www.suno.com.br\/noticias\/#organization\",\"name\":\"Suno Not\u00edcias\",\"url\":\"https:\/\/www.suno.com.br\/noticias\/\",\"logo\":{\"@type\":\"ImageObject\",\"inLanguage\":\"pt-BR\",\"@id\":\"https:\/\/www.suno.com.br\/noticias\/#\/schema\/logo\/image\/\",\"url\":\"https:\/\/files.sunoresearch.com.br\/n\/uploads\/2021\/09\/suno-logo.png\",\"contentUrl\":\"https:\/\/files.sunoresearch.com.br\/n\/uploads\/2021\/09\/suno-logo.png\",\"width\":180,\"height\":180,\"caption\":\"Suno Not\u00edcias\"},\"image\":{\"@id\":\"https:\/\/www.suno.com.br\/noticias\/#\/schema\/logo\/image\/\"},\"sameAs\":[\"https:\/\/facebook.com\/sunoresearch\",\"https:\/\/x.com\/sunoresearch\",\"https:\/\/www.instagram.com\/suno\",\"https:\/\/www.linkedin.com\/company\/suno-research\/\",\"https:\/\/www.youtube.com\/c\/sunoresearch\"]},{\"@type\":\"Person\",\"@id\":\"https:\/\/www.suno.com.br\/noticias\/#\/schema\/person\/fc144a1c6108bd1dcd43784e88a3c138\",\"name\":\"Renan Bandeira\",\"image\":{\"@type\":\"ImageObject\",\"inLanguage\":\"pt-BR\",\"@id\":\"https:\/\/www.suno.com.br\/noticias\/#\/schema\/person\/image\/\",\"url\":\"https:\/\/secure.gravatar.com\/avatar\/68359cdb608f14f11bbefcb78f3fc747?s=96&r=g\",\"contentUrl\":\"https:\/\/secure.gravatar.com\/avatar\/68359cdb608f14f11bbefcb78f3fc747?s=96&r=g\",\"caption\":\"Renan Bandeira\"},\"description\":\"Renan Bandeira escreve sobre pol\u00edtica e economia para o portal da Suno Research. Antes da Suno, trabalhou em uma rede de televis\u00e3o, onde fazia reportagens sobre os mesmos temas. Estuda na Universidade Metodista de S\u00e3o Paulo.\",\"url\":\"https:\/\/www.suno.com.br\/noticias\/author\/renan-bandeira\/\"}]}<\/script>\n<!-- \/ Yoast SEO plugin. -->","yoast_head_json":{"title":"Ibovespa em alta; Mercosul e cen\u00e1rio externo no radar do mercado","description":"Por volta das 10h15, o Ibovespa registrava uma leve queda de 0,25% sendo cotado a 104.061,53 pontos. Clique para saber mais.","robots":{"index":"index","follow":"follow","max-snippet":"max-snippet:-1","max-image-preview":"max-image-preview:large","max-video-preview":"max-video-preview:-1"},"canonical":"https:\/\/www.suno.com.br\/noticias\/ibovespa-16072019\/","og_locale":"pt_BR","og_type":"article","og_title":"Ibovespa em alta; Mercosul e cen\u00e1rio externo no radar do mercado","og_description":"Por volta das 10h15, o Ibovespa registrava uma leve queda de 0,25% sendo cotado a 104.061,53 pontos. Clique para saber mais.","og_url":"https:\/\/www.suno.com.br\/noticias\/ibovespa-16072019\/","og_site_name":"Suno Not\u00edcias","article_publisher":"https:\/\/facebook.com\/sunoresearch","og_image":[{"width":800,"height":533,"url":"https:\/\/files.sunoresearch.com.br\/n\/uploads\/2019\/01\/202c40f8-bolsa-valores-na-china2.jpg","type":"image\/jpeg"}],"author":"Renan Bandeira","twitter_card":"summary_large_image","twitter_creator":"@sunoresearch","twitter_site":"@sunoresearch","twitter_misc":{"Escrito por":"Renan Bandeira","Est. tempo de leitura":"2 minutos"},"schema":{"@context":"https:\/\/schema.org","@graph":[{"@type":"NewsArticle","@id":"https:\/\/www.suno.com.br\/noticias\/ibovespa-16072019\/#article","isPartOf":{"@id":"https:\/\/www.suno.com.br\/noticias\/ibovespa-16072019\/"},"author":{"name":"Renan Bandeira","@id":"https:\/\/www.suno.com.br\/noticias\/#\/schema\/person\/fc144a1c6108bd1dcd43784e88a3c138"},"headline":"Ibovespa abre em queda; Mercosul e cen\u00e1rio externo no radar do mercado","datePublished":"2019-07-16T13:18:43+00:00","dateModified":"2019-07-16T20:53:01+00:00","mainEntityOfPage":{"@id":"https:\/\/www.suno.com.br\/noticias\/ibovespa-16072019\/"},"wordCount":442,"publisher":{"@id":"https:\/\/www.suno.com.br\/noticias\/#organization"},"image":{"@id":"https:\/\/www.suno.com.br\/noticias\/ibovespa-16072019\/#primaryimage"},"thumbnailUrl":"https:\/\/files.sunoresearch.com.br\/n\/uploads\/2019\/01\/202c40f8-bolsa-valores-na-china2-jpg.webp","keywords":["Ibovespa"],"articleSection":["Mercado"],"inLanguage":"pt-BR"},{"@type":"WebPage","@id":"https:\/\/www.suno.com.br\/noticias\/ibovespa-16072019\/","url":"https:\/\/www.suno.com.br\/noticias\/ibovespa-16072019\/","name":"Ibovespa em alta; Mercosul e cen\u00e1rio externo no radar do mercado","isPartOf":{"@id":"https:\/\/www.suno.com.br\/noticias\/#website"},"primaryImageOfPage":{"@id":"https:\/\/www.suno.com.br\/noticias\/ibovespa-16072019\/#primaryimage"},"image":{"@id":"https:\/\/www.suno.com.br\/noticias\/ibovespa-16072019\/#primaryimage"},"thumbnailUrl":"https:\/\/files.sunoresearch.com.br\/n\/uploads\/2019\/01\/202c40f8-bolsa-valores-na-china2-jpg.webp","datePublished":"2019-07-16T13:18:43+00:00","dateModified":"2019-07-16T20:53:01+00:00","description":"Por volta das 10h15, o Ibovespa registrava uma leve queda de 0,25% sendo cotado a 104.061,53 pontos. Clique para saber mais.","breadcrumb":{"@id":"https:\/\/www.suno.com.br\/noticias\/ibovespa-16072019\/#breadcrumb"},"inLanguage":"pt-BR","potentialAction":[{"@type":"ReadAction","target":["https:\/\/www.suno.com.br\/noticias\/ibovespa-16072019\/"]}]},{"@type":"ImageObject","inLanguage":"pt-BR","@id":"https:\/\/www.suno.com.br\/noticias\/ibovespa-16072019\/#primaryimage","url":"https:\/\/files.sunoresearch.com.br\/n\/uploads\/2019\/01\/202c40f8-bolsa-valores-na-china2-jpg.webp","contentUrl":"https:\/\/files.sunoresearch.com.br\/n\/uploads\/2019\/01\/202c40f8-bolsa-valores-na-china2-jpg.webp","width":800,"height":533,"caption":"Investimentos na \u00c1sia podem ser op\u00e7\u00e3o de diversifica\u00e7\u00e3o na pandemia"},{"@type":"BreadcrumbList","@id":"https:\/\/www.suno.com.br\/noticias\/ibovespa-16072019\/#breadcrumb","itemListElement":[{"@type":"ListItem","position":1,"name":"Not\u00edcias","item":"https:\/\/www.suno.com.br\/noticias\/"},{"@type":"ListItem","position":2,"name":"Mercado","item":"https:\/\/www.suno.com.br\/noticias\/mercado\/"},{"@type":"ListItem","position":3,"name":"Ibovespa abre em queda; Mercosul e cen\u00e1rio externo no radar do mercado"}]},{"@type":"WebSite","@id":"https:\/\/www.suno.com.br\/noticias\/#website","url":"https:\/\/www.suno.com.br\/noticias\/","name":"Suno Not\u00edcias","description":"Seu portal de informa\u00e7\u00e3o sobre o mundo dos investimentos","publisher":{"@id":"https:\/\/www.suno.com.br\/noticias\/#organization"},"potentialAction":[{"@type":"SearchAction","target":{"@type":"EntryPoint","urlTemplate":"https:\/\/www.suno.com.br\/noticias\/?s={search_term_string}"},"query-input":{"@type":"PropertyValueSpecification","valueRequired":true,"valueName":"search_term_string"}}],"inLanguage":"pt-BR"},{"@type":"Organization","@id":"https:\/\/www.suno.com.br\/noticias\/#organization","name":"Suno Not\u00edcias","url":"https:\/\/www.suno.com.br\/noticias\/","logo":{"@type":"ImageObject","inLanguage":"pt-BR","@id":"https:\/\/www.suno.com.br\/noticias\/#\/schema\/logo\/image\/","url":"https:\/\/files.sunoresearch.com.br\/n\/uploads\/2021\/09\/suno-logo.png","contentUrl":"https:\/\/files.sunoresearch.com.br\/n\/uploads\/2021\/09\/suno-logo.png","width":180,"height":180,"caption":"Suno Not\u00edcias"},"image":{"@id":"https:\/\/www.suno.com.br\/noticias\/#\/schema\/logo\/image\/"},"sameAs":["https:\/\/facebook.com\/sunoresearch","https:\/\/x.com\/sunoresearch","https:\/\/www.instagram.com\/suno","https:\/\/www.linkedin.com\/company\/suno-research\/","https:\/\/www.youtube.com\/c\/sunoresearch"]},{"@type":"Person","@id":"https:\/\/www.suno.com.br\/noticias\/#\/schema\/person\/fc144a1c6108bd1dcd43784e88a3c138","name":"Renan Bandeira","image":{"@type":"ImageObject","inLanguage":"pt-BR","@id":"https:\/\/www.suno.com.br\/noticias\/#\/schema\/person\/image\/","url":"https:\/\/secure.gravatar.com\/avatar\/68359cdb608f14f11bbefcb78f3fc747?s=96&r=g","contentUrl":"https:\/\/secure.gravatar.com\/avatar\/68359cdb608f14f11bbefcb78f3fc747?s=96&r=g","caption":"Renan Bandeira"},"description":"Renan Bandeira escreve sobre pol\u00edtica e economia para o portal da Suno Research. Antes da Suno, trabalhou em uma rede de televis\u00e3o, onde fazia reportagens sobre os mesmos temas. Estuda na Universidade Metodista de S\u00e3o Paulo.","url":"https:\/\/www.suno.com.br\/noticias\/author\/renan-bandeira\/"}]}},"default_loop_html":"<div class=\"cardsPage__listCard__boxs\"><div class=\"cardsPage__listCard__boxs__img\"><a href=\"https:\/\/www.suno.com.br\/noticias\/ibovespa-16072019\/\"><img class=\"mask\" src=\"https:\/\/www.suno.com.br\/noticias\/wp-content\/themes\/suno\/resources\/images\/spotlight\/spotlight1img\/bg-mask.png\" alt=\"Image Mask\"\/><img src=\"https:\/\/files.sunoresearch.com.br\/n\/uploads\/2019\/01\/202c40f8-bolsa-valores-na-china2-400x200.webp\" alt=\"Ibovespa abre em queda; Mercosul e cen\u00e1rio externo no radar do mercado\"\/><\/a><span class=\"spotlightCategory\"><a href=\"https:\/\/www.suno.com.br\/noticias\/mercado\/\">Mercado<\/a><\/span><\/div><div class=\"cardsPage__listCard__boxs__content\"><a href=\"https:\/\/www.suno.com.br\/noticias\/ibovespa-16072019\/\"><h2 class=\"content__title\">Ibovespa abre em queda; Mercosul e cen\u00e1rio externo no radar do mercado<\/h2><\/a><div class=\"newsContent__article__meta\"><div class=\"newsContent__article__meta__authorBox\"><a href=\"https:\/\/www.suno.com.br\/noticias\/author\/renan-bandeira\/\" class=\"authorBox__avatar noMobi\"><img src=\"https:\/\/secure.gravatar.com\/avatar\/68359cdb608f14f11bbefcb78f3fc747?s=96&#038;r=g\" alt=\"Renan Bandeira\"><\/a><div class=\"authorBox__name\"><span>por\n\t\t\t<a href=\"https:\/\/www.suno.com.br\/noticias\/author\/renan-bandeira\/\"><span itemprop=\"author\">Renan Bandeira<\/span><\/a><\/span><time datetime=\"2019-07-16T10:18:43-03:00\" itemprop=\"datePublished\">16\/07\/2019 10:18<\/time><\/div><\/div><\/div><\/div><\/div>","single_layout":"posts","amp_enabled":true,"_links":{"self":[{"href":"https:\/\/www.suno.com.br\/noticias\/wp-json\/wp\/v2\/posts\/31090"}],"collection":[{"href":"https:\/\/www.suno.com.br\/noticias\/wp-json\/wp\/v2\/posts"}],"about":[{"href":"https:\/\/www.suno.com.br\/noticias\/wp-json\/wp\/v2\/types\/post"}],"author":[{"embeddable":true,"href":"https:\/\/www.suno.com.br\/noticias\/wp-json\/wp\/v2\/users\/11"}],"replies":[{"embeddable":true,"href":"https:\/\/www.suno.com.br\/noticias\/wp-json\/wp\/v2\/comments?post=31090"}],"version-history":[{"count":0,"href":"https:\/\/www.suno.com.br\/noticias\/wp-json\/wp\/v2\/posts\/31090\/revisions"}],"wp:featuredmedia":[{"embeddable":true,"href":"https:\/\/www.suno.com.br\/noticias\/wp-json\/wp\/v2\/media\/10084"}],"wp:attachment":[{"href":"https:\/\/www.suno.com.br\/noticias\/wp-json\/wp\/v2\/media?parent=31090"}],"wp:term":[{"taxonomy":"category","embeddable":true,"href":"https:\/\/www.suno.com.br\/noticias\/wp-json\/wp\/v2\/categories?post=31090"},{"taxonomy":"post_tag","embeddable":true,"href":"https:\/\/www.suno.com.br\/noticias\/wp-json\/wp\/v2\/tags?post=31090"},{"taxonomy":"suno_strategy","embeddable":true,"href":"https:\/\/www.suno.com.br\/noticias\/wp-json\/wp\/v2\/suno_strategy?post=31090"}],"curies":[{"name":"wp","href":"https:\/\/api.w.org\/{rel}","templated":true}]}}