{"id":310856,"date":"2022-10-22T10:43:27","date_gmt":"2022-10-22T13:43:27","guid":{"rendered":"https:\/\/www.suno.com.br\/noticias\/?p=310856"},"modified":"2022-10-24T13:56:32","modified_gmt":"2022-10-24T16:56:32","slug":"ifood-encerra-colombia-startup-delivery","status":"publish","type":"post","link":"https:\/\/www.suno.com.br\/noticias\/ifood-encerra-colombia-startup-delivery\/","title":{"rendered":"iFood encerra suas opera\u00e7\u00f5es na Col\u00f4mbia; entenda motivos"},"content":{"rendered":"<p>O <strong>iFood<\/strong> encerrar\u00e1 suas opera\u00e7\u00f5es na Col\u00f4mbia. A startup comunicou a decis\u00e3o nesta sexta-feira (21) alegando que se trata de &#8220;uma estrat\u00e9gia do neg\u00f3cio em fun\u00e7\u00e3o do <a class=\"suno-keyword\" href=\"https:\/\/www.suno.com.br\/artigos\/mercado-de-capitais-conceito\/\" target=\"_blank\" rel=\"noopener\" data-force=\"no\" data-priority=\"1\">mercado de capitais<\/a>&#8220;.<\/p><div class=\"videoFull \">\n\t\t\t<div class=\"videoWrapper yt-lazyload center\"\n\t\t\t\tdata-width=\"960\"\n\t\t\t\tdata-height=\"540\"\n\t\t\t\tdata-id=\"z9XNBn1KCjk\"\n\t\t\t\tdata-alt=\"V\u00eddeo do YouTube - clique para reproduzir\"\n\t\t\t\tdata-logo=\"3\"\n\t\t\t\tdata-imagequality=\"maxres\">\n\t\t\t<\/div>\n\t\t<\/div><script type=\"application\/ld+json\">{\"@context\":\"https:\/\/schema.org\",\"@type\":\"VideoObject\",\"name\":\"IFOOD: lucro n\u00e3o \u00e9 prioridade? #shorts\",\"description\":\"#ifood #shorts - Lucro n\u00e3o \u00e9 prioridade no IFOOD? \ud83d\udc47 \ud835\udc12\ud835\udc22\ud835\udc20\ud835\udc1a \ud835\udc27\ud835\udc28\ud835\udc2c\ud835\udc2c\ud835\udc1a\ud835\udc2c \ud835\udc2b\ud835\udc1e\ud835\udc1d\ud835\udc1e\ud835\udc2c \ud835\udc2c\ud835\udc28\ud835\udc1c\ud835\udc22\ud835\udc1a\ud835\udc22\ud835\udc2c: Portal Suno Not\u00edcias: https:\/\/www.suno.com.br\/noticias\/ Twitter: https:\/\/twitter.com\/sunonoticias Instagram: https:\/\/www.instagram.com\/sunonoticias\/ Telegram: https:\/\/t.me\/sunonoticias\",\"duration\":\"PT32S\",\"embedUrl\":\"https:\/\/www.youtube.com\/embed\/z9XNBn1KCjk\",\"regionsAllowed\":\"pt-BR\",\"interactionStatistic\":{\"@type\":\"InteractionCounter\",\"interactionType\":{\"@type\":\"WatchAction\"},\"userInteractionCount\":1014},\"thumbnailUrl\":\"https:\/\/i.ytimg.com\/vi\/z9XNBn1KCjk\/default.jpg\",\"uploadDate\":\"2022-08-23T00:00:15Z\"}<\/script>\n\n\t<p>\n\t\t<a href=\"\" target=\"_blank\" data-element=\"shortcode-suno-banner\" title=\"Banner SUNO, clique e saiba mais\">\n\t\t\t<picture>\n\t\t\t\t<source media=\"(max-width: 500px)\" srcset=\"\">\n\t\t\t\t<img class=\"newsContent__article__imgCapa newsContent__article__imgCapa--banner\"\n\t\t\t\t\tsrc=\"\"\n\t\t\t\t\tdata-promo-id=\"138420\"\t\t\t\t\t\t\t\t\t\t\t\t\t\t\talt=\"\"\n\t\t\t\t>\n\t\t\t<\/picture>\n\t\t<\/a>\n\t<\/p>\n\n\n<p>A empresa demitiu funcion\u00e1rios &#8211; cerca de 210, segundo informa\u00e7\u00f5es da Forbes &#8211; na Col\u00f4mbia e tamb\u00e9m anunciou que o <strong>aplicativo do iFood<\/strong> deixar\u00e1 de funcionar no pa\u00eds no dia 21 de dezembro deste ano. A informa\u00e7\u00e3o foi divulgada inicialmente pelo site BP Money.<\/p>\n<p>A\u00a0<strong>Col\u00f4mbia<\/strong> fora uma aposta para a startup brasileira crescer no \u00e2mbito internacional, mas \u00e9 justamente o ber\u00e7o de um dos seus maiores concorrentes, o <strong>Rappi<\/strong>.<\/p>\n<p>As opera\u00e7\u00f5es da empresa come\u00e7aram l\u00e1 em meados de 2015, e em 2020 foi feita a aquisi\u00e7\u00e3o do segundo maior player depois do Rappi, a Domicilios.com.<\/p>\n<p>Em nota, a startup brasileira disse que agora ter\u00e1 mais foco no Brasil, onde seguir\u00e1 investindo pois &#8216;\u00e9 onde nasceu e \u00e9 l\u00edder&#8217;;<\/p>\n<p>&#8220;Durante o processo de encerramento das opera\u00e7\u00f5es na Col\u00f4mbia, o iFood oferecer\u00e1 suporte e informa\u00e7\u00f5es a todos clientes, entregadores e restaurantes, atendendo a eventuais demandas e d\u00favidas da melhor maneira poss\u00edvel&#8221; disse a companhia de delivery, em comunicado.<\/p>\n<p>Esse movimento de &#8216;evas\u00e3o&#8217; de outros pa\u00edses j\u00e1 foi feito em outros locais.<\/p>\n<p>Em meados de 2020 a empresa deixou o M\u00e9xico, onde estava desde 2016. Isso porque a SinDelantal, da qual iFood detinha 49% do <a class=\"suno-keyword\" href=\"https:\/\/www.suno.com.br\/artigos\/capital-social\/\" target=\"_blank\" rel=\"noopener\" data-force=\"no\" data-priority=\"2\">capital social<\/a>, encerrou suas opera\u00e7\u00f5es no pa\u00eds em quest\u00e3o.<\/p>\n\t<p>\n\t\t<a href=\"https:\/\/lp.suno.com.br\/planilha-controle-gastos\/\" target=\"_blank\" data-element=\"shortcode-suno-banner\" title=\"Banner SUNO, clique e saiba mais\">\n\t\t\t<picture>\n\t\t\t\t<source media=\"(max-width: 500px)\" srcset=\"https:\/\/files.sunoresearch.com.br\/n\/uploads\/2023\/03\/400x300-Planilha-controle-de-gastos.png\">\n\t\t\t\t<img class=\"newsContent__article__imgCapa newsContent__article__imgCapa--banner\"\n\t\t\t\t\tsrc=\"https:\/\/files.sunoresearch.com.br\/n\/uploads\/2023\/03\/1420x240-Planilha-controle-de-gastos.png\"\n\t\t\t\t\tdata-promo-id=\"101751\"\t\t\t\t\t\t\t\t\t\twidth='1420' height='240'\t\t\t\t\talt=\"https:\/\/files.sunoresearch.com.br\/n\/uploads\/2023\/03\/1420x240-Planilha-controle-de-gastos.png\"\n\t\t\t\t>\n\t\t\t<\/picture>\n\t\t<\/a>\n\t<\/p>\n\n\n<h2>iFood domina mercado brasileiro<\/h2>\n<p>A afirma\u00e7\u00e3o da empresa de que &#8216;\u00e9 l\u00edder no Brasil&#8217; \u00e9 pelo fato de que, sozinha, a startup tem cerca de 80% do market share de delivery de comida.<\/p>\n<p>Com aquisi\u00e7\u00f5es e movimentos empresariais que aumentaram a sua competitividade ao comprar concorrentes, a startup chegou ter a sua controladora multada no exterior.<\/p>\n<p>No fim de setembro o\u00a0<a class=\"suno-keyword\" href=\"https:\/\/www.suno.com.br\/artigos\/cade\/\" target=\"_blank\" rel=\"noopener\" data-force=\"no\" data-priority=\"2\">Conselho Administrativo de Defesa Econ\u00f4mica (Cade)<\/a> multou o grupo sul-africano Naspers &#8211; dono da Prosus, que por sua vez controla o iFood &#8211; em R$ 718 mil.<\/p>\n<p>A alega\u00e7\u00e3o foi de que, ao comprar 7,8% da Delivery Hero em 2018, o iFood deveria ter submetido a transa\u00e7\u00e3o ao Cade &#8211; o que n\u00e3o ocorreu. A Delivery Hero \u00e9 a dona da Pedidos J\u00e1.<\/p>\n<p>No julgamento, o Cade alegou <i>gun jumping<\/i> &#8211; termo utilizado para descrever quando uma empresa faz uma compra ser apresentar as negocia\u00e7\u00f5es \u00e0s autoridades regulat\u00f3rias, o que \u00e9 previsto em lei.<\/p>\n<h2>Quem \u00e9 o &#8216;novo dono&#8217; da startup<\/h2>\n<p><a href=\"https:\/\/www.suno.com.br\/noticias\/prosus-compra-ifood-por-ate-r-94-bilhoes-diz-portal\/\">Conforme reportado pelo Suno Not\u00edcias em agosto<\/a>, o iFood passou a pertencer integralmente \u00e0 Prosus, uma companhia holandesa subsidi\u00e1ria do grupo Naspers e controladora da Movile.<\/p>\n<p>A Prosus j\u00e1 era acionista do aplicativo de delivery e comprou a participa\u00e7\u00e3o remanescente de 33,3%, que era detida pelo acionista minorit\u00e1rio Just Eat Holding Limited.<\/p>\n<p>A transa\u00e7\u00e3o foi de 1,5 bilh\u00e3o de Euros (cerca de R$ 7,8 bilh\u00f5es) e prev\u00ea pagamento adicional de 300 milh\u00f5es de euros (R$ 1,6 bilh\u00e3o), a depender da performance do<strong> app de delivery<\/strong> durante os 12 meses sucessivos.<\/p>\n<p>\u201cEm um ambiente cada vez mais competitivo, a aquisi\u00e7\u00e3o da participa\u00e7\u00e3o remanescente no iFood pela<strong> Movile<\/strong> refor\u00e7a que estamos no caminho certo e fazendo a diferen\u00e7a como empresa nacional de tecnologia, impactando positivamente a vida das pessoas no Brasil\u201d, disse Fabricio Bloisi, fundador da Movile. <a href=\"https:\/\/www.suno.com.br\/noticias\/ifood-ceo-lucro\/\">O executivo segue como CEO<\/a> do <strong>iFood<\/strong> ap\u00f3s a transa\u00e7\u00e3o.<\/p>\n\t<p>\n\t\t<a href=\"https:\/\/lp.suno.com.br\/planilha-da-vida-financeira\/\" target=\"_blank\" data-element=\"shortcode-suno-banner\" title=\"Banner SUNO, clique e saiba mais\">\n\t\t\t<picture>\n\t\t\t\t<source media=\"(max-width: 500px)\" srcset=\"https:\/\/files.sunoresearch.com.br\/n\/uploads\/2023\/04\/400x300-Planilha-vida-financeira-true.png\">\n\t\t\t\t<img class=\"newsContent__article__imgCapa newsContent__article__imgCapa--banner\"\n\t\t\t\t\tsrc=\"https:\/\/files.sunoresearch.com.br\/n\/uploads\/2023\/04\/1420x240-Planilha-vida-financeira-true.png\"\n\t\t\t\t\tdata-promo-id=\"106682\"\t\t\t\t\t\t\t\t\t\twidth='1420' height='240'\t\t\t\t\talt=\"https:\/\/files.sunoresearch.com.br\/n\/uploads\/2023\/04\/1420x240-Planilha-vida-financeira-true.png\"\n\t\t\t\t>\n\t\t\t<\/picture>\n\t\t<\/a>\n\t<\/p>\n\n\n","protected":false},"excerpt":{"rendered":"<p>O iFood encerrar\u00e1 suas opera\u00e7\u00f5es na Col\u00f4mbia. A startup comunicou a decis\u00e3o nesta sexta-feira (21) alegando que se trata de &#8220;uma estrat\u00e9gia do neg\u00f3cio em fun\u00e7\u00e3o do mercado de capitais&#8220;. A empresa demitiu funcion\u00e1rios &#8211; cerca de 210, segundo informa\u00e7\u00f5es da Forbes &#8211; na Col\u00f4mbia e tamb\u00e9m anunciou que o aplicativo do iFood deixar\u00e1 de [&hellip;]<\/p>\n","protected":false},"author":73,"featured_media":165955,"comment_status":"closed","ping_status":"closed","sticky":false,"template":"","format":"standard","meta":[],"categories":[106394],"tags":[1228,976,708],"suno_strategy":[],"class_list":["post-310856","post","type-post","status-publish","format-standard","has-post-thumbnail","hentry","category-startups","tag-ifood","tag-rappi","tag-startups"],"yoast_head":"<!-- This site is optimized with the Yoast SEO plugin v24.4 - https:\/\/yoast.com\/wordpress\/plugins\/seo\/ -->\n<title>iFood encerra suas opera\u00e7\u00f5es na Col\u00f4mbia; entenda motivos<\/title>\n<meta name=\"description\" content=\"Em nota, o iFood alegou que &#039;seguir\u00e1 investindo no Brasil, onde \u00e9 l\u00edder&#039;. A startup demitiu cerca de 210 funcion\u00e1rios. Clique e leia mais!\" \/>\n<meta name=\"robots\" content=\"index, follow, max-snippet:-1, max-image-preview:large, max-video-preview:-1\" \/>\n<link rel=\"canonical\" href=\"https:\/\/www.suno.com.br\/noticias\/ifood-encerra-colombia-startup-delivery\/\" \/>\n<meta property=\"og:locale\" content=\"pt_BR\" \/>\n<meta property=\"og:type\" content=\"article\" \/>\n<meta property=\"og:title\" content=\"iFood encerra suas opera\u00e7\u00f5es na Col\u00f4mbia; entenda motivos\" \/>\n<meta property=\"og:description\" content=\"Em nota, o iFood alegou que &#039;seguir\u00e1 investindo no Brasil, onde \u00e9 l\u00edder&#039;. A startup demitiu cerca de 210 funcion\u00e1rios. Clique e leia mais!\" \/>\n<meta property=\"og:url\" content=\"https:\/\/www.suno.com.br\/noticias\/ifood-encerra-colombia-startup-delivery\/\" \/>\n<meta property=\"og:site_name\" content=\"Suno Not\u00edcias\" \/>\n<meta property=\"article:publisher\" content=\"https:\/\/facebook.com\/sunoresearch\" \/>\n<meta property=\"og:image\" content=\"https:\/\/files.sunoresearch.com.br\/n\/uploads\/2021\/07\/ac2d70b8-52698844_2515285538546591_8792154524312666112_n.jpg\" \/>\n\t<meta property=\"og:image:width\" content=\"2048\" \/>\n\t<meta property=\"og:image:height\" content=\"1365\" \/>\n\t<meta property=\"og:image:type\" content=\"image\/jpeg\" \/>\n<meta name=\"author\" content=\"Eduardo Vargas\" \/>\n<meta name=\"twitter:card\" content=\"summary_large_image\" \/>\n<meta name=\"twitter:creator\" content=\"@sunoresearch\" \/>\n<meta name=\"twitter:site\" content=\"@sunoresearch\" \/>\n<meta name=\"twitter:label1\" content=\"Escrito por\" \/>\n\t<meta name=\"twitter:data1\" content=\"Eduardo Vargas\" \/>\n\t<meta name=\"twitter:label2\" content=\"Est. tempo de leitura\" \/>\n\t<meta name=\"twitter:data2\" content=\"3 minutos\" \/>\n<script type=\"application\/ld+json\" class=\"yoast-schema-graph\">{\"@context\":\"https:\/\/schema.org\",\"@graph\":[{\"@type\":\"NewsArticle\",\"@id\":\"https:\/\/www.suno.com.br\/noticias\/ifood-encerra-colombia-startup-delivery\/#article\",\"isPartOf\":{\"@id\":\"https:\/\/www.suno.com.br\/noticias\/ifood-encerra-colombia-startup-delivery\/\"},\"author\":{\"name\":\"Eduardo Vargas\",\"@id\":\"https:\/\/www.suno.com.br\/noticias\/#\/schema\/person\/7f4d362bf3518e76090143ae77bb49a5\"},\"headline\":\"iFood encerra suas opera\u00e7\u00f5es na Col\u00f4mbia; entenda motivos\",\"datePublished\":\"2022-10-22T13:43:27+00:00\",\"dateModified\":\"2022-10-24T16:56:32+00:00\",\"mainEntityOfPage\":{\"@id\":\"https:\/\/www.suno.com.br\/noticias\/ifood-encerra-colombia-startup-delivery\/\"},\"wordCount\":585,\"publisher\":{\"@id\":\"https:\/\/www.suno.com.br\/noticias\/#organization\"},\"image\":{\"@id\":\"https:\/\/www.suno.com.br\/noticias\/ifood-encerra-colombia-startup-delivery\/#primaryimage\"},\"thumbnailUrl\":\"https:\/\/files.sunoresearch.com.br\/n\/uploads\/2021\/07\/ac2d70b8-52698844_2515285538546591_8792154524312666112_n.jpg\",\"keywords\":[\"iFood\",\"Rappi\",\"startups\"],\"articleSection\":[\"Startups\"],\"inLanguage\":\"pt-BR\"},{\"@type\":\"WebPage\",\"@id\":\"https:\/\/www.suno.com.br\/noticias\/ifood-encerra-colombia-startup-delivery\/\",\"url\":\"https:\/\/www.suno.com.br\/noticias\/ifood-encerra-colombia-startup-delivery\/\",\"name\":\"iFood encerra suas opera\u00e7\u00f5es na Col\u00f4mbia; entenda motivos\",\"isPartOf\":{\"@id\":\"https:\/\/www.suno.com.br\/noticias\/#website\"},\"primaryImageOfPage\":{\"@id\":\"https:\/\/www.suno.com.br\/noticias\/ifood-encerra-colombia-startup-delivery\/#primaryimage\"},\"image\":{\"@id\":\"https:\/\/www.suno.com.br\/noticias\/ifood-encerra-colombia-startup-delivery\/#primaryimage\"},\"thumbnailUrl\":\"https:\/\/files.sunoresearch.com.br\/n\/uploads\/2021\/07\/ac2d70b8-52698844_2515285538546591_8792154524312666112_n.jpg\",\"datePublished\":\"2022-10-22T13:43:27+00:00\",\"dateModified\":\"2022-10-24T16:56:32+00:00\",\"description\":\"Em nota, o iFood alegou que 'seguir\u00e1 investindo no Brasil, onde \u00e9 l\u00edder'. A startup demitiu cerca de 210 funcion\u00e1rios. Clique e leia mais!\",\"breadcrumb\":{\"@id\":\"https:\/\/www.suno.com.br\/noticias\/ifood-encerra-colombia-startup-delivery\/#breadcrumb\"},\"inLanguage\":\"pt-BR\",\"potentialAction\":[{\"@type\":\"ReadAction\",\"target\":[\"https:\/\/www.suno.com.br\/noticias\/ifood-encerra-colombia-startup-delivery\/\"]}]},{\"@type\":\"ImageObject\",\"inLanguage\":\"pt-BR\",\"@id\":\"https:\/\/www.suno.com.br\/noticias\/ifood-encerra-colombia-startup-delivery\/#primaryimage\",\"url\":\"https:\/\/files.sunoresearch.com.br\/n\/uploads\/2021\/07\/ac2d70b8-52698844_2515285538546591_8792154524312666112_n.jpg\",\"contentUrl\":\"https:\/\/files.sunoresearch.com.br\/n\/uploads\/2021\/07\/ac2d70b8-52698844_2515285538546591_8792154524312666112_n.jpg\",\"width\":2048,\"height\":1365,\"caption\":\"iFood. Foto: Reprodu\u00e7\u00e3o Facebook\"},{\"@type\":\"BreadcrumbList\",\"@id\":\"https:\/\/www.suno.com.br\/noticias\/ifood-encerra-colombia-startup-delivery\/#breadcrumb\",\"itemListElement\":[{\"@type\":\"ListItem\",\"position\":1,\"name\":\"Not\u00edcias\",\"item\":\"https:\/\/www.suno.com.br\/noticias\/\"},{\"@type\":\"ListItem\",\"position\":2,\"name\":\"Startups\",\"item\":\"https:\/\/www.suno.com.br\/noticias\/startups\/\"},{\"@type\":\"ListItem\",\"position\":3,\"name\":\"iFood encerra suas opera\u00e7\u00f5es na Col\u00f4mbia; entenda motivos\"}]},{\"@type\":\"WebSite\",\"@id\":\"https:\/\/www.suno.com.br\/noticias\/#website\",\"url\":\"https:\/\/www.suno.com.br\/noticias\/\",\"name\":\"Suno Not\u00edcias\",\"description\":\"Seu portal de informa\u00e7\u00e3o sobre o mundo dos investimentos\",\"publisher\":{\"@id\":\"https:\/\/www.suno.com.br\/noticias\/#organization\"},\"potentialAction\":[{\"@type\":\"SearchAction\",\"target\":{\"@type\":\"EntryPoint\",\"urlTemplate\":\"https:\/\/www.suno.com.br\/noticias\/?s={search_term_string}\"},\"query-input\":{\"@type\":\"PropertyValueSpecification\",\"valueRequired\":true,\"valueName\":\"search_term_string\"}}],\"inLanguage\":\"pt-BR\"},{\"@type\":\"Organization\",\"@id\":\"https:\/\/www.suno.com.br\/noticias\/#organization\",\"name\":\"Suno Not\u00edcias\",\"url\":\"https:\/\/www.suno.com.br\/noticias\/\",\"logo\":{\"@type\":\"ImageObject\",\"inLanguage\":\"pt-BR\",\"@id\":\"https:\/\/www.suno.com.br\/noticias\/#\/schema\/logo\/image\/\",\"url\":\"https:\/\/files.sunoresearch.com.br\/n\/uploads\/2021\/09\/suno-logo.png\",\"contentUrl\":\"https:\/\/files.sunoresearch.com.br\/n\/uploads\/2021\/09\/suno-logo.png\",\"width\":180,\"height\":180,\"caption\":\"Suno Not\u00edcias\"},\"image\":{\"@id\":\"https:\/\/www.suno.com.br\/noticias\/#\/schema\/logo\/image\/\"},\"sameAs\":[\"https:\/\/facebook.com\/sunoresearch\",\"https:\/\/x.com\/sunoresearch\",\"https:\/\/www.instagram.com\/suno\",\"https:\/\/www.linkedin.com\/company\/suno-research\/\",\"https:\/\/www.youtube.com\/c\/sunoresearch\"]},{\"@type\":\"Person\",\"@id\":\"https:\/\/www.suno.com.br\/noticias\/#\/schema\/person\/7f4d362bf3518e76090143ae77bb49a5\",\"name\":\"Eduardo Vargas\",\"image\":{\"@type\":\"ImageObject\",\"inLanguage\":\"pt-BR\",\"@id\":\"https:\/\/www.suno.com.br\/noticias\/#\/schema\/person\/image\/\",\"url\":\"https:\/\/secure.gravatar.com\/avatar\/dac340933427a22924c9f99d1eb2e3f2?s=96&r=g\",\"contentUrl\":\"https:\/\/secure.gravatar.com\/avatar\/dac340933427a22924c9f99d1eb2e3f2?s=96&r=g\",\"caption\":\"Eduardo Vargas\"},\"description\":\"Jornalista formado pela UFSC, cobre macroeconomia, neg\u00f3cios e startups para o Suno Not\u00edcias, escrevendo principalmente not\u00edcias sobre o mercado financeiro e a bolsa de valores. No YouTube e no Instagram, \u00e9 respons\u00e1vel pela produ\u00e7\u00e3o de Reels e Shorts do Suno Not\u00edcias. Anteriormente, trabalhou cobrindo economia e cotidiano no ND+ e para o ND, maior jornal impresso de Santa Catarina. Cursou um semestre letivo de Estudos de M\u00eddia na Universidad de Buenos Aires.\",\"url\":\"https:\/\/www.suno.com.br\/noticias\/author\/eduardo-vargas\/\"}]}<\/script>\n<!-- \/ Yoast SEO plugin. -->","yoast_head_json":{"title":"iFood encerra suas opera\u00e7\u00f5es na Col\u00f4mbia; entenda motivos","description":"Em nota, o iFood alegou que 'seguir\u00e1 investindo no Brasil, onde \u00e9 l\u00edder'. A startup demitiu cerca de 210 funcion\u00e1rios. Clique e leia mais!","robots":{"index":"index","follow":"follow","max-snippet":"max-snippet:-1","max-image-preview":"max-image-preview:large","max-video-preview":"max-video-preview:-1"},"canonical":"https:\/\/www.suno.com.br\/noticias\/ifood-encerra-colombia-startup-delivery\/","og_locale":"pt_BR","og_type":"article","og_title":"iFood encerra suas opera\u00e7\u00f5es na Col\u00f4mbia; entenda motivos","og_description":"Em nota, o iFood alegou que 'seguir\u00e1 investindo no Brasil, onde \u00e9 l\u00edder'. A startup demitiu cerca de 210 funcion\u00e1rios. Clique e leia mais!","og_url":"https:\/\/www.suno.com.br\/noticias\/ifood-encerra-colombia-startup-delivery\/","og_site_name":"Suno Not\u00edcias","article_publisher":"https:\/\/facebook.com\/sunoresearch","og_image":[{"width":2048,"height":1365,"url":"https:\/\/files.sunoresearch.com.br\/n\/uploads\/2021\/07\/ac2d70b8-52698844_2515285538546591_8792154524312666112_n.jpg","type":"image\/jpeg"}],"author":"Eduardo Vargas","twitter_card":"summary_large_image","twitter_creator":"@sunoresearch","twitter_site":"@sunoresearch","twitter_misc":{"Escrito por":"Eduardo Vargas","Est. tempo de leitura":"3 minutos"},"schema":{"@context":"https:\/\/schema.org","@graph":[{"@type":"NewsArticle","@id":"https:\/\/www.suno.com.br\/noticias\/ifood-encerra-colombia-startup-delivery\/#article","isPartOf":{"@id":"https:\/\/www.suno.com.br\/noticias\/ifood-encerra-colombia-startup-delivery\/"},"author":{"name":"Eduardo Vargas","@id":"https:\/\/www.suno.com.br\/noticias\/#\/schema\/person\/7f4d362bf3518e76090143ae77bb49a5"},"headline":"iFood encerra suas opera\u00e7\u00f5es na Col\u00f4mbia; entenda motivos","datePublished":"2022-10-22T13:43:27+00:00","dateModified":"2022-10-24T16:56:32+00:00","mainEntityOfPage":{"@id":"https:\/\/www.suno.com.br\/noticias\/ifood-encerra-colombia-startup-delivery\/"},"wordCount":585,"publisher":{"@id":"https:\/\/www.suno.com.br\/noticias\/#organization"},"image":{"@id":"https:\/\/www.suno.com.br\/noticias\/ifood-encerra-colombia-startup-delivery\/#primaryimage"},"thumbnailUrl":"https:\/\/files.sunoresearch.com.br\/n\/uploads\/2021\/07\/ac2d70b8-52698844_2515285538546591_8792154524312666112_n.jpg","keywords":["iFood","Rappi","startups"],"articleSection":["Startups"],"inLanguage":"pt-BR"},{"@type":"WebPage","@id":"https:\/\/www.suno.com.br\/noticias\/ifood-encerra-colombia-startup-delivery\/","url":"https:\/\/www.suno.com.br\/noticias\/ifood-encerra-colombia-startup-delivery\/","name":"iFood encerra suas opera\u00e7\u00f5es na Col\u00f4mbia; entenda motivos","isPartOf":{"@id":"https:\/\/www.suno.com.br\/noticias\/#website"},"primaryImageOfPage":{"@id":"https:\/\/www.suno.com.br\/noticias\/ifood-encerra-colombia-startup-delivery\/#primaryimage"},"image":{"@id":"https:\/\/www.suno.com.br\/noticias\/ifood-encerra-colombia-startup-delivery\/#primaryimage"},"thumbnailUrl":"https:\/\/files.sunoresearch.com.br\/n\/uploads\/2021\/07\/ac2d70b8-52698844_2515285538546591_8792154524312666112_n.jpg","datePublished":"2022-10-22T13:43:27+00:00","dateModified":"2022-10-24T16:56:32+00:00","description":"Em nota, o iFood alegou que 'seguir\u00e1 investindo no Brasil, onde \u00e9 l\u00edder'. A startup demitiu cerca de 210 funcion\u00e1rios. Clique e leia mais!","breadcrumb":{"@id":"https:\/\/www.suno.com.br\/noticias\/ifood-encerra-colombia-startup-delivery\/#breadcrumb"},"inLanguage":"pt-BR","potentialAction":[{"@type":"ReadAction","target":["https:\/\/www.suno.com.br\/noticias\/ifood-encerra-colombia-startup-delivery\/"]}]},{"@type":"ImageObject","inLanguage":"pt-BR","@id":"https:\/\/www.suno.com.br\/noticias\/ifood-encerra-colombia-startup-delivery\/#primaryimage","url":"https:\/\/files.sunoresearch.com.br\/n\/uploads\/2021\/07\/ac2d70b8-52698844_2515285538546591_8792154524312666112_n.jpg","contentUrl":"https:\/\/files.sunoresearch.com.br\/n\/uploads\/2021\/07\/ac2d70b8-52698844_2515285538546591_8792154524312666112_n.jpg","width":2048,"height":1365,"caption":"iFood. Foto: Reprodu\u00e7\u00e3o Facebook"},{"@type":"BreadcrumbList","@id":"https:\/\/www.suno.com.br\/noticias\/ifood-encerra-colombia-startup-delivery\/#breadcrumb","itemListElement":[{"@type":"ListItem","position":1,"name":"Not\u00edcias","item":"https:\/\/www.suno.com.br\/noticias\/"},{"@type":"ListItem","position":2,"name":"Startups","item":"https:\/\/www.suno.com.br\/noticias\/startups\/"},{"@type":"ListItem","position":3,"name":"iFood encerra suas opera\u00e7\u00f5es na Col\u00f4mbia; entenda motivos"}]},{"@type":"WebSite","@id":"https:\/\/www.suno.com.br\/noticias\/#website","url":"https:\/\/www.suno.com.br\/noticias\/","name":"Suno Not\u00edcias","description":"Seu portal de informa\u00e7\u00e3o sobre o mundo dos investimentos","publisher":{"@id":"https:\/\/www.suno.com.br\/noticias\/#organization"},"potentialAction":[{"@type":"SearchAction","target":{"@type":"EntryPoint","urlTemplate":"https:\/\/www.suno.com.br\/noticias\/?s={search_term_string}"},"query-input":{"@type":"PropertyValueSpecification","valueRequired":true,"valueName":"search_term_string"}}],"inLanguage":"pt-BR"},{"@type":"Organization","@id":"https:\/\/www.suno.com.br\/noticias\/#organization","name":"Suno Not\u00edcias","url":"https:\/\/www.suno.com.br\/noticias\/","logo":{"@type":"ImageObject","inLanguage":"pt-BR","@id":"https:\/\/www.suno.com.br\/noticias\/#\/schema\/logo\/image\/","url":"https:\/\/files.sunoresearch.com.br\/n\/uploads\/2021\/09\/suno-logo.png","contentUrl":"https:\/\/files.sunoresearch.com.br\/n\/uploads\/2021\/09\/suno-logo.png","width":180,"height":180,"caption":"Suno Not\u00edcias"},"image":{"@id":"https:\/\/www.suno.com.br\/noticias\/#\/schema\/logo\/image\/"},"sameAs":["https:\/\/facebook.com\/sunoresearch","https:\/\/x.com\/sunoresearch","https:\/\/www.instagram.com\/suno","https:\/\/www.linkedin.com\/company\/suno-research\/","https:\/\/www.youtube.com\/c\/sunoresearch"]},{"@type":"Person","@id":"https:\/\/www.suno.com.br\/noticias\/#\/schema\/person\/7f4d362bf3518e76090143ae77bb49a5","name":"Eduardo Vargas","image":{"@type":"ImageObject","inLanguage":"pt-BR","@id":"https:\/\/www.suno.com.br\/noticias\/#\/schema\/person\/image\/","url":"https:\/\/secure.gravatar.com\/avatar\/dac340933427a22924c9f99d1eb2e3f2?s=96&r=g","contentUrl":"https:\/\/secure.gravatar.com\/avatar\/dac340933427a22924c9f99d1eb2e3f2?s=96&r=g","caption":"Eduardo Vargas"},"description":"Jornalista formado pela UFSC, cobre macroeconomia, neg\u00f3cios e startups para o Suno Not\u00edcias, escrevendo principalmente not\u00edcias sobre o mercado financeiro e a bolsa de valores. No YouTube e no Instagram, \u00e9 respons\u00e1vel pela produ\u00e7\u00e3o de Reels e Shorts do Suno Not\u00edcias. Anteriormente, trabalhou cobrindo economia e cotidiano no ND+ e para o ND, maior jornal impresso de Santa Catarina. Cursou um semestre letivo de Estudos de M\u00eddia na Universidad de Buenos Aires.","url":"https:\/\/www.suno.com.br\/noticias\/author\/eduardo-vargas\/"}]}},"default_loop_html":"<div class=\"cardsPage__listCard__boxs\"><div class=\"cardsPage__listCard__boxs__img\"><a href=\"https:\/\/www.suno.com.br\/noticias\/ifood-encerra-colombia-startup-delivery\/\"><img class=\"mask\" src=\"https:\/\/www.suno.com.br\/noticias\/wp-content\/themes\/suno\/resources\/images\/spotlight\/spotlight1img\/bg-mask.png\" alt=\"Image Mask\"\/><img src=\"https:\/\/files.sunoresearch.com.br\/n\/uploads\/2021\/07\/ac2d70b8-52698844_2515285538546591_8792154524312666112_n-400x200.jpg\" alt=\"iFood encerra suas opera\u00e7\u00f5es na Col\u00f4mbia; entenda motivos\"\/><\/a><span class=\"spotlightCategory\"><a href=\"https:\/\/www.suno.com.br\/noticias\/startups\/\">Startups<\/a><\/span><\/div><div class=\"cardsPage__listCard__boxs__content\"><a href=\"https:\/\/www.suno.com.br\/noticias\/ifood-encerra-colombia-startup-delivery\/\"><h2 class=\"content__title\">iFood encerra suas opera\u00e7\u00f5es na Col\u00f4mbia; entenda motivos<\/h2><\/a><div class=\"newsContent__article__meta\"><div class=\"newsContent__article__meta__authorBox\"><a href=\"https:\/\/www.suno.com.br\/noticias\/author\/eduardo-vargas\/\" class=\"authorBox__avatar noMobi\"><img src=\"https:\/\/secure.gravatar.com\/avatar\/dac340933427a22924c9f99d1eb2e3f2?s=96&#038;r=g\" alt=\"Eduardo Vargas\"><\/a><div class=\"authorBox__name\"><span>por\n\t\t\t<a href=\"https:\/\/www.suno.com.br\/noticias\/author\/eduardo-vargas\/\"><span itemprop=\"author\">Eduardo Vargas<\/span><\/a><\/span><time datetime=\"2022-10-22T10:43:27-03:00\" itemprop=\"datePublished\">22\/10\/2022 10:43<\/time><\/div><\/div><\/div><\/div><\/div>","single_layout":"posts","amp_enabled":true,"_links":{"self":[{"href":"https:\/\/www.suno.com.br\/noticias\/wp-json\/wp\/v2\/posts\/310856"}],"collection":[{"href":"https:\/\/www.suno.com.br\/noticias\/wp-json\/wp\/v2\/posts"}],"about":[{"href":"https:\/\/www.suno.com.br\/noticias\/wp-json\/wp\/v2\/types\/post"}],"author":[{"embeddable":true,"href":"https:\/\/www.suno.com.br\/noticias\/wp-json\/wp\/v2\/users\/73"}],"replies":[{"embeddable":true,"href":"https:\/\/www.suno.com.br\/noticias\/wp-json\/wp\/v2\/comments?post=310856"}],"version-history":[{"count":3,"href":"https:\/\/www.suno.com.br\/noticias\/wp-json\/wp\/v2\/posts\/310856\/revisions"}],"predecessor-version":[{"id":311170,"href":"https:\/\/www.suno.com.br\/noticias\/wp-json\/wp\/v2\/posts\/310856\/revisions\/311170"}],"wp:featuredmedia":[{"embeddable":true,"href":"https:\/\/www.suno.com.br\/noticias\/wp-json\/wp\/v2\/media\/165955"}],"wp:attachment":[{"href":"https:\/\/www.suno.com.br\/noticias\/wp-json\/wp\/v2\/media?parent=310856"}],"wp:term":[{"taxonomy":"category","embeddable":true,"href":"https:\/\/www.suno.com.br\/noticias\/wp-json\/wp\/v2\/categories?post=310856"},{"taxonomy":"post_tag","embeddable":true,"href":"https:\/\/www.suno.com.br\/noticias\/wp-json\/wp\/v2\/tags?post=310856"},{"taxonomy":"suno_strategy","embeddable":true,"href":"https:\/\/www.suno.com.br\/noticias\/wp-json\/wp\/v2\/suno_strategy?post=310856"}],"curies":[{"name":"wp","href":"https:\/\/api.w.org\/{rel}","templated":true}]}}