{"id":31067,"date":"2019-07-15T18:43:33","date_gmt":"2019-07-15T21:43:33","guid":{"rendered":"https:\/\/www.suno.com.br\/noticias\/?p=31067"},"modified":"2019-07-15T18:43:33","modified_gmt":"2019-07-15T21:43:33","slug":"previdencia-dois-meses-senado","status":"publish","type":"post","link":"https:\/\/www.suno.com.br\/noticias\/previdencia-dois-meses-senado\/","title":{"rendered":"Previd\u00eancia demorar\u00e1 dois meses no Senado, diz presidente da CCJ"},"content":{"rendered":"<p>A presidente da Comiss\u00e3o de Constitui\u00e7\u00e3o e Justi\u00e7a (CCJ) do <strong>Senado,<\/strong> Simone Tebet (MDB-MS), declarou que a reforma da Previd\u00eancia demorar\u00e1 dois meses para ser votada pelo colegiado.<\/p>\t<div class=\"wrapper-featured-image\">\n\t\t<figure class=\"spotlightImg\">\n\n\t\t\t<picture>\n\t\t\t\t<source media=\"(max-width: 768px)\" srcset=\"https:\/\/files.sunoresearch.com.br\/n\/uploads\/2019\/04\/63c1db04-c\u00e2mara-dos-deputados-400x200.webp\">\n\t\t\t\t<img loading=\"lazy\" decoding=\"async\" class=\"newsContent__article__imgCapa lazyloadDisabled newsContent__article__imgCapa--noCaption\" src=\"https:\/\/files.sunoresearch.com.br\/n\/uploads\/2019\/04\/63c1db04-c\u00e2mara-dos-deputados-800x450.webp\" width=\"800\" height=\"450\" alt=\"Previd\u00eancia demorar\u00e1 dois meses no Senado, diz presidente da CCJ\" fetchpriority=high \/>\n\t\t\t<\/picture>\n\n\t\t\t<figcaption class=\"wp-caption-text wp-caption-text--hide\">C\u00e2mara dos Deputados (foto: divulga\u00e7\u00e3o)<\/figcaption>\n\t\t<\/figure>\n\t<\/div>\n\n\n<p>Segundo Tabet, somente a <strong>CCJ<\/strong> precisar\u00e1 de um m\u00eas para votar a <strong>Proposta de Emenda Constitucional (PEC)<\/strong> da <strong>reforma<\/strong> <strong>da<\/strong>\u00a0<strong>Previd\u00eancia.<\/strong> Para que o Senado tamb\u00e9m aprove a reforma ser\u00e3o necess\u00e1rios 60 dias.<\/p>\n\t<p>\n\t\t<a href=\"https:\/\/lp.suno.com.br\/ebook-investindo-em-fiis\/\" target=\"_blank\" data-element=\"shortcode-suno-banner\" title=\"Banner SUNO, clique e saiba mais\">\n\t\t\t<picture>\n\t\t\t\t<source media=\"(max-width: 500px)\" srcset=\"https:\/\/files.sunoresearch.com.br\/n\/uploads\/2023\/07\/Ebook-Fundos-Imobiliarios-Mobile.jpg\">\n\t\t\t\t<img class=\"newsContent__article__imgCapa newsContent__article__imgCapa--banner\"\n\t\t\t\t\tsrc=\"https:\/\/files.sunoresearch.com.br\/n\/uploads\/2023\/07\/Ebook-Fundos-Imobiliarios-Desktop.jpg\"\n\t\t\t\t\tdata-promo-id=\"378301\"\t\t\t\t\t\t\t\t\t\twidth='1420' height='286'\t\t\t\t\talt=\"https:\/\/files.sunoresearch.com.br\/n\/uploads\/2023\/07\/Ebook-Fundos-Imobiliarios-Desktop.jpg\"\n\t\t\t\t>\n\t\t\t<\/picture>\n\t\t<\/a>\n\t<\/p>\n\n\n<p>Essa previs\u00e3o \u00e9 diferente daquela do <strong>Pal\u00e1cio do Planalto,<\/strong> que esperava uma aprova\u00e7\u00e3o da <strong>reforma da Previd\u00eancia<\/strong> em 45 dias. Segundo a presidente da <strong>CCJ,<\/strong> esse prazo \u00e9 muito otimista. Isso tamb\u00e9m por causa da tramita\u00e7\u00e3o na\u00a0<strong>C\u00e2mara dos Deputados,<\/strong> onde o texto ainda deve ser votado em segundo turno. A vota\u00e7\u00e3o deveria acontecer no dia 6 de agosto.<\/p>\n<p>&#8220;A <strong>PEC<\/strong> principal, acredito que 45 dias no Senado \u00e9 muito otimismo. Mas com 60 dias \u00e9 um tempo confort\u00e1vel&#8221;, explicou <strong>Tebet,<\/strong> segundo qual a PEC &#8220;vai chegar na <strong>CCJ<\/strong> no dia 7 de agosto, se der tudo certo. Obviamente vai ter requerimento de audi\u00eancia p\u00fablica. N\u00e3o tenho como entregar a reforma em menos de tr\u00eas semanas. Quanto mais se debater na CCJ, mais r\u00e1pido se aprova em plen\u00e1rio&#8221;.<\/p>\n<p><a href=\"https:\/\/www.suno.com.br\/noticias\/rodrigo-maia-reforma-votacao-segundo-turno\/\">Veja tamb\u00e9m:\u00a0Vota\u00e7\u00e3o do 2\u00b0 turno da reforma pode ficar para pr\u00f3xima semana, diz Rodrigo Maia<\/a><\/p>\n<p>Entretanto, os prazos de tramita\u00e7\u00e3o ainda dever\u00e3o ser negociados com l\u00edderes partid\u00e1rios.<\/p>\n<h2>Inclus\u00e3o de estados e munic\u00edpios<\/h2>\n<p>Al\u00e9m do texto principal, est\u00e1 ainda sendo negociada a inclus\u00e3o de estados e munic\u00edpios na reforma, mas em uma <strong>PEC<\/strong> paralela. O relator da reforma no <strong>Senado,<\/strong> Tasso Jereissati (PSDB-CE), est\u00e1 analisando a possibilidade de realizar altera\u00e7\u00f5es apenas nesta proposta. Isso para evitar de ter que devolver \u00e0 C\u00e2mara a PEC principal, passagem obrigat\u00f3ria caso sejam realizadas modifica\u00e7\u00f5es.<\/p>\n<p>Todavia, segundo Tebet, a <strong>PEC<\/strong> paralela n\u00e3o deve incluir estados e munic\u00edpios. Para a presidente da <strong>CCJ,<\/strong> o texto dever\u00e1 apenas prever a possibilidade que prefeitos e governadores realizem autonomamente suas pr\u00f3prias reformas da Previd\u00eancia.<\/p>\n\t<p>\n\t\t<a href=\"https:\/\/lp.suno.com.br\/suno-one\/?utm_campaign=_SNC6964518A_\" target=\"_blank\" data-element=\"shortcode-suno-banner\" title=\"Banner SUNO, clique e saiba mais\">\n\t\t\t<picture>\n\t\t\t\t<source media=\"(max-width: 500px)\" srcset=\"https:\/\/files.sunoresearch.com.br\/n\/uploads\/2025\/09\/400x300-Suno-One-png.webp\">\n\t\t\t\t<img class=\"newsContent__article__imgCapa newsContent__article__imgCapa--banner\"\n\t\t\t\t\tsrc=\"https:\/\/files.sunoresearch.com.br\/n\/uploads\/2025\/09\/1420x240-Suno-One-png.webp\"\n\t\t\t\t\tdata-promo-id=\"85810\"\t\t\t\t\t\t\t\t\t\twidth='1420' height='240'\t\t\t\t\talt=\"https:\/\/files.sunoresearch.com.br\/n\/uploads\/2025\/09\/1420x240-Suno-One-png.webp\"\n\t\t\t\t>\n\t\t\t<\/picture>\n\t\t<\/a>\n\t<\/p>\n\n\n<p>&#8220;Na minha opini\u00e3o, a <strong>PEC<\/strong> paralela tem que ser uma PEC que estabele\u00e7a que por lei complementar [estados e munic\u00edpios] possam fazer suas altera\u00e7\u00f5es&#8221;, explicou Tebet.<\/p>\n<p>Segundo a <strong>Senadora,<\/strong> se estados e munic\u00edpios ser\u00e3o inclu\u00eddos na reforma da <strong>Previd\u00eancia,<\/strong> o \u00f4nus pol\u00edtico ficar\u00e1 apenas com os integrantes do Legislativo federal, e n\u00e3o com os pol\u00edticos locais.<\/p>\n<p><a href=\"https:\/\/www.suno.com.br\/noticias\/rodrigo-maia-reforma-previdencia-nao-perdera-votos\/\">Saiba mais: Rodrigo Maia acredita que reforma da Previd\u00eancia n\u00e3o perder\u00e1 votos at\u00e9 agosto\u00a0<\/a><\/p>\n<p>&#8220;Se votarmos estados e munic\u00edpios, pergunte se deputados e senadores descem em seus aeroportos&#8221;, explicou Tebet.<\/p>\n<p>A <strong>PEC<\/strong> paralela da reforma da <strong>Previd\u00eancia<\/strong> para estados e munic\u00edpios s\u00f3 deve come\u00e7ar a ser discutida na CCJ depois que a proposta principal for para plen\u00e1rio.<\/p>\n","protected":false},"excerpt":{"rendered":"<p>A presidente da Comiss\u00e3o de Constitui\u00e7\u00e3o e Justi\u00e7a (CCJ) do Senado, Simone Tebet (MDB-MS), declarou que a reforma da Previd\u00eancia demorar\u00e1 dois meses para ser votada pelo colegiado. C\u00e2mara dos Deputados (foto: divulga\u00e7\u00e3o) Segundo Tabet, somente a CCJ precisar\u00e1 de um m\u00eas para votar a Proposta de Emenda Constitucional (PEC) da reforma da\u00a0Previd\u00eancia. Para que [&hellip;]<\/p>\n","protected":false},"author":9,"featured_media":20943,"comment_status":"closed","ping_status":"closed","sticky":false,"template":"","format":"standard","meta":[],"categories":[61],"tags":[940,1068],"suno_strategy":[],"class_list":["post-31067","post","type-post","status-publish","format-standard","has-post-thumbnail","hentry","category-politica","tag-reforma-da-previdencia","tag-senado-federal"],"yoast_head":"<!-- This site is optimized with the Yoast SEO plugin v24.4 - https:\/\/yoast.com\/wordpress\/plugins\/seo\/ -->\n<title>Previd\u00eancia demorar\u00e1 dois meses no Senado, diz presidente da CCJ<\/title>\n<meta name=\"description\" content=\"A presidente da CCJ do Senado declarou que a reforma da Previd\u00eancia demorar\u00e1 dois meses para ser votada. Clique aqui para saber mais.\" \/>\n<meta name=\"robots\" content=\"index, follow, max-snippet:-1, max-image-preview:large, max-video-preview:-1\" \/>\n<link rel=\"canonical\" href=\"https:\/\/www.suno.com.br\/noticias\/previdencia-dois-meses-senado\/\" \/>\n<meta property=\"og:locale\" content=\"pt_BR\" \/>\n<meta property=\"og:type\" content=\"article\" \/>\n<meta property=\"og:title\" content=\"Previd\u00eancia demorar\u00e1 dois meses no Senado, diz presidente da CCJ\" \/>\n<meta property=\"og:description\" content=\"A presidente da CCJ do Senado declarou que a reforma da Previd\u00eancia demorar\u00e1 dois meses para ser votada. Clique aqui para saber mais.\" \/>\n<meta property=\"og:url\" content=\"https:\/\/www.suno.com.br\/noticias\/previdencia-dois-meses-senado\/\" \/>\n<meta property=\"og:site_name\" content=\"Suno Not\u00edcias\" \/>\n<meta property=\"article:publisher\" content=\"https:\/\/facebook.com\/sunoresearch\" \/>\n<meta property=\"og:image\" content=\"https:\/\/files.sunoresearch.com.br\/n\/uploads\/2019\/04\/63c1db04-c\u00e2mara-dos-deputados.jpg\" \/>\n\t<meta property=\"og:image:width\" content=\"2760\" \/>\n\t<meta property=\"og:image:height\" content=\"1837\" \/>\n\t<meta property=\"og:image:type\" content=\"image\/jpeg\" \/>\n<meta name=\"author\" content=\"Carlo Cauti\" \/>\n<meta name=\"twitter:card\" content=\"summary_large_image\" \/>\n<meta name=\"twitter:creator\" content=\"@sunoresearch\" \/>\n<meta name=\"twitter:site\" content=\"@sunoresearch\" \/>\n<meta name=\"twitter:label1\" content=\"Escrito por\" \/>\n\t<meta name=\"twitter:data1\" content=\"Carlo Cauti\" \/>\n\t<meta name=\"twitter:label2\" content=\"Est. tempo de leitura\" \/>\n\t<meta name=\"twitter:data2\" content=\"2 minutos\" \/>\n<script type=\"application\/ld+json\" class=\"yoast-schema-graph\">{\"@context\":\"https:\/\/schema.org\",\"@graph\":[{\"@type\":\"NewsArticle\",\"@id\":\"https:\/\/www.suno.com.br\/noticias\/previdencia-dois-meses-senado\/#article\",\"isPartOf\":{\"@id\":\"https:\/\/www.suno.com.br\/noticias\/previdencia-dois-meses-senado\/\"},\"author\":{\"name\":\"Carlo Cauti\",\"@id\":\"https:\/\/www.suno.com.br\/noticias\/#\/schema\/person\/e6e0f723cc177805027f4566c1d5e0c8\"},\"headline\":\"Previd\u00eancia demorar\u00e1 dois meses no Senado, diz presidente da CCJ\",\"datePublished\":\"2019-07-15T21:43:33+00:00\",\"mainEntityOfPage\":{\"@id\":\"https:\/\/www.suno.com.br\/noticias\/previdencia-dois-meses-senado\/\"},\"wordCount\":495,\"publisher\":{\"@id\":\"https:\/\/www.suno.com.br\/noticias\/#organization\"},\"image\":{\"@id\":\"https:\/\/www.suno.com.br\/noticias\/previdencia-dois-meses-senado\/#primaryimage\"},\"thumbnailUrl\":\"https:\/\/files.sunoresearch.com.br\/n\/uploads\/2019\/04\/63c1db04-c\u00e2mara-dos-deputados-scaled.webp\",\"keywords\":[\"Reforma da Previd\u00eancia\",\"Senado Federal\"],\"articleSection\":[\"Pol\u00edtica\"],\"inLanguage\":\"pt-BR\"},{\"@type\":\"WebPage\",\"@id\":\"https:\/\/www.suno.com.br\/noticias\/previdencia-dois-meses-senado\/\",\"url\":\"https:\/\/www.suno.com.br\/noticias\/previdencia-dois-meses-senado\/\",\"name\":\"Previd\u00eancia demorar\u00e1 dois meses no Senado, diz presidente da CCJ\",\"isPartOf\":{\"@id\":\"https:\/\/www.suno.com.br\/noticias\/#website\"},\"primaryImageOfPage\":{\"@id\":\"https:\/\/www.suno.com.br\/noticias\/previdencia-dois-meses-senado\/#primaryimage\"},\"image\":{\"@id\":\"https:\/\/www.suno.com.br\/noticias\/previdencia-dois-meses-senado\/#primaryimage\"},\"thumbnailUrl\":\"https:\/\/files.sunoresearch.com.br\/n\/uploads\/2019\/04\/63c1db04-c\u00e2mara-dos-deputados-scaled.webp\",\"datePublished\":\"2019-07-15T21:43:33+00:00\",\"description\":\"A presidente da CCJ do Senado declarou que a reforma da Previd\u00eancia demorar\u00e1 dois meses para ser votada. Clique aqui para saber mais.\",\"breadcrumb\":{\"@id\":\"https:\/\/www.suno.com.br\/noticias\/previdencia-dois-meses-senado\/#breadcrumb\"},\"inLanguage\":\"pt-BR\",\"potentialAction\":[{\"@type\":\"ReadAction\",\"target\":[\"https:\/\/www.suno.com.br\/noticias\/previdencia-dois-meses-senado\/\"]}]},{\"@type\":\"ImageObject\",\"inLanguage\":\"pt-BR\",\"@id\":\"https:\/\/www.suno.com.br\/noticias\/previdencia-dois-meses-senado\/#primaryimage\",\"url\":\"https:\/\/files.sunoresearch.com.br\/n\/uploads\/2019\/04\/63c1db04-c\u00e2mara-dos-deputados-scaled.webp\",\"contentUrl\":\"https:\/\/files.sunoresearch.com.br\/n\/uploads\/2019\/04\/63c1db04-c\u00e2mara-dos-deputados-scaled.webp\",\"width\":2560,\"height\":1704,\"caption\":\"C\u00e2mara dos Deputados (foto: divulga\u00e7\u00e3o)\"},{\"@type\":\"BreadcrumbList\",\"@id\":\"https:\/\/www.suno.com.br\/noticias\/previdencia-dois-meses-senado\/#breadcrumb\",\"itemListElement\":[{\"@type\":\"ListItem\",\"position\":1,\"name\":\"Not\u00edcias\",\"item\":\"https:\/\/www.suno.com.br\/noticias\/\"},{\"@type\":\"ListItem\",\"position\":2,\"name\":\"Pol\u00edtica\",\"item\":\"https:\/\/www.suno.com.br\/noticias\/politica\/\"},{\"@type\":\"ListItem\",\"position\":3,\"name\":\"Previd\u00eancia demorar\u00e1 dois meses no Senado, diz presidente da CCJ\"}]},{\"@type\":\"WebSite\",\"@id\":\"https:\/\/www.suno.com.br\/noticias\/#website\",\"url\":\"https:\/\/www.suno.com.br\/noticias\/\",\"name\":\"Suno Not\u00edcias\",\"description\":\"Seu portal de informa\u00e7\u00e3o sobre o mundo dos investimentos\",\"publisher\":{\"@id\":\"https:\/\/www.suno.com.br\/noticias\/#organization\"},\"potentialAction\":[{\"@type\":\"SearchAction\",\"target\":{\"@type\":\"EntryPoint\",\"urlTemplate\":\"https:\/\/www.suno.com.br\/noticias\/?s={search_term_string}\"},\"query-input\":{\"@type\":\"PropertyValueSpecification\",\"valueRequired\":true,\"valueName\":\"search_term_string\"}}],\"inLanguage\":\"pt-BR\"},{\"@type\":\"Organization\",\"@id\":\"https:\/\/www.suno.com.br\/noticias\/#organization\",\"name\":\"Suno Not\u00edcias\",\"url\":\"https:\/\/www.suno.com.br\/noticias\/\",\"logo\":{\"@type\":\"ImageObject\",\"inLanguage\":\"pt-BR\",\"@id\":\"https:\/\/www.suno.com.br\/noticias\/#\/schema\/logo\/image\/\",\"url\":\"https:\/\/files.sunoresearch.com.br\/n\/uploads\/2021\/09\/suno-logo.png\",\"contentUrl\":\"https:\/\/files.sunoresearch.com.br\/n\/uploads\/2021\/09\/suno-logo.png\",\"width\":180,\"height\":180,\"caption\":\"Suno Not\u00edcias\"},\"image\":{\"@id\":\"https:\/\/www.suno.com.br\/noticias\/#\/schema\/logo\/image\/\"},\"sameAs\":[\"https:\/\/facebook.com\/sunoresearch\",\"https:\/\/x.com\/sunoresearch\",\"https:\/\/www.instagram.com\/suno\",\"https:\/\/www.linkedin.com\/company\/suno-research\/\",\"https:\/\/www.youtube.com\/c\/sunoresearch\"]},{\"@type\":\"Person\",\"@id\":\"https:\/\/www.suno.com.br\/noticias\/#\/schema\/person\/e6e0f723cc177805027f4566c1d5e0c8\",\"name\":\"Carlo Cauti\",\"image\":{\"@type\":\"ImageObject\",\"inLanguage\":\"pt-BR\",\"@id\":\"https:\/\/www.suno.com.br\/noticias\/#\/schema\/person\/image\/\",\"url\":\"https:\/\/secure.gravatar.com\/avatar\/3ada9e0bd164c23abd4792a9606d583c?s=96&r=g\",\"contentUrl\":\"https:\/\/secure.gravatar.com\/avatar\/3ada9e0bd164c23abd4792a9606d583c?s=96&r=g\",\"caption\":\"Carlo Cauti\"},\"description\":\"Editor multim\u00eddia do SUNO Not\u00edcias. Italiano, formado em Ci\u00eancias Pol\u00edticas pela universidade LUISS G. Carli de Roma e mestre cum laude em Rela\u00e7\u00f5es Internacionais, Jornalismo Internacional e de Guerra e em Economia Internacional. Concluiu tamb\u00e9m um MBA em Finan\u00e7as na B3. No Brasil, teve passagem por ve\u00edculos como Estad\u00e3o, Globo, Veja e EXAME. e nas ag\u00eancias de not\u00edcias italianas ANSA e NOVA.\",\"url\":\"https:\/\/www.suno.com.br\/noticias\/author\/carlo-cauti\/\"}]}<\/script>\n<!-- \/ Yoast SEO plugin. -->","yoast_head_json":{"title":"Previd\u00eancia demorar\u00e1 dois meses no Senado, diz presidente da CCJ","description":"A presidente da CCJ do Senado declarou que a reforma da Previd\u00eancia demorar\u00e1 dois meses para ser votada. Clique aqui para saber mais.","robots":{"index":"index","follow":"follow","max-snippet":"max-snippet:-1","max-image-preview":"max-image-preview:large","max-video-preview":"max-video-preview:-1"},"canonical":"https:\/\/www.suno.com.br\/noticias\/previdencia-dois-meses-senado\/","og_locale":"pt_BR","og_type":"article","og_title":"Previd\u00eancia demorar\u00e1 dois meses no Senado, diz presidente da CCJ","og_description":"A presidente da CCJ do Senado declarou que a reforma da Previd\u00eancia demorar\u00e1 dois meses para ser votada. Clique aqui para saber mais.","og_url":"https:\/\/www.suno.com.br\/noticias\/previdencia-dois-meses-senado\/","og_site_name":"Suno Not\u00edcias","article_publisher":"https:\/\/facebook.com\/sunoresearch","og_image":[{"width":2760,"height":1837,"url":"https:\/\/files.sunoresearch.com.br\/n\/uploads\/2019\/04\/63c1db04-c\u00e2mara-dos-deputados.jpg","type":"image\/jpeg"}],"author":"Carlo Cauti","twitter_card":"summary_large_image","twitter_creator":"@sunoresearch","twitter_site":"@sunoresearch","twitter_misc":{"Escrito por":"Carlo Cauti","Est. tempo de leitura":"2 minutos"},"schema":{"@context":"https:\/\/schema.org","@graph":[{"@type":"NewsArticle","@id":"https:\/\/www.suno.com.br\/noticias\/previdencia-dois-meses-senado\/#article","isPartOf":{"@id":"https:\/\/www.suno.com.br\/noticias\/previdencia-dois-meses-senado\/"},"author":{"name":"Carlo Cauti","@id":"https:\/\/www.suno.com.br\/noticias\/#\/schema\/person\/e6e0f723cc177805027f4566c1d5e0c8"},"headline":"Previd\u00eancia demorar\u00e1 dois meses no Senado, diz presidente da CCJ","datePublished":"2019-07-15T21:43:33+00:00","mainEntityOfPage":{"@id":"https:\/\/www.suno.com.br\/noticias\/previdencia-dois-meses-senado\/"},"wordCount":495,"publisher":{"@id":"https:\/\/www.suno.com.br\/noticias\/#organization"},"image":{"@id":"https:\/\/www.suno.com.br\/noticias\/previdencia-dois-meses-senado\/#primaryimage"},"thumbnailUrl":"https:\/\/files.sunoresearch.com.br\/n\/uploads\/2019\/04\/63c1db04-c\u00e2mara-dos-deputados-scaled.webp","keywords":["Reforma da Previd\u00eancia","Senado Federal"],"articleSection":["Pol\u00edtica"],"inLanguage":"pt-BR"},{"@type":"WebPage","@id":"https:\/\/www.suno.com.br\/noticias\/previdencia-dois-meses-senado\/","url":"https:\/\/www.suno.com.br\/noticias\/previdencia-dois-meses-senado\/","name":"Previd\u00eancia demorar\u00e1 dois meses no Senado, diz presidente da CCJ","isPartOf":{"@id":"https:\/\/www.suno.com.br\/noticias\/#website"},"primaryImageOfPage":{"@id":"https:\/\/www.suno.com.br\/noticias\/previdencia-dois-meses-senado\/#primaryimage"},"image":{"@id":"https:\/\/www.suno.com.br\/noticias\/previdencia-dois-meses-senado\/#primaryimage"},"thumbnailUrl":"https:\/\/files.sunoresearch.com.br\/n\/uploads\/2019\/04\/63c1db04-c\u00e2mara-dos-deputados-scaled.webp","datePublished":"2019-07-15T21:43:33+00:00","description":"A presidente da CCJ do Senado declarou que a reforma da Previd\u00eancia demorar\u00e1 dois meses para ser votada. Clique aqui para saber mais.","breadcrumb":{"@id":"https:\/\/www.suno.com.br\/noticias\/previdencia-dois-meses-senado\/#breadcrumb"},"inLanguage":"pt-BR","potentialAction":[{"@type":"ReadAction","target":["https:\/\/www.suno.com.br\/noticias\/previdencia-dois-meses-senado\/"]}]},{"@type":"ImageObject","inLanguage":"pt-BR","@id":"https:\/\/www.suno.com.br\/noticias\/previdencia-dois-meses-senado\/#primaryimage","url":"https:\/\/files.sunoresearch.com.br\/n\/uploads\/2019\/04\/63c1db04-c\u00e2mara-dos-deputados-scaled.webp","contentUrl":"https:\/\/files.sunoresearch.com.br\/n\/uploads\/2019\/04\/63c1db04-c\u00e2mara-dos-deputados-scaled.webp","width":2560,"height":1704,"caption":"C\u00e2mara dos Deputados (foto: divulga\u00e7\u00e3o)"},{"@type":"BreadcrumbList","@id":"https:\/\/www.suno.com.br\/noticias\/previdencia-dois-meses-senado\/#breadcrumb","itemListElement":[{"@type":"ListItem","position":1,"name":"Not\u00edcias","item":"https:\/\/www.suno.com.br\/noticias\/"},{"@type":"ListItem","position":2,"name":"Pol\u00edtica","item":"https:\/\/www.suno.com.br\/noticias\/politica\/"},{"@type":"ListItem","position":3,"name":"Previd\u00eancia demorar\u00e1 dois meses no Senado, diz presidente da CCJ"}]},{"@type":"WebSite","@id":"https:\/\/www.suno.com.br\/noticias\/#website","url":"https:\/\/www.suno.com.br\/noticias\/","name":"Suno Not\u00edcias","description":"Seu portal de informa\u00e7\u00e3o sobre o mundo dos investimentos","publisher":{"@id":"https:\/\/www.suno.com.br\/noticias\/#organization"},"potentialAction":[{"@type":"SearchAction","target":{"@type":"EntryPoint","urlTemplate":"https:\/\/www.suno.com.br\/noticias\/?s={search_term_string}"},"query-input":{"@type":"PropertyValueSpecification","valueRequired":true,"valueName":"search_term_string"}}],"inLanguage":"pt-BR"},{"@type":"Organization","@id":"https:\/\/www.suno.com.br\/noticias\/#organization","name":"Suno Not\u00edcias","url":"https:\/\/www.suno.com.br\/noticias\/","logo":{"@type":"ImageObject","inLanguage":"pt-BR","@id":"https:\/\/www.suno.com.br\/noticias\/#\/schema\/logo\/image\/","url":"https:\/\/files.sunoresearch.com.br\/n\/uploads\/2021\/09\/suno-logo.png","contentUrl":"https:\/\/files.sunoresearch.com.br\/n\/uploads\/2021\/09\/suno-logo.png","width":180,"height":180,"caption":"Suno Not\u00edcias"},"image":{"@id":"https:\/\/www.suno.com.br\/noticias\/#\/schema\/logo\/image\/"},"sameAs":["https:\/\/facebook.com\/sunoresearch","https:\/\/x.com\/sunoresearch","https:\/\/www.instagram.com\/suno","https:\/\/www.linkedin.com\/company\/suno-research\/","https:\/\/www.youtube.com\/c\/sunoresearch"]},{"@type":"Person","@id":"https:\/\/www.suno.com.br\/noticias\/#\/schema\/person\/e6e0f723cc177805027f4566c1d5e0c8","name":"Carlo Cauti","image":{"@type":"ImageObject","inLanguage":"pt-BR","@id":"https:\/\/www.suno.com.br\/noticias\/#\/schema\/person\/image\/","url":"https:\/\/secure.gravatar.com\/avatar\/3ada9e0bd164c23abd4792a9606d583c?s=96&r=g","contentUrl":"https:\/\/secure.gravatar.com\/avatar\/3ada9e0bd164c23abd4792a9606d583c?s=96&r=g","caption":"Carlo Cauti"},"description":"Editor multim\u00eddia do SUNO Not\u00edcias. Italiano, formado em Ci\u00eancias Pol\u00edticas pela universidade LUISS G. Carli de Roma e mestre cum laude em Rela\u00e7\u00f5es Internacionais, Jornalismo Internacional e de Guerra e em Economia Internacional. Concluiu tamb\u00e9m um MBA em Finan\u00e7as na B3. No Brasil, teve passagem por ve\u00edculos como Estad\u00e3o, Globo, Veja e EXAME. e nas ag\u00eancias de not\u00edcias italianas ANSA e NOVA.","url":"https:\/\/www.suno.com.br\/noticias\/author\/carlo-cauti\/"}]}},"default_loop_html":"<div class=\"cardsPage__listCard__boxs\"><div class=\"cardsPage__listCard__boxs__img\"><a href=\"https:\/\/www.suno.com.br\/noticias\/previdencia-dois-meses-senado\/\"><img class=\"mask\" src=\"https:\/\/www.suno.com.br\/noticias\/wp-content\/themes\/suno\/resources\/images\/spotlight\/spotlight1img\/bg-mask.png\" alt=\"Image Mask\"\/><img src=\"https:\/\/files.sunoresearch.com.br\/n\/uploads\/2019\/04\/63c1db04-c\u00e2mara-dos-deputados-400x200.webp\" alt=\"Previd\u00eancia demorar\u00e1 dois meses no Senado, diz presidente da CCJ\"\/><\/a><span class=\"spotlightCategory\"><a href=\"https:\/\/www.suno.com.br\/noticias\/politica\/\">Pol\u00edtica<\/a><\/span><\/div><div class=\"cardsPage__listCard__boxs__content\"><a href=\"https:\/\/www.suno.com.br\/noticias\/previdencia-dois-meses-senado\/\"><h2 class=\"content__title\">Previd\u00eancia demorar\u00e1 dois meses no Senado, diz presidente da CCJ<\/h2><\/a><div class=\"newsContent__article__meta\"><div class=\"newsContent__article__meta__authorBox\"><a href=\"https:\/\/www.suno.com.br\/noticias\/author\/carlo-cauti\/\" class=\"authorBox__avatar noMobi\"><img src=\"https:\/\/files.sunoresearch.com.br\/n\/uploads\/2020\/08\/e3745f9a-perfil-carlo-cauti-150x150.webp\" alt=\"Carlo Cauti\"><\/a><div class=\"authorBox__name\"><span>por\n\t\t\t<a href=\"https:\/\/www.suno.com.br\/noticias\/author\/carlo-cauti\/\"><span itemprop=\"author\">Carlo Cauti<\/span><\/a><\/span><time datetime=\"2019-07-15T18:43:33-03:00\" itemprop=\"datePublished\">15\/07\/2019 18:43<\/time><\/div><\/div><\/div><\/div><\/div>","single_layout":"posts","amp_enabled":true,"_links":{"self":[{"href":"https:\/\/www.suno.com.br\/noticias\/wp-json\/wp\/v2\/posts\/31067"}],"collection":[{"href":"https:\/\/www.suno.com.br\/noticias\/wp-json\/wp\/v2\/posts"}],"about":[{"href":"https:\/\/www.suno.com.br\/noticias\/wp-json\/wp\/v2\/types\/post"}],"author":[{"embeddable":true,"href":"https:\/\/www.suno.com.br\/noticias\/wp-json\/wp\/v2\/users\/9"}],"replies":[{"embeddable":true,"href":"https:\/\/www.suno.com.br\/noticias\/wp-json\/wp\/v2\/comments?post=31067"}],"version-history":[{"count":0,"href":"https:\/\/www.suno.com.br\/noticias\/wp-json\/wp\/v2\/posts\/31067\/revisions"}],"wp:featuredmedia":[{"embeddable":true,"href":"https:\/\/www.suno.com.br\/noticias\/wp-json\/wp\/v2\/media\/20943"}],"wp:attachment":[{"href":"https:\/\/www.suno.com.br\/noticias\/wp-json\/wp\/v2\/media?parent=31067"}],"wp:term":[{"taxonomy":"category","embeddable":true,"href":"https:\/\/www.suno.com.br\/noticias\/wp-json\/wp\/v2\/categories?post=31067"},{"taxonomy":"post_tag","embeddable":true,"href":"https:\/\/www.suno.com.br\/noticias\/wp-json\/wp\/v2\/tags?post=31067"},{"taxonomy":"suno_strategy","embeddable":true,"href":"https:\/\/www.suno.com.br\/noticias\/wp-json\/wp\/v2\/suno_strategy?post=31067"}],"curies":[{"name":"wp","href":"https:\/\/api.w.org\/{rel}","templated":true}]}}