{"id":310558,"date":"2022-10-21T19:26:45","date_gmt":"2022-10-21T22:26:45","guid":{"rendered":"https:\/\/www.suno.com.br\/noticias\/?p=310558"},"modified":"2022-10-21T21:27:43","modified_gmt":"2022-10-22T00:27:43","slug":"minerva-beef3-alc-visao-analistas","status":"publish","type":"post","link":"https:\/\/www.suno.com.br\/noticias\/minerva-beef3-alc-visao-analistas\/","title":{"rendered":"Minerva (BEEF3): qual \u00e9 o impacto da compra do frigor\u00edfico na Austr\u00e1lia para a empresa?"},"content":{"rendered":"<p>Na noite da quinta-feira (20), foi divulgada a aquisi\u00e7\u00e3o pela <a class=\"suno-keyword\" href=\"https:\/\/www.suno.com.br\/acoes\/BEEF3\/\" target=\"_blank\" rel=\"noopener\" data-force=\"yes\" data-priority=\"2\"><strong>Minerva<\/strong> (BEEF3)<\/a> da Australian Lamb Company (ALC), maior frigor\u00edfico de cordeiros da Austr\u00e1lia, por R$ 1,3 bilh\u00e3o.<\/p>\t<div class=\"wrapper-featured-image\">\n\t\t<figure class=\"spotlightImg\">\n\n\t\t\t<picture>\n\t\t\t\t<source media=\"(max-width: 768px)\" srcset=\"https:\/\/files.sunoresearch.com.br\/n\/uploads\/2021\/06\/3c0ef391-minerva-e1623847534431-400x200.webp\">\n\t\t\t\t<img loading=\"lazy\" decoding=\"async\" class=\"newsContent__article__imgCapa lazyloadDisabled \" src=\"https:\/\/files.sunoresearch.com.br\/n\/uploads\/2021\/06\/3c0ef391-minerva-e1623847534431-800x450.webp\" width=\"800\" height=\"450\" alt=\"Minerva (BEEF3): qual \u00e9 o impacto da compra do frigor\u00edfico na Austr\u00e1lia para a empresa?\" fetchpriority=high \/>\n\t\t\t<\/picture>\n\n\t\t\t<figcaption class=\"wp-caption-text wp-caption-text--show\">Minerva (BEEF3) Foto: Reprodu\u00e7\u00e3o Facebook<\/figcaption>\n\t\t<\/figure>\n\t<\/div>\n\n\n\t<p>\n\t\t<a href=\"\" target=\"_blank\" data-element=\"shortcode-suno-banner\" title=\"Banner SUNO, clique e saiba mais\">\n\t\t\t<picture>\n\t\t\t\t<source media=\"(max-width: 500px)\" srcset=\"\">\n\t\t\t\t<img class=\"newsContent__article__imgCapa newsContent__article__imgCapa--banner\"\n\t\t\t\t\tsrc=\"\"\n\t\t\t\t\tdata-promo-id=\"138420\"\t\t\t\t\t\t\t\t\t\t\t\t\t\t\talt=\"\"\n\t\t\t\t>\n\t\t\t<\/picture>\n\t\t<\/a>\n\t<\/p>\n\n\n<p>Repercutindo a not\u00edcia, as a\u00e7\u00f5es BEEF3 fecharam em alta de 1,27% nesta sexta-feira (21), cotadas a R$ 14,33.<\/p>\n<p>Os analistas da XP Investimentos viram a aquisi\u00e7\u00e3o como positiva, reiterando recomenda\u00e7\u00e3o de &#8220;compra&#8221; para as <strong>a\u00e7\u00f5es da Minerva. <\/strong>Dizem que a opera\u00e7\u00e3o pode impulsionar as <strong>margens da Minerva<\/strong>, pois os ganhos da ind\u00fastria de cordeiros s\u00e3o geralmente superiores \u00e0 m\u00e9dia da empresa.<\/p>\n<p>Al\u00e9m disso, os analistas da XP entendem que a plataforma de exporta\u00e7\u00e3o \u00fanica da Minerva pode alavancar os neg\u00f3cios da ALC.<\/p>\n<p>Outro fator importante \u00e9 a diversifica\u00e7\u00e3o geogr\u00e1fica para a Minerva em uma ind\u00fastria com forte demanda em regi\u00f5es que ainda apresentam forte crescimento populacional, diz a XP.<\/p>\n<p>&#8220;A <a class=\"suno-keyword\" href=\"https:\/\/www.suno.com.br\/artigos\/alavancagem-financeira\/\" target=\"_blank\" rel=\"noopener\" data-force=\"no\" data-priority=\"1\">alavancagem financeira<\/a> continua sendo um ponto de aten\u00e7\u00e3o em nossa vis\u00e3o, considerando o ambiente atual de taxas de juros mais altas, no entanto, a aquisi\u00e7\u00e3o n\u00e3o tem grandes impactos de acordo com nossas estimativas&#8221;, completam os analistas.<\/p>\n<p>Os analistas do BTG Pactual tamb\u00e9m gostaram da aquisi\u00e7\u00e3o, reiterando &#8220;compra&#8221; para as a\u00e7\u00f5es da Minerva, sua principal escolha no setor de alimentos e bebidas.<\/p>\n<p>Observam ainda que o <strong>mercado de cordeiro<\/strong> na Austr\u00e1lia, cujo spread de exporta\u00e7\u00e3o esteja cerca de 27% acima do hist\u00f3rico agora, e seu rebanho de ovelhas, deve crescer 8% ano a ano em 2022 e um adicional de 4% em 2023 para 78,7 milh\u00f5es de cabe\u00e7as.<\/p>\n\t<p>\n\t\t<a href=\"https:\/\/lp.suno.com.br\/planilha-controle-gastos\/\" target=\"_blank\" data-element=\"shortcode-suno-banner\" title=\"Banner SUNO, clique e saiba mais\">\n\t\t\t<picture>\n\t\t\t\t<source media=\"(max-width: 500px)\" srcset=\"https:\/\/files.sunoresearch.com.br\/n\/uploads\/2023\/03\/400x300-Planilha-controle-de-gastos.png\">\n\t\t\t\t<img class=\"newsContent__article__imgCapa newsContent__article__imgCapa--banner\"\n\t\t\t\t\tsrc=\"https:\/\/files.sunoresearch.com.br\/n\/uploads\/2023\/03\/1420x240-Planilha-controle-de-gastos.png\"\n\t\t\t\t\tdata-promo-id=\"101751\"\t\t\t\t\t\t\t\t\t\twidth='1420' height='240'\t\t\t\t\talt=\"https:\/\/files.sunoresearch.com.br\/n\/uploads\/2023\/03\/1420x240-Planilha-controle-de-gastos.png\"\n\t\t\t\t>\n\t\t\t<\/picture>\n\t\t<\/a>\n\t<\/p>\n\n\n<p>O BTG acredita que a Minerva tem a seu favor:<\/p>\n<ul>\n<li>A forte demanda e os pre\u00e7os da carne bovina no exterior;<\/li>\n<li>a queda dos pre\u00e7os do gado no Brasil em meio ao aumento da disponibilidade de gado alimentado neste e nos pr\u00f3ximos anos; e<\/li>\n<li>um valuation atraente em uma a\u00e7\u00e3o bastante pr\u00f3-c\u00edclica.<\/li>\n<\/ul>\n<p>O Goldman Sachs tomou uma postura mais cautelosa com a aquisi\u00e7\u00e3o. Embora veja m\u00e9rito estrat\u00e9gico na transa\u00e7\u00e3o, acredita que as preocupa\u00e7\u00f5es dos investidores em torno do pagamento de<strong> <a class=\"suno-keyword\" href=\"https:\/\/www.suno.com.br\/guias\/dividendos\/\" target=\"_blank\" rel=\"noopener\" data-force=\"no\" data-priority=\"1\">dividendos<\/a> da Minerva<\/strong> de 2022 podem aumentar e pressionar o pre\u00e7o das a\u00e7\u00f5es no <a class=\"suno-keyword\" href=\"https:\/\/www.suno.com.br\/artigos\/curto-prazo\/\" target=\"_blank\" rel=\"noopener\" data-force=\"no\" data-priority=\"1\">curto prazo<\/a>.<\/p>\n<p>Neste sentido, os analistas do Goldman Sachs te\u00eam recomenda\u00e7\u00e3o &#8220;neutra&#8221; para a Minerva. O Bank of America (BofA) manteve postura semelhante, avaliando que, apesar do impulso positivo dos ganhos, a valoriza\u00e7\u00e3o e a exposi\u00e7\u00e3o \u00e0 <strong>China<\/strong> podem pesar na Minerva.<\/p>\n<h2><strong>Recomenda\u00e7\u00f5es para Minerva ap\u00f3s a aquisi\u00e7\u00e3o:<\/strong><\/h2>\n<ul>\n<li>A XP recomenda &#8220;comprar&#8221;, com pre\u00e7o-alvo de R$ 19,10.<\/li>\n<li>O BTG Pactual recomenda &#8220;comprar&#8221;, com pre\u00e7o-alvo de R$ 21.<\/li>\n<li>O Goldman Sachs recomenda &#8220;neutro&#8221;, com pre\u00e7o-alvo de R$ 16.<\/li>\n<li>O BofA recomenda &#8220;neutro&#8221;, com pre\u00e7o-alvo de R$ 16.<\/li>\n<\/ul>\n<h2><strong>Detalhes da aquisi\u00e7\u00e3o<\/strong><\/h2>\n<p>A ALC ser\u00e1 adquirida por 400 milh\u00f5es de d\u00f3lares australianos, equivalentes a US$ 260 milh\u00f5es. pela Minerva, que colocar\u00e1 65% dos recursos na aquisi\u00e7\u00e3o.<\/p>\n<p>Segundo o jornal, a Minerva est\u00e1 realizando a aquisi\u00e7\u00e3o por meio da joint venture (JV) que possui com a Salic, fundo saudita que tamb\u00e9m \u00e9 o maior acionista da empresa de frigor\u00edficos e que colocar\u00e1 o restante dos recursos, de acordo com o Pipeline.<\/p>\n<p>A opera\u00e7\u00e3o deve agregar R$ 3 bilh\u00f5es em receita anualizada e cerca de R$ 350 milh\u00f5es no Ebitda (Lucros antes de juros, impostos, deprecia\u00e7\u00e3o e amortiza\u00e7\u00e3o) da Minerva.<\/p>\n<p>A Minerva j\u00e1 havia adquirido dois frigor\u00edficos de ovinos na Austr\u00e1lia, a Shark Lake e o Great Eastern Abattoir. As tr\u00eas aquisi\u00e7\u00f5es transformariam a empresa brasileira no maior neg\u00f3cio de cordeiros da Austr\u00e1lia, com 15% de market share da ind\u00fastria.<\/p>\n<p>As duas aquisi\u00e7\u00f5es anteriores tamb\u00e9m foram feitos por meio de uma JV entre a <strong>Minerva<\/strong> e a Salic.<\/p>\n\t<div data-element=\"shortcode-read-more\" class=\"knowMore\">\n\t\t\t\t<span class=\"knowMore__title\">Leia Mais<\/span>\n\t\t\t\t<a class=\"knowMore__link\" href=\"https:\/\/www.suno.com.br\/noticias\/minerva-beef3-compra-frigorifico-australia\/\">\n\t\t\tMinerva (BEEF3) compra maior frigor\u00edfico ovino da Austr\u00e1lia por R$ 1,3 bi, diz site\t\t<\/a>\n\t<\/div>\n\n\n\t<p>\n\t\t<a href=\"https:\/\/lp.suno.com.br\/planilha-da-vida-financeira\/\" target=\"_blank\" data-element=\"shortcode-suno-banner\" title=\"Banner SUNO, clique e saiba mais\">\n\t\t\t<picture>\n\t\t\t\t<source media=\"(max-width: 500px)\" srcset=\"https:\/\/files.sunoresearch.com.br\/n\/uploads\/2023\/04\/400x300-Planilha-vida-financeira-true.png\">\n\t\t\t\t<img class=\"newsContent__article__imgCapa newsContent__article__imgCapa--banner\"\n\t\t\t\t\tsrc=\"https:\/\/files.sunoresearch.com.br\/n\/uploads\/2023\/04\/1420x240-Planilha-vida-financeira-true.png\"\n\t\t\t\t\tdata-promo-id=\"106682\"\t\t\t\t\t\t\t\t\t\twidth='1420' height='240'\t\t\t\t\talt=\"https:\/\/files.sunoresearch.com.br\/n\/uploads\/2023\/04\/1420x240-Planilha-vida-financeira-true.png\"\n\t\t\t\t>\n\t\t\t<\/picture>\n\t\t<\/a>\n\t<\/p>\n\n\n","protected":false},"excerpt":{"rendered":"<p>Na noite da quinta-feira (20), foi divulgada a aquisi\u00e7\u00e3o pela Minerva (BEEF3) da Australian Lamb Company (ALC), maior frigor\u00edfico de cordeiros da Austr\u00e1lia, por R$ 1,3 bilh\u00e3o. Minerva (BEEF3) Foto: Reprodu\u00e7\u00e3o Facebook Repercutindo a not\u00edcia, as a\u00e7\u00f5es BEEF3 fecharam em alta de 1,27% nesta sexta-feira (21), cotadas a R$ 14,33. Os analistas da XP Investimentos [&hellip;]<\/p>\n","protected":false},"author":195,"featured_media":158438,"comment_status":"closed","ping_status":"closed","sticky":false,"template":"","format":"standard","meta":[],"categories":[64],"tags":[105816,563],"suno_strategy":[],"class_list":["post-310558","post","type-post","status-publish","format-standard","has-post-thumbnail","hentry","category-negocios","tag-especialistas","tag-minerva-beef11-beef3"],"yoast_head":"<!-- This site is optimized with the Yoast SEO plugin v24.4 - https:\/\/yoast.com\/wordpress\/plugins\/seo\/ -->\n<title>Minerva (BEEF3): qual \u00e9 o impacto da compra do frigor\u00edfico na Austr\u00e1lia?<\/title>\n<meta name=\"description\" content=\"Veja a vis\u00e3o de analistas sobre a nova aquisi\u00e7\u00e3o da Minerva (BEEF3) da Australian Lamb Company (ALC), por R$ 1,3 bilh\u00e3o.\" \/>\n<meta name=\"robots\" content=\"index, follow, max-snippet:-1, max-image-preview:large, max-video-preview:-1\" \/>\n<link rel=\"canonical\" href=\"https:\/\/www.suno.com.br\/noticias\/minerva-beef3-alc-visao-analistas\/\" \/>\n<meta property=\"og:locale\" content=\"pt_BR\" \/>\n<meta property=\"og:type\" content=\"article\" \/>\n<meta property=\"og:title\" content=\"Minerva (BEEF3): qual \u00e9 o impacto da compra do frigor\u00edfico na Austr\u00e1lia?\" \/>\n<meta property=\"og:description\" content=\"Veja a vis\u00e3o de analistas sobre a nova aquisi\u00e7\u00e3o da Minerva (BEEF3) da Australian Lamb Company (ALC), por R$ 1,3 bilh\u00e3o.\" \/>\n<meta property=\"og:url\" content=\"https:\/\/www.suno.com.br\/noticias\/minerva-beef3-alc-visao-analistas\/\" \/>\n<meta property=\"og:site_name\" content=\"Suno Not\u00edcias\" \/>\n<meta property=\"article:publisher\" content=\"https:\/\/facebook.com\/sunoresearch\" \/>\n<meta property=\"og:image\" content=\"https:\/\/files.sunoresearch.com.br\/n\/uploads\/2021\/06\/3c0ef391-minerva-e1623847534431.jpg\" \/>\n\t<meta property=\"og:image:width\" content=\"1200\" \/>\n\t<meta property=\"og:image:height\" content=\"804\" \/>\n\t<meta property=\"og:image:type\" content=\"image\/jpeg\" \/>\n<meta name=\"author\" content=\"Ana Clara Macedo\" \/>\n<meta name=\"twitter:card\" content=\"summary_large_image\" \/>\n<meta name=\"twitter:creator\" content=\"@sunoresearch\" \/>\n<meta name=\"twitter:site\" content=\"@sunoresearch\" \/>\n<meta name=\"twitter:label1\" content=\"Escrito por\" \/>\n\t<meta name=\"twitter:data1\" content=\"Ana Clara Macedo\" \/>\n\t<meta name=\"twitter:label2\" content=\"Est. tempo de leitura\" \/>\n\t<meta name=\"twitter:data2\" content=\"4 minutos\" \/>\n<script type=\"application\/ld+json\" class=\"yoast-schema-graph\">{\"@context\":\"https:\/\/schema.org\",\"@graph\":[{\"@type\":\"NewsArticle\",\"@id\":\"https:\/\/www.suno.com.br\/noticias\/minerva-beef3-alc-visao-analistas\/#article\",\"isPartOf\":{\"@id\":\"https:\/\/www.suno.com.br\/noticias\/minerva-beef3-alc-visao-analistas\/\"},\"author\":{\"name\":\"Ana Clara Macedo\",\"@id\":\"https:\/\/www.suno.com.br\/noticias\/#\/schema\/person\/a70f3c52ef8c814d62ed63b30bb30176\"},\"headline\":\"Minerva (BEEF3): qual \u00e9 o impacto da compra do frigor\u00edfico na Austr\u00e1lia para a empresa?\",\"datePublished\":\"2022-10-21T22:26:45+00:00\",\"dateModified\":\"2022-10-22T00:27:43+00:00\",\"mainEntityOfPage\":{\"@id\":\"https:\/\/www.suno.com.br\/noticias\/minerva-beef3-alc-visao-analistas\/\"},\"wordCount\":666,\"publisher\":{\"@id\":\"https:\/\/www.suno.com.br\/noticias\/#organization\"},\"image\":{\"@id\":\"https:\/\/www.suno.com.br\/noticias\/minerva-beef3-alc-visao-analistas\/#primaryimage\"},\"thumbnailUrl\":\"https:\/\/files.sunoresearch.com.br\/n\/uploads\/2021\/06\/3c0ef391-minerva-e1623847534431-jpg.webp\",\"keywords\":[\"Especialistas\",\"Minerva (BEEF11\/BEEF3)\"],\"articleSection\":[\"Neg\u00f3cios\"],\"inLanguage\":\"pt-BR\"},{\"@type\":\"WebPage\",\"@id\":\"https:\/\/www.suno.com.br\/noticias\/minerva-beef3-alc-visao-analistas\/\",\"url\":\"https:\/\/www.suno.com.br\/noticias\/minerva-beef3-alc-visao-analistas\/\",\"name\":\"Minerva (BEEF3): qual \u00e9 o impacto da compra do frigor\u00edfico na Austr\u00e1lia?\",\"isPartOf\":{\"@id\":\"https:\/\/www.suno.com.br\/noticias\/#website\"},\"primaryImageOfPage\":{\"@id\":\"https:\/\/www.suno.com.br\/noticias\/minerva-beef3-alc-visao-analistas\/#primaryimage\"},\"image\":{\"@id\":\"https:\/\/www.suno.com.br\/noticias\/minerva-beef3-alc-visao-analistas\/#primaryimage\"},\"thumbnailUrl\":\"https:\/\/files.sunoresearch.com.br\/n\/uploads\/2021\/06\/3c0ef391-minerva-e1623847534431-jpg.webp\",\"datePublished\":\"2022-10-21T22:26:45+00:00\",\"dateModified\":\"2022-10-22T00:27:43+00:00\",\"description\":\"Veja a vis\u00e3o de analistas sobre a nova aquisi\u00e7\u00e3o da Minerva (BEEF3) da Australian Lamb Company (ALC), por R$ 1,3 bilh\u00e3o.\",\"breadcrumb\":{\"@id\":\"https:\/\/www.suno.com.br\/noticias\/minerva-beef3-alc-visao-analistas\/#breadcrumb\"},\"inLanguage\":\"pt-BR\",\"potentialAction\":[{\"@type\":\"ReadAction\",\"target\":[\"https:\/\/www.suno.com.br\/noticias\/minerva-beef3-alc-visao-analistas\/\"]}]},{\"@type\":\"ImageObject\",\"inLanguage\":\"pt-BR\",\"@id\":\"https:\/\/www.suno.com.br\/noticias\/minerva-beef3-alc-visao-analistas\/#primaryimage\",\"url\":\"https:\/\/files.sunoresearch.com.br\/n\/uploads\/2021\/06\/3c0ef391-minerva-e1623847534431-jpg.webp\",\"contentUrl\":\"https:\/\/files.sunoresearch.com.br\/n\/uploads\/2021\/06\/3c0ef391-minerva-e1623847534431-jpg.webp\",\"width\":1200,\"height\":804,\"caption\":\"Minerva (BEEF3) Foto: Reprodu\u00e7\u00e3o Facebook\"},{\"@type\":\"BreadcrumbList\",\"@id\":\"https:\/\/www.suno.com.br\/noticias\/minerva-beef3-alc-visao-analistas\/#breadcrumb\",\"itemListElement\":[{\"@type\":\"ListItem\",\"position\":1,\"name\":\"Not\u00edcias\",\"item\":\"https:\/\/www.suno.com.br\/noticias\/\"},{\"@type\":\"ListItem\",\"position\":2,\"name\":\"Neg\u00f3cios\",\"item\":\"https:\/\/www.suno.com.br\/noticias\/negocios\/\"},{\"@type\":\"ListItem\",\"position\":3,\"name\":\"Minerva (BEEF3): qual \u00e9 o impacto da compra do frigor\u00edfico na Austr\u00e1lia para a empresa?\"}]},{\"@type\":\"WebSite\",\"@id\":\"https:\/\/www.suno.com.br\/noticias\/#website\",\"url\":\"https:\/\/www.suno.com.br\/noticias\/\",\"name\":\"Suno Not\u00edcias\",\"description\":\"Seu portal de informa\u00e7\u00e3o sobre o mundo dos investimentos\",\"publisher\":{\"@id\":\"https:\/\/www.suno.com.br\/noticias\/#organization\"},\"potentialAction\":[{\"@type\":\"SearchAction\",\"target\":{\"@type\":\"EntryPoint\",\"urlTemplate\":\"https:\/\/www.suno.com.br\/noticias\/?s={search_term_string}\"},\"query-input\":{\"@type\":\"PropertyValueSpecification\",\"valueRequired\":true,\"valueName\":\"search_term_string\"}}],\"inLanguage\":\"pt-BR\"},{\"@type\":\"Organization\",\"@id\":\"https:\/\/www.suno.com.br\/noticias\/#organization\",\"name\":\"Suno Not\u00edcias\",\"url\":\"https:\/\/www.suno.com.br\/noticias\/\",\"logo\":{\"@type\":\"ImageObject\",\"inLanguage\":\"pt-BR\",\"@id\":\"https:\/\/www.suno.com.br\/noticias\/#\/schema\/logo\/image\/\",\"url\":\"https:\/\/files.sunoresearch.com.br\/n\/uploads\/2021\/09\/suno-logo.png\",\"contentUrl\":\"https:\/\/files.sunoresearch.com.br\/n\/uploads\/2021\/09\/suno-logo.png\",\"width\":180,\"height\":180,\"caption\":\"Suno Not\u00edcias\"},\"image\":{\"@id\":\"https:\/\/www.suno.com.br\/noticias\/#\/schema\/logo\/image\/\"},\"sameAs\":[\"https:\/\/facebook.com\/sunoresearch\",\"https:\/\/x.com\/sunoresearch\",\"https:\/\/www.instagram.com\/suno\",\"https:\/\/www.linkedin.com\/company\/suno-research\/\",\"https:\/\/www.youtube.com\/c\/sunoresearch\"]},{\"@type\":\"Person\",\"@id\":\"https:\/\/www.suno.com.br\/noticias\/#\/schema\/person\/a70f3c52ef8c814d62ed63b30bb30176\",\"name\":\"Ana Clara Macedo\",\"image\":{\"@type\":\"ImageObject\",\"inLanguage\":\"pt-BR\",\"@id\":\"https:\/\/www.suno.com.br\/noticias\/#\/schema\/person\/image\/\",\"url\":\"https:\/\/secure.gravatar.com\/avatar\/40810da86786bd5619f8cd594b0f44ef?s=96&r=g\",\"contentUrl\":\"https:\/\/secure.gravatar.com\/avatar\/40810da86786bd5619f8cd594b0f44ef?s=96&r=g\",\"caption\":\"Ana Clara Macedo\"},\"description\":\"Rep\u00f3rter no Suno Not\u00edcias, cobrindo acontecimentos sobre neg\u00f3cios, mercado financeiro e economia. Anteriormente trabalhou como Rep\u00f3rter no Mercado News e produziu relat\u00f3rios e artigos sobre empresas de capital aberto.\",\"url\":\"https:\/\/www.suno.com.br\/noticias\/author\/ana-clara-macedo\/\"}]}<\/script>\n<!-- \/ Yoast SEO plugin. -->","yoast_head_json":{"title":"Minerva (BEEF3): qual \u00e9 o impacto da compra do frigor\u00edfico na Austr\u00e1lia?","description":"Veja a vis\u00e3o de analistas sobre a nova aquisi\u00e7\u00e3o da Minerva (BEEF3) da Australian Lamb Company (ALC), por R$ 1,3 bilh\u00e3o.","robots":{"index":"index","follow":"follow","max-snippet":"max-snippet:-1","max-image-preview":"max-image-preview:large","max-video-preview":"max-video-preview:-1"},"canonical":"https:\/\/www.suno.com.br\/noticias\/minerva-beef3-alc-visao-analistas\/","og_locale":"pt_BR","og_type":"article","og_title":"Minerva (BEEF3): qual \u00e9 o impacto da compra do frigor\u00edfico na Austr\u00e1lia?","og_description":"Veja a vis\u00e3o de analistas sobre a nova aquisi\u00e7\u00e3o da Minerva (BEEF3) da Australian Lamb Company (ALC), por R$ 1,3 bilh\u00e3o.","og_url":"https:\/\/www.suno.com.br\/noticias\/minerva-beef3-alc-visao-analistas\/","og_site_name":"Suno Not\u00edcias","article_publisher":"https:\/\/facebook.com\/sunoresearch","og_image":[{"width":1200,"height":804,"url":"https:\/\/files.sunoresearch.com.br\/n\/uploads\/2021\/06\/3c0ef391-minerva-e1623847534431.jpg","type":"image\/jpeg"}],"author":"Ana Clara Macedo","twitter_card":"summary_large_image","twitter_creator":"@sunoresearch","twitter_site":"@sunoresearch","twitter_misc":{"Escrito por":"Ana Clara Macedo","Est. tempo de leitura":"4 minutos"},"schema":{"@context":"https:\/\/schema.org","@graph":[{"@type":"NewsArticle","@id":"https:\/\/www.suno.com.br\/noticias\/minerva-beef3-alc-visao-analistas\/#article","isPartOf":{"@id":"https:\/\/www.suno.com.br\/noticias\/minerva-beef3-alc-visao-analistas\/"},"author":{"name":"Ana Clara Macedo","@id":"https:\/\/www.suno.com.br\/noticias\/#\/schema\/person\/a70f3c52ef8c814d62ed63b30bb30176"},"headline":"Minerva (BEEF3): qual \u00e9 o impacto da compra do frigor\u00edfico na Austr\u00e1lia para a empresa?","datePublished":"2022-10-21T22:26:45+00:00","dateModified":"2022-10-22T00:27:43+00:00","mainEntityOfPage":{"@id":"https:\/\/www.suno.com.br\/noticias\/minerva-beef3-alc-visao-analistas\/"},"wordCount":666,"publisher":{"@id":"https:\/\/www.suno.com.br\/noticias\/#organization"},"image":{"@id":"https:\/\/www.suno.com.br\/noticias\/minerva-beef3-alc-visao-analistas\/#primaryimage"},"thumbnailUrl":"https:\/\/files.sunoresearch.com.br\/n\/uploads\/2021\/06\/3c0ef391-minerva-e1623847534431-jpg.webp","keywords":["Especialistas","Minerva (BEEF11\/BEEF3)"],"articleSection":["Neg\u00f3cios"],"inLanguage":"pt-BR"},{"@type":"WebPage","@id":"https:\/\/www.suno.com.br\/noticias\/minerva-beef3-alc-visao-analistas\/","url":"https:\/\/www.suno.com.br\/noticias\/minerva-beef3-alc-visao-analistas\/","name":"Minerva (BEEF3): qual \u00e9 o impacto da compra do frigor\u00edfico na Austr\u00e1lia?","isPartOf":{"@id":"https:\/\/www.suno.com.br\/noticias\/#website"},"primaryImageOfPage":{"@id":"https:\/\/www.suno.com.br\/noticias\/minerva-beef3-alc-visao-analistas\/#primaryimage"},"image":{"@id":"https:\/\/www.suno.com.br\/noticias\/minerva-beef3-alc-visao-analistas\/#primaryimage"},"thumbnailUrl":"https:\/\/files.sunoresearch.com.br\/n\/uploads\/2021\/06\/3c0ef391-minerva-e1623847534431-jpg.webp","datePublished":"2022-10-21T22:26:45+00:00","dateModified":"2022-10-22T00:27:43+00:00","description":"Veja a vis\u00e3o de analistas sobre a nova aquisi\u00e7\u00e3o da Minerva (BEEF3) da Australian Lamb Company (ALC), por R$ 1,3 bilh\u00e3o.","breadcrumb":{"@id":"https:\/\/www.suno.com.br\/noticias\/minerva-beef3-alc-visao-analistas\/#breadcrumb"},"inLanguage":"pt-BR","potentialAction":[{"@type":"ReadAction","target":["https:\/\/www.suno.com.br\/noticias\/minerva-beef3-alc-visao-analistas\/"]}]},{"@type":"ImageObject","inLanguage":"pt-BR","@id":"https:\/\/www.suno.com.br\/noticias\/minerva-beef3-alc-visao-analistas\/#primaryimage","url":"https:\/\/files.sunoresearch.com.br\/n\/uploads\/2021\/06\/3c0ef391-minerva-e1623847534431-jpg.webp","contentUrl":"https:\/\/files.sunoresearch.com.br\/n\/uploads\/2021\/06\/3c0ef391-minerva-e1623847534431-jpg.webp","width":1200,"height":804,"caption":"Minerva (BEEF3) Foto: Reprodu\u00e7\u00e3o Facebook"},{"@type":"BreadcrumbList","@id":"https:\/\/www.suno.com.br\/noticias\/minerva-beef3-alc-visao-analistas\/#breadcrumb","itemListElement":[{"@type":"ListItem","position":1,"name":"Not\u00edcias","item":"https:\/\/www.suno.com.br\/noticias\/"},{"@type":"ListItem","position":2,"name":"Neg\u00f3cios","item":"https:\/\/www.suno.com.br\/noticias\/negocios\/"},{"@type":"ListItem","position":3,"name":"Minerva (BEEF3): qual \u00e9 o impacto da compra do frigor\u00edfico na Austr\u00e1lia para a empresa?"}]},{"@type":"WebSite","@id":"https:\/\/www.suno.com.br\/noticias\/#website","url":"https:\/\/www.suno.com.br\/noticias\/","name":"Suno Not\u00edcias","description":"Seu portal de informa\u00e7\u00e3o sobre o mundo dos investimentos","publisher":{"@id":"https:\/\/www.suno.com.br\/noticias\/#organization"},"potentialAction":[{"@type":"SearchAction","target":{"@type":"EntryPoint","urlTemplate":"https:\/\/www.suno.com.br\/noticias\/?s={search_term_string}"},"query-input":{"@type":"PropertyValueSpecification","valueRequired":true,"valueName":"search_term_string"}}],"inLanguage":"pt-BR"},{"@type":"Organization","@id":"https:\/\/www.suno.com.br\/noticias\/#organization","name":"Suno Not\u00edcias","url":"https:\/\/www.suno.com.br\/noticias\/","logo":{"@type":"ImageObject","inLanguage":"pt-BR","@id":"https:\/\/www.suno.com.br\/noticias\/#\/schema\/logo\/image\/","url":"https:\/\/files.sunoresearch.com.br\/n\/uploads\/2021\/09\/suno-logo.png","contentUrl":"https:\/\/files.sunoresearch.com.br\/n\/uploads\/2021\/09\/suno-logo.png","width":180,"height":180,"caption":"Suno Not\u00edcias"},"image":{"@id":"https:\/\/www.suno.com.br\/noticias\/#\/schema\/logo\/image\/"},"sameAs":["https:\/\/facebook.com\/sunoresearch","https:\/\/x.com\/sunoresearch","https:\/\/www.instagram.com\/suno","https:\/\/www.linkedin.com\/company\/suno-research\/","https:\/\/www.youtube.com\/c\/sunoresearch"]},{"@type":"Person","@id":"https:\/\/www.suno.com.br\/noticias\/#\/schema\/person\/a70f3c52ef8c814d62ed63b30bb30176","name":"Ana Clara Macedo","image":{"@type":"ImageObject","inLanguage":"pt-BR","@id":"https:\/\/www.suno.com.br\/noticias\/#\/schema\/person\/image\/","url":"https:\/\/secure.gravatar.com\/avatar\/40810da86786bd5619f8cd594b0f44ef?s=96&r=g","contentUrl":"https:\/\/secure.gravatar.com\/avatar\/40810da86786bd5619f8cd594b0f44ef?s=96&r=g","caption":"Ana Clara Macedo"},"description":"Rep\u00f3rter no Suno Not\u00edcias, cobrindo acontecimentos sobre neg\u00f3cios, mercado financeiro e economia. Anteriormente trabalhou como Rep\u00f3rter no Mercado News e produziu relat\u00f3rios e artigos sobre empresas de capital aberto.","url":"https:\/\/www.suno.com.br\/noticias\/author\/ana-clara-macedo\/"}]}},"default_loop_html":"<div class=\"cardsPage__listCard__boxs\"><div class=\"cardsPage__listCard__boxs__img\"><a href=\"https:\/\/www.suno.com.br\/noticias\/minerva-beef3-alc-visao-analistas\/\"><img class=\"mask\" src=\"https:\/\/www.suno.com.br\/noticias\/wp-content\/themes\/suno\/resources\/images\/spotlight\/spotlight1img\/bg-mask.png\" alt=\"Image Mask\"\/><img src=\"https:\/\/files.sunoresearch.com.br\/n\/uploads\/2021\/06\/3c0ef391-minerva-e1623847534431-400x200.webp\" alt=\"Minerva (BEEF3): qual \u00e9 o impacto da compra do frigor\u00edfico na Austr\u00e1lia para a empresa?\"\/><\/a><span class=\"spotlightCategory\"><a href=\"https:\/\/www.suno.com.br\/noticias\/negocios\/\">Neg\u00f3cios<\/a><\/span><\/div><div class=\"cardsPage__listCard__boxs__content\"><a href=\"https:\/\/www.suno.com.br\/noticias\/minerva-beef3-alc-visao-analistas\/\"><h2 class=\"content__title\">Minerva (BEEF3): qual \u00e9 o impacto da compra do frigor\u00edfico na Austr\u00e1lia para a empresa?<\/h2><\/a><div class=\"newsContent__article__meta\"><div class=\"newsContent__article__meta__authorBox\"><a href=\"https:\/\/www.suno.com.br\/noticias\/author\/ana-clara-macedo\/\" class=\"authorBox__avatar noMobi\"><img src=\"https:\/\/secure.gravatar.com\/avatar\/40810da86786bd5619f8cd594b0f44ef?s=96&#038;r=g\" alt=\"Ana Clara Macedo\"><\/a><div class=\"authorBox__name\"><span>por\n\t\t\t<a href=\"https:\/\/www.suno.com.br\/noticias\/author\/ana-clara-macedo\/\"><span itemprop=\"author\">Ana Clara Macedo<\/span><\/a><\/span><time datetime=\"2022-10-21T19:26:45-03:00\" itemprop=\"datePublished\">21\/10\/2022 19:26<\/time><\/div><\/div><\/div><\/div><\/div>","single_layout":"posts","amp_enabled":true,"_links":{"self":[{"href":"https:\/\/www.suno.com.br\/noticias\/wp-json\/wp\/v2\/posts\/310558"}],"collection":[{"href":"https:\/\/www.suno.com.br\/noticias\/wp-json\/wp\/v2\/posts"}],"about":[{"href":"https:\/\/www.suno.com.br\/noticias\/wp-json\/wp\/v2\/types\/post"}],"author":[{"embeddable":true,"href":"https:\/\/www.suno.com.br\/noticias\/wp-json\/wp\/v2\/users\/195"}],"replies":[{"embeddable":true,"href":"https:\/\/www.suno.com.br\/noticias\/wp-json\/wp\/v2\/comments?post=310558"}],"version-history":[{"count":3,"href":"https:\/\/www.suno.com.br\/noticias\/wp-json\/wp\/v2\/posts\/310558\/revisions"}],"predecessor-version":[{"id":310799,"href":"https:\/\/www.suno.com.br\/noticias\/wp-json\/wp\/v2\/posts\/310558\/revisions\/310799"}],"wp:featuredmedia":[{"embeddable":true,"href":"https:\/\/www.suno.com.br\/noticias\/wp-json\/wp\/v2\/media\/158438"}],"wp:attachment":[{"href":"https:\/\/www.suno.com.br\/noticias\/wp-json\/wp\/v2\/media?parent=310558"}],"wp:term":[{"taxonomy":"category","embeddable":true,"href":"https:\/\/www.suno.com.br\/noticias\/wp-json\/wp\/v2\/categories?post=310558"},{"taxonomy":"post_tag","embeddable":true,"href":"https:\/\/www.suno.com.br\/noticias\/wp-json\/wp\/v2\/tags?post=310558"},{"taxonomy":"suno_strategy","embeddable":true,"href":"https:\/\/www.suno.com.br\/noticias\/wp-json\/wp\/v2\/suno_strategy?post=310558"}],"curies":[{"name":"wp","href":"https:\/\/api.w.org\/{rel}","templated":true}]}}