{"id":310391,"date":"2022-10-21T08:51:27","date_gmt":"2022-10-21T11:51:27","guid":{"rendered":"https:\/\/www.suno.com.br\/noticias\/?p=310391"},"modified":"2022-10-21T08:53:51","modified_gmt":"2022-10-21T11:53:51","slug":"twitter-twtr34-deve-ter-corte-massivo-de-funcionarios-elon-musk-quer-demitir-75","status":"publish","type":"post","link":"https:\/\/www.suno.com.br\/noticias\/twitter-twtr34-deve-ter-corte-massivo-de-funcionarios-elon-musk-quer-demitir-75\/","title":{"rendered":"Twitter (TWTR34) deve ter corte massivo de funcion\u00e1rios; Elon Musk quer demitir 75%"},"content":{"rendered":"<p>O <strong>Twitter<\/strong> (<a class=\"suno-keyword\" href=\"https:\/\/www.suno.com.br\/bdrs\/twtr34\/\" target=\"_blank\" rel=\"noopener\" data-force=\"yes\" data-priority=\"2\">TWTR34<\/a>) deve passar por um corte dr\u00e1stico no seu quadro de funcion\u00e1rios, segundo documentos confidenciais e entrevistas feitas pelo jornal americano Washington Post. Segundo as informa\u00e7\u00f5es do ve\u00edculo, &#8216;independentemente de quem for o controlador da companhia&#8217;.<\/p><div class=\"videoFull \">\n\t\t\t<div class=\"videoWrapper yt-lazyload center\"\n\t\t\t\tdata-width=\"960\"\n\t\t\t\tdata-height=\"540\"\n\t\t\t\tdata-id=\"H5xWrPJj7CA\"\n\t\t\t\tdata-alt=\"V\u00eddeo do YouTube - clique para reproduzir\"\n\t\t\t\tdata-logo=\"3\"\n\t\t\t\tdata-imagequality=\"maxres\">\n\t\t\t<\/div>\n\t\t<\/div><script type=\"application\/ld+json\">{\"@context\":\"https:\/\/schema.org\",\"@type\":\"VideoObject\",\"name\":\"Elon Musk volta atr\u00e1s e aceita comprar Twitter #TWTR34 pelo pre\u00e7o original\",\"description\":\"#Not\u00edciasdoDia #Not\u00edcias \ud835\udc08\ud835\udc0d\ud835\udc12\ud835\udc02\ud835\udc11\ud835\udc04\ud835\udc15\ud835\udc00-\ud835\udc12\ud835\udc04 \ud835\udc0d\ud835\udc0e \ud835\udc02\ud835\udc00\ud835\udc0d\ud835\udc00\ud835\udc0b \ud835\udc04 \ud835\udc00\ud835\udc13\ud835\udc08\ud835\udc15\ud835\udc04 \ud835\udc0e \ud835\udc12\ud835\udc08\ud835\udc0d\ud835\udc0e \ud83d\udc47 https:\/\/bit.ly\/INSCREVA-SEATIVEOSINO \ud83d\udcda \ud83d\udcb8\ud835\udc02\ud835\udc28\ud835\udc27\ud835\udc2c\ud835\udc2d\ud835\udc2b\ud835\udc2e\ud835\udc1a \ud835\udc2e\ud835\udc26\ud835\udc1a \ud835\udc1c\ud835\udc1a\ud835\udc2b\ud835\udc2d\ud835\udc1e\ud835\udc22\ud835\udc2b\ud835\udc1a \ud835\udc1c\ud835\udc1a\ud835\udc26\ud835\udc29\ud835\udc1e\u00e3 \ud835\udc2e\ud835\udc2c\ud835\udc1a\ud835\udc27\ud835\udc1d\ud835\udc28 \ud835\udc1a\ud835\udc2c \ud835\udc2d\u00e1\ud835\udc2d\ud835\udc22\ud835\udc1c\ud835\udc1a\ud835\udc2c \ud835\udc1d\ud835\udc1a \ud835\udc12\ud835\udc2e\ud835\udc27\ud835\udc28 \ud835\udc1e \ud835\udc2d\ud835\udc1e\ud835\udc27\ud835\udc21\ud835\udc1a \ud835\udc2b\ud835\udc1e\ud835\udc2c\ud835\udc2e\ud835\udc25\ud835\udc2d\ud835\udc1a\ud835\udc1d\ud835\udc28\ud835\udc2c \ud835\udc1a\ud835\udc1c\ud835\udc22\ud835\udc26\ud835\udc1a \ud835\udc1d\ud835\udc1a \ud835\udc26\u00e9\ud835\udc1d\ud835\udc22\ud835\udc1a. \ud835\udc00 \ud835\udc01\ud835\udc25\ud835\udc1a\ud835\udc1c\ud835\udc24 \ud835\udc05\ud835\udc2b\ud835\udc22\ud835\udc1d\ud835\udc1a\ud835\udc32 \ud835\udc1e\ud835\udc2c\ud835\udc2d\u00e1 \ud835\udc1c\ud835\udc21\ud835\udc1e\ud835\udc20\ud835\udc1a\ud835\udc27\ud835\udc1d\ud835\udc28 \ud835\udc1e \ud835\udc2f\ud835\udc28\ud835\udc1c\u00ea \ud835\udc29\ud835\udc2b\ud835\udc1e\ud835\udc1c\ud835\udc22\ud835\udc2c\ud835\udc1a \ud835\udc1e\ud835\udc2c\ud835\udc2d\ud835\udc1a\ud835\udc2b \ud835\udc29\ud835\udc2b\ud835\udc1e\ud835\udc29\ud835\udc1a\ud835\udc2b\ud835\udc1a\ud835\udc1d\ud835\udc28 \ud835\udc29\ud835\udc1a\ud835\udc2b\ud835\udc1a \ud835\udc1a\ud835\udc29\ud835\udc2b\ud835\udc28\ud835\udc2f\ud835\udc1e\ud835\udc22\ud835\udc2d\ud835\udc1a\ud835\udc2b \ud835\udc1a\ud835\udc2c \ud835\udc26\ud835\udc1e\ud835\udc25\ud835\udc21\ud835\udc28\ud835\udc2b\ud835\udc1e\ud835\udc2c \ud835\udc28\ud835\udc1f\ud835\udc1e\ud835\udc2b\ud835\udc2d\ud835\udc1a\ud835\udc2c \ud835\udc1d\ud835\udc1a \ud835\udc12\ud835\udc2e\ud835\udc27\ud835\udc28 \ud835\udc27\ud835\udc28 \ud835\udc1a\ud835\udc27\ud835\udc28. \ud835\udc02\ud835\udc25\ud835\udc22\ud835\udc2a\ud835\udc2e\ud835\udc1e \ud835\udc27\ud835\udc28 \ud835\udc25\ud835\udc22\ud835\udc27\ud835\udc24 https:\/\/bit.ly\/3SHe5k6 As a\u00e7\u00f5es do Twitter #TWTR34\u2026\",\"duration\":\"PT1M57S\",\"embedUrl\":\"https:\/\/www.youtube.com\/embed\/H5xWrPJj7CA\",\"regionsAllowed\":\"pt-BR\",\"interactionStatistic\":{\"@type\":\"InteractionCounter\",\"interactionType\":{\"@type\":\"WatchAction\"},\"userInteractionCount\":217},\"thumbnailUrl\":\"https:\/\/i.ytimg.com\/vi\/H5xWrPJj7CA\/default.jpg\",\"uploadDate\":\"2022-10-05T19:00:05Z\"}<\/script>\n\n\t<p>\n\t\t<a href=\"\" target=\"_blank\" data-element=\"shortcode-suno-banner\" title=\"Banner SUNO, clique e saiba mais\">\n\t\t\t<picture>\n\t\t\t\t<source media=\"(max-width: 500px)\" srcset=\"\">\n\t\t\t\t<img class=\"newsContent__article__imgCapa newsContent__article__imgCapa--banner\"\n\t\t\t\t\tsrc=\"\"\n\t\t\t\t\tdata-promo-id=\"138420\"\t\t\t\t\t\t\t\t\t\t\t\t\t\t\talt=\"\"\n\t\t\t\t>\n\t\t\t<\/picture>\n\t\t<\/a>\n\t<\/p>\n\n\n<p>As informa\u00e7\u00f5es v\u00eam em meio \u00e0 transa\u00e7\u00e3o de <strong>compra do Twitter<\/strong> pelo bilion\u00e1rio e CEO da Tesla (<a class=\"suno-keyword\" href=\"https:\/\/www.suno.com.br\/bdrs\/tsla34\/\" target=\"_blank\" rel=\"noopener\" data-force=\"yes\" data-priority=\"2\">TSLA34<\/a>), Elon Musk. O empres\u00e1rio disse a investidores que planeja fazer um corte no n\u00famero de funcion\u00e1rios do Twitter caso conclua a compra da rede social.<\/p>\n<p>Os planos de Musk s\u00e3o de cortar cerca de <a href=\"https:\/\/www.suno.com.br\/artigos\/folha-de-pagamento\/\">75% dos funcion\u00e1rios da rede social<\/a>, reduzindo a for\u00e7a de trabalho de 7,5 mil colaboradores para 2 mil.<\/p>\n<p>Contudo, documentos obtidos pelo Post apontam que a rede social j\u00e1 planeja, independentemente da transa\u00e7\u00e3o, realizar um corte de US$ 800 milh\u00f5es na sua folha de pagamento &#8211; o que poderia representar um corte menor, de cerca de 25% dos\u00a0<strong>funcion\u00e1rios do Twitter<\/strong>, conforme documentos e fontes an\u00f4nimas familiarizadas com o tema.<\/p>\n\n\t<div data-element=\"shortcode-read-more\" class=\"readToo\">\n\t\t\t\t<span class=\"readToo__title\">Leia mais<\/span>\n\t\t\t\t<ul class=\"readToo__list\">\n\t\t\t<li><a href=\"https:\/\/www.suno.com.br\/noticias\/elon-musk-twiter-twtr34-compra-muito-caro\/\">Elon Musk diz que est\u00e1 pagando &#8216;muito caro&#8217; pelo Twitter (TWTR34) no curto prazo<\/a><\/li><li><a href=\"https:\/\/www.suno.com.br\/noticias\/twitter-twtr34-carl-icahn-elon-musk\/\">Twitter (TWTR34): investidor ganha R$ 1,3 bilh\u00e3o com &#8216;mudan\u00e7a de planos&#8217; de Elon Musk<\/a><\/li><li><a href=\"https:\/\/www.suno.com.br\/noticias\/elon-musk-julgamento-postergado-compra-twitter-twtr34\/\">Elon Musk: Julgamento \u00e9 &#8216;atrasado&#8217; e compra do Twitter (TWTR34) ser\u00e1 decidida at\u00e9 o fim de outubro<\/a><\/li>\t\t<\/ul>\n\t<\/div>\n\n\n<p>Al\u00e9m disso, a companhia planeja um\u00a0<a href=\"https:\/\/www.suno.com.br\/artigos\/custos-contabeis\/\"><strong>corte de custos<\/strong><\/a> que envolveria a infraestrutura da rede social, incluindo data centers.<\/p>\n<p>Caso <strong>Elon Musk<\/strong>, de fato, feche a compra do Twitter, o corte seria para &#8216;desinchar&#8217; a empresa, que estaria com um excesso de funcion\u00e1rios, segundo o empres\u00e1rio.<\/p>\n<p>Na vis\u00e3o do <a href=\"https:\/\/www.suno.com.br\/artigos\/ceo\/\">CEO da Tesla<\/a>, o caminho seria demitir os funcion\u00e1rios com a menor performance e trabalhar para monetizar a companhia &#8211; algo que ele j\u00e1 havia dito em ocasi\u00f5es anteriores.<\/p>\n<p>Musk planeja, assim, dobrar a receita em tr\u00eas anos, triplicando o n\u00famero de usu\u00e1rios monetiz\u00e1veis. Os documentos obtidos pelo Washington Post, contudo, n\u00e3o revelam detalhes sobre como essas metas seriam alcan\u00e7adas.<\/p>\n\t<p>\n\t\t<a href=\"https:\/\/lp.suno.com.br\/planilha-controle-gastos\/\" target=\"_blank\" data-element=\"shortcode-suno-banner\" title=\"Banner SUNO, clique e saiba mais\">\n\t\t\t<picture>\n\t\t\t\t<source media=\"(max-width: 500px)\" srcset=\"https:\/\/files.sunoresearch.com.br\/n\/uploads\/2023\/03\/400x300-Planilha-controle-de-gastos.png\">\n\t\t\t\t<img class=\"newsContent__article__imgCapa newsContent__article__imgCapa--banner\"\n\t\t\t\t\tsrc=\"https:\/\/files.sunoresearch.com.br\/n\/uploads\/2023\/03\/1420x240-Planilha-controle-de-gastos.png\"\n\t\t\t\t\tdata-promo-id=\"101751\"\t\t\t\t\t\t\t\t\t\twidth='1420' height='240'\t\t\t\t\talt=\"https:\/\/files.sunoresearch.com.br\/n\/uploads\/2023\/03\/1420x240-Planilha-controle-de-gastos.png\"\n\t\t\t\t>\n\t\t\t<\/picture>\n\t\t<\/a>\n\t<\/p>\n\n\n<h2>Em que p\u00e9 est\u00e1 a compra do Twitter por Elon Musk<\/h2>\n<p><a href=\"https:\/\/www.suno.com.br\/noticias\/elon-musk-julgamento-postergado-compra-twitter-twtr34\/\">Atualmente o empres\u00e1rio negocia a compra da rede social por US$ 44 bilh\u00f5es<\/a>. As duas partes iriam aos tribunais ainda no in\u00edcio deste m\u00eas.<\/p>\n<p>Uma ju\u00edza de Delaware, contudo, postergou os prazos para que um acordo fosse feito sem o embate judicial.\u00a0Segundo o cronograma atual, Musk tem at\u00e9 o dia 28 de outubro para fechar um acordo.<\/p>\n<p><a href=\"https:\/\/courts.delaware.gov\/\">A <strong>ju\u00edza<\/strong>, Kathaleen McCormick<\/a>, disse que se o acordo n\u00e3o for fechado at\u00e9 essa data, as partes devem entrar em contato com ela para agendar um julgamento em novembro.<\/p>\n<p>Anteriormente ela j\u00e1 havia negado tentativas de Musk de <a href=\"https:\/\/www.suno.com.br\/noticias\/elon-musk-twitter-twtr34-julgamento-rapido\/\">adiar o julgamento<\/a> e o acelerou a pedido do <strong>Twitter<\/strong>.<\/p>\n\t<p>\n\t\t<a href=\"https:\/\/lp.suno.com.br\/planilha-da-vida-financeira\/\" target=\"_blank\" data-element=\"shortcode-suno-banner\" title=\"Banner SUNO, clique e saiba mais\">\n\t\t\t<picture>\n\t\t\t\t<source media=\"(max-width: 500px)\" srcset=\"https:\/\/files.sunoresearch.com.br\/n\/uploads\/2023\/04\/400x300-Planilha-vida-financeira-true.png\">\n\t\t\t\t<img class=\"newsContent__article__imgCapa newsContent__article__imgCapa--banner\"\n\t\t\t\t\tsrc=\"https:\/\/files.sunoresearch.com.br\/n\/uploads\/2023\/04\/1420x240-Planilha-vida-financeira-true.png\"\n\t\t\t\t\tdata-promo-id=\"106682\"\t\t\t\t\t\t\t\t\t\twidth='1420' height='240'\t\t\t\t\talt=\"https:\/\/files.sunoresearch.com.br\/n\/uploads\/2023\/04\/1420x240-Planilha-vida-financeira-true.png\"\n\t\t\t\t>\n\t\t\t<\/picture>\n\t\t<\/a>\n\t<\/p>\n\n\n","protected":false},"excerpt":{"rendered":"<p>O Twitter (TWTR34) deve passar por um corte dr\u00e1stico no seu quadro de funcion\u00e1rios, segundo documentos confidenciais e entrevistas feitas pelo jornal americano Washington Post. Segundo as informa\u00e7\u00f5es do ve\u00edculo, &#8216;independentemente de quem for o controlador da companhia&#8217;. As informa\u00e7\u00f5es v\u00eam em meio \u00e0 transa\u00e7\u00e3o de compra do Twitter pelo bilion\u00e1rio e CEO da Tesla [&hellip;]<\/p>\n","protected":false},"author":73,"featured_media":143631,"comment_status":"closed","ping_status":"closed","sticky":false,"template":"","format":"standard","meta":[],"categories":[64],"tags":[726,1110],"suno_strategy":[],"class_list":["post-310391","post","type-post","status-publish","format-standard","has-post-thumbnail","hentry","category-negocios","tag-elon-musk","tag-twitter-twtr34"],"yoast_head":"<!-- This site is optimized with the Yoast SEO plugin v24.4 - https:\/\/yoast.com\/wordpress\/plugins\/seo\/ -->\n<title>Twitter (TWTR34) deve ter corte de at\u00e9 75% dos funcion\u00e1rios; entenda<\/title>\n<meta name=\"robots\" content=\"index, follow, max-snippet:-1, max-image-preview:large, max-video-preview:-1\" \/>\n<link rel=\"canonical\" href=\"https:\/\/www.suno.com.br\/noticias\/twitter-twtr34-deve-ter-corte-massivo-de-funcionarios-elon-musk-quer-demitir-75\/\" \/>\n<meta property=\"og:locale\" content=\"pt_BR\" \/>\n<meta property=\"og:type\" content=\"article\" \/>\n<meta property=\"og:title\" content=\"Twitter (TWTR34) deve ter corte de at\u00e9 75% dos funcion\u00e1rios; entenda\" \/>\n<meta property=\"og:description\" content=\"O Twitter (TWTR34) deve passar por um corte dr\u00e1stico no seu quadro de funcion\u00e1rios, segundo documentos confidenciais e entrevistas feitas pelo jornal americano Washington Post. Segundo as informa\u00e7\u00f5es do ve\u00edculo, &#8216;independentemente de quem for o controlador da companhia&#8217;. As informa\u00e7\u00f5es v\u00eam em meio \u00e0 transa\u00e7\u00e3o de compra do Twitter pelo bilion\u00e1rio e CEO da Tesla [&hellip;]\" \/>\n<meta property=\"og:url\" content=\"https:\/\/www.suno.com.br\/noticias\/twitter-twtr34-deve-ter-corte-massivo-de-funcionarios-elon-musk-quer-demitir-75\/\" \/>\n<meta property=\"og:site_name\" content=\"Suno Not\u00edcias\" \/>\n<meta property=\"article:publisher\" content=\"https:\/\/facebook.com\/sunoresearch\" \/>\n<meta property=\"og:image\" content=\"https:\/\/files.sunoresearch.com.br\/n\/uploads\/2021\/04\/a51cf455-twitter-3319619_1280.jpg\" \/>\n\t<meta property=\"og:image:width\" content=\"1280\" \/>\n\t<meta property=\"og:image:height\" content=\"410\" \/>\n\t<meta property=\"og:image:type\" content=\"image\/jpeg\" \/>\n<meta name=\"author\" content=\"Eduardo Vargas\" \/>\n<meta name=\"twitter:card\" content=\"summary_large_image\" \/>\n<meta name=\"twitter:creator\" content=\"@sunoresearch\" \/>\n<meta name=\"twitter:site\" content=\"@sunoresearch\" \/>\n<meta name=\"twitter:label1\" content=\"Escrito por\" \/>\n\t<meta name=\"twitter:data1\" content=\"Eduardo Vargas\" \/>\n\t<meta name=\"twitter:label2\" content=\"Est. tempo de leitura\" \/>\n\t<meta name=\"twitter:data2\" content=\"3 minutos\" \/>\n<script type=\"application\/ld+json\" class=\"yoast-schema-graph\">{\"@context\":\"https:\/\/schema.org\",\"@graph\":[{\"@type\":\"NewsArticle\",\"@id\":\"https:\/\/www.suno.com.br\/noticias\/twitter-twtr34-deve-ter-corte-massivo-de-funcionarios-elon-musk-quer-demitir-75\/#article\",\"isPartOf\":{\"@id\":\"https:\/\/www.suno.com.br\/noticias\/twitter-twtr34-deve-ter-corte-massivo-de-funcionarios-elon-musk-quer-demitir-75\/\"},\"author\":{\"name\":\"Eduardo Vargas\",\"@id\":\"https:\/\/www.suno.com.br\/noticias\/#\/schema\/person\/7f4d362bf3518e76090143ae77bb49a5\"},\"headline\":\"Twitter (TWTR34) deve ter corte massivo de funcion\u00e1rios; Elon Musk quer demitir 75%\",\"datePublished\":\"2022-10-21T11:51:27+00:00\",\"dateModified\":\"2022-10-21T11:53:51+00:00\",\"mainEntityOfPage\":{\"@id\":\"https:\/\/www.suno.com.br\/noticias\/twitter-twtr34-deve-ter-corte-massivo-de-funcionarios-elon-musk-quer-demitir-75\/\"},\"wordCount\":444,\"publisher\":{\"@id\":\"https:\/\/www.suno.com.br\/noticias\/#organization\"},\"image\":{\"@id\":\"https:\/\/www.suno.com.br\/noticias\/twitter-twtr34-deve-ter-corte-massivo-de-funcionarios-elon-musk-quer-demitir-75\/#primaryimage\"},\"thumbnailUrl\":\"https:\/\/files.sunoresearch.com.br\/n\/uploads\/2021\/04\/a51cf455-twitter-3319619_1280-jpg.webp\",\"keywords\":[\"Elon Musk\",\"Twitter (TWTR34)\"],\"articleSection\":[\"Neg\u00f3cios\"],\"inLanguage\":\"pt-BR\"},{\"@type\":\"WebPage\",\"@id\":\"https:\/\/www.suno.com.br\/noticias\/twitter-twtr34-deve-ter-corte-massivo-de-funcionarios-elon-musk-quer-demitir-75\/\",\"url\":\"https:\/\/www.suno.com.br\/noticias\/twitter-twtr34-deve-ter-corte-massivo-de-funcionarios-elon-musk-quer-demitir-75\/\",\"name\":\"Twitter (TWTR34) deve ter corte de at\u00e9 75% dos funcion\u00e1rios; entenda\",\"isPartOf\":{\"@id\":\"https:\/\/www.suno.com.br\/noticias\/#website\"},\"primaryImageOfPage\":{\"@id\":\"https:\/\/www.suno.com.br\/noticias\/twitter-twtr34-deve-ter-corte-massivo-de-funcionarios-elon-musk-quer-demitir-75\/#primaryimage\"},\"image\":{\"@id\":\"https:\/\/www.suno.com.br\/noticias\/twitter-twtr34-deve-ter-corte-massivo-de-funcionarios-elon-musk-quer-demitir-75\/#primaryimage\"},\"thumbnailUrl\":\"https:\/\/files.sunoresearch.com.br\/n\/uploads\/2021\/04\/a51cf455-twitter-3319619_1280-jpg.webp\",\"datePublished\":\"2022-10-21T11:51:27+00:00\",\"dateModified\":\"2022-10-21T11:53:51+00:00\",\"breadcrumb\":{\"@id\":\"https:\/\/www.suno.com.br\/noticias\/twitter-twtr34-deve-ter-corte-massivo-de-funcionarios-elon-musk-quer-demitir-75\/#breadcrumb\"},\"inLanguage\":\"pt-BR\",\"potentialAction\":[{\"@type\":\"ReadAction\",\"target\":[\"https:\/\/www.suno.com.br\/noticias\/twitter-twtr34-deve-ter-corte-massivo-de-funcionarios-elon-musk-quer-demitir-75\/\"]}]},{\"@type\":\"ImageObject\",\"inLanguage\":\"pt-BR\",\"@id\":\"https:\/\/www.suno.com.br\/noticias\/twitter-twtr34-deve-ter-corte-massivo-de-funcionarios-elon-musk-quer-demitir-75\/#primaryimage\",\"url\":\"https:\/\/files.sunoresearch.com.br\/n\/uploads\/2021\/04\/a51cf455-twitter-3319619_1280-jpg.webp\",\"contentUrl\":\"https:\/\/files.sunoresearch.com.br\/n\/uploads\/2021\/04\/a51cf455-twitter-3319619_1280-jpg.webp\",\"width\":1280,\"height\":410,\"caption\":\"Twitter. Foto: Pixabay\"},{\"@type\":\"BreadcrumbList\",\"@id\":\"https:\/\/www.suno.com.br\/noticias\/twitter-twtr34-deve-ter-corte-massivo-de-funcionarios-elon-musk-quer-demitir-75\/#breadcrumb\",\"itemListElement\":[{\"@type\":\"ListItem\",\"position\":1,\"name\":\"Not\u00edcias\",\"item\":\"https:\/\/www.suno.com.br\/noticias\/\"},{\"@type\":\"ListItem\",\"position\":2,\"name\":\"Neg\u00f3cios\",\"item\":\"https:\/\/www.suno.com.br\/noticias\/negocios\/\"},{\"@type\":\"ListItem\",\"position\":3,\"name\":\"Twitter (TWTR34) deve ter corte massivo de funcion\u00e1rios; Elon Musk quer demitir 75%\"}]},{\"@type\":\"WebSite\",\"@id\":\"https:\/\/www.suno.com.br\/noticias\/#website\",\"url\":\"https:\/\/www.suno.com.br\/noticias\/\",\"name\":\"Suno Not\u00edcias\",\"description\":\"Seu portal de informa\u00e7\u00e3o sobre o mundo dos investimentos\",\"publisher\":{\"@id\":\"https:\/\/www.suno.com.br\/noticias\/#organization\"},\"potentialAction\":[{\"@type\":\"SearchAction\",\"target\":{\"@type\":\"EntryPoint\",\"urlTemplate\":\"https:\/\/www.suno.com.br\/noticias\/?s={search_term_string}\"},\"query-input\":{\"@type\":\"PropertyValueSpecification\",\"valueRequired\":true,\"valueName\":\"search_term_string\"}}],\"inLanguage\":\"pt-BR\"},{\"@type\":\"Organization\",\"@id\":\"https:\/\/www.suno.com.br\/noticias\/#organization\",\"name\":\"Suno Not\u00edcias\",\"url\":\"https:\/\/www.suno.com.br\/noticias\/\",\"logo\":{\"@type\":\"ImageObject\",\"inLanguage\":\"pt-BR\",\"@id\":\"https:\/\/www.suno.com.br\/noticias\/#\/schema\/logo\/image\/\",\"url\":\"https:\/\/files.sunoresearch.com.br\/n\/uploads\/2021\/09\/suno-logo.png\",\"contentUrl\":\"https:\/\/files.sunoresearch.com.br\/n\/uploads\/2021\/09\/suno-logo.png\",\"width\":180,\"height\":180,\"caption\":\"Suno Not\u00edcias\"},\"image\":{\"@id\":\"https:\/\/www.suno.com.br\/noticias\/#\/schema\/logo\/image\/\"},\"sameAs\":[\"https:\/\/facebook.com\/sunoresearch\",\"https:\/\/x.com\/sunoresearch\",\"https:\/\/www.instagram.com\/suno\",\"https:\/\/www.linkedin.com\/company\/suno-research\/\",\"https:\/\/www.youtube.com\/c\/sunoresearch\"]},{\"@type\":\"Person\",\"@id\":\"https:\/\/www.suno.com.br\/noticias\/#\/schema\/person\/7f4d362bf3518e76090143ae77bb49a5\",\"name\":\"Eduardo Vargas\",\"image\":{\"@type\":\"ImageObject\",\"inLanguage\":\"pt-BR\",\"@id\":\"https:\/\/www.suno.com.br\/noticias\/#\/schema\/person\/image\/\",\"url\":\"https:\/\/secure.gravatar.com\/avatar\/dac340933427a22924c9f99d1eb2e3f2?s=96&r=g\",\"contentUrl\":\"https:\/\/secure.gravatar.com\/avatar\/dac340933427a22924c9f99d1eb2e3f2?s=96&r=g\",\"caption\":\"Eduardo Vargas\"},\"description\":\"Jornalista formado pela UFSC, cobre macroeconomia, neg\u00f3cios e startups para o Suno Not\u00edcias, escrevendo principalmente not\u00edcias sobre o mercado financeiro e a bolsa de valores. No YouTube e no Instagram, \u00e9 respons\u00e1vel pela produ\u00e7\u00e3o de Reels e Shorts do Suno Not\u00edcias. Anteriormente, trabalhou cobrindo economia e cotidiano no ND+ e para o ND, maior jornal impresso de Santa Catarina. Cursou um semestre letivo de Estudos de M\u00eddia na Universidad de Buenos Aires.\",\"url\":\"https:\/\/www.suno.com.br\/noticias\/author\/eduardo-vargas\/\"}]}<\/script>\n<!-- \/ Yoast SEO plugin. -->","yoast_head_json":{"title":"Twitter (TWTR34) deve ter corte de at\u00e9 75% dos funcion\u00e1rios; entenda","robots":{"index":"index","follow":"follow","max-snippet":"max-snippet:-1","max-image-preview":"max-image-preview:large","max-video-preview":"max-video-preview:-1"},"canonical":"https:\/\/www.suno.com.br\/noticias\/twitter-twtr34-deve-ter-corte-massivo-de-funcionarios-elon-musk-quer-demitir-75\/","og_locale":"pt_BR","og_type":"article","og_title":"Twitter (TWTR34) deve ter corte de at\u00e9 75% dos funcion\u00e1rios; entenda","og_description":"O Twitter (TWTR34) deve passar por um corte dr\u00e1stico no seu quadro de funcion\u00e1rios, segundo documentos confidenciais e entrevistas feitas pelo jornal americano Washington Post. Segundo as informa\u00e7\u00f5es do ve\u00edculo, &#8216;independentemente de quem for o controlador da companhia&#8217;. As informa\u00e7\u00f5es v\u00eam em meio \u00e0 transa\u00e7\u00e3o de compra do Twitter pelo bilion\u00e1rio e CEO da Tesla [&hellip;]","og_url":"https:\/\/www.suno.com.br\/noticias\/twitter-twtr34-deve-ter-corte-massivo-de-funcionarios-elon-musk-quer-demitir-75\/","og_site_name":"Suno Not\u00edcias","article_publisher":"https:\/\/facebook.com\/sunoresearch","og_image":[{"width":1280,"height":410,"url":"https:\/\/files.sunoresearch.com.br\/n\/uploads\/2021\/04\/a51cf455-twitter-3319619_1280.jpg","type":"image\/jpeg"}],"author":"Eduardo Vargas","twitter_card":"summary_large_image","twitter_creator":"@sunoresearch","twitter_site":"@sunoresearch","twitter_misc":{"Escrito por":"Eduardo Vargas","Est. tempo de leitura":"3 minutos"},"schema":{"@context":"https:\/\/schema.org","@graph":[{"@type":"NewsArticle","@id":"https:\/\/www.suno.com.br\/noticias\/twitter-twtr34-deve-ter-corte-massivo-de-funcionarios-elon-musk-quer-demitir-75\/#article","isPartOf":{"@id":"https:\/\/www.suno.com.br\/noticias\/twitter-twtr34-deve-ter-corte-massivo-de-funcionarios-elon-musk-quer-demitir-75\/"},"author":{"name":"Eduardo Vargas","@id":"https:\/\/www.suno.com.br\/noticias\/#\/schema\/person\/7f4d362bf3518e76090143ae77bb49a5"},"headline":"Twitter (TWTR34) deve ter corte massivo de funcion\u00e1rios; Elon Musk quer demitir 75%","datePublished":"2022-10-21T11:51:27+00:00","dateModified":"2022-10-21T11:53:51+00:00","mainEntityOfPage":{"@id":"https:\/\/www.suno.com.br\/noticias\/twitter-twtr34-deve-ter-corte-massivo-de-funcionarios-elon-musk-quer-demitir-75\/"},"wordCount":444,"publisher":{"@id":"https:\/\/www.suno.com.br\/noticias\/#organization"},"image":{"@id":"https:\/\/www.suno.com.br\/noticias\/twitter-twtr34-deve-ter-corte-massivo-de-funcionarios-elon-musk-quer-demitir-75\/#primaryimage"},"thumbnailUrl":"https:\/\/files.sunoresearch.com.br\/n\/uploads\/2021\/04\/a51cf455-twitter-3319619_1280-jpg.webp","keywords":["Elon Musk","Twitter (TWTR34)"],"articleSection":["Neg\u00f3cios"],"inLanguage":"pt-BR"},{"@type":"WebPage","@id":"https:\/\/www.suno.com.br\/noticias\/twitter-twtr34-deve-ter-corte-massivo-de-funcionarios-elon-musk-quer-demitir-75\/","url":"https:\/\/www.suno.com.br\/noticias\/twitter-twtr34-deve-ter-corte-massivo-de-funcionarios-elon-musk-quer-demitir-75\/","name":"Twitter (TWTR34) deve ter corte de at\u00e9 75% dos funcion\u00e1rios; entenda","isPartOf":{"@id":"https:\/\/www.suno.com.br\/noticias\/#website"},"primaryImageOfPage":{"@id":"https:\/\/www.suno.com.br\/noticias\/twitter-twtr34-deve-ter-corte-massivo-de-funcionarios-elon-musk-quer-demitir-75\/#primaryimage"},"image":{"@id":"https:\/\/www.suno.com.br\/noticias\/twitter-twtr34-deve-ter-corte-massivo-de-funcionarios-elon-musk-quer-demitir-75\/#primaryimage"},"thumbnailUrl":"https:\/\/files.sunoresearch.com.br\/n\/uploads\/2021\/04\/a51cf455-twitter-3319619_1280-jpg.webp","datePublished":"2022-10-21T11:51:27+00:00","dateModified":"2022-10-21T11:53:51+00:00","breadcrumb":{"@id":"https:\/\/www.suno.com.br\/noticias\/twitter-twtr34-deve-ter-corte-massivo-de-funcionarios-elon-musk-quer-demitir-75\/#breadcrumb"},"inLanguage":"pt-BR","potentialAction":[{"@type":"ReadAction","target":["https:\/\/www.suno.com.br\/noticias\/twitter-twtr34-deve-ter-corte-massivo-de-funcionarios-elon-musk-quer-demitir-75\/"]}]},{"@type":"ImageObject","inLanguage":"pt-BR","@id":"https:\/\/www.suno.com.br\/noticias\/twitter-twtr34-deve-ter-corte-massivo-de-funcionarios-elon-musk-quer-demitir-75\/#primaryimage","url":"https:\/\/files.sunoresearch.com.br\/n\/uploads\/2021\/04\/a51cf455-twitter-3319619_1280-jpg.webp","contentUrl":"https:\/\/files.sunoresearch.com.br\/n\/uploads\/2021\/04\/a51cf455-twitter-3319619_1280-jpg.webp","width":1280,"height":410,"caption":"Twitter. Foto: Pixabay"},{"@type":"BreadcrumbList","@id":"https:\/\/www.suno.com.br\/noticias\/twitter-twtr34-deve-ter-corte-massivo-de-funcionarios-elon-musk-quer-demitir-75\/#breadcrumb","itemListElement":[{"@type":"ListItem","position":1,"name":"Not\u00edcias","item":"https:\/\/www.suno.com.br\/noticias\/"},{"@type":"ListItem","position":2,"name":"Neg\u00f3cios","item":"https:\/\/www.suno.com.br\/noticias\/negocios\/"},{"@type":"ListItem","position":3,"name":"Twitter (TWTR34) deve ter corte massivo de funcion\u00e1rios; Elon Musk quer demitir 75%"}]},{"@type":"WebSite","@id":"https:\/\/www.suno.com.br\/noticias\/#website","url":"https:\/\/www.suno.com.br\/noticias\/","name":"Suno Not\u00edcias","description":"Seu portal de informa\u00e7\u00e3o sobre o mundo dos investimentos","publisher":{"@id":"https:\/\/www.suno.com.br\/noticias\/#organization"},"potentialAction":[{"@type":"SearchAction","target":{"@type":"EntryPoint","urlTemplate":"https:\/\/www.suno.com.br\/noticias\/?s={search_term_string}"},"query-input":{"@type":"PropertyValueSpecification","valueRequired":true,"valueName":"search_term_string"}}],"inLanguage":"pt-BR"},{"@type":"Organization","@id":"https:\/\/www.suno.com.br\/noticias\/#organization","name":"Suno Not\u00edcias","url":"https:\/\/www.suno.com.br\/noticias\/","logo":{"@type":"ImageObject","inLanguage":"pt-BR","@id":"https:\/\/www.suno.com.br\/noticias\/#\/schema\/logo\/image\/","url":"https:\/\/files.sunoresearch.com.br\/n\/uploads\/2021\/09\/suno-logo.png","contentUrl":"https:\/\/files.sunoresearch.com.br\/n\/uploads\/2021\/09\/suno-logo.png","width":180,"height":180,"caption":"Suno Not\u00edcias"},"image":{"@id":"https:\/\/www.suno.com.br\/noticias\/#\/schema\/logo\/image\/"},"sameAs":["https:\/\/facebook.com\/sunoresearch","https:\/\/x.com\/sunoresearch","https:\/\/www.instagram.com\/suno","https:\/\/www.linkedin.com\/company\/suno-research\/","https:\/\/www.youtube.com\/c\/sunoresearch"]},{"@type":"Person","@id":"https:\/\/www.suno.com.br\/noticias\/#\/schema\/person\/7f4d362bf3518e76090143ae77bb49a5","name":"Eduardo Vargas","image":{"@type":"ImageObject","inLanguage":"pt-BR","@id":"https:\/\/www.suno.com.br\/noticias\/#\/schema\/person\/image\/","url":"https:\/\/secure.gravatar.com\/avatar\/dac340933427a22924c9f99d1eb2e3f2?s=96&r=g","contentUrl":"https:\/\/secure.gravatar.com\/avatar\/dac340933427a22924c9f99d1eb2e3f2?s=96&r=g","caption":"Eduardo Vargas"},"description":"Jornalista formado pela UFSC, cobre macroeconomia, neg\u00f3cios e startups para o Suno Not\u00edcias, escrevendo principalmente not\u00edcias sobre o mercado financeiro e a bolsa de valores. No YouTube e no Instagram, \u00e9 respons\u00e1vel pela produ\u00e7\u00e3o de Reels e Shorts do Suno Not\u00edcias. Anteriormente, trabalhou cobrindo economia e cotidiano no ND+ e para o ND, maior jornal impresso de Santa Catarina. Cursou um semestre letivo de Estudos de M\u00eddia na Universidad de Buenos Aires.","url":"https:\/\/www.suno.com.br\/noticias\/author\/eduardo-vargas\/"}]}},"default_loop_html":"<div class=\"cardsPage__listCard__boxs\"><div class=\"cardsPage__listCard__boxs__img\"><a href=\"https:\/\/www.suno.com.br\/noticias\/elon-musk-julgamento-postergado-compra-twitter-twtr34\/\"><img class=\"mask\" src=\"https:\/\/www.suno.com.br\/noticias\/wp-content\/themes\/suno\/resources\/images\/spotlight\/spotlight1img\/bg-mask.png\" alt=\"Image Mask\"\/><img src=\"https:\/\/files.sunoresearch.com.br\/n\/uploads\/2020\/08\/b60eb581-musk-400x200.webp\" alt=\"Elon Musk: Julgamento \u00e9 &#8216;atrasado&#8217; e compra do Twitter (TWTR34) ser\u00e1 decidida at\u00e9 o fim de outubro\"\/><\/a><span class=\"spotlightCategory\"><a href=\"https:\/\/www.suno.com.br\/noticias\/internacional\/\">Internacional<\/a><\/span><\/div><div class=\"cardsPage__listCard__boxs__content\"><a href=\"https:\/\/www.suno.com.br\/noticias\/elon-musk-julgamento-postergado-compra-twitter-twtr34\/\"><h2 class=\"content__title\">Elon Musk: Julgamento \u00e9 &#8216;atrasado&#8217; e compra do Twitter (TWTR34) ser\u00e1 decidida at\u00e9 o fim de outubro<\/h2><\/a><div class=\"newsContent__article__meta\"><div class=\"newsContent__article__meta__authorBox\"><a href=\"https:\/\/www.suno.com.br\/noticias\/author\/eduardo-vargas\/\" class=\"authorBox__avatar noMobi\"><img src=\"https:\/\/secure.gravatar.com\/avatar\/dac340933427a22924c9f99d1eb2e3f2?s=96&#038;r=g\" alt=\"Eduardo Vargas\"><\/a><div class=\"authorBox__name\"><span>por\n\t\t\t<a href=\"https:\/\/www.suno.com.br\/noticias\/author\/eduardo-vargas\/\"><span itemprop=\"author\">Eduardo Vargas<\/span><\/a><\/span><time datetime=\"2022-10-07T07:56:37-03:00\" itemprop=\"datePublished\">07\/10\/2022 07:56<\/time><\/div><\/div><\/div><\/div><\/div>","single_layout":"posts","amp_enabled":true,"_links":{"self":[{"href":"https:\/\/www.suno.com.br\/noticias\/wp-json\/wp\/v2\/posts\/310391"}],"collection":[{"href":"https:\/\/www.suno.com.br\/noticias\/wp-json\/wp\/v2\/posts"}],"about":[{"href":"https:\/\/www.suno.com.br\/noticias\/wp-json\/wp\/v2\/types\/post"}],"author":[{"embeddable":true,"href":"https:\/\/www.suno.com.br\/noticias\/wp-json\/wp\/v2\/users\/73"}],"replies":[{"embeddable":true,"href":"https:\/\/www.suno.com.br\/noticias\/wp-json\/wp\/v2\/comments?post=310391"}],"version-history":[{"count":2,"href":"https:\/\/www.suno.com.br\/noticias\/wp-json\/wp\/v2\/posts\/310391\/revisions"}],"predecessor-version":[{"id":310407,"href":"https:\/\/www.suno.com.br\/noticias\/wp-json\/wp\/v2\/posts\/310391\/revisions\/310407"}],"wp:featuredmedia":[{"embeddable":true,"href":"https:\/\/www.suno.com.br\/noticias\/wp-json\/wp\/v2\/media\/143631"}],"wp:attachment":[{"href":"https:\/\/www.suno.com.br\/noticias\/wp-json\/wp\/v2\/media?parent=310391"}],"wp:term":[{"taxonomy":"category","embeddable":true,"href":"https:\/\/www.suno.com.br\/noticias\/wp-json\/wp\/v2\/categories?post=310391"},{"taxonomy":"post_tag","embeddable":true,"href":"https:\/\/www.suno.com.br\/noticias\/wp-json\/wp\/v2\/tags?post=310391"},{"taxonomy":"suno_strategy","embeddable":true,"href":"https:\/\/www.suno.com.br\/noticias\/wp-json\/wp\/v2\/suno_strategy?post=310391"}],"curies":[{"name":"wp","href":"https:\/\/api.w.org\/{rel}","templated":true}]}}