{"id":310385,"date":"2022-10-21T07:40:47","date_gmt":"2022-10-21T10:40:47","guid":{"rendered":"https:\/\/www.suno.com.br\/noticias\/?p=310385"},"modified":"2022-10-21T07:40:47","modified_gmt":"2022-10-21T10:40:47","slug":"cosan-csan3-aquisicao-bilionaria-de-gestoras","status":"publish","type":"post","link":"https:\/\/www.suno.com.br\/noticias\/cosan-csan3-aquisicao-bilionaria-de-gestoras\/","title":{"rendered":"Cosan (CSAN3) conclui aquisi\u00e7\u00e3o bilion\u00e1ria de gestoras"},"content":{"rendered":"<p>A <a class=\"suno-keyword\" href=\"https:\/\/www.suno.com.br\/acoes\/CSAN3\/\" target=\"_blank\" rel=\"noopener\" data-force=\"yes\" data-priority=\"2\"><strong>Cosan<\/strong> (CSAN3)<\/a> concluiu a <a href=\"https:\/\/www.suno.com.br\/noticias\/cosan-csan3-gestoras-participacao\/\">aquisi\u00e7\u00e3o de participa\u00e7\u00e3o adicional na Tellus Brasil e na Janus Brasil<\/a>, gestoras de terras. Na quinta-feira (20) a companhia desembolsou R$ 202,9 milh\u00f5es no \u00e2mbito da aquisi\u00e7\u00e3o, sendo a primeira parcela.<\/p><div class=\"videoFull \">\n\t\t\t<div class=\"videoWrapper yt-lazyload center\"\n\t\t\t\tdata-width=\"960\"\n\t\t\t\tdata-height=\"540\"\n\t\t\t\tdata-id=\"XnqvHeAtNTk\"\n\t\t\t\tdata-alt=\"V\u00eddeo do YouTube - clique para reproduzir\"\n\t\t\t\tdata-logo=\"3\"\n\t\t\t\tdata-imagequality=\"maxres\">\n\t\t\t<\/div>\n\t\t<\/div><script type=\"application\/ld+json\">{\"@context\":\"https:\/\/schema.org\",\"@type\":\"VideoObject\",\"name\":\"CRISE NO REINO UNIDO | Musk quer demitir 75% do Twitter (TWTR34) | Estatais (PETR4, BBAS3) no radar\",\"description\":\"#morningcall #Not\u00edcias #reinounido #liztruss #elonmusk #twitter #twtr34 #petr4 #bbas3 #petrobras #elei\u00e7\u00f5es2022 #elei\u00e7\u00f5es #bolsonaro #lula #pauloguedes \ud835\udc08\ud835\udc0d\ud835\udc12\ud835\udc02\ud835\udc11\ud835\udc04\ud835\udc15\ud835\udc00-\ud835\udc12\ud835\udc04 \ud835\udc0d\ud835\udc0e \ud835\udc02\ud835\udc00\ud835\udc0d\ud835\udc00\ud835\udc0b \ud835\udc04 \ud835\udc00\ud835\udc13\ud835\udc08\ud835\udc15\ud835\udc04 \ud835\udc0e \ud835\udc12\ud835\udc08\ud835\udc0d\ud835\udc0e \ud83d\udc47 https:\/\/bit.ly\/INSCREVA-SEATIVEOSINO \ud83d\udcda \ud83d\udcb8\ud835\udc02\ud835\udc28\ud835\udc27\ud835\udc2c\ud835\udc2d\ud835\udc2b\ud835\udc2e\ud835\udc1a \ud835\udc2e\ud835\udc26\ud835\udc1a \ud835\udc1c\ud835\udc1a\ud835\udc2b\ud835\udc2d\ud835\udc1e\ud835\udc22\ud835\udc2b\ud835\udc1a \ud835\udc1c\ud835\udc1a\ud835\udc26\ud835\udc29\ud835\udc1e\u00e3 \ud835\udc2e\ud835\udc2c\ud835\udc1a\ud835\udc27\ud835\udc1d\ud835\udc28 \ud835\udc1a\ud835\udc2c \ud835\udc2d\u00e1\ud835\udc2d\ud835\udc22\ud835\udc1c\ud835\udc1a\ud835\udc2c \ud835\udc1d\ud835\udc1a \ud835\udc12\ud835\udc2e\ud835\udc27\ud835\udc28 \ud835\udc1e \ud835\udc2d\ud835\udc1e\ud835\udc27\ud835\udc21\ud835\udc1a \ud835\udc2b\ud835\udc1e\ud835\udc2c\ud835\udc2e\ud835\udc25\ud835\udc2d\ud835\udc1a\ud835\udc1d\ud835\udc28\ud835\udc2c \ud835\udc1a\ud835\udc1c\ud835\udc22\ud835\udc26\ud835\udc1a \ud835\udc1d\ud835\udc1a \ud835\udc26\u00e9\ud835\udc1d\ud835\udc22\ud835\udc1a. \ud835\udc00 \ud835\udc01\ud835\udc25\ud835\udc1a\ud835\udc1c\ud835\udc24 \ud835\udc05\ud835\udc2b\ud835\udc22\ud835\udc1d\ud835\udc1a\ud835\udc32 \ud835\udc1e\ud835\udc2c\ud835\udc2d\u00e1 \ud835\udc1c\ud835\udc21\ud835\udc1e\ud835\udc20\ud835\udc1a\ud835\udc27\ud835\udc1d\ud835\udc28 \ud835\udc1e \ud835\udc2f\ud835\udc28\ud835\udc1c\u00ea \ud835\udc29\ud835\udc2b\ud835\udc1e\ud835\udc1c\ud835\udc22\ud835\udc2c\ud835\udc1a \ud835\udc1e\ud835\udc2c\ud835\udc2d\ud835\udc1a\ud835\udc2b \ud835\udc29\ud835\udc2b\ud835\udc1e\ud835\udc29\ud835\udc1a\ud835\udc2b\ud835\udc1a\ud835\udc1d\ud835\udc28 \ud835\udc29\ud835\udc1a\ud835\udc2b\ud835\udc1a \ud835\udc1a\ud835\udc29\ud835\udc2b\ud835\udc28\ud835\udc2f\ud835\udc1e\ud835\udc22\ud835\udc2d\ud835\udc1a\ud835\udc2b \ud835\udc1a\ud835\udc2c \ud835\udc26\ud835\udc1e\ud835\udc25\ud835\udc21\ud835\udc28\ud835\udc2b\ud835\udc1e\ud835\udc2c \ud835\udc28\ud835\udc1f\ud835\udc1e\ud835\udc2b\ud835\udc2d\ud835\udc1a\ud835\udc2c\u2026\",\"duration\":\"PT33M16S\",\"embedUrl\":\"https:\/\/www.youtube.com\/embed\/XnqvHeAtNTk\",\"regionsAllowed\":\"pt-BR\",\"interactionStatistic\":{\"@type\":\"InteractionCounter\",\"interactionType\":{\"@type\":\"WatchAction\"},\"userInteractionCount\":1710},\"thumbnailUrl\":\"https:\/\/i.ytimg.com\/vi\/XnqvHeAtNTk\/default.jpg\",\"uploadDate\":\"2022-10-21T12:39:09Z\"}<\/script>\n\n\t<p>\n\t\t<a href=\"\" target=\"_blank\" data-element=\"shortcode-suno-banner\" title=\"Banner SUNO, clique e saiba mais\">\n\t\t\t<picture>\n\t\t\t\t<source media=\"(max-width: 500px)\" srcset=\"\">\n\t\t\t\t<img class=\"newsContent__article__imgCapa newsContent__article__imgCapa--banner\"\n\t\t\t\t\tsrc=\"\"\n\t\t\t\t\tdata-promo-id=\"138420\"\t\t\t\t\t\t\t\t\t\t\t\t\t\t\talt=\"\"\n\t\t\t\t>\n\t\t\t<\/picture>\n\t\t<\/a>\n\t<\/p>\n\n\n<p>Al\u00e9m disso, ser\u00e3o outras quatro parcelas pagas, fazendo com que a <strong>compra feita pela Cosan<\/strong> totalize R$ 1,007 bilh\u00e3o. O valor, conforme comunicado previamente em <a class=\"suno-keyword\" href=\"https:\/\/www.suno.com.br\/artigos\/fato-relevante\/\" target=\"_blank\" rel=\"noopener\" data-force=\"no\" data-priority=\"1\">fato relevante<\/a>, ser\u00e1 pago pela companhia at\u00e9 2026 em parcelas anuais corrigidas pela taxa Selic.<\/p>\n<p>&#8220;Tendo sido verificado o cumprimento das condi\u00e7\u00f5es precedentes estabelecidas nos contratos de compra e venda de a\u00e7\u00f5es<br \/>\n(\u201cSPAs\u201d), foi conclu\u00edda nesta data a opera\u00e7\u00e3o de aquisi\u00e7\u00e3o, pela Cosan, de participa\u00e7\u00e3o adicional na Tellus Brasil Participa\u00e7\u00f5es S.A. e na Janus Brasil Participa\u00e7\u00f5es S.A., bem como nas empresas que absorveram parte do patrim\u00f4nio l\u00edquido da Tellus cindido atrav\u00e9s de reorganiza\u00e7\u00e3o societ\u00e1ria aprovada ap\u00f3s a assinatura dos SPAs&#8221;, <a href=\"https:\/\/www.rad.cvm.gov.br\/ENET\/frmExibirArquivoIPEExterno.aspx?NumeroProtocoloEntrega=1023459\">consta no comunicado da companhia<\/a>.<\/p>\n<p>Ao anunciar a compra, h\u00e1 semanas atr\u00e1s, a Cosan destacou que se trata de uma transa\u00e7\u00e3o &#8216;alinhada com a estrat\u00e9gia de aloca\u00e7\u00e3o de capital&#8217; da empresa.<\/p>\n<p>&#8220;[A compra est\u00e1] refor\u00e7ando nossa atua\u00e7\u00e3o em ativos irreplic\u00e1veis com grande potencial de valor e em setores onde o Brasil tem <a class=\"suno-keyword\" href=\"https:\/\/www.suno.com.br\/artigos\/vantagem-competitiva\/\" target=\"_blank\" rel=\"noopener\" data-force=\"no\" data-priority=\"1\">vantagem competitiva<\/a>\u201d, disse a empresa.<\/p>\n<p>Em n\u00fameros, as gestoras investidas pela Cosan somam 431 propriedades rurais com uma \u00e1rea total de 242.336 hectares e 168.802 hectares \u00fateis dedicadas ao cultivo de cana, soja, algod\u00e3o, milho e outras commodities.<\/p>\n<p>Com a transa\u00e7\u00e3o, a Cosan segue como a controladora de ambas as empresas, pois trata-se da compra de uma participa\u00e7\u00e3o adicional.<\/p>\n\t<p>\n\t\t<a href=\"https:\/\/lp.suno.com.br\/planilha-controle-gastos\/\" target=\"_blank\" data-element=\"shortcode-suno-banner\" title=\"Banner SUNO, clique e saiba mais\">\n\t\t\t<picture>\n\t\t\t\t<source media=\"(max-width: 500px)\" srcset=\"https:\/\/files.sunoresearch.com.br\/n\/uploads\/2023\/03\/400x300-Planilha-controle-de-gastos.png\">\n\t\t\t\t<img class=\"newsContent__article__imgCapa newsContent__article__imgCapa--banner\"\n\t\t\t\t\tsrc=\"https:\/\/files.sunoresearch.com.br\/n\/uploads\/2023\/03\/1420x240-Planilha-controle-de-gastos.png\"\n\t\t\t\t\tdata-promo-id=\"101751\"\t\t\t\t\t\t\t\t\t\twidth='1420' height='240'\t\t\t\t\talt=\"https:\/\/files.sunoresearch.com.br\/n\/uploads\/2023\/03\/1420x240-Planilha-controle-de-gastos.png\"\n\t\t\t\t>\n\t\t\t<\/picture>\n\t\t<\/a>\n\t<\/p>\n\n\n<h2>Al\u00e9m das gestoras, Cosan comprou participa\u00e7\u00e3o na Vale<\/h2>\n<p>No in\u00edcio de outubro, al\u00e9m da compra bilion\u00e1ria destas gestoras,<a href=\"https:\/\/www.suno.com.br\/noticias\/cosan-csan3-compra-acoes-da-vale-vale3\/\"> a Cosan adquiriu cerca de 4,9% do capital social<\/a> da <a class=\"suno-keyword\" href=\"https:\/\/www.suno.com.br\/acoes\/VALE3\/\" target=\"_blank\" rel=\"noopener\" data-force=\"yes\" data-priority=\"2\">Vale (VALE3)<\/a>, a empresa de maior relev\u00e2ncia no Ibovespa.<\/p>\n<p>A compra foi feita por R$ 22 bilh\u00f5es e a empresa, na ocasi\u00e3o, j\u00e1 disse que pretende aumentar a sua participa\u00e7\u00e3o societ\u00e1ria.<\/p>\n<h3>Desempenho de CSAN3<\/h3>\n<p><a href=\"https:\/\/statusinvest.com.br\/acoes\/csan3\">As a\u00e7\u00f5es <strong>CSAN3<\/strong> <\/a>est\u00e3o cotadas a R$ 16,56, conforme pre\u00e7o de fechamento de quinta (20). Os pap\u00e9is somam queda de 9,7% no acumulado dos \u00faltimos 30 dias.<\/p>\n<p>J\u00e1 em 2022, a <strong>Cosan<\/strong> mostra uma queda de 21% nas suas a\u00e7\u00f5es.<\/p>\n\t<p>\n\t\t<a href=\"https:\/\/lp.suno.com.br\/planilha-da-vida-financeira\/\" target=\"_blank\" data-element=\"shortcode-suno-banner\" title=\"Banner SUNO, clique e saiba mais\">\n\t\t\t<picture>\n\t\t\t\t<source media=\"(max-width: 500px)\" srcset=\"https:\/\/files.sunoresearch.com.br\/n\/uploads\/2023\/04\/400x300-Planilha-vida-financeira-true.png\">\n\t\t\t\t<img class=\"newsContent__article__imgCapa newsContent__article__imgCapa--banner\"\n\t\t\t\t\tsrc=\"https:\/\/files.sunoresearch.com.br\/n\/uploads\/2023\/04\/1420x240-Planilha-vida-financeira-true.png\"\n\t\t\t\t\tdata-promo-id=\"106682\"\t\t\t\t\t\t\t\t\t\twidth='1420' height='240'\t\t\t\t\talt=\"https:\/\/files.sunoresearch.com.br\/n\/uploads\/2023\/04\/1420x240-Planilha-vida-financeira-true.png\"\n\t\t\t\t>\n\t\t\t<\/picture>\n\t\t<\/a>\n\t<\/p>\n\n\n","protected":false},"excerpt":{"rendered":"<p>A Cosan (CSAN3) concluiu a aquisi\u00e7\u00e3o de participa\u00e7\u00e3o adicional na Tellus Brasil e na Janus Brasil, gestoras de terras. Na quinta-feira (20) a companhia desembolsou R$ 202,9 milh\u00f5es no \u00e2mbito da aquisi\u00e7\u00e3o, sendo a primeira parcela. Al\u00e9m disso, ser\u00e3o outras quatro parcelas pagas, fazendo com que a compra feita pela Cosan totalize R$ 1,007 bilh\u00e3o. [&hellip;]<\/p>\n","protected":false},"author":73,"featured_media":109379,"comment_status":"closed","ping_status":"closed","sticky":false,"template":"","format":"standard","meta":[],"categories":[64],"tags":[433,62812],"suno_strategy":[],"class_list":["post-310385","post","type-post","status-publish","format-standard","has-post-thumbnail","hentry","category-negocios","tag-cosan-csan3","tag-fusoes-e-aquisicoes"],"yoast_head":"<!-- This site is optimized with the Yoast SEO plugin v24.4 - https:\/\/yoast.com\/wordpress\/plugins\/seo\/ -->\n<title>Cosan (CSAN3) conclui aquisi\u00e7\u00e3o bilion\u00e1ria de gestoras<\/title>\n<meta name=\"description\" content=\"Compra foi anunciada h\u00e1 semanas, e agora a Cosan desembolsa os primeiros R$ 200 milh\u00f5es da aquisi\u00e7\u00e3o. Clique e confira!\" \/>\n<meta name=\"robots\" content=\"index, follow, max-snippet:-1, max-image-preview:large, max-video-preview:-1\" \/>\n<link rel=\"canonical\" href=\"https:\/\/www.suno.com.br\/noticias\/cosan-csan3-aquisicao-bilionaria-de-gestoras\/\" \/>\n<meta property=\"og:locale\" content=\"pt_BR\" \/>\n<meta property=\"og:type\" content=\"article\" \/>\n<meta property=\"og:title\" content=\"Cosan (CSAN3) conclui aquisi\u00e7\u00e3o bilion\u00e1ria de gestoras\" \/>\n<meta property=\"og:description\" content=\"Compra foi anunciada h\u00e1 semanas, e agora a Cosan desembolsa os primeiros R$ 200 milh\u00f5es da aquisi\u00e7\u00e3o. Clique e confira!\" \/>\n<meta property=\"og:url\" content=\"https:\/\/www.suno.com.br\/noticias\/cosan-csan3-aquisicao-bilionaria-de-gestoras\/\" \/>\n<meta property=\"og:site_name\" content=\"Suno Not\u00edcias\" \/>\n<meta property=\"article:publisher\" content=\"https:\/\/facebook.com\/sunoresearch\" \/>\n<meta property=\"og:image\" content=\"https:\/\/files.sunoresearch.com.br\/n\/uploads\/2020\/12\/961c099a-cosan-2-scaled.jpg\" \/>\n\t<meta property=\"og:image:width\" content=\"2560\" \/>\n\t<meta property=\"og:image:height\" content=\"1707\" \/>\n\t<meta property=\"og:image:type\" content=\"image\/jpeg\" \/>\n<meta name=\"author\" content=\"Eduardo Vargas\" \/>\n<meta name=\"twitter:card\" content=\"summary_large_image\" \/>\n<meta name=\"twitter:creator\" content=\"@sunoresearch\" \/>\n<meta name=\"twitter:site\" content=\"@sunoresearch\" \/>\n<meta name=\"twitter:label1\" content=\"Escrito por\" \/>\n\t<meta name=\"twitter:data1\" content=\"Eduardo Vargas\" \/>\n\t<meta name=\"twitter:label2\" content=\"Est. tempo de leitura\" \/>\n\t<meta name=\"twitter:data2\" content=\"2 minutos\" \/>\n<script type=\"application\/ld+json\" class=\"yoast-schema-graph\">{\"@context\":\"https:\/\/schema.org\",\"@graph\":[{\"@type\":\"NewsArticle\",\"@id\":\"https:\/\/www.suno.com.br\/noticias\/cosan-csan3-aquisicao-bilionaria-de-gestoras\/#article\",\"isPartOf\":{\"@id\":\"https:\/\/www.suno.com.br\/noticias\/cosan-csan3-aquisicao-bilionaria-de-gestoras\/\"},\"author\":{\"name\":\"Eduardo Vargas\",\"@id\":\"https:\/\/www.suno.com.br\/noticias\/#\/schema\/person\/7f4d362bf3518e76090143ae77bb49a5\"},\"headline\":\"Cosan (CSAN3) conclui aquisi\u00e7\u00e3o bilion\u00e1ria de gestoras\",\"datePublished\":\"2022-10-21T10:40:47+00:00\",\"mainEntityOfPage\":{\"@id\":\"https:\/\/www.suno.com.br\/noticias\/cosan-csan3-aquisicao-bilionaria-de-gestoras\/\"},\"wordCount\":406,\"publisher\":{\"@id\":\"https:\/\/www.suno.com.br\/noticias\/#organization\"},\"image\":{\"@id\":\"https:\/\/www.suno.com.br\/noticias\/cosan-csan3-aquisicao-bilionaria-de-gestoras\/#primaryimage\"},\"thumbnailUrl\":\"https:\/\/files.sunoresearch.com.br\/n\/uploads\/2020\/12\/961c099a-cosan-2-scaled.jpg\",\"keywords\":[\"Cosan (CSAN3)\",\"fus\u00f5es e aquisi\u00e7\u00f5es\"],\"articleSection\":[\"Neg\u00f3cios\"],\"inLanguage\":\"pt-BR\"},{\"@type\":\"WebPage\",\"@id\":\"https:\/\/www.suno.com.br\/noticias\/cosan-csan3-aquisicao-bilionaria-de-gestoras\/\",\"url\":\"https:\/\/www.suno.com.br\/noticias\/cosan-csan3-aquisicao-bilionaria-de-gestoras\/\",\"name\":\"Cosan (CSAN3) conclui aquisi\u00e7\u00e3o bilion\u00e1ria de gestoras\",\"isPartOf\":{\"@id\":\"https:\/\/www.suno.com.br\/noticias\/#website\"},\"primaryImageOfPage\":{\"@id\":\"https:\/\/www.suno.com.br\/noticias\/cosan-csan3-aquisicao-bilionaria-de-gestoras\/#primaryimage\"},\"image\":{\"@id\":\"https:\/\/www.suno.com.br\/noticias\/cosan-csan3-aquisicao-bilionaria-de-gestoras\/#primaryimage\"},\"thumbnailUrl\":\"https:\/\/files.sunoresearch.com.br\/n\/uploads\/2020\/12\/961c099a-cosan-2-scaled.jpg\",\"datePublished\":\"2022-10-21T10:40:47+00:00\",\"description\":\"Compra foi anunciada h\u00e1 semanas, e agora a Cosan desembolsa os primeiros R$ 200 milh\u00f5es da aquisi\u00e7\u00e3o. Clique e confira!\",\"breadcrumb\":{\"@id\":\"https:\/\/www.suno.com.br\/noticias\/cosan-csan3-aquisicao-bilionaria-de-gestoras\/#breadcrumb\"},\"inLanguage\":\"pt-BR\",\"potentialAction\":[{\"@type\":\"ReadAction\",\"target\":[\"https:\/\/www.suno.com.br\/noticias\/cosan-csan3-aquisicao-bilionaria-de-gestoras\/\"]}]},{\"@type\":\"ImageObject\",\"inLanguage\":\"pt-BR\",\"@id\":\"https:\/\/www.suno.com.br\/noticias\/cosan-csan3-aquisicao-bilionaria-de-gestoras\/#primaryimage\",\"url\":\"https:\/\/files.sunoresearch.com.br\/n\/uploads\/2020\/12\/961c099a-cosan-2-scaled.jpg\",\"contentUrl\":\"https:\/\/files.sunoresearch.com.br\/n\/uploads\/2020\/12\/961c099a-cosan-2-scaled.jpg\",\"width\":2560,\"height\":1707,\"caption\":\"Cosan (CSAN3). Foto: divulga\u00e7\u00e3o - Cosan.\"},{\"@type\":\"BreadcrumbList\",\"@id\":\"https:\/\/www.suno.com.br\/noticias\/cosan-csan3-aquisicao-bilionaria-de-gestoras\/#breadcrumb\",\"itemListElement\":[{\"@type\":\"ListItem\",\"position\":1,\"name\":\"Not\u00edcias\",\"item\":\"https:\/\/www.suno.com.br\/noticias\/\"},{\"@type\":\"ListItem\",\"position\":2,\"name\":\"Neg\u00f3cios\",\"item\":\"https:\/\/www.suno.com.br\/noticias\/negocios\/\"},{\"@type\":\"ListItem\",\"position\":3,\"name\":\"Cosan (CSAN3) conclui aquisi\u00e7\u00e3o bilion\u00e1ria de gestoras\"}]},{\"@type\":\"WebSite\",\"@id\":\"https:\/\/www.suno.com.br\/noticias\/#website\",\"url\":\"https:\/\/www.suno.com.br\/noticias\/\",\"name\":\"Suno Not\u00edcias\",\"description\":\"Seu portal de informa\u00e7\u00e3o sobre o mundo dos investimentos\",\"publisher\":{\"@id\":\"https:\/\/www.suno.com.br\/noticias\/#organization\"},\"potentialAction\":[{\"@type\":\"SearchAction\",\"target\":{\"@type\":\"EntryPoint\",\"urlTemplate\":\"https:\/\/www.suno.com.br\/noticias\/?s={search_term_string}\"},\"query-input\":{\"@type\":\"PropertyValueSpecification\",\"valueRequired\":true,\"valueName\":\"search_term_string\"}}],\"inLanguage\":\"pt-BR\"},{\"@type\":\"Organization\",\"@id\":\"https:\/\/www.suno.com.br\/noticias\/#organization\",\"name\":\"Suno Not\u00edcias\",\"url\":\"https:\/\/www.suno.com.br\/noticias\/\",\"logo\":{\"@type\":\"ImageObject\",\"inLanguage\":\"pt-BR\",\"@id\":\"https:\/\/www.suno.com.br\/noticias\/#\/schema\/logo\/image\/\",\"url\":\"https:\/\/files.sunoresearch.com.br\/n\/uploads\/2021\/09\/suno-logo.png\",\"contentUrl\":\"https:\/\/files.sunoresearch.com.br\/n\/uploads\/2021\/09\/suno-logo.png\",\"width\":180,\"height\":180,\"caption\":\"Suno Not\u00edcias\"},\"image\":{\"@id\":\"https:\/\/www.suno.com.br\/noticias\/#\/schema\/logo\/image\/\"},\"sameAs\":[\"https:\/\/facebook.com\/sunoresearch\",\"https:\/\/x.com\/sunoresearch\",\"https:\/\/www.instagram.com\/suno\",\"https:\/\/www.linkedin.com\/company\/suno-research\/\",\"https:\/\/www.youtube.com\/c\/sunoresearch\"]},{\"@type\":\"Person\",\"@id\":\"https:\/\/www.suno.com.br\/noticias\/#\/schema\/person\/7f4d362bf3518e76090143ae77bb49a5\",\"name\":\"Eduardo Vargas\",\"image\":{\"@type\":\"ImageObject\",\"inLanguage\":\"pt-BR\",\"@id\":\"https:\/\/www.suno.com.br\/noticias\/#\/schema\/person\/image\/\",\"url\":\"https:\/\/secure.gravatar.com\/avatar\/dac340933427a22924c9f99d1eb2e3f2?s=96&r=g\",\"contentUrl\":\"https:\/\/secure.gravatar.com\/avatar\/dac340933427a22924c9f99d1eb2e3f2?s=96&r=g\",\"caption\":\"Eduardo Vargas\"},\"description\":\"Jornalista formado pela UFSC, cobre macroeconomia, neg\u00f3cios e startups para o Suno Not\u00edcias, escrevendo principalmente not\u00edcias sobre o mercado financeiro e a bolsa de valores. No YouTube e no Instagram, \u00e9 respons\u00e1vel pela produ\u00e7\u00e3o de Reels e Shorts do Suno Not\u00edcias. Anteriormente, trabalhou cobrindo economia e cotidiano no ND+ e para o ND, maior jornal impresso de Santa Catarina. Cursou um semestre letivo de Estudos de M\u00eddia na Universidad de Buenos Aires.\",\"url\":\"https:\/\/www.suno.com.br\/noticias\/author\/eduardo-vargas\/\"}]}<\/script>\n<!-- \/ Yoast SEO plugin. -->","yoast_head_json":{"title":"Cosan (CSAN3) conclui aquisi\u00e7\u00e3o bilion\u00e1ria de gestoras","description":"Compra foi anunciada h\u00e1 semanas, e agora a Cosan desembolsa os primeiros R$ 200 milh\u00f5es da aquisi\u00e7\u00e3o. Clique e confira!","robots":{"index":"index","follow":"follow","max-snippet":"max-snippet:-1","max-image-preview":"max-image-preview:large","max-video-preview":"max-video-preview:-1"},"canonical":"https:\/\/www.suno.com.br\/noticias\/cosan-csan3-aquisicao-bilionaria-de-gestoras\/","og_locale":"pt_BR","og_type":"article","og_title":"Cosan (CSAN3) conclui aquisi\u00e7\u00e3o bilion\u00e1ria de gestoras","og_description":"Compra foi anunciada h\u00e1 semanas, e agora a Cosan desembolsa os primeiros R$ 200 milh\u00f5es da aquisi\u00e7\u00e3o. Clique e confira!","og_url":"https:\/\/www.suno.com.br\/noticias\/cosan-csan3-aquisicao-bilionaria-de-gestoras\/","og_site_name":"Suno Not\u00edcias","article_publisher":"https:\/\/facebook.com\/sunoresearch","og_image":[{"width":2560,"height":1707,"url":"https:\/\/files.sunoresearch.com.br\/n\/uploads\/2020\/12\/961c099a-cosan-2-scaled.jpg","type":"image\/jpeg"}],"author":"Eduardo Vargas","twitter_card":"summary_large_image","twitter_creator":"@sunoresearch","twitter_site":"@sunoresearch","twitter_misc":{"Escrito por":"Eduardo Vargas","Est. tempo de leitura":"2 minutos"},"schema":{"@context":"https:\/\/schema.org","@graph":[{"@type":"NewsArticle","@id":"https:\/\/www.suno.com.br\/noticias\/cosan-csan3-aquisicao-bilionaria-de-gestoras\/#article","isPartOf":{"@id":"https:\/\/www.suno.com.br\/noticias\/cosan-csan3-aquisicao-bilionaria-de-gestoras\/"},"author":{"name":"Eduardo Vargas","@id":"https:\/\/www.suno.com.br\/noticias\/#\/schema\/person\/7f4d362bf3518e76090143ae77bb49a5"},"headline":"Cosan (CSAN3) conclui aquisi\u00e7\u00e3o bilion\u00e1ria de gestoras","datePublished":"2022-10-21T10:40:47+00:00","mainEntityOfPage":{"@id":"https:\/\/www.suno.com.br\/noticias\/cosan-csan3-aquisicao-bilionaria-de-gestoras\/"},"wordCount":406,"publisher":{"@id":"https:\/\/www.suno.com.br\/noticias\/#organization"},"image":{"@id":"https:\/\/www.suno.com.br\/noticias\/cosan-csan3-aquisicao-bilionaria-de-gestoras\/#primaryimage"},"thumbnailUrl":"https:\/\/files.sunoresearch.com.br\/n\/uploads\/2020\/12\/961c099a-cosan-2-scaled.jpg","keywords":["Cosan (CSAN3)","fus\u00f5es e aquisi\u00e7\u00f5es"],"articleSection":["Neg\u00f3cios"],"inLanguage":"pt-BR"},{"@type":"WebPage","@id":"https:\/\/www.suno.com.br\/noticias\/cosan-csan3-aquisicao-bilionaria-de-gestoras\/","url":"https:\/\/www.suno.com.br\/noticias\/cosan-csan3-aquisicao-bilionaria-de-gestoras\/","name":"Cosan (CSAN3) conclui aquisi\u00e7\u00e3o bilion\u00e1ria de gestoras","isPartOf":{"@id":"https:\/\/www.suno.com.br\/noticias\/#website"},"primaryImageOfPage":{"@id":"https:\/\/www.suno.com.br\/noticias\/cosan-csan3-aquisicao-bilionaria-de-gestoras\/#primaryimage"},"image":{"@id":"https:\/\/www.suno.com.br\/noticias\/cosan-csan3-aquisicao-bilionaria-de-gestoras\/#primaryimage"},"thumbnailUrl":"https:\/\/files.sunoresearch.com.br\/n\/uploads\/2020\/12\/961c099a-cosan-2-scaled.jpg","datePublished":"2022-10-21T10:40:47+00:00","description":"Compra foi anunciada h\u00e1 semanas, e agora a Cosan desembolsa os primeiros R$ 200 milh\u00f5es da aquisi\u00e7\u00e3o. Clique e confira!","breadcrumb":{"@id":"https:\/\/www.suno.com.br\/noticias\/cosan-csan3-aquisicao-bilionaria-de-gestoras\/#breadcrumb"},"inLanguage":"pt-BR","potentialAction":[{"@type":"ReadAction","target":["https:\/\/www.suno.com.br\/noticias\/cosan-csan3-aquisicao-bilionaria-de-gestoras\/"]}]},{"@type":"ImageObject","inLanguage":"pt-BR","@id":"https:\/\/www.suno.com.br\/noticias\/cosan-csan3-aquisicao-bilionaria-de-gestoras\/#primaryimage","url":"https:\/\/files.sunoresearch.com.br\/n\/uploads\/2020\/12\/961c099a-cosan-2-scaled.jpg","contentUrl":"https:\/\/files.sunoresearch.com.br\/n\/uploads\/2020\/12\/961c099a-cosan-2-scaled.jpg","width":2560,"height":1707,"caption":"Cosan (CSAN3). Foto: divulga\u00e7\u00e3o - Cosan."},{"@type":"BreadcrumbList","@id":"https:\/\/www.suno.com.br\/noticias\/cosan-csan3-aquisicao-bilionaria-de-gestoras\/#breadcrumb","itemListElement":[{"@type":"ListItem","position":1,"name":"Not\u00edcias","item":"https:\/\/www.suno.com.br\/noticias\/"},{"@type":"ListItem","position":2,"name":"Neg\u00f3cios","item":"https:\/\/www.suno.com.br\/noticias\/negocios\/"},{"@type":"ListItem","position":3,"name":"Cosan (CSAN3) conclui aquisi\u00e7\u00e3o bilion\u00e1ria de gestoras"}]},{"@type":"WebSite","@id":"https:\/\/www.suno.com.br\/noticias\/#website","url":"https:\/\/www.suno.com.br\/noticias\/","name":"Suno Not\u00edcias","description":"Seu portal de informa\u00e7\u00e3o sobre o mundo dos investimentos","publisher":{"@id":"https:\/\/www.suno.com.br\/noticias\/#organization"},"potentialAction":[{"@type":"SearchAction","target":{"@type":"EntryPoint","urlTemplate":"https:\/\/www.suno.com.br\/noticias\/?s={search_term_string}"},"query-input":{"@type":"PropertyValueSpecification","valueRequired":true,"valueName":"search_term_string"}}],"inLanguage":"pt-BR"},{"@type":"Organization","@id":"https:\/\/www.suno.com.br\/noticias\/#organization","name":"Suno Not\u00edcias","url":"https:\/\/www.suno.com.br\/noticias\/","logo":{"@type":"ImageObject","inLanguage":"pt-BR","@id":"https:\/\/www.suno.com.br\/noticias\/#\/schema\/logo\/image\/","url":"https:\/\/files.sunoresearch.com.br\/n\/uploads\/2021\/09\/suno-logo.png","contentUrl":"https:\/\/files.sunoresearch.com.br\/n\/uploads\/2021\/09\/suno-logo.png","width":180,"height":180,"caption":"Suno Not\u00edcias"},"image":{"@id":"https:\/\/www.suno.com.br\/noticias\/#\/schema\/logo\/image\/"},"sameAs":["https:\/\/facebook.com\/sunoresearch","https:\/\/x.com\/sunoresearch","https:\/\/www.instagram.com\/suno","https:\/\/www.linkedin.com\/company\/suno-research\/","https:\/\/www.youtube.com\/c\/sunoresearch"]},{"@type":"Person","@id":"https:\/\/www.suno.com.br\/noticias\/#\/schema\/person\/7f4d362bf3518e76090143ae77bb49a5","name":"Eduardo Vargas","image":{"@type":"ImageObject","inLanguage":"pt-BR","@id":"https:\/\/www.suno.com.br\/noticias\/#\/schema\/person\/image\/","url":"https:\/\/secure.gravatar.com\/avatar\/dac340933427a22924c9f99d1eb2e3f2?s=96&r=g","contentUrl":"https:\/\/secure.gravatar.com\/avatar\/dac340933427a22924c9f99d1eb2e3f2?s=96&r=g","caption":"Eduardo Vargas"},"description":"Jornalista formado pela UFSC, cobre macroeconomia, neg\u00f3cios e startups para o Suno Not\u00edcias, escrevendo principalmente not\u00edcias sobre o mercado financeiro e a bolsa de valores. No YouTube e no Instagram, \u00e9 respons\u00e1vel pela produ\u00e7\u00e3o de Reels e Shorts do Suno Not\u00edcias. Anteriormente, trabalhou cobrindo economia e cotidiano no ND+ e para o ND, maior jornal impresso de Santa Catarina. Cursou um semestre letivo de Estudos de M\u00eddia na Universidad de Buenos Aires.","url":"https:\/\/www.suno.com.br\/noticias\/author\/eduardo-vargas\/"}]}},"default_loop_html":"<div class=\"cardsPage__listCard__boxs\"><div class=\"cardsPage__listCard__boxs__img\"><a href=\"https:\/\/www.suno.com.br\/noticias\/cosan-csan3-aquisicao-bilionaria-de-gestoras\/\"><img class=\"mask\" src=\"https:\/\/www.suno.com.br\/noticias\/wp-content\/themes\/suno\/resources\/images\/spotlight\/spotlight1img\/bg-mask.png\" alt=\"Image Mask\"\/><img src=\"https:\/\/files.sunoresearch.com.br\/n\/uploads\/2020\/12\/961c099a-cosan-2-400x200.jpg\" alt=\"Cosan (CSAN3) conclui aquisi\u00e7\u00e3o bilion\u00e1ria de gestoras\"\/><\/a><span class=\"spotlightCategory\"><a href=\"https:\/\/www.suno.com.br\/noticias\/negocios\/\">Neg\u00f3cios<\/a><\/span><\/div><div class=\"cardsPage__listCard__boxs__content\"><a href=\"https:\/\/www.suno.com.br\/noticias\/cosan-csan3-aquisicao-bilionaria-de-gestoras\/\"><h2 class=\"content__title\">Cosan (CSAN3) conclui aquisi\u00e7\u00e3o bilion\u00e1ria de gestoras<\/h2><\/a><div class=\"newsContent__article__meta\"><div class=\"newsContent__article__meta__authorBox\"><a href=\"https:\/\/www.suno.com.br\/noticias\/author\/eduardo-vargas\/\" class=\"authorBox__avatar noMobi\"><img src=\"https:\/\/secure.gravatar.com\/avatar\/dac340933427a22924c9f99d1eb2e3f2?s=96&#038;r=g\" alt=\"Eduardo Vargas\"><\/a><div class=\"authorBox__name\"><span>por\n\t\t\t<a href=\"https:\/\/www.suno.com.br\/noticias\/author\/eduardo-vargas\/\"><span itemprop=\"author\">Eduardo Vargas<\/span><\/a><\/span><time datetime=\"2022-10-21T07:40:47-03:00\" itemprop=\"datePublished\">21\/10\/2022 07:40<\/time><\/div><\/div><\/div><\/div><\/div>","single_layout":"posts","amp_enabled":true,"_links":{"self":[{"href":"https:\/\/www.suno.com.br\/noticias\/wp-json\/wp\/v2\/posts\/310385"}],"collection":[{"href":"https:\/\/www.suno.com.br\/noticias\/wp-json\/wp\/v2\/posts"}],"about":[{"href":"https:\/\/www.suno.com.br\/noticias\/wp-json\/wp\/v2\/types\/post"}],"author":[{"embeddable":true,"href":"https:\/\/www.suno.com.br\/noticias\/wp-json\/wp\/v2\/users\/73"}],"replies":[{"embeddable":true,"href":"https:\/\/www.suno.com.br\/noticias\/wp-json\/wp\/v2\/comments?post=310385"}],"version-history":[{"count":1,"href":"https:\/\/www.suno.com.br\/noticias\/wp-json\/wp\/v2\/posts\/310385\/revisions"}],"predecessor-version":[{"id":310388,"href":"https:\/\/www.suno.com.br\/noticias\/wp-json\/wp\/v2\/posts\/310385\/revisions\/310388"}],"wp:featuredmedia":[{"embeddable":true,"href":"https:\/\/www.suno.com.br\/noticias\/wp-json\/wp\/v2\/media\/109379"}],"wp:attachment":[{"href":"https:\/\/www.suno.com.br\/noticias\/wp-json\/wp\/v2\/media?parent=310385"}],"wp:term":[{"taxonomy":"category","embeddable":true,"href":"https:\/\/www.suno.com.br\/noticias\/wp-json\/wp\/v2\/categories?post=310385"},{"taxonomy":"post_tag","embeddable":true,"href":"https:\/\/www.suno.com.br\/noticias\/wp-json\/wp\/v2\/tags?post=310385"},{"taxonomy":"suno_strategy","embeddable":true,"href":"https:\/\/www.suno.com.br\/noticias\/wp-json\/wp\/v2\/suno_strategy?post=310385"}],"curies":[{"name":"wp","href":"https:\/\/api.w.org\/{rel}","templated":true}]}}