{"id":31028,"date":"2019-07-15T12:45:00","date_gmt":"2019-07-15T15:45:00","guid":{"rendered":"https:\/\/www.suno.com.br\/noticias\/?p=31028"},"modified":"2019-07-15T12:45:00","modified_gmt":"2019-07-15T15:45:00","slug":"receita-federal-pagar-restituicao-ir","status":"publish","type":"post","link":"https:\/\/www.suno.com.br\/noticias\/receita-federal-pagar-restituicao-ir\/","title":{"rendered":"Receita Federal come\u00e7a a pagar o 2\u00b0 lote de restitui\u00e7\u00e3o do Imposto de Renda"},"content":{"rendered":"<p>A Receita Federal come\u00e7a a pagar o 2\u00ba lote de restitui\u00e7\u00f5es do Imposto de Renda Pessoa F\u00edsica (IRPF) 2019 e tamb\u00e9m as restitui\u00e7\u00f5es residuais dos exerc\u00edcios de 2008 a 2018 nesta segunda-feira (15).<\/p>\t<div class=\"wrapper-featured-image\">\n\t\t<figure class=\"spotlightImg\">\n\n\t\t\t<picture>\n\t\t\t\t<source media=\"(max-width: 768px)\" srcset=\"https:\/\/files.sunoresearch.com.br\/n\/uploads\/2018\/09\/6de92db4-imposto-renda-400x200.webp\">\n\t\t\t\t<img loading=\"lazy\" decoding=\"async\" class=\"newsContent__article__imgCapa lazyloadDisabled newsContent__article__imgCapa--noCaption\" src=\"https:\/\/files.sunoresearch.com.br\/n\/uploads\/2018\/09\/6de92db4-imposto-renda-800x450.webp\" width=\"800\" height=\"450\" alt=\"Receita Federal come\u00e7a a pagar o 2\u00b0 lote de restitui\u00e7\u00e3o do Imposto de Renda\" fetchpriority=high \/>\n\t\t\t<\/picture>\n\n\t\t\t<figcaption class=\"wp-caption-text wp-caption-text--hide\">Imposto de Renda. Foto: Pixabay<\/figcaption>\n\t\t<\/figure>\n\t<\/div>\n\n\n<p>Neste lote, a <strong>Receita Federal<\/strong> dever\u00e1 pagar R$ 5 bilh\u00f5es dividido em mais de 3 milh\u00f5es de contribuintes. Do total, cerca de R$ 2,362 bilh\u00f5es s\u00e3o destinados a idosos entre 60 e 80 anos, contribuintes com alguma defici\u00eancia f\u00edsica ou mental ou mol\u00e9stia grave e contribuintes que tenham como maior renda o magist\u00e9rio.<\/p>\n<p>As consultas foram abertas na \u00faltima segunda-feira (8) no site da Receita. Al\u00e9m do site, \u00e9 poss\u00edvel acessar o conte\u00fado pelo aplicativo, dispon\u00edveis para tablets e smartphones. Pelos aparelhos ainda \u00e9 poss\u00edvel consultas a declara\u00e7\u00e3o do Imposto de Renda de Pessoas F\u00edsicas e tamb\u00e9m a situa\u00e7\u00e3o do CPF, diretamente dos dados da <strong>Receita<\/strong>.<\/p>\n<p>Para saber se est\u00e1 entre os contribuintes que receber\u00e3o a restitui\u00e7\u00e3o clique aqui ou ligue para o Receitafone, digitando 146.<\/p>\n<p>O dep\u00f3sito do valor ser\u00e1 feito na conta que foi informada na declara\u00e7\u00e3o do imposto. Caso o contribuinte n\u00e3o receba o dinheiro, ter\u00e1 de ir a qualquer ag\u00eancia do Banco do Brasil ou ent\u00e3o ligar em dos seguintes n\u00fameros:<\/p>\n<ol>\n<li>Capitais: 4004-0001<\/li>\n<li>Demais localidades: 0800-729-0001<\/li>\n<li>Telefone especial exclusivo para deficientes auditivos: 0800-729-0088<\/li>\n<\/ol>\n<p>A restitui\u00e7\u00e3o ficar\u00e1 dispon\u00edvel no banco durante o per\u00edodo de um ano.<\/p>\n<h2>Pr\u00f3ximos lotes \u00e0 serem pagos:<\/h2>\n<ul>\n<li>3\u00ba lote, em 15 de agosto de 2019;<\/li>\n<li>4\u00ba lote, em 16 de setembro de 2019;<\/li>\n<li>5\u00ba lote, em 15 de outubro de 2019;<\/li>\n<li>6\u00ba lote, em 18 de novembro de 2019;<\/li>\n<li>7\u00ba lote, em 16 de dezembro de 2019.<\/li>\n<\/ul>\n<p>O primeiro lote foi pago no \u00faltimo m\u00eas.\u00a0De acordo com a Secretaria da Receita, 2.573.186 pessoas receber\u00e3o o direito \u00e0 restitui\u00e7\u00e3o. Al\u00e9m disso, ser\u00e1 pago R$ 109,6 milh\u00f5es aos contribuintes que fizeram declara\u00e7\u00e3o entre 2008 e 2018, mas ca\u00edram na <strong><a href=\"https:\/\/www.suno.com.br\/artigos\/malha-fina\/\">malha fina<\/a><\/strong>.<\/p>\n<p><a href=\"https:\/\/www.suno.com.br\/noticias\/receita-federal-abre-consultas-ao-1-lote-de-restituicao-do-imposto-de-renda\/\">Confira:\u00a0Receita Federal abre consultas ao 1\u00b0 lote de restitui\u00e7\u00e3o do Imposto de Renda<\/a><\/p>\n<h2>Verifica\u00e7\u00e3o da malha fina<\/h2>\n<p>De acordo com o \u00f3rg\u00e3o, \u00e9 poss\u00edvel verificar se a declara\u00e7\u00e3o est\u00e1 sendo processada, se est\u00e1 na fila de pagamentos e se os dados est\u00e3o certos, al\u00e9m de saber se h\u00e1 pend\u00eancias no documento.<\/p>\n<p>Essa verifica\u00e7\u00e3o pode ser feita pelo <strong>Meu Imposto de Renda<\/strong> da <strong>Receita Federal<\/strong>. No entanto, para o acesso \u00e9 necess\u00e1rio gerar um c\u00f3digo, que \u00e9 feito a partido do CPF, data de nascimento e recibo de entrega das \u00faltimas duas declara\u00e7\u00f5es.<\/p>\n","protected":false},"excerpt":{"rendered":"<p>A Receita Federal come\u00e7a a pagar o 2\u00ba lote de restitui\u00e7\u00f5es do Imposto de Renda Pessoa F\u00edsica (IRPF) 2019 e tamb\u00e9m as restitui\u00e7\u00f5es residuais dos exerc\u00edcios de 2008 a 2018 nesta segunda-feira (15). Imposto de Renda. Foto: Pixabay Neste lote, a Receita Federal dever\u00e1 pagar R$ 5 bilh\u00f5es dividido em mais de 3 milh\u00f5es de [&hellip;]<\/p>\n","protected":false},"author":11,"featured_media":4007,"comment_status":"closed","ping_status":"closed","sticky":false,"template":"","format":"standard","meta":[],"categories":[65],"tags":[847],"suno_strategy":[],"class_list":["post-31028","post","type-post","status-publish","format-standard","has-post-thumbnail","hentry","category-financas-pessoais","tag-receita-federal"],"yoast_head":"<!-- This site is optimized with the Yoast SEO plugin v24.4 - https:\/\/yoast.com\/wordpress\/plugins\/seo\/ -->\n<title>Receita Federal come\u00e7a a pagar o 2\u00b0 lote de restitui\u00e7\u00e3o do IR<\/title>\n<meta name=\"description\" content=\"A Receita Federal iniciou as restitui\u00e7\u00f5es do IR nesta segunda-feira (15); Consulta pode ser feita pelo site. Clique e saiba mais.\" \/>\n<meta name=\"robots\" content=\"index, follow, max-snippet:-1, max-image-preview:large, max-video-preview:-1\" \/>\n<link rel=\"canonical\" href=\"https:\/\/www.suno.com.br\/noticias\/receita-federal-pagar-restituicao-ir\/\" \/>\n<meta property=\"og:locale\" content=\"pt_BR\" \/>\n<meta property=\"og:type\" content=\"article\" \/>\n<meta property=\"og:title\" content=\"Receita Federal come\u00e7a a pagar o 2\u00b0 lote de restitui\u00e7\u00e3o do IR\" \/>\n<meta property=\"og:description\" content=\"A Receita Federal iniciou as restitui\u00e7\u00f5es do IR nesta segunda-feira (15); Consulta pode ser feita pelo site. Clique e saiba mais.\" \/>\n<meta property=\"og:url\" content=\"https:\/\/www.suno.com.br\/noticias\/receita-federal-pagar-restituicao-ir\/\" \/>\n<meta property=\"og:site_name\" content=\"Suno Not\u00edcias\" \/>\n<meta property=\"article:publisher\" content=\"https:\/\/facebook.com\/sunoresearch\" \/>\n<meta property=\"og:image\" content=\"https:\/\/files.sunoresearch.com.br\/n\/uploads\/2018\/09\/6de92db4-imposto-renda.jpg\" \/>\n\t<meta property=\"og:image:width\" content=\"1920\" \/>\n\t<meta property=\"og:image:height\" content=\"1280\" \/>\n\t<meta property=\"og:image:type\" content=\"image\/jpeg\" \/>\n<meta name=\"author\" content=\"Renan Bandeira\" \/>\n<meta name=\"twitter:card\" content=\"summary_large_image\" \/>\n<meta name=\"twitter:creator\" content=\"@sunoresearch\" \/>\n<meta name=\"twitter:site\" content=\"@sunoresearch\" \/>\n<meta name=\"twitter:label1\" content=\"Escrito por\" \/>\n\t<meta name=\"twitter:data1\" content=\"Renan Bandeira\" \/>\n\t<meta name=\"twitter:label2\" content=\"Est. tempo de leitura\" \/>\n\t<meta name=\"twitter:data2\" content=\"2 minutos\" \/>\n<script type=\"application\/ld+json\" class=\"yoast-schema-graph\">{\"@context\":\"https:\/\/schema.org\",\"@graph\":[{\"@type\":\"NewsArticle\",\"@id\":\"https:\/\/www.suno.com.br\/noticias\/receita-federal-pagar-restituicao-ir\/#article\",\"isPartOf\":{\"@id\":\"https:\/\/www.suno.com.br\/noticias\/receita-federal-pagar-restituicao-ir\/\"},\"author\":{\"name\":\"Renan Bandeira\",\"@id\":\"https:\/\/www.suno.com.br\/noticias\/#\/schema\/person\/fc144a1c6108bd1dcd43784e88a3c138\"},\"headline\":\"Receita Federal come\u00e7a a pagar o 2\u00b0 lote de restitui\u00e7\u00e3o do Imposto de Renda\",\"datePublished\":\"2019-07-15T15:45:00+00:00\",\"mainEntityOfPage\":{\"@id\":\"https:\/\/www.suno.com.br\/noticias\/receita-federal-pagar-restituicao-ir\/\"},\"wordCount\":435,\"publisher\":{\"@id\":\"https:\/\/www.suno.com.br\/noticias\/#organization\"},\"image\":{\"@id\":\"https:\/\/www.suno.com.br\/noticias\/receita-federal-pagar-restituicao-ir\/#primaryimage\"},\"thumbnailUrl\":\"https:\/\/files.sunoresearch.com.br\/n\/uploads\/2018\/09\/6de92db4-imposto-renda-jpg.webp\",\"keywords\":[\"Receita Federal\"],\"articleSection\":[\"Finan\u00e7as Pessoais\"],\"inLanguage\":\"pt-BR\"},{\"@type\":\"WebPage\",\"@id\":\"https:\/\/www.suno.com.br\/noticias\/receita-federal-pagar-restituicao-ir\/\",\"url\":\"https:\/\/www.suno.com.br\/noticias\/receita-federal-pagar-restituicao-ir\/\",\"name\":\"Receita Federal come\u00e7a a pagar o 2\u00b0 lote de restitui\u00e7\u00e3o do IR\",\"isPartOf\":{\"@id\":\"https:\/\/www.suno.com.br\/noticias\/#website\"},\"primaryImageOfPage\":{\"@id\":\"https:\/\/www.suno.com.br\/noticias\/receita-federal-pagar-restituicao-ir\/#primaryimage\"},\"image\":{\"@id\":\"https:\/\/www.suno.com.br\/noticias\/receita-federal-pagar-restituicao-ir\/#primaryimage\"},\"thumbnailUrl\":\"https:\/\/files.sunoresearch.com.br\/n\/uploads\/2018\/09\/6de92db4-imposto-renda-jpg.webp\",\"datePublished\":\"2019-07-15T15:45:00+00:00\",\"description\":\"A Receita Federal iniciou as restitui\u00e7\u00f5es do IR nesta segunda-feira (15); Consulta pode ser feita pelo site. Clique e saiba mais.\",\"breadcrumb\":{\"@id\":\"https:\/\/www.suno.com.br\/noticias\/receita-federal-pagar-restituicao-ir\/#breadcrumb\"},\"inLanguage\":\"pt-BR\",\"potentialAction\":[{\"@type\":\"ReadAction\",\"target\":[\"https:\/\/www.suno.com.br\/noticias\/receita-federal-pagar-restituicao-ir\/\"]}]},{\"@type\":\"ImageObject\",\"inLanguage\":\"pt-BR\",\"@id\":\"https:\/\/www.suno.com.br\/noticias\/receita-federal-pagar-restituicao-ir\/#primaryimage\",\"url\":\"https:\/\/files.sunoresearch.com.br\/n\/uploads\/2018\/09\/6de92db4-imposto-renda-jpg.webp\",\"contentUrl\":\"https:\/\/files.sunoresearch.com.br\/n\/uploads\/2018\/09\/6de92db4-imposto-renda-jpg.webp\",\"width\":1920,\"height\":1280,\"caption\":\"Imposto de Renda. Foto: Pixabay\"},{\"@type\":\"BreadcrumbList\",\"@id\":\"https:\/\/www.suno.com.br\/noticias\/receita-federal-pagar-restituicao-ir\/#breadcrumb\",\"itemListElement\":[{\"@type\":\"ListItem\",\"position\":1,\"name\":\"Not\u00edcias\",\"item\":\"https:\/\/www.suno.com.br\/noticias\/\"},{\"@type\":\"ListItem\",\"position\":2,\"name\":\"Finan\u00e7as Pessoais\",\"item\":\"https:\/\/www.suno.com.br\/noticias\/financas-pessoais\/\"},{\"@type\":\"ListItem\",\"position\":3,\"name\":\"Receita Federal come\u00e7a a pagar o 2\u00b0 lote de restitui\u00e7\u00e3o do Imposto de Renda\"}]},{\"@type\":\"WebSite\",\"@id\":\"https:\/\/www.suno.com.br\/noticias\/#website\",\"url\":\"https:\/\/www.suno.com.br\/noticias\/\",\"name\":\"Suno Not\u00edcias\",\"description\":\"Seu portal de informa\u00e7\u00e3o sobre o mundo dos investimentos\",\"publisher\":{\"@id\":\"https:\/\/www.suno.com.br\/noticias\/#organization\"},\"potentialAction\":[{\"@type\":\"SearchAction\",\"target\":{\"@type\":\"EntryPoint\",\"urlTemplate\":\"https:\/\/www.suno.com.br\/noticias\/?s={search_term_string}\"},\"query-input\":{\"@type\":\"PropertyValueSpecification\",\"valueRequired\":true,\"valueName\":\"search_term_string\"}}],\"inLanguage\":\"pt-BR\"},{\"@type\":\"Organization\",\"@id\":\"https:\/\/www.suno.com.br\/noticias\/#organization\",\"name\":\"Suno Not\u00edcias\",\"url\":\"https:\/\/www.suno.com.br\/noticias\/\",\"logo\":{\"@type\":\"ImageObject\",\"inLanguage\":\"pt-BR\",\"@id\":\"https:\/\/www.suno.com.br\/noticias\/#\/schema\/logo\/image\/\",\"url\":\"https:\/\/files.sunoresearch.com.br\/n\/uploads\/2021\/09\/suno-logo.png\",\"contentUrl\":\"https:\/\/files.sunoresearch.com.br\/n\/uploads\/2021\/09\/suno-logo.png\",\"width\":180,\"height\":180,\"caption\":\"Suno Not\u00edcias\"},\"image\":{\"@id\":\"https:\/\/www.suno.com.br\/noticias\/#\/schema\/logo\/image\/\"},\"sameAs\":[\"https:\/\/facebook.com\/sunoresearch\",\"https:\/\/x.com\/sunoresearch\",\"https:\/\/www.instagram.com\/suno\",\"https:\/\/www.linkedin.com\/company\/suno-research\/\",\"https:\/\/www.youtube.com\/c\/sunoresearch\"]},{\"@type\":\"Person\",\"@id\":\"https:\/\/www.suno.com.br\/noticias\/#\/schema\/person\/fc144a1c6108bd1dcd43784e88a3c138\",\"name\":\"Renan Bandeira\",\"image\":{\"@type\":\"ImageObject\",\"inLanguage\":\"pt-BR\",\"@id\":\"https:\/\/www.suno.com.br\/noticias\/#\/schema\/person\/image\/\",\"url\":\"https:\/\/secure.gravatar.com\/avatar\/68359cdb608f14f11bbefcb78f3fc747?s=96&r=g\",\"contentUrl\":\"https:\/\/secure.gravatar.com\/avatar\/68359cdb608f14f11bbefcb78f3fc747?s=96&r=g\",\"caption\":\"Renan Bandeira\"},\"description\":\"Renan Bandeira escreve sobre pol\u00edtica e economia para o portal da Suno Research. Antes da Suno, trabalhou em uma rede de televis\u00e3o, onde fazia reportagens sobre os mesmos temas. Estuda na Universidade Metodista de S\u00e3o Paulo.\",\"url\":\"https:\/\/www.suno.com.br\/noticias\/author\/renan-bandeira\/\"}]}<\/script>\n<!-- \/ Yoast SEO plugin. -->","yoast_head_json":{"title":"Receita Federal come\u00e7a a pagar o 2\u00b0 lote de restitui\u00e7\u00e3o do IR","description":"A Receita Federal iniciou as restitui\u00e7\u00f5es do IR nesta segunda-feira (15); Consulta pode ser feita pelo site. Clique e saiba mais.","robots":{"index":"index","follow":"follow","max-snippet":"max-snippet:-1","max-image-preview":"max-image-preview:large","max-video-preview":"max-video-preview:-1"},"canonical":"https:\/\/www.suno.com.br\/noticias\/receita-federal-pagar-restituicao-ir\/","og_locale":"pt_BR","og_type":"article","og_title":"Receita Federal come\u00e7a a pagar o 2\u00b0 lote de restitui\u00e7\u00e3o do IR","og_description":"A Receita Federal iniciou as restitui\u00e7\u00f5es do IR nesta segunda-feira (15); Consulta pode ser feita pelo site. Clique e saiba mais.","og_url":"https:\/\/www.suno.com.br\/noticias\/receita-federal-pagar-restituicao-ir\/","og_site_name":"Suno Not\u00edcias","article_publisher":"https:\/\/facebook.com\/sunoresearch","og_image":[{"width":1920,"height":1280,"url":"https:\/\/files.sunoresearch.com.br\/n\/uploads\/2018\/09\/6de92db4-imposto-renda.jpg","type":"image\/jpeg"}],"author":"Renan Bandeira","twitter_card":"summary_large_image","twitter_creator":"@sunoresearch","twitter_site":"@sunoresearch","twitter_misc":{"Escrito por":"Renan Bandeira","Est. tempo de leitura":"2 minutos"},"schema":{"@context":"https:\/\/schema.org","@graph":[{"@type":"NewsArticle","@id":"https:\/\/www.suno.com.br\/noticias\/receita-federal-pagar-restituicao-ir\/#article","isPartOf":{"@id":"https:\/\/www.suno.com.br\/noticias\/receita-federal-pagar-restituicao-ir\/"},"author":{"name":"Renan Bandeira","@id":"https:\/\/www.suno.com.br\/noticias\/#\/schema\/person\/fc144a1c6108bd1dcd43784e88a3c138"},"headline":"Receita Federal come\u00e7a a pagar o 2\u00b0 lote de restitui\u00e7\u00e3o do Imposto de Renda","datePublished":"2019-07-15T15:45:00+00:00","mainEntityOfPage":{"@id":"https:\/\/www.suno.com.br\/noticias\/receita-federal-pagar-restituicao-ir\/"},"wordCount":435,"publisher":{"@id":"https:\/\/www.suno.com.br\/noticias\/#organization"},"image":{"@id":"https:\/\/www.suno.com.br\/noticias\/receita-federal-pagar-restituicao-ir\/#primaryimage"},"thumbnailUrl":"https:\/\/files.sunoresearch.com.br\/n\/uploads\/2018\/09\/6de92db4-imposto-renda-jpg.webp","keywords":["Receita Federal"],"articleSection":["Finan\u00e7as Pessoais"],"inLanguage":"pt-BR"},{"@type":"WebPage","@id":"https:\/\/www.suno.com.br\/noticias\/receita-federal-pagar-restituicao-ir\/","url":"https:\/\/www.suno.com.br\/noticias\/receita-federal-pagar-restituicao-ir\/","name":"Receita Federal come\u00e7a a pagar o 2\u00b0 lote de restitui\u00e7\u00e3o do IR","isPartOf":{"@id":"https:\/\/www.suno.com.br\/noticias\/#website"},"primaryImageOfPage":{"@id":"https:\/\/www.suno.com.br\/noticias\/receita-federal-pagar-restituicao-ir\/#primaryimage"},"image":{"@id":"https:\/\/www.suno.com.br\/noticias\/receita-federal-pagar-restituicao-ir\/#primaryimage"},"thumbnailUrl":"https:\/\/files.sunoresearch.com.br\/n\/uploads\/2018\/09\/6de92db4-imposto-renda-jpg.webp","datePublished":"2019-07-15T15:45:00+00:00","description":"A Receita Federal iniciou as restitui\u00e7\u00f5es do IR nesta segunda-feira (15); Consulta pode ser feita pelo site. Clique e saiba mais.","breadcrumb":{"@id":"https:\/\/www.suno.com.br\/noticias\/receita-federal-pagar-restituicao-ir\/#breadcrumb"},"inLanguage":"pt-BR","potentialAction":[{"@type":"ReadAction","target":["https:\/\/www.suno.com.br\/noticias\/receita-federal-pagar-restituicao-ir\/"]}]},{"@type":"ImageObject","inLanguage":"pt-BR","@id":"https:\/\/www.suno.com.br\/noticias\/receita-federal-pagar-restituicao-ir\/#primaryimage","url":"https:\/\/files.sunoresearch.com.br\/n\/uploads\/2018\/09\/6de92db4-imposto-renda-jpg.webp","contentUrl":"https:\/\/files.sunoresearch.com.br\/n\/uploads\/2018\/09\/6de92db4-imposto-renda-jpg.webp","width":1920,"height":1280,"caption":"Imposto de Renda. Foto: Pixabay"},{"@type":"BreadcrumbList","@id":"https:\/\/www.suno.com.br\/noticias\/receita-federal-pagar-restituicao-ir\/#breadcrumb","itemListElement":[{"@type":"ListItem","position":1,"name":"Not\u00edcias","item":"https:\/\/www.suno.com.br\/noticias\/"},{"@type":"ListItem","position":2,"name":"Finan\u00e7as Pessoais","item":"https:\/\/www.suno.com.br\/noticias\/financas-pessoais\/"},{"@type":"ListItem","position":3,"name":"Receita Federal come\u00e7a a pagar o 2\u00b0 lote de restitui\u00e7\u00e3o do Imposto de Renda"}]},{"@type":"WebSite","@id":"https:\/\/www.suno.com.br\/noticias\/#website","url":"https:\/\/www.suno.com.br\/noticias\/","name":"Suno Not\u00edcias","description":"Seu portal de informa\u00e7\u00e3o sobre o mundo dos investimentos","publisher":{"@id":"https:\/\/www.suno.com.br\/noticias\/#organization"},"potentialAction":[{"@type":"SearchAction","target":{"@type":"EntryPoint","urlTemplate":"https:\/\/www.suno.com.br\/noticias\/?s={search_term_string}"},"query-input":{"@type":"PropertyValueSpecification","valueRequired":true,"valueName":"search_term_string"}}],"inLanguage":"pt-BR"},{"@type":"Organization","@id":"https:\/\/www.suno.com.br\/noticias\/#organization","name":"Suno Not\u00edcias","url":"https:\/\/www.suno.com.br\/noticias\/","logo":{"@type":"ImageObject","inLanguage":"pt-BR","@id":"https:\/\/www.suno.com.br\/noticias\/#\/schema\/logo\/image\/","url":"https:\/\/files.sunoresearch.com.br\/n\/uploads\/2021\/09\/suno-logo.png","contentUrl":"https:\/\/files.sunoresearch.com.br\/n\/uploads\/2021\/09\/suno-logo.png","width":180,"height":180,"caption":"Suno Not\u00edcias"},"image":{"@id":"https:\/\/www.suno.com.br\/noticias\/#\/schema\/logo\/image\/"},"sameAs":["https:\/\/facebook.com\/sunoresearch","https:\/\/x.com\/sunoresearch","https:\/\/www.instagram.com\/suno","https:\/\/www.linkedin.com\/company\/suno-research\/","https:\/\/www.youtube.com\/c\/sunoresearch"]},{"@type":"Person","@id":"https:\/\/www.suno.com.br\/noticias\/#\/schema\/person\/fc144a1c6108bd1dcd43784e88a3c138","name":"Renan Bandeira","image":{"@type":"ImageObject","inLanguage":"pt-BR","@id":"https:\/\/www.suno.com.br\/noticias\/#\/schema\/person\/image\/","url":"https:\/\/secure.gravatar.com\/avatar\/68359cdb608f14f11bbefcb78f3fc747?s=96&r=g","contentUrl":"https:\/\/secure.gravatar.com\/avatar\/68359cdb608f14f11bbefcb78f3fc747?s=96&r=g","caption":"Renan Bandeira"},"description":"Renan Bandeira escreve sobre pol\u00edtica e economia para o portal da Suno Research. Antes da Suno, trabalhou em uma rede de televis\u00e3o, onde fazia reportagens sobre os mesmos temas. Estuda na Universidade Metodista de S\u00e3o Paulo.","url":"https:\/\/www.suno.com.br\/noticias\/author\/renan-bandeira\/"}]}},"default_loop_html":"<div class=\"cardsPage__listCard__boxs\"><div class=\"cardsPage__listCard__boxs__img\"><a href=\"https:\/\/www.suno.com.br\/noticias\/receita-federal-pagar-restituicao-ir\/\"><img class=\"mask\" src=\"https:\/\/www.suno.com.br\/noticias\/wp-content\/themes\/suno\/resources\/images\/spotlight\/spotlight1img\/bg-mask.png\" alt=\"Image Mask\"\/><img src=\"https:\/\/files.sunoresearch.com.br\/n\/uploads\/2018\/09\/6de92db4-imposto-renda-400x200.webp\" alt=\"Receita Federal come\u00e7a a pagar o 2\u00b0 lote de restitui\u00e7\u00e3o do Imposto de Renda\"\/><\/a><span class=\"spotlightCategory\"><a href=\"https:\/\/www.suno.com.br\/noticias\/financas-pessoais\/\">Finan\u00e7as Pessoais<\/a><\/span><\/div><div class=\"cardsPage__listCard__boxs__content\"><a href=\"https:\/\/www.suno.com.br\/noticias\/receita-federal-pagar-restituicao-ir\/\"><h2 class=\"content__title\">Receita Federal come\u00e7a a pagar o 2\u00b0 lote de restitui\u00e7\u00e3o do Imposto de Renda<\/h2><\/a><div class=\"newsContent__article__meta\"><div class=\"newsContent__article__meta__authorBox\"><a href=\"https:\/\/www.suno.com.br\/noticias\/author\/renan-bandeira\/\" class=\"authorBox__avatar noMobi\"><img src=\"https:\/\/secure.gravatar.com\/avatar\/68359cdb608f14f11bbefcb78f3fc747?s=96&#038;r=g\" alt=\"Renan Bandeira\"><\/a><div class=\"authorBox__name\"><span>por\n\t\t\t<a href=\"https:\/\/www.suno.com.br\/noticias\/author\/renan-bandeira\/\"><span itemprop=\"author\">Renan Bandeira<\/span><\/a><\/span><time datetime=\"2019-07-15T12:45:00-03:00\" itemprop=\"datePublished\">15\/07\/2019 12:45<\/time><\/div><\/div><\/div><\/div><\/div>","single_layout":"posts","amp_enabled":true,"_links":{"self":[{"href":"https:\/\/www.suno.com.br\/noticias\/wp-json\/wp\/v2\/posts\/31028"}],"collection":[{"href":"https:\/\/www.suno.com.br\/noticias\/wp-json\/wp\/v2\/posts"}],"about":[{"href":"https:\/\/www.suno.com.br\/noticias\/wp-json\/wp\/v2\/types\/post"}],"author":[{"embeddable":true,"href":"https:\/\/www.suno.com.br\/noticias\/wp-json\/wp\/v2\/users\/11"}],"replies":[{"embeddable":true,"href":"https:\/\/www.suno.com.br\/noticias\/wp-json\/wp\/v2\/comments?post=31028"}],"version-history":[{"count":0,"href":"https:\/\/www.suno.com.br\/noticias\/wp-json\/wp\/v2\/posts\/31028\/revisions"}],"wp:featuredmedia":[{"embeddable":true,"href":"https:\/\/www.suno.com.br\/noticias\/wp-json\/wp\/v2\/media\/4007"}],"wp:attachment":[{"href":"https:\/\/www.suno.com.br\/noticias\/wp-json\/wp\/v2\/media?parent=31028"}],"wp:term":[{"taxonomy":"category","embeddable":true,"href":"https:\/\/www.suno.com.br\/noticias\/wp-json\/wp\/v2\/categories?post=31028"},{"taxonomy":"post_tag","embeddable":true,"href":"https:\/\/www.suno.com.br\/noticias\/wp-json\/wp\/v2\/tags?post=31028"},{"taxonomy":"suno_strategy","embeddable":true,"href":"https:\/\/www.suno.com.br\/noticias\/wp-json\/wp\/v2\/suno_strategy?post=31028"}],"curies":[{"name":"wp","href":"https:\/\/api.w.org\/{rel}","templated":true}]}}