{"id":31019,"date":"2019-07-15T11:05:14","date_gmt":"2019-07-15T14:05:14","guid":{"rendered":"https:\/\/www.suno.com.br\/noticias\/?p=31019"},"modified":"2019-07-15T11:05:14","modified_gmt":"2019-07-15T14:05:14","slug":"ira-eua-sancoes-economicas-negociar","status":"publish","type":"post","link":"https:\/\/www.suno.com.br\/noticias\/ira-eua-sancoes-economicas-negociar\/","title":{"rendered":"Ir\u00e3 est\u00e1 disposto a negociar com os EUA desde que retirem as san\u00e7\u00f5es"},"content":{"rendered":"<p>Em mais um cap\u00edtulo da tens\u00e3o geopol\u00edtica, o Ir\u00e3 se manifestou afirmando estar disposto a negocia\u00e7\u00f5es desde que os <strong>Estados Unidos<\/strong> retirem as san\u00e7\u00f5es econ\u00f4micas e retornem ao<strong> acordo nuclear<\/strong>.<\/p>\t<div class=\"wrapper-featured-image\">\n\t\t<figure class=\"spotlightImg\">\n\n\t\t\t<picture>\n\t\t\t\t<source media=\"(max-width: 768px)\" srcset=\"https:\/\/files.sunoresearch.com.br\/n\/uploads\/2019\/06\/51070350-ir\u00e3-uranio-enriquecido-400x200.webp\">\n\t\t\t\t<img loading=\"lazy\" decoding=\"async\" class=\"newsContent__article__imgCapa lazyloadDisabled newsContent__article__imgCapa--noCaption\" src=\"https:\/\/files.sunoresearch.com.br\/n\/uploads\/2019\/06\/51070350-ir\u00e3-uranio-enriquecido-jpg.webp\" width=\"800\" height=\"450\" alt=\"Ir\u00e3 est\u00e1 disposto a negociar com os EUA desde que retirem as san\u00e7\u00f5es\" fetchpriority=high \/>\n\t\t\t<\/picture>\n\n\t\t\t<figcaption class=\"wp-caption-text wp-caption-text--hide\"><\/figcaption>\n\t\t<\/figure>\n\t<\/div>\n\n\n<p>O presidente do <strong>Ir\u00e3<\/strong>, Hassan Rohani, afirmou no \u00faltimo domingo (14) que acredita em &#8220;conversa\u00e7\u00f5es&#8221;. &#8220;Se eles removerem as san\u00e7\u00f5es, encerrarem a press\u00e3o econ\u00f4mica e voltarem ao acordo, estaremos prontos para conversar com a Am\u00e9rica hoje, agora e em qualquer lugar, contanto que encerrem as intimida\u00e7\u00f5es e puni\u00e7\u00f5es&#8221;, disse o presidente.<\/p>\n<p>Al\u00e9m disso, o Rohani afirmou que a estrat\u00e9gia do pa\u00eds persa \u00e9 tratar os EUA da mesma forma que eles os tratam.<\/p>\n<p>&#8220;Mudamos nossa estrat\u00e9gia da paci\u00eancia para retalia\u00e7\u00e3o. Qualquer a\u00e7\u00e3o que o outro lado tome, retaliaremos \u00e0 altura. Se eles reduzirem, n\u00f3s tamb\u00e9m vamos reduzir nossos compromisso [com o acordo nuclear]. Se eles os implementarem, n\u00f3s tamb\u00e9m implementaremos os nossos&#8221;, disse Hassan.<\/p>\n<p>Preocupados com a tens\u00e3o geopol\u00edtica, o Reino Unido se manifestou nesta segunda-feira (15) afirmando que existe uma &#8220;janela pequena&#8221; de tempo para salvar o acordo.<\/p>\n<p>&#8220;O Ir\u00e3 ainda demora um bom ano para desenvolver uma bomba nuclear. Ainda existe uma janela pequena, mas que est\u00e1 se fechando, para manter o acordo vivo&#8221;, disse o secret\u00e1rio das Rela\u00e7\u00f5es Exteriores brit\u00e2nico, Jeremy Hunt.<\/p>\n\t<p>\n\t\t<a href=\"https:\/\/lp.suno.com.br\/4-emissao-snel11\/\" target=\"_blank\" data-element=\"shortcode-suno-banner\" title=\"Banner SUNO, clique e saiba mais\">\n\t\t\t<picture>\n\t\t\t\t<source media=\"(max-width: 500px)\" srcset=\"https:\/\/files.sunoresearch.com.br\/n\/uploads\/2025\/07\/400x300-Mobile-Artigos-7.webp\">\n\t\t\t\t<img class=\"newsContent__article__imgCapa newsContent__article__imgCapa--banner\"\n\t\t\t\t\tsrc=\"https:\/\/files.sunoresearch.com.br\/n\/uploads\/2025\/07\/1420x240-Banner-Artigos-1-_-Banner-Materias-5.webp\"\n\t\t\t\t\tdata-promo-id=\"613822\"\t\t\t\t\t\t\t\t\t\twidth='1420' height='240'\t\t\t\t\talt=\"https:\/\/files.sunoresearch.com.br\/n\/uploads\/2025\/07\/1420x240-Banner-Artigos-1-_-Banner-Materias-5.webp\"\n\t\t\t\t>\n\t\t\t<\/picture>\n\t\t<\/a>\n\t<\/p>\n\n\n<h2>Ir\u00e3 amea\u00e7a aumentar enriquecimento de ur\u00e2nio<\/h2>\n<p>Na \u00faltima segunda-feira (8), o governo do Ir\u00e3 amea\u00e7ou aumentar o enriquecimento de ur\u00e2nio em 20% se os pa\u00edses n\u00e3o contornarem as san\u00e7\u00f5es econ\u00f4micas impostas pelos Estados Unidos. Esse aumento continua distante do necess\u00e1rio para a produ\u00e7\u00e3o de bomba at\u00f4mica<\/p>\n<p>Dessa forma, os pa\u00edses participantes do acordo nuclear se manifestaram.<\/p>\n<p><a href=\"\/\/www.suno.com.br\/noticias\/eua-pretoleo-ira-sancoes\/\">Saiba Mais:\u00a0EUA v\u00e3o aplicar san\u00e7\u00f5es econ\u00f4micas a pa\u00edses que importarem petr\u00f3leo do Ir\u00e3<\/a><\/p>\n<p>A China disse que &#8220;a press\u00e3o m\u00e1xima dos EUA sobre o Ir\u00e3 \u00e9 a fonte da crise nuclear iraniana. Os fatos demonstram que a intimida\u00e7\u00e3o unilateral se torna cada dia mais perigosa e crises ainda mais importante&#8221;.<\/p>\n<p>Por sua vez, a Uni\u00e3o Europeia afirmou que &#8220;estamos extremamente preocupado pelos an\u00fancios de que o<strong> Ir\u00e3<\/strong> enriquecer\u00e1 ur\u00e2nio al\u00e9m do limite previsto no acordo nuclear&#8221;.<\/p>\n","protected":false},"excerpt":{"rendered":"<p>Em mais um cap\u00edtulo da tens\u00e3o geopol\u00edtica, o Ir\u00e3 se manifestou afirmando estar disposto a negocia\u00e7\u00f5es desde que os Estados Unidos retirem as san\u00e7\u00f5es econ\u00f4micas e retornem ao acordo nuclear. O presidente do Ir\u00e3, Hassan Rohani, afirmou no \u00faltimo domingo (14) que acredita em &#8220;conversa\u00e7\u00f5es&#8221;. &#8220;Se eles removerem as san\u00e7\u00f5es, encerrarem a press\u00e3o econ\u00f4mica e [&hellip;]<\/p>\n","protected":false},"author":15,"featured_media":28339,"comment_status":"closed","ping_status":"closed","sticky":false,"template":"","format":"standard","meta":[],"categories":[63],"tags":[793,1458],"suno_strategy":[],"class_list":["post-31019","post","type-post","status-publish","format-standard","has-post-thumbnail","hentry","category-internacional","tag-estados-unidos-eua","tag-ira"],"yoast_head":"<!-- This site is optimized with the Yoast SEO plugin v24.4 - https:\/\/yoast.com\/wordpress\/plugins\/seo\/ -->\n<title>Ir\u00e3 est\u00e1 disposto a negociar com os EUA desde que retirem as san\u00e7\u00f5es<\/title>\n<meta name=\"description\" content=\"O Ir\u00e3 afirmou estar disposto a negociar com os EUA desde que as san\u00e7\u00f5es econ\u00f4micas sejam retiradas e o pa\u00eds volte ao acordo. Clique aqui\" \/>\n<meta name=\"robots\" content=\"index, follow, max-snippet:-1, max-image-preview:large, max-video-preview:-1\" \/>\n<link rel=\"canonical\" href=\"https:\/\/www.suno.com.br\/noticias\/ira-eua-sancoes-economicas-negociar\/\" \/>\n<meta property=\"og:locale\" content=\"pt_BR\" \/>\n<meta property=\"og:type\" content=\"article\" \/>\n<meta property=\"og:title\" content=\"Ir\u00e3 est\u00e1 disposto a negociar com os EUA desde que retirem as san\u00e7\u00f5es\" \/>\n<meta property=\"og:description\" content=\"O Ir\u00e3 afirmou estar disposto a negociar com os EUA desde que as san\u00e7\u00f5es econ\u00f4micas sejam retiradas e o pa\u00eds volte ao acordo. Clique aqui\" \/>\n<meta property=\"og:url\" content=\"https:\/\/www.suno.com.br\/noticias\/ira-eua-sancoes-economicas-negociar\/\" \/>\n<meta property=\"og:site_name\" content=\"Suno Not\u00edcias\" \/>\n<meta property=\"article:publisher\" content=\"https:\/\/facebook.com\/sunoresearch\" \/>\n<meta property=\"og:image\" content=\"https:\/\/files.sunoresearch.com.br\/n\/uploads\/2019\/06\/51070350-ir\u00e3-uranio-enriquecido.jpg\" \/>\n\t<meta property=\"og:image:width\" content=\"650\" \/>\n\t<meta property=\"og:image:height\" content=\"365\" \/>\n\t<meta property=\"og:image:type\" content=\"image\/jpeg\" \/>\n<meta name=\"author\" content=\"Poliana Santos\" \/>\n<meta name=\"twitter:card\" content=\"summary_large_image\" \/>\n<meta name=\"twitter:creator\" content=\"@sunoresearch\" \/>\n<meta name=\"twitter:site\" content=\"@sunoresearch\" \/>\n<meta name=\"twitter:label1\" content=\"Escrito por\" \/>\n\t<meta name=\"twitter:data1\" content=\"Poliana Santos\" \/>\n\t<meta name=\"twitter:label2\" content=\"Est. tempo de leitura\" \/>\n\t<meta name=\"twitter:data2\" content=\"2 minutos\" \/>\n<script type=\"application\/ld+json\" class=\"yoast-schema-graph\">{\"@context\":\"https:\/\/schema.org\",\"@graph\":[{\"@type\":\"NewsArticle\",\"@id\":\"https:\/\/www.suno.com.br\/noticias\/ira-eua-sancoes-economicas-negociar\/#article\",\"isPartOf\":{\"@id\":\"https:\/\/www.suno.com.br\/noticias\/ira-eua-sancoes-economicas-negociar\/\"},\"author\":{\"name\":\"Poliana Santos\",\"@id\":\"https:\/\/www.suno.com.br\/noticias\/#\/schema\/person\/02ec1f752758247878a2bf4abee1aeda\"},\"headline\":\"Ir\u00e3 est\u00e1 disposto a negociar com os EUA desde que retirem as san\u00e7\u00f5es\",\"datePublished\":\"2019-07-15T14:05:14+00:00\",\"mainEntityOfPage\":{\"@id\":\"https:\/\/www.suno.com.br\/noticias\/ira-eua-sancoes-economicas-negociar\/\"},\"wordCount\":401,\"publisher\":{\"@id\":\"https:\/\/www.suno.com.br\/noticias\/#organization\"},\"image\":{\"@id\":\"https:\/\/www.suno.com.br\/noticias\/ira-eua-sancoes-economicas-negociar\/#primaryimage\"},\"thumbnailUrl\":\"https:\/\/files.sunoresearch.com.br\/n\/uploads\/2019\/06\/51070350-ir\u00e3-uranio-enriquecido-jpg.webp\",\"keywords\":[\"Estados Unidos (EUA)\",\"Ir\u00e3\"],\"articleSection\":[\"Internacional\"],\"inLanguage\":\"pt-BR\"},{\"@type\":\"WebPage\",\"@id\":\"https:\/\/www.suno.com.br\/noticias\/ira-eua-sancoes-economicas-negociar\/\",\"url\":\"https:\/\/www.suno.com.br\/noticias\/ira-eua-sancoes-economicas-negociar\/\",\"name\":\"Ir\u00e3 est\u00e1 disposto a negociar com os EUA desde que retirem as san\u00e7\u00f5es\",\"isPartOf\":{\"@id\":\"https:\/\/www.suno.com.br\/noticias\/#website\"},\"primaryImageOfPage\":{\"@id\":\"https:\/\/www.suno.com.br\/noticias\/ira-eua-sancoes-economicas-negociar\/#primaryimage\"},\"image\":{\"@id\":\"https:\/\/www.suno.com.br\/noticias\/ira-eua-sancoes-economicas-negociar\/#primaryimage\"},\"thumbnailUrl\":\"https:\/\/files.sunoresearch.com.br\/n\/uploads\/2019\/06\/51070350-ir\u00e3-uranio-enriquecido-jpg.webp\",\"datePublished\":\"2019-07-15T14:05:14+00:00\",\"description\":\"O Ir\u00e3 afirmou estar disposto a negociar com os EUA desde que as san\u00e7\u00f5es econ\u00f4micas sejam retiradas e o pa\u00eds volte ao acordo. Clique aqui\",\"breadcrumb\":{\"@id\":\"https:\/\/www.suno.com.br\/noticias\/ira-eua-sancoes-economicas-negociar\/#breadcrumb\"},\"inLanguage\":\"pt-BR\",\"potentialAction\":[{\"@type\":\"ReadAction\",\"target\":[\"https:\/\/www.suno.com.br\/noticias\/ira-eua-sancoes-economicas-negociar\/\"]}]},{\"@type\":\"ImageObject\",\"inLanguage\":\"pt-BR\",\"@id\":\"https:\/\/www.suno.com.br\/noticias\/ira-eua-sancoes-economicas-negociar\/#primaryimage\",\"url\":\"https:\/\/files.sunoresearch.com.br\/n\/uploads\/2019\/06\/51070350-ir\u00e3-uranio-enriquecido-jpg.webp\",\"contentUrl\":\"https:\/\/files.sunoresearch.com.br\/n\/uploads\/2019\/06\/51070350-ir\u00e3-uranio-enriquecido-jpg.webp\",\"width\":650,\"height\":365,\"caption\":\"Ir\u00e3\"},{\"@type\":\"BreadcrumbList\",\"@id\":\"https:\/\/www.suno.com.br\/noticias\/ira-eua-sancoes-economicas-negociar\/#breadcrumb\",\"itemListElement\":[{\"@type\":\"ListItem\",\"position\":1,\"name\":\"Not\u00edcias\",\"item\":\"https:\/\/www.suno.com.br\/noticias\/\"},{\"@type\":\"ListItem\",\"position\":2,\"name\":\"Internacional\",\"item\":\"https:\/\/www.suno.com.br\/noticias\/internacional\/\"},{\"@type\":\"ListItem\",\"position\":3,\"name\":\"Ir\u00e3 est\u00e1 disposto a negociar com os EUA desde que retirem as san\u00e7\u00f5es\"}]},{\"@type\":\"WebSite\",\"@id\":\"https:\/\/www.suno.com.br\/noticias\/#website\",\"url\":\"https:\/\/www.suno.com.br\/noticias\/\",\"name\":\"Suno Not\u00edcias\",\"description\":\"Seu portal de informa\u00e7\u00e3o sobre o mundo dos investimentos\",\"publisher\":{\"@id\":\"https:\/\/www.suno.com.br\/noticias\/#organization\"},\"potentialAction\":[{\"@type\":\"SearchAction\",\"target\":{\"@type\":\"EntryPoint\",\"urlTemplate\":\"https:\/\/www.suno.com.br\/noticias\/?s={search_term_string}\"},\"query-input\":{\"@type\":\"PropertyValueSpecification\",\"valueRequired\":true,\"valueName\":\"search_term_string\"}}],\"inLanguage\":\"pt-BR\"},{\"@type\":\"Organization\",\"@id\":\"https:\/\/www.suno.com.br\/noticias\/#organization\",\"name\":\"Suno Not\u00edcias\",\"url\":\"https:\/\/www.suno.com.br\/noticias\/\",\"logo\":{\"@type\":\"ImageObject\",\"inLanguage\":\"pt-BR\",\"@id\":\"https:\/\/www.suno.com.br\/noticias\/#\/schema\/logo\/image\/\",\"url\":\"https:\/\/files.sunoresearch.com.br\/n\/uploads\/2021\/09\/suno-logo.png\",\"contentUrl\":\"https:\/\/files.sunoresearch.com.br\/n\/uploads\/2021\/09\/suno-logo.png\",\"width\":180,\"height\":180,\"caption\":\"Suno Not\u00edcias\"},\"image\":{\"@id\":\"https:\/\/www.suno.com.br\/noticias\/#\/schema\/logo\/image\/\"},\"sameAs\":[\"https:\/\/facebook.com\/sunoresearch\",\"https:\/\/x.com\/sunoresearch\",\"https:\/\/www.instagram.com\/suno\",\"https:\/\/www.linkedin.com\/company\/suno-research\/\",\"https:\/\/www.youtube.com\/c\/sunoresearch\"]},{\"@type\":\"Person\",\"@id\":\"https:\/\/www.suno.com.br\/noticias\/#\/schema\/person\/02ec1f752758247878a2bf4abee1aeda\",\"name\":\"Poliana Santos\",\"image\":{\"@type\":\"ImageObject\",\"inLanguage\":\"pt-BR\",\"@id\":\"https:\/\/www.suno.com.br\/noticias\/#\/schema\/person\/image\/\",\"url\":\"https:\/\/secure.gravatar.com\/avatar\/0645bd32f23d87b2130f2b2dff1d3f8d?s=96&r=g\",\"contentUrl\":\"https:\/\/secure.gravatar.com\/avatar\/0645bd32f23d87b2130f2b2dff1d3f8d?s=96&r=g\",\"caption\":\"Poliana Santos\"},\"description\":\"Rep\u00f3rter no Suno Not\u00edcias, com cobertura em mercado financeiro, economia, finan\u00e7as pessoais, renda fixa e varejo. Jornalista formada pela Faculdade C\u00e1sper L\u00edbero e possui passagem na R\u00e1dio Gazeta AM com a produ\u00e7\u00e3o de conte\u00fado sobre economia, pol\u00edtica, sa\u00fade, moda e m\u00fasica. Possui certificado de conclus\u00e3o do curso de An\u00e1lise de Balan\u00e7os pela Funda\u00e7\u00e3o Bradesco, Agenda Brasil pela FAAP, Educa\u00e7\u00e3o Pol\u00edtica por Alexandre Garcia e do Tesouro Direto e Mercado de A\u00e7\u00f5es pela B3.\",\"url\":\"https:\/\/www.suno.com.br\/noticias\/author\/poliana-santos\/\"}]}<\/script>\n<!-- \/ Yoast SEO plugin. -->","yoast_head_json":{"title":"Ir\u00e3 est\u00e1 disposto a negociar com os EUA desde que retirem as san\u00e7\u00f5es","description":"O Ir\u00e3 afirmou estar disposto a negociar com os EUA desde que as san\u00e7\u00f5es econ\u00f4micas sejam retiradas e o pa\u00eds volte ao acordo. Clique aqui","robots":{"index":"index","follow":"follow","max-snippet":"max-snippet:-1","max-image-preview":"max-image-preview:large","max-video-preview":"max-video-preview:-1"},"canonical":"https:\/\/www.suno.com.br\/noticias\/ira-eua-sancoes-economicas-negociar\/","og_locale":"pt_BR","og_type":"article","og_title":"Ir\u00e3 est\u00e1 disposto a negociar com os EUA desde que retirem as san\u00e7\u00f5es","og_description":"O Ir\u00e3 afirmou estar disposto a negociar com os EUA desde que as san\u00e7\u00f5es econ\u00f4micas sejam retiradas e o pa\u00eds volte ao acordo. Clique aqui","og_url":"https:\/\/www.suno.com.br\/noticias\/ira-eua-sancoes-economicas-negociar\/","og_site_name":"Suno Not\u00edcias","article_publisher":"https:\/\/facebook.com\/sunoresearch","og_image":[{"width":650,"height":365,"url":"https:\/\/files.sunoresearch.com.br\/n\/uploads\/2019\/06\/51070350-ir\u00e3-uranio-enriquecido.jpg","type":"image\/jpeg"}],"author":"Poliana Santos","twitter_card":"summary_large_image","twitter_creator":"@sunoresearch","twitter_site":"@sunoresearch","twitter_misc":{"Escrito por":"Poliana Santos","Est. tempo de leitura":"2 minutos"},"schema":{"@context":"https:\/\/schema.org","@graph":[{"@type":"NewsArticle","@id":"https:\/\/www.suno.com.br\/noticias\/ira-eua-sancoes-economicas-negociar\/#article","isPartOf":{"@id":"https:\/\/www.suno.com.br\/noticias\/ira-eua-sancoes-economicas-negociar\/"},"author":{"name":"Poliana Santos","@id":"https:\/\/www.suno.com.br\/noticias\/#\/schema\/person\/02ec1f752758247878a2bf4abee1aeda"},"headline":"Ir\u00e3 est\u00e1 disposto a negociar com os EUA desde que retirem as san\u00e7\u00f5es","datePublished":"2019-07-15T14:05:14+00:00","mainEntityOfPage":{"@id":"https:\/\/www.suno.com.br\/noticias\/ira-eua-sancoes-economicas-negociar\/"},"wordCount":401,"publisher":{"@id":"https:\/\/www.suno.com.br\/noticias\/#organization"},"image":{"@id":"https:\/\/www.suno.com.br\/noticias\/ira-eua-sancoes-economicas-negociar\/#primaryimage"},"thumbnailUrl":"https:\/\/files.sunoresearch.com.br\/n\/uploads\/2019\/06\/51070350-ir\u00e3-uranio-enriquecido-jpg.webp","keywords":["Estados Unidos (EUA)","Ir\u00e3"],"articleSection":["Internacional"],"inLanguage":"pt-BR"},{"@type":"WebPage","@id":"https:\/\/www.suno.com.br\/noticias\/ira-eua-sancoes-economicas-negociar\/","url":"https:\/\/www.suno.com.br\/noticias\/ira-eua-sancoes-economicas-negociar\/","name":"Ir\u00e3 est\u00e1 disposto a negociar com os EUA desde que retirem as san\u00e7\u00f5es","isPartOf":{"@id":"https:\/\/www.suno.com.br\/noticias\/#website"},"primaryImageOfPage":{"@id":"https:\/\/www.suno.com.br\/noticias\/ira-eua-sancoes-economicas-negociar\/#primaryimage"},"image":{"@id":"https:\/\/www.suno.com.br\/noticias\/ira-eua-sancoes-economicas-negociar\/#primaryimage"},"thumbnailUrl":"https:\/\/files.sunoresearch.com.br\/n\/uploads\/2019\/06\/51070350-ir\u00e3-uranio-enriquecido-jpg.webp","datePublished":"2019-07-15T14:05:14+00:00","description":"O Ir\u00e3 afirmou estar disposto a negociar com os EUA desde que as san\u00e7\u00f5es econ\u00f4micas sejam retiradas e o pa\u00eds volte ao acordo. Clique aqui","breadcrumb":{"@id":"https:\/\/www.suno.com.br\/noticias\/ira-eua-sancoes-economicas-negociar\/#breadcrumb"},"inLanguage":"pt-BR","potentialAction":[{"@type":"ReadAction","target":["https:\/\/www.suno.com.br\/noticias\/ira-eua-sancoes-economicas-negociar\/"]}]},{"@type":"ImageObject","inLanguage":"pt-BR","@id":"https:\/\/www.suno.com.br\/noticias\/ira-eua-sancoes-economicas-negociar\/#primaryimage","url":"https:\/\/files.sunoresearch.com.br\/n\/uploads\/2019\/06\/51070350-ir\u00e3-uranio-enriquecido-jpg.webp","contentUrl":"https:\/\/files.sunoresearch.com.br\/n\/uploads\/2019\/06\/51070350-ir\u00e3-uranio-enriquecido-jpg.webp","width":650,"height":365,"caption":"Ir\u00e3"},{"@type":"BreadcrumbList","@id":"https:\/\/www.suno.com.br\/noticias\/ira-eua-sancoes-economicas-negociar\/#breadcrumb","itemListElement":[{"@type":"ListItem","position":1,"name":"Not\u00edcias","item":"https:\/\/www.suno.com.br\/noticias\/"},{"@type":"ListItem","position":2,"name":"Internacional","item":"https:\/\/www.suno.com.br\/noticias\/internacional\/"},{"@type":"ListItem","position":3,"name":"Ir\u00e3 est\u00e1 disposto a negociar com os EUA desde que retirem as san\u00e7\u00f5es"}]},{"@type":"WebSite","@id":"https:\/\/www.suno.com.br\/noticias\/#website","url":"https:\/\/www.suno.com.br\/noticias\/","name":"Suno Not\u00edcias","description":"Seu portal de informa\u00e7\u00e3o sobre o mundo dos investimentos","publisher":{"@id":"https:\/\/www.suno.com.br\/noticias\/#organization"},"potentialAction":[{"@type":"SearchAction","target":{"@type":"EntryPoint","urlTemplate":"https:\/\/www.suno.com.br\/noticias\/?s={search_term_string}"},"query-input":{"@type":"PropertyValueSpecification","valueRequired":true,"valueName":"search_term_string"}}],"inLanguage":"pt-BR"},{"@type":"Organization","@id":"https:\/\/www.suno.com.br\/noticias\/#organization","name":"Suno Not\u00edcias","url":"https:\/\/www.suno.com.br\/noticias\/","logo":{"@type":"ImageObject","inLanguage":"pt-BR","@id":"https:\/\/www.suno.com.br\/noticias\/#\/schema\/logo\/image\/","url":"https:\/\/files.sunoresearch.com.br\/n\/uploads\/2021\/09\/suno-logo.png","contentUrl":"https:\/\/files.sunoresearch.com.br\/n\/uploads\/2021\/09\/suno-logo.png","width":180,"height":180,"caption":"Suno Not\u00edcias"},"image":{"@id":"https:\/\/www.suno.com.br\/noticias\/#\/schema\/logo\/image\/"},"sameAs":["https:\/\/facebook.com\/sunoresearch","https:\/\/x.com\/sunoresearch","https:\/\/www.instagram.com\/suno","https:\/\/www.linkedin.com\/company\/suno-research\/","https:\/\/www.youtube.com\/c\/sunoresearch"]},{"@type":"Person","@id":"https:\/\/www.suno.com.br\/noticias\/#\/schema\/person\/02ec1f752758247878a2bf4abee1aeda","name":"Poliana Santos","image":{"@type":"ImageObject","inLanguage":"pt-BR","@id":"https:\/\/www.suno.com.br\/noticias\/#\/schema\/person\/image\/","url":"https:\/\/secure.gravatar.com\/avatar\/0645bd32f23d87b2130f2b2dff1d3f8d?s=96&r=g","contentUrl":"https:\/\/secure.gravatar.com\/avatar\/0645bd32f23d87b2130f2b2dff1d3f8d?s=96&r=g","caption":"Poliana Santos"},"description":"Rep\u00f3rter no Suno Not\u00edcias, com cobertura em mercado financeiro, economia, finan\u00e7as pessoais, renda fixa e varejo. Jornalista formada pela Faculdade C\u00e1sper L\u00edbero e possui passagem na R\u00e1dio Gazeta AM com a produ\u00e7\u00e3o de conte\u00fado sobre economia, pol\u00edtica, sa\u00fade, moda e m\u00fasica. Possui certificado de conclus\u00e3o do curso de An\u00e1lise de Balan\u00e7os pela Funda\u00e7\u00e3o Bradesco, Agenda Brasil pela FAAP, Educa\u00e7\u00e3o Pol\u00edtica por Alexandre Garcia e do Tesouro Direto e Mercado de A\u00e7\u00f5es pela B3.","url":"https:\/\/www.suno.com.br\/noticias\/author\/poliana-santos\/"}]}},"default_loop_html":"<div class=\"cardsPage__listCard__boxs\"><div class=\"cardsPage__listCard__boxs__img\"><a href=\"https:\/\/www.suno.com.br\/noticias\/ira-eua-sancoes-economicas-negociar\/\"><img class=\"mask\" src=\"https:\/\/www.suno.com.br\/noticias\/wp-content\/themes\/suno\/resources\/images\/spotlight\/spotlight1img\/bg-mask.png\" alt=\"Image Mask\"\/><img src=\"https:\/\/files.sunoresearch.com.br\/n\/uploads\/2019\/06\/51070350-ir\u00e3-uranio-enriquecido-400x200.webp\" alt=\"Ir\u00e3 est\u00e1 disposto a negociar com os EUA desde que retirem as san\u00e7\u00f5es\"\/><\/a><span class=\"spotlightCategory\"><a href=\"https:\/\/www.suno.com.br\/noticias\/internacional\/\">Internacional<\/a><\/span><\/div><div class=\"cardsPage__listCard__boxs__content\"><a href=\"https:\/\/www.suno.com.br\/noticias\/ira-eua-sancoes-economicas-negociar\/\"><h2 class=\"content__title\">Ir\u00e3 est\u00e1 disposto a negociar com os EUA desde que retirem as san\u00e7\u00f5es<\/h2><\/a><div class=\"newsContent__article__meta\"><div class=\"newsContent__article__meta__authorBox\"><a href=\"https:\/\/www.suno.com.br\/noticias\/author\/poliana-santos\/\" class=\"authorBox__avatar noMobi\"><img src=\"https:\/\/files.sunoresearch.com.br\/n\/uploads\/2020\/08\/7ef34026-whatsapp-image-2020-08-03-at-12.37.57-150x150.webp\" alt=\"Poliana Santos\"><\/a><div class=\"authorBox__name\"><span>por\n\t\t\t<a href=\"https:\/\/www.suno.com.br\/noticias\/author\/poliana-santos\/\"><span itemprop=\"author\">Poliana Santos<\/span><\/a><\/span><time datetime=\"2019-07-15T11:05:14-03:00\" itemprop=\"datePublished\">15\/07\/2019 11:05<\/time><\/div><\/div><\/div><\/div><\/div>","single_layout":"posts","amp_enabled":true,"_links":{"self":[{"href":"https:\/\/www.suno.com.br\/noticias\/wp-json\/wp\/v2\/posts\/31019"}],"collection":[{"href":"https:\/\/www.suno.com.br\/noticias\/wp-json\/wp\/v2\/posts"}],"about":[{"href":"https:\/\/www.suno.com.br\/noticias\/wp-json\/wp\/v2\/types\/post"}],"author":[{"embeddable":true,"href":"https:\/\/www.suno.com.br\/noticias\/wp-json\/wp\/v2\/users\/15"}],"replies":[{"embeddable":true,"href":"https:\/\/www.suno.com.br\/noticias\/wp-json\/wp\/v2\/comments?post=31019"}],"version-history":[{"count":0,"href":"https:\/\/www.suno.com.br\/noticias\/wp-json\/wp\/v2\/posts\/31019\/revisions"}],"wp:featuredmedia":[{"embeddable":true,"href":"https:\/\/www.suno.com.br\/noticias\/wp-json\/wp\/v2\/media\/28339"}],"wp:attachment":[{"href":"https:\/\/www.suno.com.br\/noticias\/wp-json\/wp\/v2\/media?parent=31019"}],"wp:term":[{"taxonomy":"category","embeddable":true,"href":"https:\/\/www.suno.com.br\/noticias\/wp-json\/wp\/v2\/categories?post=31019"},{"taxonomy":"post_tag","embeddable":true,"href":"https:\/\/www.suno.com.br\/noticias\/wp-json\/wp\/v2\/tags?post=31019"},{"taxonomy":"suno_strategy","embeddable":true,"href":"https:\/\/www.suno.com.br\/noticias\/wp-json\/wp\/v2\/suno_strategy?post=31019"}],"curies":[{"name":"wp","href":"https:\/\/api.w.org\/{rel}","templated":true}]}}