{"id":31018,"date":"2019-07-15T10:51:23","date_gmt":"2019-07-15T13:51:23","guid":{"rendered":"https:\/\/www.suno.com.br\/noticias\/?p=31018"},"modified":"2019-07-15T10:51:23","modified_gmt":"2019-07-15T13:51:23","slug":"oas-dever-ter-falencia-decretada","status":"publish","type":"post","link":"https:\/\/www.suno.com.br\/noticias\/oas-dever-ter-falencia-decretada\/","title":{"rendered":"Empreiteira OAS deve ter fal\u00eancia decretada pela Justi\u00e7a"},"content":{"rendered":"<p>A OAS, uma das maiores empreiteiras do pa\u00eds, corre risco de falir, segundo a &#8220;Folha de S.Paulo&#8221;, nesta segunda-feira (15). Tudo teve in\u00edcio em novembro de 2014, quando o presidente da empresa, L\u00e9o Pinheiro, foi preso pela Pol\u00edcia Federal, na Opera\u00e7\u00e3o Lava Jato.<\/p>\t<div class=\"wrapper-featured-image\">\n\t\t<figure class=\"spotlightImg\">\n\n\t\t\t<picture>\n\t\t\t\t<source media=\"(max-width: 768px)\" srcset=\"https:\/\/files.sunoresearch.com.br\/n\/uploads\/2019\/07\/0b6c750b-oas-400x200.webp\">\n\t\t\t\t<img loading=\"lazy\" decoding=\"async\" class=\"newsContent__article__imgCapa lazyloadDisabled newsContent__article__imgCapa--noCaption\" src=\"https:\/\/files.sunoresearch.com.br\/n\/uploads\/2019\/07\/0b6c750b-oas-800x450.webp\" width=\"800\" height=\"450\" alt=\"Empreiteira OAS deve ter fal\u00eancia decretada pela Justi\u00e7a\" fetchpriority=high \/>\n\t\t\t<\/picture>\n\n\t\t\t<figcaption class=\"wp-caption-text wp-caption-text--hide\">Empreiteira OAS deve ter fal\u00eancia decretada pela Justi\u00e7a<\/figcaption>\n\t\t<\/figure>\n\t<\/div>\n\n\n<p>No ano em que seu presidente foi preso, a <strong>OAS<\/strong> registrava uma receita bruta de R$ 7,7 bilh\u00f5es. No entanto, sua situa\u00e7\u00e3o a se agravar ap\u00f3s a pris\u00e3o, segundo os relat\u00f3rios entregues \u00e0 Justi\u00e7a, e em 2015 foi aberta a <strong>recupera\u00e7\u00e3o judicial<\/strong> da companhia.<\/p>\n\t<p>\n\t\t<a href=\"https:\/\/lp2.suno.com.br\/cl\/black-friday-2025\/?utm_campaign=_SNCDF0E4858_\" target=\"_blank\" data-element=\"shortcode-suno-banner\" title=\"Banner SUNO, clique e saiba mais\">\n\t\t\t<picture>\n\t\t\t\t<source media=\"(max-width: 500px)\" srcset=\"https:\/\/files.sunoresearch.com.br\/n\/uploads\/2025\/10\/Artigos-e-Noticias-Banner-Home-artigos-01-Mobile_-400x300-1-png.webp\">\n\t\t\t\t<img class=\"newsContent__article__imgCapa newsContent__article__imgCapa--banner\"\n\t\t\t\t\tsrc=\"https:\/\/files.sunoresearch.com.br\/n\/uploads\/2025\/10\/Artigos-e-Noticias-Banner-Home-artigos-01-Desktop_-1420x240-1-png.webp\"\n\t\t\t\t\tdata-promo-id=\"311259\"\t\t\t\t\t\t\t\t\t\twidth='1420' height='240'\t\t\t\t\talt=\"https:\/\/files.sunoresearch.com.br\/n\/uploads\/2025\/10\/Artigos-e-Noticias-Banner-Home-artigos-01-Desktop_-1420x240-1-png.webp\"\n\t\t\t\t>\n\t\t\t<\/picture>\n\t\t<\/a>\n\t<\/p>\n\n\n<p>Nos \u00faltimos meses, a administradora judicial Alvarez &amp; Marsal apontou em documentos que a situa\u00e7\u00e3o da empreiteira \u00e9 grave. Tanto que, em um dos documentos entregues \u00e0 Justi\u00e7a em abril, afirmou estar em d\u00favida sobre &#8220;a capacidade de soerguimento das suas atividades empresariais&#8221;.<\/p>\n<p>J\u00e1 em junho deste ano, a administradora da recupera\u00e7\u00e3o afirmou que o grupo est\u00e1 em &#8220;est\u00e1gio cr\u00edtica&#8221; e que depende de recursos extraordin\u00e1rios para se manter. Esses recursos s\u00e3o captados atrav\u00e9s da venda de ativos e antecipa\u00e7\u00e3o de precat\u00f3rios.<\/p>\n<p>Isso porque os valores vindos das obras da empreiteira t\u00eam sido baixos, j\u00e1 que, desde o pedido de recupera\u00e7\u00e3o judicial, a empresa passou de 80 <strong>obras<\/strong> no Brasil e no exterior para cerca de 20.<\/p>\n<p><a href=\"https:\/\/www.suno.com.br\/noticias\/hapvida-oferta-acoes-publica\/\">Leia tamb\u00e9m:\u00a0O Grupo Hapvida anuncia oferta de 46 milh\u00f5es de a\u00e7\u00f5es<\/a><\/p>\n<h2>Recupera\u00e7\u00e3o e futuro da OAS<\/h2>\n<p>De acordo com a Alvarez &amp; Marsal, devido as dificuldades da OAS em pagar seus fornecedores e funcion\u00e1rios, os pedidos para que a Justi\u00e7a decrete a fal\u00eancia da empresa vem aumentando.<\/p>\n<p>A situa\u00e7\u00e3o tenha at\u00e9 foi aliviada por conta do repasse das a\u00e7\u00f5es da <strong>Invepar<\/strong> (uma holding de infraestrutura dona da concess\u00e3o do aeroporto de Guarulhos e do metr\u00f4 do Rio de Janeiro) para seus antigos credores que est\u00e3o na recupera\u00e7\u00e3o judicial. Entretanto, a medida n\u00e3o foi suficiente para livrar a empresa da &#8216;caminhada&#8217; para \u00e0 fal\u00eancia.<\/p>\n<p>Tanto que, ap\u00f3s a an\u00e1lise dos relat\u00f3rios entregados pela administradora, o Minist\u00e9rio P\u00fablico cobrou explica\u00e7\u00f5es da empreiteira apontando que existe a possibilidade da mesma falir.<\/p>\n\t<p>\n\t\t<a href=\"https:\/\/lp.suno.com.br\/planilha-da-vida-financeira\/\" target=\"_blank\" data-element=\"shortcode-suno-banner\" title=\"Banner SUNO, clique e saiba mais\">\n\t\t\t<picture>\n\t\t\t\t<source media=\"(max-width: 500px)\" srcset=\"https:\/\/files.sunoresearch.com.br\/n\/uploads\/2023\/04\/400x300-Planilha-vida-financeira-true.png\">\n\t\t\t\t<img class=\"newsContent__article__imgCapa newsContent__article__imgCapa--banner\"\n\t\t\t\t\tsrc=\"https:\/\/files.sunoresearch.com.br\/n\/uploads\/2023\/04\/1420x240-Planilha-vida-financeira-true.png\"\n\t\t\t\t\tdata-promo-id=\"383123\"\t\t\t\t\t\t\t\t\t\twidth='1420' height='240'\t\t\t\t\talt=\"https:\/\/files.sunoresearch.com.br\/n\/uploads\/2023\/04\/1420x240-Planilha-vida-financeira-true.png\"\n\t\t\t\t>\n\t\t\t<\/picture>\n\t\t<\/a>\n\t<\/p>\n\n\n<p>Agora a empresa aguarda a decis\u00e3o da Justi\u00e7a sobre encerrar ou n\u00e3o o pedido do processo de <strong>recupera\u00e7\u00e3o<\/strong> <strong>judicial<\/strong> em vigor, que aponta uma d\u00edvida de R$ 8 bilh\u00f5es da <strong>OAS<\/strong>. Caso seja aceito, a empreiteira ficar\u00e1 exposta para que aconte\u00e7a a sua fal\u00eancia.<\/p>\n","protected":false},"excerpt":{"rendered":"<p>A OAS, uma das maiores empreiteiras do pa\u00eds, corre risco de falir, segundo a &#8220;Folha de S.Paulo&#8221;, nesta segunda-feira (15). Tudo teve in\u00edcio em novembro de 2014, quando o presidente da empresa, L\u00e9o Pinheiro, foi preso pela Pol\u00edcia Federal, na Opera\u00e7\u00e3o Lava Jato. Empreiteira OAS deve ter fal\u00eancia decretada pela Justi\u00e7a No ano em que [&hellip;]<\/p>\n","protected":false},"author":11,"featured_media":31021,"comment_status":"closed","ping_status":"closed","sticky":false,"template":"","format":"standard","meta":[],"categories":[64],"tags":[762],"suno_strategy":[],"class_list":["post-31018","post","type-post","status-publish","format-standard","has-post-thumbnail","hentry","category-negocios","tag-oas"],"yoast_head":"<!-- This site is optimized with the Yoast SEO plugin v24.4 - https:\/\/yoast.com\/wordpress\/plugins\/seo\/ -->\n<title>Empreiteira OAS deve ter fal\u00eancia decretada pela Justi\u00e7a<\/title>\n<meta name=\"description\" content=\"Em recupera\u00e7\u00e3o judicial desde 2015, a empreiteira OAS tem uma d\u00edvida acumulada em R$ 8 bilh\u00f5es com credores. Clique para saber mais.\" \/>\n<meta name=\"robots\" content=\"index, follow, max-snippet:-1, max-image-preview:large, max-video-preview:-1\" \/>\n<link rel=\"canonical\" href=\"https:\/\/www.suno.com.br\/noticias\/oas-dever-ter-falencia-decretada\/\" \/>\n<meta property=\"og:locale\" content=\"pt_BR\" \/>\n<meta property=\"og:type\" content=\"article\" \/>\n<meta property=\"og:title\" content=\"Empreiteira OAS deve ter fal\u00eancia decretada pela Justi\u00e7a\" \/>\n<meta property=\"og:description\" content=\"Em recupera\u00e7\u00e3o judicial desde 2015, a empreiteira OAS tem uma d\u00edvida acumulada em R$ 8 bilh\u00f5es com credores. Clique para saber mais.\" \/>\n<meta property=\"og:url\" content=\"https:\/\/www.suno.com.br\/noticias\/oas-dever-ter-falencia-decretada\/\" \/>\n<meta property=\"og:site_name\" content=\"Suno Not\u00edcias\" \/>\n<meta property=\"article:publisher\" content=\"https:\/\/facebook.com\/sunoresearch\" \/>\n<meta property=\"og:image\" content=\"https:\/\/files.sunoresearch.com.br\/n\/uploads\/2019\/07\/0b6c750b-oas.jpg\" \/>\n\t<meta property=\"og:image:width\" content=\"1086\" \/>\n\t<meta property=\"og:image:height\" content=\"652\" \/>\n\t<meta property=\"og:image:type\" content=\"image\/jpeg\" \/>\n<meta name=\"author\" content=\"Renan Bandeira\" \/>\n<meta name=\"twitter:card\" content=\"summary_large_image\" \/>\n<meta name=\"twitter:creator\" content=\"@sunoresearch\" \/>\n<meta name=\"twitter:site\" content=\"@sunoresearch\" \/>\n<meta name=\"twitter:label1\" content=\"Escrito por\" \/>\n\t<meta name=\"twitter:data1\" content=\"Renan Bandeira\" \/>\n\t<meta name=\"twitter:label2\" content=\"Est. tempo de leitura\" \/>\n\t<meta name=\"twitter:data2\" content=\"2 minutos\" \/>\n<script type=\"application\/ld+json\" class=\"yoast-schema-graph\">{\"@context\":\"https:\/\/schema.org\",\"@graph\":[{\"@type\":\"NewsArticle\",\"@id\":\"https:\/\/www.suno.com.br\/noticias\/oas-dever-ter-falencia-decretada\/#article\",\"isPartOf\":{\"@id\":\"https:\/\/www.suno.com.br\/noticias\/oas-dever-ter-falencia-decretada\/\"},\"author\":{\"name\":\"Renan Bandeira\",\"@id\":\"https:\/\/www.suno.com.br\/noticias\/#\/schema\/person\/fc144a1c6108bd1dcd43784e88a3c138\"},\"headline\":\"Empreiteira OAS deve ter fal\u00eancia decretada pela Justi\u00e7a\",\"datePublished\":\"2019-07-15T13:51:23+00:00\",\"mainEntityOfPage\":{\"@id\":\"https:\/\/www.suno.com.br\/noticias\/oas-dever-ter-falencia-decretada\/\"},\"wordCount\":435,\"publisher\":{\"@id\":\"https:\/\/www.suno.com.br\/noticias\/#organization\"},\"image\":{\"@id\":\"https:\/\/www.suno.com.br\/noticias\/oas-dever-ter-falencia-decretada\/#primaryimage\"},\"thumbnailUrl\":\"https:\/\/files.sunoresearch.com.br\/n\/uploads\/2019\/07\/0b6c750b-oas-jpg.webp\",\"keywords\":[\"OAS\"],\"articleSection\":[\"Neg\u00f3cios\"],\"inLanguage\":\"pt-BR\"},{\"@type\":\"WebPage\",\"@id\":\"https:\/\/www.suno.com.br\/noticias\/oas-dever-ter-falencia-decretada\/\",\"url\":\"https:\/\/www.suno.com.br\/noticias\/oas-dever-ter-falencia-decretada\/\",\"name\":\"Empreiteira OAS deve ter fal\u00eancia decretada pela Justi\u00e7a\",\"isPartOf\":{\"@id\":\"https:\/\/www.suno.com.br\/noticias\/#website\"},\"primaryImageOfPage\":{\"@id\":\"https:\/\/www.suno.com.br\/noticias\/oas-dever-ter-falencia-decretada\/#primaryimage\"},\"image\":{\"@id\":\"https:\/\/www.suno.com.br\/noticias\/oas-dever-ter-falencia-decretada\/#primaryimage\"},\"thumbnailUrl\":\"https:\/\/files.sunoresearch.com.br\/n\/uploads\/2019\/07\/0b6c750b-oas-jpg.webp\",\"datePublished\":\"2019-07-15T13:51:23+00:00\",\"description\":\"Em recupera\u00e7\u00e3o judicial desde 2015, a empreiteira OAS tem uma d\u00edvida acumulada em R$ 8 bilh\u00f5es com credores. Clique para saber mais.\",\"breadcrumb\":{\"@id\":\"https:\/\/www.suno.com.br\/noticias\/oas-dever-ter-falencia-decretada\/#breadcrumb\"},\"inLanguage\":\"pt-BR\",\"potentialAction\":[{\"@type\":\"ReadAction\",\"target\":[\"https:\/\/www.suno.com.br\/noticias\/oas-dever-ter-falencia-decretada\/\"]}]},{\"@type\":\"ImageObject\",\"inLanguage\":\"pt-BR\",\"@id\":\"https:\/\/www.suno.com.br\/noticias\/oas-dever-ter-falencia-decretada\/#primaryimage\",\"url\":\"https:\/\/files.sunoresearch.com.br\/n\/uploads\/2019\/07\/0b6c750b-oas-jpg.webp\",\"contentUrl\":\"https:\/\/files.sunoresearch.com.br\/n\/uploads\/2019\/07\/0b6c750b-oas-jpg.webp\",\"width\":1086,\"height\":652,\"caption\":\"Empreiteira OAS deve ter fal\u00eancia decretada pela Justi\u00e7a\"},{\"@type\":\"BreadcrumbList\",\"@id\":\"https:\/\/www.suno.com.br\/noticias\/oas-dever-ter-falencia-decretada\/#breadcrumb\",\"itemListElement\":[{\"@type\":\"ListItem\",\"position\":1,\"name\":\"Not\u00edcias\",\"item\":\"https:\/\/www.suno.com.br\/noticias\/\"},{\"@type\":\"ListItem\",\"position\":2,\"name\":\"Neg\u00f3cios\",\"item\":\"https:\/\/www.suno.com.br\/noticias\/negocios\/\"},{\"@type\":\"ListItem\",\"position\":3,\"name\":\"Empreiteira OAS deve ter fal\u00eancia decretada pela Justi\u00e7a\"}]},{\"@type\":\"WebSite\",\"@id\":\"https:\/\/www.suno.com.br\/noticias\/#website\",\"url\":\"https:\/\/www.suno.com.br\/noticias\/\",\"name\":\"Suno Not\u00edcias\",\"description\":\"Seu portal de informa\u00e7\u00e3o sobre o mundo dos investimentos\",\"publisher\":{\"@id\":\"https:\/\/www.suno.com.br\/noticias\/#organization\"},\"potentialAction\":[{\"@type\":\"SearchAction\",\"target\":{\"@type\":\"EntryPoint\",\"urlTemplate\":\"https:\/\/www.suno.com.br\/noticias\/?s={search_term_string}\"},\"query-input\":{\"@type\":\"PropertyValueSpecification\",\"valueRequired\":true,\"valueName\":\"search_term_string\"}}],\"inLanguage\":\"pt-BR\"},{\"@type\":\"Organization\",\"@id\":\"https:\/\/www.suno.com.br\/noticias\/#organization\",\"name\":\"Suno Not\u00edcias\",\"url\":\"https:\/\/www.suno.com.br\/noticias\/\",\"logo\":{\"@type\":\"ImageObject\",\"inLanguage\":\"pt-BR\",\"@id\":\"https:\/\/www.suno.com.br\/noticias\/#\/schema\/logo\/image\/\",\"url\":\"https:\/\/files.sunoresearch.com.br\/n\/uploads\/2021\/09\/suno-logo.png\",\"contentUrl\":\"https:\/\/files.sunoresearch.com.br\/n\/uploads\/2021\/09\/suno-logo.png\",\"width\":180,\"height\":180,\"caption\":\"Suno Not\u00edcias\"},\"image\":{\"@id\":\"https:\/\/www.suno.com.br\/noticias\/#\/schema\/logo\/image\/\"},\"sameAs\":[\"https:\/\/facebook.com\/sunoresearch\",\"https:\/\/x.com\/sunoresearch\",\"https:\/\/www.instagram.com\/suno\",\"https:\/\/www.linkedin.com\/company\/suno-research\/\",\"https:\/\/www.youtube.com\/c\/sunoresearch\"]},{\"@type\":\"Person\",\"@id\":\"https:\/\/www.suno.com.br\/noticias\/#\/schema\/person\/fc144a1c6108bd1dcd43784e88a3c138\",\"name\":\"Renan Bandeira\",\"image\":{\"@type\":\"ImageObject\",\"inLanguage\":\"pt-BR\",\"@id\":\"https:\/\/www.suno.com.br\/noticias\/#\/schema\/person\/image\/\",\"url\":\"https:\/\/secure.gravatar.com\/avatar\/68359cdb608f14f11bbefcb78f3fc747?s=96&r=g\",\"contentUrl\":\"https:\/\/secure.gravatar.com\/avatar\/68359cdb608f14f11bbefcb78f3fc747?s=96&r=g\",\"caption\":\"Renan Bandeira\"},\"description\":\"Renan Bandeira escreve sobre pol\u00edtica e economia para o portal da Suno Research. Antes da Suno, trabalhou em uma rede de televis\u00e3o, onde fazia reportagens sobre os mesmos temas. Estuda na Universidade Metodista de S\u00e3o Paulo.\",\"url\":\"https:\/\/www.suno.com.br\/noticias\/author\/renan-bandeira\/\"}]}<\/script>\n<!-- \/ Yoast SEO plugin. -->","yoast_head_json":{"title":"Empreiteira OAS deve ter fal\u00eancia decretada pela Justi\u00e7a","description":"Em recupera\u00e7\u00e3o judicial desde 2015, a empreiteira OAS tem uma d\u00edvida acumulada em R$ 8 bilh\u00f5es com credores. Clique para saber mais.","robots":{"index":"index","follow":"follow","max-snippet":"max-snippet:-1","max-image-preview":"max-image-preview:large","max-video-preview":"max-video-preview:-1"},"canonical":"https:\/\/www.suno.com.br\/noticias\/oas-dever-ter-falencia-decretada\/","og_locale":"pt_BR","og_type":"article","og_title":"Empreiteira OAS deve ter fal\u00eancia decretada pela Justi\u00e7a","og_description":"Em recupera\u00e7\u00e3o judicial desde 2015, a empreiteira OAS tem uma d\u00edvida acumulada em R$ 8 bilh\u00f5es com credores. Clique para saber mais.","og_url":"https:\/\/www.suno.com.br\/noticias\/oas-dever-ter-falencia-decretada\/","og_site_name":"Suno Not\u00edcias","article_publisher":"https:\/\/facebook.com\/sunoresearch","og_image":[{"width":1086,"height":652,"url":"https:\/\/files.sunoresearch.com.br\/n\/uploads\/2019\/07\/0b6c750b-oas.jpg","type":"image\/jpeg"}],"author":"Renan Bandeira","twitter_card":"summary_large_image","twitter_creator":"@sunoresearch","twitter_site":"@sunoresearch","twitter_misc":{"Escrito por":"Renan Bandeira","Est. tempo de leitura":"2 minutos"},"schema":{"@context":"https:\/\/schema.org","@graph":[{"@type":"NewsArticle","@id":"https:\/\/www.suno.com.br\/noticias\/oas-dever-ter-falencia-decretada\/#article","isPartOf":{"@id":"https:\/\/www.suno.com.br\/noticias\/oas-dever-ter-falencia-decretada\/"},"author":{"name":"Renan Bandeira","@id":"https:\/\/www.suno.com.br\/noticias\/#\/schema\/person\/fc144a1c6108bd1dcd43784e88a3c138"},"headline":"Empreiteira OAS deve ter fal\u00eancia decretada pela Justi\u00e7a","datePublished":"2019-07-15T13:51:23+00:00","mainEntityOfPage":{"@id":"https:\/\/www.suno.com.br\/noticias\/oas-dever-ter-falencia-decretada\/"},"wordCount":435,"publisher":{"@id":"https:\/\/www.suno.com.br\/noticias\/#organization"},"image":{"@id":"https:\/\/www.suno.com.br\/noticias\/oas-dever-ter-falencia-decretada\/#primaryimage"},"thumbnailUrl":"https:\/\/files.sunoresearch.com.br\/n\/uploads\/2019\/07\/0b6c750b-oas-jpg.webp","keywords":["OAS"],"articleSection":["Neg\u00f3cios"],"inLanguage":"pt-BR"},{"@type":"WebPage","@id":"https:\/\/www.suno.com.br\/noticias\/oas-dever-ter-falencia-decretada\/","url":"https:\/\/www.suno.com.br\/noticias\/oas-dever-ter-falencia-decretada\/","name":"Empreiteira OAS deve ter fal\u00eancia decretada pela Justi\u00e7a","isPartOf":{"@id":"https:\/\/www.suno.com.br\/noticias\/#website"},"primaryImageOfPage":{"@id":"https:\/\/www.suno.com.br\/noticias\/oas-dever-ter-falencia-decretada\/#primaryimage"},"image":{"@id":"https:\/\/www.suno.com.br\/noticias\/oas-dever-ter-falencia-decretada\/#primaryimage"},"thumbnailUrl":"https:\/\/files.sunoresearch.com.br\/n\/uploads\/2019\/07\/0b6c750b-oas-jpg.webp","datePublished":"2019-07-15T13:51:23+00:00","description":"Em recupera\u00e7\u00e3o judicial desde 2015, a empreiteira OAS tem uma d\u00edvida acumulada em R$ 8 bilh\u00f5es com credores. Clique para saber mais.","breadcrumb":{"@id":"https:\/\/www.suno.com.br\/noticias\/oas-dever-ter-falencia-decretada\/#breadcrumb"},"inLanguage":"pt-BR","potentialAction":[{"@type":"ReadAction","target":["https:\/\/www.suno.com.br\/noticias\/oas-dever-ter-falencia-decretada\/"]}]},{"@type":"ImageObject","inLanguage":"pt-BR","@id":"https:\/\/www.suno.com.br\/noticias\/oas-dever-ter-falencia-decretada\/#primaryimage","url":"https:\/\/files.sunoresearch.com.br\/n\/uploads\/2019\/07\/0b6c750b-oas-jpg.webp","contentUrl":"https:\/\/files.sunoresearch.com.br\/n\/uploads\/2019\/07\/0b6c750b-oas-jpg.webp","width":1086,"height":652,"caption":"Empreiteira OAS deve ter fal\u00eancia decretada pela Justi\u00e7a"},{"@type":"BreadcrumbList","@id":"https:\/\/www.suno.com.br\/noticias\/oas-dever-ter-falencia-decretada\/#breadcrumb","itemListElement":[{"@type":"ListItem","position":1,"name":"Not\u00edcias","item":"https:\/\/www.suno.com.br\/noticias\/"},{"@type":"ListItem","position":2,"name":"Neg\u00f3cios","item":"https:\/\/www.suno.com.br\/noticias\/negocios\/"},{"@type":"ListItem","position":3,"name":"Empreiteira OAS deve ter fal\u00eancia decretada pela Justi\u00e7a"}]},{"@type":"WebSite","@id":"https:\/\/www.suno.com.br\/noticias\/#website","url":"https:\/\/www.suno.com.br\/noticias\/","name":"Suno Not\u00edcias","description":"Seu portal de informa\u00e7\u00e3o sobre o mundo dos investimentos","publisher":{"@id":"https:\/\/www.suno.com.br\/noticias\/#organization"},"potentialAction":[{"@type":"SearchAction","target":{"@type":"EntryPoint","urlTemplate":"https:\/\/www.suno.com.br\/noticias\/?s={search_term_string}"},"query-input":{"@type":"PropertyValueSpecification","valueRequired":true,"valueName":"search_term_string"}}],"inLanguage":"pt-BR"},{"@type":"Organization","@id":"https:\/\/www.suno.com.br\/noticias\/#organization","name":"Suno Not\u00edcias","url":"https:\/\/www.suno.com.br\/noticias\/","logo":{"@type":"ImageObject","inLanguage":"pt-BR","@id":"https:\/\/www.suno.com.br\/noticias\/#\/schema\/logo\/image\/","url":"https:\/\/files.sunoresearch.com.br\/n\/uploads\/2021\/09\/suno-logo.png","contentUrl":"https:\/\/files.sunoresearch.com.br\/n\/uploads\/2021\/09\/suno-logo.png","width":180,"height":180,"caption":"Suno Not\u00edcias"},"image":{"@id":"https:\/\/www.suno.com.br\/noticias\/#\/schema\/logo\/image\/"},"sameAs":["https:\/\/facebook.com\/sunoresearch","https:\/\/x.com\/sunoresearch","https:\/\/www.instagram.com\/suno","https:\/\/www.linkedin.com\/company\/suno-research\/","https:\/\/www.youtube.com\/c\/sunoresearch"]},{"@type":"Person","@id":"https:\/\/www.suno.com.br\/noticias\/#\/schema\/person\/fc144a1c6108bd1dcd43784e88a3c138","name":"Renan Bandeira","image":{"@type":"ImageObject","inLanguage":"pt-BR","@id":"https:\/\/www.suno.com.br\/noticias\/#\/schema\/person\/image\/","url":"https:\/\/secure.gravatar.com\/avatar\/68359cdb608f14f11bbefcb78f3fc747?s=96&r=g","contentUrl":"https:\/\/secure.gravatar.com\/avatar\/68359cdb608f14f11bbefcb78f3fc747?s=96&r=g","caption":"Renan Bandeira"},"description":"Renan Bandeira escreve sobre pol\u00edtica e economia para o portal da Suno Research. Antes da Suno, trabalhou em uma rede de televis\u00e3o, onde fazia reportagens sobre os mesmos temas. Estuda na Universidade Metodista de S\u00e3o Paulo.","url":"https:\/\/www.suno.com.br\/noticias\/author\/renan-bandeira\/"}]}},"default_loop_html":"<div class=\"cardsPage__listCard__boxs\"><div class=\"cardsPage__listCard__boxs__img\"><a href=\"https:\/\/www.suno.com.br\/noticias\/oas-dever-ter-falencia-decretada\/\"><img class=\"mask\" src=\"https:\/\/www.suno.com.br\/noticias\/wp-content\/themes\/suno\/resources\/images\/spotlight\/spotlight1img\/bg-mask.png\" alt=\"Image Mask\"\/><img src=\"https:\/\/files.sunoresearch.com.br\/n\/uploads\/2019\/07\/0b6c750b-oas-400x200.webp\" alt=\"Empreiteira OAS deve ter fal\u00eancia decretada pela Justi\u00e7a\"\/><\/a><span class=\"spotlightCategory\"><a href=\"https:\/\/www.suno.com.br\/noticias\/negocios\/\">Neg\u00f3cios<\/a><\/span><\/div><div class=\"cardsPage__listCard__boxs__content\"><a href=\"https:\/\/www.suno.com.br\/noticias\/oas-dever-ter-falencia-decretada\/\"><h2 class=\"content__title\">Empreiteira OAS deve ter fal\u00eancia decretada pela Justi\u00e7a<\/h2><\/a><div class=\"newsContent__article__meta\"><div class=\"newsContent__article__meta__authorBox\"><a href=\"https:\/\/www.suno.com.br\/noticias\/author\/renan-bandeira\/\" class=\"authorBox__avatar noMobi\"><img src=\"https:\/\/secure.gravatar.com\/avatar\/68359cdb608f14f11bbefcb78f3fc747?s=96&#038;r=g\" alt=\"Renan Bandeira\"><\/a><div class=\"authorBox__name\"><span>por\n\t\t\t<a href=\"https:\/\/www.suno.com.br\/noticias\/author\/renan-bandeira\/\"><span itemprop=\"author\">Renan Bandeira<\/span><\/a><\/span><time datetime=\"2019-07-15T10:51:23-03:00\" itemprop=\"datePublished\">15\/07\/2019 10:51<\/time><\/div><\/div><\/div><\/div><\/div>","single_layout":"posts","amp_enabled":true,"_links":{"self":[{"href":"https:\/\/www.suno.com.br\/noticias\/wp-json\/wp\/v2\/posts\/31018"}],"collection":[{"href":"https:\/\/www.suno.com.br\/noticias\/wp-json\/wp\/v2\/posts"}],"about":[{"href":"https:\/\/www.suno.com.br\/noticias\/wp-json\/wp\/v2\/types\/post"}],"author":[{"embeddable":true,"href":"https:\/\/www.suno.com.br\/noticias\/wp-json\/wp\/v2\/users\/11"}],"replies":[{"embeddable":true,"href":"https:\/\/www.suno.com.br\/noticias\/wp-json\/wp\/v2\/comments?post=31018"}],"version-history":[{"count":0,"href":"https:\/\/www.suno.com.br\/noticias\/wp-json\/wp\/v2\/posts\/31018\/revisions"}],"wp:featuredmedia":[{"embeddable":true,"href":"https:\/\/www.suno.com.br\/noticias\/wp-json\/wp\/v2\/media\/31021"}],"wp:attachment":[{"href":"https:\/\/www.suno.com.br\/noticias\/wp-json\/wp\/v2\/media?parent=31018"}],"wp:term":[{"taxonomy":"category","embeddable":true,"href":"https:\/\/www.suno.com.br\/noticias\/wp-json\/wp\/v2\/categories?post=31018"},{"taxonomy":"post_tag","embeddable":true,"href":"https:\/\/www.suno.com.br\/noticias\/wp-json\/wp\/v2\/tags?post=31018"},{"taxonomy":"suno_strategy","embeddable":true,"href":"https:\/\/www.suno.com.br\/noticias\/wp-json\/wp\/v2\/suno_strategy?post=31018"}],"curies":[{"name":"wp","href":"https:\/\/api.w.org\/{rel}","templated":true}]}}