{"id":31010,"date":"2019-07-15T10:08:53","date_gmt":"2019-07-15T13:08:53","guid":{"rendered":"https:\/\/www.suno.com.br\/noticias\/?p=31010"},"modified":"2019-07-15T10:08:53","modified_gmt":"2019-07-15T13:08:53","slug":"ibovespa-15072019","status":"publish","type":"post","link":"https:\/\/www.suno.com.br\/noticias\/ibovespa-15072019\/","title":{"rendered":"Ibovespa sobe com divulga\u00e7\u00e3o do IBC-Br; Mercado de olho na Previd\u00eancia"},"content":{"rendered":"<p>O Ibovespa iniciou a manh\u00e3 desta segunda-feira (15) varia\u00e7\u00e3o positiva. Por volta das 10h04, o principal \u00edndice da Bolsa de Valores de S\u00e3o Paulo, registrava uma leve alta de <span class=\"ng-binding\">0,45<\/span>% sendo cotado em 104.370,93 pontos.<\/p>\t<div class=\"wrapper-featured-image\">\n\t\t<figure class=\"spotlightImg\">\n\n\t\t\t<picture>\n\t\t\t\t<source media=\"(max-width: 768px)\" srcset=\"https:\/\/files.sunoresearch.com.br\/n\/uploads\/2019\/07\/a99b45c5-ibovespa-400x200.webp\">\n\t\t\t\t<img loading=\"lazy\" decoding=\"async\" class=\"newsContent__article__imgCapa lazyloadDisabled newsContent__article__imgCapa--noCaption\" src=\"https:\/\/files.sunoresearch.com.br\/n\/uploads\/2019\/07\/a99b45c5-ibovespa-jpg.webp\" width=\"800\" height=\"450\" alt=\"Ibovespa sobe com divulga\u00e7\u00e3o do IBC-Br; Mercado de olho na Previd\u00eancia\" fetchpriority=high \/>\n\t\t\t<\/picture>\n\n\t\t\t<figcaption class=\"wp-caption-text wp-caption-text--hide\">Negocia\u00e7\u00e3o do Ibovespa ter\u00e1 novo hor\u00e1rio de fechamento, diz B3<\/figcaption>\n\t\t<\/figure>\n\t<\/div>\n\n\n<p>O <strong>Ibovespa<\/strong> ainda opera sobre o adiamento da vota\u00e7\u00e3o da <strong>reforma da Previd\u00eancia<\/strong> em segundo turno, na C\u00e2mara dos Deputados. Com a prorroga\u00e7\u00e3o, o mercado freou os investimentos no pa\u00eds, que viu o \u00edndice operar em baixa na \u00faltima sexta-feira (13).<\/p>\n<p>Agora, os investidores devem aguardar novas informa\u00e7\u00f5es sobre a aprova\u00e7\u00e3o do texto para retomar o positivismo, embora o cen\u00e1rio interno seja de otimismo para uma vit\u00f3ria da proposta no segundo turno da C\u00e2mara.<\/p>\n<p>Al\u00e9m da reforma da Previd\u00eancia, o \u00edndice ainda conta com as estimativas do <strong>Banco Central (BC)<\/strong> sobre o crescimento da economia nacional. Enquanto o \u00edndice do banco, que mede a &#8220;pr\u00e9via&#8221; do <strong>PIB<\/strong>, apontou uma expans\u00e3o entre maio e abril, o relat\u00f3rio Focus divulgou dados que apontam a 20\u00aa queda seguida do crescimento da economia nacional.<\/p>\n<h2>Reforma da Previd\u00eancia<\/h2>\n<p>No \u00faltimo s\u00e1bado (15), o presidente da C\u00e2mara dos Deputados, <strong>Rodrigo Maia<\/strong>, anunciou que a vota\u00e7\u00e3o do segundo turno da <strong>reforma da Previd\u00eancia<\/strong> ficar\u00e1 para o dia 6 de agosto.<\/p>\n<p>&#8220;Ningu\u00e9m \u00e9 sozinho o dono da pauta da C\u00e2mara. \u00c9 constru\u00e7\u00e3o suprapartid\u00e1ria, e foi o que se construiu: se eu tivesse anunciado a vota\u00e7\u00e3o do segundo turno na pr\u00f3xima semana, a oposi\u00e7\u00e3o teria feito uma obstru\u00e7\u00e3o e n\u00e3o ter\u00edamos votado os destaques&#8221;, disse o presidente.<\/p>\n<p><a href=\"\/\/www.suno.com.br\/noticias\/reforma-da-previdencia-concluida-setembro\/\">Saiba Mais:\u00a0Reforma da Previd\u00eancia deve ser conclu\u00edda em setembro, diz Marinho<\/a><\/p>\n<p>Para Maia, o adiantamento n\u00e3o representa uma derrota, mas sim a oportunidade para que alguns deputado mudem de ideia, facilitando a vit\u00f3ria do texto em segundo turno.<\/p>\n<h2>Pr\u00e9via do PIB aponta alta e Focus derruba economia<\/h2>\n<p>Nesta segunda-feira, o Banco Central (BC) divulgou o\u00a0<strong>\u00cdndice de Atividade Econ\u00f4mica (IBC-Br)<\/strong>, considerado uma pr\u00e9via do Produto Interno Bruto (PIB). De acordo com o estudo, entre abril e maio deste ano a economia expandiu 0,54%, sendo a primeira alta do n\u00edvel ap\u00f3s quatro meses de queda seguida.<\/p>\n<p><a href=\"https:\/\/www.suno.com.br\/noticias\/previa-pib-alta\/\">Saiba mais:\u00a0Pr\u00e9via do PIB registra alta ap\u00f3s quatro meses seguidos de queda<\/a><\/p>\n<p>No entanto, a estimativa otimista do Banco Central sobre a expans\u00e3o do Produto Interno Bruto (PIB) vai na contram\u00e3o do seu pr\u00f3prio relat\u00f3rio, que \u00e9 feito com base na previs\u00e3o de especialistas de mercado.<\/p>\n<p>Os economistas entrevistados pelo Banco Central (BC) no\u00a0<a href=\"https:\/\/www.suno.com.br\/artigos\/relatorio-focus\/\"><strong>Boletim<\/strong> <strong>Focus<\/strong><\/a><strong>\u00a0<\/strong>reduziram pela 20\u00aa vez seguida a previs\u00e3o de crescimento do <a href=\"https:\/\/www.suno.com.br\/artigos\/pib-produto-interno-bruto\/\">Produto Interno Bruto (PIB)<\/a>\u00a0em 2019. Segundo o Boletim divulgado nesta segunda-feira (15), a economia brasileira dever\u00e1 crescer apenas 0,81% esse ano.<\/p>\n<h2>\u00daltima cota\u00e7\u00e3o<\/h2>\n<p>Na sexta-feira (12), o <strong>Ibovespa<\/strong> registrou uma queda de -1,18% ficando em\u00a0103.905,99 pontos.<\/p>\n","protected":false},"excerpt":{"rendered":"<p>O Ibovespa iniciou a manh\u00e3 desta segunda-feira (15) varia\u00e7\u00e3o positiva. Por volta das 10h04, o principal \u00edndice da Bolsa de Valores de S\u00e3o Paulo, registrava uma leve alta de 0,45% sendo cotado em 104.370,93 pontos. Negocia\u00e7\u00e3o do Ibovespa ter\u00e1 novo hor\u00e1rio de fechamento, diz B3 O Ibovespa ainda opera sobre o adiamento da vota\u00e7\u00e3o da [&hellip;]<\/p>\n","protected":false},"author":11,"featured_media":31015,"comment_status":"closed","ping_status":"closed","sticky":false,"template":"","format":"standard","meta":[],"categories":[60],"tags":[721],"suno_strategy":[],"class_list":["post-31010","post","type-post","status-publish","format-standard","has-post-thumbnail","hentry","category-mercado","tag-ibovespa"],"yoast_head":"<!-- This site is optimized with the Yoast SEO plugin v24.4 - https:\/\/yoast.com\/wordpress\/plugins\/seo\/ -->\n<title>Ibovespa sobe com divulga\u00e7\u00e3o do IBC-Br; Mercado de olho na Previd\u00eancia<\/title>\n<meta name=\"description\" content=\"Ibovespa registra alta de 0,45, por volta das 10h04; \u00cdndice se recupera de queda da sexta (13) por conta da reforma. Clique e saiba mais.\" \/>\n<meta name=\"robots\" content=\"index, follow, max-snippet:-1, max-image-preview:large, max-video-preview:-1\" \/>\n<link rel=\"canonical\" href=\"https:\/\/www.suno.com.br\/noticias\/ibovespa-15072019\/\" \/>\n<meta property=\"og:locale\" content=\"pt_BR\" \/>\n<meta property=\"og:type\" content=\"article\" \/>\n<meta property=\"og:title\" content=\"Ibovespa sobe com divulga\u00e7\u00e3o do IBC-Br; Mercado de olho na Previd\u00eancia\" \/>\n<meta property=\"og:description\" content=\"Ibovespa registra alta de 0,45, por volta das 10h04; \u00cdndice se recupera de queda da sexta (13) por conta da reforma. Clique e saiba mais.\" \/>\n<meta property=\"og:url\" content=\"https:\/\/www.suno.com.br\/noticias\/ibovespa-15072019\/\" \/>\n<meta property=\"og:site_name\" content=\"Suno Not\u00edcias\" \/>\n<meta property=\"article:publisher\" content=\"https:\/\/facebook.com\/sunoresearch\" \/>\n<meta property=\"og:image\" content=\"https:\/\/files.sunoresearch.com.br\/n\/uploads\/2019\/07\/a99b45c5-ibovespa.jpg\" \/>\n\t<meta property=\"og:image:width\" content=\"558\" \/>\n\t<meta property=\"og:image:height\" content=\"399\" \/>\n\t<meta property=\"og:image:type\" content=\"image\/jpeg\" \/>\n<meta name=\"author\" content=\"Renan Bandeira\" \/>\n<meta name=\"twitter:card\" content=\"summary_large_image\" \/>\n<meta name=\"twitter:creator\" content=\"@sunoresearch\" \/>\n<meta name=\"twitter:site\" content=\"@sunoresearch\" \/>\n<meta name=\"twitter:label1\" content=\"Escrito por\" \/>\n\t<meta name=\"twitter:data1\" content=\"Renan Bandeira\" \/>\n\t<meta name=\"twitter:label2\" content=\"Est. tempo de leitura\" \/>\n\t<meta name=\"twitter:data2\" content=\"2 minutos\" \/>\n<script type=\"application\/ld+json\" class=\"yoast-schema-graph\">{\"@context\":\"https:\/\/schema.org\",\"@graph\":[{\"@type\":\"NewsArticle\",\"@id\":\"https:\/\/www.suno.com.br\/noticias\/ibovespa-15072019\/#article\",\"isPartOf\":{\"@id\":\"https:\/\/www.suno.com.br\/noticias\/ibovespa-15072019\/\"},\"author\":{\"name\":\"Renan Bandeira\",\"@id\":\"https:\/\/www.suno.com.br\/noticias\/#\/schema\/person\/fc144a1c6108bd1dcd43784e88a3c138\"},\"headline\":\"Ibovespa sobe com divulga\u00e7\u00e3o do IBC-Br; Mercado de olho na Previd\u00eancia\",\"datePublished\":\"2019-07-15T13:08:53+00:00\",\"mainEntityOfPage\":{\"@id\":\"https:\/\/www.suno.com.br\/noticias\/ibovespa-15072019\/\"},\"wordCount\":490,\"publisher\":{\"@id\":\"https:\/\/www.suno.com.br\/noticias\/#organization\"},\"image\":{\"@id\":\"https:\/\/www.suno.com.br\/noticias\/ibovespa-15072019\/#primaryimage\"},\"thumbnailUrl\":\"https:\/\/files.sunoresearch.com.br\/n\/uploads\/2019\/07\/a99b45c5-ibovespa-jpg.webp\",\"keywords\":[\"Ibovespa\"],\"articleSection\":[\"Mercado\"],\"inLanguage\":\"pt-BR\"},{\"@type\":\"WebPage\",\"@id\":\"https:\/\/www.suno.com.br\/noticias\/ibovespa-15072019\/\",\"url\":\"https:\/\/www.suno.com.br\/noticias\/ibovespa-15072019\/\",\"name\":\"Ibovespa sobe com divulga\u00e7\u00e3o do IBC-Br; Mercado de olho na Previd\u00eancia\",\"isPartOf\":{\"@id\":\"https:\/\/www.suno.com.br\/noticias\/#website\"},\"primaryImageOfPage\":{\"@id\":\"https:\/\/www.suno.com.br\/noticias\/ibovespa-15072019\/#primaryimage\"},\"image\":{\"@id\":\"https:\/\/www.suno.com.br\/noticias\/ibovespa-15072019\/#primaryimage\"},\"thumbnailUrl\":\"https:\/\/files.sunoresearch.com.br\/n\/uploads\/2019\/07\/a99b45c5-ibovespa-jpg.webp\",\"datePublished\":\"2019-07-15T13:08:53+00:00\",\"description\":\"Ibovespa registra alta de 0,45, por volta das 10h04; \u00cdndice se recupera de queda da sexta (13) por conta da reforma. Clique e saiba mais.\",\"breadcrumb\":{\"@id\":\"https:\/\/www.suno.com.br\/noticias\/ibovespa-15072019\/#breadcrumb\"},\"inLanguage\":\"pt-BR\",\"potentialAction\":[{\"@type\":\"ReadAction\",\"target\":[\"https:\/\/www.suno.com.br\/noticias\/ibovespa-15072019\/\"]}]},{\"@type\":\"ImageObject\",\"inLanguage\":\"pt-BR\",\"@id\":\"https:\/\/www.suno.com.br\/noticias\/ibovespa-15072019\/#primaryimage\",\"url\":\"https:\/\/files.sunoresearch.com.br\/n\/uploads\/2019\/07\/a99b45c5-ibovespa-jpg.webp\",\"contentUrl\":\"https:\/\/files.sunoresearch.com.br\/n\/uploads\/2019\/07\/a99b45c5-ibovespa-jpg.webp\",\"width\":558,\"height\":399,\"caption\":\"Negocia\u00e7\u00e3o do Ibovespa ter\u00e1 novo hor\u00e1rio de fechamento, diz B3\"},{\"@type\":\"BreadcrumbList\",\"@id\":\"https:\/\/www.suno.com.br\/noticias\/ibovespa-15072019\/#breadcrumb\",\"itemListElement\":[{\"@type\":\"ListItem\",\"position\":1,\"name\":\"Not\u00edcias\",\"item\":\"https:\/\/www.suno.com.br\/noticias\/\"},{\"@type\":\"ListItem\",\"position\":2,\"name\":\"Mercado\",\"item\":\"https:\/\/www.suno.com.br\/noticias\/mercado\/\"},{\"@type\":\"ListItem\",\"position\":3,\"name\":\"Ibovespa sobe com divulga\u00e7\u00e3o do IBC-Br; Mercado de olho na Previd\u00eancia\"}]},{\"@type\":\"WebSite\",\"@id\":\"https:\/\/www.suno.com.br\/noticias\/#website\",\"url\":\"https:\/\/www.suno.com.br\/noticias\/\",\"name\":\"Suno Not\u00edcias\",\"description\":\"Seu portal de informa\u00e7\u00e3o sobre o mundo dos investimentos\",\"publisher\":{\"@id\":\"https:\/\/www.suno.com.br\/noticias\/#organization\"},\"potentialAction\":[{\"@type\":\"SearchAction\",\"target\":{\"@type\":\"EntryPoint\",\"urlTemplate\":\"https:\/\/www.suno.com.br\/noticias\/?s={search_term_string}\"},\"query-input\":{\"@type\":\"PropertyValueSpecification\",\"valueRequired\":true,\"valueName\":\"search_term_string\"}}],\"inLanguage\":\"pt-BR\"},{\"@type\":\"Organization\",\"@id\":\"https:\/\/www.suno.com.br\/noticias\/#organization\",\"name\":\"Suno Not\u00edcias\",\"url\":\"https:\/\/www.suno.com.br\/noticias\/\",\"logo\":{\"@type\":\"ImageObject\",\"inLanguage\":\"pt-BR\",\"@id\":\"https:\/\/www.suno.com.br\/noticias\/#\/schema\/logo\/image\/\",\"url\":\"https:\/\/files.sunoresearch.com.br\/n\/uploads\/2021\/09\/suno-logo.png\",\"contentUrl\":\"https:\/\/files.sunoresearch.com.br\/n\/uploads\/2021\/09\/suno-logo.png\",\"width\":180,\"height\":180,\"caption\":\"Suno Not\u00edcias\"},\"image\":{\"@id\":\"https:\/\/www.suno.com.br\/noticias\/#\/schema\/logo\/image\/\"},\"sameAs\":[\"https:\/\/facebook.com\/sunoresearch\",\"https:\/\/x.com\/sunoresearch\",\"https:\/\/www.instagram.com\/suno\",\"https:\/\/www.linkedin.com\/company\/suno-research\/\",\"https:\/\/www.youtube.com\/c\/sunoresearch\"]},{\"@type\":\"Person\",\"@id\":\"https:\/\/www.suno.com.br\/noticias\/#\/schema\/person\/fc144a1c6108bd1dcd43784e88a3c138\",\"name\":\"Renan Bandeira\",\"image\":{\"@type\":\"ImageObject\",\"inLanguage\":\"pt-BR\",\"@id\":\"https:\/\/www.suno.com.br\/noticias\/#\/schema\/person\/image\/\",\"url\":\"https:\/\/secure.gravatar.com\/avatar\/68359cdb608f14f11bbefcb78f3fc747?s=96&r=g\",\"contentUrl\":\"https:\/\/secure.gravatar.com\/avatar\/68359cdb608f14f11bbefcb78f3fc747?s=96&r=g\",\"caption\":\"Renan Bandeira\"},\"description\":\"Renan Bandeira escreve sobre pol\u00edtica e economia para o portal da Suno Research. Antes da Suno, trabalhou em uma rede de televis\u00e3o, onde fazia reportagens sobre os mesmos temas. Estuda na Universidade Metodista de S\u00e3o Paulo.\",\"url\":\"https:\/\/www.suno.com.br\/noticias\/author\/renan-bandeira\/\"}]}<\/script>\n<!-- \/ Yoast SEO plugin. -->","yoast_head_json":{"title":"Ibovespa sobe com divulga\u00e7\u00e3o do IBC-Br; Mercado de olho na Previd\u00eancia","description":"Ibovespa registra alta de 0,45, por volta das 10h04; \u00cdndice se recupera de queda da sexta (13) por conta da reforma. Clique e saiba mais.","robots":{"index":"index","follow":"follow","max-snippet":"max-snippet:-1","max-image-preview":"max-image-preview:large","max-video-preview":"max-video-preview:-1"},"canonical":"https:\/\/www.suno.com.br\/noticias\/ibovespa-15072019\/","og_locale":"pt_BR","og_type":"article","og_title":"Ibovespa sobe com divulga\u00e7\u00e3o do IBC-Br; Mercado de olho na Previd\u00eancia","og_description":"Ibovespa registra alta de 0,45, por volta das 10h04; \u00cdndice se recupera de queda da sexta (13) por conta da reforma. Clique e saiba mais.","og_url":"https:\/\/www.suno.com.br\/noticias\/ibovespa-15072019\/","og_site_name":"Suno Not\u00edcias","article_publisher":"https:\/\/facebook.com\/sunoresearch","og_image":[{"width":558,"height":399,"url":"https:\/\/files.sunoresearch.com.br\/n\/uploads\/2019\/07\/a99b45c5-ibovespa.jpg","type":"image\/jpeg"}],"author":"Renan Bandeira","twitter_card":"summary_large_image","twitter_creator":"@sunoresearch","twitter_site":"@sunoresearch","twitter_misc":{"Escrito por":"Renan Bandeira","Est. tempo de leitura":"2 minutos"},"schema":{"@context":"https:\/\/schema.org","@graph":[{"@type":"NewsArticle","@id":"https:\/\/www.suno.com.br\/noticias\/ibovespa-15072019\/#article","isPartOf":{"@id":"https:\/\/www.suno.com.br\/noticias\/ibovespa-15072019\/"},"author":{"name":"Renan Bandeira","@id":"https:\/\/www.suno.com.br\/noticias\/#\/schema\/person\/fc144a1c6108bd1dcd43784e88a3c138"},"headline":"Ibovespa sobe com divulga\u00e7\u00e3o do IBC-Br; Mercado de olho na Previd\u00eancia","datePublished":"2019-07-15T13:08:53+00:00","mainEntityOfPage":{"@id":"https:\/\/www.suno.com.br\/noticias\/ibovespa-15072019\/"},"wordCount":490,"publisher":{"@id":"https:\/\/www.suno.com.br\/noticias\/#organization"},"image":{"@id":"https:\/\/www.suno.com.br\/noticias\/ibovespa-15072019\/#primaryimage"},"thumbnailUrl":"https:\/\/files.sunoresearch.com.br\/n\/uploads\/2019\/07\/a99b45c5-ibovespa-jpg.webp","keywords":["Ibovespa"],"articleSection":["Mercado"],"inLanguage":"pt-BR"},{"@type":"WebPage","@id":"https:\/\/www.suno.com.br\/noticias\/ibovespa-15072019\/","url":"https:\/\/www.suno.com.br\/noticias\/ibovespa-15072019\/","name":"Ibovespa sobe com divulga\u00e7\u00e3o do IBC-Br; Mercado de olho na Previd\u00eancia","isPartOf":{"@id":"https:\/\/www.suno.com.br\/noticias\/#website"},"primaryImageOfPage":{"@id":"https:\/\/www.suno.com.br\/noticias\/ibovespa-15072019\/#primaryimage"},"image":{"@id":"https:\/\/www.suno.com.br\/noticias\/ibovespa-15072019\/#primaryimage"},"thumbnailUrl":"https:\/\/files.sunoresearch.com.br\/n\/uploads\/2019\/07\/a99b45c5-ibovespa-jpg.webp","datePublished":"2019-07-15T13:08:53+00:00","description":"Ibovespa registra alta de 0,45, por volta das 10h04; \u00cdndice se recupera de queda da sexta (13) por conta da reforma. Clique e saiba mais.","breadcrumb":{"@id":"https:\/\/www.suno.com.br\/noticias\/ibovespa-15072019\/#breadcrumb"},"inLanguage":"pt-BR","potentialAction":[{"@type":"ReadAction","target":["https:\/\/www.suno.com.br\/noticias\/ibovespa-15072019\/"]}]},{"@type":"ImageObject","inLanguage":"pt-BR","@id":"https:\/\/www.suno.com.br\/noticias\/ibovespa-15072019\/#primaryimage","url":"https:\/\/files.sunoresearch.com.br\/n\/uploads\/2019\/07\/a99b45c5-ibovespa-jpg.webp","contentUrl":"https:\/\/files.sunoresearch.com.br\/n\/uploads\/2019\/07\/a99b45c5-ibovespa-jpg.webp","width":558,"height":399,"caption":"Negocia\u00e7\u00e3o do Ibovespa ter\u00e1 novo hor\u00e1rio de fechamento, diz B3"},{"@type":"BreadcrumbList","@id":"https:\/\/www.suno.com.br\/noticias\/ibovespa-15072019\/#breadcrumb","itemListElement":[{"@type":"ListItem","position":1,"name":"Not\u00edcias","item":"https:\/\/www.suno.com.br\/noticias\/"},{"@type":"ListItem","position":2,"name":"Mercado","item":"https:\/\/www.suno.com.br\/noticias\/mercado\/"},{"@type":"ListItem","position":3,"name":"Ibovespa sobe com divulga\u00e7\u00e3o do IBC-Br; Mercado de olho na Previd\u00eancia"}]},{"@type":"WebSite","@id":"https:\/\/www.suno.com.br\/noticias\/#website","url":"https:\/\/www.suno.com.br\/noticias\/","name":"Suno Not\u00edcias","description":"Seu portal de informa\u00e7\u00e3o sobre o mundo dos investimentos","publisher":{"@id":"https:\/\/www.suno.com.br\/noticias\/#organization"},"potentialAction":[{"@type":"SearchAction","target":{"@type":"EntryPoint","urlTemplate":"https:\/\/www.suno.com.br\/noticias\/?s={search_term_string}"},"query-input":{"@type":"PropertyValueSpecification","valueRequired":true,"valueName":"search_term_string"}}],"inLanguage":"pt-BR"},{"@type":"Organization","@id":"https:\/\/www.suno.com.br\/noticias\/#organization","name":"Suno Not\u00edcias","url":"https:\/\/www.suno.com.br\/noticias\/","logo":{"@type":"ImageObject","inLanguage":"pt-BR","@id":"https:\/\/www.suno.com.br\/noticias\/#\/schema\/logo\/image\/","url":"https:\/\/files.sunoresearch.com.br\/n\/uploads\/2021\/09\/suno-logo.png","contentUrl":"https:\/\/files.sunoresearch.com.br\/n\/uploads\/2021\/09\/suno-logo.png","width":180,"height":180,"caption":"Suno Not\u00edcias"},"image":{"@id":"https:\/\/www.suno.com.br\/noticias\/#\/schema\/logo\/image\/"},"sameAs":["https:\/\/facebook.com\/sunoresearch","https:\/\/x.com\/sunoresearch","https:\/\/www.instagram.com\/suno","https:\/\/www.linkedin.com\/company\/suno-research\/","https:\/\/www.youtube.com\/c\/sunoresearch"]},{"@type":"Person","@id":"https:\/\/www.suno.com.br\/noticias\/#\/schema\/person\/fc144a1c6108bd1dcd43784e88a3c138","name":"Renan Bandeira","image":{"@type":"ImageObject","inLanguage":"pt-BR","@id":"https:\/\/www.suno.com.br\/noticias\/#\/schema\/person\/image\/","url":"https:\/\/secure.gravatar.com\/avatar\/68359cdb608f14f11bbefcb78f3fc747?s=96&r=g","contentUrl":"https:\/\/secure.gravatar.com\/avatar\/68359cdb608f14f11bbefcb78f3fc747?s=96&r=g","caption":"Renan Bandeira"},"description":"Renan Bandeira escreve sobre pol\u00edtica e economia para o portal da Suno Research. Antes da Suno, trabalhou em uma rede de televis\u00e3o, onde fazia reportagens sobre os mesmos temas. Estuda na Universidade Metodista de S\u00e3o Paulo.","url":"https:\/\/www.suno.com.br\/noticias\/author\/renan-bandeira\/"}]}},"default_loop_html":"<div class=\"cardsPage__listCard__boxs\"><div class=\"cardsPage__listCard__boxs__img\"><a href=\"https:\/\/www.suno.com.br\/noticias\/ibovespa-15072019\/\"><img class=\"mask\" src=\"https:\/\/www.suno.com.br\/noticias\/wp-content\/themes\/suno\/resources\/images\/spotlight\/spotlight1img\/bg-mask.png\" alt=\"Image Mask\"\/><img src=\"https:\/\/files.sunoresearch.com.br\/n\/uploads\/2019\/07\/a99b45c5-ibovespa-400x200.webp\" alt=\"Ibovespa sobe com divulga\u00e7\u00e3o do IBC-Br; Mercado de olho na Previd\u00eancia\"\/><\/a><span class=\"spotlightCategory\"><a href=\"https:\/\/www.suno.com.br\/noticias\/mercado\/\">Mercado<\/a><\/span><\/div><div class=\"cardsPage__listCard__boxs__content\"><a href=\"https:\/\/www.suno.com.br\/noticias\/ibovespa-15072019\/\"><h2 class=\"content__title\">Ibovespa sobe com divulga\u00e7\u00e3o do IBC-Br; Mercado de olho na Previd\u00eancia<\/h2><\/a><div class=\"newsContent__article__meta\"><div class=\"newsContent__article__meta__authorBox\"><a href=\"https:\/\/www.suno.com.br\/noticias\/author\/renan-bandeira\/\" class=\"authorBox__avatar noMobi\"><img src=\"https:\/\/secure.gravatar.com\/avatar\/68359cdb608f14f11bbefcb78f3fc747?s=96&#038;r=g\" alt=\"Renan Bandeira\"><\/a><div class=\"authorBox__name\"><span>por\n\t\t\t<a href=\"https:\/\/www.suno.com.br\/noticias\/author\/renan-bandeira\/\"><span itemprop=\"author\">Renan Bandeira<\/span><\/a><\/span><time datetime=\"2019-07-15T10:08:53-03:00\" itemprop=\"datePublished\">15\/07\/2019 10:08<\/time><\/div><\/div><\/div><\/div><\/div>","single_layout":"posts","amp_enabled":true,"_links":{"self":[{"href":"https:\/\/www.suno.com.br\/noticias\/wp-json\/wp\/v2\/posts\/31010"}],"collection":[{"href":"https:\/\/www.suno.com.br\/noticias\/wp-json\/wp\/v2\/posts"}],"about":[{"href":"https:\/\/www.suno.com.br\/noticias\/wp-json\/wp\/v2\/types\/post"}],"author":[{"embeddable":true,"href":"https:\/\/www.suno.com.br\/noticias\/wp-json\/wp\/v2\/users\/11"}],"replies":[{"embeddable":true,"href":"https:\/\/www.suno.com.br\/noticias\/wp-json\/wp\/v2\/comments?post=31010"}],"version-history":[{"count":0,"href":"https:\/\/www.suno.com.br\/noticias\/wp-json\/wp\/v2\/posts\/31010\/revisions"}],"wp:featuredmedia":[{"embeddable":true,"href":"https:\/\/www.suno.com.br\/noticias\/wp-json\/wp\/v2\/media\/31015"}],"wp:attachment":[{"href":"https:\/\/www.suno.com.br\/noticias\/wp-json\/wp\/v2\/media?parent=31010"}],"wp:term":[{"taxonomy":"category","embeddable":true,"href":"https:\/\/www.suno.com.br\/noticias\/wp-json\/wp\/v2\/categories?post=31010"},{"taxonomy":"post_tag","embeddable":true,"href":"https:\/\/www.suno.com.br\/noticias\/wp-json\/wp\/v2\/tags?post=31010"},{"taxonomy":"suno_strategy","embeddable":true,"href":"https:\/\/www.suno.com.br\/noticias\/wp-json\/wp\/v2\/suno_strategy?post=31010"}],"curies":[{"name":"wp","href":"https:\/\/api.w.org\/{rel}","templated":true}]}}