{"id":310060,"date":"2022-10-20T14:59:30","date_gmt":"2022-10-20T17:59:30","guid":{"rendered":"https:\/\/www.suno.com.br\/noticias\/?p=310060"},"modified":"2022-10-20T14:59:30","modified_gmt":"2022-10-20T17:59:30","slug":"minerio-de-ferro-queda-minimas-crise-covid-china","status":"publish","type":"post","link":"https:\/\/www.suno.com.br\/noticias\/minerio-de-ferro-queda-minimas-crise-covid-china\/","title":{"rendered":"Min\u00e9rio de ferro renova m\u00ednimas com &#8216;crise da Covid&#8217; na China"},"content":{"rendered":"<p>O <strong>min\u00e9rio de ferro<\/strong> voltou a apresentar retra\u00e7\u00f5es nesta quinta-feira (20) e, em Singapura, a commodity renovou sua m\u00ednima do ano a US$ 89,50. Em Dalian, a commodity caiu pouco mais de 3% a US$ 92,27.<\/p><div class=\"videoFull \">\n\t\t\t<div class=\"videoWrapper yt-lazyload center\"\n\t\t\t\tdata-width=\"960\"\n\t\t\t\tdata-height=\"540\"\n\t\t\t\tdata-id=\"tbcF8p5Ixpc\"\n\t\t\t\tdata-alt=\"V\u00eddeo do YouTube - clique para reproduzir\"\n\t\t\t\tdata-logo=\"3\"\n\t\t\t\tdata-imagequality=\"maxres\">\n\t\t\t<\/div>\n\t\t<\/div><script type=\"application\/ld+json\">{\"@context\":\"https:\/\/schema.org\",\"@type\":\"VideoObject\",\"name\":\"PRIMEIRA-MINISTRA BRIT\u00c2NICA LIZ TRUSS RENUNCIA | Breaking News\",\"description\":\"#breakingnews #Not\u00edcias #liztruss #reinounido #pol\u00edtica #internacional #bolsadevalores #libra \ud83d\udcda \ud83d\udcb8\ud835\udc02\ud835\udc28\ud835\udc27\ud835\udc2c\ud835\udc2d\ud835\udc2b\ud835\udc2e\ud835\udc1a \ud835\udc2e\ud835\udc26\ud835\udc1a \ud835\udc1c\ud835\udc1a\ud835\udc2b\ud835\udc2d\ud835\udc1e\ud835\udc22\ud835\udc2b\ud835\udc1a \ud835\udc1c\ud835\udc1a\ud835\udc26\ud835\udc29\ud835\udc1e\u00e3 \ud835\udc2e\ud835\udc2c\ud835\udc1a\ud835\udc27\ud835\udc1d\ud835\udc28 \ud835\udc1a\ud835\udc2c \ud835\udc2d\u00e1\ud835\udc2d\ud835\udc22\ud835\udc1c\ud835\udc1a\ud835\udc2c \ud835\udc1d\ud835\udc1a \ud835\udc12\ud835\udc2e\ud835\udc27\ud835\udc28 \ud835\udc1e \ud835\udc2d\ud835\udc1e\ud835\udc27\ud835\udc21\ud835\udc1a \ud835\udc2b\ud835\udc1e\ud835\udc2c\ud835\udc2e\ud835\udc25\ud835\udc2d\ud835\udc1a\ud835\udc1d\ud835\udc28\ud835\udc2c \ud835\udc1a\ud835\udc1c\ud835\udc22\ud835\udc26\ud835\udc1a \ud835\udc1d\ud835\udc1a \ud835\udc26\u00e9\ud835\udc1d\ud835\udc22\ud835\udc1a. \ud835\udc00 \ud835\udc01\ud835\udc25\ud835\udc1a\ud835\udc1c\ud835\udc24 \ud835\udc05\ud835\udc2b\ud835\udc22\ud835\udc1d\ud835\udc1a\ud835\udc32 \ud835\udc1e\ud835\udc2c\ud835\udc2d\u00e1 \ud835\udc1c\ud835\udc21\ud835\udc1e\ud835\udc20\ud835\udc1a\ud835\udc27\ud835\udc1d\ud835\udc28 \ud835\udc1e \ud835\udc2f\ud835\udc28\ud835\udc1c\u00ea \ud835\udc29\ud835\udc2b\ud835\udc1e\ud835\udc1c\ud835\udc22\ud835\udc2c\ud835\udc1a \ud835\udc1e\ud835\udc2c\ud835\udc2d\ud835\udc1a\ud835\udc2b \ud835\udc29\ud835\udc2b\ud835\udc1e\ud835\udc29\ud835\udc1a\ud835\udc2b\ud835\udc1a\ud835\udc1d\ud835\udc28 \ud835\udc29\ud835\udc1a\ud835\udc2b\ud835\udc1a \ud835\udc1a\ud835\udc29\ud835\udc2b\ud835\udc28\ud835\udc2f\ud835\udc1e\ud835\udc22\ud835\udc2d\ud835\udc1a\ud835\udc2b \ud835\udc1a\ud835\udc2c \ud835\udc26\ud835\udc1e\ud835\udc25\ud835\udc21\ud835\udc28\ud835\udc2b\ud835\udc1e\ud835\udc2c \ud835\udc28\ud835\udc1f\ud835\udc1e\ud835\udc2b\ud835\udc2d\ud835\udc1a\ud835\udc2c \ud835\udc1d\ud835\udc1a \ud835\udc12\ud835\udc2e\ud835\udc27\ud835\udc28 \ud835\udc27\ud835\udc28 \ud835\udc1a\ud835\udc27\ud835\udc28. \ud835\udc02\ud835\udc25\ud835\udc22\ud835\udc2a\ud835\udc2e\ud835\udc1e \ud835\udc27\ud835\udc28 \ud835\udc25\ud835\udc22\ud835\udc27\ud835\udc24 https:\/\/bit.ly\/3SHe5k6 A primeira-ministra do Reino Unido, Liz Truss, renunciou\u2026\",\"duration\":\"PT7M45S\",\"embedUrl\":\"https:\/\/www.youtube.com\/embed\/tbcF8p5Ixpc\",\"regionsAllowed\":\"pt-BR\",\"interactionStatistic\":{\"@type\":\"InteractionCounter\",\"interactionType\":{\"@type\":\"WatchAction\"},\"userInteractionCount\":672},\"thumbnailUrl\":\"https:\/\/i.ytimg.com\/vi\/tbcF8p5Ixpc\/default.jpg\",\"uploadDate\":\"2022-10-20T12:48:40Z\"}<\/script>\n\n\t<p>\n\t\t<a href=\"\" target=\"_blank\" data-element=\"shortcode-suno-banner\" title=\"Banner SUNO, clique e saiba mais\">\n\t\t\t<picture>\n\t\t\t\t<source media=\"(max-width: 500px)\" srcset=\"\">\n\t\t\t\t<img class=\"newsContent__article__imgCapa newsContent__article__imgCapa--banner\"\n\t\t\t\t\tsrc=\"\"\n\t\t\t\t\tdata-promo-id=\"250706\"\t\t\t\t\t\t\t\t\t\t\t\t\t\t\talt=\"\"\n\t\t\t\t>\n\t\t\t<\/picture>\n\t\t<\/a>\n\t<\/p>\n\n\n<p>O cen\u00e1rio de movimenta\u00e7\u00e3o no min\u00e9rio de ferro conta com novidades acerca da<a href=\"https:\/\/www.suno.com.br\/noticias\/china-pboc-banco-central-taxa-de-juros\/\"> <strong>pol\u00edtica de Zero Covid da China<\/strong><\/a>, que influencia na retra\u00e7\u00e3o dos pre\u00e7os.<\/p>\n<p>Os casos quadruplicaram em Pequim, segundo informa\u00e7\u00f5es da Ag\u00eancia Reuters. Ao mesmo tempo, na capital, ocorre o Congresso do Partido Comunista da China.<\/p>\n<p>Embora a China esteja entre os pa\u00edses com menos casos registrados &#8211; segundo os dados oficiais &#8211; o aumento de infec\u00e7\u00f5es tem preocupado analistas, j\u00e1 que a pol\u00edtica de Zero Covid de Xi Jinping foi justamente o que motivou restri\u00e7\u00f5es severas nos meses passados.<\/p>\n<p>Conforme as autoridades chinesas, nos pr\u00f3ximos dias todos os cidad\u00e3os que forem a supermercados ou locais lotados ser\u00e3o sujeitos a uma triagem \u00e0 entrada, e as pessoas de <strong>grupos de risco para a Covid-19<\/strong> ser\u00e3o mais vigiadas.<\/p>\n<p>Somado a esse contexto sanit\u00e1rio, a <strong>China<\/strong> mostra uma desacelera\u00e7\u00e3o econ\u00f4mica que motiva revis\u00f5es sobre o cen\u00e1rio das commodities.<\/p>\n<p>A Austr\u00e1lia &#8211; pa\u00eds que \u00e9 o maior exportador mundial do min\u00e9rio &#8211; estima uma queda de 0,6% na produ\u00e7\u00e3o global de a\u00e7o para 2022, para 1,947 bilh\u00e3o de toneladas.<\/p>\n\t<p>\n\t\t<a href=\"https:\/\/lp.suno.com.br\/planilha-controle-gastos\/\" target=\"_blank\" data-element=\"shortcode-suno-banner\" title=\"Banner SUNO, clique e saiba mais\">\n\t\t\t<picture>\n\t\t\t\t<source media=\"(max-width: 500px)\" srcset=\"https:\/\/files.sunoresearch.com.br\/n\/uploads\/2023\/03\/400x300-Planilha-controle-de-gastos.png\">\n\t\t\t\t<img class=\"newsContent__article__imgCapa newsContent__article__imgCapa--banner\"\n\t\t\t\t\tsrc=\"https:\/\/files.sunoresearch.com.br\/n\/uploads\/2023\/03\/1420x240-Planilha-controle-de-gastos.png\"\n\t\t\t\t\tdata-promo-id=\"101751\"\t\t\t\t\t\t\t\t\t\twidth='1420' height='240'\t\t\t\t\talt=\"https:\/\/files.sunoresearch.com.br\/n\/uploads\/2023\/03\/1420x240-Planilha-controle-de-gastos.png\"\n\t\t\t\t>\n\t\t\t<\/picture>\n\t\t<\/a>\n\t<\/p>\n\n\n<p>\u201cCombinados com os crescentes temores de recess\u00e3o global, novos surtos de Covid-19 e a fraqueza no setor imobili\u00e1rio da <strong>China<\/strong> reduziram a demanda mundial de a\u00e7o e min\u00e9rio de ferro nos \u00faltimos meses\u201d, disse o governo da Austr\u00e1lia em um comunicado oficial.<\/p>\n<p>J\u00e1 os dados da World Steel Association estimam uma contra\u00e7\u00e3o de 2,3% na demanda global de a\u00e7o para 2022. A proje\u00e7\u00e3o anterior era de um crescimento de 0,4%.<\/p>\n<p>Segundo analistas, essa contra\u00e7\u00e3o pode ser fruto de um recuo na demanda do <a class=\"suno-keyword\" href=\"https:\/\/www.suno.com.br\/artigos\/mercado-imobiliario\/\" target=\"_blank\" rel=\"noopener\" data-force=\"no\" data-priority=\"2\">mercado imobili\u00e1rio<\/a> at\u00e9 2023, j\u00e1 que n\u00e3o h\u00e1 expectativas de que o <strong>governo chin\u00eas<\/strong> mude suas pol\u00edticas para reduzir o endividamento do setor.<\/p>\n<h2>Impacto do min\u00e9rio de ferro nas empresas da bolsa<\/h2>\n<p>Mais cedo, j\u00e1 nesta semana, empresas do segmento de\u00a0<strong>siderurgia e minera\u00e7\u00e3o<\/strong> <a href=\"https:\/\/www.suno.com.br\/noticias\/vale-vale3-minerio-de-ferro-menor-preco-11-meses\/\">tiveram algumas quedas na bolsa de valores por conta desse contexto<\/a>.<\/p>\n<p>Mas al\u00e9m disso, o <strong>pre\u00e7o do min\u00e9rio\u00a0<\/strong>praticado no terceiro trimestre, j\u00e1 com algumas retra\u00e7\u00f5es no acumulado anual, deve ter grande influ\u00eancia, dado que a temporada de resultados est\u00e1 em seu in\u00edcio.<\/p>\n<p>A maior do setor no Brasil, e a empresa mais relevante do <a href=\"https:\/\/statusinvest.com.br\/indices\/ibovespa\">Ibovespa<\/a>, a <a class=\"suno-keyword\" href=\"https:\/\/www.suno.com.br\/acoes\/VALE3\/\" target=\"_blank\" rel=\"noopener\" data-force=\"yes\" data-priority=\"2\">Vale (VALE3)<\/a>, reportou uma leva alta nos seus n\u00fameros operacionais, e analistas destacam que a <strong>queda do min\u00e9rio<\/strong> \u00e9 justamente um fator relevante no momento atual.<\/p>\n<p>&#8220;Esperamos resultados fracos para as mineradoras, dadas as quedas dos pre\u00e7os do <strong>min\u00e9rio de ferro<\/strong> de metais b\u00e1sicos no comparativo trimestral, ao mesmo tempo que Vale, CSN e SCCO mostram alta no volume de produ\u00e7\u00e3o&#8221;, destacam os analistas do Bank of America (BofA).<\/p>\n\t<p>\n\t\t<a href=\"https:\/\/lp.suno.com.br\/ebook-como-analisar-uma-acao\/\" target=\"_blank\" data-element=\"shortcode-suno-banner\" title=\"Banner SUNO, clique e saiba mais\">\n\t\t\t<picture>\n\t\t\t\t<source media=\"(max-width: 500px)\" srcset=\"https:\/\/files.sunoresearch.com.br\/n\/uploads\/2023\/03\/Ebook-Acoes-Mobile-1.jpg\">\n\t\t\t\t<img class=\"newsContent__article__imgCapa newsContent__article__imgCapa--banner\"\n\t\t\t\t\tsrc=\"https:\/\/files.sunoresearch.com.br\/n\/uploads\/2023\/03\/Ebook-Acoes-Desktop-1.jpg\"\n\t\t\t\t\tdata-promo-id=\"171998\"\t\t\t\t\t\t\t\t\t\twidth='1420' height='286'\t\t\t\t\talt=\"https:\/\/files.sunoresearch.com.br\/n\/uploads\/2023\/03\/Ebook-Acoes-Desktop-1.jpg\"\n\t\t\t\t>\n\t\t\t<\/picture>\n\t\t<\/a>\n\t<\/p>\n\n\n","protected":false},"excerpt":{"rendered":"<p>O min\u00e9rio de ferro voltou a apresentar retra\u00e7\u00f5es nesta quinta-feira (20) e, em Singapura, a commodity renovou sua m\u00ednima do ano a US$ 89,50. Em Dalian, a commodity caiu pouco mais de 3% a US$ 92,27. O cen\u00e1rio de movimenta\u00e7\u00e3o no min\u00e9rio de ferro conta com novidades acerca da pol\u00edtica de Zero Covid da China, [&hellip;]<\/p>\n","protected":false},"author":73,"featured_media":92776,"comment_status":"closed","ping_status":"closed","sticky":false,"template":"","format":"standard","meta":[],"categories":[63],"tags":[94403,105816,825,676],"suno_strategy":[],"class_list":["post-310060","post","type-post","status-publish","format-standard","has-post-thumbnail","hentry","category-internacional","tag-commodities","tag-especialistas","tag-minerio-de-ferro","tag-vale-vale3"],"yoast_head":"<!-- This site is optimized with the Yoast SEO plugin v24.4 - https:\/\/yoast.com\/wordpress\/plugins\/seo\/ -->\n<title>Min\u00e9rio de ferro renova m\u00ednimas com &#039;crise da Covid&#039; na China<\/title>\n<meta name=\"description\" content=\"Com imbr\u00f3glio sanit\u00e1rio e abertura do Congresso do Partido Comunista da China, o min\u00e9rio de ferro cai novamente. Clique aqui e leia mais!\" \/>\n<meta name=\"robots\" content=\"index, follow, max-snippet:-1, max-image-preview:large, max-video-preview:-1\" \/>\n<link rel=\"canonical\" href=\"https:\/\/www.suno.com.br\/noticias\/minerio-de-ferro-queda-minimas-crise-covid-china\/\" \/>\n<meta property=\"og:locale\" content=\"pt_BR\" \/>\n<meta property=\"og:type\" content=\"article\" \/>\n<meta property=\"og:title\" content=\"Min\u00e9rio de ferro renova m\u00ednimas com &#039;crise da Covid&#039; na China\" \/>\n<meta property=\"og:description\" content=\"Com imbr\u00f3glio sanit\u00e1rio e abertura do Congresso do Partido Comunista da China, o min\u00e9rio de ferro cai novamente. Clique aqui e leia mais!\" \/>\n<meta property=\"og:url\" content=\"https:\/\/www.suno.com.br\/noticias\/minerio-de-ferro-queda-minimas-crise-covid-china\/\" \/>\n<meta property=\"og:site_name\" content=\"Suno Not\u00edcias\" \/>\n<meta property=\"article:publisher\" content=\"https:\/\/facebook.com\/sunoresearch\" \/>\n<meta property=\"og:image\" content=\"https:\/\/files.sunoresearch.com.br\/n\/uploads\/2020\/10\/efbeb151-csnminerio.jpg\" \/>\n\t<meta property=\"og:image:width\" content=\"1200\" \/>\n\t<meta property=\"og:image:height\" content=\"822\" \/>\n\t<meta property=\"og:image:type\" content=\"image\/jpeg\" \/>\n<meta name=\"author\" content=\"Eduardo Vargas\" \/>\n<meta name=\"twitter:card\" content=\"summary_large_image\" \/>\n<meta name=\"twitter:creator\" content=\"@sunoresearch\" \/>\n<meta name=\"twitter:site\" content=\"@sunoresearch\" \/>\n<meta name=\"twitter:label1\" content=\"Escrito por\" \/>\n\t<meta name=\"twitter:data1\" content=\"Eduardo Vargas\" \/>\n\t<meta name=\"twitter:label2\" content=\"Est. tempo de leitura\" \/>\n\t<meta name=\"twitter:data2\" content=\"3 minutos\" \/>\n<script type=\"application\/ld+json\" class=\"yoast-schema-graph\">{\"@context\":\"https:\/\/schema.org\",\"@graph\":[{\"@type\":\"NewsArticle\",\"@id\":\"https:\/\/www.suno.com.br\/noticias\/minerio-de-ferro-queda-minimas-crise-covid-china\/#article\",\"isPartOf\":{\"@id\":\"https:\/\/www.suno.com.br\/noticias\/minerio-de-ferro-queda-minimas-crise-covid-china\/\"},\"author\":{\"name\":\"Eduardo Vargas\",\"@id\":\"https:\/\/www.suno.com.br\/noticias\/#\/schema\/person\/7f4d362bf3518e76090143ae77bb49a5\"},\"headline\":\"Min\u00e9rio de ferro renova m\u00ednimas com &#8216;crise da Covid&#8217; na China\",\"datePublished\":\"2022-10-20T17:59:30+00:00\",\"mainEntityOfPage\":{\"@id\":\"https:\/\/www.suno.com.br\/noticias\/minerio-de-ferro-queda-minimas-crise-covid-china\/\"},\"wordCount\":532,\"publisher\":{\"@id\":\"https:\/\/www.suno.com.br\/noticias\/#organization\"},\"image\":{\"@id\":\"https:\/\/www.suno.com.br\/noticias\/minerio-de-ferro-queda-minimas-crise-covid-china\/#primaryimage\"},\"thumbnailUrl\":\"https:\/\/files.sunoresearch.com.br\/n\/uploads\/2020\/10\/efbeb151-csnminerio-jpg.webp\",\"keywords\":[\"commodities\",\"Especialistas\",\"min\u00e9rio de ferro\",\"Vale (VALE3)\"],\"articleSection\":[\"Internacional\"],\"inLanguage\":\"pt-BR\"},{\"@type\":\"WebPage\",\"@id\":\"https:\/\/www.suno.com.br\/noticias\/minerio-de-ferro-queda-minimas-crise-covid-china\/\",\"url\":\"https:\/\/www.suno.com.br\/noticias\/minerio-de-ferro-queda-minimas-crise-covid-china\/\",\"name\":\"Min\u00e9rio de ferro renova m\u00ednimas com 'crise da Covid' na China\",\"isPartOf\":{\"@id\":\"https:\/\/www.suno.com.br\/noticias\/#website\"},\"primaryImageOfPage\":{\"@id\":\"https:\/\/www.suno.com.br\/noticias\/minerio-de-ferro-queda-minimas-crise-covid-china\/#primaryimage\"},\"image\":{\"@id\":\"https:\/\/www.suno.com.br\/noticias\/minerio-de-ferro-queda-minimas-crise-covid-china\/#primaryimage\"},\"thumbnailUrl\":\"https:\/\/files.sunoresearch.com.br\/n\/uploads\/2020\/10\/efbeb151-csnminerio-jpg.webp\",\"datePublished\":\"2022-10-20T17:59:30+00:00\",\"description\":\"Com imbr\u00f3glio sanit\u00e1rio e abertura do Congresso do Partido Comunista da China, o min\u00e9rio de ferro cai novamente. Clique aqui e leia mais!\",\"breadcrumb\":{\"@id\":\"https:\/\/www.suno.com.br\/noticias\/minerio-de-ferro-queda-minimas-crise-covid-china\/#breadcrumb\"},\"inLanguage\":\"pt-BR\",\"potentialAction\":[{\"@type\":\"ReadAction\",\"target\":[\"https:\/\/www.suno.com.br\/noticias\/minerio-de-ferro-queda-minimas-crise-covid-china\/\"]}]},{\"@type\":\"ImageObject\",\"inLanguage\":\"pt-BR\",\"@id\":\"https:\/\/www.suno.com.br\/noticias\/minerio-de-ferro-queda-minimas-crise-covid-china\/#primaryimage\",\"url\":\"https:\/\/files.sunoresearch.com.br\/n\/uploads\/2020\/10\/efbeb151-csnminerio-jpg.webp\",\"contentUrl\":\"https:\/\/files.sunoresearch.com.br\/n\/uploads\/2020\/10\/efbeb151-csnminerio-jpg.webp\",\"width\":1200,\"height\":822,\"caption\":\"Min\u00e9rio de ferro\"},{\"@type\":\"BreadcrumbList\",\"@id\":\"https:\/\/www.suno.com.br\/noticias\/minerio-de-ferro-queda-minimas-crise-covid-china\/#breadcrumb\",\"itemListElement\":[{\"@type\":\"ListItem\",\"position\":1,\"name\":\"Not\u00edcias\",\"item\":\"https:\/\/www.suno.com.br\/noticias\/\"},{\"@type\":\"ListItem\",\"position\":2,\"name\":\"Internacional\",\"item\":\"https:\/\/www.suno.com.br\/noticias\/internacional\/\"},{\"@type\":\"ListItem\",\"position\":3,\"name\":\"Min\u00e9rio de ferro renova m\u00ednimas com &#8216;crise da Covid&#8217; na China\"}]},{\"@type\":\"WebSite\",\"@id\":\"https:\/\/www.suno.com.br\/noticias\/#website\",\"url\":\"https:\/\/www.suno.com.br\/noticias\/\",\"name\":\"Suno Not\u00edcias\",\"description\":\"Seu portal de informa\u00e7\u00e3o sobre o mundo dos investimentos\",\"publisher\":{\"@id\":\"https:\/\/www.suno.com.br\/noticias\/#organization\"},\"potentialAction\":[{\"@type\":\"SearchAction\",\"target\":{\"@type\":\"EntryPoint\",\"urlTemplate\":\"https:\/\/www.suno.com.br\/noticias\/?s={search_term_string}\"},\"query-input\":{\"@type\":\"PropertyValueSpecification\",\"valueRequired\":true,\"valueName\":\"search_term_string\"}}],\"inLanguage\":\"pt-BR\"},{\"@type\":\"Organization\",\"@id\":\"https:\/\/www.suno.com.br\/noticias\/#organization\",\"name\":\"Suno Not\u00edcias\",\"url\":\"https:\/\/www.suno.com.br\/noticias\/\",\"logo\":{\"@type\":\"ImageObject\",\"inLanguage\":\"pt-BR\",\"@id\":\"https:\/\/www.suno.com.br\/noticias\/#\/schema\/logo\/image\/\",\"url\":\"https:\/\/files.sunoresearch.com.br\/n\/uploads\/2021\/09\/suno-logo.png\",\"contentUrl\":\"https:\/\/files.sunoresearch.com.br\/n\/uploads\/2021\/09\/suno-logo.png\",\"width\":180,\"height\":180,\"caption\":\"Suno Not\u00edcias\"},\"image\":{\"@id\":\"https:\/\/www.suno.com.br\/noticias\/#\/schema\/logo\/image\/\"},\"sameAs\":[\"https:\/\/facebook.com\/sunoresearch\",\"https:\/\/x.com\/sunoresearch\",\"https:\/\/www.instagram.com\/suno\",\"https:\/\/www.linkedin.com\/company\/suno-research\/\",\"https:\/\/www.youtube.com\/c\/sunoresearch\"]},{\"@type\":\"Person\",\"@id\":\"https:\/\/www.suno.com.br\/noticias\/#\/schema\/person\/7f4d362bf3518e76090143ae77bb49a5\",\"name\":\"Eduardo Vargas\",\"image\":{\"@type\":\"ImageObject\",\"inLanguage\":\"pt-BR\",\"@id\":\"https:\/\/www.suno.com.br\/noticias\/#\/schema\/person\/image\/\",\"url\":\"https:\/\/secure.gravatar.com\/avatar\/dac340933427a22924c9f99d1eb2e3f2?s=96&r=g\",\"contentUrl\":\"https:\/\/secure.gravatar.com\/avatar\/dac340933427a22924c9f99d1eb2e3f2?s=96&r=g\",\"caption\":\"Eduardo Vargas\"},\"description\":\"Jornalista formado pela UFSC, cobre macroeconomia, neg\u00f3cios e startups para o Suno Not\u00edcias, escrevendo principalmente not\u00edcias sobre o mercado financeiro e a bolsa de valores. No YouTube e no Instagram, \u00e9 respons\u00e1vel pela produ\u00e7\u00e3o de Reels e Shorts do Suno Not\u00edcias. Anteriormente, trabalhou cobrindo economia e cotidiano no ND+ e para o ND, maior jornal impresso de Santa Catarina. Cursou um semestre letivo de Estudos de M\u00eddia na Universidad de Buenos Aires.\",\"url\":\"https:\/\/www.suno.com.br\/noticias\/author\/eduardo-vargas\/\"}]}<\/script>\n<!-- \/ Yoast SEO plugin. -->","yoast_head_json":{"title":"Min\u00e9rio de ferro renova m\u00ednimas com 'crise da Covid' na China","description":"Com imbr\u00f3glio sanit\u00e1rio e abertura do Congresso do Partido Comunista da China, o min\u00e9rio de ferro cai novamente. Clique aqui e leia mais!","robots":{"index":"index","follow":"follow","max-snippet":"max-snippet:-1","max-image-preview":"max-image-preview:large","max-video-preview":"max-video-preview:-1"},"canonical":"https:\/\/www.suno.com.br\/noticias\/minerio-de-ferro-queda-minimas-crise-covid-china\/","og_locale":"pt_BR","og_type":"article","og_title":"Min\u00e9rio de ferro renova m\u00ednimas com 'crise da Covid' na China","og_description":"Com imbr\u00f3glio sanit\u00e1rio e abertura do Congresso do Partido Comunista da China, o min\u00e9rio de ferro cai novamente. Clique aqui e leia mais!","og_url":"https:\/\/www.suno.com.br\/noticias\/minerio-de-ferro-queda-minimas-crise-covid-china\/","og_site_name":"Suno Not\u00edcias","article_publisher":"https:\/\/facebook.com\/sunoresearch","og_image":[{"width":1200,"height":822,"url":"https:\/\/files.sunoresearch.com.br\/n\/uploads\/2020\/10\/efbeb151-csnminerio.jpg","type":"image\/jpeg"}],"author":"Eduardo Vargas","twitter_card":"summary_large_image","twitter_creator":"@sunoresearch","twitter_site":"@sunoresearch","twitter_misc":{"Escrito por":"Eduardo Vargas","Est. tempo de leitura":"3 minutos"},"schema":{"@context":"https:\/\/schema.org","@graph":[{"@type":"NewsArticle","@id":"https:\/\/www.suno.com.br\/noticias\/minerio-de-ferro-queda-minimas-crise-covid-china\/#article","isPartOf":{"@id":"https:\/\/www.suno.com.br\/noticias\/minerio-de-ferro-queda-minimas-crise-covid-china\/"},"author":{"name":"Eduardo Vargas","@id":"https:\/\/www.suno.com.br\/noticias\/#\/schema\/person\/7f4d362bf3518e76090143ae77bb49a5"},"headline":"Min\u00e9rio de ferro renova m\u00ednimas com &#8216;crise da Covid&#8217; na China","datePublished":"2022-10-20T17:59:30+00:00","mainEntityOfPage":{"@id":"https:\/\/www.suno.com.br\/noticias\/minerio-de-ferro-queda-minimas-crise-covid-china\/"},"wordCount":532,"publisher":{"@id":"https:\/\/www.suno.com.br\/noticias\/#organization"},"image":{"@id":"https:\/\/www.suno.com.br\/noticias\/minerio-de-ferro-queda-minimas-crise-covid-china\/#primaryimage"},"thumbnailUrl":"https:\/\/files.sunoresearch.com.br\/n\/uploads\/2020\/10\/efbeb151-csnminerio-jpg.webp","keywords":["commodities","Especialistas","min\u00e9rio de ferro","Vale (VALE3)"],"articleSection":["Internacional"],"inLanguage":"pt-BR"},{"@type":"WebPage","@id":"https:\/\/www.suno.com.br\/noticias\/minerio-de-ferro-queda-minimas-crise-covid-china\/","url":"https:\/\/www.suno.com.br\/noticias\/minerio-de-ferro-queda-minimas-crise-covid-china\/","name":"Min\u00e9rio de ferro renova m\u00ednimas com 'crise da Covid' na China","isPartOf":{"@id":"https:\/\/www.suno.com.br\/noticias\/#website"},"primaryImageOfPage":{"@id":"https:\/\/www.suno.com.br\/noticias\/minerio-de-ferro-queda-minimas-crise-covid-china\/#primaryimage"},"image":{"@id":"https:\/\/www.suno.com.br\/noticias\/minerio-de-ferro-queda-minimas-crise-covid-china\/#primaryimage"},"thumbnailUrl":"https:\/\/files.sunoresearch.com.br\/n\/uploads\/2020\/10\/efbeb151-csnminerio-jpg.webp","datePublished":"2022-10-20T17:59:30+00:00","description":"Com imbr\u00f3glio sanit\u00e1rio e abertura do Congresso do Partido Comunista da China, o min\u00e9rio de ferro cai novamente. Clique aqui e leia mais!","breadcrumb":{"@id":"https:\/\/www.suno.com.br\/noticias\/minerio-de-ferro-queda-minimas-crise-covid-china\/#breadcrumb"},"inLanguage":"pt-BR","potentialAction":[{"@type":"ReadAction","target":["https:\/\/www.suno.com.br\/noticias\/minerio-de-ferro-queda-minimas-crise-covid-china\/"]}]},{"@type":"ImageObject","inLanguage":"pt-BR","@id":"https:\/\/www.suno.com.br\/noticias\/minerio-de-ferro-queda-minimas-crise-covid-china\/#primaryimage","url":"https:\/\/files.sunoresearch.com.br\/n\/uploads\/2020\/10\/efbeb151-csnminerio-jpg.webp","contentUrl":"https:\/\/files.sunoresearch.com.br\/n\/uploads\/2020\/10\/efbeb151-csnminerio-jpg.webp","width":1200,"height":822,"caption":"Min\u00e9rio de ferro"},{"@type":"BreadcrumbList","@id":"https:\/\/www.suno.com.br\/noticias\/minerio-de-ferro-queda-minimas-crise-covid-china\/#breadcrumb","itemListElement":[{"@type":"ListItem","position":1,"name":"Not\u00edcias","item":"https:\/\/www.suno.com.br\/noticias\/"},{"@type":"ListItem","position":2,"name":"Internacional","item":"https:\/\/www.suno.com.br\/noticias\/internacional\/"},{"@type":"ListItem","position":3,"name":"Min\u00e9rio de ferro renova m\u00ednimas com &#8216;crise da Covid&#8217; na China"}]},{"@type":"WebSite","@id":"https:\/\/www.suno.com.br\/noticias\/#website","url":"https:\/\/www.suno.com.br\/noticias\/","name":"Suno Not\u00edcias","description":"Seu portal de informa\u00e7\u00e3o sobre o mundo dos investimentos","publisher":{"@id":"https:\/\/www.suno.com.br\/noticias\/#organization"},"potentialAction":[{"@type":"SearchAction","target":{"@type":"EntryPoint","urlTemplate":"https:\/\/www.suno.com.br\/noticias\/?s={search_term_string}"},"query-input":{"@type":"PropertyValueSpecification","valueRequired":true,"valueName":"search_term_string"}}],"inLanguage":"pt-BR"},{"@type":"Organization","@id":"https:\/\/www.suno.com.br\/noticias\/#organization","name":"Suno Not\u00edcias","url":"https:\/\/www.suno.com.br\/noticias\/","logo":{"@type":"ImageObject","inLanguage":"pt-BR","@id":"https:\/\/www.suno.com.br\/noticias\/#\/schema\/logo\/image\/","url":"https:\/\/files.sunoresearch.com.br\/n\/uploads\/2021\/09\/suno-logo.png","contentUrl":"https:\/\/files.sunoresearch.com.br\/n\/uploads\/2021\/09\/suno-logo.png","width":180,"height":180,"caption":"Suno Not\u00edcias"},"image":{"@id":"https:\/\/www.suno.com.br\/noticias\/#\/schema\/logo\/image\/"},"sameAs":["https:\/\/facebook.com\/sunoresearch","https:\/\/x.com\/sunoresearch","https:\/\/www.instagram.com\/suno","https:\/\/www.linkedin.com\/company\/suno-research\/","https:\/\/www.youtube.com\/c\/sunoresearch"]},{"@type":"Person","@id":"https:\/\/www.suno.com.br\/noticias\/#\/schema\/person\/7f4d362bf3518e76090143ae77bb49a5","name":"Eduardo Vargas","image":{"@type":"ImageObject","inLanguage":"pt-BR","@id":"https:\/\/www.suno.com.br\/noticias\/#\/schema\/person\/image\/","url":"https:\/\/secure.gravatar.com\/avatar\/dac340933427a22924c9f99d1eb2e3f2?s=96&r=g","contentUrl":"https:\/\/secure.gravatar.com\/avatar\/dac340933427a22924c9f99d1eb2e3f2?s=96&r=g","caption":"Eduardo Vargas"},"description":"Jornalista formado pela UFSC, cobre macroeconomia, neg\u00f3cios e startups para o Suno Not\u00edcias, escrevendo principalmente not\u00edcias sobre o mercado financeiro e a bolsa de valores. No YouTube e no Instagram, \u00e9 respons\u00e1vel pela produ\u00e7\u00e3o de Reels e Shorts do Suno Not\u00edcias. Anteriormente, trabalhou cobrindo economia e cotidiano no ND+ e para o ND, maior jornal impresso de Santa Catarina. Cursou um semestre letivo de Estudos de M\u00eddia na Universidad de Buenos Aires.","url":"https:\/\/www.suno.com.br\/noticias\/author\/eduardo-vargas\/"}]}},"default_loop_html":"<div class=\"cardsPage__listCard__boxs\"><div class=\"cardsPage__listCard__boxs__img\"><a href=\"https:\/\/www.suno.com.br\/noticias\/minerio-de-ferro-queda-minimas-crise-covid-china\/\"><img class=\"mask\" src=\"https:\/\/www.suno.com.br\/noticias\/wp-content\/themes\/suno\/resources\/images\/spotlight\/spotlight1img\/bg-mask.png\" alt=\"Image Mask\"\/><img src=\"https:\/\/files.sunoresearch.com.br\/n\/uploads\/2020\/10\/efbeb151-csnminerio-400x200.webp\" alt=\"Min\u00e9rio de ferro renova m\u00ednimas com &#8216;crise da Covid&#8217; na China\"\/><\/a><span class=\"spotlightCategory\"><a href=\"https:\/\/www.suno.com.br\/noticias\/internacional\/\">Internacional<\/a><\/span><\/div><div class=\"cardsPage__listCard__boxs__content\"><a href=\"https:\/\/www.suno.com.br\/noticias\/minerio-de-ferro-queda-minimas-crise-covid-china\/\"><h2 class=\"content__title\">Min\u00e9rio de ferro renova m\u00ednimas com &#8216;crise da Covid&#8217; na China<\/h2><\/a><div class=\"newsContent__article__meta\"><div class=\"newsContent__article__meta__authorBox\"><a href=\"https:\/\/www.suno.com.br\/noticias\/author\/eduardo-vargas\/\" class=\"authorBox__avatar noMobi\"><img src=\"https:\/\/secure.gravatar.com\/avatar\/dac340933427a22924c9f99d1eb2e3f2?s=96&#038;r=g\" alt=\"Eduardo Vargas\"><\/a><div class=\"authorBox__name\"><span>por\n\t\t\t<a href=\"https:\/\/www.suno.com.br\/noticias\/author\/eduardo-vargas\/\"><span itemprop=\"author\">Eduardo Vargas<\/span><\/a><\/span><time datetime=\"2022-10-20T14:59:30-03:00\" itemprop=\"datePublished\">20\/10\/2022 14:59<\/time><\/div><\/div><\/div><\/div><\/div>","single_layout":"posts","amp_enabled":true,"_links":{"self":[{"href":"https:\/\/www.suno.com.br\/noticias\/wp-json\/wp\/v2\/posts\/310060"}],"collection":[{"href":"https:\/\/www.suno.com.br\/noticias\/wp-json\/wp\/v2\/posts"}],"about":[{"href":"https:\/\/www.suno.com.br\/noticias\/wp-json\/wp\/v2\/types\/post"}],"author":[{"embeddable":true,"href":"https:\/\/www.suno.com.br\/noticias\/wp-json\/wp\/v2\/users\/73"}],"replies":[{"embeddable":true,"href":"https:\/\/www.suno.com.br\/noticias\/wp-json\/wp\/v2\/comments?post=310060"}],"version-history":[{"count":1,"href":"https:\/\/www.suno.com.br\/noticias\/wp-json\/wp\/v2\/posts\/310060\/revisions"}],"predecessor-version":[{"id":310067,"href":"https:\/\/www.suno.com.br\/noticias\/wp-json\/wp\/v2\/posts\/310060\/revisions\/310067"}],"wp:featuredmedia":[{"embeddable":true,"href":"https:\/\/www.suno.com.br\/noticias\/wp-json\/wp\/v2\/media\/92776"}],"wp:attachment":[{"href":"https:\/\/www.suno.com.br\/noticias\/wp-json\/wp\/v2\/media?parent=310060"}],"wp:term":[{"taxonomy":"category","embeddable":true,"href":"https:\/\/www.suno.com.br\/noticias\/wp-json\/wp\/v2\/categories?post=310060"},{"taxonomy":"post_tag","embeddable":true,"href":"https:\/\/www.suno.com.br\/noticias\/wp-json\/wp\/v2\/tags?post=310060"},{"taxonomy":"suno_strategy","embeddable":true,"href":"https:\/\/www.suno.com.br\/noticias\/wp-json\/wp\/v2\/suno_strategy?post=310060"}],"curies":[{"name":"wp","href":"https:\/\/api.w.org\/{rel}","templated":true}]}}