{"id":31005,"date":"2019-07-15T10:08:54","date_gmt":"2019-07-15T13:08:54","guid":{"rendered":"https:\/\/www.suno.com.br\/noticias\/?p=31005"},"modified":"2019-07-15T14:31:45","modified_gmt":"2019-07-15T17:31:45","slug":"mercosul-uniao-europeia-acordo","status":"publish","type":"post","link":"https:\/\/www.suno.com.br\/noticias\/mercosul-uniao-europeia-acordo\/","title":{"rendered":"Mercosul respeitar\u00e1 as normas alimentares da UE, diz comiss\u00e1rio europeu"},"content":{"rendered":"<p>O comiss\u00e1rio para a Agricultura da <strong>Uni\u00e3o Europeia<\/strong>, Phil Hogan, afirmou nesta segunda-feira (15) que os pa\u00edses do Mercosul respeitar\u00e3o as<strong> normas<\/strong> alimentares do bloco europeu. Essa afirma\u00e7\u00e3o faz refer\u00eancia \u00e0s manifesta\u00e7\u00f5es de pa\u00edses da Europa contra o acordo.<\/p>\t<div class=\"wrapper-featured-image\">\n\t\t<figure class=\"spotlightImg\">\n\n\t\t\t<picture>\n\t\t\t\t<source media=\"(max-width: 768px)\" srcset=\"https:\/\/files.sunoresearch.com.br\/n\/uploads\/2018\/12\/3175d71c-uni\u00e3o-europeia-e-mercosur-400x200.webp\">\n\t\t\t\t<img loading=\"lazy\" decoding=\"async\" class=\"newsContent__article__imgCapa lazyloadDisabled newsContent__article__imgCapa--noCaption\" src=\"https:\/\/files.sunoresearch.com.br\/n\/uploads\/2018\/12\/3175d71c-uni\u00e3o-europeia-e-mercosur-800x450.webp\" width=\"800\" height=\"450\" alt=\"Mercosul respeitar\u00e1 as normas alimentares da UE, diz comiss\u00e1rio europeu\" fetchpriority=high \/>\n\t\t\t<\/picture>\n\n\t\t\t<figcaption class=\"wp-caption-text wp-caption-text--hide\">Finl\u00e2ndia deve sugerir que UE pare de importar carne do Brasil<\/figcaption>\n\t\t<\/figure>\n\t<\/div>\n\n\n<p>&#8220;Garantimos que n\u00e3o teremos nenhum produto entrando na Uni\u00e3o Europeia vindo dos pa\u00edses do <strong>Mercosul<\/strong> que n\u00e3o cumpram os padr\u00f5es alimentares da UE, bem como a ambi\u00e7\u00e3o clim\u00e1tica e ambiental&#8221;, disse Hogan.<\/p>\n<p>Os principais pa\u00edses em setor agr\u00edcola se sentem amea\u00e7ados com o acordo entre UE e Mercosul. Conforme os manifestantes da Fran\u00e7a, o trato permite que o Brasil pratique <a href=\"https:\/\/www.suno.com.br\/noticias\/brasil-acordo-ue-mercosul\/\">concorr\u00eancia desleal<\/a>, desrespeitando uma s\u00e9rie de leis ambientais e trabalhistas.<\/p>\n<p>&#8220;Nos p\u00f5em em concorr\u00eancia desleal com um pa\u00eds que n\u00e3o tem regra nenhuma. O Brasil n\u00e3o tem os mesmos padr\u00f5es europeus. Tudo o que \u00e9 proibido na Europa \u00e9 autorizado no pa\u00eds&#8221;, disse o secret\u00e1rio do sindicato agr\u00edcola da Fran\u00e7a, Patrick B\u00e9n\u00e9zit.<\/p>\n<p>No entanto, o comiss\u00e1rio afirmou que &#8220;h\u00e1 muita desinforma\u00e7\u00e3o sobre o conte\u00fado do pacto&#8221; e pediu que os agricultores europeus lessem o texto com aten\u00e7\u00e3o.<\/p>\n<p>&#8220;Espero que os nossos agricultores leiam atentamente o documento (&#8230;). Assim, ver\u00e3o que, no contexto de uma longa negocia\u00e7\u00e3o, onde houve, evidentemente, ganhos importantes para a ind\u00fastria, tamb\u00e9m reduzimos nosso n\u00edvel de concess\u00f5es na agricultura&#8221;, disse Hogan.<\/p>\n\t<p>\n\t\t<a href=\"https:\/\/www.seculus.com.br\/blackfriday\" target=\"_blank\" data-element=\"shortcode-suno-banner\" title=\"Banner SUNO, clique e saiba mais\">\n\t\t\t<picture>\n\t\t\t\t<source media=\"(max-width: 500px)\" srcset=\"https:\/\/files.sunoresearch.com.br\/n\/uploads\/2023\/11\/seculus_suno_mobile_1.jpg\">\n\t\t\t\t<img class=\"newsContent__article__imgCapa newsContent__article__imgCapa--banner\"\n\t\t\t\t\tsrc=\"https:\/\/files.sunoresearch.com.br\/n\/uploads\/2023\/11\/seculus_suno_desktop_1.jpg\"\n\t\t\t\t\tdata-promo-id=\"474122\"\t\t\t\t\t\t\t\t\t\twidth='1420' height='240'\t\t\t\t\talt=\"https:\/\/files.sunoresearch.com.br\/n\/uploads\/2023\/11\/seculus_suno_desktop_1.jpg\"\n\t\t\t\t>\n\t\t\t<\/picture>\n\t\t<\/a>\n\t<\/p>\n\n\n<h2>Brasil altera normas para se encaixar no acordo entre Mercosul e UE<\/h2>\n<p>Para se adequar nas diretrizes do acordo o Brasil modificou algumas normas sobre importa\u00e7\u00e3o de gado e b\u00fafalos.<\/p>\n<p><a href=\"\/\/www.suno.com.br\/noticias\/uniao-europeia-brasil-eua-agrotoxico\/\">Saiba Mais:\u00a0Brasil e outros pa\u00edses pediram \u00e0 Uni\u00e3o Europeia que reavalie regras sobre pesticidas<\/a><\/p>\n<p>\u201cPara facilitar o com\u00e9rcio internacional seguro de animais e de material gen\u00e9tico, atualizando as normas do Brasil \u00e0s resolu\u00e7\u00f5es do Mercosul sobre a importa\u00e7\u00e3o destes produtos, foram editadas as instru\u00e7\u00f5es no <a href=\"http:\/\/www.in.gov.br\/consulta\">Di\u00e1rio Oficial da Uni\u00e3o<\/a>\u201c, disse o Minist\u00e9rio da Agricultura.<\/p>\n<p>Ademais,\u00a0a nota do Minist\u00e9rio publicada na \u00faltima segunda-feira (8), afirma que \u201ca revis\u00e3o destas normas tamb\u00e9m atende o acordo formalizado entre <strong>Mercosul<\/strong> e UE\u201d.<\/p>\n","protected":false},"excerpt":{"rendered":"<p>O comiss\u00e1rio para a Agricultura da Uni\u00e3o Europeia, Phil Hogan, afirmou nesta segunda-feira (15) que os pa\u00edses do Mercosul respeitar\u00e3o as normas alimentares do bloco europeu. Essa afirma\u00e7\u00e3o faz refer\u00eancia \u00e0s manifesta\u00e7\u00f5es de pa\u00edses da Europa contra o acordo. Finl\u00e2ndia deve sugerir que UE pare de importar carne do Brasil &#8220;Garantimos que n\u00e3o teremos nenhum [&hellip;]<\/p>\n","protected":false},"author":15,"featured_media":8929,"comment_status":"closed","ping_status":"closed","sticky":false,"template":"","format":"standard","meta":[],"categories":[63],"tags":[868,731],"suno_strategy":[],"class_list":["post-31005","post","type-post","status-publish","format-standard","has-post-thumbnail","hentry","category-internacional","tag-mercosul","tag-uniao-europeia"],"yoast_head":"<!-- This site is optimized with the Yoast SEO plugin v24.4 - https:\/\/yoast.com\/wordpress\/plugins\/seo\/ -->\n<title>Mercosul respeitar\u00e1 as normas alimentares da UE, diz comiss\u00e1rio europeu<\/title>\n<meta name=\"description\" content=\"Nesta segunda (15), o comiss\u00e1rio de Agricultura da Uni\u00e3o Europeia afirmou que os pa\u00edses do Mercosul respeitar\u00e3o as normas. Clique aqui\" \/>\n<meta name=\"robots\" content=\"index, follow, max-snippet:-1, max-image-preview:large, max-video-preview:-1\" \/>\n<link rel=\"canonical\" href=\"https:\/\/www.suno.com.br\/noticias\/mercosul-uniao-europeia-acordo\/\" \/>\n<meta property=\"og:locale\" content=\"pt_BR\" \/>\n<meta property=\"og:type\" content=\"article\" \/>\n<meta property=\"og:title\" content=\"Mercosul respeitar\u00e1 as normas alimentares da UE, diz comiss\u00e1rio europeu\" \/>\n<meta property=\"og:description\" content=\"Nesta segunda (15), o comiss\u00e1rio de Agricultura da Uni\u00e3o Europeia afirmou que os pa\u00edses do Mercosul respeitar\u00e3o as normas. Clique aqui\" \/>\n<meta property=\"og:url\" content=\"https:\/\/www.suno.com.br\/noticias\/mercosul-uniao-europeia-acordo\/\" \/>\n<meta property=\"og:site_name\" content=\"Suno Not\u00edcias\" \/>\n<meta property=\"article:publisher\" content=\"https:\/\/facebook.com\/sunoresearch\" \/>\n<meta property=\"og:image\" content=\"https:\/\/files.sunoresearch.com.br\/n\/uploads\/2018\/12\/3175d71c-uni\u00e3o-europeia-e-mercosur.jpeg\" \/>\n\t<meta property=\"og:image:width\" content=\"1024\" \/>\n\t<meta property=\"og:image:height\" content=\"578\" \/>\n\t<meta property=\"og:image:type\" content=\"image\/jpeg\" \/>\n<meta name=\"author\" content=\"Poliana Santos\" \/>\n<meta name=\"twitter:card\" content=\"summary_large_image\" \/>\n<meta name=\"twitter:creator\" content=\"@sunoresearch\" \/>\n<meta name=\"twitter:site\" content=\"@sunoresearch\" \/>\n<meta name=\"twitter:label1\" content=\"Escrito por\" \/>\n\t<meta name=\"twitter:data1\" content=\"Poliana Santos\" \/>\n\t<meta name=\"twitter:label2\" content=\"Est. tempo de leitura\" \/>\n\t<meta name=\"twitter:data2\" content=\"2 minutos\" \/>\n<script type=\"application\/ld+json\" class=\"yoast-schema-graph\">{\"@context\":\"https:\/\/schema.org\",\"@graph\":[{\"@type\":\"NewsArticle\",\"@id\":\"https:\/\/www.suno.com.br\/noticias\/mercosul-uniao-europeia-acordo\/#article\",\"isPartOf\":{\"@id\":\"https:\/\/www.suno.com.br\/noticias\/mercosul-uniao-europeia-acordo\/\"},\"author\":{\"name\":\"Poliana Santos\",\"@id\":\"https:\/\/www.suno.com.br\/noticias\/#\/schema\/person\/02ec1f752758247878a2bf4abee1aeda\"},\"headline\":\"Mercosul respeitar\u00e1 as normas alimentares da UE, diz comiss\u00e1rio europeu\",\"datePublished\":\"2019-07-15T13:08:54+00:00\",\"dateModified\":\"2019-07-15T17:31:45+00:00\",\"mainEntityOfPage\":{\"@id\":\"https:\/\/www.suno.com.br\/noticias\/mercosul-uniao-europeia-acordo\/\"},\"wordCount\":389,\"publisher\":{\"@id\":\"https:\/\/www.suno.com.br\/noticias\/#organization\"},\"image\":{\"@id\":\"https:\/\/www.suno.com.br\/noticias\/mercosul-uniao-europeia-acordo\/#primaryimage\"},\"thumbnailUrl\":\"https:\/\/files.sunoresearch.com.br\/n\/uploads\/2018\/12\/3175d71c-uni\u00e3o-europeia-e-mercosur-jpeg.webp\",\"keywords\":[\"Mercosul\",\"Uni\u00e3o Europeia\"],\"articleSection\":[\"Internacional\"],\"inLanguage\":\"pt-BR\"},{\"@type\":\"WebPage\",\"@id\":\"https:\/\/www.suno.com.br\/noticias\/mercosul-uniao-europeia-acordo\/\",\"url\":\"https:\/\/www.suno.com.br\/noticias\/mercosul-uniao-europeia-acordo\/\",\"name\":\"Mercosul respeitar\u00e1 as normas alimentares da UE, diz comiss\u00e1rio europeu\",\"isPartOf\":{\"@id\":\"https:\/\/www.suno.com.br\/noticias\/#website\"},\"primaryImageOfPage\":{\"@id\":\"https:\/\/www.suno.com.br\/noticias\/mercosul-uniao-europeia-acordo\/#primaryimage\"},\"image\":{\"@id\":\"https:\/\/www.suno.com.br\/noticias\/mercosul-uniao-europeia-acordo\/#primaryimage\"},\"thumbnailUrl\":\"https:\/\/files.sunoresearch.com.br\/n\/uploads\/2018\/12\/3175d71c-uni\u00e3o-europeia-e-mercosur-jpeg.webp\",\"datePublished\":\"2019-07-15T13:08:54+00:00\",\"dateModified\":\"2019-07-15T17:31:45+00:00\",\"description\":\"Nesta segunda (15), o comiss\u00e1rio de Agricultura da Uni\u00e3o Europeia afirmou que os pa\u00edses do Mercosul respeitar\u00e3o as normas. Clique aqui\",\"breadcrumb\":{\"@id\":\"https:\/\/www.suno.com.br\/noticias\/mercosul-uniao-europeia-acordo\/#breadcrumb\"},\"inLanguage\":\"pt-BR\",\"potentialAction\":[{\"@type\":\"ReadAction\",\"target\":[\"https:\/\/www.suno.com.br\/noticias\/mercosul-uniao-europeia-acordo\/\"]}]},{\"@type\":\"ImageObject\",\"inLanguage\":\"pt-BR\",\"@id\":\"https:\/\/www.suno.com.br\/noticias\/mercosul-uniao-europeia-acordo\/#primaryimage\",\"url\":\"https:\/\/files.sunoresearch.com.br\/n\/uploads\/2018\/12\/3175d71c-uni\u00e3o-europeia-e-mercosur-jpeg.webp\",\"contentUrl\":\"https:\/\/files.sunoresearch.com.br\/n\/uploads\/2018\/12\/3175d71c-uni\u00e3o-europeia-e-mercosur-jpeg.webp\",\"width\":1024,\"height\":578,\"caption\":\"Finl\u00e2ndia deve sugerir que UE pare de importar carne do Brasil\"},{\"@type\":\"BreadcrumbList\",\"@id\":\"https:\/\/www.suno.com.br\/noticias\/mercosul-uniao-europeia-acordo\/#breadcrumb\",\"itemListElement\":[{\"@type\":\"ListItem\",\"position\":1,\"name\":\"Not\u00edcias\",\"item\":\"https:\/\/www.suno.com.br\/noticias\/\"},{\"@type\":\"ListItem\",\"position\":2,\"name\":\"Internacional\",\"item\":\"https:\/\/www.suno.com.br\/noticias\/internacional\/\"},{\"@type\":\"ListItem\",\"position\":3,\"name\":\"Mercosul respeitar\u00e1 as normas alimentares da UE, diz comiss\u00e1rio europeu\"}]},{\"@type\":\"WebSite\",\"@id\":\"https:\/\/www.suno.com.br\/noticias\/#website\",\"url\":\"https:\/\/www.suno.com.br\/noticias\/\",\"name\":\"Suno Not\u00edcias\",\"description\":\"Seu portal de informa\u00e7\u00e3o sobre o mundo dos investimentos\",\"publisher\":{\"@id\":\"https:\/\/www.suno.com.br\/noticias\/#organization\"},\"potentialAction\":[{\"@type\":\"SearchAction\",\"target\":{\"@type\":\"EntryPoint\",\"urlTemplate\":\"https:\/\/www.suno.com.br\/noticias\/?s={search_term_string}\"},\"query-input\":{\"@type\":\"PropertyValueSpecification\",\"valueRequired\":true,\"valueName\":\"search_term_string\"}}],\"inLanguage\":\"pt-BR\"},{\"@type\":\"Organization\",\"@id\":\"https:\/\/www.suno.com.br\/noticias\/#organization\",\"name\":\"Suno Not\u00edcias\",\"url\":\"https:\/\/www.suno.com.br\/noticias\/\",\"logo\":{\"@type\":\"ImageObject\",\"inLanguage\":\"pt-BR\",\"@id\":\"https:\/\/www.suno.com.br\/noticias\/#\/schema\/logo\/image\/\",\"url\":\"https:\/\/files.sunoresearch.com.br\/n\/uploads\/2021\/09\/suno-logo.png\",\"contentUrl\":\"https:\/\/files.sunoresearch.com.br\/n\/uploads\/2021\/09\/suno-logo.png\",\"width\":180,\"height\":180,\"caption\":\"Suno Not\u00edcias\"},\"image\":{\"@id\":\"https:\/\/www.suno.com.br\/noticias\/#\/schema\/logo\/image\/\"},\"sameAs\":[\"https:\/\/facebook.com\/sunoresearch\",\"https:\/\/x.com\/sunoresearch\",\"https:\/\/www.instagram.com\/suno\",\"https:\/\/www.linkedin.com\/company\/suno-research\/\",\"https:\/\/www.youtube.com\/c\/sunoresearch\"]},{\"@type\":\"Person\",\"@id\":\"https:\/\/www.suno.com.br\/noticias\/#\/schema\/person\/02ec1f752758247878a2bf4abee1aeda\",\"name\":\"Poliana Santos\",\"image\":{\"@type\":\"ImageObject\",\"inLanguage\":\"pt-BR\",\"@id\":\"https:\/\/www.suno.com.br\/noticias\/#\/schema\/person\/image\/\",\"url\":\"https:\/\/secure.gravatar.com\/avatar\/0645bd32f23d87b2130f2b2dff1d3f8d?s=96&r=g\",\"contentUrl\":\"https:\/\/secure.gravatar.com\/avatar\/0645bd32f23d87b2130f2b2dff1d3f8d?s=96&r=g\",\"caption\":\"Poliana Santos\"},\"description\":\"Rep\u00f3rter no Suno Not\u00edcias, com cobertura em mercado financeiro, economia, finan\u00e7as pessoais, renda fixa e varejo. Jornalista formada pela Faculdade C\u00e1sper L\u00edbero e possui passagem na R\u00e1dio Gazeta AM com a produ\u00e7\u00e3o de conte\u00fado sobre economia, pol\u00edtica, sa\u00fade, moda e m\u00fasica. Possui certificado de conclus\u00e3o do curso de An\u00e1lise de Balan\u00e7os pela Funda\u00e7\u00e3o Bradesco, Agenda Brasil pela FAAP, Educa\u00e7\u00e3o Pol\u00edtica por Alexandre Garcia e do Tesouro Direto e Mercado de A\u00e7\u00f5es pela B3.\",\"url\":\"https:\/\/www.suno.com.br\/noticias\/author\/poliana-santos\/\"}]}<\/script>\n<!-- \/ Yoast SEO plugin. -->","yoast_head_json":{"title":"Mercosul respeitar\u00e1 as normas alimentares da UE, diz comiss\u00e1rio europeu","description":"Nesta segunda (15), o comiss\u00e1rio de Agricultura da Uni\u00e3o Europeia afirmou que os pa\u00edses do Mercosul respeitar\u00e3o as normas. Clique aqui","robots":{"index":"index","follow":"follow","max-snippet":"max-snippet:-1","max-image-preview":"max-image-preview:large","max-video-preview":"max-video-preview:-1"},"canonical":"https:\/\/www.suno.com.br\/noticias\/mercosul-uniao-europeia-acordo\/","og_locale":"pt_BR","og_type":"article","og_title":"Mercosul respeitar\u00e1 as normas alimentares da UE, diz comiss\u00e1rio europeu","og_description":"Nesta segunda (15), o comiss\u00e1rio de Agricultura da Uni\u00e3o Europeia afirmou que os pa\u00edses do Mercosul respeitar\u00e3o as normas. Clique aqui","og_url":"https:\/\/www.suno.com.br\/noticias\/mercosul-uniao-europeia-acordo\/","og_site_name":"Suno Not\u00edcias","article_publisher":"https:\/\/facebook.com\/sunoresearch","og_image":[{"width":1024,"height":578,"url":"https:\/\/files.sunoresearch.com.br\/n\/uploads\/2018\/12\/3175d71c-uni\u00e3o-europeia-e-mercosur.jpeg","type":"image\/jpeg"}],"author":"Poliana Santos","twitter_card":"summary_large_image","twitter_creator":"@sunoresearch","twitter_site":"@sunoresearch","twitter_misc":{"Escrito por":"Poliana Santos","Est. tempo de leitura":"2 minutos"},"schema":{"@context":"https:\/\/schema.org","@graph":[{"@type":"NewsArticle","@id":"https:\/\/www.suno.com.br\/noticias\/mercosul-uniao-europeia-acordo\/#article","isPartOf":{"@id":"https:\/\/www.suno.com.br\/noticias\/mercosul-uniao-europeia-acordo\/"},"author":{"name":"Poliana Santos","@id":"https:\/\/www.suno.com.br\/noticias\/#\/schema\/person\/02ec1f752758247878a2bf4abee1aeda"},"headline":"Mercosul respeitar\u00e1 as normas alimentares da UE, diz comiss\u00e1rio europeu","datePublished":"2019-07-15T13:08:54+00:00","dateModified":"2019-07-15T17:31:45+00:00","mainEntityOfPage":{"@id":"https:\/\/www.suno.com.br\/noticias\/mercosul-uniao-europeia-acordo\/"},"wordCount":389,"publisher":{"@id":"https:\/\/www.suno.com.br\/noticias\/#organization"},"image":{"@id":"https:\/\/www.suno.com.br\/noticias\/mercosul-uniao-europeia-acordo\/#primaryimage"},"thumbnailUrl":"https:\/\/files.sunoresearch.com.br\/n\/uploads\/2018\/12\/3175d71c-uni\u00e3o-europeia-e-mercosur-jpeg.webp","keywords":["Mercosul","Uni\u00e3o Europeia"],"articleSection":["Internacional"],"inLanguage":"pt-BR"},{"@type":"WebPage","@id":"https:\/\/www.suno.com.br\/noticias\/mercosul-uniao-europeia-acordo\/","url":"https:\/\/www.suno.com.br\/noticias\/mercosul-uniao-europeia-acordo\/","name":"Mercosul respeitar\u00e1 as normas alimentares da UE, diz comiss\u00e1rio europeu","isPartOf":{"@id":"https:\/\/www.suno.com.br\/noticias\/#website"},"primaryImageOfPage":{"@id":"https:\/\/www.suno.com.br\/noticias\/mercosul-uniao-europeia-acordo\/#primaryimage"},"image":{"@id":"https:\/\/www.suno.com.br\/noticias\/mercosul-uniao-europeia-acordo\/#primaryimage"},"thumbnailUrl":"https:\/\/files.sunoresearch.com.br\/n\/uploads\/2018\/12\/3175d71c-uni\u00e3o-europeia-e-mercosur-jpeg.webp","datePublished":"2019-07-15T13:08:54+00:00","dateModified":"2019-07-15T17:31:45+00:00","description":"Nesta segunda (15), o comiss\u00e1rio de Agricultura da Uni\u00e3o Europeia afirmou que os pa\u00edses do Mercosul respeitar\u00e3o as normas. Clique aqui","breadcrumb":{"@id":"https:\/\/www.suno.com.br\/noticias\/mercosul-uniao-europeia-acordo\/#breadcrumb"},"inLanguage":"pt-BR","potentialAction":[{"@type":"ReadAction","target":["https:\/\/www.suno.com.br\/noticias\/mercosul-uniao-europeia-acordo\/"]}]},{"@type":"ImageObject","inLanguage":"pt-BR","@id":"https:\/\/www.suno.com.br\/noticias\/mercosul-uniao-europeia-acordo\/#primaryimage","url":"https:\/\/files.sunoresearch.com.br\/n\/uploads\/2018\/12\/3175d71c-uni\u00e3o-europeia-e-mercosur-jpeg.webp","contentUrl":"https:\/\/files.sunoresearch.com.br\/n\/uploads\/2018\/12\/3175d71c-uni\u00e3o-europeia-e-mercosur-jpeg.webp","width":1024,"height":578,"caption":"Finl\u00e2ndia deve sugerir que UE pare de importar carne do Brasil"},{"@type":"BreadcrumbList","@id":"https:\/\/www.suno.com.br\/noticias\/mercosul-uniao-europeia-acordo\/#breadcrumb","itemListElement":[{"@type":"ListItem","position":1,"name":"Not\u00edcias","item":"https:\/\/www.suno.com.br\/noticias\/"},{"@type":"ListItem","position":2,"name":"Internacional","item":"https:\/\/www.suno.com.br\/noticias\/internacional\/"},{"@type":"ListItem","position":3,"name":"Mercosul respeitar\u00e1 as normas alimentares da UE, diz comiss\u00e1rio europeu"}]},{"@type":"WebSite","@id":"https:\/\/www.suno.com.br\/noticias\/#website","url":"https:\/\/www.suno.com.br\/noticias\/","name":"Suno Not\u00edcias","description":"Seu portal de informa\u00e7\u00e3o sobre o mundo dos investimentos","publisher":{"@id":"https:\/\/www.suno.com.br\/noticias\/#organization"},"potentialAction":[{"@type":"SearchAction","target":{"@type":"EntryPoint","urlTemplate":"https:\/\/www.suno.com.br\/noticias\/?s={search_term_string}"},"query-input":{"@type":"PropertyValueSpecification","valueRequired":true,"valueName":"search_term_string"}}],"inLanguage":"pt-BR"},{"@type":"Organization","@id":"https:\/\/www.suno.com.br\/noticias\/#organization","name":"Suno Not\u00edcias","url":"https:\/\/www.suno.com.br\/noticias\/","logo":{"@type":"ImageObject","inLanguage":"pt-BR","@id":"https:\/\/www.suno.com.br\/noticias\/#\/schema\/logo\/image\/","url":"https:\/\/files.sunoresearch.com.br\/n\/uploads\/2021\/09\/suno-logo.png","contentUrl":"https:\/\/files.sunoresearch.com.br\/n\/uploads\/2021\/09\/suno-logo.png","width":180,"height":180,"caption":"Suno Not\u00edcias"},"image":{"@id":"https:\/\/www.suno.com.br\/noticias\/#\/schema\/logo\/image\/"},"sameAs":["https:\/\/facebook.com\/sunoresearch","https:\/\/x.com\/sunoresearch","https:\/\/www.instagram.com\/suno","https:\/\/www.linkedin.com\/company\/suno-research\/","https:\/\/www.youtube.com\/c\/sunoresearch"]},{"@type":"Person","@id":"https:\/\/www.suno.com.br\/noticias\/#\/schema\/person\/02ec1f752758247878a2bf4abee1aeda","name":"Poliana Santos","image":{"@type":"ImageObject","inLanguage":"pt-BR","@id":"https:\/\/www.suno.com.br\/noticias\/#\/schema\/person\/image\/","url":"https:\/\/secure.gravatar.com\/avatar\/0645bd32f23d87b2130f2b2dff1d3f8d?s=96&r=g","contentUrl":"https:\/\/secure.gravatar.com\/avatar\/0645bd32f23d87b2130f2b2dff1d3f8d?s=96&r=g","caption":"Poliana Santos"},"description":"Rep\u00f3rter no Suno Not\u00edcias, com cobertura em mercado financeiro, economia, finan\u00e7as pessoais, renda fixa e varejo. Jornalista formada pela Faculdade C\u00e1sper L\u00edbero e possui passagem na R\u00e1dio Gazeta AM com a produ\u00e7\u00e3o de conte\u00fado sobre economia, pol\u00edtica, sa\u00fade, moda e m\u00fasica. Possui certificado de conclus\u00e3o do curso de An\u00e1lise de Balan\u00e7os pela Funda\u00e7\u00e3o Bradesco, Agenda Brasil pela FAAP, Educa\u00e7\u00e3o Pol\u00edtica por Alexandre Garcia e do Tesouro Direto e Mercado de A\u00e7\u00f5es pela B3.","url":"https:\/\/www.suno.com.br\/noticias\/author\/poliana-santos\/"}]}},"default_loop_html":"<div class=\"cardsPage__listCard__boxs\"><div class=\"cardsPage__listCard__boxs__img\"><a href=\"https:\/\/www.suno.com.br\/noticias\/mercosul-uniao-europeia-acordo\/\"><img class=\"mask\" src=\"https:\/\/www.suno.com.br\/noticias\/wp-content\/themes\/suno\/resources\/images\/spotlight\/spotlight1img\/bg-mask.png\" alt=\"Image Mask\"\/><img src=\"https:\/\/files.sunoresearch.com.br\/n\/uploads\/2018\/12\/3175d71c-uni\u00e3o-europeia-e-mercosur-400x200.webp\" alt=\"Mercosul respeitar\u00e1 as normas alimentares da UE, diz comiss\u00e1rio europeu\"\/><\/a><span class=\"spotlightCategory\"><a href=\"https:\/\/www.suno.com.br\/noticias\/internacional\/\">Internacional<\/a><\/span><\/div><div class=\"cardsPage__listCard__boxs__content\"><a href=\"https:\/\/www.suno.com.br\/noticias\/mercosul-uniao-europeia-acordo\/\"><h2 class=\"content__title\">Mercosul respeitar\u00e1 as normas alimentares da UE, diz comiss\u00e1rio europeu<\/h2><\/a><div class=\"newsContent__article__meta\"><div class=\"newsContent__article__meta__authorBox\"><a href=\"https:\/\/www.suno.com.br\/noticias\/author\/poliana-santos\/\" class=\"authorBox__avatar noMobi\"><img src=\"https:\/\/files.sunoresearch.com.br\/n\/uploads\/2020\/08\/7ef34026-whatsapp-image-2020-08-03-at-12.37.57-150x150.webp\" alt=\"Poliana Santos\"><\/a><div class=\"authorBox__name\"><span>por\n\t\t\t<a href=\"https:\/\/www.suno.com.br\/noticias\/author\/poliana-santos\/\"><span itemprop=\"author\">Poliana Santos<\/span><\/a><\/span><time datetime=\"2019-07-15T10:08:54-03:00\" itemprop=\"datePublished\">15\/07\/2019 10:08<\/time><\/div><\/div><\/div><\/div><\/div>","single_layout":"posts","amp_enabled":true,"_links":{"self":[{"href":"https:\/\/www.suno.com.br\/noticias\/wp-json\/wp\/v2\/posts\/31005"}],"collection":[{"href":"https:\/\/www.suno.com.br\/noticias\/wp-json\/wp\/v2\/posts"}],"about":[{"href":"https:\/\/www.suno.com.br\/noticias\/wp-json\/wp\/v2\/types\/post"}],"author":[{"embeddable":true,"href":"https:\/\/www.suno.com.br\/noticias\/wp-json\/wp\/v2\/users\/15"}],"replies":[{"embeddable":true,"href":"https:\/\/www.suno.com.br\/noticias\/wp-json\/wp\/v2\/comments?post=31005"}],"version-history":[{"count":0,"href":"https:\/\/www.suno.com.br\/noticias\/wp-json\/wp\/v2\/posts\/31005\/revisions"}],"wp:featuredmedia":[{"embeddable":true,"href":"https:\/\/www.suno.com.br\/noticias\/wp-json\/wp\/v2\/media\/8929"}],"wp:attachment":[{"href":"https:\/\/www.suno.com.br\/noticias\/wp-json\/wp\/v2\/media?parent=31005"}],"wp:term":[{"taxonomy":"category","embeddable":true,"href":"https:\/\/www.suno.com.br\/noticias\/wp-json\/wp\/v2\/categories?post=31005"},{"taxonomy":"post_tag","embeddable":true,"href":"https:\/\/www.suno.com.br\/noticias\/wp-json\/wp\/v2\/tags?post=31005"},{"taxonomy":"suno_strategy","embeddable":true,"href":"https:\/\/www.suno.com.br\/noticias\/wp-json\/wp\/v2\/suno_strategy?post=31005"}],"curies":[{"name":"wp","href":"https:\/\/api.w.org\/{rel}","templated":true}]}}