{"id":310040,"date":"2022-10-20T10:41:59","date_gmt":"2022-10-20T13:41:59","guid":{"rendered":"https:\/\/www.suno.com.br\/noticias\/?p=310040"},"modified":"2022-10-20T10:41:59","modified_gmt":"2022-10-20T13:41:59","slug":"primeira-ministra-britanica-liz-truss-renuncia","status":"publish","type":"post","link":"https:\/\/www.suno.com.br\/noticias\/primeira-ministra-britanica-liz-truss-renuncia\/","title":{"rendered":"Liz Truss renuncia ao cargo de primeira-ministra do Reino Unido"},"content":{"rendered":"<p>A primeira-ministra do Reino Unido, <strong>Liz Truss<\/strong>, renunciou ao cargo nesta quinta-feira (20) pela manh\u00e3. Ela fez um discurso do lado de fora da sede do governo anunciando sua sa\u00edda. Truss \u00e9 a l\u00edder que menos tempo ficou no cargo na hist\u00f3ria do pa\u00eds, com apenas 45 dias no poder.<\/p><div class=\"videoFull \">\n\t\t\t<div class=\"videoWrapper yt-lazyload center\"\n\t\t\t\tdata-width=\"960\"\n\t\t\t\tdata-height=\"540\"\n\t\t\t\tdata-id=\"ji6ODy2luEg\"\n\t\t\t\tdata-alt=\"V\u00eddeo do YouTube - clique para reproduzir\"\n\t\t\t\tdata-logo=\"3\"\n\t\t\t\tdata-imagequality=\"maxres\">\n\t\t\t<\/div>\n\t\t<\/div><script type=\"application\/ld+json\">{\"@context\":\"https:\/\/schema.org\",\"@type\":\"VideoObject\",\"name\":\"Livro Bege v\u00ea pessimismo nos EUA | Tesla (TSLA34) decepciona | Nubank (NUBR33) anuncia criptomoeda\",\"description\":\"#morningcall #Not\u00edcias #nucoin #nubr33 #nubank #tesla #tsla34 #estadosunidos #elei\u00e7\u00f5es2022 #elei\u00e7\u00f5es #lula #bolsonaro #bolsadevalores #mercadofinanceiro \ud83d\udcda \ud83d\udcb8\ud835\udc02\ud835\udc28\ud835\udc27\ud835\udc2c\ud835\udc2d\ud835\udc2b\ud835\udc2e\ud835\udc1a \ud835\udc2e\ud835\udc26\ud835\udc1a \ud835\udc1c\ud835\udc1a\ud835\udc2b\ud835\udc2d\ud835\udc1e\ud835\udc22\ud835\udc2b\ud835\udc1a \ud835\udc1c\ud835\udc1a\ud835\udc26\ud835\udc29\ud835\udc1e\u00e3 \ud835\udc2e\ud835\udc2c\ud835\udc1a\ud835\udc27\ud835\udc1d\ud835\udc28 \ud835\udc1a\ud835\udc2c \ud835\udc2d\u00e1\ud835\udc2d\ud835\udc22\ud835\udc1c\ud835\udc1a\ud835\udc2c \ud835\udc1d\ud835\udc1a \ud835\udc12\ud835\udc2e\ud835\udc27\ud835\udc28 \ud835\udc1e \ud835\udc2d\ud835\udc1e\ud835\udc27\ud835\udc21\ud835\udc1a \ud835\udc2b\ud835\udc1e\ud835\udc2c\ud835\udc2e\ud835\udc25\ud835\udc2d\ud835\udc1a\ud835\udc1d\ud835\udc28\ud835\udc2c \ud835\udc1a\ud835\udc1c\ud835\udc22\ud835\udc26\ud835\udc1a \ud835\udc1d\ud835\udc1a \ud835\udc26\u00e9\ud835\udc1d\ud835\udc22\ud835\udc1a. \ud835\udc00 \ud835\udc01\ud835\udc25\ud835\udc1a\ud835\udc1c\ud835\udc24 \ud835\udc05\ud835\udc2b\ud835\udc22\ud835\udc1d\ud835\udc1a\ud835\udc32 \ud835\udc1e\ud835\udc2c\ud835\udc2d\u00e1 \ud835\udc1c\ud835\udc21\ud835\udc1e\ud835\udc20\ud835\udc1a\ud835\udc27\ud835\udc1d\ud835\udc28 \ud835\udc1e \ud835\udc2f\ud835\udc28\ud835\udc1c\u00ea \ud835\udc29\ud835\udc2b\ud835\udc1e\ud835\udc1c\ud835\udc22\ud835\udc2c\ud835\udc1a \ud835\udc1e\ud835\udc2c\ud835\udc2d\ud835\udc1a\ud835\udc2b \ud835\udc29\ud835\udc2b\ud835\udc1e\ud835\udc29\ud835\udc1a\ud835\udc2b\ud835\udc1a\ud835\udc1d\ud835\udc28 \ud835\udc29\ud835\udc1a\ud835\udc2b\ud835\udc1a \ud835\udc1a\ud835\udc29\ud835\udc2b\ud835\udc28\ud835\udc2f\ud835\udc1e\ud835\udc22\ud835\udc2d\ud835\udc1a\ud835\udc2b \ud835\udc1a\ud835\udc2c \ud835\udc26\ud835\udc1e\ud835\udc25\ud835\udc21\ud835\udc28\ud835\udc2b\ud835\udc1e\ud835\udc2c \ud835\udc28\ud835\udc1f\ud835\udc1e\ud835\udc2b\ud835\udc2d\ud835\udc1a\ud835\udc2c \ud835\udc1d\ud835\udc1a \ud835\udc12\ud835\udc2e\ud835\udc27\ud835\udc28 \ud835\udc27\ud835\udc28 \ud835\udc1a\ud835\udc27\ud835\udc28. \ud835\udc02\ud835\udc25\ud835\udc22\ud835\udc2a\ud835\udc2e\ud835\udc1e \ud835\udc27\ud835\udc28 \ud835\udc25\ud835\udc22\ud835\udc27\ud835\udc24 https:\/\/bit.ly\/3SHe5k6 \ud835\udc08\ud835\udc0d\ud835\udc12\ud835\udc02\ud835\udc11\ud835\udc04\ud835\udc15\ud835\udc00-\ud835\udc12\ud835\udc04 \ud835\udc0d\ud835\udc0e\u2026\",\"duration\":\"PT32M9S\",\"embedUrl\":\"https:\/\/www.youtube.com\/embed\/ji6ODy2luEg\",\"regionsAllowed\":\"pt-BR\",\"interactionStatistic\":{\"@type\":\"InteractionCounter\",\"interactionType\":{\"@type\":\"WatchAction\"},\"userInteractionCount\":2049},\"thumbnailUrl\":\"https:\/\/i.ytimg.com\/vi\/ji6ODy2luEg\/default.jpg\",\"uploadDate\":\"2022-10-20T12:37:05Z\"}<\/script>\n\n\t<p>\n\t\t<a href=\"\" target=\"_blank\" data-element=\"shortcode-suno-banner\" title=\"Banner SUNO, clique e saiba mais\">\n\t\t\t<picture>\n\t\t\t\t<source media=\"(max-width: 500px)\" srcset=\"\">\n\t\t\t\t<img class=\"newsContent__article__imgCapa newsContent__article__imgCapa--banner\"\n\t\t\t\t\tsrc=\"\"\n\t\t\t\t\tdata-promo-id=\"240038\"\t\t\t\t\t\t\t\t\t\t\t\t\t\t\talt=\"\"\n\t\t\t\t>\n\t\t\t<\/picture>\n\t\t<\/a>\n\t<\/p>\n\n\n<p>&#8220;Reconhe\u00e7o que, dada a situa\u00e7\u00e3o, n\u00e3o posso cumprir o mandato pelo qual fui eleito pelo Partido Conservador. Portanto, falei com <a href=\"https:\/\/www.suno.com.br\/noticias\/fortuna-rei-charles-3o\/\">Sua Majestade, o Rei<\/a>, para notific\u00e1-lo de que estou renunciado ao cargo de l\u00edder do Partido Conservador&#8221;, disse Liz\u00a0 Truss h\u00e1 pouco.<\/p>\n<p>Truss, que <a href=\"https:\/\/www.suno.com.br\/noticias\/boris-johnson-renuncia-primeiro-ministro-2\/\"><strong>substituiu Boris Johnson em 5 de setembro<\/strong><\/a> no comando do pa\u00eds, j\u00e1 vinha sofrendo uma forte press\u00e3o para renunciar por parte do mercado e dentro de seu pr\u00f3prio partido.<\/p>\n<p>A grande instabilidade ao redor do governo da ex-premi\u00ea foi fruto dos problemas econ\u00f4micos gerados pelo<a href=\"https:\/\/www.suno.com.br\/noticias\/web-stories\/reino-unido-impostos-alta\/\"> <strong>pacote de medidas apresentado por Truss<\/strong><\/a> para um corte amplo de impostos no pa\u00eds, al\u00e9m de um empr\u00e9stimo bilion\u00e1rio para cobrir o rombo das contas p\u00fablicas.<\/p>\n\t<div data-element=\"shortcode-read-more\" class=\"knowMore\">\n\t\t\t\t<span class=\"knowMore__title\">Leia mais<\/span>\n\t\t\t\t<a class=\"knowMore__link\" href=\"https:\/\/www.suno.com.br\/noticias\/reino-unido-alta-imposto-liz-truss\/\">\n\t\t\tReino Unido seguir\u00e1 com alta no imposto corporativo, diz primeira-ministra Liz Truss\t\t<\/a>\n\t<\/div>\n\n\n<h2>Plano econ\u00f4mico de Liz Truss levou \u00e0 ren\u00fancia<\/h2>\n<p>O Partido Conservador vive uma crise desde o governo de Boris Johnson, que renunciou depois de uma debandada de ministros.<\/p>\n<p><a href=\"https:\/\/www.suno.com.br\/artigos\/planos-economicos\/\">A proposta econ\u00f4mica da ex-premi\u00ea, de corte de impostos<\/a>, foi mal recebida no pa\u00eds, em um momento no qual a<a href=\"https:\/\/www.suno.com.br\/noticias\/inflacao-cpi-reino-unido-recorde\/\"><strong> infla\u00e7\u00e3o do Reino Unido ultrapassou os 10%<\/strong><\/a>, em sua maior taxa nos \u00faltimos 40 anos. Como parte da rea\u00e7\u00e3o ao planejamento, a libra caiu para o menor valor da hist\u00f3ria em rela\u00e7\u00e3o ao d\u00f3lar.<\/p>\n<p>O <strong>novo ministro das Finan\u00e7as, Jeremy Hunt<\/strong>, reverteu as mudan\u00e7as anunciadas pela primeira-ministra, aprofundando a crise no governo. Kwasi Kwarteng, o antigo respons\u00e1vel pela pasta, havia sido demitido do cargo na \u00faltima sexta-feira (14). A carta divulgada por Kwarteng endere\u00e7ada \u00e0 chanceler dizia que ela pediu para que ele \u201cficasse de lado\u201d.<\/p>\n<p>Segundo a BBC, antes de <strong>Liz Truss<\/strong>, o mandato mais curto de um primeiro-ministro havia sido de George Canning, que ficou no cargo por 119 dias, antes de morrer, em 1827.<\/p>\n\t<p>\n\t\t<a href=\"\" target=\"_blank\" data-element=\"shortcode-suno-banner\" title=\"Banner SUNO, clique e saiba mais\">\n\t\t\t<picture>\n\t\t\t\t<source media=\"(max-width: 500px)\" srcset=\"\">\n\t\t\t\t<img class=\"newsContent__article__imgCapa newsContent__article__imgCapa--banner\"\n\t\t\t\t\tsrc=\"\"\n\t\t\t\t\tdata-promo-id=\"274968\"\t\t\t\t\t\t\t\t\t\t\t\t\t\t\talt=\"\"\n\t\t\t\t>\n\t\t\t<\/picture>\n\t\t<\/a>\n\t<\/p>\n\n\n","protected":false},"excerpt":{"rendered":"<p>A primeira-ministra do Reino Unido, Liz Truss, renunciou ao cargo nesta quinta-feira (20) pela manh\u00e3. Ela fez um discurso do lado de fora da sede do governo anunciando sua sa\u00edda. Truss \u00e9 a l\u00edder que menos tempo ficou no cargo na hist\u00f3ria do pa\u00eds, com apenas 45 dias no poder. &#8220;Reconhe\u00e7o que, dada a situa\u00e7\u00e3o, [&hellip;]<\/p>\n","protected":false},"author":70,"featured_media":308665,"comment_status":"closed","ping_status":"closed","sticky":false,"template":"","format":"standard","meta":[],"categories":[63],"tags":[730],"suno_strategy":[],"class_list":["post-310040","post","type-post","status-publish","format-standard","has-post-thumbnail","hentry","category-internacional","tag-reino-unido"],"yoast_head":"<!-- This site is optimized with the Yoast SEO plugin v24.4 - https:\/\/yoast.com\/wordpress\/plugins\/seo\/ -->\n<title>Liz Truss renuncia ao cargo de primeira-ministra do Reino Unido<\/title>\n<meta name=\"description\" content=\"A primeira-ministra do Reino Unido Liz Truss renunciou ao cargo com apenas 45 dias no poder. A crise foi estimulada por quest\u00f5es econ\u00f4micas.\" \/>\n<meta name=\"robots\" content=\"index, follow, max-snippet:-1, max-image-preview:large, max-video-preview:-1\" \/>\n<link rel=\"canonical\" href=\"https:\/\/www.suno.com.br\/noticias\/primeira-ministra-britanica-liz-truss-renuncia\/\" \/>\n<meta property=\"og:locale\" content=\"pt_BR\" \/>\n<meta property=\"og:type\" content=\"article\" \/>\n<meta property=\"og:title\" content=\"Liz Truss renuncia ao cargo de primeira-ministra do Reino Unido\" \/>\n<meta property=\"og:description\" content=\"A primeira-ministra do Reino Unido Liz Truss renunciou ao cargo com apenas 45 dias no poder. A crise foi estimulada por quest\u00f5es econ\u00f4micas.\" \/>\n<meta property=\"og:url\" content=\"https:\/\/www.suno.com.br\/noticias\/primeira-ministra-britanica-liz-truss-renuncia\/\" \/>\n<meta property=\"og:site_name\" content=\"Suno Not\u00edcias\" \/>\n<meta property=\"article:publisher\" content=\"https:\/\/facebook.com\/sunoresearch\" \/>\n<meta property=\"og:image\" content=\"https:\/\/files.sunoresearch.com.br\/n\/uploads\/2022\/10\/Official_portrait_of_Prime_Minister_Liz_Truss.jpg\" \/>\n\t<meta property=\"og:image:width\" content=\"1280\" \/>\n\t<meta property=\"og:image:height\" content=\"854\" \/>\n\t<meta property=\"og:image:type\" content=\"image\/jpeg\" \/>\n<meta name=\"author\" content=\"Beatriz Boyadjian\" \/>\n<meta name=\"twitter:card\" content=\"summary_large_image\" \/>\n<meta name=\"twitter:creator\" content=\"@sunoresearch\" \/>\n<meta name=\"twitter:site\" content=\"@sunoresearch\" \/>\n<meta name=\"twitter:label1\" content=\"Escrito por\" \/>\n\t<meta name=\"twitter:data1\" content=\"Beatriz Boyadjian\" \/>\n\t<meta name=\"twitter:label2\" content=\"Est. tempo de leitura\" \/>\n\t<meta name=\"twitter:data2\" content=\"2 minutos\" \/>\n<script type=\"application\/ld+json\" class=\"yoast-schema-graph\">{\"@context\":\"https:\/\/schema.org\",\"@graph\":[{\"@type\":\"NewsArticle\",\"@id\":\"https:\/\/www.suno.com.br\/noticias\/primeira-ministra-britanica-liz-truss-renuncia\/#article\",\"isPartOf\":{\"@id\":\"https:\/\/www.suno.com.br\/noticias\/primeira-ministra-britanica-liz-truss-renuncia\/\"},\"author\":{\"name\":\"Beatriz Boyadjian\",\"@id\":\"https:\/\/www.suno.com.br\/noticias\/#\/schema\/person\/c9d40f227e4ffee8114b1299c28902b0\"},\"headline\":\"Liz Truss renuncia ao cargo de primeira-ministra do Reino Unido\",\"datePublished\":\"2022-10-20T13:41:59+00:00\",\"mainEntityOfPage\":{\"@id\":\"https:\/\/www.suno.com.br\/noticias\/primeira-ministra-britanica-liz-truss-renuncia\/\"},\"wordCount\":373,\"publisher\":{\"@id\":\"https:\/\/www.suno.com.br\/noticias\/#organization\"},\"image\":{\"@id\":\"https:\/\/www.suno.com.br\/noticias\/primeira-ministra-britanica-liz-truss-renuncia\/#primaryimage\"},\"thumbnailUrl\":\"https:\/\/files.sunoresearch.com.br\/n\/uploads\/2022\/10\/Official_portrait_of_Prime_Minister_Liz_Truss.jpg\",\"keywords\":[\"Reino Unido\"],\"articleSection\":[\"Internacional\"],\"inLanguage\":\"pt-BR\"},{\"@type\":\"WebPage\",\"@id\":\"https:\/\/www.suno.com.br\/noticias\/primeira-ministra-britanica-liz-truss-renuncia\/\",\"url\":\"https:\/\/www.suno.com.br\/noticias\/primeira-ministra-britanica-liz-truss-renuncia\/\",\"name\":\"Liz Truss renuncia ao cargo de primeira-ministra do Reino Unido\",\"isPartOf\":{\"@id\":\"https:\/\/www.suno.com.br\/noticias\/#website\"},\"primaryImageOfPage\":{\"@id\":\"https:\/\/www.suno.com.br\/noticias\/primeira-ministra-britanica-liz-truss-renuncia\/#primaryimage\"},\"image\":{\"@id\":\"https:\/\/www.suno.com.br\/noticias\/primeira-ministra-britanica-liz-truss-renuncia\/#primaryimage\"},\"thumbnailUrl\":\"https:\/\/files.sunoresearch.com.br\/n\/uploads\/2022\/10\/Official_portrait_of_Prime_Minister_Liz_Truss.jpg\",\"datePublished\":\"2022-10-20T13:41:59+00:00\",\"description\":\"A primeira-ministra do Reino Unido Liz Truss renunciou ao cargo com apenas 45 dias no poder. A crise foi estimulada por quest\u00f5es econ\u00f4micas.\",\"breadcrumb\":{\"@id\":\"https:\/\/www.suno.com.br\/noticias\/primeira-ministra-britanica-liz-truss-renuncia\/#breadcrumb\"},\"inLanguage\":\"pt-BR\",\"potentialAction\":[{\"@type\":\"ReadAction\",\"target\":[\"https:\/\/www.suno.com.br\/noticias\/primeira-ministra-britanica-liz-truss-renuncia\/\"]}]},{\"@type\":\"ImageObject\",\"inLanguage\":\"pt-BR\",\"@id\":\"https:\/\/www.suno.com.br\/noticias\/primeira-ministra-britanica-liz-truss-renuncia\/#primaryimage\",\"url\":\"https:\/\/files.sunoresearch.com.br\/n\/uploads\/2022\/10\/Official_portrait_of_Prime_Minister_Liz_Truss.jpg\",\"contentUrl\":\"https:\/\/files.sunoresearch.com.br\/n\/uploads\/2022\/10\/Official_portrait_of_Prime_Minister_Liz_Truss.jpg\",\"width\":1280,\"height\":854,\"caption\":\"A primeira-ministra do Reino Unido, Liz Truss - Foto: Wikimedia Commons\"},{\"@type\":\"BreadcrumbList\",\"@id\":\"https:\/\/www.suno.com.br\/noticias\/primeira-ministra-britanica-liz-truss-renuncia\/#breadcrumb\",\"itemListElement\":[{\"@type\":\"ListItem\",\"position\":1,\"name\":\"Not\u00edcias\",\"item\":\"https:\/\/www.suno.com.br\/noticias\/\"},{\"@type\":\"ListItem\",\"position\":2,\"name\":\"Internacional\",\"item\":\"https:\/\/www.suno.com.br\/noticias\/internacional\/\"},{\"@type\":\"ListItem\",\"position\":3,\"name\":\"Liz Truss renuncia ao cargo de primeira-ministra do Reino Unido\"}]},{\"@type\":\"WebSite\",\"@id\":\"https:\/\/www.suno.com.br\/noticias\/#website\",\"url\":\"https:\/\/www.suno.com.br\/noticias\/\",\"name\":\"Suno Not\u00edcias\",\"description\":\"Seu portal de informa\u00e7\u00e3o sobre o mundo dos investimentos\",\"publisher\":{\"@id\":\"https:\/\/www.suno.com.br\/noticias\/#organization\"},\"potentialAction\":[{\"@type\":\"SearchAction\",\"target\":{\"@type\":\"EntryPoint\",\"urlTemplate\":\"https:\/\/www.suno.com.br\/noticias\/?s={search_term_string}\"},\"query-input\":{\"@type\":\"PropertyValueSpecification\",\"valueRequired\":true,\"valueName\":\"search_term_string\"}}],\"inLanguage\":\"pt-BR\"},{\"@type\":\"Organization\",\"@id\":\"https:\/\/www.suno.com.br\/noticias\/#organization\",\"name\":\"Suno Not\u00edcias\",\"url\":\"https:\/\/www.suno.com.br\/noticias\/\",\"logo\":{\"@type\":\"ImageObject\",\"inLanguage\":\"pt-BR\",\"@id\":\"https:\/\/www.suno.com.br\/noticias\/#\/schema\/logo\/image\/\",\"url\":\"https:\/\/files.sunoresearch.com.br\/n\/uploads\/2021\/09\/suno-logo.png\",\"contentUrl\":\"https:\/\/files.sunoresearch.com.br\/n\/uploads\/2021\/09\/suno-logo.png\",\"width\":180,\"height\":180,\"caption\":\"Suno Not\u00edcias\"},\"image\":{\"@id\":\"https:\/\/www.suno.com.br\/noticias\/#\/schema\/logo\/image\/\"},\"sameAs\":[\"https:\/\/facebook.com\/sunoresearch\",\"https:\/\/x.com\/sunoresearch\",\"https:\/\/www.instagram.com\/suno\",\"https:\/\/www.linkedin.com\/company\/suno-research\/\",\"https:\/\/www.youtube.com\/c\/sunoresearch\"]},{\"@type\":\"Person\",\"@id\":\"https:\/\/www.suno.com.br\/noticias\/#\/schema\/person\/c9d40f227e4ffee8114b1299c28902b0\",\"name\":\"Beatriz Boyadjian\",\"image\":{\"@type\":\"ImageObject\",\"inLanguage\":\"pt-BR\",\"@id\":\"https:\/\/www.suno.com.br\/noticias\/#\/schema\/person\/image\/\",\"url\":\"https:\/\/secure.gravatar.com\/avatar\/4c3c59f4030e268f950437c4f36e38b7?s=96&r=g\",\"contentUrl\":\"https:\/\/secure.gravatar.com\/avatar\/4c3c59f4030e268f950437c4f36e38b7?s=96&r=g\",\"caption\":\"Beatriz Boyadjian\"},\"description\":\"Rep\u00f3rter multim\u00eddia no Suno Not\u00edcias. Jornalista formada pela Faculdade C\u00e1sper L\u00edbero, foi rep\u00f3rter da Forbes Brasil e atuou na cobertura de hard news, economia, neg\u00f3cios e lifestyle. Gerenciou as redes sociais da edi\u00e7\u00e3o brasileira da tradicional revista de neg\u00f3cios. Na M\u00e1quina Cohn&amp;Wolfe, atuou como rela\u00e7\u00f5es p\u00fablicas de clientes do N\u00facleo de Sa\u00fade da empresa. Produziu releases, notas, relat\u00f3rios, entre outros, para empresas como Biomm, Hypera, FIDI. Anteriormente, respons\u00e1vel pelas redes sociais do Suno Not\u00edcias.\",\"sameAs\":[\"https:\/\/www.linkedin.com\/in\/beatriz-boyadjian\/\"],\"url\":\"https:\/\/www.suno.com.br\/noticias\/author\/beatriz-boyadjian\/\"}]}<\/script>\n<!-- \/ Yoast SEO plugin. -->","yoast_head_json":{"title":"Liz Truss renuncia ao cargo de primeira-ministra do Reino Unido","description":"A primeira-ministra do Reino Unido Liz Truss renunciou ao cargo com apenas 45 dias no poder. A crise foi estimulada por quest\u00f5es econ\u00f4micas.","robots":{"index":"index","follow":"follow","max-snippet":"max-snippet:-1","max-image-preview":"max-image-preview:large","max-video-preview":"max-video-preview:-1"},"canonical":"https:\/\/www.suno.com.br\/noticias\/primeira-ministra-britanica-liz-truss-renuncia\/","og_locale":"pt_BR","og_type":"article","og_title":"Liz Truss renuncia ao cargo de primeira-ministra do Reino Unido","og_description":"A primeira-ministra do Reino Unido Liz Truss renunciou ao cargo com apenas 45 dias no poder. A crise foi estimulada por quest\u00f5es econ\u00f4micas.","og_url":"https:\/\/www.suno.com.br\/noticias\/primeira-ministra-britanica-liz-truss-renuncia\/","og_site_name":"Suno Not\u00edcias","article_publisher":"https:\/\/facebook.com\/sunoresearch","og_image":[{"width":1280,"height":854,"url":"https:\/\/files.sunoresearch.com.br\/n\/uploads\/2022\/10\/Official_portrait_of_Prime_Minister_Liz_Truss.jpg","type":"image\/jpeg"}],"author":"Beatriz Boyadjian","twitter_card":"summary_large_image","twitter_creator":"@sunoresearch","twitter_site":"@sunoresearch","twitter_misc":{"Escrito por":"Beatriz Boyadjian","Est. tempo de leitura":"2 minutos"},"schema":{"@context":"https:\/\/schema.org","@graph":[{"@type":"NewsArticle","@id":"https:\/\/www.suno.com.br\/noticias\/primeira-ministra-britanica-liz-truss-renuncia\/#article","isPartOf":{"@id":"https:\/\/www.suno.com.br\/noticias\/primeira-ministra-britanica-liz-truss-renuncia\/"},"author":{"name":"Beatriz Boyadjian","@id":"https:\/\/www.suno.com.br\/noticias\/#\/schema\/person\/c9d40f227e4ffee8114b1299c28902b0"},"headline":"Liz Truss renuncia ao cargo de primeira-ministra do Reino Unido","datePublished":"2022-10-20T13:41:59+00:00","mainEntityOfPage":{"@id":"https:\/\/www.suno.com.br\/noticias\/primeira-ministra-britanica-liz-truss-renuncia\/"},"wordCount":373,"publisher":{"@id":"https:\/\/www.suno.com.br\/noticias\/#organization"},"image":{"@id":"https:\/\/www.suno.com.br\/noticias\/primeira-ministra-britanica-liz-truss-renuncia\/#primaryimage"},"thumbnailUrl":"https:\/\/files.sunoresearch.com.br\/n\/uploads\/2022\/10\/Official_portrait_of_Prime_Minister_Liz_Truss.jpg","keywords":["Reino Unido"],"articleSection":["Internacional"],"inLanguage":"pt-BR"},{"@type":"WebPage","@id":"https:\/\/www.suno.com.br\/noticias\/primeira-ministra-britanica-liz-truss-renuncia\/","url":"https:\/\/www.suno.com.br\/noticias\/primeira-ministra-britanica-liz-truss-renuncia\/","name":"Liz Truss renuncia ao cargo de primeira-ministra do Reino Unido","isPartOf":{"@id":"https:\/\/www.suno.com.br\/noticias\/#website"},"primaryImageOfPage":{"@id":"https:\/\/www.suno.com.br\/noticias\/primeira-ministra-britanica-liz-truss-renuncia\/#primaryimage"},"image":{"@id":"https:\/\/www.suno.com.br\/noticias\/primeira-ministra-britanica-liz-truss-renuncia\/#primaryimage"},"thumbnailUrl":"https:\/\/files.sunoresearch.com.br\/n\/uploads\/2022\/10\/Official_portrait_of_Prime_Minister_Liz_Truss.jpg","datePublished":"2022-10-20T13:41:59+00:00","description":"A primeira-ministra do Reino Unido Liz Truss renunciou ao cargo com apenas 45 dias no poder. A crise foi estimulada por quest\u00f5es econ\u00f4micas.","breadcrumb":{"@id":"https:\/\/www.suno.com.br\/noticias\/primeira-ministra-britanica-liz-truss-renuncia\/#breadcrumb"},"inLanguage":"pt-BR","potentialAction":[{"@type":"ReadAction","target":["https:\/\/www.suno.com.br\/noticias\/primeira-ministra-britanica-liz-truss-renuncia\/"]}]},{"@type":"ImageObject","inLanguage":"pt-BR","@id":"https:\/\/www.suno.com.br\/noticias\/primeira-ministra-britanica-liz-truss-renuncia\/#primaryimage","url":"https:\/\/files.sunoresearch.com.br\/n\/uploads\/2022\/10\/Official_portrait_of_Prime_Minister_Liz_Truss.jpg","contentUrl":"https:\/\/files.sunoresearch.com.br\/n\/uploads\/2022\/10\/Official_portrait_of_Prime_Minister_Liz_Truss.jpg","width":1280,"height":854,"caption":"A primeira-ministra do Reino Unido, Liz Truss - Foto: Wikimedia Commons"},{"@type":"BreadcrumbList","@id":"https:\/\/www.suno.com.br\/noticias\/primeira-ministra-britanica-liz-truss-renuncia\/#breadcrumb","itemListElement":[{"@type":"ListItem","position":1,"name":"Not\u00edcias","item":"https:\/\/www.suno.com.br\/noticias\/"},{"@type":"ListItem","position":2,"name":"Internacional","item":"https:\/\/www.suno.com.br\/noticias\/internacional\/"},{"@type":"ListItem","position":3,"name":"Liz Truss renuncia ao cargo de primeira-ministra do Reino Unido"}]},{"@type":"WebSite","@id":"https:\/\/www.suno.com.br\/noticias\/#website","url":"https:\/\/www.suno.com.br\/noticias\/","name":"Suno Not\u00edcias","description":"Seu portal de informa\u00e7\u00e3o sobre o mundo dos investimentos","publisher":{"@id":"https:\/\/www.suno.com.br\/noticias\/#organization"},"potentialAction":[{"@type":"SearchAction","target":{"@type":"EntryPoint","urlTemplate":"https:\/\/www.suno.com.br\/noticias\/?s={search_term_string}"},"query-input":{"@type":"PropertyValueSpecification","valueRequired":true,"valueName":"search_term_string"}}],"inLanguage":"pt-BR"},{"@type":"Organization","@id":"https:\/\/www.suno.com.br\/noticias\/#organization","name":"Suno Not\u00edcias","url":"https:\/\/www.suno.com.br\/noticias\/","logo":{"@type":"ImageObject","inLanguage":"pt-BR","@id":"https:\/\/www.suno.com.br\/noticias\/#\/schema\/logo\/image\/","url":"https:\/\/files.sunoresearch.com.br\/n\/uploads\/2021\/09\/suno-logo.png","contentUrl":"https:\/\/files.sunoresearch.com.br\/n\/uploads\/2021\/09\/suno-logo.png","width":180,"height":180,"caption":"Suno Not\u00edcias"},"image":{"@id":"https:\/\/www.suno.com.br\/noticias\/#\/schema\/logo\/image\/"},"sameAs":["https:\/\/facebook.com\/sunoresearch","https:\/\/x.com\/sunoresearch","https:\/\/www.instagram.com\/suno","https:\/\/www.linkedin.com\/company\/suno-research\/","https:\/\/www.youtube.com\/c\/sunoresearch"]},{"@type":"Person","@id":"https:\/\/www.suno.com.br\/noticias\/#\/schema\/person\/c9d40f227e4ffee8114b1299c28902b0","name":"Beatriz Boyadjian","image":{"@type":"ImageObject","inLanguage":"pt-BR","@id":"https:\/\/www.suno.com.br\/noticias\/#\/schema\/person\/image\/","url":"https:\/\/secure.gravatar.com\/avatar\/4c3c59f4030e268f950437c4f36e38b7?s=96&r=g","contentUrl":"https:\/\/secure.gravatar.com\/avatar\/4c3c59f4030e268f950437c4f36e38b7?s=96&r=g","caption":"Beatriz Boyadjian"},"description":"Rep\u00f3rter multim\u00eddia no Suno Not\u00edcias. Jornalista formada pela Faculdade C\u00e1sper L\u00edbero, foi rep\u00f3rter da Forbes Brasil e atuou na cobertura de hard news, economia, neg\u00f3cios e lifestyle. Gerenciou as redes sociais da edi\u00e7\u00e3o brasileira da tradicional revista de neg\u00f3cios. Na M\u00e1quina Cohn&amp;Wolfe, atuou como rela\u00e7\u00f5es p\u00fablicas de clientes do N\u00facleo de Sa\u00fade da empresa. Produziu releases, notas, relat\u00f3rios, entre outros, para empresas como Biomm, Hypera, FIDI. Anteriormente, respons\u00e1vel pelas redes sociais do Suno Not\u00edcias.","sameAs":["https:\/\/www.linkedin.com\/in\/beatriz-boyadjian\/"],"url":"https:\/\/www.suno.com.br\/noticias\/author\/beatriz-boyadjian\/"}]}},"default_loop_html":"<div class=\"cardsPage__listCard__boxs\"><div class=\"cardsPage__listCard__boxs__img\"><a href=\"https:\/\/www.suno.com.br\/noticias\/primeira-ministra-britanica-liz-truss-renuncia\/\"><img class=\"mask\" src=\"https:\/\/www.suno.com.br\/noticias\/wp-content\/themes\/suno\/resources\/images\/spotlight\/spotlight1img\/bg-mask.png\" alt=\"Image Mask\"\/><img src=\"https:\/\/files.sunoresearch.com.br\/n\/uploads\/2022\/10\/Official_portrait_of_Prime_Minister_Liz_Truss-400x200.jpg\" alt=\"Liz Truss renuncia ao cargo de primeira-ministra do Reino Unido\"\/><\/a><span class=\"spotlightCategory\"><a href=\"https:\/\/www.suno.com.br\/noticias\/internacional\/\">Internacional<\/a><\/span><\/div><div class=\"cardsPage__listCard__boxs__content\"><a href=\"https:\/\/www.suno.com.br\/noticias\/primeira-ministra-britanica-liz-truss-renuncia\/\"><h2 class=\"content__title\">Liz Truss renuncia ao cargo de primeira-ministra do Reino Unido<\/h2><\/a><div class=\"newsContent__article__meta\"><div class=\"newsContent__article__meta__authorBox\"><a href=\"https:\/\/www.suno.com.br\/noticias\/author\/beatriz-boyadjian\/\" class=\"authorBox__avatar noMobi\"><img src=\"https:\/\/secure.gravatar.com\/avatar\/4c3c59f4030e268f950437c4f36e38b7?s=96&#038;r=g\" alt=\"Beatriz Boyadjian\"><\/a><div class=\"authorBox__name\"><span>por\n\t\t\t<a href=\"https:\/\/www.suno.com.br\/noticias\/author\/beatriz-boyadjian\/\"><span itemprop=\"author\">Beatriz Boyadjian<\/span><\/a><\/span><time datetime=\"2022-10-20T10:41:59-03:00\" itemprop=\"datePublished\">20\/10\/2022 10:41<\/time><\/div><\/div><\/div><\/div><\/div>","single_layout":"posts","amp_enabled":true,"_links":{"self":[{"href":"https:\/\/www.suno.com.br\/noticias\/wp-json\/wp\/v2\/posts\/310040"}],"collection":[{"href":"https:\/\/www.suno.com.br\/noticias\/wp-json\/wp\/v2\/posts"}],"about":[{"href":"https:\/\/www.suno.com.br\/noticias\/wp-json\/wp\/v2\/types\/post"}],"author":[{"embeddable":true,"href":"https:\/\/www.suno.com.br\/noticias\/wp-json\/wp\/v2\/users\/70"}],"replies":[{"embeddable":true,"href":"https:\/\/www.suno.com.br\/noticias\/wp-json\/wp\/v2\/comments?post=310040"}],"version-history":[{"count":3,"href":"https:\/\/www.suno.com.br\/noticias\/wp-json\/wp\/v2\/posts\/310040\/revisions"}],"predecessor-version":[{"id":310057,"href":"https:\/\/www.suno.com.br\/noticias\/wp-json\/wp\/v2\/posts\/310040\/revisions\/310057"}],"wp:featuredmedia":[{"embeddable":true,"href":"https:\/\/www.suno.com.br\/noticias\/wp-json\/wp\/v2\/media\/308665"}],"wp:attachment":[{"href":"https:\/\/www.suno.com.br\/noticias\/wp-json\/wp\/v2\/media?parent=310040"}],"wp:term":[{"taxonomy":"category","embeddable":true,"href":"https:\/\/www.suno.com.br\/noticias\/wp-json\/wp\/v2\/categories?post=310040"},{"taxonomy":"post_tag","embeddable":true,"href":"https:\/\/www.suno.com.br\/noticias\/wp-json\/wp\/v2\/tags?post=310040"},{"taxonomy":"suno_strategy","embeddable":true,"href":"https:\/\/www.suno.com.br\/noticias\/wp-json\/wp\/v2\/suno_strategy?post=310040"}],"curies":[{"name":"wp","href":"https:\/\/api.w.org\/{rel}","templated":true}]}}