{"id":310021,"date":"2022-10-20T08:44:15","date_gmt":"2022-10-20T11:44:15","guid":{"rendered":"https:\/\/www.suno.com.br\/noticias\/?p=310021"},"modified":"2022-10-20T08:44:15","modified_gmt":"2022-10-20T11:44:15","slug":"tim-tims3-nao-sera-vendida-telecom-italia-xp","status":"publish","type":"post","link":"https:\/\/www.suno.com.br\/noticias\/tim-tims3-nao-sera-vendida-telecom-italia-xp\/","title":{"rendered":"Tim (TIMS3) n\u00e3o ser\u00e1 vendida pela Telecom Italia, diz XP"},"content":{"rendered":"<p>H\u00e1 meses os rumores de mercado apontam para uma poss\u00edvel venda da <a class=\"suno-keyword\" href=\"https:\/\/www.suno.com.br\/acoes\/TIMS3\/\" target=\"_blank\" rel=\"noopener\" data-force=\"yes\" data-priority=\"2\"><strong>Tim<\/strong> (TIMS3)<\/a> pela Telecom Italia, que det\u00e9m 67% de participa\u00e7\u00e3o acion\u00e1ria na companhia brasileira e \u00e9 a sua controladora. A XP, em parecer recente sobre a Tim, destacou que a possibilidade dessa transa\u00e7\u00e3o \u00e9 praticamente nula no cen\u00e1rio atual.<\/p><div class=\"videoFull \">\n\t\t\t<div class=\"videoWrapper yt-lazyload center\"\n\t\t\t\tdata-width=\"960\"\n\t\t\t\tdata-height=\"540\"\n\t\t\t\tdata-id=\"ji6ODy2luEg\"\n\t\t\t\tdata-alt=\"V\u00eddeo do YouTube - clique para reproduzir\"\n\t\t\t\tdata-logo=\"3\"\n\t\t\t\tdata-imagequality=\"maxres\">\n\t\t\t<\/div>\n\t\t<\/div><script type=\"application\/ld+json\">{\"@context\":\"https:\/\/schema.org\",\"@type\":\"VideoObject\",\"name\":\"Livro Bege v\u00ea pessimismo nos EUA | Tesla (TSLA34) decepciona | Nubank (NUBR33) anuncia criptomoeda\",\"description\":\"#morningcall #Not\u00edcias #nucoin #nubr33 #nubank #tesla #tsla34 #estadosunidos #elei\u00e7\u00f5es2022 #elei\u00e7\u00f5es #lula #bolsonaro #bolsadevalores #mercadofinanceiro \ud83d\udcda \ud83d\udcb8\ud835\udc02\ud835\udc28\ud835\udc27\ud835\udc2c\ud835\udc2d\ud835\udc2b\ud835\udc2e\ud835\udc1a \ud835\udc2e\ud835\udc26\ud835\udc1a \ud835\udc1c\ud835\udc1a\ud835\udc2b\ud835\udc2d\ud835\udc1e\ud835\udc22\ud835\udc2b\ud835\udc1a \ud835\udc1c\ud835\udc1a\ud835\udc26\ud835\udc29\ud835\udc1e\u00e3 \ud835\udc2e\ud835\udc2c\ud835\udc1a\ud835\udc27\ud835\udc1d\ud835\udc28 \ud835\udc1a\ud835\udc2c \ud835\udc2d\u00e1\ud835\udc2d\ud835\udc22\ud835\udc1c\ud835\udc1a\ud835\udc2c \ud835\udc1d\ud835\udc1a \ud835\udc12\ud835\udc2e\ud835\udc27\ud835\udc28 \ud835\udc1e \ud835\udc2d\ud835\udc1e\ud835\udc27\ud835\udc21\ud835\udc1a \ud835\udc2b\ud835\udc1e\ud835\udc2c\ud835\udc2e\ud835\udc25\ud835\udc2d\ud835\udc1a\ud835\udc1d\ud835\udc28\ud835\udc2c \ud835\udc1a\ud835\udc1c\ud835\udc22\ud835\udc26\ud835\udc1a \ud835\udc1d\ud835\udc1a \ud835\udc26\u00e9\ud835\udc1d\ud835\udc22\ud835\udc1a. \ud835\udc00 \ud835\udc01\ud835\udc25\ud835\udc1a\ud835\udc1c\ud835\udc24 \ud835\udc05\ud835\udc2b\ud835\udc22\ud835\udc1d\ud835\udc1a\ud835\udc32 \ud835\udc1e\ud835\udc2c\ud835\udc2d\u00e1 \ud835\udc1c\ud835\udc21\ud835\udc1e\ud835\udc20\ud835\udc1a\ud835\udc27\ud835\udc1d\ud835\udc28 \ud835\udc1e \ud835\udc2f\ud835\udc28\ud835\udc1c\u00ea \ud835\udc29\ud835\udc2b\ud835\udc1e\ud835\udc1c\ud835\udc22\ud835\udc2c\ud835\udc1a \ud835\udc1e\ud835\udc2c\ud835\udc2d\ud835\udc1a\ud835\udc2b \ud835\udc29\ud835\udc2b\ud835\udc1e\ud835\udc29\ud835\udc1a\ud835\udc2b\ud835\udc1a\ud835\udc1d\ud835\udc28 \ud835\udc29\ud835\udc1a\ud835\udc2b\ud835\udc1a \ud835\udc1a\ud835\udc29\ud835\udc2b\ud835\udc28\ud835\udc2f\ud835\udc1e\ud835\udc22\ud835\udc2d\ud835\udc1a\ud835\udc2b \ud835\udc1a\ud835\udc2c \ud835\udc26\ud835\udc1e\ud835\udc25\ud835\udc21\ud835\udc28\ud835\udc2b\ud835\udc1e\ud835\udc2c \ud835\udc28\ud835\udc1f\ud835\udc1e\ud835\udc2b\ud835\udc2d\ud835\udc1a\ud835\udc2c \ud835\udc1d\ud835\udc1a \ud835\udc12\ud835\udc2e\ud835\udc27\ud835\udc28 \ud835\udc27\ud835\udc28 \ud835\udc1a\ud835\udc27\ud835\udc28. \ud835\udc02\ud835\udc25\ud835\udc22\ud835\udc2a\ud835\udc2e\ud835\udc1e \ud835\udc27\ud835\udc28 \ud835\udc25\ud835\udc22\ud835\udc27\ud835\udc24 https:\/\/bit.ly\/3SHe5k6 \ud835\udc08\ud835\udc0d\ud835\udc12\ud835\udc02\ud835\udc11\ud835\udc04\ud835\udc15\ud835\udc00-\ud835\udc12\ud835\udc04 \ud835\udc0d\ud835\udc0e\u2026\",\"duration\":\"PT32M9S\",\"embedUrl\":\"https:\/\/www.youtube.com\/embed\/ji6ODy2luEg\",\"regionsAllowed\":\"pt-BR\",\"interactionStatistic\":{\"@type\":\"InteractionCounter\",\"interactionType\":{\"@type\":\"WatchAction\"},\"userInteractionCount\":2049},\"thumbnailUrl\":\"https:\/\/i.ytimg.com\/vi\/ji6ODy2luEg\/default.jpg\",\"uploadDate\":\"2022-10-20T12:37:05Z\"}<\/script>\n\n\t<p>\n\t\t<a href=\"\" target=\"_blank\" data-element=\"shortcode-suno-banner\" title=\"Banner SUNO, clique e saiba mais\">\n\t\t\t<picture>\n\t\t\t\t<source media=\"(max-width: 500px)\" srcset=\"\">\n\t\t\t\t<img class=\"newsContent__article__imgCapa newsContent__article__imgCapa--banner\"\n\t\t\t\t\tsrc=\"\"\n\t\t\t\t\tdata-promo-id=\"138420\"\t\t\t\t\t\t\t\t\t\t\t\t\t\t\talt=\"\"\n\t\t\t\t>\n\t\t\t<\/picture>\n\t\t<\/a>\n\t<\/p>\n\n\n<p>Os analistas da corretora receberam os <strong>CEOs da Telecom Italia e da Tim<\/strong>. Os executivos destacaram que &#8216;n\u00e3o faria sentido vender a opera\u00e7\u00e3o sem um pr\u00eamio significativo&#8217;.<\/p>\n<p>Atualmente a Tim representa 25% do <a href=\"https:\/\/www.suno.com.br\/guias\/ebitda\/\">Ebitda<\/a> AL (Lucros antes de juros, impostos, <a class=\"suno-keyword\" href=\"https:\/\/www.suno.com.br\/artigos\/depreciacao-amortizacao\/\" target=\"_blank\" rel=\"noopener\" data-force=\"no\" data-priority=\"1\">deprecia\u00e7\u00e3o e amortiza\u00e7\u00e3o<\/a> after leases) da empresa e 35% do Ebitda AL-Capex.<\/p>\n<p>&#8220;Com a mudan\u00e7a de <strong>governo na It\u00e1lia<\/strong>, algumas not\u00edcias apontam para a possibilidade de um desinvestimento da TIM Brasil. Ficamos com a impress\u00e3o de que o plano de reestrutura\u00e7\u00e3o na It\u00e1lia est\u00e1 sendo executado de forma adequada e at\u00e9 certo ponto de forma independente, o que n\u00e3o exigiria a venda do ativo no Brasil, mitigando o risco de overhang devido \u00e0 aus\u00eancia de um comprador \u00f3bvio para TIM Brasil&#8221;, afirmam os analistas Bernardo Guttmann e Marco Nardini, da XP.<\/p>\n<p>&#8220;Atualmente, n\u00e3o h\u00e1 comprador \u00f3bvio para o ativo e, al\u00e9m disso, o plano de reestrutura\u00e7\u00e3o na It\u00e1lia n\u00e3o considera esse desinvestimento&#8221;, seguem.<\/p>\n<p>Al\u00e9m disso, vender o excedente do controle da empresa e deixar a\u00a0<strong>Telecom Italia<\/strong> com uma participa\u00e7\u00e3o pouco acima de 50% &#8216; n\u00e3o faria sentido e seria financeiramente irrelevante&#8217;, segundo a XP.<\/p>\n\n\t<div data-element=\"shortcode-read-more\" class=\"readToo\">\n\t\t\t\t<span class=\"readToo__title\">Leia mais<\/span>\n\t\t\t\t<ul class=\"readToo__list\">\n\t\t\t<li><a href=\"https:\/\/www.suno.com.br\/noticias\/comecar-investimentos-do-zero-dicas\/\">Como come\u00e7ar seus investimentos do zero? Veja dicas de especialistas<\/a><\/li><li><a href=\"https:\/\/www.suno.com.br\/noticias\/btg-bpac11-3t22-desafiador-setor-saude\/\">Qualicorp (QUAL3), Hapvida (HAPV3)&#8230; BTG prev\u00ea um &#8220;3T22 desafiador&#8221; para o setor de sa\u00fade<\/a><\/li><li><a href=\"https:\/\/www.suno.com.br\/noticias\/twitter-twtr34-carl-icahn-elon-musk\/\">Twitter (TWTR34): investidor ganha R$ 1,3 bilh\u00e3o com &#8216;mudan\u00e7a de planos&#8217; de Elon Musk<\/a><\/li>\t\t<\/ul>\n\t<\/div>\n\n\n<p>A opera\u00e7\u00e3o tamb\u00e9m n\u00e3o endere\u00e7aria as necessidades de caixa da Telecom.<\/p>\n<p>&#8220;Apesar de sua alta alavancagem, a Telecom Italia tem ampla liquidez para cobrir os vencimentos at\u00e9 2024. Eles acabaram de fazer um empr\u00e9stimo de 2 bilh\u00f5es de euros com o governo italiano dando um bom al\u00edvio. A empresa n\u00e3o tem problemas com covenants e a <a class=\"suno-keyword\" href=\"https:\/\/www.suno.com.br\/artigos\/juros\/\" target=\"_blank\" rel=\"noopener\" data-force=\"no\" data-priority=\"2\">taxa de juros<\/a> \u00e9 majoritariamente fixa. O desafio est\u00e1 no m\u00e9dio prazo, quando a empresa ter\u00e1 novos financiamentos a um custo maior&#8221;, explicam os analistas.<\/p>\n<p>Na reuni\u00e3o com os executivos, tamb\u00e9m foi confirmado que n\u00e3o h\u00e1 d\u00edvida colaterizada tendo como garantia as a\u00e7\u00f5es e\/ou ativos no Brasil.<\/p>\n<p>&#8220;Apesar de todo o barulho sobre a possibilidade de <strong>venda da TIM<\/strong>, n\u00e3o h\u00e1 processo de venda em andamento e, em nossa percep\u00e7\u00e3o, a venda s\u00f3 ocorreria se um player se mostrasse disposto a comprar as opera\u00e7\u00f5es pagando um bom pr\u00eamio&#8221;, conclui a XP.<\/p>\n\t<p>\n\t\t<a href=\"https:\/\/lp.suno.com.br\/planilha-controle-gastos\/\" target=\"_blank\" data-element=\"shortcode-suno-banner\" title=\"Banner SUNO, clique e saiba mais\">\n\t\t\t<picture>\n\t\t\t\t<source media=\"(max-width: 500px)\" srcset=\"https:\/\/files.sunoresearch.com.br\/n\/uploads\/2023\/03\/400x300-Planilha-controle-de-gastos.png\">\n\t\t\t\t<img class=\"newsContent__article__imgCapa newsContent__article__imgCapa--banner\"\n\t\t\t\t\tsrc=\"https:\/\/files.sunoresearch.com.br\/n\/uploads\/2023\/03\/1420x240-Planilha-controle-de-gastos.png\"\n\t\t\t\t\tdata-promo-id=\"101751\"\t\t\t\t\t\t\t\t\t\twidth='1420' height='240'\t\t\t\t\talt=\"https:\/\/files.sunoresearch.com.br\/n\/uploads\/2023\/03\/1420x240-Planilha-controle-de-gastos.png\"\n\t\t\t\t>\n\t\t\t<\/picture>\n\t\t<\/a>\n\t<\/p>\n\n\n<h2>&#8216;Compre a\u00e7\u00f5es da Tim&#8217;<\/h2>\n<p>A XP, no mesmo parecer, destaca sua vis\u00e3o positiva para as\u00a0<strong>a\u00e7\u00f5es da Tim<\/strong>. Para a casa, os pap\u00e9is negociam em um valuation atrativo, dado os m\u00faltiplos de 3,4x EV\/EBITDA estimado para 2023. Esse patamar mostra &#8216;um desconto relevante para pares globais&#8217;, segundo a XP.<\/p>\n<p>&#8220;Al\u00e9m de um valuation atrativo, uma nova abordagem de <a class=\"suno-keyword\" href=\"https:\/\/www.suno.com.br\/guias\/dividendos\/\" target=\"_blank\" rel=\"noopener\" data-force=\"no\" data-priority=\"1\">dividendos<\/a> e r\u00e1pida desalavancagem ap\u00f3s a aquisi\u00e7\u00e3o da Oi Mobile nos fazem reiterar nossa recomenda\u00e7\u00e3o de COMPRA, que tamb\u00e9m permanece como nossa Top Pick entre as grandes telcos brasileiras&#8221;, diz a casa.<\/p>\n<p>O pre\u00e7o-alvo para os pap\u00e9is <a href=\"https:\/\/statusinvest.com.br\/acoes\/tims3\"><strong>TIMS3<\/strong> <\/a>\u00e9 de R$ 22, ao passo que a cota\u00e7\u00e3o atual \u00e9 de R$ 12,47 &#8211; conforme o pre\u00e7o de fechamento de quarta (19).<\/p>\n\t<p>\n\t\t<a href=\"https:\/\/lp.suno.com.br\/ebook-como-analisar-uma-acao\/\" target=\"_blank\" data-element=\"shortcode-suno-banner\" title=\"Banner SUNO, clique e saiba mais\">\n\t\t\t<picture>\n\t\t\t\t<source media=\"(max-width: 500px)\" srcset=\"https:\/\/files.sunoresearch.com.br\/n\/uploads\/2023\/03\/Ebook-Acoes-Mobile-1.jpg\">\n\t\t\t\t<img class=\"newsContent__article__imgCapa newsContent__article__imgCapa--banner\"\n\t\t\t\t\tsrc=\"https:\/\/files.sunoresearch.com.br\/n\/uploads\/2023\/03\/Ebook-Acoes-Desktop-1.jpg\"\n\t\t\t\t\tdata-promo-id=\"171998\"\t\t\t\t\t\t\t\t\t\twidth='1420' height='286'\t\t\t\t\talt=\"https:\/\/files.sunoresearch.com.br\/n\/uploads\/2023\/03\/Ebook-Acoes-Desktop-1.jpg\"\n\t\t\t\t>\n\t\t\t<\/picture>\n\t\t<\/a>\n\t<\/p>\n\n\n<h2>Sobre a gest\u00e3o da Telecom Italia<\/h2>\n<p>No parecer sobre a companhia, ap\u00f3s a reuni\u00e3o com os executivos, a XP aponta que o CEO da Telecom Italia, Pietro Labriola, se concentrou em executar seu plano de reestrutura\u00e7\u00e3o &#8216;de forma industrial&#8217;.<\/p>\n<p>&#8220;Nos primeiros meses de seu mandato na It\u00e1lia, Pietro conduziu alguns impairments e profit warnings, suspendeu dividendos e mudou o guidance da empresa. Em seguida, Pietro apresentou um plano para reduzir a d\u00edvida (cerca de 19,3 bilh\u00f5es de euros de <a class=\"suno-keyword\" href=\"https:\/\/www.suno.com.br\/artigos\/divida-liquida\/\" target=\"_blank\" rel=\"noopener\" data-force=\"no\" data-priority=\"1\">d\u00edvida l\u00edquida<\/a>) onde o caminho mais \u00f3bvio seria a venda da empresa de infraestrutura que gera cerca de 2 bilh\u00f5es de euros, transferindo uma quantidade significativa de d\u00edvida a esta nova empresa&#8221;, explicam os analistas.<\/p>\n<p>Al\u00e9m disso, a Telecom Italia possui uma negocia\u00e7\u00e3o em aberto com a CDP Equity nesse sentido. Mas a transa\u00e7\u00e3o bilion\u00e1ria pode ser estendida por conta da magnitude. Ali\u00e1s, seria um neg\u00f3cio que precisaria de aprova\u00e7\u00e3o do governo italiano. <a class=\"suno-keyword\" href=\"https:\/\/www.suno.com.br\/artigos\/fundos-private-equity\/\" target=\"_blank\" rel=\"noopener\" data-force=\"no\" data-priority=\"1\">Fundos de private equity<\/a> tamb\u00e9m mostraram interesse no ativo.<\/p>\n<p>Sobre a estrutura da <strong>dona da Tim<\/strong>, a XP aponta que se trata de uma &#8216;true corporation&#8217; e a 5\u00aa maior empresa da It\u00e1lia. A composui\u00e7\u00e3o acion\u00e1ria inclui a Vivendi (23,75%) e Cassa Depositi e Prestiti (9,81%) com 2 e 1 membros no <a class=\"suno-keyword\" href=\"https:\/\/www.suno.com.br\/artigos\/conselho-administracao\/\" target=\"_blank\" rel=\"noopener\" data-force=\"no\" data-priority=\"1\">conselho de administra\u00e7\u00e3o<\/a>, respectivamente (de um total de 15 membros do conselho).<\/p>\n<p>A controladora da <strong>Tim<\/strong> tamb\u00e9m soma 70 mil funcion\u00e1rios &#8211; e, justamente por conta disso, seu plano de reestrutura\u00e7\u00e3o chama aten\u00e7\u00e3o do governo e do mercado.<\/p>\n\t<p>\n\t\t<a href=\"https:\/\/lp.suno.com.br\/planilha-da-vida-financeira\/\" target=\"_blank\" data-element=\"shortcode-suno-banner\" title=\"Banner SUNO, clique e saiba mais\">\n\t\t\t<picture>\n\t\t\t\t<source media=\"(max-width: 500px)\" srcset=\"https:\/\/files.sunoresearch.com.br\/n\/uploads\/2023\/04\/400x300-Planilha-vida-financeira-true.png\">\n\t\t\t\t<img class=\"newsContent__article__imgCapa newsContent__article__imgCapa--banner\"\n\t\t\t\t\tsrc=\"https:\/\/files.sunoresearch.com.br\/n\/uploads\/2023\/04\/1420x240-Planilha-vida-financeira-true.png\"\n\t\t\t\t\tdata-promo-id=\"106682\"\t\t\t\t\t\t\t\t\t\twidth='1420' height='240'\t\t\t\t\talt=\"https:\/\/files.sunoresearch.com.br\/n\/uploads\/2023\/04\/1420x240-Planilha-vida-financeira-true.png\"\n\t\t\t\t>\n\t\t\t<\/picture>\n\t\t<\/a>\n\t<\/p>\n\n\n","protected":false},"excerpt":{"rendered":"<p>H\u00e1 meses os rumores de mercado apontam para uma poss\u00edvel venda da Tim (TIMS3) pela Telecom Italia, que det\u00e9m 67% de participa\u00e7\u00e3o acion\u00e1ria na companhia brasileira e \u00e9 a sua controladora. A XP, em parecer recente sobre a Tim, destacou que a possibilidade dessa transa\u00e7\u00e3o \u00e9 praticamente nula no cen\u00e1rio atual. Os analistas da corretora [&hellip;]<\/p>\n","protected":false},"author":73,"featured_media":120111,"comment_status":"closed","ping_status":"closed","sticky":false,"template":"","format":"standard","meta":[],"categories":[64],"tags":[105816,937,663],"suno_strategy":[],"class_list":["post-310021","post","type-post","status-publish","format-standard","has-post-thumbnail","hentry","category-negocios","tag-especialistas","tag-telecomunicacoes","tag-tim-tims3"],"yoast_head":"<!-- This site is optimized with the Yoast SEO plugin v24.4 - https:\/\/yoast.com\/wordpress\/plugins\/seo\/ -->\n<title>Tim (TIMS3) n\u00e3o ser\u00e1 vendida pela Telecom Italia, diz XP<\/title>\n<meta name=\"description\" content=\"Analistas da XP se encontraram com os CEOs da Tim e da Telecom Italia e reiteraram que n\u00e3o h\u00e1 negocia\u00e7\u00f5es atualmente. Clique e confira!\" \/>\n<meta name=\"robots\" content=\"index, follow, max-snippet:-1, max-image-preview:large, max-video-preview:-1\" \/>\n<link rel=\"canonical\" href=\"https:\/\/www.suno.com.br\/noticias\/tim-tims3-nao-sera-vendida-telecom-italia-xp\/\" \/>\n<meta property=\"og:locale\" content=\"pt_BR\" \/>\n<meta property=\"og:type\" content=\"article\" \/>\n<meta property=\"og:title\" content=\"Tim (TIMS3) n\u00e3o ser\u00e1 vendida pela Telecom Italia, diz XP\" \/>\n<meta property=\"og:description\" content=\"Analistas da XP se encontraram com os CEOs da Tim e da Telecom Italia e reiteraram que n\u00e3o h\u00e1 negocia\u00e7\u00f5es atualmente. Clique e confira!\" \/>\n<meta property=\"og:url\" content=\"https:\/\/www.suno.com.br\/noticias\/tim-tims3-nao-sera-vendida-telecom-italia-xp\/\" \/>\n<meta property=\"og:site_name\" content=\"Suno Not\u00edcias\" \/>\n<meta property=\"article:publisher\" content=\"https:\/\/facebook.com\/sunoresearch\" \/>\n<meta property=\"og:image\" content=\"https:\/\/files.sunoresearch.com.br\/n\/uploads\/2021\/02\/7d155a01-tim.jpg\" \/>\n\t<meta property=\"og:image:width\" content=\"2560\" \/>\n\t<meta property=\"og:image:height\" content=\"1707\" \/>\n\t<meta property=\"og:image:type\" content=\"image\/jpeg\" \/>\n<meta name=\"author\" content=\"Eduardo Vargas\" \/>\n<meta name=\"twitter:card\" content=\"summary_large_image\" \/>\n<meta name=\"twitter:creator\" content=\"@sunoresearch\" \/>\n<meta name=\"twitter:site\" content=\"@sunoresearch\" \/>\n<meta name=\"twitter:label1\" content=\"Escrito por\" \/>\n\t<meta name=\"twitter:data1\" content=\"Eduardo Vargas\" \/>\n\t<meta name=\"twitter:label2\" content=\"Est. tempo de leitura\" \/>\n\t<meta name=\"twitter:data2\" content=\"5 minutos\" \/>\n<script type=\"application\/ld+json\" class=\"yoast-schema-graph\">{\"@context\":\"https:\/\/schema.org\",\"@graph\":[{\"@type\":\"NewsArticle\",\"@id\":\"https:\/\/www.suno.com.br\/noticias\/tim-tims3-nao-sera-vendida-telecom-italia-xp\/#article\",\"isPartOf\":{\"@id\":\"https:\/\/www.suno.com.br\/noticias\/tim-tims3-nao-sera-vendida-telecom-italia-xp\/\"},\"author\":{\"name\":\"Eduardo Vargas\",\"@id\":\"https:\/\/www.suno.com.br\/noticias\/#\/schema\/person\/7f4d362bf3518e76090143ae77bb49a5\"},\"headline\":\"Tim (TIMS3) n\u00e3o ser\u00e1 vendida pela Telecom Italia, diz XP\",\"datePublished\":\"2022-10-20T11:44:15+00:00\",\"mainEntityOfPage\":{\"@id\":\"https:\/\/www.suno.com.br\/noticias\/tim-tims3-nao-sera-vendida-telecom-italia-xp\/\"},\"wordCount\":837,\"publisher\":{\"@id\":\"https:\/\/www.suno.com.br\/noticias\/#organization\"},\"image\":{\"@id\":\"https:\/\/www.suno.com.br\/noticias\/tim-tims3-nao-sera-vendida-telecom-italia-xp\/#primaryimage\"},\"thumbnailUrl\":\"https:\/\/files.sunoresearch.com.br\/n\/uploads\/2021\/02\/7d155a01-tim-jpg.webp\",\"keywords\":[\"Especialistas\",\"telecomunica\u00e7\u00f5es\",\"TIM (TIMS3)\"],\"articleSection\":[\"Neg\u00f3cios\"],\"inLanguage\":\"pt-BR\"},{\"@type\":\"WebPage\",\"@id\":\"https:\/\/www.suno.com.br\/noticias\/tim-tims3-nao-sera-vendida-telecom-italia-xp\/\",\"url\":\"https:\/\/www.suno.com.br\/noticias\/tim-tims3-nao-sera-vendida-telecom-italia-xp\/\",\"name\":\"Tim (TIMS3) n\u00e3o ser\u00e1 vendida pela Telecom Italia, diz XP\",\"isPartOf\":{\"@id\":\"https:\/\/www.suno.com.br\/noticias\/#website\"},\"primaryImageOfPage\":{\"@id\":\"https:\/\/www.suno.com.br\/noticias\/tim-tims3-nao-sera-vendida-telecom-italia-xp\/#primaryimage\"},\"image\":{\"@id\":\"https:\/\/www.suno.com.br\/noticias\/tim-tims3-nao-sera-vendida-telecom-italia-xp\/#primaryimage\"},\"thumbnailUrl\":\"https:\/\/files.sunoresearch.com.br\/n\/uploads\/2021\/02\/7d155a01-tim-jpg.webp\",\"datePublished\":\"2022-10-20T11:44:15+00:00\",\"description\":\"Analistas da XP se encontraram com os CEOs da Tim e da Telecom Italia e reiteraram que n\u00e3o h\u00e1 negocia\u00e7\u00f5es atualmente. Clique e confira!\",\"breadcrumb\":{\"@id\":\"https:\/\/www.suno.com.br\/noticias\/tim-tims3-nao-sera-vendida-telecom-italia-xp\/#breadcrumb\"},\"inLanguage\":\"pt-BR\",\"potentialAction\":[{\"@type\":\"ReadAction\",\"target\":[\"https:\/\/www.suno.com.br\/noticias\/tim-tims3-nao-sera-vendida-telecom-italia-xp\/\"]}]},{\"@type\":\"ImageObject\",\"inLanguage\":\"pt-BR\",\"@id\":\"https:\/\/www.suno.com.br\/noticias\/tim-tims3-nao-sera-vendida-telecom-italia-xp\/#primaryimage\",\"url\":\"https:\/\/files.sunoresearch.com.br\/n\/uploads\/2021\/02\/7d155a01-tim-jpg.webp\",\"contentUrl\":\"https:\/\/files.sunoresearch.com.br\/n\/uploads\/2021\/02\/7d155a01-tim-jpg.webp\",\"width\":2560,\"height\":1707,\"caption\":\"TIM. Cr\u00e9ditos: Divulga\u00e7\u00e3o\"},{\"@type\":\"BreadcrumbList\",\"@id\":\"https:\/\/www.suno.com.br\/noticias\/tim-tims3-nao-sera-vendida-telecom-italia-xp\/#breadcrumb\",\"itemListElement\":[{\"@type\":\"ListItem\",\"position\":1,\"name\":\"Not\u00edcias\",\"item\":\"https:\/\/www.suno.com.br\/noticias\/\"},{\"@type\":\"ListItem\",\"position\":2,\"name\":\"Neg\u00f3cios\",\"item\":\"https:\/\/www.suno.com.br\/noticias\/negocios\/\"},{\"@type\":\"ListItem\",\"position\":3,\"name\":\"Tim (TIMS3) n\u00e3o ser\u00e1 vendida pela Telecom Italia, diz XP\"}]},{\"@type\":\"WebSite\",\"@id\":\"https:\/\/www.suno.com.br\/noticias\/#website\",\"url\":\"https:\/\/www.suno.com.br\/noticias\/\",\"name\":\"Suno Not\u00edcias\",\"description\":\"Seu portal de informa\u00e7\u00e3o sobre o mundo dos investimentos\",\"publisher\":{\"@id\":\"https:\/\/www.suno.com.br\/noticias\/#organization\"},\"potentialAction\":[{\"@type\":\"SearchAction\",\"target\":{\"@type\":\"EntryPoint\",\"urlTemplate\":\"https:\/\/www.suno.com.br\/noticias\/?s={search_term_string}\"},\"query-input\":{\"@type\":\"PropertyValueSpecification\",\"valueRequired\":true,\"valueName\":\"search_term_string\"}}],\"inLanguage\":\"pt-BR\"},{\"@type\":\"Organization\",\"@id\":\"https:\/\/www.suno.com.br\/noticias\/#organization\",\"name\":\"Suno Not\u00edcias\",\"url\":\"https:\/\/www.suno.com.br\/noticias\/\",\"logo\":{\"@type\":\"ImageObject\",\"inLanguage\":\"pt-BR\",\"@id\":\"https:\/\/www.suno.com.br\/noticias\/#\/schema\/logo\/image\/\",\"url\":\"https:\/\/files.sunoresearch.com.br\/n\/uploads\/2021\/09\/suno-logo.png\",\"contentUrl\":\"https:\/\/files.sunoresearch.com.br\/n\/uploads\/2021\/09\/suno-logo.png\",\"width\":180,\"height\":180,\"caption\":\"Suno Not\u00edcias\"},\"image\":{\"@id\":\"https:\/\/www.suno.com.br\/noticias\/#\/schema\/logo\/image\/\"},\"sameAs\":[\"https:\/\/facebook.com\/sunoresearch\",\"https:\/\/x.com\/sunoresearch\",\"https:\/\/www.instagram.com\/suno\",\"https:\/\/www.linkedin.com\/company\/suno-research\/\",\"https:\/\/www.youtube.com\/c\/sunoresearch\"]},{\"@type\":\"Person\",\"@id\":\"https:\/\/www.suno.com.br\/noticias\/#\/schema\/person\/7f4d362bf3518e76090143ae77bb49a5\",\"name\":\"Eduardo Vargas\",\"image\":{\"@type\":\"ImageObject\",\"inLanguage\":\"pt-BR\",\"@id\":\"https:\/\/www.suno.com.br\/noticias\/#\/schema\/person\/image\/\",\"url\":\"https:\/\/secure.gravatar.com\/avatar\/dac340933427a22924c9f99d1eb2e3f2?s=96&r=g\",\"contentUrl\":\"https:\/\/secure.gravatar.com\/avatar\/dac340933427a22924c9f99d1eb2e3f2?s=96&r=g\",\"caption\":\"Eduardo Vargas\"},\"description\":\"Jornalista formado pela UFSC, cobre macroeconomia, neg\u00f3cios e startups para o Suno Not\u00edcias, escrevendo principalmente not\u00edcias sobre o mercado financeiro e a bolsa de valores. No YouTube e no Instagram, \u00e9 respons\u00e1vel pela produ\u00e7\u00e3o de Reels e Shorts do Suno Not\u00edcias. Anteriormente, trabalhou cobrindo economia e cotidiano no ND+ e para o ND, maior jornal impresso de Santa Catarina. Cursou um semestre letivo de Estudos de M\u00eddia na Universidad de Buenos Aires.\",\"url\":\"https:\/\/www.suno.com.br\/noticias\/author\/eduardo-vargas\/\"}]}<\/script>\n<!-- \/ Yoast SEO plugin. -->","yoast_head_json":{"title":"Tim (TIMS3) n\u00e3o ser\u00e1 vendida pela Telecom Italia, diz XP","description":"Analistas da XP se encontraram com os CEOs da Tim e da Telecom Italia e reiteraram que n\u00e3o h\u00e1 negocia\u00e7\u00f5es atualmente. Clique e confira!","robots":{"index":"index","follow":"follow","max-snippet":"max-snippet:-1","max-image-preview":"max-image-preview:large","max-video-preview":"max-video-preview:-1"},"canonical":"https:\/\/www.suno.com.br\/noticias\/tim-tims3-nao-sera-vendida-telecom-italia-xp\/","og_locale":"pt_BR","og_type":"article","og_title":"Tim (TIMS3) n\u00e3o ser\u00e1 vendida pela Telecom Italia, diz XP","og_description":"Analistas da XP se encontraram com os CEOs da Tim e da Telecom Italia e reiteraram que n\u00e3o h\u00e1 negocia\u00e7\u00f5es atualmente. Clique e confira!","og_url":"https:\/\/www.suno.com.br\/noticias\/tim-tims3-nao-sera-vendida-telecom-italia-xp\/","og_site_name":"Suno Not\u00edcias","article_publisher":"https:\/\/facebook.com\/sunoresearch","og_image":[{"width":2560,"height":1707,"url":"https:\/\/files.sunoresearch.com.br\/n\/uploads\/2021\/02\/7d155a01-tim.jpg","type":"image\/jpeg"}],"author":"Eduardo Vargas","twitter_card":"summary_large_image","twitter_creator":"@sunoresearch","twitter_site":"@sunoresearch","twitter_misc":{"Escrito por":"Eduardo Vargas","Est. tempo de leitura":"5 minutos"},"schema":{"@context":"https:\/\/schema.org","@graph":[{"@type":"NewsArticle","@id":"https:\/\/www.suno.com.br\/noticias\/tim-tims3-nao-sera-vendida-telecom-italia-xp\/#article","isPartOf":{"@id":"https:\/\/www.suno.com.br\/noticias\/tim-tims3-nao-sera-vendida-telecom-italia-xp\/"},"author":{"name":"Eduardo Vargas","@id":"https:\/\/www.suno.com.br\/noticias\/#\/schema\/person\/7f4d362bf3518e76090143ae77bb49a5"},"headline":"Tim (TIMS3) n\u00e3o ser\u00e1 vendida pela Telecom Italia, diz XP","datePublished":"2022-10-20T11:44:15+00:00","mainEntityOfPage":{"@id":"https:\/\/www.suno.com.br\/noticias\/tim-tims3-nao-sera-vendida-telecom-italia-xp\/"},"wordCount":837,"publisher":{"@id":"https:\/\/www.suno.com.br\/noticias\/#organization"},"image":{"@id":"https:\/\/www.suno.com.br\/noticias\/tim-tims3-nao-sera-vendida-telecom-italia-xp\/#primaryimage"},"thumbnailUrl":"https:\/\/files.sunoresearch.com.br\/n\/uploads\/2021\/02\/7d155a01-tim-jpg.webp","keywords":["Especialistas","telecomunica\u00e7\u00f5es","TIM (TIMS3)"],"articleSection":["Neg\u00f3cios"],"inLanguage":"pt-BR"},{"@type":"WebPage","@id":"https:\/\/www.suno.com.br\/noticias\/tim-tims3-nao-sera-vendida-telecom-italia-xp\/","url":"https:\/\/www.suno.com.br\/noticias\/tim-tims3-nao-sera-vendida-telecom-italia-xp\/","name":"Tim (TIMS3) n\u00e3o ser\u00e1 vendida pela Telecom Italia, diz XP","isPartOf":{"@id":"https:\/\/www.suno.com.br\/noticias\/#website"},"primaryImageOfPage":{"@id":"https:\/\/www.suno.com.br\/noticias\/tim-tims3-nao-sera-vendida-telecom-italia-xp\/#primaryimage"},"image":{"@id":"https:\/\/www.suno.com.br\/noticias\/tim-tims3-nao-sera-vendida-telecom-italia-xp\/#primaryimage"},"thumbnailUrl":"https:\/\/files.sunoresearch.com.br\/n\/uploads\/2021\/02\/7d155a01-tim-jpg.webp","datePublished":"2022-10-20T11:44:15+00:00","description":"Analistas da XP se encontraram com os CEOs da Tim e da Telecom Italia e reiteraram que n\u00e3o h\u00e1 negocia\u00e7\u00f5es atualmente. Clique e confira!","breadcrumb":{"@id":"https:\/\/www.suno.com.br\/noticias\/tim-tims3-nao-sera-vendida-telecom-italia-xp\/#breadcrumb"},"inLanguage":"pt-BR","potentialAction":[{"@type":"ReadAction","target":["https:\/\/www.suno.com.br\/noticias\/tim-tims3-nao-sera-vendida-telecom-italia-xp\/"]}]},{"@type":"ImageObject","inLanguage":"pt-BR","@id":"https:\/\/www.suno.com.br\/noticias\/tim-tims3-nao-sera-vendida-telecom-italia-xp\/#primaryimage","url":"https:\/\/files.sunoresearch.com.br\/n\/uploads\/2021\/02\/7d155a01-tim-jpg.webp","contentUrl":"https:\/\/files.sunoresearch.com.br\/n\/uploads\/2021\/02\/7d155a01-tim-jpg.webp","width":2560,"height":1707,"caption":"TIM. Cr\u00e9ditos: Divulga\u00e7\u00e3o"},{"@type":"BreadcrumbList","@id":"https:\/\/www.suno.com.br\/noticias\/tim-tims3-nao-sera-vendida-telecom-italia-xp\/#breadcrumb","itemListElement":[{"@type":"ListItem","position":1,"name":"Not\u00edcias","item":"https:\/\/www.suno.com.br\/noticias\/"},{"@type":"ListItem","position":2,"name":"Neg\u00f3cios","item":"https:\/\/www.suno.com.br\/noticias\/negocios\/"},{"@type":"ListItem","position":3,"name":"Tim (TIMS3) n\u00e3o ser\u00e1 vendida pela Telecom Italia, diz XP"}]},{"@type":"WebSite","@id":"https:\/\/www.suno.com.br\/noticias\/#website","url":"https:\/\/www.suno.com.br\/noticias\/","name":"Suno Not\u00edcias","description":"Seu portal de informa\u00e7\u00e3o sobre o mundo dos investimentos","publisher":{"@id":"https:\/\/www.suno.com.br\/noticias\/#organization"},"potentialAction":[{"@type":"SearchAction","target":{"@type":"EntryPoint","urlTemplate":"https:\/\/www.suno.com.br\/noticias\/?s={search_term_string}"},"query-input":{"@type":"PropertyValueSpecification","valueRequired":true,"valueName":"search_term_string"}}],"inLanguage":"pt-BR"},{"@type":"Organization","@id":"https:\/\/www.suno.com.br\/noticias\/#organization","name":"Suno Not\u00edcias","url":"https:\/\/www.suno.com.br\/noticias\/","logo":{"@type":"ImageObject","inLanguage":"pt-BR","@id":"https:\/\/www.suno.com.br\/noticias\/#\/schema\/logo\/image\/","url":"https:\/\/files.sunoresearch.com.br\/n\/uploads\/2021\/09\/suno-logo.png","contentUrl":"https:\/\/files.sunoresearch.com.br\/n\/uploads\/2021\/09\/suno-logo.png","width":180,"height":180,"caption":"Suno Not\u00edcias"},"image":{"@id":"https:\/\/www.suno.com.br\/noticias\/#\/schema\/logo\/image\/"},"sameAs":["https:\/\/facebook.com\/sunoresearch","https:\/\/x.com\/sunoresearch","https:\/\/www.instagram.com\/suno","https:\/\/www.linkedin.com\/company\/suno-research\/","https:\/\/www.youtube.com\/c\/sunoresearch"]},{"@type":"Person","@id":"https:\/\/www.suno.com.br\/noticias\/#\/schema\/person\/7f4d362bf3518e76090143ae77bb49a5","name":"Eduardo Vargas","image":{"@type":"ImageObject","inLanguage":"pt-BR","@id":"https:\/\/www.suno.com.br\/noticias\/#\/schema\/person\/image\/","url":"https:\/\/secure.gravatar.com\/avatar\/dac340933427a22924c9f99d1eb2e3f2?s=96&r=g","contentUrl":"https:\/\/secure.gravatar.com\/avatar\/dac340933427a22924c9f99d1eb2e3f2?s=96&r=g","caption":"Eduardo Vargas"},"description":"Jornalista formado pela UFSC, cobre macroeconomia, neg\u00f3cios e startups para o Suno Not\u00edcias, escrevendo principalmente not\u00edcias sobre o mercado financeiro e a bolsa de valores. No YouTube e no Instagram, \u00e9 respons\u00e1vel pela produ\u00e7\u00e3o de Reels e Shorts do Suno Not\u00edcias. Anteriormente, trabalhou cobrindo economia e cotidiano no ND+ e para o ND, maior jornal impresso de Santa Catarina. Cursou um semestre letivo de Estudos de M\u00eddia na Universidad de Buenos Aires.","url":"https:\/\/www.suno.com.br\/noticias\/author\/eduardo-vargas\/"}]}},"default_loop_html":"<div class=\"cardsPage__listCard__boxs\"><div class=\"cardsPage__listCard__boxs__img\"><a href=\"https:\/\/www.suno.com.br\/noticias\/twitter-twtr34-carl-icahn-elon-musk\/\"><img class=\"mask\" src=\"https:\/\/www.suno.com.br\/noticias\/wp-content\/themes\/suno\/resources\/images\/spotlight\/spotlight1img\/bg-mask.png\" alt=\"Image Mask\"\/><img src=\"https:\/\/files.sunoresearch.com.br\/n\/uploads\/2020\/09\/c1ad52c6-nintchdbpict0004031238451-400x200.webp\" alt=\"Twitter (TWTR34): investidor ganha R$ 1,3 bilh\u00e3o com &#8216;mudan\u00e7a de planos&#8217; de Elon Musk\"\/><\/a><span class=\"spotlightCategory\"><a href=\"https:\/\/www.suno.com.br\/noticias\/internacional\/\">Internacional<\/a><\/span><\/div><div class=\"cardsPage__listCard__boxs__content\"><a href=\"https:\/\/www.suno.com.br\/noticias\/twitter-twtr34-carl-icahn-elon-musk\/\"><h2 class=\"content__title\">Twitter (TWTR34): investidor ganha R$ 1,3 bilh\u00e3o com &#8216;mudan\u00e7a de planos&#8217; de Elon Musk<\/h2><\/a><div class=\"newsContent__article__meta\"><div class=\"newsContent__article__meta__authorBox\"><a href=\"https:\/\/www.suno.com.br\/noticias\/author\/eduardo-vargas\/\" class=\"authorBox__avatar noMobi\"><img src=\"https:\/\/secure.gravatar.com\/avatar\/dac340933427a22924c9f99d1eb2e3f2?s=96&#038;r=g\" alt=\"Eduardo Vargas\"><\/a><div class=\"authorBox__name\"><span>por\n\t\t\t<a href=\"https:\/\/www.suno.com.br\/noticias\/author\/eduardo-vargas\/\"><span itemprop=\"author\">Eduardo Vargas<\/span><\/a><\/span><time datetime=\"2022-10-07T14:19:06-03:00\" itemprop=\"datePublished\">07\/10\/2022 14:19<\/time><\/div><\/div><\/div><\/div><\/div>","single_layout":"posts","amp_enabled":true,"_links":{"self":[{"href":"https:\/\/www.suno.com.br\/noticias\/wp-json\/wp\/v2\/posts\/310021"}],"collection":[{"href":"https:\/\/www.suno.com.br\/noticias\/wp-json\/wp\/v2\/posts"}],"about":[{"href":"https:\/\/www.suno.com.br\/noticias\/wp-json\/wp\/v2\/types\/post"}],"author":[{"embeddable":true,"href":"https:\/\/www.suno.com.br\/noticias\/wp-json\/wp\/v2\/users\/73"}],"replies":[{"embeddable":true,"href":"https:\/\/www.suno.com.br\/noticias\/wp-json\/wp\/v2\/comments?post=310021"}],"version-history":[{"count":2,"href":"https:\/\/www.suno.com.br\/noticias\/wp-json\/wp\/v2\/posts\/310021\/revisions"}],"predecessor-version":[{"id":310025,"href":"https:\/\/www.suno.com.br\/noticias\/wp-json\/wp\/v2\/posts\/310021\/revisions\/310025"}],"wp:featuredmedia":[{"embeddable":true,"href":"https:\/\/www.suno.com.br\/noticias\/wp-json\/wp\/v2\/media\/120111"}],"wp:attachment":[{"href":"https:\/\/www.suno.com.br\/noticias\/wp-json\/wp\/v2\/media?parent=310021"}],"wp:term":[{"taxonomy":"category","embeddable":true,"href":"https:\/\/www.suno.com.br\/noticias\/wp-json\/wp\/v2\/categories?post=310021"},{"taxonomy":"post_tag","embeddable":true,"href":"https:\/\/www.suno.com.br\/noticias\/wp-json\/wp\/v2\/tags?post=310021"},{"taxonomy":"suno_strategy","embeddable":true,"href":"https:\/\/www.suno.com.br\/noticias\/wp-json\/wp\/v2\/suno_strategy?post=310021"}],"curies":[{"name":"wp","href":"https:\/\/api.w.org\/{rel}","templated":true}]}}