{"id":309793,"date":"2022-10-28T13:54:54","date_gmt":"2022-10-28T16:54:54","guid":{"rendered":"https:\/\/www.suno.com.br\/noticias\/?p=309793"},"modified":"2022-10-28T13:54:54","modified_gmt":"2022-10-28T16:54:54","slug":"varejo-acoes-selic-investir","status":"publish","type":"post","link":"https:\/\/www.suno.com.br\/noticias\/varejo-acoes-selic-investir\/","title":{"rendered":"Vale investir em a\u00e7\u00f5es de varejo com a Selic no patamar de 13,75%? Analistas respondem"},"content":{"rendered":"<p><span style=\"font-weight: 400;\">Ap\u00f3s o Banco Central manter a <a class=\"suno-keyword\" href=\"https:\/\/www.suno.com.br\/artigos\/taxa-de-juros\/\" target=\"_blank\" rel=\"noopener\" data-force=\"no\" data-priority=\"1\">taxa b\u00e1sica de juros<\/a>, a Selic, em 13,75% e encerrar (at\u00e9 o momento) as subidas, o mercado ficou mais atento \u00e0s empresas de <strong>varejo<\/strong>, diretamente ligadas \u00e0 din\u00e2mica inflacion\u00e1ria do mercado. A d\u00favida que fica \u00e9: vale a pena investir <strong>em a\u00e7\u00f5es de varejo <\/strong>com a refreada da Selic?<\/span><\/p>\t<div class=\"wrapper-featured-image\">\n\t\t<figure class=\"spotlightImg\">\n\n\t\t\t<picture>\n\t\t\t\t<source media=\"(max-width: 768px)\" srcset=\"https:\/\/files.sunoresearch.com.br\/n\/uploads\/2020\/05\/c5c22821-varejo-400x200.webp\">\n\t\t\t\t<img loading=\"lazy\" decoding=\"async\" class=\"newsContent__article__imgCapa lazyloadDisabled \" src=\"https:\/\/files.sunoresearch.com.br\/n\/uploads\/2020\/05\/c5c22821-varejo-800x450.webp\" width=\"800\" height=\"450\" alt=\"Vale investir em a\u00e7\u00f5es de varejo com a Selic no patamar de 13,75%? Analistas respondem\" fetchpriority=high \/>\n\t\t\t<\/picture>\n\n\t\t\t<figcaption class=\"wp-caption-text wp-caption-text--show\">Varejo. Foto: IBGE<\/figcaption>\n\t\t<\/figure>\n\t<\/div>\n\n\n\t<p>\n\t\t<a href=\"https:\/\/lp2.suno.com.br\/cl\/black-friday-2025\/?utm_campaign=_SNCDF0E4858_\" target=\"_blank\" data-element=\"shortcode-suno-banner\" title=\"Banner SUNO, clique e saiba mais\">\n\t\t\t<picture>\n\t\t\t\t<source media=\"(max-width: 500px)\" srcset=\"https:\/\/files.sunoresearch.com.br\/n\/uploads\/2025\/10\/Artigos-e-Noticias-Banner-Home-artigos-01-Mobile_-400x300-1-png.webp\">\n\t\t\t\t<img class=\"newsContent__article__imgCapa newsContent__article__imgCapa--banner\"\n\t\t\t\t\tsrc=\"https:\/\/files.sunoresearch.com.br\/n\/uploads\/2025\/10\/Artigos-e-Noticias-Banner-Home-artigos-01-Desktop_-1420x240-1-png.webp\"\n\t\t\t\t\tdata-promo-id=\"311259\"\t\t\t\t\t\t\t\t\t\twidth='1420' height='240'\t\t\t\t\talt=\"https:\/\/files.sunoresearch.com.br\/n\/uploads\/2025\/10\/Artigos-e-Noticias-Banner-Home-artigos-01-Desktop_-1420x240-1-png.webp\"\n\t\t\t\t>\n\t\t\t<\/picture>\n\t\t<\/a>\n\t<\/p>\n\n\n<p><span style=\"font-weight: 400;\">Rodolfo Margato, economista da XP Investimentos, prev\u00ea que a <strong>taxa Selic<\/strong> se mantenha neste patamar at\u00e9 junho de 2023 e, depois disso, o <strong>Banco Centra<\/strong>l deve encontrar espa\u00e7o para iniciar um ciclo de corte de juros, levando a taxa b\u00e1sica para 10% at\u00e9 o final de 2023.<\/span><\/p>\n<p><span style=\"font-weight: 400;\">A favor dessa previs\u00e3o, o mercado de trabalho tamb\u00e9m continua melhorando pelo menos at\u00e9 o in\u00edcio de 2023, diz o economista.\u00a0<\/span><\/p>\n<p><span style=\"font-weight: 400;\">Em agosto de 2022, a taxa de desocupa\u00e7\u00e3o prosseguiu em queda, atingindo 8,7% e situando-se 4,2 pontos percentuais abaixo do n\u00edvel observado no mesmo per\u00edodo de 2021, segundo dados da Ipea (Instituto de Pesquisa Econ\u00f5mica Aplicada).<\/span><\/p>\n<p><span style=\"font-weight: 400;\">Com a manuten\u00e7\u00e3o e poss\u00edvel queda da taxa Selic no pr\u00f3ximo ano, Margato avalia que os <strong>segmentos de varejo<\/strong> que se posicionam melhor s\u00e3o os ligados \u00e0 renda, como os atacadistas, enquanto as varejistas sens\u00edveis ao cr\u00e9dito tendem a sofrer mais em um cen\u00e1rio de aperto de <a class=\"suno-keyword\" href=\"https:\/\/www.suno.com.br\/artigos\/politica-monetaria\/\" target=\"_blank\" rel=\"noopener\" data-force=\"no\" data-priority=\"1\">pol\u00edtica monet\u00e1ria<\/a>, ou seja de eleva\u00e7\u00e3o de juros.<\/span><\/p>\n<p>O economista n\u00e3o citou o nome de nenhuma empresa em sua an\u00e1lise. Mas relacionou setores: <span style=\"font-weight: 400;\">\u201cVe\u00edculos, m\u00f3veis, eletrodom\u00e9sticos, produtos eletr\u00f4nicos, materiais de Constru\u00e7\u00e3o: todos esses bens s\u00e3o mais sens\u00edveis \u00e0s condi\u00e7\u00f5es de cr\u00e9dito\u201d, disse.<\/span><\/p>\n<p>As principais varejistas ligadas \u00e0 modalidade de cr\u00e9dito listadas na Bolsa s\u00e3o: <a class=\"suno-keyword\" href=\"https:\/\/www.suno.com.br\/acoes\/MGLU3\/\" target=\"_blank\" rel=\"noopener\" data-force=\"yes\" data-priority=\"2\"><strong>Magazine Luiza<\/strong> (MGLU3)<\/a>, <strong>Via <\/strong>(VIIA3) e <strong>Americanas<\/strong> (AMER3).<\/p>\n\t<p>\n\t\t<a href=\"https:\/\/lp.suno.com.br\/planilha-controle-gastos\/\" target=\"_blank\" data-element=\"shortcode-suno-banner\" title=\"Banner SUNO, clique e saiba mais\">\n\t\t\t<picture>\n\t\t\t\t<source media=\"(max-width: 500px)\" srcset=\"https:\/\/files.sunoresearch.com.br\/n\/uploads\/2023\/03\/400x300-Planilha-controle-de-gastos.png\">\n\t\t\t\t<img class=\"newsContent__article__imgCapa newsContent__article__imgCapa--banner\"\n\t\t\t\t\tsrc=\"https:\/\/files.sunoresearch.com.br\/n\/uploads\/2023\/03\/1420x240-Planilha-controle-de-gastos.png\"\n\t\t\t\t\tdata-promo-id=\"101751\"\t\t\t\t\t\t\t\t\t\twidth='1420' height='240'\t\t\t\t\talt=\"https:\/\/files.sunoresearch.com.br\/n\/uploads\/2023\/03\/1420x240-Planilha-controle-de-gastos.png\"\n\t\t\t\t>\n\t\t\t<\/picture>\n\t\t<\/a>\n\t<\/p>\n\n\n<p><span style=\"font-weight: 400;\">Os itens de varejo mais sens\u00edveis a renda, como alimentos, bebidas, artigos farmac\u00eauticos e de higiene pessoal e combust\u00edveis, t\u00eam sido sustentados por est\u00edmulos fiscais no curto prazo, a exemplo do Aux\u00edlio Brasil, e fatores econ\u00f4micos como a queda de pre\u00e7o dos combust\u00edveis, explica o economista.\u00a0<\/span><\/p>\n<p><span style=\"font-weight: 400;\">\u201cA retomada do mercado de trabalho acaba gerando um aumento da renda dispon\u00edvel. N\u00e3o \u00e9 um crescimento acelerado, mas \u00e9 um aumento da renda dispon\u00edvel, o que acaba provendo certa sustenta\u00e7\u00e3o para algumas atividades varejistas\u201d, conclui.<\/span><\/p>\n<p>Os principais atacadistas com a\u00e7\u00f5es listadas na Bolsa s\u00e3o o <a class=\"suno-keyword\" href=\"https:\/\/www.suno.com.br\/acoes\/asai3\/\" target=\"_blank\" rel=\"noopener\" data-force=\"yes\" data-priority=\"2\"><strong>Assa\u00ed<\/strong> (ASAI3)<\/a>, <a class=\"suno-keyword\" href=\"https:\/\/www.suno.com.br\/acoes\/CRFB3\/\" target=\"_blank\" rel=\"noopener\" data-force=\"yes\" data-priority=\"2\"><strong>Carrefour<\/strong> (CRFB3)<\/a> e <strong>Grupo P\u00e3o de Ac\u00facar<\/strong> (PCAR3).<\/p>\n<h2><strong>Varejistas da categoria premium: desempenho mais forte<\/strong><\/h2>\n<p><span style=\"font-weight: 400;\">Margato destacou que empresas varejistas da categoria premium, que atendem um p\u00fablico de mais alta renda e que devem ter desempenho mais forte neste cen\u00e1rio, e os atacadistas, dependem mais da m\u00e9dia e baixa renda <\/span><span style=\"font-weight: 400;\">no Brasil.<\/span><\/p>\n<p>Empresas varejistas com perfil &#8220;mais premium&#8221; na B3 incluem a <a class=\"suno-keyword\" href=\"https:\/\/www.suno.com.br\/acoes\/ARZZ3\/\" target=\"_blank\" rel=\"noopener\" data-force=\"yes\" data-priority=\"2\"><strong>Arezzo<\/strong> (ARZZ3)<\/a>, <a class=\"suno-keyword\" href=\"https:\/\/www.suno.com.br\/acoes\/NTCO3\/\" target=\"_blank\" rel=\"noopener\" data-force=\"yes\" data-priority=\"2\"><strong>Natura<\/strong> (NTCO3)<\/a>, o <a class=\"suno-keyword\" href=\"https:\/\/www.suno.com.br\/acoes\/SOMA3\/\" target=\"_blank\" rel=\"noopener\" data-force=\"yes\" data-priority=\"2\"><strong>Grupo Soma<\/strong> (SOMA3) <\/a>e Vivara (VIVA3).<\/p>\n<p><span style=\"font-weight: 400;\">Por outro lado, na vis\u00e3o de Gustavo Bertotti, economista-chefe da Messem, a queda de juros deve favorecer o consumo do varejo de forma geral.\u00a0<\/span><\/p>\n<p><span style=\"font-weight: 400;\">\u201cO consumo tende a aumentar com a <strong>Black Friday,<\/strong> que vai ajudar, claro, o varejo\u201c, disse Bertotti. Aten\u00e7\u00e3o para o n\u00famero: a Black Friday deve movimentar R$ 6,05 bilh\u00f5es no com\u00e9rcio eletr\u00f4nico neste ano, segundo a ABComm, com crescimento de 3,5% em rela\u00e7\u00e3o a 2021.<\/span><\/p>\n<h2>Varejo de olho na Selic: afinal, quando a taxa deve cair?<\/h2>\n<p>Bertotti prev\u00ea que a Taxa Selic se mantenha ainda nesse patamar alto, mas \u00e9 fact\u00edvel que o corte comece a partir de maio, como o mercado est\u00e1 prevendo.<\/p>\n<p>Na decis\u00e3o da \u00faltima quarta (26) o Copom (Comit\u00ea de Pol\u00edtica Monet\u00e1ria do Banco Central, depois de anunciar a manuten\u00e7\u00e3o da Selic pela segunda vez no patamar de 13,75%,no s\u00e9timo encontro em 2022, indicou a estabilidade da taxa por \u201cper\u00edodo suficientemente prolongado\u201d ap\u00f3s ter decretado o fim do ciclo de alta no encontro de setembro. O comit\u00ea alertou, por\u00e9m, que pode retomar o aperto monet\u00e1rio caso a desinfla\u00e7\u00e3o n\u00e3o ocorra como o planejado..<\/p>\n<p>A taxa est\u00e1 no mesmo patamar que vigorou entre dezembro de 2016 e janeiro de 2017, depois do mais longo ciclo de alta de juros da hist\u00f3ria do Copom, iniciado em mar\u00e7o de 2021. Nesse processo de aperto monet\u00e1rio, foram 12 altas consecutivas, com um aumento acumulado de 11,75 pontos porcentuais, o maior choque de juros desde 1999.<\/p>\n<p>Desde ent\u00e3o, os\u00a0<strong>dados de infla\u00e7\u00e3o<\/strong> continuaram a mostrar modera\u00e7\u00e3o, assim como as expectativas de 2022 e 2023, embora n\u00e3o o suficiente para dar a \u201cbatalha\u201d contra a alta de pre\u00e7os como ganha. A atividade, por sua vez, deu sinais de enfraquecimento, mas tamb\u00e9m marginais, enquanto o cen\u00e1rio internacional e o fiscal seguiram nebulosos.<\/p>\n<h2>Riscos do cen\u00e1rio pol\u00edtico<\/h2>\n<p>Na reuni\u00e3o o <strong>comit\u00ea do BC<\/strong>\u00a0disse que avaliar\u00e1 se manuten\u00e7\u00e3o por per\u00edodo prolongado ser\u00e1 capaz de assegurar converg\u00eancia com os\u00a0<a class=\"suno-keyword\" href=\"https:\/\/www.suno.com.br\/artigos\/indices-de-inflacao\/\" target=\"_blank\" rel=\"noopener\" data-force=\"no\" data-priority=\"1\">\u00edndices de infla\u00e7\u00e3o<\/a>: \u201cO Comit\u00ea se manter\u00e1 vigilante, avaliando se a estrat\u00e9gia de manuten\u00e7\u00e3o da\u00a0<a class=\"suno-keyword\" href=\"https:\/\/www.suno.com.br\/artigos\/taxa-de-juros\/\" target=\"_blank\" rel=\"noopener\" data-force=\"no\" data-priority=\"1\">taxa b\u00e1sica de juros<\/a> por per\u00edodo suficientemente prolongado ser\u00e1 capaz de assegurar a converg\u00eancia da infla\u00e7\u00e3o.&#8221;<\/p>\n<p>Relat\u00f3rio da XP comenta: &#8220;Daqui pra frente, a proje\u00e7\u00e3o \u00e9 de que esse n\u00edvel de juros deve ser mantido at\u00e9 meados de 2023, e cair\u00e1 para 10% ao final de 2023. Por\u00e9m, esse corte de juros ser\u00e1 dependente do risco fiscal adiante.&#8221;<\/p>\n<p>Os analistas da XP acrescentam: &#8220;No \u00faltimo m\u00eas, riscos dom\u00e9sticos relacionados ao cen\u00e1rio pol\u00edtico voltaram ao radar dos investidores. Ap\u00f3s v\u00e1rios meses com a volatilidade em patamares historicamente baixos, ela voltou a crescer depois dos resultados do 1\u00ba turno das elei\u00e7\u00f5es e tende a aumentar at\u00e9 o segundo turnos de elei\u00e7\u00f5es. \u00c9 uma elei\u00e7\u00e3o muito mais apertada do que historicamente e o pleito segue ainda em aberto, aumentando as incertezas quanto ao que esperar depois desse final de semana.&#8221;<\/p>\n<p><img loading=\"lazy\" decoding=\"async\" class=\"alignnone size-full wp-image-312806\" src=\"https:\/\/files.sunoresearch.com.br\/n\/uploads\/2022\/10\/XP.jpg\" alt=\"\" width=\"688\" height=\"414\" srcset=\"https:\/\/files.sunoresearch.com.br\/n\/uploads\/2022\/10\/XP.jpg 688w, https:\/\/files.sunoresearch.com.br\/n\/uploads\/2022\/10\/XP-300x181.jpg 300w, https:\/\/files.sunoresearch.com.br\/n\/uploads\/2022\/10\/XP-150x90.jpg 150w\" sizes=\"(max-width: 688px) 100vw, 688px\" \/><\/p>\n<p>Nesse cen\u00e1rio as a\u00e7\u00f5es de varejo v\u00e3o acompanhar essa volatilidade. Nesta semana, o Ita\u00fa BBA se reuniu com 25 <a class=\"suno-keyword\" href=\"https:\/\/www.suno.com.br\/artigos\/instituicoes-financeiras\/\" target=\"_blank\" rel=\"noopener\" data-force=\"no\" data-priority=\"1\">institui\u00e7\u00f5es financeiras<\/a>\u00a0dos Estados Unidos para discutir as perspectivas, oportunidades e riscos para\u00a0<strong>a\u00e7\u00f5es do Ibovespa<\/strong>.<\/p>\n<p>\u201cA maioria dos investidores concordou que varejo \u00e9 um dos segmentos que mais se beneficiar\u00e3o de taxas mais baixas e de incentivos governamentais para aumentar consumo\u201d, destacaram os analistas do Ita\u00fa BBA. Os investidores de fora do pa\u00eds s\u00f3 discordam da avalia\u00e7\u00e3o de analistas brasileiros sobre as <strong>a\u00e7\u00f5es do varejo<\/strong>. Com\u00a0 taxas de juros ainda altas, o cr\u00e9dito aos consumidores \u00e9 prejudicado. Existe ainda o risco maior de inadimpl\u00eancia, com consumidores em dificuldades de quitar d\u00edvidas. As empresas sofrem tamb\u00e9m para obter recursos, vital para o segmento sempre em busca de capital de giro. Eis as apostas desses investidores:<\/p>\n<ul>\n<li>No atacarejo, a prefer\u00eancia \u00e9 pelo <a class=\"suno-keyword\" href=\"https:\/\/www.suno.com.br\/acoes\/asai3\/\" target=\"_blank\" rel=\"noopener\" data-force=\"yes\" data-priority=\"2\">Assa\u00ed (ASAI3)<\/a>, mas alguns clientes t\u00eam interesse no Grupo Mateus (GMAT3);<\/li>\n<li>No varejo, a Renner (LREN3) e a Arezzo (ARZZ3) foram as escolhas mais consensuais, mas alguns mencionaram a <a class=\"suno-keyword\" href=\"https:\/\/www.suno.com.br\/acoes\/RADL3\/\" target=\"_blank\" rel=\"noopener\" data-force=\"yes\" data-priority=\"2\">Raia Drogasil (RADL3)<\/a>\u00a0e o\u00a0<a class=\"suno-keyword\" href=\"https:\/\/www.suno.com.br\/acoes\/SOMA3\/\" target=\"_blank\" rel=\"noopener\" data-force=\"yes\" data-priority=\"2\">Grupo Soma (SOMA3)<\/a>.<\/li>\n<li>No e-commerce, o <strong>Mercado Livre<\/strong>\u00a0(<a class=\"suno-keyword\" href=\"https:\/\/www.suno.com.br\/bdrs\/meli34\/\" target=\"_blank\" rel=\"noopener\" data-force=\"yes\" data-priority=\"2\">MELI34<\/a>) continua a ser a principal escolha, com otimismo sobre as perspectivas da empresa;<\/li>\n<li>as perspectivas s\u00e3o muito negativas para o desempenho de <a class=\"suno-keyword\" href=\"https:\/\/www.suno.com.br\/acoes\/MGLU3\/\" target=\"_blank\" rel=\"noopener\" data-force=\"yes\" data-priority=\"2\"><strong>Magazine Luiza<\/strong>\u00a0(MGLU3)<\/a>, Via (VIIA3) e Americanas (AMER3). A indica\u00e7\u00e3o \u00e9 de cautela para essas a\u00e7\u00f5es, dizem esses investidores, em fun\u00e7\u00e3o do sobe e desce desses pap\u00e9is na Bolsa.<\/li>\n<\/ul>\n<p>A Genial Investimentos analisou o cen\u00e1rio macroecon\u00f4mico para o setor de varejo e e-commerce para os pr\u00f3ximos anos e a quest\u00e3o que surge \u00e9: est\u00e1 na hora de comprar Magazine Luiza (MGLU3)?<\/p>\n<p>Os analistas alteraram a recomenda\u00e7\u00e3o para as a\u00e7\u00f5es do Magazine Luiza, e rebaixaram os pap\u00e9is para \u201cmanter\u201d, similar ao neutro. O pre\u00e7o-alvo estimado para 2023 \u00e9 de R$ 5,20, com potencial de valoriza\u00e7\u00e3o de 24% diante do pre\u00e7o de fechamento da ter\u00e7a-feira (27).<\/p>\n<p>Os motivos que explicam a altera\u00e7\u00e3o na classifica\u00e7\u00e3o s\u00e3o:<\/p>\n<ul>\n<li>As lojas f\u00edsicas ainda possuem uma produtividade abaixo do esperado, o que deve desfavorecer as margens da companhia;<\/li>\n<li>H\u00e1 desconto do papel, por parte da\u00a0<a class=\"suno-keyword\" href=\"https:\/\/www.suno.com.br\/artigos\/curva-de-juros\/\" target=\"_blank\" rel=\"noopener\" data-force=\"no\" data-priority=\"1\">curva de juros<\/a>, que n\u00e3o deve ser corrigido totalmente nos m\u00faltiplos hist\u00f3ricos.<\/li>\n<\/ul>\n<p>Neste segundo motivo, a Genial afirma que a corre\u00e7\u00e3o n\u00e3o deve ocorrer em sua integridade pela assimetria de pre\u00e7o que o\u00a0<strong>Magazine Luiza<\/strong>\u00a0carrega sobre os outros dois principais players \u2014 Via (VIIA3) e Americanas (AMER3) \u2014 pelo seu e-commerce.<\/p>\n\t<div data-element=\"shortcode-read-more\" class=\"knowMore\">\n\t\t\t\t<span class=\"knowMore__title\">Leia mais<\/span>\n\t\t\t\t<a class=\"knowMore__link\" href=\"https:\/\/www.suno.com.br\/noticias\/magazine-luiza-mglu3-via-viia3-queda-acoes\/\">\n\t\t\tMagazine Luiza (MGLU3) e mais a\u00e7\u00f5es de varejo desabam. O que aconteceu?\t\t<\/a>\n\t<\/div>\n\n\n<p>Esta mat\u00e9ria sobre <strong>a\u00e7\u00f5es de varejo<\/strong> n\u00e3o \u00e9 uma recomenda\u00e7\u00e3o de investimento.<\/p>\n\t<p>\n\t\t<a href=\"https:\/\/lp.suno.com.br\/ebook-como-analisar-uma-acao\/\" target=\"_blank\" data-element=\"shortcode-suno-banner\" title=\"Banner SUNO, clique e saiba mais\">\n\t\t\t<picture>\n\t\t\t\t<source media=\"(max-width: 500px)\" srcset=\"https:\/\/files.sunoresearch.com.br\/n\/uploads\/2023\/03\/Ebook-Acoes-Mobile-1.jpg\">\n\t\t\t\t<img class=\"newsContent__article__imgCapa newsContent__article__imgCapa--banner\"\n\t\t\t\t\tsrc=\"https:\/\/files.sunoresearch.com.br\/n\/uploads\/2023\/03\/Ebook-Acoes-Desktop-1.jpg\"\n\t\t\t\t\tdata-promo-id=\"171998\"\t\t\t\t\t\t\t\t\t\twidth='1420' height='286'\t\t\t\t\talt=\"https:\/\/files.sunoresearch.com.br\/n\/uploads\/2023\/03\/Ebook-Acoes-Desktop-1.jpg\"\n\t\t\t\t>\n\t\t\t<\/picture>\n\t\t<\/a>\n\t<\/p>\n\n\n","protected":false},"excerpt":{"rendered":"<p>Ap\u00f3s o Banco Central manter a taxa b\u00e1sica de juros, a Selic, em 13,75% e encerrar (at\u00e9 o momento) as subidas, o mercado ficou mais atento \u00e0s empresas de varejo, diretamente ligadas \u00e0 din\u00e2mica inflacion\u00e1ria do mercado. A d\u00favida que fica \u00e9: vale a pena investir em a\u00e7\u00f5es de varejo com a refreada da Selic? [&hellip;]<\/p>\n","protected":false},"author":195,"featured_media":65145,"comment_status":"closed","ping_status":"closed","sticky":false,"template":"","format":"standard","meta":[],"categories":[64],"tags":[768,105815,105816,290,803],"suno_strategy":[],"class_list":["post-309793","post","type-post","status-publish","format-standard","has-post-thumbnail","hentry","category-negocios","tag-black-friday","tag-especial","tag-especialistas","tag-taxa-selic","tag-varejo"],"yoast_head":"<!-- This site is optimized with the Yoast SEO plugin v24.4 - https:\/\/yoast.com\/wordpress\/plugins\/seo\/ -->\n<title>Vale a pena investir em a\u00e7\u00f5es de varejo com a Selic a 13,75%?<\/title>\n<meta name=\"description\" content=\"Ap\u00f3s o BC manter a taxa Selic, em 13,75% e encerrar as subidas, o mercado ficou mais atento para as empresas de varejo. Confira!\" \/>\n<meta name=\"robots\" content=\"index, follow, max-snippet:-1, max-image-preview:large, max-video-preview:-1\" \/>\n<link rel=\"canonical\" href=\"https:\/\/www.suno.com.br\/noticias\/varejo-acoes-selic-investir\/\" \/>\n<meta property=\"og:locale\" content=\"pt_BR\" \/>\n<meta property=\"og:type\" content=\"article\" \/>\n<meta property=\"og:title\" content=\"Vale a pena investir em a\u00e7\u00f5es de varejo com a Selic a 13,75%?\" \/>\n<meta property=\"og:description\" content=\"Ap\u00f3s o BC manter a taxa Selic, em 13,75% e encerrar as subidas, o mercado ficou mais atento para as empresas de varejo. Confira!\" \/>\n<meta property=\"og:url\" content=\"https:\/\/www.suno.com.br\/noticias\/varejo-acoes-selic-investir\/\" \/>\n<meta property=\"og:site_name\" content=\"Suno Not\u00edcias\" \/>\n<meta property=\"article:publisher\" content=\"https:\/\/facebook.com\/sunoresearch\" \/>\n<meta property=\"og:image\" content=\"https:\/\/files.sunoresearch.com.br\/n\/uploads\/2020\/05\/c5c22821-varejo.jpg\" \/>\n\t<meta property=\"og:image:width\" content=\"1200\" \/>\n\t<meta property=\"og:image:height\" content=\"800\" \/>\n\t<meta property=\"og:image:type\" content=\"image\/jpeg\" \/>\n<meta name=\"author\" content=\"Ana Clara Macedo\" \/>\n<meta name=\"twitter:card\" content=\"summary_large_image\" \/>\n<meta name=\"twitter:creator\" content=\"@sunoresearch\" \/>\n<meta name=\"twitter:site\" content=\"@sunoresearch\" \/>\n<meta name=\"twitter:label1\" content=\"Escrito por\" \/>\n\t<meta name=\"twitter:data1\" content=\"Ana Clara Macedo\" \/>\n\t<meta name=\"twitter:label2\" content=\"Est. tempo de leitura\" \/>\n\t<meta name=\"twitter:data2\" content=\"8 minutos\" \/>\n<script type=\"application\/ld+json\" class=\"yoast-schema-graph\">{\"@context\":\"https:\/\/schema.org\",\"@graph\":[{\"@type\":\"NewsArticle\",\"@id\":\"https:\/\/www.suno.com.br\/noticias\/varejo-acoes-selic-investir\/#article\",\"isPartOf\":{\"@id\":\"https:\/\/www.suno.com.br\/noticias\/varejo-acoes-selic-investir\/\"},\"author\":{\"name\":\"Ana Clara Macedo\",\"@id\":\"https:\/\/www.suno.com.br\/noticias\/#\/schema\/person\/a70f3c52ef8c814d62ed63b30bb30176\"},\"headline\":\"Vale investir em a\u00e7\u00f5es de varejo com a Selic no patamar de 13,75%? Analistas respondem\",\"datePublished\":\"2022-10-28T16:54:54+00:00\",\"mainEntityOfPage\":{\"@id\":\"https:\/\/www.suno.com.br\/noticias\/varejo-acoes-selic-investir\/\"},\"wordCount\":1452,\"publisher\":{\"@id\":\"https:\/\/www.suno.com.br\/noticias\/#organization\"},\"image\":{\"@id\":\"https:\/\/www.suno.com.br\/noticias\/varejo-acoes-selic-investir\/#primaryimage\"},\"thumbnailUrl\":\"https:\/\/files.sunoresearch.com.br\/n\/uploads\/2020\/05\/c5c22821-varejo-jpg.webp\",\"keywords\":[\"Black Friday\",\"Especiais\",\"Especialistas\",\"Taxa Selic\",\"varejo\"],\"articleSection\":[\"Neg\u00f3cios\"],\"inLanguage\":\"pt-BR\"},{\"@type\":\"WebPage\",\"@id\":\"https:\/\/www.suno.com.br\/noticias\/varejo-acoes-selic-investir\/\",\"url\":\"https:\/\/www.suno.com.br\/noticias\/varejo-acoes-selic-investir\/\",\"name\":\"Vale a pena investir em a\u00e7\u00f5es de varejo com a Selic a 13,75%?\",\"isPartOf\":{\"@id\":\"https:\/\/www.suno.com.br\/noticias\/#website\"},\"primaryImageOfPage\":{\"@id\":\"https:\/\/www.suno.com.br\/noticias\/varejo-acoes-selic-investir\/#primaryimage\"},\"image\":{\"@id\":\"https:\/\/www.suno.com.br\/noticias\/varejo-acoes-selic-investir\/#primaryimage\"},\"thumbnailUrl\":\"https:\/\/files.sunoresearch.com.br\/n\/uploads\/2020\/05\/c5c22821-varejo-jpg.webp\",\"datePublished\":\"2022-10-28T16:54:54+00:00\",\"description\":\"Ap\u00f3s o BC manter a taxa Selic, em 13,75% e encerrar as subidas, o mercado ficou mais atento para as empresas de varejo. Confira!\",\"breadcrumb\":{\"@id\":\"https:\/\/www.suno.com.br\/noticias\/varejo-acoes-selic-investir\/#breadcrumb\"},\"inLanguage\":\"pt-BR\",\"potentialAction\":[{\"@type\":\"ReadAction\",\"target\":[\"https:\/\/www.suno.com.br\/noticias\/varejo-acoes-selic-investir\/\"]}]},{\"@type\":\"ImageObject\",\"inLanguage\":\"pt-BR\",\"@id\":\"https:\/\/www.suno.com.br\/noticias\/varejo-acoes-selic-investir\/#primaryimage\",\"url\":\"https:\/\/files.sunoresearch.com.br\/n\/uploads\/2020\/05\/c5c22821-varejo-jpg.webp\",\"contentUrl\":\"https:\/\/files.sunoresearch.com.br\/n\/uploads\/2020\/05\/c5c22821-varejo-jpg.webp\",\"width\":1200,\"height\":800,\"caption\":\"Varejo. Foto: IBGE\"},{\"@type\":\"BreadcrumbList\",\"@id\":\"https:\/\/www.suno.com.br\/noticias\/varejo-acoes-selic-investir\/#breadcrumb\",\"itemListElement\":[{\"@type\":\"ListItem\",\"position\":1,\"name\":\"Not\u00edcias\",\"item\":\"https:\/\/www.suno.com.br\/noticias\/\"},{\"@type\":\"ListItem\",\"position\":2,\"name\":\"Neg\u00f3cios\",\"item\":\"https:\/\/www.suno.com.br\/noticias\/negocios\/\"},{\"@type\":\"ListItem\",\"position\":3,\"name\":\"Vale investir em a\u00e7\u00f5es de varejo com a Selic no patamar de 13,75%? Analistas respondem\"}]},{\"@type\":\"WebSite\",\"@id\":\"https:\/\/www.suno.com.br\/noticias\/#website\",\"url\":\"https:\/\/www.suno.com.br\/noticias\/\",\"name\":\"Suno Not\u00edcias\",\"description\":\"Seu portal de informa\u00e7\u00e3o sobre o mundo dos investimentos\",\"publisher\":{\"@id\":\"https:\/\/www.suno.com.br\/noticias\/#organization\"},\"potentialAction\":[{\"@type\":\"SearchAction\",\"target\":{\"@type\":\"EntryPoint\",\"urlTemplate\":\"https:\/\/www.suno.com.br\/noticias\/?s={search_term_string}\"},\"query-input\":{\"@type\":\"PropertyValueSpecification\",\"valueRequired\":true,\"valueName\":\"search_term_string\"}}],\"inLanguage\":\"pt-BR\"},{\"@type\":\"Organization\",\"@id\":\"https:\/\/www.suno.com.br\/noticias\/#organization\",\"name\":\"Suno Not\u00edcias\",\"url\":\"https:\/\/www.suno.com.br\/noticias\/\",\"logo\":{\"@type\":\"ImageObject\",\"inLanguage\":\"pt-BR\",\"@id\":\"https:\/\/www.suno.com.br\/noticias\/#\/schema\/logo\/image\/\",\"url\":\"https:\/\/files.sunoresearch.com.br\/n\/uploads\/2021\/09\/suno-logo.png\",\"contentUrl\":\"https:\/\/files.sunoresearch.com.br\/n\/uploads\/2021\/09\/suno-logo.png\",\"width\":180,\"height\":180,\"caption\":\"Suno Not\u00edcias\"},\"image\":{\"@id\":\"https:\/\/www.suno.com.br\/noticias\/#\/schema\/logo\/image\/\"},\"sameAs\":[\"https:\/\/facebook.com\/sunoresearch\",\"https:\/\/x.com\/sunoresearch\",\"https:\/\/www.instagram.com\/suno\",\"https:\/\/www.linkedin.com\/company\/suno-research\/\",\"https:\/\/www.youtube.com\/c\/sunoresearch\"]},{\"@type\":\"Person\",\"@id\":\"https:\/\/www.suno.com.br\/noticias\/#\/schema\/person\/a70f3c52ef8c814d62ed63b30bb30176\",\"name\":\"Ana Clara Macedo\",\"image\":{\"@type\":\"ImageObject\",\"inLanguage\":\"pt-BR\",\"@id\":\"https:\/\/www.suno.com.br\/noticias\/#\/schema\/person\/image\/\",\"url\":\"https:\/\/secure.gravatar.com\/avatar\/40810da86786bd5619f8cd594b0f44ef?s=96&r=g\",\"contentUrl\":\"https:\/\/secure.gravatar.com\/avatar\/40810da86786bd5619f8cd594b0f44ef?s=96&r=g\",\"caption\":\"Ana Clara Macedo\"},\"description\":\"Rep\u00f3rter no Suno Not\u00edcias, cobrindo acontecimentos sobre neg\u00f3cios, mercado financeiro e economia. Anteriormente trabalhou como Rep\u00f3rter no Mercado News e produziu relat\u00f3rios e artigos sobre empresas de capital aberto.\",\"url\":\"https:\/\/www.suno.com.br\/noticias\/author\/ana-clara-macedo\/\"}]}<\/script>\n<!-- \/ Yoast SEO plugin. -->","yoast_head_json":{"title":"Vale a pena investir em a\u00e7\u00f5es de varejo com a Selic a 13,75%?","description":"Ap\u00f3s o BC manter a taxa Selic, em 13,75% e encerrar as subidas, o mercado ficou mais atento para as empresas de varejo. Confira!","robots":{"index":"index","follow":"follow","max-snippet":"max-snippet:-1","max-image-preview":"max-image-preview:large","max-video-preview":"max-video-preview:-1"},"canonical":"https:\/\/www.suno.com.br\/noticias\/varejo-acoes-selic-investir\/","og_locale":"pt_BR","og_type":"article","og_title":"Vale a pena investir em a\u00e7\u00f5es de varejo com a Selic a 13,75%?","og_description":"Ap\u00f3s o BC manter a taxa Selic, em 13,75% e encerrar as subidas, o mercado ficou mais atento para as empresas de varejo. Confira!","og_url":"https:\/\/www.suno.com.br\/noticias\/varejo-acoes-selic-investir\/","og_site_name":"Suno Not\u00edcias","article_publisher":"https:\/\/facebook.com\/sunoresearch","og_image":[{"width":1200,"height":800,"url":"https:\/\/files.sunoresearch.com.br\/n\/uploads\/2020\/05\/c5c22821-varejo.jpg","type":"image\/jpeg"}],"author":"Ana Clara Macedo","twitter_card":"summary_large_image","twitter_creator":"@sunoresearch","twitter_site":"@sunoresearch","twitter_misc":{"Escrito por":"Ana Clara Macedo","Est. tempo de leitura":"8 minutos"},"schema":{"@context":"https:\/\/schema.org","@graph":[{"@type":"NewsArticle","@id":"https:\/\/www.suno.com.br\/noticias\/varejo-acoes-selic-investir\/#article","isPartOf":{"@id":"https:\/\/www.suno.com.br\/noticias\/varejo-acoes-selic-investir\/"},"author":{"name":"Ana Clara Macedo","@id":"https:\/\/www.suno.com.br\/noticias\/#\/schema\/person\/a70f3c52ef8c814d62ed63b30bb30176"},"headline":"Vale investir em a\u00e7\u00f5es de varejo com a Selic no patamar de 13,75%? Analistas respondem","datePublished":"2022-10-28T16:54:54+00:00","mainEntityOfPage":{"@id":"https:\/\/www.suno.com.br\/noticias\/varejo-acoes-selic-investir\/"},"wordCount":1452,"publisher":{"@id":"https:\/\/www.suno.com.br\/noticias\/#organization"},"image":{"@id":"https:\/\/www.suno.com.br\/noticias\/varejo-acoes-selic-investir\/#primaryimage"},"thumbnailUrl":"https:\/\/files.sunoresearch.com.br\/n\/uploads\/2020\/05\/c5c22821-varejo-jpg.webp","keywords":["Black Friday","Especiais","Especialistas","Taxa Selic","varejo"],"articleSection":["Neg\u00f3cios"],"inLanguage":"pt-BR"},{"@type":"WebPage","@id":"https:\/\/www.suno.com.br\/noticias\/varejo-acoes-selic-investir\/","url":"https:\/\/www.suno.com.br\/noticias\/varejo-acoes-selic-investir\/","name":"Vale a pena investir em a\u00e7\u00f5es de varejo com a Selic a 13,75%?","isPartOf":{"@id":"https:\/\/www.suno.com.br\/noticias\/#website"},"primaryImageOfPage":{"@id":"https:\/\/www.suno.com.br\/noticias\/varejo-acoes-selic-investir\/#primaryimage"},"image":{"@id":"https:\/\/www.suno.com.br\/noticias\/varejo-acoes-selic-investir\/#primaryimage"},"thumbnailUrl":"https:\/\/files.sunoresearch.com.br\/n\/uploads\/2020\/05\/c5c22821-varejo-jpg.webp","datePublished":"2022-10-28T16:54:54+00:00","description":"Ap\u00f3s o BC manter a taxa Selic, em 13,75% e encerrar as subidas, o mercado ficou mais atento para as empresas de varejo. Confira!","breadcrumb":{"@id":"https:\/\/www.suno.com.br\/noticias\/varejo-acoes-selic-investir\/#breadcrumb"},"inLanguage":"pt-BR","potentialAction":[{"@type":"ReadAction","target":["https:\/\/www.suno.com.br\/noticias\/varejo-acoes-selic-investir\/"]}]},{"@type":"ImageObject","inLanguage":"pt-BR","@id":"https:\/\/www.suno.com.br\/noticias\/varejo-acoes-selic-investir\/#primaryimage","url":"https:\/\/files.sunoresearch.com.br\/n\/uploads\/2020\/05\/c5c22821-varejo-jpg.webp","contentUrl":"https:\/\/files.sunoresearch.com.br\/n\/uploads\/2020\/05\/c5c22821-varejo-jpg.webp","width":1200,"height":800,"caption":"Varejo. Foto: IBGE"},{"@type":"BreadcrumbList","@id":"https:\/\/www.suno.com.br\/noticias\/varejo-acoes-selic-investir\/#breadcrumb","itemListElement":[{"@type":"ListItem","position":1,"name":"Not\u00edcias","item":"https:\/\/www.suno.com.br\/noticias\/"},{"@type":"ListItem","position":2,"name":"Neg\u00f3cios","item":"https:\/\/www.suno.com.br\/noticias\/negocios\/"},{"@type":"ListItem","position":3,"name":"Vale investir em a\u00e7\u00f5es de varejo com a Selic no patamar de 13,75%? Analistas respondem"}]},{"@type":"WebSite","@id":"https:\/\/www.suno.com.br\/noticias\/#website","url":"https:\/\/www.suno.com.br\/noticias\/","name":"Suno Not\u00edcias","description":"Seu portal de informa\u00e7\u00e3o sobre o mundo dos investimentos","publisher":{"@id":"https:\/\/www.suno.com.br\/noticias\/#organization"},"potentialAction":[{"@type":"SearchAction","target":{"@type":"EntryPoint","urlTemplate":"https:\/\/www.suno.com.br\/noticias\/?s={search_term_string}"},"query-input":{"@type":"PropertyValueSpecification","valueRequired":true,"valueName":"search_term_string"}}],"inLanguage":"pt-BR"},{"@type":"Organization","@id":"https:\/\/www.suno.com.br\/noticias\/#organization","name":"Suno Not\u00edcias","url":"https:\/\/www.suno.com.br\/noticias\/","logo":{"@type":"ImageObject","inLanguage":"pt-BR","@id":"https:\/\/www.suno.com.br\/noticias\/#\/schema\/logo\/image\/","url":"https:\/\/files.sunoresearch.com.br\/n\/uploads\/2021\/09\/suno-logo.png","contentUrl":"https:\/\/files.sunoresearch.com.br\/n\/uploads\/2021\/09\/suno-logo.png","width":180,"height":180,"caption":"Suno Not\u00edcias"},"image":{"@id":"https:\/\/www.suno.com.br\/noticias\/#\/schema\/logo\/image\/"},"sameAs":["https:\/\/facebook.com\/sunoresearch","https:\/\/x.com\/sunoresearch","https:\/\/www.instagram.com\/suno","https:\/\/www.linkedin.com\/company\/suno-research\/","https:\/\/www.youtube.com\/c\/sunoresearch"]},{"@type":"Person","@id":"https:\/\/www.suno.com.br\/noticias\/#\/schema\/person\/a70f3c52ef8c814d62ed63b30bb30176","name":"Ana Clara Macedo","image":{"@type":"ImageObject","inLanguage":"pt-BR","@id":"https:\/\/www.suno.com.br\/noticias\/#\/schema\/person\/image\/","url":"https:\/\/secure.gravatar.com\/avatar\/40810da86786bd5619f8cd594b0f44ef?s=96&r=g","contentUrl":"https:\/\/secure.gravatar.com\/avatar\/40810da86786bd5619f8cd594b0f44ef?s=96&r=g","caption":"Ana Clara Macedo"},"description":"Rep\u00f3rter no Suno Not\u00edcias, cobrindo acontecimentos sobre neg\u00f3cios, mercado financeiro e economia. Anteriormente trabalhou como Rep\u00f3rter no Mercado News e produziu relat\u00f3rios e artigos sobre empresas de capital aberto.","url":"https:\/\/www.suno.com.br\/noticias\/author\/ana-clara-macedo\/"}]}},"default_loop_html":"<div class=\"cardsPage__listCard__boxs\"><div class=\"cardsPage__listCard__boxs__img\"><a href=\"https:\/\/www.suno.com.br\/noticias\/varejo-acoes-selic-investir\/\"><img class=\"mask\" src=\"https:\/\/www.suno.com.br\/noticias\/wp-content\/themes\/suno\/resources\/images\/spotlight\/spotlight1img\/bg-mask.png\" alt=\"Image Mask\"\/><img src=\"https:\/\/files.sunoresearch.com.br\/n\/uploads\/2020\/05\/c5c22821-varejo-400x200.webp\" alt=\"Vale investir em a\u00e7\u00f5es de varejo com a Selic no patamar de 13,75%? Analistas respondem\"\/><\/a><span class=\"spotlightCategory\"><a href=\"https:\/\/www.suno.com.br\/noticias\/negocios\/\">Neg\u00f3cios<\/a><\/span><\/div><div class=\"cardsPage__listCard__boxs__content\"><a href=\"https:\/\/www.suno.com.br\/noticias\/varejo-acoes-selic-investir\/\"><h2 class=\"content__title\">Vale investir em a\u00e7\u00f5es de varejo com a Selic no patamar de 13,75%? Analistas respondem<\/h2><\/a><div class=\"newsContent__article__meta\"><div class=\"newsContent__article__meta__authorBox\"><a href=\"https:\/\/www.suno.com.br\/noticias\/author\/ana-clara-macedo\/\" class=\"authorBox__avatar noMobi\"><img src=\"https:\/\/secure.gravatar.com\/avatar\/40810da86786bd5619f8cd594b0f44ef?s=96&#038;r=g\" alt=\"Ana Clara Macedo\"><\/a><div class=\"authorBox__name\"><span>por\n\t\t\t<a href=\"https:\/\/www.suno.com.br\/noticias\/author\/ana-clara-macedo\/\"><span itemprop=\"author\">Ana Clara Macedo<\/span><\/a><\/span><time datetime=\"2022-10-28T13:54:54-03:00\" itemprop=\"datePublished\">28\/10\/2022 13:54<\/time><\/div><\/div><\/div><\/div><\/div>","single_layout":"posts","amp_enabled":true,"_links":{"self":[{"href":"https:\/\/www.suno.com.br\/noticias\/wp-json\/wp\/v2\/posts\/309793"}],"collection":[{"href":"https:\/\/www.suno.com.br\/noticias\/wp-json\/wp\/v2\/posts"}],"about":[{"href":"https:\/\/www.suno.com.br\/noticias\/wp-json\/wp\/v2\/types\/post"}],"author":[{"embeddable":true,"href":"https:\/\/www.suno.com.br\/noticias\/wp-json\/wp\/v2\/users\/195"}],"replies":[{"embeddable":true,"href":"https:\/\/www.suno.com.br\/noticias\/wp-json\/wp\/v2\/comments?post=309793"}],"version-history":[{"count":3,"href":"https:\/\/www.suno.com.br\/noticias\/wp-json\/wp\/v2\/posts\/309793\/revisions"}],"predecessor-version":[{"id":312818,"href":"https:\/\/www.suno.com.br\/noticias\/wp-json\/wp\/v2\/posts\/309793\/revisions\/312818"}],"wp:featuredmedia":[{"embeddable":true,"href":"https:\/\/www.suno.com.br\/noticias\/wp-json\/wp\/v2\/media\/65145"}],"wp:attachment":[{"href":"https:\/\/www.suno.com.br\/noticias\/wp-json\/wp\/v2\/media?parent=309793"}],"wp:term":[{"taxonomy":"category","embeddable":true,"href":"https:\/\/www.suno.com.br\/noticias\/wp-json\/wp\/v2\/categories?post=309793"},{"taxonomy":"post_tag","embeddable":true,"href":"https:\/\/www.suno.com.br\/noticias\/wp-json\/wp\/v2\/tags?post=309793"},{"taxonomy":"suno_strategy","embeddable":true,"href":"https:\/\/www.suno.com.br\/noticias\/wp-json\/wp\/v2\/suno_strategy?post=309793"}],"curies":[{"name":"wp","href":"https:\/\/api.w.org\/{rel}","templated":true}]}}