{"id":30970,"date":"2019-07-14T15:27:18","date_gmt":"2019-07-14T18:27:18","guid":{"rendered":"https:\/\/www.suno.com.br\/noticias\/?p=30970"},"modified":"2019-07-14T15:34:43","modified_gmt":"2019-07-14T18:34:43","slug":"rodrigo-maia-reforma-previdencia-nao-perdera-votos","status":"publish","type":"post","link":"https:\/\/www.suno.com.br\/noticias\/rodrigo-maia-reforma-previdencia-nao-perdera-votos\/","title":{"rendered":"Rodrigo Maia acredita que reforma da Previd\u00eancia n\u00e3o perder\u00e1 votos at\u00e9 agosto"},"content":{"rendered":"<p>O presidente da C\u00e2mara dos Deputados, Rodrigo Maia (DEM-RJ), confia que ter\u00e1 a mesma quantidade de votos a favor da <strong>reforma<\/strong> <strong>da<\/strong> <strong>Previd\u00eancia<\/strong> em agosto. A afirma\u00e7\u00e3o do l\u00edder da Casa Legislativa foi dada em entrevista \u00e0 TV Globo.<\/p>\t<div class=\"wrapper-featured-image\">\n\t\t<figure class=\"spotlightImg\">\n\n\t\t\t<picture>\n\t\t\t\t<source media=\"(max-width: 768px)\" srcset=\"https:\/\/files.sunoresearch.com.br\/n\/uploads\/2019\/07\/97726189-rodrigo-maia-e1565189682737-400x200.webp\">\n\t\t\t\t<img loading=\"lazy\" decoding=\"async\" class=\"newsContent__article__imgCapa lazyloadDisabled newsContent__article__imgCapa--noCaption\" src=\"https:\/\/files.sunoresearch.com.br\/n\/uploads\/2019\/07\/97726189-rodrigo-maia-e1565189682737-800x450.webp\" width=\"800\" height=\"450\" alt=\"Rodrigo Maia acredita que reforma da Previd\u00eancia n\u00e3o perder\u00e1 votos at\u00e9 agosto\" fetchpriority=high \/>\n\t\t\t<\/picture>\n\n\t\t\t<figcaption class=\"wp-caption-text wp-caption-text--hide\">Vota\u00e7\u00e3o da reforma da Previd\u00eancia est\u00e1 tranquila, segundo Maia<\/figcaption>\n\t\t<\/figure>\n\t<\/div>\n\n\n<p>\u201cAcredito o seguinte: se o plen\u00e1rio deu 379 votos sem governo com for\u00e7a para fazer press\u00e3o nos deputados pedindo apoio, pedindo voto \u2013 porque n\u00e3o h\u00e1 um governo de coaliz\u00e3o \u2013, eu n\u00e3o vejo muitos riscos de a gente perder votos at\u00e9 a primeira semana de agosto\u201d, disse <strong>Rodrigo\u00a0Maia<\/strong> \u00e0 rede Globo.<\/p>\n<p>Sendo assim, o governo precisa manter os parlamentares a favor da <strong>PEC<\/strong> <strong>previdenci\u00e1ria<\/strong> at\u00e9 a vota\u00e7\u00e3o do segundo turno do projeto. A proposta foi aprovada no plen\u00e1rio na \u00faltima semana por 379 votos a 131. Dessa forma, houve uma larga vantagem sobre o m\u00ednimo de 308 votos necess\u00e1rio para uma altera\u00e7\u00e3o constitucional.<\/p>\n\t<p>\n\t\t<a href=\"https:\/\/lp.suno.com.br\/minicurso-investindo-fiis\/\" target=\"_blank\" data-element=\"shortcode-suno-banner\" title=\"Banner SUNO, clique e saiba mais\">\n\t\t\t<picture>\n\t\t\t\t<source media=\"(max-width: 500px)\" srcset=\"https:\/\/files.sunoresearch.com.br\/n\/uploads\/2023\/03\/400x300-Minicurso-FIIS.png\">\n\t\t\t\t<img class=\"newsContent__article__imgCapa newsContent__article__imgCapa--banner\"\n\t\t\t\t\tsrc=\"https:\/\/files.sunoresearch.com.br\/n\/uploads\/2023\/03\/1420x240-Minicurso-FIIS.png\"\n\t\t\t\t\tdata-promo-id=\"383125\"\t\t\t\t\t\t\t\t\t\twidth='1420' height='240'\t\t\t\t\talt=\"https:\/\/files.sunoresearch.com.br\/n\/uploads\/2023\/03\/1420x240-Minicurso-FIIS.png\"\n\t\t\t\t>\n\t\t\t<\/picture>\n\t\t<\/a>\n\t<\/p>\n\n\n<p>Entretanto, o projeto ainda deve passar por uma nova aprova\u00e7\u00e3o dos deputados, que ficou para o dia 6 de agosto. A inten\u00e7\u00e3o inicial da base aliada do Executivo era de que toda a tramita\u00e7\u00e3o na C\u00e2mara fosse encerrada antes do recesso parlamentar, com in\u00edcio no pr\u00f3ximo dia 18. Contudo, por conta de articula\u00e7\u00f5es que ainda seguem em andamento entre governo e integrantes do <strong>Congresso<\/strong>, a vota\u00e7\u00e3o foi postergada.<\/p>\n<p>A base aliada ainda busca convencer parlamentares a apoiarem a reforma da Previd\u00eancia. A negocia\u00e7\u00e3o ocorre por meio de libera\u00e7\u00e3o de emendas aos deputados. Sendo assim, nos \u00faltimos dias de vota\u00e7\u00e3o, o Executivo chegou a liberar mais de R$ 2,7 bilh\u00f5es em verba em troca de apoio \u00e0 PEC.<\/p>\n<p><a href=\"https:\/\/www.suno.com.br\/noticias\/rodrigo-maia-reforma-votacao-segundo-turno\/\">Veja tamb\u00e9m:\u00a0Vota\u00e7\u00e3o do 2\u00b0 turno da reforma pode ficar para pr\u00f3xima semana, diz Rodrigo Maia<\/a><\/p>\n<h2>Recesso e vota\u00e7\u00e3o<\/h2>\n<p>O principal receio do governo com a quantidade de votos se d\u00e1 por conta do recesso. No per\u00edodo de &#8220;f\u00e9rias&#8221;, os parlamentares costumam voltar aos seus redutos eleitorais. Dessa forma, os pol\u00edticos ficam mais pr\u00f3ximo aos seus eleitores. Como a reforma previdenci\u00e1ria n\u00e3o \u00e9 um projeto popular, o risco previsto pela base aliada \u00e9 de que os parlamentares mudem de opini\u00e3o.<\/p>\n<p>Por conta disso, o governo, junto ao l\u00edder da C\u00e2mara, trabalhou para buscar encerrar a tramita\u00e7\u00e3o antes do dia 18 de julho. \u201cA estrat\u00e9gia boa era votar tudo [antes do recesso], mas, entre o ideal e o poss\u00edvel, tem que ficar com o poss\u00edvel\u201d, admitiu <strong>Rodrigo Maia<\/strong> na entrevista.<\/p>\n\t<p>\n\t\t<a href=\"https:\/\/lp.suno.com.br\/ao\/sessao-estrategica-consultoria-c\/?utm_source=suno-noticias&#038;utm_medium=banner&#038;utm_campaing=dividendos-taxacao-pl\" target=\"_blank\" data-element=\"shortcode-suno-banner\" title=\"Banner SUNO, clique e saiba mais\">\n\t\t\t<picture>\n\t\t\t\t<source media=\"(max-width: 500px)\" srcset=\"https:\/\/files.sunoresearch.com.br\/n\/uploads\/2025\/09\/300x400.webp\">\n\t\t\t\t<img class=\"newsContent__article__imgCapa newsContent__article__imgCapa--banner\"\n\t\t\t\t\tsrc=\"https:\/\/files.sunoresearch.com.br\/n\/uploads\/2025\/09\/SN-DT-1420x240-1.webp\"\n\t\t\t\t\tdata-promo-id=\"628283\"\t\t\t\t\t\t\t\t\t\twidth='1420' height='240'\t\t\t\t\talt=\"https:\/\/files.sunoresearch.com.br\/n\/uploads\/2025\/09\/SN-DT-1420x240-1.webp\"\n\t\t\t\t>\n\t\t\t<\/picture>\n\t\t<\/a>\n\t<\/p>\n\n\n","protected":false},"excerpt":{"rendered":"<p>O presidente da C\u00e2mara dos Deputados, Rodrigo Maia (DEM-RJ), confia que ter\u00e1 a mesma quantidade de votos a favor da reforma da Previd\u00eancia em agosto. A afirma\u00e7\u00e3o do l\u00edder da Casa Legislativa foi dada em entrevista \u00e0 TV Globo. Vota\u00e7\u00e3o da reforma da Previd\u00eancia est\u00e1 tranquila, segundo Maia \u201cAcredito o seguinte: se o plen\u00e1rio deu [&hellip;]<\/p>\n","protected":false},"author":19,"featured_media":30973,"comment_status":"closed","ping_status":"closed","sticky":false,"template":"","format":"standard","meta":[],"categories":[61],"tags":[940,892],"suno_strategy":[],"class_list":["post-30970","post","type-post","status-publish","format-standard","has-post-thumbnail","hentry","category-politica","tag-reforma-da-previdencia","tag-rodrigo-maia"],"yoast_head":"<!-- This site is optimized with the Yoast SEO plugin v24.4 - https:\/\/yoast.com\/wordpress\/plugins\/seo\/ -->\n<title>Rodrigo Maia acredita que reforma n\u00e3o perder\u00e1 votos at\u00e9 agosto<\/title>\n<meta name=\"description\" content=\"Rodrigo Maia (DEM-RJ), espera ter a mesma quantidade de votos a favor da reforma da Previd\u00eancia em agosto. Clique aqui e saiba mais.\" \/>\n<meta name=\"robots\" content=\"index, follow, max-snippet:-1, max-image-preview:large, max-video-preview:-1\" \/>\n<link rel=\"canonical\" href=\"https:\/\/www.suno.com.br\/noticias\/rodrigo-maia-reforma-previdencia-nao-perdera-votos\/\" \/>\n<meta property=\"og:locale\" content=\"pt_BR\" \/>\n<meta property=\"og:type\" content=\"article\" \/>\n<meta property=\"og:title\" content=\"Rodrigo Maia acredita que reforma n\u00e3o perder\u00e1 votos at\u00e9 agosto\" \/>\n<meta property=\"og:description\" content=\"Rodrigo Maia (DEM-RJ), espera ter a mesma quantidade de votos a favor da reforma da Previd\u00eancia em agosto. Clique aqui e saiba mais.\" \/>\n<meta property=\"og:url\" content=\"https:\/\/www.suno.com.br\/noticias\/rodrigo-maia-reforma-previdencia-nao-perdera-votos\/\" \/>\n<meta property=\"og:site_name\" content=\"Suno Not\u00edcias\" \/>\n<meta property=\"article:publisher\" content=\"https:\/\/facebook.com\/sunoresearch\" \/>\n<meta property=\"og:image\" content=\"https:\/\/files.sunoresearch.com.br\/n\/uploads\/2019\/07\/97726189-rodrigo-maia-e1565189682737.jpg\" \/>\n\t<meta property=\"og:image:width\" content=\"1137\" \/>\n\t<meta property=\"og:image:height\" content=\"467\" \/>\n\t<meta property=\"og:image:type\" content=\"image\/jpeg\" \/>\n<meta name=\"author\" content=\"Juliano Passaro\" \/>\n<meta name=\"twitter:card\" content=\"summary_large_image\" \/>\n<meta name=\"twitter:creator\" content=\"@sunoresearch\" \/>\n<meta name=\"twitter:site\" content=\"@sunoresearch\" \/>\n<meta name=\"twitter:label1\" content=\"Escrito por\" \/>\n\t<meta name=\"twitter:data1\" content=\"Juliano Passaro\" \/>\n\t<meta name=\"twitter:label2\" content=\"Est. tempo de leitura\" \/>\n\t<meta name=\"twitter:data2\" content=\"2 minutos\" \/>\n<script type=\"application\/ld+json\" class=\"yoast-schema-graph\">{\"@context\":\"https:\/\/schema.org\",\"@graph\":[{\"@type\":\"NewsArticle\",\"@id\":\"https:\/\/www.suno.com.br\/noticias\/rodrigo-maia-reforma-previdencia-nao-perdera-votos\/#article\",\"isPartOf\":{\"@id\":\"https:\/\/www.suno.com.br\/noticias\/rodrigo-maia-reforma-previdencia-nao-perdera-votos\/\"},\"author\":{\"name\":\"Juliano Passaro\",\"@id\":\"https:\/\/www.suno.com.br\/noticias\/#\/schema\/person\/1db762f78ffd8919a648a63e425953e3\"},\"headline\":\"Rodrigo Maia acredita que reforma da Previd\u00eancia n\u00e3o perder\u00e1 votos at\u00e9 agosto\",\"datePublished\":\"2019-07-14T18:27:18+00:00\",\"dateModified\":\"2019-07-14T18:34:43+00:00\",\"mainEntityOfPage\":{\"@id\":\"https:\/\/www.suno.com.br\/noticias\/rodrigo-maia-reforma-previdencia-nao-perdera-votos\/\"},\"wordCount\":440,\"publisher\":{\"@id\":\"https:\/\/www.suno.com.br\/noticias\/#organization\"},\"image\":{\"@id\":\"https:\/\/www.suno.com.br\/noticias\/rodrigo-maia-reforma-previdencia-nao-perdera-votos\/#primaryimage\"},\"thumbnailUrl\":\"https:\/\/files.sunoresearch.com.br\/n\/uploads\/2019\/07\/97726189-rodrigo-maia-e1565189682737-jpg.webp\",\"keywords\":[\"Reforma da Previd\u00eancia\",\"Rodrigo Maia\"],\"articleSection\":[\"Pol\u00edtica\"],\"inLanguage\":\"pt-BR\"},{\"@type\":\"WebPage\",\"@id\":\"https:\/\/www.suno.com.br\/noticias\/rodrigo-maia-reforma-previdencia-nao-perdera-votos\/\",\"url\":\"https:\/\/www.suno.com.br\/noticias\/rodrigo-maia-reforma-previdencia-nao-perdera-votos\/\",\"name\":\"Rodrigo Maia acredita que reforma n\u00e3o perder\u00e1 votos at\u00e9 agosto\",\"isPartOf\":{\"@id\":\"https:\/\/www.suno.com.br\/noticias\/#website\"},\"primaryImageOfPage\":{\"@id\":\"https:\/\/www.suno.com.br\/noticias\/rodrigo-maia-reforma-previdencia-nao-perdera-votos\/#primaryimage\"},\"image\":{\"@id\":\"https:\/\/www.suno.com.br\/noticias\/rodrigo-maia-reforma-previdencia-nao-perdera-votos\/#primaryimage\"},\"thumbnailUrl\":\"https:\/\/files.sunoresearch.com.br\/n\/uploads\/2019\/07\/97726189-rodrigo-maia-e1565189682737-jpg.webp\",\"datePublished\":\"2019-07-14T18:27:18+00:00\",\"dateModified\":\"2019-07-14T18:34:43+00:00\",\"description\":\"Rodrigo Maia (DEM-RJ), espera ter a mesma quantidade de votos a favor da reforma da Previd\u00eancia em agosto. Clique aqui e saiba mais.\",\"breadcrumb\":{\"@id\":\"https:\/\/www.suno.com.br\/noticias\/rodrigo-maia-reforma-previdencia-nao-perdera-votos\/#breadcrumb\"},\"inLanguage\":\"pt-BR\",\"potentialAction\":[{\"@type\":\"ReadAction\",\"target\":[\"https:\/\/www.suno.com.br\/noticias\/rodrigo-maia-reforma-previdencia-nao-perdera-votos\/\"]}]},{\"@type\":\"ImageObject\",\"inLanguage\":\"pt-BR\",\"@id\":\"https:\/\/www.suno.com.br\/noticias\/rodrigo-maia-reforma-previdencia-nao-perdera-votos\/#primaryimage\",\"url\":\"https:\/\/files.sunoresearch.com.br\/n\/uploads\/2019\/07\/97726189-rodrigo-maia-e1565189682737-jpg.webp\",\"contentUrl\":\"https:\/\/files.sunoresearch.com.br\/n\/uploads\/2019\/07\/97726189-rodrigo-maia-e1565189682737-jpg.webp\",\"width\":1137,\"height\":467,\"caption\":\"Vota\u00e7\u00e3o da reforma da Previd\u00eancia est\u00e1 tranquila, segundo Maia\"},{\"@type\":\"BreadcrumbList\",\"@id\":\"https:\/\/www.suno.com.br\/noticias\/rodrigo-maia-reforma-previdencia-nao-perdera-votos\/#breadcrumb\",\"itemListElement\":[{\"@type\":\"ListItem\",\"position\":1,\"name\":\"Not\u00edcias\",\"item\":\"https:\/\/www.suno.com.br\/noticias\/\"},{\"@type\":\"ListItem\",\"position\":2,\"name\":\"Pol\u00edtica\",\"item\":\"https:\/\/www.suno.com.br\/noticias\/politica\/\"},{\"@type\":\"ListItem\",\"position\":3,\"name\":\"Rodrigo Maia acredita que reforma da Previd\u00eancia n\u00e3o perder\u00e1 votos at\u00e9 agosto\"}]},{\"@type\":\"WebSite\",\"@id\":\"https:\/\/www.suno.com.br\/noticias\/#website\",\"url\":\"https:\/\/www.suno.com.br\/noticias\/\",\"name\":\"Suno Not\u00edcias\",\"description\":\"Seu portal de informa\u00e7\u00e3o sobre o mundo dos investimentos\",\"publisher\":{\"@id\":\"https:\/\/www.suno.com.br\/noticias\/#organization\"},\"potentialAction\":[{\"@type\":\"SearchAction\",\"target\":{\"@type\":\"EntryPoint\",\"urlTemplate\":\"https:\/\/www.suno.com.br\/noticias\/?s={search_term_string}\"},\"query-input\":{\"@type\":\"PropertyValueSpecification\",\"valueRequired\":true,\"valueName\":\"search_term_string\"}}],\"inLanguage\":\"pt-BR\"},{\"@type\":\"Organization\",\"@id\":\"https:\/\/www.suno.com.br\/noticias\/#organization\",\"name\":\"Suno Not\u00edcias\",\"url\":\"https:\/\/www.suno.com.br\/noticias\/\",\"logo\":{\"@type\":\"ImageObject\",\"inLanguage\":\"pt-BR\",\"@id\":\"https:\/\/www.suno.com.br\/noticias\/#\/schema\/logo\/image\/\",\"url\":\"https:\/\/files.sunoresearch.com.br\/n\/uploads\/2021\/09\/suno-logo.png\",\"contentUrl\":\"https:\/\/files.sunoresearch.com.br\/n\/uploads\/2021\/09\/suno-logo.png\",\"width\":180,\"height\":180,\"caption\":\"Suno Not\u00edcias\"},\"image\":{\"@id\":\"https:\/\/www.suno.com.br\/noticias\/#\/schema\/logo\/image\/\"},\"sameAs\":[\"https:\/\/facebook.com\/sunoresearch\",\"https:\/\/x.com\/sunoresearch\",\"https:\/\/www.instagram.com\/suno\",\"https:\/\/www.linkedin.com\/company\/suno-research\/\",\"https:\/\/www.youtube.com\/c\/sunoresearch\"]},{\"@type\":\"Person\",\"@id\":\"https:\/\/www.suno.com.br\/noticias\/#\/schema\/person\/1db762f78ffd8919a648a63e425953e3\",\"name\":\"Juliano Passaro\",\"image\":{\"@type\":\"ImageObject\",\"inLanguage\":\"pt-BR\",\"@id\":\"https:\/\/www.suno.com.br\/noticias\/#\/schema\/person\/image\/\",\"url\":\"https:\/\/secure.gravatar.com\/avatar\/743d4df28eebf6dcc46b4ad03c319e92?s=96&r=g\",\"contentUrl\":\"https:\/\/secure.gravatar.com\/avatar\/743d4df28eebf6dcc46b4ad03c319e92?s=96&r=g\",\"caption\":\"Juliano Passaro\"},\"description\":\"Juliano Passaro escreve sobre pol\u00edtica, economia e neg\u00f3cios para o portal da Suno Research. Antes da Suno, trabalhou no Portal da Band. \u00c9 formado em jornalismo pela Universidade Presbiteriana Mackenzie.\",\"url\":\"https:\/\/www.suno.com.br\/noticias\/author\/juliano\/\"}]}<\/script>\n<!-- \/ Yoast SEO plugin. -->","yoast_head_json":{"title":"Rodrigo Maia acredita que reforma n\u00e3o perder\u00e1 votos at\u00e9 agosto","description":"Rodrigo Maia (DEM-RJ), espera ter a mesma quantidade de votos a favor da reforma da Previd\u00eancia em agosto. Clique aqui e saiba mais.","robots":{"index":"index","follow":"follow","max-snippet":"max-snippet:-1","max-image-preview":"max-image-preview:large","max-video-preview":"max-video-preview:-1"},"canonical":"https:\/\/www.suno.com.br\/noticias\/rodrigo-maia-reforma-previdencia-nao-perdera-votos\/","og_locale":"pt_BR","og_type":"article","og_title":"Rodrigo Maia acredita que reforma n\u00e3o perder\u00e1 votos at\u00e9 agosto","og_description":"Rodrigo Maia (DEM-RJ), espera ter a mesma quantidade de votos a favor da reforma da Previd\u00eancia em agosto. Clique aqui e saiba mais.","og_url":"https:\/\/www.suno.com.br\/noticias\/rodrigo-maia-reforma-previdencia-nao-perdera-votos\/","og_site_name":"Suno Not\u00edcias","article_publisher":"https:\/\/facebook.com\/sunoresearch","og_image":[{"width":1137,"height":467,"url":"https:\/\/files.sunoresearch.com.br\/n\/uploads\/2019\/07\/97726189-rodrigo-maia-e1565189682737.jpg","type":"image\/jpeg"}],"author":"Juliano Passaro","twitter_card":"summary_large_image","twitter_creator":"@sunoresearch","twitter_site":"@sunoresearch","twitter_misc":{"Escrito por":"Juliano Passaro","Est. tempo de leitura":"2 minutos"},"schema":{"@context":"https:\/\/schema.org","@graph":[{"@type":"NewsArticle","@id":"https:\/\/www.suno.com.br\/noticias\/rodrigo-maia-reforma-previdencia-nao-perdera-votos\/#article","isPartOf":{"@id":"https:\/\/www.suno.com.br\/noticias\/rodrigo-maia-reforma-previdencia-nao-perdera-votos\/"},"author":{"name":"Juliano Passaro","@id":"https:\/\/www.suno.com.br\/noticias\/#\/schema\/person\/1db762f78ffd8919a648a63e425953e3"},"headline":"Rodrigo Maia acredita que reforma da Previd\u00eancia n\u00e3o perder\u00e1 votos at\u00e9 agosto","datePublished":"2019-07-14T18:27:18+00:00","dateModified":"2019-07-14T18:34:43+00:00","mainEntityOfPage":{"@id":"https:\/\/www.suno.com.br\/noticias\/rodrigo-maia-reforma-previdencia-nao-perdera-votos\/"},"wordCount":440,"publisher":{"@id":"https:\/\/www.suno.com.br\/noticias\/#organization"},"image":{"@id":"https:\/\/www.suno.com.br\/noticias\/rodrigo-maia-reforma-previdencia-nao-perdera-votos\/#primaryimage"},"thumbnailUrl":"https:\/\/files.sunoresearch.com.br\/n\/uploads\/2019\/07\/97726189-rodrigo-maia-e1565189682737-jpg.webp","keywords":["Reforma da Previd\u00eancia","Rodrigo Maia"],"articleSection":["Pol\u00edtica"],"inLanguage":"pt-BR"},{"@type":"WebPage","@id":"https:\/\/www.suno.com.br\/noticias\/rodrigo-maia-reforma-previdencia-nao-perdera-votos\/","url":"https:\/\/www.suno.com.br\/noticias\/rodrigo-maia-reforma-previdencia-nao-perdera-votos\/","name":"Rodrigo Maia acredita que reforma n\u00e3o perder\u00e1 votos at\u00e9 agosto","isPartOf":{"@id":"https:\/\/www.suno.com.br\/noticias\/#website"},"primaryImageOfPage":{"@id":"https:\/\/www.suno.com.br\/noticias\/rodrigo-maia-reforma-previdencia-nao-perdera-votos\/#primaryimage"},"image":{"@id":"https:\/\/www.suno.com.br\/noticias\/rodrigo-maia-reforma-previdencia-nao-perdera-votos\/#primaryimage"},"thumbnailUrl":"https:\/\/files.sunoresearch.com.br\/n\/uploads\/2019\/07\/97726189-rodrigo-maia-e1565189682737-jpg.webp","datePublished":"2019-07-14T18:27:18+00:00","dateModified":"2019-07-14T18:34:43+00:00","description":"Rodrigo Maia (DEM-RJ), espera ter a mesma quantidade de votos a favor da reforma da Previd\u00eancia em agosto. Clique aqui e saiba mais.","breadcrumb":{"@id":"https:\/\/www.suno.com.br\/noticias\/rodrigo-maia-reforma-previdencia-nao-perdera-votos\/#breadcrumb"},"inLanguage":"pt-BR","potentialAction":[{"@type":"ReadAction","target":["https:\/\/www.suno.com.br\/noticias\/rodrigo-maia-reforma-previdencia-nao-perdera-votos\/"]}]},{"@type":"ImageObject","inLanguage":"pt-BR","@id":"https:\/\/www.suno.com.br\/noticias\/rodrigo-maia-reforma-previdencia-nao-perdera-votos\/#primaryimage","url":"https:\/\/files.sunoresearch.com.br\/n\/uploads\/2019\/07\/97726189-rodrigo-maia-e1565189682737-jpg.webp","contentUrl":"https:\/\/files.sunoresearch.com.br\/n\/uploads\/2019\/07\/97726189-rodrigo-maia-e1565189682737-jpg.webp","width":1137,"height":467,"caption":"Vota\u00e7\u00e3o da reforma da Previd\u00eancia est\u00e1 tranquila, segundo Maia"},{"@type":"BreadcrumbList","@id":"https:\/\/www.suno.com.br\/noticias\/rodrigo-maia-reforma-previdencia-nao-perdera-votos\/#breadcrumb","itemListElement":[{"@type":"ListItem","position":1,"name":"Not\u00edcias","item":"https:\/\/www.suno.com.br\/noticias\/"},{"@type":"ListItem","position":2,"name":"Pol\u00edtica","item":"https:\/\/www.suno.com.br\/noticias\/politica\/"},{"@type":"ListItem","position":3,"name":"Rodrigo Maia acredita que reforma da Previd\u00eancia n\u00e3o perder\u00e1 votos at\u00e9 agosto"}]},{"@type":"WebSite","@id":"https:\/\/www.suno.com.br\/noticias\/#website","url":"https:\/\/www.suno.com.br\/noticias\/","name":"Suno Not\u00edcias","description":"Seu portal de informa\u00e7\u00e3o sobre o mundo dos investimentos","publisher":{"@id":"https:\/\/www.suno.com.br\/noticias\/#organization"},"potentialAction":[{"@type":"SearchAction","target":{"@type":"EntryPoint","urlTemplate":"https:\/\/www.suno.com.br\/noticias\/?s={search_term_string}"},"query-input":{"@type":"PropertyValueSpecification","valueRequired":true,"valueName":"search_term_string"}}],"inLanguage":"pt-BR"},{"@type":"Organization","@id":"https:\/\/www.suno.com.br\/noticias\/#organization","name":"Suno Not\u00edcias","url":"https:\/\/www.suno.com.br\/noticias\/","logo":{"@type":"ImageObject","inLanguage":"pt-BR","@id":"https:\/\/www.suno.com.br\/noticias\/#\/schema\/logo\/image\/","url":"https:\/\/files.sunoresearch.com.br\/n\/uploads\/2021\/09\/suno-logo.png","contentUrl":"https:\/\/files.sunoresearch.com.br\/n\/uploads\/2021\/09\/suno-logo.png","width":180,"height":180,"caption":"Suno Not\u00edcias"},"image":{"@id":"https:\/\/www.suno.com.br\/noticias\/#\/schema\/logo\/image\/"},"sameAs":["https:\/\/facebook.com\/sunoresearch","https:\/\/x.com\/sunoresearch","https:\/\/www.instagram.com\/suno","https:\/\/www.linkedin.com\/company\/suno-research\/","https:\/\/www.youtube.com\/c\/sunoresearch"]},{"@type":"Person","@id":"https:\/\/www.suno.com.br\/noticias\/#\/schema\/person\/1db762f78ffd8919a648a63e425953e3","name":"Juliano Passaro","image":{"@type":"ImageObject","inLanguage":"pt-BR","@id":"https:\/\/www.suno.com.br\/noticias\/#\/schema\/person\/image\/","url":"https:\/\/secure.gravatar.com\/avatar\/743d4df28eebf6dcc46b4ad03c319e92?s=96&r=g","contentUrl":"https:\/\/secure.gravatar.com\/avatar\/743d4df28eebf6dcc46b4ad03c319e92?s=96&r=g","caption":"Juliano Passaro"},"description":"Juliano Passaro escreve sobre pol\u00edtica, economia e neg\u00f3cios para o portal da Suno Research. Antes da Suno, trabalhou no Portal da Band. \u00c9 formado em jornalismo pela Universidade Presbiteriana Mackenzie.","url":"https:\/\/www.suno.com.br\/noticias\/author\/juliano\/"}]}},"default_loop_html":"<div class=\"cardsPage__listCard__boxs\"><div class=\"cardsPage__listCard__boxs__img\"><a href=\"https:\/\/www.suno.com.br\/noticias\/rodrigo-maia-reforma-previdencia-nao-perdera-votos\/\"><img class=\"mask\" src=\"https:\/\/www.suno.com.br\/noticias\/wp-content\/themes\/suno\/resources\/images\/spotlight\/spotlight1img\/bg-mask.png\" alt=\"Image Mask\"\/><img src=\"https:\/\/files.sunoresearch.com.br\/n\/uploads\/2019\/07\/97726189-rodrigo-maia-e1565189682737-400x200.webp\" alt=\"Rodrigo Maia acredita que reforma da Previd\u00eancia n\u00e3o perder\u00e1 votos at\u00e9 agosto\"\/><\/a><span class=\"spotlightCategory\"><a href=\"https:\/\/www.suno.com.br\/noticias\/politica\/\">Pol\u00edtica<\/a><\/span><\/div><div class=\"cardsPage__listCard__boxs__content\"><a href=\"https:\/\/www.suno.com.br\/noticias\/rodrigo-maia-reforma-previdencia-nao-perdera-votos\/\"><h2 class=\"content__title\">Rodrigo Maia acredita que reforma da Previd\u00eancia n\u00e3o perder\u00e1 votos at\u00e9 agosto<\/h2><\/a><div class=\"newsContent__article__meta\"><div class=\"newsContent__article__meta__authorBox\"><a href=\"https:\/\/www.suno.com.br\/noticias\/author\/juliano\/\" class=\"authorBox__avatar noMobi\"><img src=\"https:\/\/files.sunoresearch.com.br\/n\/uploads\/2019\/06\/7cc3efea-whatsapp-image-2019-07-18-at-21.59.33-e1563499821209-150x150.webp\" alt=\"Juliano Passaro\"><\/a><div class=\"authorBox__name\"><span>por\n\t\t\t<a href=\"https:\/\/www.suno.com.br\/noticias\/author\/juliano\/\"><span itemprop=\"author\">Juliano Passaro<\/span><\/a><\/span><time datetime=\"2019-07-14T15:27:18-03:00\" itemprop=\"datePublished\">14\/07\/2019 15:27<\/time><\/div><\/div><\/div><\/div><\/div>","single_layout":"posts","amp_enabled":true,"_links":{"self":[{"href":"https:\/\/www.suno.com.br\/noticias\/wp-json\/wp\/v2\/posts\/30970"}],"collection":[{"href":"https:\/\/www.suno.com.br\/noticias\/wp-json\/wp\/v2\/posts"}],"about":[{"href":"https:\/\/www.suno.com.br\/noticias\/wp-json\/wp\/v2\/types\/post"}],"author":[{"embeddable":true,"href":"https:\/\/www.suno.com.br\/noticias\/wp-json\/wp\/v2\/users\/19"}],"replies":[{"embeddable":true,"href":"https:\/\/www.suno.com.br\/noticias\/wp-json\/wp\/v2\/comments?post=30970"}],"version-history":[{"count":0,"href":"https:\/\/www.suno.com.br\/noticias\/wp-json\/wp\/v2\/posts\/30970\/revisions"}],"wp:featuredmedia":[{"embeddable":true,"href":"https:\/\/www.suno.com.br\/noticias\/wp-json\/wp\/v2\/media\/30973"}],"wp:attachment":[{"href":"https:\/\/www.suno.com.br\/noticias\/wp-json\/wp\/v2\/media?parent=30970"}],"wp:term":[{"taxonomy":"category","embeddable":true,"href":"https:\/\/www.suno.com.br\/noticias\/wp-json\/wp\/v2\/categories?post=30970"},{"taxonomy":"post_tag","embeddable":true,"href":"https:\/\/www.suno.com.br\/noticias\/wp-json\/wp\/v2\/tags?post=30970"},{"taxonomy":"suno_strategy","embeddable":true,"href":"https:\/\/www.suno.com.br\/noticias\/wp-json\/wp\/v2\/suno_strategy?post=30970"}],"curies":[{"name":"wp","href":"https:\/\/api.w.org\/{rel}","templated":true}]}}