{"id":309612,"date":"2022-10-18T21:40:21","date_gmt":"2022-10-19T00:40:21","guid":{"rendered":"https:\/\/www.suno.com.br\/noticias\/?p=309612"},"modified":"2022-10-18T23:29:02","modified_gmt":"2022-10-19T02:29:02","slug":"cielo-ciel3-cvm-investigacao-whatsapp-pay","status":"publish","type":"post","link":"https:\/\/www.suno.com.br\/noticias\/cielo-ciel3-cvm-investigacao-whatsapp-pay\/","title":{"rendered":"CVM abre processo administrativo contra ex-executivos da Cielo (CIEL3)"},"content":{"rendered":"<p>A <a class=\"suno-keyword\" href=\"https:\/\/www.suno.com.br\/artigos\/cvm\/\" target=\"_blank\" rel=\"noopener\" data-force=\"no\" data-priority=\"2\">Comiss\u00e3o de Valores Mobili\u00e1rios (CVM)<\/a> abriu um processo administrativo sancionador (PAS), com o objetivo de apurar supostas irregularidades do ex-presidente da <a href=\"https:\/\/www.suno.com.br\/acoes\/ciel3\/\" target=\"_blank\" rel=\"noopener\"><strong>Cielo<\/strong> (CIEL3)<\/a>, Paulo Rog\u00e9rio Caffarelli, e do ex-diretor de rela\u00e7\u00e3o com investidores, Gustavo Henrique Santos de Sousa, durante o per\u00edodo que estiveram nos cargos.<\/p>\t<div class=\"wrapper-featured-image\">\n\t\t<figure class=\"spotlightImg\">\n\n\t\t\t<picture>\n\t\t\t\t<source media=\"(max-width: 768px)\" srcset=\"https:\/\/files.sunoresearch.com.br\/n\/uploads\/2019\/09\/60fb7999-cielo-400x200.webp\">\n\t\t\t\t<img loading=\"lazy\" decoding=\"async\" class=\"newsContent__article__imgCapa lazyloadDisabled \" src=\"https:\/\/files.sunoresearch.com.br\/n\/uploads\/2019\/09\/60fb7999-cielo-800x450.webp\" width=\"800\" height=\"450\" alt=\"CVM abre processo administrativo contra ex-executivos da Cielo (CIEL3)\" fetchpriority=high \/>\n\t\t\t<\/picture>\n\n\t\t\t<figcaption class=\"wp-caption-text wp-caption-text--show\">Cielo (CIEL3). - Foto: Divulga\u00e7\u00e3o<\/figcaption>\n\t\t<\/figure>\n\t<\/div>\n\n\n\t<p>\n\t\t<a href=\"\" target=\"_blank\" data-element=\"shortcode-suno-banner\" title=\"Banner SUNO, clique e saiba mais\">\n\t\t\t<picture>\n\t\t\t\t<source media=\"(max-width: 500px)\" srcset=\"\">\n\t\t\t\t<img class=\"newsContent__article__imgCapa newsContent__article__imgCapa--banner\"\n\t\t\t\t\tsrc=\"\"\n\t\t\t\t\tdata-promo-id=\"138420\"\t\t\t\t\t\t\t\t\t\t\t\t\t\t\talt=\"\"\n\t\t\t\t>\n\t\t\t<\/picture>\n\t\t<\/a>\n\t<\/p>\n\n\n<p>Segundo o site da CVM, o processo teve sua abertura em 6 de junho. O documento de acusa\u00e7\u00e3o foi assinado por Fernando Soares Vieira no dia 2 de setembro. Vieira \u00e9 superintendente de Rela\u00e7\u00f5es com Empresas da Comiss\u00e3o de Valores Mobili\u00e1rios.<\/p>\n<p>Segundo informa\u00e7\u00f5es do jornal \u201cO Globo\u201d, a eventual irregularidade apurada na administra\u00e7\u00e3o de Caffarelli e Sousa pela CVM se refere a coment\u00e1rios dos executivos em rela\u00e7\u00e3o \u00e0 iniciativa da Cielo em uma parceria com o WhatsApp Pay, pertencente \u00e0 Meta (M1TA34).<\/p>\n\t<div data-element=\"shortcode-read-more\" class=\"knowMore\">\n\t\t\t\t<span class=\"knowMore__title\">Leia mais:<\/span>\n\t\t\t\t<a class=\"knowMore__link\" href=\"https:\/\/www.suno.com.br\/noticias\/petrobras-petr4-compromisso-pagamento-fundo-pensao\/\">\n\t\t\tPetrobras (PETR4) formaliza compromisso para pagar R$ 1,1 bilh\u00e3o a fundo de pens\u00e3o\t\t<\/a>\n\t<\/div>\n\n\n<p>O termo acusat\u00f3rio aponta que depois que Caffarelli anunciou que o WhatsApp Pay entraria em funcionamento em 2021, durante uma teleconfer\u00eancia feita em janeiro do ano passado, as <strong>a\u00e7\u00f5es da Cielo<\/strong> tiveram forte alta na <a class=\"suno-keyword\" href=\"https:\/\/www.suno.com.br\/guias\/bolsa-de-valores\/\" target=\"_blank\" rel=\"noopener\" data-force=\"no\" data-priority=\"3\">bolsa de valores<\/a> brasileira (B3).<\/p>\n<p>Nesse caso, t\u00e9cnicos da CVM dizem que esse an\u00fancio deveria ter sido feito por meio de <a class=\"suno-keyword\" href=\"https:\/\/www.suno.com.br\/artigos\/fato-relevante\/\" target=\"_blank\" rel=\"noopener\" data-force=\"no\" data-priority=\"1\">fato relevante<\/a>, divulgando de forma p\u00fablica ao mercado, e n\u00e3o em uma teleconfer\u00eancia, como teria sido realizado.<\/p>\n<p>Quando procurados por meio de suas assessorias, os ex-executivos da Cielo n\u00e3o se manifestaram sobre o assunto.<\/p>\n\t<p>\n\t\t<a href=\"https:\/\/lp.suno.com.br\/planilha-controle-gastos\/\" target=\"_blank\" data-element=\"shortcode-suno-banner\" title=\"Banner SUNO, clique e saiba mais\">\n\t\t\t<picture>\n\t\t\t\t<source media=\"(max-width: 500px)\" srcset=\"https:\/\/files.sunoresearch.com.br\/n\/uploads\/2023\/03\/400x300-Planilha-controle-de-gastos.png\">\n\t\t\t\t<img class=\"newsContent__article__imgCapa newsContent__article__imgCapa--banner\"\n\t\t\t\t\tsrc=\"https:\/\/files.sunoresearch.com.br\/n\/uploads\/2023\/03\/1420x240-Planilha-controle-de-gastos.png\"\n\t\t\t\t\tdata-promo-id=\"101751\"\t\t\t\t\t\t\t\t\t\twidth='1420' height='240'\t\t\t\t\talt=\"https:\/\/files.sunoresearch.com.br\/n\/uploads\/2023\/03\/1420x240-Planilha-controle-de-gastos.png\"\n\t\t\t\t>\n\t\t\t<\/picture>\n\t\t<\/a>\n\t<\/p>\n\n\n<h2>Entenda o processo envolvendo o ex-presidente da Cielo<\/h2>\n<p>A Cielo, juntamente com as bandeiras Visa e Mastercard, tinham sido as escolhidas da Meta, empresa que era anteriormente conhecida como Facebook, a realizar o processamento dos volumes financeiros das transa\u00e7\u00f5es feitas pelo <strong>WhatsApp Pay<\/strong>, funcionalidade que atualmente tem o nome de \u201c<strong>Pagamentos no WhatsApp<\/strong>\u201d.<\/p>\n<p>O WhatsApp Pay come\u00e7aria a funcionar no ano de 2020, mas foi barrado pelo Banco Central, embora no dia 30 de mar\u00e7o de 2021 o servi\u00e7o foi liberado, ap\u00f3s autoriza\u00e7\u00e3o por parte da autoridade monet\u00e1ria brasileira.<\/p>\n<p>Para conseguir aprova\u00e7\u00e3o do Banco Central do Brasil (BCB), a Meta precisava ter uma licen\u00e7a de iniciador de pagamentos, e a partir da\u00ed, come\u00e7ar a oferecer os servi\u00e7os por meio do WhatsApp Pay.<\/p>\n<p>Ao anunciar os <strong>resultados da Cielo<\/strong> do 4T20, Paulo Rog\u00e9rio Caffarelli citou o assunto. Logo depois disso, as a\u00e7\u00f5es da companhia dispararam 13,35% naquela sess\u00e3o.<\/p>\n<p>Segundo o entendimento da CVM, conforme as informa\u00e7\u00f5es passadas pelo \u201cO Globo\u201d sobre o processo, a fala do <strong>ex-presidente da Cielo<\/strong> seria o motivo para alta relevante nas a\u00e7\u00f5es da companhia naquele dia.<\/p>\n<p>O termo de acusa\u00e7\u00e3o assinado por Fernando Soares Vieira \u00e9 \u201cde posse de elementos suficientes de autoria e materialidade\u201d, conforme os termos de regras da CVM para apurar \u201cinfra\u00e7\u00f5es de menor complexidade\u201d, onde se incluiria o ato de n\u00e3o ter prestado certas informa\u00e7\u00f5es referente \u00e0s empresas.<\/p>\n<p>Os acusados n\u00e3o foram mais citados a partir do dia 28 de setembro. Al\u00e9m disso, as regras da CVM definem que a defesa pode ser apresentada em um prazo de at\u00e9 30 dias, podendo ter uma prorroga\u00e7\u00e3o de mais 30 dias \u00fateis.<\/p>\n<h2>Cota\u00e7\u00e3o da CIEL3<\/h2>\n<p>Nesta ter\u00e7a-feira (18), as a\u00e7\u00f5es da <strong>Cielo,<\/strong> com ticker <strong>CIEL3<\/strong>, encerraram a sess\u00e3o com uma varia\u00e7\u00e3o de +4,70%, a R$ 6,01. Assim, os pap\u00e9is da companhia acumulam ganhos de 11,30% no m\u00eas de setembro.<\/p>\n\t<p>\n\t\t<a href=\"https:\/\/lp.suno.com.br\/planilha-da-vida-financeira\/\" target=\"_blank\" data-element=\"shortcode-suno-banner\" title=\"Banner SUNO, clique e saiba mais\">\n\t\t\t<picture>\n\t\t\t\t<source media=\"(max-width: 500px)\" srcset=\"https:\/\/files.sunoresearch.com.br\/n\/uploads\/2023\/04\/400x300-Planilha-vida-financeira-true.png\">\n\t\t\t\t<img class=\"newsContent__article__imgCapa newsContent__article__imgCapa--banner\"\n\t\t\t\t\tsrc=\"https:\/\/files.sunoresearch.com.br\/n\/uploads\/2023\/04\/1420x240-Planilha-vida-financeira-true.png\"\n\t\t\t\t\tdata-promo-id=\"106682\"\t\t\t\t\t\t\t\t\t\twidth='1420' height='240'\t\t\t\t\talt=\"https:\/\/files.sunoresearch.com.br\/n\/uploads\/2023\/04\/1420x240-Planilha-vida-financeira-true.png\"\n\t\t\t\t>\n\t\t\t<\/picture>\n\t\t<\/a>\n\t<\/p>\n\n\n","protected":false},"excerpt":{"rendered":"<p>A Comiss\u00e3o de Valores Mobili\u00e1rios (CVM) abriu um processo administrativo sancionador (PAS), com o objetivo de apurar supostas irregularidades do ex-presidente da Cielo (CIEL3), Paulo Rog\u00e9rio Caffarelli, e do ex-diretor de rela\u00e7\u00e3o com investidores, Gustavo Henrique Santos de Sousa, durante o per\u00edodo que estiveram nos cargos. Cielo (CIEL3). &#8211; Foto: Divulga\u00e7\u00e3o Segundo o site da [&hellip;]<\/p>\n","protected":false},"author":173,"featured_media":38318,"comment_status":"closed","ping_status":"closed","sticky":false,"template":"","format":"standard","meta":[],"categories":[60],"tags":[423,104463],"suno_strategy":[],"class_list":["post-309612","post","type-post","status-publish","format-standard","has-post-thumbnail","hentry","category-mercado","tag-cielo-ciel3","tag-whatsapp-pay"],"yoast_head":"<!-- This site is optimized with the Yoast SEO plugin v24.4 - https:\/\/yoast.com\/wordpress\/plugins\/seo\/ -->\n<title>CVM abre processo administrativo contra ex-executivos da Cielo (CIEL3)<\/title>\n<meta name=\"description\" content=\"A CVM abriu uma investiga\u00e7\u00e3o que envolve a parceria da Cielo (CIEL3) com WhatsApp Pay e ex-executivos da Cielo. Entenda aqui\" \/>\n<meta name=\"robots\" content=\"index, follow, max-snippet:-1, max-image-preview:large, max-video-preview:-1\" \/>\n<link rel=\"canonical\" href=\"https:\/\/www.suno.com.br\/noticias\/cielo-ciel3-cvm-investigacao-whatsapp-pay\/\" \/>\n<meta property=\"og:locale\" content=\"pt_BR\" \/>\n<meta property=\"og:type\" content=\"article\" \/>\n<meta property=\"og:title\" content=\"CVM abre processo administrativo contra ex-executivos da Cielo (CIEL3)\" \/>\n<meta property=\"og:description\" content=\"A CVM abriu uma investiga\u00e7\u00e3o que envolve a parceria da Cielo (CIEL3) com WhatsApp Pay e ex-executivos da Cielo. Entenda aqui\" \/>\n<meta property=\"og:url\" content=\"https:\/\/www.suno.com.br\/noticias\/cielo-ciel3-cvm-investigacao-whatsapp-pay\/\" \/>\n<meta property=\"og:site_name\" content=\"Suno Not\u00edcias\" \/>\n<meta property=\"article:publisher\" content=\"https:\/\/facebook.com\/sunoresearch\" \/>\n<meta property=\"og:image\" content=\"https:\/\/files.sunoresearch.com.br\/n\/uploads\/2019\/09\/60fb7999-cielo.jpg\" \/>\n\t<meta property=\"og:image:width\" content=\"1920\" \/>\n\t<meta property=\"og:image:height\" content=\"1280\" \/>\n\t<meta property=\"og:image:type\" content=\"image\/jpeg\" \/>\n<meta name=\"author\" content=\"Jo\u00e3o Vitor\" \/>\n<meta name=\"twitter:card\" content=\"summary_large_image\" \/>\n<meta name=\"twitter:creator\" content=\"@sunoresearch\" \/>\n<meta name=\"twitter:site\" content=\"@sunoresearch\" \/>\n<meta name=\"twitter:label1\" content=\"Escrito por\" \/>\n\t<meta name=\"twitter:data1\" content=\"Jo\u00e3o Vitor\" \/>\n\t<meta name=\"twitter:label2\" content=\"Est. tempo de leitura\" \/>\n\t<meta name=\"twitter:data2\" content=\"3 minutos\" \/>\n<script type=\"application\/ld+json\" class=\"yoast-schema-graph\">{\"@context\":\"https:\/\/schema.org\",\"@graph\":[{\"@type\":\"NewsArticle\",\"@id\":\"https:\/\/www.suno.com.br\/noticias\/cielo-ciel3-cvm-investigacao-whatsapp-pay\/#article\",\"isPartOf\":{\"@id\":\"https:\/\/www.suno.com.br\/noticias\/cielo-ciel3-cvm-investigacao-whatsapp-pay\/\"},\"author\":{\"name\":\"Jo\u00e3o Vitor\",\"@id\":\"https:\/\/www.suno.com.br\/noticias\/#\/schema\/person\/87fc6973867c52dd884811905c43afba\"},\"headline\":\"CVM abre processo administrativo contra ex-executivos da Cielo (CIEL3)\",\"datePublished\":\"2022-10-19T00:40:21+00:00\",\"dateModified\":\"2022-10-19T02:29:02+00:00\",\"mainEntityOfPage\":{\"@id\":\"https:\/\/www.suno.com.br\/noticias\/cielo-ciel3-cvm-investigacao-whatsapp-pay\/\"},\"wordCount\":583,\"publisher\":{\"@id\":\"https:\/\/www.suno.com.br\/noticias\/#organization\"},\"image\":{\"@id\":\"https:\/\/www.suno.com.br\/noticias\/cielo-ciel3-cvm-investigacao-whatsapp-pay\/#primaryimage\"},\"thumbnailUrl\":\"https:\/\/files.sunoresearch.com.br\/n\/uploads\/2019\/09\/60fb7999-cielo-jpg.webp\",\"keywords\":[\"Cielo (CIEL3)\",\"WhatsApp Pay\"],\"articleSection\":[\"Mercado\"],\"inLanguage\":\"pt-BR\"},{\"@type\":\"WebPage\",\"@id\":\"https:\/\/www.suno.com.br\/noticias\/cielo-ciel3-cvm-investigacao-whatsapp-pay\/\",\"url\":\"https:\/\/www.suno.com.br\/noticias\/cielo-ciel3-cvm-investigacao-whatsapp-pay\/\",\"name\":\"CVM abre processo administrativo contra ex-executivos da Cielo (CIEL3)\",\"isPartOf\":{\"@id\":\"https:\/\/www.suno.com.br\/noticias\/#website\"},\"primaryImageOfPage\":{\"@id\":\"https:\/\/www.suno.com.br\/noticias\/cielo-ciel3-cvm-investigacao-whatsapp-pay\/#primaryimage\"},\"image\":{\"@id\":\"https:\/\/www.suno.com.br\/noticias\/cielo-ciel3-cvm-investigacao-whatsapp-pay\/#primaryimage\"},\"thumbnailUrl\":\"https:\/\/files.sunoresearch.com.br\/n\/uploads\/2019\/09\/60fb7999-cielo-jpg.webp\",\"datePublished\":\"2022-10-19T00:40:21+00:00\",\"dateModified\":\"2022-10-19T02:29:02+00:00\",\"description\":\"A CVM abriu uma investiga\u00e7\u00e3o que envolve a parceria da Cielo (CIEL3) com WhatsApp Pay e ex-executivos da Cielo. Entenda aqui\",\"breadcrumb\":{\"@id\":\"https:\/\/www.suno.com.br\/noticias\/cielo-ciel3-cvm-investigacao-whatsapp-pay\/#breadcrumb\"},\"inLanguage\":\"pt-BR\",\"potentialAction\":[{\"@type\":\"ReadAction\",\"target\":[\"https:\/\/www.suno.com.br\/noticias\/cielo-ciel3-cvm-investigacao-whatsapp-pay\/\"]}]},{\"@type\":\"ImageObject\",\"inLanguage\":\"pt-BR\",\"@id\":\"https:\/\/www.suno.com.br\/noticias\/cielo-ciel3-cvm-investigacao-whatsapp-pay\/#primaryimage\",\"url\":\"https:\/\/files.sunoresearch.com.br\/n\/uploads\/2019\/09\/60fb7999-cielo-jpg.webp\",\"contentUrl\":\"https:\/\/files.sunoresearch.com.br\/n\/uploads\/2019\/09\/60fb7999-cielo-jpg.webp\",\"width\":1920,\"height\":1280,\"caption\":\"Cielo (CIEL3). - Foto: Divulga\u00e7\u00e3o\"},{\"@type\":\"BreadcrumbList\",\"@id\":\"https:\/\/www.suno.com.br\/noticias\/cielo-ciel3-cvm-investigacao-whatsapp-pay\/#breadcrumb\",\"itemListElement\":[{\"@type\":\"ListItem\",\"position\":1,\"name\":\"Not\u00edcias\",\"item\":\"https:\/\/www.suno.com.br\/noticias\/\"},{\"@type\":\"ListItem\",\"position\":2,\"name\":\"Mercado\",\"item\":\"https:\/\/www.suno.com.br\/noticias\/mercado\/\"},{\"@type\":\"ListItem\",\"position\":3,\"name\":\"CVM abre processo administrativo contra ex-executivos da Cielo (CIEL3)\"}]},{\"@type\":\"WebSite\",\"@id\":\"https:\/\/www.suno.com.br\/noticias\/#website\",\"url\":\"https:\/\/www.suno.com.br\/noticias\/\",\"name\":\"Suno Not\u00edcias\",\"description\":\"Seu portal de informa\u00e7\u00e3o sobre o mundo dos investimentos\",\"publisher\":{\"@id\":\"https:\/\/www.suno.com.br\/noticias\/#organization\"},\"potentialAction\":[{\"@type\":\"SearchAction\",\"target\":{\"@type\":\"EntryPoint\",\"urlTemplate\":\"https:\/\/www.suno.com.br\/noticias\/?s={search_term_string}\"},\"query-input\":{\"@type\":\"PropertyValueSpecification\",\"valueRequired\":true,\"valueName\":\"search_term_string\"}}],\"inLanguage\":\"pt-BR\"},{\"@type\":\"Organization\",\"@id\":\"https:\/\/www.suno.com.br\/noticias\/#organization\",\"name\":\"Suno Not\u00edcias\",\"url\":\"https:\/\/www.suno.com.br\/noticias\/\",\"logo\":{\"@type\":\"ImageObject\",\"inLanguage\":\"pt-BR\",\"@id\":\"https:\/\/www.suno.com.br\/noticias\/#\/schema\/logo\/image\/\",\"url\":\"https:\/\/files.sunoresearch.com.br\/n\/uploads\/2021\/09\/suno-logo.png\",\"contentUrl\":\"https:\/\/files.sunoresearch.com.br\/n\/uploads\/2021\/09\/suno-logo.png\",\"width\":180,\"height\":180,\"caption\":\"Suno Not\u00edcias\"},\"image\":{\"@id\":\"https:\/\/www.suno.com.br\/noticias\/#\/schema\/logo\/image\/\"},\"sameAs\":[\"https:\/\/facebook.com\/sunoresearch\",\"https:\/\/x.com\/sunoresearch\",\"https:\/\/www.instagram.com\/suno\",\"https:\/\/www.linkedin.com\/company\/suno-research\/\",\"https:\/\/www.youtube.com\/c\/sunoresearch\"]},{\"@type\":\"Person\",\"@id\":\"https:\/\/www.suno.com.br\/noticias\/#\/schema\/person\/87fc6973867c52dd884811905c43afba\",\"name\":\"Jo\u00e3o Vitor\",\"image\":{\"@type\":\"ImageObject\",\"inLanguage\":\"pt-BR\",\"@id\":\"https:\/\/www.suno.com.br\/noticias\/#\/schema\/person\/image\/\",\"url\":\"https:\/\/secure.gravatar.com\/avatar\/2843227ca03ccf8cc7ccca45204c127e?s=96&r=g\",\"contentUrl\":\"https:\/\/secure.gravatar.com\/avatar\/2843227ca03ccf8cc7ccca45204c127e?s=96&r=g\",\"caption\":\"Jo\u00e3o Vitor\"},\"description\":\"Redator profissional, com atua\u00e7\u00e3o no mercado editorial na produ\u00e7\u00e3o de not\u00edcias e conte\u00fados sobre o mercado de a\u00e7\u00f5es, fundos imobili\u00e1rios e economia popular. Graduando em Engenharia Qu\u00edmica pela Unesp, tamb\u00e9m j\u00e1 atuou como consultor financeiro.\",\"url\":\"https:\/\/www.suno.com.br\/noticias\/author\/joao-vitor-jacintho\/\"}]}<\/script>\n<!-- \/ Yoast SEO plugin. -->","yoast_head_json":{"title":"CVM abre processo administrativo contra ex-executivos da Cielo (CIEL3)","description":"A CVM abriu uma investiga\u00e7\u00e3o que envolve a parceria da Cielo (CIEL3) com WhatsApp Pay e ex-executivos da Cielo. Entenda aqui","robots":{"index":"index","follow":"follow","max-snippet":"max-snippet:-1","max-image-preview":"max-image-preview:large","max-video-preview":"max-video-preview:-1"},"canonical":"https:\/\/www.suno.com.br\/noticias\/cielo-ciel3-cvm-investigacao-whatsapp-pay\/","og_locale":"pt_BR","og_type":"article","og_title":"CVM abre processo administrativo contra ex-executivos da Cielo (CIEL3)","og_description":"A CVM abriu uma investiga\u00e7\u00e3o que envolve a parceria da Cielo (CIEL3) com WhatsApp Pay e ex-executivos da Cielo. Entenda aqui","og_url":"https:\/\/www.suno.com.br\/noticias\/cielo-ciel3-cvm-investigacao-whatsapp-pay\/","og_site_name":"Suno Not\u00edcias","article_publisher":"https:\/\/facebook.com\/sunoresearch","og_image":[{"width":1920,"height":1280,"url":"https:\/\/files.sunoresearch.com.br\/n\/uploads\/2019\/09\/60fb7999-cielo.jpg","type":"image\/jpeg"}],"author":"Jo\u00e3o Vitor","twitter_card":"summary_large_image","twitter_creator":"@sunoresearch","twitter_site":"@sunoresearch","twitter_misc":{"Escrito por":"Jo\u00e3o Vitor","Est. tempo de leitura":"3 minutos"},"schema":{"@context":"https:\/\/schema.org","@graph":[{"@type":"NewsArticle","@id":"https:\/\/www.suno.com.br\/noticias\/cielo-ciel3-cvm-investigacao-whatsapp-pay\/#article","isPartOf":{"@id":"https:\/\/www.suno.com.br\/noticias\/cielo-ciel3-cvm-investigacao-whatsapp-pay\/"},"author":{"name":"Jo\u00e3o Vitor","@id":"https:\/\/www.suno.com.br\/noticias\/#\/schema\/person\/87fc6973867c52dd884811905c43afba"},"headline":"CVM abre processo administrativo contra ex-executivos da Cielo (CIEL3)","datePublished":"2022-10-19T00:40:21+00:00","dateModified":"2022-10-19T02:29:02+00:00","mainEntityOfPage":{"@id":"https:\/\/www.suno.com.br\/noticias\/cielo-ciel3-cvm-investigacao-whatsapp-pay\/"},"wordCount":583,"publisher":{"@id":"https:\/\/www.suno.com.br\/noticias\/#organization"},"image":{"@id":"https:\/\/www.suno.com.br\/noticias\/cielo-ciel3-cvm-investigacao-whatsapp-pay\/#primaryimage"},"thumbnailUrl":"https:\/\/files.sunoresearch.com.br\/n\/uploads\/2019\/09\/60fb7999-cielo-jpg.webp","keywords":["Cielo (CIEL3)","WhatsApp Pay"],"articleSection":["Mercado"],"inLanguage":"pt-BR"},{"@type":"WebPage","@id":"https:\/\/www.suno.com.br\/noticias\/cielo-ciel3-cvm-investigacao-whatsapp-pay\/","url":"https:\/\/www.suno.com.br\/noticias\/cielo-ciel3-cvm-investigacao-whatsapp-pay\/","name":"CVM abre processo administrativo contra ex-executivos da Cielo (CIEL3)","isPartOf":{"@id":"https:\/\/www.suno.com.br\/noticias\/#website"},"primaryImageOfPage":{"@id":"https:\/\/www.suno.com.br\/noticias\/cielo-ciel3-cvm-investigacao-whatsapp-pay\/#primaryimage"},"image":{"@id":"https:\/\/www.suno.com.br\/noticias\/cielo-ciel3-cvm-investigacao-whatsapp-pay\/#primaryimage"},"thumbnailUrl":"https:\/\/files.sunoresearch.com.br\/n\/uploads\/2019\/09\/60fb7999-cielo-jpg.webp","datePublished":"2022-10-19T00:40:21+00:00","dateModified":"2022-10-19T02:29:02+00:00","description":"A CVM abriu uma investiga\u00e7\u00e3o que envolve a parceria da Cielo (CIEL3) com WhatsApp Pay e ex-executivos da Cielo. Entenda aqui","breadcrumb":{"@id":"https:\/\/www.suno.com.br\/noticias\/cielo-ciel3-cvm-investigacao-whatsapp-pay\/#breadcrumb"},"inLanguage":"pt-BR","potentialAction":[{"@type":"ReadAction","target":["https:\/\/www.suno.com.br\/noticias\/cielo-ciel3-cvm-investigacao-whatsapp-pay\/"]}]},{"@type":"ImageObject","inLanguage":"pt-BR","@id":"https:\/\/www.suno.com.br\/noticias\/cielo-ciel3-cvm-investigacao-whatsapp-pay\/#primaryimage","url":"https:\/\/files.sunoresearch.com.br\/n\/uploads\/2019\/09\/60fb7999-cielo-jpg.webp","contentUrl":"https:\/\/files.sunoresearch.com.br\/n\/uploads\/2019\/09\/60fb7999-cielo-jpg.webp","width":1920,"height":1280,"caption":"Cielo (CIEL3). - Foto: Divulga\u00e7\u00e3o"},{"@type":"BreadcrumbList","@id":"https:\/\/www.suno.com.br\/noticias\/cielo-ciel3-cvm-investigacao-whatsapp-pay\/#breadcrumb","itemListElement":[{"@type":"ListItem","position":1,"name":"Not\u00edcias","item":"https:\/\/www.suno.com.br\/noticias\/"},{"@type":"ListItem","position":2,"name":"Mercado","item":"https:\/\/www.suno.com.br\/noticias\/mercado\/"},{"@type":"ListItem","position":3,"name":"CVM abre processo administrativo contra ex-executivos da Cielo (CIEL3)"}]},{"@type":"WebSite","@id":"https:\/\/www.suno.com.br\/noticias\/#website","url":"https:\/\/www.suno.com.br\/noticias\/","name":"Suno Not\u00edcias","description":"Seu portal de informa\u00e7\u00e3o sobre o mundo dos investimentos","publisher":{"@id":"https:\/\/www.suno.com.br\/noticias\/#organization"},"potentialAction":[{"@type":"SearchAction","target":{"@type":"EntryPoint","urlTemplate":"https:\/\/www.suno.com.br\/noticias\/?s={search_term_string}"},"query-input":{"@type":"PropertyValueSpecification","valueRequired":true,"valueName":"search_term_string"}}],"inLanguage":"pt-BR"},{"@type":"Organization","@id":"https:\/\/www.suno.com.br\/noticias\/#organization","name":"Suno Not\u00edcias","url":"https:\/\/www.suno.com.br\/noticias\/","logo":{"@type":"ImageObject","inLanguage":"pt-BR","@id":"https:\/\/www.suno.com.br\/noticias\/#\/schema\/logo\/image\/","url":"https:\/\/files.sunoresearch.com.br\/n\/uploads\/2021\/09\/suno-logo.png","contentUrl":"https:\/\/files.sunoresearch.com.br\/n\/uploads\/2021\/09\/suno-logo.png","width":180,"height":180,"caption":"Suno Not\u00edcias"},"image":{"@id":"https:\/\/www.suno.com.br\/noticias\/#\/schema\/logo\/image\/"},"sameAs":["https:\/\/facebook.com\/sunoresearch","https:\/\/x.com\/sunoresearch","https:\/\/www.instagram.com\/suno","https:\/\/www.linkedin.com\/company\/suno-research\/","https:\/\/www.youtube.com\/c\/sunoresearch"]},{"@type":"Person","@id":"https:\/\/www.suno.com.br\/noticias\/#\/schema\/person\/87fc6973867c52dd884811905c43afba","name":"Jo\u00e3o Vitor","image":{"@type":"ImageObject","inLanguage":"pt-BR","@id":"https:\/\/www.suno.com.br\/noticias\/#\/schema\/person\/image\/","url":"https:\/\/secure.gravatar.com\/avatar\/2843227ca03ccf8cc7ccca45204c127e?s=96&r=g","contentUrl":"https:\/\/secure.gravatar.com\/avatar\/2843227ca03ccf8cc7ccca45204c127e?s=96&r=g","caption":"Jo\u00e3o Vitor"},"description":"Redator profissional, com atua\u00e7\u00e3o no mercado editorial na produ\u00e7\u00e3o de not\u00edcias e conte\u00fados sobre o mercado de a\u00e7\u00f5es, fundos imobili\u00e1rios e economia popular. Graduando em Engenharia Qu\u00edmica pela Unesp, tamb\u00e9m j\u00e1 atuou como consultor financeiro.","url":"https:\/\/www.suno.com.br\/noticias\/author\/joao-vitor-jacintho\/"}]}},"default_loop_html":"<div class=\"cardsPage__listCard__boxs\"><div class=\"cardsPage__listCard__boxs__img\"><a href=\"https:\/\/www.suno.com.br\/noticias\/cielo-ciel3-cvm-investigacao-whatsapp-pay\/\"><img class=\"mask\" src=\"https:\/\/www.suno.com.br\/noticias\/wp-content\/themes\/suno\/resources\/images\/spotlight\/spotlight1img\/bg-mask.png\" alt=\"Image Mask\"\/><img src=\"https:\/\/files.sunoresearch.com.br\/n\/uploads\/2019\/09\/60fb7999-cielo-400x200.webp\" alt=\"CVM abre processo administrativo contra ex-executivos da Cielo (CIEL3)\"\/><\/a><span class=\"spotlightCategory\"><a href=\"https:\/\/www.suno.com.br\/noticias\/mercado\/\">Mercado<\/a><\/span><\/div><div class=\"cardsPage__listCard__boxs__content\"><a href=\"https:\/\/www.suno.com.br\/noticias\/cielo-ciel3-cvm-investigacao-whatsapp-pay\/\"><h2 class=\"content__title\">CVM abre processo administrativo contra ex-executivos da Cielo (CIEL3)<\/h2><\/a><div class=\"newsContent__article__meta\"><div class=\"newsContent__article__meta__authorBox\"><a href=\"https:\/\/www.suno.com.br\/noticias\/author\/joao-vitor-jacintho\/\" class=\"authorBox__avatar noMobi\"><img src=\"https:\/\/secure.gravatar.com\/avatar\/2843227ca03ccf8cc7ccca45204c127e?s=96&#038;r=g\" alt=\"Jo\u00e3o Vitor Jacintho\"><\/a><div class=\"authorBox__name\"><span>por\n\t\t\t<a href=\"https:\/\/www.suno.com.br\/noticias\/author\/joao-vitor-jacintho\/\"><span itemprop=\"author\">Jo\u00e3o Vitor Jacintho<\/span><\/a><\/span><time datetime=\"2022-10-18T21:40:21-03:00\" itemprop=\"datePublished\">18\/10\/2022 21:40<\/time><\/div><\/div><\/div><\/div><\/div>","single_layout":"posts","amp_enabled":true,"_links":{"self":[{"href":"https:\/\/www.suno.com.br\/noticias\/wp-json\/wp\/v2\/posts\/309612"}],"collection":[{"href":"https:\/\/www.suno.com.br\/noticias\/wp-json\/wp\/v2\/posts"}],"about":[{"href":"https:\/\/www.suno.com.br\/noticias\/wp-json\/wp\/v2\/types\/post"}],"author":[{"embeddable":true,"href":"https:\/\/www.suno.com.br\/noticias\/wp-json\/wp\/v2\/users\/173"}],"replies":[{"embeddable":true,"href":"https:\/\/www.suno.com.br\/noticias\/wp-json\/wp\/v2\/comments?post=309612"}],"version-history":[{"count":3,"href":"https:\/\/www.suno.com.br\/noticias\/wp-json\/wp\/v2\/posts\/309612\/revisions"}],"predecessor-version":[{"id":309639,"href":"https:\/\/www.suno.com.br\/noticias\/wp-json\/wp\/v2\/posts\/309612\/revisions\/309639"}],"wp:featuredmedia":[{"embeddable":true,"href":"https:\/\/www.suno.com.br\/noticias\/wp-json\/wp\/v2\/media\/38318"}],"wp:attachment":[{"href":"https:\/\/www.suno.com.br\/noticias\/wp-json\/wp\/v2\/media?parent=309612"}],"wp:term":[{"taxonomy":"category","embeddable":true,"href":"https:\/\/www.suno.com.br\/noticias\/wp-json\/wp\/v2\/categories?post=309612"},{"taxonomy":"post_tag","embeddable":true,"href":"https:\/\/www.suno.com.br\/noticias\/wp-json\/wp\/v2\/tags?post=309612"},{"taxonomy":"suno_strategy","embeddable":true,"href":"https:\/\/www.suno.com.br\/noticias\/wp-json\/wp\/v2\/suno_strategy?post=309612"}],"curies":[{"name":"wp","href":"https:\/\/api.w.org\/{rel}","templated":true}]}}