{"id":30941,"date":"2019-07-13T12:23:53","date_gmt":"2019-07-13T15:23:53","guid":{"rendered":"https:\/\/www.suno.com.br\/noticias\/?p=30941"},"modified":"2019-07-13T12:27:54","modified_gmt":"2019-07-13T15:27:54","slug":"bndes-aprovado-receber-recursos","status":"publish","type":"post","link":"https:\/\/www.suno.com.br\/noticias\/bndes-aprovado-receber-recursos\/","title":{"rendered":"BNDES \u00e9 aprovado pelo GCF e poder\u00e1 receber recursos do fundo"},"content":{"rendered":"<p>O Banco Nacional de Desenvolvimento Econ\u00f4mico e Social (BNDES) foi aprovado pelo <strong>Green Climate Fund (GCF)<\/strong>, fundo criado pela Organiza\u00e7\u00e3o das Na\u00e7\u00f5es Unidas (ONU) em 2010. O banco informou a aprova\u00e7\u00e3o na \u00faltima sexta-feira (12)<\/p>\t<div class=\"wrapper-featured-image\">\n\t\t<figure class=\"spotlightImg\">\n\n\t\t\t<picture>\n\t\t\t\t<source media=\"(max-width: 768px)\" srcset=\"https:\/\/files.sunoresearch.com.br\/n\/uploads\/2019\/06\/0a4ff691-bndess-400x200.webp\">\n\t\t\t\t<img loading=\"lazy\" decoding=\"async\" class=\"newsContent__article__imgCapa lazyloadDisabled newsContent__article__imgCapa--noCaption\" src=\"https:\/\/files.sunoresearch.com.br\/n\/uploads\/2019\/06\/0a4ff691-bndess-800x450.webp\" width=\"800\" height=\"450\" alt=\"BNDES \u00e9 aprovado pelo GCF e poder\u00e1 receber recursos do fundo\" fetchpriority=high \/>\n\t\t\t<\/picture>\n\n\t\t\t<figcaption class=\"wp-caption-text wp-caption-text--hide\">Em meio \u00e0 pandemia do novo coronav\u00edrus (Covid-19), o BNDES fez mais uma venda de ativos de sua carteira de investimentos.<\/figcaption>\n\t\t<\/figure>\n\t<\/div>\n\n\n<p>O <strong>GCF<\/strong> conta com a doa\u00e7\u00e3o de 40 pa\u00edses para criar projetos contra as mudan\u00e7as clim\u00e1ticas. A diretoria do fundo aprovou a integra\u00e7\u00e3o do <strong>BNDES<\/strong> em reuni\u00e3o na sede da institui\u00e7\u00e3o, localizada em Songdo, na Coreia do Sul.<\/p>\n<p>Dessa forma, o banco poder\u00e1 acessar os recursos do fundo para realizar a\u00e7\u00f5es contra mudan\u00e7as clim\u00e1ticas. Atualmente, o GCF conta com US$ 10,3 bilh\u00f5es em caixa, destinados \u00e0 100 <strong>projetos<\/strong> aprovados.<\/p>\n\t<p>\n\t\t<a href=\"https:\/\/lp.suno.com.br\/ebook-como-analisar-uma-acao\/\" target=\"_blank\" data-element=\"shortcode-suno-banner\" title=\"Banner SUNO, clique e saiba mais\">\n\t\t\t<picture>\n\t\t\t\t<source media=\"(max-width: 500px)\" srcset=\"https:\/\/files.sunoresearch.com.br\/n\/uploads\/2023\/03\/Ebook-Acoes-Mobile-1.jpg\">\n\t\t\t\t<img class=\"newsContent__article__imgCapa newsContent__article__imgCapa--banner\"\n\t\t\t\t\tsrc=\"https:\/\/files.sunoresearch.com.br\/n\/uploads\/2023\/03\/Ebook-Acoes-Desktop-1.jpg\"\n\t\t\t\t\tdata-promo-id=\"171998\"\t\t\t\t\t\t\t\t\t\twidth='1420' height='286'\t\t\t\t\talt=\"https:\/\/files.sunoresearch.com.br\/n\/uploads\/2023\/03\/Ebook-Acoes-Desktop-1.jpg\"\n\t\t\t\t>\n\t\t\t<\/picture>\n\t\t<\/a>\n\t<\/p>\n\n\n<h2>Acesso ao fundo<\/h2>\n<p>O banco ter\u00e1 um credenciamento de cinco anos como fundo. Em comunicado, o BNDES informou que &#8220;o atendimento a padr\u00f5es internacionais de an\u00e1lise e monitoramento de projetos relacionados \u00e0s mudan\u00e7as clim\u00e1ticas&#8221; facilitaram a aprova\u00e7\u00e3o da institui\u00e7\u00e3o no GCF.<\/p>\n<p>O BNDES foi integrado na categoria de risco socioambiental A, no setor de acesso direto, onde apenas 24 das 88 institui\u00e7\u00f5es credenciadas no fundo est\u00e3o.<\/p>\n<p>Dentre as institui\u00e7\u00f5es que est\u00e3o presentes do setor, est\u00e3o:<\/p>\n<ul>\n<li><strong>Banco Mundial<\/strong><\/li>\n<li><strong>Interamericano de Desenvolvimento<\/strong><\/li>\n<li><strong>Corpora\u00e7\u00e3o Andina de Fomento<\/strong><\/li>\n<li><strong>Ag\u00eancia Francesa de Desenvolvimento<\/strong><\/li>\n<li><strong>Banco de desenvolvimento alem\u00e3o (KfW)<\/strong><\/li>\n<\/ul>\n<p>Confira tamb\u00e9m:<\/p>\n<p><a href=\"https:\/\/www.suno.com.br\/noticias\/lei-substituir-financiamento-bndes\/\">Governo divulga projeto de lei para substituir financiamento do BNDES<\/a><\/p>\n<p><a href=\"https:\/\/www.suno.com.br\/noticias\/companhias-preferem-investidores-aos-aportes-do-bndes\/\">Companhias preferem investidores aos aportes do BNDES<\/a><\/p>\n<p>Agora, o banco\u00a0poder\u00e1 acessar os recursos do fundo para financiar ou apoiar investimentos via equity, garantias, recursos n\u00e3o reembols\u00e1veis ou empr\u00e9stimos.<\/p>\n<p>Al\u00e9m disso, o BNDES poder\u00e1 ter acesso a recursos para elaborar estudos e projetos referentes \u00e0s mudan\u00e7as clim\u00e1ticas.<\/p>\n\t<p>\n\t\t<a href=\"https:\/\/lp.suno.com.br\/minicurso-investindo-fiis\/\" target=\"_blank\" data-element=\"shortcode-suno-banner\" title=\"Banner SUNO, clique e saiba mais\">\n\t\t\t<picture>\n\t\t\t\t<source media=\"(max-width: 500px)\" srcset=\"https:\/\/files.sunoresearch.com.br\/n\/uploads\/2023\/07\/400x300-Minicurso-FIIS.png\">\n\t\t\t\t<img class=\"newsContent__article__imgCapa newsContent__article__imgCapa--banner\"\n\t\t\t\t\tsrc=\"https:\/\/files.sunoresearch.com.br\/n\/uploads\/2023\/07\/1420x240-Minicurso-FIIS.png\"\n\t\t\t\t\tdata-promo-id=\"311935\"\t\t\t\t\t\t\t\t\t\twidth='1420' height='240'\t\t\t\t\talt=\"https:\/\/files.sunoresearch.com.br\/n\/uploads\/2023\/07\/1420x240-Minicurso-FIIS.png\"\n\t\t\t\t>\n\t\t\t<\/picture>\n\t\t<\/a>\n\t<\/p>\n\n\n<p>Em nota, o <strong>BNDES<\/strong> afirmou que\u00a0&#8220;novos aportes dos doadores est\u00e3o previstos e, tendo em vista os compromissos assumidos pelos pa\u00edses nos acordos internacionais de clima, h\u00e1 a expectativa de que o GCF se torne o principal mecanismo internacional para financiar projetos relacionados \u00e0 quest\u00e3o clim\u00e1tica&#8221;.<\/p>\n","protected":false},"excerpt":{"rendered":"<p>O Banco Nacional de Desenvolvimento Econ\u00f4mico e Social (BNDES) foi aprovado pelo Green Climate Fund (GCF), fundo criado pela Organiza\u00e7\u00e3o das Na\u00e7\u00f5es Unidas (ONU) em 2010. O banco informou a aprova\u00e7\u00e3o na \u00faltima sexta-feira (12) Em meio \u00e0 pandemia do novo coronav\u00edrus (Covid-19), o BNDES fez mais uma venda de ativos de sua carteira de [&hellip;]<\/p>\n","protected":false},"author":11,"featured_media":28821,"comment_status":"closed","ping_status":"closed","sticky":false,"template":"","format":"standard","meta":[],"categories":[64],"tags":[757],"suno_strategy":[],"class_list":["post-30941","post","type-post","status-publish","format-standard","has-post-thumbnail","hentry","category-negocios","tag-bndes"],"yoast_head":"<!-- This site is optimized with the Yoast SEO plugin v24.4 - https:\/\/yoast.com\/wordpress\/plugins\/seo\/ -->\n<title>BNDES \u00e9 aprovado pelo GCF e poder\u00e1 receber recursos do fundo<\/title>\n<meta name=\"description\" content=\"O BNDES foi integrado na categoria de risco socioambiental A, no setor de acesso direto, onde est\u00e3o 24 institui\u00e7\u00f5es. Clique e saiba mais.\" \/>\n<meta name=\"robots\" content=\"index, follow, max-snippet:-1, max-image-preview:large, max-video-preview:-1\" \/>\n<link rel=\"canonical\" href=\"https:\/\/www.suno.com.br\/noticias\/bndes-aprovado-receber-recursos\/\" \/>\n<meta property=\"og:locale\" content=\"pt_BR\" \/>\n<meta property=\"og:type\" content=\"article\" \/>\n<meta property=\"og:title\" content=\"BNDES \u00e9 aprovado pelo GCF e poder\u00e1 receber recursos do fundo\" \/>\n<meta property=\"og:description\" content=\"O BNDES foi integrado na categoria de risco socioambiental A, no setor de acesso direto, onde est\u00e3o 24 institui\u00e7\u00f5es. Clique e saiba mais.\" \/>\n<meta property=\"og:url\" content=\"https:\/\/www.suno.com.br\/noticias\/bndes-aprovado-receber-recursos\/\" \/>\n<meta property=\"og:site_name\" content=\"Suno Not\u00edcias\" \/>\n<meta property=\"article:publisher\" content=\"https:\/\/facebook.com\/sunoresearch\" \/>\n<meta property=\"og:image\" content=\"https:\/\/files.sunoresearch.com.br\/n\/uploads\/2019\/06\/0a4ff691-bndess.jpg\" \/>\n\t<meta property=\"og:image:width\" content=\"1170\" \/>\n\t<meta property=\"og:image:height\" content=\"692\" \/>\n\t<meta property=\"og:image:type\" content=\"image\/jpeg\" \/>\n<meta name=\"author\" content=\"Renan Bandeira\" \/>\n<meta name=\"twitter:card\" content=\"summary_large_image\" \/>\n<meta name=\"twitter:creator\" content=\"@sunoresearch\" \/>\n<meta name=\"twitter:site\" content=\"@sunoresearch\" \/>\n<meta name=\"twitter:label1\" content=\"Escrito por\" \/>\n\t<meta name=\"twitter:data1\" content=\"Renan Bandeira\" \/>\n\t<meta name=\"twitter:label2\" content=\"Est. tempo de leitura\" \/>\n\t<meta name=\"twitter:data2\" content=\"2 minutos\" \/>\n<script type=\"application\/ld+json\" class=\"yoast-schema-graph\">{\"@context\":\"https:\/\/schema.org\",\"@graph\":[{\"@type\":\"NewsArticle\",\"@id\":\"https:\/\/www.suno.com.br\/noticias\/bndes-aprovado-receber-recursos\/#article\",\"isPartOf\":{\"@id\":\"https:\/\/www.suno.com.br\/noticias\/bndes-aprovado-receber-recursos\/\"},\"author\":{\"name\":\"Renan Bandeira\",\"@id\":\"https:\/\/www.suno.com.br\/noticias\/#\/schema\/person\/fc144a1c6108bd1dcd43784e88a3c138\"},\"headline\":\"BNDES \u00e9 aprovado pelo GCF e poder\u00e1 receber recursos do fundo\",\"datePublished\":\"2019-07-13T15:23:53+00:00\",\"dateModified\":\"2019-07-13T15:27:54+00:00\",\"mainEntityOfPage\":{\"@id\":\"https:\/\/www.suno.com.br\/noticias\/bndes-aprovado-receber-recursos\/\"},\"wordCount\":349,\"publisher\":{\"@id\":\"https:\/\/www.suno.com.br\/noticias\/#organization\"},\"image\":{\"@id\":\"https:\/\/www.suno.com.br\/noticias\/bndes-aprovado-receber-recursos\/#primaryimage\"},\"thumbnailUrl\":\"https:\/\/files.sunoresearch.com.br\/n\/uploads\/2019\/06\/0a4ff691-bndess-jpg.webp\",\"keywords\":[\"BNDES\"],\"articleSection\":[\"Neg\u00f3cios\"],\"inLanguage\":\"pt-BR\"},{\"@type\":\"WebPage\",\"@id\":\"https:\/\/www.suno.com.br\/noticias\/bndes-aprovado-receber-recursos\/\",\"url\":\"https:\/\/www.suno.com.br\/noticias\/bndes-aprovado-receber-recursos\/\",\"name\":\"BNDES \u00e9 aprovado pelo GCF e poder\u00e1 receber recursos do fundo\",\"isPartOf\":{\"@id\":\"https:\/\/www.suno.com.br\/noticias\/#website\"},\"primaryImageOfPage\":{\"@id\":\"https:\/\/www.suno.com.br\/noticias\/bndes-aprovado-receber-recursos\/#primaryimage\"},\"image\":{\"@id\":\"https:\/\/www.suno.com.br\/noticias\/bndes-aprovado-receber-recursos\/#primaryimage\"},\"thumbnailUrl\":\"https:\/\/files.sunoresearch.com.br\/n\/uploads\/2019\/06\/0a4ff691-bndess-jpg.webp\",\"datePublished\":\"2019-07-13T15:23:53+00:00\",\"dateModified\":\"2019-07-13T15:27:54+00:00\",\"description\":\"O BNDES foi integrado na categoria de risco socioambiental A, no setor de acesso direto, onde est\u00e3o 24 institui\u00e7\u00f5es. Clique e saiba mais.\",\"breadcrumb\":{\"@id\":\"https:\/\/www.suno.com.br\/noticias\/bndes-aprovado-receber-recursos\/#breadcrumb\"},\"inLanguage\":\"pt-BR\",\"potentialAction\":[{\"@type\":\"ReadAction\",\"target\":[\"https:\/\/www.suno.com.br\/noticias\/bndes-aprovado-receber-recursos\/\"]}]},{\"@type\":\"ImageObject\",\"inLanguage\":\"pt-BR\",\"@id\":\"https:\/\/www.suno.com.br\/noticias\/bndes-aprovado-receber-recursos\/#primaryimage\",\"url\":\"https:\/\/files.sunoresearch.com.br\/n\/uploads\/2019\/06\/0a4ff691-bndess-jpg.webp\",\"contentUrl\":\"https:\/\/files.sunoresearch.com.br\/n\/uploads\/2019\/06\/0a4ff691-bndess-jpg.webp\",\"width\":1170,\"height\":692,\"caption\":\"Em meio \u00e0 pandemia do novo coronav\u00edrus (Covid-19), o BNDES fez mais uma venda de ativos de sua carteira de investimentos.\"},{\"@type\":\"BreadcrumbList\",\"@id\":\"https:\/\/www.suno.com.br\/noticias\/bndes-aprovado-receber-recursos\/#breadcrumb\",\"itemListElement\":[{\"@type\":\"ListItem\",\"position\":1,\"name\":\"Not\u00edcias\",\"item\":\"https:\/\/www.suno.com.br\/noticias\/\"},{\"@type\":\"ListItem\",\"position\":2,\"name\":\"Neg\u00f3cios\",\"item\":\"https:\/\/www.suno.com.br\/noticias\/negocios\/\"},{\"@type\":\"ListItem\",\"position\":3,\"name\":\"BNDES \u00e9 aprovado pelo GCF e poder\u00e1 receber recursos do fundo\"}]},{\"@type\":\"WebSite\",\"@id\":\"https:\/\/www.suno.com.br\/noticias\/#website\",\"url\":\"https:\/\/www.suno.com.br\/noticias\/\",\"name\":\"Suno Not\u00edcias\",\"description\":\"Seu portal de informa\u00e7\u00e3o sobre o mundo dos investimentos\",\"publisher\":{\"@id\":\"https:\/\/www.suno.com.br\/noticias\/#organization\"},\"potentialAction\":[{\"@type\":\"SearchAction\",\"target\":{\"@type\":\"EntryPoint\",\"urlTemplate\":\"https:\/\/www.suno.com.br\/noticias\/?s={search_term_string}\"},\"query-input\":{\"@type\":\"PropertyValueSpecification\",\"valueRequired\":true,\"valueName\":\"search_term_string\"}}],\"inLanguage\":\"pt-BR\"},{\"@type\":\"Organization\",\"@id\":\"https:\/\/www.suno.com.br\/noticias\/#organization\",\"name\":\"Suno Not\u00edcias\",\"url\":\"https:\/\/www.suno.com.br\/noticias\/\",\"logo\":{\"@type\":\"ImageObject\",\"inLanguage\":\"pt-BR\",\"@id\":\"https:\/\/www.suno.com.br\/noticias\/#\/schema\/logo\/image\/\",\"url\":\"https:\/\/files.sunoresearch.com.br\/n\/uploads\/2021\/09\/suno-logo.png\",\"contentUrl\":\"https:\/\/files.sunoresearch.com.br\/n\/uploads\/2021\/09\/suno-logo.png\",\"width\":180,\"height\":180,\"caption\":\"Suno Not\u00edcias\"},\"image\":{\"@id\":\"https:\/\/www.suno.com.br\/noticias\/#\/schema\/logo\/image\/\"},\"sameAs\":[\"https:\/\/facebook.com\/sunoresearch\",\"https:\/\/x.com\/sunoresearch\",\"https:\/\/www.instagram.com\/suno\",\"https:\/\/www.linkedin.com\/company\/suno-research\/\",\"https:\/\/www.youtube.com\/c\/sunoresearch\"]},{\"@type\":\"Person\",\"@id\":\"https:\/\/www.suno.com.br\/noticias\/#\/schema\/person\/fc144a1c6108bd1dcd43784e88a3c138\",\"name\":\"Renan Bandeira\",\"image\":{\"@type\":\"ImageObject\",\"inLanguage\":\"pt-BR\",\"@id\":\"https:\/\/www.suno.com.br\/noticias\/#\/schema\/person\/image\/\",\"url\":\"https:\/\/secure.gravatar.com\/avatar\/68359cdb608f14f11bbefcb78f3fc747?s=96&r=g\",\"contentUrl\":\"https:\/\/secure.gravatar.com\/avatar\/68359cdb608f14f11bbefcb78f3fc747?s=96&r=g\",\"caption\":\"Renan Bandeira\"},\"description\":\"Renan Bandeira escreve sobre pol\u00edtica e economia para o portal da Suno Research. Antes da Suno, trabalhou em uma rede de televis\u00e3o, onde fazia reportagens sobre os mesmos temas. Estuda na Universidade Metodista de S\u00e3o Paulo.\",\"url\":\"https:\/\/www.suno.com.br\/noticias\/author\/renan-bandeira\/\"}]}<\/script>\n<!-- \/ Yoast SEO plugin. -->","yoast_head_json":{"title":"BNDES \u00e9 aprovado pelo GCF e poder\u00e1 receber recursos do fundo","description":"O BNDES foi integrado na categoria de risco socioambiental A, no setor de acesso direto, onde est\u00e3o 24 institui\u00e7\u00f5es. Clique e saiba mais.","robots":{"index":"index","follow":"follow","max-snippet":"max-snippet:-1","max-image-preview":"max-image-preview:large","max-video-preview":"max-video-preview:-1"},"canonical":"https:\/\/www.suno.com.br\/noticias\/bndes-aprovado-receber-recursos\/","og_locale":"pt_BR","og_type":"article","og_title":"BNDES \u00e9 aprovado pelo GCF e poder\u00e1 receber recursos do fundo","og_description":"O BNDES foi integrado na categoria de risco socioambiental A, no setor de acesso direto, onde est\u00e3o 24 institui\u00e7\u00f5es. Clique e saiba mais.","og_url":"https:\/\/www.suno.com.br\/noticias\/bndes-aprovado-receber-recursos\/","og_site_name":"Suno Not\u00edcias","article_publisher":"https:\/\/facebook.com\/sunoresearch","og_image":[{"width":1170,"height":692,"url":"https:\/\/files.sunoresearch.com.br\/n\/uploads\/2019\/06\/0a4ff691-bndess.jpg","type":"image\/jpeg"}],"author":"Renan Bandeira","twitter_card":"summary_large_image","twitter_creator":"@sunoresearch","twitter_site":"@sunoresearch","twitter_misc":{"Escrito por":"Renan Bandeira","Est. tempo de leitura":"2 minutos"},"schema":{"@context":"https:\/\/schema.org","@graph":[{"@type":"NewsArticle","@id":"https:\/\/www.suno.com.br\/noticias\/bndes-aprovado-receber-recursos\/#article","isPartOf":{"@id":"https:\/\/www.suno.com.br\/noticias\/bndes-aprovado-receber-recursos\/"},"author":{"name":"Renan Bandeira","@id":"https:\/\/www.suno.com.br\/noticias\/#\/schema\/person\/fc144a1c6108bd1dcd43784e88a3c138"},"headline":"BNDES \u00e9 aprovado pelo GCF e poder\u00e1 receber recursos do fundo","datePublished":"2019-07-13T15:23:53+00:00","dateModified":"2019-07-13T15:27:54+00:00","mainEntityOfPage":{"@id":"https:\/\/www.suno.com.br\/noticias\/bndes-aprovado-receber-recursos\/"},"wordCount":349,"publisher":{"@id":"https:\/\/www.suno.com.br\/noticias\/#organization"},"image":{"@id":"https:\/\/www.suno.com.br\/noticias\/bndes-aprovado-receber-recursos\/#primaryimage"},"thumbnailUrl":"https:\/\/files.sunoresearch.com.br\/n\/uploads\/2019\/06\/0a4ff691-bndess-jpg.webp","keywords":["BNDES"],"articleSection":["Neg\u00f3cios"],"inLanguage":"pt-BR"},{"@type":"WebPage","@id":"https:\/\/www.suno.com.br\/noticias\/bndes-aprovado-receber-recursos\/","url":"https:\/\/www.suno.com.br\/noticias\/bndes-aprovado-receber-recursos\/","name":"BNDES \u00e9 aprovado pelo GCF e poder\u00e1 receber recursos do fundo","isPartOf":{"@id":"https:\/\/www.suno.com.br\/noticias\/#website"},"primaryImageOfPage":{"@id":"https:\/\/www.suno.com.br\/noticias\/bndes-aprovado-receber-recursos\/#primaryimage"},"image":{"@id":"https:\/\/www.suno.com.br\/noticias\/bndes-aprovado-receber-recursos\/#primaryimage"},"thumbnailUrl":"https:\/\/files.sunoresearch.com.br\/n\/uploads\/2019\/06\/0a4ff691-bndess-jpg.webp","datePublished":"2019-07-13T15:23:53+00:00","dateModified":"2019-07-13T15:27:54+00:00","description":"O BNDES foi integrado na categoria de risco socioambiental A, no setor de acesso direto, onde est\u00e3o 24 institui\u00e7\u00f5es. Clique e saiba mais.","breadcrumb":{"@id":"https:\/\/www.suno.com.br\/noticias\/bndes-aprovado-receber-recursos\/#breadcrumb"},"inLanguage":"pt-BR","potentialAction":[{"@type":"ReadAction","target":["https:\/\/www.suno.com.br\/noticias\/bndes-aprovado-receber-recursos\/"]}]},{"@type":"ImageObject","inLanguage":"pt-BR","@id":"https:\/\/www.suno.com.br\/noticias\/bndes-aprovado-receber-recursos\/#primaryimage","url":"https:\/\/files.sunoresearch.com.br\/n\/uploads\/2019\/06\/0a4ff691-bndess-jpg.webp","contentUrl":"https:\/\/files.sunoresearch.com.br\/n\/uploads\/2019\/06\/0a4ff691-bndess-jpg.webp","width":1170,"height":692,"caption":"Em meio \u00e0 pandemia do novo coronav\u00edrus (Covid-19), o BNDES fez mais uma venda de ativos de sua carteira de investimentos."},{"@type":"BreadcrumbList","@id":"https:\/\/www.suno.com.br\/noticias\/bndes-aprovado-receber-recursos\/#breadcrumb","itemListElement":[{"@type":"ListItem","position":1,"name":"Not\u00edcias","item":"https:\/\/www.suno.com.br\/noticias\/"},{"@type":"ListItem","position":2,"name":"Neg\u00f3cios","item":"https:\/\/www.suno.com.br\/noticias\/negocios\/"},{"@type":"ListItem","position":3,"name":"BNDES \u00e9 aprovado pelo GCF e poder\u00e1 receber recursos do fundo"}]},{"@type":"WebSite","@id":"https:\/\/www.suno.com.br\/noticias\/#website","url":"https:\/\/www.suno.com.br\/noticias\/","name":"Suno Not\u00edcias","description":"Seu portal de informa\u00e7\u00e3o sobre o mundo dos investimentos","publisher":{"@id":"https:\/\/www.suno.com.br\/noticias\/#organization"},"potentialAction":[{"@type":"SearchAction","target":{"@type":"EntryPoint","urlTemplate":"https:\/\/www.suno.com.br\/noticias\/?s={search_term_string}"},"query-input":{"@type":"PropertyValueSpecification","valueRequired":true,"valueName":"search_term_string"}}],"inLanguage":"pt-BR"},{"@type":"Organization","@id":"https:\/\/www.suno.com.br\/noticias\/#organization","name":"Suno Not\u00edcias","url":"https:\/\/www.suno.com.br\/noticias\/","logo":{"@type":"ImageObject","inLanguage":"pt-BR","@id":"https:\/\/www.suno.com.br\/noticias\/#\/schema\/logo\/image\/","url":"https:\/\/files.sunoresearch.com.br\/n\/uploads\/2021\/09\/suno-logo.png","contentUrl":"https:\/\/files.sunoresearch.com.br\/n\/uploads\/2021\/09\/suno-logo.png","width":180,"height":180,"caption":"Suno Not\u00edcias"},"image":{"@id":"https:\/\/www.suno.com.br\/noticias\/#\/schema\/logo\/image\/"},"sameAs":["https:\/\/facebook.com\/sunoresearch","https:\/\/x.com\/sunoresearch","https:\/\/www.instagram.com\/suno","https:\/\/www.linkedin.com\/company\/suno-research\/","https:\/\/www.youtube.com\/c\/sunoresearch"]},{"@type":"Person","@id":"https:\/\/www.suno.com.br\/noticias\/#\/schema\/person\/fc144a1c6108bd1dcd43784e88a3c138","name":"Renan Bandeira","image":{"@type":"ImageObject","inLanguage":"pt-BR","@id":"https:\/\/www.suno.com.br\/noticias\/#\/schema\/person\/image\/","url":"https:\/\/secure.gravatar.com\/avatar\/68359cdb608f14f11bbefcb78f3fc747?s=96&r=g","contentUrl":"https:\/\/secure.gravatar.com\/avatar\/68359cdb608f14f11bbefcb78f3fc747?s=96&r=g","caption":"Renan Bandeira"},"description":"Renan Bandeira escreve sobre pol\u00edtica e economia para o portal da Suno Research. Antes da Suno, trabalhou em uma rede de televis\u00e3o, onde fazia reportagens sobre os mesmos temas. Estuda na Universidade Metodista de S\u00e3o Paulo.","url":"https:\/\/www.suno.com.br\/noticias\/author\/renan-bandeira\/"}]}},"default_loop_html":"<div class=\"cardsPage__listCard__boxs\"><div class=\"cardsPage__listCard__boxs__img\"><a href=\"https:\/\/www.suno.com.br\/noticias\/bndes-aprovado-receber-recursos\/\"><img class=\"mask\" src=\"https:\/\/www.suno.com.br\/noticias\/wp-content\/themes\/suno\/resources\/images\/spotlight\/spotlight1img\/bg-mask.png\" alt=\"Image Mask\"\/><img src=\"https:\/\/files.sunoresearch.com.br\/n\/uploads\/2019\/06\/0a4ff691-bndess-400x200.webp\" alt=\"BNDES \u00e9 aprovado pelo GCF e poder\u00e1 receber recursos do fundo\"\/><\/a><span class=\"spotlightCategory\"><a href=\"https:\/\/www.suno.com.br\/noticias\/negocios\/\">Neg\u00f3cios<\/a><\/span><\/div><div class=\"cardsPage__listCard__boxs__content\"><a href=\"https:\/\/www.suno.com.br\/noticias\/bndes-aprovado-receber-recursos\/\"><h2 class=\"content__title\">BNDES \u00e9 aprovado pelo GCF e poder\u00e1 receber recursos do fundo<\/h2><\/a><div class=\"newsContent__article__meta\"><div class=\"newsContent__article__meta__authorBox\"><a href=\"https:\/\/www.suno.com.br\/noticias\/author\/renan-bandeira\/\" class=\"authorBox__avatar noMobi\"><img src=\"https:\/\/secure.gravatar.com\/avatar\/68359cdb608f14f11bbefcb78f3fc747?s=96&#038;r=g\" alt=\"Renan Bandeira\"><\/a><div class=\"authorBox__name\"><span>por\n\t\t\t<a href=\"https:\/\/www.suno.com.br\/noticias\/author\/renan-bandeira\/\"><span itemprop=\"author\">Renan Bandeira<\/span><\/a><\/span><time datetime=\"2019-07-13T12:23:53-03:00\" itemprop=\"datePublished\">13\/07\/2019 12:23<\/time><\/div><\/div><\/div><\/div><\/div>","single_layout":"posts","amp_enabled":true,"_links":{"self":[{"href":"https:\/\/www.suno.com.br\/noticias\/wp-json\/wp\/v2\/posts\/30941"}],"collection":[{"href":"https:\/\/www.suno.com.br\/noticias\/wp-json\/wp\/v2\/posts"}],"about":[{"href":"https:\/\/www.suno.com.br\/noticias\/wp-json\/wp\/v2\/types\/post"}],"author":[{"embeddable":true,"href":"https:\/\/www.suno.com.br\/noticias\/wp-json\/wp\/v2\/users\/11"}],"replies":[{"embeddable":true,"href":"https:\/\/www.suno.com.br\/noticias\/wp-json\/wp\/v2\/comments?post=30941"}],"version-history":[{"count":0,"href":"https:\/\/www.suno.com.br\/noticias\/wp-json\/wp\/v2\/posts\/30941\/revisions"}],"wp:featuredmedia":[{"embeddable":true,"href":"https:\/\/www.suno.com.br\/noticias\/wp-json\/wp\/v2\/media\/28821"}],"wp:attachment":[{"href":"https:\/\/www.suno.com.br\/noticias\/wp-json\/wp\/v2\/media?parent=30941"}],"wp:term":[{"taxonomy":"category","embeddable":true,"href":"https:\/\/www.suno.com.br\/noticias\/wp-json\/wp\/v2\/categories?post=30941"},{"taxonomy":"post_tag","embeddable":true,"href":"https:\/\/www.suno.com.br\/noticias\/wp-json\/wp\/v2\/tags?post=30941"},{"taxonomy":"suno_strategy","embeddable":true,"href":"https:\/\/www.suno.com.br\/noticias\/wp-json\/wp\/v2\/suno_strategy?post=30941"}],"curies":[{"name":"wp","href":"https:\/\/api.w.org\/{rel}","templated":true}]}}